{"id":10152,"date":"2014-09-16T21:54:40","date_gmt":"2014-09-16T20:54:40","guid":{"rendered":"http:\/\/www.traba.org\/trabablog\/?p=10152"},"modified":"2014-09-16T22:07:09","modified_gmt":"2014-09-16T21:07:09","slug":"hem-de-sincronitzar-cameres","status":"publish","type":"post","link":"http:\/\/traba.org\/trabablog\/?p=10152","title":{"rendered":"hem de sincronitzar c\u00e0meres"},"content":{"rendered":"<p>avui, los sinni\u00f1ospeque\u00f1os han anat pel nord a cala\u2019n tortuga.<\/p>\n<p><img loading=\"lazy\" decoding=\"async\" src=\"http:\/\/www.traba.org\/trabablog\/wp-content\/uploads\/2014\/09\/IMG_6629.jpg\" alt=\"IMG_6629\" width=\"800\" height=\"600\" \/><\/p>\n<p>i les fotos de peixets de cada dia.<\/p>\n<p><img loading=\"lazy\" decoding=\"async\" src=\"http:\/\/www.traba.org\/trabablog\/wp-content\/uploads\/2014\/09\/IMG_6640.jpg\" alt=\"IMG_6640\" width=\"800\" height=\"600\" \/><\/p>\n<p>eri\u00e7ons.<\/p>\n<p><img loading=\"lazy\" decoding=\"async\" src=\"http:\/\/www.traba.org\/trabablog\/wp-content\/uploads\/2014\/09\/IMG_6656.jpg\" alt=\"IMG_6656\" width=\"800\" height=\"600\" \/><\/p>\n<p>medusa!<\/p>\n<p><img loading=\"lazy\" decoding=\"async\" src=\"http:\/\/www.traba.org\/trabablog\/wp-content\/uploads\/2014\/09\/IMG_6673.jpg\" alt=\"IMG_6673\" width=\"800\" height=\"600\" \/><\/p>\n<p>i el nen gran ha anat a passejar fins a fav\u00e0ritx.<\/p>\n<p><img loading=\"lazy\" decoding=\"async\" src=\"http:\/\/www.traba.org\/trabablog\/wp-content\/uploads\/2014\/09\/IMG_6674.jpg\" alt=\"IMG_6674\" width=\"800\" height=\"599\" \/> <img loading=\"lazy\" decoding=\"async\" src=\"http:\/\/www.traba.org\/trabablog\/wp-content\/uploads\/2014\/09\/IMG_6677.jpg\" alt=\"IMG_6677\" width=\"800\" height=\"1066\" \/><\/p>\n<p>i ha esperat a que pass\u00e9s un vaixell per fer la foto.<\/p>\n<p><img loading=\"lazy\" decoding=\"async\" src=\"http:\/\/www.traba.org\/trabablog\/wp-content\/uploads\/2014\/09\/IMG_6702.jpg\" alt=\"IMG_6702\" width=\"800\" height=\"600\" \/> <img loading=\"lazy\" decoding=\"async\" src=\"http:\/\/www.traba.org\/trabablog\/wp-content\/uploads\/2014\/09\/IMG_6712.jpg\" alt=\"IMG_6712\" width=\"800\" height=\"599\" \/><\/p>\n<p>el far.<\/p>\n<p><img loading=\"lazy\" decoding=\"async\" src=\"http:\/\/www.traba.org\/trabablog\/wp-content\/uploads\/2014\/09\/IMG_6716.jpg\" alt=\"IMG_6716\" width=\"800\" height=\"600\" \/><\/p>\n<p>els mont\u00edculos que es veu que est\u00e0 de moda fer a menorca i que erosionen el paisatge.<\/p>\n<p><img loading=\"lazy\" decoding=\"async\" src=\"http:\/\/www.traba.org\/trabablog\/wp-content\/uploads\/2014\/09\/IMG_6734.jpg\" alt=\"IMG_6734\" width=\"800\" height=\"600\" \/><\/p>\n<p>i per la tarde, paddle surf.<\/p>\n<p><img loading=\"lazy\" decoding=\"async\" src=\"http:\/\/www.traba.org\/trabablog\/wp-content\/uploads\/2014\/09\/IMG_6737.jpg\" alt=\"IMG_6737\" width=\"800\" height=\"600\" \/><\/p>\n<p>i nosaltres hem anat a peu fins a cala\u2019n vidrier.<\/p>\n<p><img loading=\"lazy\" decoding=\"async\" src=\"http:\/\/www.traba.org\/trabablog\/wp-content\/uploads\/2014\/09\/IMG_5659.jpg\" alt=\"IMG_5659\" width=\"800\" height=\"533\" \/> <img loading=\"lazy\" decoding=\"async\" src=\"http:\/\/www.traba.org\/trabablog\/wp-content\/uploads\/2014\/09\/IMG_5660.jpg\" alt=\"IMG_5660\" width=\"800\" height=\"533\" \/> <img loading=\"lazy\" decoding=\"async\" src=\"http:\/\/www.traba.org\/trabablog\/wp-content\/uploads\/2014\/09\/IMG_6750.jpg\" alt=\"IMG_6750\" width=\"800\" height=\"600\" \/><\/p>\n<p><img loading=\"lazy\" decoding=\"async\" src=\"http:\/\/www.traba.org\/trabablog\/wp-content\/uploads\/2014\/09\/IMG_5674.jpg\" alt=\"IMG_5674\" width=\"800\" height=\"533\" \/> <img loading=\"lazy\" decoding=\"async\" src=\"http:\/\/www.traba.org\/trabablog\/wp-content\/uploads\/2014\/09\/IMG_5676.jpg\" alt=\"IMG_5676\" width=\"800\" height=\"533\" \/><\/p>\n<p>foto de grup.<\/p>\n<p><img loading=\"lazy\" decoding=\"async\" src=\"http:\/\/www.traba.org\/trabablog\/wp-content\/uploads\/2014\/09\/IMG_6752.jpg\" alt=\"IMG_6752\" width=\"800\" height=\"600\" \/> <img loading=\"lazy\" decoding=\"async\" src=\"http:\/\/www.traba.org\/trabablog\/wp-content\/uploads\/2014\/09\/IMG_5689.jpg\" alt=\"IMG_5689\" width=\"800\" height=\"533\" \/> <img loading=\"lazy\" decoding=\"async\" src=\"http:\/\/www.traba.org\/trabablog\/wp-content\/uploads\/2014\/09\/IMG_5694.jpg\" alt=\"IMG_5694\" width=\"800\" height=\"533\" \/> <img loading=\"lazy\" decoding=\"async\" src=\"http:\/\/www.traba.org\/trabablog\/wp-content\/uploads\/2014\/09\/IMG_5697.jpg\" alt=\"IMG_5697\" width=\"800\" height=\"533\" \/> <img loading=\"lazy\" decoding=\"async\" src=\"http:\/\/www.traba.org\/trabablog\/wp-content\/uploads\/2014\/09\/IMG_5703.jpg\" alt=\"IMG_5703\" width=\"800\" height=\"533\" \/> <img loading=\"lazy\" decoding=\"async\" src=\"http:\/\/www.traba.org\/trabablog\/wp-content\/uploads\/2014\/09\/IMG_6754.jpg\" alt=\"IMG_6754\" width=\"800\" height=\"600\" \/><\/p>\n<p>preparados, listos, ya!<\/p>\n<p><img loading=\"lazy\" decoding=\"async\" src=\"http:\/\/www.traba.org\/trabablog\/wp-content\/uploads\/2014\/09\/IMG_5707.jpg\" alt=\"IMG_5707\" width=\"800\" height=\"533\" \/> <img loading=\"lazy\" decoding=\"async\" src=\"http:\/\/www.traba.org\/trabablog\/wp-content\/uploads\/2014\/09\/IMG_5712.jpg\" alt=\"IMG_5712\" width=\"800\" height=\"533\" \/> <img loading=\"lazy\" decoding=\"async\" src=\"http:\/\/www.traba.org\/trabablog\/wp-content\/uploads\/2014\/09\/IMG_5717.jpg\" alt=\"IMG_5717\" width=\"800\" height=\"533\" \/> <img loading=\"lazy\" decoding=\"async\" src=\"http:\/\/www.traba.org\/trabablog\/wp-content\/uploads\/2014\/09\/IMG_5722.jpg\" alt=\"IMG_5722\" width=\"800\" height=\"533\" \/> <img loading=\"lazy\" decoding=\"async\" src=\"http:\/\/www.traba.org\/trabablog\/wp-content\/uploads\/2014\/09\/IMG_5723.jpg\" alt=\"IMG_5723\" width=\"800\" height=\"533\" \/> <img loading=\"lazy\" decoding=\"async\" src=\"http:\/\/www.traba.org\/trabablog\/wp-content\/uploads\/2014\/09\/IMG_5725.jpg\" alt=\"IMG_5725\" width=\"800\" height=\"533\" \/><\/p>\n","protected":false},"excerpt":{"rendered":"<p>avui, los sinni\u00f1ospeque\u00f1os han anat pel nord a cala\u2019n tortuga. i les fotos de peixets de cada dia. eri\u00e7ons. medusa! i el nen gran ha anat a passejar fins a&#8230;<\/p>\n","protected":false},"author":5,"featured_media":10141,"comment_status":"open","ping_status":"closed","sticky":false,"template":"","format":"standard","meta":{"_monsterinsights_skip_tracking":false,"_monsterinsights_sitenote_active":false,"_monsterinsights_sitenote_note":"","_monsterinsights_sitenote_category":0,"footnotes":""},"categories":[107],"tags":[53,100,45,39,42],"class_list":["post-10152","post","type-post","status-publish","format-standard","has-post-thumbnail","hentry","category-menorca-2014","tag-animals","tag-lola","tag-menjar","tag-menorca","tag-platja"],"_links":{"self":[{"href":"http:\/\/traba.org\/trabablog\/index.php?rest_route=\/wp\/v2\/posts\/10152","targetHints":{"allow":["GET"]}}],"collection":[{"href":"http:\/\/traba.org\/trabablog\/index.php?rest_route=\/wp\/v2\/posts"}],"about":[{"href":"http:\/\/traba.org\/trabablog\/index.php?rest_route=\/wp\/v2\/types\/post"}],"author":[{"embeddable":true,"href":"http:\/\/traba.org\/trabablog\/index.php?rest_route=\/wp\/v2\/users\/5"}],"replies":[{"embeddable":true,"href":"http:\/\/traba.org\/trabablog\/index.php?rest_route=%2Fwp%2Fv2%2Fcomments&post=10152"}],"version-history":[{"count":2,"href":"http:\/\/traba.org\/trabablog\/index.php?rest_route=\/wp\/v2\/posts\/10152\/revisions"}],"predecessor-version":[{"id":10154,"href":"http:\/\/traba.org\/trabablog\/index.php?rest_route=\/wp\/v2\/posts\/10152\/revisions\/10154"}],"wp:featuredmedia":[{"embeddable":true,"href":"http:\/\/traba.org\/trabablog\/index.php?rest_route=\/wp\/v2\/media\/10141"}],"wp:attachment":[{"href":"http:\/\/traba.org\/trabablog\/index.php?rest_route=%2Fwp%2Fv2%2Fmedia&parent=10152"}],"wp:term":[{"taxonomy":"category","embeddable":true,"href":"http:\/\/traba.org\/trabablog\/index.php?rest_route=%2Fwp%2Fv2%2Fcategories&post=10152"},{"taxonomy":"post_tag","embeddable":true,"href":"http:\/\/traba.org\/trabablog\/index.php?rest_route=%2Fwp%2Fv2%2Ftags&post=10152"}],"curies":[{"name":"wp","href":"https:\/\/api.w.org\/{rel}","templated":true}]}}