{"id":10325,"date":"2015-01-11T11:11:22","date_gmt":"2015-01-11T10:11:22","guid":{"rendered":"http:\/\/www.traba.org\/trabablog\/?p=10325"},"modified":"2015-01-11T11:16:24","modified_gmt":"2015-01-11T10:16:24","slug":"nadal-2014","status":"publish","type":"post","link":"http:\/\/traba.org\/trabablog\/?p=10325","title":{"rendered":"Nadal 2014"},"content":{"rendered":"<p>vam estar pensant i vam decidir adoptar la tradici\u00f3 de fer el ti\u00f3. el vam estar alimentant de les sobres dels menjars que la lola no s\u2019acabava. i el dia de nadal, despr\u00e9s de la migdiada de la lola (per aix\u00f2 va en pijama), vam fer cagar el ti\u00f3.<\/p>\n<p><img loading=\"lazy\" decoding=\"async\" src=\"http:\/\/www.traba.org\/trabablog\/wp-content\/uploads\/2015\/01\/DSCF3651.jpg\" alt=\"DSCF3651\" width=\"800\" height=\"531\" \/><\/p>\n<p>encara una mica adormida.<\/p>\n<p><img loading=\"lazy\" decoding=\"async\" src=\"http:\/\/www.traba.org\/trabablog\/wp-content\/uploads\/2015\/01\/DSCF3653.jpg\" alt=\"DSCF3653\" width=\"800\" height=\"531\" \/><\/p>\n<p>pero la curiosidad \u2018despert\u00f3\u2019 al gato \ud83d\ude42<\/p>\n<p><img loading=\"lazy\" decoding=\"async\" src=\"http:\/\/www.traba.org\/trabablog\/wp-content\/uploads\/2015\/01\/DSCF3654.jpg\" alt=\"DSCF3654\" width=\"800\" height=\"530\" \/><\/p>\n<p>qu\u00e8 haur\u00e0 cagat el ti\u00f3?<\/p>\n<p><img loading=\"lazy\" decoding=\"async\" src=\"http:\/\/www.traba.org\/trabablog\/wp-content\/uploads\/2015\/01\/DSCF3655.jpg\" alt=\"DSCF3655\" width=\"800\" height=\"1316\" \/> <img loading=\"lazy\" decoding=\"async\" src=\"http:\/\/www.traba.org\/trabablog\/wp-content\/uploads\/2015\/01\/DSCF3658.jpg\" alt=\"DSCF3658\" width=\"800\" height=\"531\" \/><\/p>\n<p>el primer regal.<\/p>\n<p><img loading=\"lazy\" decoding=\"async\" src=\"http:\/\/www.traba.org\/trabablog\/wp-content\/uploads\/2015\/01\/DSCF3661.jpg\" alt=\"DSCF3661\" width=\"800\" height=\"531\" \/><\/p>\n<p>aviat va tenir nom: pimpam. i el seu lloc \u00e9s el llit de la lola, de dia i de nit. no es mou d\u2019all\u00e0.<\/p>\n<p><img loading=\"lazy\" decoding=\"async\" src=\"http:\/\/www.traba.org\/trabablog\/wp-content\/uploads\/2015\/01\/DSCF3662.jpg\" alt=\"DSCF3662\" width=\"800\" height=\"531\" \/> <img loading=\"lazy\" decoding=\"async\" src=\"http:\/\/www.traba.org\/trabablog\/wp-content\/uploads\/2015\/01\/DSCF3668.jpg\" alt=\"DSCF3668\" width=\"800\" height=\"531\" \/><\/p>\n<p>el segon regal del ti\u00f3, el tren que fa chu-chu i que t\u00e9 un conductor que li agrada dormir a la cuna (cabina del conductor).<\/p>\n<p><img loading=\"lazy\" decoding=\"async\" src=\"http:\/\/www.traba.org\/trabablog\/wp-content\/uploads\/2015\/01\/DSCF3670.jpg\" alt=\"DSCF3670\" width=\"800\" height=\"531\" \/> <img loading=\"lazy\" decoding=\"async\" src=\"http:\/\/www.traba.org\/trabablog\/wp-content\/uploads\/2015\/01\/DSCF3675.jpg\" alt=\"DSCF3675\" width=\"800\" height=\"531\" \/> <img loading=\"lazy\" decoding=\"async\" src=\"http:\/\/www.traba.org\/trabablog\/wp-content\/uploads\/2015\/01\/DSCF3677.jpg\" alt=\"DSCF3677\" width=\"800\" height=\"1204\" \/> <img loading=\"lazy\" decoding=\"async\" src=\"http:\/\/www.traba.org\/trabablog\/wp-content\/uploads\/2015\/01\/DSCF3684.jpg\" alt=\"DSCF3684\" width=\"800\" height=\"531\" \/><\/p>\n<p>m\u00e9s regals del ti\u00f3: un gorro i uns guants per l\u2019hivern, que fa fred.<\/p>\n<p><img loading=\"lazy\" decoding=\"async\" src=\"http:\/\/www.traba.org\/trabablog\/wp-content\/uploads\/2015\/01\/DSCF3698.jpg\" alt=\"DSCF3698\" width=\"800\" height=\"531\" \/><\/p>\n<p>i una motxilla per anar a cole i al zoo, no ens oblidem! on posar\u00edem el carnet sin\u00f3?<\/p>\n<p><img loading=\"lazy\" decoding=\"async\" src=\"http:\/\/www.traba.org\/trabablog\/wp-content\/uploads\/2015\/01\/DSCF3715.jpg\" alt=\"DSCF3715\" width=\"800\" height=\"531\" \/> <img loading=\"lazy\" decoding=\"async\" src=\"http:\/\/www.traba.org\/trabablog\/wp-content\/uploads\/2015\/01\/DSCF3718.jpg\" alt=\"DSCF3718\" width=\"800\" height=\"1205\" \/> <img loading=\"lazy\" decoding=\"async\" src=\"http:\/\/www.traba.org\/trabablog\/wp-content\/uploads\/2015\/01\/DSCF3723.jpg\" alt=\"DSCF3723\" width=\"800\" height=\"531\" \/><\/p>\n<p>les enganxines de cotxes i autobusos.<\/p>\n<p><img loading=\"lazy\" decoding=\"async\" src=\"http:\/\/www.traba.org\/trabablog\/wp-content\/uploads\/2015\/01\/DSCF3756.jpg\" alt=\"DSCF3756\" width=\"800\" height=\"531\" \/> <img loading=\"lazy\" decoding=\"async\" src=\"http:\/\/www.traba.org\/trabablog\/wp-content\/uploads\/2015\/01\/DSCF3760.jpg\" alt=\"DSCF3760\" width=\"800\" height=\"531\" \/><\/p>\n<p>i abans d\u2019acabar d\u2019obrir tots els regals, ja ens vam cansar. aix\u00ed que vam tornar a la sobretaula, a pels torrons, neules, caf\u00e8 i cava.<\/p>\n<p><img loading=\"lazy\" decoding=\"async\" src=\"http:\/\/www.traba.org\/trabablog\/wp-content\/uploads\/2015\/01\/DSCF3780.jpg\" alt=\"DSCF3780\" width=\"800\" height=\"531\" \/> <img loading=\"lazy\" decoding=\"async\" src=\"http:\/\/www.traba.org\/trabablog\/wp-content\/uploads\/2015\/01\/DSCF3790.jpg\" alt=\"DSCF3790\" width=\"800\" height=\"531\" \/> <img loading=\"lazy\" decoding=\"async\" src=\"http:\/\/www.traba.org\/trabablog\/wp-content\/uploads\/2015\/01\/DSCF3798.jpg\" alt=\"DSCF3798\" width=\"800\" height=\"531\" \/> <img loading=\"lazy\" decoding=\"async\" src=\"http:\/\/www.traba.org\/trabablog\/wp-content\/uploads\/2015\/01\/DSCF3825.jpg\" alt=\"DSCF3825\" width=\"800\" height=\"531\" \/> <img loading=\"lazy\" decoding=\"async\" src=\"http:\/\/www.traba.org\/trabablog\/wp-content\/uploads\/2015\/01\/DSCF3833.jpg\" alt=\"DSCF3833\" width=\"800\" height=\"531\" \/> <img loading=\"lazy\" decoding=\"async\" src=\"http:\/\/www.traba.org\/trabablog\/wp-content\/uploads\/2015\/01\/DSCF3849.jpg\" alt=\"DSCF3849\" width=\"800\" height=\"531\" \/> <img loading=\"lazy\" decoding=\"async\" src=\"http:\/\/www.traba.org\/trabablog\/wp-content\/uploads\/2015\/01\/DSCF3868.jpg\" alt=\"DSCF3868\" width=\"800\" height=\"531\" \/> <img loading=\"lazy\" decoding=\"async\" src=\"http:\/\/www.traba.org\/trabablog\/wp-content\/uploads\/2015\/01\/DSCF3869.jpg\" alt=\"DSCF3869\" width=\"800\" height=\"531\" \/> <img loading=\"lazy\" decoding=\"async\" src=\"http:\/\/www.traba.org\/trabablog\/wp-content\/uploads\/2015\/01\/DSCF3872.jpg\" alt=\"DSCF3872\" width=\"800\" height=\"530\" \/><\/p>\n<p><img loading=\"lazy\" decoding=\"async\" src=\"http:\/\/www.traba.org\/trabablog\/wp-content\/uploads\/2015\/01\/DSCF3879.jpg\" alt=\"DSCF3879\" width=\"800\" height=\"531\" \/><\/p>\n<p>ja nom\u00e9s quedava un regal.<\/p>\n<p><img loading=\"lazy\" decoding=\"async\" src=\"http:\/\/www.traba.org\/trabablog\/wp-content\/uploads\/2015\/01\/DSCF3883.jpg\" alt=\"DSCF3883\" width=\"800\" height=\"531\" \/><\/p>\n<p>la closca \ud83d\ude42<\/p>\n<p><img loading=\"lazy\" decoding=\"async\" src=\"http:\/\/www.traba.org\/trabablog\/wp-content\/uploads\/2015\/01\/DSCF3888.jpg\" alt=\"DSCF3888\" width=\"800\" height=\"531\" \/><\/p>\n<p>per fer voltes.<\/p>\n<p><img loading=\"lazy\" decoding=\"async\" src=\"http:\/\/www.traba.org\/trabablog\/wp-content\/uploads\/2015\/01\/DSCF3933.jpg\" alt=\"DSCF3933\" width=\"800\" height=\"531\" \/> <img loading=\"lazy\" decoding=\"async\" src=\"http:\/\/www.traba.org\/trabablog\/wp-content\/uploads\/2015\/01\/DSCF3949.jpg\" alt=\"DSCF3949\" width=\"800\" height=\"1204\" \/><\/p>\n<p>i a estrenar els regals del ti\u00f3 anant al zoo.<\/p>\n<p><img loading=\"lazy\" decoding=\"async\" src=\"http:\/\/www.traba.org\/trabablog\/wp-content\/uploads\/2015\/01\/DSCF3979.jpg\" alt=\"DSCF3979\" width=\"800\" height=\"531\" \/> <img loading=\"lazy\" decoding=\"async\" src=\"http:\/\/www.traba.org\/trabablog\/wp-content\/uploads\/2015\/01\/DSCF3980.jpg\" alt=\"DSCF3980\" width=\"800\" height=\"531\" \/> <img loading=\"lazy\" decoding=\"async\" src=\"http:\/\/www.traba.org\/trabablog\/wp-content\/uploads\/2015\/01\/IMG_5822.jpg\" alt=\"IMG_5822\" width=\"800\" height=\"1066\" \/><\/p>\n<p>ah, i la lola ja \u00e9s gran! el primer dia que va dormir en el llit, ja va dormir sense xupe! el xupe l\u2019hem guardat pel bruno, que ser\u00e0 petit quan neixi.<\/p>\n<p><img loading=\"lazy\" decoding=\"async\" src=\"http:\/\/www.traba.org\/trabablog\/wp-content\/uploads\/2015\/01\/IMG_20141229_195154.jpg\" alt=\"IMG_20141229_195154\" width=\"800\" height=\"1066\" \/><\/p>\n<p>escoltant m\u00fasica.<\/p>\n<p><img loading=\"lazy\" decoding=\"async\" src=\"http:\/\/www.traba.org\/trabablog\/wp-content\/uploads\/2015\/01\/IMG_5834.jpg\" alt=\"IMG_5834\" width=\"800\" height=\"1066\" \/><\/p>\n<p>esperant a l\u2019eul\u00e0lia que torni!<\/p>\n<p><img loading=\"lazy\" decoding=\"async\" src=\"http:\/\/www.traba.org\/trabablog\/wp-content\/uploads\/2015\/01\/IMG_20150101_102948.jpg\" alt=\"IMG_20150101_102948\" width=\"800\" height=\"1066\" \/><\/p>\n<p>lassanya\u2026 mmmm \ud83d\ude42<\/p>\n<p><img loading=\"lazy\" decoding=\"async\" src=\"http:\/\/www.traba.org\/trabablog\/wp-content\/uploads\/2015\/01\/IMG_5843.jpg\" alt=\"IMG_5843\" width=\"800\" height=\"1066\" \/><\/p>\n<p>abans del forn.<\/p>\n<p><img loading=\"lazy\" decoding=\"async\" src=\"http:\/\/www.traba.org\/trabablog\/wp-content\/uploads\/2015\/01\/IMG_20150101_113811.jpg\" alt=\"IMG_20150101_113811\" width=\"800\" height=\"1066\" \/><\/p>\n<p>a punt de menjar.<\/p>\n<p><img loading=\"lazy\" decoding=\"async\" src=\"http:\/\/www.traba.org\/trabablog\/wp-content\/uploads\/2015\/01\/IMG_20150101_142100.jpg\" alt=\"IMG_20150101_142100\" width=\"800\" height=\"600\" \/><\/p>\n<p>mirant l\u2019ipad.<\/p>\n<p><img loading=\"lazy\" decoding=\"async\" src=\"http:\/\/www.traba.org\/trabablog\/wp-content\/uploads\/2015\/01\/IMG_5844.jpg\" alt=\"IMG_5844\" width=\"800\" height=\"1066\" \/><\/p>\n<p>els reins!<\/p>\n<p><img loading=\"lazy\" decoding=\"async\" src=\"http:\/\/www.traba.org\/trabablog\/wp-content\/uploads\/2015\/01\/IMG_5857.jpg\" alt=\"IMG_5857\" width=\"800\" height=\"1066\" \/><\/p>\n<p>el favorito de la lola, el rei blanc; el de la mama, el ros; i el del papa, el negre.<\/p>\n<p><img loading=\"lazy\" decoding=\"async\" src=\"http:\/\/www.traba.org\/trabablog\/wp-content\/uploads\/2015\/01\/IMG_5861.jpg\" alt=\"IMG_5861\" width=\"800\" height=\"1066\" \/> <img loading=\"lazy\" decoding=\"async\" src=\"http:\/\/www.traba.org\/trabablog\/wp-content\/uploads\/2015\/01\/IMG_5863.jpg\" alt=\"IMG_5863\" width=\"800\" height=\"1066\" \/> <img loading=\"lazy\" decoding=\"async\" src=\"http:\/\/www.traba.org\/trabablog\/wp-content\/uploads\/2015\/01\/IMG_5871.jpg\" alt=\"IMG_5871\" width=\"800\" height=\"600\" \/> <img loading=\"lazy\" decoding=\"async\" src=\"http:\/\/www.traba.org\/trabablog\/wp-content\/uploads\/2015\/01\/IMG_5881.jpg\" alt=\"IMG_5881\" width=\"800\" height=\"1066\" \/><\/p>\n<p>i el dia de reis a casa del xavi i la rosa, jugant amb l\u2019iman.<\/p>\n<p><img loading=\"lazy\" decoding=\"async\" src=\"http:\/\/www.traba.org\/trabablog\/wp-content\/uploads\/2015\/01\/IMG_20150106_200646.jpg\" alt=\"IMG_20150106_200646\" width=\"800\" height=\"1066\" \/><\/p>\n","protected":false},"excerpt":{"rendered":"<p>vam estar pensant i vam decidir adoptar la tradici\u00f3 de fer el ti\u00f3. el vam estar alimentant de les sobres dels menjars que la lola no s\u2019acabava. i el dia&#8230;<\/p>\n","protected":false},"author":5,"featured_media":10306,"comment_status":"open","ping_status":"closed","sticky":false,"template":"","format":"standard","meta":{"_monsterinsights_skip_tracking":false,"_monsterinsights_sitenote_active":false,"_monsterinsights_sitenote_note":"","_monsterinsights_sitenote_category":0,"footnotes":""},"categories":[9,28],"tags":[62,114,104,78,100,45],"class_list":["post-10325","post","type-post","status-publish","format-standard","has-post-thumbnail","hentry","category-celebracions-varies","category-ordinary-days","tag-barcelona","tag-bruno","tag-firsts","tag-hivern","tag-lola","tag-menjar"],"_links":{"self":[{"href":"http:\/\/traba.org\/trabablog\/index.php?rest_route=\/wp\/v2\/posts\/10325","targetHints":{"allow":["GET"]}}],"collection":[{"href":"http:\/\/traba.org\/trabablog\/index.php?rest_route=\/wp\/v2\/posts"}],"about":[{"href":"http:\/\/traba.org\/trabablog\/index.php?rest_route=\/wp\/v2\/types\/post"}],"author":[{"embeddable":true,"href":"http:\/\/traba.org\/trabablog\/index.php?rest_route=\/wp\/v2\/users\/5"}],"replies":[{"embeddable":true,"href":"http:\/\/traba.org\/trabablog\/index.php?rest_route=%2Fwp%2Fv2%2Fcomments&post=10325"}],"version-history":[{"count":2,"href":"http:\/\/traba.org\/trabablog\/index.php?rest_route=\/wp\/v2\/posts\/10325\/revisions"}],"predecessor-version":[{"id":10328,"href":"http:\/\/traba.org\/trabablog\/index.php?rest_route=\/wp\/v2\/posts\/10325\/revisions\/10328"}],"wp:featuredmedia":[{"embeddable":true,"href":"http:\/\/traba.org\/trabablog\/index.php?rest_route=\/wp\/v2\/media\/10306"}],"wp:attachment":[{"href":"http:\/\/traba.org\/trabablog\/index.php?rest_route=%2Fwp%2Fv2%2Fmedia&parent=10325"}],"wp:term":[{"taxonomy":"category","embeddable":true,"href":"http:\/\/traba.org\/trabablog\/index.php?rest_route=%2Fwp%2Fv2%2Fcategories&post=10325"},{"taxonomy":"post_tag","embeddable":true,"href":"http:\/\/traba.org\/trabablog\/index.php?rest_route=%2Fwp%2Fv2%2Ftags&post=10325"}],"curies":[{"name":"wp","href":"https:\/\/api.w.org\/{rel}","templated":true}]}}