{"id":10552,"date":"2015-03-17T23:04:33","date_gmt":"2015-03-17T22:04:33","guid":{"rendered":"http:\/\/www.traba.org\/trabablog\/?p=10552"},"modified":"2015-03-17T23:05:42","modified_gmt":"2015-03-17T22:05:42","slug":"comenca-el-compte-enrere-5-4","status":"publish","type":"post","link":"http:\/\/traba.org\/trabablog\/?p=10552","title":{"rendered":"comen\u00e7a el compte enrere&#8230; 5&#8230; 4&#8230;"},"content":{"rendered":"<p>el bruno ja comen\u00e7a a riure.<\/p>\n<p><img loading=\"lazy\" decoding=\"async\" src=\"http:\/\/www.traba.org\/trabablog\/wp-content\/uploads\/2015\/03\/IMG_6255.jpg\" alt=\"IMG_6255\" width=\"800\" height=\"800\" \/><\/p>\n<p>al parc de davant del pis nou, que t\u00e9 pinta que ens hi estarem moltes hores.<\/p>\n<p><img loading=\"lazy\" decoding=\"async\" src=\"http:\/\/www.traba.org\/trabablog\/wp-content\/uploads\/2015\/03\/IMG_6241.jpg\" alt=\"IMG_6241\" width=\"800\" height=\"800\" \/><\/p>\n<p>ens varen venir a visitar la fam\u00edlia medina-pitarch.<\/p>\n<p><img loading=\"lazy\" decoding=\"async\" src=\"http:\/\/www.traba.org\/trabablog\/wp-content\/uploads\/2015\/03\/IMG_20150308_102802.jpg\" alt=\"IMG_20150308_102802\" width=\"800\" height=\"1066\" \/><\/p>\n<p>esmorzant a la taula grossa.<\/p>\n<p><img loading=\"lazy\" decoding=\"async\" src=\"http:\/\/www.traba.org\/trabablog\/wp-content\/uploads\/2015\/03\/IMG_20150309_074020.jpg\" alt=\"IMG_20150309_074020\" width=\"800\" height=\"1066\" \/><\/p>\n<p>el cel del raval.<\/p>\n<p><img loading=\"lazy\" decoding=\"async\" src=\"http:\/\/www.traba.org\/trabablog\/wp-content\/uploads\/2015\/03\/IMG_20150309_170338.jpg\" alt=\"IMG_20150309_170338\" width=\"800\" height=\"600\" \/><\/p>\n<p>seri\u00f3s.<\/p>\n<p><img loading=\"lazy\" decoding=\"async\" src=\"http:\/\/www.traba.org\/trabablog\/wp-content\/uploads\/2015\/03\/IMG_6264.jpg\" alt=\"IMG_6264\" width=\"800\" height=\"1066\" \/><\/p>\n<p>i rient.<\/p>\n<p><img loading=\"lazy\" decoding=\"async\" src=\"http:\/\/www.traba.org\/trabablog\/wp-content\/uploads\/2015\/03\/IMG_6278.jpg\" alt=\"IMG_6278\" width=\"800\" height=\"1066\" \/><\/p>\n<p>\u00e9s de les primeres vegades que la lola puja en hombros! per\u00f2 tenim un problema, se li adormen les cames. li passa a alg\u00fa m\u00e9s aix\u00f2?\u00bf?<\/p>\n<p><img loading=\"lazy\" decoding=\"async\" src=\"http:\/\/www.traba.org\/trabablog\/wp-content\/uploads\/2015\/03\/IMG_6283.jpg\" alt=\"IMG_6283\" width=\"800\" height=\"1066\" \/><\/p>\n<p>de re\u00fcll.<\/p>\n<p><img loading=\"lazy\" decoding=\"async\" src=\"http:\/\/www.traba.org\/trabablog\/wp-content\/uploads\/2015\/03\/IMG_6286.jpg\" alt=\"IMG_6286\" width=\"800\" height=\"600\" \/><\/p>\n<p>el balc\u00f3 ha millorat molt amb aquest terra de teca \ud83d\ude42<\/p>\n<p><img loading=\"lazy\" decoding=\"async\" src=\"http:\/\/www.traba.org\/trabablog\/wp-content\/uploads\/2015\/03\/IMG_20150313_170243.jpg\" alt=\"IMG_20150313_170243\" width=\"800\" height=\"1066\" \/><\/p>\n<p>15 endolls. a veure si no hem de posar lladre!<\/p>\n<p><img loading=\"lazy\" decoding=\"async\" src=\"http:\/\/www.traba.org\/trabablog\/wp-content\/uploads\/2015\/03\/IMG_20150313_170356.jpg\" alt=\"IMG_20150313_170356\" width=\"800\" height=\"600\" \/><\/p>\n<p>atardecer al pis nou.<\/p>\n<p><img loading=\"lazy\" decoding=\"async\" src=\"http:\/\/www.traba.org\/trabablog\/wp-content\/uploads\/2015\/03\/IMG_20150313_170645.jpg\" alt=\"IMG_20150313_170645\" width=\"800\" height=\"1066\" \/><\/p>\n<p>adormit-se.<\/p>\n<p><img loading=\"lazy\" decoding=\"async\" src=\"http:\/\/www.traba.org\/trabablog\/wp-content\/uploads\/2015\/03\/IMG_6306.jpg\" alt=\"IMG_6306\" width=\"800\" height=\"600\" \/><\/p>\n<p>dies de pluja.<\/p>\n<p><img loading=\"lazy\" decoding=\"async\" src=\"http:\/\/www.traba.org\/trabablog\/wp-content\/uploads\/2015\/03\/IMG_6313.jpg\" alt=\"IMG_6313\" width=\"800\" height=\"1066\" \/> <img loading=\"lazy\" decoding=\"async\" src=\"http:\/\/www.traba.org\/trabablog\/wp-content\/uploads\/2015\/03\/IMG_6315.jpg\" alt=\"IMG_6315\" width=\"800\" height=\"1066\" \/><\/p>\n<p>esmorzant a la pla\u00e7a de tripi.<\/p>\n<p><img loading=\"lazy\" decoding=\"async\" src=\"http:\/\/www.traba.org\/trabablog\/wp-content\/uploads\/2015\/03\/IMG_20150315_103108.jpg\" alt=\"IMG_20150315_103108\" width=\"800\" height=\"1066\" \/><\/p>\n<p>i el columpio preferit de la lola. ja gaireb\u00e9 porta el seu nom.<\/p>\n<p><img loading=\"lazy\" decoding=\"async\" src=\"http:\/\/www.traba.org\/trabablog\/wp-content\/uploads\/2015\/03\/IMG_6320.jpg\" alt=\"IMG_6320\" width=\"800\" height=\"1066\" \/> <img loading=\"lazy\" decoding=\"async\" src=\"http:\/\/www.traba.org\/trabablog\/wp-content\/uploads\/2015\/03\/IMG_6329.jpg\" alt=\"IMG_6329\" width=\"800\" height=\"1066\" \/> <img loading=\"lazy\" decoding=\"async\" src=\"http:\/\/www.traba.org\/trabablog\/wp-content\/uploads\/2015\/03\/IMG_6350.jpg\" alt=\"IMG_6350\" width=\"800\" height=\"1066\" \/> <img loading=\"lazy\" decoding=\"async\" src=\"http:\/\/www.traba.org\/trabablog\/wp-content\/uploads\/2015\/03\/IMG_6358.jpg\" alt=\"IMG_6358\" width=\"800\" height=\"600\" \/> <img loading=\"lazy\" decoding=\"async\" src=\"http:\/\/www.traba.org\/trabablog\/wp-content\/uploads\/2015\/03\/IMG_6374.jpg\" alt=\"IMG_6374\" width=\"800\" height=\"600\" \/> <img loading=\"lazy\" decoding=\"async\" src=\"http:\/\/www.traba.org\/trabablog\/wp-content\/uploads\/2015\/03\/IMG_6386.jpg\" alt=\"IMG_6386\" width=\"800\" height=\"1066\" \/><\/p>\n<p>celebrant l\u2019aniversari de la iaia montse.<\/p>\n<p><img loading=\"lazy\" decoding=\"async\" src=\"http:\/\/www.traba.org\/trabablog\/wp-content\/uploads\/2015\/03\/IMG_6395.jpg\" alt=\"IMG_6395\" width=\"800\" height=\"270\" \/><\/p>\n<p>el bruno amb la iaia queralt.<\/p>\n<p><img loading=\"lazy\" decoding=\"async\" src=\"http:\/\/www.traba.org\/trabablog\/wp-content\/uploads\/2015\/03\/IMG_6396.jpg\" alt=\"IMG_6396\" width=\"800\" height=\"600\" \/> <img loading=\"lazy\" decoding=\"async\" src=\"http:\/\/www.traba.org\/trabablog\/wp-content\/uploads\/2015\/03\/IMG_20150316_204625.jpg\" alt=\"IMG_20150316_204625\" width=\"800\" height=\"1066\" \/><\/p>\n<p>i tornem amb els peixets i la can\u00e7o del pere i el llop.<\/p>\n<p><img loading=\"lazy\" decoding=\"async\" src=\"http:\/\/www.traba.org\/trabablog\/wp-content\/uploads\/2015\/03\/IMG_6400.jpg\" alt=\"IMG_6400\" width=\"800\" height=\"1067\" \/><\/p>\n<p>un bon dia del bruno.<\/p>\n<p><img loading=\"lazy\" decoding=\"async\" src=\"http:\/\/www.traba.org\/trabablog\/wp-content\/uploads\/2015\/03\/IMG_6407.jpg\" alt=\"IMG_6407\" width=\"800\" height=\"1066\" \/><\/p>\n","protected":false},"excerpt":{"rendered":"<p>el bruno ja comen\u00e7a a riure. al parc de davant del pis nou, que t\u00e9 pinta que ens hi estarem moltes hores. ens varen venir a visitar la fam\u00edlia medina-pitarch&#8230;.<\/p>\n","protected":false},"author":5,"featured_media":10549,"comment_status":"open","ping_status":"closed","sticky":false,"template":"","format":"standard","meta":{"_monsterinsights_skip_tracking":false,"_monsterinsights_sitenote_active":false,"_monsterinsights_sitenote_note":"","_monsterinsights_sitenote_category":0,"footnotes":""},"categories":[28],"tags":[62,114,104,78,100,113],"class_list":["post-10552","post","type-post","status-publish","format-standard","has-post-thumbnail","hentry","category-ordinary-days","tag-barcelona","tag-bruno","tag-firsts","tag-hivern","tag-lola","tag-pis-nou"],"_links":{"self":[{"href":"http:\/\/traba.org\/trabablog\/index.php?rest_route=\/wp\/v2\/posts\/10552","targetHints":{"allow":["GET"]}}],"collection":[{"href":"http:\/\/traba.org\/trabablog\/index.php?rest_route=\/wp\/v2\/posts"}],"about":[{"href":"http:\/\/traba.org\/trabablog\/index.php?rest_route=\/wp\/v2\/types\/post"}],"author":[{"embeddable":true,"href":"http:\/\/traba.org\/trabablog\/index.php?rest_route=\/wp\/v2\/users\/5"}],"replies":[{"embeddable":true,"href":"http:\/\/traba.org\/trabablog\/index.php?rest_route=%2Fwp%2Fv2%2Fcomments&post=10552"}],"version-history":[{"count":2,"href":"http:\/\/traba.org\/trabablog\/index.php?rest_route=\/wp\/v2\/posts\/10552\/revisions"}],"predecessor-version":[{"id":10554,"href":"http:\/\/traba.org\/trabablog\/index.php?rest_route=\/wp\/v2\/posts\/10552\/revisions\/10554"}],"wp:featuredmedia":[{"embeddable":true,"href":"http:\/\/traba.org\/trabablog\/index.php?rest_route=\/wp\/v2\/media\/10549"}],"wp:attachment":[{"href":"http:\/\/traba.org\/trabablog\/index.php?rest_route=%2Fwp%2Fv2%2Fmedia&parent=10552"}],"wp:term":[{"taxonomy":"category","embeddable":true,"href":"http:\/\/traba.org\/trabablog\/index.php?rest_route=%2Fwp%2Fv2%2Fcategories&post=10552"},{"taxonomy":"post_tag","embeddable":true,"href":"http:\/\/traba.org\/trabablog\/index.php?rest_route=%2Fwp%2Fv2%2Ftags&post=10552"}],"curies":[{"name":"wp","href":"https:\/\/api.w.org\/{rel}","templated":true}]}}