{"id":11821,"date":"2016-07-31T22:10:04","date_gmt":"2016-07-31T21:10:04","guid":{"rendered":"http:\/\/www.traba.org\/trabablog\/?p=11821"},"modified":"2016-07-31T22:23:16","modified_gmt":"2016-07-31T21:23:16","slug":"minivacances","status":"publish","type":"post","link":"http:\/\/traba.org\/trabablog\/?p=11821","title":{"rendered":"minivacances"},"content":{"rendered":"<p>si, aquest \u00e9s el segon post en un dia&#8230; \u00e9s que volia separar el post de les minivacances a sitges. pel bruno tot era nou&#8230; ha explorat tots els racons de la casa&#8230; obert (i tancat) totes les portes, pujat a tots els llocs on es pot pujar. s&#8217;ha donat cops al cap amb les finestres, ha caigut del llit, ha suat la cansalada a les migdiades&#8230; per\u00f2 ens ho hem passat molt b\u00e9 \ud83d\ude42<br \/>\n<img loading=\"lazy\" decoding=\"async\" class=\"aligncenter size-large wp-image-11822\" src=\"http:\/\/www.traba.org\/trabablog\/wp-content\/uploads\/2016\/07\/55-1-768x1024.jpg\" alt=\"55\" width=\"700\" height=\"933\" srcset=\"http:\/\/traba.org\/trabablog\/wp-content\/uploads\/2016\/07\/55-1-768x1024.jpg 768w, http:\/\/traba.org\/trabablog\/wp-content\/uploads\/2016\/07\/55-1-225x300.jpg 225w, http:\/\/traba.org\/trabablog\/wp-content\/uploads\/2016\/07\/55-1-261x348.jpg 261w, http:\/\/traba.org\/trabablog\/wp-content\/uploads\/2016\/07\/55-1-688x917.jpg 688w\" sizes=\"auto, (max-width: 700px) 100vw, 700px\" \/> la nostra platja de cap\u00e7alera, sant sebasti\u00e0, la de les fam\u00edlies que m&#8217;han explicat que li diuen. i deuen tenir ra\u00f3. quan no ten\u00edem nens a aquesta platja no hi an\u00e0vem, i ara, no ens hi movem.<br \/>\n<img loading=\"lazy\" decoding=\"async\" class=\"aligncenter size-large wp-image-11823\" src=\"http:\/\/www.traba.org\/trabablog\/wp-content\/uploads\/2016\/07\/56-1-768x1024.jpg\" alt=\"56\" width=\"700\" height=\"933\" srcset=\"http:\/\/traba.org\/trabablog\/wp-content\/uploads\/2016\/07\/56-1-768x1024.jpg 768w, http:\/\/traba.org\/trabablog\/wp-content\/uploads\/2016\/07\/56-1-225x300.jpg 225w, http:\/\/traba.org\/trabablog\/wp-content\/uploads\/2016\/07\/56-1-261x348.jpg 261w, http:\/\/traba.org\/trabablog\/wp-content\/uploads\/2016\/07\/56-1-688x917.jpg 688w\" sizes=\"auto, (max-width: 700px) 100vw, 700px\" \/> i de tant en tant, un geladet al xiringuito de la platja per refrescar-nos.<img loading=\"lazy\" decoding=\"async\" class=\"aligncenter size-large wp-image-11824\" src=\"http:\/\/www.traba.org\/trabablog\/wp-content\/uploads\/2016\/07\/57-1-768x1024.jpg\" alt=\"57\" width=\"700\" height=\"933\" srcset=\"http:\/\/traba.org\/trabablog\/wp-content\/uploads\/2016\/07\/57-1-768x1024.jpg 768w, http:\/\/traba.org\/trabablog\/wp-content\/uploads\/2016\/07\/57-1-225x300.jpg 225w, http:\/\/traba.org\/trabablog\/wp-content\/uploads\/2016\/07\/57-1-261x348.jpg 261w, http:\/\/traba.org\/trabablog\/wp-content\/uploads\/2016\/07\/57-1-688x917.jpg 688w\" sizes=\"auto, (max-width: 700px) 100vw, 700px\" \/> que sean 2&#8230;<img loading=\"lazy\" decoding=\"async\" class=\"aligncenter size-large wp-image-11825\" src=\"http:\/\/www.traba.org\/trabablog\/wp-content\/uploads\/2016\/07\/58-1-768x1024.jpg\" alt=\"58\" width=\"700\" height=\"933\" srcset=\"http:\/\/traba.org\/trabablog\/wp-content\/uploads\/2016\/07\/58-1-768x1024.jpg 768w, http:\/\/traba.org\/trabablog\/wp-content\/uploads\/2016\/07\/58-1-225x300.jpg 225w, http:\/\/traba.org\/trabablog\/wp-content\/uploads\/2016\/07\/58-1-261x348.jpg 261w, http:\/\/traba.org\/trabablog\/wp-content\/uploads\/2016\/07\/58-1-688x917.jpg 688w\" sizes=\"auto, (max-width: 700px) 100vw, 700px\" \/> la lola i la platja&#8230; tenen una relaci\u00f3 especial. sobretot amb les onades. quan veu la bandera verda diu que vaia, que prefereix la groga, que aix\u00ed les onades s\u00f3n m\u00e9s grans i fortes. li agrada anar quan les onades fan espuma i all\u00e0, nedar. que all\u00e0 on les onades fan espuma no necessita manguitos que ja flota. i feia servir el flotador de taula de surf! no s\u00e9 si aqu\u00ed se li veu un futur \ud83d\ude09<img loading=\"lazy\" decoding=\"async\" class=\"aligncenter size-large wp-image-11826\" src=\"http:\/\/www.traba.org\/trabablog\/wp-content\/uploads\/2016\/07\/59-1-768x1024.jpg\" alt=\"59\" width=\"700\" height=\"933\" srcset=\"http:\/\/traba.org\/trabablog\/wp-content\/uploads\/2016\/07\/59-1-768x1024.jpg 768w, http:\/\/traba.org\/trabablog\/wp-content\/uploads\/2016\/07\/59-1-225x300.jpg 225w, http:\/\/traba.org\/trabablog\/wp-content\/uploads\/2016\/07\/59-1-261x348.jpg 261w, http:\/\/traba.org\/trabablog\/wp-content\/uploads\/2016\/07\/59-1-688x917.jpg 688w\" sizes=\"auto, (max-width: 700px) 100vw, 700px\" \/> el bruno \u00e9s m\u00e9s de la vora del mar, tot i que per tenir un any i mig, deu ni d\u00f3 el qu\u00e8 entra a l&#8217;aigua sol per anar omplint els cubos. primer demanava la ma, per\u00f2 despr\u00e9s, ell sol anava i tornava amb el cubo ple d&#8217;aigua. si en alguna onada el feia empassar aigua, anava dient pica pica.<br \/>\n<img loading=\"lazy\" decoding=\"async\" class=\"aligncenter size-large wp-image-11827\" src=\"http:\/\/www.traba.org\/trabablog\/wp-content\/uploads\/2016\/07\/60-1-768x1024.jpg\" alt=\"60\" width=\"700\" height=\"933\" srcset=\"http:\/\/traba.org\/trabablog\/wp-content\/uploads\/2016\/07\/60-1-768x1024.jpg 768w, http:\/\/traba.org\/trabablog\/wp-content\/uploads\/2016\/07\/60-1-225x300.jpg 225w, http:\/\/traba.org\/trabablog\/wp-content\/uploads\/2016\/07\/60-1-261x348.jpg 261w, http:\/\/traba.org\/trabablog\/wp-content\/uploads\/2016\/07\/60-1-688x917.jpg 688w\" sizes=\"auto, (max-width: 700px) 100vw, 700px\" \/> <img loading=\"lazy\" decoding=\"async\" class=\"aligncenter size-large wp-image-11828\" src=\"http:\/\/www.traba.org\/trabablog\/wp-content\/uploads\/2016\/07\/61-1-1024x768.jpg\" alt=\"61\" width=\"700\" height=\"525\" srcset=\"http:\/\/traba.org\/trabablog\/wp-content\/uploads\/2016\/07\/61-1-1024x768.jpg 1024w, http:\/\/traba.org\/trabablog\/wp-content\/uploads\/2016\/07\/61-1-300x225.jpg 300w, http:\/\/traba.org\/trabablog\/wp-content\/uploads\/2016\/07\/61-1-768x576.jpg 768w, http:\/\/traba.org\/trabablog\/wp-content\/uploads\/2016\/07\/61-1-460x345.jpg 460w, http:\/\/traba.org\/trabablog\/wp-content\/uploads\/2016\/07\/61-1-688x516.jpg 688w\" sizes=\"auto, (max-width: 700px) 100vw, 700px\" \/> un dels\u00a0llocs\u00a0que encara existeixen de la inf\u00e0ncia del francesc.<img loading=\"lazy\" decoding=\"async\" class=\"aligncenter size-large wp-image-11829\" src=\"http:\/\/www.traba.org\/trabablog\/wp-content\/uploads\/2016\/07\/62-1-768x1024.jpg\" alt=\"62\" width=\"700\" height=\"933\" srcset=\"http:\/\/traba.org\/trabablog\/wp-content\/uploads\/2016\/07\/62-1-768x1024.jpg 768w, http:\/\/traba.org\/trabablog\/wp-content\/uploads\/2016\/07\/62-1-225x300.jpg 225w, http:\/\/traba.org\/trabablog\/wp-content\/uploads\/2016\/07\/62-1-261x348.jpg 261w, http:\/\/traba.org\/trabablog\/wp-content\/uploads\/2016\/07\/62-1-688x917.jpg 688w\" sizes=\"auto, (max-width: 700px) 100vw, 700px\" \/> i qui no podia faltar? la naomi! van venir passades les sis de la tarda (el pare, alemany, va venir una mica mosca amb la puntualitat dels trens) i es van quedar a sopar i casi que perden l&#8217;\u00faltim tren que era a les 22 i poc&#8230;\u00a0<img loading=\"lazy\" decoding=\"async\" class=\"aligncenter size-large wp-image-11830\" src=\"http:\/\/www.traba.org\/trabablog\/wp-content\/uploads\/2016\/07\/63-1-1024x768.jpg\" alt=\"63\" width=\"700\" height=\"525\" srcset=\"http:\/\/traba.org\/trabablog\/wp-content\/uploads\/2016\/07\/63-1-1024x768.jpg 1024w, http:\/\/traba.org\/trabablog\/wp-content\/uploads\/2016\/07\/63-1-300x225.jpg 300w, http:\/\/traba.org\/trabablog\/wp-content\/uploads\/2016\/07\/63-1-768x576.jpg 768w, http:\/\/traba.org\/trabablog\/wp-content\/uploads\/2016\/07\/63-1-460x345.jpg 460w, http:\/\/traba.org\/trabablog\/wp-content\/uploads\/2016\/07\/63-1-688x516.jpg 688w\" sizes=\"auto, (max-width: 700px) 100vw, 700px\" \/> el bruno afagant les pilotes d&#8217;altra gent i de pas trepitjant les tovalloles&#8230;<img loading=\"lazy\" decoding=\"async\" class=\"aligncenter size-large wp-image-11831\" src=\"http:\/\/www.traba.org\/trabablog\/wp-content\/uploads\/2016\/07\/64-1-1024x768.jpg\" alt=\"64\" width=\"700\" height=\"525\" srcset=\"http:\/\/traba.org\/trabablog\/wp-content\/uploads\/2016\/07\/64-1-1024x768.jpg 1024w, http:\/\/traba.org\/trabablog\/wp-content\/uploads\/2016\/07\/64-1-300x225.jpg 300w, http:\/\/traba.org\/trabablog\/wp-content\/uploads\/2016\/07\/64-1-768x576.jpg 768w, http:\/\/traba.org\/trabablog\/wp-content\/uploads\/2016\/07\/64-1-460x345.jpg 460w, http:\/\/traba.org\/trabablog\/wp-content\/uploads\/2016\/07\/64-1-688x516.jpg 688w\" sizes=\"auto, (max-width: 700px) 100vw, 700px\" \/> <img loading=\"lazy\" decoding=\"async\" class=\"aligncenter size-large wp-image-11832\" src=\"http:\/\/www.traba.org\/trabablog\/wp-content\/uploads\/2016\/07\/65-1-768x1024.jpg\" alt=\"65\" width=\"700\" height=\"933\" srcset=\"http:\/\/traba.org\/trabablog\/wp-content\/uploads\/2016\/07\/65-1-768x1024.jpg 768w, http:\/\/traba.org\/trabablog\/wp-content\/uploads\/2016\/07\/65-1-225x300.jpg 225w, http:\/\/traba.org\/trabablog\/wp-content\/uploads\/2016\/07\/65-1-261x348.jpg 261w, http:\/\/traba.org\/trabablog\/wp-content\/uploads\/2016\/07\/65-1-688x917.jpg 688w\" sizes=\"auto, (max-width: 700px) 100vw, 700px\" \/> <img loading=\"lazy\" decoding=\"async\" class=\"aligncenter size-large wp-image-11833\" src=\"http:\/\/www.traba.org\/trabablog\/wp-content\/uploads\/2016\/07\/66-1-1024x768.jpg\" alt=\"66\" width=\"700\" height=\"525\" srcset=\"http:\/\/traba.org\/trabablog\/wp-content\/uploads\/2016\/07\/66-1-1024x768.jpg 1024w, http:\/\/traba.org\/trabablog\/wp-content\/uploads\/2016\/07\/66-1-300x225.jpg 300w, http:\/\/traba.org\/trabablog\/wp-content\/uploads\/2016\/07\/66-1-768x576.jpg 768w, http:\/\/traba.org\/trabablog\/wp-content\/uploads\/2016\/07\/66-1-460x345.jpg 460w, http:\/\/traba.org\/trabablog\/wp-content\/uploads\/2016\/07\/66-1-688x516.jpg 688w\" sizes=\"auto, (max-width: 700px) 100vw, 700px\" \/><\/p>\n<p>i el tito fent malabarismes.<\/p>\n<p><img loading=\"lazy\" decoding=\"async\" class=\"aligncenter size-full wp-image-11852\" src=\"http:\/\/www.traba.org\/trabablog\/wp-content\/uploads\/2016\/07\/1-1-1.jpg\" alt=\"1 (1)\" width=\"626\" height=\"626\" srcset=\"http:\/\/traba.org\/trabablog\/wp-content\/uploads\/2016\/07\/1-1-1.jpg 626w, http:\/\/traba.org\/trabablog\/wp-content\/uploads\/2016\/07\/1-1-1-150x150.jpg 150w, http:\/\/traba.org\/trabablog\/wp-content\/uploads\/2016\/07\/1-1-1-300x300.jpg 300w, http:\/\/traba.org\/trabablog\/wp-content\/uploads\/2016\/07\/1-1-1-200x200.jpg 200w, http:\/\/traba.org\/trabablog\/wp-content\/uploads\/2016\/07\/1-1-1-348x348.jpg 348w\" sizes=\"auto, (max-width: 626px) 100vw, 626px\" \/><\/p>\n<p>i les passejades matinals els \u00faltims dies s&#8217;han convertit amb una costum. el bruno es lleva abans que la lola, i perqu\u00e8 no la desperti, ens l&#8217;emportem a passejar pel passeig i al parc. a aquestes hores no hi ha ning\u00fa per enlloc i tot \u00e9s molt tranquil. de tornada, es compra l&#8217;esmorzar i s&#8217;arriba quan la lola s&#8217;ha acabat de despertar. tot sembla cronometrat.<img loading=\"lazy\" decoding=\"async\" class=\"aligncenter size-large wp-image-11834\" src=\"http:\/\/www.traba.org\/trabablog\/wp-content\/uploads\/2016\/07\/67-1-768x1024.jpg\" alt=\"67\" width=\"700\" height=\"933\" srcset=\"http:\/\/traba.org\/trabablog\/wp-content\/uploads\/2016\/07\/67-1-768x1024.jpg 768w, http:\/\/traba.org\/trabablog\/wp-content\/uploads\/2016\/07\/67-1-225x300.jpg 225w, http:\/\/traba.org\/trabablog\/wp-content\/uploads\/2016\/07\/67-1-261x348.jpg 261w, http:\/\/traba.org\/trabablog\/wp-content\/uploads\/2016\/07\/67-1-688x917.jpg 688w\" sizes=\"auto, (max-width: 700px) 100vw, 700px\" \/> <img loading=\"lazy\" decoding=\"async\" class=\"aligncenter size-large wp-image-11835\" src=\"http:\/\/www.traba.org\/trabablog\/wp-content\/uploads\/2016\/07\/68-1-768x1024.jpg\" alt=\"68\" width=\"700\" height=\"933\" srcset=\"http:\/\/traba.org\/trabablog\/wp-content\/uploads\/2016\/07\/68-1-768x1024.jpg 768w, http:\/\/traba.org\/trabablog\/wp-content\/uploads\/2016\/07\/68-1-225x300.jpg 225w, http:\/\/traba.org\/trabablog\/wp-content\/uploads\/2016\/07\/68-1-261x348.jpg 261w, http:\/\/traba.org\/trabablog\/wp-content\/uploads\/2016\/07\/68-1-688x917.jpg 688w\" sizes=\"auto, (max-width: 700px) 100vw, 700px\" \/> <img loading=\"lazy\" decoding=\"async\" class=\"aligncenter size-large wp-image-11836\" src=\"http:\/\/www.traba.org\/trabablog\/wp-content\/uploads\/2016\/07\/69-1-768x1024.jpg\" alt=\"69\" width=\"700\" height=\"933\" srcset=\"http:\/\/traba.org\/trabablog\/wp-content\/uploads\/2016\/07\/69-1-768x1024.jpg 768w, http:\/\/traba.org\/trabablog\/wp-content\/uploads\/2016\/07\/69-1-225x300.jpg 225w, http:\/\/traba.org\/trabablog\/wp-content\/uploads\/2016\/07\/69-1-261x348.jpg 261w, http:\/\/traba.org\/trabablog\/wp-content\/uploads\/2016\/07\/69-1-688x917.jpg 688w\" sizes=\"auto, (max-width: 700px) 100vw, 700px\" \/> <img loading=\"lazy\" decoding=\"async\" class=\"aligncenter size-large wp-image-11837\" src=\"http:\/\/www.traba.org\/trabablog\/wp-content\/uploads\/2016\/07\/70-1-768x1024.jpg\" alt=\"70\" width=\"700\" height=\"933\" srcset=\"http:\/\/traba.org\/trabablog\/wp-content\/uploads\/2016\/07\/70-1-768x1024.jpg 768w, http:\/\/traba.org\/trabablog\/wp-content\/uploads\/2016\/07\/70-1-225x300.jpg 225w, http:\/\/traba.org\/trabablog\/wp-content\/uploads\/2016\/07\/70-1-261x348.jpg 261w, http:\/\/traba.org\/trabablog\/wp-content\/uploads\/2016\/07\/70-1-688x917.jpg 688w\" sizes=\"auto, (max-width: 700px) 100vw, 700px\" \/> <img loading=\"lazy\" decoding=\"async\" class=\"aligncenter size-large wp-image-11838\" src=\"http:\/\/www.traba.org\/trabablog\/wp-content\/uploads\/2016\/07\/71-1-768x1024.jpg\" alt=\"71\" width=\"700\" height=\"933\" srcset=\"http:\/\/traba.org\/trabablog\/wp-content\/uploads\/2016\/07\/71-1-768x1024.jpg 768w, http:\/\/traba.org\/trabablog\/wp-content\/uploads\/2016\/07\/71-1-225x300.jpg 225w, http:\/\/traba.org\/trabablog\/wp-content\/uploads\/2016\/07\/71-1-261x348.jpg 261w, http:\/\/traba.org\/trabablog\/wp-content\/uploads\/2016\/07\/71-1-688x917.jpg 688w\" sizes=\"auto, (max-width: 700px) 100vw, 700px\" \/> a les tardes, i sobretot amb la calor que fa, que el bruno la tonera molt malament, ja no s\u00f3n tan tranquiles.<img loading=\"lazy\" decoding=\"async\" class=\"aligncenter size-large wp-image-11839\" src=\"http:\/\/www.traba.org\/trabablog\/wp-content\/uploads\/2016\/07\/72-1-1024x683.jpg\" alt=\"72\" width=\"700\" height=\"467\" srcset=\"http:\/\/traba.org\/trabablog\/wp-content\/uploads\/2016\/07\/72-1-1024x683.jpg 1024w, http:\/\/traba.org\/trabablog\/wp-content\/uploads\/2016\/07\/72-1-300x200.jpg 300w, http:\/\/traba.org\/trabablog\/wp-content\/uploads\/2016\/07\/72-1-768x512.jpg 768w, http:\/\/traba.org\/trabablog\/wp-content\/uploads\/2016\/07\/72-1-600x400.jpg 600w, http:\/\/traba.org\/trabablog\/wp-content\/uploads\/2016\/07\/72-1-460x307.jpg 460w, http:\/\/traba.org\/trabablog\/wp-content\/uploads\/2016\/07\/72-1-688x459.jpg 688w\" sizes=\"auto, (max-width: 700px) 100vw, 700px\" \/> dissabte ens van venir a veure la vera, el leo i la luza.<img loading=\"lazy\" decoding=\"async\" class=\"aligncenter size-large wp-image-11840\" src=\"http:\/\/www.traba.org\/trabablog\/wp-content\/uploads\/2016\/07\/73-1-1024x768.jpg\" alt=\"73\" width=\"700\" height=\"525\" srcset=\"http:\/\/traba.org\/trabablog\/wp-content\/uploads\/2016\/07\/73-1-1024x768.jpg 1024w, http:\/\/traba.org\/trabablog\/wp-content\/uploads\/2016\/07\/73-1-300x225.jpg 300w, http:\/\/traba.org\/trabablog\/wp-content\/uploads\/2016\/07\/73-1-768x576.jpg 768w, http:\/\/traba.org\/trabablog\/wp-content\/uploads\/2016\/07\/73-1-460x345.jpg 460w, http:\/\/traba.org\/trabablog\/wp-content\/uploads\/2016\/07\/73-1-688x516.jpg 688w\" sizes=\"auto, (max-width: 700px) 100vw, 700px\" \/> <img loading=\"lazy\" decoding=\"async\" class=\"aligncenter size-large wp-image-11841\" src=\"http:\/\/www.traba.org\/trabablog\/wp-content\/uploads\/2016\/07\/74-1-1024x768.jpg\" alt=\"74\" width=\"700\" height=\"525\" srcset=\"http:\/\/traba.org\/trabablog\/wp-content\/uploads\/2016\/07\/74-1-1024x768.jpg 1024w, http:\/\/traba.org\/trabablog\/wp-content\/uploads\/2016\/07\/74-1-300x225.jpg 300w, http:\/\/traba.org\/trabablog\/wp-content\/uploads\/2016\/07\/74-1-768x576.jpg 768w, http:\/\/traba.org\/trabablog\/wp-content\/uploads\/2016\/07\/74-1-460x345.jpg 460w, http:\/\/traba.org\/trabablog\/wp-content\/uploads\/2016\/07\/74-1-688x516.jpg 688w\" sizes=\"auto, (max-width: 700px) 100vw, 700px\" \/> ai la lola!<img loading=\"lazy\" decoding=\"async\" class=\"aligncenter size-large wp-image-11842\" src=\"http:\/\/www.traba.org\/trabablog\/wp-content\/uploads\/2016\/07\/75-1-1024x768.jpg\" alt=\"75\" width=\"700\" height=\"525\" srcset=\"http:\/\/traba.org\/trabablog\/wp-content\/uploads\/2016\/07\/75-1-1024x768.jpg 1024w, http:\/\/traba.org\/trabablog\/wp-content\/uploads\/2016\/07\/75-1-300x225.jpg 300w, http:\/\/traba.org\/trabablog\/wp-content\/uploads\/2016\/07\/75-1-768x576.jpg 768w, http:\/\/traba.org\/trabablog\/wp-content\/uploads\/2016\/07\/75-1-460x345.jpg 460w, http:\/\/traba.org\/trabablog\/wp-content\/uploads\/2016\/07\/75-1-688x516.jpg 688w\" sizes=\"auto, (max-width: 700px) 100vw, 700px\" \/> <img loading=\"lazy\" decoding=\"async\" class=\"aligncenter size-large wp-image-11843\" src=\"http:\/\/www.traba.org\/trabablog\/wp-content\/uploads\/2016\/07\/76-1-1024x768.jpg\" alt=\"76\" width=\"700\" height=\"525\" srcset=\"http:\/\/traba.org\/trabablog\/wp-content\/uploads\/2016\/07\/76-1-1024x768.jpg 1024w, http:\/\/traba.org\/trabablog\/wp-content\/uploads\/2016\/07\/76-1-300x225.jpg 300w, http:\/\/traba.org\/trabablog\/wp-content\/uploads\/2016\/07\/76-1-768x576.jpg 768w, http:\/\/traba.org\/trabablog\/wp-content\/uploads\/2016\/07\/76-1-460x345.jpg 460w, http:\/\/traba.org\/trabablog\/wp-content\/uploads\/2016\/07\/76-1-688x516.jpg 688w\" sizes=\"auto, (max-width: 700px) 100vw, 700px\" \/> i a la nit, la lola i el francesc, mentre el bruno ja dormia, van anar a banyar-se a la platja com a despedida d&#8217;aquestes minivacances \ud83d\ude42<img loading=\"lazy\" decoding=\"async\" class=\"aligncenter size-large wp-image-11844\" src=\"http:\/\/www.traba.org\/trabablog\/wp-content\/uploads\/2016\/07\/77-1-1024x768.jpg\" alt=\"77\" width=\"700\" height=\"525\" srcset=\"http:\/\/traba.org\/trabablog\/wp-content\/uploads\/2016\/07\/77-1-1024x768.jpg 1024w, http:\/\/traba.org\/trabablog\/wp-content\/uploads\/2016\/07\/77-1-300x225.jpg 300w, http:\/\/traba.org\/trabablog\/wp-content\/uploads\/2016\/07\/77-1-768x576.jpg 768w, http:\/\/traba.org\/trabablog\/wp-content\/uploads\/2016\/07\/77-1-460x345.jpg 460w, http:\/\/traba.org\/trabablog\/wp-content\/uploads\/2016\/07\/77-1-688x516.jpg 688w\" sizes=\"auto, (max-width: 700px) 100vw, 700px\" \/> <img loading=\"lazy\" decoding=\"async\" class=\"aligncenter size-large wp-image-11845\" src=\"http:\/\/www.traba.org\/trabablog\/wp-content\/uploads\/2016\/07\/78-1-1024x768.jpg\" alt=\"78\" width=\"700\" height=\"525\" srcset=\"http:\/\/traba.org\/trabablog\/wp-content\/uploads\/2016\/07\/78-1-1024x768.jpg 1024w, http:\/\/traba.org\/trabablog\/wp-content\/uploads\/2016\/07\/78-1-300x225.jpg 300w, http:\/\/traba.org\/trabablog\/wp-content\/uploads\/2016\/07\/78-1-768x576.jpg 768w, http:\/\/traba.org\/trabablog\/wp-content\/uploads\/2016\/07\/78-1-460x345.jpg 460w, http:\/\/traba.org\/trabablog\/wp-content\/uploads\/2016\/07\/78-1-688x516.jpg 688w\" sizes=\"auto, (max-width: 700px) 100vw, 700px\" \/> <img loading=\"lazy\" decoding=\"async\" class=\"aligncenter size-large wp-image-11846\" src=\"http:\/\/www.traba.org\/trabablog\/wp-content\/uploads\/2016\/07\/79-1-1024x768.jpg\" alt=\"79\" width=\"700\" height=\"525\" srcset=\"http:\/\/traba.org\/trabablog\/wp-content\/uploads\/2016\/07\/79-1-1024x768.jpg 1024w, http:\/\/traba.org\/trabablog\/wp-content\/uploads\/2016\/07\/79-1-300x225.jpg 300w, http:\/\/traba.org\/trabablog\/wp-content\/uploads\/2016\/07\/79-1-768x576.jpg 768w, http:\/\/traba.org\/trabablog\/wp-content\/uploads\/2016\/07\/79-1-460x345.jpg 460w, http:\/\/traba.org\/trabablog\/wp-content\/uploads\/2016\/07\/79-1-688x516.jpg 688w\" sizes=\"auto, (max-width: 700px) 100vw, 700px\" \/> avui pel mat\u00ed, no devien ser ni les 8, el bruno i el francesc al passeig matinal.<img loading=\"lazy\" decoding=\"async\" class=\"aligncenter size-large wp-image-11847\" src=\"http:\/\/www.traba.org\/trabablog\/wp-content\/uploads\/2016\/07\/80-1-1024x768.jpg\" alt=\"80\" width=\"700\" height=\"525\" srcset=\"http:\/\/traba.org\/trabablog\/wp-content\/uploads\/2016\/07\/80-1-1024x768.jpg 1024w, http:\/\/traba.org\/trabablog\/wp-content\/uploads\/2016\/07\/80-1-300x225.jpg 300w, http:\/\/traba.org\/trabablog\/wp-content\/uploads\/2016\/07\/80-1-768x576.jpg 768w, http:\/\/traba.org\/trabablog\/wp-content\/uploads\/2016\/07\/80-1-460x345.jpg 460w, http:\/\/traba.org\/trabablog\/wp-content\/uploads\/2016\/07\/80-1-688x516.jpg 688w\" sizes=\"auto, (max-width: 700px) 100vw, 700px\" \/> <img loading=\"lazy\" decoding=\"async\" class=\"aligncenter size-large wp-image-11848\" src=\"http:\/\/www.traba.org\/trabablog\/wp-content\/uploads\/2016\/07\/81-1-768x1024.jpg\" alt=\"81\" width=\"700\" height=\"933\" srcset=\"http:\/\/traba.org\/trabablog\/wp-content\/uploads\/2016\/07\/81-1-768x1024.jpg 768w, http:\/\/traba.org\/trabablog\/wp-content\/uploads\/2016\/07\/81-1-225x300.jpg 225w, http:\/\/traba.org\/trabablog\/wp-content\/uploads\/2016\/07\/81-1-261x348.jpg 261w, http:\/\/traba.org\/trabablog\/wp-content\/uploads\/2016\/07\/81-1-688x917.jpg 688w\" sizes=\"auto, (max-width: 700px) 100vw, 700px\" \/> <img loading=\"lazy\" decoding=\"async\" class=\"aligncenter size-large wp-image-11849\" src=\"http:\/\/www.traba.org\/trabablog\/wp-content\/uploads\/2016\/07\/82-1-1024x768.jpg\" alt=\"82\" width=\"700\" height=\"525\" srcset=\"http:\/\/traba.org\/trabablog\/wp-content\/uploads\/2016\/07\/82-1-1024x768.jpg 1024w, http:\/\/traba.org\/trabablog\/wp-content\/uploads\/2016\/07\/82-1-300x225.jpg 300w, http:\/\/traba.org\/trabablog\/wp-content\/uploads\/2016\/07\/82-1-768x576.jpg 768w, http:\/\/traba.org\/trabablog\/wp-content\/uploads\/2016\/07\/82-1-460x345.jpg 460w, http:\/\/traba.org\/trabablog\/wp-content\/uploads\/2016\/07\/82-1-688x516.jpg 688w\" sizes=\"auto, (max-width: 700px) 100vw, 700px\" \/> <img loading=\"lazy\" decoding=\"async\" class=\"aligncenter size-large wp-image-11850\" src=\"http:\/\/www.traba.org\/trabablog\/wp-content\/uploads\/2016\/07\/83-1-1024x768.jpg\" alt=\"83\" width=\"700\" height=\"525\" srcset=\"http:\/\/traba.org\/trabablog\/wp-content\/uploads\/2016\/07\/83-1-1024x768.jpg 1024w, http:\/\/traba.org\/trabablog\/wp-content\/uploads\/2016\/07\/83-1-300x225.jpg 300w, http:\/\/traba.org\/trabablog\/wp-content\/uploads\/2016\/07\/83-1-768x576.jpg 768w, http:\/\/traba.org\/trabablog\/wp-content\/uploads\/2016\/07\/83-1-460x345.jpg 460w, http:\/\/traba.org\/trabablog\/wp-content\/uploads\/2016\/07\/83-1-688x516.jpg 688w\" sizes=\"auto, (max-width: 700px) 100vw, 700px\" \/> <img loading=\"lazy\" decoding=\"async\" class=\"aligncenter size-large wp-image-11851\" src=\"http:\/\/www.traba.org\/trabablog\/wp-content\/uploads\/2016\/07\/84-1-768x1024.jpg\" alt=\"84\" width=\"700\" height=\"933\" srcset=\"http:\/\/traba.org\/trabablog\/wp-content\/uploads\/2016\/07\/84-1-768x1024.jpg 768w, http:\/\/traba.org\/trabablog\/wp-content\/uploads\/2016\/07\/84-1-225x300.jpg 225w, http:\/\/traba.org\/trabablog\/wp-content\/uploads\/2016\/07\/84-1-261x348.jpg 261w, http:\/\/traba.org\/trabablog\/wp-content\/uploads\/2016\/07\/84-1-688x917.jpg 688w\" sizes=\"auto, (max-width: 700px) 100vw, 700px\" \/><\/p>\n","protected":false},"excerpt":{"rendered":"<p>si, aquest \u00e9s el segon post en un dia&#8230; \u00e9s que volia separar el post de les minivacances a sitges. pel bruno tot era nou&#8230; ha explorat tots els racons&#8230;<\/p>\n","protected":false},"author":5,"featured_media":11830,"comment_status":"open","ping_status":"open","sticky":false,"template":"","format":"standard","meta":{"_monsterinsights_skip_tracking":false,"_monsterinsights_sitenote_active":false,"_monsterinsights_sitenote_note":"","_monsterinsights_sitenote_category":0,"footnotes":""},"categories":[28],"tags":[114,100,41,89],"class_list":["post-11821","post","type-post","status-publish","format-standard","has-post-thumbnail","hentry","category-ordinary-days","tag-bruno","tag-lola","tag-mar","tag-sitges"],"_links":{"self":[{"href":"http:\/\/traba.org\/trabablog\/index.php?rest_route=\/wp\/v2\/posts\/11821","targetHints":{"allow":["GET"]}}],"collection":[{"href":"http:\/\/traba.org\/trabablog\/index.php?rest_route=\/wp\/v2\/posts"}],"about":[{"href":"http:\/\/traba.org\/trabablog\/index.php?rest_route=\/wp\/v2\/types\/post"}],"author":[{"embeddable":true,"href":"http:\/\/traba.org\/trabablog\/index.php?rest_route=\/wp\/v2\/users\/5"}],"replies":[{"embeddable":true,"href":"http:\/\/traba.org\/trabablog\/index.php?rest_route=%2Fwp%2Fv2%2Fcomments&post=11821"}],"version-history":[{"count":2,"href":"http:\/\/traba.org\/trabablog\/index.php?rest_route=\/wp\/v2\/posts\/11821\/revisions"}],"predecessor-version":[{"id":11855,"href":"http:\/\/traba.org\/trabablog\/index.php?rest_route=\/wp\/v2\/posts\/11821\/revisions\/11855"}],"wp:featuredmedia":[{"embeddable":true,"href":"http:\/\/traba.org\/trabablog\/index.php?rest_route=\/wp\/v2\/media\/11830"}],"wp:attachment":[{"href":"http:\/\/traba.org\/trabablog\/index.php?rest_route=%2Fwp%2Fv2%2Fmedia&parent=11821"}],"wp:term":[{"taxonomy":"category","embeddable":true,"href":"http:\/\/traba.org\/trabablog\/index.php?rest_route=%2Fwp%2Fv2%2Fcategories&post=11821"},{"taxonomy":"post_tag","embeddable":true,"href":"http:\/\/traba.org\/trabablog\/index.php?rest_route=%2Fwp%2Fv2%2Ftags&post=11821"}],"curies":[{"name":"wp","href":"https:\/\/api.w.org\/{rel}","templated":true}]}}