{"id":12238,"date":"2016-10-31T16:09:10","date_gmt":"2016-10-31T15:09:10","guid":{"rendered":"http:\/\/www.traba.org\/trabablog\/?p=12238"},"modified":"2016-10-31T16:09:10","modified_gmt":"2016-10-31T15:09:10","slug":"por-fin","status":"publish","type":"post","link":"http:\/\/traba.org\/trabablog\/?p=12238","title":{"rendered":"por fin!"},"content":{"rendered":"<p>per fi hem pogut fer una &#8216;excursi\u00f3&#8217;! jeje&#8230; entre cometes, clar&#8230;<\/p>\n<p><iframe loading=\"lazy\" src=\"\/\/ca.wikiloc.com\/wikiloc\/spatialArtifacts.do?event=view&amp;id=8426218&amp;measures=off&amp;title=off&amp;near=off&amp;images=off&amp;maptype=M\" width=\"500\" height=\"400\" frameborder=\"0\" scrolling=\"no\"><\/iframe><\/p>\n<div style=\"background-color: #fff; color: #777; font-size: 11px; line-height: 16px;\">Powered by <a style=\"color: #06d; font-size: 11px; line-height: 16px;\" href=\"http:\/\/ca.wikiloc.com\" target=\"_blank\">Wikiloc<\/a><\/div>\n<p>poc m\u00e9s d&#8217;1 km, per\u00f2 \u00e9s que el bruno anava caminant \ud83d\ude42<\/p>\n<p>el cam\u00ed tenia aquesta pinta.<\/p>\n<p><img loading=\"lazy\" decoding=\"async\" class=\"aligncenter wp-image-12239 size-large\" src=\"http:\/\/www.traba.org\/trabablog\/wp-content\/uploads\/2016\/10\/IMG_0538-e1477926039209-768x1024.jpg\" alt=\"img_0538\" width=\"700\" height=\"933\" srcset=\"http:\/\/traba.org\/trabablog\/wp-content\/uploads\/2016\/10\/IMG_0538-e1477926039209-768x1024.jpg 768w, http:\/\/traba.org\/trabablog\/wp-content\/uploads\/2016\/10\/IMG_0538-e1477926039209-225x300.jpg 225w, http:\/\/traba.org\/trabablog\/wp-content\/uploads\/2016\/10\/IMG_0538-e1477926039209-261x348.jpg 261w, http:\/\/traba.org\/trabablog\/wp-content\/uploads\/2016\/10\/IMG_0538-e1477926039209-688x917.jpg 688w\" sizes=\"auto, (max-width: 700px) 100vw, 700px\" \/> i al final del cam\u00ed un gimn\u00e0s.<img loading=\"lazy\" decoding=\"async\" class=\"aligncenter size-large wp-image-12240\" src=\"http:\/\/www.traba.org\/trabablog\/wp-content\/uploads\/2016\/10\/IMG_0539-1024x768.jpg\" alt=\"img_0539\" width=\"700\" height=\"525\" srcset=\"http:\/\/traba.org\/trabablog\/wp-content\/uploads\/2016\/10\/IMG_0539-1024x768.jpg 1024w, http:\/\/traba.org\/trabablog\/wp-content\/uploads\/2016\/10\/IMG_0539-300x225.jpg 300w, http:\/\/traba.org\/trabablog\/wp-content\/uploads\/2016\/10\/IMG_0539-768x576.jpg 768w, http:\/\/traba.org\/trabablog\/wp-content\/uploads\/2016\/10\/IMG_0539-460x345.jpg 460w, http:\/\/traba.org\/trabablog\/wp-content\/uploads\/2016\/10\/IMG_0539-688x516.jpg 688w\" sizes=\"auto, (max-width: 700px) 100vw, 700px\" \/> descansant.<img loading=\"lazy\" decoding=\"async\" class=\"aligncenter size-large wp-image-12241\" src=\"http:\/\/www.traba.org\/trabablog\/wp-content\/uploads\/2016\/10\/IMG_20161031_104429-1024x768.jpg\" alt=\"img_20161031_104429\" width=\"700\" height=\"525\" srcset=\"http:\/\/traba.org\/trabablog\/wp-content\/uploads\/2016\/10\/IMG_20161031_104429-1024x768.jpg 1024w, http:\/\/traba.org\/trabablog\/wp-content\/uploads\/2016\/10\/IMG_20161031_104429-300x225.jpg 300w, http:\/\/traba.org\/trabablog\/wp-content\/uploads\/2016\/10\/IMG_20161031_104429-768x576.jpg 768w, http:\/\/traba.org\/trabablog\/wp-content\/uploads\/2016\/10\/IMG_20161031_104429-460x345.jpg 460w, http:\/\/traba.org\/trabablog\/wp-content\/uploads\/2016\/10\/IMG_20161031_104429-688x516.jpg 688w\" sizes=\"auto, (max-width: 700px) 100vw, 700px\" \/> jugant amb l&#8217;exercici de les escales dels iaios esportistes del PAFES.<img loading=\"lazy\" decoding=\"async\" class=\"aligncenter wp-image-12242 size-large\" src=\"http:\/\/www.traba.org\/trabablog\/wp-content\/uploads\/2016\/10\/IMG_0541-e1477926113210-768x1024.jpg\" width=\"700\" height=\"933\" srcset=\"http:\/\/traba.org\/trabablog\/wp-content\/uploads\/2016\/10\/IMG_0541-e1477926113210-768x1024.jpg 768w, http:\/\/traba.org\/trabablog\/wp-content\/uploads\/2016\/10\/IMG_0541-e1477926113210-225x300.jpg 225w, http:\/\/traba.org\/trabablog\/wp-content\/uploads\/2016\/10\/IMG_0541-e1477926113210-261x348.jpg 261w, http:\/\/traba.org\/trabablog\/wp-content\/uploads\/2016\/10\/IMG_0541-e1477926113210-688x917.jpg 688w\" sizes=\"auto, (max-width: 700px) 100vw, 700px\" \/> <img loading=\"lazy\" decoding=\"async\" class=\"aligncenter wp-image-12243 size-large\" src=\"http:\/\/www.traba.org\/trabablog\/wp-content\/uploads\/2016\/10\/IMG_0544-e1477926229146-768x1024.jpg\" alt=\"img_0544\" width=\"700\" height=\"933\" srcset=\"http:\/\/traba.org\/trabablog\/wp-content\/uploads\/2016\/10\/IMG_0544-e1477926229146-768x1024.jpg 768w, http:\/\/traba.org\/trabablog\/wp-content\/uploads\/2016\/10\/IMG_0544-e1477926229146-225x300.jpg 225w, http:\/\/traba.org\/trabablog\/wp-content\/uploads\/2016\/10\/IMG_0544-e1477926229146-261x348.jpg 261w, http:\/\/traba.org\/trabablog\/wp-content\/uploads\/2016\/10\/IMG_0544-e1477926229146-688x917.jpg 688w\" sizes=\"auto, (max-width: 700px) 100vw, 700px\" \/> hi ha una el\u00edptica que funciona prou b\u00e9.<br \/>\n<img loading=\"lazy\" decoding=\"async\" class=\"aligncenter wp-image-12244 size-large\" src=\"http:\/\/www.traba.org\/trabablog\/wp-content\/uploads\/2016\/10\/IMG_0549-e1477926253424-768x1024.jpg\" alt=\"img_0549\" width=\"700\" height=\"933\" srcset=\"http:\/\/traba.org\/trabablog\/wp-content\/uploads\/2016\/10\/IMG_0549-e1477926253424-768x1024.jpg 768w, http:\/\/traba.org\/trabablog\/wp-content\/uploads\/2016\/10\/IMG_0549-e1477926253424-225x300.jpg 225w, http:\/\/traba.org\/trabablog\/wp-content\/uploads\/2016\/10\/IMG_0549-e1477926253424-261x348.jpg 261w, http:\/\/traba.org\/trabablog\/wp-content\/uploads\/2016\/10\/IMG_0549-e1477926253424-688x917.jpg 688w\" sizes=\"auto, (max-width: 700px) 100vw, 700px\" \/> aquest \u00e9s el p\u00e0rking que si no hi ha partit, ha d&#8217;haver-hi lloc de sobres.<img loading=\"lazy\" decoding=\"async\" class=\"aligncenter wp-image-12245 size-large\" src=\"http:\/\/www.traba.org\/trabablog\/wp-content\/uploads\/2016\/10\/IMG_0554-e1477926310479-768x1024.jpg\" alt=\"img_0554\" width=\"700\" height=\"933\" srcset=\"http:\/\/traba.org\/trabablog\/wp-content\/uploads\/2016\/10\/IMG_0554-e1477926310479-768x1024.jpg 768w, http:\/\/traba.org\/trabablog\/wp-content\/uploads\/2016\/10\/IMG_0554-e1477926310479-225x300.jpg 225w, http:\/\/traba.org\/trabablog\/wp-content\/uploads\/2016\/10\/IMG_0554-e1477926310479-261x348.jpg 261w, http:\/\/traba.org\/trabablog\/wp-content\/uploads\/2016\/10\/IMG_0554-e1477926310479-688x917.jpg 688w\" sizes=\"auto, (max-width: 700px) 100vw, 700px\" \/><\/p>\n<p>la veritat \u00e9s que l\u2019excursi\u00f3 no t\u00e9 m\u00e9s. un passeig pla per algun lloc que no passen cotxes.<\/p>\n<p>t\u00e9 una petita gr\u00e0cia que est\u00e0 a 5 minuts caminant de verges, on hi ha llocs per comprar i menjar. diuen que hi ha una carnisseria que est\u00e0 b\u00e9. hem d&#8217;investigar. si alg\u00fa la coneix que es pronuncii.<\/p>\n<p>avui no hem anat a dinar a fora, m\u00e9s que res que amb el canvi horari el bruno s\u2019ha llevat abans de les 6 i a les 11:30 ja era hora de dinar. per\u00f2 tenim pendent un restaurant, sempre desde la perspectiva de menjar amb les dues fieres i que no sentis mirades com punyalades a l\u2019esquena quan fan un crit o s\u2019aixequen perqu\u00e8 ja n\u2019han tingut prou del dinar. es diu \u2018<a href=\"http:\/\/www.maspi.net\/\">mas pi<\/a>\u2019 i est\u00e0 a la rotonda principal de verges. no t\u00e9 males cr\u00edtiques i hi ha men\u00fa per nens, indicatiu que tenen trones? ja ho veurem\u2026<\/p>\n","protected":false},"excerpt":{"rendered":"<p>per fi hem pogut fer una &#8216;excursi\u00f3&#8217;! jeje&#8230; entre cometes, clar&#8230; Powered by Wikiloc poc m\u00e9s d&#8217;1 km, per\u00f2 \u00e9s que el bruno anava caminant \ud83d\ude42 el cam\u00ed tenia aquesta&#8230;<\/p>\n","protected":false},"author":5,"featured_media":12241,"comment_status":"open","ping_status":"open","sticky":false,"template":"","format":"standard","meta":{"_monsterinsights_skip_tracking":false,"_monsterinsights_sitenote_active":false,"_monsterinsights_sitenote_note":"","_monsterinsights_sitenote_category":0,"footnotes":""},"categories":[125,28],"tags":[114,51,104,100,45,68],"class_list":["post-12238","post","type-post","status-publish","format-standard","has-post-thumbnail","hentry","category-excursions-amb-nens-petits","category-ordinary-days","tag-bruno","tag-excusio","tag-firsts","tag-lola","tag-menjar","tag-wikiloc"],"_links":{"self":[{"href":"http:\/\/traba.org\/trabablog\/index.php?rest_route=\/wp\/v2\/posts\/12238","targetHints":{"allow":["GET"]}}],"collection":[{"href":"http:\/\/traba.org\/trabablog\/index.php?rest_route=\/wp\/v2\/posts"}],"about":[{"href":"http:\/\/traba.org\/trabablog\/index.php?rest_route=\/wp\/v2\/types\/post"}],"author":[{"embeddable":true,"href":"http:\/\/traba.org\/trabablog\/index.php?rest_route=\/wp\/v2\/users\/5"}],"replies":[{"embeddable":true,"href":"http:\/\/traba.org\/trabablog\/index.php?rest_route=%2Fwp%2Fv2%2Fcomments&post=12238"}],"version-history":[{"count":2,"href":"http:\/\/traba.org\/trabablog\/index.php?rest_route=\/wp\/v2\/posts\/12238\/revisions"}],"predecessor-version":[{"id":12247,"href":"http:\/\/traba.org\/trabablog\/index.php?rest_route=\/wp\/v2\/posts\/12238\/revisions\/12247"}],"wp:featuredmedia":[{"embeddable":true,"href":"http:\/\/traba.org\/trabablog\/index.php?rest_route=\/wp\/v2\/media\/12241"}],"wp:attachment":[{"href":"http:\/\/traba.org\/trabablog\/index.php?rest_route=%2Fwp%2Fv2%2Fmedia&parent=12238"}],"wp:term":[{"taxonomy":"category","embeddable":true,"href":"http:\/\/traba.org\/trabablog\/index.php?rest_route=%2Fwp%2Fv2%2Fcategories&post=12238"},{"taxonomy":"post_tag","embeddable":true,"href":"http:\/\/traba.org\/trabablog\/index.php?rest_route=%2Fwp%2Fv2%2Ftags&post=12238"}],"curies":[{"name":"wp","href":"https:\/\/api.w.org\/{rel}","templated":true}]}}