{"id":12248,"date":"2016-11-01T15:50:05","date_gmt":"2016-11-01T14:50:05","guid":{"rendered":"http:\/\/www.traba.org\/trabablog\/?p=12248"},"modified":"2016-11-01T15:50:05","modified_gmt":"2016-11-01T14:50:05","slug":"una-volta-per-verges","status":"publish","type":"post","link":"http:\/\/traba.org\/trabablog\/?p=12248","title":{"rendered":"una volta per verges"},"content":{"rendered":"<p>com que ahir va anar prou b\u00e9 i feia bon temps, avui hem tornat a fer una excursi\u00f3. aquest cop de 1,7 km tamb\u00e9 a verges.<\/p>\n<p><iframe loading=\"lazy\" src=\"\/\/ca.wikiloc.com\/wikiloc\/spatialArtifacts.do?event=view&amp;id=8426152&amp;measures=off&amp;title=off&amp;near=off&amp;images=off&amp;maptype=S\" width=\"500\" height=\"400\" frameborder=\"0\" scrolling=\"no\"><\/iframe><\/p>\n<div style=\"background-color: #fff; color: #777; font-size: 11px; line-height: 16px;\">Powered by <a style=\"color: #06d; font-size: 11px; line-height: 16px;\" href=\"http:\/\/ca.wikiloc.com\" target=\"_blank\">Wikiloc<\/a><\/div>\n<p>la lola l&#8217;ha feta tota per\u00f2 el bruno no. a mig cam\u00ed ha demanat pujar en hombros.<\/p>\n<p><img loading=\"lazy\" decoding=\"async\" class=\"aligncenter size-large wp-image-12251\" src=\"http:\/\/www.traba.org\/trabablog\/wp-content\/uploads\/2016\/11\/IMG_20161101_103159-768x1024.jpg\" alt=\"img_20161101_103159\" width=\"700\" height=\"933\" srcset=\"http:\/\/traba.org\/trabablog\/wp-content\/uploads\/2016\/11\/IMG_20161101_103159-768x1024.jpg 768w, http:\/\/traba.org\/trabablog\/wp-content\/uploads\/2016\/11\/IMG_20161101_103159-225x300.jpg 225w, http:\/\/traba.org\/trabablog\/wp-content\/uploads\/2016\/11\/IMG_20161101_103159-261x348.jpg 261w, http:\/\/traba.org\/trabablog\/wp-content\/uploads\/2016\/11\/IMG_20161101_103159-688x917.jpg 688w\" sizes=\"auto, (max-width: 700px) 100vw, 700px\" \/> \u00e9s tot molt pla, al costat del poble.<img loading=\"lazy\" decoding=\"async\" class=\"aligncenter size-large wp-image-12252\" src=\"http:\/\/www.traba.org\/trabablog\/wp-content\/uploads\/2016\/11\/DSCF7006-1024x680.jpg\" alt=\"dscf7006\" width=\"700\" height=\"465\" srcset=\"http:\/\/traba.org\/trabablog\/wp-content\/uploads\/2016\/11\/DSCF7006-1024x680.jpg 1024w, http:\/\/traba.org\/trabablog\/wp-content\/uploads\/2016\/11\/DSCF7006-300x199.jpg 300w, http:\/\/traba.org\/trabablog\/wp-content\/uploads\/2016\/11\/DSCF7006-768x510.jpg 768w, http:\/\/traba.org\/trabablog\/wp-content\/uploads\/2016\/11\/DSCF7006-600x400.jpg 600w, http:\/\/traba.org\/trabablog\/wp-content\/uploads\/2016\/11\/DSCF7006-460x306.jpg 460w, http:\/\/traba.org\/trabablog\/wp-content\/uploads\/2016\/11\/DSCF7006-688x457.jpg 688w\" sizes=\"auto, (max-width: 700px) 100vw, 700px\" \/> <img loading=\"lazy\" decoding=\"async\" class=\"aligncenter size-large wp-image-12253\" src=\"http:\/\/www.traba.org\/trabablog\/wp-content\/uploads\/2016\/11\/DSCF7011-1024x680.jpg\" alt=\"dscf7011\" width=\"700\" height=\"465\" srcset=\"http:\/\/traba.org\/trabablog\/wp-content\/uploads\/2016\/11\/DSCF7011-1024x680.jpg 1024w, http:\/\/traba.org\/trabablog\/wp-content\/uploads\/2016\/11\/DSCF7011-300x199.jpg 300w, http:\/\/traba.org\/trabablog\/wp-content\/uploads\/2016\/11\/DSCF7011-768x510.jpg 768w, http:\/\/traba.org\/trabablog\/wp-content\/uploads\/2016\/11\/DSCF7011-600x400.jpg 600w, http:\/\/traba.org\/trabablog\/wp-content\/uploads\/2016\/11\/DSCF7011-460x306.jpg 460w, http:\/\/traba.org\/trabablog\/wp-content\/uploads\/2016\/11\/DSCF7011-688x457.jpg 688w\" sizes=\"auto, (max-width: 700px) 100vw, 700px\" \/><\/p>\n<p>i despr\u00e9s a fer el vermut a casa \ud83d\ude42<\/p>\n","protected":false},"excerpt":{"rendered":"<p>com que ahir va anar prou b\u00e9 i feia bon temps, avui hem tornat a fer una excursi\u00f3. aquest cop de 1,7 km tamb\u00e9 a verges. Powered by Wikiloc la&#8230;<\/p>\n","protected":false},"author":5,"featured_media":12253,"comment_status":"open","ping_status":"open","sticky":false,"template":"","format":"standard","meta":{"_monsterinsights_skip_tracking":false,"_monsterinsights_sitenote_active":false,"_monsterinsights_sitenote_note":"","_monsterinsights_sitenote_category":0,"footnotes":""},"categories":[125,28],"tags":[114,51,100,126,68],"class_list":["post-12248","post","type-post","status-publish","format-standard","has-post-thumbnail","hentry","category-excursions-amb-nens-petits","category-ordinary-days","tag-bruno","tag-excusio","tag-lola","tag-tardor","tag-wikiloc"],"_links":{"self":[{"href":"http:\/\/traba.org\/trabablog\/index.php?rest_route=\/wp\/v2\/posts\/12248","targetHints":{"allow":["GET"]}}],"collection":[{"href":"http:\/\/traba.org\/trabablog\/index.php?rest_route=\/wp\/v2\/posts"}],"about":[{"href":"http:\/\/traba.org\/trabablog\/index.php?rest_route=\/wp\/v2\/types\/post"}],"author":[{"embeddable":true,"href":"http:\/\/traba.org\/trabablog\/index.php?rest_route=\/wp\/v2\/users\/5"}],"replies":[{"embeddable":true,"href":"http:\/\/traba.org\/trabablog\/index.php?rest_route=%2Fwp%2Fv2%2Fcomments&post=12248"}],"version-history":[{"count":2,"href":"http:\/\/traba.org\/trabablog\/index.php?rest_route=\/wp\/v2\/posts\/12248\/revisions"}],"predecessor-version":[{"id":12254,"href":"http:\/\/traba.org\/trabablog\/index.php?rest_route=\/wp\/v2\/posts\/12248\/revisions\/12254"}],"wp:featuredmedia":[{"embeddable":true,"href":"http:\/\/traba.org\/trabablog\/index.php?rest_route=\/wp\/v2\/media\/12253"}],"wp:attachment":[{"href":"http:\/\/traba.org\/trabablog\/index.php?rest_route=%2Fwp%2Fv2%2Fmedia&parent=12248"}],"wp:term":[{"taxonomy":"category","embeddable":true,"href":"http:\/\/traba.org\/trabablog\/index.php?rest_route=%2Fwp%2Fv2%2Fcategories&post=12248"},{"taxonomy":"post_tag","embeddable":true,"href":"http:\/\/traba.org\/trabablog\/index.php?rest_route=%2Fwp%2Fv2%2Ftags&post=12248"}],"curies":[{"name":"wp","href":"https:\/\/api.w.org\/{rel}","templated":true}]}}