{"id":12255,"date":"2016-11-01T16:24:39","date_gmt":"2016-11-01T15:24:39","guid":{"rendered":"http:\/\/www.traba.org\/trabablog\/?p=12255"},"modified":"2016-11-01T16:24:39","modified_gmt":"2016-11-01T15:24:39","slug":"segon-dia-a-les-fires-de-sant-narcis-de-girona","status":"publish","type":"post","link":"http:\/\/traba.org\/trabablog\/?p=12255","title":{"rendered":"segon dia a les fires de sant narc\u00eds de girona"},"content":{"rendered":"<p>el segon dia de les festes de sant narc\u00eds va ser molt apretat. cap al casc antic passant pel pont.<\/p>\n<p><img loading=\"lazy\" decoding=\"async\" class=\"aligncenter size-large wp-image-12257\" src=\"http:\/\/www.traba.org\/trabablog\/wp-content\/uploads\/2016\/11\/IMG_20161030_104824-1024x768.jpg\" alt=\"img_20161030_104824\" width=\"700\" height=\"525\" srcset=\"http:\/\/traba.org\/trabablog\/wp-content\/uploads\/2016\/11\/IMG_20161030_104824-1024x768.jpg 1024w, http:\/\/traba.org\/trabablog\/wp-content\/uploads\/2016\/11\/IMG_20161030_104824-300x225.jpg 300w, http:\/\/traba.org\/trabablog\/wp-content\/uploads\/2016\/11\/IMG_20161030_104824-768x576.jpg 768w, http:\/\/traba.org\/trabablog\/wp-content\/uploads\/2016\/11\/IMG_20161030_104824-460x345.jpg 460w, http:\/\/traba.org\/trabablog\/wp-content\/uploads\/2016\/11\/IMG_20161030_104824-688x516.jpg 688w\" sizes=\"auto, (max-width: 700px) 100vw, 700px\" \/> vam anar a veure baelor, que \u00e9s mentida que l&#8217;hagin fet explotar.<img loading=\"lazy\" decoding=\"async\" class=\"aligncenter size-large wp-image-12258\" src=\"http:\/\/www.traba.org\/trabablog\/wp-content\/uploads\/2016\/11\/IMG_20161030_110514-768x1024.jpg\" alt=\"img_20161030_110514\" width=\"700\" height=\"933\" srcset=\"http:\/\/traba.org\/trabablog\/wp-content\/uploads\/2016\/11\/IMG_20161030_110514-768x1024.jpg 768w, http:\/\/traba.org\/trabablog\/wp-content\/uploads\/2016\/11\/IMG_20161030_110514-225x300.jpg 225w, http:\/\/traba.org\/trabablog\/wp-content\/uploads\/2016\/11\/IMG_20161030_110514-261x348.jpg 261w, http:\/\/traba.org\/trabablog\/wp-content\/uploads\/2016\/11\/IMG_20161030_110514-688x917.jpg 688w\" sizes=\"auto, (max-width: 700px) 100vw, 700px\" \/> <img loading=\"lazy\" decoding=\"async\" class=\"aligncenter wp-image-12259 size-large\" src=\"http:\/\/www.traba.org\/trabablog\/wp-content\/uploads\/2016\/11\/IMG_0517-e1478013758392-768x1024.jpg\" width=\"700\" height=\"933\" srcset=\"http:\/\/traba.org\/trabablog\/wp-content\/uploads\/2016\/11\/IMG_0517-e1478013758392-768x1024.jpg 768w, http:\/\/traba.org\/trabablog\/wp-content\/uploads\/2016\/11\/IMG_0517-e1478013758392-225x300.jpg 225w, http:\/\/traba.org\/trabablog\/wp-content\/uploads\/2016\/11\/IMG_0517-e1478013758392-261x348.jpg 261w, http:\/\/traba.org\/trabablog\/wp-content\/uploads\/2016\/11\/IMG_0517-e1478013758392-688x917.jpg 688w\" sizes=\"auto, (max-width: 700px) 100vw, 700px\" \/> i a la fira, i com que som gent de costums, a la mateixa atracci\u00f3 del dia anterior.<img loading=\"lazy\" decoding=\"async\" class=\"aligncenter size-large wp-image-12260\" src=\"http:\/\/www.traba.org\/trabablog\/wp-content\/uploads\/2016\/11\/DSCF6998-1024x680.jpg\" alt=\"dscf6998\" width=\"700\" height=\"465\" srcset=\"http:\/\/traba.org\/trabablog\/wp-content\/uploads\/2016\/11\/DSCF6998-1024x680.jpg 1024w, http:\/\/traba.org\/trabablog\/wp-content\/uploads\/2016\/11\/DSCF6998-300x199.jpg 300w, http:\/\/traba.org\/trabablog\/wp-content\/uploads\/2016\/11\/DSCF6998-768x510.jpg 768w, http:\/\/traba.org\/trabablog\/wp-content\/uploads\/2016\/11\/DSCF6998-600x400.jpg 600w, http:\/\/traba.org\/trabablog\/wp-content\/uploads\/2016\/11\/DSCF6998-460x306.jpg 460w, http:\/\/traba.org\/trabablog\/wp-content\/uploads\/2016\/11\/DSCF6998-688x457.jpg 688w\" sizes=\"auto, (max-width: 700px) 100vw, 700px\" \/> i despr\u00e9s de dinar, a dormir al cotxe, que aix\u00f2 del canvi horari \u00e9s molt negatiu pels bioritmes.<img loading=\"lazy\" decoding=\"async\" class=\"aligncenter size-large wp-image-12261\" src=\"http:\/\/www.traba.org\/trabablog\/wp-content\/uploads\/2016\/11\/IMG_20161030_141038-768x1024.jpg\" alt=\"img_20161030_141038\" width=\"700\" height=\"933\" srcset=\"http:\/\/traba.org\/trabablog\/wp-content\/uploads\/2016\/11\/IMG_20161030_141038-768x1024.jpg 768w, http:\/\/traba.org\/trabablog\/wp-content\/uploads\/2016\/11\/IMG_20161030_141038-225x300.jpg 225w, http:\/\/traba.org\/trabablog\/wp-content\/uploads\/2016\/11\/IMG_20161030_141038-261x348.jpg 261w, http:\/\/traba.org\/trabablog\/wp-content\/uploads\/2016\/11\/IMG_20161030_141038-688x917.jpg 688w\" sizes=\"auto, (max-width: 700px) 100vw, 700px\" \/> <img loading=\"lazy\" decoding=\"async\" class=\"aligncenter size-large wp-image-12262\" src=\"http:\/\/www.traba.org\/trabablog\/wp-content\/uploads\/2016\/11\/IMG_20161030_141042-768x1024.jpg\" alt=\"img_20161030_141042\" width=\"700\" height=\"933\" srcset=\"http:\/\/traba.org\/trabablog\/wp-content\/uploads\/2016\/11\/IMG_20161030_141042-768x1024.jpg 768w, http:\/\/traba.org\/trabablog\/wp-content\/uploads\/2016\/11\/IMG_20161030_141042-225x300.jpg 225w, http:\/\/traba.org\/trabablog\/wp-content\/uploads\/2016\/11\/IMG_20161030_141042-261x348.jpg 261w, http:\/\/traba.org\/trabablog\/wp-content\/uploads\/2016\/11\/IMG_20161030_141042-688x917.jpg 688w\" sizes=\"auto, (max-width: 700px) 100vw, 700px\" \/><\/p>\n","protected":false},"excerpt":{"rendered":"<p>el segon dia de les festes de sant narc\u00eds va ser molt apretat. cap al casc antic passant pel pont. vam anar a veure baelor, que \u00e9s mentida que l&#8217;hagin&#8230;<\/p>\n","protected":false},"author":5,"featured_media":12257,"comment_status":"open","ping_status":"open","sticky":false,"template":"","format":"standard","meta":{"_monsterinsights_skip_tracking":false,"_monsterinsights_sitenote_active":false,"_monsterinsights_sitenote_note":"","_monsterinsights_sitenote_category":0,"footnotes":""},"categories":[28],"tags":[114,100,126],"class_list":["post-12255","post","type-post","status-publish","format-standard","has-post-thumbnail","hentry","category-ordinary-days","tag-bruno","tag-lola","tag-tardor"],"_links":{"self":[{"href":"http:\/\/traba.org\/trabablog\/index.php?rest_route=\/wp\/v2\/posts\/12255","targetHints":{"allow":["GET"]}}],"collection":[{"href":"http:\/\/traba.org\/trabablog\/index.php?rest_route=\/wp\/v2\/posts"}],"about":[{"href":"http:\/\/traba.org\/trabablog\/index.php?rest_route=\/wp\/v2\/types\/post"}],"author":[{"embeddable":true,"href":"http:\/\/traba.org\/trabablog\/index.php?rest_route=\/wp\/v2\/users\/5"}],"replies":[{"embeddable":true,"href":"http:\/\/traba.org\/trabablog\/index.php?rest_route=%2Fwp%2Fv2%2Fcomments&post=12255"}],"version-history":[{"count":2,"href":"http:\/\/traba.org\/trabablog\/index.php?rest_route=\/wp\/v2\/posts\/12255\/revisions"}],"predecessor-version":[{"id":12263,"href":"http:\/\/traba.org\/trabablog\/index.php?rest_route=\/wp\/v2\/posts\/12255\/revisions\/12263"}],"wp:featuredmedia":[{"embeddable":true,"href":"http:\/\/traba.org\/trabablog\/index.php?rest_route=\/wp\/v2\/media\/12257"}],"wp:attachment":[{"href":"http:\/\/traba.org\/trabablog\/index.php?rest_route=%2Fwp%2Fv2%2Fmedia&parent=12255"}],"wp:term":[{"taxonomy":"category","embeddable":true,"href":"http:\/\/traba.org\/trabablog\/index.php?rest_route=%2Fwp%2Fv2%2Fcategories&post=12255"},{"taxonomy":"post_tag","embeddable":true,"href":"http:\/\/traba.org\/trabablog\/index.php?rest_route=%2Fwp%2Fv2%2Ftags&post=12255"}],"curies":[{"name":"wp","href":"https:\/\/api.w.org\/{rel}","templated":true}]}}