{"id":12374,"date":"2017-02-05T22:22:32","date_gmt":"2017-02-05T21:22:32","guid":{"rendered":"http:\/\/www.traba.org\/trabablog\/?p=12374"},"modified":"2017-02-05T22:33:49","modified_gmt":"2017-02-05T21:33:49","slug":"12374","status":"publish","type":"post","link":"http:\/\/traba.org\/trabablog\/?p=12374","title":{"rendered":"el laberint d&#8217;horta"},"content":{"rendered":"<p>ja vam anar-hi quan la <a href=\"http:\/\/www.traba.org\/trabablog\/?p=8425\">lola tenia 7 mesos<\/a>, i avui hem tornat a anar-hi, al laberint d&#8217;horta. la lola al principi no sabia molt qu\u00e8 s&#8217;havia de fer, per\u00f2 despr\u00e9s s&#8217;ho ha passat b\u00e9 seguint els camins. hi ha hagut un moment al final que estava preocupada i tot!<\/p>\n<p><img loading=\"lazy\" decoding=\"async\" class=\"aligncenter size-large wp-image-12375\" src=\"http:\/\/www.traba.org\/trabablog\/wp-content\/uploads\/2017\/02\/DSCF7198-1024x680.jpg\" alt=\"DSCF7198\" width=\"700\" height=\"465\" srcset=\"http:\/\/traba.org\/trabablog\/wp-content\/uploads\/2017\/02\/DSCF7198-1024x680.jpg 1024w, http:\/\/traba.org\/trabablog\/wp-content\/uploads\/2017\/02\/DSCF7198-300x199.jpg 300w, http:\/\/traba.org\/trabablog\/wp-content\/uploads\/2017\/02\/DSCF7198-768x510.jpg 768w, http:\/\/traba.org\/trabablog\/wp-content\/uploads\/2017\/02\/DSCF7198-600x400.jpg 600w, http:\/\/traba.org\/trabablog\/wp-content\/uploads\/2017\/02\/DSCF7198-460x306.jpg 460w, http:\/\/traba.org\/trabablog\/wp-content\/uploads\/2017\/02\/DSCF7198-688x457.jpg 688w\" sizes=\"auto, (max-width: 700px) 100vw, 700px\" \/> mentre passej\u00e0vem, an\u00e0vem fent fotos (quan no el tenia en hombros).<img loading=\"lazy\" decoding=\"async\" class=\"aligncenter size-large wp-image-12376\" src=\"http:\/\/www.traba.org\/trabablog\/wp-content\/uploads\/2017\/02\/DSCF7200-1024x680.jpg\" alt=\"DSCF7200\" width=\"700\" height=\"465\" srcset=\"http:\/\/traba.org\/trabablog\/wp-content\/uploads\/2017\/02\/DSCF7200-1024x680.jpg 1024w, http:\/\/traba.org\/trabablog\/wp-content\/uploads\/2017\/02\/DSCF7200-300x199.jpg 300w, http:\/\/traba.org\/trabablog\/wp-content\/uploads\/2017\/02\/DSCF7200-768x510.jpg 768w, http:\/\/traba.org\/trabablog\/wp-content\/uploads\/2017\/02\/DSCF7200-600x400.jpg 600w, http:\/\/traba.org\/trabablog\/wp-content\/uploads\/2017\/02\/DSCF7200-460x306.jpg 460w, http:\/\/traba.org\/trabablog\/wp-content\/uploads\/2017\/02\/DSCF7200-688x457.jpg 688w\" sizes=\"auto, (max-width: 700px) 100vw, 700px\" \/> i per fi la lola ha trobat el cam\u00ed.<img loading=\"lazy\" decoding=\"async\" class=\"aligncenter size-large wp-image-12377\" src=\"http:\/\/www.traba.org\/trabablog\/wp-content\/uploads\/2017\/02\/DSCF7201-1024x680.jpg\" alt=\"DSCF7201\" width=\"700\" height=\"465\" srcset=\"http:\/\/traba.org\/trabablog\/wp-content\/uploads\/2017\/02\/DSCF7201-1024x680.jpg 1024w, http:\/\/traba.org\/trabablog\/wp-content\/uploads\/2017\/02\/DSCF7201-300x199.jpg 300w, http:\/\/traba.org\/trabablog\/wp-content\/uploads\/2017\/02\/DSCF7201-768x510.jpg 768w, http:\/\/traba.org\/trabablog\/wp-content\/uploads\/2017\/02\/DSCF7201-600x400.jpg 600w, http:\/\/traba.org\/trabablog\/wp-content\/uploads\/2017\/02\/DSCF7201-460x306.jpg 460w, http:\/\/traba.org\/trabablog\/wp-content\/uploads\/2017\/02\/DSCF7201-688x457.jpg 688w\" sizes=\"auto, (max-width: 700px) 100vw, 700px\" \/> estava molt orgullosa d&#8217;haver-lo trobat.<img loading=\"lazy\" decoding=\"async\" class=\"aligncenter size-large wp-image-12378\" src=\"http:\/\/www.traba.org\/trabablog\/wp-content\/uploads\/2017\/02\/DSCF7202-1024x680.jpg\" alt=\"DSCF7202\" width=\"700\" height=\"465\" srcset=\"http:\/\/traba.org\/trabablog\/wp-content\/uploads\/2017\/02\/DSCF7202-1024x680.jpg 1024w, http:\/\/traba.org\/trabablog\/wp-content\/uploads\/2017\/02\/DSCF7202-300x199.jpg 300w, http:\/\/traba.org\/trabablog\/wp-content\/uploads\/2017\/02\/DSCF7202-768x510.jpg 768w, http:\/\/traba.org\/trabablog\/wp-content\/uploads\/2017\/02\/DSCF7202-600x400.jpg 600w, http:\/\/traba.org\/trabablog\/wp-content\/uploads\/2017\/02\/DSCF7202-460x306.jpg 460w, http:\/\/traba.org\/trabablog\/wp-content\/uploads\/2017\/02\/DSCF7202-688x457.jpg 688w\" sizes=\"auto, (max-width: 700px) 100vw, 700px\" \/> molt \ud83d\ude42<img loading=\"lazy\" decoding=\"async\" class=\"aligncenter size-large wp-image-12379\" src=\"http:\/\/www.traba.org\/trabablog\/wp-content\/uploads\/2017\/02\/DSCF7204-1024x680.jpg\" alt=\"DSCF7204\" width=\"700\" height=\"465\" srcset=\"http:\/\/traba.org\/trabablog\/wp-content\/uploads\/2017\/02\/DSCF7204-1024x680.jpg 1024w, http:\/\/traba.org\/trabablog\/wp-content\/uploads\/2017\/02\/DSCF7204-300x199.jpg 300w, http:\/\/traba.org\/trabablog\/wp-content\/uploads\/2017\/02\/DSCF7204-768x510.jpg 768w, http:\/\/traba.org\/trabablog\/wp-content\/uploads\/2017\/02\/DSCF7204-600x400.jpg 600w, http:\/\/traba.org\/trabablog\/wp-content\/uploads\/2017\/02\/DSCF7204-460x306.jpg 460w, http:\/\/traba.org\/trabablog\/wp-content\/uploads\/2017\/02\/DSCF7204-688x457.jpg 688w\" sizes=\"auto, (max-width: 700px) 100vw, 700px\" \/> i despr\u00e9s un vermut al parc.<img loading=\"lazy\" decoding=\"async\" class=\"aligncenter wp-image-12380 size-large\" src=\"http:\/\/www.traba.org\/trabablog\/wp-content\/uploads\/2017\/02\/DSCF7207-e1486329562425-680x1024.jpg\" alt=\"DSCF7207\" width=\"680\" height=\"1024\" srcset=\"http:\/\/traba.org\/trabablog\/wp-content\/uploads\/2017\/02\/DSCF7207-e1486329562425-680x1024.jpg 680w, http:\/\/traba.org\/trabablog\/wp-content\/uploads\/2017\/02\/DSCF7207-e1486329562425-199x300.jpg 199w, http:\/\/traba.org\/trabablog\/wp-content\/uploads\/2017\/02\/DSCF7207-e1486329562425-768x1156.jpg 768w, http:\/\/traba.org\/trabablog\/wp-content\/uploads\/2017\/02\/DSCF7207-e1486329562425-231x348.jpg 231w, http:\/\/traba.org\/trabablog\/wp-content\/uploads\/2017\/02\/DSCF7207-e1486329562425-688x1036.jpg 688w\" sizes=\"auto, (max-width: 680px) 100vw, 680px\" \/> <img loading=\"lazy\" decoding=\"async\" class=\"aligncenter wp-image-12381 size-large\" src=\"http:\/\/www.traba.org\/trabablog\/wp-content\/uploads\/2017\/02\/DSCF7208-e1486329600998-680x1024.jpg\" alt=\"DSCF7208\" width=\"680\" height=\"1024\" srcset=\"http:\/\/traba.org\/trabablog\/wp-content\/uploads\/2017\/02\/DSCF7208-e1486329600998-680x1024.jpg 680w, http:\/\/traba.org\/trabablog\/wp-content\/uploads\/2017\/02\/DSCF7208-e1486329600998-199x300.jpg 199w, http:\/\/traba.org\/trabablog\/wp-content\/uploads\/2017\/02\/DSCF7208-e1486329600998-768x1156.jpg 768w, http:\/\/traba.org\/trabablog\/wp-content\/uploads\/2017\/02\/DSCF7208-e1486329600998-231x348.jpg 231w, http:\/\/traba.org\/trabablog\/wp-content\/uploads\/2017\/02\/DSCF7208-e1486329600998-688x1036.jpg 688w\" sizes=\"auto, (max-width: 680px) 100vw, 680px\" \/> <img loading=\"lazy\" decoding=\"async\" class=\"aligncenter size-large wp-image-12382\" src=\"http:\/\/www.traba.org\/trabablog\/wp-content\/uploads\/2017\/02\/DSCF7211-1024x680.jpg\" alt=\"DSCF7211\" width=\"700\" height=\"465\" srcset=\"http:\/\/traba.org\/trabablog\/wp-content\/uploads\/2017\/02\/DSCF7211-1024x680.jpg 1024w, http:\/\/traba.org\/trabablog\/wp-content\/uploads\/2017\/02\/DSCF7211-300x199.jpg 300w, http:\/\/traba.org\/trabablog\/wp-content\/uploads\/2017\/02\/DSCF7211-768x510.jpg 768w, http:\/\/traba.org\/trabablog\/wp-content\/uploads\/2017\/02\/DSCF7211-600x400.jpg 600w, http:\/\/traba.org\/trabablog\/wp-content\/uploads\/2017\/02\/DSCF7211-460x306.jpg 460w, http:\/\/traba.org\/trabablog\/wp-content\/uploads\/2017\/02\/DSCF7211-688x457.jpg 688w\" sizes=\"auto, (max-width: 700px) 100vw, 700px\" \/> <img loading=\"lazy\" decoding=\"async\" class=\"aligncenter size-large wp-image-12383\" src=\"http:\/\/www.traba.org\/trabablog\/wp-content\/uploads\/2017\/02\/DSCF7213-1024x680.jpg\" alt=\"DSCF7213\" width=\"700\" height=\"465\" srcset=\"http:\/\/traba.org\/trabablog\/wp-content\/uploads\/2017\/02\/DSCF7213-1024x680.jpg 1024w, http:\/\/traba.org\/trabablog\/wp-content\/uploads\/2017\/02\/DSCF7213-300x199.jpg 300w, http:\/\/traba.org\/trabablog\/wp-content\/uploads\/2017\/02\/DSCF7213-768x510.jpg 768w, http:\/\/traba.org\/trabablog\/wp-content\/uploads\/2017\/02\/DSCF7213-600x400.jpg 600w, http:\/\/traba.org\/trabablog\/wp-content\/uploads\/2017\/02\/DSCF7213-460x306.jpg 460w, http:\/\/traba.org\/trabablog\/wp-content\/uploads\/2017\/02\/DSCF7213-688x457.jpg 688w\" sizes=\"auto, (max-width: 700px) 100vw, 700px\" \/> la lola ha caigut escalant per un forat.<img loading=\"lazy\" decoding=\"async\" class=\"aligncenter size-large wp-image-12384\" src=\"http:\/\/www.traba.org\/trabablog\/wp-content\/uploads\/2017\/02\/DSCF7216-1024x680.jpg\" alt=\"DSCF7216\" width=\"700\" height=\"465\" srcset=\"http:\/\/traba.org\/trabablog\/wp-content\/uploads\/2017\/02\/DSCF7216-1024x680.jpg 1024w, http:\/\/traba.org\/trabablog\/wp-content\/uploads\/2017\/02\/DSCF7216-300x199.jpg 300w, http:\/\/traba.org\/trabablog\/wp-content\/uploads\/2017\/02\/DSCF7216-768x510.jpg 768w, http:\/\/traba.org\/trabablog\/wp-content\/uploads\/2017\/02\/DSCF7216-600x400.jpg 600w, http:\/\/traba.org\/trabablog\/wp-content\/uploads\/2017\/02\/DSCF7216-460x306.jpg 460w, http:\/\/traba.org\/trabablog\/wp-content\/uploads\/2017\/02\/DSCF7216-688x457.jpg 688w\" sizes=\"auto, (max-width: 700px) 100vw, 700px\" \/> per\u00f2 ho ha tornat a intentar i li ha sortit \ud83d\ude42<img loading=\"lazy\" decoding=\"async\" class=\"aligncenter size-large wp-image-12385\" src=\"http:\/\/www.traba.org\/trabablog\/wp-content\/uploads\/2017\/02\/DSCF7225-1024x680.jpg\" alt=\"DSCF7225\" width=\"700\" height=\"465\" srcset=\"http:\/\/traba.org\/trabablog\/wp-content\/uploads\/2017\/02\/DSCF7225-1024x680.jpg 1024w, http:\/\/traba.org\/trabablog\/wp-content\/uploads\/2017\/02\/DSCF7225-300x199.jpg 300w, http:\/\/traba.org\/trabablog\/wp-content\/uploads\/2017\/02\/DSCF7225-768x510.jpg 768w, http:\/\/traba.org\/trabablog\/wp-content\/uploads\/2017\/02\/DSCF7225-600x400.jpg 600w, http:\/\/traba.org\/trabablog\/wp-content\/uploads\/2017\/02\/DSCF7225-460x306.jpg 460w, http:\/\/traba.org\/trabablog\/wp-content\/uploads\/2017\/02\/DSCF7225-688x457.jpg 688w\" sizes=\"auto, (max-width: 700px) 100vw, 700px\" \/> una assassada.<img loading=\"lazy\" decoding=\"async\" class=\"aligncenter size-large wp-image-12386\" src=\"http:\/\/www.traba.org\/trabablog\/wp-content\/uploads\/2017\/02\/DSCF7231-1024x680.jpg\" alt=\"DSCF7231\" width=\"700\" height=\"465\" srcset=\"http:\/\/traba.org\/trabablog\/wp-content\/uploads\/2017\/02\/DSCF7231-1024x680.jpg 1024w, http:\/\/traba.org\/trabablog\/wp-content\/uploads\/2017\/02\/DSCF7231-300x199.jpg 300w, http:\/\/traba.org\/trabablog\/wp-content\/uploads\/2017\/02\/DSCF7231-768x510.jpg 768w, http:\/\/traba.org\/trabablog\/wp-content\/uploads\/2017\/02\/DSCF7231-600x400.jpg 600w, http:\/\/traba.org\/trabablog\/wp-content\/uploads\/2017\/02\/DSCF7231-460x306.jpg 460w, http:\/\/traba.org\/trabablog\/wp-content\/uploads\/2017\/02\/DSCF7231-688x457.jpg 688w\" sizes=\"auto, (max-width: 700px) 100vw, 700px\" \/> aprofintant les opcions del mobiliari urb\u00e0.<img loading=\"lazy\" decoding=\"async\" class=\"aligncenter size-large wp-image-12387\" src=\"http:\/\/www.traba.org\/trabablog\/wp-content\/uploads\/2017\/02\/DSCF7242-1024x680.jpg\" alt=\"DSCF7242\" width=\"700\" height=\"465\" srcset=\"http:\/\/traba.org\/trabablog\/wp-content\/uploads\/2017\/02\/DSCF7242-1024x680.jpg 1024w, http:\/\/traba.org\/trabablog\/wp-content\/uploads\/2017\/02\/DSCF7242-300x199.jpg 300w, http:\/\/traba.org\/trabablog\/wp-content\/uploads\/2017\/02\/DSCF7242-768x510.jpg 768w, http:\/\/traba.org\/trabablog\/wp-content\/uploads\/2017\/02\/DSCF7242-600x400.jpg 600w, http:\/\/traba.org\/trabablog\/wp-content\/uploads\/2017\/02\/DSCF7242-460x306.jpg 460w, http:\/\/traba.org\/trabablog\/wp-content\/uploads\/2017\/02\/DSCF7242-688x457.jpg 688w\" sizes=\"auto, (max-width: 700px) 100vw, 700px\" \/><\/p>\n","protected":false},"excerpt":{"rendered":"<p>ja vam anar-hi quan la lola tenia 7 mesos, i avui hem tornat a anar-hi, al laberint d&#8217;horta. la lola al principi no sabia molt qu\u00e8 s&#8217;havia de fer, per\u00f2&#8230;<\/p>\n","protected":false},"author":5,"featured_media":12378,"comment_status":"open","ping_status":"open","sticky":false,"template":"","format":"standard","meta":{"_monsterinsights_skip_tracking":false,"_monsterinsights_sitenote_active":false,"_monsterinsights_sitenote_note":"","_monsterinsights_sitenote_category":0,"footnotes":""},"categories":[28],"tags":[52,62,114,104,78,100,45],"class_list":["post-12374","post","type-post","status-publish","format-standard","has-post-thumbnail","hentry","category-ordinary-days","tag-bar","tag-barcelona","tag-bruno","tag-firsts","tag-hivern","tag-lola","tag-menjar"],"_links":{"self":[{"href":"http:\/\/traba.org\/trabablog\/index.php?rest_route=\/wp\/v2\/posts\/12374","targetHints":{"allow":["GET"]}}],"collection":[{"href":"http:\/\/traba.org\/trabablog\/index.php?rest_route=\/wp\/v2\/posts"}],"about":[{"href":"http:\/\/traba.org\/trabablog\/index.php?rest_route=\/wp\/v2\/types\/post"}],"author":[{"embeddable":true,"href":"http:\/\/traba.org\/trabablog\/index.php?rest_route=\/wp\/v2\/users\/5"}],"replies":[{"embeddable":true,"href":"http:\/\/traba.org\/trabablog\/index.php?rest_route=%2Fwp%2Fv2%2Fcomments&post=12374"}],"version-history":[{"count":3,"href":"http:\/\/traba.org\/trabablog\/index.php?rest_route=\/wp\/v2\/posts\/12374\/revisions"}],"predecessor-version":[{"id":12391,"href":"http:\/\/traba.org\/trabablog\/index.php?rest_route=\/wp\/v2\/posts\/12374\/revisions\/12391"}],"wp:featuredmedia":[{"embeddable":true,"href":"http:\/\/traba.org\/trabablog\/index.php?rest_route=\/wp\/v2\/media\/12378"}],"wp:attachment":[{"href":"http:\/\/traba.org\/trabablog\/index.php?rest_route=%2Fwp%2Fv2%2Fmedia&parent=12374"}],"wp:term":[{"taxonomy":"category","embeddable":true,"href":"http:\/\/traba.org\/trabablog\/index.php?rest_route=%2Fwp%2Fv2%2Fcategories&post=12374"},{"taxonomy":"post_tag","embeddable":true,"href":"http:\/\/traba.org\/trabablog\/index.php?rest_route=%2Fwp%2Fv2%2Ftags&post=12374"}],"curies":[{"name":"wp","href":"https:\/\/api.w.org\/{rel}","templated":true}]}}