{"id":1247,"date":"2008-09-21T23:11:49","date_gmt":"2008-09-21T21:11:49","guid":{"rendered":"http:\/\/www.traba.org\/trabablog\/?p=1247"},"modified":"2008-09-24T08:45:33","modified_gmt":"2008-09-24T06:45:33","slug":"ja-hem-tornat","status":"publish","type":"post","link":"http:\/\/traba.org\/trabablog\/?p=1247","title":{"rendered":"Ja hem tornat"},"content":{"rendered":"<p>Total que hem estat a 21 hotels en 35 dies de viatge i hem fet un total de 9.148 km., tot per uns 3700\u20ac cadasc\u00fa.<\/p>\n<p><iframe loading=\"lazy\" width=\"425\" height=\"350\" frameborder=\"0\" scrolling=\"no\" marginheight=\"0\" marginwidth=\"0\" src=\"http:\/\/maps.google.com\/maps?f=q&amp;hl=es&amp;geocode=&amp;q=from:seattle+to:vancouver+to:jasper,ab+to:banff+to:field,bc+to:west+glacier+to:st+mary,mt+to:red+lodge,mt+to:cooke+city+to:jackson,wy+to:springdale,ut+to:bryce+canyon+to:moab,ut+to:mexican+hat,+ut+to:north+rim,az+to:tusayan+to:las+vegas+to:three+rivers,ca+to:san+francisco&amp;sll=44.517703,-116.244938&amp;sspn=32.049214,79.101563&amp;ie=UTF8&amp;ll=44.840291,-113.818359&amp;spn=21.808135,37.353516&amp;output=embed&amp;s=AARTsJpx-8BDcahiEwzvdCkUiadULAariQ\"><\/iframe><br \/><small><a href=\"http:\/\/maps.google.com\/maps?f=q&amp;hl=es&amp;geocode=&amp;q=from:seattle+to:vancouver+to:jasper,ab+to:banff+to:field,bc+to:west+glacier+to:st+mary,mt+to:red+lodge,mt+to:cooke+city+to:jackson,wy+to:springdale,ut+to:bryce+canyon+to:moab,ut+to:mexican+hat,+ut+to:north+rim,az+to:tusayan+to:las+vegas+to:three+rivers,ca+to:san+francisco&amp;sll=44.517703,-116.244938&amp;sspn=32.049214,79.101563&amp;ie=UTF8&amp;ll=44.840291,-113.818359&amp;spn=21.808135,37.353516&amp;source=embed\" style=\"color:#0000FF;text-align:left\">Ver mapa m\u00e1s grande<\/a><\/small><\/p>\n<p>I un p\u00e8l tard, per\u00f2 aqu\u00ed teniu els resultats del concurs del Less Photogenic:<\/p>\n<p>Han quedat empatats en primera posici\u00f3 la foto 1, la serie del Francesc i la foto 5, la de la Laia. Us les poso per ordre de punts.<\/p>\n<p>Foto 1: 3 (mare de l&#8217;Albert), 3 (Laura) -&gt; 6 punts<\/p>\n<p><a href=\"http:\/\/www.traba.org\/trabablog\/wp-content\/uploads\/2008\/09\/image.png\"><img loading=\"lazy\" decoding=\"async\" style=\"border-top-width: 0px; border-left-width: 0px; border-bottom-width: 0px; border-right-width: 0px\" src=\"http:\/\/www.traba.org\/trabablog\/wp-content\/uploads\/2008\/09\/image-thumb.png\" border=\"0\" alt=\"image\" width=\"204\" height=\"154\" \/><\/a><a href=\"http:\/\/www.traba.org\/trabablog\/wp-content\/uploads\/2008\/09\/image1.png\"><img loading=\"lazy\" decoding=\"async\" style=\"border-top-width: 0px; border-left-width: 0px; border-bottom-width: 0px; border-right-width: 0px\" src=\"http:\/\/www.traba.org\/trabablog\/wp-content\/uploads\/2008\/09\/image-thumb1.png\" border=\"0\" alt=\"image\" width=\"204\" height=\"154\" \/><\/a><\/p>\n<p><a href=\"http:\/\/www.traba.org\/trabablog\/wp-content\/uploads\/2008\/09\/image2.png\"><img loading=\"lazy\" decoding=\"async\" style=\"border-top-width: 0px; border-left-width: 0px; border-bottom-width: 0px; border-right-width: 0px\" src=\"http:\/\/www.traba.org\/trabablog\/wp-content\/uploads\/2008\/09\/image-thumb2.png\" border=\"0\" alt=\"image\" width=\"204\" height=\"154\" \/><\/a><a href=\"http:\/\/www.traba.org\/trabablog\/wp-content\/uploads\/2008\/09\/image3.png\"><img loading=\"lazy\" decoding=\"async\" style=\"border-top-width: 0px; border-left-width: 0px; border-bottom-width: 0px; border-right-width: 0px\" src=\"http:\/\/www.traba.org\/trabablog\/wp-content\/uploads\/2008\/09\/image-thumb3.png\" border=\"0\" alt=\"image\" width=\"204\" height=\"154\" \/><\/a><\/p>\n<p>Foto 5: 3 (Laia), 2 (mare de l&#8217;Albert), 1 (Laura) -&gt; 6 punts<\/p>\n<p><a href=\"http:\/\/www.traba.org\/trabablog\/wp-content\/uploads\/2008\/09\/image4.png\"><img loading=\"lazy\" decoding=\"async\" style=\"border-top-width: 0px; border-left-width: 0px; border-bottom-width: 0px; border-right-width: 0px\" src=\"http:\/\/www.traba.org\/trabablog\/wp-content\/uploads\/2008\/09\/image-thumb4.png\" border=\"0\" alt=\"image\" width=\"204\" height=\"251\" \/><\/a><\/p>\n<p>Foto 2: 2 (Laura), 3 (Anna) -&gt; 5 punts<\/p>\n<p><a href=\"http:\/\/www.traba.org\/trabablog\/wp-content\/uploads\/2008\/09\/image5.png\"><img loading=\"lazy\" decoding=\"async\" style=\"border-top-width: 0px; border-left-width: 0px; border-bottom-width: 0px; border-right-width: 0px\" src=\"http:\/\/www.traba.org\/trabablog\/wp-content\/uploads\/2008\/09\/image-thumb5.png\" border=\"0\" alt=\"image\" width=\"204\" height=\"138\" \/><\/a><\/p>\n<p>Foto 4: 1 (Laia), 2 (Anna) -&gt; 3 punts<\/p>\n<p><a href=\"http:\/\/www.traba.org\/trabablog\/wp-content\/uploads\/2008\/09\/image6.png\"><img loading=\"lazy\" decoding=\"async\" style=\"border-top-width: 0px; border-left-width: 0px; border-bottom-width: 0px; border-right-width: 0px\" src=\"http:\/\/www.traba.org\/trabablog\/wp-content\/uploads\/2008\/09\/image-thumb6.png\" border=\"0\" alt=\"image\" width=\"204\" height=\"154\" \/><\/a><\/p>\n<p>Foto 3: 2 (Laia)-&gt; 2 punts<\/p>\n<p><a href=\"http:\/\/www.traba.org\/trabablog\/wp-content\/uploads\/2008\/09\/image7.png\"><img loading=\"lazy\" decoding=\"async\" style=\"border-top-width: 0px; border-left-width: 0px; border-bottom-width: 0px; border-right-width: 0px\" src=\"http:\/\/www.traba.org\/trabablog\/wp-content\/uploads\/2008\/09\/image-thumb7.png\" border=\"0\" alt=\"image\" width=\"204\" height=\"154\" \/><\/a><\/p>\n<p>Foto 6: 1 (mare de l&#8217;Albert), 1 (Anna) -&gt; 2 punts<\/p>\n<p><a href=\"http:\/\/www.traba.org\/trabablog\/wp-content\/uploads\/2008\/09\/image8.png\"><img loading=\"lazy\" decoding=\"async\" style=\"border-top-width: 0px; border-left-width: 0px; border-bottom-width: 0px; border-right-width: 0px\" src=\"http:\/\/www.traba.org\/trabablog\/wp-content\/uploads\/2008\/09\/image-thumb8.png\" border=\"0\" alt=\"image\" width=\"204\" height=\"186\" \/><\/a><\/p>\n<p>Fins la propera!<\/p>\n","protected":false},"excerpt":{"rendered":"<p>Total que hem estat a 21 hotels en 35 dies de viatge i hem fet un total de 9.148 km., tot per uns 3700\u20ac cadasc\u00fa. Ver mapa m\u00e1s grande I&#8230;<\/p>\n","protected":false},"author":5,"featured_media":0,"comment_status":"open","ping_status":"open","sticky":false,"template":"","format":"standard","meta":{"_monsterinsights_skip_tracking":false,"_monsterinsights_sitenote_active":false,"_monsterinsights_sitenote_note":"","_monsterinsights_sitenote_category":0,"footnotes":""},"categories":[13,4],"tags":[],"class_list":["post-1247","post","type-post","status-publish","format-standard","hentry","category-canada-usa","category-vacances"],"_links":{"self":[{"href":"http:\/\/traba.org\/trabablog\/index.php?rest_route=\/wp\/v2\/posts\/1247","targetHints":{"allow":["GET"]}}],"collection":[{"href":"http:\/\/traba.org\/trabablog\/index.php?rest_route=\/wp\/v2\/posts"}],"about":[{"href":"http:\/\/traba.org\/trabablog\/index.php?rest_route=\/wp\/v2\/types\/post"}],"author":[{"embeddable":true,"href":"http:\/\/traba.org\/trabablog\/index.php?rest_route=\/wp\/v2\/users\/5"}],"replies":[{"embeddable":true,"href":"http:\/\/traba.org\/trabablog\/index.php?rest_route=%2Fwp%2Fv2%2Fcomments&post=1247"}],"version-history":[{"count":7,"href":"http:\/\/traba.org\/trabablog\/index.php?rest_route=\/wp\/v2\/posts\/1247\/revisions"}],"predecessor-version":[{"id":1254,"href":"http:\/\/traba.org\/trabablog\/index.php?rest_route=\/wp\/v2\/posts\/1247\/revisions\/1254"}],"wp:attachment":[{"href":"http:\/\/traba.org\/trabablog\/index.php?rest_route=%2Fwp%2Fv2%2Fmedia&parent=1247"}],"wp:term":[{"taxonomy":"category","embeddable":true,"href":"http:\/\/traba.org\/trabablog\/index.php?rest_route=%2Fwp%2Fv2%2Fcategories&post=1247"},{"taxonomy":"post_tag","embeddable":true,"href":"http:\/\/traba.org\/trabablog\/index.php?rest_route=%2Fwp%2Fv2%2Ftags&post=1247"}],"curies":[{"name":"wp","href":"https:\/\/api.w.org\/{rel}","templated":true}]}}