{"id":12634,"date":"2017-05-08T21:59:47","date_gmt":"2017-05-08T20:59:47","guid":{"rendered":"http:\/\/www.traba.org\/trabablog\/?p=12634"},"modified":"2017-05-09T11:41:36","modified_gmt":"2017-05-09T10:41:36","slug":"celebrant-els-40","status":"publish","type":"post","link":"http:\/\/traba.org\/trabablog\/?p=12634","title":{"rendered":"celebrant els 40"},"content":{"rendered":"<p>aquest cap de setmana ha estat de celebraci\u00f3. el francesc ha fet 40 anys!<\/p>\n<p>al mat\u00ed, uns cereals amb llet per esmorzar, per esperar que vinguin els convidats i la mama.<\/p>\n<p><img loading=\"lazy\" decoding=\"async\" class=\"aligncenter size-large wp-image-12635\" src=\"http:\/\/www.traba.org\/trabablog\/wp-content\/uploads\/2017\/05\/IMG_20170506_083509-768x1024.jpg\" alt=\"\" width=\"700\" height=\"933\" srcset=\"http:\/\/traba.org\/trabablog\/wp-content\/uploads\/2017\/05\/IMG_20170506_083509-768x1024.jpg 768w, http:\/\/traba.org\/trabablog\/wp-content\/uploads\/2017\/05\/IMG_20170506_083509-225x300.jpg 225w, http:\/\/traba.org\/trabablog\/wp-content\/uploads\/2017\/05\/IMG_20170506_083509-261x348.jpg 261w, http:\/\/traba.org\/trabablog\/wp-content\/uploads\/2017\/05\/IMG_20170506_083509-688x917.jpg 688w\" sizes=\"auto, (max-width: 700px) 100vw, 700px\" \/> ja vestits, esperant que arribi l&#8217;hora.<img loading=\"lazy\" decoding=\"async\" class=\"aligncenter size-large wp-image-12636\" src=\"http:\/\/www.traba.org\/trabablog\/wp-content\/uploads\/2017\/05\/IMG_20170506_120302-1024x768.jpg\" alt=\"\" width=\"700\" height=\"525\" srcset=\"http:\/\/traba.org\/trabablog\/wp-content\/uploads\/2017\/05\/IMG_20170506_120302-1024x768.jpg 1024w, http:\/\/traba.org\/trabablog\/wp-content\/uploads\/2017\/05\/IMG_20170506_120302-300x225.jpg 300w, http:\/\/traba.org\/trabablog\/wp-content\/uploads\/2017\/05\/IMG_20170506_120302-768x576.jpg 768w, http:\/\/traba.org\/trabablog\/wp-content\/uploads\/2017\/05\/IMG_20170506_120302-460x345.jpg 460w, http:\/\/traba.org\/trabablog\/wp-content\/uploads\/2017\/05\/IMG_20170506_120302-688x516.jpg 688w\" sizes=\"auto, (max-width: 700px) 100vw, 700px\" \/> ja s\u00f3n aqu\u00ed \ud83d\ude42<img loading=\"lazy\" decoding=\"async\" class=\"aligncenter size-large wp-image-12637\" src=\"http:\/\/www.traba.org\/trabablog\/wp-content\/uploads\/2017\/05\/IMG_20170506_134636-1024x768.jpg\" alt=\"\" width=\"700\" height=\"525\" srcset=\"http:\/\/traba.org\/trabablog\/wp-content\/uploads\/2017\/05\/IMG_20170506_134636-1024x768.jpg 1024w, http:\/\/traba.org\/trabablog\/wp-content\/uploads\/2017\/05\/IMG_20170506_134636-300x225.jpg 300w, http:\/\/traba.org\/trabablog\/wp-content\/uploads\/2017\/05\/IMG_20170506_134636-768x576.jpg 768w, http:\/\/traba.org\/trabablog\/wp-content\/uploads\/2017\/05\/IMG_20170506_134636-460x345.jpg 460w, http:\/\/traba.org\/trabablog\/wp-content\/uploads\/2017\/05\/IMG_20170506_134636-688x516.jpg 688w\" sizes=\"auto, (max-width: 700px) 100vw, 700px\" \/> i per fi, el past\u00eds!<img loading=\"lazy\" decoding=\"async\" class=\"aligncenter size-large wp-image-12638\" src=\"http:\/\/www.traba.org\/trabablog\/wp-content\/uploads\/2017\/05\/DSCF7528-1024x680.jpg\" alt=\"\" width=\"700\" height=\"465\" srcset=\"http:\/\/traba.org\/trabablog\/wp-content\/uploads\/2017\/05\/DSCF7528-1024x680.jpg 1024w, http:\/\/traba.org\/trabablog\/wp-content\/uploads\/2017\/05\/DSCF7528-300x199.jpg 300w, http:\/\/traba.org\/trabablog\/wp-content\/uploads\/2017\/05\/DSCF7528-768x510.jpg 768w, http:\/\/traba.org\/trabablog\/wp-content\/uploads\/2017\/05\/DSCF7528-600x400.jpg 600w, http:\/\/traba.org\/trabablog\/wp-content\/uploads\/2017\/05\/DSCF7528-460x306.jpg 460w, http:\/\/traba.org\/trabablog\/wp-content\/uploads\/2017\/05\/DSCF7528-688x457.jpg 688w\" sizes=\"auto, (max-width: 700px) 100vw, 700px\" \/> <img loading=\"lazy\" decoding=\"async\" class=\"aligncenter size-large wp-image-12639\" src=\"http:\/\/www.traba.org\/trabablog\/wp-content\/uploads\/2017\/05\/DSCF7544-1024x680.jpg\" alt=\"\" width=\"700\" height=\"465\" srcset=\"http:\/\/traba.org\/trabablog\/wp-content\/uploads\/2017\/05\/DSCF7544-1024x680.jpg 1024w, http:\/\/traba.org\/trabablog\/wp-content\/uploads\/2017\/05\/DSCF7544-300x199.jpg 300w, http:\/\/traba.org\/trabablog\/wp-content\/uploads\/2017\/05\/DSCF7544-768x510.jpg 768w, http:\/\/traba.org\/trabablog\/wp-content\/uploads\/2017\/05\/DSCF7544-600x400.jpg 600w, http:\/\/traba.org\/trabablog\/wp-content\/uploads\/2017\/05\/DSCF7544-460x306.jpg 460w, http:\/\/traba.org\/trabablog\/wp-content\/uploads\/2017\/05\/DSCF7544-688x457.jpg 688w\" sizes=\"auto, (max-width: 700px) 100vw, 700px\" \/> i despr\u00e9s del dinar, cap a fonolleres. i a la nit, a jugar al burgle bross amb una cervecilla.<img loading=\"lazy\" decoding=\"async\" class=\"aligncenter size-large wp-image-12640\" src=\"http:\/\/www.traba.org\/trabablog\/wp-content\/uploads\/2017\/05\/IMG_20170506_235530-1024x768.jpg\" alt=\"\" width=\"700\" height=\"525\" srcset=\"http:\/\/traba.org\/trabablog\/wp-content\/uploads\/2017\/05\/IMG_20170506_235530-1024x768.jpg 1024w, http:\/\/traba.org\/trabablog\/wp-content\/uploads\/2017\/05\/IMG_20170506_235530-300x225.jpg 300w, http:\/\/traba.org\/trabablog\/wp-content\/uploads\/2017\/05\/IMG_20170506_235530-768x576.jpg 768w, http:\/\/traba.org\/trabablog\/wp-content\/uploads\/2017\/05\/IMG_20170506_235530-460x345.jpg 460w, http:\/\/traba.org\/trabablog\/wp-content\/uploads\/2017\/05\/IMG_20170506_235530-688x516.jpg 688w\" sizes=\"auto, (max-width: 700px) 100vw, 700px\" \/> diumenge, vermut. es va convertir en dinar, que les olives i les patates es van quedar curtes.<img loading=\"lazy\" decoding=\"async\" class=\"aligncenter size-large wp-image-12641\" src=\"http:\/\/www.traba.org\/trabablog\/wp-content\/uploads\/2017\/05\/IMG_20170507_122323-1024x768.jpg\" alt=\"\" width=\"700\" height=\"525\" srcset=\"http:\/\/traba.org\/trabablog\/wp-content\/uploads\/2017\/05\/IMG_20170507_122323-1024x768.jpg 1024w, http:\/\/traba.org\/trabablog\/wp-content\/uploads\/2017\/05\/IMG_20170507_122323-300x225.jpg 300w, http:\/\/traba.org\/trabablog\/wp-content\/uploads\/2017\/05\/IMG_20170507_122323-768x576.jpg 768w, http:\/\/traba.org\/trabablog\/wp-content\/uploads\/2017\/05\/IMG_20170507_122323-460x345.jpg 460w, http:\/\/traba.org\/trabablog\/wp-content\/uploads\/2017\/05\/IMG_20170507_122323-688x516.jpg 688w\" sizes=\"auto, (max-width: 700px) 100vw, 700px\" \/> preparant el regal del papa. vam estar tota la migdiada del bruno pintant.<img loading=\"lazy\" decoding=\"async\" class=\"aligncenter wp-image-12642 size-large\" src=\"http:\/\/www.traba.org\/trabablog\/wp-content\/uploads\/2017\/05\/IMG_3327-e1494276288484-768x1024.jpg\" alt=\"\" width=\"700\" height=\"933\" srcset=\"http:\/\/traba.org\/trabablog\/wp-content\/uploads\/2017\/05\/IMG_3327-e1494276288484-768x1024.jpg 768w, http:\/\/traba.org\/trabablog\/wp-content\/uploads\/2017\/05\/IMG_3327-e1494276288484-225x300.jpg 225w, http:\/\/traba.org\/trabablog\/wp-content\/uploads\/2017\/05\/IMG_3327-e1494276288484-261x348.jpg 261w, http:\/\/traba.org\/trabablog\/wp-content\/uploads\/2017\/05\/IMG_3327-e1494276288484-688x917.jpg 688w\" sizes=\"auto, (max-width: 700px) 100vw, 700px\" \/> berenant\u00a0a parlav\u00e0.<img loading=\"lazy\" decoding=\"async\" class=\"aligncenter size-large wp-image-12643\" src=\"http:\/\/www.traba.org\/trabablog\/wp-content\/uploads\/2017\/05\/IMG_20170507_160124-768x1024.jpg\" alt=\"\" width=\"700\" height=\"933\" srcset=\"http:\/\/traba.org\/trabablog\/wp-content\/uploads\/2017\/05\/IMG_20170507_160124-768x1024.jpg 768w, http:\/\/traba.org\/trabablog\/wp-content\/uploads\/2017\/05\/IMG_20170507_160124-225x300.jpg 225w, http:\/\/traba.org\/trabablog\/wp-content\/uploads\/2017\/05\/IMG_20170507_160124-261x348.jpg 261w, http:\/\/traba.org\/trabablog\/wp-content\/uploads\/2017\/05\/IMG_20170507_160124-688x917.jpg 688w\" sizes=\"auto, (max-width: 700px) 100vw, 700px\" \/> i cap a es castell per la tarda.<img loading=\"lazy\" decoding=\"async\" class=\"aligncenter size-large wp-image-12644\" src=\"http:\/\/www.traba.org\/trabablog\/wp-content\/uploads\/2017\/05\/IMG_20170507_172031-1024x768.jpg\" alt=\"\" width=\"700\" height=\"525\" srcset=\"http:\/\/traba.org\/trabablog\/wp-content\/uploads\/2017\/05\/IMG_20170507_172031-1024x768.jpg 1024w, http:\/\/traba.org\/trabablog\/wp-content\/uploads\/2017\/05\/IMG_20170507_172031-300x225.jpg 300w, http:\/\/traba.org\/trabablog\/wp-content\/uploads\/2017\/05\/IMG_20170507_172031-768x576.jpg 768w, http:\/\/traba.org\/trabablog\/wp-content\/uploads\/2017\/05\/IMG_20170507_172031-460x345.jpg 460w, http:\/\/traba.org\/trabablog\/wp-content\/uploads\/2017\/05\/IMG_20170507_172031-688x516.jpg 688w\" sizes=\"auto, (max-width: 700px) 100vw, 700px\" \/> <img loading=\"lazy\" decoding=\"async\" class=\"aligncenter size-large wp-image-12645\" src=\"http:\/\/www.traba.org\/trabablog\/wp-content\/uploads\/2017\/05\/IMG_20170507_174219-1024x768.jpg\" alt=\"\" width=\"700\" height=\"525\" srcset=\"http:\/\/traba.org\/trabablog\/wp-content\/uploads\/2017\/05\/IMG_20170507_174219-1024x768.jpg 1024w, http:\/\/traba.org\/trabablog\/wp-content\/uploads\/2017\/05\/IMG_20170507_174219-300x225.jpg 300w, http:\/\/traba.org\/trabablog\/wp-content\/uploads\/2017\/05\/IMG_20170507_174219-768x576.jpg 768w, http:\/\/traba.org\/trabablog\/wp-content\/uploads\/2017\/05\/IMG_20170507_174219-460x345.jpg 460w, http:\/\/traba.org\/trabablog\/wp-content\/uploads\/2017\/05\/IMG_20170507_174219-688x516.jpg 688w\" sizes=\"auto, (max-width: 700px) 100vw, 700px\" \/> <img loading=\"lazy\" decoding=\"async\" class=\"aligncenter size-large wp-image-12646\" src=\"http:\/\/www.traba.org\/trabablog\/wp-content\/uploads\/2017\/05\/IMG_20170507_174307-1024x768.jpg\" alt=\"\" width=\"700\" height=\"525\" srcset=\"http:\/\/traba.org\/trabablog\/wp-content\/uploads\/2017\/05\/IMG_20170507_174307-1024x768.jpg 1024w, http:\/\/traba.org\/trabablog\/wp-content\/uploads\/2017\/05\/IMG_20170507_174307-300x225.jpg 300w, http:\/\/traba.org\/trabablog\/wp-content\/uploads\/2017\/05\/IMG_20170507_174307-768x576.jpg 768w, http:\/\/traba.org\/trabablog\/wp-content\/uploads\/2017\/05\/IMG_20170507_174307-460x345.jpg 460w, http:\/\/traba.org\/trabablog\/wp-content\/uploads\/2017\/05\/IMG_20170507_174307-688x516.jpg 688w\" sizes=\"auto, (max-width: 700px) 100vw, 700px\" \/> <img loading=\"lazy\" decoding=\"async\" class=\"aligncenter size-large wp-image-12647\" src=\"http:\/\/www.traba.org\/trabablog\/wp-content\/uploads\/2017\/05\/IMG_3330-1024x768.jpg\" alt=\"\" width=\"700\" height=\"525\" srcset=\"http:\/\/traba.org\/trabablog\/wp-content\/uploads\/2017\/05\/IMG_3330-1024x768.jpg 1024w, http:\/\/traba.org\/trabablog\/wp-content\/uploads\/2017\/05\/IMG_3330-300x225.jpg 300w, http:\/\/traba.org\/trabablog\/wp-content\/uploads\/2017\/05\/IMG_3330-768x576.jpg 768w, http:\/\/traba.org\/trabablog\/wp-content\/uploads\/2017\/05\/IMG_3330-460x345.jpg 460w, http:\/\/traba.org\/trabablog\/wp-content\/uploads\/2017\/05\/IMG_3330-688x516.jpg 688w\" sizes=\"auto, (max-width: 700px) 100vw, 700px\" \/> <img loading=\"lazy\" decoding=\"async\" class=\"aligncenter size-large wp-image-12648\" src=\"http:\/\/www.traba.org\/trabablog\/wp-content\/uploads\/2017\/05\/IMG_20170507_182506-1024x768.jpg\" alt=\"\" width=\"700\" height=\"525\" srcset=\"http:\/\/traba.org\/trabablog\/wp-content\/uploads\/2017\/05\/IMG_20170507_182506-1024x768.jpg 1024w, http:\/\/traba.org\/trabablog\/wp-content\/uploads\/2017\/05\/IMG_20170507_182506-300x225.jpg 300w, http:\/\/traba.org\/trabablog\/wp-content\/uploads\/2017\/05\/IMG_20170507_182506-768x576.jpg 768w, http:\/\/traba.org\/trabablog\/wp-content\/uploads\/2017\/05\/IMG_20170507_182506-460x345.jpg 460w, http:\/\/traba.org\/trabablog\/wp-content\/uploads\/2017\/05\/IMG_20170507_182506-688x516.jpg 688w\" sizes=\"auto, (max-width: 700px) 100vw, 700px\" \/> <img loading=\"lazy\" decoding=\"async\" class=\"aligncenter size-large wp-image-12649\" src=\"http:\/\/www.traba.org\/trabablog\/wp-content\/uploads\/2017\/05\/IMG_20170507_182614-1024x768.jpg\" alt=\"\" width=\"700\" height=\"525\" srcset=\"http:\/\/traba.org\/trabablog\/wp-content\/uploads\/2017\/05\/IMG_20170507_182614-1024x768.jpg 1024w, http:\/\/traba.org\/trabablog\/wp-content\/uploads\/2017\/05\/IMG_20170507_182614-300x225.jpg 300w, http:\/\/traba.org\/trabablog\/wp-content\/uploads\/2017\/05\/IMG_20170507_182614-768x576.jpg 768w, http:\/\/traba.org\/trabablog\/wp-content\/uploads\/2017\/05\/IMG_20170507_182614-460x345.jpg 460w, http:\/\/traba.org\/trabablog\/wp-content\/uploads\/2017\/05\/IMG_20170507_182614-688x516.jpg 688w\" sizes=\"auto, (max-width: 700px) 100vw, 700px\" \/> <img loading=\"lazy\" decoding=\"async\" class=\"aligncenter size-large wp-image-12650\" src=\"http:\/\/www.traba.org\/trabablog\/wp-content\/uploads\/2017\/05\/IMG_20170507_182631-1024x768.jpg\" alt=\"\" width=\"700\" height=\"525\" srcset=\"http:\/\/traba.org\/trabablog\/wp-content\/uploads\/2017\/05\/IMG_20170507_182631-1024x768.jpg 1024w, http:\/\/traba.org\/trabablog\/wp-content\/uploads\/2017\/05\/IMG_20170507_182631-300x225.jpg 300w, http:\/\/traba.org\/trabablog\/wp-content\/uploads\/2017\/05\/IMG_20170507_182631-768x576.jpg 768w, http:\/\/traba.org\/trabablog\/wp-content\/uploads\/2017\/05\/IMG_20170507_182631-460x345.jpg 460w, http:\/\/traba.org\/trabablog\/wp-content\/uploads\/2017\/05\/IMG_20170507_182631-688x516.jpg 688w\" sizes=\"auto, (max-width: 700px) 100vw, 700px\" \/> <img loading=\"lazy\" decoding=\"async\" class=\"aligncenter size-large wp-image-12651\" src=\"http:\/\/www.traba.org\/trabablog\/wp-content\/uploads\/2017\/05\/IMG_20170507_183242-1024x768.jpg\" alt=\"\" width=\"700\" height=\"525\" srcset=\"http:\/\/traba.org\/trabablog\/wp-content\/uploads\/2017\/05\/IMG_20170507_183242-1024x768.jpg 1024w, http:\/\/traba.org\/trabablog\/wp-content\/uploads\/2017\/05\/IMG_20170507_183242-300x225.jpg 300w, http:\/\/traba.org\/trabablog\/wp-content\/uploads\/2017\/05\/IMG_20170507_183242-768x576.jpg 768w, http:\/\/traba.org\/trabablog\/wp-content\/uploads\/2017\/05\/IMG_20170507_183242-460x345.jpg 460w, http:\/\/traba.org\/trabablog\/wp-content\/uploads\/2017\/05\/IMG_20170507_183242-688x516.jpg 688w\" sizes=\"auto, (max-width: 700px) 100vw, 700px\" \/> <img loading=\"lazy\" decoding=\"async\" class=\"aligncenter size-large wp-image-12652\" src=\"http:\/\/www.traba.org\/trabablog\/wp-content\/uploads\/2017\/05\/IMG_20170507_183915-768x1024.jpg\" alt=\"\" width=\"700\" height=\"933\" srcset=\"http:\/\/traba.org\/trabablog\/wp-content\/uploads\/2017\/05\/IMG_20170507_183915-768x1024.jpg 768w, http:\/\/traba.org\/trabablog\/wp-content\/uploads\/2017\/05\/IMG_20170507_183915-225x300.jpg 225w, http:\/\/traba.org\/trabablog\/wp-content\/uploads\/2017\/05\/IMG_20170507_183915-261x348.jpg 261w, http:\/\/traba.org\/trabablog\/wp-content\/uploads\/2017\/05\/IMG_20170507_183915-688x917.jpg 688w\" sizes=\"auto, (max-width: 700px) 100vw, 700px\" \/> <img loading=\"lazy\" decoding=\"async\" class=\"aligncenter size-large wp-image-12653\" src=\"http:\/\/www.traba.org\/trabablog\/wp-content\/uploads\/2017\/05\/IMG_20170507_183957-1024x768.jpg\" alt=\"\" width=\"700\" height=\"525\" srcset=\"http:\/\/traba.org\/trabablog\/wp-content\/uploads\/2017\/05\/IMG_20170507_183957-1024x768.jpg 1024w, http:\/\/traba.org\/trabablog\/wp-content\/uploads\/2017\/05\/IMG_20170507_183957-300x225.jpg 300w, http:\/\/traba.org\/trabablog\/wp-content\/uploads\/2017\/05\/IMG_20170507_183957-768x576.jpg 768w, http:\/\/traba.org\/trabablog\/wp-content\/uploads\/2017\/05\/IMG_20170507_183957-460x345.jpg 460w, http:\/\/traba.org\/trabablog\/wp-content\/uploads\/2017\/05\/IMG_20170507_183957-688x516.jpg 688w\" sizes=\"auto, (max-width: 700px) 100vw, 700px\" \/> i avui, dilluns de vacances! \ud83d\ude09 no ho hav\u00edem fet mai aix\u00f2 d&#8217;agafar vacances el dia del cumple, per\u00f2 est\u00e0 molt b\u00e9! a m\u00e9s hem anar a cala estreta, que el francesc <a href=\"http:\/\/www.traba.org\/trabablog\/?p=9981\">des del 2014 <\/a>ja tenia al cap anar-hi i no \u00e9s f\u00e0cil arribar-hi si no \u00e9s caminant pel cam\u00ed de ronda des de Es Castell. amb cotxe nom\u00e9s s&#8217;hi pot anar entre setmana (ara al maig tanca els caps de setmana) i a partir de juny tamb\u00e9 tanca tots els dies.<img loading=\"lazy\" decoding=\"async\" class=\"aligncenter size-large wp-image-12654\" src=\"http:\/\/www.traba.org\/trabablog\/wp-content\/uploads\/2017\/05\/IMG_20170508_112933-768x1024.jpg\" alt=\"\" width=\"700\" height=\"933\" srcset=\"http:\/\/traba.org\/trabablog\/wp-content\/uploads\/2017\/05\/IMG_20170508_112933-768x1024.jpg 768w, http:\/\/traba.org\/trabablog\/wp-content\/uploads\/2017\/05\/IMG_20170508_112933-225x300.jpg 225w, http:\/\/traba.org\/trabablog\/wp-content\/uploads\/2017\/05\/IMG_20170508_112933-261x348.jpg 261w, http:\/\/traba.org\/trabablog\/wp-content\/uploads\/2017\/05\/IMG_20170508_112933-688x917.jpg 688w\" sizes=\"auto, (max-width: 700px) 100vw, 700px\" \/> <img loading=\"lazy\" decoding=\"async\" class=\"aligncenter size-large wp-image-12655\" src=\"http:\/\/www.traba.org\/trabablog\/wp-content\/uploads\/2017\/05\/IMG_20170508_113139-1024x768.jpg\" alt=\"\" width=\"700\" height=\"525\" srcset=\"http:\/\/traba.org\/trabablog\/wp-content\/uploads\/2017\/05\/IMG_20170508_113139-1024x768.jpg 1024w, http:\/\/traba.org\/trabablog\/wp-content\/uploads\/2017\/05\/IMG_20170508_113139-300x225.jpg 300w, http:\/\/traba.org\/trabablog\/wp-content\/uploads\/2017\/05\/IMG_20170508_113139-768x576.jpg 768w, http:\/\/traba.org\/trabablog\/wp-content\/uploads\/2017\/05\/IMG_20170508_113139-460x345.jpg 460w, http:\/\/traba.org\/trabablog\/wp-content\/uploads\/2017\/05\/IMG_20170508_113139-688x516.jpg 688w\" sizes=\"auto, (max-width: 700px) 100vw, 700px\" \/> ll\u00e0stima que el bosc \u00e9s tot privat, i ho fa saber amb els cartellets i amb les valles recobertes d&#8217;espines.<img loading=\"lazy\" decoding=\"async\" class=\"aligncenter size-large wp-image-12656\" src=\"http:\/\/www.traba.org\/trabablog\/wp-content\/uploads\/2017\/05\/IMG_20170508_113856-1024x768.jpg\" alt=\"\" width=\"700\" height=\"525\" srcset=\"http:\/\/traba.org\/trabablog\/wp-content\/uploads\/2017\/05\/IMG_20170508_113856-1024x768.jpg 1024w, http:\/\/traba.org\/trabablog\/wp-content\/uploads\/2017\/05\/IMG_20170508_113856-300x225.jpg 300w, http:\/\/traba.org\/trabablog\/wp-content\/uploads\/2017\/05\/IMG_20170508_113856-768x576.jpg 768w, http:\/\/traba.org\/trabablog\/wp-content\/uploads\/2017\/05\/IMG_20170508_113856-460x345.jpg 460w, http:\/\/traba.org\/trabablog\/wp-content\/uploads\/2017\/05\/IMG_20170508_113856-688x516.jpg 688w\" sizes=\"auto, (max-width: 700px) 100vw, 700px\" \/> cala estreta.<img loading=\"lazy\" decoding=\"async\" class=\"aligncenter size-large wp-image-12657\" src=\"http:\/\/www.traba.org\/trabablog\/wp-content\/uploads\/2017\/05\/IMG_20170508_114203-1024x768.jpg\" alt=\"\" width=\"700\" height=\"525\" srcset=\"http:\/\/traba.org\/trabablog\/wp-content\/uploads\/2017\/05\/IMG_20170508_114203-1024x768.jpg 1024w, http:\/\/traba.org\/trabablog\/wp-content\/uploads\/2017\/05\/IMG_20170508_114203-300x225.jpg 300w, http:\/\/traba.org\/trabablog\/wp-content\/uploads\/2017\/05\/IMG_20170508_114203-768x576.jpg 768w, http:\/\/traba.org\/trabablog\/wp-content\/uploads\/2017\/05\/IMG_20170508_114203-460x345.jpg 460w, http:\/\/traba.org\/trabablog\/wp-content\/uploads\/2017\/05\/IMG_20170508_114203-688x516.jpg 688w\" sizes=\"auto, (max-width: 700px) 100vw, 700px\" \/> <img loading=\"lazy\" decoding=\"async\" class=\"aligncenter size-large wp-image-12658\" src=\"http:\/\/www.traba.org\/trabablog\/wp-content\/uploads\/2017\/05\/IMG_20170508_114208-1024x768.jpg\" alt=\"\" width=\"700\" height=\"525\" srcset=\"http:\/\/traba.org\/trabablog\/wp-content\/uploads\/2017\/05\/IMG_20170508_114208-1024x768.jpg 1024w, http:\/\/traba.org\/trabablog\/wp-content\/uploads\/2017\/05\/IMG_20170508_114208-300x225.jpg 300w, http:\/\/traba.org\/trabablog\/wp-content\/uploads\/2017\/05\/IMG_20170508_114208-768x576.jpg 768w, http:\/\/traba.org\/trabablog\/wp-content\/uploads\/2017\/05\/IMG_20170508_114208-460x345.jpg 460w, http:\/\/traba.org\/trabablog\/wp-content\/uploads\/2017\/05\/IMG_20170508_114208-688x516.jpg 688w\" sizes=\"auto, (max-width: 700px) 100vw, 700px\" \/> <img loading=\"lazy\" decoding=\"async\" class=\"aligncenter size-large wp-image-12659\" src=\"http:\/\/www.traba.org\/trabablog\/wp-content\/uploads\/2017\/05\/IMG_20170508_114439-1024x768.jpg\" alt=\"\" width=\"700\" height=\"525\" srcset=\"http:\/\/traba.org\/trabablog\/wp-content\/uploads\/2017\/05\/IMG_20170508_114439-1024x768.jpg 1024w, http:\/\/traba.org\/trabablog\/wp-content\/uploads\/2017\/05\/IMG_20170508_114439-300x225.jpg 300w, http:\/\/traba.org\/trabablog\/wp-content\/uploads\/2017\/05\/IMG_20170508_114439-768x576.jpg 768w, http:\/\/traba.org\/trabablog\/wp-content\/uploads\/2017\/05\/IMG_20170508_114439-460x345.jpg 460w, http:\/\/traba.org\/trabablog\/wp-content\/uploads\/2017\/05\/IMG_20170508_114439-688x516.jpg 688w\" sizes=\"auto, (max-width: 700px) 100vw, 700px\" \/> <img loading=\"lazy\" decoding=\"async\" class=\"aligncenter size-large wp-image-12660\" src=\"http:\/\/www.traba.org\/trabablog\/wp-content\/uploads\/2017\/05\/IMG_20170508_114555-1024x768.jpg\" alt=\"\" width=\"700\" height=\"525\" srcset=\"http:\/\/traba.org\/trabablog\/wp-content\/uploads\/2017\/05\/IMG_20170508_114555-1024x768.jpg 1024w, http:\/\/traba.org\/trabablog\/wp-content\/uploads\/2017\/05\/IMG_20170508_114555-300x225.jpg 300w, http:\/\/traba.org\/trabablog\/wp-content\/uploads\/2017\/05\/IMG_20170508_114555-768x576.jpg 768w, http:\/\/traba.org\/trabablog\/wp-content\/uploads\/2017\/05\/IMG_20170508_114555-460x345.jpg 460w, http:\/\/traba.org\/trabablog\/wp-content\/uploads\/2017\/05\/IMG_20170508_114555-688x516.jpg 688w\" sizes=\"auto, (max-width: 700px) 100vw, 700px\" \/> no ha estat la platja preferida de la lola, t\u00e9 roques a dins,\u00a0i no s&#8217;hi ha pogut banyar, per\u00f2 la del bruno si.\u00a0normalment les platges fan massa soroll i li fa por acostar-se a la vora. per\u00f2 aquesta era molt silenciosa, i si que s&#8217;ha volgut mullar i tot. no hi ha moltes fotos del bruno perqu\u00e8 anava despullat del tot (no se&#8217;ns ha cremat&#8230;).<\/p>\n<p><img loading=\"lazy\" decoding=\"async\" class=\"aligncenter size-large wp-image-12669\" src=\"http:\/\/www.traba.org\/trabablog\/wp-content\/uploads\/2017\/05\/IMG_20170508_125758-1024x768.jpg\" alt=\"\" width=\"700\" height=\"525\" srcset=\"http:\/\/traba.org\/trabablog\/wp-content\/uploads\/2017\/05\/IMG_20170508_125758-1024x768.jpg 1024w, http:\/\/traba.org\/trabablog\/wp-content\/uploads\/2017\/05\/IMG_20170508_125758-300x225.jpg 300w, http:\/\/traba.org\/trabablog\/wp-content\/uploads\/2017\/05\/IMG_20170508_125758-768x576.jpg 768w, http:\/\/traba.org\/trabablog\/wp-content\/uploads\/2017\/05\/IMG_20170508_125758-460x345.jpg 460w, http:\/\/traba.org\/trabablog\/wp-content\/uploads\/2017\/05\/IMG_20170508_125758-688x516.jpg 688w\" sizes=\"auto, (max-width: 700px) 100vw, 700px\" \/><img loading=\"lazy\" decoding=\"async\" class=\"aligncenter size-large wp-image-12661\" src=\"http:\/\/www.traba.org\/trabablog\/wp-content\/uploads\/2017\/05\/IMG_20170508_120059-1024x768.jpg\" alt=\"\" width=\"700\" height=\"525\" srcset=\"http:\/\/traba.org\/trabablog\/wp-content\/uploads\/2017\/05\/IMG_20170508_120059-1024x768.jpg 1024w, http:\/\/traba.org\/trabablog\/wp-content\/uploads\/2017\/05\/IMG_20170508_120059-300x225.jpg 300w, http:\/\/traba.org\/trabablog\/wp-content\/uploads\/2017\/05\/IMG_20170508_120059-768x576.jpg 768w, http:\/\/traba.org\/trabablog\/wp-content\/uploads\/2017\/05\/IMG_20170508_120059-460x345.jpg 460w, http:\/\/traba.org\/trabablog\/wp-content\/uploads\/2017\/05\/IMG_20170508_120059-688x516.jpg 688w\" sizes=\"auto, (max-width: 700px) 100vw, 700px\" \/> la lola no s&#8217;ha volgut treure la roba (tot i ser una platja nudista). el francesc no surt a les fotos no pel motiu que us esteu imaginant, eh! \u00e9s perqu\u00e8 \u00faltimament \u00e9s ell qui fa les fotos.<img loading=\"lazy\" decoding=\"async\" class=\"aligncenter size-large wp-image-12662\" src=\"http:\/\/www.traba.org\/trabablog\/wp-content\/uploads\/2017\/05\/IMG_20170508_121109-1024x768.jpg\" alt=\"\" width=\"700\" height=\"525\" srcset=\"http:\/\/traba.org\/trabablog\/wp-content\/uploads\/2017\/05\/IMG_20170508_121109-1024x768.jpg 1024w, http:\/\/traba.org\/trabablog\/wp-content\/uploads\/2017\/05\/IMG_20170508_121109-300x225.jpg 300w, http:\/\/traba.org\/trabablog\/wp-content\/uploads\/2017\/05\/IMG_20170508_121109-768x576.jpg 768w, http:\/\/traba.org\/trabablog\/wp-content\/uploads\/2017\/05\/IMG_20170508_121109-460x345.jpg 460w, http:\/\/traba.org\/trabablog\/wp-content\/uploads\/2017\/05\/IMG_20170508_121109-688x516.jpg 688w\" sizes=\"auto, (max-width: 700px) 100vw, 700px\" \/> <img loading=\"lazy\" decoding=\"async\" class=\"aligncenter size-large wp-image-12663\" src=\"http:\/\/www.traba.org\/trabablog\/wp-content\/uploads\/2017\/05\/IMG_20170508_122305-1024x768.jpg\" alt=\"\" width=\"700\" height=\"525\" srcset=\"http:\/\/traba.org\/trabablog\/wp-content\/uploads\/2017\/05\/IMG_20170508_122305-1024x768.jpg 1024w, http:\/\/traba.org\/trabablog\/wp-content\/uploads\/2017\/05\/IMG_20170508_122305-300x225.jpg 300w, http:\/\/traba.org\/trabablog\/wp-content\/uploads\/2017\/05\/IMG_20170508_122305-768x576.jpg 768w, http:\/\/traba.org\/trabablog\/wp-content\/uploads\/2017\/05\/IMG_20170508_122305-460x345.jpg 460w, http:\/\/traba.org\/trabablog\/wp-content\/uploads\/2017\/05\/IMG_20170508_122305-688x516.jpg 688w\" sizes=\"auto, (max-width: 700px) 100vw, 700px\" \/> de picnic, amb arr\u00f2s a la cubana.<img loading=\"lazy\" decoding=\"async\" class=\"aligncenter size-large wp-image-12664\" src=\"http:\/\/www.traba.org\/trabablog\/wp-content\/uploads\/2017\/05\/IMG_20170508_123411-768x1024.jpg\" alt=\"\" width=\"700\" height=\"933\" srcset=\"http:\/\/traba.org\/trabablog\/wp-content\/uploads\/2017\/05\/IMG_20170508_123411-768x1024.jpg 768w, http:\/\/traba.org\/trabablog\/wp-content\/uploads\/2017\/05\/IMG_20170508_123411-225x300.jpg 225w, http:\/\/traba.org\/trabablog\/wp-content\/uploads\/2017\/05\/IMG_20170508_123411-261x348.jpg 261w, http:\/\/traba.org\/trabablog\/wp-content\/uploads\/2017\/05\/IMG_20170508_123411-688x917.jpg 688w\" sizes=\"auto, (max-width: 700px) 100vw, 700px\" \/> la platja \u00e9s de pedres i els castells es desmonten&#8230;<img loading=\"lazy\" decoding=\"async\" class=\"aligncenter size-large wp-image-12665\" src=\"http:\/\/www.traba.org\/trabablog\/wp-content\/uploads\/2017\/05\/IMG_20170508_130323-768x1024.jpg\" alt=\"\" width=\"700\" height=\"933\" srcset=\"http:\/\/traba.org\/trabablog\/wp-content\/uploads\/2017\/05\/IMG_20170508_130323-768x1024.jpg 768w, http:\/\/traba.org\/trabablog\/wp-content\/uploads\/2017\/05\/IMG_20170508_130323-225x300.jpg 225w, http:\/\/traba.org\/trabablog\/wp-content\/uploads\/2017\/05\/IMG_20170508_130323-261x348.jpg 261w, http:\/\/traba.org\/trabablog\/wp-content\/uploads\/2017\/05\/IMG_20170508_130323-688x917.jpg 688w\" sizes=\"auto, (max-width: 700px) 100vw, 700px\" \/> i directes de cala estreta al buen bocado \ud83d\ude1b un plat de patates&#8230;<img loading=\"lazy\" decoding=\"async\" class=\"aligncenter size-large wp-image-12666\" src=\"http:\/\/www.traba.org\/trabablog\/wp-content\/uploads\/2017\/05\/IMG_20170508_161331-1024x768.jpg\" alt=\"\" width=\"700\" height=\"525\" srcset=\"http:\/\/traba.org\/trabablog\/wp-content\/uploads\/2017\/05\/IMG_20170508_161331-1024x768.jpg 1024w, http:\/\/traba.org\/trabablog\/wp-content\/uploads\/2017\/05\/IMG_20170508_161331-300x225.jpg 300w, http:\/\/traba.org\/trabablog\/wp-content\/uploads\/2017\/05\/IMG_20170508_161331-768x576.jpg 768w, http:\/\/traba.org\/trabablog\/wp-content\/uploads\/2017\/05\/IMG_20170508_161331-460x345.jpg 460w, http:\/\/traba.org\/trabablog\/wp-content\/uploads\/2017\/05\/IMG_20170508_161331-688x516.jpg 688w\" sizes=\"auto, (max-width: 700px) 100vw, 700px\" \/> que ha desaparegut amb un plis.<img loading=\"lazy\" decoding=\"async\" class=\"aligncenter size-large wp-image-12667\" src=\"http:\/\/www.traba.org\/trabablog\/wp-content\/uploads\/2017\/05\/IMG_20170508_162941-1024x768.jpg\" alt=\"\" width=\"700\" height=\"525\" srcset=\"http:\/\/traba.org\/trabablog\/wp-content\/uploads\/2017\/05\/IMG_20170508_162941-1024x768.jpg 1024w, http:\/\/traba.org\/trabablog\/wp-content\/uploads\/2017\/05\/IMG_20170508_162941-300x225.jpg 300w, http:\/\/traba.org\/trabablog\/wp-content\/uploads\/2017\/05\/IMG_20170508_162941-768x576.jpg 768w, http:\/\/traba.org\/trabablog\/wp-content\/uploads\/2017\/05\/IMG_20170508_162941-460x345.jpg 460w, http:\/\/traba.org\/trabablog\/wp-content\/uploads\/2017\/05\/IMG_20170508_162941-688x516.jpg 688w\" sizes=\"auto, (max-width: 700px) 100vw, 700px\" \/> i el regal de la fam\u00edlia: una vinoteca (el qu\u00e8 volia el francesc). i mentre escric, estem degustant com queda la temperatura del vi, per\u00f2 no hi ha foto :]<img loading=\"lazy\" decoding=\"async\" class=\"aligncenter size-large wp-image-12668\" src=\"http:\/\/www.traba.org\/trabablog\/wp-content\/uploads\/2017\/05\/IMG_20170508_171031-768x1024.jpg\" alt=\"\" width=\"700\" height=\"933\" srcset=\"http:\/\/traba.org\/trabablog\/wp-content\/uploads\/2017\/05\/IMG_20170508_171031-768x1024.jpg 768w, http:\/\/traba.org\/trabablog\/wp-content\/uploads\/2017\/05\/IMG_20170508_171031-225x300.jpg 225w, http:\/\/traba.org\/trabablog\/wp-content\/uploads\/2017\/05\/IMG_20170508_171031-261x348.jpg 261w, http:\/\/traba.org\/trabablog\/wp-content\/uploads\/2017\/05\/IMG_20170508_171031-688x917.jpg 688w\" sizes=\"auto, (max-width: 700px) 100vw, 700px\" \/><\/p>\n","protected":false},"excerpt":{"rendered":"<p>aquest cap de setmana ha estat de celebraci\u00f3. el francesc ha fet 40 anys! al mat\u00ed, uns cereals amb llet per esmorzar, per esperar que vinguin els convidats i la&#8230;<\/p>\n","protected":false},"author":5,"featured_media":12639,"comment_status":"open","ping_status":"open","sticky":false,"template":"","format":"standard","meta":{"_monsterinsights_skip_tracking":false,"_monsterinsights_sitenote_active":false,"_monsterinsights_sitenote_note":"","_monsterinsights_sitenote_category":0,"footnotes":""},"categories":[28],"tags":[114,104,116,100,42,80],"class_list":["post-12634","post","type-post","status-publish","format-standard","has-post-thumbnail","hentry","category-ordinary-days","tag-bruno","tag-firsts","tag-fonolleres","tag-lola","tag-platja","tag-primavera"],"_links":{"self":[{"href":"http:\/\/traba.org\/trabablog\/index.php?rest_route=\/wp\/v2\/posts\/12634","targetHints":{"allow":["GET"]}}],"collection":[{"href":"http:\/\/traba.org\/trabablog\/index.php?rest_route=\/wp\/v2\/posts"}],"about":[{"href":"http:\/\/traba.org\/trabablog\/index.php?rest_route=\/wp\/v2\/types\/post"}],"author":[{"embeddable":true,"href":"http:\/\/traba.org\/trabablog\/index.php?rest_route=\/wp\/v2\/users\/5"}],"replies":[{"embeddable":true,"href":"http:\/\/traba.org\/trabablog\/index.php?rest_route=%2Fwp%2Fv2%2Fcomments&post=12634"}],"version-history":[{"count":3,"href":"http:\/\/traba.org\/trabablog\/index.php?rest_route=\/wp\/v2\/posts\/12634\/revisions"}],"predecessor-version":[{"id":12672,"href":"http:\/\/traba.org\/trabablog\/index.php?rest_route=\/wp\/v2\/posts\/12634\/revisions\/12672"}],"wp:featuredmedia":[{"embeddable":true,"href":"http:\/\/traba.org\/trabablog\/index.php?rest_route=\/wp\/v2\/media\/12639"}],"wp:attachment":[{"href":"http:\/\/traba.org\/trabablog\/index.php?rest_route=%2Fwp%2Fv2%2Fmedia&parent=12634"}],"wp:term":[{"taxonomy":"category","embeddable":true,"href":"http:\/\/traba.org\/trabablog\/index.php?rest_route=%2Fwp%2Fv2%2Fcategories&post=12634"},{"taxonomy":"post_tag","embeddable":true,"href":"http:\/\/traba.org\/trabablog\/index.php?rest_route=%2Fwp%2Fv2%2Ftags&post=12634"}],"curies":[{"name":"wp","href":"https:\/\/api.w.org\/{rel}","templated":true}]}}