{"id":12911,"date":"2017-06-25T10:40:28","date_gmt":"2017-06-25T09:40:28","guid":{"rendered":"http:\/\/www.traba.org\/trabablog\/?p=12911"},"modified":"2017-06-25T10:40:28","modified_gmt":"2017-06-25T09:40:28","slug":"lou-com-balla","status":"publish","type":"post","link":"http:\/\/traba.org\/trabablog\/?p=12911","title":{"rendered":"l&#8217;ou com balla"},"content":{"rendered":"<p>cada dijous l&#8217;eul\u00e0lia recull la lola al migdia i van a dinar juntes<\/p>\n<p><img loading=\"lazy\" decoding=\"async\" class=\"aligncenter size-large wp-image-12912\" src=\"http:\/\/www.traba.org\/trabablog\/wp-content\/uploads\/2017\/06\/IMG_20170615_125037-768x1024.jpg\" alt=\"\" width=\"700\" height=\"933\" srcset=\"http:\/\/traba.org\/trabablog\/wp-content\/uploads\/2017\/06\/IMG_20170615_125037-768x1024.jpg 768w, http:\/\/traba.org\/trabablog\/wp-content\/uploads\/2017\/06\/IMG_20170615_125037-225x300.jpg 225w, http:\/\/traba.org\/trabablog\/wp-content\/uploads\/2017\/06\/IMG_20170615_125037-261x348.jpg 261w, http:\/\/traba.org\/trabablog\/wp-content\/uploads\/2017\/06\/IMG_20170615_125037-688x917.jpg 688w\" sizes=\"auto, (max-width: 700px) 100vw, 700px\" \/><\/p>\n<p>com que l&#8217;\u00faltim dijous de curs era corpus, tamb\u00e9 hi va anar el francesc i vam fer la ruta de l&#8217;ou com balla. en vam veure 7, tot un r\u00e8cord!<\/p>\n<p>primer el de la catedral:<img loading=\"lazy\" decoding=\"async\" class=\"aligncenter size-large wp-image-12913\" src=\"http:\/\/www.traba.org\/trabablog\/wp-content\/uploads\/2017\/06\/fullsizeoutput_7c8b-768x1024.jpeg\" alt=\"\" width=\"700\" height=\"933\" srcset=\"http:\/\/traba.org\/trabablog\/wp-content\/uploads\/2017\/06\/fullsizeoutput_7c8b-768x1024.jpeg 768w, http:\/\/traba.org\/trabablog\/wp-content\/uploads\/2017\/06\/fullsizeoutput_7c8b-225x300.jpeg 225w, http:\/\/traba.org\/trabablog\/wp-content\/uploads\/2017\/06\/fullsizeoutput_7c8b-261x348.jpeg 261w, http:\/\/traba.org\/trabablog\/wp-content\/uploads\/2017\/06\/fullsizeoutput_7c8b-688x917.jpeg 688w\" sizes=\"auto, (max-width: 700px) 100vw, 700px\" \/> <img loading=\"lazy\" decoding=\"async\" class=\"aligncenter size-large wp-image-12914\" src=\"http:\/\/www.traba.org\/trabablog\/wp-content\/uploads\/2017\/06\/fullsizeoutput_7c8c-768x1024.jpeg\" alt=\"\" width=\"700\" height=\"933\" srcset=\"http:\/\/traba.org\/trabablog\/wp-content\/uploads\/2017\/06\/fullsizeoutput_7c8c-768x1024.jpeg 768w, http:\/\/traba.org\/trabablog\/wp-content\/uploads\/2017\/06\/fullsizeoutput_7c8c-225x300.jpeg 225w, http:\/\/traba.org\/trabablog\/wp-content\/uploads\/2017\/06\/fullsizeoutput_7c8c-261x348.jpeg 261w, http:\/\/traba.org\/trabablog\/wp-content\/uploads\/2017\/06\/fullsizeoutput_7c8c-688x917.jpeg 688w\" sizes=\"auto, (max-width: 700px) 100vw, 700px\" \/> <img loading=\"lazy\" decoding=\"async\" class=\"aligncenter size-large wp-image-12915\" src=\"http:\/\/www.traba.org\/trabablog\/wp-content\/uploads\/2017\/06\/IMG_20170615_130052-768x1024.jpg\" alt=\"\" width=\"700\" height=\"933\" srcset=\"http:\/\/traba.org\/trabablog\/wp-content\/uploads\/2017\/06\/IMG_20170615_130052-768x1024.jpg 768w, http:\/\/traba.org\/trabablog\/wp-content\/uploads\/2017\/06\/IMG_20170615_130052-225x300.jpg 225w, http:\/\/traba.org\/trabablog\/wp-content\/uploads\/2017\/06\/IMG_20170615_130052-261x348.jpg 261w, http:\/\/traba.org\/trabablog\/wp-content\/uploads\/2017\/06\/IMG_20170615_130052-688x917.jpg 688w\" sizes=\"auto, (max-width: 700px) 100vw, 700px\" \/><\/p>\n<p>despr\u00e9s el de l&#8217;ardiaca<img loading=\"lazy\" decoding=\"async\" class=\"aligncenter size-large wp-image-12916\" src=\"http:\/\/www.traba.org\/trabablog\/wp-content\/uploads\/2017\/06\/IMG_20170615_130527-768x1024.jpg\" alt=\"\" width=\"700\" height=\"933\" srcset=\"http:\/\/traba.org\/trabablog\/wp-content\/uploads\/2017\/06\/IMG_20170615_130527-768x1024.jpg 768w, http:\/\/traba.org\/trabablog\/wp-content\/uploads\/2017\/06\/IMG_20170615_130527-225x300.jpg 225w, http:\/\/traba.org\/trabablog\/wp-content\/uploads\/2017\/06\/IMG_20170615_130527-261x348.jpg 261w, http:\/\/traba.org\/trabablog\/wp-content\/uploads\/2017\/06\/IMG_20170615_130527-688x917.jpg 688w\" sizes=\"auto, (max-width: 700px) 100vw, 700px\" \/> <img loading=\"lazy\" decoding=\"async\" class=\"aligncenter size-large wp-image-12917\" src=\"http:\/\/www.traba.org\/trabablog\/wp-content\/uploads\/2017\/06\/IMG_20170615_130657-1024x768.jpg\" alt=\"\" width=\"700\" height=\"525\" srcset=\"http:\/\/traba.org\/trabablog\/wp-content\/uploads\/2017\/06\/IMG_20170615_130657-1024x768.jpg 1024w, http:\/\/traba.org\/trabablog\/wp-content\/uploads\/2017\/06\/IMG_20170615_130657-300x225.jpg 300w, http:\/\/traba.org\/trabablog\/wp-content\/uploads\/2017\/06\/IMG_20170615_130657-768x576.jpg 768w, http:\/\/traba.org\/trabablog\/wp-content\/uploads\/2017\/06\/IMG_20170615_130657-460x345.jpg 460w, http:\/\/traba.org\/trabablog\/wp-content\/uploads\/2017\/06\/IMG_20170615_130657-688x516.jpg 688w\" sizes=\"auto, (max-width: 700px) 100vw, 700px\" \/> <img loading=\"lazy\" decoding=\"async\" class=\"aligncenter size-large wp-image-12918\" src=\"http:\/\/www.traba.org\/trabablog\/wp-content\/uploads\/2017\/06\/IMG_20170615_130742-1024x768.jpg\" alt=\"\" width=\"700\" height=\"525\" srcset=\"http:\/\/traba.org\/trabablog\/wp-content\/uploads\/2017\/06\/IMG_20170615_130742-1024x768.jpg 1024w, http:\/\/traba.org\/trabablog\/wp-content\/uploads\/2017\/06\/IMG_20170615_130742-300x225.jpg 300w, http:\/\/traba.org\/trabablog\/wp-content\/uploads\/2017\/06\/IMG_20170615_130742-768x576.jpg 768w, http:\/\/traba.org\/trabablog\/wp-content\/uploads\/2017\/06\/IMG_20170615_130742-460x345.jpg 460w, http:\/\/traba.org\/trabablog\/wp-content\/uploads\/2017\/06\/IMG_20170615_130742-688x516.jpg 688w\" sizes=\"auto, (max-width: 700px) 100vw, 700px\" \/> frederic mar\u00e8s, que sempre est\u00e0 m\u00e9s tranquil que els altres dos:<img loading=\"lazy\" decoding=\"async\" class=\"aligncenter size-large wp-image-12919\" src=\"http:\/\/www.traba.org\/trabablog\/wp-content\/uploads\/2017\/06\/IMG_20170615_131524-1024x768.jpg\" alt=\"\" width=\"700\" height=\"525\" srcset=\"http:\/\/traba.org\/trabablog\/wp-content\/uploads\/2017\/06\/IMG_20170615_131524-1024x768.jpg 1024w, http:\/\/traba.org\/trabablog\/wp-content\/uploads\/2017\/06\/IMG_20170615_131524-300x225.jpg 300w, http:\/\/traba.org\/trabablog\/wp-content\/uploads\/2017\/06\/IMG_20170615_131524-768x576.jpg 768w, http:\/\/traba.org\/trabablog\/wp-content\/uploads\/2017\/06\/IMG_20170615_131524-460x345.jpg 460w, http:\/\/traba.org\/trabablog\/wp-content\/uploads\/2017\/06\/IMG_20170615_131524-688x516.jpg 688w\" sizes=\"auto, (max-width: 700px) 100vw, 700px\" \/><\/p>\n<p>menjant un bikini, que hi havia gana (i molta calor!)<br \/>\n<img loading=\"lazy\" decoding=\"async\" class=\"aligncenter size-large wp-image-12920\" src=\"http:\/\/www.traba.org\/trabablog\/wp-content\/uploads\/2017\/06\/IMG_20170615_131609-768x1024.jpg\" alt=\"\" width=\"700\" height=\"933\" srcset=\"http:\/\/traba.org\/trabablog\/wp-content\/uploads\/2017\/06\/IMG_20170615_131609-768x1024.jpg 768w, http:\/\/traba.org\/trabablog\/wp-content\/uploads\/2017\/06\/IMG_20170615_131609-225x300.jpg 225w, http:\/\/traba.org\/trabablog\/wp-content\/uploads\/2017\/06\/IMG_20170615_131609-261x348.jpg 261w, http:\/\/traba.org\/trabablog\/wp-content\/uploads\/2017\/06\/IMG_20170615_131609-688x917.jpg 688w\" sizes=\"auto, (max-width: 700px) 100vw, 700px\" \/> <img loading=\"lazy\" decoding=\"async\" class=\"aligncenter size-large wp-image-12921\" src=\"http:\/\/www.traba.org\/trabablog\/wp-content\/uploads\/2017\/06\/IMG_20170615_131803-768x1024.jpg\" alt=\"\" width=\"700\" height=\"933\" srcset=\"http:\/\/traba.org\/trabablog\/wp-content\/uploads\/2017\/06\/IMG_20170615_131803-768x1024.jpg 768w, http:\/\/traba.org\/trabablog\/wp-content\/uploads\/2017\/06\/IMG_20170615_131803-225x300.jpg 225w, http:\/\/traba.org\/trabablog\/wp-content\/uploads\/2017\/06\/IMG_20170615_131803-261x348.jpg 261w, http:\/\/traba.org\/trabablog\/wp-content\/uploads\/2017\/06\/IMG_20170615_131803-688x917.jpg 688w\" sizes=\"auto, (max-width: 700px) 100vw, 700px\" \/> el quart va ser el del palau del lloctinent, ben tranquil:<img loading=\"lazy\" decoding=\"async\" class=\"aligncenter size-large wp-image-12922\" src=\"http:\/\/www.traba.org\/trabablog\/wp-content\/uploads\/2017\/06\/IMG_20170615_132334-768x1024.jpg\" alt=\"\" width=\"700\" height=\"933\" srcset=\"http:\/\/traba.org\/trabablog\/wp-content\/uploads\/2017\/06\/IMG_20170615_132334-768x1024.jpg 768w, http:\/\/traba.org\/trabablog\/wp-content\/uploads\/2017\/06\/IMG_20170615_132334-225x300.jpg 225w, http:\/\/traba.org\/trabablog\/wp-content\/uploads\/2017\/06\/IMG_20170615_132334-261x348.jpg 261w, http:\/\/traba.org\/trabablog\/wp-content\/uploads\/2017\/06\/IMG_20170615_132334-688x917.jpg 688w\" sizes=\"auto, (max-width: 700px) 100vw, 700px\" \/> <img loading=\"lazy\" decoding=\"async\" class=\"aligncenter size-large wp-image-12923\" src=\"http:\/\/www.traba.org\/trabablog\/wp-content\/uploads\/2017\/06\/IMG_20170615_132426-768x1024.jpg\" alt=\"\" width=\"700\" height=\"933\" srcset=\"http:\/\/traba.org\/trabablog\/wp-content\/uploads\/2017\/06\/IMG_20170615_132426-768x1024.jpg 768w, http:\/\/traba.org\/trabablog\/wp-content\/uploads\/2017\/06\/IMG_20170615_132426-225x300.jpg 225w, http:\/\/traba.org\/trabablog\/wp-content\/uploads\/2017\/06\/IMG_20170615_132426-261x348.jpg 261w, http:\/\/traba.org\/trabablog\/wp-content\/uploads\/2017\/06\/IMG_20170615_132426-688x917.jpg 688w\" sizes=\"auto, (max-width: 700px) 100vw, 700px\" \/> <img loading=\"lazy\" decoding=\"async\" class=\"aligncenter size-large wp-image-12924\" src=\"http:\/\/www.traba.org\/trabablog\/wp-content\/uploads\/2017\/06\/IMG_20170615_132507-768x1024.jpg\" alt=\"\" width=\"700\" height=\"933\" srcset=\"http:\/\/traba.org\/trabablog\/wp-content\/uploads\/2017\/06\/IMG_20170615_132507-768x1024.jpg 768w, http:\/\/traba.org\/trabablog\/wp-content\/uploads\/2017\/06\/IMG_20170615_132507-225x300.jpg 225w, http:\/\/traba.org\/trabablog\/wp-content\/uploads\/2017\/06\/IMG_20170615_132507-261x348.jpg 261w, http:\/\/traba.org\/trabablog\/wp-content\/uploads\/2017\/06\/IMG_20170615_132507-688x917.jpg 688w\" sizes=\"auto, (max-width: 700px) 100vw, 700px\" \/> <img loading=\"lazy\" decoding=\"async\" class=\"aligncenter size-large wp-image-12925\" src=\"http:\/\/www.traba.org\/trabablog\/wp-content\/uploads\/2017\/06\/IMG_20170615_132614-768x1024.jpg\" alt=\"\" width=\"700\" height=\"933\" srcset=\"http:\/\/traba.org\/trabablog\/wp-content\/uploads\/2017\/06\/IMG_20170615_132614-768x1024.jpg 768w, http:\/\/traba.org\/trabablog\/wp-content\/uploads\/2017\/06\/IMG_20170615_132614-225x300.jpg 225w, http:\/\/traba.org\/trabablog\/wp-content\/uploads\/2017\/06\/IMG_20170615_132614-261x348.jpg 261w, http:\/\/traba.org\/trabablog\/wp-content\/uploads\/2017\/06\/IMG_20170615_132614-688x917.jpg 688w\" sizes=\"auto, (max-width: 700px) 100vw, 700px\" \/> <img loading=\"lazy\" decoding=\"async\" class=\"aligncenter size-large wp-image-12926\" src=\"http:\/\/www.traba.org\/trabablog\/wp-content\/uploads\/2017\/06\/IMG_20170615_132654-768x1024.jpg\" alt=\"\" width=\"700\" height=\"933\" srcset=\"http:\/\/traba.org\/trabablog\/wp-content\/uploads\/2017\/06\/IMG_20170615_132654-768x1024.jpg 768w, http:\/\/traba.org\/trabablog\/wp-content\/uploads\/2017\/06\/IMG_20170615_132654-225x300.jpg 225w, http:\/\/traba.org\/trabablog\/wp-content\/uploads\/2017\/06\/IMG_20170615_132654-261x348.jpg 261w, http:\/\/traba.org\/trabablog\/wp-content\/uploads\/2017\/06\/IMG_20170615_132654-688x917.jpg 688w\" sizes=\"auto, (max-width: 700px) 100vw, 700px\" \/> <img loading=\"lazy\" decoding=\"async\" class=\"aligncenter size-large wp-image-12927\" src=\"http:\/\/www.traba.org\/trabablog\/wp-content\/uploads\/2017\/06\/IMG_20170615_132823-768x1024.jpg\" alt=\"\" width=\"700\" height=\"933\" srcset=\"http:\/\/traba.org\/trabablog\/wp-content\/uploads\/2017\/06\/IMG_20170615_132823-768x1024.jpg 768w, http:\/\/traba.org\/trabablog\/wp-content\/uploads\/2017\/06\/IMG_20170615_132823-225x300.jpg 225w, http:\/\/traba.org\/trabablog\/wp-content\/uploads\/2017\/06\/IMG_20170615_132823-261x348.jpg 261w, http:\/\/traba.org\/trabablog\/wp-content\/uploads\/2017\/06\/IMG_20170615_132823-688x917.jpg 688w\" sizes=\"auto, (max-width: 700px) 100vw, 700px\" \/> <img loading=\"lazy\" decoding=\"async\" class=\"aligncenter size-large wp-image-12928\" src=\"http:\/\/www.traba.org\/trabablog\/wp-content\/uploads\/2017\/06\/IMG_20170615_132842-1024x768.jpg\" alt=\"\" width=\"700\" height=\"525\" srcset=\"http:\/\/traba.org\/trabablog\/wp-content\/uploads\/2017\/06\/IMG_20170615_132842-1024x768.jpg 1024w, http:\/\/traba.org\/trabablog\/wp-content\/uploads\/2017\/06\/IMG_20170615_132842-300x225.jpg 300w, http:\/\/traba.org\/trabablog\/wp-content\/uploads\/2017\/06\/IMG_20170615_132842-768x576.jpg 768w, http:\/\/traba.org\/trabablog\/wp-content\/uploads\/2017\/06\/IMG_20170615_132842-460x345.jpg 460w, http:\/\/traba.org\/trabablog\/wp-content\/uploads\/2017\/06\/IMG_20170615_132842-688x516.jpg 688w\" sizes=\"auto, (max-width: 700px) 100vw, 700px\" \/> <img loading=\"lazy\" decoding=\"async\" class=\"aligncenter size-large wp-image-12929\" src=\"http:\/\/www.traba.org\/trabablog\/wp-content\/uploads\/2017\/06\/IMG_20170615_132931-768x1024.jpg\" alt=\"\" width=\"700\" height=\"933\" srcset=\"http:\/\/traba.org\/trabablog\/wp-content\/uploads\/2017\/06\/IMG_20170615_132931-768x1024.jpg 768w, http:\/\/traba.org\/trabablog\/wp-content\/uploads\/2017\/06\/IMG_20170615_132931-225x300.jpg 225w, http:\/\/traba.org\/trabablog\/wp-content\/uploads\/2017\/06\/IMG_20170615_132931-261x348.jpg 261w, http:\/\/traba.org\/trabablog\/wp-content\/uploads\/2017\/06\/IMG_20170615_132931-688x917.jpg 688w\" sizes=\"auto, (max-width: 700px) 100vw, 700px\" \/> i despr\u00e9s cap a santa anna<br \/>\n<img loading=\"lazy\" decoding=\"async\" class=\"aligncenter size-large wp-image-12930\" src=\"http:\/\/www.traba.org\/trabablog\/wp-content\/uploads\/2017\/06\/IMG_20170615_134919-768x1024.jpg\" alt=\"\" width=\"700\" height=\"933\" srcset=\"http:\/\/traba.org\/trabablog\/wp-content\/uploads\/2017\/06\/IMG_20170615_134919-768x1024.jpg 768w, http:\/\/traba.org\/trabablog\/wp-content\/uploads\/2017\/06\/IMG_20170615_134919-225x300.jpg 225w, http:\/\/traba.org\/trabablog\/wp-content\/uploads\/2017\/06\/IMG_20170615_134919-261x348.jpg 261w, http:\/\/traba.org\/trabablog\/wp-content\/uploads\/2017\/06\/IMG_20170615_134919-688x917.jpg 688w\" sizes=\"auto, (max-width: 700px) 100vw, 700px\" \/> el claustre, fresquet i relaxant<img loading=\"lazy\" decoding=\"async\" class=\"aligncenter size-large wp-image-12931\" src=\"http:\/\/www.traba.org\/trabablog\/wp-content\/uploads\/2017\/06\/IMG_20170615_135417-1024x768.jpg\" alt=\"\" width=\"700\" height=\"525\" srcset=\"http:\/\/traba.org\/trabablog\/wp-content\/uploads\/2017\/06\/IMG_20170615_135417-1024x768.jpg 1024w, http:\/\/traba.org\/trabablog\/wp-content\/uploads\/2017\/06\/IMG_20170615_135417-300x225.jpg 300w, http:\/\/traba.org\/trabablog\/wp-content\/uploads\/2017\/06\/IMG_20170615_135417-768x576.jpg 768w, http:\/\/traba.org\/trabablog\/wp-content\/uploads\/2017\/06\/IMG_20170615_135417-460x345.jpg 460w, http:\/\/traba.org\/trabablog\/wp-content\/uploads\/2017\/06\/IMG_20170615_135417-688x516.jpg 688w\" sizes=\"auto, (max-width: 700px) 100vw, 700px\" \/> <img loading=\"lazy\" decoding=\"async\" class=\"aligncenter size-large wp-image-12932\" src=\"http:\/\/www.traba.org\/trabablog\/wp-content\/uploads\/2017\/06\/IMG_20170615_135535-1024x768.jpg\" alt=\"\" width=\"700\" height=\"525\" srcset=\"http:\/\/traba.org\/trabablog\/wp-content\/uploads\/2017\/06\/IMG_20170615_135535-1024x768.jpg 1024w, http:\/\/traba.org\/trabablog\/wp-content\/uploads\/2017\/06\/IMG_20170615_135535-300x225.jpg 300w, http:\/\/traba.org\/trabablog\/wp-content\/uploads\/2017\/06\/IMG_20170615_135535-768x576.jpg 768w, http:\/\/traba.org\/trabablog\/wp-content\/uploads\/2017\/06\/IMG_20170615_135535-460x345.jpg 460w, http:\/\/traba.org\/trabablog\/wp-content\/uploads\/2017\/06\/IMG_20170615_135535-688x516.jpg 688w\" sizes=\"auto, (max-width: 700px) 100vw, 700px\" \/> <img loading=\"lazy\" decoding=\"async\" class=\"aligncenter size-large wp-image-12933\" src=\"http:\/\/www.traba.org\/trabablog\/wp-content\/uploads\/2017\/06\/IMG_20170615_135558-768x1024.jpg\" alt=\"\" width=\"700\" height=\"933\" srcset=\"http:\/\/traba.org\/trabablog\/wp-content\/uploads\/2017\/06\/IMG_20170615_135558-768x1024.jpg 768w, http:\/\/traba.org\/trabablog\/wp-content\/uploads\/2017\/06\/IMG_20170615_135558-225x300.jpg 225w, http:\/\/traba.org\/trabablog\/wp-content\/uploads\/2017\/06\/IMG_20170615_135558-261x348.jpg 261w, http:\/\/traba.org\/trabablog\/wp-content\/uploads\/2017\/06\/IMG_20170615_135558-688x917.jpg 688w\" sizes=\"auto, (max-width: 700px) 100vw, 700px\" \/> <img loading=\"lazy\" decoding=\"async\" class=\"aligncenter size-large wp-image-12934\" src=\"http:\/\/www.traba.org\/trabablog\/wp-content\/uploads\/2017\/06\/IMG_20170615_135622-768x1024.jpg\" alt=\"\" width=\"700\" height=\"933\" srcset=\"http:\/\/traba.org\/trabablog\/wp-content\/uploads\/2017\/06\/IMG_20170615_135622-768x1024.jpg 768w, http:\/\/traba.org\/trabablog\/wp-content\/uploads\/2017\/06\/IMG_20170615_135622-225x300.jpg 225w, http:\/\/traba.org\/trabablog\/wp-content\/uploads\/2017\/06\/IMG_20170615_135622-261x348.jpg 261w, http:\/\/traba.org\/trabablog\/wp-content\/uploads\/2017\/06\/IMG_20170615_135622-688x917.jpg 688w\" sizes=\"auto, (max-width: 700px) 100vw, 700px\" \/> <img loading=\"lazy\" decoding=\"async\" class=\"aligncenter size-large wp-image-12935\" src=\"http:\/\/www.traba.org\/trabablog\/wp-content\/uploads\/2017\/06\/IMG_20170615_135746-1024x768.jpg\" alt=\"\" width=\"700\" height=\"525\" srcset=\"http:\/\/traba.org\/trabablog\/wp-content\/uploads\/2017\/06\/IMG_20170615_135746-1024x768.jpg 1024w, http:\/\/traba.org\/trabablog\/wp-content\/uploads\/2017\/06\/IMG_20170615_135746-300x225.jpg 300w, http:\/\/traba.org\/trabablog\/wp-content\/uploads\/2017\/06\/IMG_20170615_135746-768x576.jpg 768w, http:\/\/traba.org\/trabablog\/wp-content\/uploads\/2017\/06\/IMG_20170615_135746-460x345.jpg 460w, http:\/\/traba.org\/trabablog\/wp-content\/uploads\/2017\/06\/IMG_20170615_135746-688x516.jpg 688w\" sizes=\"auto, (max-width: 700px) 100vw, 700px\" \/> <img loading=\"lazy\" decoding=\"async\" class=\"aligncenter size-large wp-image-12936\" src=\"http:\/\/www.traba.org\/trabablog\/wp-content\/uploads\/2017\/06\/IMG_20170615_135942-1024x768.jpg\" alt=\"\" width=\"700\" height=\"525\" srcset=\"http:\/\/traba.org\/trabablog\/wp-content\/uploads\/2017\/06\/IMG_20170615_135942-1024x768.jpg 1024w, http:\/\/traba.org\/trabablog\/wp-content\/uploads\/2017\/06\/IMG_20170615_135942-300x225.jpg 300w, http:\/\/traba.org\/trabablog\/wp-content\/uploads\/2017\/06\/IMG_20170615_135942-768x576.jpg 768w, http:\/\/traba.org\/trabablog\/wp-content\/uploads\/2017\/06\/IMG_20170615_135942-460x345.jpg 460w, http:\/\/traba.org\/trabablog\/wp-content\/uploads\/2017\/06\/IMG_20170615_135942-688x516.jpg 688w\" sizes=\"auto, (max-width: 700px) 100vw, 700px\" \/> el n\u00famero 6 un altre cl\u00e0ssic, l&#8217;ateneu:<img loading=\"lazy\" decoding=\"async\" class=\"aligncenter size-large wp-image-12937\" src=\"http:\/\/www.traba.org\/trabablog\/wp-content\/uploads\/2017\/06\/IMG_20170615_140840-768x1024.jpg\" alt=\"\" width=\"700\" height=\"933\" srcset=\"http:\/\/traba.org\/trabablog\/wp-content\/uploads\/2017\/06\/IMG_20170615_140840-768x1024.jpg 768w, http:\/\/traba.org\/trabablog\/wp-content\/uploads\/2017\/06\/IMG_20170615_140840-225x300.jpg 225w, http:\/\/traba.org\/trabablog\/wp-content\/uploads\/2017\/06\/IMG_20170615_140840-261x348.jpg 261w, http:\/\/traba.org\/trabablog\/wp-content\/uploads\/2017\/06\/IMG_20170615_140840-688x917.jpg 688w\" sizes=\"auto, (max-width: 700px) 100vw, 700px\" \/> <img loading=\"lazy\" decoding=\"async\" class=\"aligncenter size-large wp-image-12938\" src=\"http:\/\/www.traba.org\/trabablog\/wp-content\/uploads\/2017\/06\/IMG_20170615_141121-768x1024.jpg\" alt=\"\" width=\"700\" height=\"933\" srcset=\"http:\/\/traba.org\/trabablog\/wp-content\/uploads\/2017\/06\/IMG_20170615_141121-768x1024.jpg 768w, http:\/\/traba.org\/trabablog\/wp-content\/uploads\/2017\/06\/IMG_20170615_141121-225x300.jpg 225w, http:\/\/traba.org\/trabablog\/wp-content\/uploads\/2017\/06\/IMG_20170615_141121-261x348.jpg 261w, http:\/\/traba.org\/trabablog\/wp-content\/uploads\/2017\/06\/IMG_20170615_141121-688x917.jpg 688w\" sizes=\"auto, (max-width: 700px) 100vw, 700px\" \/> <img loading=\"lazy\" decoding=\"async\" class=\"aligncenter size-large wp-image-12939\" src=\"http:\/\/www.traba.org\/trabablog\/wp-content\/uploads\/2017\/06\/IMG_20170615_141252-1024x768.jpg\" alt=\"\" width=\"700\" height=\"525\" srcset=\"http:\/\/traba.org\/trabablog\/wp-content\/uploads\/2017\/06\/IMG_20170615_141252-1024x768.jpg 1024w, http:\/\/traba.org\/trabablog\/wp-content\/uploads\/2017\/06\/IMG_20170615_141252-300x225.jpg 300w, http:\/\/traba.org\/trabablog\/wp-content\/uploads\/2017\/06\/IMG_20170615_141252-768x576.jpg 768w, http:\/\/traba.org\/trabablog\/wp-content\/uploads\/2017\/06\/IMG_20170615_141252-460x345.jpg 460w, http:\/\/traba.org\/trabablog\/wp-content\/uploads\/2017\/06\/IMG_20170615_141252-688x516.jpg 688w\" sizes=\"auto, (max-width: 700px) 100vw, 700px\" \/> i per acabar uns jardins del carrer elisabet, que semblen el pati d&#8217;una escola. no hi havia ning\u00fa! per no haver-hi, no hi havia ni ou \ud83d\ude09<img loading=\"lazy\" decoding=\"async\" class=\"aligncenter size-large wp-image-12940\" src=\"http:\/\/www.traba.org\/trabablog\/wp-content\/uploads\/2017\/06\/IMG_20170615_142346-1024x768.jpg\" alt=\"\" width=\"700\" height=\"525\" srcset=\"http:\/\/traba.org\/trabablog\/wp-content\/uploads\/2017\/06\/IMG_20170615_142346-1024x768.jpg 1024w, http:\/\/traba.org\/trabablog\/wp-content\/uploads\/2017\/06\/IMG_20170615_142346-300x225.jpg 300w, http:\/\/traba.org\/trabablog\/wp-content\/uploads\/2017\/06\/IMG_20170615_142346-768x576.jpg 768w, http:\/\/traba.org\/trabablog\/wp-content\/uploads\/2017\/06\/IMG_20170615_142346-460x345.jpg 460w, http:\/\/traba.org\/trabablog\/wp-content\/uploads\/2017\/06\/IMG_20170615_142346-688x516.jpg 688w\" sizes=\"auto, (max-width: 700px) 100vw, 700px\" \/> <img loading=\"lazy\" decoding=\"async\" class=\"aligncenter size-large wp-image-12941\" src=\"http:\/\/www.traba.org\/trabablog\/wp-content\/uploads\/2017\/06\/IMG_20170615_142636-1024x768.jpg\" alt=\"\" width=\"700\" height=\"525\" srcset=\"http:\/\/traba.org\/trabablog\/wp-content\/uploads\/2017\/06\/IMG_20170615_142636-1024x768.jpg 1024w, http:\/\/traba.org\/trabablog\/wp-content\/uploads\/2017\/06\/IMG_20170615_142636-300x225.jpg 300w, http:\/\/traba.org\/trabablog\/wp-content\/uploads\/2017\/06\/IMG_20170615_142636-768x576.jpg 768w, http:\/\/traba.org\/trabablog\/wp-content\/uploads\/2017\/06\/IMG_20170615_142636-460x345.jpg 460w, http:\/\/traba.org\/trabablog\/wp-content\/uploads\/2017\/06\/IMG_20170615_142636-688x516.jpg 688w\" sizes=\"auto, (max-width: 700px) 100vw, 700px\" \/> fins que va venir aquesta noia a recolocar-lo<img loading=\"lazy\" decoding=\"async\" class=\"aligncenter size-large wp-image-12942\" src=\"http:\/\/www.traba.org\/trabablog\/wp-content\/uploads\/2017\/06\/IMG_20170615_142739-1024x768.jpg\" alt=\"\" width=\"700\" height=\"525\" srcset=\"http:\/\/traba.org\/trabablog\/wp-content\/uploads\/2017\/06\/IMG_20170615_142739-1024x768.jpg 1024w, http:\/\/traba.org\/trabablog\/wp-content\/uploads\/2017\/06\/IMG_20170615_142739-300x225.jpg 300w, http:\/\/traba.org\/trabablog\/wp-content\/uploads\/2017\/06\/IMG_20170615_142739-768x576.jpg 768w, http:\/\/traba.org\/trabablog\/wp-content\/uploads\/2017\/06\/IMG_20170615_142739-460x345.jpg 460w, http:\/\/traba.org\/trabablog\/wp-content\/uploads\/2017\/06\/IMG_20170615_142739-688x516.jpg 688w\" sizes=\"auto, (max-width: 700px) 100vw, 700px\" \/> i al vespre, un bonus track \u00a0amb el bruno: la reial acad\u00e8mia de bones lletres. aquest tamb\u00e9 queda fora del circuit habitual i estava molt tranquil:<br \/>\n<img loading=\"lazy\" decoding=\"async\" class=\"aligncenter size-large wp-image-12943\" src=\"http:\/\/www.traba.org\/trabablog\/wp-content\/uploads\/2017\/06\/IMG_20170615_184417-768x1024.jpg\" alt=\"\" width=\"700\" height=\"933\" srcset=\"http:\/\/traba.org\/trabablog\/wp-content\/uploads\/2017\/06\/IMG_20170615_184417-768x1024.jpg 768w, http:\/\/traba.org\/trabablog\/wp-content\/uploads\/2017\/06\/IMG_20170615_184417-225x300.jpg 225w, http:\/\/traba.org\/trabablog\/wp-content\/uploads\/2017\/06\/IMG_20170615_184417-261x348.jpg 261w, http:\/\/traba.org\/trabablog\/wp-content\/uploads\/2017\/06\/IMG_20170615_184417-688x917.jpg 688w\" sizes=\"auto, (max-width: 700px) 100vw, 700px\" \/> <img loading=\"lazy\" decoding=\"async\" class=\"aligncenter size-large wp-image-12944\" src=\"http:\/\/www.traba.org\/trabablog\/wp-content\/uploads\/2017\/06\/IMG_20170615_184436-768x1024.jpg\" alt=\"\" width=\"700\" height=\"933\" srcset=\"http:\/\/traba.org\/trabablog\/wp-content\/uploads\/2017\/06\/IMG_20170615_184436-768x1024.jpg 768w, http:\/\/traba.org\/trabablog\/wp-content\/uploads\/2017\/06\/IMG_20170615_184436-225x300.jpg 225w, http:\/\/traba.org\/trabablog\/wp-content\/uploads\/2017\/06\/IMG_20170615_184436-261x348.jpg 261w, http:\/\/traba.org\/trabablog\/wp-content\/uploads\/2017\/06\/IMG_20170615_184436-688x917.jpg 688w\" sizes=\"auto, (max-width: 700px) 100vw, 700px\" \/> <img loading=\"lazy\" decoding=\"async\" class=\"aligncenter size-large wp-image-12945\" src=\"http:\/\/www.traba.org\/trabablog\/wp-content\/uploads\/2017\/06\/IMG_20170615_184554-768x1024.jpg\" alt=\"\" width=\"700\" height=\"933\" srcset=\"http:\/\/traba.org\/trabablog\/wp-content\/uploads\/2017\/06\/IMG_20170615_184554-768x1024.jpg 768w, http:\/\/traba.org\/trabablog\/wp-content\/uploads\/2017\/06\/IMG_20170615_184554-225x300.jpg 225w, http:\/\/traba.org\/trabablog\/wp-content\/uploads\/2017\/06\/IMG_20170615_184554-261x348.jpg 261w, http:\/\/traba.org\/trabablog\/wp-content\/uploads\/2017\/06\/IMG_20170615_184554-688x917.jpg 688w\" sizes=\"auto, (max-width: 700px) 100vw, 700px\" \/> <img loading=\"lazy\" decoding=\"async\" class=\"aligncenter size-large wp-image-12946\" src=\"http:\/\/www.traba.org\/trabablog\/wp-content\/uploads\/2017\/06\/IMG_20170615_184629-768x1024.jpg\" alt=\"\" width=\"700\" height=\"933\" srcset=\"http:\/\/traba.org\/trabablog\/wp-content\/uploads\/2017\/06\/IMG_20170615_184629-768x1024.jpg 768w, http:\/\/traba.org\/trabablog\/wp-content\/uploads\/2017\/06\/IMG_20170615_184629-225x300.jpg 225w, http:\/\/traba.org\/trabablog\/wp-content\/uploads\/2017\/06\/IMG_20170615_184629-261x348.jpg 261w, http:\/\/traba.org\/trabablog\/wp-content\/uploads\/2017\/06\/IMG_20170615_184629-688x917.jpg 688w\" sizes=\"auto, (max-width: 700px) 100vw, 700px\" \/> i ja que est\u00e0vem per all\u00e0, vam repetir frederic mar\u00e8s abans d&#8217;anar a buscar a la lola a casa la lula<img loading=\"lazy\" decoding=\"async\" class=\"aligncenter size-large wp-image-12947\" src=\"http:\/\/www.traba.org\/trabablog\/wp-content\/uploads\/2017\/06\/IMG_20170615_185246-768x1024.jpg\" alt=\"\" width=\"700\" height=\"933\" srcset=\"http:\/\/traba.org\/trabablog\/wp-content\/uploads\/2017\/06\/IMG_20170615_185246-768x1024.jpg 768w, http:\/\/traba.org\/trabablog\/wp-content\/uploads\/2017\/06\/IMG_20170615_185246-225x300.jpg 225w, http:\/\/traba.org\/trabablog\/wp-content\/uploads\/2017\/06\/IMG_20170615_185246-261x348.jpg 261w, http:\/\/traba.org\/trabablog\/wp-content\/uploads\/2017\/06\/IMG_20170615_185246-688x917.jpg 688w\" sizes=\"auto, (max-width: 700px) 100vw, 700px\" \/><\/p>\n<p>dels de ciutat vella nom\u00e9s ens va quedar pendent el dels jardins rubi\u00f3 i lluch (al raval), l&#8217;any que v\u00e9 ser\u00e0!<\/p>\n","protected":false},"excerpt":{"rendered":"<p>cada dijous l&#8217;eul\u00e0lia recull la lola al migdia i van a dinar juntes com que l&#8217;\u00faltim dijous de curs era corpus, tamb\u00e9 hi va anar el francesc i vam fer&#8230;<\/p>\n","protected":false},"author":5,"featured_media":12916,"comment_status":"open","ping_status":"open","sticky":false,"template":"","format":"standard","meta":{"_monsterinsights_skip_tracking":false,"_monsterinsights_sitenote_active":false,"_monsterinsights_sitenote_note":"","_monsterinsights_sitenote_category":0,"footnotes":""},"categories":[28],"tags":[],"class_list":["post-12911","post","type-post","status-publish","format-standard","has-post-thumbnail","hentry","category-ordinary-days"],"_links":{"self":[{"href":"http:\/\/traba.org\/trabablog\/index.php?rest_route=\/wp\/v2\/posts\/12911","targetHints":{"allow":["GET"]}}],"collection":[{"href":"http:\/\/traba.org\/trabablog\/index.php?rest_route=\/wp\/v2\/posts"}],"about":[{"href":"http:\/\/traba.org\/trabablog\/index.php?rest_route=\/wp\/v2\/types\/post"}],"author":[{"embeddable":true,"href":"http:\/\/traba.org\/trabablog\/index.php?rest_route=\/wp\/v2\/users\/5"}],"replies":[{"embeddable":true,"href":"http:\/\/traba.org\/trabablog\/index.php?rest_route=%2Fwp%2Fv2%2Fcomments&post=12911"}],"version-history":[{"count":3,"href":"http:\/\/traba.org\/trabablog\/index.php?rest_route=\/wp\/v2\/posts\/12911\/revisions"}],"predecessor-version":[{"id":12950,"href":"http:\/\/traba.org\/trabablog\/index.php?rest_route=\/wp\/v2\/posts\/12911\/revisions\/12950"}],"wp:featuredmedia":[{"embeddable":true,"href":"http:\/\/traba.org\/trabablog\/index.php?rest_route=\/wp\/v2\/media\/12916"}],"wp:attachment":[{"href":"http:\/\/traba.org\/trabablog\/index.php?rest_route=%2Fwp%2Fv2%2Fmedia&parent=12911"}],"wp:term":[{"taxonomy":"category","embeddable":true,"href":"http:\/\/traba.org\/trabablog\/index.php?rest_route=%2Fwp%2Fv2%2Fcategories&post=12911"},{"taxonomy":"post_tag","embeddable":true,"href":"http:\/\/traba.org\/trabablog\/index.php?rest_route=%2Fwp%2Fv2%2Ftags&post=12911"}],"curies":[{"name":"wp","href":"https:\/\/api.w.org\/{rel}","templated":true}]}}