{"id":13425,"date":"2017-08-23T19:31:30","date_gmt":"2017-08-23T17:31:30","guid":{"rendered":"http:\/\/www.traba.org\/trabablog\/?p=13425"},"modified":"2017-08-23T19:31:22","modified_gmt":"2017-08-23T17:31:22","slug":"itinerari-pel-barri-de-la-catedral","status":"publish","type":"post","link":"http:\/\/traba.org\/trabablog\/?p=13425","title":{"rendered":"itinerari pel barri de la catedral"},"content":{"rendered":"<p>Malgrat tot el que hem dit, el barri de la Catedral segueix sent un lloc preci\u00f3s per passejar, sobretot quan es fa fosc aviat i hi ha poca gent al carrer.<\/p>\n<p>\u00c9s possible que en gran part sigui una \u00abrecreaci\u00f3 lliure\u00bb del que podria haver sigut en \u00e8poca medieval, per\u00f2 aix\u00f2 no treu que valgui molt la pena perdre-s&#8217;hi una estona. En tot cas deu valer m\u00e9s la pena ara que durant l&#8217;Edat Mitjana \ud83d\ude09<\/p>\n<p>Per aix\u00f2 recupero un recorregut fotogr\u00e0fic que vam fer l&#8217;abril de 2012 (abans de la Lola!) i que segueix sent un dels meus <a href=\"http:\/\/www.traba.org\/trabablog\/?p=6962\">posts preferits<\/a> d&#8217;aquest bloc.<\/p>\n<p>Ens oblidem que <em>no es g\u00f3tico todo lo que reluce<\/em> i ens trobem a la Pla\u00e7a Sant Jaume, origen i final d&#8217;aquest itinerari.<\/p>\n<p>Baixem una mica pel carrer Llibreteria i entrem a la Pla\u00e7a del Rei pel carrer Veguer. Aqu\u00ed trobem el Palau Reial Major, resid\u00e8ncia dels Comtes de Barcelona i els Reis de la Corona d&#8217;Arag\u00f3. Ja fa segles que aqu\u00ed no hi viu cap rei, per\u00f2 la pla\u00e7a segueix sent fant\u00e0stica. \u00c9s un dels decorats m\u00e9s ben aconseguits del barri, molt treballat durant el segle XX. D&#8217;esquerra a dreta tenim el Palau del Lloctinent, el Mirador del Rei Mart\u00ed, el Sal\u00f3 del Tinell i la Capella de Santa \u00c0gata.<\/p>\n<p><img loading=\"lazy\" decoding=\"async\" src=\"http:\/\/www.traba.org\/trabablog\/wp-content\/uploads\/2012\/04\/DSCF1589.jpg\" alt=\"DSCF1589\" width=\"800\" height=\"1204\" \/> <img loading=\"lazy\" decoding=\"async\" src=\"http:\/\/www.traba.org\/trabablog\/wp-content\/uploads\/2012\/04\/DSCF1590.jpg\" alt=\"DSCF1590\" width=\"800\" height=\"531\" \/> <img loading=\"lazy\" decoding=\"async\" src=\"http:\/\/www.traba.org\/trabablog\/wp-content\/uploads\/2012\/04\/DSCF1593.jpg\" alt=\"DSCF1593\" width=\"800\" height=\"522\" \/> <img loading=\"lazy\" decoding=\"async\" src=\"http:\/\/www.traba.org\/trabablog\/wp-content\/uploads\/2012\/04\/DSCF1596.jpg\" alt=\"DSCF1596\" width=\"800\" height=\"531\" \/><\/p>\n<p>Pugem per la Baixada de Santa Clara per agafar el Carrer dels Comtes i arribar a la Pla\u00e7a Sant Iu. Aqu\u00ed podem espiar el pati del Museu Frederic Mar\u00e9s, que en realitat formava part del Palau Reial.<\/p>\n<p><img loading=\"lazy\" decoding=\"async\" src=\"http:\/\/www.traba.org\/trabablog\/wp-content\/uploads\/2012\/04\/DSCF1584.jpg\" alt=\"DSCF1584\" width=\"800\" height=\"531\" \/> <img loading=\"lazy\" decoding=\"async\" src=\"http:\/\/www.traba.org\/trabablog\/wp-content\/uploads\/2012\/04\/DSCF1587.jpg\" alt=\"DSCF1587\" width=\"800\" height=\"531\" \/><\/p>\n<p>D&#8217;aqu\u00ed al Pla de la Seu per veure la Pia Almoina i la fa\u00e7ana nova de la Catedral.<\/p>\n<p><img loading=\"lazy\" decoding=\"async\" src=\"http:\/\/www.traba.org\/trabablog\/wp-content\/uploads\/2012\/04\/DSCF1575.jpg\" alt=\"DSCF1575\" width=\"800\" height=\"531\" \/><\/p>\n<p>I per Sant Ll\u00facia (amb la casa de l&#8217;Ardiaca, unida ara amb la del Deg\u00e0) arribem al Carrer del Bisbe pel Palau Episcopal, des d&#8217;on anem a buscar Montju\u00efc del Bisbe.<\/p>\n<p><img loading=\"lazy\" decoding=\"async\" src=\"http:\/\/www.traba.org\/trabablog\/wp-content\/uploads\/2012\/04\/DSCF1605.jpg\" alt=\"DSCF1605\" width=\"800\" height=\"531\" \/><\/p>\n<p>I arribem per fi a Sant Felip Neri, que ja era la meva pla\u00e7a preferida de Barcelona molt abans que hi an\u00e9s la Lola.<\/p>\n<p><img loading=\"lazy\" decoding=\"async\" src=\"http:\/\/www.traba.org\/trabablog\/wp-content\/uploads\/2012\/04\/DSCF1608.jpg\" alt=\"DSCF1608\" width=\"800\" height=\"531\" \/> <img loading=\"lazy\" decoding=\"async\" src=\"http:\/\/www.traba.org\/trabablog\/wp-content\/uploads\/2012\/04\/DSCF1609.jpg\" alt=\"DSCF1609\" width=\"800\" height=\"531\" \/><\/p>\n<p>Sortim per l&#8217;altra banda de la Pla\u00e7a i ens trobem amb el Call Jueu,\u00a0destru\u00eft durant el <a href=\"https:\/\/ca.wikipedia.org\/wiki\/Pogrom_de_Barcelona\">pogrom de 1391<\/a>. Aqu\u00ed hi ha els carrers m\u00e9s tranquils i agradables de la zona (Sant Dom\u00e8nec i Sant Ramon del Call, la Fruita, Marlet, Sant Honorat). Pel Carrer Sant Sever tornem a la Pla\u00e7a Garriga i Bachs.<\/p>\n<p><img loading=\"lazy\" decoding=\"async\" src=\"http:\/\/www.traba.org\/trabablog\/wp-content\/uploads\/2012\/04\/DSCF1603.jpg\" alt=\"DSCF1603\" width=\"800\" height=\"531\" \/><\/p>\n<p>Des d&#8217;all\u00e0 busquem el Carrer de la Pietat per arribat a les Cases dels Canonges i l&#8217;absis de la Catedral.\u00a0Malgrat con\u00e8ixer com s&#8217;ha reconstru\u00eft, per algun motiu segueix sent un dels meus llocs preferits.<\/p>\n<p><img loading=\"lazy\" decoding=\"async\" src=\"http:\/\/www.traba.org\/trabablog\/wp-content\/uploads\/2012\/04\/DSCF1600.jpg\" alt=\"DSCF1600\" width=\"800\" height=\"531\" \/> <img loading=\"lazy\" decoding=\"async\" src=\"http:\/\/www.traba.org\/trabablog\/wp-content\/uploads\/2012\/04\/DSCF1598.jpg\" alt=\"DSCF1598\" width=\"800\" height=\"531\" \/><\/p>\n<p>Els noms dels carrers diuen molt sobre els barris. Despr\u00e9s de tant poder civil (reis, comtes i veguers) i religi\u00f3s (sants, bisbes i pietats), nom\u00e9s pod\u00edem acabar al Carrer del Parad\u00eds, on hi ha les columnes del Temple d&#8217;August, per tornar a la Pla\u00e7a Sant Jaume.<\/p>\n","protected":false},"excerpt":{"rendered":"<p>Malgrat tot el que hem dit, el barri de la Catedral segueix sent un lloc preci\u00f3s per passejar, sobretot quan es fa fosc aviat i hi ha poca gent al&#8230;<\/p>\n","protected":false},"author":2,"featured_media":6951,"comment_status":"open","ping_status":"open","sticky":false,"template":"","format":"standard","meta":{"_monsterinsights_skip_tracking":false,"_monsterinsights_sitenote_active":false,"_monsterinsights_sitenote_note":"","_monsterinsights_sitenote_category":0,"footnotes":""},"categories":[129],"tags":[130],"class_list":["post-13425","post","type-post","status-publish","format-standard","has-post-thumbnail","hentry","category-histories","tag-histories"],"_links":{"self":[{"href":"http:\/\/traba.org\/trabablog\/index.php?rest_route=\/wp\/v2\/posts\/13425","targetHints":{"allow":["GET"]}}],"collection":[{"href":"http:\/\/traba.org\/trabablog\/index.php?rest_route=\/wp\/v2\/posts"}],"about":[{"href":"http:\/\/traba.org\/trabablog\/index.php?rest_route=\/wp\/v2\/types\/post"}],"author":[{"embeddable":true,"href":"http:\/\/traba.org\/trabablog\/index.php?rest_route=\/wp\/v2\/users\/2"}],"replies":[{"embeddable":true,"href":"http:\/\/traba.org\/trabablog\/index.php?rest_route=%2Fwp%2Fv2%2Fcomments&post=13425"}],"version-history":[{"count":15,"href":"http:\/\/traba.org\/trabablog\/index.php?rest_route=\/wp\/v2\/posts\/13425\/revisions"}],"predecessor-version":[{"id":13520,"href":"http:\/\/traba.org\/trabablog\/index.php?rest_route=\/wp\/v2\/posts\/13425\/revisions\/13520"}],"wp:featuredmedia":[{"embeddable":true,"href":"http:\/\/traba.org\/trabablog\/index.php?rest_route=\/wp\/v2\/media\/6951"}],"wp:attachment":[{"href":"http:\/\/traba.org\/trabablog\/index.php?rest_route=%2Fwp%2Fv2%2Fmedia&parent=13425"}],"wp:term":[{"taxonomy":"category","embeddable":true,"href":"http:\/\/traba.org\/trabablog\/index.php?rest_route=%2Fwp%2Fv2%2Fcategories&post=13425"},{"taxonomy":"post_tag","embeddable":true,"href":"http:\/\/traba.org\/trabablog\/index.php?rest_route=%2Fwp%2Fv2%2Ftags&post=13425"}],"curies":[{"name":"wp","href":"https:\/\/api.w.org\/{rel}","templated":true}]}}