{"id":13785,"date":"2017-09-07T22:50:11","date_gmt":"2017-09-07T20:50:11","guid":{"rendered":"http:\/\/www.traba.org\/trabablog\/?p=13785"},"modified":"2017-09-07T22:50:11","modified_gmt":"2017-09-07T20:50:11","slug":"els-fotografs-de-barcelona","status":"publish","type":"post","link":"http:\/\/traba.org\/trabablog\/?p=13785","title":{"rendered":"els fot\u00f2grafs de barcelona"},"content":{"rendered":"<p>Sempre m&#8217;han agradat les fotos antigues de Barcelona, o m\u00e9s aviat dels barcelonins. Em criden especialment les de l&#8217;anomenada \u00abnova avantguarda\u00bb dels anys 50 i 60, tota una generaci\u00f3 de fot\u00f2grafs catalans que van retratar la Barcelona d&#8217;aquells anys. Prou semblant com per sentir-t&#8217;hi proper, per\u00f2 alhora tan diferent en algunes coses.<\/p>\n<p>Poso alguns dels autors m\u00e9s coneguts (si us agrada la fotografia no hi trobareu cap novetat) per si mai ensopegueu amb alguna exposici\u00f3 o llibre seus.<\/p>\n<p>El m\u00e9s fam\u00f3s potser \u00e9s <a href=\"https:\/\/ca.wikipedia.org\/wiki\/Francesc_Catal%C3%A0-Roca\">Francesc Catal\u00e0-Roca<\/a>, per\u00f2 a mi no \u00e9s el que m\u00e9s m&#8217;agrada.<\/p>\n<p><a href=\"http:\/\/www.traba.org\/trabablog\/wp-content\/uploads\/2017\/09\/AD03491_15.jpg\"><img loading=\"lazy\" decoding=\"async\" class=\"alignnone size-large wp-image-13892\" src=\"http:\/\/www.traba.org\/trabablog\/wp-content\/uploads\/2017\/09\/AD03491_15-1012x1024.jpg\" alt=\"\" width=\"700\" height=\"708\" srcset=\"http:\/\/traba.org\/trabablog\/wp-content\/uploads\/2017\/09\/AD03491_15-1012x1024.jpg 1012w, http:\/\/traba.org\/trabablog\/wp-content\/uploads\/2017\/09\/AD03491_15-297x300.jpg 297w, http:\/\/traba.org\/trabablog\/wp-content\/uploads\/2017\/09\/AD03491_15-768x777.jpg 768w, http:\/\/traba.org\/trabablog\/wp-content\/uploads\/2017\/09\/AD03491_15-344x348.jpg 344w, http:\/\/traba.org\/trabablog\/wp-content\/uploads\/2017\/09\/AD03491_15-688x696.jpg 688w\" sizes=\"auto, (max-width: 700px) 100vw, 700px\" \/><\/a><\/p>\n<p>La seva foto m\u00e9s famosa \u00e9s de la Gran Via de Madrid.<\/p>\n<p><a href=\"http:\/\/www.traba.org\/trabablog\/wp-content\/uploads\/2017\/09\/FrancescCatalaRoca3.jpg\"><img loading=\"lazy\" decoding=\"async\" class=\"alignnone size-large wp-image-13893\" src=\"http:\/\/www.traba.org\/trabablog\/wp-content\/uploads\/2017\/09\/FrancescCatalaRoca3.jpg\" alt=\"\" width=\"604\" height=\"487\" srcset=\"http:\/\/traba.org\/trabablog\/wp-content\/uploads\/2017\/09\/FrancescCatalaRoca3.jpg 604w, http:\/\/traba.org\/trabablog\/wp-content\/uploads\/2017\/09\/FrancescCatalaRoca3-300x242.jpg 300w, http:\/\/traba.org\/trabablog\/wp-content\/uploads\/2017\/09\/FrancescCatalaRoca3-432x348.jpg 432w\" sizes=\"auto, (max-width: 604px) 100vw, 604px\" \/><\/a><\/p>\n<p>Un dels meus preferits \u00e9s <a href=\"https:\/\/ca.wikipedia.org\/wiki\/Leopold_Pom%C3%A9s_i_Campello\">Leopoldo Pom\u00e9s<\/a>, que t\u00e9 una <a href=\"http:\/\/www.lavanguardia.com\/local\/barcelona\/20120917\/54350513642\/fotografo-leopoldo-pomes-barcelona-1957.html\">hist\u00f2ria curiosa<\/a>. El 1957 li van encarregar un fotollibre sobre Barcelona i ell es va passar tot un any fent fotos. Al final no li van publicar perqu\u00e8 era massa \u00abl\u00fagubre\u00bb, i va acabar tirant m\u00e9s pel camp de la publicitat i l&#8217;audiovisual. El 2012 va recuperar les fotos i les va publicar en el llibre <a href=\"https:\/\/www.amazon.es\/Barcelona-Libros-Autor-Leopoldo-Pom%C3%A9s\/dp\/841530398X\/ref=sr_1_1\/261-2594221-6047034?ie=UTF8&amp;qid=1504708574&amp;sr=8-1&amp;keywords=barcelona+1957\">Barcelona 1957<\/a>. Nosaltres li vam regalar a alg\u00fa fa temps, \u00e9s espectacular.<\/p>\n<p><a href=\"http:\/\/www.traba.org\/trabablog\/wp-content\/uploads\/2017\/09\/leopoldo.jpeg\"><img loading=\"lazy\" decoding=\"async\" class=\"alignnone size-large wp-image-13899\" src=\"http:\/\/www.traba.org\/trabablog\/wp-content\/uploads\/2017\/09\/leopoldo-1024x658.jpeg\" alt=\"\" width=\"700\" height=\"450\" srcset=\"http:\/\/traba.org\/trabablog\/wp-content\/uploads\/2017\/09\/leopoldo-1024x658.jpeg 1024w, http:\/\/traba.org\/trabablog\/wp-content\/uploads\/2017\/09\/leopoldo-300x193.jpeg 300w, http:\/\/traba.org\/trabablog\/wp-content\/uploads\/2017\/09\/leopoldo-768x494.jpeg 768w, http:\/\/traba.org\/trabablog\/wp-content\/uploads\/2017\/09\/leopoldo-460x296.jpeg 460w, http:\/\/traba.org\/trabablog\/wp-content\/uploads\/2017\/09\/leopoldo-688x442.jpeg 688w, http:\/\/traba.org\/trabablog\/wp-content\/uploads\/2017\/09\/leopoldo.jpeg 1769w\" sizes=\"auto, (max-width: 700px) 100vw, 700px\" \/><\/a> <a href=\"http:\/\/www.traba.org\/trabablog\/wp-content\/uploads\/2017\/09\/1347904228_484072_1347904897_album_normal.jpg\"><img loading=\"lazy\" decoding=\"async\" class=\"alignnone size-full wp-image-13900\" src=\"http:\/\/www.traba.org\/trabablog\/wp-content\/uploads\/2017\/09\/1347904228_484072_1347904897_album_normal.jpg\" alt=\"\" width=\"980\" height=\"651\" srcset=\"http:\/\/traba.org\/trabablog\/wp-content\/uploads\/2017\/09\/1347904228_484072_1347904897_album_normal.jpg 980w, http:\/\/traba.org\/trabablog\/wp-content\/uploads\/2017\/09\/1347904228_484072_1347904897_album_normal-300x199.jpg 300w, http:\/\/traba.org\/trabablog\/wp-content\/uploads\/2017\/09\/1347904228_484072_1347904897_album_normal-768x510.jpg 768w, http:\/\/traba.org\/trabablog\/wp-content\/uploads\/2017\/09\/1347904228_484072_1347904897_album_normal-600x400.jpg 600w, http:\/\/traba.org\/trabablog\/wp-content\/uploads\/2017\/09\/1347904228_484072_1347904897_album_normal-460x306.jpg 460w, http:\/\/traba.org\/trabablog\/wp-content\/uploads\/2017\/09\/1347904228_484072_1347904897_album_normal-688x457.jpg 688w\" sizes=\"auto, (max-width: 980px) 100vw, 980px\" \/><\/a> <a href=\"http:\/\/www.traba.org\/trabablog\/wp-content\/uploads\/2017\/09\/Leopoldo-Pome\u0301s-Barcelona-1957-2.jpg\"><img loading=\"lazy\" decoding=\"async\" class=\"alignnone size-large wp-image-13901\" src=\"http:\/\/www.traba.org\/trabablog\/wp-content\/uploads\/2017\/09\/Leopoldo-Pome\u0301s-Barcelona-1957-2.jpg\" alt=\"\" width=\"700\" height=\"466\" srcset=\"http:\/\/traba.org\/trabablog\/wp-content\/uploads\/2017\/09\/Leopoldo-Pome\u0301s-Barcelona-1957-2.jpg 959w, http:\/\/traba.org\/trabablog\/wp-content\/uploads\/2017\/09\/Leopoldo-Pome\u0301s-Barcelona-1957-2-300x200.jpg 300w, http:\/\/traba.org\/trabablog\/wp-content\/uploads\/2017\/09\/Leopoldo-Pome\u0301s-Barcelona-1957-2-768x512.jpg 768w, http:\/\/traba.org\/trabablog\/wp-content\/uploads\/2017\/09\/Leopoldo-Pome\u0301s-Barcelona-1957-2-600x400.jpg 600w, http:\/\/traba.org\/trabablog\/wp-content\/uploads\/2017\/09\/Leopoldo-Pome\u0301s-Barcelona-1957-2-460x307.jpg 460w, http:\/\/traba.org\/trabablog\/wp-content\/uploads\/2017\/09\/Leopoldo-Pome\u0301s-Barcelona-1957-2-688x458.jpg 688w\" sizes=\"auto, (max-width: 700px) 100vw, 700px\" \/><\/a><\/p>\n<p>Fa pocs dies ha mort <a href=\"https:\/\/ca.wikipedia.org\/wiki\/Joan_Colom_i_Altemir\">Joan Colom<\/a>, fam\u00f3s per les seves fotos de quan el Raval era el Barri Xino.<\/p>\n<p><a href=\"http:\/\/www.traba.org\/trabablog\/wp-content\/uploads\/2017\/09\/3-71_-211140-000_e.jpg\"><img loading=\"lazy\" decoding=\"async\" class=\"size-large wp-image-13913\" src=\"http:\/\/www.traba.org\/trabablog\/wp-content\/uploads\/2017\/09\/3-71_-211140-000_e-841x1024.jpg\" alt=\"\" width=\"700\" height=\"852\" srcset=\"http:\/\/traba.org\/trabablog\/wp-content\/uploads\/2017\/09\/3-71_-211140-000_e-841x1024.jpg 841w, http:\/\/traba.org\/trabablog\/wp-content\/uploads\/2017\/09\/3-71_-211140-000_e-246x300.jpg 246w, http:\/\/traba.org\/trabablog\/wp-content\/uploads\/2017\/09\/3-71_-211140-000_e-768x935.jpg 768w, http:\/\/traba.org\/trabablog\/wp-content\/uploads\/2017\/09\/3-71_-211140-000_e-286x348.jpg 286w, http:\/\/traba.org\/trabablog\/wp-content\/uploads\/2017\/09\/3-71_-211140-000_e-688x838.jpg 688w, http:\/\/traba.org\/trabablog\/wp-content\/uploads\/2017\/09\/3-71_-211140-000_e.jpg 971w\" sizes=\"auto, (max-width: 700px) 100vw, 700px\" \/><\/a> <a href=\"http:\/\/www.traba.org\/trabablog\/wp-content\/uploads\/2017\/09\/Joan-Colom-fotografo-1.jpg\"><img loading=\"lazy\" decoding=\"async\" class=\"alignnone size-full wp-image-13915\" src=\"http:\/\/www.traba.org\/trabablog\/wp-content\/uploads\/2017\/09\/Joan-Colom-fotografo-1.jpg\" alt=\"\" width=\"600\" height=\"478\" srcset=\"http:\/\/traba.org\/trabablog\/wp-content\/uploads\/2017\/09\/Joan-Colom-fotografo-1.jpg 600w, http:\/\/traba.org\/trabablog\/wp-content\/uploads\/2017\/09\/Joan-Colom-fotografo-1-300x239.jpg 300w, http:\/\/traba.org\/trabablog\/wp-content\/uploads\/2017\/09\/Joan-Colom-fotografo-1-437x348.jpg 437w\" sizes=\"auto, (max-width: 600px) 100vw, 600px\" \/><\/a><\/p>\n<p>Per\u00f2 tamb\u00e9 t\u00e9 una s\u00e8rie del Somorrostro.<\/p>\n<p><a href=\"http:\/\/www.traba.org\/trabablog\/wp-content\/uploads\/2017\/09\/5-16_-10-somorrostro-_002.jpg\"><img loading=\"lazy\" decoding=\"async\" class=\"alignnone size-full wp-image-13792\" src=\"http:\/\/www.traba.org\/trabablog\/wp-content\/uploads\/2017\/09\/5-16_-10-somorrostro-_002.jpg\" alt=\"\" width=\"795\" height=\"567\" srcset=\"http:\/\/traba.org\/trabablog\/wp-content\/uploads\/2017\/09\/5-16_-10-somorrostro-_002.jpg 795w, http:\/\/traba.org\/trabablog\/wp-content\/uploads\/2017\/09\/5-16_-10-somorrostro-_002-300x214.jpg 300w, http:\/\/traba.org\/trabablog\/wp-content\/uploads\/2017\/09\/5-16_-10-somorrostro-_002-768x548.jpg 768w, http:\/\/traba.org\/trabablog\/wp-content\/uploads\/2017\/09\/5-16_-10-somorrostro-_002-460x328.jpg 460w, http:\/\/traba.org\/trabablog\/wp-content\/uploads\/2017\/09\/5-16_-10-somorrostro-_002-688x491.jpg 688w\" sizes=\"auto, (max-width: 795px) 100vw, 795px\" \/><\/a> <a href=\"http:\/\/www.traba.org\/trabablog\/wp-content\/uploads\/2017\/09\/paseo-marc3adtimo-somorrostro-1964.jpg\"><img loading=\"lazy\" decoding=\"async\" class=\"alignnone size-full wp-image-13902\" src=\"http:\/\/www.traba.org\/trabablog\/wp-content\/uploads\/2017\/09\/paseo-marc3adtimo-somorrostro-1964.jpg\" alt=\"\" width=\"944\" height=\"652\" srcset=\"http:\/\/traba.org\/trabablog\/wp-content\/uploads\/2017\/09\/paseo-marc3adtimo-somorrostro-1964.jpg 944w, http:\/\/traba.org\/trabablog\/wp-content\/uploads\/2017\/09\/paseo-marc3adtimo-somorrostro-1964-300x207.jpg 300w, http:\/\/traba.org\/trabablog\/wp-content\/uploads\/2017\/09\/paseo-marc3adtimo-somorrostro-1964-768x530.jpg 768w, http:\/\/traba.org\/trabablog\/wp-content\/uploads\/2017\/09\/paseo-marc3adtimo-somorrostro-1964-460x318.jpg 460w, http:\/\/traba.org\/trabablog\/wp-content\/uploads\/2017\/09\/paseo-marc3adtimo-somorrostro-1964-688x475.jpg 688w\" sizes=\"auto, (max-width: 944px) 100vw, 944px\" \/><\/a><\/p>\n<p><a href=\"https:\/\/ca.wikipedia.org\/wiki\/Colita\">Colita<\/a> era m\u00e9s de retrats, per exemple de la seva amiga Carmen Amaya.<\/p>\n<p><a href=\"http:\/\/www.traba.org\/trabablog\/wp-content\/uploads\/2017\/09\/colita.jpg\"><img loading=\"lazy\" decoding=\"async\" class=\"alignnone size-full wp-image-13912\" src=\"http:\/\/www.traba.org\/trabablog\/wp-content\/uploads\/2017\/09\/colita.jpg\" alt=\"\" width=\"550\" height=\"366\" srcset=\"http:\/\/traba.org\/trabablog\/wp-content\/uploads\/2017\/09\/colita.jpg 550w, http:\/\/traba.org\/trabablog\/wp-content\/uploads\/2017\/09\/colita-300x200.jpg 300w, http:\/\/traba.org\/trabablog\/wp-content\/uploads\/2017\/09\/colita-460x306.jpg 460w\" sizes=\"auto, (max-width: 550px) 100vw, 550px\" \/><\/a><\/p>\n<p>Per\u00f2 tamb\u00e9 t\u00e9 fotos xules. Tots els autors fotografiaven molt La Rambla, que en aquell moment era el centre de la vida de la ciutat.<\/p>\n<p><a href=\"http:\/\/www.traba.org\/trabablog\/wp-content\/uploads\/2017\/09\/colita03a.jpg\"><img loading=\"lazy\" decoding=\"async\" class=\"alignnone size-full wp-image-13904\" src=\"http:\/\/www.traba.org\/trabablog\/wp-content\/uploads\/2017\/09\/colita03a.jpg\" alt=\"\" width=\"640\" height=\"437\" srcset=\"http:\/\/traba.org\/trabablog\/wp-content\/uploads\/2017\/09\/colita03a.jpg 640w, http:\/\/traba.org\/trabablog\/wp-content\/uploads\/2017\/09\/colita03a-300x205.jpg 300w, http:\/\/traba.org\/trabablog\/wp-content\/uploads\/2017\/09\/colita03a-460x314.jpg 460w\" sizes=\"auto, (max-width: 640px) 100vw, 640px\" \/><\/a><\/p>\n<p>I molts altres com <a href=\"https:\/\/ca.wikipedia.org\/wiki\/Xavier_Miserachs_i_Ribalta\">Xavier Miserachs<\/a>.<\/p>\n<p><a href=\"http:\/\/www.traba.org\/trabablog\/wp-content\/uploads\/2017\/09\/4382_770x515.jpg\"><img loading=\"lazy\" decoding=\"async\" class=\"alignnone size-full wp-image-13917\" src=\"http:\/\/www.traba.org\/trabablog\/wp-content\/uploads\/2017\/09\/4382_770x515.jpg\" alt=\"\" width=\"770\" height=\"515\" srcset=\"http:\/\/traba.org\/trabablog\/wp-content\/uploads\/2017\/09\/4382_770x515.jpg 770w, http:\/\/traba.org\/trabablog\/wp-content\/uploads\/2017\/09\/4382_770x515-300x201.jpg 300w, http:\/\/traba.org\/trabablog\/wp-content\/uploads\/2017\/09\/4382_770x515-768x514.jpg 768w, http:\/\/traba.org\/trabablog\/wp-content\/uploads\/2017\/09\/4382_770x515-600x400.jpg 600w, http:\/\/traba.org\/trabablog\/wp-content\/uploads\/2017\/09\/4382_770x515-460x308.jpg 460w, http:\/\/traba.org\/trabablog\/wp-content\/uploads\/2017\/09\/4382_770x515-688x460.jpg 688w\" sizes=\"auto, (max-width: 770px) 100vw, 770px\" \/><\/a><\/p>\n<p><a href=\"https:\/\/ca.wikipedia.org\/wiki\/Oriol_Maspons_i_Casades\">Oriol Maspons<\/a>\u00a0i les seves fotos de la Gauche Divine i de personatges com Pablo Neruda.<\/p>\n<p><a href=\"http:\/\/www.traba.org\/trabablog\/wp-content\/uploads\/2017\/09\/1376306575_074356_1376307066_album_normal.jpg\"><img loading=\"lazy\" decoding=\"async\" class=\"alignnone size-full wp-image-13918\" src=\"http:\/\/www.traba.org\/trabablog\/wp-content\/uploads\/2017\/09\/1376306575_074356_1376307066_album_normal.jpg\" alt=\"\" width=\"980\" height=\"757\" srcset=\"http:\/\/traba.org\/trabablog\/wp-content\/uploads\/2017\/09\/1376306575_074356_1376307066_album_normal.jpg 980w, http:\/\/traba.org\/trabablog\/wp-content\/uploads\/2017\/09\/1376306575_074356_1376307066_album_normal-300x232.jpg 300w, http:\/\/traba.org\/trabablog\/wp-content\/uploads\/2017\/09\/1376306575_074356_1376307066_album_normal-768x593.jpg 768w, http:\/\/traba.org\/trabablog\/wp-content\/uploads\/2017\/09\/1376306575_074356_1376307066_album_normal-451x348.jpg 451w, http:\/\/traba.org\/trabablog\/wp-content\/uploads\/2017\/09\/1376306575_074356_1376307066_album_normal-688x531.jpg 688w\" sizes=\"auto, (max-width: 980px) 100vw, 980px\" \/><\/a><\/p>\n<p><a href=\"https:\/\/ca.wikipedia.org\/wiki\/Ramon_Masats\">Ramon Masats<\/a> i la seva famosa foto del capell\u00e0 porter de Madrid.<\/p>\n<p><a href=\"http:\/\/www.traba.org\/trabablog\/wp-content\/uploads\/2017\/09\/1446712635_607343_1446714846_album_normal.jpg\"><img loading=\"lazy\" decoding=\"async\" class=\"alignnone size-full wp-image-13929\" src=\"http:\/\/www.traba.org\/trabablog\/wp-content\/uploads\/2017\/09\/1446712635_607343_1446714846_album_normal.jpg\" alt=\"\" width=\"980\" height=\"653\" srcset=\"http:\/\/traba.org\/trabablog\/wp-content\/uploads\/2017\/09\/1446712635_607343_1446714846_album_normal.jpg 980w, http:\/\/traba.org\/trabablog\/wp-content\/uploads\/2017\/09\/1446712635_607343_1446714846_album_normal-300x200.jpg 300w, http:\/\/traba.org\/trabablog\/wp-content\/uploads\/2017\/09\/1446712635_607343_1446714846_album_normal-768x512.jpg 768w, http:\/\/traba.org\/trabablog\/wp-content\/uploads\/2017\/09\/1446712635_607343_1446714846_album_normal-600x400.jpg 600w, http:\/\/traba.org\/trabablog\/wp-content\/uploads\/2017\/09\/1446712635_607343_1446714846_album_normal-460x307.jpg 460w, http:\/\/traba.org\/trabablog\/wp-content\/uploads\/2017\/09\/1446712635_607343_1446714846_album_normal-688x458.jpg 688w\" sizes=\"auto, (max-width: 980px) 100vw, 980px\" \/><\/a><\/p>\n<p>Tamb\u00e9 t\u00e9 diferents s\u00e8ries dels sanfermines.<\/p>\n<p><a href=\"http:\/\/www.traba.org\/trabablog\/wp-content\/uploads\/2017\/09\/masatsbota.g.jpg\"><img loading=\"lazy\" decoding=\"async\" class=\"alignnone size-full wp-image-13930\" src=\"http:\/\/www.traba.org\/trabablog\/wp-content\/uploads\/2017\/09\/masatsbota.g.jpg\" alt=\"\" width=\"600\" height=\"400\" srcset=\"http:\/\/traba.org\/trabablog\/wp-content\/uploads\/2017\/09\/masatsbota.g.jpg 600w, http:\/\/traba.org\/trabablog\/wp-content\/uploads\/2017\/09\/masatsbota.g-300x200.jpg 300w, http:\/\/traba.org\/trabablog\/wp-content\/uploads\/2017\/09\/masatsbota.g-460x307.jpg 460w\" sizes=\"auto, (max-width: 600px) 100vw, 600px\" \/><\/a><\/p>\n<p>O <a href=\"https:\/\/ca.wikipedia.org\/wiki\/Eugeni_Forcano_i_Andreu\">Eugeni Forcano<\/a>\u00a0entre altres.<\/p>\n<p><a href=\"http:\/\/www.traba.org\/trabablog\/wp-content\/uploads\/2017\/09\/e9b26c770142a353d7986e9ebf84cf54.jpg\"><img loading=\"lazy\" decoding=\"async\" class=\"alignnone size-full wp-image-13931\" src=\"http:\/\/www.traba.org\/trabablog\/wp-content\/uploads\/2017\/09\/e9b26c770142a353d7986e9ebf84cf54.jpg\" alt=\"\" width=\"590\" height=\"495\" srcset=\"http:\/\/traba.org\/trabablog\/wp-content\/uploads\/2017\/09\/e9b26c770142a353d7986e9ebf84cf54.jpg 590w, http:\/\/traba.org\/trabablog\/wp-content\/uploads\/2017\/09\/e9b26c770142a353d7986e9ebf84cf54-300x252.jpg 300w, http:\/\/traba.org\/trabablog\/wp-content\/uploads\/2017\/09\/e9b26c770142a353d7986e9ebf84cf54-415x348.jpg 415w\" sizes=\"auto, (max-width: 590px) 100vw, 590px\" \/><\/a> <a href=\"http:\/\/www.traba.org\/trabablog\/wp-content\/uploads\/2017\/09\/cdbc0437b7610d0bef5f36c024eef5c4_orig.jpg\"><img loading=\"lazy\" decoding=\"async\" class=\"alignnone size-large wp-image-13933\" src=\"http:\/\/www.traba.org\/trabablog\/wp-content\/uploads\/2017\/09\/cdbc0437b7610d0bef5f36c024eef5c4_orig-1024x878.jpg\" alt=\"\" width=\"700\" height=\"600\" srcset=\"http:\/\/traba.org\/trabablog\/wp-content\/uploads\/2017\/09\/cdbc0437b7610d0bef5f36c024eef5c4_orig-1024x878.jpg 1024w, http:\/\/traba.org\/trabablog\/wp-content\/uploads\/2017\/09\/cdbc0437b7610d0bef5f36c024eef5c4_orig-300x257.jpg 300w, http:\/\/traba.org\/trabablog\/wp-content\/uploads\/2017\/09\/cdbc0437b7610d0bef5f36c024eef5c4_orig-768x658.jpg 768w, http:\/\/traba.org\/trabablog\/wp-content\/uploads\/2017\/09\/cdbc0437b7610d0bef5f36c024eef5c4_orig-406x348.jpg 406w, http:\/\/traba.org\/trabablog\/wp-content\/uploads\/2017\/09\/cdbc0437b7610d0bef5f36c024eef5c4_orig-688x590.jpg 688w, http:\/\/traba.org\/trabablog\/wp-content\/uploads\/2017\/09\/cdbc0437b7610d0bef5f36c024eef5c4_orig.jpg 1260w\" sizes=\"auto, (max-width: 700px) 100vw, 700px\" \/><\/a><\/p>\n<p>Per\u00f2 si el m\u00f3n de la fotografia est\u00e0 repartit, l&#8217;audiovisual t\u00e9 un rei absolut: <a href=\"https:\/\/ca.wikipedia.org\/wiki\/Carles_Barba_Masagu%C3%A9\">Carles Barba<\/a>. Qualsevol dels seus \u00abdocumentals\u00bb\u00a0<a href=\"https:\/\/vimeo.com\/carlesbarba\">\u00e9s una joia.<\/a>\u00a0Nom\u00e9s per posar dos exemples, aqu\u00ed en teniu un de comen\u00e7aments dels 60.<\/p>\n<p><iframe loading=\"lazy\" title=\"Aspectes i Personatges de Barcelona, 1964\" src=\"https:\/\/player.vimeo.com\/video\/69531994?h=bdb4f8645b&amp;dnt=1&amp;app_id=122963\" width=\"706\" height=\"576\" frameborder=\"0\" allow=\"autoplay; fullscreen; picture-in-picture\" allowfullscreen><\/iframe><\/p>\n<p>I un altre dels Jocs Ol\u00edmpics.<\/p>\n<p><iframe loading=\"lazy\" title=\"Barcelona era una festa (Carles Barba, 1992)\" src=\"https:\/\/player.vimeo.com\/video\/74735004?h=16aea9645c&amp;dnt=1&amp;app_id=122963\" width=\"702\" height=\"576\" frameborder=\"0\" allow=\"autoplay; fullscreen; picture-in-picture\" allowfullscreen><\/iframe><\/p>\n<p>Insuperable.<\/p>\n","protected":false},"excerpt":{"rendered":"<p>Sempre m&#8217;han agradat les fotos antigues de Barcelona, o m\u00e9s aviat dels barcelonins. Em criden especialment les de l&#8217;anomenada \u00abnova avantguarda\u00bb dels anys 50 i 60, tota una generaci\u00f3 de&#8230;<\/p>\n","protected":false},"author":2,"featured_media":13899,"comment_status":"open","ping_status":"open","sticky":false,"template":"","format":"standard","meta":{"_monsterinsights_skip_tracking":false,"_monsterinsights_sitenote_active":false,"_monsterinsights_sitenote_note":"","_monsterinsights_sitenote_category":0,"footnotes":""},"categories":[129],"tags":[130],"class_list":["post-13785","post","type-post","status-publish","format-standard","has-post-thumbnail","hentry","category-histories","tag-histories"],"_links":{"self":[{"href":"http:\/\/traba.org\/trabablog\/index.php?rest_route=\/wp\/v2\/posts\/13785","targetHints":{"allow":["GET"]}}],"collection":[{"href":"http:\/\/traba.org\/trabablog\/index.php?rest_route=\/wp\/v2\/posts"}],"about":[{"href":"http:\/\/traba.org\/trabablog\/index.php?rest_route=\/wp\/v2\/types\/post"}],"author":[{"embeddable":true,"href":"http:\/\/traba.org\/trabablog\/index.php?rest_route=\/wp\/v2\/users\/2"}],"replies":[{"embeddable":true,"href":"http:\/\/traba.org\/trabablog\/index.php?rest_route=%2Fwp%2Fv2%2Fcomments&post=13785"}],"version-history":[{"count":19,"href":"http:\/\/traba.org\/trabablog\/index.php?rest_route=\/wp\/v2\/posts\/13785\/revisions"}],"predecessor-version":[{"id":13937,"href":"http:\/\/traba.org\/trabablog\/index.php?rest_route=\/wp\/v2\/posts\/13785\/revisions\/13937"}],"wp:featuredmedia":[{"embeddable":true,"href":"http:\/\/traba.org\/trabablog\/index.php?rest_route=\/wp\/v2\/media\/13899"}],"wp:attachment":[{"href":"http:\/\/traba.org\/trabablog\/index.php?rest_route=%2Fwp%2Fv2%2Fmedia&parent=13785"}],"wp:term":[{"taxonomy":"category","embeddable":true,"href":"http:\/\/traba.org\/trabablog\/index.php?rest_route=%2Fwp%2Fv2%2Fcategories&post=13785"},{"taxonomy":"post_tag","embeddable":true,"href":"http:\/\/traba.org\/trabablog\/index.php?rest_route=%2Fwp%2Fv2%2Ftags&post=13785"}],"curies":[{"name":"wp","href":"https:\/\/api.w.org\/{rel}","templated":true}]}}