{"id":14208,"date":"2017-05-12T09:39:55","date_gmt":"2017-05-12T07:39:55","guid":{"rendered":"http:\/\/www.traba.org\/trabablog\/?p=14208"},"modified":"2017-11-26T09:52:00","modified_gmt":"2017-11-26T08:52:00","slug":"els-ultims-mesos-amb-la-maite","status":"publish","type":"post","link":"http:\/\/traba.org\/trabablog\/?p=14208","title":{"rendered":"els \u00faltims mesos amb la Maite"},"content":{"rendered":"<p>encara em quedaven per penjar algunes fotos amb la maite. aqu\u00ed, era al novembre de 2016, escombrant el pati de la maite. al bruno sempre li ha agradat molt escombrar.<\/p>\n<p><img loading=\"lazy\" decoding=\"async\" class=\"aligncenter size-large wp-image-14209\" src=\"http:\/\/www.traba.org\/trabablog\/wp-content\/uploads\/2017\/11\/IMG_0723-768x1024.jpg\" alt=\"\" width=\"700\" height=\"933\" srcset=\"http:\/\/traba.org\/trabablog\/wp-content\/uploads\/2017\/11\/IMG_0723-768x1024.jpg 768w, http:\/\/traba.org\/trabablog\/wp-content\/uploads\/2017\/11\/IMG_0723-225x300.jpg 225w, http:\/\/traba.org\/trabablog\/wp-content\/uploads\/2017\/11\/IMG_0723-261x348.jpg 261w, http:\/\/traba.org\/trabablog\/wp-content\/uploads\/2017\/11\/IMG_0723-688x917.jpg 688w, http:\/\/traba.org\/trabablog\/wp-content\/uploads\/2017\/11\/IMG_0723.jpg 960w\" sizes=\"auto, (max-width: 700px) 100vw, 700px\" \/> les boletes de la botiga bio de la pla\u00e7a del nord, que tamb\u00e9 seguim comprant a la botiga bio del costat del parc del tobogan foradat.<img loading=\"lazy\" decoding=\"async\" class=\"aligncenter size-large wp-image-14210\" src=\"http:\/\/www.traba.org\/trabablog\/wp-content\/uploads\/2017\/11\/IMG_0724-768x1024.jpg\" alt=\"\" width=\"700\" height=\"933\" srcset=\"http:\/\/traba.org\/trabablog\/wp-content\/uploads\/2017\/11\/IMG_0724-768x1024.jpg 768w, http:\/\/traba.org\/trabablog\/wp-content\/uploads\/2017\/11\/IMG_0724-225x300.jpg 225w, http:\/\/traba.org\/trabablog\/wp-content\/uploads\/2017\/11\/IMG_0724-261x348.jpg 261w, http:\/\/traba.org\/trabablog\/wp-content\/uploads\/2017\/11\/IMG_0724-688x917.jpg 688w, http:\/\/traba.org\/trabablog\/wp-content\/uploads\/2017\/11\/IMG_0724.jpg 960w\" sizes=\"auto, (max-width: 700px) 100vw, 700px\" \/> pintant. el bruno \u00e9s molt h\u00e0bil amb les mans.<img loading=\"lazy\" decoding=\"async\" class=\"aligncenter size-large wp-image-14211\" src=\"http:\/\/www.traba.org\/trabablog\/wp-content\/uploads\/2017\/11\/IMG_0739-768x1024.jpg\" alt=\"\" width=\"700\" height=\"933\" srcset=\"http:\/\/traba.org\/trabablog\/wp-content\/uploads\/2017\/11\/IMG_0739-768x1024.jpg 768w, http:\/\/traba.org\/trabablog\/wp-content\/uploads\/2017\/11\/IMG_0739-225x300.jpg 225w, http:\/\/traba.org\/trabablog\/wp-content\/uploads\/2017\/11\/IMG_0739-261x348.jpg 261w, http:\/\/traba.org\/trabablog\/wp-content\/uploads\/2017\/11\/IMG_0739-688x917.jpg 688w, http:\/\/traba.org\/trabablog\/wp-content\/uploads\/2017\/11\/IMG_0739.jpg 960w\" sizes=\"auto, (max-width: 700px) 100vw, 700px\" \/><\/p>\n<p>cap al novembre del 2016 es va treure el panyal, ell sol i nosaltres vam aprofitar-ho.<\/p>\n<div style=\"width: 720px;\" class=\"wp-video\"><video class=\"wp-video-shortcode\" id=\"video-14208-1\" width=\"720\" height=\"480\" preload=\"metadata\" controls=\"controls\"><source type=\"video\/mp4\" src=\"http:\/\/www.traba.org\/trabablog\/wp-content\/uploads\/2017\/11\/IMG_0802.mp4?_=1\" \/><a href=\"http:\/\/www.traba.org\/trabablog\/wp-content\/uploads\/2017\/11\/IMG_0802.mp4\">http:\/\/www.traba.org\/trabablog\/wp-content\/uploads\/2017\/11\/IMG_0802.mp4<\/a><\/video><\/div>\n<p>dinant cuscus amb vistes al parc.<img loading=\"lazy\" decoding=\"async\" class=\"aligncenter wp-image-14213 size-large\" src=\"http:\/\/www.traba.org\/trabablog\/wp-content\/uploads\/2017\/11\/IMG_0845-e1511685850127-576x1024.jpg\" alt=\"\" width=\"576\" height=\"1024\" srcset=\"http:\/\/traba.org\/trabablog\/wp-content\/uploads\/2017\/11\/IMG_0845-e1511685850127-576x1024.jpg 576w, http:\/\/traba.org\/trabablog\/wp-content\/uploads\/2017\/11\/IMG_0845-e1511685850127-169x300.jpg 169w, http:\/\/traba.org\/trabablog\/wp-content\/uploads\/2017\/11\/IMG_0845-e1511685850127-768x1365.jpg 768w, http:\/\/traba.org\/trabablog\/wp-content\/uploads\/2017\/11\/IMG_0845-e1511685850127-196x348.jpg 196w, http:\/\/traba.org\/trabablog\/wp-content\/uploads\/2017\/11\/IMG_0845-e1511685850127-688x1222.jpg 688w\" sizes=\"auto, (max-width: 576px) 100vw, 576px\" \/> al parc dels jardins del mestre balcells. era visita obligada cada dia.<img loading=\"lazy\" decoding=\"async\" class=\"aligncenter size-large wp-image-14214\" src=\"http:\/\/www.traba.org\/trabablog\/wp-content\/uploads\/2017\/11\/IMG_1216-768x1024.jpg\" alt=\"\" width=\"700\" height=\"933\" srcset=\"http:\/\/traba.org\/trabablog\/wp-content\/uploads\/2017\/11\/IMG_1216-768x1024.jpg 768w, http:\/\/traba.org\/trabablog\/wp-content\/uploads\/2017\/11\/IMG_1216-225x300.jpg 225w, http:\/\/traba.org\/trabablog\/wp-content\/uploads\/2017\/11\/IMG_1216-261x348.jpg 261w, http:\/\/traba.org\/trabablog\/wp-content\/uploads\/2017\/11\/IMG_1216-688x917.jpg 688w, http:\/\/traba.org\/trabablog\/wp-content\/uploads\/2017\/11\/IMG_1216.jpg 1200w\" sizes=\"auto, (max-width: 700px) 100vw, 700px\" \/> <img loading=\"lazy\" decoding=\"async\" class=\"aligncenter size-large wp-image-14215\" src=\"http:\/\/www.traba.org\/trabablog\/wp-content\/uploads\/2017\/11\/IMG_1316-768x1024.jpg\" alt=\"\" width=\"700\" height=\"933\" srcset=\"http:\/\/traba.org\/trabablog\/wp-content\/uploads\/2017\/11\/IMG_1316-768x1024.jpg 768w, http:\/\/traba.org\/trabablog\/wp-content\/uploads\/2017\/11\/IMG_1316-225x300.jpg 225w, http:\/\/traba.org\/trabablog\/wp-content\/uploads\/2017\/11\/IMG_1316-261x348.jpg 261w, http:\/\/traba.org\/trabablog\/wp-content\/uploads\/2017\/11\/IMG_1316-688x917.jpg 688w, http:\/\/traba.org\/trabablog\/wp-content\/uploads\/2017\/11\/IMG_1316.jpg 1200w\" sizes=\"auto, (max-width: 700px) 100vw, 700px\" \/> <img loading=\"lazy\" decoding=\"async\" class=\"aligncenter size-large wp-image-14216\" src=\"http:\/\/www.traba.org\/trabablog\/wp-content\/uploads\/2017\/11\/IMG_1317-768x1024.jpg\" alt=\"\" width=\"700\" height=\"933\" srcset=\"http:\/\/traba.org\/trabablog\/wp-content\/uploads\/2017\/11\/IMG_1317-768x1024.jpg 768w, http:\/\/traba.org\/trabablog\/wp-content\/uploads\/2017\/11\/IMG_1317-225x300.jpg 225w, http:\/\/traba.org\/trabablog\/wp-content\/uploads\/2017\/11\/IMG_1317-261x348.jpg 261w, http:\/\/traba.org\/trabablog\/wp-content\/uploads\/2017\/11\/IMG_1317-688x917.jpg 688w, http:\/\/traba.org\/trabablog\/wp-content\/uploads\/2017\/11\/IMG_1317.jpg 1200w\" sizes=\"auto, (max-width: 700px) 100vw, 700px\" \/> <img loading=\"lazy\" decoding=\"async\" class=\"aligncenter size-large wp-image-14217\" src=\"http:\/\/www.traba.org\/trabablog\/wp-content\/uploads\/2017\/11\/IMG_1687-768x1024.jpg\" alt=\"\" width=\"700\" height=\"933\" srcset=\"http:\/\/traba.org\/trabablog\/wp-content\/uploads\/2017\/11\/IMG_1687-768x1024.jpg 768w, http:\/\/traba.org\/trabablog\/wp-content\/uploads\/2017\/11\/IMG_1687-225x300.jpg 225w, http:\/\/traba.org\/trabablog\/wp-content\/uploads\/2017\/11\/IMG_1687-261x348.jpg 261w, http:\/\/traba.org\/trabablog\/wp-content\/uploads\/2017\/11\/IMG_1687-688x917.jpg 688w, http:\/\/traba.org\/trabablog\/wp-content\/uploads\/2017\/11\/IMG_1687.jpg 1200w\" sizes=\"auto, (max-width: 700px) 100vw, 700px\" \/> <img loading=\"lazy\" decoding=\"async\" class=\"aligncenter size-large wp-image-14218\" src=\"http:\/\/www.traba.org\/trabablog\/wp-content\/uploads\/2017\/11\/IMG_1689-768x1024.jpg\" alt=\"\" width=\"700\" height=\"933\" srcset=\"http:\/\/traba.org\/trabablog\/wp-content\/uploads\/2017\/11\/IMG_1689-768x1024.jpg 768w, http:\/\/traba.org\/trabablog\/wp-content\/uploads\/2017\/11\/IMG_1689-225x300.jpg 225w, http:\/\/traba.org\/trabablog\/wp-content\/uploads\/2017\/11\/IMG_1689-261x348.jpg 261w, http:\/\/traba.org\/trabablog\/wp-content\/uploads\/2017\/11\/IMG_1689-688x917.jpg 688w, http:\/\/traba.org\/trabablog\/wp-content\/uploads\/2017\/11\/IMG_1689.jpg 1200w\" sizes=\"auto, (max-width: 700px) 100vw, 700px\" \/> practicant, i el qu\u00e8 ens ha costat la caca, per\u00f2 a dia d&#8217;avui (novembre 2017) ja ho tenim tot ben controlat \ud83d\ude42<img loading=\"lazy\" decoding=\"async\" class=\"aligncenter size-large wp-image-14219\" src=\"http:\/\/www.traba.org\/trabablog\/wp-content\/uploads\/2017\/11\/IMG_1694-768x1024.jpg\" alt=\"\" width=\"700\" height=\"933\" srcset=\"http:\/\/traba.org\/trabablog\/wp-content\/uploads\/2017\/11\/IMG_1694-768x1024.jpg 768w, http:\/\/traba.org\/trabablog\/wp-content\/uploads\/2017\/11\/IMG_1694-225x300.jpg 225w, http:\/\/traba.org\/trabablog\/wp-content\/uploads\/2017\/11\/IMG_1694-261x348.jpg 261w, http:\/\/traba.org\/trabablog\/wp-content\/uploads\/2017\/11\/IMG_1694-688x917.jpg 688w, http:\/\/traba.org\/trabablog\/wp-content\/uploads\/2017\/11\/IMG_1694.jpg 1200w\" sizes=\"auto, (max-width: 700px) 100vw, 700px\" \/> i els dies que la lola estava malalta, es quedava amb el bruno i la maite.<img loading=\"lazy\" decoding=\"async\" class=\"aligncenter size-large wp-image-14220\" src=\"http:\/\/www.traba.org\/trabablog\/wp-content\/uploads\/2017\/11\/IMG_1797-768x1024.jpg\" alt=\"\" width=\"700\" height=\"933\" srcset=\"http:\/\/traba.org\/trabablog\/wp-content\/uploads\/2017\/11\/IMG_1797-768x1024.jpg 768w, http:\/\/traba.org\/trabablog\/wp-content\/uploads\/2017\/11\/IMG_1797-225x300.jpg 225w, http:\/\/traba.org\/trabablog\/wp-content\/uploads\/2017\/11\/IMG_1797-261x348.jpg 261w, http:\/\/traba.org\/trabablog\/wp-content\/uploads\/2017\/11\/IMG_1797-688x917.jpg 688w, http:\/\/traba.org\/trabablog\/wp-content\/uploads\/2017\/11\/IMG_1797.jpg 1200w\" sizes=\"auto, (max-width: 700px) 100vw, 700px\" \/> visites al zoo.<img loading=\"lazy\" decoding=\"async\" class=\"aligncenter size-large wp-image-14221\" src=\"http:\/\/www.traba.org\/trabablog\/wp-content\/uploads\/2017\/11\/IMG_1836-768x1024.jpg\" alt=\"\" width=\"700\" height=\"933\" srcset=\"http:\/\/traba.org\/trabablog\/wp-content\/uploads\/2017\/11\/IMG_1836-768x1024.jpg 768w, http:\/\/traba.org\/trabablog\/wp-content\/uploads\/2017\/11\/IMG_1836-225x300.jpg 225w, http:\/\/traba.org\/trabablog\/wp-content\/uploads\/2017\/11\/IMG_1836-261x348.jpg 261w, http:\/\/traba.org\/trabablog\/wp-content\/uploads\/2017\/11\/IMG_1836-688x917.jpg 688w, http:\/\/traba.org\/trabablog\/wp-content\/uploads\/2017\/11\/IMG_1836.jpg 1200w\" sizes=\"auto, (max-width: 700px) 100vw, 700px\" \/> a la biblioteca.<img loading=\"lazy\" decoding=\"async\" class=\"aligncenter size-large wp-image-14222\" src=\"http:\/\/www.traba.org\/trabablog\/wp-content\/uploads\/2017\/11\/IMG_1908-768x1024.jpg\" alt=\"\" width=\"700\" height=\"933\" srcset=\"http:\/\/traba.org\/trabablog\/wp-content\/uploads\/2017\/11\/IMG_1908-768x1024.jpg 768w, http:\/\/traba.org\/trabablog\/wp-content\/uploads\/2017\/11\/IMG_1908-225x300.jpg 225w, http:\/\/traba.org\/trabablog\/wp-content\/uploads\/2017\/11\/IMG_1908-261x348.jpg 261w, http:\/\/traba.org\/trabablog\/wp-content\/uploads\/2017\/11\/IMG_1908-688x917.jpg 688w, http:\/\/traba.org\/trabablog\/wp-content\/uploads\/2017\/11\/IMG_1908.jpg 960w\" sizes=\"auto, (max-width: 700px) 100vw, 700px\" \/> <img loading=\"lazy\" decoding=\"async\" class=\"aligncenter size-large wp-image-14223\" src=\"http:\/\/www.traba.org\/trabablog\/wp-content\/uploads\/2017\/11\/IMG_1912-768x1024.jpg\" alt=\"\" width=\"700\" height=\"933\" srcset=\"http:\/\/traba.org\/trabablog\/wp-content\/uploads\/2017\/11\/IMG_1912-768x1024.jpg 768w, http:\/\/traba.org\/trabablog\/wp-content\/uploads\/2017\/11\/IMG_1912-225x300.jpg 225w, http:\/\/traba.org\/trabablog\/wp-content\/uploads\/2017\/11\/IMG_1912-261x348.jpg 261w, http:\/\/traba.org\/trabablog\/wp-content\/uploads\/2017\/11\/IMG_1912-688x917.jpg 688w, http:\/\/traba.org\/trabablog\/wp-content\/uploads\/2017\/11\/IMG_1912.jpg 1200w\" sizes=\"auto, (max-width: 700px) 100vw, 700px\" \/> <img loading=\"lazy\" decoding=\"async\" class=\"aligncenter size-large wp-image-14224\" src=\"http:\/\/www.traba.org\/trabablog\/wp-content\/uploads\/2017\/11\/IMG_1950-1024x1024.jpg\" alt=\"\" width=\"700\" height=\"700\" srcset=\"http:\/\/traba.org\/trabablog\/wp-content\/uploads\/2017\/11\/IMG_1950-1024x1024.jpg 1024w, http:\/\/traba.org\/trabablog\/wp-content\/uploads\/2017\/11\/IMG_1950-150x150.jpg 150w, http:\/\/traba.org\/trabablog\/wp-content\/uploads\/2017\/11\/IMG_1950-300x300.jpg 300w, http:\/\/traba.org\/trabablog\/wp-content\/uploads\/2017\/11\/IMG_1950-768x768.jpg 768w, http:\/\/traba.org\/trabablog\/wp-content\/uploads\/2017\/11\/IMG_1950-200x200.jpg 200w, http:\/\/traba.org\/trabablog\/wp-content\/uploads\/2017\/11\/IMG_1950-348x348.jpg 348w, http:\/\/traba.org\/trabablog\/wp-content\/uploads\/2017\/11\/IMG_1950-688x688.jpg 688w, http:\/\/traba.org\/trabablog\/wp-content\/uploads\/2017\/11\/IMG_1950.jpg 1600w\" sizes=\"auto, (max-width: 700px) 100vw, 700px\" \/> amiguets del parc.<img loading=\"lazy\" decoding=\"async\" class=\"aligncenter size-large wp-image-14225\" src=\"http:\/\/www.traba.org\/trabablog\/wp-content\/uploads\/2017\/11\/IMG_1995-768x1024.jpg\" alt=\"\" width=\"700\" height=\"933\" srcset=\"http:\/\/traba.org\/trabablog\/wp-content\/uploads\/2017\/11\/IMG_1995-768x1024.jpg 768w, http:\/\/traba.org\/trabablog\/wp-content\/uploads\/2017\/11\/IMG_1995-225x300.jpg 225w, http:\/\/traba.org\/trabablog\/wp-content\/uploads\/2017\/11\/IMG_1995-261x348.jpg 261w, http:\/\/traba.org\/trabablog\/wp-content\/uploads\/2017\/11\/IMG_1995-688x917.jpg 688w, http:\/\/traba.org\/trabablog\/wp-content\/uploads\/2017\/11\/IMG_1995.jpg 1200w\" sizes=\"auto, (max-width: 700px) 100vw, 700px\" \/> i al mar\u00e7 de 2017, canviem de casa.<img loading=\"lazy\" decoding=\"async\" class=\"aligncenter size-large wp-image-14226\" src=\"http:\/\/www.traba.org\/trabablog\/wp-content\/uploads\/2017\/11\/IMG_2436-768x1024.jpg\" alt=\"\" width=\"700\" height=\"933\" srcset=\"http:\/\/traba.org\/trabablog\/wp-content\/uploads\/2017\/11\/IMG_2436-768x1024.jpg 768w, http:\/\/traba.org\/trabablog\/wp-content\/uploads\/2017\/11\/IMG_2436-225x300.jpg 225w, http:\/\/traba.org\/trabablog\/wp-content\/uploads\/2017\/11\/IMG_2436-261x348.jpg 261w, http:\/\/traba.org\/trabablog\/wp-content\/uploads\/2017\/11\/IMG_2436-688x917.jpg 688w, http:\/\/traba.org\/trabablog\/wp-content\/uploads\/2017\/11\/IMG_2436.jpg 1200w\" sizes=\"auto, (max-width: 700px) 100vw, 700px\" \/> ja a aviny\u00f3.<img loading=\"lazy\" decoding=\"async\" class=\"aligncenter size-large wp-image-14227\" src=\"http:\/\/www.traba.org\/trabablog\/wp-content\/uploads\/2017\/11\/IMG_2558-768x1024.jpg\" alt=\"\" width=\"700\" height=\"933\" srcset=\"http:\/\/traba.org\/trabablog\/wp-content\/uploads\/2017\/11\/IMG_2558-768x1024.jpg 768w, http:\/\/traba.org\/trabablog\/wp-content\/uploads\/2017\/11\/IMG_2558-225x300.jpg 225w, http:\/\/traba.org\/trabablog\/wp-content\/uploads\/2017\/11\/IMG_2558-261x348.jpg 261w, http:\/\/traba.org\/trabablog\/wp-content\/uploads\/2017\/11\/IMG_2558-688x917.jpg 688w, http:\/\/traba.org\/trabablog\/wp-content\/uploads\/2017\/11\/IMG_2558.jpg 1200w\" sizes=\"auto, (max-width: 700px) 100vw, 700px\" \/> la maite va trobar una escola bressol on an\u00e0ven un cop per setmana amb el bruno.<br \/>\n<img loading=\"lazy\" decoding=\"async\" class=\"aligncenter size-large wp-image-14228\" src=\"http:\/\/www.traba.org\/trabablog\/wp-content\/uploads\/2017\/11\/IMG_2563-768x1024.jpg\" alt=\"\" width=\"700\" height=\"933\" srcset=\"http:\/\/traba.org\/trabablog\/wp-content\/uploads\/2017\/11\/IMG_2563-768x1024.jpg 768w, http:\/\/traba.org\/trabablog\/wp-content\/uploads\/2017\/11\/IMG_2563-225x300.jpg 225w, http:\/\/traba.org\/trabablog\/wp-content\/uploads\/2017\/11\/IMG_2563-261x348.jpg 261w, http:\/\/traba.org\/trabablog\/wp-content\/uploads\/2017\/11\/IMG_2563-688x917.jpg 688w, http:\/\/traba.org\/trabablog\/wp-content\/uploads\/2017\/11\/IMG_2563.jpg 1200w\" sizes=\"auto, (max-width: 700px) 100vw, 700px\" \/> <img loading=\"lazy\" decoding=\"async\" class=\"aligncenter size-large wp-image-14229\" src=\"http:\/\/www.traba.org\/trabablog\/wp-content\/uploads\/2017\/11\/IMG_2565-768x1024.jpg\" alt=\"\" width=\"700\" height=\"933\" srcset=\"http:\/\/traba.org\/trabablog\/wp-content\/uploads\/2017\/11\/IMG_2565-768x1024.jpg 768w, http:\/\/traba.org\/trabablog\/wp-content\/uploads\/2017\/11\/IMG_2565-225x300.jpg 225w, http:\/\/traba.org\/trabablog\/wp-content\/uploads\/2017\/11\/IMG_2565-261x348.jpg 261w, http:\/\/traba.org\/trabablog\/wp-content\/uploads\/2017\/11\/IMG_2565-688x917.jpg 688w, http:\/\/traba.org\/trabablog\/wp-content\/uploads\/2017\/11\/IMG_2565.jpg 1200w\" sizes=\"auto, (max-width: 700px) 100vw, 700px\" \/> <img loading=\"lazy\" decoding=\"async\" class=\"aligncenter size-large wp-image-14230\" src=\"http:\/\/www.traba.org\/trabablog\/wp-content\/uploads\/2017\/11\/IMG_2568-768x1024.jpg\" alt=\"\" width=\"700\" height=\"933\" srcset=\"http:\/\/traba.org\/trabablog\/wp-content\/uploads\/2017\/11\/IMG_2568-768x1024.jpg 768w, http:\/\/traba.org\/trabablog\/wp-content\/uploads\/2017\/11\/IMG_2568-225x300.jpg 225w, http:\/\/traba.org\/trabablog\/wp-content\/uploads\/2017\/11\/IMG_2568-261x348.jpg 261w, http:\/\/traba.org\/trabablog\/wp-content\/uploads\/2017\/11\/IMG_2568-688x917.jpg 688w, http:\/\/traba.org\/trabablog\/wp-content\/uploads\/2017\/11\/IMG_2568.jpg 1200w\" sizes=\"auto, (max-width: 700px) 100vw, 700px\" \/> i van visitar la platja.<img loading=\"lazy\" decoding=\"async\" class=\"aligncenter size-large wp-image-14231\" src=\"http:\/\/www.traba.org\/trabablog\/wp-content\/uploads\/2017\/11\/IMG_2666-768x1024.jpg\" alt=\"\" width=\"700\" height=\"933\" srcset=\"http:\/\/traba.org\/trabablog\/wp-content\/uploads\/2017\/11\/IMG_2666-768x1024.jpg 768w, http:\/\/traba.org\/trabablog\/wp-content\/uploads\/2017\/11\/IMG_2666-225x300.jpg 225w, http:\/\/traba.org\/trabablog\/wp-content\/uploads\/2017\/11\/IMG_2666-261x348.jpg 261w, http:\/\/traba.org\/trabablog\/wp-content\/uploads\/2017\/11\/IMG_2666-688x917.jpg 688w, http:\/\/traba.org\/trabablog\/wp-content\/uploads\/2017\/11\/IMG_2666.jpg 1200w\" sizes=\"auto, (max-width: 700px) 100vw, 700px\" \/> aprifitant el balc\u00f3.<img loading=\"lazy\" decoding=\"async\" class=\"aligncenter size-large wp-image-14232\" src=\"http:\/\/www.traba.org\/trabablog\/wp-content\/uploads\/2017\/11\/IMG_2702-768x1024.jpg\" alt=\"\" width=\"700\" height=\"933\" srcset=\"http:\/\/traba.org\/trabablog\/wp-content\/uploads\/2017\/11\/IMG_2702-768x1024.jpg 768w, http:\/\/traba.org\/trabablog\/wp-content\/uploads\/2017\/11\/IMG_2702-225x300.jpg 225w, http:\/\/traba.org\/trabablog\/wp-content\/uploads\/2017\/11\/IMG_2702-261x348.jpg 261w, http:\/\/traba.org\/trabablog\/wp-content\/uploads\/2017\/11\/IMG_2702-688x917.jpg 688w, http:\/\/traba.org\/trabablog\/wp-content\/uploads\/2017\/11\/IMG_2702.jpg 1200w\" sizes=\"auto, (max-width: 700px) 100vw, 700px\" \/> visitant el port vell.<br \/>\n<img loading=\"lazy\" decoding=\"async\" class=\"aligncenter size-large wp-image-14233\" src=\"http:\/\/www.traba.org\/trabablog\/wp-content\/uploads\/2017\/11\/IMG_2703-768x1024.jpg\" alt=\"\" width=\"700\" height=\"933\" srcset=\"http:\/\/traba.org\/trabablog\/wp-content\/uploads\/2017\/11\/IMG_2703-768x1024.jpg 768w, http:\/\/traba.org\/trabablog\/wp-content\/uploads\/2017\/11\/IMG_2703-225x300.jpg 225w, http:\/\/traba.org\/trabablog\/wp-content\/uploads\/2017\/11\/IMG_2703-261x348.jpg 261w, http:\/\/traba.org\/trabablog\/wp-content\/uploads\/2017\/11\/IMG_2703-688x917.jpg 688w, http:\/\/traba.org\/trabablog\/wp-content\/uploads\/2017\/11\/IMG_2703.jpg 1200w\" sizes=\"auto, (max-width: 700px) 100vw, 700px\" \/> <img loading=\"lazy\" decoding=\"async\" class=\"aligncenter size-large wp-image-14234\" src=\"http:\/\/www.traba.org\/trabablog\/wp-content\/uploads\/2017\/11\/IMG_2753-768x1024.jpg\" alt=\"\" width=\"700\" height=\"933\" srcset=\"http:\/\/traba.org\/trabablog\/wp-content\/uploads\/2017\/11\/IMG_2753-768x1024.jpg 768w, http:\/\/traba.org\/trabablog\/wp-content\/uploads\/2017\/11\/IMG_2753-225x300.jpg 225w, http:\/\/traba.org\/trabablog\/wp-content\/uploads\/2017\/11\/IMG_2753-261x348.jpg 261w, http:\/\/traba.org\/trabablog\/wp-content\/uploads\/2017\/11\/IMG_2753-688x917.jpg 688w, http:\/\/traba.org\/trabablog\/wp-content\/uploads\/2017\/11\/IMG_2753.jpg 1200w\" sizes=\"auto, (max-width: 700px) 100vw, 700px\" \/> la biblioteca andreu nin que tenim a 5 minuts de casa.<img loading=\"lazy\" decoding=\"async\" class=\"aligncenter size-large wp-image-14235\" src=\"http:\/\/www.traba.org\/trabablog\/wp-content\/uploads\/2017\/11\/IMG_2783-768x1024.jpg\" alt=\"\" width=\"700\" height=\"933\" srcset=\"http:\/\/traba.org\/trabablog\/wp-content\/uploads\/2017\/11\/IMG_2783-768x1024.jpg 768w, http:\/\/traba.org\/trabablog\/wp-content\/uploads\/2017\/11\/IMG_2783-225x300.jpg 225w, http:\/\/traba.org\/trabablog\/wp-content\/uploads\/2017\/11\/IMG_2783-261x348.jpg 261w, http:\/\/traba.org\/trabablog\/wp-content\/uploads\/2017\/11\/IMG_2783-688x917.jpg 688w, http:\/\/traba.org\/trabablog\/wp-content\/uploads\/2017\/11\/IMG_2783.jpg 1200w\" sizes=\"auto, (max-width: 700px) 100vw, 700px\" \/> el parc de les corones.<img loading=\"lazy\" decoding=\"async\" class=\"aligncenter size-large wp-image-14236\" src=\"http:\/\/www.traba.org\/trabablog\/wp-content\/uploads\/2017\/11\/IMG_2784-768x1024.jpg\" alt=\"\" width=\"700\" height=\"933\" srcset=\"http:\/\/traba.org\/trabablog\/wp-content\/uploads\/2017\/11\/IMG_2784-768x1024.jpg 768w, http:\/\/traba.org\/trabablog\/wp-content\/uploads\/2017\/11\/IMG_2784-225x300.jpg 225w, http:\/\/traba.org\/trabablog\/wp-content\/uploads\/2017\/11\/IMG_2784-261x348.jpg 261w, http:\/\/traba.org\/trabablog\/wp-content\/uploads\/2017\/11\/IMG_2784-688x917.jpg 688w, http:\/\/traba.org\/trabablog\/wp-content\/uploads\/2017\/11\/IMG_2784.jpg 1200w\" sizes=\"auto, (max-width: 700px) 100vw, 700px\" \/> les ensa\u00efmades de petritxol.<img loading=\"lazy\" decoding=\"async\" class=\"aligncenter size-large wp-image-14237\" src=\"http:\/\/www.traba.org\/trabablog\/wp-content\/uploads\/2017\/11\/IMG_3165-768x1024.jpg\" alt=\"\" width=\"700\" height=\"933\" srcset=\"http:\/\/traba.org\/trabablog\/wp-content\/uploads\/2017\/11\/IMG_3165-768x1024.jpg 768w, http:\/\/traba.org\/trabablog\/wp-content\/uploads\/2017\/11\/IMG_3165-225x300.jpg 225w, http:\/\/traba.org\/trabablog\/wp-content\/uploads\/2017\/11\/IMG_3165-261x348.jpg 261w, http:\/\/traba.org\/trabablog\/wp-content\/uploads\/2017\/11\/IMG_3165-688x917.jpg 688w, http:\/\/traba.org\/trabablog\/wp-content\/uploads\/2017\/11\/IMG_3165.jpg 1200w\" sizes=\"auto, (max-width: 700px) 100vw, 700px\" \/> per\u00f2 tot i axi\u00f2, com que la maite ens va dir que creia que el bruno necessitava m\u00e9s, vam intentar entrar a la carabassa i just l&#8217;\u00faltim dia possible perqu\u00e8 ens truquessin, ens van trucar dient que ten\u00edem pla\u00e7a. i all\u00e0 seguim \ud83d\ude42<img loading=\"lazy\" decoding=\"async\" class=\"aligncenter size-large wp-image-14238\" src=\"http:\/\/www.traba.org\/trabablog\/wp-content\/uploads\/2017\/11\/IMG_20170512_195718-1024x768.jpg\" alt=\"\" width=\"700\" height=\"525\" srcset=\"http:\/\/traba.org\/trabablog\/wp-content\/uploads\/2017\/11\/IMG_20170512_195718-1024x768.jpg 1024w, http:\/\/traba.org\/trabablog\/wp-content\/uploads\/2017\/11\/IMG_20170512_195718-300x225.jpg 300w, http:\/\/traba.org\/trabablog\/wp-content\/uploads\/2017\/11\/IMG_20170512_195718-768x576.jpg 768w, http:\/\/traba.org\/trabablog\/wp-content\/uploads\/2017\/11\/IMG_20170512_195718-460x345.jpg 460w, http:\/\/traba.org\/trabablog\/wp-content\/uploads\/2017\/11\/IMG_20170512_195718-688x516.jpg 688w\" sizes=\"auto, (max-width: 700px) 100vw, 700px\" \/><\/p>\n","protected":false},"excerpt":{"rendered":"<p>encara em quedaven per penjar algunes fotos amb la maite. aqu\u00ed, era al novembre de 2016, escombrant el pati de la maite. al bruno sempre li ha agradat molt escombrar&#8230;.<\/p>\n","protected":false},"author":5,"featured_media":14210,"comment_status":"open","ping_status":"open","sticky":false,"template":"","format":"standard","meta":{"_monsterinsights_skip_tracking":false,"_monsterinsights_sitenote_active":false,"_monsterinsights_sitenote_note":"","_monsterinsights_sitenote_category":0,"footnotes":""},"categories":[28],"tags":[62,114,104,100,42],"class_list":["post-14208","post","type-post","status-publish","format-standard","has-post-thumbnail","hentry","category-ordinary-days","tag-barcelona","tag-bruno","tag-firsts","tag-lola","tag-platja"],"_links":{"self":[{"href":"http:\/\/traba.org\/trabablog\/index.php?rest_route=\/wp\/v2\/posts\/14208","targetHints":{"allow":["GET"]}}],"collection":[{"href":"http:\/\/traba.org\/trabablog\/index.php?rest_route=\/wp\/v2\/posts"}],"about":[{"href":"http:\/\/traba.org\/trabablog\/index.php?rest_route=\/wp\/v2\/types\/post"}],"author":[{"embeddable":true,"href":"http:\/\/traba.org\/trabablog\/index.php?rest_route=\/wp\/v2\/users\/5"}],"replies":[{"embeddable":true,"href":"http:\/\/traba.org\/trabablog\/index.php?rest_route=%2Fwp%2Fv2%2Fcomments&post=14208"}],"version-history":[{"count":1,"href":"http:\/\/traba.org\/trabablog\/index.php?rest_route=\/wp\/v2\/posts\/14208\/revisions"}],"predecessor-version":[{"id":14239,"href":"http:\/\/traba.org\/trabablog\/index.php?rest_route=\/wp\/v2\/posts\/14208\/revisions\/14239"}],"wp:featuredmedia":[{"embeddable":true,"href":"http:\/\/traba.org\/trabablog\/index.php?rest_route=\/wp\/v2\/media\/14210"}],"wp:attachment":[{"href":"http:\/\/traba.org\/trabablog\/index.php?rest_route=%2Fwp%2Fv2%2Fmedia&parent=14208"}],"wp:term":[{"taxonomy":"category","embeddable":true,"href":"http:\/\/traba.org\/trabablog\/index.php?rest_route=%2Fwp%2Fv2%2Fcategories&post=14208"},{"taxonomy":"post_tag","embeddable":true,"href":"http:\/\/traba.org\/trabablog\/index.php?rest_route=%2Fwp%2Fv2%2Ftags&post=14208"}],"curies":[{"name":"wp","href":"https:\/\/api.w.org\/{rel}","templated":true}]}}