{"id":14533,"date":"2017-12-06T23:29:49","date_gmt":"2017-12-06T22:29:49","guid":{"rendered":"http:\/\/www.traba.org\/trabablog\/?p=14533"},"modified":"2017-12-06T23:32:42","modified_gmt":"2017-12-06T22:32:42","slug":"de-son-saura-a-es-talaier","status":"publish","type":"post","link":"http:\/\/traba.org\/trabablog\/?p=14533","title":{"rendered":"de son saura a es talaier"},"content":{"rendered":"<p>aquestes fotos s\u00f3n del cam\u00ed a es talaier des de turqueta de dilluns, que per problemes t\u00e8cnics no els hem pogut penjar abans.<\/p>\n<p><img loading=\"lazy\" decoding=\"async\" class=\"aligncenter size-large wp-image-14536\" src=\"http:\/\/www.traba.org\/trabablog\/wp-content\/uploads\/2017\/12\/20171204_131319-1024x768.jpg\" alt=\"\" width=\"700\" height=\"525\" srcset=\"http:\/\/traba.org\/trabablog\/wp-content\/uploads\/2017\/12\/20171204_131319-1024x768.jpg 1024w, http:\/\/traba.org\/trabablog\/wp-content\/uploads\/2017\/12\/20171204_131319-300x225.jpg 300w, http:\/\/traba.org\/trabablog\/wp-content\/uploads\/2017\/12\/20171204_131319-768x576.jpg 768w, http:\/\/traba.org\/trabablog\/wp-content\/uploads\/2017\/12\/20171204_131319-460x345.jpg 460w, http:\/\/traba.org\/trabablog\/wp-content\/uploads\/2017\/12\/20171204_131319-688x516.jpg 688w\" sizes=\"auto, (max-width: 700px) 100vw, 700px\" \/><\/p>\n<p><img loading=\"lazy\" decoding=\"async\" class=\"aligncenter size-large wp-image-14535\" src=\"http:\/\/www.traba.org\/trabablog\/wp-content\/uploads\/2017\/12\/20171204_131215-1024x768.jpg\" alt=\"\" width=\"700\" height=\"525\" srcset=\"http:\/\/traba.org\/trabablog\/wp-content\/uploads\/2017\/12\/20171204_131215-1024x768.jpg 1024w, http:\/\/traba.org\/trabablog\/wp-content\/uploads\/2017\/12\/20171204_131215-300x225.jpg 300w, http:\/\/traba.org\/trabablog\/wp-content\/uploads\/2017\/12\/20171204_131215-768x576.jpg 768w, http:\/\/traba.org\/trabablog\/wp-content\/uploads\/2017\/12\/20171204_131215-460x345.jpg 460w, http:\/\/traba.org\/trabablog\/wp-content\/uploads\/2017\/12\/20171204_131215-688x516.jpg 688w\" sizes=\"auto, (max-width: 700px) 100vw, 700px\" \/><\/p>\n<p>son saura.<\/p>\n<p><img loading=\"lazy\" decoding=\"async\" class=\"aligncenter size-large wp-image-14537\" src=\"http:\/\/www.traba.org\/trabablog\/wp-content\/uploads\/2017\/12\/20171206_115857-1024x768.jpg\" alt=\"\" width=\"700\" height=\"525\" srcset=\"http:\/\/traba.org\/trabablog\/wp-content\/uploads\/2017\/12\/20171206_115857-1024x768.jpg 1024w, http:\/\/traba.org\/trabablog\/wp-content\/uploads\/2017\/12\/20171206_115857-300x225.jpg 300w, http:\/\/traba.org\/trabablog\/wp-content\/uploads\/2017\/12\/20171206_115857-768x576.jpg 768w, http:\/\/traba.org\/trabablog\/wp-content\/uploads\/2017\/12\/20171206_115857-460x345.jpg 460w, http:\/\/traba.org\/trabablog\/wp-content\/uploads\/2017\/12\/20171206_115857-688x516.jpg 688w\" sizes=\"auto, (max-width: 700px) 100vw, 700px\" \/><\/p>\n<p><img loading=\"lazy\" decoding=\"async\" class=\"aligncenter size-large wp-image-14538\" src=\"http:\/\/www.traba.org\/trabablog\/wp-content\/uploads\/2017\/12\/20171206_121314-1024x768.jpg\" alt=\"\" width=\"700\" height=\"525\" srcset=\"http:\/\/traba.org\/trabablog\/wp-content\/uploads\/2017\/12\/20171206_121314-1024x768.jpg 1024w, http:\/\/traba.org\/trabablog\/wp-content\/uploads\/2017\/12\/20171206_121314-300x225.jpg 300w, http:\/\/traba.org\/trabablog\/wp-content\/uploads\/2017\/12\/20171206_121314-768x576.jpg 768w, http:\/\/traba.org\/trabablog\/wp-content\/uploads\/2017\/12\/20171206_121314-460x345.jpg 460w, http:\/\/traba.org\/trabablog\/wp-content\/uploads\/2017\/12\/20171206_121314-688x516.jpg 688w\" sizes=\"auto, (max-width: 700px) 100vw, 700px\" \/><\/p>\n<p>el cam\u00ed a es talaier. \u00e9s curtet, per\u00f2 amb les nostres condicions conjuntes, s&#8217;ha fet llarg.<\/p>\n<p><img loading=\"lazy\" decoding=\"async\" class=\"aligncenter size-large wp-image-14539\" src=\"http:\/\/www.traba.org\/trabablog\/wp-content\/uploads\/2017\/12\/20171206_122655-1024x768.jpg\" alt=\"\" width=\"700\" height=\"525\" srcset=\"http:\/\/traba.org\/trabablog\/wp-content\/uploads\/2017\/12\/20171206_122655-1024x768.jpg 1024w, http:\/\/traba.org\/trabablog\/wp-content\/uploads\/2017\/12\/20171206_122655-300x225.jpg 300w, http:\/\/traba.org\/trabablog\/wp-content\/uploads\/2017\/12\/20171206_122655-768x576.jpg 768w, http:\/\/traba.org\/trabablog\/wp-content\/uploads\/2017\/12\/20171206_122655-460x345.jpg 460w, http:\/\/traba.org\/trabablog\/wp-content\/uploads\/2017\/12\/20171206_122655-688x516.jpg 688w\" sizes=\"auto, (max-width: 700px) 100vw, 700px\" \/><\/p>\n<p>nom\u00e9s arrbar, la lola ha volgut dinar, tot i que no era ni la 1.<\/p>\n<p><img loading=\"lazy\" decoding=\"async\" class=\"aligncenter size-large wp-image-14540\" src=\"http:\/\/www.traba.org\/trabablog\/wp-content\/uploads\/2017\/12\/20171206_125405-e1512598606382-768x1024.jpg\" alt=\"\" width=\"700\" height=\"933\" srcset=\"http:\/\/traba.org\/trabablog\/wp-content\/uploads\/2017\/12\/20171206_125405-e1512598606382-768x1024.jpg 768w, http:\/\/traba.org\/trabablog\/wp-content\/uploads\/2017\/12\/20171206_125405-e1512598606382-225x300.jpg 225w, http:\/\/traba.org\/trabablog\/wp-content\/uploads\/2017\/12\/20171206_125405-e1512598606382-261x348.jpg 261w, http:\/\/traba.org\/trabablog\/wp-content\/uploads\/2017\/12\/20171206_125405-e1512598606382-688x917.jpg 688w\" sizes=\"auto, (max-width: 700px) 100vw, 700px\" \/><\/p>\n<p>i el bruno mentrestant, jugant amb la sorra i que no falti el banyador.<\/p>\n<p><img loading=\"lazy\" decoding=\"async\" class=\"aligncenter size-large wp-image-14541\" src=\"http:\/\/www.traba.org\/trabablog\/wp-content\/uploads\/2017\/12\/20171206_125423-e1512598655630-768x1024.jpg\" alt=\"\" width=\"700\" height=\"933\" srcset=\"http:\/\/traba.org\/trabablog\/wp-content\/uploads\/2017\/12\/20171206_125423-e1512598655630-768x1024.jpg 768w, http:\/\/traba.org\/trabablog\/wp-content\/uploads\/2017\/12\/20171206_125423-e1512598655630-225x300.jpg 225w, http:\/\/traba.org\/trabablog\/wp-content\/uploads\/2017\/12\/20171206_125423-e1512598655630-261x348.jpg 261w, http:\/\/traba.org\/trabablog\/wp-content\/uploads\/2017\/12\/20171206_125423-e1512598655630-688x917.jpg 688w\" sizes=\"auto, (max-width: 700px) 100vw, 700px\" \/><\/p>\n<p>i la lula tamb\u00e9 a jugar.<\/p>\n<p><img loading=\"lazy\" decoding=\"async\" class=\"aligncenter size-large wp-image-14542\" src=\"http:\/\/www.traba.org\/trabablog\/wp-content\/uploads\/2017\/12\/20171206_130021-1024x768.jpg\" alt=\"\" width=\"700\" height=\"525\" srcset=\"http:\/\/traba.org\/trabablog\/wp-content\/uploads\/2017\/12\/20171206_130021-1024x768.jpg 1024w, http:\/\/traba.org\/trabablog\/wp-content\/uploads\/2017\/12\/20171206_130021-300x225.jpg 300w, http:\/\/traba.org\/trabablog\/wp-content\/uploads\/2017\/12\/20171206_130021-768x576.jpg 768w, http:\/\/traba.org\/trabablog\/wp-content\/uploads\/2017\/12\/20171206_130021-460x345.jpg 460w, http:\/\/traba.org\/trabablog\/wp-content\/uploads\/2017\/12\/20171206_130021-688x516.jpg 688w\" sizes=\"auto, (max-width: 700px) 100vw, 700px\" \/><\/p>\n<p><img loading=\"lazy\" decoding=\"async\" class=\"aligncenter size-large wp-image-14545\" src=\"http:\/\/www.traba.org\/trabablog\/wp-content\/uploads\/2017\/12\/IMG_7358-1024x683.jpg\" alt=\"\" width=\"700\" height=\"467\" srcset=\"http:\/\/traba.org\/trabablog\/wp-content\/uploads\/2017\/12\/IMG_7358-1024x683.jpg 1024w, http:\/\/traba.org\/trabablog\/wp-content\/uploads\/2017\/12\/IMG_7358-300x200.jpg 300w, http:\/\/traba.org\/trabablog\/wp-content\/uploads\/2017\/12\/IMG_7358-768x512.jpg 768w, http:\/\/traba.org\/trabablog\/wp-content\/uploads\/2017\/12\/IMG_7358-600x400.jpg 600w, http:\/\/traba.org\/trabablog\/wp-content\/uploads\/2017\/12\/IMG_7358-460x307.jpg 460w, http:\/\/traba.org\/trabablog\/wp-content\/uploads\/2017\/12\/IMG_7358-688x459.jpg 688w\" sizes=\"auto, (max-width: 700px) 100vw, 700px\" \/> <img loading=\"lazy\" decoding=\"async\" class=\"aligncenter size-large wp-image-14546\" src=\"http:\/\/www.traba.org\/trabablog\/wp-content\/uploads\/2017\/12\/fullsizeoutput_8820-1024x683.jpeg\" alt=\"\" width=\"700\" height=\"467\" srcset=\"http:\/\/traba.org\/trabablog\/wp-content\/uploads\/2017\/12\/fullsizeoutput_8820-1024x683.jpeg 1024w, http:\/\/traba.org\/trabablog\/wp-content\/uploads\/2017\/12\/fullsizeoutput_8820-300x200.jpeg 300w, http:\/\/traba.org\/trabablog\/wp-content\/uploads\/2017\/12\/fullsizeoutput_8820-768x512.jpeg 768w, http:\/\/traba.org\/trabablog\/wp-content\/uploads\/2017\/12\/fullsizeoutput_8820-600x400.jpeg 600w, http:\/\/traba.org\/trabablog\/wp-content\/uploads\/2017\/12\/fullsizeoutput_8820-460x307.jpeg 460w, http:\/\/traba.org\/trabablog\/wp-content\/uploads\/2017\/12\/fullsizeoutput_8820-688x459.jpeg 688w\" sizes=\"auto, (max-width: 700px) 100vw, 700px\" \/> <img loading=\"lazy\" decoding=\"async\" class=\"aligncenter size-large wp-image-14547\" src=\"http:\/\/www.traba.org\/trabablog\/wp-content\/uploads\/2017\/12\/fullsizeoutput_881d-1024x683.jpeg\" alt=\"\" width=\"700\" height=\"467\" srcset=\"http:\/\/traba.org\/trabablog\/wp-content\/uploads\/2017\/12\/fullsizeoutput_881d-1024x683.jpeg 1024w, http:\/\/traba.org\/trabablog\/wp-content\/uploads\/2017\/12\/fullsizeoutput_881d-300x200.jpeg 300w, http:\/\/traba.org\/trabablog\/wp-content\/uploads\/2017\/12\/fullsizeoutput_881d-768x512.jpeg 768w, http:\/\/traba.org\/trabablog\/wp-content\/uploads\/2017\/12\/fullsizeoutput_881d-600x400.jpeg 600w, http:\/\/traba.org\/trabablog\/wp-content\/uploads\/2017\/12\/fullsizeoutput_881d-460x307.jpeg 460w, http:\/\/traba.org\/trabablog\/wp-content\/uploads\/2017\/12\/fullsizeoutput_881d-688x459.jpeg 688w\" sizes=\"auto, (max-width: 700px) 100vw, 700px\" \/><\/p>\n<p>avui la lola no es trobava molt b\u00e9 pel mat\u00ed. despr\u00e9s ha millorat per aix\u00f2.<\/p>\n<p><img loading=\"lazy\" decoding=\"async\" class=\"aligncenter size-large wp-image-14548\" src=\"http:\/\/www.traba.org\/trabablog\/wp-content\/uploads\/2017\/12\/fullsizeoutput_8819-1024x683.jpeg\" alt=\"\" width=\"700\" height=\"467\" srcset=\"http:\/\/traba.org\/trabablog\/wp-content\/uploads\/2017\/12\/fullsizeoutput_8819-1024x683.jpeg 1024w, http:\/\/traba.org\/trabablog\/wp-content\/uploads\/2017\/12\/fullsizeoutput_8819-300x200.jpeg 300w, http:\/\/traba.org\/trabablog\/wp-content\/uploads\/2017\/12\/fullsizeoutput_8819-768x512.jpeg 768w, http:\/\/traba.org\/trabablog\/wp-content\/uploads\/2017\/12\/fullsizeoutput_8819-600x400.jpeg 600w, http:\/\/traba.org\/trabablog\/wp-content\/uploads\/2017\/12\/fullsizeoutput_8819-460x307.jpeg 460w, http:\/\/traba.org\/trabablog\/wp-content\/uploads\/2017\/12\/fullsizeoutput_8819-688x459.jpeg 688w\" sizes=\"auto, (max-width: 700px) 100vw, 700px\" \/> <img loading=\"lazy\" decoding=\"async\" class=\"aligncenter size-large wp-image-14549\" src=\"http:\/\/www.traba.org\/trabablog\/wp-content\/uploads\/2017\/12\/fullsizeoutput_8816-1024x683.jpeg\" alt=\"\" width=\"700\" height=\"467\" srcset=\"http:\/\/traba.org\/trabablog\/wp-content\/uploads\/2017\/12\/fullsizeoutput_8816-1024x683.jpeg 1024w, http:\/\/traba.org\/trabablog\/wp-content\/uploads\/2017\/12\/fullsizeoutput_8816-300x200.jpeg 300w, http:\/\/traba.org\/trabablog\/wp-content\/uploads\/2017\/12\/fullsizeoutput_8816-768x512.jpeg 768w, http:\/\/traba.org\/trabablog\/wp-content\/uploads\/2017\/12\/fullsizeoutput_8816-600x400.jpeg 600w, http:\/\/traba.org\/trabablog\/wp-content\/uploads\/2017\/12\/fullsizeoutput_8816-460x307.jpeg 460w, http:\/\/traba.org\/trabablog\/wp-content\/uploads\/2017\/12\/fullsizeoutput_8816-688x459.jpeg 688w\" sizes=\"auto, (max-width: 700px) 100vw, 700px\" \/><\/p>\n<p>han anat a veure unes vistes&#8230;<\/p>\n<p><img loading=\"lazy\" decoding=\"async\" class=\"aligncenter size-large wp-image-14550\" src=\"http:\/\/www.traba.org\/trabablog\/wp-content\/uploads\/2017\/12\/fullsizeoutput_880d-1024x683.jpeg\" alt=\"\" width=\"700\" height=\"467\" srcset=\"http:\/\/traba.org\/trabablog\/wp-content\/uploads\/2017\/12\/fullsizeoutput_880d-1024x683.jpeg 1024w, http:\/\/traba.org\/trabablog\/wp-content\/uploads\/2017\/12\/fullsizeoutput_880d-300x200.jpeg 300w, http:\/\/traba.org\/trabablog\/wp-content\/uploads\/2017\/12\/fullsizeoutput_880d-768x512.jpeg 768w, http:\/\/traba.org\/trabablog\/wp-content\/uploads\/2017\/12\/fullsizeoutput_880d-600x400.jpeg 600w, http:\/\/traba.org\/trabablog\/wp-content\/uploads\/2017\/12\/fullsizeoutput_880d-460x307.jpeg 460w, http:\/\/traba.org\/trabablog\/wp-content\/uploads\/2017\/12\/fullsizeoutput_880d-688x459.jpeg 688w\" sizes=\"auto, (max-width: 700px) 100vw, 700px\" \/> <img loading=\"lazy\" decoding=\"async\" class=\"aligncenter wp-image-14551 size-large\" src=\"http:\/\/www.traba.org\/trabablog\/wp-content\/uploads\/2017\/12\/IMG_7394-e1512598861383-683x1024.jpg\" alt=\"\" width=\"683\" height=\"1024\" srcset=\"http:\/\/traba.org\/trabablog\/wp-content\/uploads\/2017\/12\/IMG_7394-e1512598861383-683x1024.jpg 683w, http:\/\/traba.org\/trabablog\/wp-content\/uploads\/2017\/12\/IMG_7394-e1512598861383-200x300.jpg 200w, http:\/\/traba.org\/trabablog\/wp-content\/uploads\/2017\/12\/IMG_7394-e1512598861383-768x1152.jpg 768w, http:\/\/traba.org\/trabablog\/wp-content\/uploads\/2017\/12\/IMG_7394-e1512598861383-232x348.jpg 232w, http:\/\/traba.org\/trabablog\/wp-content\/uploads\/2017\/12\/IMG_7394-e1512598861383-688x1032.jpg 688w\" sizes=\"auto, (max-width: 683px) 100vw, 683px\" \/> <img loading=\"lazy\" decoding=\"async\" class=\"aligncenter size-large wp-image-14552\" src=\"http:\/\/www.traba.org\/trabablog\/wp-content\/uploads\/2017\/12\/IMG_7399-1024x683.jpg\" alt=\"\" width=\"700\" height=\"467\" srcset=\"http:\/\/traba.org\/trabablog\/wp-content\/uploads\/2017\/12\/IMG_7399-1024x683.jpg 1024w, http:\/\/traba.org\/trabablog\/wp-content\/uploads\/2017\/12\/IMG_7399-300x200.jpg 300w, http:\/\/traba.org\/trabablog\/wp-content\/uploads\/2017\/12\/IMG_7399-768x512.jpg 768w, http:\/\/traba.org\/trabablog\/wp-content\/uploads\/2017\/12\/IMG_7399-600x400.jpg 600w, http:\/\/traba.org\/trabablog\/wp-content\/uploads\/2017\/12\/IMG_7399-460x307.jpg 460w, http:\/\/traba.org\/trabablog\/wp-content\/uploads\/2017\/12\/IMG_7399-688x459.jpg 688w\" sizes=\"auto, (max-width: 700px) 100vw, 700px\" \/> <img loading=\"lazy\" decoding=\"async\" class=\"aligncenter size-large wp-image-14553\" src=\"http:\/\/www.traba.org\/trabablog\/wp-content\/uploads\/2017\/12\/IMG_7408-1024x683.jpg\" alt=\"\" width=\"700\" height=\"467\" srcset=\"http:\/\/traba.org\/trabablog\/wp-content\/uploads\/2017\/12\/IMG_7408-1024x683.jpg 1024w, http:\/\/traba.org\/trabablog\/wp-content\/uploads\/2017\/12\/IMG_7408-300x200.jpg 300w, http:\/\/traba.org\/trabablog\/wp-content\/uploads\/2017\/12\/IMG_7408-768x512.jpg 768w, http:\/\/traba.org\/trabablog\/wp-content\/uploads\/2017\/12\/IMG_7408-600x400.jpg 600w, http:\/\/traba.org\/trabablog\/wp-content\/uploads\/2017\/12\/IMG_7408-460x307.jpg 460w, http:\/\/traba.org\/trabablog\/wp-content\/uploads\/2017\/12\/IMG_7408-688x459.jpg 688w\" sizes=\"auto, (max-width: 700px) 100vw, 700px\" \/><\/p>\n<p>i a jugar un altre cop. la lola ha preguntat si nom\u00e9s hi havia platges a menorca&#8230; potser divendres anem al toro.<img loading=\"lazy\" decoding=\"async\" class=\"aligncenter wp-image-14554 size-large\" src=\"http:\/\/www.traba.org\/trabablog\/wp-content\/uploads\/2017\/12\/20171206_135221-e1512598920511-768x1024.jpg\" alt=\"\" width=\"700\" height=\"933\" srcset=\"http:\/\/traba.org\/trabablog\/wp-content\/uploads\/2017\/12\/20171206_135221-e1512598920511-768x1024.jpg 768w, http:\/\/traba.org\/trabablog\/wp-content\/uploads\/2017\/12\/20171206_135221-e1512598920511-225x300.jpg 225w, http:\/\/traba.org\/trabablog\/wp-content\/uploads\/2017\/12\/20171206_135221-e1512598920511-261x348.jpg 261w, http:\/\/traba.org\/trabablog\/wp-content\/uploads\/2017\/12\/20171206_135221-e1512598920511-688x917.jpg 688w\" sizes=\"auto, (max-width: 700px) 100vw, 700px\" \/><\/p>\n<p>jugant a doctoras.<\/p>\n<p><img loading=\"lazy\" decoding=\"async\" class=\"aligncenter size-large wp-image-14555\" src=\"http:\/\/www.traba.org\/trabablog\/wp-content\/uploads\/2017\/12\/IMG_7414-1024x683.jpg\" alt=\"\" width=\"700\" height=\"467\" srcset=\"http:\/\/traba.org\/trabablog\/wp-content\/uploads\/2017\/12\/IMG_7414-1024x683.jpg 1024w, http:\/\/traba.org\/trabablog\/wp-content\/uploads\/2017\/12\/IMG_7414-300x200.jpg 300w, http:\/\/traba.org\/trabablog\/wp-content\/uploads\/2017\/12\/IMG_7414-768x512.jpg 768w, http:\/\/traba.org\/trabablog\/wp-content\/uploads\/2017\/12\/IMG_7414-600x400.jpg 600w, http:\/\/traba.org\/trabablog\/wp-content\/uploads\/2017\/12\/IMG_7414-460x307.jpg 460w, http:\/\/traba.org\/trabablog\/wp-content\/uploads\/2017\/12\/IMG_7414-688x459.jpg 688w\" sizes=\"auto, (max-width: 700px) 100vw, 700px\" \/><\/p>\n<p>o xamans&#8230;<img loading=\"lazy\" decoding=\"async\" class=\"aligncenter size-large wp-image-14556\" src=\"http:\/\/www.traba.org\/trabablog\/wp-content\/uploads\/2017\/12\/fullsizeoutput_8804-1024x683.jpeg\" alt=\"\" width=\"700\" height=\"467\" srcset=\"http:\/\/traba.org\/trabablog\/wp-content\/uploads\/2017\/12\/fullsizeoutput_8804-1024x683.jpeg 1024w, http:\/\/traba.org\/trabablog\/wp-content\/uploads\/2017\/12\/fullsizeoutput_8804-300x200.jpeg 300w, http:\/\/traba.org\/trabablog\/wp-content\/uploads\/2017\/12\/fullsizeoutput_8804-768x512.jpeg 768w, http:\/\/traba.org\/trabablog\/wp-content\/uploads\/2017\/12\/fullsizeoutput_8804-600x400.jpeg 600w, http:\/\/traba.org\/trabablog\/wp-content\/uploads\/2017\/12\/fullsizeoutput_8804-460x307.jpeg 460w, http:\/\/traba.org\/trabablog\/wp-content\/uploads\/2017\/12\/fullsizeoutput_8804-688x459.jpeg 688w\" sizes=\"auto, (max-width: 700px) 100vw, 700px\" \/> <img loading=\"lazy\" decoding=\"async\" class=\"aligncenter size-large wp-image-14557\" src=\"http:\/\/www.traba.org\/trabablog\/wp-content\/uploads\/2017\/12\/fullsizeoutput_8800-1024x683.jpeg\" alt=\"\" width=\"700\" height=\"467\" srcset=\"http:\/\/traba.org\/trabablog\/wp-content\/uploads\/2017\/12\/fullsizeoutput_8800-1024x683.jpeg 1024w, http:\/\/traba.org\/trabablog\/wp-content\/uploads\/2017\/12\/fullsizeoutput_8800-300x200.jpeg 300w, http:\/\/traba.org\/trabablog\/wp-content\/uploads\/2017\/12\/fullsizeoutput_8800-768x512.jpeg 768w, http:\/\/traba.org\/trabablog\/wp-content\/uploads\/2017\/12\/fullsizeoutput_8800-600x400.jpeg 600w, http:\/\/traba.org\/trabablog\/wp-content\/uploads\/2017\/12\/fullsizeoutput_8800-460x307.jpeg 460w, http:\/\/traba.org\/trabablog\/wp-content\/uploads\/2017\/12\/fullsizeoutput_8800-688x459.jpeg 688w\" sizes=\"auto, (max-width: 700px) 100vw, 700px\" \/><\/p>\n<p>la platja, avui hi havia m\u00e9s gent, tot i no apar\u00e8ixer a la foto.<\/p>\n<p><img loading=\"lazy\" decoding=\"async\" class=\"aligncenter size-large wp-image-14558\" src=\"http:\/\/www.traba.org\/trabablog\/wp-content\/uploads\/2017\/12\/20171206_142223-1024x768.jpg\" alt=\"\" width=\"700\" height=\"525\" srcset=\"http:\/\/traba.org\/trabablog\/wp-content\/uploads\/2017\/12\/20171206_142223-1024x768.jpg 1024w, http:\/\/traba.org\/trabablog\/wp-content\/uploads\/2017\/12\/20171206_142223-300x225.jpg 300w, http:\/\/traba.org\/trabablog\/wp-content\/uploads\/2017\/12\/20171206_142223-768x576.jpg 768w, http:\/\/traba.org\/trabablog\/wp-content\/uploads\/2017\/12\/20171206_142223-460x345.jpg 460w, http:\/\/traba.org\/trabablog\/wp-content\/uploads\/2017\/12\/20171206_142223-688x516.jpg 688w\" sizes=\"auto, (max-width: 700px) 100vw, 700px\" \/><\/p>\n<p>i ja de marxada.<\/p>\n<p><img loading=\"lazy\" decoding=\"async\" class=\"aligncenter size-large wp-image-14564\" src=\"http:\/\/www.traba.org\/trabablog\/wp-content\/uploads\/2017\/12\/IMG_6575-768x1024.jpg\" alt=\"\" width=\"700\" height=\"933\" srcset=\"http:\/\/traba.org\/trabablog\/wp-content\/uploads\/2017\/12\/IMG_6575-768x1024.jpg 768w, http:\/\/traba.org\/trabablog\/wp-content\/uploads\/2017\/12\/IMG_6575-225x300.jpg 225w, http:\/\/traba.org\/trabablog\/wp-content\/uploads\/2017\/12\/IMG_6575-261x348.jpg 261w, http:\/\/traba.org\/trabablog\/wp-content\/uploads\/2017\/12\/IMG_6575-688x917.jpg 688w, http:\/\/traba.org\/trabablog\/wp-content\/uploads\/2017\/12\/IMG_6575.jpg 1200w\" sizes=\"auto, (max-width: 700px) 100vw, 700px\" \/><\/p>\n<p><img loading=\"lazy\" decoding=\"async\" class=\"aligncenter size-large wp-image-14560\" src=\"http:\/\/www.traba.org\/trabablog\/wp-content\/uploads\/2017\/12\/20171206_142357-e1512599049933-768x1024.jpg\" alt=\"\" width=\"700\" height=\"933\" srcset=\"http:\/\/traba.org\/trabablog\/wp-content\/uploads\/2017\/12\/20171206_142357-e1512599049933-768x1024.jpg 768w, http:\/\/traba.org\/trabablog\/wp-content\/uploads\/2017\/12\/20171206_142357-e1512599049933-225x300.jpg 225w, http:\/\/traba.org\/trabablog\/wp-content\/uploads\/2017\/12\/20171206_142357-e1512599049933-261x348.jpg 261w, http:\/\/traba.org\/trabablog\/wp-content\/uploads\/2017\/12\/20171206_142357-e1512599049933-688x917.jpg 688w\" sizes=\"auto, (max-width: 700px) 100vw, 700px\" \/><\/p>\n<p><img loading=\"lazy\" decoding=\"async\" class=\"aligncenter size-large wp-image-14563\" src=\"http:\/\/www.traba.org\/trabablog\/wp-content\/uploads\/2017\/12\/IMG-20171206-WA0008-768x1024.jpg\" alt=\"\" width=\"700\" height=\"933\" srcset=\"http:\/\/traba.org\/trabablog\/wp-content\/uploads\/2017\/12\/IMG-20171206-WA0008-768x1024.jpg 768w, http:\/\/traba.org\/trabablog\/wp-content\/uploads\/2017\/12\/IMG-20171206-WA0008-225x300.jpg 225w, http:\/\/traba.org\/trabablog\/wp-content\/uploads\/2017\/12\/IMG-20171206-WA0008-261x348.jpg 261w, http:\/\/traba.org\/trabablog\/wp-content\/uploads\/2017\/12\/IMG-20171206-WA0008-688x917.jpg 688w, http:\/\/traba.org\/trabablog\/wp-content\/uploads\/2017\/12\/IMG-20171206-WA0008.jpg 1200w\" sizes=\"auto, (max-width: 700px) 100vw, 700px\" \/><\/p>\n<p>esperant-nos al p\u00e0rking.<\/p>\n<p><img loading=\"lazy\" decoding=\"async\" class=\"aligncenter size-large wp-image-14561\" src=\"http:\/\/www.traba.org\/trabablog\/wp-content\/uploads\/2017\/12\/20171206_145651-1024x768.jpg\" alt=\"\" width=\"700\" height=\"525\" srcset=\"http:\/\/traba.org\/trabablog\/wp-content\/uploads\/2017\/12\/20171206_145651-1024x768.jpg 1024w, http:\/\/traba.org\/trabablog\/wp-content\/uploads\/2017\/12\/20171206_145651-300x225.jpg 300w, http:\/\/traba.org\/trabablog\/wp-content\/uploads\/2017\/12\/20171206_145651-768x576.jpg 768w, http:\/\/traba.org\/trabablog\/wp-content\/uploads\/2017\/12\/20171206_145651-460x345.jpg 460w, http:\/\/traba.org\/trabablog\/wp-content\/uploads\/2017\/12\/20171206_145651-688x516.jpg 688w\" sizes=\"auto, (max-width: 700px) 100vw, 700px\" \/><\/p>\n<p>i com que hem arribat tard, no hi ha hagut migdiada per\u00f2 si concert del bruno amb aplausos i tot.<\/p>\n<p><img loading=\"lazy\" decoding=\"async\" class=\"aligncenter size-large wp-image-14562\" src=\"http:\/\/www.traba.org\/trabablog\/wp-content\/uploads\/2017\/12\/20171206_165539-1024x768.jpg\" alt=\"\" width=\"700\" height=\"525\" srcset=\"http:\/\/traba.org\/trabablog\/wp-content\/uploads\/2017\/12\/20171206_165539-1024x768.jpg 1024w, http:\/\/traba.org\/trabablog\/wp-content\/uploads\/2017\/12\/20171206_165539-300x225.jpg 300w, http:\/\/traba.org\/trabablog\/wp-content\/uploads\/2017\/12\/20171206_165539-768x576.jpg 768w, http:\/\/traba.org\/trabablog\/wp-content\/uploads\/2017\/12\/20171206_165539-460x345.jpg 460w, http:\/\/traba.org\/trabablog\/wp-content\/uploads\/2017\/12\/20171206_165539-688x516.jpg 688w\" sizes=\"auto, (max-width: 700px) 100vw, 700px\" \/><\/p>\n","protected":false},"excerpt":{"rendered":"<p>aquestes fotos s\u00f3n del cam\u00ed a es talaier des de turqueta de dilluns, que per problemes t\u00e8cnics no els hem pogut penjar abans. son saura. el cam\u00ed a es talaier&#8230;.<\/p>\n","protected":false},"author":5,"featured_media":14468,"comment_status":"open","ping_status":"open","sticky":false,"template":"","format":"standard","meta":{"_monsterinsights_skip_tracking":false,"_monsterinsights_sitenote_active":false,"_monsterinsights_sitenote_note":"","_monsterinsights_sitenote_category":0,"footnotes":""},"categories":[132],"tags":[114,78,100,41,39,42],"class_list":["post-14533","post","type-post","status-publish","format-standard","has-post-thumbnail","hentry","category-menorca-2017","tag-bruno","tag-hivern","tag-lola","tag-mar","tag-menorca","tag-platja"],"_links":{"self":[{"href":"http:\/\/traba.org\/trabablog\/index.php?rest_route=\/wp\/v2\/posts\/14533","targetHints":{"allow":["GET"]}}],"collection":[{"href":"http:\/\/traba.org\/trabablog\/index.php?rest_route=\/wp\/v2\/posts"}],"about":[{"href":"http:\/\/traba.org\/trabablog\/index.php?rest_route=\/wp\/v2\/types\/post"}],"author":[{"embeddable":true,"href":"http:\/\/traba.org\/trabablog\/index.php?rest_route=\/wp\/v2\/users\/5"}],"replies":[{"embeddable":true,"href":"http:\/\/traba.org\/trabablog\/index.php?rest_route=%2Fwp%2Fv2%2Fcomments&post=14533"}],"version-history":[{"count":2,"href":"http:\/\/traba.org\/trabablog\/index.php?rest_route=\/wp\/v2\/posts\/14533\/revisions"}],"predecessor-version":[{"id":14565,"href":"http:\/\/traba.org\/trabablog\/index.php?rest_route=\/wp\/v2\/posts\/14533\/revisions\/14565"}],"wp:featuredmedia":[{"embeddable":true,"href":"http:\/\/traba.org\/trabablog\/index.php?rest_route=\/wp\/v2\/media\/14468"}],"wp:attachment":[{"href":"http:\/\/traba.org\/trabablog\/index.php?rest_route=%2Fwp%2Fv2%2Fmedia&parent=14533"}],"wp:term":[{"taxonomy":"category","embeddable":true,"href":"http:\/\/traba.org\/trabablog\/index.php?rest_route=%2Fwp%2Fv2%2Fcategories&post=14533"},{"taxonomy":"post_tag","embeddable":true,"href":"http:\/\/traba.org\/trabablog\/index.php?rest_route=%2Fwp%2Fv2%2Ftags&post=14533"}],"curies":[{"name":"wp","href":"https:\/\/api.w.org\/{rel}","templated":true}]}}