{"id":14701,"date":"2018-01-17T16:18:05","date_gmt":"2018-01-17T15:18:05","guid":{"rendered":"http:\/\/www.traba.org\/trabablog\/?p=14701"},"modified":"2018-01-25T15:30:14","modified_gmt":"2018-01-25T14:30:14","slug":"histories-de-la-nostra-feina-addendum","status":"publish","type":"post","link":"http:\/\/traba.org\/trabablog\/?p=14701","title":{"rendered":"hist\u00f2ries de la nostra feina (II): addendum"},"content":{"rendered":"<p>Just abans de Nadal hi va haver un parell de novetats en relaci\u00f3 a les <a href=\"http:\/\/www.traba.org\/trabablog\/?p=12955\">hist\u00f2ries de la nostra feina<\/a>.<\/p>\n<p>La primera \u00e9s que el dimecres 20 vaig fer una sessi\u00f3 al SISAP on vam tractar des de la Barcelona romana i medieval (o medievalitzada) fins a la industriaitzaci\u00f3, la construcci\u00f3 de l&#8217;Eixample i la hist\u00f2ria del nostre edifici. Teniu totes les imatges que vaig fer servir en <a href=\"https:\/\/photos.app.goo.gl\/rffhdck59udbfDNw1\">aquest \u00e0lbum<\/a>.<\/p>\n<p>La segona novetat \u00e9s que el cap d&#8217;infraestructures de l&#8217;ICS va preparar una sessi\u00f3 nadalenca sobre la hist\u00f2ria de l&#8217;edifici, amb visita inclosa a alguns racons curiosos o poc coneguts. Ens en vam assabentar per casualitat i a l&#8217;\u00faltim moment (gr\u00e0cies Esme!) per\u00f2 la Mireia i jo ens vam poder apuntar a la segona tanda. Divendres 22 a les 11h a la sala \u00e0tic.<\/p>\n<p><a href=\"http:\/\/www.traba.org\/trabablog\/wp-content\/uploads\/2017\/12\/20171222_105807.jpg\"><img loading=\"lazy\" decoding=\"async\" class=\"alignnone size-large wp-image-14721\" src=\"http:\/\/www.traba.org\/trabablog\/wp-content\/uploads\/2017\/12\/20171222_105807-1024x768.jpg\" alt=\"\" width=\"700\" height=\"525\" srcset=\"http:\/\/traba.org\/trabablog\/wp-content\/uploads\/2017\/12\/20171222_105807-1024x768.jpg 1024w, http:\/\/traba.org\/trabablog\/wp-content\/uploads\/2017\/12\/20171222_105807-300x225.jpg 300w, http:\/\/traba.org\/trabablog\/wp-content\/uploads\/2017\/12\/20171222_105807-768x576.jpg 768w, http:\/\/traba.org\/trabablog\/wp-content\/uploads\/2017\/12\/20171222_105807-460x345.jpg 460w, http:\/\/traba.org\/trabablog\/wp-content\/uploads\/2017\/12\/20171222_105807-688x516.jpg 688w\" sizes=\"auto, (max-width: 700px) 100vw, 700px\" \/><\/a><\/p>\n<p>Primer ens va fer una petita introducci\u00f3 hist\u00f2rica, per\u00f2 nosaltres ja ens ho port\u00e0vem quasi tot apr\u00e8s \ud83d\ude42 La casa Bonet, la bomba del Coliseum, l&#8217;arquitecte Llu\u00eds Bonet, l&#8217;INP, etc. Ens va confirmar que l&#8217;edifici segueix sent propietat de l&#8217;INSS, tot i que efectivament va estar a punt de traspassar-se el 2011. La Generalitat tenia la intenci\u00f3 de vendre&#8217;l per fer caixa, aix\u00ed que la broma del Zara al vest\u00edbul no anava tan desancaminada \ud83d\ude09<\/p>\n<p>Despr\u00e9s ens va explicar a grans trets l&#8217;estructura de l&#8217;edifci: planta baixa, 5 plantes senceres m\u00e9s, una sisena planta que no arriba a la fa\u00e7ana perqu\u00e8 t\u00e9 terrassa, i un <em>torre\u00f3n<\/em> central sobre seu. Tot aix\u00f2 amb tres fa\u00e7anes, cosa que com a arquitecte semblava fascinar-li per la complicaci\u00f3 que afegeix: una llarga a Gran Via, una curta a Balmes, i la de la cantonada on treballem nosaltres.<\/p>\n<p><a href=\"http:\/\/www.traba.org\/trabablog\/wp-content\/uploads\/2017\/08\/mg_7200.jpg\"><img loading=\"lazy\" decoding=\"async\" class=\"alignnone size-large wp-image-14040\" src=\"http:\/\/www.traba.org\/trabablog\/wp-content\/uploads\/2017\/08\/mg_7200-1024x683.jpg\" alt=\"\" width=\"700\" height=\"467\" srcset=\"http:\/\/traba.org\/trabablog\/wp-content\/uploads\/2017\/08\/mg_7200.jpg 1024w, http:\/\/traba.org\/trabablog\/wp-content\/uploads\/2017\/08\/mg_7200-300x200.jpg 300w, http:\/\/traba.org\/trabablog\/wp-content\/uploads\/2017\/08\/mg_7200-768x512.jpg 768w, http:\/\/traba.org\/trabablog\/wp-content\/uploads\/2017\/08\/mg_7200-600x400.jpg 600w, http:\/\/traba.org\/trabablog\/wp-content\/uploads\/2017\/08\/mg_7200-460x307.jpg 460w, http:\/\/traba.org\/trabablog\/wp-content\/uploads\/2017\/08\/mg_7200-688x459.jpg 688w\" sizes=\"auto, (max-width: 700px) 100vw, 700px\" \/><\/a><\/p>\n<p>La visita la vam fer de dalt a baix. Vam comen\u00e7ar a la sala \u00e0tic, que est\u00e0 justament en el <strong><em>torre\u00f3n<\/em> <\/strong>central i t\u00e9 unes vistes espectaculars de 360 graus sobre tot Barcelona.<\/p>\n<p><a href=\"http:\/\/www.traba.org\/trabablog\/wp-content\/uploads\/2017\/12\/20171215_125032.jpg\"><img loading=\"lazy\" decoding=\"async\" class=\"alignnone size-large wp-image-14718\" src=\"http:\/\/www.traba.org\/trabablog\/wp-content\/uploads\/2017\/12\/20171215_125032-1024x768.jpg\" alt=\"\" width=\"700\" height=\"525\" srcset=\"http:\/\/traba.org\/trabablog\/wp-content\/uploads\/2017\/12\/20171215_125032-1024x768.jpg 1024w, http:\/\/traba.org\/trabablog\/wp-content\/uploads\/2017\/12\/20171215_125032-300x225.jpg 300w, http:\/\/traba.org\/trabablog\/wp-content\/uploads\/2017\/12\/20171215_125032-768x576.jpg 768w, http:\/\/traba.org\/trabablog\/wp-content\/uploads\/2017\/12\/20171215_125032-460x345.jpg 460w, http:\/\/traba.org\/trabablog\/wp-content\/uploads\/2017\/12\/20171215_125032-688x516.jpg 688w\" sizes=\"auto, (max-width: 700px) 100vw, 700px\" \/><\/a><\/p>\n<p>Abans de ser una sala de reunions, va ser primer una mena de centre social pels treballadors de l&#8217;INP, i despr\u00e9s una guarderia (molta gent encara l&#8217;anomena aix\u00ed). Tota la zona del seu voltant est\u00e0 molt desaprofitada, el jefe sempre diu que ens hi haur\u00edem de traslladar \ud83d\ude09<\/p>\n<p><a href=\"http:\/\/www.traba.org\/trabablog\/wp-content\/uploads\/2017\/12\/20171215_125102.jpg\"><img loading=\"lazy\" decoding=\"async\" class=\"alignnone size-large wp-image-14719\" src=\"http:\/\/www.traba.org\/trabablog\/wp-content\/uploads\/2017\/12\/20171215_125102-1024x768.jpg\" alt=\"\" width=\"700\" height=\"525\" srcset=\"http:\/\/traba.org\/trabablog\/wp-content\/uploads\/2017\/12\/20171215_125102-1024x768.jpg 1024w, http:\/\/traba.org\/trabablog\/wp-content\/uploads\/2017\/12\/20171215_125102-300x225.jpg 300w, http:\/\/traba.org\/trabablog\/wp-content\/uploads\/2017\/12\/20171215_125102-768x576.jpg 768w, http:\/\/traba.org\/trabablog\/wp-content\/uploads\/2017\/12\/20171215_125102-460x345.jpg 460w, http:\/\/traba.org\/trabablog\/wp-content\/uploads\/2017\/12\/20171215_125102-688x516.jpg 688w\" sizes=\"auto, (max-width: 700px) 100vw, 700px\" \/><\/a><\/p>\n<p>La <strong>sisena planta<\/strong>\u00a0eren vivendes. Era una mica<em> Arriba y abajo<\/em> per\u00f2 en una \u00fanica planta. All\u00e0 hi havia la vivenda del director de l&#8217;INP, on ara hi ha l&#8217;assessoria jur\u00eddica i es conserva per exemple la llar de foc. Tenia un ascensor directe al seu despatx!<\/p>\n<p><a href=\"http:\/\/www.traba.org\/trabablog\/wp-content\/uploads\/2017\/12\/20171222_113048.jpg\"><img loading=\"lazy\" decoding=\"async\" class=\"alignnone size-large wp-image-14723\" src=\"http:\/\/www.traba.org\/trabablog\/wp-content\/uploads\/2017\/12\/20171222_113048-1024x768.jpg\" alt=\"\" width=\"700\" height=\"525\" srcset=\"http:\/\/traba.org\/trabablog\/wp-content\/uploads\/2017\/12\/20171222_113048-1024x768.jpg 1024w, http:\/\/traba.org\/trabablog\/wp-content\/uploads\/2017\/12\/20171222_113048-300x225.jpg 300w, http:\/\/traba.org\/trabablog\/wp-content\/uploads\/2017\/12\/20171222_113048-768x576.jpg 768w, http:\/\/traba.org\/trabablog\/wp-content\/uploads\/2017\/12\/20171222_113048-460x345.jpg 460w, http:\/\/traba.org\/trabablog\/wp-content\/uploads\/2017\/12\/20171222_113048-688x516.jpg 688w\" sizes=\"auto, (max-width: 700px) 100vw, 700px\" \/><\/a><\/p>\n<p>Mentre que a la mateixa planta hi havia els domicilis dels porters. En vam poder visitar un que ara est\u00e0 abandonat.<\/p>\n<p><a href=\"http:\/\/www.traba.org\/trabablog\/wp-content\/uploads\/2017\/12\/20171222_114036.jpg\"><img loading=\"lazy\" decoding=\"async\" class=\"alignnone size-large wp-image-14730\" src=\"http:\/\/www.traba.org\/trabablog\/wp-content\/uploads\/2017\/12\/20171222_114036-768x1024.jpg\" alt=\"\" width=\"700\" height=\"933\" srcset=\"http:\/\/traba.org\/trabablog\/wp-content\/uploads\/2017\/12\/20171222_114036-768x1024.jpg 768w, http:\/\/traba.org\/trabablog\/wp-content\/uploads\/2017\/12\/20171222_114036-225x300.jpg 225w, http:\/\/traba.org\/trabablog\/wp-content\/uploads\/2017\/12\/20171222_114036-261x348.jpg 261w, http:\/\/traba.org\/trabablog\/wp-content\/uploads\/2017\/12\/20171222_114036-688x917.jpg 688w\" sizes=\"auto, (max-width: 700px) 100vw, 700px\" \/><\/a> <a href=\"http:\/\/www.traba.org\/trabablog\/wp-content\/uploads\/2017\/12\/20171222_114050.jpg\"><img loading=\"lazy\" decoding=\"async\" class=\"alignnone size-large wp-image-14731\" src=\"http:\/\/www.traba.org\/trabablog\/wp-content\/uploads\/2017\/12\/20171222_114050-1024x768.jpg\" alt=\"\" width=\"700\" height=\"525\" srcset=\"http:\/\/traba.org\/trabablog\/wp-content\/uploads\/2017\/12\/20171222_114050-1024x768.jpg 1024w, http:\/\/traba.org\/trabablog\/wp-content\/uploads\/2017\/12\/20171222_114050-300x225.jpg 300w, http:\/\/traba.org\/trabablog\/wp-content\/uploads\/2017\/12\/20171222_114050-768x576.jpg 768w, http:\/\/traba.org\/trabablog\/wp-content\/uploads\/2017\/12\/20171222_114050-460x345.jpg 460w, http:\/\/traba.org\/trabablog\/wp-content\/uploads\/2017\/12\/20171222_114050-688x516.jpg 688w\" sizes=\"auto, (max-width: 700px) 100vw, 700px\" \/><\/a>\u00a0\u00a0<a href=\"http:\/\/www.traba.org\/trabablog\/wp-content\/uploads\/2017\/12\/20171222_114128.jpg\"><img loading=\"lazy\" decoding=\"async\" class=\"alignnone size-large wp-image-14733\" src=\"http:\/\/www.traba.org\/trabablog\/wp-content\/uploads\/2017\/12\/20171222_114128-768x1024.jpg\" alt=\"\" width=\"700\" height=\"933\" srcset=\"http:\/\/traba.org\/trabablog\/wp-content\/uploads\/2017\/12\/20171222_114128-768x1024.jpg 768w, http:\/\/traba.org\/trabablog\/wp-content\/uploads\/2017\/12\/20171222_114128-225x300.jpg 225w, http:\/\/traba.org\/trabablog\/wp-content\/uploads\/2017\/12\/20171222_114128-261x348.jpg 261w, http:\/\/traba.org\/trabablog\/wp-content\/uploads\/2017\/12\/20171222_114128-688x917.jpg 688w\" sizes=\"auto, (max-width: 700px) 100vw, 700px\" \/><\/a> <a href=\"http:\/\/www.traba.org\/trabablog\/wp-content\/uploads\/2017\/12\/IMG-6720.jpg\"><img loading=\"lazy\" decoding=\"async\" class=\"alignnone size-large wp-image-14734\" src=\"http:\/\/www.traba.org\/trabablog\/wp-content\/uploads\/2017\/12\/IMG-6720-768x1024.jpg\" alt=\"\" width=\"700\" height=\"933\" srcset=\"http:\/\/traba.org\/trabablog\/wp-content\/uploads\/2017\/12\/IMG-6720-768x1024.jpg 768w, http:\/\/traba.org\/trabablog\/wp-content\/uploads\/2017\/12\/IMG-6720-225x300.jpg 225w, http:\/\/traba.org\/trabablog\/wp-content\/uploads\/2017\/12\/IMG-6720-261x348.jpg 261w, http:\/\/traba.org\/trabablog\/wp-content\/uploads\/2017\/12\/IMG-6720-688x917.jpg 688w\" sizes=\"auto, (max-width: 700px) 100vw, 700px\" \/><\/a><\/p>\n<p>Com d\u00e8iem la sisena planta t\u00e9 terrasses, tot i que no massa accessibles. Ll\u00e0stima!<\/p>\n<p><a href=\"http:\/\/www.traba.org\/trabablog\/wp-content\/uploads\/2017\/12\/20171222_130202.jpg\"><img loading=\"lazy\" decoding=\"async\" class=\"alignnone size-large wp-image-14735\" src=\"http:\/\/www.traba.org\/trabablog\/wp-content\/uploads\/2017\/12\/20171222_130202-1024x768.jpg\" alt=\"\" width=\"700\" height=\"525\" srcset=\"http:\/\/traba.org\/trabablog\/wp-content\/uploads\/2017\/12\/20171222_130202-1024x768.jpg 1024w, http:\/\/traba.org\/trabablog\/wp-content\/uploads\/2017\/12\/20171222_130202-300x225.jpg 300w, http:\/\/traba.org\/trabablog\/wp-content\/uploads\/2017\/12\/20171222_130202-768x576.jpg 768w, http:\/\/traba.org\/trabablog\/wp-content\/uploads\/2017\/12\/20171222_130202-460x345.jpg 460w, http:\/\/traba.org\/trabablog\/wp-content\/uploads\/2017\/12\/20171222_130202-688x516.jpg 688w\" sizes=\"auto, (max-width: 700px) 100vw, 700px\" \/><\/a><\/p>\n<p>Les plantes <strong>tercera, quarta i cinquena<\/strong>\u00a0s\u00f3n les que queden per sobre de la claraboia central. La idea de tot l&#8217;edifici era que hi hagu\u00e9s llum natural a tot arreu, tot i que despr\u00e9s s&#8217;han anat tancant molts espais en petits despatxos.<\/p>\n<p><a href=\"http:\/\/www.traba.org\/trabablog\/wp-content\/uploads\/2017\/12\/20171222_130138.jpg\"><img loading=\"lazy\" decoding=\"async\" class=\"alignnone size-large wp-image-14736\" src=\"http:\/\/www.traba.org\/trabablog\/wp-content\/uploads\/2017\/12\/20171222_130138-768x1024.jpg\" alt=\"\" width=\"700\" height=\"933\" srcset=\"http:\/\/traba.org\/trabablog\/wp-content\/uploads\/2017\/12\/20171222_130138-768x1024.jpg 768w, http:\/\/traba.org\/trabablog\/wp-content\/uploads\/2017\/12\/20171222_130138-225x300.jpg 225w, http:\/\/traba.org\/trabablog\/wp-content\/uploads\/2017\/12\/20171222_130138-261x348.jpg 261w, http:\/\/traba.org\/trabablog\/wp-content\/uploads\/2017\/12\/20171222_130138-688x917.jpg 688w\" sizes=\"auto, (max-width: 700px) 100vw, 700px\" \/><\/a><\/p>\n<p>Inicialment aquestes tres plantes les ocupaven oficines que l&#8217;INP llogava a altres empreses, com per exemple Fecsa (on anava l&#8217;Eul\u00e0lia) o l&#8217;ag\u00e8ncia de viatges que ten\u00edem al costat quan treball\u00e0vem a la quarta planta. Per consens popular, confirmem que nom\u00e9s hi vam estar del 2006 al 2008, on ara hi ha part de l&#8217;\u00c0mbit de Barcelona.<\/p>\n<p>Ara ja no queden empreses externes, per\u00f2 a la cinquena planta encara hi ha algunes URE de l&#8217;INSS (ja que s\u00f3n propietaris&#8230;). Tota la resta ja l&#8217;ocupa l&#8217;ICS o els seus\u00a0<em>allegados<\/em>.<\/p>\n<p><a href=\"http:\/\/www.traba.org\/trabablog\/wp-content\/uploads\/2017\/12\/20171222_130355.jpg\"><img loading=\"lazy\" decoding=\"async\" class=\"alignnone size-large wp-image-14737\" src=\"http:\/\/www.traba.org\/trabablog\/wp-content\/uploads\/2017\/12\/20171222_130355-1024x768.jpg\" alt=\"\" width=\"700\" height=\"525\" srcset=\"http:\/\/traba.org\/trabablog\/wp-content\/uploads\/2017\/12\/20171222_130355-1024x768.jpg 1024w, http:\/\/traba.org\/trabablog\/wp-content\/uploads\/2017\/12\/20171222_130355-300x225.jpg 300w, http:\/\/traba.org\/trabablog\/wp-content\/uploads\/2017\/12\/20171222_130355-768x576.jpg 768w, http:\/\/traba.org\/trabablog\/wp-content\/uploads\/2017\/12\/20171222_130355-460x345.jpg 460w, http:\/\/traba.org\/trabablog\/wp-content\/uploads\/2017\/12\/20171222_130355-688x516.jpg 688w\" sizes=\"auto, (max-width: 700px) 100vw, 700px\" \/><\/a><\/p>\n<p>Inicialment a aquestes plantes nom\u00e9s s&#8217;hi accedia per les entrades dels dos extrems (Balmes 22 i Gran Via 591), per\u00f2 no per l&#8217;entrada central de l&#8217;INP (a la sisena continua sent aix\u00ed). A tots els efectes eren plantes externes a l&#8217;INP, com si fos un altre edifici.<\/p>\n<p><a href=\"http:\/\/www.traba.org\/trabablog\/wp-content\/uploads\/2017\/12\/20171227_084221.jpg\"><img loading=\"lazy\" decoding=\"async\" class=\"alignnone size-large wp-image-14760\" src=\"http:\/\/www.traba.org\/trabablog\/wp-content\/uploads\/2017\/12\/20171227_084221-1024x768.jpg\" alt=\"\" width=\"700\" height=\"525\" srcset=\"http:\/\/traba.org\/trabablog\/wp-content\/uploads\/2017\/12\/20171227_084221-1024x768.jpg 1024w, http:\/\/traba.org\/trabablog\/wp-content\/uploads\/2017\/12\/20171227_084221-300x225.jpg 300w, http:\/\/traba.org\/trabablog\/wp-content\/uploads\/2017\/12\/20171227_084221-768x576.jpg 768w, http:\/\/traba.org\/trabablog\/wp-content\/uploads\/2017\/12\/20171227_084221-460x345.jpg 460w, http:\/\/traba.org\/trabablog\/wp-content\/uploads\/2017\/12\/20171227_084221-688x516.jpg 688w\" sizes=\"auto, (max-width: 700px) 100vw, 700px\" \/><\/a> <a href=\"http:\/\/www.traba.org\/trabablog\/wp-content\/uploads\/2017\/12\/20171227_084112.jpg\"><img loading=\"lazy\" decoding=\"async\" class=\"alignnone size-large wp-image-14759\" src=\"http:\/\/www.traba.org\/trabablog\/wp-content\/uploads\/2017\/12\/20171227_084112-1024x768.jpg\" alt=\"\" width=\"700\" height=\"525\" srcset=\"http:\/\/traba.org\/trabablog\/wp-content\/uploads\/2017\/12\/20171227_084112-1024x768.jpg 1024w, http:\/\/traba.org\/trabablog\/wp-content\/uploads\/2017\/12\/20171227_084112-300x225.jpg 300w, http:\/\/traba.org\/trabablog\/wp-content\/uploads\/2017\/12\/20171227_084112-768x576.jpg 768w, http:\/\/traba.org\/trabablog\/wp-content\/uploads\/2017\/12\/20171227_084112-460x345.jpg 460w, http:\/\/traba.org\/trabablog\/wp-content\/uploads\/2017\/12\/20171227_084112-688x516.jpg 688w\" sizes=\"auto, (max-width: 700px) 100vw, 700px\" \/><\/a><\/p>\n<p>De fet nosaltres encara hem vist porters <em>privats<\/em>\u00a0(no de l&#8217;ICS) en aquestes dues entrades, i em va semblar entendre que algun d&#8217;ells encara vivia a la sisena planta fins no fa massa anys.<\/p>\n<p><a href=\"http:\/\/www.traba.org\/trabablog\/wp-content\/uploads\/2017\/12\/20171222_131020.jpg\"><img loading=\"lazy\" decoding=\"async\" class=\"alignnone size-large wp-image-14757\" src=\"http:\/\/www.traba.org\/trabablog\/wp-content\/uploads\/2017\/12\/20171222_131020-768x1024.jpg\" alt=\"\" width=\"700\" height=\"933\" srcset=\"http:\/\/traba.org\/trabablog\/wp-content\/uploads\/2017\/12\/20171222_131020-768x1024.jpg 768w, http:\/\/traba.org\/trabablog\/wp-content\/uploads\/2017\/12\/20171222_131020-225x300.jpg 225w, http:\/\/traba.org\/trabablog\/wp-content\/uploads\/2017\/12\/20171222_131020-261x348.jpg 261w, http:\/\/traba.org\/trabablog\/wp-content\/uploads\/2017\/12\/20171222_131020-688x917.jpg 688w\" sizes=\"auto, (max-width: 700px) 100vw, 700px\" \/><\/a><\/p>\n<p>Si seguim cap avall, les plantes <strong>baixa, primera i segona<\/strong> eren les que ocupava l&#8217;INP. Per aix\u00f2 \u00e9s un \u00fanic bloc amb una est\u00e8tica homog\u00e8nia. Aquesta \u00e9s la zona central (la fa\u00e7ana de Gran Via), sota la claraboia i amb oficines obertes d&#8217;atenci\u00f3 al p\u00fablic.<\/p>\n<p><a href=\"http:\/\/www.traba.org\/trabablog\/wp-content\/uploads\/2017\/08\/IMG_20170810_172018.jpg\"><img loading=\"lazy\" decoding=\"async\" class=\"alignnone size-large wp-image-13095\" src=\"http:\/\/www.traba.org\/trabablog\/wp-content\/uploads\/2017\/08\/IMG_20170810_172018-1024x768.jpg\" alt=\"\" width=\"700\" height=\"525\" srcset=\"http:\/\/traba.org\/trabablog\/wp-content\/uploads\/2017\/08\/IMG_20170810_172018-1024x768.jpg 1024w, http:\/\/traba.org\/trabablog\/wp-content\/uploads\/2017\/08\/IMG_20170810_172018-300x225.jpg 300w, http:\/\/traba.org\/trabablog\/wp-content\/uploads\/2017\/08\/IMG_20170810_172018-768x576.jpg 768w, http:\/\/traba.org\/trabablog\/wp-content\/uploads\/2017\/08\/IMG_20170810_172018-460x345.jpg 460w, http:\/\/traba.org\/trabablog\/wp-content\/uploads\/2017\/08\/IMG_20170810_172018-688x516.jpg 688w\" sizes=\"auto, (max-width: 700px) 100vw, 700px\" \/><\/a><\/p>\n<p>L&#8217;escala <em>senyorial<\/em> uneix nom\u00e9s aquestes 3 plantes.<\/p>\n<p><a href=\"http:\/\/www.traba.org\/trabablog\/wp-content\/uploads\/2018\/01\/20180116_162737.jpg\"><img loading=\"lazy\" decoding=\"async\" class=\"alignnone size-large wp-image-14762\" src=\"http:\/\/www.traba.org\/trabablog\/wp-content\/uploads\/2018\/01\/20180116_162737-1024x768.jpg\" alt=\"\" width=\"700\" height=\"525\" srcset=\"http:\/\/traba.org\/trabablog\/wp-content\/uploads\/2018\/01\/20180116_162737-1024x768.jpg 1024w, http:\/\/traba.org\/trabablog\/wp-content\/uploads\/2018\/01\/20180116_162737-300x225.jpg 300w, http:\/\/traba.org\/trabablog\/wp-content\/uploads\/2018\/01\/20180116_162737-768x576.jpg 768w, http:\/\/traba.org\/trabablog\/wp-content\/uploads\/2018\/01\/20180116_162737-460x345.jpg 460w, http:\/\/traba.org\/trabablog\/wp-content\/uploads\/2018\/01\/20180116_162737-688x516.jpg 688w\" sizes=\"auto, (max-width: 700px) 100vw, 700px\" \/><\/a><\/p>\n<p>Quan es van trasnsferir les compet\u00e8ncies de sanitat, l&#8217;ICS va ocupar aquestes 3 plantes i tamb\u00e9 la tercera, que es va unir a la resta per altres escales i ascensors. La resta de plantes superiors les hem anat ocupant com\u00a0formiguetes, i ara tamb\u00e9 s&#8217;hi arriba per alguns (nom\u00e9s alguns) ascensors.<\/p>\n<p>L&#8217;edifici t\u00e9 <strong>dues plantes soterrani<\/strong>. Durant la visita vam accedir a tres espais on s&#8217;arriba per escales diferents (\u00e9s un embolic!). En primer lloc, darrera la porta misteriosa on jo creia que hi havia la caixa forta&#8230;<\/p>\n<p><a href=\"http:\/\/www.traba.org\/trabablog\/wp-content\/uploads\/2017\/08\/IMG_20170802_080106.jpg\"><img loading=\"lazy\" decoding=\"async\" class=\"alignnone size-large wp-image-13086\" src=\"http:\/\/www.traba.org\/trabablog\/wp-content\/uploads\/2017\/08\/IMG_20170802_080106-768x1024.jpg\" alt=\"\" width=\"700\" height=\"933\" srcset=\"http:\/\/traba.org\/trabablog\/wp-content\/uploads\/2017\/08\/IMG_20170802_080106-768x1024.jpg 768w, http:\/\/traba.org\/trabablog\/wp-content\/uploads\/2017\/08\/IMG_20170802_080106-225x300.jpg 225w, http:\/\/traba.org\/trabablog\/wp-content\/uploads\/2017\/08\/IMG_20170802_080106-261x348.jpg 261w, http:\/\/traba.org\/trabablog\/wp-content\/uploads\/2017\/08\/IMG_20170802_080106-688x917.jpg 688w\" sizes=\"auto, (max-width: 700px) 100vw, 700px\" \/><\/a><\/p>\n<p>&#8230;en realitat hi ha un arxiu d&#8217;hist\u00f2ries cl\u00edniques en paper. V\u00e9s a saber d&#8217;on v\u00e9nen!<\/p>\n<p><a href=\"http:\/\/www.traba.org\/trabablog\/wp-content\/uploads\/2017\/12\/20171222_121633.jpg\"><img loading=\"lazy\" decoding=\"async\" class=\"alignnone size-large wp-image-14742\" src=\"http:\/\/www.traba.org\/trabablog\/wp-content\/uploads\/2017\/12\/20171222_121633-768x1024.jpg\" alt=\"\" width=\"700\" height=\"933\" srcset=\"http:\/\/traba.org\/trabablog\/wp-content\/uploads\/2017\/12\/20171222_121633-768x1024.jpg 768w, http:\/\/traba.org\/trabablog\/wp-content\/uploads\/2017\/12\/20171222_121633-225x300.jpg 225w, http:\/\/traba.org\/trabablog\/wp-content\/uploads\/2017\/12\/20171222_121633-261x348.jpg 261w, http:\/\/traba.org\/trabablog\/wp-content\/uploads\/2017\/12\/20171222_121633-688x917.jpg 688w\" sizes=\"auto, (max-width: 700px) 100vw, 700px\" \/><\/a><a href=\"http:\/\/www.traba.org\/trabablog\/wp-content\/uploads\/2017\/12\/20171222_121732.jpg\"><img loading=\"lazy\" decoding=\"async\" class=\"alignnone size-large wp-image-14749\" src=\"http:\/\/www.traba.org\/trabablog\/wp-content\/uploads\/2017\/12\/20171222_121732-768x1024.jpg\" alt=\"\" width=\"700\" height=\"933\" srcset=\"http:\/\/traba.org\/trabablog\/wp-content\/uploads\/2017\/12\/20171222_121732-768x1024.jpg 768w, http:\/\/traba.org\/trabablog\/wp-content\/uploads\/2017\/12\/20171222_121732-225x300.jpg 225w, http:\/\/traba.org\/trabablog\/wp-content\/uploads\/2017\/12\/20171222_121732-261x348.jpg 261w, http:\/\/traba.org\/trabablog\/wp-content\/uploads\/2017\/12\/20171222_121732-688x917.jpg 688w\" sizes=\"auto, (max-width: 700px) 100vw, 700px\" \/><\/a><\/p>\n<p>Vam visitar tamb\u00e9 la sala de calderes (gegants!), de la que ens va demanar que no f\u00e9ssim fotos. Estava tan nervi\u00f3s que em va quedar fatal, aix\u00ed que tampoc es veu res \ud83d\ude09<\/p>\n<p><a href=\"http:\/\/www.traba.org\/trabablog\/wp-content\/uploads\/2017\/12\/20171222_122313.jpg\"><img loading=\"lazy\" decoding=\"async\" class=\"alignnone size-large wp-image-14746\" src=\"http:\/\/www.traba.org\/trabablog\/wp-content\/uploads\/2017\/12\/20171222_122313-768x1024.jpg\" alt=\"\" width=\"700\" height=\"933\" srcset=\"http:\/\/traba.org\/trabablog\/wp-content\/uploads\/2017\/12\/20171222_122313-768x1024.jpg 768w, http:\/\/traba.org\/trabablog\/wp-content\/uploads\/2017\/12\/20171222_122313-225x300.jpg 225w, http:\/\/traba.org\/trabablog\/wp-content\/uploads\/2017\/12\/20171222_122313-261x348.jpg 261w, http:\/\/traba.org\/trabablog\/wp-content\/uploads\/2017\/12\/20171222_122313-688x917.jpg 688w\" sizes=\"auto, (max-width: 700px) 100vw, 700px\" \/><\/a><\/p>\n<p>I he deixat la caixa forta pel final, per posar-hi una mica d&#8217;emoci\u00f3 \ud83d\ude42 Tant a l&#8217;agost com per la sessi\u00f3 del dia 20 hav\u00edem demanat a infraestructures mateix si es podia visitar. Les dues vegades ens van respondre que no perqu\u00e8 \u00e9s de la Direcci\u00f3 de Farm\u00e0cia del Departament de Salut, per\u00f2 ja ens haguessin pogut informar d&#8217;aquestes visites guiades! Sort de l&#8217;Esme.<\/p>\n<p>S&#8217;hi accedeix per una escala adhoc amb un petit ascensor.<\/p>\n<p><a href=\"http:\/\/www.traba.org\/trabablog\/wp-content\/uploads\/2017\/12\/IMG-6725.jpg\"><img loading=\"lazy\" decoding=\"async\" class=\"alignnone size-large wp-image-14743\" src=\"http:\/\/www.traba.org\/trabablog\/wp-content\/uploads\/2017\/12\/IMG-6725-768x1024.jpg\" alt=\"\" width=\"700\" height=\"933\" srcset=\"http:\/\/traba.org\/trabablog\/wp-content\/uploads\/2017\/12\/IMG-6725-768x1024.jpg 768w, http:\/\/traba.org\/trabablog\/wp-content\/uploads\/2017\/12\/IMG-6725-225x300.jpg 225w, http:\/\/traba.org\/trabablog\/wp-content\/uploads\/2017\/12\/IMG-6725-261x348.jpg 261w, http:\/\/traba.org\/trabablog\/wp-content\/uploads\/2017\/12\/IMG-6725-688x917.jpg 688w\" sizes=\"auto, (max-width: 700px) 100vw, 700px\" \/><\/a><\/p>\n<p>I per aqu\u00ed s&#8217;hi entra, per\u00f2 ni el propi cap d&#8217;infraestructures hi ha pogut accedir mai. Qu\u00e8 hi deuen guardar? <em>Material sensible<\/em>, diuen sempre.<\/p>\n<p><a href=\"http:\/\/www.traba.org\/trabablog\/wp-content\/uploads\/2017\/12\/refugi_11.jpg\"><img loading=\"lazy\" decoding=\"async\" class=\"alignnone size-large wp-image-14751\" src=\"http:\/\/www.traba.org\/trabablog\/wp-content\/uploads\/2017\/12\/refugi_11-1024x682.jpg\" alt=\"\" width=\"700\" height=\"466\" srcset=\"http:\/\/traba.org\/trabablog\/wp-content\/uploads\/2017\/12\/refugi_11-1024x682.jpg 1024w, http:\/\/traba.org\/trabablog\/wp-content\/uploads\/2017\/12\/refugi_11-300x200.jpg 300w, http:\/\/traba.org\/trabablog\/wp-content\/uploads\/2017\/12\/refugi_11-768x512.jpg 768w, http:\/\/traba.org\/trabablog\/wp-content\/uploads\/2017\/12\/refugi_11-600x400.jpg 600w, http:\/\/traba.org\/trabablog\/wp-content\/uploads\/2017\/12\/refugi_11-460x307.jpg 460w, http:\/\/traba.org\/trabablog\/wp-content\/uploads\/2017\/12\/refugi_11-688x458.jpg 688w\" sizes=\"auto, (max-width: 700px) 100vw, 700px\" \/><\/a><\/p>\n<p>No \u00e9s ni molt menys tan gran com ens havien dit (uns 70 m2), per\u00f2 s\u00ed que es for\u00e7a alta i amb unes parets de formig\u00f3 armat de mig metre d&#8217;ample. Per fora est\u00e0 rodejada per una avantcambra que permet fer-li la volta completament.<\/p>\n<p><a href=\"http:\/\/www.traba.org\/trabablog\/wp-content\/uploads\/2017\/12\/20171222_121101.jpg\"><img loading=\"lazy\" decoding=\"async\" class=\"alignnone size-large wp-image-14745\" src=\"http:\/\/www.traba.org\/trabablog\/wp-content\/uploads\/2017\/12\/20171222_121101-768x1024.jpg\" alt=\"\" width=\"700\" height=\"933\" srcset=\"http:\/\/traba.org\/trabablog\/wp-content\/uploads\/2017\/12\/20171222_121101-768x1024.jpg 768w, http:\/\/traba.org\/trabablog\/wp-content\/uploads\/2017\/12\/20171222_121101-225x300.jpg 225w, http:\/\/traba.org\/trabablog\/wp-content\/uploads\/2017\/12\/20171222_121101-261x348.jpg 261w, http:\/\/traba.org\/trabablog\/wp-content\/uploads\/2017\/12\/20171222_121101-688x917.jpg 688w\" sizes=\"auto, (max-width: 700px) 100vw, 700px\" \/><\/a><\/p>\n<p>I tot aix\u00f2 perqu\u00e8? Doncs com expliquen en <a href=\"https:\/\/ics30anys30veus.wordpress.com\/2014\/03\/13\/la-seu-de-lics-a-prova-de-bombes\/\">aquest post\u00a0<\/a>(d&#8217;on he tret la foto de la porta, que en teoria no es poden fer), inicialment es va dissenyar com a refugi antiaeri, quan el r\u00e8gim franquista encara creia que els aliats podien bombardejar Espanya. A comen\u00e7aments dels anys 40 era obligatori construir refugis a tots els edificis nous en poblacions de m\u00e9s de 20.000 habitants, tot i que de seguida va quedar restringit nom\u00e9s als edificis oficials. A Barcelona se&#8217;n van <a href=\"http:\/\/www.elpuntavui.cat\/cultura\/article\/19-cultura\/296289--els-refugis-franquistes-.html\">construir uns 30<\/a>. Quina ironia (per dir alguna cosa), quan l&#8217;edifici actual existeix precisament perqu\u00e8 l&#8217;anterior va ser destru\u00eft per un bombardeig franquista.<\/p>\n<p>I fins aqu\u00ed el que va donar de s\u00ed la visita. Es notava que a l&#8217;home li agrada l&#8217;edifici (i a mi!), i tamb\u00e9 l&#8217;arquitecte que el va dissenyar. Malgrat ser un edifici del r\u00e8gim en plena postguerra, va preveure espais amb molta llum natural i ventilaci\u00f3, per intentar garantir les millors condicions possibles per treballar.<\/p>\n<p>Va ser una bona manera de passar l&#8217;\u00faltim divendres pre-nadalenc \ud83d\ude42<\/p>\n","protected":false},"excerpt":{"rendered":"<p>Just abans de Nadal hi va haver un parell de novetats en relaci\u00f3 a les hist\u00f2ries de la nostra feina. La primera \u00e9s que el dimecres 20 vaig fer una&#8230;<\/p>\n","protected":false},"author":2,"featured_media":14760,"comment_status":"open","ping_status":"open","sticky":false,"template":"","format":"standard","meta":{"_monsterinsights_skip_tracking":false,"_monsterinsights_sitenote_active":false,"_monsterinsights_sitenote_note":"","_monsterinsights_sitenote_category":0,"footnotes":""},"categories":[129],"tags":[130],"class_list":["post-14701","post","type-post","status-publish","format-standard","has-post-thumbnail","hentry","category-histories","tag-histories"],"_links":{"self":[{"href":"http:\/\/traba.org\/trabablog\/index.php?rest_route=\/wp\/v2\/posts\/14701","targetHints":{"allow":["GET"]}}],"collection":[{"href":"http:\/\/traba.org\/trabablog\/index.php?rest_route=\/wp\/v2\/posts"}],"about":[{"href":"http:\/\/traba.org\/trabablog\/index.php?rest_route=\/wp\/v2\/types\/post"}],"author":[{"embeddable":true,"href":"http:\/\/traba.org\/trabablog\/index.php?rest_route=\/wp\/v2\/users\/2"}],"replies":[{"embeddable":true,"href":"http:\/\/traba.org\/trabablog\/index.php?rest_route=%2Fwp%2Fv2%2Fcomments&post=14701"}],"version-history":[{"count":41,"href":"http:\/\/traba.org\/trabablog\/index.php?rest_route=\/wp\/v2\/posts\/14701\/revisions"}],"predecessor-version":[{"id":14934,"href":"http:\/\/traba.org\/trabablog\/index.php?rest_route=\/wp\/v2\/posts\/14701\/revisions\/14934"}],"wp:featuredmedia":[{"embeddable":true,"href":"http:\/\/traba.org\/trabablog\/index.php?rest_route=\/wp\/v2\/media\/14760"}],"wp:attachment":[{"href":"http:\/\/traba.org\/trabablog\/index.php?rest_route=%2Fwp%2Fv2%2Fmedia&parent=14701"}],"wp:term":[{"taxonomy":"category","embeddable":true,"href":"http:\/\/traba.org\/trabablog\/index.php?rest_route=%2Fwp%2Fv2%2Fcategories&post=14701"},{"taxonomy":"post_tag","embeddable":true,"href":"http:\/\/traba.org\/trabablog\/index.php?rest_route=%2Fwp%2Fv2%2Ftags&post=14701"}],"curies":[{"name":"wp","href":"https:\/\/api.w.org\/{rel}","templated":true}]}}