{"id":14790,"date":"2018-01-26T22:02:53","date_gmt":"2018-01-26T21:02:53","guid":{"rendered":"http:\/\/www.traba.org\/trabablog\/?p=14790"},"modified":"2018-02-03T18:56:07","modified_gmt":"2018-02-03T17:56:07","slug":"histories-de-la-meva-infancia-i-la-vida-a-la-frontera","status":"publish","type":"post","link":"http:\/\/traba.org\/trabablog\/?p=14790","title":{"rendered":"hist\u00f2ries de la meva inf\u00e0ncia (I): la vida a la frontera"},"content":{"rendered":"<p>Bona part de la meva inf\u00e0ncia va transc\u00f3rrer als voltants de la <strong>Ronda de Sant Pere<\/strong>, el carrer on vaig n\u00e9ixer. Quan dic que hi vaig n\u00e9ixer ho dic literalment, concretament al passad\u00eds del pis que ten\u00edem llogat al n\u00famero 28-30. Un edifici de 1970 amb la senyora Conxita a la porteria. L&#8217;\u00e0tic tercera, si no m&#8217;equivoco. Ho tinc associat a un senyor que venia loteria del \u00abcegus\u00bb a la vorera del davant i que tot el dia cridava \u00abpara hoooy, lottteriaaa para hoooy\u00bb<\/p>\n<p><a href=\"http:\/\/www.traba.org\/trabablog\/wp-content\/uploads\/2018\/01\/20180119_095206.jpg\"><img loading=\"lazy\" decoding=\"async\" class=\"alignnone size-large wp-image-14787\" src=\"http:\/\/www.traba.org\/trabablog\/wp-content\/uploads\/2018\/01\/20180119_095206-1024x768.jpg\" alt=\"\" width=\"700\" height=\"525\" srcset=\"http:\/\/traba.org\/trabablog\/wp-content\/uploads\/2018\/01\/20180119_095206-1024x768.jpg 1024w, http:\/\/traba.org\/trabablog\/wp-content\/uploads\/2018\/01\/20180119_095206-300x225.jpg 300w, http:\/\/traba.org\/trabablog\/wp-content\/uploads\/2018\/01\/20180119_095206-768x576.jpg 768w, http:\/\/traba.org\/trabablog\/wp-content\/uploads\/2018\/01\/20180119_095206-460x345.jpg 460w, http:\/\/traba.org\/trabablog\/wp-content\/uploads\/2018\/01\/20180119_095206-688x516.jpg 688w\" sizes=\"auto, (max-width: 700px) 100vw, 700px\" \/><\/a><a href=\"http:\/\/www.traba.org\/trabablog\/wp-content\/uploads\/2018\/01\/20180119_095227.jpg\"><img loading=\"lazy\" decoding=\"async\" class=\"alignnone size-large wp-image-14788\" src=\"http:\/\/www.traba.org\/trabablog\/wp-content\/uploads\/2018\/01\/20180119_095227-1024x768.jpg\" alt=\"\" width=\"700\" height=\"525\" srcset=\"http:\/\/traba.org\/trabablog\/wp-content\/uploads\/2018\/01\/20180119_095227-1024x768.jpg 1024w, http:\/\/traba.org\/trabablog\/wp-content\/uploads\/2018\/01\/20180119_095227-300x225.jpg 300w, http:\/\/traba.org\/trabablog\/wp-content\/uploads\/2018\/01\/20180119_095227-768x576.jpg 768w, http:\/\/traba.org\/trabablog\/wp-content\/uploads\/2018\/01\/20180119_095227-460x345.jpg 460w, http:\/\/traba.org\/trabablog\/wp-content\/uploads\/2018\/01\/20180119_095227-688x516.jpg 688w\" sizes=\"auto, (max-width: 700px) 100vw, 700px\" \/><\/a><\/p>\n<p>La Ronda de Sant Pere, igual que la de la Universitat i les de Sant Antoni i Sant Pau, es van construir seguint el recorregut de la muralla quan aquesta es va enderrocar a mitjans del segle XIX, i per tant actuen com a frontera entre la ciutat vella i el nou eixample. Comen\u00e7a a l&#8217;Arc de Triomf, constru\u00eft per l&#8217;Exposici\u00f3 Universal de 1888 a la Ciutadella, i arriba fins a la Pla\u00e7a Catalunya passant per la Pla\u00e7a Urquinaona.<\/p>\n<p><a href=\"http:\/\/www.traba.org\/trabablog\/wp-content\/uploads\/2017\/08\/2013_06_28_07_56_49_Topogra\u0300fic_Muralla_baluards-1714.jpg\"><img loading=\"lazy\" decoding=\"async\" class=\"alignnone size-large wp-image-14056\" src=\"http:\/\/www.traba.org\/trabablog\/wp-content\/uploads\/2017\/08\/2013_06_28_07_56_49_Topogra\u0300fic_Muralla_baluards-1714-1024x724.jpg\" alt=\"\" width=\"700\" height=\"495\" srcset=\"http:\/\/traba.org\/trabablog\/wp-content\/uploads\/2017\/08\/2013_06_28_07_56_49_Topogra\u0300fic_Muralla_baluards-1714-1024x724.jpg 1024w, http:\/\/traba.org\/trabablog\/wp-content\/uploads\/2017\/08\/2013_06_28_07_56_49_Topogra\u0300fic_Muralla_baluards-1714-300x212.jpg 300w, http:\/\/traba.org\/trabablog\/wp-content\/uploads\/2017\/08\/2013_06_28_07_56_49_Topogra\u0300fic_Muralla_baluards-1714-768x543.jpg 768w, http:\/\/traba.org\/trabablog\/wp-content\/uploads\/2017\/08\/2013_06_28_07_56_49_Topogra\u0300fic_Muralla_baluards-1714-460x325.jpg 460w, http:\/\/traba.org\/trabablog\/wp-content\/uploads\/2017\/08\/2013_06_28_07_56_49_Topogra\u0300fic_Muralla_baluards-1714-688x486.jpg 688w, http:\/\/traba.org\/trabablog\/wp-content\/uploads\/2017\/08\/2013_06_28_07_56_49_Topogra\u0300fic_Muralla_baluards-1714.jpg 1654w\" sizes=\"auto, (max-width: 700px) 100vw, 700px\" \/><\/a><\/p>\n<p>Tota la vida la f\u00e8iem en aquesta frontera. Casa dels avis, la casa de juguets (aix\u00ed li d\u00e8iem) de sota seu i el quiosc de gelats de davant, Deportes Mart\u00edn, la granja, la farm\u00e0cia de la cantonada (mai a la Germana!), el quiosc dels cromos, la magistratura (all\u00e0 on els deien que eren comunistes, per\u00f2 seriosos i ben vestits), el Corte Ingl\u00e9s&#8230; tot era all\u00e0. Cap a dalt no pass\u00e0vem del Carrer Casp, on hi havia el despatx dels meus pares, la carnisseria i la peixateria de Girona (i el bar on la meva mare em deixava esmorzant un biquini mentre ella comprava), els xupa-xups dels colmados de Claris i Ll\u00faria, la llibreria Laie on anava amb el meu pare, el p\u00e0rquing, els babilonis de Can Roig, etc. La majoria d&#8217;aquestes botigues ja fa temps que van plegar.<\/p>\n<p>De fet no crec que hagu\u00e9s anat mai massa m\u00e9s amunt de la Gran Via fins que el 1985 van comprar el pis de Girona 65, on dev\u00edem anar a viure l&#8217;any seg\u00fcent. Un edifici de 1880 (segons catastre), t\u00edpic del primer Eixample. Els anteriors propietaris eren metges homeopates i l&#8217;havien comprat el 1983, per\u00f2 el van vendres dos anys despr\u00e9s perqu\u00e8 es van separar. El ve\u00ed del primer em va explicar fa poc que abans havia estat molts anys abandonat i com mig en ruines, haur\u00e9 d&#8217;investigar m\u00e9s quan hi anem a viure.<\/p>\n<p><a href=\"http:\/\/www.traba.org\/trabablog\/wp-content\/uploads\/2018\/01\/247569798.jpg\"><img loading=\"lazy\" decoding=\"async\" class=\"alignnone size-full wp-image-14789\" src=\"http:\/\/www.traba.org\/trabablog\/wp-content\/uploads\/2018\/01\/247569798.jpg\" alt=\"\" width=\"850\" height=\"567\" srcset=\"http:\/\/traba.org\/trabablog\/wp-content\/uploads\/2018\/01\/247569798.jpg 850w, http:\/\/traba.org\/trabablog\/wp-content\/uploads\/2018\/01\/247569798-300x200.jpg 300w, http:\/\/traba.org\/trabablog\/wp-content\/uploads\/2018\/01\/247569798-768x512.jpg 768w, http:\/\/traba.org\/trabablog\/wp-content\/uploads\/2018\/01\/247569798-600x400.jpg 600w, http:\/\/traba.org\/trabablog\/wp-content\/uploads\/2018\/01\/247569798-460x307.jpg 460w, http:\/\/traba.org\/trabablog\/wp-content\/uploads\/2018\/01\/247569798-688x459.jpg 688w\" sizes=\"auto, (max-width: 850px) 100vw, 850px\" \/><\/a><\/p>\n<p>Cap a ciutat vella hi an\u00e0vem sobretot amb la Teresa i l&#8217;Eul\u00e0lia per comprar a Sant Caterina o a la baixa de Sant Pere, que \u00e9s com li hem dit sempre a Sant Pere m\u00e9s Baix (recordo comprant all\u00e0 els regals per tota la fam\u00edlia un 5 de gener). O a fer <em>recados<\/em>\u00a0amb l&#8217;Eul\u00e0lia a la Banca Jov\u00e9 o a Correus. I algun cap de setmana passej\u00e0vem per La Rambla (s\u00ed s\u00ed, hi va haver un temps en que els barcelonins passej\u00e0vem per La Rambla) fins a Col\u00f3n o el Museu de la Cera.<\/p>\n<h6>el barri de sant pere<\/h6>\n<p>La Ronda de Sant Pere rep el seu nom del barri de la ciutat vella amb el que fa frontera. El Sant Pere actual ocupa des de la Via Laietana fins a Llu\u00eds Companys, i des de la Ronda fins a Santa Caterina.<\/p>\n<p>El barri va n\u00e9ixer el segle X com una <a href=\"http:\/\/www.traba.org\/trabablog\/?p=12963\">vilanova<\/a> a les afores de la muralla romana, i com la resta de vilanoves (dels Arcs, del Mar, etc.) va quedar inclosa a la muralla medieval que va configurar la ciutat vella actual.<\/p>\n<p>La vilanova de Sant Pere, com tantes altres, va sorgir al voltant d&#8217;un monestir, en aquest cas el de Sant Pere de les Puel\u00b7les. Es t\u00e9 documentaci\u00f3 de l&#8217;exist\u00e8ncia del monestir des de l&#8217;any 945, sent la primera comunitat mon\u00e0stica femenina de Barcelona. Amb el pas del temps es va anar ampliant fins arribar a ser una de les comunitats m\u00e9s importants de la ciutat, i tamb\u00e9 una de les m\u00e9s riques. Despr\u00e9s de diverses exclaustracions durant el segle XIX (entre altres causes per la desamortitzaci\u00f3), el monestir va ser enderrocat finalment el 1873, en una demostraci\u00f3 m\u00e9s de fins a quin punt \u00e9s recent la cultura de conservar tot el que \u00e9s antic. La comunitat de monges es va traslladar al carrer Angl\u00ed, on encara hi s\u00f3n.<\/p>\n<p>De l&#8217;antic monestir nom\u00e9s se&#8217;n conserva l&#8217;esgl\u00e9sia, ara parr\u00f2quia, a l&#8217;actual pla\u00e7a de Sant Pere.<\/p>\n<p><a href=\"http:\/\/www.traba.org\/trabablog\/wp-content\/uploads\/2018\/01\/Barcelona_-_Esgl\u00e9sia_de_Sant_Pere_de_Puelles.jpg\"><img loading=\"lazy\" decoding=\"async\" class=\"alignnone size-large wp-image-14833\" src=\"http:\/\/www.traba.org\/trabablog\/wp-content\/uploads\/2018\/01\/Barcelona_-_Esgl\u00e9sia_de_Sant_Pere_de_Puelles-1024x768.jpg\" alt=\"\" width=\"700\" height=\"525\" srcset=\"http:\/\/traba.org\/trabablog\/wp-content\/uploads\/2018\/01\/Barcelona_-_Esgl\u00e9sia_de_Sant_Pere_de_Puelles-1024x768.jpg 1024w, http:\/\/traba.org\/trabablog\/wp-content\/uploads\/2018\/01\/Barcelona_-_Esgl\u00e9sia_de_Sant_Pere_de_Puelles-300x225.jpg 300w, http:\/\/traba.org\/trabablog\/wp-content\/uploads\/2018\/01\/Barcelona_-_Esgl\u00e9sia_de_Sant_Pere_de_Puelles-768x576.jpg 768w, http:\/\/traba.org\/trabablog\/wp-content\/uploads\/2018\/01\/Barcelona_-_Esgl\u00e9sia_de_Sant_Pere_de_Puelles-460x345.jpg 460w, http:\/\/traba.org\/trabablog\/wp-content\/uploads\/2018\/01\/Barcelona_-_Esgl\u00e9sia_de_Sant_Pere_de_Puelles-688x516.jpg 688w\" sizes=\"auto, (max-width: 700px) 100vw, 700px\" \/><\/a> <a href=\"http:\/\/www.traba.org\/trabablog\/wp-content\/uploads\/2018\/01\/Sant_Pere_Puel\u00b7les2.jpg\"><img loading=\"lazy\" decoding=\"async\" class=\"alignnone size-large wp-image-14834\" src=\"http:\/\/www.traba.org\/trabablog\/wp-content\/uploads\/2018\/01\/Sant_Pere_Puel\u00b7les2-768x1024.jpg\" alt=\"\" width=\"700\" height=\"933\" srcset=\"http:\/\/traba.org\/trabablog\/wp-content\/uploads\/2018\/01\/Sant_Pere_Puel\u00b7les2.jpg 768w, http:\/\/traba.org\/trabablog\/wp-content\/uploads\/2018\/01\/Sant_Pere_Puel\u00b7les2-225x300.jpg 225w, http:\/\/traba.org\/trabablog\/wp-content\/uploads\/2018\/01\/Sant_Pere_Puel\u00b7les2-261x348.jpg 261w, http:\/\/traba.org\/trabablog\/wp-content\/uploads\/2018\/01\/Sant_Pere_Puel\u00b7les2-688x917.jpg 688w\" sizes=\"auto, (max-width: 700px) 100vw, 700px\" \/><\/a><a href=\"http:\/\/www.traba.org\/trabablog\/wp-content\/uploads\/2018\/01\/1.jpg\"><img loading=\"lazy\" decoding=\"async\" class=\"alignnone size-full wp-image-14885\" src=\"http:\/\/www.traba.org\/trabablog\/wp-content\/uploads\/2018\/01\/1.jpg\" alt=\"\" width=\"924\" height=\"765\" srcset=\"http:\/\/traba.org\/trabablog\/wp-content\/uploads\/2018\/01\/1.jpg 924w, http:\/\/traba.org\/trabablog\/wp-content\/uploads\/2018\/01\/1-300x248.jpg 300w, http:\/\/traba.org\/trabablog\/wp-content\/uploads\/2018\/01\/1-768x636.jpg 768w, http:\/\/traba.org\/trabablog\/wp-content\/uploads\/2018\/01\/1-420x348.jpg 420w, http:\/\/traba.org\/trabablog\/wp-content\/uploads\/2018\/01\/1-688x570.jpg 688w\" sizes=\"auto, (max-width: 924px) 100vw, 924px\" \/><\/a><\/p>\n<p>De tota manera el que veiem ara \u00e9s una reconstrucci\u00f3 imaginativa (per dir alguna cosa) que es va fer el 1911, despr\u00e9s que l&#8217;esgl\u00e9sia fos cremada totalment durant la setmana tr\u00e0gica de 1909. L&#8217;aspecte anterior era aquest. Quina mania ja no a conservar sin\u00f3 a reinventar!<\/p>\n<p><a href=\"http:\/\/www.traba.org\/trabablog\/wp-content\/uploads\/2018\/01\/SantPerePuellesBarcelona-ant1909.jpg\"><img loading=\"lazy\" decoding=\"async\" class=\"alignnone size-full wp-image-14835\" src=\"http:\/\/www.traba.org\/trabablog\/wp-content\/uploads\/2018\/01\/SantPerePuellesBarcelona-ant1909.jpg\" alt=\"\" width=\"400\" height=\"253\" srcset=\"http:\/\/traba.org\/trabablog\/wp-content\/uploads\/2018\/01\/SantPerePuellesBarcelona-ant1909.jpg 400w, http:\/\/traba.org\/trabablog\/wp-content\/uploads\/2018\/01\/SantPerePuellesBarcelona-ant1909-300x190.jpg 300w\" sizes=\"auto, (max-width: 400px) 100vw, 400px\" \/><\/a><\/p>\n<p>Durant la guerra es va tornar a cremar, i es va restaurar novament el 1945. Nom\u00e9s es van salvar de la bullanga de 1835, que en canvi si que va afectar a la seva ve\u00efna Santa Caterina.<\/p>\n<p>Per\u00f2 de l&#8217;antic monestir no nom\u00e9s queda l&#8217;esgl\u00e9sia reformada. De manera una mica estranya, a Terrassa es conserven 10 arcs de l&#8217;antic claustre, all\u00e0 al mig del Carrer Sant Ignasi. B\u00e9, de fet nom\u00e9s 4 arcs s\u00f3n originals, la resta s\u00f3n reproduccions. Primer estaven en un parc, per\u00f2 ara han quedat davant d&#8217;un edifici de pisos. Quines coses. Altres parts del monestir estan al MNAC o en col\u00b7leccions privades.<\/p>\n<p><a href=\"http:\/\/www.traba.org\/trabablog\/wp-content\/uploads\/2018\/01\/Santperepuelles.jpg\"><img loading=\"lazy\" decoding=\"async\" class=\"alignnone size-large wp-image-14836\" src=\"http:\/\/www.traba.org\/trabablog\/wp-content\/uploads\/2018\/01\/Santperepuelles-768x1024.jpg\" alt=\"\" width=\"700\" height=\"933\" srcset=\"http:\/\/traba.org\/trabablog\/wp-content\/uploads\/2018\/01\/Santperepuelles-768x1024.jpg 768w, http:\/\/traba.org\/trabablog\/wp-content\/uploads\/2018\/01\/Santperepuelles-225x300.jpg 225w, http:\/\/traba.org\/trabablog\/wp-content\/uploads\/2018\/01\/Santperepuelles-261x348.jpg 261w, http:\/\/traba.org\/trabablog\/wp-content\/uploads\/2018\/01\/Santperepuelles-688x918.jpg 688w, http:\/\/traba.org\/trabablog\/wp-content\/uploads\/2018\/01\/Santperepuelles.jpg 800w\" sizes=\"auto, (max-width: 700px) 100vw, 700px\" \/><\/a><\/p>\n<p>El barri de Sant Pere es vertebra a partir dels 3 carrers hom\u00f2nims: Sant Pere M\u00e9s Alt, Mitj\u00e0 i M\u00e9s Baix (o la baixa de Sant Pere), que creuen tot el barri en horitzontal. Dos dels carrers m\u00e9s transitats de fet s\u00f3n nous: Princesa \u00e9s de mitjans del XIX i la Via Laietana de principis del XX.<\/p>\n<p>El barri, que al principi era agr\u00edcola i remader (no com la vilanova del Mar, per exemple, que era comercial), durant l&#8217;edat mitjana es va anar especialitzant en gremis relacionats amb el t\u00e8xtil. Al voltant de Santa Caterina, per exemple, hi ha els carrers Carders, Assaonadors, Blanqueria, Cotoners, la Pla\u00e7a de la Llana, etc. Durant la revoluci\u00f3 ind\u00fastrial, la majoria de la producci\u00f3 t\u00e8xtil va marxar a altres barris amb m\u00e9s espai (el Raval, l&#8217;Eixample, Sant Mart\u00ed, etc.), per\u00f2 alguna es va quedar a Sant Pere. Per exemple el passatge Sert, que connecta Trafalgar amb Sant Pere m\u00e9s Alt.<\/p>\n<p><a href=\"http:\/\/www.traba.org\/trabablog\/wp-content\/uploads\/2018\/01\/346.jpg\"><img loading=\"lazy\" decoding=\"async\" class=\"alignnone size-large wp-image-14838\" src=\"http:\/\/www.traba.org\/trabablog\/wp-content\/uploads\/2018\/01\/346-1024x768.jpg\" alt=\"\" width=\"700\" height=\"525\" srcset=\"http:\/\/traba.org\/trabablog\/wp-content\/uploads\/2018\/01\/346-1024x768.jpg 1024w, http:\/\/traba.org\/trabablog\/wp-content\/uploads\/2018\/01\/346-300x225.jpg 300w, http:\/\/traba.org\/trabablog\/wp-content\/uploads\/2018\/01\/346-768x576.jpg 768w, http:\/\/traba.org\/trabablog\/wp-content\/uploads\/2018\/01\/346-460x345.jpg 460w, http:\/\/traba.org\/trabablog\/wp-content\/uploads\/2018\/01\/346-688x516.jpg 688w, http:\/\/traba.org\/trabablog\/wp-content\/uploads\/2018\/01\/346.jpg 1600w\" sizes=\"auto, (max-width: 700px) 100vw, 700px\" \/><\/a><\/p>\n<p>Va ser una f\u00e0brica t\u00e8xtil (la Sert) entre 1867 i fins com a m\u00ednim els anys 20. Va arribar a tenir prop de 3000 treballadors, poca broma.<\/p>\n<p><a href=\"http:\/\/www.traba.org\/trabablog\/wp-content\/uploads\/2018\/01\/FABRICA-SERT-Y-HERMANOS-SOLA-1882.jpg\"><img loading=\"lazy\" decoding=\"async\" class=\"alignnone size-large wp-image-14839\" src=\"http:\/\/www.traba.org\/trabablog\/wp-content\/uploads\/2018\/01\/FABRICA-SERT-Y-HERMANOS-SOLA-1882.jpg\" alt=\"\" width=\"539\" height=\"374\" srcset=\"http:\/\/traba.org\/trabablog\/wp-content\/uploads\/2018\/01\/FABRICA-SERT-Y-HERMANOS-SOLA-1882.jpg 539w, http:\/\/traba.org\/trabablog\/wp-content\/uploads\/2018\/01\/FABRICA-SERT-Y-HERMANOS-SOLA-1882-300x208.jpg 300w, http:\/\/traba.org\/trabablog\/wp-content\/uploads\/2018\/01\/FABRICA-SERT-Y-HERMANOS-SOLA-1882-460x319.jpg 460w\" sizes=\"auto, (max-width: 539px) 100vw, 539px\" \/><\/a><\/p>\n<p>Ara \u00e9s un carrer ric i tranquil, ple de botiguetes i lofts de casa bona. Nosaltres hi passem sovint quan anem cap a l&#8217;Eixample.<\/p>\n<p><a href=\"http:\/\/www.traba.org\/trabablog\/wp-content\/uploads\/2018\/01\/passatge-sert2.jpg\"><img loading=\"lazy\" decoding=\"async\" class=\"alignnone size-large wp-image-14840\" src=\"http:\/\/www.traba.org\/trabablog\/wp-content\/uploads\/2018\/01\/passatge-sert2-1024x576.jpg\" alt=\"\" width=\"700\" height=\"394\" srcset=\"http:\/\/traba.org\/trabablog\/wp-content\/uploads\/2018\/01\/passatge-sert2-1024x576.jpg 1024w, http:\/\/traba.org\/trabablog\/wp-content\/uploads\/2018\/01\/passatge-sert2-300x169.jpg 300w, http:\/\/traba.org\/trabablog\/wp-content\/uploads\/2018\/01\/passatge-sert2-768x432.jpg 768w, http:\/\/traba.org\/trabablog\/wp-content\/uploads\/2018\/01\/passatge-sert2-460x259.jpg 460w, http:\/\/traba.org\/trabablog\/wp-content\/uploads\/2018\/01\/passatge-sert2-688x387.jpg 688w, http:\/\/traba.org\/trabablog\/wp-content\/uploads\/2018\/01\/passatge-sert2.jpg 1180w\" sizes=\"auto, (max-width: 700px) 100vw, 700px\" \/><\/a><\/p>\n<p>La Lola fa el teatre de Nadal al CCD Francesca Bonnemaison, a Sant Pere M\u00e9s Baix, en un edifici del segle XVI-XVII restaurat el 1857.<\/p>\n<p><a href=\"http:\/\/www.traba.org\/trabablog\/wp-content\/uploads\/2018\/01\/Institut_de_Cultura_i_Biblioteca_Popular_per_a_la_Dona_Barcelona_-_1-e1516714963738.jpg\"><img loading=\"lazy\" decoding=\"async\" class=\"alignnone size-large wp-image-14845\" src=\"http:\/\/www.traba.org\/trabablog\/wp-content\/uploads\/2018\/01\/Institut_de_Cultura_i_Biblioteca_Popular_per_a_la_Dona_Barcelona_-_1-e1516714963738-768x1024.jpg\" alt=\"\" width=\"700\" height=\"933\" srcset=\"http:\/\/traba.org\/trabablog\/wp-content\/uploads\/2018\/01\/Institut_de_Cultura_i_Biblioteca_Popular_per_a_la_Dona_Barcelona_-_1-e1516714963738-768x1024.jpg 768w, http:\/\/traba.org\/trabablog\/wp-content\/uploads\/2018\/01\/Institut_de_Cultura_i_Biblioteca_Popular_per_a_la_Dona_Barcelona_-_1-e1516714963738-225x300.jpg 225w, http:\/\/traba.org\/trabablog\/wp-content\/uploads\/2018\/01\/Institut_de_Cultura_i_Biblioteca_Popular_per_a_la_Dona_Barcelona_-_1-e1516714963738-261x348.jpg 261w, http:\/\/traba.org\/trabablog\/wp-content\/uploads\/2018\/01\/Institut_de_Cultura_i_Biblioteca_Popular_per_a_la_Dona_Barcelona_-_1-e1516714963738-688x917.jpg 688w\" sizes=\"auto, (max-width: 700px) 100vw, 700px\" \/><\/a><\/p>\n<p>Tamb\u00e9 a Sant Pere m\u00e9s Baix, Ia Teresa i l&#8217;Eul\u00e0lia anaven a missa a l&#8217;Ajuda (em fa una mica de vergonya confessar que jo sempre havia cregut que era La Juda), que ara he vist que s\u00f3n caputxins. \u00c9s una esgl\u00e9sia molt petita del segle XVI. Recordo que de petit em cridava l&#8217;atenci\u00f3 que la meva \u00e0via an\u00e9s a la missa del gall, suposo que trobava emocionant aix\u00f2 que sortissin de nit.<\/p>\n<p><a href=\"http:\/\/www.traba.org\/trabablog\/wp-content\/uploads\/2018\/01\/P7251478.jpg\"><img loading=\"lazy\" decoding=\"async\" class=\"alignnone size-large wp-image-14946\" src=\"http:\/\/www.traba.org\/trabablog\/wp-content\/uploads\/2018\/01\/P7251478-576x1024.jpg\" alt=\"\" width=\"576\" height=\"1024\" srcset=\"http:\/\/traba.org\/trabablog\/wp-content\/uploads\/2018\/01\/P7251478-576x1024.jpg 576w, http:\/\/traba.org\/trabablog\/wp-content\/uploads\/2018\/01\/P7251478-169x300.jpg 169w, http:\/\/traba.org\/trabablog\/wp-content\/uploads\/2018\/01\/P7251478-768x1365.jpg 768w, http:\/\/traba.org\/trabablog\/wp-content\/uploads\/2018\/01\/P7251478-196x348.jpg 196w, http:\/\/traba.org\/trabablog\/wp-content\/uploads\/2018\/01\/P7251478-688x1223.jpg 688w, http:\/\/traba.org\/trabablog\/wp-content\/uploads\/2018\/01\/P7251478.jpg 900w\" sizes=\"auto, (max-width: 576px) 100vw, 576px\" \/><\/a><\/p>\n<p>Per\u00f2 potser l&#8217;edifici m\u00e9s emblem\u00e0tic del barri \u00e9s el Palau de la M\u00fasica, a Sant Pere m\u00e9s Alt. \u00c9s de Dom\u00e8nech i Montaner i es va construir entre 1905 i 1908, just abans de l&#8217;obertura de la Via Laietana. Pobre F\u00e8lix, quins antecedents tindr\u00e0 amb aix\u00f2 del Millet \ud83d\ude09<\/p>\n<p><a href=\"http:\/\/www.traba.org\/trabablog\/wp-content\/uploads\/2018\/01\/Entrada_principal_del_Palau_de_la_M\u00fasica_Catalana.jpg\"><img loading=\"lazy\" decoding=\"async\" class=\"alignnone size-large wp-image-14841\" src=\"http:\/\/www.traba.org\/trabablog\/wp-content\/uploads\/2018\/01\/Entrada_principal_del_Palau_de_la_M\u00fasica_Catalana-733x1024.jpg\" alt=\"\" width=\"700\" height=\"978\" srcset=\"http:\/\/traba.org\/trabablog\/wp-content\/uploads\/2018\/01\/Entrada_principal_del_Palau_de_la_M\u00fasica_Catalana-733x1024.jpg 733w, http:\/\/traba.org\/trabablog\/wp-content\/uploads\/2018\/01\/Entrada_principal_del_Palau_de_la_M\u00fasica_Catalana-215x300.jpg 215w, http:\/\/traba.org\/trabablog\/wp-content\/uploads\/2018\/01\/Entrada_principal_del_Palau_de_la_M\u00fasica_Catalana-768x1073.jpg 768w, http:\/\/traba.org\/trabablog\/wp-content\/uploads\/2018\/01\/Entrada_principal_del_Palau_de_la_M\u00fasica_Catalana-249x348.jpg 249w, http:\/\/traba.org\/trabablog\/wp-content\/uploads\/2018\/01\/Entrada_principal_del_Palau_de_la_M\u00fasica_Catalana-688x961.jpg 688w, http:\/\/traba.org\/trabablog\/wp-content\/uploads\/2018\/01\/Entrada_principal_del_Palau_de_la_M\u00fasica_Catalana.jpg 1884w\" sizes=\"auto, (max-width: 700px) 100vw, 700px\" \/><\/a><\/p>\n<h6>la pla\u00e7a urquinaona<\/h6>\n<p>Tamb\u00e9 em fa vergonya parlar d&#8217;Urquinaona perqu\u00e8 l&#8217;Eul\u00e0lia ha viscut tota la vida all\u00e0 i segur que en sap moltes m\u00e9s coses que les que jo pugui explicar, per\u00f2 farem el que podrem \ud83d\ude09<\/p>\n<p>Com diu el Xavier, Urquinaona \u00e9s una casa amb nom de pla\u00e7a. Tamb\u00e9 li hem dit casa els avis, casa l&#8217;\u00e0via o casa de la Teresa i l&#8217;Eul\u00e0lia, per\u00f2 sobretot \u00e9s simplement Urquinaona. Es tracta del principal primera del n\u00famero 1. Mateixa orientaci\u00f3 que la feina: cantonada a sud directe.<\/p>\n<p><a href=\"http:\/\/www.traba.org\/trabablog\/wp-content\/uploads\/2018\/01\/urquinaona1.png\"><img loading=\"lazy\" decoding=\"async\" class=\"alignnone size-full wp-image-14807\" src=\"http:\/\/www.traba.org\/trabablog\/wp-content\/uploads\/2018\/01\/urquinaona1.png\" alt=\"\" width=\"847\" height=\"822\" srcset=\"http:\/\/traba.org\/trabablog\/wp-content\/uploads\/2018\/01\/urquinaona1.png 847w, http:\/\/traba.org\/trabablog\/wp-content\/uploads\/2018\/01\/urquinaona1-300x291.png 300w, http:\/\/traba.org\/trabablog\/wp-content\/uploads\/2018\/01\/urquinaona1-768x745.png 768w, http:\/\/traba.org\/trabablog\/wp-content\/uploads\/2018\/01\/urquinaona1-359x348.png 359w, http:\/\/traba.org\/trabablog\/wp-content\/uploads\/2018\/01\/urquinaona1-688x668.png 688w\" sizes=\"auto, (max-width: 847px) 100vw, 847px\" \/><\/a> <a href=\"http:\/\/www.traba.org\/trabablog\/wp-content\/uploads\/2018\/01\/IMG_20170803_170625.jpg\"><img loading=\"lazy\" decoding=\"async\" class=\"alignnone size-large wp-image-14781\" src=\"http:\/\/www.traba.org\/trabablog\/wp-content\/uploads\/2018\/01\/IMG_20170803_170625-768x1024.jpg\" alt=\"\" width=\"700\" height=\"933\" srcset=\"http:\/\/traba.org\/trabablog\/wp-content\/uploads\/2018\/01\/IMG_20170803_170625-768x1024.jpg 768w, http:\/\/traba.org\/trabablog\/wp-content\/uploads\/2018\/01\/IMG_20170803_170625-225x300.jpg 225w, http:\/\/traba.org\/trabablog\/wp-content\/uploads\/2018\/01\/IMG_20170803_170625-261x348.jpg 261w, http:\/\/traba.org\/trabablog\/wp-content\/uploads\/2018\/01\/IMG_20170803_170625-688x917.jpg 688w\" sizes=\"auto, (max-width: 700px) 100vw, 700px\" \/><\/a><\/p>\n<p>Ara nom\u00e9s hi viuen la Teresa i l&#8217;Eul\u00e0lia, per\u00f2 havia sigut la casa dels seus pares (els meus avis) amb els seus 11 fills (entre ells el meu pare).<\/p>\n<p><a href=\"http:\/\/www.traba.org\/trabablog\/wp-content\/uploads\/2018\/01\/IMG_2331.jpg\"><img loading=\"lazy\" decoding=\"async\" class=\"alignnone size-large wp-image-14780\" src=\"http:\/\/www.traba.org\/trabablog\/wp-content\/uploads\/2018\/01\/IMG_2331-1024x768.jpg\" alt=\"\" width=\"700\" height=\"525\" srcset=\"http:\/\/traba.org\/trabablog\/wp-content\/uploads\/2018\/01\/IMG_2331-1024x768.jpg 1024w, http:\/\/traba.org\/trabablog\/wp-content\/uploads\/2018\/01\/IMG_2331-300x225.jpg 300w, http:\/\/traba.org\/trabablog\/wp-content\/uploads\/2018\/01\/IMG_2331-768x576.jpg 768w, http:\/\/traba.org\/trabablog\/wp-content\/uploads\/2018\/01\/IMG_2331-460x345.jpg 460w, http:\/\/traba.org\/trabablog\/wp-content\/uploads\/2018\/01\/IMG_2331-688x516.jpg 688w\" sizes=\"auto, (max-width: 700px) 100vw, 700px\" \/><\/a><\/p>\n<p>De petit era la meva segona casa: hi din\u00e0vem sovint i hi anava a dormir almenys un cop per setmana (com l&#8217;Anna abans o l&#8217;Albert despr\u00e9s). Recordo el porter, el se\u00f1or Gregorio\u00a0(<em>pujas<\/em> o bajas), i despr\u00e9s l&#8217;Angelita. I la casa de juguets dels baixos, que m&#8217;encantava. Abans de la guerra era una filat\u00e8lia, i quan va morir el pare, la filla va muntar la jugueteria. Ara hi ha un N\u00f2strum.<\/p>\n<p>A partir de certa edat incl\u00fas hi treballava (aquells informes de classes&#8230;), i m\u00e9s endavant la Mireia tamb\u00e9. Tamb\u00e9 hi f\u00e8iem totes les celebracions familiars: aniversaris, nadals, reis&#8230; Per Nadal, quan encara hi \u00e9rem tots, pod\u00edem arribar a ser m\u00e9s de 30. Ara, seguint la tradici\u00f3, la Lola s&#8217;hi queda a dormir de tant en tant, i encara hi fem alguna celebraci\u00f3. Per exemple els 5 anys de la Lola, on encara va poder venir la meva mare tot i que va morir nom\u00e9s 11 dies despr\u00e9s.<\/p>\n<p><a href=\"http:\/\/www.traba.org\/trabablog\/wp-content\/uploads\/2018\/01\/IMG_20170819_150222.jpg\"><img loading=\"lazy\" decoding=\"async\" class=\"alignnone size-large wp-image-14784\" src=\"http:\/\/www.traba.org\/trabablog\/wp-content\/uploads\/2018\/01\/IMG_20170819_150222-1024x768.jpg\" alt=\"\" width=\"700\" height=\"525\" srcset=\"http:\/\/traba.org\/trabablog\/wp-content\/uploads\/2018\/01\/IMG_20170819_150222-1024x768.jpg 1024w, http:\/\/traba.org\/trabablog\/wp-content\/uploads\/2018\/01\/IMG_20170819_150222-300x225.jpg 300w, http:\/\/traba.org\/trabablog\/wp-content\/uploads\/2018\/01\/IMG_20170819_150222-768x576.jpg 768w, http:\/\/traba.org\/trabablog\/wp-content\/uploads\/2018\/01\/IMG_20170819_150222-460x345.jpg 460w, http:\/\/traba.org\/trabablog\/wp-content\/uploads\/2018\/01\/IMG_20170819_150222-688x516.jpg 688w\" sizes=\"auto, (max-width: 700px) 100vw, 700px\" \/><\/a> <a href=\"http:\/\/www.traba.org\/trabablog\/wp-content\/uploads\/2018\/01\/IMG_4962-e1516350929177.jpg\"><img loading=\"lazy\" decoding=\"async\" class=\"alignnone size-large wp-image-14782\" src=\"http:\/\/www.traba.org\/trabablog\/wp-content\/uploads\/2018\/01\/IMG_4962-e1516350929177-1024x768.jpg\" alt=\"\" width=\"700\" height=\"525\" srcset=\"http:\/\/traba.org\/trabablog\/wp-content\/uploads\/2018\/01\/IMG_4962-e1516350929177-1024x768.jpg 1024w, http:\/\/traba.org\/trabablog\/wp-content\/uploads\/2018\/01\/IMG_4962-e1516350929177-300x225.jpg 300w, http:\/\/traba.org\/trabablog\/wp-content\/uploads\/2018\/01\/IMG_4962-e1516350929177-768x576.jpg 768w, http:\/\/traba.org\/trabablog\/wp-content\/uploads\/2018\/01\/IMG_4962-e1516350929177-460x345.jpg 460w, http:\/\/traba.org\/trabablog\/wp-content\/uploads\/2018\/01\/IMG_4962-e1516350929177-688x516.jpg 688w\" sizes=\"auto, (max-width: 700px) 100vw, 700px\" \/><\/a> <a href=\"http:\/\/www.traba.org\/trabablog\/wp-content\/uploads\/2018\/01\/IMG_4968-e1516350948938.jpg\"><img loading=\"lazy\" decoding=\"async\" class=\"alignnone size-large wp-image-14783\" src=\"http:\/\/www.traba.org\/trabablog\/wp-content\/uploads\/2018\/01\/IMG_4968-e1516350948938-1024x768.jpg\" alt=\"\" width=\"700\" height=\"525\" srcset=\"http:\/\/traba.org\/trabablog\/wp-content\/uploads\/2018\/01\/IMG_4968-e1516350948938-1024x768.jpg 1024w, http:\/\/traba.org\/trabablog\/wp-content\/uploads\/2018\/01\/IMG_4968-e1516350948938-300x225.jpg 300w, http:\/\/traba.org\/trabablog\/wp-content\/uploads\/2018\/01\/IMG_4968-e1516350948938-768x576.jpg 768w, http:\/\/traba.org\/trabablog\/wp-content\/uploads\/2018\/01\/IMG_4968-e1516350948938-460x345.jpg 460w, http:\/\/traba.org\/trabablog\/wp-content\/uploads\/2018\/01\/IMG_4968-e1516350948938-688x516.jpg 688w\" sizes=\"auto, (max-width: 700px) 100vw, 700px\" \/><\/a><\/p>\n<p>A l&#8217;Eul\u00e0lia li sona que l&#8217;edifici es va construir cap al 1870, per\u00f2 no ho he pogut trobar exactament. El catastre en aquest no ajuda perqu\u00e8 diu que \u00e9s de 1900, cosa que \u00e9s impossible. M&#8217;he estat llegint les primeres notes registrals de la finca, i all\u00e0 apareixen diferents noms. Uns pobres Pedro Domenech i Catalina Roura apareixen a tot arreu com que van hipotecar l&#8217;edifici per acabar de pagar el terreny, per\u00f2 sense dates. Despr\u00e9s sembla que va ser propietat de dues germanes (Ramona i Joaquina), que el 1884 li van vendre la finca a Jos\u00e9 Nieto i Juana Llamas. Aquesta \u00e9s la primera data que he trobat per escrit, aix\u00ed que efectivament el m\u00e9s probable \u00e9s que l&#8217;edifici sigui de la d\u00e8cada de 1870. Aquests Jos\u00e9 i Juana eren els pares de Concepci\u00f3n Nieto Llamas, m\u00e9s coneguda com a <em>do\u00f1a Concha<\/em>, futura sogra d&#8217;una de les germanes del meu avi. Complicat eh?<\/p>\n<p>A l\u00bbEul\u00e0lia li havien explicat que la casa va ser el regal de nosses del seus pares a <em>do\u00f1a Conxa<\/em>, que va venir de Gal\u00edcia per expandir el negoci t\u00e8xtil familiar de Riva i Garcia. Primer el van tenir a Sant Pere m\u00e9s Alt (all\u00f2 que d\u00e8iem del t\u00e8xtil), a l&#8217;edifici on es volia fer l&#8217;Hotel del Palau (ai el F\u00e8lix), i m\u00e9s endavant al Carrer Bruc. Sembla que hi havia un article del Permanyer on explicava la hist\u00f2ria, per\u00f2 no l&#8217;hem trobat. Durant la guerra l&#8217;empresa es va col\u00b7lectivitzar, com tantes altres, per\u00f2 sembla que els treballadors van demanar que es qued\u00e9s algun directiu perqu\u00e8 sin\u00f3 els clients anglesos amena\u00e7aven de marxar. Sembla que es va quedar un cunyat del meu avi, el tio Jacobo, i que quan el detenien havia de trucar a alg\u00fa del sindicat perqu\u00e8 el deixessin anar. Quins temps.<\/p>\n<p>Els meus avis hi van anar a viure just despr\u00e9s de la guerra, primer en altres pisos i des de 1948 ja al principal primera. Quan era petit, a l&#8217;entres\u00f2l i al primer hi vivien dues germanes del meu avi: la tia Conxita a baix i la tia Josefa (la nora de <em>do\u00f1a Concha<\/em>) a dalt.<\/p>\n<p>En aquesta foto de 1914 es veu l&#8217;edifici, per\u00f2 sense la porta d&#8217;entrada (?) ni els pisos superiors que es van afegir als anys 40 (un cl\u00e0ssic de l&#8217;Eixample). Tot molt tancat, no? Sempre m&#8217;ha semblat curiosa la tribuna&#8230;<\/p>\n<p><a href=\"http:\/\/www.traba.org\/trabablog\/wp-content\/uploads\/2018\/01\/fanga.png\"><img loading=\"lazy\" decoding=\"async\" class=\"alignnone size-full wp-image-14890\" src=\"http:\/\/www.traba.org\/trabablog\/wp-content\/uploads\/2018\/01\/fanga.png\" alt=\"\" width=\"492\" height=\"323\" srcset=\"http:\/\/traba.org\/trabablog\/wp-content\/uploads\/2018\/01\/fanga.png 492w, http:\/\/traba.org\/trabablog\/wp-content\/uploads\/2018\/01\/fanga-300x197.png 300w, http:\/\/traba.org\/trabablog\/wp-content\/uploads\/2018\/01\/fanga-460x302.png 460w\" sizes=\"auto, (max-width: 492px) 100vw, 492px\" \/><\/a><\/p>\n<p>Si us hi fixeu, a la foto es veu mitja vorera pavimentada (la m\u00e9s propera a la casa) i l&#8217;altra meitat encara de terra. Llu\u00eds Permanyer <a href=\"http:\/\/hemeroteca.lavanguardia.com\/preview\/2005\/02\/05\/pagina-7\/33701479\/pdf.html\">explica<\/a>\u00a0que aix\u00f2 va ser molt freq\u00fcent en aquella \u00e8poca, ja que els propietaris eren els encarregats de pavimentar la primera meitat i l&#8217;Ajuntament la segona. Segons diu, all\u00f2 de <em>Can Fanga<\/em> v\u00e9 del fang que es formava a les voreres no pavimentades.<\/p>\n<p>Aqu\u00ed teniu la foto en format panor\u00e0mic, gr\u00e0cies al llibre <a href=\"https:\/\/www.casadellibro.com\/libro-el-quadrat-d-or-centro-de-la-barcelona-modernista-ed-bilingue\/9788477826866\/826373\">El quadrat d&#8217;or<\/a> que em va deixar l&#8217;Eul\u00e0lia. Molt xulo! La quarta casa que es veu a la mateixa banda de la pla\u00e7a, la que t\u00e9 4 tribunes, \u00e9s la casa Guillem Rod\u00f3 de 1869.<\/p>\n<p><a href=\"http:\/\/www.traba.org\/trabablog\/wp-content\/uploads\/2018\/01\/panoramica1.png\"><img loading=\"lazy\" decoding=\"async\" class=\"alignnone size-large wp-image-14892\" src=\"http:\/\/www.traba.org\/trabablog\/wp-content\/uploads\/2018\/01\/panoramica1-1024x165.png\" alt=\"\" width=\"700\" height=\"113\" srcset=\"http:\/\/traba.org\/trabablog\/wp-content\/uploads\/2018\/01\/panoramica1-1024x165.png 1024w, http:\/\/traba.org\/trabablog\/wp-content\/uploads\/2018\/01\/panoramica1-300x48.png 300w, http:\/\/traba.org\/trabablog\/wp-content\/uploads\/2018\/01\/panoramica1-768x124.png 768w, http:\/\/traba.org\/trabablog\/wp-content\/uploads\/2018\/01\/panoramica1-460x74.png 460w, http:\/\/traba.org\/trabablog\/wp-content\/uploads\/2018\/01\/panoramica1-688x111.png 688w\" sizes=\"auto, (max-width: 700px) 100vw, 700px\" \/><\/a><\/p>\n<p>La pla\u00e7a es va crear despr\u00e9s de la demolici\u00f3 dels baluards de Sant Pere i de Jonqueres. El Pla Cerd\u00e0 no preveia cap pla\u00e7a all\u00e0, i la seva configuraci\u00f3 \u00e9s fruit m\u00e9s de la improvitzaci\u00f3 que d&#8217;altra cosa. Una mala sutura de la frontera, que en realitat mai s&#8217;ha acabat de resoldre i la pla\u00e7a sempre ha tingut un cert aire desangelat. Massa carrers, cotxes i sem\u00e0fors, i massa pocs llocs acollidors per passejar o jugar amb els nens.<\/p>\n<p>De fet primer no tenia ni tan sols nom, tot i que se l&#8217;anomenava Pla\u00e7a Nova de Jonqueres. El 1883 se la va batejar en honor a Jos\u00e9 Mar\u00eda de Urquinaona Bidot, bisbe de Barcelona des de 1878 fins a 1883. Durant la guerra civil se li va canviar el nom a <a href=\"https:\/\/ca.wikipedia.org\/wiki\/Francesc_Ferrer_i_Gu%C3%A0rdia\">Francesc Ferrer i Gu\u00e0rdia<\/a>, pedagog catal\u00e0 impulsor del moviment <a href=\"https:\/\/ca.wikipedia.org\/wiki\/Escola_Moderna\">escola moderna<\/a>. Poca broma amb els seus principis fundacionals escrits el 1906: \u00abL&#8217;educaci\u00f3 de la inf\u00e0ncia ha de fonamentar-se sobre una base cient\u00edfica i racional; en conseq\u00fc\u00e8ncia, cal separar d&#8217;ella tota noci\u00f3 m\u00edstica o sobrenatural\u00bb o \u00ab\u00c9s necessari, sobretot en l&#8217;ensenyament de la primera inf\u00e0ncia, que els programes i els m\u00e8todes estiguin adaptats el m\u00e0xim possible a la psicologia del nen, cosa que gaireb\u00e9 no succeeix enlloc\u00bb. Va morir afusellat al castell de Montju\u00efc el 13 d&#8217;octubre de 1909, acusat d&#8217;haver fomentat precisament la <a href=\"https:\/\/ca.wikipedia.org\/wiki\/Setmana_Tr%C3%A0gica\">Setmana Tr\u00e0gica<\/a> (la de la crema del convent de Sant Pere i tant altres). Si no m&#8217;haguessin posat Francesc per <a href=\"https:\/\/ca.wikipedia.org\/wiki\/Francesc_Layret_i_Foix\">Francesc Layret<\/a>, ho haguessin pogut fer tamb\u00e9 per ell.<\/p>\n<p>Per poder edificar la pla\u00e7a, el 1869 es va enderrocar el convent de Santa Maria de Jonqueres (del segle XIII, per\u00f2 exclaustrat des del 1810), que ocupava tot el solar que ara quedaria tancat per la banda de baix de la Pla\u00e7a (abans arribava fins la muralla), la Via Laietana i el Carrer Jonqueres.<\/p>\n<p><a href=\"http:\/\/www.traba.org\/trabablog\/wp-content\/uploads\/2018\/01\/20180127_164744-e1517068166684.jpg\"><img loading=\"lazy\" decoding=\"async\" class=\"alignnone size-large wp-image-14961\" src=\"http:\/\/www.traba.org\/trabablog\/wp-content\/uploads\/2018\/01\/20180127_164744-e1517068166684-1008x1024.jpg\" alt=\"\" width=\"700\" height=\"711\" srcset=\"http:\/\/traba.org\/trabablog\/wp-content\/uploads\/2018\/01\/20180127_164744-e1517068166684-1008x1024.jpg 1008w, http:\/\/traba.org\/trabablog\/wp-content\/uploads\/2018\/01\/20180127_164744-e1517068166684-295x300.jpg 295w, http:\/\/traba.org\/trabablog\/wp-content\/uploads\/2018\/01\/20180127_164744-e1517068166684-768x780.jpg 768w, http:\/\/traba.org\/trabablog\/wp-content\/uploads\/2018\/01\/20180127_164744-e1517068166684-342x348.jpg 342w, http:\/\/traba.org\/trabablog\/wp-content\/uploads\/2018\/01\/20180127_164744-e1517068166684-688x699.jpg 688w\" sizes=\"auto, (max-width: 700px) 100vw, 700px\" \/><\/a><\/p>\n<p>La Pla\u00e7a de Jonqueres del mapa seria on ara hi ha la que va ser la primera seu de La Caixa (la Caja de Pensiones para la Vejez y de Ahorros). A vegades hi an\u00e0vem amb l&#8217;Eul\u00e0lia, per\u00f2 recordo m\u00e9s la Banca Jov\u00e9, que era una mica m\u00e9s amunt (fa poc hi vam passar i estava en obres per\u00f2 id\u00e8ntica, \u00e9s una oficina antiga i molt xula).<\/p>\n<p><a href=\"http:\/\/www.traba.org\/trabablog\/wp-content\/uploads\/2018\/01\/4892859503_0ce45d8233_o.jpg\"><img loading=\"lazy\" decoding=\"async\" class=\"alignnone size-large wp-image-14963\" src=\"http:\/\/www.traba.org\/trabablog\/wp-content\/uploads\/2018\/01\/4892859503_0ce45d8233_o-1024x683.jpg\" alt=\"\" width=\"700\" height=\"467\" srcset=\"http:\/\/traba.org\/trabablog\/wp-content\/uploads\/2018\/01\/4892859503_0ce45d8233_o-1024x683.jpg 1024w, http:\/\/traba.org\/trabablog\/wp-content\/uploads\/2018\/01\/4892859503_0ce45d8233_o-300x200.jpg 300w, http:\/\/traba.org\/trabablog\/wp-content\/uploads\/2018\/01\/4892859503_0ce45d8233_o-768x512.jpg 768w, http:\/\/traba.org\/trabablog\/wp-content\/uploads\/2018\/01\/4892859503_0ce45d8233_o-600x400.jpg 600w, http:\/\/traba.org\/trabablog\/wp-content\/uploads\/2018\/01\/4892859503_0ce45d8233_o-460x307.jpg 460w, http:\/\/traba.org\/trabablog\/wp-content\/uploads\/2018\/01\/4892859503_0ce45d8233_o-688x459.jpg 688w, http:\/\/traba.org\/trabablog\/wp-content\/uploads\/2018\/01\/4892859503_0ce45d8233_o.jpg 1500w\" sizes=\"auto, (max-width: 700px) 100vw, 700px\" \/><\/a><\/p>\n<p>Aqu\u00ed teniu un foto del convent de 1868, l&#8217;any abans que s&#8217;enderroqu\u00e9s. Semblaria que est\u00e0 feta des d&#8217;un punt similar a l&#8217;anterior, amb el Carrer Jonqueres a la dreta, per\u00f2 v\u00e9s a saber. La palmera va resistir uns anys m\u00e9s en solitari, i Verdaguer li va dedicar un poema a la pobra.<\/p>\n<p><a href=\"http:\/\/www.traba.org\/trabablog\/wp-content\/uploads\/2018\/01\/junqueres-e1517068896530.png\"><img loading=\"lazy\" decoding=\"async\" class=\"alignnone size-large wp-image-14966\" src=\"http:\/\/www.traba.org\/trabablog\/wp-content\/uploads\/2018\/01\/junqueres-e1517068896530.png\" alt=\"\" width=\"700\" height=\"438\" \/><\/a><\/p>\n<p>He dit que el convent es va enderrocar el 1869 per\u00f2 en realitat es va transportar cap al Carrer Arag\u00f3, on despr\u00e9s d&#8217;una reconstrucci\u00f3 m\u00e9s o menys imaginativa, ara \u00e9s l&#8217;Esgl\u00e9sia de la Concepci\u00f3. Es va moure entre 1869 i 1871, i el 1879 se li va afegir el campanar de l&#8217;esgl\u00e9sia de Sant Miquel (n&#8217;hav\u00edem parlat <a href=\"http:\/\/www.traba.org\/trabablog\/?p=12961\">aqu\u00ed<\/a>). El claustre es va instal\u00b7lar el 1888.<\/p>\n<p>Aprofitant la retirada del convent, el 1874 es va obrir el carrer Bilbao que es veu en el mapa anterior, i que correspon al primer tram de l&#8217;actual Via Laietana (Gran Via A del Pla Cerd\u00e0). Abans hi havia una riera (el Torrent de Jonqueres) i es va aprofitar per urbanitzar-la i niciar aix\u00ed l&#8217;obertura de la Via Laietana que es reprendria a comen\u00e7aments de segle. Segons explica l&#8217;Eul\u00e0lia, les germanes del seu pare tenien l&#8217;escola de les Teresianes precisament al Carrer Bilbao, i recordaven el dia que les van traslladar en dilig\u00e8ncia cap a la nova ubicaci\u00f3 a la Diagonal. No m&#8217;acaba de quadrar que les haguessin de moure perqu\u00e8 el carrer desaparegu\u00e9s en crear la Via Laietana, ja que pel que entenc a aquest tram nom\u00e9s se li va canviar el nom en obrir tota la resta.<\/p>\n<p>Molts edificis que hi ha ara a la pla\u00e7a encara s\u00f3n d&#8217;aquella primera \u00e8poca de l&#8217;Eixample, per\u00f2 altres han canviat i no precisament per millorar. En aquesta foto del mateix 1914 es veu la casa a la dreta de tot. A l&#8217;edifici de davant seu, a l&#8217;altra banda de Pau Claris, hi havia hagut una escola dels Maristas al primer pis, i despr\u00e9s l&#8217;empresa Netol.<\/p>\n<p><a href=\"http:\/\/www.traba.org\/trabablog\/wp-content\/uploads\/2018\/01\/prehispania.png\"><img loading=\"lazy\" decoding=\"async\" class=\"alignnone size-full wp-image-14814\" src=\"http:\/\/www.traba.org\/trabablog\/wp-content\/uploads\/2018\/01\/prehispania.png\" alt=\"\" width=\"855\" height=\"661\" srcset=\"http:\/\/traba.org\/trabablog\/wp-content\/uploads\/2018\/01\/prehispania.png 855w, http:\/\/traba.org\/trabablog\/wp-content\/uploads\/2018\/01\/prehispania-300x232.png 300w, http:\/\/traba.org\/trabablog\/wp-content\/uploads\/2018\/01\/prehispania-768x594.png 768w, http:\/\/traba.org\/trabablog\/wp-content\/uploads\/2018\/01\/prehispania-450x348.png 450w, http:\/\/traba.org\/trabablog\/wp-content\/uploads\/2018\/01\/prehispania-688x532.png 688w\" sizes=\"auto, (max-width: 855px) 100vw, 855px\" \/><\/a><\/p>\n<p>De 1924 a 1958 hi va haver les assegurances Hispania (despr\u00e9s Zurich), que hi van instal\u00b7lar un rellotge que sembla que va ser relativament fam\u00f3s.<\/p>\n<p><a href=\"http:\/\/www.traba.org\/trabablog\/wp-content\/uploads\/2018\/01\/urquinaso.png\"><img loading=\"lazy\" decoding=\"async\" class=\"alignnone size-full wp-image-14861\" src=\"http:\/\/www.traba.org\/trabablog\/wp-content\/uploads\/2018\/01\/urquinaso.png\" alt=\"\" width=\"574\" height=\"644\" srcset=\"http:\/\/traba.org\/trabablog\/wp-content\/uploads\/2018\/01\/urquinaso.png 574w, http:\/\/traba.org\/trabablog\/wp-content\/uploads\/2018\/01\/urquinaso-267x300.png 267w, http:\/\/traba.org\/trabablog\/wp-content\/uploads\/2018\/01\/urquinaso-310x348.png 310w\" sizes=\"auto, (max-width: 574px) 100vw, 574px\" \/><\/a><\/p>\n<p>Poc despr\u00e9s es va enderrocar per construir-hi el fant\u00e0stic edifici que hi ha ara&#8230;<\/p>\n<p><a href=\"http:\/\/www.traba.org\/trabablog\/wp-content\/uploads\/2018\/01\/nou.png\"><img loading=\"lazy\" decoding=\"async\" class=\"alignnone size-full wp-image-14860\" src=\"http:\/\/www.traba.org\/trabablog\/wp-content\/uploads\/2018\/01\/nou.png\" alt=\"\" width=\"519\" height=\"546\" srcset=\"http:\/\/traba.org\/trabablog\/wp-content\/uploads\/2018\/01\/nou.png 519w, http:\/\/traba.org\/trabablog\/wp-content\/uploads\/2018\/01\/nou-285x300.png 285w, http:\/\/traba.org\/trabablog\/wp-content\/uploads\/2018\/01\/nou-331x348.png 331w\" sizes=\"auto, (max-width: 519px) 100vw, 519px\" \/><\/a><\/p>\n<p>Un altre edifici desaparegut \u00e9s la casa del Marqu\u00e9s de Sentmenat, de 1882, que es pot veure en aquesta foto de 1890 (foto del bloc Barcelofilia). Per situar-nos, el que queda a la seva dreta \u00e9s la Ronda de Sant Pere en direcci\u00f3 a l&#8217;Arc de Triomf, i a la seva esquerra hi hauria Ausias March.<\/p>\n<p><a href=\"http:\/\/www.traba.org\/trabablog\/wp-content\/uploads\/2018\/01\/urqui.png\"><img loading=\"lazy\" decoding=\"async\" class=\"alignnone size-full wp-image-14846\" src=\"http:\/\/www.traba.org\/trabablog\/wp-content\/uploads\/2018\/01\/urqui.png\" alt=\"\" width=\"907\" height=\"564\" srcset=\"http:\/\/traba.org\/trabablog\/wp-content\/uploads\/2018\/01\/urqui.png 907w, http:\/\/traba.org\/trabablog\/wp-content\/uploads\/2018\/01\/urqui-300x187.png 300w, http:\/\/traba.org\/trabablog\/wp-content\/uploads\/2018\/01\/urqui-768x478.png 768w, http:\/\/traba.org\/trabablog\/wp-content\/uploads\/2018\/01\/urqui-460x286.png 460w, http:\/\/traba.org\/trabablog\/wp-content\/uploads\/2018\/01\/urqui-688x428.png 688w\" sizes=\"auto, (max-width: 907px) 100vw, 907px\" \/><\/a><\/p>\n<p>Si us hi fixeu, darrera seu es veu un descampat, que \u00e9s per on passava la Riera d&#8217;en Malla, una de les m\u00faltiples rieres que baixava de Vallcarca. El seu curs natural baixava pel que ara \u00e9s la Rambla Catalunya i arribava a les portes de la muralla. Amb l&#8217;edificaci\u00f3 de l&#8217;Eixample es va fer necessari canalitzar-la i desviar-la per evitar inundacions en cas de pluja, cosa que es va fer pel carrer Casp per enviar-la cap al Fort Pienc i el Bogatell. Hi ha imatges molt curioses de l&#8217;\u00e8poca, com aquesta foto de 1892 i dibuix de 1895, tots dos davant dels Jesu\u00eftes de Casp (de nou de Barcelofilia, una meravella de bloc).<\/p>\n<p><a href=\"http:\/\/www.traba.org\/trabablog\/wp-content\/uploads\/2018\/01\/xixou.jpg\"><img loading=\"lazy\" decoding=\"async\" class=\"alignnone size-full wp-image-14851\" src=\"http:\/\/www.traba.org\/trabablog\/wp-content\/uploads\/2018\/01\/xixou.jpg\" alt=\"\" width=\"322\" height=\"422\" srcset=\"http:\/\/traba.org\/trabablog\/wp-content\/uploads\/2018\/01\/xixou.jpg 322w, http:\/\/traba.org\/trabablog\/wp-content\/uploads\/2018\/01\/xixou-229x300.jpg 229w, http:\/\/traba.org\/trabablog\/wp-content\/uploads\/2018\/01\/xixou-266x348.jpg 266w\" sizes=\"auto, (max-width: 322px) 100vw, 322px\" \/><\/a><a href=\"http:\/\/www.traba.org\/trabablog\/wp-content\/uploads\/2018\/01\/malla2.png\"><img loading=\"lazy\" decoding=\"async\" class=\"alignnone size-full wp-image-14852\" src=\"http:\/\/www.traba.org\/trabablog\/wp-content\/uploads\/2018\/01\/malla2.png\" alt=\"\" width=\"947\" height=\"523\" srcset=\"http:\/\/traba.org\/trabablog\/wp-content\/uploads\/2018\/01\/malla2.png 947w, http:\/\/traba.org\/trabablog\/wp-content\/uploads\/2018\/01\/malla2-300x166.png 300w, http:\/\/traba.org\/trabablog\/wp-content\/uploads\/2018\/01\/malla2-768x424.png 768w, http:\/\/traba.org\/trabablog\/wp-content\/uploads\/2018\/01\/malla2-460x254.png 460w, http:\/\/traba.org\/trabablog\/wp-content\/uploads\/2018\/01\/malla2-688x380.png 688w\" sizes=\"auto, (max-width: 947px) 100vw, 947px\" \/><\/a><\/p>\n<p>En aquesta imatge de 1905 de la mateixa casa del Marqu\u00e9s de Sentmenat ja no hi havia descampat, suposo que la riera ja s&#8217;havia cobert. L&#8217;edifici que es veu a la seva esquerra, que correspon a la cantonada de Ll\u00faria amb Ausias March, encara existeix. Entre 1891 i 1899 <a href=\"http:\/\/hemeroteca.lavanguardia.com\/preview\/2006\/05\/17\/pagina-7\/34633718\/pdf.html?search=permanyer%20urquinaona%201\">hi va viure<\/a> Joan Maragall, avi del President.<\/p>\n<p><a href=\"http:\/\/www.traba.org\/trabablog\/wp-content\/uploads\/2018\/01\/sentemenaturqui.jpg\"><img loading=\"lazy\" decoding=\"async\" class=\"alignnone size-full wp-image-14847\" src=\"http:\/\/www.traba.org\/trabablog\/wp-content\/uploads\/2018\/01\/sentemenaturqui.jpg\" alt=\"\" width=\"408\" height=\"291\" srcset=\"http:\/\/traba.org\/trabablog\/wp-content\/uploads\/2018\/01\/sentemenaturqui.jpg 408w, http:\/\/traba.org\/trabablog\/wp-content\/uploads\/2018\/01\/sentemenaturqui-300x214.jpg 300w\" sizes=\"auto, (max-width: 408px) 100vw, 408px\" \/><\/a><\/p>\n<p>L&#8217;edifici del Marqu\u00e9s de Sentmenat es va enderrocar el 1974 per construir-hi les oficines que encara hi ha avui en dia. Aqu\u00ed \u00e9s on hi havia Deportes Mart\u00edn.<\/p>\n<p><a href=\"http:\/\/www.traba.org\/trabablog\/wp-content\/uploads\/2018\/01\/martin.png\"><img loading=\"lazy\" decoding=\"async\" class=\"alignnone size-full wp-image-14849\" src=\"http:\/\/www.traba.org\/trabablog\/wp-content\/uploads\/2018\/01\/martin.png\" alt=\"\" width=\"625\" height=\"554\" srcset=\"http:\/\/traba.org\/trabablog\/wp-content\/uploads\/2018\/01\/martin.png 625w, http:\/\/traba.org\/trabablog\/wp-content\/uploads\/2018\/01\/martin-300x266.png 300w, http:\/\/traba.org\/trabablog\/wp-content\/uploads\/2018\/01\/martin-393x348.png 393w\" sizes=\"auto, (max-width: 625px) 100vw, 625px\" \/><\/a><\/p>\n<p>Aquest edifici va m\u00e9s en conjunt amb la torre Urquinaona que t\u00e9 davant, tamb\u00e9 dels anys 70, que no pas amb tota la resta d&#8217;edificis de la pla\u00e7a que encara resisteixen.<\/p>\n<p><a href=\"http:\/\/www.traba.org\/trabablog\/wp-content\/uploads\/2018\/01\/Barcelona_-_Torre_Urquinaona_1.jpg\"><img loading=\"lazy\" decoding=\"async\" class=\"alignnone size-large wp-image-14850\" src=\"http:\/\/www.traba.org\/trabablog\/wp-content\/uploads\/2018\/01\/Barcelona_-_Torre_Urquinaona_1-768x1024.jpg\" alt=\"\" width=\"700\" height=\"933\" srcset=\"http:\/\/traba.org\/trabablog\/wp-content\/uploads\/2018\/01\/Barcelona_-_Torre_Urquinaona_1-768x1024.jpg 768w, http:\/\/traba.org\/trabablog\/wp-content\/uploads\/2018\/01\/Barcelona_-_Torre_Urquinaona_1-225x300.jpg 225w, http:\/\/traba.org\/trabablog\/wp-content\/uploads\/2018\/01\/Barcelona_-_Torre_Urquinaona_1-261x348.jpg 261w, http:\/\/traba.org\/trabablog\/wp-content\/uploads\/2018\/01\/Barcelona_-_Torre_Urquinaona_1-688x917.jpg 688w, http:\/\/traba.org\/trabablog\/wp-content\/uploads\/2018\/01\/Barcelona_-_Torre_Urquinaona_1.jpg 1536w\" sizes=\"auto, (max-width: 700px) 100vw, 700px\" \/><\/a><\/p>\n<p>Per\u00f2 a la pla\u00e7a hi ha un altre gratacels amb m\u00e9s hist\u00f2ria. De fet es considera el primer gratacels de Barcelona, a la cantonada de Jonqueras amb Trafalgar. \u00c9s la casa F\u00e1bregas (res a veure amb la Mireia, que nosaltres sapiguem), que es va comen\u00e7ar a construir el 1936, es va parar durant la guerra i es va acabar el 1944. \u00c9s on hi ha les l\u00e0mpares Abelux. Com a curiositat, entre 1985 i 1987 tamb\u00e9 hi va haver un cine X, l&#8217;Atlanta, on ara hi ha les oficines de renovaci\u00f3 del DNI.<\/p>\n<p><a href=\"http:\/\/www.traba.org\/trabablog\/wp-content\/uploads\/2018\/01\/img_ddusster_20160414-123149_imagenes_lv_otras_fuentes_rasca-158-kcNG-U401086275286DDH-992x558@LaVanguardia-Web.jpg\"><img loading=\"lazy\" decoding=\"async\" class=\"alignnone size-full wp-image-14853\" src=\"http:\/\/www.traba.org\/trabablog\/wp-content\/uploads\/2018\/01\/img_ddusster_20160414-123149_imagenes_lv_otras_fuentes_rasca-158-kcNG-U401086275286DDH-992x558@LaVanguardia-Web.jpg\" alt=\"\" width=\"991\" height=\"558\" srcset=\"http:\/\/traba.org\/trabablog\/wp-content\/uploads\/2018\/01\/img_ddusster_20160414-123149_imagenes_lv_otras_fuentes_rasca-158-kcNG-U401086275286DDH-992x558@LaVanguardia-Web.jpg 991w, http:\/\/traba.org\/trabablog\/wp-content\/uploads\/2018\/01\/img_ddusster_20160414-123149_imagenes_lv_otras_fuentes_rasca-158-kcNG-U401086275286DDH-992x558@LaVanguardia-Web-300x169.jpg 300w, http:\/\/traba.org\/trabablog\/wp-content\/uploads\/2018\/01\/img_ddusster_20160414-123149_imagenes_lv_otras_fuentes_rasca-158-kcNG-U401086275286DDH-992x558@LaVanguardia-Web-768x432.jpg 768w, http:\/\/traba.org\/trabablog\/wp-content\/uploads\/2018\/01\/img_ddusster_20160414-123149_imagenes_lv_otras_fuentes_rasca-158-kcNG-U401086275286DDH-992x558@LaVanguardia-Web-460x259.jpg 460w, http:\/\/traba.org\/trabablog\/wp-content\/uploads\/2018\/01\/img_ddusster_20160414-123149_imagenes_lv_otras_fuentes_rasca-158-kcNG-U401086275286DDH-992x558@LaVanguardia-Web-688x387.jpg 688w\" sizes=\"auto, (max-width: 991px) 100vw, 991px\" \/><\/a><\/p>\n<p>Jo aquest no el recordo, per\u00f2 s\u00ed que tinc molt present el Maryland, a l&#8217;altra banda de la pla\u00e7a. El cine es va inaugurar el 1934 com a Maryland, per\u00f2 durant els anys 40 es va dir Cine Plaza, que els devia sonar m\u00e9s hisp\u00e0nic.<\/p>\n<p><a href=\"http:\/\/www.traba.org\/trabablog\/wp-content\/uploads\/2018\/01\/plaza-gabrielcasasnc.png\"><img loading=\"lazy\" decoding=\"async\" class=\"alignnone size-full wp-image-14855\" src=\"http:\/\/www.traba.org\/trabablog\/wp-content\/uploads\/2018\/01\/plaza-gabrielcasasnc.png\" alt=\"\" width=\"614\" height=\"881\" srcset=\"http:\/\/traba.org\/trabablog\/wp-content\/uploads\/2018\/01\/plaza-gabrielcasasnc.png 614w, http:\/\/traba.org\/trabablog\/wp-content\/uploads\/2018\/01\/plaza-gabrielcasasnc-209x300.png 209w, http:\/\/traba.org\/trabablog\/wp-content\/uploads\/2018\/01\/plaza-gabrielcasasnc-243x348.png 243w\" sizes=\"auto, (max-width: 614px) 100vw, 614px\" \/><\/a><\/p>\n<p>Despr\u00e9s va recuperar el nom i a finals dels 60 va passar a ser de <em>arte y ensayo. <\/em>Entre el 1984 i el 1999 va ser sala X, que \u00e9s el que jo recordo, i tot i que no tenia nom tothom li seguia dient Maryland (evidentment pronunciat <em>maril\u00e1n<\/em>). Ara hi ha un pub irland\u00e8s ple de fumadors. Si a alg\u00fa li interessa el tema de les sales X de Barcelona, <a href=\"https:\/\/vestigiosdebcn.wordpress.com\/2017\/10\/19\/de-cine-porno-a-oficina-del-dni-que-fue-de-las-salas-x-de-barcelona\/\">aqu\u00ed teniu m\u00e9s informaci\u00f3<\/a>.<\/p>\n<p><a href=\"http:\/\/www.traba.org\/trabablog\/wp-content\/uploads\/2018\/01\/001.jpg\"><img loading=\"lazy\" decoding=\"async\" class=\"alignnone size-large wp-image-14856\" src=\"http:\/\/www.traba.org\/trabablog\/wp-content\/uploads\/2018\/01\/001-579x1024.jpg\" alt=\"\" width=\"579\" height=\"1024\" srcset=\"http:\/\/traba.org\/trabablog\/wp-content\/uploads\/2018\/01\/001-579x1024.jpg 579w, http:\/\/traba.org\/trabablog\/wp-content\/uploads\/2018\/01\/001-170x300.jpg 170w, http:\/\/traba.org\/trabablog\/wp-content\/uploads\/2018\/01\/001-768x1358.jpg 768w, http:\/\/traba.org\/trabablog\/wp-content\/uploads\/2018\/01\/001-197x348.jpg 197w, http:\/\/traba.org\/trabablog\/wp-content\/uploads\/2018\/01\/001-688x1216.jpg 688w, http:\/\/traba.org\/trabablog\/wp-content\/uploads\/2018\/01\/001.jpg 905w\" sizes=\"auto, (max-width: 579px) 100vw, 579px\" \/><\/a><\/p>\n<p>Tot aix\u00f2 pel que fa a la superficie de la pla\u00e7a, per\u00f2 sota seu tamb\u00e9 hi ha coses interessants. En primer lloc el metro de l&#8217;actual L4, que es va inaugurar el 1926 com a part del nou ramal del Gran Metro que baixava des de Passeig de Gr\u00e0cia fins a Correus. M&#8217;agrada aquesta foto de les obres, no nom\u00e9s pels andamis sin\u00f3 pels canvis respecte la panor\u00e0mica de 1914: ara apreixen m\u00e9s cotxes on 12 anys abans encara hi havia carruatges de cavalls, s&#8217;ha pavimentat el carrer i la vorera completa, etc. No ho s\u00e9, sembla tot m\u00e9s actual. Els feli\u00e7os anys 20 de nou.<\/p>\n<p><a href=\"http:\/\/www.traba.org\/trabablog\/wp-content\/uploads\/2018\/01\/metro.png\"><img loading=\"lazy\" decoding=\"async\" class=\"alignnone size-full wp-image-14884\" src=\"http:\/\/www.traba.org\/trabablog\/wp-content\/uploads\/2018\/01\/metro.png\" alt=\"\" width=\"999\" height=\"719\" srcset=\"http:\/\/traba.org\/trabablog\/wp-content\/uploads\/2018\/01\/metro.png 999w, http:\/\/traba.org\/trabablog\/wp-content\/uploads\/2018\/01\/metro-300x216.png 300w, http:\/\/traba.org\/trabablog\/wp-content\/uploads\/2018\/01\/metro-768x553.png 768w, http:\/\/traba.org\/trabablog\/wp-content\/uploads\/2018\/01\/metro-460x331.png 460w, http:\/\/traba.org\/trabablog\/wp-content\/uploads\/2018\/01\/metro-688x495.png 688w\" sizes=\"auto, (max-width: 999px) 100vw, 999px\" \/><\/a><\/p>\n<p>Aquesta era la glorieta d&#8217;entrada, foto de 1926.<\/p>\n<p><a href=\"http:\/\/www.traba.org\/trabablog\/wp-content\/uploads\/2018\/01\/urquinaona.png\"><img loading=\"lazy\" decoding=\"async\" class=\"alignnone size-full wp-image-14857\" src=\"http:\/\/www.traba.org\/trabablog\/wp-content\/uploads\/2018\/01\/urquinaona.png\" alt=\"\" width=\"400\" height=\"287\" srcset=\"http:\/\/traba.org\/trabablog\/wp-content\/uploads\/2018\/01\/urquinaona.png 400w, http:\/\/traba.org\/trabablog\/wp-content\/uploads\/2018\/01\/urquinaona-300x215.png 300w\" sizes=\"auto, (max-width: 400px) 100vw, 400px\" \/><\/a><\/p>\n<p>Als anys 60 ja tenia un altre aspecte, per\u00f2 la foto \u00e9s xula (\u00e9s del 62). La glorieta es va acabar desmuntant el 1972, i ara hi ha un quiosc.<\/p>\n<p><a href=\"http:\/\/www.traba.org\/trabablog\/wp-content\/uploads\/2018\/01\/urqui2.png\"><img loading=\"lazy\" decoding=\"async\" class=\"alignnone size-full wp-image-14858\" src=\"http:\/\/www.traba.org\/trabablog\/wp-content\/uploads\/2018\/01\/urqui2.png\" alt=\"\" width=\"400\" height=\"271\" srcset=\"http:\/\/traba.org\/trabablog\/wp-content\/uploads\/2018\/01\/urqui2.png 400w, http:\/\/traba.org\/trabablog\/wp-content\/uploads\/2018\/01\/urqui2-300x203.png 300w\" sizes=\"auto, (max-width: 400px) 100vw, 400px\" \/><\/a><\/p>\n<p>L&#8217;edifici que es veu al fons \u00e9s on ara hi ha el Pans and Company, que recordo que quan era petit es va desmuntar i tornar a construir, mantenint la mateixa fa\u00e7ana. No recordo si es va desmuntar tamb\u00e9 la fa\u00e7ana i es va tornar a muntar pedra a pedra, o si nom\u00e9s es va buidar per dins. L&#8217;Eul\u00e0lia potser ho recorda. All\u00e0 davant hi havia la b\u00fastia on sempre an\u00e0vem a tirar les cartes.<\/p>\n<p>Per Urquinaona tamb\u00e9 passa l&#8217;actual L1, antic Metro Transversal, que el 1926 arribava a Catalunya i el 1932 es va prolongar fins a Arc de Triomf passant per Urquinaona. \u00c9s de les poques entrades de metro que conserva elements modernistes, o potser la \u00fanica des que es va canviar la de Liceu.<\/p>\n<p><a href=\"http:\/\/www.traba.org\/trabablog\/wp-content\/uploads\/2018\/01\/urquinaona11.jpg\"><img loading=\"lazy\" decoding=\"async\" class=\"alignnone size-full wp-image-14886\" src=\"http:\/\/www.traba.org\/trabablog\/wp-content\/uploads\/2018\/01\/urquinaona11.jpg\" alt=\"\" width=\"746\" height=\"974\" srcset=\"http:\/\/traba.org\/trabablog\/wp-content\/uploads\/2018\/01\/urquinaona11.jpg 746w, http:\/\/traba.org\/trabablog\/wp-content\/uploads\/2018\/01\/urquinaona11-230x300.jpg 230w, http:\/\/traba.org\/trabablog\/wp-content\/uploads\/2018\/01\/urquinaona11-267x348.jpg 267w, http:\/\/traba.org\/trabablog\/wp-content\/uploads\/2018\/01\/urquinaona11-688x898.jpg 688w\" sizes=\"auto, (max-width: 746px) 100vw, 746px\" \/><\/a><\/p>\n<p>Tamb\u00e9 recordo els urinaris p\u00fablics que hi havia sota la pla\u00e7a.<\/p>\n<p><a href=\"http:\/\/www.traba.org\/trabablog\/wp-content\/uploads\/2018\/01\/urqui7.png\"><img loading=\"lazy\" decoding=\"async\" class=\"alignnone size-full wp-image-14862\" src=\"http:\/\/www.traba.org\/trabablog\/wp-content\/uploads\/2018\/01\/urqui7.png\" alt=\"\" width=\"521\" height=\"321\" srcset=\"http:\/\/traba.org\/trabablog\/wp-content\/uploads\/2018\/01\/urqui7.png 521w, http:\/\/traba.org\/trabablog\/wp-content\/uploads\/2018\/01\/urqui7-300x185.png 300w, http:\/\/traba.org\/trabablog\/wp-content\/uploads\/2018\/01\/urqui7-460x283.png 460w\" sizes=\"auto, (max-width: 521px) 100vw, 521px\" \/><\/a><\/p>\n<p>Es van inaugurar el 1920, emmarcats en un projecte de soterrament els urinaris per motius de salut p\u00fablica. No nom\u00e9s tenien banys sin\u00f3 tamb\u00e9 dutxes de pagament i incl\u00fas serveis de perruqueria, <em>escribas<\/em>, telefonia, etc.<\/p>\n<p><a href=\"http:\/\/www.traba.org\/trabablog\/wp-content\/uploads\/2018\/01\/lirio.png\"><img loading=\"lazy\" decoding=\"async\" class=\"alignnone size-full wp-image-14863\" src=\"http:\/\/www.traba.org\/trabablog\/wp-content\/uploads\/2018\/01\/lirio.png\" alt=\"\" width=\"832\" height=\"522\" srcset=\"http:\/\/traba.org\/trabablog\/wp-content\/uploads\/2018\/01\/lirio.png 832w, http:\/\/traba.org\/trabablog\/wp-content\/uploads\/2018\/01\/lirio-300x188.png 300w, http:\/\/traba.org\/trabablog\/wp-content\/uploads\/2018\/01\/lirio-768x482.png 768w, http:\/\/traba.org\/trabablog\/wp-content\/uploads\/2018\/01\/lirio-460x289.png 460w, http:\/\/traba.org\/trabablog\/wp-content\/uploads\/2018\/01\/lirio-688x432.png 688w\" sizes=\"auto, (max-width: 832px) 100vw, 832px\" \/><\/a><\/p>\n<p>Durant la guerra van servir de refugi. El 1946 es van restaurar, durant els anys 60 es van suprimir les dutxes, i a partir d&#8217;all\u00e0 va comen\u00e7ar una llarga decad\u00e8ncia (drogues, sexe i no s\u00e9 si rock and roll) fins que es van tancar el 1997. El 2012 es van enderrocar i es va cobrir el soterrani.<\/p>\n<p>Per algun motiu tinc associats aquests urinaris a una tarda que vam anar a veure El Peque\u00f1o Emperador amb la Teresa i l&#8217;Eul\u00e0lia al Cine Borr\u00e0s de la mateixa pla\u00e7a (no s\u00e9 si \u00e9s que vam utilitzar els banys o simplement els vaig veure, que estaven just davant). La pel\u00b7l\u00edcula durava gaireb\u00e9 3h i jo devia tenir uns 10 anys (\u00e9s de 1987), per\u00f2 la veritat \u00e9s que en tinc bon record. Em vaig sentir gran, suposo. El cine s&#8217;havia inaugurat el 1931 com a Cine Urquinaona, des de 1943 es va dir Cine Borr\u00e0s, i des de 1992 \u00e9s el Teatre Borr\u00e0s.<\/p>\n<p>Per acabar, crec recordar que els meus pares m&#8217;explicaven que Urquinaona era un dels llocs on a primera hora s&#8217;agrupaven treballadors en busca de feina per un dia. Passaven camionetes i els anaven seleccionant per treballar a l&#8217;obra o on fos. De nou, a veure si l&#8217;Eul\u00e0lia en sap m\u00e9s coses. Tindr\u00e0s feina fent comentaris \ud83d\ude09<\/p>\n<h6>la pla\u00e7a catalunya<\/h6>\n<p>Abans de l&#8217;enderroc de les muralles, el solar on ara hi ha la Pla\u00e7a Catalunya ja era un lloc de mercats a l&#8217;aire lliure i vida social, d&#8217;on sortien els camins cap a la resta de pobles del Pla de Barcelona. Com en el cas de la Pla\u00e7a Urquinaona, el Pla Cerd\u00e0 no preveia fer-hi cap pla\u00e7a sin\u00f3 terreny edificable, amb la idea de traslladar el nou centre a la Pla\u00e7a de les Gl\u00f2ries. La cosa evidentment no va funcionar, i tant la in\u00e8rcia com les disputes entre propietaris i Ajuntament van fer que durant molts anys la pla\u00e7a fos ocupada per caf\u00e8s, teatres i parades de fira (El Circo Ecuestre, La Pajarera&#8230;).<\/p>\n<p><a href=\"http:\/\/www.traba.org\/trabablog\/wp-content\/uploads\/2018\/01\/cat.png\"><img loading=\"lazy\" decoding=\"async\" class=\"alignnone size-large wp-image-14911\" src=\"http:\/\/www.traba.org\/trabablog\/wp-content\/uploads\/2018\/01\/cat-1024x762.png\" alt=\"\" width=\"700\" height=\"521\" srcset=\"http:\/\/traba.org\/trabablog\/wp-content\/uploads\/2018\/01\/cat-1024x762.png 1024w, http:\/\/traba.org\/trabablog\/wp-content\/uploads\/2018\/01\/cat-300x223.png 300w, http:\/\/traba.org\/trabablog\/wp-content\/uploads\/2018\/01\/cat-768x571.png 768w, http:\/\/traba.org\/trabablog\/wp-content\/uploads\/2018\/01\/cat-460x342.png 460w, http:\/\/traba.org\/trabablog\/wp-content\/uploads\/2018\/01\/cat-688x512.png 688w\" sizes=\"auto, (max-width: 700px) 100vw, 700px\" \/><\/a><\/p>\n<p>La Pla\u00e7a no es va comen\u00e7ar a urbanitzar fins el 1902, i no va adquirir un aspecte similar a l&#8217;actual fins a l&#8217;Exposici\u00f3 de 1929. Per\u00f2 com que des del comen\u00e7ament es va convertir en el centre social de la ciutat, hi ha molt\u00edssimes fotos antigues on apareix. N&#8217;he triat nom\u00e9s algunes curioses, per exemple de l&#8217;hotel Col\u00f3n, que ara est\u00e0 a la Catedral per\u00f2 abans era a la cantonada de la pla\u00e7a amb el Passeig de Gr\u00e0cia. El primer edifici era de 1902.<\/p>\n<p><a href=\"http:\/\/www.traba.org\/trabablog\/wp-content\/uploads\/2018\/01\/agr.jpg\"><img loading=\"lazy\" decoding=\"async\" class=\"alignnone size-full wp-image-14907\" src=\"http:\/\/www.traba.org\/trabablog\/wp-content\/uploads\/2018\/01\/agr.jpg\" alt=\"\" width=\"544\" height=\"447\" srcset=\"http:\/\/traba.org\/trabablog\/wp-content\/uploads\/2018\/01\/agr.jpg 544w, http:\/\/traba.org\/trabablog\/wp-content\/uploads\/2018\/01\/agr-300x247.jpg 300w, http:\/\/traba.org\/trabablog\/wp-content\/uploads\/2018\/01\/agr-424x348.jpg 424w\" sizes=\"auto, (max-width: 544px) 100vw, 544px\" \/><\/a><\/p>\n<p>I el 1918 es va substituir per un altre, que va ser la seu del PSUC durant la guerra.<\/p>\n<p><a href=\"http:\/\/www.traba.org\/trabablog\/wp-content\/uploads\/2018\/01\/011.png\"><img loading=\"lazy\" decoding=\"async\" class=\"alignnone size-full wp-image-14908\" src=\"http:\/\/www.traba.org\/trabablog\/wp-content\/uploads\/2018\/01\/011.png\" alt=\"\" width=\"892\" height=\"601\" srcset=\"http:\/\/traba.org\/trabablog\/wp-content\/uploads\/2018\/01\/011.png 892w, http:\/\/traba.org\/trabablog\/wp-content\/uploads\/2018\/01\/011-300x202.png 300w, http:\/\/traba.org\/trabablog\/wp-content\/uploads\/2018\/01\/011-768x517.png 768w, http:\/\/traba.org\/trabablog\/wp-content\/uploads\/2018\/01\/011-460x310.png 460w, http:\/\/traba.org\/trabablog\/wp-content\/uploads\/2018\/01\/011-688x464.png 688w\" sizes=\"auto, (max-width: 892px) 100vw, 892px\" \/><\/a><\/p>\n<p>L&#8217;edifici es va enderrocar el 1942, i en el mateix solar s&#8217;hi va construir el Banco Espa\u00f1ol de Cr\u00e9dito, m\u00e9s conegut com a Banesto. Ara \u00e9s propietat del senyor de Zara i \u00e9s on hi ha l&#8217;Apple Store, si Lenin aixequ\u00e9s el cap \ud83d\ude09<\/p>\n<p><a href=\"http:\/\/www.traba.org\/trabablog\/wp-content\/uploads\/2018\/01\/2-applestoregracia.jpg\"><img loading=\"lazy\" decoding=\"async\" class=\"alignnone size-full wp-image-14909\" src=\"http:\/\/www.traba.org\/trabablog\/wp-content\/uploads\/2018\/01\/2-applestoregracia.jpg\" alt=\"\" width=\"600\" height=\"375\" srcset=\"http:\/\/traba.org\/trabablog\/wp-content\/uploads\/2018\/01\/2-applestoregracia.jpg 600w, http:\/\/traba.org\/trabablog\/wp-content\/uploads\/2018\/01\/2-applestoregracia-300x188.jpg 300w, http:\/\/traba.org\/trabablog\/wp-content\/uploads\/2018\/01\/2-applestoregracia-460x288.jpg 460w\" sizes=\"auto, (max-width: 600px) 100vw, 600px\" \/><\/a><\/p>\n<p>Un altre edifici important durant la guerra va ser el de la Telef\u00f3nica, que va ser ocupat per la CNT-FAI despr\u00e9s del cop d&#8217;estat. La cosa va acabar com el rosari de l&#8217;aurora amb els <a href=\"https:\/\/ca.wikipedia.org\/wiki\/Fets_de_maig_del_1937\">fets de maig del 37<\/a>.<\/p>\n<p><a href=\"http:\/\/www.traba.org\/trabablog\/wp-content\/uploads\/2018\/01\/abv2-1.png\"><img loading=\"lazy\" decoding=\"async\" class=\"alignnone size-full wp-image-14905\" src=\"http:\/\/www.traba.org\/trabablog\/wp-content\/uploads\/2018\/01\/abv2-1.png\" alt=\"\" width=\"456\" height=\"724\" srcset=\"http:\/\/traba.org\/trabablog\/wp-content\/uploads\/2018\/01\/abv2-1.png 456w, http:\/\/traba.org\/trabablog\/wp-content\/uploads\/2018\/01\/abv2-1-189x300.png 189w, http:\/\/traba.org\/trabablog\/wp-content\/uploads\/2018\/01\/abv2-1-219x348.png 219w\" sizes=\"auto, (max-width: 456px) 100vw, 456px\" \/><\/a><\/p>\n<p>L&#8217;edifici encara existeix (ara hi ha Movistar), tot i que amb una c\u00fapula diferent i ampliat cap a Fontanella.<\/p>\n<p><a href=\"http:\/\/www.traba.org\/trabablog\/wp-content\/uploads\/2018\/01\/Vista_general_del_edificio_hist\u00f3rico_de_la_Telef\u00f3nica.jpg\"><img loading=\"lazy\" decoding=\"async\" class=\"size-large wp-image-14916\" src=\"http:\/\/www.traba.org\/trabablog\/wp-content\/uploads\/2018\/01\/Vista_general_del_edificio_hist\u00f3rico_de_la_Telef\u00f3nica-768x1024.jpg\" alt=\"\" width=\"700\" height=\"933\" srcset=\"http:\/\/traba.org\/trabablog\/wp-content\/uploads\/2018\/01\/Vista_general_del_edificio_hist\u00f3rico_de_la_Telef\u00f3nica-768x1024.jpg 768w, http:\/\/traba.org\/trabablog\/wp-content\/uploads\/2018\/01\/Vista_general_del_edificio_hist\u00f3rico_de_la_Telef\u00f3nica-225x300.jpg 225w, http:\/\/traba.org\/trabablog\/wp-content\/uploads\/2018\/01\/Vista_general_del_edificio_hist\u00f3rico_de_la_Telef\u00f3nica-261x348.jpg 261w, http:\/\/traba.org\/trabablog\/wp-content\/uploads\/2018\/01\/Vista_general_del_edificio_hist\u00f3rico_de_la_Telef\u00f3nica-688x917.jpg 688w\" sizes=\"auto, (max-width: 700px) 100vw, 700px\" \/><\/a><\/p>\n<p>Aix\u00ed vam acabar, amb l&#8217;entrada del general Yag\u00fce i l&#8217;ex\u00e8rcit nacional el gener de 1939. Quina foto m\u00e9s trista, darrera es veu l&#8217;Hotel Col\u00f3n.<\/p>\n<p><a href=\"http:\/\/www.traba.org\/trabablog\/wp-content\/uploads\/2018\/01\/yague.png\"><img loading=\"lazy\" decoding=\"async\" class=\"alignnone size-full wp-image-14906\" src=\"http:\/\/www.traba.org\/trabablog\/wp-content\/uploads\/2018\/01\/yague.png\" alt=\"\" width=\"676\" height=\"478\" srcset=\"http:\/\/traba.org\/trabablog\/wp-content\/uploads\/2018\/01\/yague.png 676w, http:\/\/traba.org\/trabablog\/wp-content\/uploads\/2018\/01\/yague-300x212.png 300w, http:\/\/traba.org\/trabablog\/wp-content\/uploads\/2018\/01\/yague-460x325.png 460w\" sizes=\"auto, (max-width: 676px) 100vw, 676px\" \/><\/a><\/p>\n<p>De petit an\u00e0vem relativament sovint a la Pla\u00e7a Catalunya, sobretot amb l&#8217;Eul\u00e0lia. Recordo comprar al supermercat del Corte Ingl\u00e9s, quan encara estava a la vuitena planta (crec). Els grans magatzems es van inaugurar el 1962 amb una \u00fanica finca, per\u00f2 ja de 8 plantes, 2 soterranis i la seva fa\u00e7ana gris.<\/p>\n<p><a href=\"http:\/\/www.traba.org\/trabablog\/wp-content\/uploads\/2018\/01\/20jun88.png\"><img loading=\"lazy\" decoding=\"async\" class=\"alignnone size-full wp-image-14898\" src=\"http:\/\/www.traba.org\/trabablog\/wp-content\/uploads\/2018\/01\/20jun88.png\" alt=\"\" width=\"717\" height=\"478\" srcset=\"http:\/\/traba.org\/trabablog\/wp-content\/uploads\/2018\/01\/20jun88.png 717w, http:\/\/traba.org\/trabablog\/wp-content\/uploads\/2018\/01\/20jun88-300x200.png 300w, http:\/\/traba.org\/trabablog\/wp-content\/uploads\/2018\/01\/20jun88-600x400.png 600w, http:\/\/traba.org\/trabablog\/wp-content\/uploads\/2018\/01\/20jun88-460x307.png 460w, http:\/\/traba.org\/trabablog\/wp-content\/uploads\/2018\/01\/20jun88-688x459.png 688w\" sizes=\"auto, (max-width: 717px) 100vw, 717px\" \/><\/a><\/p>\n<p>Poc a poc es van anar ampliant: el 1966 es va obrir l&#8217;entrada a la Ronda de Sant Pere i el 1970 la central del Passeig de Gr\u00e0cia. Aquest \u00e9s l&#8217;aspecte que recordo de petit; no va ser fins els anys 90 que es va afegir Fontanella i es va canviar la fa\u00e7ana per l&#8217;actual, a m\u00e9s d&#8217;afegir les Galerias Preciados (o <a href=\"https:\/\/ca.wikipedia.org\/wiki\/Casa_Jorba_(Barcelona)\">Can Jorba<\/a>) del Portal de l&#8217;\u00c0ngel..<\/p>\n<p><a href=\"http:\/\/www.traba.org\/trabablog\/wp-content\/uploads\/2018\/01\/safa.jpg\"><img loading=\"lazy\" decoding=\"async\" class=\"alignnone size-full wp-image-14900\" src=\"http:\/\/www.traba.org\/trabablog\/wp-content\/uploads\/2018\/01\/safa.jpg\" alt=\"\" width=\"529\" height=\"537\" srcset=\"http:\/\/traba.org\/trabablog\/wp-content\/uploads\/2018\/01\/safa.jpg 529w, http:\/\/traba.org\/trabablog\/wp-content\/uploads\/2018\/01\/safa-296x300.jpg 296w, http:\/\/traba.org\/trabablog\/wp-content\/uploads\/2018\/01\/safa-343x348.jpg 343w\" sizes=\"auto, (max-width: 529px) 100vw, 529px\" \/><\/a><\/p>\n<p>Durant uns anys van fer decoracions nadalenques espectaculars, recordo sobretot aquest Gulliver de 1986. Tinc la sensaci\u00f3 d&#8217;haver-hi anat amb l&#8217;Eul\u00e0lia i de tenir una multitud al voltant, per\u00f2 sent petit v\u00e9s a saber, igual \u00e9rem 4 \ud83d\ude09<\/p>\n<p><a href=\"http:\/\/www.traba.org\/trabablog\/wp-content\/uploads\/2018\/01\/780_008_4656997_f9c657f270186b80e4b4596e4e3999a4.jpg\"><img loading=\"lazy\" decoding=\"async\" class=\"size-full wp-image-14895\" src=\"http:\/\/www.traba.org\/trabablog\/wp-content\/uploads\/2018\/01\/780_008_4656997_f9c657f270186b80e4b4596e4e3999a4.jpg\" alt=\"\" width=\"800\" height=\"503\" srcset=\"http:\/\/traba.org\/trabablog\/wp-content\/uploads\/2018\/01\/780_008_4656997_f9c657f270186b80e4b4596e4e3999a4.jpg 800w, http:\/\/traba.org\/trabablog\/wp-content\/uploads\/2018\/01\/780_008_4656997_f9c657f270186b80e4b4596e4e3999a4-300x189.jpg 300w, http:\/\/traba.org\/trabablog\/wp-content\/uploads\/2018\/01\/780_008_4656997_f9c657f270186b80e4b4596e4e3999a4-768x483.jpg 768w, http:\/\/traba.org\/trabablog\/wp-content\/uploads\/2018\/01\/780_008_4656997_f9c657f270186b80e4b4596e4e3999a4-460x289.jpg 460w, http:\/\/traba.org\/trabablog\/wp-content\/uploads\/2018\/01\/780_008_4656997_f9c657f270186b80e4b4596e4e3999a4-688x433.jpg 688w\" sizes=\"auto, (max-width: 800px) 100vw, 800px\" \/><\/a><\/p>\n<p>No s\u00e9 si recordeu que abans, davant del que ara \u00e9s l&#8217;entrada de Fontanella, hi havia un pas subterrani que permetia creuar cap al Banc d&#8217;Espanya. Recordo passar-hi de tant en tant, un lloc no especialment net.<\/p>\n<p><a href=\"http:\/\/www.traba.org\/trabablog\/wp-content\/uploads\/2018\/01\/supri.png\"><img loading=\"lazy\" decoding=\"async\" class=\"alignnone size-full wp-image-14944\" src=\"http:\/\/www.traba.org\/trabablog\/wp-content\/uploads\/2018\/01\/supri.png\" alt=\"\" width=\"916\" height=\"655\" srcset=\"http:\/\/traba.org\/trabablog\/wp-content\/uploads\/2018\/01\/supri.png 916w, http:\/\/traba.org\/trabablog\/wp-content\/uploads\/2018\/01\/supri-300x215.png 300w, http:\/\/traba.org\/trabablog\/wp-content\/uploads\/2018\/01\/supri-768x549.png 768w, http:\/\/traba.org\/trabablog\/wp-content\/uploads\/2018\/01\/supri-460x329.png 460w, http:\/\/traba.org\/trabablog\/wp-content\/uploads\/2018\/01\/supri-688x492.png 688w\" sizes=\"auto, (max-width: 916px) 100vw, 916px\" \/><\/a><\/p>\n<p>Per\u00f2 el que m\u00e9s m&#8217;agradava de la Pla\u00e7a Catalunya no era ni el Corte Ingl\u00e9s ni donar menjar els coloms (que a vegades ho f\u00e8iem), sin\u00f3 anar amb l&#8217;Eul\u00e0lia a veure \u00a0els peixos que hi havia al costat de La Caixa del carrer Rivadeneyra (sempre m&#8217;ha agradat aquest nom). Ara ja no hi s\u00f3n, per\u00f2 la pla\u00e7a de darrera segueix sent un lloc molt tranquil al costat de Santa Anna, del segle XII (restaurada despr\u00e9s de ser incendiada durant la guerra, una constant de Barcelona). Ha sigut tradicionalment l&#8217;esgl\u00e9sia de la fam\u00edlia, almenys pels funerals (a missa anaven a l&#8217;Ajuda).<\/p>\n<p><a href=\"http:\/\/www.traba.org\/trabablog\/wp-content\/uploads\/2018\/01\/parroquia-santa-anna-barcelona.jpg\"><img loading=\"lazy\" decoding=\"async\" class=\"alignnone size-full wp-image-14902\" src=\"http:\/\/www.traba.org\/trabablog\/wp-content\/uploads\/2018\/01\/parroquia-santa-anna-barcelona.jpg\" alt=\"\" width=\"662\" height=\"1000\" srcset=\"http:\/\/traba.org\/trabablog\/wp-content\/uploads\/2018\/01\/parroquia-santa-anna-barcelona.jpg 662w, http:\/\/traba.org\/trabablog\/wp-content\/uploads\/2018\/01\/parroquia-santa-anna-barcelona-199x300.jpg 199w, http:\/\/traba.org\/trabablog\/wp-content\/uploads\/2018\/01\/parroquia-santa-anna-barcelona-230x348.jpg 230w\" sizes=\"auto, (max-width: 662px) 100vw, 662px\" \/><\/a><\/p>\n<p>L&#8217;ou com balla \u00e9s un bon moment per visitar-la. Al Carrer Santa Anna compr\u00e0vem els peixos (de peixera, no de paella) amb els meus pares.<\/p>\n<p><a href=\"http:\/\/www.traba.org\/trabablog\/wp-content\/uploads\/2017\/06\/IMG_20170615_135417-1024x768.jpg\"><img loading=\"lazy\" decoding=\"async\" class=\"alignnone size-large wp-image-12931\" src=\"http:\/\/www.traba.org\/trabablog\/wp-content\/uploads\/2017\/06\/IMG_20170615_135417-1024x768.jpg\" alt=\"\" width=\"700\" height=\"525\" srcset=\"http:\/\/traba.org\/trabablog\/wp-content\/uploads\/2017\/06\/IMG_20170615_135417-1024x768.jpg 1024w, http:\/\/traba.org\/trabablog\/wp-content\/uploads\/2017\/06\/IMG_20170615_135417-300x225.jpg 300w, http:\/\/traba.org\/trabablog\/wp-content\/uploads\/2017\/06\/IMG_20170615_135417-768x576.jpg 768w, http:\/\/traba.org\/trabablog\/wp-content\/uploads\/2017\/06\/IMG_20170615_135417-460x345.jpg 460w, http:\/\/traba.org\/trabablog\/wp-content\/uploads\/2017\/06\/IMG_20170615_135417-688x516.jpg 688w\" sizes=\"auto, (max-width: 700px) 100vw, 700px\" \/><\/a><\/p>\n<p>A la cantonada de Pla\u00e7a Catalunya amb Rivadeneyra s&#8217;hi va construir la casa l&#8217;indi\u00e0 Agust\u00edn Goytisolo quan va tornar de Cuba, tot i que ell era de Lekeitio.<\/p>\n<p><a href=\"http:\/\/www.traba.org\/trabablog\/wp-content\/uploads\/2018\/01\/goyti1.png\"><img loading=\"lazy\" decoding=\"async\" class=\"alignnone size-full wp-image-14903\" src=\"http:\/\/www.traba.org\/trabablog\/wp-content\/uploads\/2018\/01\/goyti1.png\" alt=\"\" width=\"804\" height=\"630\" srcset=\"http:\/\/traba.org\/trabablog\/wp-content\/uploads\/2018\/01\/goyti1.png 804w, http:\/\/traba.org\/trabablog\/wp-content\/uploads\/2018\/01\/goyti1-300x235.png 300w, http:\/\/traba.org\/trabablog\/wp-content\/uploads\/2018\/01\/goyti1-768x602.png 768w, http:\/\/traba.org\/trabablog\/wp-content\/uploads\/2018\/01\/goyti1-444x348.png 444w, http:\/\/traba.org\/trabablog\/wp-content\/uploads\/2018\/01\/goyti1-688x539.png 688w\" sizes=\"auto, (max-width: 804px) 100vw, 804px\" \/><\/a><\/p>\n<p>Com haureu endevinat era avantpassat del poeta Jos\u00e9 Agust\u00edn, concretament el seu <a href=\"http:\/\/www.euskalnet.net\/laviana\/gen_bascas\/goitisolo.html\">besavi<\/a>. Sempre sembla tenir un poema per cada moment:<\/p>\n<p><em>A ti te ocurre algo<\/em><br \/>\n<em>yo entiendo de esas cosas<\/em><br \/>\n<em>pues siempre est\u00e1s hablando<\/em><br \/>\n<em>de gente ya olvidada<\/em><br \/>\n<em>de calles lejan\u00edsimas<\/em><br \/>\n<em>de huelgas de tranv\u00edas<\/em><br \/>\n<em>&#8230;<\/em><\/p>\n<p>A la resta de versos no hi arribar\u00e9 \ud83d\ude09<\/p>\n<p><iframe loading=\"lazy\" title=\"PACO IB\u00c1\u00d1EZ: A TI TE OCURRE ALGO\" width=\"952\" height=\"714\" src=\"https:\/\/www.youtube.com\/embed\/Srlbl1baC0c?feature=oembed\" frameborder=\"0\" allow=\"accelerometer; autoplay; clipboard-write; encrypted-media; gyroscope; picture-in-picture\" allowfullscreen><\/iframe><\/p>\n<p>L&#8217;edifici ja no existeix, despr\u00e9s hi va haver el Banco Vizcaya i \u00e9s on ara hi ha el Hard Rock Cafe. Justament davant seu hi havia una sortida de metro que vaig utilitzar cada dia durant molts anys, per\u00f2 d&#8217;aix\u00f2 ja en parlarem en un altre post. La sortida la van tancar el 1992, per\u00f2 recordo que ens divert\u00edem fent parar l&#8217;escala mec\u00e0nica posant un duro en vertical en un dels esglaons. Quines coses.<\/p>\n<p><a href=\"http:\/\/www.traba.org\/trabablog\/wp-content\/uploads\/2018\/01\/rivadeneia.png\"><img loading=\"lazy\" decoding=\"async\" class=\"alignnone size-full wp-image-14914\" src=\"http:\/\/www.traba.org\/trabablog\/wp-content\/uploads\/2018\/01\/rivadeneia.png\" alt=\"\" width=\"627\" height=\"585\" srcset=\"http:\/\/traba.org\/trabablog\/wp-content\/uploads\/2018\/01\/rivadeneia.png 627w, http:\/\/traba.org\/trabablog\/wp-content\/uploads\/2018\/01\/rivadeneia-300x280.png 300w, http:\/\/traba.org\/trabablog\/wp-content\/uploads\/2018\/01\/rivadeneia-373x348.png 373w\" sizes=\"auto, (max-width: 627px) 100vw, 627px\" \/><\/a><\/p>\n<p>En realitat Rivadeneyra tenia la sortida del Banco Vizcaya per\u00f2 tamb\u00e9 una altra davant del Banco Central (ara \u00e9s del Corte Ingl\u00e9s). El maig de 1981 s&#8217;hi va produir un <a href=\"https:\/\/ca.wikipedia.org\/wiki\/Assalt_al_Banco_Central\">atracament molt fam\u00f3s<\/a> amb m\u00e9s de 300 hostatges i que va durar un dia i mig. B\u00e9, dic atracament per\u00f2 mai va quedar clar si era aix\u00f2 o un intent de robatori de documents comprometedors del 23F. Tot i que nom\u00e9s tenia 4 anys em sembla recordar-ho, i ho tinc associat als GEO. Per\u00f2 v\u00e9s a saber, segurament en dev\u00edem parlar quan ja era m\u00e9s gran i m&#8217;ha quedat gravat aquest record. El mateix em passa amb el cop d&#8217;estat, que tinc la sensaci\u00f3 de sentir-ho per la r\u00e0dio a la tribuna d&#8217;Urquinaona, per\u00f2 \u00e9s dif\u00edcil que realment ho recordi.<\/p>\n<p><a href=\"http:\/\/www.traba.org\/trabablog\/wp-content\/uploads\/2018\/01\/054_Antic_Banc_Central_pl._Catalunya.jpg\"><img loading=\"lazy\" decoding=\"async\" class=\"alignnone size-large wp-image-14945\" src=\"http:\/\/www.traba.org\/trabablog\/wp-content\/uploads\/2018\/01\/054_Antic_Banc_Central_pl._Catalunya-1024x808.jpg\" alt=\"\" width=\"700\" height=\"552\" srcset=\"http:\/\/traba.org\/trabablog\/wp-content\/uploads\/2018\/01\/054_Antic_Banc_Central_pl._Catalunya-1024x808.jpg 1024w, http:\/\/traba.org\/trabablog\/wp-content\/uploads\/2018\/01\/054_Antic_Banc_Central_pl._Catalunya-300x237.jpg 300w, http:\/\/traba.org\/trabablog\/wp-content\/uploads\/2018\/01\/054_Antic_Banc_Central_pl._Catalunya-768x606.jpg 768w, http:\/\/traba.org\/trabablog\/wp-content\/uploads\/2018\/01\/054_Antic_Banc_Central_pl._Catalunya-441x348.jpg 441w, http:\/\/traba.org\/trabablog\/wp-content\/uploads\/2018\/01\/054_Antic_Banc_Central_pl._Catalunya-688x543.jpg 688w\" sizes=\"auto, (max-width: 700px) 100vw, 700px\" \/><\/a><\/p>\n<p>Est\u00e0 clar que hi ha un patr\u00f3 de substituci\u00f3 de grans bancs per grans marques comercials (el diner canvia de m\u00e0&#8230;). De Banesto a Apple Store, de Banco Central a Corte Ingl\u00e9s, de Banco Bilbao (despr\u00e9s BBVA, l&#8217;edifici del rellotge que fa voltes) a Zara, de Banco Vizcaya a Hard Rock o de Caja Madrid a Desigual. Nom\u00e9s resisteix el Banc d&#8217;Espanya, per\u00f2 tiempo al tiempo. Aix\u00ed ja podem passar de Passeig de Gr\u00e0cia a Portal de l&#8217;\u00c0ngel sense parar de consumir, tot i que el centre de la pla\u00e7a segueix bastant desangelat (una barreja de turistes, coloms i gent que dorm i fa vida per all\u00e0).<\/p>\n<p>A tot aix\u00f2 li hem d&#8217;afegir el Triangle amb l&#8217;FNAC o Urban Outfitters. Es va inaugurar el 1998, enduent-se per davant per exemple el Cine Vergara. Sembla que el cine s&#8217;havia d&#8217;inaugurar l&#8217;estiu de 1936, per\u00f2 en esclatar la guerra el va ocupar la CNT. Durant aquell temps es va anomenar Cine Ascaso, en honor a l&#8217;anarquista <a href=\"https:\/\/es.wikipedia.org\/wiki\/Francisco_Ascaso\">Francisco Ascaso<\/a>, un aragon\u00e8s que va morir el 20 de juliol de 1936 durant l&#8217;assalt de la CNT al quartel de Drassanes. El cine va reobrir el 5 de febrer de 1939 ja com a Vergara, pocs dies despr\u00e9s de l&#8217;entrada de l&#8217;ex\u00e8rcit nacional a Barcelona. Jo no el recordo, per\u00f2 per les fotos era molt xulo<\/p>\n<p><a href=\"http:\/\/www.traba.org\/trabablog\/wp-content\/uploads\/2018\/01\/vergara-1.jpg\"><img loading=\"lazy\" decoding=\"async\" class=\"alignnone size-large wp-image-14951\" src=\"http:\/\/www.traba.org\/trabablog\/wp-content\/uploads\/2018\/01\/vergara-1.jpg\" alt=\"\" width=\"230\" height=\"298\" \/><\/a><\/p>\n<p><img loading=\"lazy\" decoding=\"async\" class=\"alignnone size-full wp-image-14950\" src=\"http:\/\/www.traba.org\/trabablog\/wp-content\/uploads\/2018\/01\/ascaso.png\" alt=\"\" width=\"822\" height=\"580\" srcset=\"http:\/\/traba.org\/trabablog\/wp-content\/uploads\/2018\/01\/ascaso.png 822w, http:\/\/traba.org\/trabablog\/wp-content\/uploads\/2018\/01\/ascaso-300x212.png 300w, http:\/\/traba.org\/trabablog\/wp-content\/uploads\/2018\/01\/ascaso-768x542.png 768w, http:\/\/traba.org\/trabablog\/wp-content\/uploads\/2018\/01\/ascaso-460x325.png 460w, http:\/\/traba.org\/trabablog\/wp-content\/uploads\/2018\/01\/ascaso-688x485.png 688w\" sizes=\"auto, (max-width: 822px) 100vw, 822px\" \/><\/p>\n<p>En canvi s\u00ed que havia anat al videoclub Vergara. Recordo la primera vegada, que em devia impressionar. Acab\u00e0vem de comprar el nostre primer VHS (crec que amb la meva mare i el Poly en un Makro de la Zona Franca), i vam anar amb els meus pares a llogar Psicosis i algun altre cl\u00e0ssic. Em sembla recordar que durant el cam\u00ed a casa em van fer <em>spoiler<\/em> \ud83d\ude09 El videoclub va tancar a finals dels 90, i ara hi ha un hotel.<\/p>\n<p><a href=\"http:\/\/www.traba.org\/trabablog\/wp-content\/uploads\/2018\/01\/vergara.jpg\"><img loading=\"lazy\" decoding=\"async\" class=\"alignnone size-full wp-image-14949\" src=\"http:\/\/www.traba.org\/trabablog\/wp-content\/uploads\/2018\/01\/vergara.jpg\" alt=\"\" width=\"543\" height=\"349\" srcset=\"http:\/\/traba.org\/trabablog\/wp-content\/uploads\/2018\/01\/vergara.jpg 543w, http:\/\/traba.org\/trabablog\/wp-content\/uploads\/2018\/01\/vergara-300x193.jpg 300w, http:\/\/traba.org\/trabablog\/wp-content\/uploads\/2018\/01\/vergara-460x296.jpg 460w\" sizes=\"auto, (max-width: 543px) 100vw, 543px\" \/><\/a><\/p>\n<p>Sota del que ara \u00e9s el Triangle hi havia hagut l&#8217;Avenida de la Luz, una galeria comercial subterr\u00e0nia per sota del carrer Pelai. Es va inaugurar l&#8217;any 1940, i era un passad\u00eds de 175 metres amb botigues, cinema, salons recreatius, etc. La idea era encara m\u00e9s ambiciosa, perqu\u00e8 es volia crear una Ciudad de la Luz que arrib\u00e9s fins a Pla\u00e7a Urquinaona, per\u00f2 no es va arriba a fer. La veritat \u00e9s que jo no recordo haver-hi anat mai.<\/p>\n<p><a href=\"http:\/\/www.traba.org\/trabablog\/wp-content\/uploads\/2018\/01\/1985-750x393.jpeg\"><img loading=\"lazy\" decoding=\"async\" class=\"alignnone size-full wp-image-14954\" src=\"http:\/\/www.traba.org\/trabablog\/wp-content\/uploads\/2018\/01\/1985-750x393.jpeg\" alt=\"\" width=\"750\" height=\"393\" srcset=\"http:\/\/traba.org\/trabablog\/wp-content\/uploads\/2018\/01\/1985-750x393.jpeg 750w, http:\/\/traba.org\/trabablog\/wp-content\/uploads\/2018\/01\/1985-750x393-300x157.jpeg 300w, http:\/\/traba.org\/trabablog\/wp-content\/uploads\/2018\/01\/1985-750x393-460x241.jpeg 460w, http:\/\/traba.org\/trabablog\/wp-content\/uploads\/2018\/01\/1985-750x393-688x361.jpeg 688w\" sizes=\"auto, (max-width: 750px) 100vw, 750px\" \/><\/a><\/p>\n<p>Poc a poc va anar perdent <em>glamour<\/em>, i a partir dels anys 70 va comen\u00e7ar la seva decad\u00e8ncia, una mica com els urinaris d&#8217;Urquinaona. Cada cop hi havia menys botigues, el cinema es va convertir en sala X i en general va ser un lloc de mala vida fins que es va tancar el 1990. Les parelles de columnes (on s&#8217;exposaven mostres del que es venia a les botigues) encara es conserven al soterrani del Triangle, a la botiga de perfums Sephora.<\/p>\n<p><a href=\"http:\/\/www.traba.org\/trabablog\/wp-content\/uploads\/2018\/01\/Sephora08.jpeg\"><img loading=\"lazy\" decoding=\"async\" class=\"alignnone size-full wp-image-14955\" src=\"http:\/\/www.traba.org\/trabablog\/wp-content\/uploads\/2018\/01\/Sephora08.jpeg\" alt=\"\" width=\"768\" height=\"576\" srcset=\"http:\/\/traba.org\/trabablog\/wp-content\/uploads\/2018\/01\/Sephora08.jpeg 768w, http:\/\/traba.org\/trabablog\/wp-content\/uploads\/2018\/01\/Sephora08-300x225.jpeg 300w, http:\/\/traba.org\/trabablog\/wp-content\/uploads\/2018\/01\/Sephora08-460x345.jpeg 460w, http:\/\/traba.org\/trabablog\/wp-content\/uploads\/2018\/01\/Sephora08-688x516.jpeg 688w\" sizes=\"auto, (max-width: 768px) 100vw, 768px\" \/><\/a><\/p>\n<p>I fins aqu\u00ed el post, que m&#8217;ha quedat llarguet. Us deixo amb la canc\u00f3 que el Loquillo li va dedicar a l&#8217;Avenida de la Luz!<\/p>\n<p><iframe loading=\"lazy\" title=\"Loquillo Y Los Trogloditas - Avenida De La Luz\" width=\"952\" height=\"714\" src=\"https:\/\/www.youtube.com\/embed\/4rR7H3WIC94?feature=oembed\" frameborder=\"0\" allow=\"accelerometer; autoplay; clipboard-write; encrypted-media; gyroscope; picture-in-picture\" allowfullscreen><\/iframe><\/p>\n","protected":false},"excerpt":{"rendered":"<p>Bona part de la meva inf\u00e0ncia va transc\u00f3rrer als voltants de la Ronda de Sant Pere, el carrer on vaig n\u00e9ixer. Quan dic que hi vaig n\u00e9ixer ho dic literalment,&#8230;<\/p>\n","protected":false},"author":2,"featured_media":14781,"comment_status":"open","ping_status":"open","sticky":false,"template":"","format":"standard","meta":{"_monsterinsights_skip_tracking":false,"_monsterinsights_sitenote_active":false,"_monsterinsights_sitenote_note":"","_monsterinsights_sitenote_category":0,"footnotes":""},"categories":[129],"tags":[130],"class_list":["post-14790","post","type-post","status-publish","format-standard","has-post-thumbnail","hentry","category-histories","tag-histories"],"_links":{"self":[{"href":"http:\/\/traba.org\/trabablog\/index.php?rest_route=\/wp\/v2\/posts\/14790","targetHints":{"allow":["GET"]}}],"collection":[{"href":"http:\/\/traba.org\/trabablog\/index.php?rest_route=\/wp\/v2\/posts"}],"about":[{"href":"http:\/\/traba.org\/trabablog\/index.php?rest_route=\/wp\/v2\/types\/post"}],"author":[{"embeddable":true,"href":"http:\/\/traba.org\/trabablog\/index.php?rest_route=\/wp\/v2\/users\/2"}],"replies":[{"embeddable":true,"href":"http:\/\/traba.org\/trabablog\/index.php?rest_route=%2Fwp%2Fv2%2Fcomments&post=14790"}],"version-history":[{"count":113,"href":"http:\/\/traba.org\/trabablog\/index.php?rest_route=\/wp\/v2\/posts\/14790\/revisions"}],"predecessor-version":[{"id":14996,"href":"http:\/\/traba.org\/trabablog\/index.php?rest_route=\/wp\/v2\/posts\/14790\/revisions\/14996"}],"wp:featuredmedia":[{"embeddable":true,"href":"http:\/\/traba.org\/trabablog\/index.php?rest_route=\/wp\/v2\/media\/14781"}],"wp:attachment":[{"href":"http:\/\/traba.org\/trabablog\/index.php?rest_route=%2Fwp%2Fv2%2Fmedia&parent=14790"}],"wp:term":[{"taxonomy":"category","embeddable":true,"href":"http:\/\/traba.org\/trabablog\/index.php?rest_route=%2Fwp%2Fv2%2Fcategories&post=14790"},{"taxonomy":"post_tag","embeddable":true,"href":"http:\/\/traba.org\/trabablog\/index.php?rest_route=%2Fwp%2Fv2%2Ftags&post=14790"}],"curies":[{"name":"wp","href":"https:\/\/api.w.org\/{rel}","templated":true}]}}