{"id":14921,"date":"2018-01-25T15:35:26","date_gmt":"2018-01-25T14:35:26","guid":{"rendered":"http:\/\/www.traba.org\/trabablog\/?p=14921"},"modified":"2018-01-25T15:35:26","modified_gmt":"2018-01-25T14:35:26","slug":"histories-de-la-nostra-feina-iii-primeres-imatges-en-exclusiva","status":"publish","type":"post","link":"http:\/\/traba.org\/trabablog\/?p=14921","title":{"rendered":"hist\u00f2ries de la nostra feina (III): primeres imatges en exclusiva"},"content":{"rendered":"<p>En el <a href=\"http:\/\/www.traba.org\/trabablog\/?p=12955\">primer post<\/a> que vaig fer sobre les hist\u00f2ries de la nostra feina, vaig deixar escrit que no havia trobat cap imatge del primer edifici que va ocupar la nostra cantonada. Parlo del que es va enderrocar el 1901 per construir la Casa Bonet, que \u00e9s la que va ser destru\u00efda per la bomba del Coliseum el 1938.<\/p>\n<p>Per\u00f2 fullejant un <a href=\"https:\/\/www.casadellibro.com\/libro-el-quadrat-d-or-centro-de-la-barcelona-modernista-ed-bilingue\/9788477826866\/826373\">llibre<\/a> que em va deixar l&#8217;Eul\u00e0lia, he trobat aquesta foto de la Pla\u00e7a Universitat de l&#8217;any 1888.<\/p>\n<p><a href=\"http:\/\/www.traba.org\/trabablog\/wp-content\/uploads\/2018\/01\/first.png\"><img loading=\"lazy\" decoding=\"async\" class=\"alignnone size-large wp-image-14922\" src=\"http:\/\/www.traba.org\/trabablog\/wp-content\/uploads\/2018\/01\/first-1024x785.png\" alt=\"\" width=\"700\" height=\"537\" srcset=\"http:\/\/traba.org\/trabablog\/wp-content\/uploads\/2018\/01\/first-1024x785.png 1024w, http:\/\/traba.org\/trabablog\/wp-content\/uploads\/2018\/01\/first-300x230.png 300w, http:\/\/traba.org\/trabablog\/wp-content\/uploads\/2018\/01\/first-768x589.png 768w, http:\/\/traba.org\/trabablog\/wp-content\/uploads\/2018\/01\/first-454x348.png 454w, http:\/\/traba.org\/trabablog\/wp-content\/uploads\/2018\/01\/first-688x527.png 688w\" sizes=\"auto, (max-width: 700px) 100vw, 700px\" \/><\/a><\/p>\n<p>Encara que sigui de lluny, oi que sembla que es vegi un edifici a la nostra cantonada? Sembla ocupar tota la cantonada i el que ara seria Balmes 20.<\/p>\n<p>Est\u00e0 clar que no hi era mentre es constru\u00efa la Universitat (1863-1882), tot i que no s\u00e9 la data de la foto.<\/p>\n<p><a href=\"http:\/\/www.traba.org\/trabablog\/wp-content\/uploads\/2017\/08\/Edifici_de_la_Universitat_de_Barcelona_en_construccio\u0301._Al_fons_els_primers_edificis_de_l\u2019_Eixample..jpg\"><img loading=\"lazy\" decoding=\"async\" class=\"alignnone size-large wp-image-14059\" src=\"http:\/\/www.traba.org\/trabablog\/wp-content\/uploads\/2017\/08\/Edifici_de_la_Universitat_de_Barcelona_en_construccio\u0301._Al_fons_els_primers_edificis_de_l\u2019_Eixample.-1024x426.jpg\" alt=\"\" width=\"700\" height=\"291\" srcset=\"http:\/\/traba.org\/trabablog\/wp-content\/uploads\/2017\/08\/Edifici_de_la_Universitat_de_Barcelona_en_construccio\u0301._Al_fons_els_primers_edificis_de_l\u2019_Eixample.-1024x426.jpg 1024w, http:\/\/traba.org\/trabablog\/wp-content\/uploads\/2017\/08\/Edifici_de_la_Universitat_de_Barcelona_en_construccio\u0301._Al_fons_els_primers_edificis_de_l\u2019_Eixample.-300x125.jpg 300w, http:\/\/traba.org\/trabablog\/wp-content\/uploads\/2017\/08\/Edifici_de_la_Universitat_de_Barcelona_en_construccio\u0301._Al_fons_els_primers_edificis_de_l\u2019_Eixample.-768x319.jpg 768w, http:\/\/traba.org\/trabablog\/wp-content\/uploads\/2017\/08\/Edifici_de_la_Universitat_de_Barcelona_en_construccio\u0301._Al_fons_els_primers_edificis_de_l\u2019_Eixample.-460x191.jpg 460w, http:\/\/traba.org\/trabablog\/wp-content\/uploads\/2017\/08\/Edifici_de_la_Universitat_de_Barcelona_en_construccio\u0301._Al_fons_els_primers_edificis_de_l\u2019_Eixample.-688x286.jpg 688w\" sizes=\"auto, (max-width: 700px) 100vw, 700px\" \/><\/a><\/p>\n<p>I tamb\u00e9 est\u00e0 clar que no \u00e9s la casa Bonet, i que no hi havia encara l&#8217;edifici de <a href=\"https:\/\/ca.wikipedia.org\/wiki\/Companyia_de_Gas_Lebon\">Gas Lebon<\/a> de l&#8217;altra banda de Balmes (\u00e9s del 1894-1896).<\/p>\n<p><a href=\"http:\/\/www.traba.org\/trabablog\/wp-content\/uploads\/2017\/08\/bonet-4.png\"><img loading=\"lazy\" decoding=\"async\" class=\"alignnone size-full wp-image-13710\" src=\"http:\/\/www.traba.org\/trabablog\/wp-content\/uploads\/2017\/08\/bonet-4.png\" alt=\"\" width=\"833\" height=\"556\" srcset=\"http:\/\/traba.org\/trabablog\/wp-content\/uploads\/2017\/08\/bonet-4.png 833w, http:\/\/traba.org\/trabablog\/wp-content\/uploads\/2017\/08\/bonet-4-300x200.png 300w, http:\/\/traba.org\/trabablog\/wp-content\/uploads\/2017\/08\/bonet-4-768x513.png 768w, http:\/\/traba.org\/trabablog\/wp-content\/uploads\/2017\/08\/bonet-4-600x400.png 600w, http:\/\/traba.org\/trabablog\/wp-content\/uploads\/2017\/08\/bonet-4-460x307.png 460w, http:\/\/traba.org\/trabablog\/wp-content\/uploads\/2017\/08\/bonet-4-688x459.png 688w\" sizes=\"auto, (max-width: 833px) 100vw, 833px\" \/><\/a><\/p>\n<p>Per tant jo diria que l&#8217;hem trobat!<\/p>\n","protected":false},"excerpt":{"rendered":"<p>En el primer post que vaig fer sobre les hist\u00f2ries de la nostra feina, vaig deixar escrit que no havia trobat cap imatge del primer edifici que va ocupar la&#8230;<\/p>\n","protected":false},"author":2,"featured_media":14922,"comment_status":"open","ping_status":"open","sticky":false,"template":"","format":"standard","meta":{"_monsterinsights_skip_tracking":false,"_monsterinsights_sitenote_active":false,"_monsterinsights_sitenote_note":"","_monsterinsights_sitenote_category":0,"footnotes":""},"categories":[129],"tags":[130],"class_list":["post-14921","post","type-post","status-publish","format-standard","has-post-thumbnail","hentry","category-histories","tag-histories"],"_links":{"self":[{"href":"http:\/\/traba.org\/trabablog\/index.php?rest_route=\/wp\/v2\/posts\/14921","targetHints":{"allow":["GET"]}}],"collection":[{"href":"http:\/\/traba.org\/trabablog\/index.php?rest_route=\/wp\/v2\/posts"}],"about":[{"href":"http:\/\/traba.org\/trabablog\/index.php?rest_route=\/wp\/v2\/types\/post"}],"author":[{"embeddable":true,"href":"http:\/\/traba.org\/trabablog\/index.php?rest_route=\/wp\/v2\/users\/2"}],"replies":[{"embeddable":true,"href":"http:\/\/traba.org\/trabablog\/index.php?rest_route=%2Fwp%2Fv2%2Fcomments&post=14921"}],"version-history":[{"count":7,"href":"http:\/\/traba.org\/trabablog\/index.php?rest_route=\/wp\/v2\/posts\/14921\/revisions"}],"predecessor-version":[{"id":14938,"href":"http:\/\/traba.org\/trabablog\/index.php?rest_route=\/wp\/v2\/posts\/14921\/revisions\/14938"}],"wp:featuredmedia":[{"embeddable":true,"href":"http:\/\/traba.org\/trabablog\/index.php?rest_route=\/wp\/v2\/media\/14922"}],"wp:attachment":[{"href":"http:\/\/traba.org\/trabablog\/index.php?rest_route=%2Fwp%2Fv2%2Fmedia&parent=14921"}],"wp:term":[{"taxonomy":"category","embeddable":true,"href":"http:\/\/traba.org\/trabablog\/index.php?rest_route=%2Fwp%2Fv2%2Fcategories&post=14921"},{"taxonomy":"post_tag","embeddable":true,"href":"http:\/\/traba.org\/trabablog\/index.php?rest_route=%2Fwp%2Fv2%2Ftags&post=14921"}],"curies":[{"name":"wp","href":"https:\/\/api.w.org\/{rel}","templated":true}]}}