{"id":15005,"date":"2018-03-11T18:17:50","date_gmt":"2018-03-11T17:17:50","guid":{"rendered":"http:\/\/www.traba.org\/trabablog\/?p=15005"},"modified":"2018-03-11T18:18:33","modified_gmt":"2018-03-11T17:18:33","slug":"el-felix","status":"publish","type":"post","link":"http:\/\/traba.org\/trabablog\/?p=15005","title":{"rendered":"el f\u00e8lix"},"content":{"rendered":"<p>El dimecres 7 de mar\u00e7 va n\u00e9ixer el F\u00e8lix \ud83d\ude42<\/p>\n<p><img loading=\"lazy\" decoding=\"async\" class=\"aligncenter size-large wp-image-15007\" src=\"http:\/\/www.traba.org\/trabablog\/wp-content\/uploads\/2018\/03\/IMG_7600-1024x768.jpg\" alt=\"\" width=\"700\" height=\"525\" srcset=\"http:\/\/traba.org\/trabablog\/wp-content\/uploads\/2018\/03\/IMG_7600-1024x768.jpg 1024w, http:\/\/traba.org\/trabablog\/wp-content\/uploads\/2018\/03\/IMG_7600-300x225.jpg 300w, http:\/\/traba.org\/trabablog\/wp-content\/uploads\/2018\/03\/IMG_7600-768x576.jpg 768w, http:\/\/traba.org\/trabablog\/wp-content\/uploads\/2018\/03\/IMG_7600-460x345.jpg 460w, http:\/\/traba.org\/trabablog\/wp-content\/uploads\/2018\/03\/IMG_7600-688x516.jpg 688w\" sizes=\"auto, (max-width: 700px) 100vw, 700px\" \/><\/p>\n<p>4,6 kg de nen, com el seu <a href=\"http:\/\/www.traba.org\/trabablog\/?p=10333\">germ\u00e0<\/a>, tot i que amb menys gana que el Bruno.<\/p>\n<p><img loading=\"lazy\" decoding=\"async\" class=\"aligncenter size-large wp-image-15009\" src=\"http:\/\/www.traba.org\/trabablog\/wp-content\/uploads\/2018\/03\/IMG_7617-e1520775015445-768x1024.jpg\" alt=\"\" width=\"700\" height=\"933\" srcset=\"http:\/\/traba.org\/trabablog\/wp-content\/uploads\/2018\/03\/IMG_7617-e1520775015445-768x1024.jpg 768w, http:\/\/traba.org\/trabablog\/wp-content\/uploads\/2018\/03\/IMG_7617-e1520775015445-225x300.jpg 225w, http:\/\/traba.org\/trabablog\/wp-content\/uploads\/2018\/03\/IMG_7617-e1520775015445-261x348.jpg 261w, http:\/\/traba.org\/trabablog\/wp-content\/uploads\/2018\/03\/IMG_7617-e1520775015445-688x917.jpg 688w\" sizes=\"auto, (max-width: 700px) 100vw, 700px\" \/><\/p>\n<p>i bastanta m\u00e9s son.<\/p>\n<p><img loading=\"lazy\" decoding=\"async\" class=\"aligncenter size-large wp-image-15010\" src=\"http:\/\/www.traba.org\/trabablog\/wp-content\/uploads\/2018\/03\/IMG_7622-e1520775105576-1024x1024.jpg\" alt=\"\" width=\"700\" height=\"700\" srcset=\"http:\/\/traba.org\/trabablog\/wp-content\/uploads\/2018\/03\/IMG_7622-e1520775105576-1024x1024.jpg 1024w, http:\/\/traba.org\/trabablog\/wp-content\/uploads\/2018\/03\/IMG_7622-e1520775105576-150x150.jpg 150w, http:\/\/traba.org\/trabablog\/wp-content\/uploads\/2018\/03\/IMG_7622-e1520775105576-300x300.jpg 300w, http:\/\/traba.org\/trabablog\/wp-content\/uploads\/2018\/03\/IMG_7622-e1520775105576-768x768.jpg 768w, http:\/\/traba.org\/trabablog\/wp-content\/uploads\/2018\/03\/IMG_7622-e1520775105576-200x200.jpg 200w, http:\/\/traba.org\/trabablog\/wp-content\/uploads\/2018\/03\/IMG_7622-e1520775105576-348x348.jpg 348w, http:\/\/traba.org\/trabablog\/wp-content\/uploads\/2018\/03\/IMG_7622-e1520775105576-688x688.jpg 688w\" sizes=\"auto, (max-width: 700px) 100vw, 700px\" \/><\/p>\n<p><img loading=\"lazy\" decoding=\"async\" class=\"aligncenter size-large wp-image-15011\" src=\"http:\/\/www.traba.org\/trabablog\/wp-content\/uploads\/2018\/03\/IMG_7624-e1520775182803-1024x768.jpg\" alt=\"\" width=\"700\" height=\"525\" srcset=\"http:\/\/traba.org\/trabablog\/wp-content\/uploads\/2018\/03\/IMG_7624-e1520775182803-1024x768.jpg 1024w, http:\/\/traba.org\/trabablog\/wp-content\/uploads\/2018\/03\/IMG_7624-e1520775182803-300x225.jpg 300w, http:\/\/traba.org\/trabablog\/wp-content\/uploads\/2018\/03\/IMG_7624-e1520775182803-768x576.jpg 768w, http:\/\/traba.org\/trabablog\/wp-content\/uploads\/2018\/03\/IMG_7624-e1520775182803-460x345.jpg 460w, http:\/\/traba.org\/trabablog\/wp-content\/uploads\/2018\/03\/IMG_7624-e1520775182803-688x516.jpg 688w\" sizes=\"auto, (max-width: 700px) 100vw, 700px\" \/><\/p>\n<p><img loading=\"lazy\" decoding=\"async\" class=\"aligncenter size-large wp-image-15017\" src=\"http:\/\/www.traba.org\/trabablog\/wp-content\/uploads\/2018\/03\/20180309_111502-1024x768.jpg\" alt=\"\" width=\"700\" height=\"525\" srcset=\"http:\/\/traba.org\/trabablog\/wp-content\/uploads\/2018\/03\/20180309_111502-1024x768.jpg 1024w, http:\/\/traba.org\/trabablog\/wp-content\/uploads\/2018\/03\/20180309_111502-300x225.jpg 300w, http:\/\/traba.org\/trabablog\/wp-content\/uploads\/2018\/03\/20180309_111502-768x576.jpg 768w, http:\/\/traba.org\/trabablog\/wp-content\/uploads\/2018\/03\/20180309_111502-460x345.jpg 460w, http:\/\/traba.org\/trabablog\/wp-content\/uploads\/2018\/03\/20180309_111502-688x516.jpg 688w\" sizes=\"auto, (max-width: 700px) 100vw, 700px\" \/><\/p>\n<p><img loading=\"lazy\" decoding=\"async\" class=\"aligncenter size-large wp-image-15021\" src=\"http:\/\/www.traba.org\/trabablog\/wp-content\/uploads\/2018\/03\/IMG_7653-e1520776065448-768x1024.jpg\" alt=\"\" width=\"700\" height=\"933\" srcset=\"http:\/\/traba.org\/trabablog\/wp-content\/uploads\/2018\/03\/IMG_7653-e1520776065448-768x1024.jpg 768w, http:\/\/traba.org\/trabablog\/wp-content\/uploads\/2018\/03\/IMG_7653-e1520776065448-225x300.jpg 225w, http:\/\/traba.org\/trabablog\/wp-content\/uploads\/2018\/03\/IMG_7653-e1520776065448-261x348.jpg 261w, http:\/\/traba.org\/trabablog\/wp-content\/uploads\/2018\/03\/IMG_7653-e1520776065448-688x917.jpg 688w\" sizes=\"auto, (max-width: 700px) 100vw, 700px\" \/><\/p>\n<p><img loading=\"lazy\" decoding=\"async\" class=\"aligncenter size-large wp-image-15031\" src=\"http:\/\/www.traba.org\/trabablog\/wp-content\/uploads\/2018\/03\/20180310_193335-e1520788197397-768x1024.jpg\" alt=\"\" width=\"700\" height=\"933\" srcset=\"http:\/\/traba.org\/trabablog\/wp-content\/uploads\/2018\/03\/20180310_193335-e1520788197397-768x1024.jpg 768w, http:\/\/traba.org\/trabablog\/wp-content\/uploads\/2018\/03\/20180310_193335-e1520788197397-225x300.jpg 225w, http:\/\/traba.org\/trabablog\/wp-content\/uploads\/2018\/03\/20180310_193335-e1520788197397-261x348.jpg 261w, http:\/\/traba.org\/trabablog\/wp-content\/uploads\/2018\/03\/20180310_193335-e1520788197397-688x917.jpg 688w\" sizes=\"auto, (max-width: 700px) 100vw, 700px\" \/><\/p>\n<p>i per no variar, va n\u00e9ixer a la maternitat.<\/p>\n<p><img loading=\"lazy\" decoding=\"async\" class=\"aligncenter size-large wp-image-15012\" src=\"http:\/\/www.traba.org\/trabablog\/wp-content\/uploads\/2018\/03\/20180308_111602-1024x768.jpg\" alt=\"\" width=\"700\" height=\"525\" srcset=\"http:\/\/traba.org\/trabablog\/wp-content\/uploads\/2018\/03\/20180308_111602-1024x768.jpg 1024w, http:\/\/traba.org\/trabablog\/wp-content\/uploads\/2018\/03\/20180308_111602-300x225.jpg 300w, http:\/\/traba.org\/trabablog\/wp-content\/uploads\/2018\/03\/20180308_111602-768x576.jpg 768w, http:\/\/traba.org\/trabablog\/wp-content\/uploads\/2018\/03\/20180308_111602-460x345.jpg 460w, http:\/\/traba.org\/trabablog\/wp-content\/uploads\/2018\/03\/20180308_111602-688x516.jpg 688w\" sizes=\"auto, (max-width: 700px) 100vw, 700px\" \/><\/p>\n<p><img loading=\"lazy\" decoding=\"async\" class=\"aligncenter size-large wp-image-15013\" src=\"http:\/\/www.traba.org\/trabablog\/wp-content\/uploads\/2018\/03\/DSCF7876-1024x680.jpg\" alt=\"\" width=\"700\" height=\"465\" srcset=\"http:\/\/traba.org\/trabablog\/wp-content\/uploads\/2018\/03\/DSCF7876-1024x680.jpg 1024w, http:\/\/traba.org\/trabablog\/wp-content\/uploads\/2018\/03\/DSCF7876-300x199.jpg 300w, http:\/\/traba.org\/trabablog\/wp-content\/uploads\/2018\/03\/DSCF7876-768x510.jpg 768w, http:\/\/traba.org\/trabablog\/wp-content\/uploads\/2018\/03\/DSCF7876-600x400.jpg 600w, http:\/\/traba.org\/trabablog\/wp-content\/uploads\/2018\/03\/DSCF7876-460x306.jpg 460w, http:\/\/traba.org\/trabablog\/wp-content\/uploads\/2018\/03\/DSCF7876-688x457.jpg 688w\" sizes=\"auto, (max-width: 700px) 100vw, 700px\" \/><\/p>\n<p>La Lola, la doblement germana gran, coneixent al F\u00e8lix.<\/p>\n<p><img loading=\"lazy\" decoding=\"async\" class=\"aligncenter size-large wp-image-15015\" src=\"http:\/\/www.traba.org\/trabablog\/wp-content\/uploads\/2018\/03\/20180308_143325-1024x768.jpg\" alt=\"\" width=\"700\" height=\"525\" srcset=\"http:\/\/traba.org\/trabablog\/wp-content\/uploads\/2018\/03\/20180308_143325-1024x768.jpg 1024w, http:\/\/traba.org\/trabablog\/wp-content\/uploads\/2018\/03\/20180308_143325-300x225.jpg 300w, http:\/\/traba.org\/trabablog\/wp-content\/uploads\/2018\/03\/20180308_143325-768x576.jpg 768w, http:\/\/traba.org\/trabablog\/wp-content\/uploads\/2018\/03\/20180308_143325-460x345.jpg 460w, http:\/\/traba.org\/trabablog\/wp-content\/uploads\/2018\/03\/20180308_143325-688x516.jpg 688w\" sizes=\"auto, (max-width: 700px) 100vw, 700px\" \/><\/p>\n<p><img loading=\"lazy\" decoding=\"async\" class=\"aligncenter wp-image-15016 size-large\" src=\"http:\/\/www.traba.org\/trabablog\/wp-content\/uploads\/2018\/03\/IMG_7635-e1520775693762-768x1024.jpg\" alt=\"\" width=\"700\" height=\"933\" srcset=\"http:\/\/traba.org\/trabablog\/wp-content\/uploads\/2018\/03\/IMG_7635-e1520775693762-768x1024.jpg 768w, http:\/\/traba.org\/trabablog\/wp-content\/uploads\/2018\/03\/IMG_7635-e1520775693762-225x300.jpg 225w, http:\/\/traba.org\/trabablog\/wp-content\/uploads\/2018\/03\/IMG_7635-e1520775693762-261x348.jpg 261w, http:\/\/traba.org\/trabablog\/wp-content\/uploads\/2018\/03\/IMG_7635-e1520775693762-688x917.jpg 688w\" sizes=\"auto, (max-width: 700px) 100vw, 700px\" \/><\/p>\n<p>i els companys de la lola de SFN, li van fer un regal al F\u00e8lix: cada nen li va fer un dibuix i ens el van regalar \ud83d\ude42 un gran detall perl F\u00e8lix, i per tota la fam\u00edlia!<\/p>\n<p><img loading=\"lazy\" decoding=\"async\" class=\"aligncenter size-large wp-image-15022\" src=\"http:\/\/www.traba.org\/trabablog\/wp-content\/uploads\/2018\/03\/20180309_182346-1024x768.jpg\" alt=\"\" width=\"700\" height=\"525\" srcset=\"http:\/\/traba.org\/trabablog\/wp-content\/uploads\/2018\/03\/20180309_182346-1024x768.jpg 1024w, http:\/\/traba.org\/trabablog\/wp-content\/uploads\/2018\/03\/20180309_182346-300x225.jpg 300w, http:\/\/traba.org\/trabablog\/wp-content\/uploads\/2018\/03\/20180309_182346-768x576.jpg 768w, http:\/\/traba.org\/trabablog\/wp-content\/uploads\/2018\/03\/20180309_182346-460x345.jpg 460w, http:\/\/traba.org\/trabablog\/wp-content\/uploads\/2018\/03\/20180309_182346-688x516.jpg 688w\" sizes=\"auto, (max-width: 700px) 100vw, 700px\" \/><\/p>\n<p>I ara \u00e9s el Bruno que coneix al F\u00e8lix.<\/p>\n<p><img loading=\"lazy\" decoding=\"async\" class=\"aligncenter size-large wp-image-15018\" src=\"http:\/\/www.traba.org\/trabablog\/wp-content\/uploads\/2018\/03\/20180309_164116-1024x768.jpg\" alt=\"\" width=\"700\" height=\"525\" srcset=\"http:\/\/traba.org\/trabablog\/wp-content\/uploads\/2018\/03\/20180309_164116-1024x768.jpg 1024w, http:\/\/traba.org\/trabablog\/wp-content\/uploads\/2018\/03\/20180309_164116-300x225.jpg 300w, http:\/\/traba.org\/trabablog\/wp-content\/uploads\/2018\/03\/20180309_164116-768x576.jpg 768w, http:\/\/traba.org\/trabablog\/wp-content\/uploads\/2018\/03\/20180309_164116-460x345.jpg 460w, http:\/\/traba.org\/trabablog\/wp-content\/uploads\/2018\/03\/20180309_164116-688x516.jpg 688w\" sizes=\"auto, (max-width: 700px) 100vw, 700px\" \/><\/p>\n<p><img loading=\"lazy\" decoding=\"async\" class=\"aligncenter size-large wp-image-15019\" src=\"http:\/\/www.traba.org\/trabablog\/wp-content\/uploads\/2018\/03\/20180309_165037-1024x768.jpg\" alt=\"\" width=\"700\" height=\"525\" srcset=\"http:\/\/traba.org\/trabablog\/wp-content\/uploads\/2018\/03\/20180309_165037-1024x768.jpg 1024w, http:\/\/traba.org\/trabablog\/wp-content\/uploads\/2018\/03\/20180309_165037-300x225.jpg 300w, http:\/\/traba.org\/trabablog\/wp-content\/uploads\/2018\/03\/20180309_165037-768x576.jpg 768w, http:\/\/traba.org\/trabablog\/wp-content\/uploads\/2018\/03\/20180309_165037-460x345.jpg 460w, http:\/\/traba.org\/trabablog\/wp-content\/uploads\/2018\/03\/20180309_165037-688x516.jpg 688w\" sizes=\"auto, (max-width: 700px) 100vw, 700px\" \/><\/p>\n<p><img loading=\"lazy\" decoding=\"async\" class=\"aligncenter size-large wp-image-15020\" src=\"http:\/\/www.traba.org\/trabablog\/wp-content\/uploads\/2018\/03\/20180309_165053-1024x768.jpg\" alt=\"\" width=\"700\" height=\"525\" srcset=\"http:\/\/traba.org\/trabablog\/wp-content\/uploads\/2018\/03\/20180309_165053-1024x768.jpg 1024w, http:\/\/traba.org\/trabablog\/wp-content\/uploads\/2018\/03\/20180309_165053-300x225.jpg 300w, http:\/\/traba.org\/trabablog\/wp-content\/uploads\/2018\/03\/20180309_165053-768x576.jpg 768w, http:\/\/traba.org\/trabablog\/wp-content\/uploads\/2018\/03\/20180309_165053-460x345.jpg 460w, http:\/\/traba.org\/trabablog\/wp-content\/uploads\/2018\/03\/20180309_165053-688x516.jpg 688w\" sizes=\"auto, (max-width: 700px) 100vw, 700px\" \/><\/p>\n<p>i ja vestits de carrer per anar a casa.<\/p>\n<p><img loading=\"lazy\" decoding=\"async\" class=\"aligncenter size-large wp-image-15023\" src=\"http:\/\/www.traba.org\/trabablog\/wp-content\/uploads\/2018\/03\/20180310_131104-e1520776324652-768x1024.jpg\" alt=\"\" width=\"700\" height=\"933\" srcset=\"http:\/\/traba.org\/trabablog\/wp-content\/uploads\/2018\/03\/20180310_131104-e1520776324652-768x1024.jpg 768w, http:\/\/traba.org\/trabablog\/wp-content\/uploads\/2018\/03\/20180310_131104-e1520776324652-225x300.jpg 225w, http:\/\/traba.org\/trabablog\/wp-content\/uploads\/2018\/03\/20180310_131104-e1520776324652-261x348.jpg 261w, http:\/\/traba.org\/trabablog\/wp-content\/uploads\/2018\/03\/20180310_131104-e1520776324652-688x917.jpg 688w\" sizes=\"auto, (max-width: 700px) 100vw, 700px\" \/><\/p>\n<p>i nom\u00e9s arribar a casa, ja tenim la foto cl\u00e0ssica amb el cuco de la m\u00e8ncia que no s\u00e9 quants nens ha vist passar.<\/p>\n<p><img loading=\"lazy\" decoding=\"async\" class=\"aligncenter size-large wp-image-15024\" src=\"http:\/\/www.traba.org\/trabablog\/wp-content\/uploads\/2018\/03\/20180310_143536-e1520776446722-768x1024.jpg\" alt=\"\" width=\"700\" height=\"933\" srcset=\"http:\/\/traba.org\/trabablog\/wp-content\/uploads\/2018\/03\/20180310_143536-e1520776446722-768x1024.jpg 768w, http:\/\/traba.org\/trabablog\/wp-content\/uploads\/2018\/03\/20180310_143536-e1520776446722-225x300.jpg 225w, http:\/\/traba.org\/trabablog\/wp-content\/uploads\/2018\/03\/20180310_143536-e1520776446722-261x348.jpg 261w, http:\/\/traba.org\/trabablog\/wp-content\/uploads\/2018\/03\/20180310_143536-e1520776446722-688x917.jpg 688w\" sizes=\"auto, (max-width: 700px) 100vw, 700px\" \/><\/p>\n<p>el Bruno esta tot el dia fent car\u00edcies i petons al F\u00e8lix.<\/p>\n<p><img loading=\"lazy\" decoding=\"async\" class=\"aligncenter size-large wp-image-15025\" src=\"http:\/\/www.traba.org\/trabablog\/wp-content\/uploads\/2018\/03\/20180310_143541-e1520776521665-768x1024.jpg\" alt=\"\" width=\"700\" height=\"933\" srcset=\"http:\/\/traba.org\/trabablog\/wp-content\/uploads\/2018\/03\/20180310_143541-e1520776521665-768x1024.jpg 768w, http:\/\/traba.org\/trabablog\/wp-content\/uploads\/2018\/03\/20180310_143541-e1520776521665-225x300.jpg 225w, http:\/\/traba.org\/trabablog\/wp-content\/uploads\/2018\/03\/20180310_143541-e1520776521665-261x348.jpg 261w, http:\/\/traba.org\/trabablog\/wp-content\/uploads\/2018\/03\/20180310_143541-e1520776521665-688x917.jpg 688w\" sizes=\"auto, (max-width: 700px) 100vw, 700px\" \/><\/p>\n<p><img loading=\"lazy\" decoding=\"async\" class=\"aligncenter size-large wp-image-15026\" src=\"http:\/\/www.traba.org\/trabablog\/wp-content\/uploads\/2018\/03\/20180310_143551-e1520776573690-768x1024.jpg\" alt=\"\" width=\"700\" height=\"933\" srcset=\"http:\/\/traba.org\/trabablog\/wp-content\/uploads\/2018\/03\/20180310_143551-e1520776573690-768x1024.jpg 768w, http:\/\/traba.org\/trabablog\/wp-content\/uploads\/2018\/03\/20180310_143551-e1520776573690-225x300.jpg 225w, http:\/\/traba.org\/trabablog\/wp-content\/uploads\/2018\/03\/20180310_143551-e1520776573690-261x348.jpg 261w, http:\/\/traba.org\/trabablog\/wp-content\/uploads\/2018\/03\/20180310_143551-e1520776573690-688x917.jpg 688w\" sizes=\"auto, (max-width: 700px) 100vw, 700px\" \/><\/p>\n<p><img loading=\"lazy\" decoding=\"async\" class=\"aligncenter size-large wp-image-15027\" src=\"http:\/\/www.traba.org\/trabablog\/wp-content\/uploads\/2018\/03\/20180310_143559-e1520776630809-768x1024.jpg\" alt=\"\" width=\"700\" height=\"933\" srcset=\"http:\/\/traba.org\/trabablog\/wp-content\/uploads\/2018\/03\/20180310_143559-e1520776630809-768x1024.jpg 768w, http:\/\/traba.org\/trabablog\/wp-content\/uploads\/2018\/03\/20180310_143559-e1520776630809-225x300.jpg 225w, http:\/\/traba.org\/trabablog\/wp-content\/uploads\/2018\/03\/20180310_143559-e1520776630809-261x348.jpg 261w, http:\/\/traba.org\/trabablog\/wp-content\/uploads\/2018\/03\/20180310_143559-e1520776630809-688x917.jpg 688w\" sizes=\"auto, (max-width: 700px) 100vw, 700px\" \/><\/p>\n<p><img loading=\"lazy\" decoding=\"async\" class=\"aligncenter size-large wp-image-15029\" src=\"http:\/\/www.traba.org\/trabablog\/wp-content\/uploads\/2018\/03\/IMG_7676-e1520788031929-768x1024.jpg\" alt=\"\" width=\"700\" height=\"933\" srcset=\"http:\/\/traba.org\/trabablog\/wp-content\/uploads\/2018\/03\/IMG_7676-e1520788031929-768x1024.jpg 768w, http:\/\/traba.org\/trabablog\/wp-content\/uploads\/2018\/03\/IMG_7676-e1520788031929-225x300.jpg 225w, http:\/\/traba.org\/trabablog\/wp-content\/uploads\/2018\/03\/IMG_7676-e1520788031929-261x348.jpg 261w, http:\/\/traba.org\/trabablog\/wp-content\/uploads\/2018\/03\/IMG_7676-e1520788031929-688x917.jpg 688w\" sizes=\"auto, (max-width: 700px) 100vw, 700px\" \/><\/p>\n<p>i la lola tamb\u00e9, entre altres coses m\u00e9s originals.<\/p>\n<p>smile \ud83d\ude42<\/p>\n<p><img loading=\"lazy\" decoding=\"async\" class=\"aligncenter size-large wp-image-15028\" src=\"http:\/\/www.traba.org\/trabablog\/wp-content\/uploads\/2018\/03\/20180310_161432-e1520776719563-768x1024.jpg\" alt=\"\" width=\"700\" height=\"933\" srcset=\"http:\/\/traba.org\/trabablog\/wp-content\/uploads\/2018\/03\/20180310_161432-e1520776719563-768x1024.jpg 768w, http:\/\/traba.org\/trabablog\/wp-content\/uploads\/2018\/03\/20180310_161432-e1520776719563-225x300.jpg 225w, http:\/\/traba.org\/trabablog\/wp-content\/uploads\/2018\/03\/20180310_161432-e1520776719563-261x348.jpg 261w, http:\/\/traba.org\/trabablog\/wp-content\/uploads\/2018\/03\/20180310_161432-e1520776719563-688x917.jpg 688w\" sizes=\"auto, (max-width: 700px) 100vw, 700px\" \/><\/p>\n<p><img loading=\"lazy\" decoding=\"async\" class=\"aligncenter size-large wp-image-15030\" src=\"http:\/\/www.traba.org\/trabablog\/wp-content\/uploads\/2018\/03\/IMG_7678-e1520788116707-768x1024.jpg\" alt=\"\" width=\"700\" height=\"933\" srcset=\"http:\/\/traba.org\/trabablog\/wp-content\/uploads\/2018\/03\/IMG_7678-e1520788116707-768x1024.jpg 768w, http:\/\/traba.org\/trabablog\/wp-content\/uploads\/2018\/03\/IMG_7678-e1520788116707-225x300.jpg 225w, http:\/\/traba.org\/trabablog\/wp-content\/uploads\/2018\/03\/IMG_7678-e1520788116707-261x348.jpg 261w, http:\/\/traba.org\/trabablog\/wp-content\/uploads\/2018\/03\/IMG_7678-e1520788116707-688x917.jpg 688w\" sizes=\"auto, (max-width: 700px) 100vw, 700px\" \/><\/p>\n<p>i clar, per no ser menys, que diuen que els tercers tenen menys de tot, a veure si podem superar els 30 comentaris del <a href=\"http:\/\/www.traba.org\/trabablog\/?p=7123\">post de la lola<\/a>.<\/p>\n","protected":false},"excerpt":{"rendered":"<p>El dimecres 7 de mar\u00e7 va n\u00e9ixer el F\u00e8lix \ud83d\ude42 4,6 kg de nen, com el seu germ\u00e0, tot i que amb menys gana que el Bruno. i bastanta m\u00e9s&#8230;<\/p>\n","protected":false},"author":5,"featured_media":15013,"comment_status":"open","ping_status":"open","sticky":false,"template":"","format":"standard","meta":{"_monsterinsights_skip_tracking":false,"_monsterinsights_sitenote_active":false,"_monsterinsights_sitenote_note":"","_monsterinsights_sitenote_category":0,"footnotes":""},"categories":[28],"tags":[],"class_list":["post-15005","post","type-post","status-publish","format-standard","has-post-thumbnail","hentry","category-ordinary-days"],"_links":{"self":[{"href":"http:\/\/traba.org\/trabablog\/index.php?rest_route=\/wp\/v2\/posts\/15005","targetHints":{"allow":["GET"]}}],"collection":[{"href":"http:\/\/traba.org\/trabablog\/index.php?rest_route=\/wp\/v2\/posts"}],"about":[{"href":"http:\/\/traba.org\/trabablog\/index.php?rest_route=\/wp\/v2\/types\/post"}],"author":[{"embeddable":true,"href":"http:\/\/traba.org\/trabablog\/index.php?rest_route=\/wp\/v2\/users\/5"}],"replies":[{"embeddable":true,"href":"http:\/\/traba.org\/trabablog\/index.php?rest_route=%2Fwp%2Fv2%2Fcomments&post=15005"}],"version-history":[{"count":4,"href":"http:\/\/traba.org\/trabablog\/index.php?rest_route=\/wp\/v2\/posts\/15005\/revisions"}],"predecessor-version":[{"id":15035,"href":"http:\/\/traba.org\/trabablog\/index.php?rest_route=\/wp\/v2\/posts\/15005\/revisions\/15035"}],"wp:featuredmedia":[{"embeddable":true,"href":"http:\/\/traba.org\/trabablog\/index.php?rest_route=\/wp\/v2\/media\/15013"}],"wp:attachment":[{"href":"http:\/\/traba.org\/trabablog\/index.php?rest_route=%2Fwp%2Fv2%2Fmedia&parent=15005"}],"wp:term":[{"taxonomy":"category","embeddable":true,"href":"http:\/\/traba.org\/trabablog\/index.php?rest_route=%2Fwp%2Fv2%2Fcategories&post=15005"},{"taxonomy":"post_tag","embeddable":true,"href":"http:\/\/traba.org\/trabablog\/index.php?rest_route=%2Fwp%2Fv2%2Ftags&post=15005"}],"curies":[{"name":"wp","href":"https:\/\/api.w.org\/{rel}","templated":true}]}}