{"id":15239,"date":"2018-05-27T10:02:18","date_gmt":"2018-05-27T08:02:18","guid":{"rendered":"http:\/\/www.traba.org\/trabablog\/?p=15239"},"modified":"2018-07-23T22:46:40","modified_gmt":"2018-07-23T20:46:40","slug":"hello-menorca-again","status":"publish","type":"post","link":"http:\/\/traba.org\/trabablog\/?p=15239","title":{"rendered":"hello menorca, again"},"content":{"rendered":"<p>ja de tornada de fonolleres a barcelona.<img loading=\"lazy\" decoding=\"async\" class=\"aligncenter wp-image-15240 size-large\" src=\"http:\/\/www.traba.org\/trabablog\/wp-content\/uploads\/2018\/05\/20180525_141914-e1527407316136-768x1024.jpg\" alt=\"\" width=\"700\" height=\"933\" srcset=\"http:\/\/traba.org\/trabablog\/wp-content\/uploads\/2018\/05\/20180525_141914-e1527407316136-768x1024.jpg 768w, http:\/\/traba.org\/trabablog\/wp-content\/uploads\/2018\/05\/20180525_141914-e1527407316136-225x300.jpg 225w, http:\/\/traba.org\/trabablog\/wp-content\/uploads\/2018\/05\/20180525_141914-e1527407316136-261x348.jpg 261w, http:\/\/traba.org\/trabablog\/wp-content\/uploads\/2018\/05\/20180525_141914-e1527407316136-688x917.jpg 688w\" sizes=\"auto, (max-width: 700px) 100vw, 700px\" \/> <img loading=\"lazy\" decoding=\"async\" class=\"aligncenter wp-image-15241 size-large\" src=\"http:\/\/www.traba.org\/trabablog\/wp-content\/uploads\/2018\/05\/20180525_142042-e1527407349622-768x1024.jpg\" alt=\"\" width=\"700\" height=\"933\" srcset=\"http:\/\/traba.org\/trabablog\/wp-content\/uploads\/2018\/05\/20180525_142042-e1527407349622-768x1024.jpg 768w, http:\/\/traba.org\/trabablog\/wp-content\/uploads\/2018\/05\/20180525_142042-e1527407349622-225x300.jpg 225w, http:\/\/traba.org\/trabablog\/wp-content\/uploads\/2018\/05\/20180525_142042-e1527407349622-261x348.jpg 261w, http:\/\/traba.org\/trabablog\/wp-content\/uploads\/2018\/05\/20180525_142042-e1527407349622-688x917.jpg 688w\" sizes=\"auto, (max-width: 700px) 100vw, 700px\" \/> i mentre fem temps pel barco a menorca, el bruno i el francesc van a kaburi.<img loading=\"lazy\" decoding=\"async\" class=\"aligncenter size-large wp-image-15242\" src=\"http:\/\/www.traba.org\/trabablog\/wp-content\/uploads\/2018\/05\/20180525_172548-1024x768.jpg\" alt=\"\" width=\"700\" height=\"525\" srcset=\"http:\/\/traba.org\/trabablog\/wp-content\/uploads\/2018\/05\/20180525_172548-1024x768.jpg 1024w, http:\/\/traba.org\/trabablog\/wp-content\/uploads\/2018\/05\/20180525_172548-300x225.jpg 300w, http:\/\/traba.org\/trabablog\/wp-content\/uploads\/2018\/05\/20180525_172548-768x576.jpg 768w, http:\/\/traba.org\/trabablog\/wp-content\/uploads\/2018\/05\/20180525_172548-460x345.jpg 460w, http:\/\/traba.org\/trabablog\/wp-content\/uploads\/2018\/05\/20180525_172548-688x516.jpg 688w\" sizes=\"auto, (max-width: 700px) 100vw, 700px\" \/> <img loading=\"lazy\" decoding=\"async\" class=\"aligncenter wp-image-15243 size-large\" src=\"http:\/\/www.traba.org\/trabablog\/wp-content\/uploads\/2018\/05\/20180525_175735-e1527407400247-768x1024.jpg\" alt=\"\" width=\"700\" height=\"933\" srcset=\"http:\/\/traba.org\/trabablog\/wp-content\/uploads\/2018\/05\/20180525_175735-e1527407400247-768x1024.jpg 768w, http:\/\/traba.org\/trabablog\/wp-content\/uploads\/2018\/05\/20180525_175735-e1527407400247-225x300.jpg 225w, http:\/\/traba.org\/trabablog\/wp-content\/uploads\/2018\/05\/20180525_175735-e1527407400247-261x348.jpg 261w, http:\/\/traba.org\/trabablog\/wp-content\/uploads\/2018\/05\/20180525_175735-e1527407400247-688x917.jpg 688w\" sizes=\"auto, (max-width: 700px) 100vw, 700px\" \/> ja a la cua del barco.<img loading=\"lazy\" decoding=\"async\" class=\"aligncenter size-large wp-image-15244\" src=\"http:\/\/www.traba.org\/trabablog\/wp-content\/uploads\/2018\/05\/20180525_224051-1024x768.jpg\" alt=\"\" width=\"700\" height=\"525\" srcset=\"http:\/\/traba.org\/trabablog\/wp-content\/uploads\/2018\/05\/20180525_224051-1024x768.jpg 1024w, http:\/\/traba.org\/trabablog\/wp-content\/uploads\/2018\/05\/20180525_224051-300x225.jpg 300w, http:\/\/traba.org\/trabablog\/wp-content\/uploads\/2018\/05\/20180525_224051-768x576.jpg 768w, http:\/\/traba.org\/trabablog\/wp-content\/uploads\/2018\/05\/20180525_224051-460x345.jpg 460w, http:\/\/traba.org\/trabablog\/wp-content\/uploads\/2018\/05\/20180525_224051-688x516.jpg 688w\" sizes=\"auto, (max-width: 700px) 100vw, 700px\" \/> i a dormir al minicamarot de transmediterr\u00e0nia. els llits eren millor, per\u00f2 el camarot molt petit. de fet, vam demanar una cuna per\u00f2 no hi cabia. i a sobre era un camarot interior, sense finestra. jo crec que vam tenir mala sort. per\u00f2 vaia, ja veurem a la tornada.<img loading=\"lazy\" decoding=\"async\" class=\"aligncenter wp-image-15245 size-large\" src=\"http:\/\/www.traba.org\/trabablog\/wp-content\/uploads\/2018\/05\/20180525_231815-e1527407438453-768x1024.jpg\" alt=\"\" width=\"700\" height=\"933\" srcset=\"http:\/\/traba.org\/trabablog\/wp-content\/uploads\/2018\/05\/20180525_231815-e1527407438453-768x1024.jpg 768w, http:\/\/traba.org\/trabablog\/wp-content\/uploads\/2018\/05\/20180525_231815-e1527407438453-225x300.jpg 225w, http:\/\/traba.org\/trabablog\/wp-content\/uploads\/2018\/05\/20180525_231815-e1527407438453-261x348.jpg 261w, http:\/\/traba.org\/trabablog\/wp-content\/uploads\/2018\/05\/20180525_231815-e1527407438453-688x917.jpg 688w\" sizes=\"auto, (max-width: 700px) 100vw, 700px\" \/> i com ja \u00e9s tradici\u00f3, esmorzant a sant climent. el qu\u00e8 jo no vaig menjar sobrassada, que ja estava saturada amb la de la viniteca que vam portar a fonolleres \ud83d\ude42<img loading=\"lazy\" decoding=\"async\" class=\"aligncenter wp-image-15246 size-large\" src=\"http:\/\/www.traba.org\/trabablog\/wp-content\/uploads\/2018\/05\/20180526_083211-e1527407576907-768x1024.jpg\" alt=\"\" width=\"700\" height=\"933\" srcset=\"http:\/\/traba.org\/trabablog\/wp-content\/uploads\/2018\/05\/20180526_083211-e1527407576907-768x1024.jpg 768w, http:\/\/traba.org\/trabablog\/wp-content\/uploads\/2018\/05\/20180526_083211-e1527407576907-225x300.jpg 225w, http:\/\/traba.org\/trabablog\/wp-content\/uploads\/2018\/05\/20180526_083211-e1527407576907-261x348.jpg 261w, http:\/\/traba.org\/trabablog\/wp-content\/uploads\/2018\/05\/20180526_083211-e1527407576907-688x917.jpg 688w\" sizes=\"auto, (max-width: 700px) 100vw, 700px\" \/> <img loading=\"lazy\" decoding=\"async\" class=\"aligncenter wp-image-15247 size-large\" src=\"http:\/\/www.traba.org\/trabablog\/wp-content\/uploads\/2018\/05\/20180526_083516-e1527407630795-768x1024.jpg\" alt=\"\" width=\"700\" height=\"933\" srcset=\"http:\/\/traba.org\/trabablog\/wp-content\/uploads\/2018\/05\/20180526_083516-e1527407630795-768x1024.jpg 768w, http:\/\/traba.org\/trabablog\/wp-content\/uploads\/2018\/05\/20180526_083516-e1527407630795-225x300.jpg 225w, http:\/\/traba.org\/trabablog\/wp-content\/uploads\/2018\/05\/20180526_083516-e1527407630795-261x348.jpg 261w, http:\/\/traba.org\/trabablog\/wp-content\/uploads\/2018\/05\/20180526_083516-e1527407630795-688x917.jpg 688w\" sizes=\"auto, (max-width: 700px) 100vw, 700px\" \/> i la lola bikini con besitos.<img loading=\"lazy\" decoding=\"async\" class=\"aligncenter wp-image-15248 size-large\" src=\"http:\/\/www.traba.org\/trabablog\/wp-content\/uploads\/2018\/05\/20180526_083801-e1527407658304-768x1024.jpg\" alt=\"\" width=\"700\" height=\"933\" srcset=\"http:\/\/traba.org\/trabablog\/wp-content\/uploads\/2018\/05\/20180526_083801-e1527407658304-768x1024.jpg 768w, http:\/\/traba.org\/trabablog\/wp-content\/uploads\/2018\/05\/20180526_083801-e1527407658304-225x300.jpg 225w, http:\/\/traba.org\/trabablog\/wp-content\/uploads\/2018\/05\/20180526_083801-e1527407658304-261x348.jpg 261w, http:\/\/traba.org\/trabablog\/wp-content\/uploads\/2018\/05\/20180526_083801-e1527407658304-688x917.jpg 688w\" sizes=\"auto, (max-width: 700px) 100vw, 700px\" \/> red over red.<img loading=\"lazy\" decoding=\"async\" class=\"aligncenter size-large wp-image-15249\" src=\"http:\/\/www.traba.org\/trabablog\/wp-content\/uploads\/2018\/05\/20180526_090615-1024x768.jpg\" alt=\"\" width=\"700\" height=\"525\" srcset=\"http:\/\/traba.org\/trabablog\/wp-content\/uploads\/2018\/05\/20180526_090615-1024x768.jpg 1024w, http:\/\/traba.org\/trabablog\/wp-content\/uploads\/2018\/05\/20180526_090615-300x225.jpg 300w, http:\/\/traba.org\/trabablog\/wp-content\/uploads\/2018\/05\/20180526_090615-768x576.jpg 768w, http:\/\/traba.org\/trabablog\/wp-content\/uploads\/2018\/05\/20180526_090615-460x345.jpg 460w, http:\/\/traba.org\/trabablog\/wp-content\/uploads\/2018\/05\/20180526_090615-688x516.jpg 688w\" sizes=\"auto, (max-width: 700px) 100vw, 700px\" \/> i a passar el mat\u00ed a es grau.\u00a0<img loading=\"lazy\" decoding=\"async\" class=\"aligncenter size-large wp-image-15250\" src=\"http:\/\/www.traba.org\/trabablog\/wp-content\/uploads\/2018\/05\/20180526_094606-1024x768.jpg\" alt=\"\" width=\"700\" height=\"525\" srcset=\"http:\/\/traba.org\/trabablog\/wp-content\/uploads\/2018\/05\/20180526_094606-1024x768.jpg 1024w, http:\/\/traba.org\/trabablog\/wp-content\/uploads\/2018\/05\/20180526_094606-300x225.jpg 300w, http:\/\/traba.org\/trabablog\/wp-content\/uploads\/2018\/05\/20180526_094606-768x576.jpg 768w, http:\/\/traba.org\/trabablog\/wp-content\/uploads\/2018\/05\/20180526_094606-460x345.jpg 460w, http:\/\/traba.org\/trabablog\/wp-content\/uploads\/2018\/05\/20180526_094606-688x516.jpg 688w\" sizes=\"auto, (max-width: 700px) 100vw, 700px\" \/> feia una mica de vent, per\u00f2 gens de fred.<img loading=\"lazy\" decoding=\"async\" class=\"aligncenter size-large wp-image-15251\" src=\"http:\/\/www.traba.org\/trabablog\/wp-content\/uploads\/2018\/05\/20180526_094614-1024x768.jpg\" alt=\"\" width=\"700\" height=\"525\" srcset=\"http:\/\/traba.org\/trabablog\/wp-content\/uploads\/2018\/05\/20180526_094614-1024x768.jpg 1024w, http:\/\/traba.org\/trabablog\/wp-content\/uploads\/2018\/05\/20180526_094614-300x225.jpg 300w, http:\/\/traba.org\/trabablog\/wp-content\/uploads\/2018\/05\/20180526_094614-768x576.jpg 768w, http:\/\/traba.org\/trabablog\/wp-content\/uploads\/2018\/05\/20180526_094614-460x345.jpg 460w, http:\/\/traba.org\/trabablog\/wp-content\/uploads\/2018\/05\/20180526_094614-688x516.jpg 688w\" sizes=\"auto, (max-width: 700px) 100vw, 700px\" \/> <img loading=\"lazy\" decoding=\"async\" class=\"aligncenter size-large wp-image-15252\" src=\"http:\/\/www.traba.org\/trabablog\/wp-content\/uploads\/2018\/05\/20180526_094912-1024x768.jpg\" alt=\"\" width=\"700\" height=\"525\" srcset=\"http:\/\/traba.org\/trabablog\/wp-content\/uploads\/2018\/05\/20180526_094912-1024x768.jpg 1024w, http:\/\/traba.org\/trabablog\/wp-content\/uploads\/2018\/05\/20180526_094912-300x225.jpg 300w, http:\/\/traba.org\/trabablog\/wp-content\/uploads\/2018\/05\/20180526_094912-768x576.jpg 768w, http:\/\/traba.org\/trabablog\/wp-content\/uploads\/2018\/05\/20180526_094912-460x345.jpg 460w, http:\/\/traba.org\/trabablog\/wp-content\/uploads\/2018\/05\/20180526_094912-688x516.jpg 688w\" sizes=\"auto, (max-width: 700px) 100vw, 700px\" \/> <img loading=\"lazy\" decoding=\"async\" class=\"aligncenter wp-image-15253 size-large\" src=\"http:\/\/www.traba.org\/trabablog\/wp-content\/uploads\/2018\/05\/20180526_095231-e1527407733214-768x1024.jpg\" alt=\"\" width=\"700\" height=\"933\" srcset=\"http:\/\/traba.org\/trabablog\/wp-content\/uploads\/2018\/05\/20180526_095231-e1527407733214-768x1024.jpg 768w, http:\/\/traba.org\/trabablog\/wp-content\/uploads\/2018\/05\/20180526_095231-e1527407733214-225x300.jpg 225w, http:\/\/traba.org\/trabablog\/wp-content\/uploads\/2018\/05\/20180526_095231-e1527407733214-261x348.jpg 261w, http:\/\/traba.org\/trabablog\/wp-content\/uploads\/2018\/05\/20180526_095231-e1527407733214-688x917.jpg 688w\" sizes=\"auto, (max-width: 700px) 100vw, 700px\" \/> <img loading=\"lazy\" decoding=\"async\" class=\"aligncenter wp-image-15254 size-large\" src=\"http:\/\/www.traba.org\/trabablog\/wp-content\/uploads\/2018\/05\/20180526_095307-e1527407755969-768x1024.jpg\" alt=\"\" width=\"700\" height=\"933\" srcset=\"http:\/\/traba.org\/trabablog\/wp-content\/uploads\/2018\/05\/20180526_095307-e1527407755969-768x1024.jpg 768w, http:\/\/traba.org\/trabablog\/wp-content\/uploads\/2018\/05\/20180526_095307-e1527407755969-225x300.jpg 225w, http:\/\/traba.org\/trabablog\/wp-content\/uploads\/2018\/05\/20180526_095307-e1527407755969-261x348.jpg 261w, http:\/\/traba.org\/trabablog\/wp-content\/uploads\/2018\/05\/20180526_095307-e1527407755969-688x917.jpg 688w\" sizes=\"auto, (max-width: 700px) 100vw, 700px\" \/> <img loading=\"lazy\" decoding=\"async\" class=\"aligncenter size-large wp-image-15255\" src=\"http:\/\/www.traba.org\/trabablog\/wp-content\/uploads\/2018\/05\/20180526_095619-1024x768.jpg\" alt=\"\" width=\"700\" height=\"525\" srcset=\"http:\/\/traba.org\/trabablog\/wp-content\/uploads\/2018\/05\/20180526_095619-1024x768.jpg 1024w, http:\/\/traba.org\/trabablog\/wp-content\/uploads\/2018\/05\/20180526_095619-300x225.jpg 300w, http:\/\/traba.org\/trabablog\/wp-content\/uploads\/2018\/05\/20180526_095619-768x576.jpg 768w, http:\/\/traba.org\/trabablog\/wp-content\/uploads\/2018\/05\/20180526_095619-460x345.jpg 460w, http:\/\/traba.org\/trabablog\/wp-content\/uploads\/2018\/05\/20180526_095619-688x516.jpg 688w\" sizes=\"auto, (max-width: 700px) 100vw, 700px\" \/> i al agua patos. una gran compra el neopr\u00e8. i el francesc, encara que no surti a les fotos, tamb\u00e9 en t\u00e9 un \ud83d\ude42<img loading=\"lazy\" decoding=\"async\" class=\"aligncenter size-large wp-image-15256\" src=\"http:\/\/www.traba.org\/trabablog\/wp-content\/uploads\/2018\/05\/20180526_103119-1024x768.jpg\" alt=\"\" width=\"700\" height=\"525\" srcset=\"http:\/\/traba.org\/trabablog\/wp-content\/uploads\/2018\/05\/20180526_103119-1024x768.jpg 1024w, http:\/\/traba.org\/trabablog\/wp-content\/uploads\/2018\/05\/20180526_103119-300x225.jpg 300w, http:\/\/traba.org\/trabablog\/wp-content\/uploads\/2018\/05\/20180526_103119-768x576.jpg 768w, http:\/\/traba.org\/trabablog\/wp-content\/uploads\/2018\/05\/20180526_103119-460x345.jpg 460w, http:\/\/traba.org\/trabablog\/wp-content\/uploads\/2018\/05\/20180526_103119-688x516.jpg 688w\" sizes=\"auto, (max-width: 700px) 100vw, 700px\" \/> i amb el f\u00e8lix tamb\u00e9 vam estar una estona a la platja.<img loading=\"lazy\" decoding=\"async\" class=\"aligncenter wp-image-15257 size-large\" src=\"http:\/\/www.traba.org\/trabablog\/wp-content\/uploads\/2018\/05\/20180526_105308-e1527407802495-768x1024.jpg\" alt=\"\" width=\"700\" height=\"933\" srcset=\"http:\/\/traba.org\/trabablog\/wp-content\/uploads\/2018\/05\/20180526_105308-e1527407802495-768x1024.jpg 768w, http:\/\/traba.org\/trabablog\/wp-content\/uploads\/2018\/05\/20180526_105308-e1527407802495-225x300.jpg 225w, http:\/\/traba.org\/trabablog\/wp-content\/uploads\/2018\/05\/20180526_105308-e1527407802495-261x348.jpg 261w, http:\/\/traba.org\/trabablog\/wp-content\/uploads\/2018\/05\/20180526_105308-e1527407802495-688x917.jpg 688w\" sizes=\"auto, (max-width: 700px) 100vw, 700px\" \/> i el xavi tamb\u00e9 est\u00e0 aqu\u00ed!<img loading=\"lazy\" decoding=\"async\" class=\"aligncenter wp-image-15258 size-large\" src=\"http:\/\/www.traba.org\/trabablog\/wp-content\/uploads\/2018\/05\/20180526_105355-e1527407832134-768x1024.jpg\" alt=\"\" width=\"700\" height=\"933\" srcset=\"http:\/\/traba.org\/trabablog\/wp-content\/uploads\/2018\/05\/20180526_105355-e1527407832134-768x1024.jpg 768w, http:\/\/traba.org\/trabablog\/wp-content\/uploads\/2018\/05\/20180526_105355-e1527407832134-225x300.jpg 225w, http:\/\/traba.org\/trabablog\/wp-content\/uploads\/2018\/05\/20180526_105355-e1527407832134-261x348.jpg 261w, http:\/\/traba.org\/trabablog\/wp-content\/uploads\/2018\/05\/20180526_105355-e1527407832134-688x917.jpg 688w\" sizes=\"auto, (max-width: 700px) 100vw, 700px\" \/> per\u00f2 al cap d&#8217;una estona vam marxar al bar perqu\u00e8 se li omplia la cara de sorra.<img loading=\"lazy\" decoding=\"async\" class=\"aligncenter wp-image-15259 size-large\" src=\"http:\/\/www.traba.org\/trabablog\/wp-content\/uploads\/2018\/05\/20180526_105606-e1527407862370-768x1024.jpg\" alt=\"\" width=\"700\" height=\"933\" srcset=\"http:\/\/traba.org\/trabablog\/wp-content\/uploads\/2018\/05\/20180526_105606-e1527407862370-768x1024.jpg 768w, http:\/\/traba.org\/trabablog\/wp-content\/uploads\/2018\/05\/20180526_105606-e1527407862370-225x300.jpg 225w, http:\/\/traba.org\/trabablog\/wp-content\/uploads\/2018\/05\/20180526_105606-e1527407862370-261x348.jpg 261w, http:\/\/traba.org\/trabablog\/wp-content\/uploads\/2018\/05\/20180526_105606-e1527407862370-688x917.jpg 688w\" sizes=\"auto, (max-width: 700px) 100vw, 700px\" \/> <img loading=\"lazy\" decoding=\"async\" class=\"aligncenter size-large wp-image-15260\" src=\"http:\/\/www.traba.org\/trabablog\/wp-content\/uploads\/2018\/05\/20180526_105832-1024x768.jpg\" alt=\"\" width=\"700\" height=\"525\" srcset=\"http:\/\/traba.org\/trabablog\/wp-content\/uploads\/2018\/05\/20180526_105832-1024x768.jpg 1024w, http:\/\/traba.org\/trabablog\/wp-content\/uploads\/2018\/05\/20180526_105832-300x225.jpg 300w, http:\/\/traba.org\/trabablog\/wp-content\/uploads\/2018\/05\/20180526_105832-768x576.jpg 768w, http:\/\/traba.org\/trabablog\/wp-content\/uploads\/2018\/05\/20180526_105832-460x345.jpg 460w, http:\/\/traba.org\/trabablog\/wp-content\/uploads\/2018\/05\/20180526_105832-688x516.jpg 688w\" sizes=\"auto, (max-width: 700px) 100vw, 700px\" \/> <img loading=\"lazy\" decoding=\"async\" class=\"aligncenter size-large wp-image-15261\" src=\"http:\/\/www.traba.org\/trabablog\/wp-content\/uploads\/2018\/05\/20180526_110032-1024x768.jpg\" alt=\"\" width=\"700\" height=\"525\" srcset=\"http:\/\/traba.org\/trabablog\/wp-content\/uploads\/2018\/05\/20180526_110032-1024x768.jpg 1024w, http:\/\/traba.org\/trabablog\/wp-content\/uploads\/2018\/05\/20180526_110032-300x225.jpg 300w, http:\/\/traba.org\/trabablog\/wp-content\/uploads\/2018\/05\/20180526_110032-768x576.jpg 768w, http:\/\/traba.org\/trabablog\/wp-content\/uploads\/2018\/05\/20180526_110032-460x345.jpg 460w, http:\/\/traba.org\/trabablog\/wp-content\/uploads\/2018\/05\/20180526_110032-688x516.jpg 688w\" sizes=\"auto, (max-width: 700px) 100vw, 700px\" \/> <img loading=\"lazy\" decoding=\"async\" class=\"aligncenter wp-image-15262 size-large\" src=\"http:\/\/www.traba.org\/trabablog\/wp-content\/uploads\/2018\/05\/20180526_110530-e1527407906466-768x1024.jpg\" alt=\"\" width=\"700\" height=\"933\" srcset=\"http:\/\/traba.org\/trabablog\/wp-content\/uploads\/2018\/05\/20180526_110530-e1527407906466-768x1024.jpg 768w, http:\/\/traba.org\/trabablog\/wp-content\/uploads\/2018\/05\/20180526_110530-e1527407906466-225x300.jpg 225w, http:\/\/traba.org\/trabablog\/wp-content\/uploads\/2018\/05\/20180526_110530-e1527407906466-261x348.jpg 261w, http:\/\/traba.org\/trabablog\/wp-content\/uploads\/2018\/05\/20180526_110530-e1527407906466-688x917.jpg 688w\" sizes=\"auto, (max-width: 700px) 100vw, 700px\" \/> <img loading=\"lazy\" decoding=\"async\" class=\"aligncenter size-large wp-image-15263\" src=\"http:\/\/www.traba.org\/trabablog\/wp-content\/uploads\/2018\/05\/20180526_110953-1024x768.jpg\" alt=\"\" width=\"700\" height=\"525\" srcset=\"http:\/\/traba.org\/trabablog\/wp-content\/uploads\/2018\/05\/20180526_110953-1024x768.jpg 1024w, http:\/\/traba.org\/trabablog\/wp-content\/uploads\/2018\/05\/20180526_110953-300x225.jpg 300w, http:\/\/traba.org\/trabablog\/wp-content\/uploads\/2018\/05\/20180526_110953-768x576.jpg 768w, http:\/\/traba.org\/trabablog\/wp-content\/uploads\/2018\/05\/20180526_110953-460x345.jpg 460w, http:\/\/traba.org\/trabablog\/wp-content\/uploads\/2018\/05\/20180526_110953-688x516.jpg 688w\" sizes=\"auto, (max-width: 700px) 100vw, 700px\" \/> <img loading=\"lazy\" decoding=\"async\" class=\"aligncenter size-large wp-image-15264\" src=\"http:\/\/www.traba.org\/trabablog\/wp-content\/uploads\/2018\/05\/20180526_111020-1024x768.jpg\" alt=\"\" width=\"700\" height=\"525\" srcset=\"http:\/\/traba.org\/trabablog\/wp-content\/uploads\/2018\/05\/20180526_111020-1024x768.jpg 1024w, http:\/\/traba.org\/trabablog\/wp-content\/uploads\/2018\/05\/20180526_111020-300x225.jpg 300w, http:\/\/traba.org\/trabablog\/wp-content\/uploads\/2018\/05\/20180526_111020-768x576.jpg 768w, http:\/\/traba.org\/trabablog\/wp-content\/uploads\/2018\/05\/20180526_111020-460x345.jpg 460w, http:\/\/traba.org\/trabablog\/wp-content\/uploads\/2018\/05\/20180526_111020-688x516.jpg 688w\" sizes=\"auto, (max-width: 700px) 100vw, 700px\" \/> <img loading=\"lazy\" decoding=\"async\" class=\"aligncenter size-large wp-image-15265\" src=\"http:\/\/www.traba.org\/trabablog\/wp-content\/uploads\/2018\/05\/20180526_111053-1024x768.jpg\" alt=\"\" width=\"700\" height=\"525\" srcset=\"http:\/\/traba.org\/trabablog\/wp-content\/uploads\/2018\/05\/20180526_111053-1024x768.jpg 1024w, http:\/\/traba.org\/trabablog\/wp-content\/uploads\/2018\/05\/20180526_111053-300x225.jpg 300w, http:\/\/traba.org\/trabablog\/wp-content\/uploads\/2018\/05\/20180526_111053-768x576.jpg 768w, http:\/\/traba.org\/trabablog\/wp-content\/uploads\/2018\/05\/20180526_111053-460x345.jpg 460w, http:\/\/traba.org\/trabablog\/wp-content\/uploads\/2018\/05\/20180526_111053-688x516.jpg 688w\" sizes=\"auto, (max-width: 700px) 100vw, 700px\" \/> <img loading=\"lazy\" decoding=\"async\" class=\"aligncenter size-large wp-image-15266\" src=\"http:\/\/www.traba.org\/trabablog\/wp-content\/uploads\/2018\/05\/20180526_111211-1024x768.jpg\" alt=\"\" width=\"700\" height=\"525\" srcset=\"http:\/\/traba.org\/trabablog\/wp-content\/uploads\/2018\/05\/20180526_111211-1024x768.jpg 1024w, http:\/\/traba.org\/trabablog\/wp-content\/uploads\/2018\/05\/20180526_111211-300x225.jpg 300w, http:\/\/traba.org\/trabablog\/wp-content\/uploads\/2018\/05\/20180526_111211-768x576.jpg 768w, http:\/\/traba.org\/trabablog\/wp-content\/uploads\/2018\/05\/20180526_111211-460x345.jpg 460w, http:\/\/traba.org\/trabablog\/wp-content\/uploads\/2018\/05\/20180526_111211-688x516.jpg 688w\" sizes=\"auto, (max-width: 700px) 100vw, 700px\" \/> <img loading=\"lazy\" decoding=\"async\" class=\"aligncenter size-large wp-image-15267\" src=\"http:\/\/www.traba.org\/trabablog\/wp-content\/uploads\/2018\/05\/20180526_111343-1024x768.jpg\" alt=\"\" width=\"700\" height=\"525\" srcset=\"http:\/\/traba.org\/trabablog\/wp-content\/uploads\/2018\/05\/20180526_111343-1024x768.jpg 1024w, http:\/\/traba.org\/trabablog\/wp-content\/uploads\/2018\/05\/20180526_111343-300x225.jpg 300w, http:\/\/traba.org\/trabablog\/wp-content\/uploads\/2018\/05\/20180526_111343-768x576.jpg 768w, http:\/\/traba.org\/trabablog\/wp-content\/uploads\/2018\/05\/20180526_111343-460x345.jpg 460w, http:\/\/traba.org\/trabablog\/wp-content\/uploads\/2018\/05\/20180526_111343-688x516.jpg 688w\" sizes=\"auto, (max-width: 700px) 100vw, 700px\" \/> <img loading=\"lazy\" decoding=\"async\" class=\"aligncenter size-large wp-image-15268\" src=\"http:\/\/www.traba.org\/trabablog\/wp-content\/uploads\/2018\/05\/20180526_114142-1024x768.jpg\" alt=\"\" width=\"700\" height=\"525\" srcset=\"http:\/\/traba.org\/trabablog\/wp-content\/uploads\/2018\/05\/20180526_114142-1024x768.jpg 1024w, http:\/\/traba.org\/trabablog\/wp-content\/uploads\/2018\/05\/20180526_114142-300x225.jpg 300w, http:\/\/traba.org\/trabablog\/wp-content\/uploads\/2018\/05\/20180526_114142-768x576.jpg 768w, http:\/\/traba.org\/trabablog\/wp-content\/uploads\/2018\/05\/20180526_114142-460x345.jpg 460w, http:\/\/traba.org\/trabablog\/wp-content\/uploads\/2018\/05\/20180526_114142-688x516.jpg 688w\" sizes=\"auto, (max-width: 700px) 100vw, 700px\" \/> <img loading=\"lazy\" decoding=\"async\" class=\"aligncenter size-large wp-image-15269\" src=\"http:\/\/www.traba.org\/trabablog\/wp-content\/uploads\/2018\/05\/20180526_114159-1024x768.jpg\" alt=\"\" width=\"700\" height=\"525\" srcset=\"http:\/\/traba.org\/trabablog\/wp-content\/uploads\/2018\/05\/20180526_114159-1024x768.jpg 1024w, http:\/\/traba.org\/trabablog\/wp-content\/uploads\/2018\/05\/20180526_114159-300x225.jpg 300w, http:\/\/traba.org\/trabablog\/wp-content\/uploads\/2018\/05\/20180526_114159-768x576.jpg 768w, http:\/\/traba.org\/trabablog\/wp-content\/uploads\/2018\/05\/20180526_114159-460x345.jpg 460w, http:\/\/traba.org\/trabablog\/wp-content\/uploads\/2018\/05\/20180526_114159-688x516.jpg 688w\" sizes=\"auto, (max-width: 700px) 100vw, 700px\" \/> <img loading=\"lazy\" decoding=\"async\" class=\"aligncenter size-large wp-image-15270\" src=\"http:\/\/www.traba.org\/trabablog\/wp-content\/uploads\/2018\/05\/20180526_114221-1024x768.jpg\" alt=\"\" width=\"700\" height=\"525\" srcset=\"http:\/\/traba.org\/trabablog\/wp-content\/uploads\/2018\/05\/20180526_114221-1024x768.jpg 1024w, http:\/\/traba.org\/trabablog\/wp-content\/uploads\/2018\/05\/20180526_114221-300x225.jpg 300w, http:\/\/traba.org\/trabablog\/wp-content\/uploads\/2018\/05\/20180526_114221-768x576.jpg 768w, http:\/\/traba.org\/trabablog\/wp-content\/uploads\/2018\/05\/20180526_114221-460x345.jpg 460w, http:\/\/traba.org\/trabablog\/wp-content\/uploads\/2018\/05\/20180526_114221-688x516.jpg 688w\" sizes=\"auto, (max-width: 700px) 100vw, 700px\" \/> vermut.<img loading=\"lazy\" decoding=\"async\" class=\"aligncenter size-large wp-image-15271\" src=\"http:\/\/www.traba.org\/trabablog\/wp-content\/uploads\/2018\/05\/20180526_120426-1024x768.jpg\" alt=\"\" width=\"700\" height=\"525\" srcset=\"http:\/\/traba.org\/trabablog\/wp-content\/uploads\/2018\/05\/20180526_120426-1024x768.jpg 1024w, http:\/\/traba.org\/trabablog\/wp-content\/uploads\/2018\/05\/20180526_120426-300x225.jpg 300w, http:\/\/traba.org\/trabablog\/wp-content\/uploads\/2018\/05\/20180526_120426-768x576.jpg 768w, http:\/\/traba.org\/trabablog\/wp-content\/uploads\/2018\/05\/20180526_120426-460x345.jpg 460w, http:\/\/traba.org\/trabablog\/wp-content\/uploads\/2018\/05\/20180526_120426-688x516.jpg 688w\" sizes=\"auto, (max-width: 700px) 100vw, 700px\" \/> <img loading=\"lazy\" decoding=\"async\" class=\"aligncenter size-large wp-image-15272\" src=\"http:\/\/www.traba.org\/trabablog\/wp-content\/uploads\/2018\/05\/20180526_120547-1024x768.jpg\" alt=\"\" width=\"700\" height=\"525\" srcset=\"http:\/\/traba.org\/trabablog\/wp-content\/uploads\/2018\/05\/20180526_120547-1024x768.jpg 1024w, http:\/\/traba.org\/trabablog\/wp-content\/uploads\/2018\/05\/20180526_120547-300x225.jpg 300w, http:\/\/traba.org\/trabablog\/wp-content\/uploads\/2018\/05\/20180526_120547-768x576.jpg 768w, http:\/\/traba.org\/trabablog\/wp-content\/uploads\/2018\/05\/20180526_120547-460x345.jpg 460w, http:\/\/traba.org\/trabablog\/wp-content\/uploads\/2018\/05\/20180526_120547-688x516.jpg 688w\" sizes=\"auto, (max-width: 700px) 100vw, 700px\" \/> <img loading=\"lazy\" decoding=\"async\" class=\"aligncenter wp-image-15273 size-large\" src=\"http:\/\/www.traba.org\/trabablog\/wp-content\/uploads\/2018\/05\/20180526_120939-e1527407945637-768x1024.jpg\" alt=\"\" width=\"700\" height=\"933\" srcset=\"http:\/\/traba.org\/trabablog\/wp-content\/uploads\/2018\/05\/20180526_120939-e1527407945637-768x1024.jpg 768w, http:\/\/traba.org\/trabablog\/wp-content\/uploads\/2018\/05\/20180526_120939-e1527407945637-225x300.jpg 225w, http:\/\/traba.org\/trabablog\/wp-content\/uploads\/2018\/05\/20180526_120939-e1527407945637-261x348.jpg 261w, http:\/\/traba.org\/trabablog\/wp-content\/uploads\/2018\/05\/20180526_120939-e1527407945637-688x917.jpg 688w\" sizes=\"auto, (max-width: 700px) 100vw, 700px\" \/> <img loading=\"lazy\" decoding=\"async\" class=\"aligncenter size-large wp-image-15274\" src=\"http:\/\/www.traba.org\/trabablog\/wp-content\/uploads\/2018\/05\/20180526_121008-1024x768.jpg\" alt=\"\" width=\"700\" height=\"525\" srcset=\"http:\/\/traba.org\/trabablog\/wp-content\/uploads\/2018\/05\/20180526_121008-1024x768.jpg 1024w, http:\/\/traba.org\/trabablog\/wp-content\/uploads\/2018\/05\/20180526_121008-300x225.jpg 300w, http:\/\/traba.org\/trabablog\/wp-content\/uploads\/2018\/05\/20180526_121008-768x576.jpg 768w, http:\/\/traba.org\/trabablog\/wp-content\/uploads\/2018\/05\/20180526_121008-460x345.jpg 460w, http:\/\/traba.org\/trabablog\/wp-content\/uploads\/2018\/05\/20180526_121008-688x516.jpg 688w\" sizes=\"auto, (max-width: 700px) 100vw, 700px\" \/> brother&#8217;s love.<img loading=\"lazy\" decoding=\"async\" class=\"aligncenter wp-image-15275 size-large\" src=\"http:\/\/www.traba.org\/trabablog\/wp-content\/uploads\/2018\/05\/20180526_172257-e1527407990221-768x1024.jpg\" alt=\"\" width=\"700\" height=\"933\" srcset=\"http:\/\/traba.org\/trabablog\/wp-content\/uploads\/2018\/05\/20180526_172257-e1527407990221-768x1024.jpg 768w, http:\/\/traba.org\/trabablog\/wp-content\/uploads\/2018\/05\/20180526_172257-e1527407990221-225x300.jpg 225w, http:\/\/traba.org\/trabablog\/wp-content\/uploads\/2018\/05\/20180526_172257-e1527407990221-261x348.jpg 261w, http:\/\/traba.org\/trabablog\/wp-content\/uploads\/2018\/05\/20180526_172257-e1527407990221-688x917.jpg 688w\" sizes=\"auto, (max-width: 700px) 100vw, 700px\" \/> i per la tarda al parc.<img loading=\"lazy\" decoding=\"async\" class=\"aligncenter wp-image-15276 size-large\" src=\"http:\/\/www.traba.org\/trabablog\/wp-content\/uploads\/2018\/05\/20180526_174835-e1527408015631-768x1024.jpg\" alt=\"\" width=\"700\" height=\"933\" srcset=\"http:\/\/traba.org\/trabablog\/wp-content\/uploads\/2018\/05\/20180526_174835-e1527408015631-768x1024.jpg 768w, http:\/\/traba.org\/trabablog\/wp-content\/uploads\/2018\/05\/20180526_174835-e1527408015631-225x300.jpg 225w, http:\/\/traba.org\/trabablog\/wp-content\/uploads\/2018\/05\/20180526_174835-e1527408015631-261x348.jpg 261w, http:\/\/traba.org\/trabablog\/wp-content\/uploads\/2018\/05\/20180526_174835-e1527408015631-688x917.jpg 688w\" sizes=\"auto, (max-width: 700px) 100vw, 700px\" \/> i segon berenar.<img loading=\"lazy\" decoding=\"async\" class=\"aligncenter size-large wp-image-15277\" src=\"http:\/\/www.traba.org\/trabablog\/wp-content\/uploads\/2018\/05\/20180526_181425-1024x768.jpg\" alt=\"\" width=\"700\" height=\"525\" srcset=\"http:\/\/traba.org\/trabablog\/wp-content\/uploads\/2018\/05\/20180526_181425-1024x768.jpg 1024w, http:\/\/traba.org\/trabablog\/wp-content\/uploads\/2018\/05\/20180526_181425-300x225.jpg 300w, http:\/\/traba.org\/trabablog\/wp-content\/uploads\/2018\/05\/20180526_181425-768x576.jpg 768w, http:\/\/traba.org\/trabablog\/wp-content\/uploads\/2018\/05\/20180526_181425-460x345.jpg 460w, http:\/\/traba.org\/trabablog\/wp-content\/uploads\/2018\/05\/20180526_181425-688x516.jpg 688w\" sizes=\"auto, (max-width: 700px) 100vw, 700px\" \/> <img loading=\"lazy\" decoding=\"async\" class=\"aligncenter size-large wp-image-15278\" src=\"http:\/\/www.traba.org\/trabablog\/wp-content\/uploads\/2018\/05\/20180526_185748-1024x768.jpg\" alt=\"\" width=\"700\" height=\"525\" srcset=\"http:\/\/traba.org\/trabablog\/wp-content\/uploads\/2018\/05\/20180526_185748-1024x768.jpg 1024w, http:\/\/traba.org\/trabablog\/wp-content\/uploads\/2018\/05\/20180526_185748-300x225.jpg 300w, http:\/\/traba.org\/trabablog\/wp-content\/uploads\/2018\/05\/20180526_185748-768x576.jpg 768w, http:\/\/traba.org\/trabablog\/wp-content\/uploads\/2018\/05\/20180526_185748-460x345.jpg 460w, http:\/\/traba.org\/trabablog\/wp-content\/uploads\/2018\/05\/20180526_185748-688x516.jpg 688w\" sizes=\"auto, (max-width: 700px) 100vw, 700px\" \/><\/p>\n","protected":false},"excerpt":{"rendered":"<p>ja de tornada de fonolleres a barcelona. i mentre fem temps pel barco a menorca, el bruno i el francesc van a kaburi. ja a la cua del barco. i&#8230;<\/p>\n","protected":false},"author":5,"featured_media":15270,"comment_status":"open","ping_status":"open","sticky":false,"template":"","format":"standard","meta":{"_monsterinsights_skip_tracking":false,"_monsterinsights_sitenote_active":false,"_monsterinsights_sitenote_note":"","_monsterinsights_sitenote_category":0,"footnotes":""},"categories":[134,28],"tags":[114,100,41,39,42,80],"class_list":["post-15239","post","type-post","status-publish","format-standard","has-post-thumbnail","hentry","category-menorca-2018","category-ordinary-days","tag-bruno","tag-lola","tag-mar","tag-menorca","tag-platja","tag-primavera"],"_links":{"self":[{"href":"http:\/\/traba.org\/trabablog\/index.php?rest_route=\/wp\/v2\/posts\/15239","targetHints":{"allow":["GET"]}}],"collection":[{"href":"http:\/\/traba.org\/trabablog\/index.php?rest_route=\/wp\/v2\/posts"}],"about":[{"href":"http:\/\/traba.org\/trabablog\/index.php?rest_route=\/wp\/v2\/types\/post"}],"author":[{"embeddable":true,"href":"http:\/\/traba.org\/trabablog\/index.php?rest_route=\/wp\/v2\/users\/5"}],"replies":[{"embeddable":true,"href":"http:\/\/traba.org\/trabablog\/index.php?rest_route=%2Fwp%2Fv2%2Fcomments&post=15239"}],"version-history":[{"count":1,"href":"http:\/\/traba.org\/trabablog\/index.php?rest_route=\/wp\/v2\/posts\/15239\/revisions"}],"predecessor-version":[{"id":15279,"href":"http:\/\/traba.org\/trabablog\/index.php?rest_route=\/wp\/v2\/posts\/15239\/revisions\/15279"}],"wp:featuredmedia":[{"embeddable":true,"href":"http:\/\/traba.org\/trabablog\/index.php?rest_route=\/wp\/v2\/media\/15270"}],"wp:attachment":[{"href":"http:\/\/traba.org\/trabablog\/index.php?rest_route=%2Fwp%2Fv2%2Fmedia&parent=15239"}],"wp:term":[{"taxonomy":"category","embeddable":true,"href":"http:\/\/traba.org\/trabablog\/index.php?rest_route=%2Fwp%2Fv2%2Fcategories&post=15239"},{"taxonomy":"post_tag","embeddable":true,"href":"http:\/\/traba.org\/trabablog\/index.php?rest_route=%2Fwp%2Fv2%2Ftags&post=15239"}],"curies":[{"name":"wp","href":"https:\/\/api.w.org\/{rel}","templated":true}]}}