{"id":1531,"date":"2009-02-14T22:29:48","date_gmt":"2009-02-14T21:29:48","guid":{"rendered":"http:\/\/www.traba.org\/trabablog\/?p=1531"},"modified":"2009-02-14T22:29:48","modified_gmt":"2009-02-14T21:29:48","slug":"casa-rural-al-llad","status":"publish","type":"post","link":"http:\/\/traba.org\/trabablog\/?p=1531","title":{"rendered":"Casa Rural al Llad&oacute;"},"content":{"rendered":"<p>Bueeeeno, un altre finde rural \ud83d\ude42<\/p>\n<p>Aqu\u00ed van les fotos.<\/p>\n<p>La casa es diu Mas Canals. I aquesta \u00e9s la cuina.<\/p>\n<p><a href=\"http:\/\/www.traba.org\/trabablog\/wp-content\/uploads\/2009\/02\/imgp3880.jpg\"><img loading=\"lazy\" decoding=\"async\" style=\"border-top-width: 0px; border-left-width: 0px; border-bottom-width: 0px; border-right-width: 0px\" height=\"364\" alt=\"IMGP3880\" src=\"http:\/\/www.traba.org\/trabablog\/wp-content\/uploads\/2009\/02\/imgp3880-thumb.jpg\" width=\"484\" border=\"0\"\/><\/a><\/p>\n<p>El t\u00e8 del Leo del mat\u00ed.<\/p>\n<p><a href=\"http:\/\/www.traba.org\/trabablog\/wp-content\/uploads\/2009\/02\/imgp3882.jpg\"><img loading=\"lazy\" decoding=\"async\" style=\"border-top-width: 0px; border-left-width: 0px; border-bottom-width: 0px; border-right-width: 0px\" height=\"364\" alt=\"IMGP3882\" src=\"http:\/\/www.traba.org\/trabablog\/wp-content\/uploads\/2009\/02\/imgp3882-thumb.jpg\" width=\"484\" border=\"0\"\/><\/a><\/p>\n<p>I les torrades amb Nutella.<\/p>\n<p><a href=\"http:\/\/www.traba.org\/trabablog\/wp-content\/uploads\/2009\/02\/imgp3884.jpg\"><img loading=\"lazy\" decoding=\"async\" style=\"border-top-width: 0px; border-left-width: 0px; border-bottom-width: 0px; border-right-width: 0px\" height=\"364\" alt=\"IMGP3884\" src=\"http:\/\/www.traba.org\/trabablog\/wp-content\/uploads\/2009\/02\/imgp3884-thumb.jpg\" width=\"484\" border=\"0\"\/><\/a><\/p>\n<p>&nbsp;&nbsp; El Guitar Hero despr\u00e9s d&#8217;esmorzar. Un p\u00e8l borrosa, per\u00f2 valia la pena.<\/p>\n<p><a href=\"http:\/\/www.traba.org\/trabablog\/wp-content\/uploads\/2009\/02\/imgp3889.jpg\"><img loading=\"lazy\" decoding=\"async\" style=\"border-top-width: 0px; border-left-width: 0px; border-bottom-width: 0px; border-right-width: 0px\" height=\"644\" alt=\"IMGP3889\" src=\"http:\/\/www.traba.org\/trabablog\/wp-content\/uploads\/2009\/02\/imgp3889-thumb.jpg\" width=\"484\" border=\"0\"\/><\/a><\/p>\n<p>Ja a Sant Pere de Roda.<\/p>\n<p><a href=\"http:\/\/www.traba.org\/trabablog\/wp-content\/uploads\/2009\/02\/2009-02-llado-002.jpg\"><img loading=\"lazy\" decoding=\"async\" style=\"border-top-width: 0px; border-left-width: 0px; border-bottom-width: 0px; border-right-width: 0px\" height=\"324\" alt=\"2009-02 Llado 002\" src=\"http:\/\/www.traba.org\/trabablog\/wp-content\/uploads\/2009\/02\/2009-02-llado-002-thumb.jpg\" width=\"484\" border=\"0\"\/><\/a><\/p>\n<p>Zoom 2 seconds later.<\/p>\n<p>&nbsp;<a href=\"http:\/\/www.traba.org\/trabablog\/wp-content\/uploads\/2009\/02\/2009-02-llado-003.jpg\"><img loading=\"lazy\" decoding=\"async\" style=\"border-top-width: 0px; border-left-width: 0px; border-bottom-width: 0px; border-right-width: 0px\" height=\"324\" alt=\"2009-02 Llado 003\" src=\"http:\/\/www.traba.org\/trabablog\/wp-content\/uploads\/2009\/02\/2009-02-llado-003-thumb.jpg\" width=\"484\" border=\"0\"\/><\/a><\/p>\n<p>4 seconds later.<\/p>\n<p>&nbsp;<a href=\"http:\/\/www.traba.org\/trabablog\/wp-content\/uploads\/2009\/02\/2009-02-llado-004.jpg\"><img loading=\"lazy\" decoding=\"async\" style=\"border-top-width: 0px; border-left-width: 0px; border-bottom-width: 0px; border-right-width: 0px\" height=\"324\" alt=\"2009-02 Llado 004\" src=\"http:\/\/www.traba.org\/trabablog\/wp-content\/uploads\/2009\/02\/2009-02-llado-004-thumb.jpg\" width=\"484\" border=\"0\"\/><\/a><\/p>\n<p>Dins del monestir.<\/p>\n<p>&nbsp;<a href=\"http:\/\/www.traba.org\/trabablog\/wp-content\/uploads\/2009\/02\/2009-02-llado-005.jpg\"><img loading=\"lazy\" decoding=\"async\" style=\"border-top-width: 0px; border-left-width: 0px; border-bottom-width: 0px; border-right-width: 0px\" height=\"324\" alt=\"2009-02 Llado 005\" src=\"http:\/\/www.traba.org\/trabablog\/wp-content\/uploads\/2009\/02\/2009-02-llado-005-thumb.jpg\" width=\"484\" border=\"0\"\/><\/a><\/p>\n<p>L&#8217;entrada principal.<\/p>\n<p>&nbsp;<a href=\"http:\/\/www.traba.org\/trabablog\/wp-content\/uploads\/2009\/02\/2009-02-llado-006.jpg\"><img loading=\"lazy\" decoding=\"async\" style=\"border-top-width: 0px; border-left-width: 0px; border-bottom-width: 0px; border-right-width: 0px\" height=\"644\" alt=\"2009-02 Llado 006\" src=\"http:\/\/www.traba.org\/trabablog\/wp-content\/uploads\/2009\/02\/2009-02-llado-006-thumb.jpg\" width=\"431\" border=\"0\"\/><\/a><\/p>\n<p>Ara nom\u00e9s l&#8217;Anna.<\/p>\n<p>&nbsp;<a href=\"http:\/\/www.traba.org\/trabablog\/wp-content\/uploads\/2009\/02\/2009-02-llado-007.jpg\"><img loading=\"lazy\" decoding=\"async\" style=\"border-top-width: 0px; border-left-width: 0px; border-bottom-width: 0px; border-right-width: 0px\" height=\"644\" alt=\"2009-02 Llado 007\" src=\"http:\/\/www.traba.org\/trabablog\/wp-content\/uploads\/2009\/02\/2009-02-llado-007-thumb.jpg\" width=\"431\" border=\"0\"\/><\/a><\/p>\n<p>Fent fotos.<\/p>\n<p><a href=\"http:\/\/www.traba.org\/trabablog\/wp-content\/uploads\/2009\/02\/imgp3908.jpg\"><img loading=\"lazy\" decoding=\"async\" style=\"border-right: 0px; border-top: 0px; border-left: 0px; border-bottom: 0px\" height=\"364\" alt=\"IMGP3908\" src=\"http:\/\/www.traba.org\/trabablog\/wp-content\/uploads\/2009\/02\/imgp3908-thumb.jpg\" width=\"484\" border=\"0\"\/><\/a><\/p>\n<p>Anna the gosht.<\/p>\n<p>&nbsp;<img loading=\"lazy\" decoding=\"async\" style=\"border-right: 0px; border-top: 0px; border-left: 0px; border-bottom: 0px\" height=\"364\" alt=\"IMGP3909\" src=\"http:\/\/www.traba.org\/trabablog\/wp-content\/uploads\/2009\/02\/imgp3909-thumb.jpg\" width=\"484\" border=\"0\"\/><\/p>\n<p>Les telaranyes de les finestres.<\/p>\n<p>&nbsp;<a href=\"http:\/\/www.traba.org\/trabablog\/wp-content\/uploads\/2009\/02\/imgp3909.jpg\"><img loading=\"lazy\" decoding=\"async\" style=\"border-top-width: 0px; border-left-width: 0px; border-bottom-width: 0px; border-right-width: 0px\" height=\"644\" alt=\"2009-02 Llado 011\" src=\"http:\/\/www.traba.org\/trabablog\/wp-content\/uploads\/2009\/02\/2009-02-llado-011-thumb.jpg\" width=\"431\" border=\"0\"\/> <\/a><\/p>\n<p>L&#8217;Anna li el mon\u00f3culo de l&#8217;Albert.<\/p>\n<p>&nbsp;<a href=\"http:\/\/www.traba.org\/trabablog\/wp-content\/uploads\/2009\/02\/2009-02-llado-013.jpg\"><img loading=\"lazy\" decoding=\"async\" style=\"border-top-width: 0px; border-left-width: 0px; border-bottom-width: 0px; border-right-width: 0px\" height=\"324\" alt=\"2009-02 Llado 013\" src=\"http:\/\/www.traba.org\/trabablog\/wp-content\/uploads\/2009\/02\/2009-02-llado-013-thumb.jpg\" width=\"484\" border=\"0\"\/><\/a><\/p>\n<p>oh! la cripta!!!<\/p>\n<p>&nbsp;<a href=\"http:\/\/www.traba.org\/trabablog\/wp-content\/uploads\/2009\/02\/2009-02-llado-015.jpg\"><img loading=\"lazy\" decoding=\"async\" style=\"border-top-width: 0px; border-left-width: 0px; border-bottom-width: 0px; border-right-width: 0px\" height=\"324\" alt=\"2009-02 Llado 015\" src=\"http:\/\/www.traba.org\/trabablog\/wp-content\/uploads\/2009\/02\/2009-02-llado-015-thumb.jpg\" width=\"484\" border=\"0\"\/><\/a><\/p>\n<p>ola ambulatori \ud83d\ude42 ni de finde ens oblidem d&#8217;on venim!!!<\/p>\n<p>&nbsp;<a href=\"http:\/\/www.traba.org\/trabablog\/wp-content\/uploads\/2009\/02\/2009-02-llado-017.jpg\"><img loading=\"lazy\" decoding=\"async\" style=\"border-top-width: 0px; border-left-width: 0px; border-bottom-width: 0px; border-right-width: 0px\" height=\"324\" alt=\"2009-02 Llado 017\" src=\"http:\/\/www.traba.org\/trabablog\/wp-content\/uploads\/2009\/02\/2009-02-llado-017-thumb.jpg\" width=\"484\" border=\"0\"\/><\/a><\/p>\n<p>Alguna de les sales que no recordo qu\u00e8 era.<\/p>\n<p>&nbsp;<a href=\"http:\/\/www.traba.org\/trabablog\/wp-content\/uploads\/2009\/02\/2009-02-llado-021.jpg\"><img loading=\"lazy\" decoding=\"async\" style=\"border-top-width: 0px; border-left-width: 0px; border-bottom-width: 0px; border-right-width: 0px\" height=\"324\" alt=\"2009-02 Llado 021\" src=\"http:\/\/www.traba.org\/trabablog\/wp-content\/uploads\/2009\/02\/2009-02-llado-021-thumb.jpg\" width=\"484\" border=\"0\"\/><\/a><\/p>\n<p>Now, full of people.<\/p>\n<p>&nbsp;<a href=\"http:\/\/www.traba.org\/trabablog\/wp-content\/uploads\/2009\/02\/2009-02-llado-023.jpg\"><img loading=\"lazy\" decoding=\"async\" style=\"border-top-width: 0px; border-left-width: 0px; border-bottom-width: 0px; border-right-width: 0px\" height=\"324\" alt=\"2009-02 Llado 023\" src=\"http:\/\/www.traba.org\/trabablog\/wp-content\/uploads\/2009\/02\/2009-02-llado-023-thumb.jpg\" width=\"484\" border=\"0\"\/><\/a><\/p>\n<p>Un altre rac\u00f3 del monestir.<\/p>\n<p>&nbsp;<a href=\"http:\/\/www.traba.org\/trabablog\/wp-content\/uploads\/2009\/02\/2009-02-llado-024.jpg\"><img loading=\"lazy\" decoding=\"async\" style=\"border-top-width: 0px; border-left-width: 0px; border-bottom-width: 0px; border-right-width: 0px\" height=\"324\" alt=\"2009-02 Llado 024\" src=\"http:\/\/www.traba.org\/trabablog\/wp-content\/uploads\/2009\/02\/2009-02-llado-024-thumb.jpg\" width=\"484\" border=\"0\"\/><\/a><\/p>\n<p>Musgo.<\/p>\n<p>&nbsp;<a href=\"http:\/\/www.traba.org\/trabablog\/wp-content\/uploads\/2009\/02\/2009-02-llado-029.jpg\"><img loading=\"lazy\" decoding=\"async\" style=\"border-top-width: 0px; border-left-width: 0px; border-bottom-width: 0px; border-right-width: 0px\" height=\"324\" alt=\"2009-02 Llado 029\" src=\"http:\/\/www.traba.org\/trabablog\/wp-content\/uploads\/2009\/02\/2009-02-llado-029-thumb.jpg\" width=\"484\" border=\"0\"\/><\/a><\/p>\n<p>LA llum al final del t\u00fanel.<\/p>\n<p>&nbsp;<a href=\"http:\/\/www.traba.org\/trabablog\/wp-content\/uploads\/2009\/02\/2009-02-llado-031.jpg\"><img loading=\"lazy\" decoding=\"async\" style=\"border-top-width: 0px; border-left-width: 0px; border-bottom-width: 0px; border-right-width: 0px\" height=\"324\" alt=\"2009-02 Llado 031\" src=\"http:\/\/www.traba.org\/trabablog\/wp-content\/uploads\/2009\/02\/2009-02-llado-031-thumb.jpg\" width=\"484\" border=\"0\"\/><\/a><\/p>\n<p>Esperant el v\u00eddeo que parlava en primera persona del monestir. A qui se li va ocorrer????<\/p>\n<p>&nbsp;<a href=\"http:\/\/www.traba.org\/trabablog\/wp-content\/uploads\/2009\/02\/2009-02-llado-036.jpg\"><img loading=\"lazy\" decoding=\"async\" style=\"border-top-width: 0px; border-left-width: 0px; border-bottom-width: 0px; border-right-width: 0px\" height=\"324\" alt=\"2009-02 Llado 036\" src=\"http:\/\/www.traba.org\/trabablog\/wp-content\/uploads\/2009\/02\/2009-02-llado-036-thumb.jpg\" width=\"484\" border=\"0\"\/><\/a><\/p>\n<p>En la despensa.<\/p>\n<p>&nbsp;<a href=\"http:\/\/www.traba.org\/trabablog\/wp-content\/uploads\/2009\/02\/2009-02-llado-042.jpg\"><img loading=\"lazy\" decoding=\"async\" style=\"border-top-width: 0px; border-left-width: 0px; border-bottom-width: 0px; border-right-width: 0px\" height=\"324\" alt=\"2009-02 Llado 042\" src=\"http:\/\/www.traba.org\/trabablog\/wp-content\/uploads\/2009\/02\/2009-02-llado-042-thumb.jpg\" width=\"484\" border=\"0\"\/><\/a><\/p>\n<p>Artistic picture.<\/p>\n<p><a href=\"http:\/\/www.traba.org\/trabablog\/wp-content\/uploads\/2009\/02\/2009-02-llado-045.jpg\"><img loading=\"lazy\" decoding=\"async\" style=\"border-top-width: 0px; border-left-width: 0px; border-bottom-width: 0px; border-right-width: 0px\" height=\"324\" alt=\"2009-02 Llado 045\" src=\"http:\/\/www.traba.org\/trabablog\/wp-content\/uploads\/2009\/02\/2009-02-llado-045-thumb.jpg\" width=\"484\" border=\"0\"\/><\/a><\/p>\n<p>Two of them.<\/p>\n<p><a href=\"http:\/\/www.traba.org\/trabablog\/wp-content\/uploads\/2009\/02\/imgp3925.jpg\"><img loading=\"lazy\" decoding=\"async\" style=\"border-right: 0px; border-top: 0px; border-left: 0px; border-bottom: 0px\" height=\"364\" alt=\"IMGP3925\" src=\"http:\/\/www.traba.org\/trabablog\/wp-content\/uploads\/2009\/02\/imgp3925-thumb.jpg\" width=\"484\" border=\"0\"\/><\/a><\/p>\n<p>Una altra perspectiva. <\/p>\n<p>&nbsp;<a href=\"http:\/\/www.traba.org\/trabablog\/wp-content\/uploads\/2009\/02\/2009-02-llado-050.jpg\"><img loading=\"lazy\" decoding=\"async\" style=\"border-top-width: 0px; border-left-width: 0px; border-bottom-width: 0px; border-right-width: 0px\" height=\"324\" alt=\"2009-02 Llado 050\" src=\"http:\/\/www.traba.org\/trabablog\/wp-content\/uploads\/2009\/02\/2009-02-llado-050-thumb.jpg\" width=\"484\" border=\"0\"\/><\/a><\/p>\n<p>Brrr! Feia molt de fred!!!!<\/p>\n<p>&nbsp;<a href=\"http:\/\/www.traba.org\/trabablog\/wp-content\/uploads\/2009\/02\/2009-02-llado-052.jpg\"><img loading=\"lazy\" decoding=\"async\" style=\"border-top-width: 0px; border-left-width: 0px; border-bottom-width: 0px; border-right-width: 0px\" height=\"324\" alt=\"2009-02 Llado 052\" src=\"http:\/\/www.traba.org\/trabablog\/wp-content\/uploads\/2009\/02\/2009-02-llado-052-thumb.jpg\" width=\"484\" border=\"0\"\/><\/a><\/p>\n<p>Do not pass.<\/p>\n<p>&nbsp;<a href=\"http:\/\/www.traba.org\/trabablog\/wp-content\/uploads\/2009\/02\/2009-02-llado-053.jpg\"><img loading=\"lazy\" decoding=\"async\" style=\"border-top-width: 0px; border-left-width: 0px; border-bottom-width: 0px; border-right-width: 0px\" height=\"324\" alt=\"2009-02 Llado 053\" src=\"http:\/\/www.traba.org\/trabablog\/wp-content\/uploads\/2009\/02\/2009-02-llado-053-thumb.jpg\" width=\"484\" border=\"0\"\/><\/a><\/p>\n<p>La torre.<\/p>\n<p>&nbsp;<a href=\"http:\/\/www.traba.org\/trabablog\/wp-content\/uploads\/2009\/02\/2009-02-llado-055.jpg\"><img loading=\"lazy\" decoding=\"async\" style=\"border-top-width: 0px; border-left-width: 0px; border-bottom-width: 0px; border-right-width: 0px\" height=\"324\" alt=\"2009-02 Llado 055\" src=\"http:\/\/www.traba.org\/trabablog\/wp-content\/uploads\/2009\/02\/2009-02-llado-055-thumb.jpg\" width=\"484\" border=\"0\"\/><\/a><\/p>\n<p>Wandering&#8230;<\/p>\n<p>&nbsp;<a href=\"http:\/\/www.traba.org\/trabablog\/wp-content\/uploads\/2009\/02\/2009-02-llado-056.jpg\"><img loading=\"lazy\" decoding=\"async\" style=\"border-top-width: 0px; border-left-width: 0px; border-bottom-width: 0px; border-right-width: 0px\" height=\"324\" alt=\"2009-02 Llado 056\" src=\"http:\/\/www.traba.org\/trabablog\/wp-content\/uploads\/2009\/02\/2009-02-llado-056-thumb.jpg\" width=\"484\" border=\"0\"\/><\/a><\/p>\n<p>El campanar per dins.<\/p>\n<p>&nbsp;<a href=\"http:\/\/www.traba.org\/trabablog\/wp-content\/uploads\/2009\/02\/2009-02-llado-060.jpg\"><img loading=\"lazy\" decoding=\"async\" style=\"border-top-width: 0px; border-left-width: 0px; border-bottom-width: 0px; border-right-width: 0px\" height=\"644\" alt=\"2009-02 Llado 060\" src=\"http:\/\/www.traba.org\/trabablog\/wp-content\/uploads\/2009\/02\/2009-02-llado-060-thumb.jpg\" width=\"431\" border=\"0\"\/><\/a><\/p>\n<p>I us pensareu, han estat tot el dia al monestir?&nbsp; Pues si. Casi.<\/p>\n<p><a href=\"http:\/\/www.traba.org\/trabablog\/wp-content\/uploads\/2009\/02\/2009-02-llado-061.jpg\"><img loading=\"lazy\" decoding=\"async\" style=\"border-right: 0px; border-top: 0px; border-left: 0px; border-bottom: 0px\" height=\"324\" alt=\"2009-02 Llado 061\" src=\"http:\/\/www.traba.org\/trabablog\/wp-content\/uploads\/2009\/02\/2009-02-llado-061-thumb.jpg\" width=\"484\" border=\"0\"\/><\/a><\/p>\n<p>La carretera serpenteante.<\/p>\n<p><a href=\"http:\/\/www.traba.org\/trabablog\/wp-content\/uploads\/2009\/02\/2009-02-llado-068.jpg\"><img loading=\"lazy\" decoding=\"async\" style=\"border-right: 0px; border-top: 0px; border-left: 0px; border-bottom: 0px\" height=\"644\" alt=\"2009-02 Llado 068\" src=\"http:\/\/www.traba.org\/trabablog\/wp-content\/uploads\/2009\/02\/2009-02-llado-068-thumb.jpg\" width=\"431\" border=\"0\"\/><\/a><\/p>\n<p>Santa Elena.<\/p>\n<p>&nbsp;<a href=\"http:\/\/www.traba.org\/trabablog\/wp-content\/uploads\/2009\/02\/2009-02-llado-069.jpg\"><img loading=\"lazy\" decoding=\"async\" style=\"border-right: 0px; border-top: 0px; border-left: 0px; border-bottom: 0px\" height=\"324\" alt=\"2009-02 Llado 069\" src=\"http:\/\/www.traba.org\/trabablog\/wp-content\/uploads\/2009\/02\/2009-02-llado-069-thumb.jpg\" width=\"484\" border=\"0\"\/><\/a><\/p>\n<p>Buscant el Geocach\u00e9. <\/p>\n<p><a href=\"http:\/\/www.traba.org\/trabablog\/wp-content\/uploads\/2009\/02\/2009-02-llado-072.jpg\"><img loading=\"lazy\" decoding=\"async\" style=\"border-right: 0px; border-top: 0px; border-left: 0px; border-bottom: 0px\" height=\"324\" alt=\"2009-02 Llado 071\" src=\"http:\/\/www.traba.org\/trabablog\/wp-content\/uploads\/2009\/02\/2009-02-llado-071-thumb.jpg\" width=\"484\" border=\"0\"\/><img loading=\"lazy\" decoding=\"async\" style=\"border-right: 0px; border-top: 0px; border-left: 0px; border-bottom: 0px\" height=\"324\" alt=\"2009-02 Llado 072\" src=\"http:\/\/www.traba.org\/trabablog\/wp-content\/uploads\/2009\/02\/2009-02-llado-072-thumb.jpg\" width=\"484\" border=\"0\"\/><\/a><\/p>\n<p><a href=\"http:\/\/www.geocaching.com\/seek\/cache_details.aspx?guid=c4f10632-ffe7-4e04-a883-65a770dcdc83\">Found it!<\/a><\/p>\n<p>&nbsp; <a href=\"http:\/\/www.traba.org\/trabablog\/wp-content\/uploads\/2009\/02\/2009-02-llado-075.jpg\"><img loading=\"lazy\" decoding=\"async\" style=\"border-right: 0px; border-top: 0px; border-left: 0px; border-bottom: 0px\" height=\"324\" alt=\"2009-02 Llado 075\" src=\"http:\/\/www.traba.org\/trabablog\/wp-content\/uploads\/2009\/02\/2009-02-llado-075-thumb.jpg\" width=\"484\" border=\"0\"\/><\/a><\/p>\n<p>&nbsp;<a href=\"http:\/\/www.traba.org\/trabablog\/wp-content\/uploads\/2009\/02\/2009-02-llado-076.jpg\"><img loading=\"lazy\" decoding=\"async\" style=\"border-right: 0px; border-top: 0px; border-left: 0px; border-bottom: 0px\" height=\"324\" alt=\"2009-02 Llado 076\" src=\"http:\/\/www.traba.org\/trabablog\/wp-content\/uploads\/2009\/02\/2009-02-llado-076-thumb.jpg\" width=\"484\" border=\"0\"\/><\/a><\/p>\n<p><a href=\"http:\/\/www.traba.org\/trabablog\/wp-content\/uploads\/2009\/02\/2009-02-llado-078.jpg\"><img loading=\"lazy\" decoding=\"async\" style=\"border-right: 0px; border-top: 0px; border-left: 0px; border-bottom: 0px\" height=\"324\" alt=\"2009-02 Llado 077\" src=\"http:\/\/www.traba.org\/trabablog\/wp-content\/uploads\/2009\/02\/2009-02-llado-077-thumb.jpg\" width=\"484\" border=\"0\"\/><\/a><\/p>\n<p>I&nbsp; el llapis d&#8217;Ikea!<\/p>\n<p><img loading=\"lazy\" decoding=\"async\" style=\"border-right: 0px; border-top: 0px; border-left: 0px; border-bottom: 0px\" height=\"324\" alt=\"2009-02 Llado 078\" src=\"http:\/\/www.traba.org\/trabablog\/wp-content\/uploads\/2009\/02\/2009-02-llado-078-thumb.jpg\" width=\"484\" border=\"0\"\/><\/p>\n<p>El escondite.<\/p>\n<p>&nbsp; <a href=\"http:\/\/www.traba.org\/trabablog\/wp-content\/uploads\/2009\/02\/2009-02-llado-079.jpg\"><img loading=\"lazy\" decoding=\"async\" style=\"border-right: 0px; border-top: 0px; border-left: 0px; border-bottom: 0px\" height=\"324\" alt=\"2009-02 Llado 079\" src=\"http:\/\/www.traba.org\/trabablog\/wp-content\/uploads\/2009\/02\/2009-02-llado-079-thumb.jpg\" width=\"484\" border=\"0\"\/><\/a><\/p>\n<p>Tornant al cotxe. <\/p>\n<p><a href=\"http:\/\/www.traba.org\/trabablog\/wp-content\/uploads\/2009\/02\/2009-02-llado-081.jpg\"><img loading=\"lazy\" decoding=\"async\" style=\"border-right: 0px; border-top: 0px; border-left: 0px; border-bottom: 0px\" height=\"324\" alt=\"2009-02 Llado 081\" src=\"http:\/\/www.traba.org\/trabablog\/wp-content\/uploads\/2009\/02\/2009-02-llado-081-thumb.jpg\" width=\"484\" border=\"0\"\/><\/a><\/p>\n<p>Feia vent i fred. I com tothom sap, pel cap es perd el 80% de la calor corpral.<\/p>\n<p>&nbsp;<a href=\"http:\/\/www.traba.org\/trabablog\/wp-content\/uploads\/2009\/02\/2009-02-llado-083.jpg\"><img loading=\"lazy\" decoding=\"async\" style=\"border-right: 0px; border-top: 0px; border-left: 0px; border-bottom: 0px\" height=\"324\" alt=\"2009-02 Llado 083\" src=\"http:\/\/www.traba.org\/trabablog\/wp-content\/uploads\/2009\/02\/2009-02-llado-083-thumb.jpg\" width=\"484\" border=\"0\"\/><\/a><\/p>\n<p>Little disaster! <\/p>\n<p><a href=\"http:\/\/www.traba.org\/trabablog\/wp-content\/uploads\/2009\/02\/2009-02-llado-086.jpg\"><img loading=\"lazy\" decoding=\"async\" style=\"border-right: 0px; border-top: 0px; border-left: 0px; border-bottom: 0px\" height=\"324\" alt=\"2009-02 Llado 086\" src=\"http:\/\/www.traba.org\/trabablog\/wp-content\/uploads\/2009\/02\/2009-02-llado-086-thumb.jpg\" width=\"484\" border=\"0\"\/><\/a><\/p>\n<p>Tomorrow more!<\/p>\n<p>Lui, \u00e1nimos! <\/p>\n","protected":false},"excerpt":{"rendered":"<p>Bueeeeno, un altre finde rural \ud83d\ude42 Aqu\u00ed van les fotos. La casa es diu Mas Canals. I aquesta \u00e9s la cuina. El t\u00e8 del Leo del mat\u00ed. I les torrades&#8230;<\/p>\n","protected":false},"author":5,"featured_media":0,"comment_status":"open","ping_status":"open","sticky":false,"template":"","format":"standard","meta":{"_monsterinsights_skip_tracking":false,"_monsterinsights_sitenote_active":false,"_monsterinsights_sitenote_note":"","_monsterinsights_sitenote_category":0,"footnotes":""},"categories":[9],"tags":[],"class_list":["post-1531","post","type-post","status-publish","format-standard","hentry","category-celebracions-varies"],"_links":{"self":[{"href":"http:\/\/traba.org\/trabablog\/index.php?rest_route=\/wp\/v2\/posts\/1531","targetHints":{"allow":["GET"]}}],"collection":[{"href":"http:\/\/traba.org\/trabablog\/index.php?rest_route=\/wp\/v2\/posts"}],"about":[{"href":"http:\/\/traba.org\/trabablog\/index.php?rest_route=\/wp\/v2\/types\/post"}],"author":[{"embeddable":true,"href":"http:\/\/traba.org\/trabablog\/index.php?rest_route=\/wp\/v2\/users\/5"}],"replies":[{"embeddable":true,"href":"http:\/\/traba.org\/trabablog\/index.php?rest_route=%2Fwp%2Fv2%2Fcomments&post=1531"}],"version-history":[{"count":0,"href":"http:\/\/traba.org\/trabablog\/index.php?rest_route=\/wp\/v2\/posts\/1531\/revisions"}],"wp:attachment":[{"href":"http:\/\/traba.org\/trabablog\/index.php?rest_route=%2Fwp%2Fv2%2Fmedia&parent=1531"}],"wp:term":[{"taxonomy":"category","embeddable":true,"href":"http:\/\/traba.org\/trabablog\/index.php?rest_route=%2Fwp%2Fv2%2Fcategories&post=1531"},{"taxonomy":"post_tag","embeddable":true,"href":"http:\/\/traba.org\/trabablog\/index.php?rest_route=%2Fwp%2Fv2%2Ftags&post=1531"}],"curies":[{"name":"wp","href":"https:\/\/api.w.org\/{rel}","templated":true}]}}