{"id":15636,"date":"2018-07-29T08:46:06","date_gmt":"2018-07-29T06:46:06","guid":{"rendered":"http:\/\/www.traba.org\/trabablog\/?p=15636"},"modified":"2018-08-05T00:30:03","modified_gmt":"2018-08-04T22:30:03","slug":"the-incident","status":"publish","type":"post","link":"http:\/\/traba.org\/trabablog\/?p=15636","title":{"rendered":"the incident"},"content":{"rendered":"<p>un element decoratiu de la casa graci\u00f3s.<img loading=\"lazy\" decoding=\"async\" class=\"aligncenter wp-image-15637 size-large\" src=\"http:\/\/www.traba.org\/trabablog\/wp-content\/uploads\/2018\/07\/20180728_094902-e1532842973533-768x1024.jpg\" alt=\"\" width=\"700\" height=\"933\" srcset=\"http:\/\/traba.org\/trabablog\/wp-content\/uploads\/2018\/07\/20180728_094902-e1532842973533-768x1024.jpg 768w, http:\/\/traba.org\/trabablog\/wp-content\/uploads\/2018\/07\/20180728_094902-e1532842973533-225x300.jpg 225w, http:\/\/traba.org\/trabablog\/wp-content\/uploads\/2018\/07\/20180728_094902-e1532842973533-261x348.jpg 261w, http:\/\/traba.org\/trabablog\/wp-content\/uploads\/2018\/07\/20180728_094902-e1532842973533-688x917.jpg 688w\" sizes=\"auto, (max-width: 700px) 100vw, 700px\" \/> i ahir dissabte vam tornar a agafar l&#8217;autob\u00fas per anar al parc preferit dels nens i dels pares danesos.<img loading=\"lazy\" decoding=\"async\" class=\"aligncenter size-large wp-image-15638\" src=\"http:\/\/www.traba.org\/trabablog\/wp-content\/uploads\/2018\/07\/20180728_102732-1024x768.jpg\" alt=\"\" width=\"700\" height=\"525\" srcset=\"http:\/\/traba.org\/trabablog\/wp-content\/uploads\/2018\/07\/20180728_102732-1024x768.jpg 1024w, http:\/\/traba.org\/trabablog\/wp-content\/uploads\/2018\/07\/20180728_102732-300x225.jpg 300w, http:\/\/traba.org\/trabablog\/wp-content\/uploads\/2018\/07\/20180728_102732-768x576.jpg 768w, http:\/\/traba.org\/trabablog\/wp-content\/uploads\/2018\/07\/20180728_102732-460x345.jpg 460w, http:\/\/traba.org\/trabablog\/wp-content\/uploads\/2018\/07\/20180728_102732-688x516.jpg 688w\" sizes=\"auto, (max-width: 700px) 100vw, 700px\" \/> de cam\u00ed al parc hi ha el cementiri\u00a0Assistens Kirkeg\u00e5rd que no nom\u00e9s enterren a la gent sin\u00f3 que van a passar el rato: prendre el sol, fer el picnic, i fins i tot hi ha un playground. en aquest cementiri hi estan enterrats entre altra molta gent\u00a0Hans Christian Andersen i\u00a0Niels Bohr.<img loading=\"lazy\" decoding=\"async\" class=\"aligncenter wp-image-15639 size-large\" src=\"http:\/\/www.traba.org\/trabablog\/wp-content\/uploads\/2018\/07\/20180728_103150-e1532843002959-768x1024.jpg\" alt=\"\" width=\"700\" height=\"933\" srcset=\"http:\/\/traba.org\/trabablog\/wp-content\/uploads\/2018\/07\/20180728_103150-e1532843002959-768x1024.jpg 768w, http:\/\/traba.org\/trabablog\/wp-content\/uploads\/2018\/07\/20180728_103150-e1532843002959-225x300.jpg 225w, http:\/\/traba.org\/trabablog\/wp-content\/uploads\/2018\/07\/20180728_103150-e1532843002959-261x348.jpg 261w, http:\/\/traba.org\/trabablog\/wp-content\/uploads\/2018\/07\/20180728_103150-e1532843002959-688x917.jpg 688w\" sizes=\"auto, (max-width: 700px) 100vw, 700px\" \/> i despr\u00e9s de cam\u00ed a\u00a0N\u00f8rrebroparken &#8211; Legeplads pel carrer\u00a0Kronborggade&#8230; &#8216;cosy&#8217; segons els danesos.<img loading=\"lazy\" decoding=\"async\" class=\"aligncenter wp-image-15640 size-large\" src=\"http:\/\/www.traba.org\/trabablog\/wp-content\/uploads\/2018\/07\/20180728_104254-e1532843021285-768x1024.jpg\" alt=\"\" width=\"700\" height=\"933\" srcset=\"http:\/\/traba.org\/trabablog\/wp-content\/uploads\/2018\/07\/20180728_104254-e1532843021285-768x1024.jpg 768w, http:\/\/traba.org\/trabablog\/wp-content\/uploads\/2018\/07\/20180728_104254-e1532843021285-225x300.jpg 225w, http:\/\/traba.org\/trabablog\/wp-content\/uploads\/2018\/07\/20180728_104254-e1532843021285-261x348.jpg 261w, http:\/\/traba.org\/trabablog\/wp-content\/uploads\/2018\/07\/20180728_104254-e1532843021285-688x917.jpg 688w\" sizes=\"auto, (max-width: 700px) 100vw, 700px\" \/> i al coffee collective&#8230;<img loading=\"lazy\" decoding=\"async\" class=\"aligncenter size-large wp-image-15641\" src=\"http:\/\/www.traba.org\/trabablog\/wp-content\/uploads\/2018\/07\/fullsizeoutput_adf5-1024x1024.jpeg\" alt=\"\" width=\"700\" height=\"700\" srcset=\"http:\/\/traba.org\/trabablog\/wp-content\/uploads\/2018\/07\/fullsizeoutput_adf5-1024x1024.jpeg 1024w, http:\/\/traba.org\/trabablog\/wp-content\/uploads\/2018\/07\/fullsizeoutput_adf5-150x150.jpeg 150w, http:\/\/traba.org\/trabablog\/wp-content\/uploads\/2018\/07\/fullsizeoutput_adf5-300x300.jpeg 300w, http:\/\/traba.org\/trabablog\/wp-content\/uploads\/2018\/07\/fullsizeoutput_adf5-768x768.jpeg 768w, http:\/\/traba.org\/trabablog\/wp-content\/uploads\/2018\/07\/fullsizeoutput_adf5-200x200.jpeg 200w, http:\/\/traba.org\/trabablog\/wp-content\/uploads\/2018\/07\/fullsizeoutput_adf5-348x348.jpeg 348w, http:\/\/traba.org\/trabablog\/wp-content\/uploads\/2018\/07\/fullsizeoutput_adf5-688x688.jpeg 688w\" sizes=\"auto, (max-width: 700px) 100vw, 700px\" \/> al segon esmorzar: cinnamon roll i brownie. bon\u00edssims.<img loading=\"lazy\" decoding=\"async\" class=\"aligncenter size-large wp-image-15642\" src=\"http:\/\/www.traba.org\/trabablog\/wp-content\/uploads\/2018\/07\/IMG_0117-1024x768.jpg\" alt=\"\" width=\"700\" height=\"525\" srcset=\"http:\/\/traba.org\/trabablog\/wp-content\/uploads\/2018\/07\/IMG_0117-1024x768.jpg 1024w, http:\/\/traba.org\/trabablog\/wp-content\/uploads\/2018\/07\/IMG_0117-300x225.jpg 300w, http:\/\/traba.org\/trabablog\/wp-content\/uploads\/2018\/07\/IMG_0117-768x576.jpg 768w, http:\/\/traba.org\/trabablog\/wp-content\/uploads\/2018\/07\/IMG_0117-460x345.jpg 460w, http:\/\/traba.org\/trabablog\/wp-content\/uploads\/2018\/07\/IMG_0117-688x516.jpg 688w\" sizes=\"auto, (max-width: 700px) 100vw, 700px\" \/> i segons el dan\u00e8s, el millor caf\u00e8 de dinamarca. est\u00e0 pretty good \ud83d\ude42<img loading=\"lazy\" decoding=\"async\" class=\"aligncenter wp-image-15643 size-large\" src=\"http:\/\/www.traba.org\/trabablog\/wp-content\/uploads\/2018\/07\/IMG_0119-e1532843060805-768x1024.jpg\" alt=\"\" width=\"700\" height=\"933\" srcset=\"http:\/\/traba.org\/trabablog\/wp-content\/uploads\/2018\/07\/IMG_0119-e1532843060805-768x1024.jpg 768w, http:\/\/traba.org\/trabablog\/wp-content\/uploads\/2018\/07\/IMG_0119-e1532843060805-225x300.jpg 225w, http:\/\/traba.org\/trabablog\/wp-content\/uploads\/2018\/07\/IMG_0119-e1532843060805-261x348.jpg 261w, http:\/\/traba.org\/trabablog\/wp-content\/uploads\/2018\/07\/IMG_0119-e1532843060805-688x917.jpg 688w\" sizes=\"auto, (max-width: 700px) 100vw, 700px\" \/> i ja al playground, hi ha un senyor que el cuida constantment.<img loading=\"lazy\" decoding=\"async\" class=\"aligncenter wp-image-15644 size-large\" src=\"http:\/\/www.traba.org\/trabablog\/wp-content\/uploads\/2018\/07\/20180728_112244-e1532843327900-768x1024.jpg\" alt=\"\" width=\"700\" height=\"933\" srcset=\"http:\/\/traba.org\/trabablog\/wp-content\/uploads\/2018\/07\/20180728_112244-e1532843327900-768x1024.jpg 768w, http:\/\/traba.org\/trabablog\/wp-content\/uploads\/2018\/07\/20180728_112244-e1532843327900-225x300.jpg 225w, http:\/\/traba.org\/trabablog\/wp-content\/uploads\/2018\/07\/20180728_112244-e1532843327900-261x348.jpg 261w, http:\/\/traba.org\/trabablog\/wp-content\/uploads\/2018\/07\/20180728_112244-e1532843327900-688x917.jpg 688w\" sizes=\"auto, (max-width: 700px) 100vw, 700px\" \/> <img loading=\"lazy\" decoding=\"async\" class=\"aligncenter size-large wp-image-15645\" src=\"http:\/\/www.traba.org\/trabablog\/wp-content\/uploads\/2018\/07\/20180728_113914-1024x768.jpg\" alt=\"\" width=\"700\" height=\"525\" srcset=\"http:\/\/traba.org\/trabablog\/wp-content\/uploads\/2018\/07\/20180728_113914-1024x768.jpg 1024w, http:\/\/traba.org\/trabablog\/wp-content\/uploads\/2018\/07\/20180728_113914-300x225.jpg 300w, http:\/\/traba.org\/trabablog\/wp-content\/uploads\/2018\/07\/20180728_113914-768x576.jpg 768w, http:\/\/traba.org\/trabablog\/wp-content\/uploads\/2018\/07\/20180728_113914-460x345.jpg 460w, http:\/\/traba.org\/trabablog\/wp-content\/uploads\/2018\/07\/20180728_113914-688x516.jpg 688w\" sizes=\"auto, (max-width: 700px) 100vw, 700px\" \/> el f\u00e8lix recent despertat de la migdiada matutina.<img loading=\"lazy\" decoding=\"async\" class=\"aligncenter wp-image-15646 size-large\" src=\"http:\/\/www.traba.org\/trabablog\/wp-content\/uploads\/2018\/07\/20180728_114137-e1532843350372-768x1024.jpg\" alt=\"\" width=\"700\" height=\"933\" srcset=\"http:\/\/traba.org\/trabablog\/wp-content\/uploads\/2018\/07\/20180728_114137-e1532843350372-768x1024.jpg 768w, http:\/\/traba.org\/trabablog\/wp-content\/uploads\/2018\/07\/20180728_114137-e1532843350372-225x300.jpg 225w, http:\/\/traba.org\/trabablog\/wp-content\/uploads\/2018\/07\/20180728_114137-e1532843350372-261x348.jpg 261w, http:\/\/traba.org\/trabablog\/wp-content\/uploads\/2018\/07\/20180728_114137-e1532843350372-688x917.jpg 688w\" sizes=\"auto, (max-width: 700px) 100vw, 700px\" \/> a tots els parcs hi ha tricicles per c\u00f3rrer.<img loading=\"lazy\" decoding=\"async\" class=\"aligncenter size-large wp-image-15647\" src=\"http:\/\/www.traba.org\/trabablog\/wp-content\/uploads\/2018\/07\/fullsizeoutput_ad99-1024x1024.jpeg\" alt=\"\" width=\"700\" height=\"700\" srcset=\"http:\/\/traba.org\/trabablog\/wp-content\/uploads\/2018\/07\/fullsizeoutput_ad99-1024x1024.jpeg 1024w, http:\/\/traba.org\/trabablog\/wp-content\/uploads\/2018\/07\/fullsizeoutput_ad99-150x150.jpeg 150w, http:\/\/traba.org\/trabablog\/wp-content\/uploads\/2018\/07\/fullsizeoutput_ad99-300x300.jpeg 300w, http:\/\/traba.org\/trabablog\/wp-content\/uploads\/2018\/07\/fullsizeoutput_ad99-768x768.jpeg 768w, http:\/\/traba.org\/trabablog\/wp-content\/uploads\/2018\/07\/fullsizeoutput_ad99-200x200.jpeg 200w, http:\/\/traba.org\/trabablog\/wp-content\/uploads\/2018\/07\/fullsizeoutput_ad99-348x348.jpeg 348w, http:\/\/traba.org\/trabablog\/wp-content\/uploads\/2018\/07\/fullsizeoutput_ad99-688x688.jpeg 688w\" sizes=\"auto, (max-width: 700px) 100vw, 700px\" \/> jo per aquest tobogan no m&#8217;hi hagu\u00e9s tirat.<img loading=\"lazy\" decoding=\"async\" class=\"aligncenter wp-image-15648 size-large\" src=\"http:\/\/www.traba.org\/trabablog\/wp-content\/uploads\/2018\/07\/IMG_0155-e1532843370546-768x1024.jpg\" alt=\"\" width=\"700\" height=\"933\" srcset=\"http:\/\/traba.org\/trabablog\/wp-content\/uploads\/2018\/07\/IMG_0155-e1532843370546-768x1024.jpg 768w, http:\/\/traba.org\/trabablog\/wp-content\/uploads\/2018\/07\/IMG_0155-e1532843370546-225x300.jpg 225w, http:\/\/traba.org\/trabablog\/wp-content\/uploads\/2018\/07\/IMG_0155-e1532843370546-261x348.jpg 261w, http:\/\/traba.org\/trabablog\/wp-content\/uploads\/2018\/07\/IMG_0155-e1532843370546-688x917.jpg 688w\" sizes=\"auto, (max-width: 700px) 100vw, 700px\" \/> <img loading=\"lazy\" decoding=\"async\" class=\"aligncenter wp-image-15649 size-large\" src=\"http:\/\/www.traba.org\/trabablog\/wp-content\/uploads\/2018\/07\/IMG_0161-e1532843405488-768x1024.jpg\" alt=\"\" width=\"700\" height=\"933\" srcset=\"http:\/\/traba.org\/trabablog\/wp-content\/uploads\/2018\/07\/IMG_0161-e1532843405488-768x1024.jpg 768w, http:\/\/traba.org\/trabablog\/wp-content\/uploads\/2018\/07\/IMG_0161-e1532843405488-225x300.jpg 225w, http:\/\/traba.org\/trabablog\/wp-content\/uploads\/2018\/07\/IMG_0161-e1532843405488-261x348.jpg 261w, http:\/\/traba.org\/trabablog\/wp-content\/uploads\/2018\/07\/IMG_0161-e1532843405488-688x917.jpg 688w\" sizes=\"auto, (max-width: 700px) 100vw, 700px\" \/> <img loading=\"lazy\" decoding=\"async\" class=\"aligncenter size-large wp-image-15650\" src=\"http:\/\/www.traba.org\/trabablog\/wp-content\/uploads\/2018\/07\/DSCF8014-1024x680.jpg\" alt=\"\" width=\"700\" height=\"465\" srcset=\"http:\/\/traba.org\/trabablog\/wp-content\/uploads\/2018\/07\/DSCF8014-1024x680.jpg 1024w, http:\/\/traba.org\/trabablog\/wp-content\/uploads\/2018\/07\/DSCF8014-300x199.jpg 300w, http:\/\/traba.org\/trabablog\/wp-content\/uploads\/2018\/07\/DSCF8014-768x510.jpg 768w, http:\/\/traba.org\/trabablog\/wp-content\/uploads\/2018\/07\/DSCF8014-600x400.jpg 600w, http:\/\/traba.org\/trabablog\/wp-content\/uploads\/2018\/07\/DSCF8014-460x306.jpg 460w, http:\/\/traba.org\/trabablog\/wp-content\/uploads\/2018\/07\/DSCF8014-688x457.jpg 688w\" sizes=\"auto, (max-width: 700px) 100vw, 700px\" \/> explicant-me coses.<img loading=\"lazy\" decoding=\"async\" class=\"aligncenter size-large wp-image-15651\" src=\"http:\/\/www.traba.org\/trabablog\/wp-content\/uploads\/2018\/07\/DSCF8015-1024x680.jpg\" alt=\"\" width=\"700\" height=\"465\" srcset=\"http:\/\/traba.org\/trabablog\/wp-content\/uploads\/2018\/07\/DSCF8015-1024x680.jpg 1024w, http:\/\/traba.org\/trabablog\/wp-content\/uploads\/2018\/07\/DSCF8015-300x199.jpg 300w, http:\/\/traba.org\/trabablog\/wp-content\/uploads\/2018\/07\/DSCF8015-768x510.jpg 768w, http:\/\/traba.org\/trabablog\/wp-content\/uploads\/2018\/07\/DSCF8015-600x400.jpg 600w, http:\/\/traba.org\/trabablog\/wp-content\/uploads\/2018\/07\/DSCF8015-460x306.jpg 460w, http:\/\/traba.org\/trabablog\/wp-content\/uploads\/2018\/07\/DSCF8015-688x457.jpg 688w\" sizes=\"auto, (max-width: 700px) 100vw, 700px\" \/> <img loading=\"lazy\" decoding=\"async\" class=\"aligncenter size-large wp-image-15652\" src=\"http:\/\/www.traba.org\/trabablog\/wp-content\/uploads\/2018\/07\/DSCF8018-1024x680.jpg\" alt=\"\" width=\"700\" height=\"465\" srcset=\"http:\/\/traba.org\/trabablog\/wp-content\/uploads\/2018\/07\/DSCF8018-1024x680.jpg 1024w, http:\/\/traba.org\/trabablog\/wp-content\/uploads\/2018\/07\/DSCF8018-300x199.jpg 300w, http:\/\/traba.org\/trabablog\/wp-content\/uploads\/2018\/07\/DSCF8018-768x510.jpg 768w, http:\/\/traba.org\/trabablog\/wp-content\/uploads\/2018\/07\/DSCF8018-600x400.jpg 600w, http:\/\/traba.org\/trabablog\/wp-content\/uploads\/2018\/07\/DSCF8018-460x306.jpg 460w, http:\/\/traba.org\/trabablog\/wp-content\/uploads\/2018\/07\/DSCF8018-688x457.jpg 688w\" sizes=\"auto, (max-width: 700px) 100vw, 700px\" \/> <img loading=\"lazy\" decoding=\"async\" class=\"aligncenter size-large wp-image-15653\" src=\"http:\/\/www.traba.org\/trabablog\/wp-content\/uploads\/2018\/07\/DSCF8019-1024x680.jpg\" alt=\"\" width=\"700\" height=\"465\" srcset=\"http:\/\/traba.org\/trabablog\/wp-content\/uploads\/2018\/07\/DSCF8019-1024x680.jpg 1024w, http:\/\/traba.org\/trabablog\/wp-content\/uploads\/2018\/07\/DSCF8019-300x199.jpg 300w, http:\/\/traba.org\/trabablog\/wp-content\/uploads\/2018\/07\/DSCF8019-768x510.jpg 768w, http:\/\/traba.org\/trabablog\/wp-content\/uploads\/2018\/07\/DSCF8019-600x400.jpg 600w, http:\/\/traba.org\/trabablog\/wp-content\/uploads\/2018\/07\/DSCF8019-460x306.jpg 460w, http:\/\/traba.org\/trabablog\/wp-content\/uploads\/2018\/07\/DSCF8019-688x457.jpg 688w\" sizes=\"auto, (max-width: 700px) 100vw, 700px\" \/> no s\u00f3c conscient d&#8217;haver fet aquesta foto.\u00a0<img loading=\"lazy\" decoding=\"async\" class=\"aligncenter size-large wp-image-15654\" src=\"http:\/\/www.traba.org\/trabablog\/wp-content\/uploads\/2018\/07\/DSCF8021-1024x680.jpg\" alt=\"\" width=\"700\" height=\"465\" srcset=\"http:\/\/traba.org\/trabablog\/wp-content\/uploads\/2018\/07\/DSCF8021-1024x680.jpg 1024w, http:\/\/traba.org\/trabablog\/wp-content\/uploads\/2018\/07\/DSCF8021-300x199.jpg 300w, http:\/\/traba.org\/trabablog\/wp-content\/uploads\/2018\/07\/DSCF8021-768x510.jpg 768w, http:\/\/traba.org\/trabablog\/wp-content\/uploads\/2018\/07\/DSCF8021-600x400.jpg 600w, http:\/\/traba.org\/trabablog\/wp-content\/uploads\/2018\/07\/DSCF8021-460x306.jpg 460w, http:\/\/traba.org\/trabablog\/wp-content\/uploads\/2018\/07\/DSCF8021-688x457.jpg 688w\" sizes=\"auto, (max-width: 700px) 100vw, 700px\" \/> <img loading=\"lazy\" decoding=\"async\" class=\"aligncenter wp-image-15655 size-large\" src=\"http:\/\/www.traba.org\/trabablog\/wp-content\/uploads\/2018\/07\/IMG_0166-e1532843436934-768x1024.jpg\" alt=\"\" width=\"700\" height=\"933\" srcset=\"http:\/\/traba.org\/trabablog\/wp-content\/uploads\/2018\/07\/IMG_0166-e1532843436934-768x1024.jpg 768w, http:\/\/traba.org\/trabablog\/wp-content\/uploads\/2018\/07\/IMG_0166-e1532843436934-225x300.jpg 225w, http:\/\/traba.org\/trabablog\/wp-content\/uploads\/2018\/07\/IMG_0166-e1532843436934-261x348.jpg 261w, http:\/\/traba.org\/trabablog\/wp-content\/uploads\/2018\/07\/IMG_0166-e1532843436934-688x917.jpg 688w\" sizes=\"auto, (max-width: 700px) 100vw, 700px\" \/> <img loading=\"lazy\" decoding=\"async\" class=\"aligncenter size-large wp-image-15656\" src=\"http:\/\/www.traba.org\/trabablog\/wp-content\/uploads\/2018\/07\/20180728_120253-1024x768.jpg\" alt=\"\" width=\"700\" height=\"525\" srcset=\"http:\/\/traba.org\/trabablog\/wp-content\/uploads\/2018\/07\/20180728_120253-1024x768.jpg 1024w, http:\/\/traba.org\/trabablog\/wp-content\/uploads\/2018\/07\/20180728_120253-300x225.jpg 300w, http:\/\/traba.org\/trabablog\/wp-content\/uploads\/2018\/07\/20180728_120253-768x576.jpg 768w, http:\/\/traba.org\/trabablog\/wp-content\/uploads\/2018\/07\/20180728_120253-460x345.jpg 460w, http:\/\/traba.org\/trabablog\/wp-content\/uploads\/2018\/07\/20180728_120253-688x516.jpg 688w\" sizes=\"auto, (max-width: 700px) 100vw, 700px\" \/> <img loading=\"lazy\" decoding=\"async\" class=\"aligncenter size-large wp-image-15657\" src=\"http:\/\/www.traba.org\/trabablog\/wp-content\/uploads\/2018\/07\/20180728_120404-1024x768.jpg\" alt=\"\" width=\"700\" height=\"525\" srcset=\"http:\/\/traba.org\/trabablog\/wp-content\/uploads\/2018\/07\/20180728_120404-1024x768.jpg 1024w, http:\/\/traba.org\/trabablog\/wp-content\/uploads\/2018\/07\/20180728_120404-300x225.jpg 300w, http:\/\/traba.org\/trabablog\/wp-content\/uploads\/2018\/07\/20180728_120404-768x576.jpg 768w, http:\/\/traba.org\/trabablog\/wp-content\/uploads\/2018\/07\/20180728_120404-460x345.jpg 460w, http:\/\/traba.org\/trabablog\/wp-content\/uploads\/2018\/07\/20180728_120404-688x516.jpg 688w\" sizes=\"auto, (max-width: 700px) 100vw, 700px\" \/> una de les &#8216;atraccions&#8217; del parc era un avi\u00f3 accidentat partit per la meitat. si m\u00e9s no original.<img loading=\"lazy\" decoding=\"async\" class=\"aligncenter wp-image-15658 size-large\" src=\"http:\/\/www.traba.org\/trabablog\/wp-content\/uploads\/2018\/07\/20180728_120733-e1532843464781-768x1024.jpg\" alt=\"\" width=\"700\" height=\"933\" srcset=\"http:\/\/traba.org\/trabablog\/wp-content\/uploads\/2018\/07\/20180728_120733-e1532843464781-768x1024.jpg 768w, http:\/\/traba.org\/trabablog\/wp-content\/uploads\/2018\/07\/20180728_120733-e1532843464781-225x300.jpg 225w, http:\/\/traba.org\/trabablog\/wp-content\/uploads\/2018\/07\/20180728_120733-e1532843464781-261x348.jpg 261w, http:\/\/traba.org\/trabablog\/wp-content\/uploads\/2018\/07\/20180728_120733-e1532843464781-688x917.jpg 688w\" sizes=\"auto, (max-width: 700px) 100vw, 700px\" \/> 1 minut abans de l&#8217;incident&#8230;<img loading=\"lazy\" decoding=\"async\" class=\"aligncenter size-large wp-image-15659\" src=\"http:\/\/www.traba.org\/trabablog\/wp-content\/uploads\/2018\/07\/20180728_122733-1024x768.jpg\" alt=\"\" width=\"700\" height=\"525\" srcset=\"http:\/\/traba.org\/trabablog\/wp-content\/uploads\/2018\/07\/20180728_122733-1024x768.jpg 1024w, http:\/\/traba.org\/trabablog\/wp-content\/uploads\/2018\/07\/20180728_122733-300x225.jpg 300w, http:\/\/traba.org\/trabablog\/wp-content\/uploads\/2018\/07\/20180728_122733-768x576.jpg 768w, http:\/\/traba.org\/trabablog\/wp-content\/uploads\/2018\/07\/20180728_122733-460x345.jpg 460w, http:\/\/traba.org\/trabablog\/wp-content\/uploads\/2018\/07\/20180728_122733-688x516.jpg 688w\" sizes=\"auto, (max-width: 700px) 100vw, 700px\" \/> l&#8217;incident&#8230; s&#8217;ha arrencat la punta del dit pessigant-se amb un patinet \ud83d\ude41 ha plorat molt. i el parc tenia una caseta amb primers auxilis i li han pogut netejar amb sab\u00f3 i tapar una mica fins arribar a casa.\u00a0<img loading=\"lazy\" decoding=\"async\" class=\"aligncenter size-large wp-image-15660\" src=\"http:\/\/www.traba.org\/trabablog\/wp-content\/uploads\/2018\/07\/IMG_0174-1024x768.jpg\" alt=\"\" width=\"700\" height=\"525\" srcset=\"http:\/\/traba.org\/trabablog\/wp-content\/uploads\/2018\/07\/IMG_0174-1024x768.jpg 1024w, http:\/\/traba.org\/trabablog\/wp-content\/uploads\/2018\/07\/IMG_0174-300x225.jpg 300w, http:\/\/traba.org\/trabablog\/wp-content\/uploads\/2018\/07\/IMG_0174-768x576.jpg 768w, http:\/\/traba.org\/trabablog\/wp-content\/uploads\/2018\/07\/IMG_0174-460x345.jpg 460w, http:\/\/traba.org\/trabablog\/wp-content\/uploads\/2018\/07\/IMG_0174-688x516.jpg 688w\" sizes=\"auto, (max-width: 700px) 100vw, 700px\" \/> cara peneta, per\u00f2 es va menjar perfectament la primera pizza de la seva vida (mai l&#8217;havia volgut tastar). Era de <a href=\"http:\/\/stefanospizza.dk\/\">Stefanos<\/a>, una altra recomanaci\u00f3 dels nostres partners. Ben bona.<img loading=\"lazy\" decoding=\"async\" class=\"aligncenter wp-image-15661 size-large\" src=\"http:\/\/www.traba.org\/trabablog\/wp-content\/uploads\/2018\/07\/20180728_125644-e1532843486376-768x1024.jpg\" alt=\"\" width=\"700\" height=\"933\" srcset=\"http:\/\/traba.org\/trabablog\/wp-content\/uploads\/2018\/07\/20180728_125644-e1532843486376-768x1024.jpg 768w, http:\/\/traba.org\/trabablog\/wp-content\/uploads\/2018\/07\/20180728_125644-e1532843486376-225x300.jpg 225w, http:\/\/traba.org\/trabablog\/wp-content\/uploads\/2018\/07\/20180728_125644-e1532843486376-261x348.jpg 261w, http:\/\/traba.org\/trabablog\/wp-content\/uploads\/2018\/07\/20180728_125644-e1532843486376-688x917.jpg 688w\" sizes=\"auto, (max-width: 700px) 100vw, 700px\" \/> <img loading=\"lazy\" decoding=\"async\" class=\"aligncenter size-large wp-image-15662\" src=\"http:\/\/www.traba.org\/trabablog\/wp-content\/uploads\/2018\/07\/20180728_132449-1024x768.jpg\" alt=\"\" width=\"700\" height=\"525\" srcset=\"http:\/\/traba.org\/trabablog\/wp-content\/uploads\/2018\/07\/20180728_132449-1024x768.jpg 1024w, http:\/\/traba.org\/trabablog\/wp-content\/uploads\/2018\/07\/20180728_132449-300x225.jpg 300w, http:\/\/traba.org\/trabablog\/wp-content\/uploads\/2018\/07\/20180728_132449-768x576.jpg 768w, http:\/\/traba.org\/trabablog\/wp-content\/uploads\/2018\/07\/20180728_132449-460x345.jpg 460w, http:\/\/traba.org\/trabablog\/wp-content\/uploads\/2018\/07\/20180728_132449-688x516.jpg 688w\" sizes=\"auto, (max-width: 700px) 100vw, 700px\" \/> ja a casa.<img loading=\"lazy\" decoding=\"async\" class=\"aligncenter wp-image-15663 size-large\" src=\"http:\/\/www.traba.org\/trabablog\/wp-content\/uploads\/2018\/07\/20180728_145614-e1532843505525-768x1024.jpg\" alt=\"\" width=\"700\" height=\"933\" srcset=\"http:\/\/traba.org\/trabablog\/wp-content\/uploads\/2018\/07\/20180728_145614-e1532843505525-768x1024.jpg 768w, http:\/\/traba.org\/trabablog\/wp-content\/uploads\/2018\/07\/20180728_145614-e1532843505525-225x300.jpg 225w, http:\/\/traba.org\/trabablog\/wp-content\/uploads\/2018\/07\/20180728_145614-e1532843505525-261x348.jpg 261w, http:\/\/traba.org\/trabablog\/wp-content\/uploads\/2018\/07\/20180728_145614-e1532843505525-688x917.jpg 688w\" sizes=\"auto, (max-width: 700px) 100vw, 700px\" \/> el pobre s&#8217;ha adormit per\u00f2 ja ha anat b\u00e9 perqu\u00e8 se li an\u00e9s assecant la ferida.<img loading=\"lazy\" decoding=\"async\" class=\"aligncenter size-large wp-image-15664\" src=\"http:\/\/www.traba.org\/trabablog\/wp-content\/uploads\/2018\/07\/20180728_153537-1024x768.jpg\" alt=\"\" width=\"700\" height=\"525\" srcset=\"http:\/\/traba.org\/trabablog\/wp-content\/uploads\/2018\/07\/20180728_153537-1024x768.jpg 1024w, http:\/\/traba.org\/trabablog\/wp-content\/uploads\/2018\/07\/20180728_153537-300x225.jpg 300w, http:\/\/traba.org\/trabablog\/wp-content\/uploads\/2018\/07\/20180728_153537-768x576.jpg 768w, http:\/\/traba.org\/trabablog\/wp-content\/uploads\/2018\/07\/20180728_153537-460x345.jpg 460w, http:\/\/traba.org\/trabablog\/wp-content\/uploads\/2018\/07\/20180728_153537-688x516.jpg 688w\" sizes=\"auto, (max-width: 700px) 100vw, 700px\" \/> cam\u00ed al parc del costat de casa, hi ha una esgl\u00e9sia.<img loading=\"lazy\" decoding=\"async\" class=\"aligncenter size-large wp-image-15665\" src=\"http:\/\/www.traba.org\/trabablog\/wp-content\/uploads\/2018\/07\/fullsizeoutput_adc8-768x1024.jpeg\" alt=\"\" width=\"700\" height=\"933\" srcset=\"http:\/\/traba.org\/trabablog\/wp-content\/uploads\/2018\/07\/fullsizeoutput_adc8-768x1024.jpeg 768w, http:\/\/traba.org\/trabablog\/wp-content\/uploads\/2018\/07\/fullsizeoutput_adc8-225x300.jpeg 225w, http:\/\/traba.org\/trabablog\/wp-content\/uploads\/2018\/07\/fullsizeoutput_adc8-261x348.jpeg 261w, http:\/\/traba.org\/trabablog\/wp-content\/uploads\/2018\/07\/fullsizeoutput_adc8-688x917.jpeg 688w\" sizes=\"auto, (max-width: 700px) 100vw, 700px\" \/> el parc de\u00a0Frederiksberg Have on van anar sols el francesc i el f\u00e8lix perqu\u00e8 el bruno havia de descansar i la lola no volia sortir.<img loading=\"lazy\" decoding=\"async\" class=\"aligncenter size-large wp-image-15666\" src=\"http:\/\/www.traba.org\/trabablog\/wp-content\/uploads\/2018\/07\/fullsizeoutput_adcc-1024x768.jpeg\" alt=\"\" width=\"700\" height=\"525\" srcset=\"http:\/\/traba.org\/trabablog\/wp-content\/uploads\/2018\/07\/fullsizeoutput_adcc-1024x768.jpeg 1024w, http:\/\/traba.org\/trabablog\/wp-content\/uploads\/2018\/07\/fullsizeoutput_adcc-300x225.jpeg 300w, http:\/\/traba.org\/trabablog\/wp-content\/uploads\/2018\/07\/fullsizeoutput_adcc-768x576.jpeg 768w, http:\/\/traba.org\/trabablog\/wp-content\/uploads\/2018\/07\/fullsizeoutput_adcc-460x345.jpeg 460w, http:\/\/traba.org\/trabablog\/wp-content\/uploads\/2018\/07\/fullsizeoutput_adcc-688x516.jpeg 688w\" sizes=\"auto, (max-width: 700px) 100vw, 700px\" \/> Frederiksberg Palace.<img loading=\"lazy\" decoding=\"async\" class=\"aligncenter size-large wp-image-15667\" src=\"http:\/\/www.traba.org\/trabablog\/wp-content\/uploads\/2018\/07\/20180728_183426-1024x768.jpg\" alt=\"\" width=\"700\" height=\"525\" srcset=\"http:\/\/traba.org\/trabablog\/wp-content\/uploads\/2018\/07\/20180728_183426-1024x768.jpg 1024w, http:\/\/traba.org\/trabablog\/wp-content\/uploads\/2018\/07\/20180728_183426-300x225.jpg 300w, http:\/\/traba.org\/trabablog\/wp-content\/uploads\/2018\/07\/20180728_183426-768x576.jpg 768w, http:\/\/traba.org\/trabablog\/wp-content\/uploads\/2018\/07\/20180728_183426-460x345.jpg 460w, http:\/\/traba.org\/trabablog\/wp-content\/uploads\/2018\/07\/20180728_183426-688x516.jpg 688w\" sizes=\"auto, (max-width: 700px) 100vw, 700px\" \/> <img loading=\"lazy\" decoding=\"async\" class=\"aligncenter size-large wp-image-15668\" src=\"http:\/\/www.traba.org\/trabablog\/wp-content\/uploads\/2018\/07\/fullsizeoutput_adcd-1024x768.jpeg\" alt=\"\" width=\"700\" height=\"525\" srcset=\"http:\/\/traba.org\/trabablog\/wp-content\/uploads\/2018\/07\/fullsizeoutput_adcd-1024x768.jpeg 1024w, http:\/\/traba.org\/trabablog\/wp-content\/uploads\/2018\/07\/fullsizeoutput_adcd-300x225.jpeg 300w, http:\/\/traba.org\/trabablog\/wp-content\/uploads\/2018\/07\/fullsizeoutput_adcd-768x576.jpeg 768w, http:\/\/traba.org\/trabablog\/wp-content\/uploads\/2018\/07\/fullsizeoutput_adcd-460x345.jpeg 460w, http:\/\/traba.org\/trabablog\/wp-content\/uploads\/2018\/07\/fullsizeoutput_adcd-688x516.jpeg 688w\" sizes=\"auto, (max-width: 700px) 100vw, 700px\" \/> <img loading=\"lazy\" decoding=\"async\" class=\"aligncenter size-large wp-image-15669\" src=\"http:\/\/www.traba.org\/trabablog\/wp-content\/uploads\/2018\/07\/20180728_183757-1024x768.jpg\" alt=\"\" width=\"700\" height=\"525\" srcset=\"http:\/\/traba.org\/trabablog\/wp-content\/uploads\/2018\/07\/20180728_183757-1024x768.jpg 1024w, http:\/\/traba.org\/trabablog\/wp-content\/uploads\/2018\/07\/20180728_183757-300x225.jpg 300w, http:\/\/traba.org\/trabablog\/wp-content\/uploads\/2018\/07\/20180728_183757-768x576.jpg 768w, http:\/\/traba.org\/trabablog\/wp-content\/uploads\/2018\/07\/20180728_183757-460x345.jpg 460w, http:\/\/traba.org\/trabablog\/wp-content\/uploads\/2018\/07\/20180728_183757-688x516.jpg 688w\" sizes=\"auto, (max-width: 700px) 100vw, 700px\" \/> the <a href=\"http:\/\/classiccopenhagen.blogspot.com\/2014\/03\/the-pacifier-tree.html\">pacifier tree<\/a>, on els nens deixen els seus xupes. estan en molts parcs.<img loading=\"lazy\" decoding=\"async\" class=\"aligncenter size-large wp-image-15670\" src=\"http:\/\/www.traba.org\/trabablog\/wp-content\/uploads\/2018\/07\/20180728_183947-1024x768.jpg\" alt=\"\" width=\"700\" height=\"525\" srcset=\"http:\/\/traba.org\/trabablog\/wp-content\/uploads\/2018\/07\/20180728_183947-1024x768.jpg 1024w, http:\/\/traba.org\/trabablog\/wp-content\/uploads\/2018\/07\/20180728_183947-300x225.jpg 300w, http:\/\/traba.org\/trabablog\/wp-content\/uploads\/2018\/07\/20180728_183947-768x576.jpg 768w, http:\/\/traba.org\/trabablog\/wp-content\/uploads\/2018\/07\/20180728_183947-460x345.jpg 460w, http:\/\/traba.org\/trabablog\/wp-content\/uploads\/2018\/07\/20180728_183947-688x516.jpg 688w\" sizes=\"auto, (max-width: 700px) 100vw, 700px\" \/> <img loading=\"lazy\" decoding=\"async\" class=\"aligncenter wp-image-15671 size-large\" src=\"http:\/\/www.traba.org\/trabablog\/wp-content\/uploads\/2018\/07\/20180728_184000-e1532843531124-768x1024.jpg\" alt=\"\" width=\"700\" height=\"933\" srcset=\"http:\/\/traba.org\/trabablog\/wp-content\/uploads\/2018\/07\/20180728_184000-e1532843531124-768x1024.jpg 768w, http:\/\/traba.org\/trabablog\/wp-content\/uploads\/2018\/07\/20180728_184000-e1532843531124-225x300.jpg 225w, http:\/\/traba.org\/trabablog\/wp-content\/uploads\/2018\/07\/20180728_184000-e1532843531124-261x348.jpg 261w, http:\/\/traba.org\/trabablog\/wp-content\/uploads\/2018\/07\/20180728_184000-e1532843531124-688x917.jpg 688w\" sizes=\"auto, (max-width: 700px) 100vw, 700px\" \/> <img loading=\"lazy\" decoding=\"async\" class=\"aligncenter wp-image-15672 size-large\" src=\"http:\/\/www.traba.org\/trabablog\/wp-content\/uploads\/2018\/07\/20180728_184045-e1532843549812-768x1024.jpg\" alt=\"\" width=\"700\" height=\"933\" srcset=\"http:\/\/traba.org\/trabablog\/wp-content\/uploads\/2018\/07\/20180728_184045-e1532843549812-768x1024.jpg 768w, http:\/\/traba.org\/trabablog\/wp-content\/uploads\/2018\/07\/20180728_184045-e1532843549812-225x300.jpg 225w, http:\/\/traba.org\/trabablog\/wp-content\/uploads\/2018\/07\/20180728_184045-e1532843549812-261x348.jpg 261w, http:\/\/traba.org\/trabablog\/wp-content\/uploads\/2018\/07\/20180728_184045-e1532843549812-688x917.jpg 688w\" sizes=\"auto, (max-width: 700px) 100vw, 700px\" \/> <img loading=\"lazy\" decoding=\"async\" class=\"aligncenter size-large wp-image-15673\" src=\"http:\/\/www.traba.org\/trabablog\/wp-content\/uploads\/2018\/07\/20180728_184053-1024x768.jpg\" alt=\"\" width=\"700\" height=\"525\" srcset=\"http:\/\/traba.org\/trabablog\/wp-content\/uploads\/2018\/07\/20180728_184053-1024x768.jpg 1024w, http:\/\/traba.org\/trabablog\/wp-content\/uploads\/2018\/07\/20180728_184053-300x225.jpg 300w, http:\/\/traba.org\/trabablog\/wp-content\/uploads\/2018\/07\/20180728_184053-768x576.jpg 768w, http:\/\/traba.org\/trabablog\/wp-content\/uploads\/2018\/07\/20180728_184053-460x345.jpg 460w, http:\/\/traba.org\/trabablog\/wp-content\/uploads\/2018\/07\/20180728_184053-688x516.jpg 688w\" sizes=\"auto, (max-width: 700px) 100vw, 700px\" \/> \u00e9s molt true detective&#8230;<img loading=\"lazy\" decoding=\"async\" class=\"aligncenter size-large wp-image-15674\" src=\"http:\/\/www.traba.org\/trabablog\/wp-content\/uploads\/2018\/07\/20180728_184459-1024x768.jpg\" alt=\"\" width=\"700\" height=\"525\" srcset=\"http:\/\/traba.org\/trabablog\/wp-content\/uploads\/2018\/07\/20180728_184459-1024x768.jpg 1024w, http:\/\/traba.org\/trabablog\/wp-content\/uploads\/2018\/07\/20180728_184459-300x225.jpg 300w, http:\/\/traba.org\/trabablog\/wp-content\/uploads\/2018\/07\/20180728_184459-768x576.jpg 768w, http:\/\/traba.org\/trabablog\/wp-content\/uploads\/2018\/07\/20180728_184459-460x345.jpg 460w, http:\/\/traba.org\/trabablog\/wp-content\/uploads\/2018\/07\/20180728_184459-688x516.jpg 688w\" sizes=\"auto, (max-width: 700px) 100vw, 700px\" \/> <img loading=\"lazy\" decoding=\"async\" class=\"aligncenter size-large wp-image-15675\" src=\"http:\/\/www.traba.org\/trabablog\/wp-content\/uploads\/2018\/07\/20180728_185314-1024x768.jpg\" alt=\"\" width=\"700\" height=\"525\" srcset=\"http:\/\/traba.org\/trabablog\/wp-content\/uploads\/2018\/07\/20180728_185314-1024x768.jpg 1024w, http:\/\/traba.org\/trabablog\/wp-content\/uploads\/2018\/07\/20180728_185314-300x225.jpg 300w, http:\/\/traba.org\/trabablog\/wp-content\/uploads\/2018\/07\/20180728_185314-768x576.jpg 768w, http:\/\/traba.org\/trabablog\/wp-content\/uploads\/2018\/07\/20180728_185314-460x345.jpg 460w, http:\/\/traba.org\/trabablog\/wp-content\/uploads\/2018\/07\/20180728_185314-688x516.jpg 688w\" sizes=\"auto, (max-width: 700px) 100vw, 700px\" \/> l&#8217;estaci\u00f3 de tren de valby.<img loading=\"lazy\" decoding=\"async\" class=\"aligncenter size-large wp-image-15676\" src=\"http:\/\/www.traba.org\/trabablog\/wp-content\/uploads\/2018\/07\/20180728_192140-1024x768.jpg\" alt=\"\" width=\"700\" height=\"525\" srcset=\"http:\/\/traba.org\/trabablog\/wp-content\/uploads\/2018\/07\/20180728_192140-1024x768.jpg 1024w, http:\/\/traba.org\/trabablog\/wp-content\/uploads\/2018\/07\/20180728_192140-300x225.jpg 300w, http:\/\/traba.org\/trabablog\/wp-content\/uploads\/2018\/07\/20180728_192140-768x576.jpg 768w, http:\/\/traba.org\/trabablog\/wp-content\/uploads\/2018\/07\/20180728_192140-460x345.jpg 460w, http:\/\/traba.org\/trabablog\/wp-content\/uploads\/2018\/07\/20180728_192140-688x516.jpg 688w\" sizes=\"auto, (max-width: 700px) 100vw, 700px\" \/> les llums del carrer penjades dels cables s\u00f3n est\u00e8tiques.<img loading=\"lazy\" decoding=\"async\" class=\"aligncenter size-large wp-image-15677\" src=\"http:\/\/www.traba.org\/trabablog\/wp-content\/uploads\/2018\/07\/20180728_192354-1024x768.jpg\" alt=\"\" width=\"700\" height=\"525\" srcset=\"http:\/\/traba.org\/trabablog\/wp-content\/uploads\/2018\/07\/20180728_192354-1024x768.jpg 1024w, http:\/\/traba.org\/trabablog\/wp-content\/uploads\/2018\/07\/20180728_192354-300x225.jpg 300w, http:\/\/traba.org\/trabablog\/wp-content\/uploads\/2018\/07\/20180728_192354-768x576.jpg 768w, http:\/\/traba.org\/trabablog\/wp-content\/uploads\/2018\/07\/20180728_192354-460x345.jpg 460w, http:\/\/traba.org\/trabablog\/wp-content\/uploads\/2018\/07\/20180728_192354-688x516.jpg 688w\" sizes=\"auto, (max-width: 700px) 100vw, 700px\" \/> <img loading=\"lazy\" decoding=\"async\" class=\"aligncenter size-large wp-image-15678\" src=\"http:\/\/www.traba.org\/trabablog\/wp-content\/uploads\/2018\/07\/20180728_192446-1024x768.jpg\" alt=\"\" width=\"700\" height=\"525\" srcset=\"http:\/\/traba.org\/trabablog\/wp-content\/uploads\/2018\/07\/20180728_192446-1024x768.jpg 1024w, http:\/\/traba.org\/trabablog\/wp-content\/uploads\/2018\/07\/20180728_192446-300x225.jpg 300w, http:\/\/traba.org\/trabablog\/wp-content\/uploads\/2018\/07\/20180728_192446-768x576.jpg 768w, http:\/\/traba.org\/trabablog\/wp-content\/uploads\/2018\/07\/20180728_192446-460x345.jpg 460w, http:\/\/traba.org\/trabablog\/wp-content\/uploads\/2018\/07\/20180728_192446-688x516.jpg 688w\" sizes=\"auto, (max-width: 700px) 100vw, 700px\" \/> <img loading=\"lazy\" decoding=\"async\" class=\"aligncenter size-large wp-image-15679\" src=\"http:\/\/www.traba.org\/trabablog\/wp-content\/uploads\/2018\/07\/20180728_192517-1024x768.jpg\" alt=\"\" width=\"700\" height=\"525\" srcset=\"http:\/\/traba.org\/trabablog\/wp-content\/uploads\/2018\/07\/20180728_192517-1024x768.jpg 1024w, http:\/\/traba.org\/trabablog\/wp-content\/uploads\/2018\/07\/20180728_192517-300x225.jpg 300w, http:\/\/traba.org\/trabablog\/wp-content\/uploads\/2018\/07\/20180728_192517-768x576.jpg 768w, http:\/\/traba.org\/trabablog\/wp-content\/uploads\/2018\/07\/20180728_192517-460x345.jpg 460w, http:\/\/traba.org\/trabablog\/wp-content\/uploads\/2018\/07\/20180728_192517-688x516.jpg 688w\" sizes=\"auto, (max-width: 700px) 100vw, 700px\" \/><\/p>\n","protected":false},"excerpt":{"rendered":"<p>un element decoratiu de la casa graci\u00f3s. i ahir dissabte vam tornar a agafar l&#8217;autob\u00fas per anar al parc preferit dels nens i dels pares danesos. de cam\u00ed al parc&#8230;<\/p>\n","protected":false},"author":5,"featured_media":15647,"comment_status":"open","ping_status":"open","sticky":false,"template":"","format":"standard","meta":{"_monsterinsights_skip_tracking":false,"_monsterinsights_sitenote_active":false,"_monsterinsights_sitenote_note":"","_monsterinsights_sitenote_category":0,"footnotes":""},"categories":[133],"tags":[136,141,139],"class_list":["post-15636","post","type-post","status-publish","format-standard","has-post-thumbnail","hentry","category-nord-enlla-2018","tag-copenhaguen","tag-playgrounds","tag-travelwithkids"],"_links":{"self":[{"href":"http:\/\/traba.org\/trabablog\/index.php?rest_route=\/wp\/v2\/posts\/15636","targetHints":{"allow":["GET"]}}],"collection":[{"href":"http:\/\/traba.org\/trabablog\/index.php?rest_route=\/wp\/v2\/posts"}],"about":[{"href":"http:\/\/traba.org\/trabablog\/index.php?rest_route=\/wp\/v2\/types\/post"}],"author":[{"embeddable":true,"href":"http:\/\/traba.org\/trabablog\/index.php?rest_route=\/wp\/v2\/users\/5"}],"replies":[{"embeddable":true,"href":"http:\/\/traba.org\/trabablog\/index.php?rest_route=%2Fwp%2Fv2%2Fcomments&post=15636"}],"version-history":[{"count":7,"href":"http:\/\/traba.org\/trabablog\/index.php?rest_route=\/wp\/v2\/posts\/15636\/revisions"}],"predecessor-version":[{"id":15686,"href":"http:\/\/traba.org\/trabablog\/index.php?rest_route=\/wp\/v2\/posts\/15636\/revisions\/15686"}],"wp:featuredmedia":[{"embeddable":true,"href":"http:\/\/traba.org\/trabablog\/index.php?rest_route=\/wp\/v2\/media\/15647"}],"wp:attachment":[{"href":"http:\/\/traba.org\/trabablog\/index.php?rest_route=%2Fwp%2Fv2%2Fmedia&parent=15636"}],"wp:term":[{"taxonomy":"category","embeddable":true,"href":"http:\/\/traba.org\/trabablog\/index.php?rest_route=%2Fwp%2Fv2%2Fcategories&post=15636"},{"taxonomy":"post_tag","embeddable":true,"href":"http:\/\/traba.org\/trabablog\/index.php?rest_route=%2Fwp%2Fv2%2Ftags&post=15636"}],"curies":[{"name":"wp","href":"https:\/\/api.w.org\/{rel}","templated":true}]}}