{"id":15735,"date":"2018-08-02T02:10:59","date_gmt":"2018-08-02T00:10:59","guid":{"rendered":"http:\/\/www.traba.org\/trabablog\/?p=15735"},"modified":"2018-08-14T16:28:58","modified_gmt":"2018-08-14T14:28:58","slug":"ai-si-existis-el-teletransport","status":"publish","type":"post","link":"http:\/\/traba.org\/trabablog\/?p=15735","title":{"rendered":"ai si exist\u00eds el teletransport&#8230;"},"content":{"rendered":"<p>aix\u00f2 era dilluns, el dia abans de marxar de copenhagen. vam decidir fer un dia tranquilet, a un leggepad que com que no em funciona la cronologia de google, no us puc dir com es deia (Skydebanehaven, m&#8217;ho ha xivat el francesc que m&#8217;espia mentre faig el bloc). fent el segon esmorzar.<img loading=\"lazy\" decoding=\"async\" class=\"aligncenter wp-image-15736 size-large\" src=\"http:\/\/www.traba.org\/trabablog\/wp-content\/uploads\/2018\/08\/20180730_105422-e1533166190816-768x1024.jpg\" alt=\"\" width=\"700\" height=\"933\" srcset=\"http:\/\/traba.org\/trabablog\/wp-content\/uploads\/2018\/08\/20180730_105422-e1533166190816-768x1024.jpg 768w, http:\/\/traba.org\/trabablog\/wp-content\/uploads\/2018\/08\/20180730_105422-e1533166190816-225x300.jpg 225w, http:\/\/traba.org\/trabablog\/wp-content\/uploads\/2018\/08\/20180730_105422-e1533166190816-261x348.jpg 261w, http:\/\/traba.org\/trabablog\/wp-content\/uploads\/2018\/08\/20180730_105422-e1533166190816-688x917.jpg 688w\" sizes=\"auto, (max-width: 700px) 100vw, 700px\" \/> un tobogan bastant alt.<img loading=\"lazy\" decoding=\"async\" class=\"aligncenter wp-image-15737 size-large\" src=\"http:\/\/www.traba.org\/trabablog\/wp-content\/uploads\/2018\/08\/IMG_0370-e1533166424643-768x1024.jpg\" alt=\"\" width=\"700\" height=\"933\" srcset=\"http:\/\/traba.org\/trabablog\/wp-content\/uploads\/2018\/08\/IMG_0370-e1533166424643-768x1024.jpg 768w, http:\/\/traba.org\/trabablog\/wp-content\/uploads\/2018\/08\/IMG_0370-e1533166424643-225x300.jpg 225w, http:\/\/traba.org\/trabablog\/wp-content\/uploads\/2018\/08\/IMG_0370-e1533166424643-261x348.jpg 261w, http:\/\/traba.org\/trabablog\/wp-content\/uploads\/2018\/08\/IMG_0370-e1533166424643-688x917.jpg 688w\" sizes=\"auto, (max-width: 700px) 100vw, 700px\" \/> al bruno tamb\u00e9 se li d\u00f3na b\u00e9 escalar.<img loading=\"lazy\" decoding=\"async\" class=\"aligncenter wp-image-15738 size-large\" src=\"http:\/\/www.traba.org\/trabablog\/wp-content\/uploads\/2018\/08\/IMG_0373-e1533166448771-768x1024.jpg\" alt=\"\" width=\"700\" height=\"933\" srcset=\"http:\/\/traba.org\/trabablog\/wp-content\/uploads\/2018\/08\/IMG_0373-e1533166448771-768x1024.jpg 768w, http:\/\/traba.org\/trabablog\/wp-content\/uploads\/2018\/08\/IMG_0373-e1533166448771-225x300.jpg 225w, http:\/\/traba.org\/trabablog\/wp-content\/uploads\/2018\/08\/IMG_0373-e1533166448771-261x348.jpg 261w, http:\/\/traba.org\/trabablog\/wp-content\/uploads\/2018\/08\/IMG_0373-e1533166448771-688x917.jpg 688w\" sizes=\"auto, (max-width: 700px) 100vw, 700px\" \/> i el bruno el va escalar&#8230; jo patia&#8230;<img loading=\"lazy\" decoding=\"async\" class=\"aligncenter wp-image-15739 size-large\" src=\"http:\/\/www.traba.org\/trabablog\/wp-content\/uploads\/2018\/08\/IMG_0375-e1533166486749-768x1024.jpg\" alt=\"\" width=\"700\" height=\"933\" srcset=\"http:\/\/traba.org\/trabablog\/wp-content\/uploads\/2018\/08\/IMG_0375-e1533166486749-768x1024.jpg 768w, http:\/\/traba.org\/trabablog\/wp-content\/uploads\/2018\/08\/IMG_0375-e1533166486749-225x300.jpg 225w, http:\/\/traba.org\/trabablog\/wp-content\/uploads\/2018\/08\/IMG_0375-e1533166486749-261x348.jpg 261w, http:\/\/traba.org\/trabablog\/wp-content\/uploads\/2018\/08\/IMG_0375-e1533166486749-688x917.jpg 688w\" sizes=\"auto, (max-width: 700px) 100vw, 700px\" \/> un columpio peculiar.<img loading=\"lazy\" decoding=\"async\" class=\"aligncenter size-large wp-image-15740\" src=\"http:\/\/www.traba.org\/trabablog\/wp-content\/uploads\/2018\/08\/IMG_0379-1024x768.jpg\" alt=\"\" width=\"700\" height=\"525\" srcset=\"http:\/\/traba.org\/trabablog\/wp-content\/uploads\/2018\/08\/IMG_0379-1024x768.jpg 1024w, http:\/\/traba.org\/trabablog\/wp-content\/uploads\/2018\/08\/IMG_0379-300x225.jpg 300w, http:\/\/traba.org\/trabablog\/wp-content\/uploads\/2018\/08\/IMG_0379-768x576.jpg 768w, http:\/\/traba.org\/trabablog\/wp-content\/uploads\/2018\/08\/IMG_0379-460x345.jpg 460w, http:\/\/traba.org\/trabablog\/wp-content\/uploads\/2018\/08\/IMG_0379-688x516.jpg 688w\" sizes=\"auto, (max-width: 700px) 100vw, 700px\" \/> per aquest encara \u00e9s petit.<img loading=\"lazy\" decoding=\"async\" class=\"aligncenter wp-image-15741 size-large\" src=\"http:\/\/www.traba.org\/trabablog\/wp-content\/uploads\/2018\/08\/IMG_0394-e1533166541626-768x1024.jpg\" alt=\"\" width=\"700\" height=\"933\" srcset=\"http:\/\/traba.org\/trabablog\/wp-content\/uploads\/2018\/08\/IMG_0394-e1533166541626-768x1024.jpg 768w, http:\/\/traba.org\/trabablog\/wp-content\/uploads\/2018\/08\/IMG_0394-e1533166541626-225x300.jpg 225w, http:\/\/traba.org\/trabablog\/wp-content\/uploads\/2018\/08\/IMG_0394-e1533166541626-261x348.jpg 261w, http:\/\/traba.org\/trabablog\/wp-content\/uploads\/2018\/08\/IMG_0394-e1533166541626-688x917.jpg 688w\" sizes=\"auto, (max-width: 700px) 100vw, 700px\" \/> a la lola aquest se li d\u00f3na b\u00e9.<img loading=\"lazy\" decoding=\"async\" class=\"aligncenter wp-image-15742 size-large\" src=\"http:\/\/www.traba.org\/trabablog\/wp-content\/uploads\/2018\/08\/IMG_0395-e1533166578837-768x1024.jpg\" alt=\"\" width=\"700\" height=\"933\" srcset=\"http:\/\/traba.org\/trabablog\/wp-content\/uploads\/2018\/08\/IMG_0395-e1533166578837-768x1024.jpg 768w, http:\/\/traba.org\/trabablog\/wp-content\/uploads\/2018\/08\/IMG_0395-e1533166578837-225x300.jpg 225w, http:\/\/traba.org\/trabablog\/wp-content\/uploads\/2018\/08\/IMG_0395-e1533166578837-261x348.jpg 261w, http:\/\/traba.org\/trabablog\/wp-content\/uploads\/2018\/08\/IMG_0395-e1533166578837-688x917.jpg 688w\" sizes=\"auto, (max-width: 700px) 100vw, 700px\" \/> <img loading=\"lazy\" decoding=\"async\" class=\"aligncenter size-large wp-image-15743\" src=\"http:\/\/www.traba.org\/trabablog\/wp-content\/uploads\/2018\/08\/fullsizeoutput_ae83-768x1024.jpeg\" alt=\"\" width=\"700\" height=\"933\" srcset=\"http:\/\/traba.org\/trabablog\/wp-content\/uploads\/2018\/08\/fullsizeoutput_ae83-768x1024.jpeg 768w, http:\/\/traba.org\/trabablog\/wp-content\/uploads\/2018\/08\/fullsizeoutput_ae83-225x300.jpeg 225w, http:\/\/traba.org\/trabablog\/wp-content\/uploads\/2018\/08\/fullsizeoutput_ae83-261x348.jpeg 261w, http:\/\/traba.org\/trabablog\/wp-content\/uploads\/2018\/08\/fullsizeoutput_ae83-688x918.jpeg 688w\" sizes=\"auto, (max-width: 700px) 100vw, 700px\" \/> i el sorpres\u00f3n, que hi ha sequera i que la piscina no va.<img loading=\"lazy\" decoding=\"async\" class=\"aligncenter wp-image-15744 size-large\" src=\"http:\/\/www.traba.org\/trabablog\/wp-content\/uploads\/2018\/08\/20180730_112854-e1533166627439-768x1024.jpg\" alt=\"\" width=\"700\" height=\"933\" srcset=\"http:\/\/traba.org\/trabablog\/wp-content\/uploads\/2018\/08\/20180730_112854-e1533166627439-768x1024.jpg 768w, http:\/\/traba.org\/trabablog\/wp-content\/uploads\/2018\/08\/20180730_112854-e1533166627439-225x300.jpg 225w, http:\/\/traba.org\/trabablog\/wp-content\/uploads\/2018\/08\/20180730_112854-e1533166627439-261x348.jpg 261w, http:\/\/traba.org\/trabablog\/wp-content\/uploads\/2018\/08\/20180730_112854-e1533166627439-688x917.jpg 688w\" sizes=\"auto, (max-width: 700px) 100vw, 700px\" \/> una altra atracci\u00f3.<img loading=\"lazy\" decoding=\"async\" class=\"aligncenter size-large wp-image-15745\" src=\"http:\/\/www.traba.org\/trabablog\/wp-content\/uploads\/2018\/08\/20180730_113630-1024x768.jpg\" alt=\"\" width=\"700\" height=\"525\" srcset=\"http:\/\/traba.org\/trabablog\/wp-content\/uploads\/2018\/08\/20180730_113630-1024x768.jpg 1024w, http:\/\/traba.org\/trabablog\/wp-content\/uploads\/2018\/08\/20180730_113630-300x225.jpg 300w, http:\/\/traba.org\/trabablog\/wp-content\/uploads\/2018\/08\/20180730_113630-768x576.jpg 768w, http:\/\/traba.org\/trabablog\/wp-content\/uploads\/2018\/08\/20180730_113630-460x345.jpg 460w, http:\/\/traba.org\/trabablog\/wp-content\/uploads\/2018\/08\/20180730_113630-688x516.jpg 688w\" sizes=\"auto, (max-width: 700px) 100vw, 700px\" \/> el lloro.<img loading=\"lazy\" decoding=\"async\" class=\"aligncenter size-large wp-image-15746\" src=\"http:\/\/www.traba.org\/trabablog\/wp-content\/uploads\/2018\/08\/20180730_113703-1024x768.jpg\" alt=\"\" width=\"700\" height=\"525\" srcset=\"http:\/\/traba.org\/trabablog\/wp-content\/uploads\/2018\/08\/20180730_113703-1024x768.jpg 1024w, http:\/\/traba.org\/trabablog\/wp-content\/uploads\/2018\/08\/20180730_113703-300x225.jpg 300w, http:\/\/traba.org\/trabablog\/wp-content\/uploads\/2018\/08\/20180730_113703-768x576.jpg 768w, http:\/\/traba.org\/trabablog\/wp-content\/uploads\/2018\/08\/20180730_113703-460x345.jpg 460w, http:\/\/traba.org\/trabablog\/wp-content\/uploads\/2018\/08\/20180730_113703-688x516.jpg 688w\" sizes=\"auto, (max-width: 700px) 100vw, 700px\" \/> <img loading=\"lazy\" decoding=\"async\" class=\"aligncenter size-large wp-image-15747\" src=\"http:\/\/www.traba.org\/trabablog\/wp-content\/uploads\/2018\/08\/20180730_113721-1024x768.jpg\" alt=\"\" width=\"700\" height=\"525\" srcset=\"http:\/\/traba.org\/trabablog\/wp-content\/uploads\/2018\/08\/20180730_113721-1024x768.jpg 1024w, http:\/\/traba.org\/trabablog\/wp-content\/uploads\/2018\/08\/20180730_113721-300x225.jpg 300w, http:\/\/traba.org\/trabablog\/wp-content\/uploads\/2018\/08\/20180730_113721-768x576.jpg 768w, http:\/\/traba.org\/trabablog\/wp-content\/uploads\/2018\/08\/20180730_113721-460x345.jpg 460w, http:\/\/traba.org\/trabablog\/wp-content\/uploads\/2018\/08\/20180730_113721-688x516.jpg 688w\" sizes=\"auto, (max-width: 700px) 100vw, 700px\" \/> i com que les altres atraccions del parc s\u00f3n prou atractives, els columpios buits, no com a barcelona que lo m\u00e9s emocionant s\u00f3n els columpios i a m\u00e9s n&#8217;hi ha pocs.<img loading=\"lazy\" decoding=\"async\" class=\"aligncenter size-large wp-image-15748\" src=\"http:\/\/www.traba.org\/trabablog\/wp-content\/uploads\/2018\/08\/20180730_114005-1024x768.jpg\" alt=\"\" width=\"700\" height=\"525\" srcset=\"http:\/\/traba.org\/trabablog\/wp-content\/uploads\/2018\/08\/20180730_114005-1024x768.jpg 1024w, http:\/\/traba.org\/trabablog\/wp-content\/uploads\/2018\/08\/20180730_114005-300x225.jpg 300w, http:\/\/traba.org\/trabablog\/wp-content\/uploads\/2018\/08\/20180730_114005-768x576.jpg 768w, http:\/\/traba.org\/trabablog\/wp-content\/uploads\/2018\/08\/20180730_114005-460x345.jpg 460w, http:\/\/traba.org\/trabablog\/wp-content\/uploads\/2018\/08\/20180730_114005-688x516.jpg 688w\" sizes=\"auto, (max-width: 700px) 100vw, 700px\" \/> un altre cop amb el tricicle. aquest cop amb sabates. encara que ja veureu que no tenim el peu curat.<img loading=\"lazy\" decoding=\"async\" class=\"aligncenter size-large wp-image-15749\" src=\"http:\/\/www.traba.org\/trabablog\/wp-content\/uploads\/2018\/08\/20180730_114827-1024x768.jpg\" alt=\"\" width=\"700\" height=\"525\" srcset=\"http:\/\/traba.org\/trabablog\/wp-content\/uploads\/2018\/08\/20180730_114827-1024x768.jpg 1024w, http:\/\/traba.org\/trabablog\/wp-content\/uploads\/2018\/08\/20180730_114827-300x225.jpg 300w, http:\/\/traba.org\/trabablog\/wp-content\/uploads\/2018\/08\/20180730_114827-768x576.jpg 768w, http:\/\/traba.org\/trabablog\/wp-content\/uploads\/2018\/08\/20180730_114827-460x345.jpg 460w, http:\/\/traba.org\/trabablog\/wp-content\/uploads\/2018\/08\/20180730_114827-688x516.jpg 688w\" sizes=\"auto, (max-width: 700px) 100vw, 700px\" \/> fent amics.<img loading=\"lazy\" decoding=\"async\" class=\"aligncenter size-large wp-image-15750\" src=\"http:\/\/www.traba.org\/trabablog\/wp-content\/uploads\/2018\/08\/20180730_120435-1024x768.jpg\" alt=\"\" width=\"700\" height=\"525\" srcset=\"http:\/\/traba.org\/trabablog\/wp-content\/uploads\/2018\/08\/20180730_120435-1024x768.jpg 1024w, http:\/\/traba.org\/trabablog\/wp-content\/uploads\/2018\/08\/20180730_120435-300x225.jpg 300w, http:\/\/traba.org\/trabablog\/wp-content\/uploads\/2018\/08\/20180730_120435-768x576.jpg 768w, http:\/\/traba.org\/trabablog\/wp-content\/uploads\/2018\/08\/20180730_120435-460x345.jpg 460w, http:\/\/traba.org\/trabablog\/wp-content\/uploads\/2018\/08\/20180730_120435-688x516.jpg 688w\" sizes=\"auto, (max-width: 700px) 100vw, 700px\" \/> <img loading=\"lazy\" decoding=\"async\" class=\"aligncenter wp-image-15751 size-large\" src=\"http:\/\/www.traba.org\/trabablog\/wp-content\/uploads\/2018\/08\/20180730_120638-e1533166726462-768x1024.jpg\" alt=\"\" width=\"700\" height=\"933\" srcset=\"http:\/\/traba.org\/trabablog\/wp-content\/uploads\/2018\/08\/20180730_120638-e1533166726462-768x1024.jpg 768w, http:\/\/traba.org\/trabablog\/wp-content\/uploads\/2018\/08\/20180730_120638-e1533166726462-225x300.jpg 225w, http:\/\/traba.org\/trabablog\/wp-content\/uploads\/2018\/08\/20180730_120638-e1533166726462-261x348.jpg 261w, http:\/\/traba.org\/trabablog\/wp-content\/uploads\/2018\/08\/20180730_120638-e1533166726462-688x917.jpg 688w\" sizes=\"auto, (max-width: 700px) 100vw, 700px\" \/> i com que vol\u00edem tenir un dia tranquil i fer les maletes per la tarda, vam anar al tivoli, al parc d&#8217;atraccions de copenhagen. i si mireu el dit de bruno veureu que est\u00e0 una mica vermell&#8230; si&#8230; haur\u00edem d&#8217;haver fet rep\u00f2s&#8230; per\u00f2 no en vam fer.<img loading=\"lazy\" decoding=\"async\" class=\"aligncenter size-large wp-image-15752\" src=\"http:\/\/www.traba.org\/trabablog\/wp-content\/uploads\/2018\/08\/fullsizeoutput_ae87-1024x768.jpeg\" alt=\"\" width=\"700\" height=\"525\" srcset=\"http:\/\/traba.org\/trabablog\/wp-content\/uploads\/2018\/08\/fullsizeoutput_ae87-1024x768.jpeg 1024w, http:\/\/traba.org\/trabablog\/wp-content\/uploads\/2018\/08\/fullsizeoutput_ae87-300x225.jpeg 300w, http:\/\/traba.org\/trabablog\/wp-content\/uploads\/2018\/08\/fullsizeoutput_ae87-768x576.jpeg 768w, http:\/\/traba.org\/trabablog\/wp-content\/uploads\/2018\/08\/fullsizeoutput_ae87-460x345.jpeg 460w, http:\/\/traba.org\/trabablog\/wp-content\/uploads\/2018\/08\/fullsizeoutput_ae87-688x516.jpeg 688w\" sizes=\"auto, (max-width: 700px) 100vw, 700px\" \/> vam haver d&#8217;anar al doctor del parc per fer la cura de la ferida. al treure&#8217;s el mitj\u00f3, se li va saltar la crosta que tenia enganxada i va comen\u00e7ar a sagnar. i el vigilant del parc li va fer un globus amb un gu\u00e0 mentre jo li curava la ferida. un cl\u00e0ssic de pediatria que en aquest cas va funcionar.<img loading=\"lazy\" decoding=\"async\" class=\"aligncenter wp-image-15753 size-large\" src=\"http:\/\/www.traba.org\/trabablog\/wp-content\/uploads\/2018\/08\/20180730_140152-e1533166814114-768x1024.jpg\" alt=\"\" width=\"700\" height=\"933\" srcset=\"http:\/\/traba.org\/trabablog\/wp-content\/uploads\/2018\/08\/20180730_140152-e1533166814114-768x1024.jpg 768w, http:\/\/traba.org\/trabablog\/wp-content\/uploads\/2018\/08\/20180730_140152-e1533166814114-225x300.jpg 225w, http:\/\/traba.org\/trabablog\/wp-content\/uploads\/2018\/08\/20180730_140152-e1533166814114-261x348.jpg 261w, http:\/\/traba.org\/trabablog\/wp-content\/uploads\/2018\/08\/20180730_140152-e1533166814114-688x917.jpg 688w\" sizes=\"auto, (max-width: 700px) 100vw, 700px\" \/> comencem les atraccions.<img loading=\"lazy\" decoding=\"async\" class=\"aligncenter size-large wp-image-15754\" src=\"http:\/\/www.traba.org\/trabablog\/wp-content\/uploads\/2018\/08\/20180730_142222-1024x768.jpg\" alt=\"\" width=\"700\" height=\"525\" srcset=\"http:\/\/traba.org\/trabablog\/wp-content\/uploads\/2018\/08\/20180730_142222-1024x768.jpg 1024w, http:\/\/traba.org\/trabablog\/wp-content\/uploads\/2018\/08\/20180730_142222-300x225.jpg 300w, http:\/\/traba.org\/trabablog\/wp-content\/uploads\/2018\/08\/20180730_142222-768x576.jpg 768w, http:\/\/traba.org\/trabablog\/wp-content\/uploads\/2018\/08\/20180730_142222-460x345.jpg 460w, http:\/\/traba.org\/trabablog\/wp-content\/uploads\/2018\/08\/20180730_142222-688x516.jpg 688w\" sizes=\"auto, (max-width: 700px) 100vw, 700px\" \/> <img loading=\"lazy\" decoding=\"async\" class=\"aligncenter wp-image-15755 size-large\" src=\"http:\/\/www.traba.org\/trabablog\/wp-content\/uploads\/2018\/08\/IMG_0425-e1533166965939-768x1024.jpg\" alt=\"\" width=\"700\" height=\"933\" srcset=\"http:\/\/traba.org\/trabablog\/wp-content\/uploads\/2018\/08\/IMG_0425-e1533166965939-768x1024.jpg 768w, http:\/\/traba.org\/trabablog\/wp-content\/uploads\/2018\/08\/IMG_0425-e1533166965939-225x300.jpg 225w, http:\/\/traba.org\/trabablog\/wp-content\/uploads\/2018\/08\/IMG_0425-e1533166965939-261x348.jpg 261w, http:\/\/traba.org\/trabablog\/wp-content\/uploads\/2018\/08\/IMG_0425-e1533166965939-688x917.jpg 688w\" sizes=\"auto, (max-width: 700px) 100vw, 700px\" \/> encara que el veieu aqu\u00ed dormint al felix, no va dormir gaire. per un motiu o per un altre es despertava pobret.<img loading=\"lazy\" decoding=\"async\" class=\"aligncenter wp-image-15756 size-large\" src=\"http:\/\/www.traba.org\/trabablog\/wp-content\/uploads\/2018\/08\/20180730_155748-e1533166984728-768x1024.jpg\" alt=\"\" width=\"700\" height=\"933\" srcset=\"http:\/\/traba.org\/trabablog\/wp-content\/uploads\/2018\/08\/20180730_155748-e1533166984728-768x1024.jpg 768w, http:\/\/traba.org\/trabablog\/wp-content\/uploads\/2018\/08\/20180730_155748-e1533166984728-225x300.jpg 225w, http:\/\/traba.org\/trabablog\/wp-content\/uploads\/2018\/08\/20180730_155748-e1533166984728-261x348.jpg 261w, http:\/\/traba.org\/trabablog\/wp-content\/uploads\/2018\/08\/20180730_155748-e1533166984728-688x917.jpg 688w\" sizes=\"auto, (max-width: 700px) 100vw, 700px\" \/> els vaixells ara amb el bruno.<img loading=\"lazy\" decoding=\"async\" class=\"aligncenter size-large wp-image-15757\" src=\"http:\/\/www.traba.org\/trabablog\/wp-content\/uploads\/2018\/08\/20180730_150302-1024x768.jpg\" alt=\"\" width=\"700\" height=\"525\" srcset=\"http:\/\/traba.org\/trabablog\/wp-content\/uploads\/2018\/08\/20180730_150302-1024x768.jpg 1024w, http:\/\/traba.org\/trabablog\/wp-content\/uploads\/2018\/08\/20180730_150302-300x225.jpg 300w, http:\/\/traba.org\/trabablog\/wp-content\/uploads\/2018\/08\/20180730_150302-768x576.jpg 768w, http:\/\/traba.org\/trabablog\/wp-content\/uploads\/2018\/08\/20180730_150302-460x345.jpg 460w, http:\/\/traba.org\/trabablog\/wp-content\/uploads\/2018\/08\/20180730_150302-688x516.jpg 688w\" sizes=\"auto, (max-width: 700px) 100vw, 700px\" \/> i despr\u00e9s amb la lola, en les atraccions que nom\u00e9s pot anar un nen acompanyat, s&#8217;havia de fer la cua dues vegades. per sort, no eren molt llargues. el temps de les atraccions \u00e9s m\u00e9s curt que al tibidabo.<img loading=\"lazy\" decoding=\"async\" class=\"aligncenter size-large wp-image-15758\" src=\"http:\/\/www.traba.org\/trabablog\/wp-content\/uploads\/2018\/08\/20180730_153518-1024x768.jpg\" alt=\"\" width=\"700\" height=\"525\" srcset=\"http:\/\/traba.org\/trabablog\/wp-content\/uploads\/2018\/08\/20180730_153518-1024x768.jpg 1024w, http:\/\/traba.org\/trabablog\/wp-content\/uploads\/2018\/08\/20180730_153518-300x225.jpg 300w, http:\/\/traba.org\/trabablog\/wp-content\/uploads\/2018\/08\/20180730_153518-768x576.jpg 768w, http:\/\/traba.org\/trabablog\/wp-content\/uploads\/2018\/08\/20180730_153518-460x345.jpg 460w, http:\/\/traba.org\/trabablog\/wp-content\/uploads\/2018\/08\/20180730_153518-688x516.jpg 688w\" sizes=\"auto, (max-width: 700px) 100vw, 700px\" \/> com un senyor.<img loading=\"lazy\" decoding=\"async\" class=\"aligncenter wp-image-15759 size-large\" src=\"http:\/\/www.traba.org\/trabablog\/wp-content\/uploads\/2018\/08\/IMG_0445-e1533167099414-768x1024.jpg\" alt=\"\" width=\"700\" height=\"933\" srcset=\"http:\/\/traba.org\/trabablog\/wp-content\/uploads\/2018\/08\/IMG_0445-e1533167099414-768x1024.jpg 768w, http:\/\/traba.org\/trabablog\/wp-content\/uploads\/2018\/08\/IMG_0445-e1533167099414-225x300.jpg 225w, http:\/\/traba.org\/trabablog\/wp-content\/uploads\/2018\/08\/IMG_0445-e1533167099414-261x348.jpg 261w, http:\/\/traba.org\/trabablog\/wp-content\/uploads\/2018\/08\/IMG_0445-e1533167099414-688x917.jpg 688w\" sizes=\"auto, (max-width: 700px) 100vw, 700px\" \/> <img loading=\"lazy\" decoding=\"async\" class=\"aligncenter wp-image-15760 size-large\" src=\"http:\/\/www.traba.org\/trabablog\/wp-content\/uploads\/2018\/08\/IMG_0447-e1533167123966-768x1024.jpg\" alt=\"\" width=\"700\" height=\"933\" srcset=\"http:\/\/traba.org\/trabablog\/wp-content\/uploads\/2018\/08\/IMG_0447-e1533167123966-768x1024.jpg 768w, http:\/\/traba.org\/trabablog\/wp-content\/uploads\/2018\/08\/IMG_0447-e1533167123966-225x300.jpg 225w, http:\/\/traba.org\/trabablog\/wp-content\/uploads\/2018\/08\/IMG_0447-e1533167123966-261x348.jpg 261w, http:\/\/traba.org\/trabablog\/wp-content\/uploads\/2018\/08\/IMG_0447-e1533167123966-688x917.jpg 688w\" sizes=\"auto, (max-width: 700px) 100vw, 700px\" \/> aqu\u00ed no vam pujar. per sort si tornem quan siguin m\u00e9s grans, es podran acompanyar l&#8217;un a l&#8217;altre.<img loading=\"lazy\" decoding=\"async\" class=\"aligncenter wp-image-15761 size-large\" src=\"http:\/\/www.traba.org\/trabablog\/wp-content\/uploads\/2018\/08\/20180730_181214-e1533167138675-768x1024.jpg\" alt=\"\" width=\"700\" height=\"933\" srcset=\"http:\/\/traba.org\/trabablog\/wp-content\/uploads\/2018\/08\/20180730_181214-e1533167138675-768x1024.jpg 768w, http:\/\/traba.org\/trabablog\/wp-content\/uploads\/2018\/08\/20180730_181214-e1533167138675-225x300.jpg 225w, http:\/\/traba.org\/trabablog\/wp-content\/uploads\/2018\/08\/20180730_181214-e1533167138675-261x348.jpg 261w, http:\/\/traba.org\/trabablog\/wp-content\/uploads\/2018\/08\/20180730_181214-e1533167138675-688x917.jpg 688w\" sizes=\"auto, (max-width: 700px) 100vw, 700px\" \/> el qu\u00e8 ens va sobrar del picnic.<img loading=\"lazy\" decoding=\"async\" class=\"aligncenter wp-image-15762 size-large\" src=\"http:\/\/www.traba.org\/trabablog\/wp-content\/uploads\/2018\/08\/20180730_181343-e1533167182655-768x1024.jpg\" alt=\"\" width=\"700\" height=\"933\" srcset=\"http:\/\/traba.org\/trabablog\/wp-content\/uploads\/2018\/08\/20180730_181343-e1533167182655-768x1024.jpg 768w, http:\/\/traba.org\/trabablog\/wp-content\/uploads\/2018\/08\/20180730_181343-e1533167182655-225x300.jpg 225w, http:\/\/traba.org\/trabablog\/wp-content\/uploads\/2018\/08\/20180730_181343-e1533167182655-261x348.jpg 261w, http:\/\/traba.org\/trabablog\/wp-content\/uploads\/2018\/08\/20180730_181343-e1533167182655-688x917.jpg 688w\" sizes=\"auto, (max-width: 700px) 100vw, 700px\" \/> i per la nit, a fer maletes.<img loading=\"lazy\" decoding=\"async\" class=\"aligncenter size-large wp-image-15763\" src=\"http:\/\/www.traba.org\/trabablog\/wp-content\/uploads\/2018\/08\/20180731_082248-1024x768.jpg\" alt=\"\" width=\"700\" height=\"525\" srcset=\"http:\/\/traba.org\/trabablog\/wp-content\/uploads\/2018\/08\/20180731_082248-1024x768.jpg 1024w, http:\/\/traba.org\/trabablog\/wp-content\/uploads\/2018\/08\/20180731_082248-300x225.jpg 300w, http:\/\/traba.org\/trabablog\/wp-content\/uploads\/2018\/08\/20180731_082248-768x576.jpg 768w, http:\/\/traba.org\/trabablog\/wp-content\/uploads\/2018\/08\/20180731_082248-460x345.jpg 460w, http:\/\/traba.org\/trabablog\/wp-content\/uploads\/2018\/08\/20180731_082248-688x516.jpg 688w\" sizes=\"auto, (max-width: 700px) 100vw, 700px\" \/> esperant que es faci l&#8217;hora.<img loading=\"lazy\" decoding=\"async\" class=\"aligncenter wp-image-15764 size-large\" src=\"http:\/\/www.traba.org\/trabablog\/wp-content\/uploads\/2018\/08\/20180731_091432-e1533167241777-768x1024.jpg\" alt=\"\" width=\"700\" height=\"933\" srcset=\"http:\/\/traba.org\/trabablog\/wp-content\/uploads\/2018\/08\/20180731_091432-e1533167241777-768x1024.jpg 768w, http:\/\/traba.org\/trabablog\/wp-content\/uploads\/2018\/08\/20180731_091432-e1533167241777-225x300.jpg 225w, http:\/\/traba.org\/trabablog\/wp-content\/uploads\/2018\/08\/20180731_091432-e1533167241777-261x348.jpg 261w, http:\/\/traba.org\/trabablog\/wp-content\/uploads\/2018\/08\/20180731_091432-e1533167241777-688x917.jpg 688w\" sizes=\"auto, (max-width: 700px) 100vw, 700px\" \/> <img loading=\"lazy\" decoding=\"async\" class=\"aligncenter wp-image-15765 size-large\" src=\"http:\/\/www.traba.org\/trabablog\/wp-content\/uploads\/2018\/08\/20180731_091753-e1533167259703-768x1024.jpg\" alt=\"\" width=\"700\" height=\"933\" srcset=\"http:\/\/traba.org\/trabablog\/wp-content\/uploads\/2018\/08\/20180731_091753-e1533167259703-768x1024.jpg 768w, http:\/\/traba.org\/trabablog\/wp-content\/uploads\/2018\/08\/20180731_091753-e1533167259703-225x300.jpg 225w, http:\/\/traba.org\/trabablog\/wp-content\/uploads\/2018\/08\/20180731_091753-e1533167259703-261x348.jpg 261w, http:\/\/traba.org\/trabablog\/wp-content\/uploads\/2018\/08\/20180731_091753-e1533167259703-688x917.jpg 688w\" sizes=\"auto, (max-width: 700px) 100vw, 700px\" \/> bye bye copenhagen.<img loading=\"lazy\" decoding=\"async\" class=\"aligncenter wp-image-15766 size-large\" src=\"http:\/\/www.traba.org\/trabablog\/wp-content\/uploads\/2018\/08\/20180731_092651-e1533167277478-768x1024.jpg\" alt=\"\" width=\"700\" height=\"933\" srcset=\"http:\/\/traba.org\/trabablog\/wp-content\/uploads\/2018\/08\/20180731_092651-e1533167277478-768x1024.jpg 768w, http:\/\/traba.org\/trabablog\/wp-content\/uploads\/2018\/08\/20180731_092651-e1533167277478-225x300.jpg 225w, http:\/\/traba.org\/trabablog\/wp-content\/uploads\/2018\/08\/20180731_092651-e1533167277478-261x348.jpg 261w, http:\/\/traba.org\/trabablog\/wp-content\/uploads\/2018\/08\/20180731_092651-e1533167277478-688x917.jpg 688w\" sizes=\"auto, (max-width: 700px) 100vw, 700px\" \/> i va i el f\u00e8lix s&#8217;adorm a l&#8217;hora de marxar.<img loading=\"lazy\" decoding=\"async\" class=\"aligncenter wp-image-15767 size-large\" src=\"http:\/\/www.traba.org\/trabablog\/wp-content\/uploads\/2018\/08\/20180731_094319-e1533167306698-768x1024.jpg\" alt=\"\" width=\"700\" height=\"933\" srcset=\"http:\/\/traba.org\/trabablog\/wp-content\/uploads\/2018\/08\/20180731_094319-e1533167306698-768x1024.jpg 768w, http:\/\/traba.org\/trabablog\/wp-content\/uploads\/2018\/08\/20180731_094319-e1533167306698-225x300.jpg 225w, http:\/\/traba.org\/trabablog\/wp-content\/uploads\/2018\/08\/20180731_094319-e1533167306698-261x348.jpg 261w, http:\/\/traba.org\/trabablog\/wp-content\/uploads\/2018\/08\/20180731_094319-e1533167306698-688x917.jpg 688w\" sizes=\"auto, (max-width: 700px) 100vw, 700px\" \/> <img loading=\"lazy\" decoding=\"async\" class=\"aligncenter size-large wp-image-15768\" src=\"http:\/\/www.traba.org\/trabablog\/wp-content\/uploads\/2018\/08\/20180731_094409-1024x768.jpg\" alt=\"\" width=\"700\" height=\"525\" srcset=\"http:\/\/traba.org\/trabablog\/wp-content\/uploads\/2018\/08\/20180731_094409-1024x768.jpg 1024w, http:\/\/traba.org\/trabablog\/wp-content\/uploads\/2018\/08\/20180731_094409-300x225.jpg 300w, http:\/\/traba.org\/trabablog\/wp-content\/uploads\/2018\/08\/20180731_094409-768x576.jpg 768w, http:\/\/traba.org\/trabablog\/wp-content\/uploads\/2018\/08\/20180731_094409-460x345.jpg 460w, http:\/\/traba.org\/trabablog\/wp-content\/uploads\/2018\/08\/20180731_094409-688x516.jpg 688w\" sizes=\"auto, (max-width: 700px) 100vw, 700px\" \/> ja a l&#8217;avi\u00f3.<img loading=\"lazy\" decoding=\"async\" class=\"aligncenter size-large wp-image-15769\" src=\"http:\/\/www.traba.org\/trabablog\/wp-content\/uploads\/2018\/08\/d0bf7a1a-3698-45c6-8738-ad4e30483096-1024x768.jpg\" alt=\"\" width=\"700\" height=\"525\" srcset=\"http:\/\/traba.org\/trabablog\/wp-content\/uploads\/2018\/08\/d0bf7a1a-3698-45c6-8738-ad4e30483096-1024x768.jpg 1024w, http:\/\/traba.org\/trabablog\/wp-content\/uploads\/2018\/08\/d0bf7a1a-3698-45c6-8738-ad4e30483096-300x225.jpg 300w, http:\/\/traba.org\/trabablog\/wp-content\/uploads\/2018\/08\/d0bf7a1a-3698-45c6-8738-ad4e30483096-768x576.jpg 768w, http:\/\/traba.org\/trabablog\/wp-content\/uploads\/2018\/08\/d0bf7a1a-3698-45c6-8738-ad4e30483096-460x345.jpg 460w, http:\/\/traba.org\/trabablog\/wp-content\/uploads\/2018\/08\/d0bf7a1a-3698-45c6-8738-ad4e30483096-688x516.jpg 688w, http:\/\/traba.org\/trabablog\/wp-content\/uploads\/2018\/08\/d0bf7a1a-3698-45c6-8738-ad4e30483096.jpg 1599w\" sizes=\"auto, (max-width: 700px) 100vw, 700px\" \/> <img loading=\"lazy\" decoding=\"async\" class=\"aligncenter size-large wp-image-15770\" src=\"http:\/\/www.traba.org\/trabablog\/wp-content\/uploads\/2018\/08\/20180731_122858-1024x768.jpg\" alt=\"\" width=\"700\" height=\"525\" srcset=\"http:\/\/traba.org\/trabablog\/wp-content\/uploads\/2018\/08\/20180731_122858-1024x768.jpg 1024w, http:\/\/traba.org\/trabablog\/wp-content\/uploads\/2018\/08\/20180731_122858-300x225.jpg 300w, http:\/\/traba.org\/trabablog\/wp-content\/uploads\/2018\/08\/20180731_122858-768x576.jpg 768w, http:\/\/traba.org\/trabablog\/wp-content\/uploads\/2018\/08\/20180731_122858-460x345.jpg 460w, http:\/\/traba.org\/trabablog\/wp-content\/uploads\/2018\/08\/20180731_122858-688x516.jpg 688w\" sizes=\"auto, (max-width: 700px) 100vw, 700px\" \/> <img loading=\"lazy\" decoding=\"async\" class=\"aligncenter size-large wp-image-15772\" src=\"http:\/\/www.traba.org\/trabablog\/wp-content\/uploads\/2018\/08\/20180731_124445-1024x768.jpg\" alt=\"\" width=\"700\" height=\"525\" srcset=\"http:\/\/traba.org\/trabablog\/wp-content\/uploads\/2018\/08\/20180731_124445-1024x768.jpg 1024w, http:\/\/traba.org\/trabablog\/wp-content\/uploads\/2018\/08\/20180731_124445-300x225.jpg 300w, http:\/\/traba.org\/trabablog\/wp-content\/uploads\/2018\/08\/20180731_124445-768x576.jpg 768w, http:\/\/traba.org\/trabablog\/wp-content\/uploads\/2018\/08\/20180731_124445-460x345.jpg 460w, http:\/\/traba.org\/trabablog\/wp-content\/uploads\/2018\/08\/20180731_124445-688x516.jpg 688w\" sizes=\"auto, (max-width: 700px) 100vw, 700px\" \/><\/p>\n<p><img loading=\"lazy\" decoding=\"async\" class=\"aligncenter wp-image-15775 size-large\" src=\"http:\/\/www.traba.org\/trabablog\/wp-content\/uploads\/2018\/08\/20180731_152102-e1533167434280-1024x768.jpg\" alt=\"\" width=\"700\" height=\"525\" srcset=\"http:\/\/traba.org\/trabablog\/wp-content\/uploads\/2018\/08\/20180731_152102-e1533167434280-1024x768.jpg 1024w, http:\/\/traba.org\/trabablog\/wp-content\/uploads\/2018\/08\/20180731_152102-e1533167434280-300x225.jpg 300w, http:\/\/traba.org\/trabablog\/wp-content\/uploads\/2018\/08\/20180731_152102-e1533167434280-768x576.jpg 768w, http:\/\/traba.org\/trabablog\/wp-content\/uploads\/2018\/08\/20180731_152102-e1533167434280-460x345.jpg 460w, http:\/\/traba.org\/trabablog\/wp-content\/uploads\/2018\/08\/20180731_152102-e1533167434280-688x516.jpg 688w\" sizes=\"auto, (max-width: 700px) 100vw, 700px\" \/> com que l&#8217;aeroport est\u00e0 lluny de reikiavik, vam agafar un transfer que portava cadireta per cadascun dels nens.<img loading=\"lazy\" decoding=\"async\" class=\"aligncenter wp-image-15773 size-large\" src=\"http:\/\/www.traba.org\/trabablog\/wp-content\/uploads\/2018\/08\/20180731_143149-e1533167353361-768x1024.jpg\" alt=\"\" width=\"700\" height=\"933\" srcset=\"http:\/\/traba.org\/trabablog\/wp-content\/uploads\/2018\/08\/20180731_143149-e1533167353361-768x1024.jpg 768w, http:\/\/traba.org\/trabablog\/wp-content\/uploads\/2018\/08\/20180731_143149-e1533167353361-225x300.jpg 225w, http:\/\/traba.org\/trabablog\/wp-content\/uploads\/2018\/08\/20180731_143149-e1533167353361-261x348.jpg 261w, http:\/\/traba.org\/trabablog\/wp-content\/uploads\/2018\/08\/20180731_143149-e1533167353361-688x917.jpg 688w\" sizes=\"auto, (max-width: 700px) 100vw, 700px\" \/> <img loading=\"lazy\" decoding=\"async\" class=\"aligncenter wp-image-15774 size-large\" src=\"http:\/\/www.traba.org\/trabablog\/wp-content\/uploads\/2018\/08\/20180731_143845-e1533167402774-768x1024.jpg\" alt=\"\" width=\"700\" height=\"933\" srcset=\"http:\/\/traba.org\/trabablog\/wp-content\/uploads\/2018\/08\/20180731_143845-e1533167402774-768x1024.jpg 768w, http:\/\/traba.org\/trabablog\/wp-content\/uploads\/2018\/08\/20180731_143845-e1533167402774-225x300.jpg 225w, http:\/\/traba.org\/trabablog\/wp-content\/uploads\/2018\/08\/20180731_143845-e1533167402774-261x348.jpg 261w, http:\/\/traba.org\/trabablog\/wp-content\/uploads\/2018\/08\/20180731_143845-e1533167402774-688x917.jpg 688w\" sizes=\"auto, (max-width: 700px) 100vw, 700px\" \/> arribats a reikiavik hora local 15:31. plovia.<img loading=\"lazy\" decoding=\"async\" class=\"aligncenter size-large wp-image-15776\" src=\"http:\/\/www.traba.org\/trabablog\/wp-content\/uploads\/2018\/08\/20180731_153124-1024x768.jpg\" alt=\"\" width=\"700\" height=\"525\" srcset=\"http:\/\/traba.org\/trabablog\/wp-content\/uploads\/2018\/08\/20180731_153124-1024x768.jpg 1024w, http:\/\/traba.org\/trabablog\/wp-content\/uploads\/2018\/08\/20180731_153124-300x225.jpg 300w, http:\/\/traba.org\/trabablog\/wp-content\/uploads\/2018\/08\/20180731_153124-768x576.jpg 768w, http:\/\/traba.org\/trabablog\/wp-content\/uploads\/2018\/08\/20180731_153124-460x345.jpg 460w, http:\/\/traba.org\/trabablog\/wp-content\/uploads\/2018\/08\/20180731_153124-688x516.jpg 688w\" sizes=\"auto, (max-width: 700px) 100vw, 700px\" \/> l&#8217;habitaci\u00f3 dels nens.<img loading=\"lazy\" decoding=\"async\" class=\"aligncenter size-large wp-image-15777\" src=\"http:\/\/www.traba.org\/trabablog\/wp-content\/uploads\/2018\/08\/20180731_154057-1024x768.jpg\" alt=\"\" width=\"700\" height=\"525\" srcset=\"http:\/\/traba.org\/trabablog\/wp-content\/uploads\/2018\/08\/20180731_154057-1024x768.jpg 1024w, http:\/\/traba.org\/trabablog\/wp-content\/uploads\/2018\/08\/20180731_154057-300x225.jpg 300w, http:\/\/traba.org\/trabablog\/wp-content\/uploads\/2018\/08\/20180731_154057-768x576.jpg 768w, http:\/\/traba.org\/trabablog\/wp-content\/uploads\/2018\/08\/20180731_154057-460x345.jpg 460w, http:\/\/traba.org\/trabablog\/wp-content\/uploads\/2018\/08\/20180731_154057-688x516.jpg 688w\" sizes=\"auto, (max-width: 700px) 100vw, 700px\" \/> <img loading=\"lazy\" decoding=\"async\" class=\"aligncenter wp-image-15778 size-large\" src=\"http:\/\/www.traba.org\/trabablog\/wp-content\/uploads\/2018\/08\/20180731_155136-e1533167504352-768x1024.jpg\" alt=\"\" width=\"700\" height=\"933\" srcset=\"http:\/\/traba.org\/trabablog\/wp-content\/uploads\/2018\/08\/20180731_155136-e1533167504352-768x1024.jpg 768w, http:\/\/traba.org\/trabablog\/wp-content\/uploads\/2018\/08\/20180731_155136-e1533167504352-225x300.jpg 225w, http:\/\/traba.org\/trabablog\/wp-content\/uploads\/2018\/08\/20180731_155136-e1533167504352-261x348.jpg 261w, http:\/\/traba.org\/trabablog\/wp-content\/uploads\/2018\/08\/20180731_155136-e1533167504352-688x917.jpg 688w\" sizes=\"auto, (max-width: 700px) 100vw, 700px\" \/> el menjador.<img loading=\"lazy\" decoding=\"async\" class=\"aligncenter size-large wp-image-15779\" src=\"http:\/\/www.traba.org\/trabablog\/wp-content\/uploads\/2018\/08\/20180731_160210-1024x768.jpg\" alt=\"\" width=\"700\" height=\"525\" srcset=\"http:\/\/traba.org\/trabablog\/wp-content\/uploads\/2018\/08\/20180731_160210-1024x768.jpg 1024w, http:\/\/traba.org\/trabablog\/wp-content\/uploads\/2018\/08\/20180731_160210-300x225.jpg 300w, http:\/\/traba.org\/trabablog\/wp-content\/uploads\/2018\/08\/20180731_160210-768x576.jpg 768w, http:\/\/traba.org\/trabablog\/wp-content\/uploads\/2018\/08\/20180731_160210-460x345.jpg 460w, http:\/\/traba.org\/trabablog\/wp-content\/uploads\/2018\/08\/20180731_160210-688x516.jpg 688w\" sizes=\"auto, (max-width: 700px) 100vw, 700px\" \/> <img loading=\"lazy\" decoding=\"async\" class=\"aligncenter wp-image-15780 size-large\" src=\"http:\/\/www.traba.org\/trabablog\/wp-content\/uploads\/2018\/08\/20180731_162302-e1533167527966-768x1024.jpg\" alt=\"\" width=\"700\" height=\"933\" srcset=\"http:\/\/traba.org\/trabablog\/wp-content\/uploads\/2018\/08\/20180731_162302-e1533167527966-768x1024.jpg 768w, http:\/\/traba.org\/trabablog\/wp-content\/uploads\/2018\/08\/20180731_162302-e1533167527966-225x300.jpg 225w, http:\/\/traba.org\/trabablog\/wp-content\/uploads\/2018\/08\/20180731_162302-e1533167527966-261x348.jpg 261w, http:\/\/traba.org\/trabablog\/wp-content\/uploads\/2018\/08\/20180731_162302-e1533167527966-688x917.jpg 688w\" sizes=\"auto, (max-width: 700px) 100vw, 700px\" \/> i una volta per l&#8217;harpa.<img loading=\"lazy\" decoding=\"async\" class=\"aligncenter size-large wp-image-15781\" src=\"http:\/\/www.traba.org\/trabablog\/wp-content\/uploads\/2018\/08\/20180731_172621-1024x768.jpg\" alt=\"\" width=\"700\" height=\"525\" srcset=\"http:\/\/traba.org\/trabablog\/wp-content\/uploads\/2018\/08\/20180731_172621-1024x768.jpg 1024w, http:\/\/traba.org\/trabablog\/wp-content\/uploads\/2018\/08\/20180731_172621-300x225.jpg 300w, http:\/\/traba.org\/trabablog\/wp-content\/uploads\/2018\/08\/20180731_172621-768x576.jpg 768w, http:\/\/traba.org\/trabablog\/wp-content\/uploads\/2018\/08\/20180731_172621-460x345.jpg 460w, http:\/\/traba.org\/trabablog\/wp-content\/uploads\/2018\/08\/20180731_172621-688x516.jpg 688w\" sizes=\"auto, (max-width: 700px) 100vw, 700px\" \/> est\u00e0 tot construint-se. el francesc s&#8217;ho ha mirat i ser\u00e0 un hotel i un centre comercial.<img loading=\"lazy\" decoding=\"async\" class=\"aligncenter size-large wp-image-15782\" src=\"http:\/\/www.traba.org\/trabablog\/wp-content\/uploads\/2018\/08\/20180731_172902-1024x768.jpg\" alt=\"\" width=\"700\" height=\"525\" srcset=\"http:\/\/traba.org\/trabablog\/wp-content\/uploads\/2018\/08\/20180731_172902-1024x768.jpg 1024w, http:\/\/traba.org\/trabablog\/wp-content\/uploads\/2018\/08\/20180731_172902-300x225.jpg 300w, http:\/\/traba.org\/trabablog\/wp-content\/uploads\/2018\/08\/20180731_172902-768x576.jpg 768w, http:\/\/traba.org\/trabablog\/wp-content\/uploads\/2018\/08\/20180731_172902-460x345.jpg 460w, http:\/\/traba.org\/trabablog\/wp-content\/uploads\/2018\/08\/20180731_172902-688x516.jpg 688w\" sizes=\"auto, (max-width: 700px) 100vw, 700px\" \/> fent bombolles davant de l&#8217;harpa.<img loading=\"lazy\" decoding=\"async\" class=\"aligncenter wp-image-15783 size-large\" src=\"http:\/\/www.traba.org\/trabablog\/wp-content\/uploads\/2018\/08\/20180731_173127-e1533167584556-768x1024.jpg\" alt=\"\" width=\"700\" height=\"933\" srcset=\"http:\/\/traba.org\/trabablog\/wp-content\/uploads\/2018\/08\/20180731_173127-e1533167584556-768x1024.jpg 768w, http:\/\/traba.org\/trabablog\/wp-content\/uploads\/2018\/08\/20180731_173127-e1533167584556-225x300.jpg 225w, http:\/\/traba.org\/trabablog\/wp-content\/uploads\/2018\/08\/20180731_173127-e1533167584556-261x348.jpg 261w, http:\/\/traba.org\/trabablog\/wp-content\/uploads\/2018\/08\/20180731_173127-e1533167584556-688x917.jpg 688w\" sizes=\"auto, (max-width: 700px) 100vw, 700px\" \/> <img loading=\"lazy\" decoding=\"async\" class=\"aligncenter size-large wp-image-15784\" src=\"http:\/\/www.traba.org\/trabablog\/wp-content\/uploads\/2018\/08\/20180731_173323-1024x768.jpg\" alt=\"\" width=\"700\" height=\"525\" srcset=\"http:\/\/traba.org\/trabablog\/wp-content\/uploads\/2018\/08\/20180731_173323-1024x768.jpg 1024w, http:\/\/traba.org\/trabablog\/wp-content\/uploads\/2018\/08\/20180731_173323-300x225.jpg 300w, http:\/\/traba.org\/trabablog\/wp-content\/uploads\/2018\/08\/20180731_173323-768x576.jpg 768w, http:\/\/traba.org\/trabablog\/wp-content\/uploads\/2018\/08\/20180731_173323-460x345.jpg 460w, http:\/\/traba.org\/trabablog\/wp-content\/uploads\/2018\/08\/20180731_173323-688x516.jpg 688w\" sizes=\"auto, (max-width: 700px) 100vw, 700px\" \/><\/p>\n<p>i el cl\u00e0ssic tenderete dels frankfurts que han <a href=\"https:\/\/icelandmonitor.mbl.is\/news\/eat_and_drink\/2017\/07\/27\/the_world_s_best_hot_dog_stand_moves\/\">mogut de cantonada<\/a>. per fi hem descobert qu\u00e8 passava. aquesta \u00e9s la foto del 2011.<img loading=\"lazy\" decoding=\"async\" class=\"aligncenter size-large wp-image-15807\" src=\"http:\/\/www.traba.org\/trabablog\/wp-content\/uploads\/2018\/08\/6e612f48-c245-46f4-8de6-d78804e8b69b.jpg\" alt=\"\" width=\"500\" height=\"332\" srcset=\"http:\/\/traba.org\/trabablog\/wp-content\/uploads\/2018\/08\/6e612f48-c245-46f4-8de6-d78804e8b69b.jpg 500w, http:\/\/traba.org\/trabablog\/wp-content\/uploads\/2018\/08\/6e612f48-c245-46f4-8de6-d78804e8b69b-300x199.jpg 300w, http:\/\/traba.org\/trabablog\/wp-content\/uploads\/2018\/08\/6e612f48-c245-46f4-8de6-d78804e8b69b-460x305.jpg 460w\" sizes=\"auto, (max-width: 500px) 100vw, 500px\" \/><\/p>\n<p>i aquesta d&#8217;ahir.<img loading=\"lazy\" decoding=\"async\" class=\"aligncenter size-large wp-image-15808\" src=\"http:\/\/www.traba.org\/trabablog\/wp-content\/uploads\/2018\/08\/e25d7f89-2dfa-4793-96e3-f4654f50c758-1024x768.jpg\" alt=\"\" width=\"700\" height=\"525\" srcset=\"http:\/\/traba.org\/trabablog\/wp-content\/uploads\/2018\/08\/e25d7f89-2dfa-4793-96e3-f4654f50c758-1024x768.jpg 1024w, http:\/\/traba.org\/trabablog\/wp-content\/uploads\/2018\/08\/e25d7f89-2dfa-4793-96e3-f4654f50c758-300x225.jpg 300w, http:\/\/traba.org\/trabablog\/wp-content\/uploads\/2018\/08\/e25d7f89-2dfa-4793-96e3-f4654f50c758-768x576.jpg 768w, http:\/\/traba.org\/trabablog\/wp-content\/uploads\/2018\/08\/e25d7f89-2dfa-4793-96e3-f4654f50c758-460x345.jpg 460w, http:\/\/traba.org\/trabablog\/wp-content\/uploads\/2018\/08\/e25d7f89-2dfa-4793-96e3-f4654f50c758-688x516.jpg 688w, http:\/\/traba.org\/trabablog\/wp-content\/uploads\/2018\/08\/e25d7f89-2dfa-4793-96e3-f4654f50c758.jpg 1599w\" sizes=\"auto, (max-width: 700px) 100vw, 700px\" \/><\/p>\n<p>on era el tenderete i on \u00e9s ara.<\/p>\n<p><iframe loading=\"lazy\" style=\"border: 0;\" src=\"https:\/\/www.google.com\/maps\/embed?pb=!4v1533166459676!6m8!1m7!1s1VBna487DyJ82Hj_J7hOrw!2m2!1d64.14835077457931!2d-21.93774138148349!3f219.98858636264245!4f-2.456729933900121!5f0.7820865974627469\" width=\"600\" height=\"450\" frameborder=\"0\" allowfullscreen=\"allowfullscreen\"><\/iframe><\/p>\n<p>vista de l&#8217;harpa des del frankfurt que no hi havia res. \u00e9s on ara hi ha totes les obres amb les grues.<\/p>\n<p><iframe loading=\"lazy\" style=\"border: 0;\" src=\"https:\/\/www.google.com\/maps\/embed?pb=!4v1533166536339!6m8!1m7!1s1VBna487DyJ82Hj_J7hOrw!2m2!1d64.14835077457931!2d-21.93774138148349!3f50.48610445685058!4f-2.9026928386220305!5f0.7820865974627469\" width=\"600\" height=\"450\" frameborder=\"0\" allowfullscreen=\"allowfullscreen\"><\/iframe><\/p>\n<p>bona nit \ud83d\ude42<img loading=\"lazy\" decoding=\"async\" class=\"aligncenter size-large wp-image-15785\" src=\"http:\/\/www.traba.org\/trabablog\/wp-content\/uploads\/2018\/08\/20180731_202110-1024x768.jpg\" alt=\"\" width=\"700\" height=\"525\" srcset=\"http:\/\/traba.org\/trabablog\/wp-content\/uploads\/2018\/08\/20180731_202110-1024x768.jpg 1024w, http:\/\/traba.org\/trabablog\/wp-content\/uploads\/2018\/08\/20180731_202110-300x225.jpg 300w, http:\/\/traba.org\/trabablog\/wp-content\/uploads\/2018\/08\/20180731_202110-768x576.jpg 768w, http:\/\/traba.org\/trabablog\/wp-content\/uploads\/2018\/08\/20180731_202110-460x345.jpg 460w, http:\/\/traba.org\/trabablog\/wp-content\/uploads\/2018\/08\/20180731_202110-688x516.jpg 688w\" sizes=\"auto, (max-width: 700px) 100vw, 700px\" \/> el llit del bruno&#8230; els nens de la casa, s\u00f3n dues nenes \ud83d\ude42 per\u00f2 li agrada tapar-se amb la cortina.<img loading=\"lazy\" decoding=\"async\" class=\"aligncenter wp-image-15786 size-large\" src=\"http:\/\/www.traba.org\/trabablog\/wp-content\/uploads\/2018\/08\/20180731_202252-e1533167621647-768x1024.jpg\" alt=\"\" width=\"700\" height=\"933\" srcset=\"http:\/\/traba.org\/trabablog\/wp-content\/uploads\/2018\/08\/20180731_202252-e1533167621647-768x1024.jpg 768w, http:\/\/traba.org\/trabablog\/wp-content\/uploads\/2018\/08\/20180731_202252-e1533167621647-225x300.jpg 225w, http:\/\/traba.org\/trabablog\/wp-content\/uploads\/2018\/08\/20180731_202252-e1533167621647-261x348.jpg 261w, http:\/\/traba.org\/trabablog\/wp-content\/uploads\/2018\/08\/20180731_202252-e1533167621647-688x917.jpg 688w\" sizes=\"auto, (max-width: 700px) 100vw, 700px\" \/> i el llit provisional de la lola, ja que la segona nena t\u00e9 7 mesos nom\u00e9s.<img loading=\"lazy\" decoding=\"async\" class=\"aligncenter wp-image-15787 size-large\" src=\"http:\/\/www.traba.org\/trabablog\/wp-content\/uploads\/2018\/08\/20180731_202305-e1533167670997-768x1024.jpg\" alt=\"\" width=\"700\" height=\"933\" srcset=\"http:\/\/traba.org\/trabablog\/wp-content\/uploads\/2018\/08\/20180731_202305-e1533167670997-768x1024.jpg 768w, http:\/\/traba.org\/trabablog\/wp-content\/uploads\/2018\/08\/20180731_202305-e1533167670997-225x300.jpg 225w, http:\/\/traba.org\/trabablog\/wp-content\/uploads\/2018\/08\/20180731_202305-e1533167670997-261x348.jpg 261w, http:\/\/traba.org\/trabablog\/wp-content\/uploads\/2018\/08\/20180731_202305-e1533167670997-688x917.jpg 688w\" sizes=\"auto, (max-width: 700px) 100vw, 700px\" \/> i amb el canvi horari, el bruno es va llevar a les 5:50.<img loading=\"lazy\" decoding=\"async\" class=\"aligncenter wp-image-15788 size-large\" src=\"http:\/\/www.traba.org\/trabablog\/wp-content\/uploads\/2018\/08\/20180801_075459-e1533167702853-768x1024.jpg\" alt=\"\" width=\"700\" height=\"933\" srcset=\"http:\/\/traba.org\/trabablog\/wp-content\/uploads\/2018\/08\/20180801_075459-e1533167702853-768x1024.jpg 768w, http:\/\/traba.org\/trabablog\/wp-content\/uploads\/2018\/08\/20180801_075459-e1533167702853-225x300.jpg 225w, http:\/\/traba.org\/trabablog\/wp-content\/uploads\/2018\/08\/20180801_075459-e1533167702853-261x348.jpg 261w, http:\/\/traba.org\/trabablog\/wp-content\/uploads\/2018\/08\/20180801_075459-e1533167702853-688x917.jpg 688w\" sizes=\"auto, (max-width: 700px) 100vw, 700px\" \/> la lola ha dormit un parell d&#8217;hores m\u00e9s.<img loading=\"lazy\" decoding=\"async\" class=\"aligncenter wp-image-15789 size-large\" src=\"http:\/\/www.traba.org\/trabablog\/wp-content\/uploads\/2018\/08\/20180801_075505-e1533167743789-768x1024.jpg\" alt=\"\" width=\"700\" height=\"933\" srcset=\"http:\/\/traba.org\/trabablog\/wp-content\/uploads\/2018\/08\/20180801_075505-e1533167743789-768x1024.jpg 768w, http:\/\/traba.org\/trabablog\/wp-content\/uploads\/2018\/08\/20180801_075505-e1533167743789-225x300.jpg 225w, http:\/\/traba.org\/trabablog\/wp-content\/uploads\/2018\/08\/20180801_075505-e1533167743789-261x348.jpg 261w, http:\/\/traba.org\/trabablog\/wp-content\/uploads\/2018\/08\/20180801_075505-e1533167743789-688x917.jpg 688w\" sizes=\"auto, (max-width: 700px) 100vw, 700px\" \/> a l&#8217;esgl\u00e9sia.<img loading=\"lazy\" decoding=\"async\" class=\"aligncenter wp-image-15790 size-large\" src=\"http:\/\/www.traba.org\/trabablog\/wp-content\/uploads\/2018\/08\/20180801_105200-e1533167772723-768x1024.jpg\" alt=\"\" width=\"700\" height=\"933\" srcset=\"http:\/\/traba.org\/trabablog\/wp-content\/uploads\/2018\/08\/20180801_105200-e1533167772723-768x1024.jpg 768w, http:\/\/traba.org\/trabablog\/wp-content\/uploads\/2018\/08\/20180801_105200-e1533167772723-225x300.jpg 225w, http:\/\/traba.org\/trabablog\/wp-content\/uploads\/2018\/08\/20180801_105200-e1533167772723-261x348.jpg 261w, http:\/\/traba.org\/trabablog\/wp-content\/uploads\/2018\/08\/20180801_105200-e1533167772723-688x917.jpg 688w\" sizes=\"auto, (max-width: 700px) 100vw, 700px\" \/> <img loading=\"lazy\" decoding=\"async\" class=\"aligncenter wp-image-15791 size-large\" src=\"http:\/\/www.traba.org\/trabablog\/wp-content\/uploads\/2018\/08\/20180801_105230-e1533167801481-768x1024.jpg\" alt=\"\" width=\"700\" height=\"933\" srcset=\"http:\/\/traba.org\/trabablog\/wp-content\/uploads\/2018\/08\/20180801_105230-e1533167801481-768x1024.jpg 768w, http:\/\/traba.org\/trabablog\/wp-content\/uploads\/2018\/08\/20180801_105230-e1533167801481-225x300.jpg 225w, http:\/\/traba.org\/trabablog\/wp-content\/uploads\/2018\/08\/20180801_105230-e1533167801481-261x348.jpg 261w, http:\/\/traba.org\/trabablog\/wp-content\/uploads\/2018\/08\/20180801_105230-e1533167801481-688x917.jpg 688w\" sizes=\"auto, (max-width: 700px) 100vw, 700px\" \/> hem pujat a dalt a mirar les vistes.<img loading=\"lazy\" decoding=\"async\" class=\"aligncenter wp-image-15792 size-large\" src=\"http:\/\/www.traba.org\/trabablog\/wp-content\/uploads\/2018\/08\/20180801_110936-e1533167818151-768x1024.jpg\" alt=\"\" width=\"700\" height=\"933\" srcset=\"http:\/\/traba.org\/trabablog\/wp-content\/uploads\/2018\/08\/20180801_110936-e1533167818151-768x1024.jpg 768w, http:\/\/traba.org\/trabablog\/wp-content\/uploads\/2018\/08\/20180801_110936-e1533167818151-225x300.jpg 225w, http:\/\/traba.org\/trabablog\/wp-content\/uploads\/2018\/08\/20180801_110936-e1533167818151-261x348.jpg 261w, http:\/\/traba.org\/trabablog\/wp-content\/uploads\/2018\/08\/20180801_110936-e1533167818151-688x917.jpg 688w\" sizes=\"auto, (max-width: 700px) 100vw, 700px\" \/> <img loading=\"lazy\" decoding=\"async\" class=\"aligncenter size-large wp-image-15793\" src=\"http:\/\/www.traba.org\/trabablog\/wp-content\/uploads\/2018\/08\/20180801_111535-1024x768.jpg\" alt=\"\" width=\"700\" height=\"525\" srcset=\"http:\/\/traba.org\/trabablog\/wp-content\/uploads\/2018\/08\/20180801_111535-1024x768.jpg 1024w, http:\/\/traba.org\/trabablog\/wp-content\/uploads\/2018\/08\/20180801_111535-300x225.jpg 300w, http:\/\/traba.org\/trabablog\/wp-content\/uploads\/2018\/08\/20180801_111535-768x576.jpg 768w, http:\/\/traba.org\/trabablog\/wp-content\/uploads\/2018\/08\/20180801_111535-460x345.jpg 460w, http:\/\/traba.org\/trabablog\/wp-content\/uploads\/2018\/08\/20180801_111535-688x516.jpg 688w\" sizes=\"auto, (max-width: 700px) 100vw, 700px\" \/> <img loading=\"lazy\" decoding=\"async\" class=\"aligncenter size-large wp-image-15794\" src=\"http:\/\/www.traba.org\/trabablog\/wp-content\/uploads\/2018\/08\/IMG_0471-1024x768.jpg\" alt=\"\" width=\"700\" height=\"525\" srcset=\"http:\/\/traba.org\/trabablog\/wp-content\/uploads\/2018\/08\/IMG_0471-1024x768.jpg 1024w, http:\/\/traba.org\/trabablog\/wp-content\/uploads\/2018\/08\/IMG_0471-300x225.jpg 300w, http:\/\/traba.org\/trabablog\/wp-content\/uploads\/2018\/08\/IMG_0471-768x576.jpg 768w, http:\/\/traba.org\/trabablog\/wp-content\/uploads\/2018\/08\/IMG_0471-460x345.jpg 460w, http:\/\/traba.org\/trabablog\/wp-content\/uploads\/2018\/08\/IMG_0471-688x516.jpg 688w\" sizes=\"auto, (max-width: 700px) 100vw, 700px\" \/> <img loading=\"lazy\" decoding=\"async\" class=\"aligncenter wp-image-15795 size-large\" src=\"http:\/\/www.traba.org\/trabablog\/wp-content\/uploads\/2018\/08\/20180801_113455-e1533167858627-768x1024.jpg\" alt=\"\" width=\"700\" height=\"933\" srcset=\"http:\/\/traba.org\/trabablog\/wp-content\/uploads\/2018\/08\/20180801_113455-e1533167858627-768x1024.jpg 768w, http:\/\/traba.org\/trabablog\/wp-content\/uploads\/2018\/08\/20180801_113455-e1533167858627-225x300.jpg 225w, http:\/\/traba.org\/trabablog\/wp-content\/uploads\/2018\/08\/20180801_113455-e1533167858627-261x348.jpg 261w, http:\/\/traba.org\/trabablog\/wp-content\/uploads\/2018\/08\/20180801_113455-e1533167858627-688x917.jpg 688w\" sizes=\"auto, (max-width: 700px) 100vw, 700px\" \/> i cap al parc del costat de casa a fer el picnic. per cert, que avui ha fet sol, ins\u00f2lit aquest estiu a isl\u00e0ndia que porten 2 mesos plovent i a 10 graus.<img loading=\"lazy\" decoding=\"async\" class=\"aligncenter wp-image-15796 size-large\" src=\"http:\/\/www.traba.org\/trabablog\/wp-content\/uploads\/2018\/08\/20180801_120315-e1533167897997-768x1024.jpg\" alt=\"\" width=\"700\" height=\"933\" srcset=\"http:\/\/traba.org\/trabablog\/wp-content\/uploads\/2018\/08\/20180801_120315-e1533167897997-768x1024.jpg 768w, http:\/\/traba.org\/trabablog\/wp-content\/uploads\/2018\/08\/20180801_120315-e1533167897997-225x300.jpg 225w, http:\/\/traba.org\/trabablog\/wp-content\/uploads\/2018\/08\/20180801_120315-e1533167897997-261x348.jpg 261w, http:\/\/traba.org\/trabablog\/wp-content\/uploads\/2018\/08\/20180801_120315-e1533167897997-688x917.jpg 688w\" sizes=\"auto, (max-width: 700px) 100vw, 700px\" \/> <img loading=\"lazy\" decoding=\"async\" class=\"aligncenter wp-image-15797 size-large\" src=\"http:\/\/www.traba.org\/trabablog\/wp-content\/uploads\/2018\/08\/20180801_121534-e1533167962798-768x1024.jpg\" alt=\"\" width=\"700\" height=\"933\" srcset=\"http:\/\/traba.org\/trabablog\/wp-content\/uploads\/2018\/08\/20180801_121534-e1533167962798-768x1024.jpg 768w, http:\/\/traba.org\/trabablog\/wp-content\/uploads\/2018\/08\/20180801_121534-e1533167962798-225x300.jpg 225w, http:\/\/traba.org\/trabablog\/wp-content\/uploads\/2018\/08\/20180801_121534-e1533167962798-261x348.jpg 261w, http:\/\/traba.org\/trabablog\/wp-content\/uploads\/2018\/08\/20180801_121534-e1533167962798-688x917.jpg 688w\" sizes=\"auto, (max-width: 700px) 100vw, 700px\" \/> i a alimentar als \u00e0necs i a les gavines. al final hem marxat perqu\u00e8 feien hasta por.<img loading=\"lazy\" decoding=\"async\" class=\"aligncenter size-large wp-image-15798\" src=\"http:\/\/www.traba.org\/trabablog\/wp-content\/uploads\/2018\/08\/20180801_122057-1024x768.jpg\" alt=\"\" width=\"700\" height=\"525\" srcset=\"http:\/\/traba.org\/trabablog\/wp-content\/uploads\/2018\/08\/20180801_122057-1024x768.jpg 1024w, http:\/\/traba.org\/trabablog\/wp-content\/uploads\/2018\/08\/20180801_122057-300x225.jpg 300w, http:\/\/traba.org\/trabablog\/wp-content\/uploads\/2018\/08\/20180801_122057-768x576.jpg 768w, http:\/\/traba.org\/trabablog\/wp-content\/uploads\/2018\/08\/20180801_122057-460x345.jpg 460w, http:\/\/traba.org\/trabablog\/wp-content\/uploads\/2018\/08\/20180801_122057-688x516.jpg 688w\" sizes=\"auto, (max-width: 700px) 100vw, 700px\" \/> <img loading=\"lazy\" decoding=\"async\" class=\"aligncenter size-large wp-image-15799\" src=\"http:\/\/www.traba.org\/trabablog\/wp-content\/uploads\/2018\/08\/20180801_122331-1024x768.jpg\" alt=\"\" width=\"700\" height=\"525\" srcset=\"http:\/\/traba.org\/trabablog\/wp-content\/uploads\/2018\/08\/20180801_122331-1024x768.jpg 1024w, http:\/\/traba.org\/trabablog\/wp-content\/uploads\/2018\/08\/20180801_122331-300x225.jpg 300w, http:\/\/traba.org\/trabablog\/wp-content\/uploads\/2018\/08\/20180801_122331-768x576.jpg 768w, http:\/\/traba.org\/trabablog\/wp-content\/uploads\/2018\/08\/20180801_122331-460x345.jpg 460w, http:\/\/traba.org\/trabablog\/wp-content\/uploads\/2018\/08\/20180801_122331-688x516.jpg 688w\" sizes=\"auto, (max-width: 700px) 100vw, 700px\" \/> una paperera amb dip\u00f2sit d&#8217;ampolles.<img loading=\"lazy\" decoding=\"async\" class=\"aligncenter wp-image-15800 size-large\" src=\"http:\/\/www.traba.org\/trabablog\/wp-content\/uploads\/2018\/08\/20180801_123221-e1533168014230-768x1024.jpg\" alt=\"\" width=\"700\" height=\"933\" srcset=\"http:\/\/traba.org\/trabablog\/wp-content\/uploads\/2018\/08\/20180801_123221-e1533168014230-768x1024.jpg 768w, http:\/\/traba.org\/trabablog\/wp-content\/uploads\/2018\/08\/20180801_123221-e1533168014230-225x300.jpg 225w, http:\/\/traba.org\/trabablog\/wp-content\/uploads\/2018\/08\/20180801_123221-e1533168014230-261x348.jpg 261w, http:\/\/traba.org\/trabablog\/wp-content\/uploads\/2018\/08\/20180801_123221-e1533168014230-688x917.jpg 688w\" sizes=\"auto, (max-width: 700px) 100vw, 700px\" \/> els avions passen molt baix.<br \/>\n<img loading=\"lazy\" decoding=\"async\" class=\"aligncenter wp-image-15801 size-large\" src=\"http:\/\/www.traba.org\/trabablog\/wp-content\/uploads\/2018\/08\/20180801_123832-e1533168052378-768x1024.jpg\" alt=\"\" width=\"700\" height=\"933\" srcset=\"http:\/\/traba.org\/trabablog\/wp-content\/uploads\/2018\/08\/20180801_123832-e1533168052378-768x1024.jpg 768w, http:\/\/traba.org\/trabablog\/wp-content\/uploads\/2018\/08\/20180801_123832-e1533168052378-225x300.jpg 225w, http:\/\/traba.org\/trabablog\/wp-content\/uploads\/2018\/08\/20180801_123832-e1533168052378-261x348.jpg 261w, http:\/\/traba.org\/trabablog\/wp-content\/uploads\/2018\/08\/20180801_123832-e1533168052378-688x917.jpg 688w\" sizes=\"auto, (max-width: 700px) 100vw, 700px\" \/> un playground del parc.<img loading=\"lazy\" decoding=\"async\" class=\"aligncenter size-large wp-image-15802\" src=\"http:\/\/www.traba.org\/trabablog\/wp-content\/uploads\/2018\/08\/20180801_124103-1024x768.jpg\" alt=\"\" width=\"700\" height=\"525\" srcset=\"http:\/\/traba.org\/trabablog\/wp-content\/uploads\/2018\/08\/20180801_124103-1024x768.jpg 1024w, http:\/\/traba.org\/trabablog\/wp-content\/uploads\/2018\/08\/20180801_124103-300x225.jpg 300w, http:\/\/traba.org\/trabablog\/wp-content\/uploads\/2018\/08\/20180801_124103-768x576.jpg 768w, http:\/\/traba.org\/trabablog\/wp-content\/uploads\/2018\/08\/20180801_124103-460x345.jpg 460w, http:\/\/traba.org\/trabablog\/wp-content\/uploads\/2018\/08\/20180801_124103-688x516.jpg 688w\" sizes=\"auto, (max-width: 700px) 100vw, 700px\" \/> la roda.<img loading=\"lazy\" decoding=\"async\" class=\"aligncenter wp-image-15803 size-large\" src=\"http:\/\/www.traba.org\/trabablog\/wp-content\/uploads\/2018\/08\/20180801_124856-e1533168092667-768x1024.jpg\" alt=\"\" width=\"700\" height=\"933\" srcset=\"http:\/\/traba.org\/trabablog\/wp-content\/uploads\/2018\/08\/20180801_124856-e1533168092667-768x1024.jpg 768w, http:\/\/traba.org\/trabablog\/wp-content\/uploads\/2018\/08\/20180801_124856-e1533168092667-225x300.jpg 225w, http:\/\/traba.org\/trabablog\/wp-content\/uploads\/2018\/08\/20180801_124856-e1533168092667-261x348.jpg 261w, http:\/\/traba.org\/trabablog\/wp-content\/uploads\/2018\/08\/20180801_124856-e1533168092667-688x917.jpg 688w\" sizes=\"auto, (max-width: 700px) 100vw, 700px\" \/> <img loading=\"lazy\" decoding=\"async\" class=\"aligncenter wp-image-15804 size-large\" src=\"http:\/\/www.traba.org\/trabablog\/wp-content\/uploads\/2018\/08\/20180801_124857-e1533168119698-768x1024.jpg\" alt=\"\" width=\"700\" height=\"933\" srcset=\"http:\/\/traba.org\/trabablog\/wp-content\/uploads\/2018\/08\/20180801_124857-e1533168119698-768x1024.jpg 768w, http:\/\/traba.org\/trabablog\/wp-content\/uploads\/2018\/08\/20180801_124857-e1533168119698-225x300.jpg 225w, http:\/\/traba.org\/trabablog\/wp-content\/uploads\/2018\/08\/20180801_124857-e1533168119698-261x348.jpg 261w, http:\/\/traba.org\/trabablog\/wp-content\/uploads\/2018\/08\/20180801_124857-e1533168119698-688x917.jpg 688w\" sizes=\"auto, (max-width: 700px) 100vw, 700px\" \/> la casa. el nostre pis \u00e9s el del mig, que com a curiositat aqu\u00ed li diuen segon perqu\u00e8 no hi ha el concepte de planta baixa (el pis de baix de tot sempre \u00e9s l&#8217;1).<img loading=\"lazy\" decoding=\"async\" class=\"aligncenter wp-image-15805 size-large\" src=\"http:\/\/www.traba.org\/trabablog\/wp-content\/uploads\/2018\/08\/20180801_130927-e1533168135647-768x1024.jpg\" alt=\"\" width=\"700\" height=\"933\" srcset=\"http:\/\/traba.org\/trabablog\/wp-content\/uploads\/2018\/08\/20180801_130927-e1533168135647-768x1024.jpg 768w, http:\/\/traba.org\/trabablog\/wp-content\/uploads\/2018\/08\/20180801_130927-e1533168135647-225x300.jpg 225w, http:\/\/traba.org\/trabablog\/wp-content\/uploads\/2018\/08\/20180801_130927-e1533168135647-261x348.jpg 261w, http:\/\/traba.org\/trabablog\/wp-content\/uploads\/2018\/08\/20180801_130927-e1533168135647-688x917.jpg 688w\" sizes=\"auto, (max-width: 700px) 100vw, 700px\" \/> un moment per recordar. casi que \u00e9s la vegada en la seva vida que han jugat millor. el bruno li venia coses i li tornava el canvi a la lola. i ha durat prou estona.<img loading=\"lazy\" decoding=\"async\" class=\"aligncenter size-large wp-image-15806\" src=\"http:\/\/www.traba.org\/trabablog\/wp-content\/uploads\/2018\/08\/20180801_134321-1024x768.jpg\" alt=\"\" width=\"700\" height=\"525\" srcset=\"http:\/\/traba.org\/trabablog\/wp-content\/uploads\/2018\/08\/20180801_134321-1024x768.jpg 1024w, http:\/\/traba.org\/trabablog\/wp-content\/uploads\/2018\/08\/20180801_134321-300x225.jpg 300w, http:\/\/traba.org\/trabablog\/wp-content\/uploads\/2018\/08\/20180801_134321-768x576.jpg 768w, http:\/\/traba.org\/trabablog\/wp-content\/uploads\/2018\/08\/20180801_134321-460x345.jpg 460w, http:\/\/traba.org\/trabablog\/wp-content\/uploads\/2018\/08\/20180801_134321-688x516.jpg 688w\" sizes=\"auto, (max-width: 700px) 100vw, 700px\" \/><br \/>\n<img loading=\"lazy\" decoding=\"async\" class=\"aligncenter size-large wp-image-15809\" src=\"http:\/\/www.traba.org\/trabablog\/wp-content\/uploads\/2018\/08\/20180801_175303-1024x768.jpg\" alt=\"\" width=\"700\" height=\"525\" srcset=\"http:\/\/traba.org\/trabablog\/wp-content\/uploads\/2018\/08\/20180801_175303-1024x768.jpg 1024w, http:\/\/traba.org\/trabablog\/wp-content\/uploads\/2018\/08\/20180801_175303-300x225.jpg 300w, http:\/\/traba.org\/trabablog\/wp-content\/uploads\/2018\/08\/20180801_175303-768x576.jpg 768w, http:\/\/traba.org\/trabablog\/wp-content\/uploads\/2018\/08\/20180801_175303-460x345.jpg 460w, http:\/\/traba.org\/trabablog\/wp-content\/uploads\/2018\/08\/20180801_175303-688x516.jpg 688w\" sizes=\"auto, (max-width: 700px) 100vw, 700px\" \/><\/p>\n","protected":false},"excerpt":{"rendered":"<p>aix\u00f2 era dilluns, el dia abans de marxar de copenhagen. vam decidir fer un dia tranquilet, a un leggepad que com que no em funciona la cronologia de google, no&#8230;<\/p>\n","protected":false},"author":5,"featured_media":15782,"comment_status":"open","ping_status":"open","sticky":false,"template":"","format":"standard","meta":{"_monsterinsights_skip_tracking":false,"_monsterinsights_sitenote_active":false,"_monsterinsights_sitenote_note":"","_monsterinsights_sitenote_category":0,"footnotes":""},"categories":[133],"tags":[136,140,142,139],"class_list":["post-15735","post","type-post","status-publish","format-standard","has-post-thumbnail","hentry","category-nord-enlla-2018","tag-copenhaguen","tag-parc","tag-reykjavik","tag-travelwithkids"],"_links":{"self":[{"href":"http:\/\/traba.org\/trabablog\/index.php?rest_route=\/wp\/v2\/posts\/15735","targetHints":{"allow":["GET"]}}],"collection":[{"href":"http:\/\/traba.org\/trabablog\/index.php?rest_route=\/wp\/v2\/posts"}],"about":[{"href":"http:\/\/traba.org\/trabablog\/index.php?rest_route=\/wp\/v2\/types\/post"}],"author":[{"embeddable":true,"href":"http:\/\/traba.org\/trabablog\/index.php?rest_route=\/wp\/v2\/users\/5"}],"replies":[{"embeddable":true,"href":"http:\/\/traba.org\/trabablog\/index.php?rest_route=%2Fwp%2Fv2%2Fcomments&post=15735"}],"version-history":[{"count":5,"href":"http:\/\/traba.org\/trabablog\/index.php?rest_route=\/wp\/v2\/posts\/15735\/revisions"}],"predecessor-version":[{"id":16137,"href":"http:\/\/traba.org\/trabablog\/index.php?rest_route=\/wp\/v2\/posts\/15735\/revisions\/16137"}],"wp:featuredmedia":[{"embeddable":true,"href":"http:\/\/traba.org\/trabablog\/index.php?rest_route=\/wp\/v2\/media\/15782"}],"wp:attachment":[{"href":"http:\/\/traba.org\/trabablog\/index.php?rest_route=%2Fwp%2Fv2%2Fmedia&parent=15735"}],"wp:term":[{"taxonomy":"category","embeddable":true,"href":"http:\/\/traba.org\/trabablog\/index.php?rest_route=%2Fwp%2Fv2%2Fcategories&post=15735"},{"taxonomy":"post_tag","embeddable":true,"href":"http:\/\/traba.org\/trabablog\/index.php?rest_route=%2Fwp%2Fv2%2Ftags&post=15735"}],"curies":[{"name":"wp","href":"https:\/\/api.w.org\/{rel}","templated":true}]}}