{"id":15907,"date":"2018-08-07T01:20:20","date_gmt":"2018-08-06T23:20:20","guid":{"rendered":"http:\/\/www.traba.org\/trabablog\/?p=15907"},"modified":"2018-08-07T02:02:51","modified_gmt":"2018-08-07T00:02:51","slug":"repetimos-2","status":"publish","type":"post","link":"http:\/\/traba.org\/trabablog\/?p=15907","title":{"rendered":"repetimos!"},"content":{"rendered":"<p>ahir em vaig saltar totes les fotos del francesc, aix\u00ed que avui repetim el dia d&#8217;ahir des d&#8217;un altre punt de vista, el del francesc. no feia tant de fred, per\u00f2 els agrada posa-se el gorro i el buf.<img loading=\"lazy\" decoding=\"async\" class=\"aligncenter wp-image-15908 size-large\" src=\"http:\/\/www.traba.org\/trabablog\/wp-content\/uploads\/2018\/08\/20180805_114610-e1533596710148-768x1024.jpg\" alt=\"\" width=\"700\" height=\"933\" srcset=\"http:\/\/traba.org\/trabablog\/wp-content\/uploads\/2018\/08\/20180805_114610-e1533596710148-768x1024.jpg 768w, http:\/\/traba.org\/trabablog\/wp-content\/uploads\/2018\/08\/20180805_114610-e1533596710148-225x300.jpg 225w, http:\/\/traba.org\/trabablog\/wp-content\/uploads\/2018\/08\/20180805_114610-e1533596710148-261x348.jpg 261w, http:\/\/traba.org\/trabablog\/wp-content\/uploads\/2018\/08\/20180805_114610-e1533596710148-688x917.jpg 688w\" sizes=\"auto, (max-width: 700px) 100vw, 700px\" \/> el passeig pel port.<img loading=\"lazy\" decoding=\"async\" class=\"aligncenter size-large wp-image-15909\" src=\"http:\/\/www.traba.org\/trabablog\/wp-content\/uploads\/2018\/08\/20180805_120603-1024x768.jpg\" alt=\"\" width=\"700\" height=\"525\" srcset=\"http:\/\/traba.org\/trabablog\/wp-content\/uploads\/2018\/08\/20180805_120603-1024x768.jpg 1024w, http:\/\/traba.org\/trabablog\/wp-content\/uploads\/2018\/08\/20180805_120603-300x225.jpg 300w, http:\/\/traba.org\/trabablog\/wp-content\/uploads\/2018\/08\/20180805_120603-768x576.jpg 768w, http:\/\/traba.org\/trabablog\/wp-content\/uploads\/2018\/08\/20180805_120603-460x345.jpg 460w, http:\/\/traba.org\/trabablog\/wp-content\/uploads\/2018\/08\/20180805_120603-688x516.jpg 688w\" sizes=\"auto, (max-width: 700px) 100vw, 700px\" \/> i repetim de gelat. vol\u00edem un cupcake, per\u00f2 estava tancat.<img loading=\"lazy\" decoding=\"async\" class=\"aligncenter wp-image-15910 size-large\" src=\"http:\/\/www.traba.org\/trabablog\/wp-content\/uploads\/2018\/08\/20180805_122256-e1533596789318-768x1024.jpg\" alt=\"\" width=\"700\" height=\"933\" srcset=\"http:\/\/traba.org\/trabablog\/wp-content\/uploads\/2018\/08\/20180805_122256-e1533596789318-768x1024.jpg 768w, http:\/\/traba.org\/trabablog\/wp-content\/uploads\/2018\/08\/20180805_122256-e1533596789318-225x300.jpg 225w, http:\/\/traba.org\/trabablog\/wp-content\/uploads\/2018\/08\/20180805_122256-e1533596789318-261x348.jpg 261w, http:\/\/traba.org\/trabablog\/wp-content\/uploads\/2018\/08\/20180805_122256-e1533596789318-688x917.jpg 688w\" sizes=\"auto, (max-width: 700px) 100vw, 700px\" \/> les vistes sobre la muntanyeta.<img loading=\"lazy\" decoding=\"async\" class=\"aligncenter size-large wp-image-15911\" src=\"http:\/\/www.traba.org\/trabablog\/wp-content\/uploads\/2018\/08\/20180805_125315-1024x768.jpg\" alt=\"\" width=\"700\" height=\"525\" srcset=\"http:\/\/traba.org\/trabablog\/wp-content\/uploads\/2018\/08\/20180805_125315-1024x768.jpg 1024w, http:\/\/traba.org\/trabablog\/wp-content\/uploads\/2018\/08\/20180805_125315-300x225.jpg 300w, http:\/\/traba.org\/trabablog\/wp-content\/uploads\/2018\/08\/20180805_125315-768x576.jpg 768w, http:\/\/traba.org\/trabablog\/wp-content\/uploads\/2018\/08\/20180805_125315-460x345.jpg 460w, http:\/\/traba.org\/trabablog\/wp-content\/uploads\/2018\/08\/20180805_125315-688x516.jpg 688w\" sizes=\"auto, (max-width: 700px) 100vw, 700px\" \/> <img loading=\"lazy\" decoding=\"async\" class=\"aligncenter size-large wp-image-15912\" src=\"http:\/\/www.traba.org\/trabablog\/wp-content\/uploads\/2018\/08\/20180805_125409-1024x768.jpg\" alt=\"\" width=\"700\" height=\"525\" srcset=\"http:\/\/traba.org\/trabablog\/wp-content\/uploads\/2018\/08\/20180805_125409-1024x768.jpg 1024w, http:\/\/traba.org\/trabablog\/wp-content\/uploads\/2018\/08\/20180805_125409-300x225.jpg 300w, http:\/\/traba.org\/trabablog\/wp-content\/uploads\/2018\/08\/20180805_125409-768x576.jpg 768w, http:\/\/traba.org\/trabablog\/wp-content\/uploads\/2018\/08\/20180805_125409-460x345.jpg 460w, http:\/\/traba.org\/trabablog\/wp-content\/uploads\/2018\/08\/20180805_125409-688x516.jpg 688w\" sizes=\"auto, (max-width: 700px) 100vw, 700px\" \/> <img loading=\"lazy\" decoding=\"async\" class=\"aligncenter size-large wp-image-15913\" src=\"http:\/\/www.traba.org\/trabablog\/wp-content\/uploads\/2018\/08\/20180805_125413-1024x768.jpg\" alt=\"\" width=\"700\" height=\"525\" srcset=\"http:\/\/traba.org\/trabablog\/wp-content\/uploads\/2018\/08\/20180805_125413-1024x768.jpg 1024w, http:\/\/traba.org\/trabablog\/wp-content\/uploads\/2018\/08\/20180805_125413-300x225.jpg 300w, http:\/\/traba.org\/trabablog\/wp-content\/uploads\/2018\/08\/20180805_125413-768x576.jpg 768w, http:\/\/traba.org\/trabablog\/wp-content\/uploads\/2018\/08\/20180805_125413-460x345.jpg 460w, http:\/\/traba.org\/trabablog\/wp-content\/uploads\/2018\/08\/20180805_125413-688x516.jpg 688w\" sizes=\"auto, (max-width: 700px) 100vw, 700px\" \/> <img loading=\"lazy\" decoding=\"async\" class=\"aligncenter size-large wp-image-15914\" src=\"http:\/\/www.traba.org\/trabablog\/wp-content\/uploads\/2018\/08\/20180805_130256-1024x768.jpg\" alt=\"\" width=\"700\" height=\"525\" srcset=\"http:\/\/traba.org\/trabablog\/wp-content\/uploads\/2018\/08\/20180805_130256-1024x768.jpg 1024w, http:\/\/traba.org\/trabablog\/wp-content\/uploads\/2018\/08\/20180805_130256-300x225.jpg 300w, http:\/\/traba.org\/trabablog\/wp-content\/uploads\/2018\/08\/20180805_130256-768x576.jpg 768w, http:\/\/traba.org\/trabablog\/wp-content\/uploads\/2018\/08\/20180805_130256-460x345.jpg 460w, http:\/\/traba.org\/trabablog\/wp-content\/uploads\/2018\/08\/20180805_130256-688x516.jpg 688w\" sizes=\"auto, (max-width: 700px) 100vw, 700px\" \/> <img loading=\"lazy\" decoding=\"async\" class=\"aligncenter size-large wp-image-15915\" src=\"http:\/\/www.traba.org\/trabablog\/wp-content\/uploads\/2018\/08\/20180805_131342-1024x768.jpg\" alt=\"\" width=\"700\" height=\"525\" srcset=\"http:\/\/traba.org\/trabablog\/wp-content\/uploads\/2018\/08\/20180805_131342-1024x768.jpg 1024w, http:\/\/traba.org\/trabablog\/wp-content\/uploads\/2018\/08\/20180805_131342-300x225.jpg 300w, http:\/\/traba.org\/trabablog\/wp-content\/uploads\/2018\/08\/20180805_131342-768x576.jpg 768w, http:\/\/traba.org\/trabablog\/wp-content\/uploads\/2018\/08\/20180805_131342-460x345.jpg 460w, http:\/\/traba.org\/trabablog\/wp-content\/uploads\/2018\/08\/20180805_131342-688x516.jpg 688w\" sizes=\"auto, (max-width: 700px) 100vw, 700px\" \/> el tercer esmorzar a falta de dinar&#8230;<img loading=\"lazy\" decoding=\"async\" class=\"aligncenter size-large wp-image-15916\" src=\"http:\/\/www.traba.org\/trabablog\/wp-content\/uploads\/2018\/08\/20180805_131744-1024x768.jpg\" alt=\"\" width=\"700\" height=\"525\" srcset=\"http:\/\/traba.org\/trabablog\/wp-content\/uploads\/2018\/08\/20180805_131744-1024x768.jpg 1024w, http:\/\/traba.org\/trabablog\/wp-content\/uploads\/2018\/08\/20180805_131744-300x225.jpg 300w, http:\/\/traba.org\/trabablog\/wp-content\/uploads\/2018\/08\/20180805_131744-768x576.jpg 768w, http:\/\/traba.org\/trabablog\/wp-content\/uploads\/2018\/08\/20180805_131744-460x345.jpg 460w, http:\/\/traba.org\/trabablog\/wp-content\/uploads\/2018\/08\/20180805_131744-688x516.jpg 688w\" sizes=\"auto, (max-width: 700px) 100vw, 700px\" \/> <img loading=\"lazy\" decoding=\"async\" class=\"aligncenter size-large wp-image-15917\" src=\"http:\/\/www.traba.org\/trabablog\/wp-content\/uploads\/2018\/08\/20180805_131938-1024x768.jpg\" alt=\"\" width=\"700\" height=\"525\" srcset=\"http:\/\/traba.org\/trabablog\/wp-content\/uploads\/2018\/08\/20180805_131938-1024x768.jpg 1024w, http:\/\/traba.org\/trabablog\/wp-content\/uploads\/2018\/08\/20180805_131938-300x225.jpg 300w, http:\/\/traba.org\/trabablog\/wp-content\/uploads\/2018\/08\/20180805_131938-768x576.jpg 768w, http:\/\/traba.org\/trabablog\/wp-content\/uploads\/2018\/08\/20180805_131938-460x345.jpg 460w, http:\/\/traba.org\/trabablog\/wp-content\/uploads\/2018\/08\/20180805_131938-688x516.jpg 688w\" sizes=\"auto, (max-width: 700px) 100vw, 700px\" \/> el parlament.<img loading=\"lazy\" decoding=\"async\" class=\"aligncenter size-large wp-image-15918\" src=\"http:\/\/www.traba.org\/trabablog\/wp-content\/uploads\/2018\/08\/20180805_151123-1024x768.jpg\" alt=\"\" width=\"700\" height=\"525\" srcset=\"http:\/\/traba.org\/trabablog\/wp-content\/uploads\/2018\/08\/20180805_151123-1024x768.jpg 1024w, http:\/\/traba.org\/trabablog\/wp-content\/uploads\/2018\/08\/20180805_151123-300x225.jpg 300w, http:\/\/traba.org\/trabablog\/wp-content\/uploads\/2018\/08\/20180805_151123-768x576.jpg 768w, http:\/\/traba.org\/trabablog\/wp-content\/uploads\/2018\/08\/20180805_151123-460x345.jpg 460w, http:\/\/traba.org\/trabablog\/wp-content\/uploads\/2018\/08\/20180805_151123-688x516.jpg 688w\" sizes=\"auto, (max-width: 700px) 100vw, 700px\" \/> l&#8217;ajuntament.<img loading=\"lazy\" decoding=\"async\" class=\"aligncenter size-large wp-image-15919\" src=\"http:\/\/www.traba.org\/trabablog\/wp-content\/uploads\/2018\/08\/20180805_151451-1024x768.jpg\" alt=\"\" width=\"700\" height=\"525\" srcset=\"http:\/\/traba.org\/trabablog\/wp-content\/uploads\/2018\/08\/20180805_151451-1024x768.jpg 1024w, http:\/\/traba.org\/trabablog\/wp-content\/uploads\/2018\/08\/20180805_151451-300x225.jpg 300w, http:\/\/traba.org\/trabablog\/wp-content\/uploads\/2018\/08\/20180805_151451-768x576.jpg 768w, http:\/\/traba.org\/trabablog\/wp-content\/uploads\/2018\/08\/20180805_151451-460x345.jpg 460w, http:\/\/traba.org\/trabablog\/wp-content\/uploads\/2018\/08\/20180805_151451-688x516.jpg 688w\" sizes=\"auto, (max-width: 700px) 100vw, 700px\" \/> una casa peculiar.<img loading=\"lazy\" decoding=\"async\" class=\"aligncenter wp-image-15920 size-large\" src=\"http:\/\/www.traba.org\/trabablog\/wp-content\/uploads\/2018\/08\/20180805_174955-e1533596893599-768x1024.jpg\" alt=\"\" width=\"700\" height=\"933\" srcset=\"http:\/\/traba.org\/trabablog\/wp-content\/uploads\/2018\/08\/20180805_174955-e1533596893599-768x1024.jpg 768w, http:\/\/traba.org\/trabablog\/wp-content\/uploads\/2018\/08\/20180805_174955-e1533596893599-225x300.jpg 225w, http:\/\/traba.org\/trabablog\/wp-content\/uploads\/2018\/08\/20180805_174955-e1533596893599-261x348.jpg 261w, http:\/\/traba.org\/trabablog\/wp-content\/uploads\/2018\/08\/20180805_174955-e1533596893599-688x917.jpg 688w\" sizes=\"auto, (max-width: 700px) 100vw, 700px\" \/> bruno: &#8216;hi ha un castell a dalt i un altre a baix&#8217;.<img loading=\"lazy\" decoding=\"async\" class=\"aligncenter size-large wp-image-15921\" src=\"http:\/\/www.traba.org\/trabablog\/wp-content\/uploads\/2018\/08\/20180805_175556-1024x768.jpg\" alt=\"\" width=\"700\" height=\"525\" srcset=\"http:\/\/traba.org\/trabablog\/wp-content\/uploads\/2018\/08\/20180805_175556-1024x768.jpg 1024w, http:\/\/traba.org\/trabablog\/wp-content\/uploads\/2018\/08\/20180805_175556-300x225.jpg 300w, http:\/\/traba.org\/trabablog\/wp-content\/uploads\/2018\/08\/20180805_175556-768x576.jpg 768w, http:\/\/traba.org\/trabablog\/wp-content\/uploads\/2018\/08\/20180805_175556-460x345.jpg 460w, http:\/\/traba.org\/trabablog\/wp-content\/uploads\/2018\/08\/20180805_175556-688x516.jpg 688w\" sizes=\"auto, (max-width: 700px) 100vw, 700px\" \/> donant menjar als patos.<img loading=\"lazy\" decoding=\"async\" class=\"aligncenter size-large wp-image-15922\" src=\"http:\/\/www.traba.org\/trabablog\/wp-content\/uploads\/2018\/08\/20180805_182052-1024x768.jpg\" alt=\"\" width=\"700\" height=\"525\" srcset=\"http:\/\/traba.org\/trabablog\/wp-content\/uploads\/2018\/08\/20180805_182052-1024x768.jpg 1024w, http:\/\/traba.org\/trabablog\/wp-content\/uploads\/2018\/08\/20180805_182052-300x225.jpg 300w, http:\/\/traba.org\/trabablog\/wp-content\/uploads\/2018\/08\/20180805_182052-768x576.jpg 768w, http:\/\/traba.org\/trabablog\/wp-content\/uploads\/2018\/08\/20180805_182052-460x345.jpg 460w, http:\/\/traba.org\/trabablog\/wp-content\/uploads\/2018\/08\/20180805_182052-688x516.jpg 688w\" sizes=\"auto, (max-width: 700px) 100vw, 700px\" \/> <img loading=\"lazy\" decoding=\"async\" class=\"aligncenter size-large wp-image-15923\" src=\"http:\/\/www.traba.org\/trabablog\/wp-content\/uploads\/2018\/08\/20180805_182146-1024x768.jpg\" alt=\"\" width=\"700\" height=\"525\" srcset=\"http:\/\/traba.org\/trabablog\/wp-content\/uploads\/2018\/08\/20180805_182146-1024x768.jpg 1024w, http:\/\/traba.org\/trabablog\/wp-content\/uploads\/2018\/08\/20180805_182146-300x225.jpg 300w, http:\/\/traba.org\/trabablog\/wp-content\/uploads\/2018\/08\/20180805_182146-768x576.jpg 768w, http:\/\/traba.org\/trabablog\/wp-content\/uploads\/2018\/08\/20180805_182146-460x345.jpg 460w, http:\/\/traba.org\/trabablog\/wp-content\/uploads\/2018\/08\/20180805_182146-688x516.jpg 688w\" sizes=\"auto, (max-width: 700px) 100vw, 700px\" \/> dins de l&#8217;ajuntament.<img loading=\"lazy\" decoding=\"async\" class=\"aligncenter size-large wp-image-15924\" src=\"http:\/\/www.traba.org\/trabablog\/wp-content\/uploads\/2018\/08\/20180805_183032-1024x768.jpg\" alt=\"\" width=\"700\" height=\"525\" srcset=\"http:\/\/traba.org\/trabablog\/wp-content\/uploads\/2018\/08\/20180805_183032-1024x768.jpg 1024w, http:\/\/traba.org\/trabablog\/wp-content\/uploads\/2018\/08\/20180805_183032-300x225.jpg 300w, http:\/\/traba.org\/trabablog\/wp-content\/uploads\/2018\/08\/20180805_183032-768x576.jpg 768w, http:\/\/traba.org\/trabablog\/wp-content\/uploads\/2018\/08\/20180805_183032-460x345.jpg 460w, http:\/\/traba.org\/trabablog\/wp-content\/uploads\/2018\/08\/20180805_183032-688x516.jpg 688w\" sizes=\"auto, (max-width: 700px) 100vw, 700px\" \/> <img loading=\"lazy\" decoding=\"async\" class=\"aligncenter wp-image-15925 size-large\" src=\"http:\/\/www.traba.org\/trabablog\/wp-content\/uploads\/2018\/08\/20180805_183226-e1533596987427-768x1024.jpg\" alt=\"\" width=\"700\" height=\"933\" srcset=\"http:\/\/traba.org\/trabablog\/wp-content\/uploads\/2018\/08\/20180805_183226-e1533596987427-768x1024.jpg 768w, http:\/\/traba.org\/trabablog\/wp-content\/uploads\/2018\/08\/20180805_183226-e1533596987427-225x300.jpg 225w, http:\/\/traba.org\/trabablog\/wp-content\/uploads\/2018\/08\/20180805_183226-e1533596987427-261x348.jpg 261w, http:\/\/traba.org\/trabablog\/wp-content\/uploads\/2018\/08\/20180805_183226-e1533596987427-688x917.jpg 688w\" sizes=\"auto, (max-width: 700px) 100vw, 700px\" \/> <img loading=\"lazy\" decoding=\"async\" class=\"aligncenter wp-image-15926 size-large\" src=\"http:\/\/www.traba.org\/trabablog\/wp-content\/uploads\/2018\/08\/20180805_183346-e1533597013769-768x1024.jpg\" alt=\"\" width=\"700\" height=\"933\" srcset=\"http:\/\/traba.org\/trabablog\/wp-content\/uploads\/2018\/08\/20180805_183346-e1533597013769-768x1024.jpg 768w, http:\/\/traba.org\/trabablog\/wp-content\/uploads\/2018\/08\/20180805_183346-e1533597013769-225x300.jpg 225w, http:\/\/traba.org\/trabablog\/wp-content\/uploads\/2018\/08\/20180805_183346-e1533597013769-261x348.jpg 261w, http:\/\/traba.org\/trabablog\/wp-content\/uploads\/2018\/08\/20180805_183346-e1533597013769-688x917.jpg 688w\" sizes=\"auto, (max-width: 700px) 100vw, 700px\" \/> jugant a fer pessigolles.<img loading=\"lazy\" decoding=\"async\" class=\"aligncenter size-large wp-image-15927\" src=\"http:\/\/www.traba.org\/trabablog\/wp-content\/uploads\/2018\/08\/20180805_184334-1024x768.jpg\" alt=\"\" width=\"700\" height=\"525\" srcset=\"http:\/\/traba.org\/trabablog\/wp-content\/uploads\/2018\/08\/20180805_184334-1024x768.jpg 1024w, http:\/\/traba.org\/trabablog\/wp-content\/uploads\/2018\/08\/20180805_184334-300x225.jpg 300w, http:\/\/traba.org\/trabablog\/wp-content\/uploads\/2018\/08\/20180805_184334-768x576.jpg 768w, http:\/\/traba.org\/trabablog\/wp-content\/uploads\/2018\/08\/20180805_184334-460x345.jpg 460w, http:\/\/traba.org\/trabablog\/wp-content\/uploads\/2018\/08\/20180805_184334-688x516.jpg 688w\" sizes=\"auto, (max-width: 700px) 100vw, 700px\" \/>i quan tots 3 ja dorm\u00eden el francesc va tornar a sortir a fer una volta. aquesta pla\u00e7a \u00e9s on el 2011 hi havia el solar amb els grafitis. ara hi ha un hotel. van pel mateix cam\u00ed que nosaltres.<img loading=\"lazy\" decoding=\"async\" class=\"aligncenter size-large wp-image-15928\" src=\"http:\/\/www.traba.org\/trabablog\/wp-content\/uploads\/2018\/08\/20180805_223109-1024x768.jpg\" alt=\"\" width=\"700\" height=\"525\" srcset=\"http:\/\/traba.org\/trabablog\/wp-content\/uploads\/2018\/08\/20180805_223109-1024x768.jpg 1024w, http:\/\/traba.org\/trabablog\/wp-content\/uploads\/2018\/08\/20180805_223109-300x225.jpg 300w, http:\/\/traba.org\/trabablog\/wp-content\/uploads\/2018\/08\/20180805_223109-768x576.jpg 768w, http:\/\/traba.org\/trabablog\/wp-content\/uploads\/2018\/08\/20180805_223109-460x345.jpg 460w, http:\/\/traba.org\/trabablog\/wp-content\/uploads\/2018\/08\/20180805_223109-688x516.jpg 688w\" sizes=\"auto, (max-width: 700px) 100vw, 700px\" \/> <img loading=\"lazy\" decoding=\"async\" class=\"aligncenter size-large wp-image-15929\" src=\"http:\/\/www.traba.org\/trabablog\/wp-content\/uploads\/2018\/08\/20180805_223844-1024x768.jpg\" alt=\"\" width=\"700\" height=\"525\" srcset=\"http:\/\/traba.org\/trabablog\/wp-content\/uploads\/2018\/08\/20180805_223844-1024x768.jpg 1024w, http:\/\/traba.org\/trabablog\/wp-content\/uploads\/2018\/08\/20180805_223844-300x225.jpg 300w, http:\/\/traba.org\/trabablog\/wp-content\/uploads\/2018\/08\/20180805_223844-768x576.jpg 768w, http:\/\/traba.org\/trabablog\/wp-content\/uploads\/2018\/08\/20180805_223844-460x345.jpg 460w, http:\/\/traba.org\/trabablog\/wp-content\/uploads\/2018\/08\/20180805_223844-688x516.jpg 688w\" sizes=\"auto, (max-width: 700px) 100vw, 700px\" \/> <img loading=\"lazy\" decoding=\"async\" class=\"aligncenter size-large wp-image-15930\" src=\"http:\/\/www.traba.org\/trabablog\/wp-content\/uploads\/2018\/08\/20180805_224008-1024x768.jpg\" alt=\"\" width=\"700\" height=\"525\" srcset=\"http:\/\/traba.org\/trabablog\/wp-content\/uploads\/2018\/08\/20180805_224008-1024x768.jpg 1024w, http:\/\/traba.org\/trabablog\/wp-content\/uploads\/2018\/08\/20180805_224008-300x225.jpg 300w, http:\/\/traba.org\/trabablog\/wp-content\/uploads\/2018\/08\/20180805_224008-768x576.jpg 768w, http:\/\/traba.org\/trabablog\/wp-content\/uploads\/2018\/08\/20180805_224008-460x345.jpg 460w, http:\/\/traba.org\/trabablog\/wp-content\/uploads\/2018\/08\/20180805_224008-688x516.jpg 688w\" sizes=\"auto, (max-width: 700px) 100vw, 700px\" \/> una foto repetida del 2011.<img loading=\"lazy\" decoding=\"async\" class=\"aligncenter wp-image-15931 size-large\" src=\"http:\/\/www.traba.org\/trabablog\/wp-content\/uploads\/2018\/08\/20180805_224113-e1533597071785-768x1024.jpg\" alt=\"\" width=\"700\" height=\"933\" srcset=\"http:\/\/traba.org\/trabablog\/wp-content\/uploads\/2018\/08\/20180805_224113-e1533597071785-768x1024.jpg 768w, http:\/\/traba.org\/trabablog\/wp-content\/uploads\/2018\/08\/20180805_224113-e1533597071785-225x300.jpg 225w, http:\/\/traba.org\/trabablog\/wp-content\/uploads\/2018\/08\/20180805_224113-e1533597071785-261x348.jpg 261w, http:\/\/traba.org\/trabablog\/wp-content\/uploads\/2018\/08\/20180805_224113-e1533597071785-688x917.jpg 688w\" sizes=\"auto, (max-width: 700px) 100vw, 700px\" \/><\/p>\n<p>aquest edfici \u00e9s nou, el 2011 hi havia un solar on s&#8217;havia instalat una cooperativa d&#8217;arreglar bicis.<\/p>\n<p><img loading=\"lazy\" decoding=\"async\" class=\"aligncenter size-large wp-image-15932\" src=\"http:\/\/www.traba.org\/trabablog\/wp-content\/uploads\/2018\/08\/20180805_224352-1024x768.jpg\" alt=\"\" width=\"700\" height=\"525\" srcset=\"http:\/\/traba.org\/trabablog\/wp-content\/uploads\/2018\/08\/20180805_224352-1024x768.jpg 1024w, http:\/\/traba.org\/trabablog\/wp-content\/uploads\/2018\/08\/20180805_224352-300x225.jpg 300w, http:\/\/traba.org\/trabablog\/wp-content\/uploads\/2018\/08\/20180805_224352-768x576.jpg 768w, http:\/\/traba.org\/trabablog\/wp-content\/uploads\/2018\/08\/20180805_224352-460x345.jpg 460w, http:\/\/traba.org\/trabablog\/wp-content\/uploads\/2018\/08\/20180805_224352-688x516.jpg 688w\" sizes=\"auto, (max-width: 700px) 100vw, 700px\" \/> i avui, mentre el bruno, la lola i jo est\u00e0vem a la piscina, el f\u00e8lix i el francesc passejant pel parc i pels jardins bot\u00e0nics.<img loading=\"lazy\" decoding=\"async\" class=\"aligncenter wp-image-15933 size-large\" src=\"http:\/\/www.traba.org\/trabablog\/wp-content\/uploads\/2018\/08\/20180806_110801-e1533597104507-768x1024.jpg\" alt=\"\" width=\"700\" height=\"933\" srcset=\"http:\/\/traba.org\/trabablog\/wp-content\/uploads\/2018\/08\/20180806_110801-e1533597104507-768x1024.jpg 768w, http:\/\/traba.org\/trabablog\/wp-content\/uploads\/2018\/08\/20180806_110801-e1533597104507-225x300.jpg 225w, http:\/\/traba.org\/trabablog\/wp-content\/uploads\/2018\/08\/20180806_110801-e1533597104507-261x348.jpg 261w, http:\/\/traba.org\/trabablog\/wp-content\/uploads\/2018\/08\/20180806_110801-e1533597104507-688x917.jpg 688w\" sizes=\"auto, (max-width: 700px) 100vw, 700px\" \/> <img loading=\"lazy\" decoding=\"async\" class=\"aligncenter wp-image-15934 size-large\" src=\"http:\/\/www.traba.org\/trabablog\/wp-content\/uploads\/2018\/08\/20180806_121041-e1533597158619-768x1024.jpg\" alt=\"\" width=\"700\" height=\"933\" srcset=\"http:\/\/traba.org\/trabablog\/wp-content\/uploads\/2018\/08\/20180806_121041-e1533597158619-768x1024.jpg 768w, http:\/\/traba.org\/trabablog\/wp-content\/uploads\/2018\/08\/20180806_121041-e1533597158619-225x300.jpg 225w, http:\/\/traba.org\/trabablog\/wp-content\/uploads\/2018\/08\/20180806_121041-e1533597158619-261x348.jpg 261w, http:\/\/traba.org\/trabablog\/wp-content\/uploads\/2018\/08\/20180806_121041-e1533597158619-688x917.jpg 688w\" sizes=\"auto, (max-width: 700px) 100vw, 700px\" \/> <img loading=\"lazy\" decoding=\"async\" class=\"aligncenter wp-image-15935 size-large\" src=\"http:\/\/www.traba.org\/trabablog\/wp-content\/uploads\/2018\/08\/20180806_121042-e1533597182370-768x1024.jpg\" alt=\"\" width=\"700\" height=\"933\" srcset=\"http:\/\/traba.org\/trabablog\/wp-content\/uploads\/2018\/08\/20180806_121042-e1533597182370-768x1024.jpg 768w, http:\/\/traba.org\/trabablog\/wp-content\/uploads\/2018\/08\/20180806_121042-e1533597182370-225x300.jpg 225w, http:\/\/traba.org\/trabablog\/wp-content\/uploads\/2018\/08\/20180806_121042-e1533597182370-261x348.jpg 261w, http:\/\/traba.org\/trabablog\/wp-content\/uploads\/2018\/08\/20180806_121042-e1533597182370-688x917.jpg 688w\" sizes=\"auto, (max-width: 700px) 100vw, 700px\" \/> sortint de la piscina. no hi ha fotos de la piscina, perqu\u00e8 est\u00e0 prohibit.<img loading=\"lazy\" decoding=\"async\" class=\"aligncenter wp-image-15936 size-large\" src=\"http:\/\/www.traba.org\/trabablog\/wp-content\/uploads\/2018\/08\/20180806_131523-e1533597207259-768x1024.jpg\" alt=\"\" width=\"700\" height=\"933\" srcset=\"http:\/\/traba.org\/trabablog\/wp-content\/uploads\/2018\/08\/20180806_131523-e1533597207259-768x1024.jpg 768w, http:\/\/traba.org\/trabablog\/wp-content\/uploads\/2018\/08\/20180806_131523-e1533597207259-225x300.jpg 225w, http:\/\/traba.org\/trabablog\/wp-content\/uploads\/2018\/08\/20180806_131523-e1533597207259-261x348.jpg 261w, http:\/\/traba.org\/trabablog\/wp-content\/uploads\/2018\/08\/20180806_131523-e1533597207259-688x917.jpg 688w\" sizes=\"auto, (max-width: 700px) 100vw, 700px\" \/> i a dinar&#8230; hot dog&#8230;<img loading=\"lazy\" decoding=\"async\" class=\"aligncenter size-large wp-image-15937\" src=\"http:\/\/www.traba.org\/trabablog\/wp-content\/uploads\/2018\/08\/20180806_131932-1024x768.jpg\" alt=\"\" width=\"700\" height=\"525\" srcset=\"http:\/\/traba.org\/trabablog\/wp-content\/uploads\/2018\/08\/20180806_131932-1024x768.jpg 1024w, http:\/\/traba.org\/trabablog\/wp-content\/uploads\/2018\/08\/20180806_131932-300x225.jpg 300w, http:\/\/traba.org\/trabablog\/wp-content\/uploads\/2018\/08\/20180806_131932-768x576.jpg 768w, http:\/\/traba.org\/trabablog\/wp-content\/uploads\/2018\/08\/20180806_131932-460x345.jpg 460w, http:\/\/traba.org\/trabablog\/wp-content\/uploads\/2018\/08\/20180806_131932-688x516.jpg 688w\" sizes=\"auto, (max-width: 700px) 100vw, 700px\" \/> i tornant pel passeig que han fet al costat del mar. windy, though.<img loading=\"lazy\" decoding=\"async\" class=\"aligncenter wp-image-15938 size-large\" src=\"http:\/\/www.traba.org\/trabablog\/wp-content\/uploads\/2018\/08\/20180806_135729-e1533597247279-768x1024.jpg\" alt=\"\" width=\"700\" height=\"933\" srcset=\"http:\/\/traba.org\/trabablog\/wp-content\/uploads\/2018\/08\/20180806_135729-e1533597247279-768x1024.jpg 768w, http:\/\/traba.org\/trabablog\/wp-content\/uploads\/2018\/08\/20180806_135729-e1533597247279-225x300.jpg 225w, http:\/\/traba.org\/trabablog\/wp-content\/uploads\/2018\/08\/20180806_135729-e1533597247279-261x348.jpg 261w, http:\/\/traba.org\/trabablog\/wp-content\/uploads\/2018\/08\/20180806_135729-e1533597247279-688x917.jpg 688w\" sizes=\"auto, (max-width: 700px) 100vw, 700px\" \/> <img loading=\"lazy\" decoding=\"async\" class=\"aligncenter size-large wp-image-15939\" src=\"http:\/\/www.traba.org\/trabablog\/wp-content\/uploads\/2018\/08\/20180806_141130-1024x768.jpg\" alt=\"\" width=\"700\" height=\"525\" srcset=\"http:\/\/traba.org\/trabablog\/wp-content\/uploads\/2018\/08\/20180806_141130-1024x768.jpg 1024w, http:\/\/traba.org\/trabablog\/wp-content\/uploads\/2018\/08\/20180806_141130-300x225.jpg 300w, http:\/\/traba.org\/trabablog\/wp-content\/uploads\/2018\/08\/20180806_141130-768x576.jpg 768w, http:\/\/traba.org\/trabablog\/wp-content\/uploads\/2018\/08\/20180806_141130-460x345.jpg 460w, http:\/\/traba.org\/trabablog\/wp-content\/uploads\/2018\/08\/20180806_141130-688x516.jpg 688w\" sizes=\"auto, (max-width: 700px) 100vw, 700px\" \/> <img loading=\"lazy\" decoding=\"async\" class=\"aligncenter wp-image-15940 size-large\" src=\"http:\/\/www.traba.org\/trabablog\/wp-content\/uploads\/2018\/08\/20180806_141324-e1533597298736-768x1024.jpg\" alt=\"\" width=\"700\" height=\"933\" srcset=\"http:\/\/traba.org\/trabablog\/wp-content\/uploads\/2018\/08\/20180806_141324-e1533597298736-768x1024.jpg 768w, http:\/\/traba.org\/trabablog\/wp-content\/uploads\/2018\/08\/20180806_141324-e1533597298736-225x300.jpg 225w, http:\/\/traba.org\/trabablog\/wp-content\/uploads\/2018\/08\/20180806_141324-e1533597298736-261x348.jpg 261w, http:\/\/traba.org\/trabablog\/wp-content\/uploads\/2018\/08\/20180806_141324-e1533597298736-688x917.jpg 688w\" sizes=\"auto, (max-width: 700px) 100vw, 700px\" \/> <img loading=\"lazy\" decoding=\"async\" class=\"aligncenter wp-image-15941 size-large\" src=\"http:\/\/www.traba.org\/trabablog\/wp-content\/uploads\/2018\/08\/20180806_141411-e1533597318357-768x1024.jpg\" alt=\"\" width=\"700\" height=\"933\" srcset=\"http:\/\/traba.org\/trabablog\/wp-content\/uploads\/2018\/08\/20180806_141411-e1533597318357-768x1024.jpg 768w, http:\/\/traba.org\/trabablog\/wp-content\/uploads\/2018\/08\/20180806_141411-e1533597318357-225x300.jpg 225w, http:\/\/traba.org\/trabablog\/wp-content\/uploads\/2018\/08\/20180806_141411-e1533597318357-261x348.jpg 261w, http:\/\/traba.org\/trabablog\/wp-content\/uploads\/2018\/08\/20180806_141411-e1533597318357-688x917.jpg 688w\" sizes=\"auto, (max-width: 700px) 100vw, 700px\" \/> l&#8217;escultura de l&#8217;altre dia.<img loading=\"lazy\" decoding=\"async\" class=\"aligncenter size-large wp-image-15942\" src=\"http:\/\/www.traba.org\/trabablog\/wp-content\/uploads\/2018\/08\/20180806_142913-1024x768.jpg\" alt=\"\" width=\"700\" height=\"525\" srcset=\"http:\/\/traba.org\/trabablog\/wp-content\/uploads\/2018\/08\/20180806_142913-1024x768.jpg 1024w, http:\/\/traba.org\/trabablog\/wp-content\/uploads\/2018\/08\/20180806_142913-300x225.jpg 300w, http:\/\/traba.org\/trabablog\/wp-content\/uploads\/2018\/08\/20180806_142913-768x576.jpg 768w, http:\/\/traba.org\/trabablog\/wp-content\/uploads\/2018\/08\/20180806_142913-460x345.jpg 460w, http:\/\/traba.org\/trabablog\/wp-content\/uploads\/2018\/08\/20180806_142913-688x516.jpg 688w\" sizes=\"auto, (max-width: 700px) 100vw, 700px\" \/> l&#8217;harpa per dins, que ara he vist que quan vam venir el 2011 s&#8217;acabava d&#8217;inaugurar.<img loading=\"lazy\" decoding=\"async\" class=\"aligncenter wp-image-15943 size-large\" src=\"http:\/\/www.traba.org\/trabablog\/wp-content\/uploads\/2018\/08\/20180806_145028-e1533597348243-768x1024.jpg\" alt=\"\" width=\"700\" height=\"933\" srcset=\"http:\/\/traba.org\/trabablog\/wp-content\/uploads\/2018\/08\/20180806_145028-e1533597348243-768x1024.jpg 768w, http:\/\/traba.org\/trabablog\/wp-content\/uploads\/2018\/08\/20180806_145028-e1533597348243-225x300.jpg 225w, http:\/\/traba.org\/trabablog\/wp-content\/uploads\/2018\/08\/20180806_145028-e1533597348243-261x348.jpg 261w, http:\/\/traba.org\/trabablog\/wp-content\/uploads\/2018\/08\/20180806_145028-e1533597348243-688x917.jpg 688w\" sizes=\"auto, (max-width: 700px) 100vw, 700px\" \/> <img loading=\"lazy\" decoding=\"async\" class=\"aligncenter size-large wp-image-15944\" src=\"http:\/\/www.traba.org\/trabablog\/wp-content\/uploads\/2018\/08\/20180806_145326-1024x768.jpg\" alt=\"\" width=\"700\" height=\"525\" srcset=\"http:\/\/traba.org\/trabablog\/wp-content\/uploads\/2018\/08\/20180806_145326-1024x768.jpg 1024w, http:\/\/traba.org\/trabablog\/wp-content\/uploads\/2018\/08\/20180806_145326-300x225.jpg 300w, http:\/\/traba.org\/trabablog\/wp-content\/uploads\/2018\/08\/20180806_145326-768x576.jpg 768w, http:\/\/traba.org\/trabablog\/wp-content\/uploads\/2018\/08\/20180806_145326-460x345.jpg 460w, http:\/\/traba.org\/trabablog\/wp-content\/uploads\/2018\/08\/20180806_145326-688x516.jpg 688w\" sizes=\"auto, (max-width: 700px) 100vw, 700px\" \/> <img loading=\"lazy\" decoding=\"async\" class=\"aligncenter size-large wp-image-15945\" src=\"http:\/\/www.traba.org\/trabablog\/wp-content\/uploads\/2018\/08\/20180806_145608-1024x768.jpg\" alt=\"\" width=\"700\" height=\"525\" srcset=\"http:\/\/traba.org\/trabablog\/wp-content\/uploads\/2018\/08\/20180806_145608-1024x768.jpg 1024w, http:\/\/traba.org\/trabablog\/wp-content\/uploads\/2018\/08\/20180806_145608-300x225.jpg 300w, http:\/\/traba.org\/trabablog\/wp-content\/uploads\/2018\/08\/20180806_145608-768x576.jpg 768w, http:\/\/traba.org\/trabablog\/wp-content\/uploads\/2018\/08\/20180806_145608-460x345.jpg 460w, http:\/\/traba.org\/trabablog\/wp-content\/uploads\/2018\/08\/20180806_145608-688x516.jpg 688w\" sizes=\"auto, (max-width: 700px) 100vw, 700px\" \/> <img loading=\"lazy\" decoding=\"async\" class=\"aligncenter size-large wp-image-15946\" src=\"http:\/\/www.traba.org\/trabablog\/wp-content\/uploads\/2018\/08\/20180806_145712-1024x768.jpg\" alt=\"\" width=\"700\" height=\"525\" srcset=\"http:\/\/traba.org\/trabablog\/wp-content\/uploads\/2018\/08\/20180806_145712-1024x768.jpg 1024w, http:\/\/traba.org\/trabablog\/wp-content\/uploads\/2018\/08\/20180806_145712-300x225.jpg 300w, http:\/\/traba.org\/trabablog\/wp-content\/uploads\/2018\/08\/20180806_145712-768x576.jpg 768w, http:\/\/traba.org\/trabablog\/wp-content\/uploads\/2018\/08\/20180806_145712-460x345.jpg 460w, http:\/\/traba.org\/trabablog\/wp-content\/uploads\/2018\/08\/20180806_145712-688x516.jpg 688w\" sizes=\"auto, (max-width: 700px) 100vw, 700px\" \/> <img loading=\"lazy\" decoding=\"async\" class=\"aligncenter size-large wp-image-15947\" src=\"http:\/\/www.traba.org\/trabablog\/wp-content\/uploads\/2018\/08\/20180806_150053-1024x768.jpg\" alt=\"\" width=\"700\" height=\"525\" srcset=\"http:\/\/traba.org\/trabablog\/wp-content\/uploads\/2018\/08\/20180806_150053-1024x768.jpg 1024w, http:\/\/traba.org\/trabablog\/wp-content\/uploads\/2018\/08\/20180806_150053-300x225.jpg 300w, http:\/\/traba.org\/trabablog\/wp-content\/uploads\/2018\/08\/20180806_150053-768x576.jpg 768w, http:\/\/traba.org\/trabablog\/wp-content\/uploads\/2018\/08\/20180806_150053-460x345.jpg 460w, http:\/\/traba.org\/trabablog\/wp-content\/uploads\/2018\/08\/20180806_150053-688x516.jpg 688w\" sizes=\"auto, (max-width: 700px) 100vw, 700px\" \/> el bruno estava fascinat.<img loading=\"lazy\" decoding=\"async\" class=\"aligncenter size-large wp-image-15948\" src=\"http:\/\/www.traba.org\/trabablog\/wp-content\/uploads\/2018\/08\/20180806_150529-1024x768.jpg\" alt=\"\" width=\"700\" height=\"525\" srcset=\"http:\/\/traba.org\/trabablog\/wp-content\/uploads\/2018\/08\/20180806_150529-1024x768.jpg 1024w, http:\/\/traba.org\/trabablog\/wp-content\/uploads\/2018\/08\/20180806_150529-300x225.jpg 300w, http:\/\/traba.org\/trabablog\/wp-content\/uploads\/2018\/08\/20180806_150529-768x576.jpg 768w, http:\/\/traba.org\/trabablog\/wp-content\/uploads\/2018\/08\/20180806_150529-460x345.jpg 460w, http:\/\/traba.org\/trabablog\/wp-content\/uploads\/2018\/08\/20180806_150529-688x516.jpg 688w\" sizes=\"auto, (max-width: 700px) 100vw, 700px\" \/> i cap a casa.<img loading=\"lazy\" decoding=\"async\" class=\"aligncenter size-large wp-image-15949\" src=\"http:\/\/www.traba.org\/trabablog\/wp-content\/uploads\/2018\/08\/20180806_151010-1024x768.jpg\" alt=\"\" width=\"700\" height=\"525\" srcset=\"http:\/\/traba.org\/trabablog\/wp-content\/uploads\/2018\/08\/20180806_151010-1024x768.jpg 1024w, http:\/\/traba.org\/trabablog\/wp-content\/uploads\/2018\/08\/20180806_151010-300x225.jpg 300w, http:\/\/traba.org\/trabablog\/wp-content\/uploads\/2018\/08\/20180806_151010-768x576.jpg 768w, http:\/\/traba.org\/trabablog\/wp-content\/uploads\/2018\/08\/20180806_151010-460x345.jpg 460w, http:\/\/traba.org\/trabablog\/wp-content\/uploads\/2018\/08\/20180806_151010-688x516.jpg 688w\" sizes=\"auto, (max-width: 700px) 100vw, 700px\" \/> l&#8217;oficina de la primera ministra d&#8217;isl\u00e0ndia.<img loading=\"lazy\" decoding=\"async\" class=\"aligncenter size-large wp-image-15950\" src=\"http:\/\/www.traba.org\/trabablog\/wp-content\/uploads\/2018\/08\/20180806_151645-1024x768.jpg\" alt=\"\" width=\"700\" height=\"525\" srcset=\"http:\/\/traba.org\/trabablog\/wp-content\/uploads\/2018\/08\/20180806_151645-1024x768.jpg 1024w, http:\/\/traba.org\/trabablog\/wp-content\/uploads\/2018\/08\/20180806_151645-300x225.jpg 300w, http:\/\/traba.org\/trabablog\/wp-content\/uploads\/2018\/08\/20180806_151645-768x576.jpg 768w, http:\/\/traba.org\/trabablog\/wp-content\/uploads\/2018\/08\/20180806_151645-460x345.jpg 460w, http:\/\/traba.org\/trabablog\/wp-content\/uploads\/2018\/08\/20180806_151645-688x516.jpg 688w\" sizes=\"auto, (max-width: 700px) 100vw, 700px\" \/> <img loading=\"lazy\" decoding=\"async\" class=\"aligncenter wp-image-15951 size-large\" src=\"http:\/\/www.traba.org\/trabablog\/wp-content\/uploads\/2018\/08\/20180806_153411-e1533597427713-768x1024.jpg\" alt=\"\" width=\"700\" height=\"933\" srcset=\"http:\/\/traba.org\/trabablog\/wp-content\/uploads\/2018\/08\/20180806_153411-e1533597427713-768x1024.jpg 768w, http:\/\/traba.org\/trabablog\/wp-content\/uploads\/2018\/08\/20180806_153411-e1533597427713-225x300.jpg 225w, http:\/\/traba.org\/trabablog\/wp-content\/uploads\/2018\/08\/20180806_153411-e1533597427713-261x348.jpg 261w, http:\/\/traba.org\/trabablog\/wp-content\/uploads\/2018\/08\/20180806_153411-e1533597427713-688x917.jpg 688w\" sizes=\"auto, (max-width: 700px) 100vw, 700px\" \/> i el f\u00e8lix va progressant amb la seva activitat motora \ud83d\ude42<img loading=\"lazy\" decoding=\"async\" class=\"aligncenter wp-image-15952 size-large\" src=\"http:\/\/www.traba.org\/trabablog\/wp-content\/uploads\/2018\/08\/20180806_202656-e1533597448476-768x1024.jpg\" alt=\"\" width=\"700\" height=\"933\" srcset=\"http:\/\/traba.org\/trabablog\/wp-content\/uploads\/2018\/08\/20180806_202656-e1533597448476-768x1024.jpg 768w, http:\/\/traba.org\/trabablog\/wp-content\/uploads\/2018\/08\/20180806_202656-e1533597448476-225x300.jpg 225w, http:\/\/traba.org\/trabablog\/wp-content\/uploads\/2018\/08\/20180806_202656-e1533597448476-261x348.jpg 261w, http:\/\/traba.org\/trabablog\/wp-content\/uploads\/2018\/08\/20180806_202656-e1533597448476-688x917.jpg 688w\" sizes=\"auto, (max-width: 700px) 100vw, 700px\" \/><\/p>\n","protected":false},"excerpt":{"rendered":"<p>ahir em vaig saltar totes les fotos del francesc, aix\u00ed que avui repetim el dia d&#8217;ahir des d&#8217;un altre punt de vista, el del francesc. no feia tant de fred,&#8230;<\/p>\n","protected":false},"author":5,"featured_media":15942,"comment_status":"open","ping_status":"open","sticky":false,"template":"","format":"standard","meta":{"_monsterinsights_skip_tracking":false,"_monsterinsights_sitenote_active":false,"_monsterinsights_sitenote_note":"","_monsterinsights_sitenote_category":0,"footnotes":""},"categories":[133],"tags":[143,142,139],"class_list":["post-15907","post","type-post","status-publish","format-standard","has-post-thumbnail","hentry","category-nord-enlla-2018","tag-islandia","tag-reykjavik","tag-travelwithkids"],"_links":{"self":[{"href":"http:\/\/traba.org\/trabablog\/index.php?rest_route=\/wp\/v2\/posts\/15907","targetHints":{"allow":["GET"]}}],"collection":[{"href":"http:\/\/traba.org\/trabablog\/index.php?rest_route=\/wp\/v2\/posts"}],"about":[{"href":"http:\/\/traba.org\/trabablog\/index.php?rest_route=\/wp\/v2\/types\/post"}],"author":[{"embeddable":true,"href":"http:\/\/traba.org\/trabablog\/index.php?rest_route=\/wp\/v2\/users\/5"}],"replies":[{"embeddable":true,"href":"http:\/\/traba.org\/trabablog\/index.php?rest_route=%2Fwp%2Fv2%2Fcomments&post=15907"}],"version-history":[{"count":4,"href":"http:\/\/traba.org\/trabablog\/index.php?rest_route=\/wp\/v2\/posts\/15907\/revisions"}],"predecessor-version":[{"id":15956,"href":"http:\/\/traba.org\/trabablog\/index.php?rest_route=\/wp\/v2\/posts\/15907\/revisions\/15956"}],"wp:featuredmedia":[{"embeddable":true,"href":"http:\/\/traba.org\/trabablog\/index.php?rest_route=\/wp\/v2\/media\/15942"}],"wp:attachment":[{"href":"http:\/\/traba.org\/trabablog\/index.php?rest_route=%2Fwp%2Fv2%2Fmedia&parent=15907"}],"wp:term":[{"taxonomy":"category","embeddable":true,"href":"http:\/\/traba.org\/trabablog\/index.php?rest_route=%2Fwp%2Fv2%2Fcategories&post=15907"},{"taxonomy":"post_tag","embeddable":true,"href":"http:\/\/traba.org\/trabablog\/index.php?rest_route=%2Fwp%2Fv2%2Ftags&post=15907"}],"curies":[{"name":"wp","href":"https:\/\/api.w.org\/{rel}","templated":true}]}}