{"id":15957,"date":"2018-08-09T01:07:08","date_gmt":"2018-08-08T23:07:08","guid":{"rendered":"http:\/\/www.traba.org\/trabablog\/?p=15957"},"modified":"2018-08-15T16:47:30","modified_gmt":"2018-08-15T14:47:30","slug":"al-mal-temps-piscina","status":"publish","type":"post","link":"http:\/\/traba.org\/trabablog\/?p=15957","title":{"rendered":"al mal temps, piscina calenta"},"content":{"rendered":"<p>ahir el f\u00e8lix va matinar. i mentre jo dormia, sessi\u00f3 fotogr\u00e0fica de les 7 del mat\u00ed.<img loading=\"lazy\" decoding=\"async\" class=\"aligncenter size-large wp-image-15958\" src=\"http:\/\/www.traba.org\/trabablog\/wp-content\/uploads\/2018\/08\/20180807_074323-1024x768.jpg\" alt=\"\" width=\"700\" height=\"525\" srcset=\"http:\/\/traba.org\/trabablog\/wp-content\/uploads\/2018\/08\/20180807_074323-1024x768.jpg 1024w, http:\/\/traba.org\/trabablog\/wp-content\/uploads\/2018\/08\/20180807_074323-300x225.jpg 300w, http:\/\/traba.org\/trabablog\/wp-content\/uploads\/2018\/08\/20180807_074323-768x576.jpg 768w, http:\/\/traba.org\/trabablog\/wp-content\/uploads\/2018\/08\/20180807_074323-460x345.jpg 460w, http:\/\/traba.org\/trabablog\/wp-content\/uploads\/2018\/08\/20180807_074323-688x516.jpg 688w\" sizes=\"auto, (max-width: 700px) 100vw, 700px\" \/> i neteja matutina.<img loading=\"lazy\" decoding=\"async\" class=\"aligncenter wp-image-15959 size-large\" src=\"http:\/\/www.traba.org\/trabablog\/wp-content\/uploads\/2018\/08\/20180807_092755-e1533768712189-768x1024.jpg\" alt=\"\" width=\"700\" height=\"933\" srcset=\"http:\/\/traba.org\/trabablog\/wp-content\/uploads\/2018\/08\/20180807_092755-e1533768712189-768x1024.jpg 768w, http:\/\/traba.org\/trabablog\/wp-content\/uploads\/2018\/08\/20180807_092755-e1533768712189-225x300.jpg 225w, http:\/\/traba.org\/trabablog\/wp-content\/uploads\/2018\/08\/20180807_092755-e1533768712189-261x348.jpg 261w, http:\/\/traba.org\/trabablog\/wp-content\/uploads\/2018\/08\/20180807_092755-e1533768712189-688x917.jpg 688w\" sizes=\"auto, (max-width: 700px) 100vw, 700px\" \/> pel mat\u00ed, ens vam quedar per casa, i despr\u00e9s de dinar el francesc i el bruno van anar a investigar una piscina. la lola i jo ens vam quedar per anar a comprar papers per dibuixar.<br \/>\n<img loading=\"lazy\" decoding=\"async\" class=\"aligncenter wp-image-15960 size-large\" src=\"http:\/\/www.traba.org\/trabablog\/wp-content\/uploads\/2018\/08\/20180807_135419-e1533768757826-768x1024.jpg\" alt=\"\" width=\"700\" height=\"933\" srcset=\"http:\/\/traba.org\/trabablog\/wp-content\/uploads\/2018\/08\/20180807_135419-e1533768757826-768x1024.jpg 768w, http:\/\/traba.org\/trabablog\/wp-content\/uploads\/2018\/08\/20180807_135419-e1533768757826-225x300.jpg 225w, http:\/\/traba.org\/trabablog\/wp-content\/uploads\/2018\/08\/20180807_135419-e1533768757826-261x348.jpg 261w, http:\/\/traba.org\/trabablog\/wp-content\/uploads\/2018\/08\/20180807_135419-e1533768757826-688x917.jpg 688w\" sizes=\"auto, (max-width: 700px) 100vw, 700px\" \/> la piscina. que diem piscina per dir algo, perqu\u00e8 no tenen res a veure amb una piscina de les nostres. aqu\u00ed s\u00f3n b\u00e0sicament exteriors (tot i que per exemple aquesta tenia una zona interior), amb una piscina per nedar els adults i una altra molt gran per jugar els nens amb tobogans, fonts, etc. Quasi com un parc aqu\u00e0tic en miniatura. I despr\u00e9s una s\u00e8rie de hot tubs a diferents temperatures. En aquesta per exemple les piscines grans estaven a 34, i hi havia hot tubs a 38, 40 i 42. i com totes les piscines islandeses, t\u00e9 sab\u00f3 a les dutxes, centenars de manguitos per qui els necessiti, assecador de banyadors, etc.<img loading=\"lazy\" decoding=\"async\" class=\"aligncenter size-large wp-image-15961\" src=\"http:\/\/www.traba.org\/trabablog\/wp-content\/uploads\/2018\/08\/20180807_162413-1024x768.jpg\" alt=\"\" width=\"700\" height=\"525\" srcset=\"http:\/\/traba.org\/trabablog\/wp-content\/uploads\/2018\/08\/20180807_162413-1024x768.jpg 1024w, http:\/\/traba.org\/trabablog\/wp-content\/uploads\/2018\/08\/20180807_162413-300x225.jpg 300w, http:\/\/traba.org\/trabablog\/wp-content\/uploads\/2018\/08\/20180807_162413-768x576.jpg 768w, http:\/\/traba.org\/trabablog\/wp-content\/uploads\/2018\/08\/20180807_162413-460x345.jpg 460w, http:\/\/traba.org\/trabablog\/wp-content\/uploads\/2018\/08\/20180807_162413-688x516.jpg 688w\" sizes=\"auto, (max-width: 700px) 100vw, 700px\" \/> i ja est\u00e0. no es poden fer fotos a la piscina&#8230; per aix\u00f2 no tenim masses fotos aquests dies. ara ja preparant el berenar.<br \/>\n<img loading=\"lazy\" decoding=\"async\" class=\"aligncenter size-large wp-image-15962\" src=\"http:\/\/www.traba.org\/trabablog\/wp-content\/uploads\/2018\/08\/20180807_162509-1024x768.jpg\" alt=\"\" width=\"700\" height=\"525\" srcset=\"http:\/\/traba.org\/trabablog\/wp-content\/uploads\/2018\/08\/20180807_162509-1024x768.jpg 1024w, http:\/\/traba.org\/trabablog\/wp-content\/uploads\/2018\/08\/20180807_162509-300x225.jpg 300w, http:\/\/traba.org\/trabablog\/wp-content\/uploads\/2018\/08\/20180807_162509-768x576.jpg 768w, http:\/\/traba.org\/trabablog\/wp-content\/uploads\/2018\/08\/20180807_162509-460x345.jpg 460w, http:\/\/traba.org\/trabablog\/wp-content\/uploads\/2018\/08\/20180807_162509-688x516.jpg 688w\" sizes=\"auto, (max-width: 700px) 100vw, 700px\" \/> quantes galetes. 8?<img loading=\"lazy\" decoding=\"async\" class=\"aligncenter size-large wp-image-15963\" src=\"http:\/\/www.traba.org\/trabablog\/wp-content\/uploads\/2018\/08\/20180807_162654-1024x768.jpg\" alt=\"\" width=\"700\" height=\"525\" srcset=\"http:\/\/traba.org\/trabablog\/wp-content\/uploads\/2018\/08\/20180807_162654-1024x768.jpg 1024w, http:\/\/traba.org\/trabablog\/wp-content\/uploads\/2018\/08\/20180807_162654-300x225.jpg 300w, http:\/\/traba.org\/trabablog\/wp-content\/uploads\/2018\/08\/20180807_162654-768x576.jpg 768w, http:\/\/traba.org\/trabablog\/wp-content\/uploads\/2018\/08\/20180807_162654-460x345.jpg 460w, http:\/\/traba.org\/trabablog\/wp-content\/uploads\/2018\/08\/20180807_162654-688x516.jpg 688w\" sizes=\"auto, (max-width: 700px) 100vw, 700px\" \/> ja nom\u00e9s queden 2!<img loading=\"lazy\" decoding=\"async\" class=\"aligncenter size-large wp-image-15964\" src=\"http:\/\/www.traba.org\/trabablog\/wp-content\/uploads\/2018\/08\/20180807_163756-1024x768.jpg\" alt=\"\" width=\"700\" height=\"525\" srcset=\"http:\/\/traba.org\/trabablog\/wp-content\/uploads\/2018\/08\/20180807_163756-1024x768.jpg 1024w, http:\/\/traba.org\/trabablog\/wp-content\/uploads\/2018\/08\/20180807_163756-300x225.jpg 300w, http:\/\/traba.org\/trabablog\/wp-content\/uploads\/2018\/08\/20180807_163756-768x576.jpg 768w, http:\/\/traba.org\/trabablog\/wp-content\/uploads\/2018\/08\/20180807_163756-460x345.jpg 460w, http:\/\/traba.org\/trabablog\/wp-content\/uploads\/2018\/08\/20180807_163756-688x516.jpg 688w\" sizes=\"auto, (max-width: 700px) 100vw, 700px\" \/> <img loading=\"lazy\" decoding=\"async\" class=\"aligncenter size-large wp-image-15965\" src=\"http:\/\/www.traba.org\/trabablog\/wp-content\/uploads\/2018\/08\/fullsizeoutput_b119-1024x768.jpeg\" alt=\"\" width=\"700\" height=\"525\" srcset=\"http:\/\/traba.org\/trabablog\/wp-content\/uploads\/2018\/08\/fullsizeoutput_b119-1024x768.jpeg 1024w, http:\/\/traba.org\/trabablog\/wp-content\/uploads\/2018\/08\/fullsizeoutput_b119-300x225.jpeg 300w, http:\/\/traba.org\/trabablog\/wp-content\/uploads\/2018\/08\/fullsizeoutput_b119-768x576.jpeg 768w, http:\/\/traba.org\/trabablog\/wp-content\/uploads\/2018\/08\/fullsizeoutput_b119-460x345.jpeg 460w, http:\/\/traba.org\/trabablog\/wp-content\/uploads\/2018\/08\/fullsizeoutput_b119-688x516.jpeg 688w\" sizes=\"auto, (max-width: 700px) 100vw, 700px\" \/> 1!<img loading=\"lazy\" decoding=\"async\" class=\"aligncenter size-large wp-image-15966\" src=\"http:\/\/www.traba.org\/trabablog\/wp-content\/uploads\/2018\/08\/20180807_163921-1024x768.jpg\" alt=\"\" width=\"700\" height=\"525\" srcset=\"http:\/\/traba.org\/trabablog\/wp-content\/uploads\/2018\/08\/20180807_163921-1024x768.jpg 1024w, http:\/\/traba.org\/trabablog\/wp-content\/uploads\/2018\/08\/20180807_163921-300x225.jpg 300w, http:\/\/traba.org\/trabablog\/wp-content\/uploads\/2018\/08\/20180807_163921-768x576.jpg 768w, http:\/\/traba.org\/trabablog\/wp-content\/uploads\/2018\/08\/20180807_163921-460x345.jpg 460w, http:\/\/traba.org\/trabablog\/wp-content\/uploads\/2018\/08\/20180807_163921-688x516.jpg 688w\" sizes=\"auto, (max-width: 700px) 100vw, 700px\" \/> i a esperar el bus de tornada agotado.<br \/>\n<img loading=\"lazy\" decoding=\"async\" class=\"aligncenter wp-image-15967 size-large\" src=\"http:\/\/www.traba.org\/trabablog\/wp-content\/uploads\/2018\/08\/20180807_1656220-e1533768919790-768x1024.jpg\" alt=\"\" width=\"700\" height=\"933\" srcset=\"http:\/\/traba.org\/trabablog\/wp-content\/uploads\/2018\/08\/20180807_1656220-e1533768919790-768x1024.jpg 768w, http:\/\/traba.org\/trabablog\/wp-content\/uploads\/2018\/08\/20180807_1656220-e1533768919790-225x300.jpg 225w, http:\/\/traba.org\/trabablog\/wp-content\/uploads\/2018\/08\/20180807_1656220-e1533768919790-261x348.jpg 261w, http:\/\/traba.org\/trabablog\/wp-content\/uploads\/2018\/08\/20180807_1656220-e1533768919790-688x917.jpg 688w\" sizes=\"auto, (max-width: 700px) 100vw, 700px\" \/> al bus.<img loading=\"lazy\" decoding=\"async\" class=\"aligncenter wp-image-15968 size-large\" src=\"http:\/\/www.traba.org\/trabablog\/wp-content\/uploads\/2018\/08\/20180807_172004-e1533768946161-768x1024.jpg\" alt=\"\" width=\"700\" height=\"933\" srcset=\"http:\/\/traba.org\/trabablog\/wp-content\/uploads\/2018\/08\/20180807_172004-e1533768946161-768x1024.jpg 768w, http:\/\/traba.org\/trabablog\/wp-content\/uploads\/2018\/08\/20180807_172004-e1533768946161-225x300.jpg 225w, http:\/\/traba.org\/trabablog\/wp-content\/uploads\/2018\/08\/20180807_172004-e1533768946161-261x348.jpg 261w, http:\/\/traba.org\/trabablog\/wp-content\/uploads\/2018\/08\/20180807_172004-e1533768946161-688x917.jpg 688w\" sizes=\"auto, (max-width: 700px) 100vw, 700px\" \/> casi s&#8217;adorm.<img loading=\"lazy\" decoding=\"async\" class=\"aligncenter wp-image-15969 size-large\" src=\"http:\/\/www.traba.org\/trabablog\/wp-content\/uploads\/2018\/08\/20180807_172115-e1533768970220-768x1024.jpg\" alt=\"\" width=\"700\" height=\"933\" srcset=\"http:\/\/traba.org\/trabablog\/wp-content\/uploads\/2018\/08\/20180807_172115-e1533768970220-768x1024.jpg 768w, http:\/\/traba.org\/trabablog\/wp-content\/uploads\/2018\/08\/20180807_172115-e1533768970220-225x300.jpg 225w, http:\/\/traba.org\/trabablog\/wp-content\/uploads\/2018\/08\/20180807_172115-e1533768970220-261x348.jpg 261w, http:\/\/traba.org\/trabablog\/wp-content\/uploads\/2018\/08\/20180807_172115-e1533768970220-688x917.jpg 688w\" sizes=\"auto, (max-width: 700px) 100vw, 700px\" \/> i avui, tamb\u00e9 feia fred i vent.<img loading=\"lazy\" decoding=\"async\" class=\"aligncenter wp-image-15970 size-large\" src=\"http:\/\/www.traba.org\/trabablog\/wp-content\/uploads\/2018\/08\/20180808_091001-e1533768998246-768x1024.jpg\" alt=\"\" width=\"700\" height=\"933\" srcset=\"http:\/\/traba.org\/trabablog\/wp-content\/uploads\/2018\/08\/20180808_091001-e1533768998246-768x1024.jpg 768w, http:\/\/traba.org\/trabablog\/wp-content\/uploads\/2018\/08\/20180808_091001-e1533768998246-225x300.jpg 225w, http:\/\/traba.org\/trabablog\/wp-content\/uploads\/2018\/08\/20180808_091001-e1533768998246-261x348.jpg 261w, http:\/\/traba.org\/trabablog\/wp-content\/uploads\/2018\/08\/20180808_091001-e1533768998246-688x917.jpg 688w\" sizes=\"auto, (max-width: 700px) 100vw, 700px\" \/> per tant, piscina! esperant el bus.<br \/>\n<img loading=\"lazy\" decoding=\"async\" class=\"aligncenter size-large wp-image-15971\" src=\"http:\/\/www.traba.org\/trabablog\/wp-content\/uploads\/2018\/08\/IMG_0618-1024x768.jpg\" alt=\"\" width=\"700\" height=\"525\" srcset=\"http:\/\/traba.org\/trabablog\/wp-content\/uploads\/2018\/08\/IMG_0618-1024x768.jpg 1024w, http:\/\/traba.org\/trabablog\/wp-content\/uploads\/2018\/08\/IMG_0618-300x225.jpg 300w, http:\/\/traba.org\/trabablog\/wp-content\/uploads\/2018\/08\/IMG_0618-768x576.jpg 768w, http:\/\/traba.org\/trabablog\/wp-content\/uploads\/2018\/08\/IMG_0618-460x345.jpg 460w, http:\/\/traba.org\/trabablog\/wp-content\/uploads\/2018\/08\/IMG_0618-688x516.jpg 688w\" sizes=\"auto, (max-width: 700px) 100vw, 700px\" \/> <img loading=\"lazy\" decoding=\"async\" class=\"aligncenter wp-image-15972 size-large\" src=\"http:\/\/www.traba.org\/trabablog\/wp-content\/uploads\/2018\/08\/IMG_0619-e1533769062971-768x1024.jpg\" alt=\"\" width=\"700\" height=\"933\" srcset=\"http:\/\/traba.org\/trabablog\/wp-content\/uploads\/2018\/08\/IMG_0619-e1533769062971-768x1024.jpg 768w, http:\/\/traba.org\/trabablog\/wp-content\/uploads\/2018\/08\/IMG_0619-e1533769062971-225x300.jpg 225w, http:\/\/traba.org\/trabablog\/wp-content\/uploads\/2018\/08\/IMG_0619-e1533769062971-261x348.jpg 261w, http:\/\/traba.org\/trabablog\/wp-content\/uploads\/2018\/08\/IMG_0619-e1533769062971-688x917.jpg 688w\" sizes=\"auto, (max-width: 700px) 100vw, 700px\" \/> <img loading=\"lazy\" decoding=\"async\" class=\"aligncenter wp-image-15973 size-large\" src=\"http:\/\/www.traba.org\/trabablog\/wp-content\/uploads\/2018\/08\/IMG_0628-e1533769089900-768x1024.jpg\" alt=\"\" width=\"700\" height=\"933\" srcset=\"http:\/\/traba.org\/trabablog\/wp-content\/uploads\/2018\/08\/IMG_0628-e1533769089900-768x1024.jpg 768w, http:\/\/traba.org\/trabablog\/wp-content\/uploads\/2018\/08\/IMG_0628-e1533769089900-225x300.jpg 225w, http:\/\/traba.org\/trabablog\/wp-content\/uploads\/2018\/08\/IMG_0628-e1533769089900-261x348.jpg 261w, http:\/\/traba.org\/trabablog\/wp-content\/uploads\/2018\/08\/IMG_0628-e1533769089900-688x917.jpg 688w\" sizes=\"auto, (max-width: 700px) 100vw, 700px\" \/> <img loading=\"lazy\" decoding=\"async\" class=\"aligncenter wp-image-15974 size-large\" src=\"http:\/\/www.traba.org\/trabablog\/wp-content\/uploads\/2018\/08\/IMG_0629-e1533769114731-768x1024.jpg\" alt=\"\" width=\"700\" height=\"933\" srcset=\"http:\/\/traba.org\/trabablog\/wp-content\/uploads\/2018\/08\/IMG_0629-e1533769114731-768x1024.jpg 768w, http:\/\/traba.org\/trabablog\/wp-content\/uploads\/2018\/08\/IMG_0629-e1533769114731-225x300.jpg 225w, http:\/\/traba.org\/trabablog\/wp-content\/uploads\/2018\/08\/IMG_0629-e1533769114731-261x348.jpg 261w, http:\/\/traba.org\/trabablog\/wp-content\/uploads\/2018\/08\/IMG_0629-e1533769114731-688x917.jpg 688w\" sizes=\"auto, (max-width: 700px) 100vw, 700px\" \/>i ja \ud83d\ude42 avui hem tornat a la del cap de setmana i hem vist que entre setmana hi van casals. hi hem entrat tots, jo amb el f\u00e8lix m\u00e9s tard. hem entrat a la piscina de 38 graus perqu\u00e8 la gran estava massa freda pel f\u00e8lix. han acabats tots com aplatanats. el f\u00e8lix s&#8217;ha adormit abans de sortir de l&#8217;edifici de la piscina. despr\u00e9s hem dinat hotdog i sandvitx.<img loading=\"lazy\" decoding=\"async\" class=\"aligncenter wp-image-15975 size-large\" src=\"http:\/\/www.traba.org\/trabablog\/wp-content\/uploads\/2018\/08\/20180808_131431-e1533769158309-768x1024.jpg\" alt=\"\" width=\"700\" height=\"933\" srcset=\"http:\/\/traba.org\/trabablog\/wp-content\/uploads\/2018\/08\/20180808_131431-e1533769158309-768x1024.jpg 768w, http:\/\/traba.org\/trabablog\/wp-content\/uploads\/2018\/08\/20180808_131431-e1533769158309-225x300.jpg 225w, http:\/\/traba.org\/trabablog\/wp-content\/uploads\/2018\/08\/20180808_131431-e1533769158309-261x348.jpg 261w, http:\/\/traba.org\/trabablog\/wp-content\/uploads\/2018\/08\/20180808_131431-e1533769158309-688x917.jpg 688w\" sizes=\"auto, (max-width: 700px) 100vw, 700px\" \/> <img loading=\"lazy\" decoding=\"async\" class=\"aligncenter size-large wp-image-15976\" src=\"http:\/\/www.traba.org\/trabablog\/wp-content\/uploads\/2018\/08\/20180808_131913-1024x768.jpg\" alt=\"\" width=\"700\" height=\"525\" srcset=\"http:\/\/traba.org\/trabablog\/wp-content\/uploads\/2018\/08\/20180808_131913-1024x768.jpg 1024w, http:\/\/traba.org\/trabablog\/wp-content\/uploads\/2018\/08\/20180808_131913-300x225.jpg 300w, http:\/\/traba.org\/trabablog\/wp-content\/uploads\/2018\/08\/20180808_131913-768x576.jpg 768w, http:\/\/traba.org\/trabablog\/wp-content\/uploads\/2018\/08\/20180808_131913-460x345.jpg 460w, http:\/\/traba.org\/trabablog\/wp-content\/uploads\/2018\/08\/20180808_131913-688x516.jpg 688w\" sizes=\"auto, (max-width: 700px) 100vw, 700px\" \/> <img loading=\"lazy\" decoding=\"async\" class=\"aligncenter size-large wp-image-15977\" src=\"http:\/\/www.traba.org\/trabablog\/wp-content\/uploads\/2018\/08\/20180808_132433-1024x768.jpg\" alt=\"\" width=\"700\" height=\"525\" srcset=\"http:\/\/traba.org\/trabablog\/wp-content\/uploads\/2018\/08\/20180808_132433-1024x768.jpg 1024w, http:\/\/traba.org\/trabablog\/wp-content\/uploads\/2018\/08\/20180808_132433-300x225.jpg 300w, http:\/\/traba.org\/trabablog\/wp-content\/uploads\/2018\/08\/20180808_132433-768x576.jpg 768w, http:\/\/traba.org\/trabablog\/wp-content\/uploads\/2018\/08\/20180808_132433-460x345.jpg 460w, http:\/\/traba.org\/trabablog\/wp-content\/uploads\/2018\/08\/20180808_132433-688x516.jpg 688w\" sizes=\"auto, (max-width: 700px) 100vw, 700px\" \/> el senyal que hi ha una piscina.<img loading=\"lazy\" decoding=\"async\" class=\"aligncenter wp-image-15978 size-large\" src=\"http:\/\/www.traba.org\/trabablog\/wp-content\/uploads\/2018\/08\/20180808_132907-e1533769345135-768x1024.jpg\" alt=\"\" width=\"700\" height=\"933\" srcset=\"http:\/\/traba.org\/trabablog\/wp-content\/uploads\/2018\/08\/20180808_132907-e1533769345135-768x1024.jpg 768w, http:\/\/traba.org\/trabablog\/wp-content\/uploads\/2018\/08\/20180808_132907-e1533769345135-225x300.jpg 225w, http:\/\/traba.org\/trabablog\/wp-content\/uploads\/2018\/08\/20180808_132907-e1533769345135-261x348.jpg 261w, http:\/\/traba.org\/trabablog\/wp-content\/uploads\/2018\/08\/20180808_132907-e1533769345135-688x917.jpg 688w\" sizes=\"auto, (max-width: 700px) 100vw, 700px\" \/> <img loading=\"lazy\" decoding=\"async\" class=\"aligncenter wp-image-15979 size-large\" src=\"http:\/\/www.traba.org\/trabablog\/wp-content\/uploads\/2018\/08\/20180808_133426-e1533769375689-768x1024.jpg\" alt=\"\" width=\"700\" height=\"933\" srcset=\"http:\/\/traba.org\/trabablog\/wp-content\/uploads\/2018\/08\/20180808_133426-e1533769375689-768x1024.jpg 768w, http:\/\/traba.org\/trabablog\/wp-content\/uploads\/2018\/08\/20180808_133426-e1533769375689-225x300.jpg 225w, http:\/\/traba.org\/trabablog\/wp-content\/uploads\/2018\/08\/20180808_133426-e1533769375689-261x348.jpg 261w, http:\/\/traba.org\/trabablog\/wp-content\/uploads\/2018\/08\/20180808_133426-e1533769375689-688x917.jpg 688w\" sizes=\"auto, (max-width: 700px) 100vw, 700px\" \/> la piscina calenta agota m\u00e9s que la freda. o almenys m\u00e9s r\u00e0pid.<br \/>\n<img loading=\"lazy\" decoding=\"async\" class=\"aligncenter size-large wp-image-15980\" src=\"http:\/\/www.traba.org\/trabablog\/wp-content\/uploads\/2018\/08\/IMG_0633-1024x768.jpg\" alt=\"\" width=\"700\" height=\"525\" srcset=\"http:\/\/traba.org\/trabablog\/wp-content\/uploads\/2018\/08\/IMG_0633-1024x768.jpg 1024w, http:\/\/traba.org\/trabablog\/wp-content\/uploads\/2018\/08\/IMG_0633-300x225.jpg 300w, http:\/\/traba.org\/trabablog\/wp-content\/uploads\/2018\/08\/IMG_0633-768x576.jpg 768w, http:\/\/traba.org\/trabablog\/wp-content\/uploads\/2018\/08\/IMG_0633-460x345.jpg 460w, http:\/\/traba.org\/trabablog\/wp-content\/uploads\/2018\/08\/IMG_0633-688x516.jpg 688w\" sizes=\"auto, (max-width: 700px) 100vw, 700px\" \/> la migdiada de les 18:30.<img loading=\"lazy\" decoding=\"async\" class=\"aligncenter size-large wp-image-15981\" src=\"http:\/\/www.traba.org\/trabablog\/wp-content\/uploads\/2018\/08\/fullsizeoutput_b111-768x1024.jpeg\" alt=\"\" width=\"700\" height=\"933\" srcset=\"http:\/\/traba.org\/trabablog\/wp-content\/uploads\/2018\/08\/fullsizeoutput_b111-768x1024.jpeg 768w, http:\/\/traba.org\/trabablog\/wp-content\/uploads\/2018\/08\/fullsizeoutput_b111-225x300.jpeg 225w, http:\/\/traba.org\/trabablog\/wp-content\/uploads\/2018\/08\/fullsizeoutput_b111-261x348.jpeg 261w, http:\/\/traba.org\/trabablog\/wp-content\/uploads\/2018\/08\/fullsizeoutput_b111-688x917.jpeg 688w\" sizes=\"auto, (max-width: 700px) 100vw, 700px\" \/> orgull\u00f3s de la seva torre.\u00a0<img loading=\"lazy\" decoding=\"async\" class=\"aligncenter wp-image-15982 size-large\" src=\"http:\/\/www.traba.org\/trabablog\/wp-content\/uploads\/2018\/08\/20180808_204632-e1533769464293-768x1024.jpg\" alt=\"\" width=\"700\" height=\"933\" srcset=\"http:\/\/traba.org\/trabablog\/wp-content\/uploads\/2018\/08\/20180808_204632-e1533769464293-768x1024.jpg 768w, http:\/\/traba.org\/trabablog\/wp-content\/uploads\/2018\/08\/20180808_204632-e1533769464293-225x300.jpg 225w, http:\/\/traba.org\/trabablog\/wp-content\/uploads\/2018\/08\/20180808_204632-e1533769464293-261x348.jpg 261w, http:\/\/traba.org\/trabablog\/wp-content\/uploads\/2018\/08\/20180808_204632-e1533769464293-688x917.jpg 688w\" sizes=\"auto, (max-width: 700px) 100vw, 700px\" \/><\/p>\n<p>i dem\u00e0 sembla que fa m\u00e9s bon temps, repetirem el zoo-parc d&#8217;atraccions. i tornarem a passar per la piscina, perqu\u00e8 hem perdut els guants tant del bruno com de la lola \ud83d\ude41<\/p>\n","protected":false},"excerpt":{"rendered":"<p>ahir el f\u00e8lix va matinar. i mentre jo dormia, sessi\u00f3 fotogr\u00e0fica de les 7 del mat\u00ed. i neteja matutina. pel mat\u00ed, ens vam quedar per casa, i despr\u00e9s de dinar&#8230;<\/p>\n","protected":false},"author":5,"featured_media":15977,"comment_status":"open","ping_status":"open","sticky":false,"template":"","format":"standard","meta":{"_monsterinsights_skip_tracking":false,"_monsterinsights_sitenote_active":false,"_monsterinsights_sitenote_note":"","_monsterinsights_sitenote_category":0,"footnotes":""},"categories":[133],"tags":[143,74,142,139],"class_list":["post-15957","post","type-post","status-publish","format-standard","has-post-thumbnail","hentry","category-nord-enlla-2018","tag-islandia","tag-piscina","tag-reykjavik","tag-travelwithkids"],"_links":{"self":[{"href":"http:\/\/traba.org\/trabablog\/index.php?rest_route=\/wp\/v2\/posts\/15957","targetHints":{"allow":["GET"]}}],"collection":[{"href":"http:\/\/traba.org\/trabablog\/index.php?rest_route=\/wp\/v2\/posts"}],"about":[{"href":"http:\/\/traba.org\/trabablog\/index.php?rest_route=\/wp\/v2\/types\/post"}],"author":[{"embeddable":true,"href":"http:\/\/traba.org\/trabablog\/index.php?rest_route=\/wp\/v2\/users\/5"}],"replies":[{"embeddable":true,"href":"http:\/\/traba.org\/trabablog\/index.php?rest_route=%2Fwp%2Fv2%2Fcomments&post=15957"}],"version-history":[{"count":8,"href":"http:\/\/traba.org\/trabablog\/index.php?rest_route=\/wp\/v2\/posts\/15957\/revisions"}],"predecessor-version":[{"id":16139,"href":"http:\/\/traba.org\/trabablog\/index.php?rest_route=\/wp\/v2\/posts\/15957\/revisions\/16139"}],"wp:featuredmedia":[{"embeddable":true,"href":"http:\/\/traba.org\/trabablog\/index.php?rest_route=\/wp\/v2\/media\/15977"}],"wp:attachment":[{"href":"http:\/\/traba.org\/trabablog\/index.php?rest_route=%2Fwp%2Fv2%2Fmedia&parent=15957"}],"wp:term":[{"taxonomy":"category","embeddable":true,"href":"http:\/\/traba.org\/trabablog\/index.php?rest_route=%2Fwp%2Fv2%2Fcategories&post=15957"},{"taxonomy":"post_tag","embeddable":true,"href":"http:\/\/traba.org\/trabablog\/index.php?rest_route=%2Fwp%2Fv2%2Ftags&post=15957"}],"curies":[{"name":"wp","href":"https:\/\/api.w.org\/{rel}","templated":true}]}}