{"id":16060,"date":"2018-08-12T00:31:49","date_gmt":"2018-08-11T22:31:49","guid":{"rendered":"http:\/\/www.traba.org\/trabablog\/?p=16060"},"modified":"2018-08-12T00:31:49","modified_gmt":"2018-08-11T22:31:49","slug":"lazy-day","status":"publish","type":"post","link":"http:\/\/traba.org\/trabablog\/?p=16060","title":{"rendered":"lazy day"},"content":{"rendered":"<p>pel mat\u00ed ens hem dividit, la lola, el f\u00e8lix i jo ens hem quedat a casa.<img loading=\"lazy\" decoding=\"async\" class=\"aligncenter wp-image-16061 size-large\" src=\"http:\/\/www.traba.org\/trabablog\/wp-content\/uploads\/2018\/08\/CC4E641D-B320-4CDF-939C-50EE9AC63168-e1534026112518-576x1024.jpg\" alt=\"\" width=\"576\" height=\"1024\" srcset=\"http:\/\/traba.org\/trabablog\/wp-content\/uploads\/2018\/08\/CC4E641D-B320-4CDF-939C-50EE9AC63168-e1534026112518-576x1024.jpg 576w, http:\/\/traba.org\/trabablog\/wp-content\/uploads\/2018\/08\/CC4E641D-B320-4CDF-939C-50EE9AC63168-e1534026112518-169x300.jpg 169w, http:\/\/traba.org\/trabablog\/wp-content\/uploads\/2018\/08\/CC4E641D-B320-4CDF-939C-50EE9AC63168-e1534026112518-768x1365.jpg 768w, http:\/\/traba.org\/trabablog\/wp-content\/uploads\/2018\/08\/CC4E641D-B320-4CDF-939C-50EE9AC63168-e1534026112518-196x348.jpg 196w, http:\/\/traba.org\/trabablog\/wp-content\/uploads\/2018\/08\/CC4E641D-B320-4CDF-939C-50EE9AC63168-e1534026112518-688x1222.jpg 688w\" sizes=\"auto, (max-width: 576px) 100vw, 576px\" \/> i el francesc i el bruno han anat a veure el faro per\u00f2 no han pogut perqu\u00e8 tot el centre estava ballat per la gay parade del migdia.\u00a0<img loading=\"lazy\" decoding=\"async\" class=\"aligncenter size-large wp-image-16062\" src=\"http:\/\/www.traba.org\/trabablog\/wp-content\/uploads\/2018\/08\/20180811_120515-1024x768.jpg\" alt=\"\" width=\"700\" height=\"525\" srcset=\"http:\/\/traba.org\/trabablog\/wp-content\/uploads\/2018\/08\/20180811_120515-1024x768.jpg 1024w, http:\/\/traba.org\/trabablog\/wp-content\/uploads\/2018\/08\/20180811_120515-300x225.jpg 300w, http:\/\/traba.org\/trabablog\/wp-content\/uploads\/2018\/08\/20180811_120515-768x576.jpg 768w, http:\/\/traba.org\/trabablog\/wp-content\/uploads\/2018\/08\/20180811_120515-460x345.jpg 460w, http:\/\/traba.org\/trabablog\/wp-content\/uploads\/2018\/08\/20180811_120515-688x516.jpg 688w\" sizes=\"auto, (max-width: 700px) 100vw, 700px\" \/> a les 14 sharp, la gay parade. per\u00f2 ells a lo seu.<img loading=\"lazy\" decoding=\"async\" class=\"aligncenter wp-image-16063 size-large\" src=\"http:\/\/www.traba.org\/trabablog\/wp-content\/uploads\/2018\/08\/IMG_0743-e1534026190825-768x1024.jpg\" alt=\"\" width=\"700\" height=\"933\" srcset=\"http:\/\/traba.org\/trabablog\/wp-content\/uploads\/2018\/08\/IMG_0743-e1534026190825-768x1024.jpg 768w, http:\/\/traba.org\/trabablog\/wp-content\/uploads\/2018\/08\/IMG_0743-e1534026190825-225x300.jpg 225w, http:\/\/traba.org\/trabablog\/wp-content\/uploads\/2018\/08\/IMG_0743-e1534026190825-261x348.jpg 261w, http:\/\/traba.org\/trabablog\/wp-content\/uploads\/2018\/08\/IMG_0743-e1534026190825-688x917.jpg 688w\" sizes=\"auto, (max-width: 700px) 100vw, 700px\" \/><\/p>\n<p>per la tarda, una mica de bufanda amb llana islandesa. que \u00e9s molt aspra&#8230; i tots els gerseis que veus s\u00f3n super rasposos, no s\u00e9 per qu\u00e8. deuen abrigar, que sin\u00f3 no entenc&#8230;<\/p>\n<p><img loading=\"lazy\" decoding=\"async\" class=\"aligncenter size-large wp-image-16067\" src=\"http:\/\/www.traba.org\/trabablog\/wp-content\/uploads\/2018\/08\/IMG_0780-1024x768.jpg\" alt=\"\" width=\"700\" height=\"525\" srcset=\"http:\/\/traba.org\/trabablog\/wp-content\/uploads\/2018\/08\/IMG_0780-1024x768.jpg 1024w, http:\/\/traba.org\/trabablog\/wp-content\/uploads\/2018\/08\/IMG_0780-300x225.jpg 300w, http:\/\/traba.org\/trabablog\/wp-content\/uploads\/2018\/08\/IMG_0780-768x576.jpg 768w, http:\/\/traba.org\/trabablog\/wp-content\/uploads\/2018\/08\/IMG_0780-460x345.jpg 460w, http:\/\/traba.org\/trabablog\/wp-content\/uploads\/2018\/08\/IMG_0780-688x516.jpg 688w\" sizes=\"auto, (max-width: 700px) 100vw, 700px\" \/> jugant a l&#8217;habitaci\u00f3.<img loading=\"lazy\" decoding=\"async\" class=\"aligncenter size-large wp-image-16068\" src=\"http:\/\/www.traba.org\/trabablog\/wp-content\/uploads\/2018\/08\/20180811_172655-1024x768.jpg\" alt=\"\" width=\"700\" height=\"525\" srcset=\"http:\/\/traba.org\/trabablog\/wp-content\/uploads\/2018\/08\/20180811_172655-1024x768.jpg 1024w, http:\/\/traba.org\/trabablog\/wp-content\/uploads\/2018\/08\/20180811_172655-300x225.jpg 300w, http:\/\/traba.org\/trabablog\/wp-content\/uploads\/2018\/08\/20180811_172655-768x576.jpg 768w, http:\/\/traba.org\/trabablog\/wp-content\/uploads\/2018\/08\/20180811_172655-460x345.jpg 460w, http:\/\/traba.org\/trabablog\/wp-content\/uploads\/2018\/08\/20180811_172655-688x516.jpg 688w\" sizes=\"auto, (max-width: 700px) 100vw, 700px\" \/> patates de reykjav\u00edk chips, s\u00f3n patates fregides, bones, per\u00f2 no deixen de ser patates fregides. les remenen amb carinyo, \u00e9s tot el qu\u00e8 us puc dir.<img loading=\"lazy\" decoding=\"async\" class=\"aligncenter size-large wp-image-16069\" src=\"http:\/\/www.traba.org\/trabablog\/wp-content\/uploads\/2018\/08\/20180811_181656-1024x768.jpg\" alt=\"\" width=\"700\" height=\"525\" srcset=\"http:\/\/traba.org\/trabablog\/wp-content\/uploads\/2018\/08\/20180811_181656-1024x768.jpg 1024w, http:\/\/traba.org\/trabablog\/wp-content\/uploads\/2018\/08\/20180811_181656-300x225.jpg 300w, http:\/\/traba.org\/trabablog\/wp-content\/uploads\/2018\/08\/20180811_181656-768x576.jpg 768w, http:\/\/traba.org\/trabablog\/wp-content\/uploads\/2018\/08\/20180811_181656-460x345.jpg 460w, http:\/\/traba.org\/trabablog\/wp-content\/uploads\/2018\/08\/20180811_181656-688x516.jpg 688w\" sizes=\"auto, (max-width: 700px) 100vw, 700px\" \/><\/p>\n<p>and we&#8217;ll call it a day \ud83d\ude42<\/p>\n","protected":false},"excerpt":{"rendered":"<p>pel mat\u00ed ens hem dividit, la lola, el f\u00e8lix i jo ens hem quedat a casa. i el francesc i el bruno han anat a veure el faro per\u00f2 no&#8230;<\/p>\n","protected":false},"author":5,"featured_media":16063,"comment_status":"open","ping_status":"open","sticky":false,"template":"","format":"standard","meta":{"_monsterinsights_skip_tracking":false,"_monsterinsights_sitenote_active":false,"_monsterinsights_sitenote_note":"","_monsterinsights_sitenote_category":0,"footnotes":""},"categories":[133],"tags":[143,45,142,139],"class_list":["post-16060","post","type-post","status-publish","format-standard","has-post-thumbnail","hentry","category-nord-enlla-2018","tag-islandia","tag-menjar","tag-reykjavik","tag-travelwithkids"],"_links":{"self":[{"href":"http:\/\/traba.org\/trabablog\/index.php?rest_route=\/wp\/v2\/posts\/16060","targetHints":{"allow":["GET"]}}],"collection":[{"href":"http:\/\/traba.org\/trabablog\/index.php?rest_route=\/wp\/v2\/posts"}],"about":[{"href":"http:\/\/traba.org\/trabablog\/index.php?rest_route=\/wp\/v2\/types\/post"}],"author":[{"embeddable":true,"href":"http:\/\/traba.org\/trabablog\/index.php?rest_route=\/wp\/v2\/users\/5"}],"replies":[{"embeddable":true,"href":"http:\/\/traba.org\/trabablog\/index.php?rest_route=%2Fwp%2Fv2%2Fcomments&post=16060"}],"version-history":[{"count":1,"href":"http:\/\/traba.org\/trabablog\/index.php?rest_route=\/wp\/v2\/posts\/16060\/revisions"}],"predecessor-version":[{"id":16070,"href":"http:\/\/traba.org\/trabablog\/index.php?rest_route=\/wp\/v2\/posts\/16060\/revisions\/16070"}],"wp:featuredmedia":[{"embeddable":true,"href":"http:\/\/traba.org\/trabablog\/index.php?rest_route=\/wp\/v2\/media\/16063"}],"wp:attachment":[{"href":"http:\/\/traba.org\/trabablog\/index.php?rest_route=%2Fwp%2Fv2%2Fmedia&parent=16060"}],"wp:term":[{"taxonomy":"category","embeddable":true,"href":"http:\/\/traba.org\/trabablog\/index.php?rest_route=%2Fwp%2Fv2%2Fcategories&post=16060"},{"taxonomy":"post_tag","embeddable":true,"href":"http:\/\/traba.org\/trabablog\/index.php?rest_route=%2Fwp%2Fv2%2Ftags&post=16060"}],"curies":[{"name":"wp","href":"https:\/\/api.w.org\/{rel}","templated":true}]}}