{"id":16402,"date":"2018-12-01T22:55:03","date_gmt":"2018-12-01T21:55:03","guid":{"rendered":"http:\/\/www.traba.org\/trabablog\/?p=16402"},"modified":"2018-12-01T22:55:03","modified_gmt":"2018-12-01T21:55:03","slug":"2-cops-en-1-any-com-els-vells-temps-amb-diferent-companyia","status":"publish","type":"post","link":"http:\/\/traba.org\/trabablog\/?p=16402","title":{"rendered":"2 cops en 1 any, com els vells temps, amb diferent companyia"},"content":{"rendered":"<p>divendres tocava prepar la maleta, i ho vaig fer en companyia del bruno, que es va quedar a casa perqu\u00e8 es va passar la nit vomitant i amb febre.<img loading=\"lazy\" decoding=\"async\" class=\"aligncenter size-large wp-image-16403\" src=\"http:\/\/www.traba.org\/trabablog\/wp-content\/uploads\/2018\/12\/IMG_3767-1024x768.jpg\" alt=\"\" width=\"700\" height=\"525\" srcset=\"http:\/\/traba.org\/trabablog\/wp-content\/uploads\/2018\/12\/IMG_3767-1024x768.jpg 1024w, http:\/\/traba.org\/trabablog\/wp-content\/uploads\/2018\/12\/IMG_3767-300x225.jpg 300w, http:\/\/traba.org\/trabablog\/wp-content\/uploads\/2018\/12\/IMG_3767-768x576.jpg 768w, http:\/\/traba.org\/trabablog\/wp-content\/uploads\/2018\/12\/IMG_3767-460x345.jpg 460w, http:\/\/traba.org\/trabablog\/wp-content\/uploads\/2018\/12\/IMG_3767-688x516.jpg 688w\" sizes=\"auto, (max-width: 700px) 100vw, 700px\" \/> es va adormir amb la manteta i tot&#8230; aix\u00f2 sent ell que mai fa la migdiada, ni al cole, no era bona senyal. vam tenir els nostres dubtes, per\u00f2 vam marxar.<img loading=\"lazy\" decoding=\"async\" class=\"aligncenter wp-image-16404 size-large\" src=\"http:\/\/www.traba.org\/trabablog\/wp-content\/uploads\/2018\/12\/IMG_3769-e1543700142790-768x1024.jpg\" alt=\"\" width=\"700\" height=\"933\" srcset=\"http:\/\/traba.org\/trabablog\/wp-content\/uploads\/2018\/12\/IMG_3769-e1543700142790-768x1024.jpg 768w, http:\/\/traba.org\/trabablog\/wp-content\/uploads\/2018\/12\/IMG_3769-e1543700142790-225x300.jpg 225w, http:\/\/traba.org\/trabablog\/wp-content\/uploads\/2018\/12\/IMG_3769-e1543700142790-261x348.jpg 261w, http:\/\/traba.org\/trabablog\/wp-content\/uploads\/2018\/12\/IMG_3769-e1543700142790-688x917.jpg 688w\" sizes=\"auto, (max-width: 700px) 100vw, 700px\" \/> la marcela i la lula, hin vingut aquesta nit tamb\u00e9, per\u00f2 amb bale\u00e0ria, i nosaltres amb transmediterr\u00e0nea. intercanvi de fotos de camarots.<img loading=\"lazy\" decoding=\"async\" class=\"aligncenter size-large wp-image-16405\" src=\"http:\/\/www.traba.org\/trabablog\/wp-content\/uploads\/2018\/12\/12e73667-61ef-41ef-a5d2-8dfe5c630fd8-768x1024.jpg\" alt=\"\" width=\"700\" height=\"933\" srcset=\"http:\/\/traba.org\/trabablog\/wp-content\/uploads\/2018\/12\/12e73667-61ef-41ef-a5d2-8dfe5c630fd8-768x1024.jpg 768w, http:\/\/traba.org\/trabablog\/wp-content\/uploads\/2018\/12\/12e73667-61ef-41ef-a5d2-8dfe5c630fd8-225x300.jpg 225w, http:\/\/traba.org\/trabablog\/wp-content\/uploads\/2018\/12\/12e73667-61ef-41ef-a5d2-8dfe5c630fd8-261x348.jpg 261w, http:\/\/traba.org\/trabablog\/wp-content\/uploads\/2018\/12\/12e73667-61ef-41ef-a5d2-8dfe5c630fd8-688x917.jpg 688w, http:\/\/traba.org\/trabablog\/wp-content\/uploads\/2018\/12\/12e73667-61ef-41ef-a5d2-8dfe5c630fd8.jpg 1200w\" sizes=\"auto, (max-width: 700px) 100vw, 700px\" \/> el nostre m\u00e9s petit.<img loading=\"lazy\" decoding=\"async\" class=\"aligncenter size-large wp-image-16406\" src=\"http:\/\/www.traba.org\/trabablog\/wp-content\/uploads\/2018\/12\/061c9853-07bb-486d-8ed4-82766ee479b7-768x1024.jpg\" alt=\"\" width=\"700\" height=\"933\" srcset=\"http:\/\/traba.org\/trabablog\/wp-content\/uploads\/2018\/12\/061c9853-07bb-486d-8ed4-82766ee479b7-768x1024.jpg 768w, http:\/\/traba.org\/trabablog\/wp-content\/uploads\/2018\/12\/061c9853-07bb-486d-8ed4-82766ee479b7-225x300.jpg 225w, http:\/\/traba.org\/trabablog\/wp-content\/uploads\/2018\/12\/061c9853-07bb-486d-8ed4-82766ee479b7-261x348.jpg 261w, http:\/\/traba.org\/trabablog\/wp-content\/uploads\/2018\/12\/061c9853-07bb-486d-8ed4-82766ee479b7-688x917.jpg 688w, http:\/\/traba.org\/trabablog\/wp-content\/uploads\/2018\/12\/061c9853-07bb-486d-8ed4-82766ee479b7.jpg 1200w\" sizes=\"auto, (max-width: 700px) 100vw, 700px\" \/> 7:33 del mat\u00ed, arribats a ma\u00f3, encara al barco. fem prou bona cara per la nit que hem passat&#8230; el pobre bruno amb mal de cap i febre, pobre. i m&#8217;ha dit a les 3: mama, crec que necessito una xeringa (apiretal).<img loading=\"lazy\" decoding=\"async\" class=\"aligncenter wp-image-16407 size-large\" src=\"http:\/\/www.traba.org\/trabablog\/wp-content\/uploads\/2018\/12\/IMG_3777-e1543700271489-1024x768.jpg\" alt=\"\" width=\"700\" height=\"525\" srcset=\"http:\/\/traba.org\/trabablog\/wp-content\/uploads\/2018\/12\/IMG_3777-e1543700271489-1024x768.jpg 1024w, http:\/\/traba.org\/trabablog\/wp-content\/uploads\/2018\/12\/IMG_3777-e1543700271489-300x225.jpg 300w, http:\/\/traba.org\/trabablog\/wp-content\/uploads\/2018\/12\/IMG_3777-e1543700271489-768x576.jpg 768w, http:\/\/traba.org\/trabablog\/wp-content\/uploads\/2018\/12\/IMG_3777-e1543700271489-460x345.jpg 460w, http:\/\/traba.org\/trabablog\/wp-content\/uploads\/2018\/12\/IMG_3777-e1543700271489-688x516.jpg 688w, http:\/\/traba.org\/trabablog\/wp-content\/uploads\/2018\/12\/IMG_3777-e1543700271489.jpg 1280w\" sizes=\"auto, (max-width: 700px) 100vw, 700px\" \/><\/p>\n<p>i despr\u00e9s d&#8217;esmorzar a sant climent i recollir les claus<\/p>\n<p><img loading=\"lazy\" decoding=\"async\" class=\"aligncenter size-large wp-image-16417\" src=\"http:\/\/www.traba.org\/trabablog\/wp-content\/uploads\/2018\/12\/a32347ca-c856-453f-880e-a76db7c32c50-1024x768.jpg\" alt=\"\" width=\"700\" height=\"525\" srcset=\"http:\/\/traba.org\/trabablog\/wp-content\/uploads\/2018\/12\/a32347ca-c856-453f-880e-a76db7c32c50-1024x768.jpg 1024w, http:\/\/traba.org\/trabablog\/wp-content\/uploads\/2018\/12\/a32347ca-c856-453f-880e-a76db7c32c50-300x225.jpg 300w, http:\/\/traba.org\/trabablog\/wp-content\/uploads\/2018\/12\/a32347ca-c856-453f-880e-a76db7c32c50-768x576.jpg 768w, http:\/\/traba.org\/trabablog\/wp-content\/uploads\/2018\/12\/a32347ca-c856-453f-880e-a76db7c32c50-460x345.jpg 460w, http:\/\/traba.org\/trabablog\/wp-content\/uploads\/2018\/12\/a32347ca-c856-453f-880e-a76db7c32c50-688x516.jpg 688w, http:\/\/traba.org\/trabablog\/wp-content\/uploads\/2018\/12\/a32347ca-c856-453f-880e-a76db7c32c50.jpg 1599w\" sizes=\"auto, (max-width: 700px) 100vw, 700px\" \/>&#8230;aparcats a ciutadella. a les 10:03, 15,5 graus.<img loading=\"lazy\" decoding=\"async\" class=\"aligncenter wp-image-16408 size-large\" src=\"http:\/\/www.traba.org\/trabablog\/wp-content\/uploads\/2018\/12\/IMG_3782-e1543700514785-768x1024.jpg\" alt=\"\" width=\"700\" height=\"933\" srcset=\"http:\/\/traba.org\/trabablog\/wp-content\/uploads\/2018\/12\/IMG_3782-e1543700514785-768x1024.jpg 768w, http:\/\/traba.org\/trabablog\/wp-content\/uploads\/2018\/12\/IMG_3782-e1543700514785-225x300.jpg 225w, http:\/\/traba.org\/trabablog\/wp-content\/uploads\/2018\/12\/IMG_3782-e1543700514785-261x348.jpg 261w, http:\/\/traba.org\/trabablog\/wp-content\/uploads\/2018\/12\/IMG_3782-e1543700514785-688x917.jpg 688w\" sizes=\"auto, (max-width: 700px) 100vw, 700px\" \/><\/p>\n<p>han anat a buscar a la lula a la pla\u00e7a dels pins, mentre jo comprava.<\/p>\n<p><img loading=\"lazy\" decoding=\"async\" class=\"aligncenter size-large wp-image-16418\" src=\"http:\/\/www.traba.org\/trabablog\/wp-content\/uploads\/2018\/12\/fd8bc639-f46b-4074-948e-528cafa9c8b7-1024x768.jpg\" alt=\"\" width=\"700\" height=\"525\" srcset=\"http:\/\/traba.org\/trabablog\/wp-content\/uploads\/2018\/12\/fd8bc639-f46b-4074-948e-528cafa9c8b7-1024x768.jpg 1024w, http:\/\/traba.org\/trabablog\/wp-content\/uploads\/2018\/12\/fd8bc639-f46b-4074-948e-528cafa9c8b7-300x225.jpg 300w, http:\/\/traba.org\/trabablog\/wp-content\/uploads\/2018\/12\/fd8bc639-f46b-4074-948e-528cafa9c8b7-768x576.jpg 768w, http:\/\/traba.org\/trabablog\/wp-content\/uploads\/2018\/12\/fd8bc639-f46b-4074-948e-528cafa9c8b7-460x345.jpg 460w, http:\/\/traba.org\/trabablog\/wp-content\/uploads\/2018\/12\/fd8bc639-f46b-4074-948e-528cafa9c8b7-688x516.jpg 688w, http:\/\/traba.org\/trabablog\/wp-content\/uploads\/2018\/12\/fd8bc639-f46b-4074-948e-528cafa9c8b7.jpg 1599w\" sizes=\"auto, (max-width: 700px) 100vw, 700px\" \/><\/p>\n<p>estem a la mateixa casa de sempre del casc antic.<img loading=\"lazy\" decoding=\"async\" class=\"aligncenter size-large wp-image-16409\" src=\"http:\/\/www.traba.org\/trabablog\/wp-content\/uploads\/2018\/12\/b2d3a4be-f8bd-48f3-9374-092f0d4adbab-768x1024.jpg\" alt=\"\" width=\"700\" height=\"933\" srcset=\"http:\/\/traba.org\/trabablog\/wp-content\/uploads\/2018\/12\/b2d3a4be-f8bd-48f3-9374-092f0d4adbab-768x1024.jpg 768w, http:\/\/traba.org\/trabablog\/wp-content\/uploads\/2018\/12\/b2d3a4be-f8bd-48f3-9374-092f0d4adbab-225x300.jpg 225w, http:\/\/traba.org\/trabablog\/wp-content\/uploads\/2018\/12\/b2d3a4be-f8bd-48f3-9374-092f0d4adbab-261x348.jpg 261w, http:\/\/traba.org\/trabablog\/wp-content\/uploads\/2018\/12\/b2d3a4be-f8bd-48f3-9374-092f0d4adbab-688x917.jpg 688w, http:\/\/traba.org\/trabablog\/wp-content\/uploads\/2018\/12\/b2d3a4be-f8bd-48f3-9374-092f0d4adbab.jpg 1200w\" sizes=\"auto, (max-width: 700px) 100vw, 700px\" \/> la lula i el f\u00e8lix.<img loading=\"lazy\" decoding=\"async\" class=\"aligncenter size-large wp-image-16410\" src=\"http:\/\/www.traba.org\/trabablog\/wp-content\/uploads\/2018\/12\/34912ebe-2ff8-40b7-adc8-2e8505d89a85-768x1024.jpg\" alt=\"\" width=\"700\" height=\"933\" srcset=\"http:\/\/traba.org\/trabablog\/wp-content\/uploads\/2018\/12\/34912ebe-2ff8-40b7-adc8-2e8505d89a85-768x1024.jpg 768w, http:\/\/traba.org\/trabablog\/wp-content\/uploads\/2018\/12\/34912ebe-2ff8-40b7-adc8-2e8505d89a85-225x300.jpg 225w, http:\/\/traba.org\/trabablog\/wp-content\/uploads\/2018\/12\/34912ebe-2ff8-40b7-adc8-2e8505d89a85-261x348.jpg 261w, http:\/\/traba.org\/trabablog\/wp-content\/uploads\/2018\/12\/34912ebe-2ff8-40b7-adc8-2e8505d89a85-688x917.jpg 688w, http:\/\/traba.org\/trabablog\/wp-content\/uploads\/2018\/12\/34912ebe-2ff8-40b7-adc8-2e8505d89a85.jpg 1200w\" sizes=\"auto, (max-width: 700px) 100vw, 700px\" \/><\/p>\n<p>pel mat\u00ed hem preparat les postals de felicitaci\u00f3 de nadal.<\/p>\n<p><img loading=\"lazy\" decoding=\"async\" class=\"aligncenter size-large wp-image-16416\" src=\"http:\/\/www.traba.org\/trabablog\/wp-content\/uploads\/2018\/12\/38eab775-adf4-429f-85da-3c2ac5454a3f-1024x768.jpg\" alt=\"\" width=\"700\" height=\"525\" srcset=\"http:\/\/traba.org\/trabablog\/wp-content\/uploads\/2018\/12\/38eab775-adf4-429f-85da-3c2ac5454a3f-1024x768.jpg 1024w, http:\/\/traba.org\/trabablog\/wp-content\/uploads\/2018\/12\/38eab775-adf4-429f-85da-3c2ac5454a3f-300x225.jpg 300w, http:\/\/traba.org\/trabablog\/wp-content\/uploads\/2018\/12\/38eab775-adf4-429f-85da-3c2ac5454a3f-768x576.jpg 768w, http:\/\/traba.org\/trabablog\/wp-content\/uploads\/2018\/12\/38eab775-adf4-429f-85da-3c2ac5454a3f-460x345.jpg 460w, http:\/\/traba.org\/trabablog\/wp-content\/uploads\/2018\/12\/38eab775-adf4-429f-85da-3c2ac5454a3f-688x516.jpg 688w, http:\/\/traba.org\/trabablog\/wp-content\/uploads\/2018\/12\/38eab775-adf4-429f-85da-3c2ac5454a3f.jpg 1599w\" sizes=\"auto, (max-width: 700px) 100vw, 700px\" \/><\/p>\n<p>per la tarda hem sortit a passejar<br \/>\n<img loading=\"lazy\" decoding=\"async\" class=\"aligncenter size-large wp-image-16411\" src=\"http:\/\/www.traba.org\/trabablog\/wp-content\/uploads\/2018\/12\/eae0d4f5-8cf2-4197-94bf-45e1fb94556a-768x1024.jpg\" alt=\"\" width=\"700\" height=\"933\" srcset=\"http:\/\/traba.org\/trabablog\/wp-content\/uploads\/2018\/12\/eae0d4f5-8cf2-4197-94bf-45e1fb94556a-768x1024.jpg 768w, http:\/\/traba.org\/trabablog\/wp-content\/uploads\/2018\/12\/eae0d4f5-8cf2-4197-94bf-45e1fb94556a-225x300.jpg 225w, http:\/\/traba.org\/trabablog\/wp-content\/uploads\/2018\/12\/eae0d4f5-8cf2-4197-94bf-45e1fb94556a-261x348.jpg 261w, http:\/\/traba.org\/trabablog\/wp-content\/uploads\/2018\/12\/eae0d4f5-8cf2-4197-94bf-45e1fb94556a-688x917.jpg 688w, http:\/\/traba.org\/trabablog\/wp-content\/uploads\/2018\/12\/eae0d4f5-8cf2-4197-94bf-45e1fb94556a.jpg 1200w\" sizes=\"auto, (max-width: 700px) 100vw, 700px\" \/><\/p>\n<p>posant els segells a les felicitacions de nadal, i despr\u00e9s les hem tirat&#8230; qui seran els afortunats? \ud83d\ude42<\/p>\n<p><img loading=\"lazy\" decoding=\"async\" class=\"aligncenter size-large wp-image-16415\" src=\"http:\/\/www.traba.org\/trabablog\/wp-content\/uploads\/2018\/12\/96b9b3ac-8e5f-41bb-b16b-777fd2f604ca-1024x768.jpg\" alt=\"\" width=\"700\" height=\"525\" srcset=\"http:\/\/traba.org\/trabablog\/wp-content\/uploads\/2018\/12\/96b9b3ac-8e5f-41bb-b16b-777fd2f604ca-1024x768.jpg 1024w, http:\/\/traba.org\/trabablog\/wp-content\/uploads\/2018\/12\/96b9b3ac-8e5f-41bb-b16b-777fd2f604ca-300x225.jpg 300w, http:\/\/traba.org\/trabablog\/wp-content\/uploads\/2018\/12\/96b9b3ac-8e5f-41bb-b16b-777fd2f604ca-768x576.jpg 768w, http:\/\/traba.org\/trabablog\/wp-content\/uploads\/2018\/12\/96b9b3ac-8e5f-41bb-b16b-777fd2f604ca-460x345.jpg 460w, http:\/\/traba.org\/trabablog\/wp-content\/uploads\/2018\/12\/96b9b3ac-8e5f-41bb-b16b-777fd2f604ca-688x516.jpg 688w, http:\/\/traba.org\/trabablog\/wp-content\/uploads\/2018\/12\/96b9b3ac-8e5f-41bb-b16b-777fd2f604ca.jpg 1599w\" sizes=\"auto, (max-width: 700px) 100vw, 700px\" \/><\/p>\n<p>i ja a casa&#8230;\u00a0<img loading=\"lazy\" decoding=\"async\" class=\"aligncenter size-large wp-image-16412\" src=\"http:\/\/www.traba.org\/trabablog\/wp-content\/uploads\/2018\/12\/ba8a507e-ac1a-4bd0-898b-0d4aa0e7153e-769x1024.jpg\" alt=\"\" width=\"700\" height=\"932\" srcset=\"http:\/\/traba.org\/trabablog\/wp-content\/uploads\/2018\/12\/ba8a507e-ac1a-4bd0-898b-0d4aa0e7153e-769x1024.jpg 769w, http:\/\/traba.org\/trabablog\/wp-content\/uploads\/2018\/12\/ba8a507e-ac1a-4bd0-898b-0d4aa0e7153e-225x300.jpg 225w, http:\/\/traba.org\/trabablog\/wp-content\/uploads\/2018\/12\/ba8a507e-ac1a-4bd0-898b-0d4aa0e7153e-768x1022.jpg 768w, http:\/\/traba.org\/trabablog\/wp-content\/uploads\/2018\/12\/ba8a507e-ac1a-4bd0-898b-0d4aa0e7153e-261x348.jpg 261w, http:\/\/traba.org\/trabablog\/wp-content\/uploads\/2018\/12\/ba8a507e-ac1a-4bd0-898b-0d4aa0e7153e-688x916.jpg 688w, http:\/\/traba.org\/trabablog\/wp-content\/uploads\/2018\/12\/ba8a507e-ac1a-4bd0-898b-0d4aa0e7153e.jpg 1202w\" sizes=\"auto, (max-width: 700px) 100vw, 700px\" \/> jugant al memory.<img loading=\"lazy\" decoding=\"async\" class=\"aligncenter size-large wp-image-16413\" src=\"http:\/\/www.traba.org\/trabablog\/wp-content\/uploads\/2018\/12\/fa1a8e09-4ff4-4635-85a9-5546a461d3c6-1024x768.jpg\" alt=\"\" width=\"700\" height=\"525\" srcset=\"http:\/\/traba.org\/trabablog\/wp-content\/uploads\/2018\/12\/fa1a8e09-4ff4-4635-85a9-5546a461d3c6-1024x768.jpg 1024w, http:\/\/traba.org\/trabablog\/wp-content\/uploads\/2018\/12\/fa1a8e09-4ff4-4635-85a9-5546a461d3c6-300x225.jpg 300w, http:\/\/traba.org\/trabablog\/wp-content\/uploads\/2018\/12\/fa1a8e09-4ff4-4635-85a9-5546a461d3c6-768x576.jpg 768w, http:\/\/traba.org\/trabablog\/wp-content\/uploads\/2018\/12\/fa1a8e09-4ff4-4635-85a9-5546a461d3c6-460x345.jpg 460w, http:\/\/traba.org\/trabablog\/wp-content\/uploads\/2018\/12\/fa1a8e09-4ff4-4635-85a9-5546a461d3c6-688x516.jpg 688w, http:\/\/traba.org\/trabablog\/wp-content\/uploads\/2018\/12\/fa1a8e09-4ff4-4635-85a9-5546a461d3c6.jpg 1599w\" sizes=\"auto, (max-width: 700px) 100vw, 700px\" \/> la nostra habitaci\u00f3.<img loading=\"lazy\" decoding=\"async\" class=\"aligncenter size-large wp-image-16414\" src=\"http:\/\/www.traba.org\/trabablog\/wp-content\/uploads\/2018\/12\/129ceb1a-8e7e-4a54-9740-78de67fe918c-768x1024.jpg\" alt=\"\" width=\"700\" height=\"933\" srcset=\"http:\/\/traba.org\/trabablog\/wp-content\/uploads\/2018\/12\/129ceb1a-8e7e-4a54-9740-78de67fe918c-768x1024.jpg 768w, http:\/\/traba.org\/trabablog\/wp-content\/uploads\/2018\/12\/129ceb1a-8e7e-4a54-9740-78de67fe918c-225x300.jpg 225w, http:\/\/traba.org\/trabablog\/wp-content\/uploads\/2018\/12\/129ceb1a-8e7e-4a54-9740-78de67fe918c-261x348.jpg 261w, http:\/\/traba.org\/trabablog\/wp-content\/uploads\/2018\/12\/129ceb1a-8e7e-4a54-9740-78de67fe918c-688x917.jpg 688w, http:\/\/traba.org\/trabablog\/wp-content\/uploads\/2018\/12\/129ceb1a-8e7e-4a54-9740-78de67fe918c.jpg 1200w\" sizes=\"auto, (max-width: 700px) 100vw, 700px\" \/>a veure qu\u00e8 podem fer dem\u00e0, perqu\u00e8 el virus aquest intestinal, ens est\u00e0 perseguint&#8230;<\/p>\n","protected":false},"excerpt":{"rendered":"<p>divendres tocava prepar la maleta, i ho vaig fer en companyia del bruno, que es va quedar a casa perqu\u00e8 es va passar la nit vomitant i amb febre. es&#8230;<\/p>\n","protected":false},"author":5,"featured_media":16407,"comment_status":"open","ping_status":"open","sticky":false,"template":"","format":"standard","meta":{"_monsterinsights_skip_tracking":false,"_monsterinsights_sitenote_active":false,"_monsterinsights_sitenote_note":"","_monsterinsights_sitenote_category":0,"footnotes":""},"categories":[28],"tags":[39],"class_list":["post-16402","post","type-post","status-publish","format-standard","has-post-thumbnail","hentry","category-ordinary-days","tag-menorca"],"_links":{"self":[{"href":"http:\/\/traba.org\/trabablog\/index.php?rest_route=\/wp\/v2\/posts\/16402","targetHints":{"allow":["GET"]}}],"collection":[{"href":"http:\/\/traba.org\/trabablog\/index.php?rest_route=\/wp\/v2\/posts"}],"about":[{"href":"http:\/\/traba.org\/trabablog\/index.php?rest_route=\/wp\/v2\/types\/post"}],"author":[{"embeddable":true,"href":"http:\/\/traba.org\/trabablog\/index.php?rest_route=\/wp\/v2\/users\/5"}],"replies":[{"embeddable":true,"href":"http:\/\/traba.org\/trabablog\/index.php?rest_route=%2Fwp%2Fv2%2Fcomments&post=16402"}],"version-history":[{"count":1,"href":"http:\/\/traba.org\/trabablog\/index.php?rest_route=\/wp\/v2\/posts\/16402\/revisions"}],"predecessor-version":[{"id":16420,"href":"http:\/\/traba.org\/trabablog\/index.php?rest_route=\/wp\/v2\/posts\/16402\/revisions\/16420"}],"wp:featuredmedia":[{"embeddable":true,"href":"http:\/\/traba.org\/trabablog\/index.php?rest_route=\/wp\/v2\/media\/16407"}],"wp:attachment":[{"href":"http:\/\/traba.org\/trabablog\/index.php?rest_route=%2Fwp%2Fv2%2Fmedia&parent=16402"}],"wp:term":[{"taxonomy":"category","embeddable":true,"href":"http:\/\/traba.org\/trabablog\/index.php?rest_route=%2Fwp%2Fv2%2Fcategories&post=16402"},{"taxonomy":"post_tag","embeddable":true,"href":"http:\/\/traba.org\/trabablog\/index.php?rest_route=%2Fwp%2Fv2%2Ftags&post=16402"}],"curies":[{"name":"wp","href":"https:\/\/api.w.org\/{rel}","templated":true}]}}