{"id":16447,"date":"2018-12-05T10:51:13","date_gmt":"2018-12-05T09:51:13","guid":{"rendered":"http:\/\/www.traba.org\/trabablog\/?p=16447"},"modified":"2018-12-05T10:51:13","modified_gmt":"2018-12-05T09:51:13","slug":"ho-hem-aconseguit-cala-en-turqueta","status":"publish","type":"post","link":"http:\/\/traba.org\/trabablog\/?p=16447","title":{"rendered":"ho hem aconseguit, cala en turqueta"},"content":{"rendered":"<p>pel mat\u00ed a comprar pa\u00a0<img loading=\"lazy\" decoding=\"async\" class=\"aligncenter wp-image-16448 size-large\" src=\"http:\/\/www.traba.org\/trabablog\/wp-content\/uploads\/2018\/12\/20181204_102807-e1543996260873-768x1024.jpg\" alt=\"\" width=\"700\" height=\"933\" srcset=\"http:\/\/traba.org\/trabablog\/wp-content\/uploads\/2018\/12\/20181204_102807-e1543996260873-768x1024.jpg 768w, http:\/\/traba.org\/trabablog\/wp-content\/uploads\/2018\/12\/20181204_102807-e1543996260873-225x300.jpg 225w, http:\/\/traba.org\/trabablog\/wp-content\/uploads\/2018\/12\/20181204_102807-e1543996260873-261x348.jpg 261w, http:\/\/traba.org\/trabablog\/wp-content\/uploads\/2018\/12\/20181204_102807-e1543996260873-688x917.jpg 688w\" sizes=\"auto, (max-width: 700px) 100vw, 700px\" \/> i despr\u00e9s de preparar la bossa pel picnic, cap a cala en turqueta.<img loading=\"lazy\" decoding=\"async\" class=\"aligncenter wp-image-16449 size-large\" src=\"http:\/\/www.traba.org\/trabablog\/wp-content\/uploads\/2018\/12\/20181204_121353-e1543996294489-768x1024.jpg\" alt=\"\" width=\"700\" height=\"933\" srcset=\"http:\/\/traba.org\/trabablog\/wp-content\/uploads\/2018\/12\/20181204_121353-e1543996294489-768x1024.jpg 768w, http:\/\/traba.org\/trabablog\/wp-content\/uploads\/2018\/12\/20181204_121353-e1543996294489-225x300.jpg 225w, http:\/\/traba.org\/trabablog\/wp-content\/uploads\/2018\/12\/20181204_121353-e1543996294489-261x348.jpg 261w, http:\/\/traba.org\/trabablog\/wp-content\/uploads\/2018\/12\/20181204_121353-e1543996294489-688x917.jpg 688w\" sizes=\"auto, (max-width: 700px) 100vw, 700px\" \/> que bonic que \u00e9s aquest mar va dir la lola.\u00a0<img loading=\"lazy\" decoding=\"async\" class=\"aligncenter size-large wp-image-16450\" src=\"http:\/\/www.traba.org\/trabablog\/wp-content\/uploads\/2018\/12\/IMG_3923-1024x768.jpg\" alt=\"\" width=\"700\" height=\"525\" srcset=\"http:\/\/traba.org\/trabablog\/wp-content\/uploads\/2018\/12\/IMG_3923-1024x768.jpg 1024w, http:\/\/traba.org\/trabablog\/wp-content\/uploads\/2018\/12\/IMG_3923-300x225.jpg 300w, http:\/\/traba.org\/trabablog\/wp-content\/uploads\/2018\/12\/IMG_3923-768x576.jpg 768w, http:\/\/traba.org\/trabablog\/wp-content\/uploads\/2018\/12\/IMG_3923-460x345.jpg 460w, http:\/\/traba.org\/trabablog\/wp-content\/uploads\/2018\/12\/IMG_3923-688x516.jpg 688w\" sizes=\"auto, (max-width: 700px) 100vw, 700px\" \/><\/p>\n<p><img loading=\"lazy\" decoding=\"async\" class=\"aligncenter size-large wp-image-16471\" src=\"http:\/\/www.traba.org\/trabablog\/wp-content\/uploads\/2018\/12\/67d45ff2-5dec-4540-bdff-7621496e6f23-768x1024.jpg\" alt=\"\" width=\"700\" height=\"933\" srcset=\"http:\/\/traba.org\/trabablog\/wp-content\/uploads\/2018\/12\/67d45ff2-5dec-4540-bdff-7621496e6f23-768x1024.jpg 768w, http:\/\/traba.org\/trabablog\/wp-content\/uploads\/2018\/12\/67d45ff2-5dec-4540-bdff-7621496e6f23-225x300.jpg 225w, http:\/\/traba.org\/trabablog\/wp-content\/uploads\/2018\/12\/67d45ff2-5dec-4540-bdff-7621496e6f23-261x348.jpg 261w, http:\/\/traba.org\/trabablog\/wp-content\/uploads\/2018\/12\/67d45ff2-5dec-4540-bdff-7621496e6f23-688x917.jpg 688w, http:\/\/traba.org\/trabablog\/wp-content\/uploads\/2018\/12\/67d45ff2-5dec-4540-bdff-7621496e6f23.jpg 1200w\" sizes=\"auto, (max-width: 700px) 100vw, 700px\" \/> <img loading=\"lazy\" decoding=\"async\" class=\"aligncenter size-large wp-image-16451\" src=\"http:\/\/www.traba.org\/trabablog\/wp-content\/uploads\/2018\/12\/IMG_3924-1024x768.jpg\" alt=\"\" width=\"700\" height=\"525\" srcset=\"http:\/\/traba.org\/trabablog\/wp-content\/uploads\/2018\/12\/IMG_3924-1024x768.jpg 1024w, http:\/\/traba.org\/trabablog\/wp-content\/uploads\/2018\/12\/IMG_3924-300x225.jpg 300w, http:\/\/traba.org\/trabablog\/wp-content\/uploads\/2018\/12\/IMG_3924-768x576.jpg 768w, http:\/\/traba.org\/trabablog\/wp-content\/uploads\/2018\/12\/IMG_3924-460x345.jpg 460w, http:\/\/traba.org\/trabablog\/wp-content\/uploads\/2018\/12\/IMG_3924-688x516.jpg 688w\" sizes=\"auto, (max-width: 700px) 100vw, 700px\" \/> i al f\u00e8lix, tamb\u00e9 li va agradar.<img loading=\"lazy\" decoding=\"async\" class=\"aligncenter wp-image-16452 size-large\" src=\"http:\/\/www.traba.org\/trabablog\/wp-content\/uploads\/2018\/12\/IMG_3933-e1544002551751-768x1024.jpg\" alt=\"\" width=\"700\" height=\"933\" srcset=\"http:\/\/traba.org\/trabablog\/wp-content\/uploads\/2018\/12\/IMG_3933-e1544002551751-768x1024.jpg 768w, http:\/\/traba.org\/trabablog\/wp-content\/uploads\/2018\/12\/IMG_3933-e1544002551751-225x300.jpg 225w, http:\/\/traba.org\/trabablog\/wp-content\/uploads\/2018\/12\/IMG_3933-e1544002551751-261x348.jpg 261w, http:\/\/traba.org\/trabablog\/wp-content\/uploads\/2018\/12\/IMG_3933-e1544002551751-688x917.jpg 688w\" sizes=\"auto, (max-width: 700px) 100vw, 700px\" \/> i aquest picnic de les sobres, no va tenir gaire \u00e8xit. dem\u00e0 millor fem macarrons.<img loading=\"lazy\" decoding=\"async\" class=\"aligncenter size-large wp-image-16453\" src=\"http:\/\/www.traba.org\/trabablog\/wp-content\/uploads\/2018\/12\/20181204_123250-1024x768.jpg\" alt=\"\" width=\"700\" height=\"525\" srcset=\"http:\/\/traba.org\/trabablog\/wp-content\/uploads\/2018\/12\/20181204_123250-1024x768.jpg 1024w, http:\/\/traba.org\/trabablog\/wp-content\/uploads\/2018\/12\/20181204_123250-300x225.jpg 300w, http:\/\/traba.org\/trabablog\/wp-content\/uploads\/2018\/12\/20181204_123250-768x576.jpg 768w, http:\/\/traba.org\/trabablog\/wp-content\/uploads\/2018\/12\/20181204_123250-460x345.jpg 460w, http:\/\/traba.org\/trabablog\/wp-content\/uploads\/2018\/12\/20181204_123250-688x516.jpg 688w\" sizes=\"auto, (max-width: 700px) 100vw, 700px\" \/> <img loading=\"lazy\" decoding=\"async\" class=\"aligncenter wp-image-16454 size-large\" src=\"http:\/\/www.traba.org\/trabablog\/wp-content\/uploads\/2018\/12\/20181204_123310-e1544002657653-768x1024.jpg\" alt=\"\" width=\"700\" height=\"933\" srcset=\"http:\/\/traba.org\/trabablog\/wp-content\/uploads\/2018\/12\/20181204_123310-e1544002657653-768x1024.jpg 768w, http:\/\/traba.org\/trabablog\/wp-content\/uploads\/2018\/12\/20181204_123310-e1544002657653-225x300.jpg 225w, http:\/\/traba.org\/trabablog\/wp-content\/uploads\/2018\/12\/20181204_123310-e1544002657653-261x348.jpg 261w, http:\/\/traba.org\/trabablog\/wp-content\/uploads\/2018\/12\/20181204_123310-e1544002657653-688x917.jpg 688w\" sizes=\"auto, (max-width: 700px) 100vw, 700px\" \/> qu\u00e8 tindran els pals?<img loading=\"lazy\" decoding=\"async\" class=\"aligncenter wp-image-16455 size-large\" src=\"http:\/\/www.traba.org\/trabablog\/wp-content\/uploads\/2018\/12\/20181204_123722-e1544002693720-768x1024.jpg\" alt=\"\" width=\"700\" height=\"933\" srcset=\"http:\/\/traba.org\/trabablog\/wp-content\/uploads\/2018\/12\/20181204_123722-e1544002693720-768x1024.jpg 768w, http:\/\/traba.org\/trabablog\/wp-content\/uploads\/2018\/12\/20181204_123722-e1544002693720-225x300.jpg 225w, http:\/\/traba.org\/trabablog\/wp-content\/uploads\/2018\/12\/20181204_123722-e1544002693720-261x348.jpg 261w, http:\/\/traba.org\/trabablog\/wp-content\/uploads\/2018\/12\/20181204_123722-e1544002693720-688x917.jpg 688w\" sizes=\"auto, (max-width: 700px) 100vw, 700px\" \/> <img loading=\"lazy\" decoding=\"async\" class=\"aligncenter size-large wp-image-16456\" src=\"http:\/\/www.traba.org\/trabablog\/wp-content\/uploads\/2018\/12\/20181204_123831-1024x768.jpg\" alt=\"\" width=\"700\" height=\"525\" srcset=\"http:\/\/traba.org\/trabablog\/wp-content\/uploads\/2018\/12\/20181204_123831-1024x768.jpg 1024w, http:\/\/traba.org\/trabablog\/wp-content\/uploads\/2018\/12\/20181204_123831-300x225.jpg 300w, http:\/\/traba.org\/trabablog\/wp-content\/uploads\/2018\/12\/20181204_123831-768x576.jpg 768w, http:\/\/traba.org\/trabablog\/wp-content\/uploads\/2018\/12\/20181204_123831-460x345.jpg 460w, http:\/\/traba.org\/trabablog\/wp-content\/uploads\/2018\/12\/20181204_123831-688x516.jpg 688w\" sizes=\"auto, (max-width: 700px) 100vw, 700px\" \/> <img loading=\"lazy\" decoding=\"async\" class=\"aligncenter size-large wp-image-16457\" src=\"http:\/\/www.traba.org\/trabablog\/wp-content\/uploads\/2018\/12\/20181204_123847-1024x768.jpg\" alt=\"\" width=\"700\" height=\"525\" srcset=\"http:\/\/traba.org\/trabablog\/wp-content\/uploads\/2018\/12\/20181204_123847-1024x768.jpg 1024w, http:\/\/traba.org\/trabablog\/wp-content\/uploads\/2018\/12\/20181204_123847-300x225.jpg 300w, http:\/\/traba.org\/trabablog\/wp-content\/uploads\/2018\/12\/20181204_123847-768x576.jpg 768w, http:\/\/traba.org\/trabablog\/wp-content\/uploads\/2018\/12\/20181204_123847-460x345.jpg 460w, http:\/\/traba.org\/trabablog\/wp-content\/uploads\/2018\/12\/20181204_123847-688x516.jpg 688w\" sizes=\"auto, (max-width: 700px) 100vw, 700px\" \/> a la torre de vigil\u00e0ncia.<img loading=\"lazy\" decoding=\"async\" class=\"aligncenter wp-image-16458 size-large\" src=\"http:\/\/www.traba.org\/trabablog\/wp-content\/uploads\/2018\/12\/20181204_124459-e1544002726207-768x1024.jpg\" alt=\"\" width=\"700\" height=\"933\" srcset=\"http:\/\/traba.org\/trabablog\/wp-content\/uploads\/2018\/12\/20181204_124459-e1544002726207-768x1024.jpg 768w, http:\/\/traba.org\/trabablog\/wp-content\/uploads\/2018\/12\/20181204_124459-e1544002726207-225x300.jpg 225w, http:\/\/traba.org\/trabablog\/wp-content\/uploads\/2018\/12\/20181204_124459-e1544002726207-261x348.jpg 261w, http:\/\/traba.org\/trabablog\/wp-content\/uploads\/2018\/12\/20181204_124459-e1544002726207-688x917.jpg 688w\" sizes=\"auto, (max-width: 700px) 100vw, 700px\" \/> <img loading=\"lazy\" decoding=\"async\" class=\"aligncenter size-large wp-image-16459\" src=\"http:\/\/www.traba.org\/trabablog\/wp-content\/uploads\/2018\/12\/20181204_124551-1024x768.jpg\" alt=\"\" width=\"700\" height=\"525\" srcset=\"http:\/\/traba.org\/trabablog\/wp-content\/uploads\/2018\/12\/20181204_124551-1024x768.jpg 1024w, http:\/\/traba.org\/trabablog\/wp-content\/uploads\/2018\/12\/20181204_124551-300x225.jpg 300w, http:\/\/traba.org\/trabablog\/wp-content\/uploads\/2018\/12\/20181204_124551-768x576.jpg 768w, http:\/\/traba.org\/trabablog\/wp-content\/uploads\/2018\/12\/20181204_124551-460x345.jpg 460w, http:\/\/traba.org\/trabablog\/wp-content\/uploads\/2018\/12\/20181204_124551-688x516.jpg 688w\" sizes=\"auto, (max-width: 700px) 100vw, 700px\" \/> l&#8217;aigua estava fresqueta.<img loading=\"lazy\" decoding=\"async\" class=\"aligncenter size-large wp-image-16460\" src=\"http:\/\/www.traba.org\/trabablog\/wp-content\/uploads\/2018\/12\/20181204_125021-1024x768.jpg\" alt=\"\" width=\"700\" height=\"525\" srcset=\"http:\/\/traba.org\/trabablog\/wp-content\/uploads\/2018\/12\/20181204_125021-1024x768.jpg 1024w, http:\/\/traba.org\/trabablog\/wp-content\/uploads\/2018\/12\/20181204_125021-300x225.jpg 300w, http:\/\/traba.org\/trabablog\/wp-content\/uploads\/2018\/12\/20181204_125021-768x576.jpg 768w, http:\/\/traba.org\/trabablog\/wp-content\/uploads\/2018\/12\/20181204_125021-460x345.jpg 460w, http:\/\/traba.org\/trabablog\/wp-content\/uploads\/2018\/12\/20181204_125021-688x516.jpg 688w\" sizes=\"auto, (max-width: 700px) 100vw, 700px\" \/> <img loading=\"lazy\" decoding=\"async\" class=\"aligncenter size-large wp-image-16461\" src=\"http:\/\/www.traba.org\/trabablog\/wp-content\/uploads\/2018\/12\/20181204_125023-1024x768.jpg\" alt=\"\" width=\"700\" height=\"525\" srcset=\"http:\/\/traba.org\/trabablog\/wp-content\/uploads\/2018\/12\/20181204_125023-1024x768.jpg 1024w, http:\/\/traba.org\/trabablog\/wp-content\/uploads\/2018\/12\/20181204_125023-300x225.jpg 300w, http:\/\/traba.org\/trabablog\/wp-content\/uploads\/2018\/12\/20181204_125023-768x576.jpg 768w, http:\/\/traba.org\/trabablog\/wp-content\/uploads\/2018\/12\/20181204_125023-460x345.jpg 460w, http:\/\/traba.org\/trabablog\/wp-content\/uploads\/2018\/12\/20181204_125023-688x516.jpg 688w\" sizes=\"auto, (max-width: 700px) 100vw, 700px\" \/> per\u00f2 la lola no es va poder resistir.<img loading=\"lazy\" decoding=\"async\" class=\"aligncenter size-large wp-image-16462\" src=\"http:\/\/www.traba.org\/trabablog\/wp-content\/uploads\/2018\/12\/20181204_125311-1024x768.jpg\" alt=\"\" width=\"700\" height=\"525\" srcset=\"http:\/\/traba.org\/trabablog\/wp-content\/uploads\/2018\/12\/20181204_125311-1024x768.jpg 1024w, http:\/\/traba.org\/trabablog\/wp-content\/uploads\/2018\/12\/20181204_125311-300x225.jpg 300w, http:\/\/traba.org\/trabablog\/wp-content\/uploads\/2018\/12\/20181204_125311-768x576.jpg 768w, http:\/\/traba.org\/trabablog\/wp-content\/uploads\/2018\/12\/20181204_125311-460x345.jpg 460w, http:\/\/traba.org\/trabablog\/wp-content\/uploads\/2018\/12\/20181204_125311-688x516.jpg 688w\" sizes=\"auto, (max-width: 700px) 100vw, 700px\" \/> <img loading=\"lazy\" decoding=\"async\" class=\"aligncenter size-large wp-image-16463\" src=\"http:\/\/www.traba.org\/trabablog\/wp-content\/uploads\/2018\/12\/20181204_125927-1024x768.jpg\" alt=\"\" width=\"700\" height=\"525\" srcset=\"http:\/\/traba.org\/trabablog\/wp-content\/uploads\/2018\/12\/20181204_125927-1024x768.jpg 1024w, http:\/\/traba.org\/trabablog\/wp-content\/uploads\/2018\/12\/20181204_125927-300x225.jpg 300w, http:\/\/traba.org\/trabablog\/wp-content\/uploads\/2018\/12\/20181204_125927-768x576.jpg 768w, http:\/\/traba.org\/trabablog\/wp-content\/uploads\/2018\/12\/20181204_125927-460x345.jpg 460w, http:\/\/traba.org\/trabablog\/wp-content\/uploads\/2018\/12\/20181204_125927-688x516.jpg 688w\" sizes=\"auto, (max-width: 700px) 100vw, 700px\" \/> <img loading=\"lazy\" decoding=\"async\" class=\"aligncenter size-large wp-image-16464\" src=\"http:\/\/www.traba.org\/trabablog\/wp-content\/uploads\/2018\/12\/20181204_132542-1024x768.jpg\" alt=\"\" width=\"700\" height=\"525\" srcset=\"http:\/\/traba.org\/trabablog\/wp-content\/uploads\/2018\/12\/20181204_132542-1024x768.jpg 1024w, http:\/\/traba.org\/trabablog\/wp-content\/uploads\/2018\/12\/20181204_132542-300x225.jpg 300w, http:\/\/traba.org\/trabablog\/wp-content\/uploads\/2018\/12\/20181204_132542-768x576.jpg 768w, http:\/\/traba.org\/trabablog\/wp-content\/uploads\/2018\/12\/20181204_132542-460x345.jpg 460w, http:\/\/traba.org\/trabablog\/wp-content\/uploads\/2018\/12\/20181204_132542-688x516.jpg 688w\" sizes=\"auto, (max-width: 700px) 100vw, 700px\" \/> <img loading=\"lazy\" decoding=\"async\" class=\"aligncenter wp-image-16465 size-large\" src=\"http:\/\/www.traba.org\/trabablog\/wp-content\/uploads\/2018\/12\/20181204_134359-e1544002783798-768x1024.jpg\" alt=\"\" width=\"700\" height=\"933\" srcset=\"http:\/\/traba.org\/trabablog\/wp-content\/uploads\/2018\/12\/20181204_134359-e1544002783798-768x1024.jpg 768w, http:\/\/traba.org\/trabablog\/wp-content\/uploads\/2018\/12\/20181204_134359-e1544002783798-225x300.jpg 225w, http:\/\/traba.org\/trabablog\/wp-content\/uploads\/2018\/12\/20181204_134359-e1544002783798-261x348.jpg 261w, http:\/\/traba.org\/trabablog\/wp-content\/uploads\/2018\/12\/20181204_134359-e1544002783798-688x917.jpg 688w\" sizes=\"auto, (max-width: 700px) 100vw, 700px\" \/><img loading=\"lazy\" decoding=\"async\" class=\"aligncenter size-large wp-image-16472\" src=\"http:\/\/www.traba.org\/trabablog\/wp-content\/uploads\/2018\/12\/2bc4ecef-5fa8-4b35-8f42-25341edf7632-768x1024.jpg\" alt=\"\" width=\"700\" height=\"933\" srcset=\"http:\/\/traba.org\/trabablog\/wp-content\/uploads\/2018\/12\/2bc4ecef-5fa8-4b35-8f42-25341edf7632-768x1024.jpg 768w, http:\/\/traba.org\/trabablog\/wp-content\/uploads\/2018\/12\/2bc4ecef-5fa8-4b35-8f42-25341edf7632-225x300.jpg 225w, http:\/\/traba.org\/trabablog\/wp-content\/uploads\/2018\/12\/2bc4ecef-5fa8-4b35-8f42-25341edf7632-261x348.jpg 261w, http:\/\/traba.org\/trabablog\/wp-content\/uploads\/2018\/12\/2bc4ecef-5fa8-4b35-8f42-25341edf7632-688x917.jpg 688w, http:\/\/traba.org\/trabablog\/wp-content\/uploads\/2018\/12\/2bc4ecef-5fa8-4b35-8f42-25341edf7632.jpg 1200w\" sizes=\"auto, (max-width: 700px) 100vw, 700px\" \/> hermanitos.<img loading=\"lazy\" decoding=\"async\" class=\"aligncenter size-large wp-image-16466\" src=\"http:\/\/www.traba.org\/trabablog\/wp-content\/uploads\/2018\/12\/20181204_134745-1024x768.jpg\" alt=\"\" width=\"700\" height=\"525\" srcset=\"http:\/\/traba.org\/trabablog\/wp-content\/uploads\/2018\/12\/20181204_134745-1024x768.jpg 1024w, http:\/\/traba.org\/trabablog\/wp-content\/uploads\/2018\/12\/20181204_134745-300x225.jpg 300w, http:\/\/traba.org\/trabablog\/wp-content\/uploads\/2018\/12\/20181204_134745-768x576.jpg 768w, http:\/\/traba.org\/trabablog\/wp-content\/uploads\/2018\/12\/20181204_134745-460x345.jpg 460w, http:\/\/traba.org\/trabablog\/wp-content\/uploads\/2018\/12\/20181204_134745-688x516.jpg 688w\" sizes=\"auto, (max-width: 700px) 100vw, 700px\" \/> recollint coses planes per enganxar a la llibreta dels records.<img loading=\"lazy\" decoding=\"async\" class=\"aligncenter wp-image-16467 size-large\" src=\"http:\/\/www.traba.org\/trabablog\/wp-content\/uploads\/2018\/12\/20181204_135455-e1544002807728-768x1024.jpg\" alt=\"\" width=\"700\" height=\"933\" srcset=\"http:\/\/traba.org\/trabablog\/wp-content\/uploads\/2018\/12\/20181204_135455-e1544002807728-768x1024.jpg 768w, http:\/\/traba.org\/trabablog\/wp-content\/uploads\/2018\/12\/20181204_135455-e1544002807728-225x300.jpg 225w, http:\/\/traba.org\/trabablog\/wp-content\/uploads\/2018\/12\/20181204_135455-e1544002807728-261x348.jpg 261w, http:\/\/traba.org\/trabablog\/wp-content\/uploads\/2018\/12\/20181204_135455-e1544002807728-688x917.jpg 688w\" sizes=\"auto, (max-width: 700px) 100vw, 700px\" \/> selfie de rigor.<img loading=\"lazy\" decoding=\"async\" class=\"aligncenter wp-image-16468 size-large\" src=\"http:\/\/www.traba.org\/trabablog\/wp-content\/uploads\/2018\/12\/20181204_140722-e1544002832358-768x1024.jpg\" alt=\"\" width=\"700\" height=\"933\" srcset=\"http:\/\/traba.org\/trabablog\/wp-content\/uploads\/2018\/12\/20181204_140722-e1544002832358-768x1024.jpg 768w, http:\/\/traba.org\/trabablog\/wp-content\/uploads\/2018\/12\/20181204_140722-e1544002832358-225x300.jpg 225w, http:\/\/traba.org\/trabablog\/wp-content\/uploads\/2018\/12\/20181204_140722-e1544002832358-261x348.jpg 261w, http:\/\/traba.org\/trabablog\/wp-content\/uploads\/2018\/12\/20181204_140722-e1544002832358-688x917.jpg 688w\" sizes=\"auto, (max-width: 700px) 100vw, 700px\" \/> els piraaates amb un cal\u00e7oteeet al paaal!<img loading=\"lazy\" decoding=\"async\" class=\"aligncenter wp-image-16469 size-large\" src=\"http:\/\/www.traba.org\/trabablog\/wp-content\/uploads\/2018\/12\/IMG_3942-e1544002855896-768x1024.jpg\" alt=\"\" width=\"700\" height=\"933\" srcset=\"http:\/\/traba.org\/trabablog\/wp-content\/uploads\/2018\/12\/IMG_3942-e1544002855896-768x1024.jpg 768w, http:\/\/traba.org\/trabablog\/wp-content\/uploads\/2018\/12\/IMG_3942-e1544002855896-225x300.jpg 225w, http:\/\/traba.org\/trabablog\/wp-content\/uploads\/2018\/12\/IMG_3942-e1544002855896-261x348.jpg 261w, http:\/\/traba.org\/trabablog\/wp-content\/uploads\/2018\/12\/IMG_3942-e1544002855896-688x917.jpg 688w\" sizes=\"auto, (max-width: 700px) 100vw, 700px\" \/> i aqu\u00ed esperant que es despert\u00e9s el f\u00e8lix despr\u00e9s de vomitar al cotxe. no hi ha foto perqu\u00e8 era realment un drama, pobre. i a m\u00e9s no port\u00e0vem roba de recanvi.\u00a0<img loading=\"lazy\" decoding=\"async\" class=\"aligncenter wp-image-16470 size-large\" src=\"http:\/\/www.traba.org\/trabablog\/wp-content\/uploads\/2018\/12\/20181204_154448-e1544002873829-768x1024.jpg\" alt=\"\" width=\"700\" height=\"933\" srcset=\"http:\/\/traba.org\/trabablog\/wp-content\/uploads\/2018\/12\/20181204_154448-e1544002873829-768x1024.jpg 768w, http:\/\/traba.org\/trabablog\/wp-content\/uploads\/2018\/12\/20181204_154448-e1544002873829-225x300.jpg 225w, http:\/\/traba.org\/trabablog\/wp-content\/uploads\/2018\/12\/20181204_154448-e1544002873829-261x348.jpg 261w, http:\/\/traba.org\/trabablog\/wp-content\/uploads\/2018\/12\/20181204_154448-e1544002873829-688x917.jpg 688w\" sizes=\"auto, (max-width: 700px) 100vw, 700px\" \/><\/p>\n<p>i mentrestant, ells al parc del costat del cotxe.<img loading=\"lazy\" decoding=\"async\" class=\"aligncenter wp-image-16473 size-large\" src=\"http:\/\/www.traba.org\/trabablog\/wp-content\/uploads\/2018\/12\/20181204_160230-e1544002905781-768x1024.jpg\" alt=\"\" width=\"700\" height=\"933\" srcset=\"http:\/\/traba.org\/trabablog\/wp-content\/uploads\/2018\/12\/20181204_160230-e1544002905781-768x1024.jpg 768w, http:\/\/traba.org\/trabablog\/wp-content\/uploads\/2018\/12\/20181204_160230-e1544002905781-225x300.jpg 225w, http:\/\/traba.org\/trabablog\/wp-content\/uploads\/2018\/12\/20181204_160230-e1544002905781-261x348.jpg 261w, http:\/\/traba.org\/trabablog\/wp-content\/uploads\/2018\/12\/20181204_160230-e1544002905781-688x917.jpg 688w\" sizes=\"auto, (max-width: 700px) 100vw, 700px\" \/><\/p>\n<p>i per la tarda a comprar, casa i dormir.<\/p>\n","protected":false},"excerpt":{"rendered":"<p>pel mat\u00ed a comprar pa\u00a0 i despr\u00e9s de preparar la bossa pel picnic, cap a cala en turqueta. que bonic que \u00e9s aquest mar va dir la lola.\u00a0 i al&#8230;<\/p>\n","protected":false},"author":5,"featured_media":16471,"comment_status":"open","ping_status":"open","sticky":false,"template":"","format":"standard","meta":{"_monsterinsights_skip_tracking":false,"_monsterinsights_sitenote_active":false,"_monsterinsights_sitenote_note":"","_monsterinsights_sitenote_category":0,"footnotes":""},"categories":[28],"tags":[39,42],"class_list":["post-16447","post","type-post","status-publish","format-standard","has-post-thumbnail","hentry","category-ordinary-days","tag-menorca","tag-platja"],"_links":{"self":[{"href":"http:\/\/traba.org\/trabablog\/index.php?rest_route=\/wp\/v2\/posts\/16447","targetHints":{"allow":["GET"]}}],"collection":[{"href":"http:\/\/traba.org\/trabablog\/index.php?rest_route=\/wp\/v2\/posts"}],"about":[{"href":"http:\/\/traba.org\/trabablog\/index.php?rest_route=\/wp\/v2\/types\/post"}],"author":[{"embeddable":true,"href":"http:\/\/traba.org\/trabablog\/index.php?rest_route=\/wp\/v2\/users\/5"}],"replies":[{"embeddable":true,"href":"http:\/\/traba.org\/trabablog\/index.php?rest_route=%2Fwp%2Fv2%2Fcomments&post=16447"}],"version-history":[{"count":2,"href":"http:\/\/traba.org\/trabablog\/index.php?rest_route=\/wp\/v2\/posts\/16447\/revisions"}],"predecessor-version":[{"id":16475,"href":"http:\/\/traba.org\/trabablog\/index.php?rest_route=\/wp\/v2\/posts\/16447\/revisions\/16475"}],"wp:featuredmedia":[{"embeddable":true,"href":"http:\/\/traba.org\/trabablog\/index.php?rest_route=\/wp\/v2\/media\/16471"}],"wp:attachment":[{"href":"http:\/\/traba.org\/trabablog\/index.php?rest_route=%2Fwp%2Fv2%2Fmedia&parent=16447"}],"wp:term":[{"taxonomy":"category","embeddable":true,"href":"http:\/\/traba.org\/trabablog\/index.php?rest_route=%2Fwp%2Fv2%2Fcategories&post=16447"},{"taxonomy":"post_tag","embeddable":true,"href":"http:\/\/traba.org\/trabablog\/index.php?rest_route=%2Fwp%2Fv2%2Ftags&post=16447"}],"curies":[{"name":"wp","href":"https:\/\/api.w.org\/{rel}","templated":true}]}}