{"id":16556,"date":"2018-12-08T23:08:01","date_gmt":"2018-12-08T22:08:01","guid":{"rendered":"http:\/\/www.traba.org\/trabablog\/?p=16556"},"modified":"2018-12-08T23:08:01","modified_gmt":"2018-12-08T22:08:01","slug":"un-dia-de-relax-a-ciutadella","status":"publish","type":"post","link":"http:\/\/traba.org\/trabablog\/?p=16556","title":{"rendered":"un dia de relax a ciutadella"},"content":{"rendered":"<p>la primera foto \u00e9s a les 15:30 de la tarda, o sigui que us podeu imaginar que no hem fet gran cosa aquest mat\u00ed. ha estat tranquil. comprar 4 coses, vermut i cap a casa. i de berenar, la caseta de galeta de gengibre que van fer ahir. ha tingut molt d&#8217;\u00e8xit!<img loading=\"lazy\" decoding=\"async\" class=\"aligncenter wp-image-16557 size-large\" src=\"http:\/\/www.traba.org\/trabablog\/wp-content\/uploads\/2018\/12\/20181208_155509-e1544306503532-768x1024.jpg\" alt=\"\" width=\"700\" height=\"933\" srcset=\"http:\/\/traba.org\/trabablog\/wp-content\/uploads\/2018\/12\/20181208_155509-e1544306503532-768x1024.jpg 768w, http:\/\/traba.org\/trabablog\/wp-content\/uploads\/2018\/12\/20181208_155509-e1544306503532-225x300.jpg 225w, http:\/\/traba.org\/trabablog\/wp-content\/uploads\/2018\/12\/20181208_155509-e1544306503532-261x348.jpg 261w, http:\/\/traba.org\/trabablog\/wp-content\/uploads\/2018\/12\/20181208_155509-e1544306503532-688x917.jpg 688w\" sizes=\"auto, (max-width: 700px) 100vw, 700px\" \/> <img loading=\"lazy\" decoding=\"async\" class=\"aligncenter wp-image-16558 size-large\" src=\"http:\/\/www.traba.org\/trabablog\/wp-content\/uploads\/2018\/12\/20181208_155523-e1544306532794-768x1024.jpg\" alt=\"\" width=\"700\" height=\"933\" srcset=\"http:\/\/traba.org\/trabablog\/wp-content\/uploads\/2018\/12\/20181208_155523-e1544306532794-768x1024.jpg 768w, http:\/\/traba.org\/trabablog\/wp-content\/uploads\/2018\/12\/20181208_155523-e1544306532794-225x300.jpg 225w, http:\/\/traba.org\/trabablog\/wp-content\/uploads\/2018\/12\/20181208_155523-e1544306532794-261x348.jpg 261w, http:\/\/traba.org\/trabablog\/wp-content\/uploads\/2018\/12\/20181208_155523-e1544306532794-688x917.jpg 688w\" sizes=\"auto, (max-width: 700px) 100vw, 700px\" \/> <img loading=\"lazy\" decoding=\"async\" class=\"aligncenter wp-image-16559 size-large\" src=\"http:\/\/www.traba.org\/trabablog\/wp-content\/uploads\/2018\/12\/20181208_155615-e1544306575150-768x1024.jpg\" alt=\"\" width=\"700\" height=\"933\" srcset=\"http:\/\/traba.org\/trabablog\/wp-content\/uploads\/2018\/12\/20181208_155615-e1544306575150-768x1024.jpg 768w, http:\/\/traba.org\/trabablog\/wp-content\/uploads\/2018\/12\/20181208_155615-e1544306575150-225x300.jpg 225w, http:\/\/traba.org\/trabablog\/wp-content\/uploads\/2018\/12\/20181208_155615-e1544306575150-261x348.jpg 261w, http:\/\/traba.org\/trabablog\/wp-content\/uploads\/2018\/12\/20181208_155615-e1544306575150-688x917.jpg 688w\" sizes=\"auto, (max-width: 700px) 100vw, 700px\" \/> aquesta \u00e9s la millor de totes&#8230;<br \/>\n<img loading=\"lazy\" decoding=\"async\" class=\"aligncenter wp-image-16560 size-large\" src=\"http:\/\/www.traba.org\/trabablog\/wp-content\/uploads\/2018\/12\/20181208_163946-e1544306606142-768x1024.jpg\" alt=\"\" width=\"700\" height=\"933\" srcset=\"http:\/\/traba.org\/trabablog\/wp-content\/uploads\/2018\/12\/20181208_163946-e1544306606142-768x1024.jpg 768w, http:\/\/traba.org\/trabablog\/wp-content\/uploads\/2018\/12\/20181208_163946-e1544306606142-225x300.jpg 225w, http:\/\/traba.org\/trabablog\/wp-content\/uploads\/2018\/12\/20181208_163946-e1544306606142-261x348.jpg 261w, http:\/\/traba.org\/trabablog\/wp-content\/uploads\/2018\/12\/20181208_163946-e1544306606142-688x917.jpg 688w\" sizes=\"auto, (max-width: 700px) 100vw, 700px\" \/> i pel vespre, al parc.<img loading=\"lazy\" decoding=\"async\" class=\"aligncenter size-large wp-image-16561\" src=\"http:\/\/www.traba.org\/trabablog\/wp-content\/uploads\/2018\/12\/20181208_175030-1024x768.jpg\" alt=\"\" width=\"700\" height=\"525\" srcset=\"http:\/\/traba.org\/trabablog\/wp-content\/uploads\/2018\/12\/20181208_175030-1024x768.jpg 1024w, http:\/\/traba.org\/trabablog\/wp-content\/uploads\/2018\/12\/20181208_175030-300x225.jpg 300w, http:\/\/traba.org\/trabablog\/wp-content\/uploads\/2018\/12\/20181208_175030-768x576.jpg 768w, http:\/\/traba.org\/trabablog\/wp-content\/uploads\/2018\/12\/20181208_175030-460x345.jpg 460w, http:\/\/traba.org\/trabablog\/wp-content\/uploads\/2018\/12\/20181208_175030-688x516.jpg 688w\" sizes=\"auto, (max-width: 700px) 100vw, 700px\" \/> <img loading=\"lazy\" decoding=\"async\" class=\"aligncenter wp-image-16562 size-large\" src=\"http:\/\/www.traba.org\/trabablog\/wp-content\/uploads\/2018\/12\/20181208_175840-e1544306650907-768x1024.jpg\" alt=\"\" width=\"700\" height=\"933\" srcset=\"http:\/\/traba.org\/trabablog\/wp-content\/uploads\/2018\/12\/20181208_175840-e1544306650907-768x1024.jpg 768w, http:\/\/traba.org\/trabablog\/wp-content\/uploads\/2018\/12\/20181208_175840-e1544306650907-225x300.jpg 225w, http:\/\/traba.org\/trabablog\/wp-content\/uploads\/2018\/12\/20181208_175840-e1544306650907-261x348.jpg 261w, http:\/\/traba.org\/trabablog\/wp-content\/uploads\/2018\/12\/20181208_175840-e1544306650907-688x917.jpg 688w\" sizes=\"auto, (max-width: 700px) 100vw, 700px\" \/> el f\u00e8lix t\u00e9 una gran afici\u00f3 per les meves ulleres.\u00a0<img loading=\"lazy\" decoding=\"async\" class=\"aligncenter wp-image-16563 size-large\" src=\"http:\/\/www.traba.org\/trabablog\/wp-content\/uploads\/2018\/12\/IMG_4081-e1544306810568-768x1024.jpg\" alt=\"\" width=\"700\" height=\"933\" srcset=\"http:\/\/traba.org\/trabablog\/wp-content\/uploads\/2018\/12\/IMG_4081-e1544306810568-768x1024.jpg 768w, http:\/\/traba.org\/trabablog\/wp-content\/uploads\/2018\/12\/IMG_4081-e1544306810568-225x300.jpg 225w, http:\/\/traba.org\/trabablog\/wp-content\/uploads\/2018\/12\/IMG_4081-e1544306810568-261x348.jpg 261w, http:\/\/traba.org\/trabablog\/wp-content\/uploads\/2018\/12\/IMG_4081-e1544306810568-688x917.jpg 688w\" sizes=\"auto, (max-width: 700px) 100vw, 700px\" \/><\/p>\n<p>i dem\u00e0 per la nit, vaixell, aix\u00ed que em despedeixo fins la propera entrada!<\/p>\n","protected":false},"excerpt":{"rendered":"<p>la primera foto \u00e9s a les 15:30 de la tarda, o sigui que us podeu imaginar que no hem fet gran cosa aquest mat\u00ed. ha estat tranquil. comprar 4 coses,&#8230;<\/p>\n","protected":false},"author":5,"featured_media":16560,"comment_status":"open","ping_status":"open","sticky":false,"template":"","format":"standard","meta":{"_monsterinsights_skip_tracking":false,"_monsterinsights_sitenote_active":false,"_monsterinsights_sitenote_note":"","_monsterinsights_sitenote_category":0,"footnotes":""},"categories":[28],"tags":[39],"class_list":["post-16556","post","type-post","status-publish","format-standard","has-post-thumbnail","hentry","category-ordinary-days","tag-menorca"],"_links":{"self":[{"href":"http:\/\/traba.org\/trabablog\/index.php?rest_route=\/wp\/v2\/posts\/16556","targetHints":{"allow":["GET"]}}],"collection":[{"href":"http:\/\/traba.org\/trabablog\/index.php?rest_route=\/wp\/v2\/posts"}],"about":[{"href":"http:\/\/traba.org\/trabablog\/index.php?rest_route=\/wp\/v2\/types\/post"}],"author":[{"embeddable":true,"href":"http:\/\/traba.org\/trabablog\/index.php?rest_route=\/wp\/v2\/users\/5"}],"replies":[{"embeddable":true,"href":"http:\/\/traba.org\/trabablog\/index.php?rest_route=%2Fwp%2Fv2%2Fcomments&post=16556"}],"version-history":[{"count":1,"href":"http:\/\/traba.org\/trabablog\/index.php?rest_route=\/wp\/v2\/posts\/16556\/revisions"}],"predecessor-version":[{"id":16564,"href":"http:\/\/traba.org\/trabablog\/index.php?rest_route=\/wp\/v2\/posts\/16556\/revisions\/16564"}],"wp:featuredmedia":[{"embeddable":true,"href":"http:\/\/traba.org\/trabablog\/index.php?rest_route=\/wp\/v2\/media\/16560"}],"wp:attachment":[{"href":"http:\/\/traba.org\/trabablog\/index.php?rest_route=%2Fwp%2Fv2%2Fmedia&parent=16556"}],"wp:term":[{"taxonomy":"category","embeddable":true,"href":"http:\/\/traba.org\/trabablog\/index.php?rest_route=%2Fwp%2Fv2%2Fcategories&post=16556"},{"taxonomy":"post_tag","embeddable":true,"href":"http:\/\/traba.org\/trabablog\/index.php?rest_route=%2Fwp%2Fv2%2Ftags&post=16556"}],"curies":[{"name":"wp","href":"https:\/\/api.w.org\/{rel}","templated":true}]}}