{"id":17300,"date":"2020-02-03T08:01:32","date_gmt":"2020-02-03T07:01:32","guid":{"rendered":"http:\/\/www.traba.org\/trabablog\/?p=17300"},"modified":"2020-02-03T08:01:32","modified_gmt":"2020-02-03T07:01:32","slug":"octubre-a-sitges-casi","status":"publish","type":"post","link":"http:\/\/traba.org\/trabablog\/?p=17300","title":{"rendered":"Octubre a Sitges, casi"},"content":{"rendered":"<p>Nom\u00e9s comen\u00e7ar l&#8217;octubre, ja van venir les col\u00f2nies del cole. La pobra va portar els mateixos pantalons els 2 dies perqu\u00e8 vam posar com faldilles i no es podien portar faldilles!?!?<\/p>\n<p><img loading=\"lazy\" decoding=\"async\" class=\"aligncenter wp-image-17301 size-large\" src=\"http:\/\/www.traba.org\/trabablog\/wp-content\/uploads\/2020\/01\/2FF8259B-FE20-4014-94B3-C3CEA0F70FEF-e1580247504266-768x1024.jpeg\" alt=\"\" width=\"700\" height=\"933\" srcset=\"http:\/\/traba.org\/trabablog\/wp-content\/uploads\/2020\/01\/2FF8259B-FE20-4014-94B3-C3CEA0F70FEF-e1580247504266-768x1024.jpeg 768w, http:\/\/traba.org\/trabablog\/wp-content\/uploads\/2020\/01\/2FF8259B-FE20-4014-94B3-C3CEA0F70FEF-e1580247504266-225x300.jpeg 225w, http:\/\/traba.org\/trabablog\/wp-content\/uploads\/2020\/01\/2FF8259B-FE20-4014-94B3-C3CEA0F70FEF-e1580247504266-261x348.jpeg 261w, http:\/\/traba.org\/trabablog\/wp-content\/uploads\/2020\/01\/2FF8259B-FE20-4014-94B3-C3CEA0F70FEF-e1580247504266-688x917.jpeg 688w\" sizes=\"auto, (max-width: 700px) 100vw, 700px\" \/><\/p>\n<p>Jugant a la pla\u00e7a.<\/p>\n<p><img loading=\"lazy\" decoding=\"async\" class=\"aligncenter size-large wp-image-17302\" src=\"http:\/\/www.traba.org\/trabablog\/wp-content\/uploads\/2020\/01\/2A007D2B-8D92-4448-A212-F7458DA9D557-1024x768.jpeg\" alt=\"\" width=\"700\" height=\"525\" srcset=\"http:\/\/traba.org\/trabablog\/wp-content\/uploads\/2020\/01\/2A007D2B-8D92-4448-A212-F7458DA9D557-1024x768.jpeg 1024w, http:\/\/traba.org\/trabablog\/wp-content\/uploads\/2020\/01\/2A007D2B-8D92-4448-A212-F7458DA9D557-300x225.jpeg 300w, http:\/\/traba.org\/trabablog\/wp-content\/uploads\/2020\/01\/2A007D2B-8D92-4448-A212-F7458DA9D557-768x576.jpeg 768w, http:\/\/traba.org\/trabablog\/wp-content\/uploads\/2020\/01\/2A007D2B-8D92-4448-A212-F7458DA9D557-460x345.jpeg 460w, http:\/\/traba.org\/trabablog\/wp-content\/uploads\/2020\/01\/2A007D2B-8D92-4448-A212-F7458DA9D557-688x516.jpeg 688w\" sizes=\"auto, (max-width: 700px) 100vw, 700px\" \/> <img loading=\"lazy\" decoding=\"async\" class=\"aligncenter size-large wp-image-17303\" src=\"http:\/\/www.traba.org\/trabablog\/wp-content\/uploads\/2020\/01\/D4646D5A-BA99-482A-BE49-6C3CB5D4BA79-1024x768.jpeg\" alt=\"\" width=\"700\" height=\"525\" srcset=\"http:\/\/traba.org\/trabablog\/wp-content\/uploads\/2020\/01\/D4646D5A-BA99-482A-BE49-6C3CB5D4BA79-1024x768.jpeg 1024w, http:\/\/traba.org\/trabablog\/wp-content\/uploads\/2020\/01\/D4646D5A-BA99-482A-BE49-6C3CB5D4BA79-300x225.jpeg 300w, http:\/\/traba.org\/trabablog\/wp-content\/uploads\/2020\/01\/D4646D5A-BA99-482A-BE49-6C3CB5D4BA79-768x576.jpeg 768w, http:\/\/traba.org\/trabablog\/wp-content\/uploads\/2020\/01\/D4646D5A-BA99-482A-BE49-6C3CB5D4BA79-460x345.jpeg 460w, http:\/\/traba.org\/trabablog\/wp-content\/uploads\/2020\/01\/D4646D5A-BA99-482A-BE49-6C3CB5D4BA79-688x516.jpeg 688w\" sizes=\"auto, (max-width: 700px) 100vw, 700px\" \/><\/p>\n<p>Jugant al Mil kil\u00f3metros.<\/p>\n<p><img loading=\"lazy\" decoding=\"async\" class=\"aligncenter wp-image-17304 size-large\" src=\"http:\/\/www.traba.org\/trabablog\/wp-content\/uploads\/2020\/01\/06E6F3D1-94A9-45A6-B22D-D721CED07EC5-e1580247521443-768x1024.jpeg\" alt=\"\" width=\"700\" height=\"933\" srcset=\"http:\/\/traba.org\/trabablog\/wp-content\/uploads\/2020\/01\/06E6F3D1-94A9-45A6-B22D-D721CED07EC5-e1580247521443-768x1024.jpeg 768w, http:\/\/traba.org\/trabablog\/wp-content\/uploads\/2020\/01\/06E6F3D1-94A9-45A6-B22D-D721CED07EC5-e1580247521443-225x300.jpeg 225w, http:\/\/traba.org\/trabablog\/wp-content\/uploads\/2020\/01\/06E6F3D1-94A9-45A6-B22D-D721CED07EC5-e1580247521443-261x348.jpeg 261w, http:\/\/traba.org\/trabablog\/wp-content\/uploads\/2020\/01\/06E6F3D1-94A9-45A6-B22D-D721CED07EC5-e1580247521443-688x917.jpeg 688w\" sizes=\"auto, (max-width: 700px) 100vw, 700px\" \/><\/p>\n<p>Ni que fos estiu&#8230;<\/p>\n<p><img loading=\"lazy\" decoding=\"async\" class=\"aligncenter wp-image-17305 size-large\" src=\"http:\/\/www.traba.org\/trabablog\/wp-content\/uploads\/2020\/01\/FFFEEA2F-D816-4CE9-94EA-2723A4C028DB-e1580247537403-768x1024.jpeg\" alt=\"\" width=\"700\" height=\"933\" srcset=\"http:\/\/traba.org\/trabablog\/wp-content\/uploads\/2020\/01\/FFFEEA2F-D816-4CE9-94EA-2723A4C028DB-e1580247537403-768x1024.jpeg 768w, http:\/\/traba.org\/trabablog\/wp-content\/uploads\/2020\/01\/FFFEEA2F-D816-4CE9-94EA-2723A4C028DB-e1580247537403-225x300.jpeg 225w, http:\/\/traba.org\/trabablog\/wp-content\/uploads\/2020\/01\/FFFEEA2F-D816-4CE9-94EA-2723A4C028DB-e1580247537403-261x348.jpeg 261w, http:\/\/traba.org\/trabablog\/wp-content\/uploads\/2020\/01\/FFFEEA2F-D816-4CE9-94EA-2723A4C028DB-e1580247537403-688x917.jpeg 688w\" sizes=\"auto, (max-width: 700px) 100vw, 700px\" \/><\/p>\n<p>No ho fa tantes vegades aix\u00f2 d&#8217;adormir-se, per\u00f2 mira, sempre hi ha la foto.<\/p>\n<p><img loading=\"lazy\" decoding=\"async\" class=\"aligncenter wp-image-17306 size-large\" src=\"http:\/\/www.traba.org\/trabablog\/wp-content\/uploads\/2020\/01\/FDDEC865-B310-415E-AF86-CF81A7A72758-e1580247555293-768x1024.jpeg\" alt=\"\" width=\"700\" height=\"933\" srcset=\"http:\/\/traba.org\/trabablog\/wp-content\/uploads\/2020\/01\/FDDEC865-B310-415E-AF86-CF81A7A72758-e1580247555293-768x1024.jpeg 768w, http:\/\/traba.org\/trabablog\/wp-content\/uploads\/2020\/01\/FDDEC865-B310-415E-AF86-CF81A7A72758-e1580247555293-225x300.jpeg 225w, http:\/\/traba.org\/trabablog\/wp-content\/uploads\/2020\/01\/FDDEC865-B310-415E-AF86-CF81A7A72758-e1580247555293-261x348.jpeg 261w, http:\/\/traba.org\/trabablog\/wp-content\/uploads\/2020\/01\/FDDEC865-B310-415E-AF86-CF81A7A72758-e1580247555293-688x917.jpeg 688w\" sizes=\"auto, (max-width: 700px) 100vw, 700px\" \/><\/p>\n<p>Jugnat a les pedres.<\/p>\n<p><img loading=\"lazy\" decoding=\"async\" class=\"aligncenter size-large wp-image-17307\" src=\"http:\/\/www.traba.org\/trabablog\/wp-content\/uploads\/2020\/01\/7215E78B-9D33-4EC1-B0F6-19285BF06CB1-1024x768.jpeg\" alt=\"\" width=\"700\" height=\"525\" srcset=\"http:\/\/traba.org\/trabablog\/wp-content\/uploads\/2020\/01\/7215E78B-9D33-4EC1-B0F6-19285BF06CB1-1024x768.jpeg 1024w, http:\/\/traba.org\/trabablog\/wp-content\/uploads\/2020\/01\/7215E78B-9D33-4EC1-B0F6-19285BF06CB1-300x225.jpeg 300w, http:\/\/traba.org\/trabablog\/wp-content\/uploads\/2020\/01\/7215E78B-9D33-4EC1-B0F6-19285BF06CB1-768x576.jpeg 768w, http:\/\/traba.org\/trabablog\/wp-content\/uploads\/2020\/01\/7215E78B-9D33-4EC1-B0F6-19285BF06CB1-460x345.jpeg 460w, http:\/\/traba.org\/trabablog\/wp-content\/uploads\/2020\/01\/7215E78B-9D33-4EC1-B0F6-19285BF06CB1-688x516.jpeg 688w\" sizes=\"auto, (max-width: 700px) 100vw, 700px\" \/><\/p>\n<p>Volien una foto aqu\u00ed.<\/p>\n<p><img loading=\"lazy\" decoding=\"async\" class=\"aligncenter wp-image-17308 size-large\" src=\"http:\/\/www.traba.org\/trabablog\/wp-content\/uploads\/2020\/01\/83A997A9-C090-4485-A2E4-1F9E5ED7357C-e1580247574683-768x1024.jpeg\" alt=\"\" width=\"700\" height=\"933\" srcset=\"http:\/\/traba.org\/trabablog\/wp-content\/uploads\/2020\/01\/83A997A9-C090-4485-A2E4-1F9E5ED7357C-e1580247574683-768x1024.jpeg 768w, http:\/\/traba.org\/trabablog\/wp-content\/uploads\/2020\/01\/83A997A9-C090-4485-A2E4-1F9E5ED7357C-e1580247574683-225x300.jpeg 225w, http:\/\/traba.org\/trabablog\/wp-content\/uploads\/2020\/01\/83A997A9-C090-4485-A2E4-1F9E5ED7357C-e1580247574683-261x348.jpeg 261w, http:\/\/traba.org\/trabablog\/wp-content\/uploads\/2020\/01\/83A997A9-C090-4485-A2E4-1F9E5ED7357C-e1580247574683-688x917.jpeg 688w\" sizes=\"auto, (max-width: 700px) 100vw, 700px\" \/><\/p>\n<p>Sempre rient.<\/p>\n<p><img loading=\"lazy\" decoding=\"async\" class=\"aligncenter wp-image-17309 size-large\" src=\"http:\/\/www.traba.org\/trabablog\/wp-content\/uploads\/2020\/01\/B87F8813-A300-49C5-A56C-38949744EA9A-e1580247593603-768x1024.jpeg\" alt=\"\" width=\"700\" height=\"933\" srcset=\"http:\/\/traba.org\/trabablog\/wp-content\/uploads\/2020\/01\/B87F8813-A300-49C5-A56C-38949744EA9A-e1580247593603-768x1024.jpeg 768w, http:\/\/traba.org\/trabablog\/wp-content\/uploads\/2020\/01\/B87F8813-A300-49C5-A56C-38949744EA9A-e1580247593603-225x300.jpeg 225w, http:\/\/traba.org\/trabablog\/wp-content\/uploads\/2020\/01\/B87F8813-A300-49C5-A56C-38949744EA9A-e1580247593603-261x348.jpeg 261w, http:\/\/traba.org\/trabablog\/wp-content\/uploads\/2020\/01\/B87F8813-A300-49C5-A56C-38949744EA9A-e1580247593603-688x917.jpeg 688w\" sizes=\"auto, (max-width: 700px) 100vw, 700px\" \/><\/p>\n<p>Cap a la carabassa.<\/p>\n<p><img loading=\"lazy\" decoding=\"async\" class=\"aligncenter wp-image-17310 size-large\" src=\"http:\/\/www.traba.org\/trabablog\/wp-content\/uploads\/2020\/01\/D3A72291-A7BC-4259-9B90-9278D01371D9-e1580247615217-768x1024.jpeg\" alt=\"\" width=\"700\" height=\"933\" srcset=\"http:\/\/traba.org\/trabablog\/wp-content\/uploads\/2020\/01\/D3A72291-A7BC-4259-9B90-9278D01371D9-e1580247615217-768x1024.jpeg 768w, http:\/\/traba.org\/trabablog\/wp-content\/uploads\/2020\/01\/D3A72291-A7BC-4259-9B90-9278D01371D9-e1580247615217-225x300.jpeg 225w, http:\/\/traba.org\/trabablog\/wp-content\/uploads\/2020\/01\/D3A72291-A7BC-4259-9B90-9278D01371D9-e1580247615217-261x348.jpeg 261w, http:\/\/traba.org\/trabablog\/wp-content\/uploads\/2020\/01\/D3A72291-A7BC-4259-9B90-9278D01371D9-e1580247615217-688x917.jpeg 688w\" sizes=\"auto, (max-width: 700px) 100vw, 700px\" \/><\/p>\n<p>Una selfie.<\/p>\n<p><img loading=\"lazy\" decoding=\"async\" class=\"aligncenter wp-image-17311 size-large\" src=\"http:\/\/www.traba.org\/trabablog\/wp-content\/uploads\/2020\/01\/D878D8E7-2ADC-4EFE-9540-A9FF3B54006D-e1580247637971-1024x768.jpeg\" alt=\"\" width=\"700\" height=\"525\" srcset=\"http:\/\/traba.org\/trabablog\/wp-content\/uploads\/2020\/01\/D878D8E7-2ADC-4EFE-9540-A9FF3B54006D-e1580247637971-1024x768.jpeg 1024w, http:\/\/traba.org\/trabablog\/wp-content\/uploads\/2020\/01\/D878D8E7-2ADC-4EFE-9540-A9FF3B54006D-e1580247637971-300x225.jpeg 300w, http:\/\/traba.org\/trabablog\/wp-content\/uploads\/2020\/01\/D878D8E7-2ADC-4EFE-9540-A9FF3B54006D-e1580247637971-768x576.jpeg 768w, http:\/\/traba.org\/trabablog\/wp-content\/uploads\/2020\/01\/D878D8E7-2ADC-4EFE-9540-A9FF3B54006D-e1580247637971-460x345.jpeg 460w, http:\/\/traba.org\/trabablog\/wp-content\/uploads\/2020\/01\/D878D8E7-2ADC-4EFE-9540-A9FF3B54006D-e1580247637971-688x516.jpeg 688w\" sizes=\"auto, (max-width: 700px) 100vw, 700px\" \/><\/p>\n<p>Records de disturbis.<\/p>\n<p><img loading=\"lazy\" decoding=\"async\" class=\"aligncenter wp-image-17313 size-large\" src=\"http:\/\/www.traba.org\/trabablog\/wp-content\/uploads\/2020\/01\/80CF41B9-7F17-4589-ACB7-BF92674ABFB7-e1580247674362-768x1024.jpeg\" alt=\"\" width=\"700\" height=\"933\" srcset=\"http:\/\/traba.org\/trabablog\/wp-content\/uploads\/2020\/01\/80CF41B9-7F17-4589-ACB7-BF92674ABFB7-e1580247674362-768x1024.jpeg 768w, http:\/\/traba.org\/trabablog\/wp-content\/uploads\/2020\/01\/80CF41B9-7F17-4589-ACB7-BF92674ABFB7-e1580247674362-225x300.jpeg 225w, http:\/\/traba.org\/trabablog\/wp-content\/uploads\/2020\/01\/80CF41B9-7F17-4589-ACB7-BF92674ABFB7-e1580247674362-261x348.jpeg 261w, http:\/\/traba.org\/trabablog\/wp-content\/uploads\/2020\/01\/80CF41B9-7F17-4589-ACB7-BF92674ABFB7-e1580247674362-688x917.jpeg 688w\" sizes=\"auto, (max-width: 700px) 100vw, 700px\" \/> <img loading=\"lazy\" decoding=\"async\" class=\"aligncenter wp-image-17314 size-large\" src=\"http:\/\/www.traba.org\/trabablog\/wp-content\/uploads\/2020\/01\/5D95750B-34DE-4139-B0E6-050938328C5C-e1580247708661-768x1024.jpeg\" alt=\"\" width=\"700\" height=\"933\" srcset=\"http:\/\/traba.org\/trabablog\/wp-content\/uploads\/2020\/01\/5D95750B-34DE-4139-B0E6-050938328C5C-e1580247708661-768x1024.jpeg 768w, http:\/\/traba.org\/trabablog\/wp-content\/uploads\/2020\/01\/5D95750B-34DE-4139-B0E6-050938328C5C-e1580247708661-225x300.jpeg 225w, http:\/\/traba.org\/trabablog\/wp-content\/uploads\/2020\/01\/5D95750B-34DE-4139-B0E6-050938328C5C-e1580247708661-261x348.jpeg 261w, http:\/\/traba.org\/trabablog\/wp-content\/uploads\/2020\/01\/5D95750B-34DE-4139-B0E6-050938328C5C-e1580247708661-688x917.jpeg 688w\" sizes=\"auto, (max-width: 700px) 100vw, 700px\" \/><\/p>\n<p>Fiu fiu.<\/p>\n<p><img loading=\"lazy\" decoding=\"async\" class=\"aligncenter wp-image-17315 size-large\" src=\"http:\/\/www.traba.org\/trabablog\/wp-content\/uploads\/2020\/01\/4EC3C917-E959-4773-9C8A-7AC23C6EF705-e1580247726140-768x1024.jpeg\" alt=\"\" width=\"700\" height=\"933\" srcset=\"http:\/\/traba.org\/trabablog\/wp-content\/uploads\/2020\/01\/4EC3C917-E959-4773-9C8A-7AC23C6EF705-e1580247726140-768x1024.jpeg 768w, http:\/\/traba.org\/trabablog\/wp-content\/uploads\/2020\/01\/4EC3C917-E959-4773-9C8A-7AC23C6EF705-e1580247726140-225x300.jpeg 225w, http:\/\/traba.org\/trabablog\/wp-content\/uploads\/2020\/01\/4EC3C917-E959-4773-9C8A-7AC23C6EF705-e1580247726140-261x348.jpeg 261w, http:\/\/traba.org\/trabablog\/wp-content\/uploads\/2020\/01\/4EC3C917-E959-4773-9C8A-7AC23C6EF705-e1580247726140-688x917.jpeg 688w\" sizes=\"auto, (max-width: 700px) 100vw, 700px\" \/><\/p>\n<p>Cap a Sitges un altre cop.<\/p>\n<p><img loading=\"lazy\" decoding=\"async\" class=\"aligncenter wp-image-17316 size-large\" src=\"http:\/\/www.traba.org\/trabablog\/wp-content\/uploads\/2020\/01\/23DC1FC0-745F-4058-AC09-2F408CF88B4B-e1580247752706-768x1024.jpeg\" alt=\"\" width=\"700\" height=\"933\" srcset=\"http:\/\/traba.org\/trabablog\/wp-content\/uploads\/2020\/01\/23DC1FC0-745F-4058-AC09-2F408CF88B4B-e1580247752706-768x1024.jpeg 768w, http:\/\/traba.org\/trabablog\/wp-content\/uploads\/2020\/01\/23DC1FC0-745F-4058-AC09-2F408CF88B4B-e1580247752706-225x300.jpeg 225w, http:\/\/traba.org\/trabablog\/wp-content\/uploads\/2020\/01\/23DC1FC0-745F-4058-AC09-2F408CF88B4B-e1580247752706-261x348.jpeg 261w, http:\/\/traba.org\/trabablog\/wp-content\/uploads\/2020\/01\/23DC1FC0-745F-4058-AC09-2F408CF88B4B-e1580247752706-688x917.jpeg 688w\" sizes=\"auto, (max-width: 700px) 100vw, 700px\" \/><\/p>\n<p>Fent trampa. El Bruno i jo est\u00e0vem a la festa de Halloween del Matteo i ens vam quedar a dormir a Barcelona.<\/p>\n<p><img loading=\"lazy\" decoding=\"async\" class=\"aligncenter wp-image-17317 size-large\" src=\"http:\/\/www.traba.org\/trabablog\/wp-content\/uploads\/2020\/01\/7E243658-D2C0-4863-8F7B-96D04815C121-e1580247772571-768x1024.jpeg\" alt=\"\" width=\"700\" height=\"933\" srcset=\"http:\/\/traba.org\/trabablog\/wp-content\/uploads\/2020\/01\/7E243658-D2C0-4863-8F7B-96D04815C121-e1580247772571-768x1024.jpeg 768w, http:\/\/traba.org\/trabablog\/wp-content\/uploads\/2020\/01\/7E243658-D2C0-4863-8F7B-96D04815C121-e1580247772571-225x300.jpeg 225w, http:\/\/traba.org\/trabablog\/wp-content\/uploads\/2020\/01\/7E243658-D2C0-4863-8F7B-96D04815C121-e1580247772571-261x348.jpeg 261w, http:\/\/traba.org\/trabablog\/wp-content\/uploads\/2020\/01\/7E243658-D2C0-4863-8F7B-96D04815C121-e1580247772571-688x917.jpeg 688w\" sizes=\"auto, (max-width: 700px) 100vw, 700px\" \/><\/p>\n","protected":false},"excerpt":{"rendered":"<p>Nom\u00e9s comen\u00e7ar l&#8217;octubre, ja van venir les col\u00f2nies del cole. La pobra va portar els mateixos pantalons els 2 dies perqu\u00e8 vam posar com faldilles i no es podien portar&#8230;<\/p>\n","protected":false},"author":5,"featured_media":17310,"comment_status":"open","ping_status":"open","sticky":false,"template":"","format":"standard","meta":{"_monsterinsights_skip_tracking":false,"_monsterinsights_sitenote_active":false,"_monsterinsights_sitenote_note":"","_monsterinsights_sitenote_category":0,"footnotes":""},"categories":[28],"tags":[89],"class_list":["post-17300","post","type-post","status-publish","format-standard","has-post-thumbnail","hentry","category-ordinary-days","tag-sitges"],"_links":{"self":[{"href":"http:\/\/traba.org\/trabablog\/index.php?rest_route=\/wp\/v2\/posts\/17300","targetHints":{"allow":["GET"]}}],"collection":[{"href":"http:\/\/traba.org\/trabablog\/index.php?rest_route=\/wp\/v2\/posts"}],"about":[{"href":"http:\/\/traba.org\/trabablog\/index.php?rest_route=\/wp\/v2\/types\/post"}],"author":[{"embeddable":true,"href":"http:\/\/traba.org\/trabablog\/index.php?rest_route=\/wp\/v2\/users\/5"}],"replies":[{"embeddable":true,"href":"http:\/\/traba.org\/trabablog\/index.php?rest_route=%2Fwp%2Fv2%2Fcomments&post=17300"}],"version-history":[{"count":3,"href":"http:\/\/traba.org\/trabablog\/index.php?rest_route=\/wp\/v2\/posts\/17300\/revisions"}],"predecessor-version":[{"id":17320,"href":"http:\/\/traba.org\/trabablog\/index.php?rest_route=\/wp\/v2\/posts\/17300\/revisions\/17320"}],"wp:featuredmedia":[{"embeddable":true,"href":"http:\/\/traba.org\/trabablog\/index.php?rest_route=\/wp\/v2\/media\/17310"}],"wp:attachment":[{"href":"http:\/\/traba.org\/trabablog\/index.php?rest_route=%2Fwp%2Fv2%2Fmedia&parent=17300"}],"wp:term":[{"taxonomy":"category","embeddable":true,"href":"http:\/\/traba.org\/trabablog\/index.php?rest_route=%2Fwp%2Fv2%2Fcategories&post=17300"},{"taxonomy":"post_tag","embeddable":true,"href":"http:\/\/traba.org\/trabablog\/index.php?rest_route=%2Fwp%2Fv2%2Ftags&post=17300"}],"curies":[{"name":"wp","href":"https:\/\/api.w.org\/{rel}","templated":true}]}}