{"id":17611,"date":"2020-04-26T15:54:20","date_gmt":"2020-04-26T13:54:20","guid":{"rendered":"http:\/\/www.traba.org\/trabablog\/?p=17611"},"modified":"2020-04-26T16:47:47","modified_gmt":"2020-04-26T14:47:47","slug":"febrer-pre-confinament","status":"publish","type":"post","link":"http:\/\/traba.org\/trabablog\/?p=17611","title":{"rendered":"Febrer pre-confinament"},"content":{"rendered":"<p>Sitges un altre cop. No \u00e9s que estem sempre a Sitges, \u00e9s que a Sitges fem m\u00e9s fotos.<\/p>\n<p><img loading=\"lazy\" decoding=\"async\" class=\"aligncenter size-large wp-image-17612\" src=\"http:\/\/www.traba.org\/trabablog\/wp-content\/uploads\/2020\/04\/029CD04D-4F2E-4A29-9FA2-F5594791ACDB-1024x576.jpeg\" alt=\"\" width=\"700\" height=\"394\" srcset=\"http:\/\/traba.org\/trabablog\/wp-content\/uploads\/2020\/04\/029CD04D-4F2E-4A29-9FA2-F5594791ACDB-1024x576.jpeg 1024w, http:\/\/traba.org\/trabablog\/wp-content\/uploads\/2020\/04\/029CD04D-4F2E-4A29-9FA2-F5594791ACDB-300x169.jpeg 300w, http:\/\/traba.org\/trabablog\/wp-content\/uploads\/2020\/04\/029CD04D-4F2E-4A29-9FA2-F5594791ACDB-768x432.jpeg 768w, http:\/\/traba.org\/trabablog\/wp-content\/uploads\/2020\/04\/029CD04D-4F2E-4A29-9FA2-F5594791ACDB-460x259.jpeg 460w, http:\/\/traba.org\/trabablog\/wp-content\/uploads\/2020\/04\/029CD04D-4F2E-4A29-9FA2-F5594791ACDB-688x387.jpeg 688w\" sizes=\"auto, (max-width: 700px) 100vw, 700px\" \/> <img loading=\"lazy\" decoding=\"async\" class=\"aligncenter size-large wp-image-17613\" src=\"http:\/\/www.traba.org\/trabablog\/wp-content\/uploads\/2020\/04\/06F9E4ED-BCC1-4E69-8287-40AE1EB5822C-1024x576.jpeg\" alt=\"\" width=\"700\" height=\"394\" srcset=\"http:\/\/traba.org\/trabablog\/wp-content\/uploads\/2020\/04\/06F9E4ED-BCC1-4E69-8287-40AE1EB5822C-1024x576.jpeg 1024w, http:\/\/traba.org\/trabablog\/wp-content\/uploads\/2020\/04\/06F9E4ED-BCC1-4E69-8287-40AE1EB5822C-300x169.jpeg 300w, http:\/\/traba.org\/trabablog\/wp-content\/uploads\/2020\/04\/06F9E4ED-BCC1-4E69-8287-40AE1EB5822C-768x432.jpeg 768w, http:\/\/traba.org\/trabablog\/wp-content\/uploads\/2020\/04\/06F9E4ED-BCC1-4E69-8287-40AE1EB5822C-460x259.jpeg 460w, http:\/\/traba.org\/trabablog\/wp-content\/uploads\/2020\/04\/06F9E4ED-BCC1-4E69-8287-40AE1EB5822C-688x387.jpeg 688w\" sizes=\"auto, (max-width: 700px) 100vw, 700px\" \/> <img loading=\"lazy\" decoding=\"async\" class=\"aligncenter size-large wp-image-17614\" src=\"http:\/\/www.traba.org\/trabablog\/wp-content\/uploads\/2020\/04\/CBC50406-3887-470E-9517-964CB13FE073-1024x576.jpeg\" alt=\"\" width=\"700\" height=\"394\" srcset=\"http:\/\/traba.org\/trabablog\/wp-content\/uploads\/2020\/04\/CBC50406-3887-470E-9517-964CB13FE073-1024x576.jpeg 1024w, http:\/\/traba.org\/trabablog\/wp-content\/uploads\/2020\/04\/CBC50406-3887-470E-9517-964CB13FE073-300x169.jpeg 300w, http:\/\/traba.org\/trabablog\/wp-content\/uploads\/2020\/04\/CBC50406-3887-470E-9517-964CB13FE073-768x432.jpeg 768w, http:\/\/traba.org\/trabablog\/wp-content\/uploads\/2020\/04\/CBC50406-3887-470E-9517-964CB13FE073-460x259.jpeg 460w, http:\/\/traba.org\/trabablog\/wp-content\/uploads\/2020\/04\/CBC50406-3887-470E-9517-964CB13FE073-688x387.jpeg 688w\" sizes=\"auto, (max-width: 700px) 100vw, 700px\" \/><\/p>\n<p>I ens ve a visitar m\u00e9s gent que a Barcelona. Mira que vivim a 7 minuts de casa la Lula&#8230;<\/p>\n<p><img loading=\"lazy\" decoding=\"async\" class=\"aligncenter size-large wp-image-17615\" src=\"http:\/\/www.traba.org\/trabablog\/wp-content\/uploads\/2020\/04\/E8FBA37C-4633-4472-A240-07064B3A341F-1024x576.jpeg\" alt=\"\" width=\"700\" height=\"394\" srcset=\"http:\/\/traba.org\/trabablog\/wp-content\/uploads\/2020\/04\/E8FBA37C-4633-4472-A240-07064B3A341F-1024x576.jpeg 1024w, http:\/\/traba.org\/trabablog\/wp-content\/uploads\/2020\/04\/E8FBA37C-4633-4472-A240-07064B3A341F-300x169.jpeg 300w, http:\/\/traba.org\/trabablog\/wp-content\/uploads\/2020\/04\/E8FBA37C-4633-4472-A240-07064B3A341F-768x432.jpeg 768w, http:\/\/traba.org\/trabablog\/wp-content\/uploads\/2020\/04\/E8FBA37C-4633-4472-A240-07064B3A341F-460x259.jpeg 460w, http:\/\/traba.org\/trabablog\/wp-content\/uploads\/2020\/04\/E8FBA37C-4633-4472-A240-07064B3A341F-688x387.jpeg 688w\" sizes=\"auto, (max-width: 700px) 100vw, 700px\" \/><\/p>\n<p>Aquest estiu el F\u00e8lix ser\u00e0 un perill a la platja, si \u00e9s que hi podem anar. Normalment en els posts passats que escric en el present, no faig comentaris del futur, per\u00f2 en aquest no m&#8217;hi podr\u00e9 estar.<\/p>\n<p><img loading=\"lazy\" decoding=\"async\" class=\"aligncenter size-large wp-image-17616\" src=\"http:\/\/www.traba.org\/trabablog\/wp-content\/uploads\/2020\/04\/EA4F222C-100B-4048-91E8-0D0770F53FA6-1024x576.jpeg\" alt=\"\" width=\"700\" height=\"394\" srcset=\"http:\/\/traba.org\/trabablog\/wp-content\/uploads\/2020\/04\/EA4F222C-100B-4048-91E8-0D0770F53FA6-1024x576.jpeg 1024w, http:\/\/traba.org\/trabablog\/wp-content\/uploads\/2020\/04\/EA4F222C-100B-4048-91E8-0D0770F53FA6-300x169.jpeg 300w, http:\/\/traba.org\/trabablog\/wp-content\/uploads\/2020\/04\/EA4F222C-100B-4048-91E8-0D0770F53FA6-768x432.jpeg 768w, http:\/\/traba.org\/trabablog\/wp-content\/uploads\/2020\/04\/EA4F222C-100B-4048-91E8-0D0770F53FA6-460x259.jpeg 460w, http:\/\/traba.org\/trabablog\/wp-content\/uploads\/2020\/04\/EA4F222C-100B-4048-91E8-0D0770F53FA6-688x387.jpeg 688w\" sizes=\"auto, (max-width: 700px) 100vw, 700px\" \/> <img loading=\"lazy\" decoding=\"async\" class=\"aligncenter size-large wp-image-17617\" src=\"http:\/\/www.traba.org\/trabablog\/wp-content\/uploads\/2020\/04\/1C7D793C-329A-4380-AFC4-A77D8F178AC9-1024x576.jpeg\" alt=\"\" width=\"700\" height=\"394\" srcset=\"http:\/\/traba.org\/trabablog\/wp-content\/uploads\/2020\/04\/1C7D793C-329A-4380-AFC4-A77D8F178AC9-1024x576.jpeg 1024w, http:\/\/traba.org\/trabablog\/wp-content\/uploads\/2020\/04\/1C7D793C-329A-4380-AFC4-A77D8F178AC9-300x169.jpeg 300w, http:\/\/traba.org\/trabablog\/wp-content\/uploads\/2020\/04\/1C7D793C-329A-4380-AFC4-A77D8F178AC9-768x432.jpeg 768w, http:\/\/traba.org\/trabablog\/wp-content\/uploads\/2020\/04\/1C7D793C-329A-4380-AFC4-A77D8F178AC9-460x259.jpeg 460w, http:\/\/traba.org\/trabablog\/wp-content\/uploads\/2020\/04\/1C7D793C-329A-4380-AFC4-A77D8F178AC9-688x387.jpeg 688w\" sizes=\"auto, (max-width: 700px) 100vw, 700px\" \/><\/p>\n<p>Fa m\u00e9s volum el F\u00e8lix de 2 anys (aqu\u00ed encara no havia fet 2 anys, li faltava 1 mes) que la lula amb 7.<\/p>\n<p><img loading=\"lazy\" decoding=\"async\" class=\"aligncenter size-large wp-image-17618\" src=\"http:\/\/www.traba.org\/trabablog\/wp-content\/uploads\/2020\/04\/CB7F61E1-726F-4675-9F76-B9F2A3242841-1024x768.jpeg\" alt=\"\" width=\"700\" height=\"525\" srcset=\"http:\/\/traba.org\/trabablog\/wp-content\/uploads\/2020\/04\/CB7F61E1-726F-4675-9F76-B9F2A3242841-1024x768.jpeg 1024w, http:\/\/traba.org\/trabablog\/wp-content\/uploads\/2020\/04\/CB7F61E1-726F-4675-9F76-B9F2A3242841-300x225.jpeg 300w, http:\/\/traba.org\/trabablog\/wp-content\/uploads\/2020\/04\/CB7F61E1-726F-4675-9F76-B9F2A3242841-768x576.jpeg 768w, http:\/\/traba.org\/trabablog\/wp-content\/uploads\/2020\/04\/CB7F61E1-726F-4675-9F76-B9F2A3242841-460x345.jpeg 460w, http:\/\/traba.org\/trabablog\/wp-content\/uploads\/2020\/04\/CB7F61E1-726F-4675-9F76-B9F2A3242841-688x516.jpeg 688w\" sizes=\"auto, (max-width: 700px) 100vw, 700px\" \/><\/p>\n<p>A la reuni\u00f3 de P4, el dibuix que ens va fer el Bruno a la fam\u00edlia.<\/p>\n<p><img loading=\"lazy\" decoding=\"async\" class=\"aligncenter size-large wp-image-17619\" src=\"http:\/\/www.traba.org\/trabablog\/wp-content\/uploads\/2020\/04\/D381E305-BB1A-4ED3-B747-94D5A48764E5-1024x576.jpeg\" alt=\"\" width=\"700\" height=\"394\" srcset=\"http:\/\/traba.org\/trabablog\/wp-content\/uploads\/2020\/04\/D381E305-BB1A-4ED3-B747-94D5A48764E5-1024x576.jpeg 1024w, http:\/\/traba.org\/trabablog\/wp-content\/uploads\/2020\/04\/D381E305-BB1A-4ED3-B747-94D5A48764E5-300x169.jpeg 300w, http:\/\/traba.org\/trabablog\/wp-content\/uploads\/2020\/04\/D381E305-BB1A-4ED3-B747-94D5A48764E5-768x432.jpeg 768w, http:\/\/traba.org\/trabablog\/wp-content\/uploads\/2020\/04\/D381E305-BB1A-4ED3-B747-94D5A48764E5-460x259.jpeg 460w, http:\/\/traba.org\/trabablog\/wp-content\/uploads\/2020\/04\/D381E305-BB1A-4ED3-B747-94D5A48764E5-688x387.jpeg 688w\" sizes=\"auto, (max-width: 700px) 100vw, 700px\" \/><\/p>\n<p>I la Lola.<\/p>\n<p><img loading=\"lazy\" decoding=\"async\" class=\"aligncenter wp-image-17620 size-large\" src=\"http:\/\/www.traba.org\/trabablog\/wp-content\/uploads\/2020\/04\/AAE2EFA1-9C19-461F-B618-EFF5857A8200-e1587904905581-576x1024.jpeg\" alt=\"\" width=\"576\" height=\"1024\" srcset=\"http:\/\/traba.org\/trabablog\/wp-content\/uploads\/2020\/04\/AAE2EFA1-9C19-461F-B618-EFF5857A8200-e1587904905581-576x1024.jpeg 576w, http:\/\/traba.org\/trabablog\/wp-content\/uploads\/2020\/04\/AAE2EFA1-9C19-461F-B618-EFF5857A8200-e1587904905581-169x300.jpeg 169w, http:\/\/traba.org\/trabablog\/wp-content\/uploads\/2020\/04\/AAE2EFA1-9C19-461F-B618-EFF5857A8200-e1587904905581-768x1365.jpeg 768w, http:\/\/traba.org\/trabablog\/wp-content\/uploads\/2020\/04\/AAE2EFA1-9C19-461F-B618-EFF5857A8200-e1587904905581-196x348.jpeg 196w, http:\/\/traba.org\/trabablog\/wp-content\/uploads\/2020\/04\/AAE2EFA1-9C19-461F-B618-EFF5857A8200-e1587904905581-688x1223.jpeg 688w\" sizes=\"auto, (max-width: 576px) 100vw, 576px\" \/><\/p>\n<p>Les festes de Santa Eul\u00e0lia.<\/p>\n<p><img loading=\"lazy\" decoding=\"async\" class=\"aligncenter wp-image-17621 size-large\" src=\"http:\/\/www.traba.org\/trabablog\/wp-content\/uploads\/2020\/04\/56439B21-2CF9-47FD-95D6-B67FBD6DA2E1-e1587904933103-768x1024.jpeg\" alt=\"\" width=\"700\" height=\"933\" srcset=\"http:\/\/traba.org\/trabablog\/wp-content\/uploads\/2020\/04\/56439B21-2CF9-47FD-95D6-B67FBD6DA2E1-e1587904933103-768x1024.jpeg 768w, http:\/\/traba.org\/trabablog\/wp-content\/uploads\/2020\/04\/56439B21-2CF9-47FD-95D6-B67FBD6DA2E1-e1587904933103-225x300.jpeg 225w, http:\/\/traba.org\/trabablog\/wp-content\/uploads\/2020\/04\/56439B21-2CF9-47FD-95D6-B67FBD6DA2E1-e1587904933103-261x348.jpeg 261w, http:\/\/traba.org\/trabablog\/wp-content\/uploads\/2020\/04\/56439B21-2CF9-47FD-95D6-B67FBD6DA2E1-e1587904933103-688x917.jpeg 688w\" sizes=\"auto, (max-width: 700px) 100vw, 700px\" \/><\/p>\n<p>El correfoc infantil, sobretot la Lola, per\u00f2 el Bruno tamb\u00e9 van saltar sota el foc.<\/p>\n<p><img loading=\"lazy\" decoding=\"async\" class=\"aligncenter wp-image-17622 size-large\" src=\"http:\/\/www.traba.org\/trabablog\/wp-content\/uploads\/2020\/04\/1EFA640B-ECDF-4EF6-83BA-548D232E3927-e1587904983868-768x1024.jpeg\" alt=\"\" width=\"700\" height=\"933\" srcset=\"http:\/\/traba.org\/trabablog\/wp-content\/uploads\/2020\/04\/1EFA640B-ECDF-4EF6-83BA-548D232E3927-e1587904983868-768x1024.jpeg 768w, http:\/\/traba.org\/trabablog\/wp-content\/uploads\/2020\/04\/1EFA640B-ECDF-4EF6-83BA-548D232E3927-e1587904983868-225x300.jpeg 225w, http:\/\/traba.org\/trabablog\/wp-content\/uploads\/2020\/04\/1EFA640B-ECDF-4EF6-83BA-548D232E3927-e1587904983868-261x348.jpeg 261w, http:\/\/traba.org\/trabablog\/wp-content\/uploads\/2020\/04\/1EFA640B-ECDF-4EF6-83BA-548D232E3927-e1587904983868-688x917.jpeg 688w\" sizes=\"auto, (max-width: 700px) 100vw, 700px\" \/> <img loading=\"lazy\" decoding=\"async\" class=\"aligncenter wp-image-17623 size-large\" src=\"http:\/\/www.traba.org\/trabablog\/wp-content\/uploads\/2020\/04\/59E94C37-CA68-4722-8D99-C9A70E0BA36A-e1587905032576-768x1024.jpeg\" alt=\"\" width=\"700\" height=\"933\" srcset=\"http:\/\/traba.org\/trabablog\/wp-content\/uploads\/2020\/04\/59E94C37-CA68-4722-8D99-C9A70E0BA36A-e1587905032576-768x1024.jpeg 768w, http:\/\/traba.org\/trabablog\/wp-content\/uploads\/2020\/04\/59E94C37-CA68-4722-8D99-C9A70E0BA36A-e1587905032576-225x300.jpeg 225w, http:\/\/traba.org\/trabablog\/wp-content\/uploads\/2020\/04\/59E94C37-CA68-4722-8D99-C9A70E0BA36A-e1587905032576-261x348.jpeg 261w, http:\/\/traba.org\/trabablog\/wp-content\/uploads\/2020\/04\/59E94C37-CA68-4722-8D99-C9A70E0BA36A-e1587905032576-688x917.jpeg 688w\" sizes=\"auto, (max-width: 700px) 100vw, 700px\" \/><\/p>\n<p>Final de correfoc a la pla\u00e7a Reial.<\/p>\n<p><img loading=\"lazy\" decoding=\"async\" class=\"aligncenter size-large wp-image-17624\" src=\"http:\/\/www.traba.org\/trabablog\/wp-content\/uploads\/2020\/04\/4AD6DF94-439A-47DF-8E05-92339ECB83DE-1024x576.jpeg\" alt=\"\" width=\"700\" height=\"394\" srcset=\"http:\/\/traba.org\/trabablog\/wp-content\/uploads\/2020\/04\/4AD6DF94-439A-47DF-8E05-92339ECB83DE-1024x576.jpeg 1024w, http:\/\/traba.org\/trabablog\/wp-content\/uploads\/2020\/04\/4AD6DF94-439A-47DF-8E05-92339ECB83DE-300x169.jpeg 300w, http:\/\/traba.org\/trabablog\/wp-content\/uploads\/2020\/04\/4AD6DF94-439A-47DF-8E05-92339ECB83DE-768x432.jpeg 768w, http:\/\/traba.org\/trabablog\/wp-content\/uploads\/2020\/04\/4AD6DF94-439A-47DF-8E05-92339ECB83DE-460x259.jpeg 460w, http:\/\/traba.org\/trabablog\/wp-content\/uploads\/2020\/04\/4AD6DF94-439A-47DF-8E05-92339ECB83DE-688x387.jpeg 688w\" sizes=\"auto, (max-width: 700px) 100vw, 700px\" \/><\/p>\n<p>Viatge a la nostra inf\u00e0ncia a les Galeries Mald\u00e0.<\/p>\n<p><img loading=\"lazy\" decoding=\"async\" class=\"aligncenter wp-image-17625 size-large\" src=\"http:\/\/www.traba.org\/trabablog\/wp-content\/uploads\/2020\/04\/C65A0AE6-8912-4B46-A9CE-F344DC549ED0-e1587905063553-768x1024.jpeg\" alt=\"\" width=\"700\" height=\"933\" srcset=\"http:\/\/traba.org\/trabablog\/wp-content\/uploads\/2020\/04\/C65A0AE6-8912-4B46-A9CE-F344DC549ED0-e1587905063553-768x1024.jpeg 768w, http:\/\/traba.org\/trabablog\/wp-content\/uploads\/2020\/04\/C65A0AE6-8912-4B46-A9CE-F344DC549ED0-e1587905063553-225x300.jpeg 225w, http:\/\/traba.org\/trabablog\/wp-content\/uploads\/2020\/04\/C65A0AE6-8912-4B46-A9CE-F344DC549ED0-e1587905063553-261x348.jpeg 261w, http:\/\/traba.org\/trabablog\/wp-content\/uploads\/2020\/04\/C65A0AE6-8912-4B46-A9CE-F344DC549ED0-e1587905063553-688x917.jpeg 688w\" sizes=\"auto, (max-width: 700px) 100vw, 700px\" \/><\/p>\n<p>Les obres de Sant Miquel, a dia d&#8217;avui, segueixen parades&#8230;<\/p>\n<p><img loading=\"lazy\" decoding=\"async\" class=\"aligncenter size-large wp-image-17626\" src=\"http:\/\/www.traba.org\/trabablog\/wp-content\/uploads\/2020\/04\/760D974C-9B36-4BC8-A829-D4AD52E480B2-1024x576.jpeg\" alt=\"\" width=\"700\" height=\"394\" srcset=\"http:\/\/traba.org\/trabablog\/wp-content\/uploads\/2020\/04\/760D974C-9B36-4BC8-A829-D4AD52E480B2-1024x576.jpeg 1024w, http:\/\/traba.org\/trabablog\/wp-content\/uploads\/2020\/04\/760D974C-9B36-4BC8-A829-D4AD52E480B2-300x169.jpeg 300w, http:\/\/traba.org\/trabablog\/wp-content\/uploads\/2020\/04\/760D974C-9B36-4BC8-A829-D4AD52E480B2-768x432.jpeg 768w, http:\/\/traba.org\/trabablog\/wp-content\/uploads\/2020\/04\/760D974C-9B36-4BC8-A829-D4AD52E480B2-460x259.jpeg 460w, http:\/\/traba.org\/trabablog\/wp-content\/uploads\/2020\/04\/760D974C-9B36-4BC8-A829-D4AD52E480B2-688x387.jpeg 688w\" sizes=\"auto, (max-width: 700px) 100vw, 700px\" \/><\/p>\n<p>En aquest prec\u00eds dia, el 10 de febrer, Pitoniso Paco comen\u00e7a a tenir la necessitat de caminar sense parar. Aquests dies est\u00e0vem encara pendents si es celebraria o no el MWC (Amazon va dir que no aniria aquell dia) i ten\u00edem el segon cas de coronavirus a Espanya.<\/p>\n<p><img loading=\"lazy\" decoding=\"async\" class=\"aligncenter wp-image-17627 size-large\" src=\"http:\/\/www.traba.org\/trabablog\/wp-content\/uploads\/2020\/04\/5DF5DD81-5DBE-437B-A1FD-5D24BAABC695-e1587905111397-576x1024.jpeg\" alt=\"\" width=\"576\" height=\"1024\" srcset=\"http:\/\/traba.org\/trabablog\/wp-content\/uploads\/2020\/04\/5DF5DD81-5DBE-437B-A1FD-5D24BAABC695-e1587905111397-576x1024.jpeg 576w, http:\/\/traba.org\/trabablog\/wp-content\/uploads\/2020\/04\/5DF5DD81-5DBE-437B-A1FD-5D24BAABC695-e1587905111397-169x300.jpeg 169w, http:\/\/traba.org\/trabablog\/wp-content\/uploads\/2020\/04\/5DF5DD81-5DBE-437B-A1FD-5D24BAABC695-e1587905111397-768x1365.jpeg 768w, http:\/\/traba.org\/trabablog\/wp-content\/uploads\/2020\/04\/5DF5DD81-5DBE-437B-A1FD-5D24BAABC695-e1587905111397-196x348.jpeg 196w, http:\/\/traba.org\/trabablog\/wp-content\/uploads\/2020\/04\/5DF5DD81-5DBE-437B-A1FD-5D24BAABC695-e1587905111397-688x1223.jpeg 688w\" sizes=\"auto, (max-width: 576px) 100vw, 576px\" \/><\/p>\n<p><a href=\"http:\/\/www.traba.org\/trabablog\/wp-content\/uploads\/2020\/04\/682AC1F4-4F38-43E3-B3A4-C7693A0C9B15.mov\">F\u00e8lix escalfant la veu (video)<\/a><\/p>\n<p>I de la platja a Montjuic el 12 de febrer. I no va parar de passejar&#8230;<\/p>\n<p><img loading=\"lazy\" decoding=\"async\" class=\"aligncenter size-large wp-image-17629\" src=\"http:\/\/www.traba.org\/trabablog\/wp-content\/uploads\/2020\/04\/08040957-F992-49A2-B844-2FF8D8416BCF-1024x576.jpeg\" alt=\"\" width=\"700\" height=\"394\" srcset=\"http:\/\/traba.org\/trabablog\/wp-content\/uploads\/2020\/04\/08040957-F992-49A2-B844-2FF8D8416BCF-1024x576.jpeg 1024w, http:\/\/traba.org\/trabablog\/wp-content\/uploads\/2020\/04\/08040957-F992-49A2-B844-2FF8D8416BCF-300x169.jpeg 300w, http:\/\/traba.org\/trabablog\/wp-content\/uploads\/2020\/04\/08040957-F992-49A2-B844-2FF8D8416BCF-768x432.jpeg 768w, http:\/\/traba.org\/trabablog\/wp-content\/uploads\/2020\/04\/08040957-F992-49A2-B844-2FF8D8416BCF-460x259.jpeg 460w, http:\/\/traba.org\/trabablog\/wp-content\/uploads\/2020\/04\/08040957-F992-49A2-B844-2FF8D8416BCF-688x387.jpeg 688w\" sizes=\"auto, (max-width: 700px) 100vw, 700px\" \/> <img loading=\"lazy\" decoding=\"async\" class=\"aligncenter size-large wp-image-17630\" src=\"http:\/\/www.traba.org\/trabablog\/wp-content\/uploads\/2020\/04\/7AAD1646-C030-4BE2-B8F2-6E16D4A72872-1024x576.jpeg\" alt=\"\" width=\"700\" height=\"394\" srcset=\"http:\/\/traba.org\/trabablog\/wp-content\/uploads\/2020\/04\/7AAD1646-C030-4BE2-B8F2-6E16D4A72872-1024x576.jpeg 1024w, http:\/\/traba.org\/trabablog\/wp-content\/uploads\/2020\/04\/7AAD1646-C030-4BE2-B8F2-6E16D4A72872-300x169.jpeg 300w, http:\/\/traba.org\/trabablog\/wp-content\/uploads\/2020\/04\/7AAD1646-C030-4BE2-B8F2-6E16D4A72872-768x432.jpeg 768w, http:\/\/traba.org\/trabablog\/wp-content\/uploads\/2020\/04\/7AAD1646-C030-4BE2-B8F2-6E16D4A72872-460x259.jpeg 460w, http:\/\/traba.org\/trabablog\/wp-content\/uploads\/2020\/04\/7AAD1646-C030-4BE2-B8F2-6E16D4A72872-688x387.jpeg 688w\" sizes=\"auto, (max-width: 700px) 100vw, 700px\" \/> <img loading=\"lazy\" decoding=\"async\" class=\"aligncenter size-large wp-image-17631\" src=\"http:\/\/www.traba.org\/trabablog\/wp-content\/uploads\/2020\/04\/6E86E805-B0D1-4EA0-B32C-A6C95972E2A9-1024x576.jpeg\" alt=\"\" width=\"700\" height=\"394\" srcset=\"http:\/\/traba.org\/trabablog\/wp-content\/uploads\/2020\/04\/6E86E805-B0D1-4EA0-B32C-A6C95972E2A9-1024x576.jpeg 1024w, http:\/\/traba.org\/trabablog\/wp-content\/uploads\/2020\/04\/6E86E805-B0D1-4EA0-B32C-A6C95972E2A9-300x169.jpeg 300w, http:\/\/traba.org\/trabablog\/wp-content\/uploads\/2020\/04\/6E86E805-B0D1-4EA0-B32C-A6C95972E2A9-768x432.jpeg 768w, http:\/\/traba.org\/trabablog\/wp-content\/uploads\/2020\/04\/6E86E805-B0D1-4EA0-B32C-A6C95972E2A9-460x259.jpeg 460w, http:\/\/traba.org\/trabablog\/wp-content\/uploads\/2020\/04\/6E86E805-B0D1-4EA0-B32C-A6C95972E2A9-688x387.jpeg 688w\" sizes=\"auto, (max-width: 700px) 100vw, 700px\" \/> <img loading=\"lazy\" decoding=\"async\" class=\"aligncenter wp-image-17632 size-large\" src=\"http:\/\/www.traba.org\/trabablog\/wp-content\/uploads\/2020\/04\/529A8B51-5584-4A00-B0CF-B8A852269268-e1587906252933-576x1024.jpeg\" alt=\"\" width=\"576\" height=\"1024\" srcset=\"http:\/\/traba.org\/trabablog\/wp-content\/uploads\/2020\/04\/529A8B51-5584-4A00-B0CF-B8A852269268-e1587906252933-576x1024.jpeg 576w, http:\/\/traba.org\/trabablog\/wp-content\/uploads\/2020\/04\/529A8B51-5584-4A00-B0CF-B8A852269268-e1587906252933-169x300.jpeg 169w, http:\/\/traba.org\/trabablog\/wp-content\/uploads\/2020\/04\/529A8B51-5584-4A00-B0CF-B8A852269268-e1587906252933-768x1365.jpeg 768w, http:\/\/traba.org\/trabablog\/wp-content\/uploads\/2020\/04\/529A8B51-5584-4A00-B0CF-B8A852269268-e1587906252933-196x348.jpeg 196w, http:\/\/traba.org\/trabablog\/wp-content\/uploads\/2020\/04\/529A8B51-5584-4A00-B0CF-B8A852269268-e1587906252933-688x1223.jpeg 688w\" sizes=\"auto, (max-width: 576px) 100vw, 576px\" \/> <img loading=\"lazy\" decoding=\"async\" class=\"aligncenter size-large wp-image-17633\" src=\"http:\/\/www.traba.org\/trabablog\/wp-content\/uploads\/2020\/04\/30AE7311-039C-4712-AA67-2BC7EB832E81-1024x576.jpeg\" alt=\"\" width=\"700\" height=\"394\" srcset=\"http:\/\/traba.org\/trabablog\/wp-content\/uploads\/2020\/04\/30AE7311-039C-4712-AA67-2BC7EB832E81-1024x576.jpeg 1024w, http:\/\/traba.org\/trabablog\/wp-content\/uploads\/2020\/04\/30AE7311-039C-4712-AA67-2BC7EB832E81-300x169.jpeg 300w, http:\/\/traba.org\/trabablog\/wp-content\/uploads\/2020\/04\/30AE7311-039C-4712-AA67-2BC7EB832E81-768x432.jpeg 768w, http:\/\/traba.org\/trabablog\/wp-content\/uploads\/2020\/04\/30AE7311-039C-4712-AA67-2BC7EB832E81-460x259.jpeg 460w, http:\/\/traba.org\/trabablog\/wp-content\/uploads\/2020\/04\/30AE7311-039C-4712-AA67-2BC7EB832E81-688x387.jpeg 688w\" sizes=\"auto, (max-width: 700px) 100vw, 700px\" \/> <img loading=\"lazy\" decoding=\"async\" class=\"aligncenter size-large wp-image-17634\" src=\"http:\/\/www.traba.org\/trabablog\/wp-content\/uploads\/2020\/04\/700B3CC7-C9E8-40FD-AD7A-7408C1841354-1024x576.jpeg\" alt=\"\" width=\"700\" height=\"394\" srcset=\"http:\/\/traba.org\/trabablog\/wp-content\/uploads\/2020\/04\/700B3CC7-C9E8-40FD-AD7A-7408C1841354-1024x576.jpeg 1024w, http:\/\/traba.org\/trabablog\/wp-content\/uploads\/2020\/04\/700B3CC7-C9E8-40FD-AD7A-7408C1841354-300x169.jpeg 300w, http:\/\/traba.org\/trabablog\/wp-content\/uploads\/2020\/04\/700B3CC7-C9E8-40FD-AD7A-7408C1841354-768x432.jpeg 768w, http:\/\/traba.org\/trabablog\/wp-content\/uploads\/2020\/04\/700B3CC7-C9E8-40FD-AD7A-7408C1841354-460x259.jpeg 460w, http:\/\/traba.org\/trabablog\/wp-content\/uploads\/2020\/04\/700B3CC7-C9E8-40FD-AD7A-7408C1841354-688x387.jpeg 688w\" sizes=\"auto, (max-width: 700px) 100vw, 700px\" \/> <img loading=\"lazy\" decoding=\"async\" class=\"aligncenter size-large wp-image-17635\" src=\"http:\/\/www.traba.org\/trabablog\/wp-content\/uploads\/2020\/04\/98C12F20-4707-41E9-B447-9DCABE0F7953-1024x576.jpeg\" alt=\"\" width=\"700\" height=\"394\" srcset=\"http:\/\/traba.org\/trabablog\/wp-content\/uploads\/2020\/04\/98C12F20-4707-41E9-B447-9DCABE0F7953-1024x576.jpeg 1024w, http:\/\/traba.org\/trabablog\/wp-content\/uploads\/2020\/04\/98C12F20-4707-41E9-B447-9DCABE0F7953-300x169.jpeg 300w, http:\/\/traba.org\/trabablog\/wp-content\/uploads\/2020\/04\/98C12F20-4707-41E9-B447-9DCABE0F7953-768x432.jpeg 768w, http:\/\/traba.org\/trabablog\/wp-content\/uploads\/2020\/04\/98C12F20-4707-41E9-B447-9DCABE0F7953-460x259.jpeg 460w, http:\/\/traba.org\/trabablog\/wp-content\/uploads\/2020\/04\/98C12F20-4707-41E9-B447-9DCABE0F7953-688x387.jpeg 688w\" sizes=\"auto, (max-width: 700px) 100vw, 700px\" \/> <img loading=\"lazy\" decoding=\"async\" class=\"aligncenter size-large wp-image-17636\" src=\"http:\/\/www.traba.org\/trabablog\/wp-content\/uploads\/2020\/04\/BCEEDC9D-15F4-4C7E-BDB3-3090F031795A-1024x576.jpeg\" alt=\"\" width=\"700\" height=\"394\" srcset=\"http:\/\/traba.org\/trabablog\/wp-content\/uploads\/2020\/04\/BCEEDC9D-15F4-4C7E-BDB3-3090F031795A-1024x576.jpeg 1024w, http:\/\/traba.org\/trabablog\/wp-content\/uploads\/2020\/04\/BCEEDC9D-15F4-4C7E-BDB3-3090F031795A-300x169.jpeg 300w, http:\/\/traba.org\/trabablog\/wp-content\/uploads\/2020\/04\/BCEEDC9D-15F4-4C7E-BDB3-3090F031795A-768x432.jpeg 768w, http:\/\/traba.org\/trabablog\/wp-content\/uploads\/2020\/04\/BCEEDC9D-15F4-4C7E-BDB3-3090F031795A-460x259.jpeg 460w, http:\/\/traba.org\/trabablog\/wp-content\/uploads\/2020\/04\/BCEEDC9D-15F4-4C7E-BDB3-3090F031795A-688x387.jpeg 688w\" sizes=\"auto, (max-width: 700px) 100vw, 700px\" \/> <img loading=\"lazy\" decoding=\"async\" class=\"aligncenter size-large wp-image-17637\" src=\"http:\/\/www.traba.org\/trabablog\/wp-content\/uploads\/2020\/04\/0D24E017-9240-4300-8CB6-CDB85BD345A6-1024x576.jpeg\" alt=\"\" width=\"700\" height=\"394\" srcset=\"http:\/\/traba.org\/trabablog\/wp-content\/uploads\/2020\/04\/0D24E017-9240-4300-8CB6-CDB85BD345A6-1024x576.jpeg 1024w, http:\/\/traba.org\/trabablog\/wp-content\/uploads\/2020\/04\/0D24E017-9240-4300-8CB6-CDB85BD345A6-300x169.jpeg 300w, http:\/\/traba.org\/trabablog\/wp-content\/uploads\/2020\/04\/0D24E017-9240-4300-8CB6-CDB85BD345A6-768x432.jpeg 768w, http:\/\/traba.org\/trabablog\/wp-content\/uploads\/2020\/04\/0D24E017-9240-4300-8CB6-CDB85BD345A6-460x259.jpeg 460w, http:\/\/traba.org\/trabablog\/wp-content\/uploads\/2020\/04\/0D24E017-9240-4300-8CB6-CDB85BD345A6-688x387.jpeg 688w\" sizes=\"auto, (max-width: 700px) 100vw, 700px\" \/> <img loading=\"lazy\" decoding=\"async\" class=\"aligncenter size-large wp-image-17638\" src=\"http:\/\/www.traba.org\/trabablog\/wp-content\/uploads\/2020\/04\/9D5D6A39-D235-4115-9312-116BF0084700-1024x576.jpeg\" alt=\"\" width=\"700\" height=\"394\" srcset=\"http:\/\/traba.org\/trabablog\/wp-content\/uploads\/2020\/04\/9D5D6A39-D235-4115-9312-116BF0084700-1024x576.jpeg 1024w, http:\/\/traba.org\/trabablog\/wp-content\/uploads\/2020\/04\/9D5D6A39-D235-4115-9312-116BF0084700-300x169.jpeg 300w, http:\/\/traba.org\/trabablog\/wp-content\/uploads\/2020\/04\/9D5D6A39-D235-4115-9312-116BF0084700-768x432.jpeg 768w, http:\/\/traba.org\/trabablog\/wp-content\/uploads\/2020\/04\/9D5D6A39-D235-4115-9312-116BF0084700-460x259.jpeg 460w, http:\/\/traba.org\/trabablog\/wp-content\/uploads\/2020\/04\/9D5D6A39-D235-4115-9312-116BF0084700-688x387.jpeg 688w\" sizes=\"auto, (max-width: 700px) 100vw, 700px\" \/> <img loading=\"lazy\" decoding=\"async\" class=\"aligncenter size-large wp-image-17639\" src=\"http:\/\/www.traba.org\/trabablog\/wp-content\/uploads\/2020\/04\/8105BF67-9C6F-4A51-BCAC-8DB0EC9C941E-1024x576.jpeg\" alt=\"\" width=\"700\" height=\"394\" srcset=\"http:\/\/traba.org\/trabablog\/wp-content\/uploads\/2020\/04\/8105BF67-9C6F-4A51-BCAC-8DB0EC9C941E-1024x576.jpeg 1024w, http:\/\/traba.org\/trabablog\/wp-content\/uploads\/2020\/04\/8105BF67-9C6F-4A51-BCAC-8DB0EC9C941E-300x169.jpeg 300w, http:\/\/traba.org\/trabablog\/wp-content\/uploads\/2020\/04\/8105BF67-9C6F-4A51-BCAC-8DB0EC9C941E-768x432.jpeg 768w, http:\/\/traba.org\/trabablog\/wp-content\/uploads\/2020\/04\/8105BF67-9C6F-4A51-BCAC-8DB0EC9C941E-460x259.jpeg 460w, http:\/\/traba.org\/trabablog\/wp-content\/uploads\/2020\/04\/8105BF67-9C6F-4A51-BCAC-8DB0EC9C941E-688x387.jpeg 688w\" sizes=\"auto, (max-width: 700px) 100vw, 700px\" \/> <img loading=\"lazy\" decoding=\"async\" class=\"aligncenter size-large wp-image-17640\" src=\"http:\/\/www.traba.org\/trabablog\/wp-content\/uploads\/2020\/04\/35CA627E-F01D-495D-96B2-066B6B81633A-1024x576.jpeg\" alt=\"\" width=\"700\" height=\"394\" srcset=\"http:\/\/traba.org\/trabablog\/wp-content\/uploads\/2020\/04\/35CA627E-F01D-495D-96B2-066B6B81633A-1024x576.jpeg 1024w, http:\/\/traba.org\/trabablog\/wp-content\/uploads\/2020\/04\/35CA627E-F01D-495D-96B2-066B6B81633A-300x169.jpeg 300w, http:\/\/traba.org\/trabablog\/wp-content\/uploads\/2020\/04\/35CA627E-F01D-495D-96B2-066B6B81633A-768x432.jpeg 768w, http:\/\/traba.org\/trabablog\/wp-content\/uploads\/2020\/04\/35CA627E-F01D-495D-96B2-066B6B81633A-460x259.jpeg 460w, http:\/\/traba.org\/trabablog\/wp-content\/uploads\/2020\/04\/35CA627E-F01D-495D-96B2-066B6B81633A-688x387.jpeg 688w\" sizes=\"auto, (max-width: 700px) 100vw, 700px\" \/> <img loading=\"lazy\" decoding=\"async\" class=\"aligncenter size-large wp-image-17641\" src=\"http:\/\/www.traba.org\/trabablog\/wp-content\/uploads\/2020\/04\/9BF681AF-33B0-47C2-8AD7-0F2CC71F1A66-1024x576.jpeg\" alt=\"\" width=\"700\" height=\"394\" srcset=\"http:\/\/traba.org\/trabablog\/wp-content\/uploads\/2020\/04\/9BF681AF-33B0-47C2-8AD7-0F2CC71F1A66-1024x576.jpeg 1024w, http:\/\/traba.org\/trabablog\/wp-content\/uploads\/2020\/04\/9BF681AF-33B0-47C2-8AD7-0F2CC71F1A66-300x169.jpeg 300w, http:\/\/traba.org\/trabablog\/wp-content\/uploads\/2020\/04\/9BF681AF-33B0-47C2-8AD7-0F2CC71F1A66-768x432.jpeg 768w, http:\/\/traba.org\/trabablog\/wp-content\/uploads\/2020\/04\/9BF681AF-33B0-47C2-8AD7-0F2CC71F1A66-460x259.jpeg 460w, http:\/\/traba.org\/trabablog\/wp-content\/uploads\/2020\/04\/9BF681AF-33B0-47C2-8AD7-0F2CC71F1A66-688x387.jpeg 688w\" sizes=\"auto, (max-width: 700px) 100vw, 700px\" \/> <img loading=\"lazy\" decoding=\"async\" class=\"aligncenter size-large wp-image-17642\" src=\"http:\/\/www.traba.org\/trabablog\/wp-content\/uploads\/2020\/04\/F11ED81A-F76F-4B58-9C53-916E34C339E3-1024x576.jpeg\" alt=\"\" width=\"700\" height=\"394\" srcset=\"http:\/\/traba.org\/trabablog\/wp-content\/uploads\/2020\/04\/F11ED81A-F76F-4B58-9C53-916E34C339E3-1024x576.jpeg 1024w, http:\/\/traba.org\/trabablog\/wp-content\/uploads\/2020\/04\/F11ED81A-F76F-4B58-9C53-916E34C339E3-300x169.jpeg 300w, http:\/\/traba.org\/trabablog\/wp-content\/uploads\/2020\/04\/F11ED81A-F76F-4B58-9C53-916E34C339E3-768x432.jpeg 768w, http:\/\/traba.org\/trabablog\/wp-content\/uploads\/2020\/04\/F11ED81A-F76F-4B58-9C53-916E34C339E3-460x259.jpeg 460w, http:\/\/traba.org\/trabablog\/wp-content\/uploads\/2020\/04\/F11ED81A-F76F-4B58-9C53-916E34C339E3-688x387.jpeg 688w\" sizes=\"auto, (max-width: 700px) 100vw, 700px\" \/><\/p>\n<p>El carrer Blai.<\/p>\n<p><img loading=\"lazy\" decoding=\"async\" class=\"aligncenter size-large wp-image-17643\" src=\"http:\/\/www.traba.org\/trabablog\/wp-content\/uploads\/2020\/04\/800E5C29-F6BD-40C0-AC1D-84E02520E82E-1024x576.jpeg\" alt=\"\" width=\"700\" height=\"394\" srcset=\"http:\/\/traba.org\/trabablog\/wp-content\/uploads\/2020\/04\/800E5C29-F6BD-40C0-AC1D-84E02520E82E-1024x576.jpeg 1024w, http:\/\/traba.org\/trabablog\/wp-content\/uploads\/2020\/04\/800E5C29-F6BD-40C0-AC1D-84E02520E82E-300x169.jpeg 300w, http:\/\/traba.org\/trabablog\/wp-content\/uploads\/2020\/04\/800E5C29-F6BD-40C0-AC1D-84E02520E82E-768x432.jpeg 768w, http:\/\/traba.org\/trabablog\/wp-content\/uploads\/2020\/04\/800E5C29-F6BD-40C0-AC1D-84E02520E82E-460x259.jpeg 460w, http:\/\/traba.org\/trabablog\/wp-content\/uploads\/2020\/04\/800E5C29-F6BD-40C0-AC1D-84E02520E82E-688x387.jpeg 688w\" sizes=\"auto, (max-width: 700px) 100vw, 700px\" \/><\/p>\n<p><img loading=\"lazy\" decoding=\"async\" class=\"aligncenter wp-image-17644 size-large\" src=\"http:\/\/www.traba.org\/trabablog\/wp-content\/uploads\/2020\/04\/20047676-7076-47C5-AC4C-1DCB9F3274C2-e1587906337906-576x1024.jpeg\" alt=\"\" width=\"576\" height=\"1024\" srcset=\"http:\/\/traba.org\/trabablog\/wp-content\/uploads\/2020\/04\/20047676-7076-47C5-AC4C-1DCB9F3274C2-e1587906337906-576x1024.jpeg 576w, http:\/\/traba.org\/trabablog\/wp-content\/uploads\/2020\/04\/20047676-7076-47C5-AC4C-1DCB9F3274C2-e1587906337906-169x300.jpeg 169w, http:\/\/traba.org\/trabablog\/wp-content\/uploads\/2020\/04\/20047676-7076-47C5-AC4C-1DCB9F3274C2-e1587906337906-768x1365.jpeg 768w, http:\/\/traba.org\/trabablog\/wp-content\/uploads\/2020\/04\/20047676-7076-47C5-AC4C-1DCB9F3274C2-e1587906337906-196x348.jpeg 196w, http:\/\/traba.org\/trabablog\/wp-content\/uploads\/2020\/04\/20047676-7076-47C5-AC4C-1DCB9F3274C2-e1587906337906-688x1223.jpeg 688w\" sizes=\"auto, (max-width: 576px) 100vw, 576px\" \/><\/p>\n<p>La de cops que hav\u00edem anat a menjar al Moti Mahal. Hi vaig ara i he de fer dieta durant 1 mes seguit!<\/p>\n<p><img loading=\"lazy\" decoding=\"async\" class=\"aligncenter wp-image-17645 size-large\" src=\"http:\/\/www.traba.org\/trabablog\/wp-content\/uploads\/2020\/04\/3D5038C0-C0DF-40C6-BD8C-C5814D15B913-e1587906359450-576x1024.jpeg\" alt=\"\" width=\"576\" height=\"1024\" srcset=\"http:\/\/traba.org\/trabablog\/wp-content\/uploads\/2020\/04\/3D5038C0-C0DF-40C6-BD8C-C5814D15B913-e1587906359450-576x1024.jpeg 576w, http:\/\/traba.org\/trabablog\/wp-content\/uploads\/2020\/04\/3D5038C0-C0DF-40C6-BD8C-C5814D15B913-e1587906359450-169x300.jpeg 169w, http:\/\/traba.org\/trabablog\/wp-content\/uploads\/2020\/04\/3D5038C0-C0DF-40C6-BD8C-C5814D15B913-e1587906359450-768x1365.jpeg 768w, http:\/\/traba.org\/trabablog\/wp-content\/uploads\/2020\/04\/3D5038C0-C0DF-40C6-BD8C-C5814D15B913-e1587906359450-196x348.jpeg 196w, http:\/\/traba.org\/trabablog\/wp-content\/uploads\/2020\/04\/3D5038C0-C0DF-40C6-BD8C-C5814D15B913-e1587906359450-688x1223.jpeg 688w\" sizes=\"auto, (max-width: 576px) 100vw, 576px\" \/> <img loading=\"lazy\" decoding=\"async\" class=\"aligncenter wp-image-17646 size-large\" src=\"http:\/\/www.traba.org\/trabablog\/wp-content\/uploads\/2020\/04\/0E5A0153-361F-4AC4-AFE4-EBE81638C6F4-e1587906394574-576x1024.jpeg\" alt=\"\" width=\"576\" height=\"1024\" srcset=\"http:\/\/traba.org\/trabablog\/wp-content\/uploads\/2020\/04\/0E5A0153-361F-4AC4-AFE4-EBE81638C6F4-e1587906394574-576x1024.jpeg 576w, http:\/\/traba.org\/trabablog\/wp-content\/uploads\/2020\/04\/0E5A0153-361F-4AC4-AFE4-EBE81638C6F4-e1587906394574-169x300.jpeg 169w, http:\/\/traba.org\/trabablog\/wp-content\/uploads\/2020\/04\/0E5A0153-361F-4AC4-AFE4-EBE81638C6F4-e1587906394574-768x1365.jpeg 768w, http:\/\/traba.org\/trabablog\/wp-content\/uploads\/2020\/04\/0E5A0153-361F-4AC4-AFE4-EBE81638C6F4-e1587906394574-196x348.jpeg 196w, http:\/\/traba.org\/trabablog\/wp-content\/uploads\/2020\/04\/0E5A0153-361F-4AC4-AFE4-EBE81638C6F4-e1587906394574-688x1223.jpeg 688w\" sizes=\"auto, (max-width: 576px) 100vw, 576px\" \/> <img loading=\"lazy\" decoding=\"async\" class=\"aligncenter wp-image-17647 size-large\" src=\"http:\/\/www.traba.org\/trabablog\/wp-content\/uploads\/2020\/04\/4C892C8D-7D33-4DA6-88D8-34B33DF26DF5-e1587906407318-576x1024.jpeg\" alt=\"\" width=\"576\" height=\"1024\" srcset=\"http:\/\/traba.org\/trabablog\/wp-content\/uploads\/2020\/04\/4C892C8D-7D33-4DA6-88D8-34B33DF26DF5-e1587906407318-576x1024.jpeg 576w, http:\/\/traba.org\/trabablog\/wp-content\/uploads\/2020\/04\/4C892C8D-7D33-4DA6-88D8-34B33DF26DF5-e1587906407318-169x300.jpeg 169w, http:\/\/traba.org\/trabablog\/wp-content\/uploads\/2020\/04\/4C892C8D-7D33-4DA6-88D8-34B33DF26DF5-e1587906407318-768x1365.jpeg 768w, http:\/\/traba.org\/trabablog\/wp-content\/uploads\/2020\/04\/4C892C8D-7D33-4DA6-88D8-34B33DF26DF5-e1587906407318-196x348.jpeg 196w, http:\/\/traba.org\/trabablog\/wp-content\/uploads\/2020\/04\/4C892C8D-7D33-4DA6-88D8-34B33DF26DF5-e1587906407318-688x1223.jpeg 688w\" sizes=\"auto, (max-width: 576px) 100vw, 576px\" \/><\/p>\n<p>La &#8216;nostra&#8217; primera casa al carrer gu\u00e0rdia 12.<\/p>\n<p><img loading=\"lazy\" decoding=\"async\" class=\"aligncenter wp-image-17648 size-large\" src=\"http:\/\/www.traba.org\/trabablog\/wp-content\/uploads\/2020\/04\/77B22502-63B8-4B15-9A04-8613B188B772-e1587906425782-576x1024.jpeg\" alt=\"\" width=\"576\" height=\"1024\" srcset=\"http:\/\/traba.org\/trabablog\/wp-content\/uploads\/2020\/04\/77B22502-63B8-4B15-9A04-8613B188B772-e1587906425782-576x1024.jpeg 576w, http:\/\/traba.org\/trabablog\/wp-content\/uploads\/2020\/04\/77B22502-63B8-4B15-9A04-8613B188B772-e1587906425782-169x300.jpeg 169w, http:\/\/traba.org\/trabablog\/wp-content\/uploads\/2020\/04\/77B22502-63B8-4B15-9A04-8613B188B772-e1587906425782-768x1365.jpeg 768w, http:\/\/traba.org\/trabablog\/wp-content\/uploads\/2020\/04\/77B22502-63B8-4B15-9A04-8613B188B772-e1587906425782-196x348.jpeg 196w, http:\/\/traba.org\/trabablog\/wp-content\/uploads\/2020\/04\/77B22502-63B8-4B15-9A04-8613B188B772-e1587906425782-688x1223.jpeg 688w\" sizes=\"auto, (max-width: 576px) 100vw, 576px\" \/><\/p>\n<p>I el bar que ten\u00edem sota casa, la Concha.<\/p>\n<p><img loading=\"lazy\" decoding=\"async\" class=\"aligncenter wp-image-17649 size-large\" src=\"http:\/\/www.traba.org\/trabablog\/wp-content\/uploads\/2020\/04\/3A25FA06-2CBF-40F1-AF68-11B68455D33D-e1587906454357-576x1024.jpeg\" alt=\"\" width=\"576\" height=\"1024\" srcset=\"http:\/\/traba.org\/trabablog\/wp-content\/uploads\/2020\/04\/3A25FA06-2CBF-40F1-AF68-11B68455D33D-e1587906454357-576x1024.jpeg 576w, http:\/\/traba.org\/trabablog\/wp-content\/uploads\/2020\/04\/3A25FA06-2CBF-40F1-AF68-11B68455D33D-e1587906454357-169x300.jpeg 169w, http:\/\/traba.org\/trabablog\/wp-content\/uploads\/2020\/04\/3A25FA06-2CBF-40F1-AF68-11B68455D33D-e1587906454357-768x1365.jpeg 768w, http:\/\/traba.org\/trabablog\/wp-content\/uploads\/2020\/04\/3A25FA06-2CBF-40F1-AF68-11B68455D33D-e1587906454357-196x348.jpeg 196w, http:\/\/traba.org\/trabablog\/wp-content\/uploads\/2020\/04\/3A25FA06-2CBF-40F1-AF68-11B68455D33D-e1587906454357-688x1223.jpeg 688w\" sizes=\"auto, (max-width: 576px) 100vw, 576px\" \/><\/p>\n<p>El Kentucky, tot i tenir-lo al costat, hi an\u00e0vem m\u00e9s avans de viure al Raval que quan hi viv\u00edem.<\/p>\n<p><img loading=\"lazy\" decoding=\"async\" class=\"aligncenter size-large wp-image-17650\" src=\"http:\/\/www.traba.org\/trabablog\/wp-content\/uploads\/2020\/04\/1681AE94-E733-46FA-8A7F-0F677328B2E6-1024x576.jpeg\" alt=\"\" width=\"700\" height=\"394\" srcset=\"http:\/\/traba.org\/trabablog\/wp-content\/uploads\/2020\/04\/1681AE94-E733-46FA-8A7F-0F677328B2E6-1024x576.jpeg 1024w, http:\/\/traba.org\/trabablog\/wp-content\/uploads\/2020\/04\/1681AE94-E733-46FA-8A7F-0F677328B2E6-300x169.jpeg 300w, http:\/\/traba.org\/trabablog\/wp-content\/uploads\/2020\/04\/1681AE94-E733-46FA-8A7F-0F677328B2E6-768x432.jpeg 768w, http:\/\/traba.org\/trabablog\/wp-content\/uploads\/2020\/04\/1681AE94-E733-46FA-8A7F-0F677328B2E6-460x259.jpeg 460w, http:\/\/traba.org\/trabablog\/wp-content\/uploads\/2020\/04\/1681AE94-E733-46FA-8A7F-0F677328B2E6-688x387.jpeg 688w\" sizes=\"auto, (max-width: 700px) 100vw, 700px\" \/><\/p>\n<p>Aquest solar no hi era, per\u00f2 fa molt de temps que no construeixen res, i \u00e9s un niu de mala vida.<\/p>\n<p><img loading=\"lazy\" decoding=\"async\" class=\"aligncenter size-large wp-image-17651\" src=\"http:\/\/www.traba.org\/trabablog\/wp-content\/uploads\/2020\/04\/A34487F8-E853-4CEF-8DD4-AD645EE843CC-1024x576.jpeg\" alt=\"\" width=\"700\" height=\"394\" srcset=\"http:\/\/traba.org\/trabablog\/wp-content\/uploads\/2020\/04\/A34487F8-E853-4CEF-8DD4-AD645EE843CC-1024x576.jpeg 1024w, http:\/\/traba.org\/trabablog\/wp-content\/uploads\/2020\/04\/A34487F8-E853-4CEF-8DD4-AD645EE843CC-300x169.jpeg 300w, http:\/\/traba.org\/trabablog\/wp-content\/uploads\/2020\/04\/A34487F8-E853-4CEF-8DD4-AD645EE843CC-768x432.jpeg 768w, http:\/\/traba.org\/trabablog\/wp-content\/uploads\/2020\/04\/A34487F8-E853-4CEF-8DD4-AD645EE843CC-460x259.jpeg 460w, http:\/\/traba.org\/trabablog\/wp-content\/uploads\/2020\/04\/A34487F8-E853-4CEF-8DD4-AD645EE843CC-688x387.jpeg 688w\" sizes=\"auto, (max-width: 700px) 100vw, 700px\" \/><\/p>\n<p>I encara estem al mateix dia&#8230;<\/p>\n<p><img loading=\"lazy\" decoding=\"async\" class=\"aligncenter size-large wp-image-17652\" src=\"http:\/\/www.traba.org\/trabablog\/wp-content\/uploads\/2020\/04\/34820C6C-B071-46F6-AC45-73DBC6AF48CE-1024x576.jpeg\" alt=\"\" width=\"700\" height=\"394\" srcset=\"http:\/\/traba.org\/trabablog\/wp-content\/uploads\/2020\/04\/34820C6C-B071-46F6-AC45-73DBC6AF48CE-1024x576.jpeg 1024w, http:\/\/traba.org\/trabablog\/wp-content\/uploads\/2020\/04\/34820C6C-B071-46F6-AC45-73DBC6AF48CE-300x169.jpeg 300w, http:\/\/traba.org\/trabablog\/wp-content\/uploads\/2020\/04\/34820C6C-B071-46F6-AC45-73DBC6AF48CE-768x432.jpeg 768w, http:\/\/traba.org\/trabablog\/wp-content\/uploads\/2020\/04\/34820C6C-B071-46F6-AC45-73DBC6AF48CE-460x259.jpeg 460w, http:\/\/traba.org\/trabablog\/wp-content\/uploads\/2020\/04\/34820C6C-B071-46F6-AC45-73DBC6AF48CE-688x387.jpeg 688w\" sizes=\"auto, (max-width: 700px) 100vw, 700px\" \/> <img loading=\"lazy\" decoding=\"async\" class=\"aligncenter size-large wp-image-17653\" src=\"http:\/\/www.traba.org\/trabablog\/wp-content\/uploads\/2020\/04\/B36A9A48-AB2E-46AA-A534-0457BB9353A7-1024x576.jpeg\" alt=\"\" width=\"700\" height=\"394\" srcset=\"http:\/\/traba.org\/trabablog\/wp-content\/uploads\/2020\/04\/B36A9A48-AB2E-46AA-A534-0457BB9353A7-1024x576.jpeg 1024w, http:\/\/traba.org\/trabablog\/wp-content\/uploads\/2020\/04\/B36A9A48-AB2E-46AA-A534-0457BB9353A7-300x169.jpeg 300w, http:\/\/traba.org\/trabablog\/wp-content\/uploads\/2020\/04\/B36A9A48-AB2E-46AA-A534-0457BB9353A7-768x432.jpeg 768w, http:\/\/traba.org\/trabablog\/wp-content\/uploads\/2020\/04\/B36A9A48-AB2E-46AA-A534-0457BB9353A7-460x259.jpeg 460w, http:\/\/traba.org\/trabablog\/wp-content\/uploads\/2020\/04\/B36A9A48-AB2E-46AA-A534-0457BB9353A7-688x387.jpeg 688w\" sizes=\"auto, (max-width: 700px) 100vw, 700px\" \/><\/p>\n<p>La baixada de Santa Eul\u00e0lia.<\/p>\n<p><img loading=\"lazy\" decoding=\"async\" class=\"aligncenter wp-image-17655 size-large\" src=\"http:\/\/www.traba.org\/trabablog\/wp-content\/uploads\/2020\/04\/FF40E81E-D2B2-4215-942A-BCF784F87AB8-e1587906569693-576x1024.jpeg\" alt=\"\" width=\"576\" height=\"1024\" srcset=\"http:\/\/traba.org\/trabablog\/wp-content\/uploads\/2020\/04\/FF40E81E-D2B2-4215-942A-BCF784F87AB8-e1587906569693-576x1024.jpeg 576w, http:\/\/traba.org\/trabablog\/wp-content\/uploads\/2020\/04\/FF40E81E-D2B2-4215-942A-BCF784F87AB8-e1587906569693-169x300.jpeg 169w, http:\/\/traba.org\/trabablog\/wp-content\/uploads\/2020\/04\/FF40E81E-D2B2-4215-942A-BCF784F87AB8-e1587906569693-768x1365.jpeg 768w, http:\/\/traba.org\/trabablog\/wp-content\/uploads\/2020\/04\/FF40E81E-D2B2-4215-942A-BCF784F87AB8-e1587906569693-196x348.jpeg 196w, http:\/\/traba.org\/trabablog\/wp-content\/uploads\/2020\/04\/FF40E81E-D2B2-4215-942A-BCF784F87AB8-e1587906569693-688x1223.jpeg 688w\" sizes=\"auto, (max-width: 576px) 100vw, 576px\" \/><\/p>\n<p>Dia 13 de febrer, el Francesc segueix passejant. Aquest dia, el MWC ja s&#8217;ha cancelat.<\/p>\n<p><img loading=\"lazy\" decoding=\"async\" class=\"aligncenter size-large wp-image-17656\" src=\"http:\/\/www.traba.org\/trabablog\/wp-content\/uploads\/2020\/04\/9A00D2BF-1EE2-4489-A094-45F1A35F68F0-1024x576.jpeg\" alt=\"\" width=\"700\" height=\"394\" srcset=\"http:\/\/traba.org\/trabablog\/wp-content\/uploads\/2020\/04\/9A00D2BF-1EE2-4489-A094-45F1A35F68F0-1024x576.jpeg 1024w, http:\/\/traba.org\/trabablog\/wp-content\/uploads\/2020\/04\/9A00D2BF-1EE2-4489-A094-45F1A35F68F0-300x169.jpeg 300w, http:\/\/traba.org\/trabablog\/wp-content\/uploads\/2020\/04\/9A00D2BF-1EE2-4489-A094-45F1A35F68F0-768x432.jpeg 768w, http:\/\/traba.org\/trabablog\/wp-content\/uploads\/2020\/04\/9A00D2BF-1EE2-4489-A094-45F1A35F68F0-460x259.jpeg 460w, http:\/\/traba.org\/trabablog\/wp-content\/uploads\/2020\/04\/9A00D2BF-1EE2-4489-A094-45F1A35F68F0-688x387.jpeg 688w\" sizes=\"auto, (max-width: 700px) 100vw, 700px\" \/> <img loading=\"lazy\" decoding=\"async\" class=\"aligncenter size-large wp-image-17657\" src=\"http:\/\/www.traba.org\/trabablog\/wp-content\/uploads\/2020\/04\/50207996-3799-4440-AECB-7CE6FABB6EE8-1024x576.jpeg\" alt=\"\" width=\"700\" height=\"394\" srcset=\"http:\/\/traba.org\/trabablog\/wp-content\/uploads\/2020\/04\/50207996-3799-4440-AECB-7CE6FABB6EE8-1024x576.jpeg 1024w, http:\/\/traba.org\/trabablog\/wp-content\/uploads\/2020\/04\/50207996-3799-4440-AECB-7CE6FABB6EE8-300x169.jpeg 300w, http:\/\/traba.org\/trabablog\/wp-content\/uploads\/2020\/04\/50207996-3799-4440-AECB-7CE6FABB6EE8-768x432.jpeg 768w, http:\/\/traba.org\/trabablog\/wp-content\/uploads\/2020\/04\/50207996-3799-4440-AECB-7CE6FABB6EE8-460x259.jpeg 460w, http:\/\/traba.org\/trabablog\/wp-content\/uploads\/2020\/04\/50207996-3799-4440-AECB-7CE6FABB6EE8-688x387.jpeg 688w\" sizes=\"auto, (max-width: 700px) 100vw, 700px\" \/> <img loading=\"lazy\" decoding=\"async\" class=\"aligncenter size-large wp-image-17658\" src=\"http:\/\/www.traba.org\/trabablog\/wp-content\/uploads\/2020\/04\/9B110B47-3C03-43A4-BFD5-1FBF92F0B4C0-1024x576.jpeg\" alt=\"\" width=\"700\" height=\"394\" srcset=\"http:\/\/traba.org\/trabablog\/wp-content\/uploads\/2020\/04\/9B110B47-3C03-43A4-BFD5-1FBF92F0B4C0-1024x576.jpeg 1024w, http:\/\/traba.org\/trabablog\/wp-content\/uploads\/2020\/04\/9B110B47-3C03-43A4-BFD5-1FBF92F0B4C0-300x169.jpeg 300w, http:\/\/traba.org\/trabablog\/wp-content\/uploads\/2020\/04\/9B110B47-3C03-43A4-BFD5-1FBF92F0B4C0-768x432.jpeg 768w, http:\/\/traba.org\/trabablog\/wp-content\/uploads\/2020\/04\/9B110B47-3C03-43A4-BFD5-1FBF92F0B4C0-460x259.jpeg 460w, http:\/\/traba.org\/trabablog\/wp-content\/uploads\/2020\/04\/9B110B47-3C03-43A4-BFD5-1FBF92F0B4C0-688x387.jpeg 688w\" sizes=\"auto, (max-width: 700px) 100vw, 700px\" \/> <img loading=\"lazy\" decoding=\"async\" class=\"aligncenter wp-image-17659 size-large\" src=\"http:\/\/www.traba.org\/trabablog\/wp-content\/uploads\/2020\/04\/E99F9BB4-2A9D-4621-BD1D-B09D6B9716A3-e1587906749744-576x1024.jpeg\" alt=\"\" width=\"576\" height=\"1024\" srcset=\"http:\/\/traba.org\/trabablog\/wp-content\/uploads\/2020\/04\/E99F9BB4-2A9D-4621-BD1D-B09D6B9716A3-e1587906749744-576x1024.jpeg 576w, http:\/\/traba.org\/trabablog\/wp-content\/uploads\/2020\/04\/E99F9BB4-2A9D-4621-BD1D-B09D6B9716A3-e1587906749744-169x300.jpeg 169w, http:\/\/traba.org\/trabablog\/wp-content\/uploads\/2020\/04\/E99F9BB4-2A9D-4621-BD1D-B09D6B9716A3-e1587906749744-768x1365.jpeg 768w, http:\/\/traba.org\/trabablog\/wp-content\/uploads\/2020\/04\/E99F9BB4-2A9D-4621-BD1D-B09D6B9716A3-e1587906749744-196x348.jpeg 196w, http:\/\/traba.org\/trabablog\/wp-content\/uploads\/2020\/04\/E99F9BB4-2A9D-4621-BD1D-B09D6B9716A3-e1587906749744-688x1223.jpeg 688w\" sizes=\"auto, (max-width: 576px) 100vw, 576px\" \/> <img loading=\"lazy\" decoding=\"async\" class=\"aligncenter size-large wp-image-17660\" src=\"http:\/\/www.traba.org\/trabablog\/wp-content\/uploads\/2020\/04\/77FA8B4F-51DA-4863-907A-5D6A08FAB2D9-1024x576.jpeg\" alt=\"\" width=\"700\" height=\"394\" srcset=\"http:\/\/traba.org\/trabablog\/wp-content\/uploads\/2020\/04\/77FA8B4F-51DA-4863-907A-5D6A08FAB2D9-1024x576.jpeg 1024w, http:\/\/traba.org\/trabablog\/wp-content\/uploads\/2020\/04\/77FA8B4F-51DA-4863-907A-5D6A08FAB2D9-300x169.jpeg 300w, http:\/\/traba.org\/trabablog\/wp-content\/uploads\/2020\/04\/77FA8B4F-51DA-4863-907A-5D6A08FAB2D9-768x432.jpeg 768w, http:\/\/traba.org\/trabablog\/wp-content\/uploads\/2020\/04\/77FA8B4F-51DA-4863-907A-5D6A08FAB2D9-460x259.jpeg 460w, http:\/\/traba.org\/trabablog\/wp-content\/uploads\/2020\/04\/77FA8B4F-51DA-4863-907A-5D6A08FAB2D9-688x387.jpeg 688w\" sizes=\"auto, (max-width: 700px) 100vw, 700px\" \/> <img loading=\"lazy\" decoding=\"async\" class=\"aligncenter wp-image-17661 size-large\" src=\"http:\/\/www.traba.org\/trabablog\/wp-content\/uploads\/2020\/04\/0FA5096B-D956-4CA2-AD3B-7CFE0FFF2D32-e1587906778810-576x1024.jpeg\" alt=\"\" width=\"576\" height=\"1024\" srcset=\"http:\/\/traba.org\/trabablog\/wp-content\/uploads\/2020\/04\/0FA5096B-D956-4CA2-AD3B-7CFE0FFF2D32-e1587906778810-576x1024.jpeg 576w, http:\/\/traba.org\/trabablog\/wp-content\/uploads\/2020\/04\/0FA5096B-D956-4CA2-AD3B-7CFE0FFF2D32-e1587906778810-169x300.jpeg 169w, http:\/\/traba.org\/trabablog\/wp-content\/uploads\/2020\/04\/0FA5096B-D956-4CA2-AD3B-7CFE0FFF2D32-e1587906778810-768x1365.jpeg 768w, http:\/\/traba.org\/trabablog\/wp-content\/uploads\/2020\/04\/0FA5096B-D956-4CA2-AD3B-7CFE0FFF2D32-e1587906778810-196x348.jpeg 196w, http:\/\/traba.org\/trabablog\/wp-content\/uploads\/2020\/04\/0FA5096B-D956-4CA2-AD3B-7CFE0FFF2D32-e1587906778810-688x1223.jpeg 688w\" sizes=\"auto, (max-width: 576px) 100vw, 576px\" \/> <img loading=\"lazy\" decoding=\"async\" class=\"aligncenter wp-image-17662 size-large\" src=\"http:\/\/www.traba.org\/trabablog\/wp-content\/uploads\/2020\/04\/C41EAF92-7D33-490C-AAD8-E03F02B7F01A-e1587906798846-576x1024.jpeg\" alt=\"\" width=\"576\" height=\"1024\" srcset=\"http:\/\/traba.org\/trabablog\/wp-content\/uploads\/2020\/04\/C41EAF92-7D33-490C-AAD8-E03F02B7F01A-e1587906798846-576x1024.jpeg 576w, http:\/\/traba.org\/trabablog\/wp-content\/uploads\/2020\/04\/C41EAF92-7D33-490C-AAD8-E03F02B7F01A-e1587906798846-169x300.jpeg 169w, http:\/\/traba.org\/trabablog\/wp-content\/uploads\/2020\/04\/C41EAF92-7D33-490C-AAD8-E03F02B7F01A-e1587906798846-768x1365.jpeg 768w, http:\/\/traba.org\/trabablog\/wp-content\/uploads\/2020\/04\/C41EAF92-7D33-490C-AAD8-E03F02B7F01A-e1587906798846-196x348.jpeg 196w, http:\/\/traba.org\/trabablog\/wp-content\/uploads\/2020\/04\/C41EAF92-7D33-490C-AAD8-E03F02B7F01A-e1587906798846-688x1223.jpeg 688w\" sizes=\"auto, (max-width: 576px) 100vw, 576px\" \/><\/p>\n<p>Tot i que en realitat, molta sensaci\u00f3 de perill conscientment no dev\u00edem tenir, perqu\u00e8 vam anar aquell cap de setmana del 15 de febrer a la Festa dels Traginers de Balsareny.<\/p>\n<p><img loading=\"lazy\" decoding=\"async\" class=\"aligncenter wp-image-17663 size-large\" src=\"http:\/\/www.traba.org\/trabablog\/wp-content\/uploads\/2020\/04\/58336F51-B1BC-4765-9839-06DAB19AD130-e1587906812436-768x1024.jpeg\" alt=\"\" width=\"700\" height=\"933\" srcset=\"http:\/\/traba.org\/trabablog\/wp-content\/uploads\/2020\/04\/58336F51-B1BC-4765-9839-06DAB19AD130-e1587906812436-768x1024.jpeg 768w, http:\/\/traba.org\/trabablog\/wp-content\/uploads\/2020\/04\/58336F51-B1BC-4765-9839-06DAB19AD130-e1587906812436-225x300.jpeg 225w, http:\/\/traba.org\/trabablog\/wp-content\/uploads\/2020\/04\/58336F51-B1BC-4765-9839-06DAB19AD130-e1587906812436-261x348.jpeg 261w, http:\/\/traba.org\/trabablog\/wp-content\/uploads\/2020\/04\/58336F51-B1BC-4765-9839-06DAB19AD130-e1587906812436-688x917.jpeg 688w\" sizes=\"auto, (max-width: 700px) 100vw, 700px\" \/> <img loading=\"lazy\" decoding=\"async\" class=\"aligncenter size-large wp-image-17664\" src=\"http:\/\/www.traba.org\/trabablog\/wp-content\/uploads\/2020\/04\/AD3CBA63-9FF6-4357-A775-FDFD814F421A-1024x768.jpeg\" alt=\"\" width=\"700\" height=\"525\" srcset=\"http:\/\/traba.org\/trabablog\/wp-content\/uploads\/2020\/04\/AD3CBA63-9FF6-4357-A775-FDFD814F421A-1024x768.jpeg 1024w, http:\/\/traba.org\/trabablog\/wp-content\/uploads\/2020\/04\/AD3CBA63-9FF6-4357-A775-FDFD814F421A-300x225.jpeg 300w, http:\/\/traba.org\/trabablog\/wp-content\/uploads\/2020\/04\/AD3CBA63-9FF6-4357-A775-FDFD814F421A-768x576.jpeg 768w, http:\/\/traba.org\/trabablog\/wp-content\/uploads\/2020\/04\/AD3CBA63-9FF6-4357-A775-FDFD814F421A-460x345.jpeg 460w, http:\/\/traba.org\/trabablog\/wp-content\/uploads\/2020\/04\/AD3CBA63-9FF6-4357-A775-FDFD814F421A-688x516.jpeg 688w\" sizes=\"auto, (max-width: 700px) 100vw, 700px\" \/> <img loading=\"lazy\" decoding=\"async\" class=\"aligncenter wp-image-17665 size-large\" src=\"http:\/\/www.traba.org\/trabablog\/wp-content\/uploads\/2020\/04\/9C5684C4-32F9-4F0A-B776-C07E9C23203D-e1587906896986-576x1024.jpeg\" alt=\"\" width=\"576\" height=\"1024\" srcset=\"http:\/\/traba.org\/trabablog\/wp-content\/uploads\/2020\/04\/9C5684C4-32F9-4F0A-B776-C07E9C23203D-e1587906896986-576x1024.jpeg 576w, http:\/\/traba.org\/trabablog\/wp-content\/uploads\/2020\/04\/9C5684C4-32F9-4F0A-B776-C07E9C23203D-e1587906896986-169x300.jpeg 169w, http:\/\/traba.org\/trabablog\/wp-content\/uploads\/2020\/04\/9C5684C4-32F9-4F0A-B776-C07E9C23203D-e1587906896986-768x1365.jpeg 768w, http:\/\/traba.org\/trabablog\/wp-content\/uploads\/2020\/04\/9C5684C4-32F9-4F0A-B776-C07E9C23203D-e1587906896986-196x348.jpeg 196w, http:\/\/traba.org\/trabablog\/wp-content\/uploads\/2020\/04\/9C5684C4-32F9-4F0A-B776-C07E9C23203D-e1587906896986-688x1223.jpeg 688w\" sizes=\"auto, (max-width: 576px) 100vw, 576px\" \/> <img loading=\"lazy\" decoding=\"async\" class=\"aligncenter wp-image-17666 size-large\" src=\"http:\/\/www.traba.org\/trabablog\/wp-content\/uploads\/2020\/04\/C7E85343-1B4F-4CD3-995C-ACCC13E9A57B-e1587906909540-576x1024.jpeg\" alt=\"\" width=\"576\" height=\"1024\" srcset=\"http:\/\/traba.org\/trabablog\/wp-content\/uploads\/2020\/04\/C7E85343-1B4F-4CD3-995C-ACCC13E9A57B-e1587906909540-576x1024.jpeg 576w, http:\/\/traba.org\/trabablog\/wp-content\/uploads\/2020\/04\/C7E85343-1B4F-4CD3-995C-ACCC13E9A57B-e1587906909540-169x300.jpeg 169w, http:\/\/traba.org\/trabablog\/wp-content\/uploads\/2020\/04\/C7E85343-1B4F-4CD3-995C-ACCC13E9A57B-e1587906909540-768x1365.jpeg 768w, http:\/\/traba.org\/trabablog\/wp-content\/uploads\/2020\/04\/C7E85343-1B4F-4CD3-995C-ACCC13E9A57B-e1587906909540-196x348.jpeg 196w, http:\/\/traba.org\/trabablog\/wp-content\/uploads\/2020\/04\/C7E85343-1B4F-4CD3-995C-ACCC13E9A57B-e1587906909540-688x1223.jpeg 688w\" sizes=\"auto, (max-width: 576px) 100vw, 576px\" \/> <img loading=\"lazy\" decoding=\"async\" class=\"aligncenter wp-image-17667 size-large\" src=\"http:\/\/www.traba.org\/trabablog\/wp-content\/uploads\/2020\/04\/A84A72A2-818B-4E80-A4A4-E6ED4E5F0F7C-e1587906922388-576x1024.jpeg\" alt=\"\" width=\"576\" height=\"1024\" srcset=\"http:\/\/traba.org\/trabablog\/wp-content\/uploads\/2020\/04\/A84A72A2-818B-4E80-A4A4-E6ED4E5F0F7C-e1587906922388-576x1024.jpeg 576w, http:\/\/traba.org\/trabablog\/wp-content\/uploads\/2020\/04\/A84A72A2-818B-4E80-A4A4-E6ED4E5F0F7C-e1587906922388-169x300.jpeg 169w, http:\/\/traba.org\/trabablog\/wp-content\/uploads\/2020\/04\/A84A72A2-818B-4E80-A4A4-E6ED4E5F0F7C-e1587906922388-768x1365.jpeg 768w, http:\/\/traba.org\/trabablog\/wp-content\/uploads\/2020\/04\/A84A72A2-818B-4E80-A4A4-E6ED4E5F0F7C-e1587906922388-196x348.jpeg 196w, http:\/\/traba.org\/trabablog\/wp-content\/uploads\/2020\/04\/A84A72A2-818B-4E80-A4A4-E6ED4E5F0F7C-e1587906922388-688x1223.jpeg 688w\" sizes=\"auto, (max-width: 576px) 100vw, 576px\" \/> <img loading=\"lazy\" decoding=\"async\" class=\"aligncenter size-large wp-image-17668\" src=\"http:\/\/www.traba.org\/trabablog\/wp-content\/uploads\/2020\/04\/BFAEAC63-9747-4B81-A958-9CD5CF7372B8-1024x768.jpeg\" alt=\"\" width=\"700\" height=\"525\" srcset=\"http:\/\/traba.org\/trabablog\/wp-content\/uploads\/2020\/04\/BFAEAC63-9747-4B81-A958-9CD5CF7372B8-1024x768.jpeg 1024w, http:\/\/traba.org\/trabablog\/wp-content\/uploads\/2020\/04\/BFAEAC63-9747-4B81-A958-9CD5CF7372B8-300x225.jpeg 300w, http:\/\/traba.org\/trabablog\/wp-content\/uploads\/2020\/04\/BFAEAC63-9747-4B81-A958-9CD5CF7372B8-768x576.jpeg 768w, http:\/\/traba.org\/trabablog\/wp-content\/uploads\/2020\/04\/BFAEAC63-9747-4B81-A958-9CD5CF7372B8-460x345.jpeg 460w, http:\/\/traba.org\/trabablog\/wp-content\/uploads\/2020\/04\/BFAEAC63-9747-4B81-A958-9CD5CF7372B8-688x516.jpeg 688w\" sizes=\"auto, (max-width: 700px) 100vw, 700px\" \/> <img loading=\"lazy\" decoding=\"async\" class=\"aligncenter wp-image-17669 size-large\" src=\"http:\/\/www.traba.org\/trabablog\/wp-content\/uploads\/2020\/04\/32D9E14D-E596-4464-A645-D7010367F06B-e1587906938868-1024x1024.jpeg\" alt=\"\" width=\"700\" height=\"700\" srcset=\"http:\/\/traba.org\/trabablog\/wp-content\/uploads\/2020\/04\/32D9E14D-E596-4464-A645-D7010367F06B-e1587906938868-1024x1024.jpeg 1024w, http:\/\/traba.org\/trabablog\/wp-content\/uploads\/2020\/04\/32D9E14D-E596-4464-A645-D7010367F06B-e1587906938868-150x150.jpeg 150w, http:\/\/traba.org\/trabablog\/wp-content\/uploads\/2020\/04\/32D9E14D-E596-4464-A645-D7010367F06B-e1587906938868-300x300.jpeg 300w, http:\/\/traba.org\/trabablog\/wp-content\/uploads\/2020\/04\/32D9E14D-E596-4464-A645-D7010367F06B-e1587906938868-768x768.jpeg 768w, http:\/\/traba.org\/trabablog\/wp-content\/uploads\/2020\/04\/32D9E14D-E596-4464-A645-D7010367F06B-e1587906938868-200x200.jpeg 200w, http:\/\/traba.org\/trabablog\/wp-content\/uploads\/2020\/04\/32D9E14D-E596-4464-A645-D7010367F06B-e1587906938868-348x348.jpeg 348w, http:\/\/traba.org\/trabablog\/wp-content\/uploads\/2020\/04\/32D9E14D-E596-4464-A645-D7010367F06B-e1587906938868-688x688.jpeg 688w\" sizes=\"auto, (max-width: 700px) 100vw, 700px\" \/><\/p>\n<p>I no parava de passejar. Dilluns 17 de febrer, not\u00edcies de la Xina (sembla que ocultaven alguna cosa&#8230;) i els infectats del creuer van augmentant. Realment, les not\u00edcies molt preocupants no semblaven (mirant les portades dels diaris d&#8217;aquell dia).<\/p>\n<p><img loading=\"lazy\" decoding=\"async\" class=\"aligncenter size-large wp-image-17670\" src=\"http:\/\/www.traba.org\/trabablog\/wp-content\/uploads\/2020\/04\/4DD0C650-ADB4-4AD9-A8A6-B8D08443329C-1024x576.jpeg\" alt=\"\" width=\"700\" height=\"394\" srcset=\"http:\/\/traba.org\/trabablog\/wp-content\/uploads\/2020\/04\/4DD0C650-ADB4-4AD9-A8A6-B8D08443329C-1024x576.jpeg 1024w, http:\/\/traba.org\/trabablog\/wp-content\/uploads\/2020\/04\/4DD0C650-ADB4-4AD9-A8A6-B8D08443329C-300x169.jpeg 300w, http:\/\/traba.org\/trabablog\/wp-content\/uploads\/2020\/04\/4DD0C650-ADB4-4AD9-A8A6-B8D08443329C-768x432.jpeg 768w, http:\/\/traba.org\/trabablog\/wp-content\/uploads\/2020\/04\/4DD0C650-ADB4-4AD9-A8A6-B8D08443329C-460x259.jpeg 460w, http:\/\/traba.org\/trabablog\/wp-content\/uploads\/2020\/04\/4DD0C650-ADB4-4AD9-A8A6-B8D08443329C-688x387.jpeg 688w\" sizes=\"auto, (max-width: 700px) 100vw, 700px\" \/> <img loading=\"lazy\" decoding=\"async\" class=\"aligncenter size-large wp-image-17671\" src=\"http:\/\/www.traba.org\/trabablog\/wp-content\/uploads\/2020\/04\/D11B6596-32E8-4DC7-8FFE-F7F8D05159C1-1024x576.jpeg\" alt=\"\" width=\"700\" height=\"394\" srcset=\"http:\/\/traba.org\/trabablog\/wp-content\/uploads\/2020\/04\/D11B6596-32E8-4DC7-8FFE-F7F8D05159C1-1024x576.jpeg 1024w, http:\/\/traba.org\/trabablog\/wp-content\/uploads\/2020\/04\/D11B6596-32E8-4DC7-8FFE-F7F8D05159C1-300x169.jpeg 300w, http:\/\/traba.org\/trabablog\/wp-content\/uploads\/2020\/04\/D11B6596-32E8-4DC7-8FFE-F7F8D05159C1-768x432.jpeg 768w, http:\/\/traba.org\/trabablog\/wp-content\/uploads\/2020\/04\/D11B6596-32E8-4DC7-8FFE-F7F8D05159C1-460x259.jpeg 460w, http:\/\/traba.org\/trabablog\/wp-content\/uploads\/2020\/04\/D11B6596-32E8-4DC7-8FFE-F7F8D05159C1-688x387.jpeg 688w\" sizes=\"auto, (max-width: 700px) 100vw, 700px\" \/><\/p>\n<p>Els dinars del dilluns amb el Bruno \ud83d\ude42<\/p>\n<p><img loading=\"lazy\" decoding=\"async\" class=\"aligncenter wp-image-17672 size-large\" src=\"http:\/\/www.traba.org\/trabablog\/wp-content\/uploads\/2020\/04\/C56073E0-A3E3-4DB8-A7EA-2D449FB13734-e1587907210642-768x1024.jpeg\" alt=\"\" width=\"700\" height=\"933\" srcset=\"http:\/\/traba.org\/trabablog\/wp-content\/uploads\/2020\/04\/C56073E0-A3E3-4DB8-A7EA-2D449FB13734-e1587907210642-768x1024.jpeg 768w, http:\/\/traba.org\/trabablog\/wp-content\/uploads\/2020\/04\/C56073E0-A3E3-4DB8-A7EA-2D449FB13734-e1587907210642-225x300.jpeg 225w, http:\/\/traba.org\/trabablog\/wp-content\/uploads\/2020\/04\/C56073E0-A3E3-4DB8-A7EA-2D449FB13734-e1587907210642-261x348.jpeg 261w, http:\/\/traba.org\/trabablog\/wp-content\/uploads\/2020\/04\/C56073E0-A3E3-4DB8-A7EA-2D449FB13734-e1587907210642-688x917.jpeg 688w, http:\/\/traba.org\/trabablog\/wp-content\/uploads\/2020\/04\/C56073E0-A3E3-4DB8-A7EA-2D449FB13734-e1587907210642.jpeg 960w\" sizes=\"auto, (max-width: 700px) 100vw, 700px\" \/><\/p>\n<p>Mentrestant, el Francesc segueix passejant.<\/p>\n<p><img loading=\"lazy\" decoding=\"async\" class=\"aligncenter size-large wp-image-17673\" src=\"http:\/\/www.traba.org\/trabablog\/wp-content\/uploads\/2020\/04\/2965E293-B644-4B25-80E0-B3707C15F33E-1024x576.jpeg\" alt=\"\" width=\"700\" height=\"394\" srcset=\"http:\/\/traba.org\/trabablog\/wp-content\/uploads\/2020\/04\/2965E293-B644-4B25-80E0-B3707C15F33E-1024x576.jpeg 1024w, http:\/\/traba.org\/trabablog\/wp-content\/uploads\/2020\/04\/2965E293-B644-4B25-80E0-B3707C15F33E-300x169.jpeg 300w, http:\/\/traba.org\/trabablog\/wp-content\/uploads\/2020\/04\/2965E293-B644-4B25-80E0-B3707C15F33E-768x432.jpeg 768w, http:\/\/traba.org\/trabablog\/wp-content\/uploads\/2020\/04\/2965E293-B644-4B25-80E0-B3707C15F33E-460x259.jpeg 460w, http:\/\/traba.org\/trabablog\/wp-content\/uploads\/2020\/04\/2965E293-B644-4B25-80E0-B3707C15F33E-688x387.jpeg 688w\" sizes=\"auto, (max-width: 700px) 100vw, 700px\" \/> <img loading=\"lazy\" decoding=\"async\" class=\"aligncenter size-large wp-image-17674\" src=\"http:\/\/www.traba.org\/trabablog\/wp-content\/uploads\/2020\/04\/85798FE4-DB51-43B3-81D1-1DE6E8FE5930-1024x576.jpeg\" alt=\"\" width=\"700\" height=\"394\" \/><\/p>\n<p>18 de febrer, a sant Pau, cam\u00ed de Montjuic. Les primeres planes dels diaris no parlen de coronavirus.<\/p>\n<p><img loading=\"lazy\" decoding=\"async\" class=\"aligncenter wp-image-17675 size-large\" src=\"http:\/\/www.traba.org\/trabablog\/wp-content\/uploads\/2020\/04\/F4858051-9842-4857-9E3C-6BDB94794CAB-e1587907335787-576x1024.jpeg\" alt=\"\" width=\"576\" height=\"1024\" srcset=\"http:\/\/traba.org\/trabablog\/wp-content\/uploads\/2020\/04\/F4858051-9842-4857-9E3C-6BDB94794CAB-e1587907335787-576x1024.jpeg 576w, http:\/\/traba.org\/trabablog\/wp-content\/uploads\/2020\/04\/F4858051-9842-4857-9E3C-6BDB94794CAB-e1587907335787-169x300.jpeg 169w, http:\/\/traba.org\/trabablog\/wp-content\/uploads\/2020\/04\/F4858051-9842-4857-9E3C-6BDB94794CAB-e1587907335787-768x1365.jpeg 768w, http:\/\/traba.org\/trabablog\/wp-content\/uploads\/2020\/04\/F4858051-9842-4857-9E3C-6BDB94794CAB-e1587907335787-196x348.jpeg 196w, http:\/\/traba.org\/trabablog\/wp-content\/uploads\/2020\/04\/F4858051-9842-4857-9E3C-6BDB94794CAB-e1587907335787-688x1223.jpeg 688w\" sizes=\"auto, (max-width: 576px) 100vw, 576px\" \/><\/p>\n<p>El passad\u00eds de Paral\u00b7lel que va a Montjuic.<\/p>\n<p><img loading=\"lazy\" decoding=\"async\" class=\"aligncenter size-large wp-image-17676\" src=\"http:\/\/www.traba.org\/trabablog\/wp-content\/uploads\/2020\/04\/028CA448-5526-4262-83D8-F6A82D312A89-1024x576.jpeg\" alt=\"\" width=\"700\" height=\"394\" srcset=\"http:\/\/traba.org\/trabablog\/wp-content\/uploads\/2020\/04\/028CA448-5526-4262-83D8-F6A82D312A89-1024x576.jpeg 1024w, http:\/\/traba.org\/trabablog\/wp-content\/uploads\/2020\/04\/028CA448-5526-4262-83D8-F6A82D312A89-300x169.jpeg 300w, http:\/\/traba.org\/trabablog\/wp-content\/uploads\/2020\/04\/028CA448-5526-4262-83D8-F6A82D312A89-768x432.jpeg 768w, http:\/\/traba.org\/trabablog\/wp-content\/uploads\/2020\/04\/028CA448-5526-4262-83D8-F6A82D312A89-460x259.jpeg 460w, http:\/\/traba.org\/trabablog\/wp-content\/uploads\/2020\/04\/028CA448-5526-4262-83D8-F6A82D312A89-688x387.jpeg 688w\" sizes=\"auto, (max-width: 700px) 100vw, 700px\" \/> <img loading=\"lazy\" decoding=\"async\" class=\"aligncenter size-large wp-image-17677\" src=\"http:\/\/www.traba.org\/trabablog\/wp-content\/uploads\/2020\/04\/F4ADB54A-FF65-4BF5-9E2D-B8CA1A7389AD-1024x576.jpeg\" alt=\"\" width=\"700\" height=\"394\" srcset=\"http:\/\/traba.org\/trabablog\/wp-content\/uploads\/2020\/04\/F4ADB54A-FF65-4BF5-9E2D-B8CA1A7389AD-1024x576.jpeg 1024w, http:\/\/traba.org\/trabablog\/wp-content\/uploads\/2020\/04\/F4ADB54A-FF65-4BF5-9E2D-B8CA1A7389AD-300x169.jpeg 300w, http:\/\/traba.org\/trabablog\/wp-content\/uploads\/2020\/04\/F4ADB54A-FF65-4BF5-9E2D-B8CA1A7389AD-768x432.jpeg 768w, http:\/\/traba.org\/trabablog\/wp-content\/uploads\/2020\/04\/F4ADB54A-FF65-4BF5-9E2D-B8CA1A7389AD-460x259.jpeg 460w, http:\/\/traba.org\/trabablog\/wp-content\/uploads\/2020\/04\/F4ADB54A-FF65-4BF5-9E2D-B8CA1A7389AD-688x387.jpeg 688w\" sizes=\"auto, (max-width: 700px) 100vw, 700px\" \/><\/p>\n<p>19 de febrer, a la Ciutadella amb el F\u00e8lix.<\/p>\n<p><img loading=\"lazy\" decoding=\"async\" class=\"aligncenter wp-image-17678 size-large\" src=\"http:\/\/www.traba.org\/trabablog\/wp-content\/uploads\/2020\/04\/EB45AFA2-7D19-4CB6-B540-3921FE991BE8-e1587907541137-576x1024.jpeg\" alt=\"\" width=\"576\" height=\"1024\" srcset=\"http:\/\/traba.org\/trabablog\/wp-content\/uploads\/2020\/04\/EB45AFA2-7D19-4CB6-B540-3921FE991BE8-e1587907541137-576x1024.jpeg 576w, http:\/\/traba.org\/trabablog\/wp-content\/uploads\/2020\/04\/EB45AFA2-7D19-4CB6-B540-3921FE991BE8-e1587907541137-169x300.jpeg 169w, http:\/\/traba.org\/trabablog\/wp-content\/uploads\/2020\/04\/EB45AFA2-7D19-4CB6-B540-3921FE991BE8-e1587907541137-768x1365.jpeg 768w, http:\/\/traba.org\/trabablog\/wp-content\/uploads\/2020\/04\/EB45AFA2-7D19-4CB6-B540-3921FE991BE8-e1587907541137-196x348.jpeg 196w, http:\/\/traba.org\/trabablog\/wp-content\/uploads\/2020\/04\/EB45AFA2-7D19-4CB6-B540-3921FE991BE8-e1587907541137-688x1223.jpeg 688w\" sizes=\"auto, (max-width: 576px) 100vw, 576px\" \/><\/p>\n<div style=\"width: 952px;\" class=\"wp-video\"><video class=\"wp-video-shortcode\" id=\"video-17611-1\" width=\"952\" height=\"536\" preload=\"metadata\" controls=\"controls\"><source type=\"video\/mp4\" src=\"http:\/\/www.traba.org\/trabablog\/wp-content\/uploads\/2020\/04\/45C3F8DB-6264-4D94-B8B5-B35E415A2E6B.mp4?_=1\" \/><a href=\"http:\/\/www.traba.org\/trabablog\/wp-content\/uploads\/2020\/04\/45C3F8DB-6264-4D94-B8B5-B35E415A2E6B.mp4\">http:\/\/www.traba.org\/trabablog\/wp-content\/uploads\/2020\/04\/45C3F8DB-6264-4D94-B8B5-B35E415A2E6B.mp4<\/a><\/video><\/div>\n<p>Mentre la Lola, el Bruno i jo al Pati Llimona pintant cares.<\/p>\n<p><img loading=\"lazy\" decoding=\"async\" class=\"aligncenter wp-image-17680 size-large\" src=\"http:\/\/www.traba.org\/trabablog\/wp-content\/uploads\/2020\/04\/0B4C4B4A-3143-403E-A272-55B74E483D90-e1587907596798-768x1024.jpeg\" alt=\"\" width=\"700\" height=\"933\" srcset=\"http:\/\/traba.org\/trabablog\/wp-content\/uploads\/2020\/04\/0B4C4B4A-3143-403E-A272-55B74E483D90-e1587907596798-768x1024.jpeg 768w, http:\/\/traba.org\/trabablog\/wp-content\/uploads\/2020\/04\/0B4C4B4A-3143-403E-A272-55B74E483D90-e1587907596798-225x300.jpeg 225w, http:\/\/traba.org\/trabablog\/wp-content\/uploads\/2020\/04\/0B4C4B4A-3143-403E-A272-55B74E483D90-e1587907596798-261x348.jpeg 261w, http:\/\/traba.org\/trabablog\/wp-content\/uploads\/2020\/04\/0B4C4B4A-3143-403E-A272-55B74E483D90-e1587907596798-688x917.jpeg 688w\" sizes=\"auto, (max-width: 700px) 100vw, 700px\" \/><\/p>\n<p>21 de febrer, arriba el Carnestoltes. Flash i Nikki, la peque\u00f1a aprendiz de bruja.<\/p>\n<p><img loading=\"lazy\" decoding=\"async\" class=\"aligncenter wp-image-17681 size-large\" src=\"http:\/\/www.traba.org\/trabablog\/wp-content\/uploads\/2020\/04\/157A5917-FCA1-4F69-8C0B-C225B8B1EFB8-e1587907614546-768x1024.jpeg\" alt=\"\" width=\"700\" height=\"933\" srcset=\"http:\/\/traba.org\/trabablog\/wp-content\/uploads\/2020\/04\/157A5917-FCA1-4F69-8C0B-C225B8B1EFB8-e1587907614546-768x1024.jpeg 768w, http:\/\/traba.org\/trabablog\/wp-content\/uploads\/2020\/04\/157A5917-FCA1-4F69-8C0B-C225B8B1EFB8-e1587907614546-225x300.jpeg 225w, http:\/\/traba.org\/trabablog\/wp-content\/uploads\/2020\/04\/157A5917-FCA1-4F69-8C0B-C225B8B1EFB8-e1587907614546-261x348.jpeg 261w, http:\/\/traba.org\/trabablog\/wp-content\/uploads\/2020\/04\/157A5917-FCA1-4F69-8C0B-C225B8B1EFB8-e1587907614546-688x917.jpeg 688w\" sizes=\"auto, (max-width: 700px) 100vw, 700px\" \/> <img loading=\"lazy\" decoding=\"async\" class=\"aligncenter size-large wp-image-17682\" src=\"http:\/\/www.traba.org\/trabablog\/wp-content\/uploads\/2020\/04\/105AC461-F3C9-4DB6-BA0B-396B4F89A4BE-1024x576.jpeg\" alt=\"\" width=\"700\" height=\"394\" srcset=\"http:\/\/traba.org\/trabablog\/wp-content\/uploads\/2020\/04\/105AC461-F3C9-4DB6-BA0B-396B4F89A4BE-1024x576.jpeg 1024w, http:\/\/traba.org\/trabablog\/wp-content\/uploads\/2020\/04\/105AC461-F3C9-4DB6-BA0B-396B4F89A4BE-300x169.jpeg 300w, http:\/\/traba.org\/trabablog\/wp-content\/uploads\/2020\/04\/105AC461-F3C9-4DB6-BA0B-396B4F89A4BE-768x432.jpeg 768w, http:\/\/traba.org\/trabablog\/wp-content\/uploads\/2020\/04\/105AC461-F3C9-4DB6-BA0B-396B4F89A4BE-460x259.jpeg 460w, http:\/\/traba.org\/trabablog\/wp-content\/uploads\/2020\/04\/105AC461-F3C9-4DB6-BA0B-396B4F89A4BE-688x387.jpeg 688w\" sizes=\"auto, (max-width: 700px) 100vw, 700px\" \/><\/p>\n<p>I cap a Sitges un altre cop.<\/p>\n<p><img loading=\"lazy\" decoding=\"async\" class=\"aligncenter wp-image-17683 size-large\" src=\"http:\/\/www.traba.org\/trabablog\/wp-content\/uploads\/2020\/04\/1624A5DB-9003-4FD2-BB8B-480C80BDC3D1-e1587907658509-1024x576.jpeg\" alt=\"\" width=\"700\" height=\"394\" srcset=\"http:\/\/traba.org\/trabablog\/wp-content\/uploads\/2020\/04\/1624A5DB-9003-4FD2-BB8B-480C80BDC3D1-e1587907658509-1024x576.jpeg 1024w, http:\/\/traba.org\/trabablog\/wp-content\/uploads\/2020\/04\/1624A5DB-9003-4FD2-BB8B-480C80BDC3D1-e1587907658509-300x169.jpeg 300w, http:\/\/traba.org\/trabablog\/wp-content\/uploads\/2020\/04\/1624A5DB-9003-4FD2-BB8B-480C80BDC3D1-e1587907658509-768x432.jpeg 768w, http:\/\/traba.org\/trabablog\/wp-content\/uploads\/2020\/04\/1624A5DB-9003-4FD2-BB8B-480C80BDC3D1-e1587907658509-460x259.jpeg 460w, http:\/\/traba.org\/trabablog\/wp-content\/uploads\/2020\/04\/1624A5DB-9003-4FD2-BB8B-480C80BDC3D1-e1587907658509-688x387.jpeg 688w\" sizes=\"auto, (max-width: 700px) 100vw, 700px\" \/><\/p>\n<p>Roba estesa. Realment, van colorits els nens.<\/p>\n<p><img loading=\"lazy\" decoding=\"async\" class=\"aligncenter size-large wp-image-17684\" src=\"http:\/\/www.traba.org\/trabablog\/wp-content\/uploads\/2020\/04\/2EF73E55-8901-405F-BF6D-4D1016E9F078_1_201_a-1024x596.jpeg\" alt=\"\" width=\"700\" height=\"407\" srcset=\"http:\/\/traba.org\/trabablog\/wp-content\/uploads\/2020\/04\/2EF73E55-8901-405F-BF6D-4D1016E9F078_1_201_a-1024x596.jpeg 1024w, http:\/\/traba.org\/trabablog\/wp-content\/uploads\/2020\/04\/2EF73E55-8901-405F-BF6D-4D1016E9F078_1_201_a-300x175.jpeg 300w, http:\/\/traba.org\/trabablog\/wp-content\/uploads\/2020\/04\/2EF73E55-8901-405F-BF6D-4D1016E9F078_1_201_a-768x447.jpeg 768w, http:\/\/traba.org\/trabablog\/wp-content\/uploads\/2020\/04\/2EF73E55-8901-405F-BF6D-4D1016E9F078_1_201_a-460x268.jpeg 460w, http:\/\/traba.org\/trabablog\/wp-content\/uploads\/2020\/04\/2EF73E55-8901-405F-BF6D-4D1016E9F078_1_201_a-688x401.jpeg 688w\" sizes=\"auto, (max-width: 700px) 100vw, 700px\" \/> <img loading=\"lazy\" decoding=\"async\" class=\"aligncenter wp-image-17685 size-large\" src=\"http:\/\/www.traba.org\/trabablog\/wp-content\/uploads\/2020\/04\/DA541BFA-6B49-47F2-B475-DD6985237E3F-e1587907697981-768x1024.jpeg\" alt=\"\" width=\"700\" height=\"933\" srcset=\"http:\/\/traba.org\/trabablog\/wp-content\/uploads\/2020\/04\/DA541BFA-6B49-47F2-B475-DD6985237E3F-e1587907697981-768x1024.jpeg 768w, http:\/\/traba.org\/trabablog\/wp-content\/uploads\/2020\/04\/DA541BFA-6B49-47F2-B475-DD6985237E3F-e1587907697981-225x300.jpeg 225w, http:\/\/traba.org\/trabablog\/wp-content\/uploads\/2020\/04\/DA541BFA-6B49-47F2-B475-DD6985237E3F-e1587907697981-261x348.jpeg 261w, http:\/\/traba.org\/trabablog\/wp-content\/uploads\/2020\/04\/DA541BFA-6B49-47F2-B475-DD6985237E3F-e1587907697981-688x917.jpeg 688w\" sizes=\"auto, (max-width: 700px) 100vw, 700px\" \/> <img loading=\"lazy\" decoding=\"async\" class=\"aligncenter size-large wp-image-17686\" src=\"http:\/\/www.traba.org\/trabablog\/wp-content\/uploads\/2020\/04\/64E10D10-907C-44FC-AF90-68F7222DBD72-1024x768.jpeg\" alt=\"\" width=\"700\" height=\"525\" srcset=\"http:\/\/traba.org\/trabablog\/wp-content\/uploads\/2020\/04\/64E10D10-907C-44FC-AF90-68F7222DBD72-1024x768.jpeg 1024w, http:\/\/traba.org\/trabablog\/wp-content\/uploads\/2020\/04\/64E10D10-907C-44FC-AF90-68F7222DBD72-300x225.jpeg 300w, http:\/\/traba.org\/trabablog\/wp-content\/uploads\/2020\/04\/64E10D10-907C-44FC-AF90-68F7222DBD72-768x576.jpeg 768w, http:\/\/traba.org\/trabablog\/wp-content\/uploads\/2020\/04\/64E10D10-907C-44FC-AF90-68F7222DBD72-460x345.jpeg 460w, http:\/\/traba.org\/trabablog\/wp-content\/uploads\/2020\/04\/64E10D10-907C-44FC-AF90-68F7222DBD72-688x516.jpeg 688w\" sizes=\"auto, (max-width: 700px) 100vw, 700px\" \/> <img loading=\"lazy\" decoding=\"async\" class=\"aligncenter wp-image-17687 size-large\" src=\"http:\/\/www.traba.org\/trabablog\/wp-content\/uploads\/2020\/04\/3B44D6A4-AEB6-4549-A9E3-2A5D88A36855-e1587907711823-576x1024.jpeg\" alt=\"\" width=\"576\" height=\"1024\" srcset=\"http:\/\/traba.org\/trabablog\/wp-content\/uploads\/2020\/04\/3B44D6A4-AEB6-4549-A9E3-2A5D88A36855-e1587907711823-576x1024.jpeg 576w, http:\/\/traba.org\/trabablog\/wp-content\/uploads\/2020\/04\/3B44D6A4-AEB6-4549-A9E3-2A5D88A36855-e1587907711823-169x300.jpeg 169w, http:\/\/traba.org\/trabablog\/wp-content\/uploads\/2020\/04\/3B44D6A4-AEB6-4549-A9E3-2A5D88A36855-e1587907711823-768x1365.jpeg 768w, http:\/\/traba.org\/trabablog\/wp-content\/uploads\/2020\/04\/3B44D6A4-AEB6-4549-A9E3-2A5D88A36855-e1587907711823-196x348.jpeg 196w, http:\/\/traba.org\/trabablog\/wp-content\/uploads\/2020\/04\/3B44D6A4-AEB6-4549-A9E3-2A5D88A36855-e1587907711823-688x1223.jpeg 688w\" sizes=\"auto, (max-width: 576px) 100vw, 576px\" \/> <img loading=\"lazy\" decoding=\"async\" class=\"aligncenter wp-image-17688 size-large\" src=\"http:\/\/www.traba.org\/trabablog\/wp-content\/uploads\/2020\/04\/E0050A77-0395-403B-AF34-8EF8F0F6F2B2-e1587907723558-576x1024.jpeg\" alt=\"\" width=\"576\" height=\"1024\" srcset=\"http:\/\/traba.org\/trabablog\/wp-content\/uploads\/2020\/04\/E0050A77-0395-403B-AF34-8EF8F0F6F2B2-e1587907723558-576x1024.jpeg 576w, http:\/\/traba.org\/trabablog\/wp-content\/uploads\/2020\/04\/E0050A77-0395-403B-AF34-8EF8F0F6F2B2-e1587907723558-169x300.jpeg 169w, http:\/\/traba.org\/trabablog\/wp-content\/uploads\/2020\/04\/E0050A77-0395-403B-AF34-8EF8F0F6F2B2-e1587907723558-768x1365.jpeg 768w, http:\/\/traba.org\/trabablog\/wp-content\/uploads\/2020\/04\/E0050A77-0395-403B-AF34-8EF8F0F6F2B2-e1587907723558-196x348.jpeg 196w, http:\/\/traba.org\/trabablog\/wp-content\/uploads\/2020\/04\/E0050A77-0395-403B-AF34-8EF8F0F6F2B2-e1587907723558-688x1223.jpeg 688w\" sizes=\"auto, (max-width: 576px) 100vw, 576px\" \/> <img loading=\"lazy\" decoding=\"async\" class=\"aligncenter wp-image-17689 size-large\" src=\"http:\/\/www.traba.org\/trabablog\/wp-content\/uploads\/2020\/04\/C7283BEF-4759-40ED-A843-FE8A7B5658E0-e1587907741308-576x1024.jpeg\" alt=\"\" width=\"576\" height=\"1024\" srcset=\"http:\/\/traba.org\/trabablog\/wp-content\/uploads\/2020\/04\/C7283BEF-4759-40ED-A843-FE8A7B5658E0-e1587907741308-576x1024.jpeg 576w, http:\/\/traba.org\/trabablog\/wp-content\/uploads\/2020\/04\/C7283BEF-4759-40ED-A843-FE8A7B5658E0-e1587907741308-169x300.jpeg 169w, http:\/\/traba.org\/trabablog\/wp-content\/uploads\/2020\/04\/C7283BEF-4759-40ED-A843-FE8A7B5658E0-e1587907741308-768x1365.jpeg 768w, http:\/\/traba.org\/trabablog\/wp-content\/uploads\/2020\/04\/C7283BEF-4759-40ED-A843-FE8A7B5658E0-e1587907741308-196x348.jpeg 196w, http:\/\/traba.org\/trabablog\/wp-content\/uploads\/2020\/04\/C7283BEF-4759-40ED-A843-FE8A7B5658E0-e1587907741308-688x1223.jpeg 688w\" sizes=\"auto, (max-width: 576px) 100vw, 576px\" \/><\/p>\n<div style=\"width: 952px;\" class=\"wp-video\"><video class=\"wp-video-shortcode\" id=\"video-17611-2\" width=\"952\" height=\"536\" preload=\"metadata\" controls=\"controls\"><source type=\"video\/mp4\" src=\"http:\/\/www.traba.org\/trabablog\/wp-content\/uploads\/2020\/04\/A7F55DE4-CC88-49FD-8A98-C17B120F8B91.mp4?_=2\" \/><a href=\"http:\/\/www.traba.org\/trabablog\/wp-content\/uploads\/2020\/04\/A7F55DE4-CC88-49FD-8A98-C17B120F8B91.mp4\">http:\/\/www.traba.org\/trabablog\/wp-content\/uploads\/2020\/04\/A7F55DE4-CC88-49FD-8A98-C17B120F8B91.mp4<\/a><\/video><\/div>\n<p><img loading=\"lazy\" decoding=\"async\" class=\"aligncenter wp-image-17691 size-large\" src=\"http:\/\/www.traba.org\/trabablog\/wp-content\/uploads\/2020\/04\/E0A161DF-D17A-4D0B-B0C7-70601C8FC23C-e1587907757530-768x1024.jpeg\" alt=\"\" width=\"700\" height=\"933\" srcset=\"http:\/\/traba.org\/trabablog\/wp-content\/uploads\/2020\/04\/E0A161DF-D17A-4D0B-B0C7-70601C8FC23C-e1587907757530-768x1024.jpeg 768w, http:\/\/traba.org\/trabablog\/wp-content\/uploads\/2020\/04\/E0A161DF-D17A-4D0B-B0C7-70601C8FC23C-e1587907757530-225x300.jpeg 225w, http:\/\/traba.org\/trabablog\/wp-content\/uploads\/2020\/04\/E0A161DF-D17A-4D0B-B0C7-70601C8FC23C-e1587907757530-261x348.jpeg 261w, http:\/\/traba.org\/trabablog\/wp-content\/uploads\/2020\/04\/E0A161DF-D17A-4D0B-B0C7-70601C8FC23C-e1587907757530-688x917.jpeg 688w\" sizes=\"auto, (max-width: 700px) 100vw, 700px\" \/><\/p>\n<p>Dia 27 de febrer. Seguim passejant. Primer cas no importat a Sevilla (tot i que ara van prou b\u00e9), amb pneum\u00f2nia. Sabent el qu\u00e8 sabem ara, ja comen\u00e7ava a apuntar maneres el virus. 11 casos confirmats a Espanya, l&#8217;estat d&#8217;alerta passa a moderada. Tot i que aquest dia es reuneixen S\u00e1nchez i Torra en una taula a menys de 1 metre de dist\u00e0cia. Dies despr\u00e9s els dos donen positiu!<\/p>\n<p><img loading=\"lazy\" decoding=\"async\" class=\"aligncenter size-large wp-image-17692\" src=\"http:\/\/www.traba.org\/trabablog\/wp-content\/uploads\/2020\/04\/B1806624-4698-4B3B-AC6D-582AB4F5D2B4-1024x576.jpeg\" alt=\"\" width=\"700\" height=\"394\" srcset=\"http:\/\/traba.org\/trabablog\/wp-content\/uploads\/2020\/04\/B1806624-4698-4B3B-AC6D-582AB4F5D2B4-1024x576.jpeg 1024w, http:\/\/traba.org\/trabablog\/wp-content\/uploads\/2020\/04\/B1806624-4698-4B3B-AC6D-582AB4F5D2B4-300x169.jpeg 300w, http:\/\/traba.org\/trabablog\/wp-content\/uploads\/2020\/04\/B1806624-4698-4B3B-AC6D-582AB4F5D2B4-768x432.jpeg 768w, http:\/\/traba.org\/trabablog\/wp-content\/uploads\/2020\/04\/B1806624-4698-4B3B-AC6D-582AB4F5D2B4-460x259.jpeg 460w, http:\/\/traba.org\/trabablog\/wp-content\/uploads\/2020\/04\/B1806624-4698-4B3B-AC6D-582AB4F5D2B4-688x387.jpeg 688w\" sizes=\"auto, (max-width: 700px) 100vw, 700px\" \/> <img loading=\"lazy\" decoding=\"async\" class=\"aligncenter size-large wp-image-17693\" src=\"http:\/\/www.traba.org\/trabablog\/wp-content\/uploads\/2020\/04\/DAEBC12D-25BF-4544-AE1E-C4E04E37C645-1024x576.jpeg\" alt=\"\" width=\"700\" height=\"394\" srcset=\"http:\/\/traba.org\/trabablog\/wp-content\/uploads\/2020\/04\/DAEBC12D-25BF-4544-AE1E-C4E04E37C645-1024x576.jpeg 1024w, http:\/\/traba.org\/trabablog\/wp-content\/uploads\/2020\/04\/DAEBC12D-25BF-4544-AE1E-C4E04E37C645-300x169.jpeg 300w, http:\/\/traba.org\/trabablog\/wp-content\/uploads\/2020\/04\/DAEBC12D-25BF-4544-AE1E-C4E04E37C645-768x432.jpeg 768w, http:\/\/traba.org\/trabablog\/wp-content\/uploads\/2020\/04\/DAEBC12D-25BF-4544-AE1E-C4E04E37C645-460x259.jpeg 460w, http:\/\/traba.org\/trabablog\/wp-content\/uploads\/2020\/04\/DAEBC12D-25BF-4544-AE1E-C4E04E37C645-688x387.jpeg 688w\" sizes=\"auto, (max-width: 700px) 100vw, 700px\" \/><\/p>\n<p>28 de febrer, sortida del sol. li toca a la Bareloneta. Es comencen a desbordar el 112 i les urg\u00e8ncies. 25 confirmats a Espanya, per\u00f2 comen\u00e7a a haver-hi problemes per mantenir al dia la presa de mostres. El Gobierno estudia medidas m\u00e1s dr\u00e1sticas.<\/p>\n<p><img loading=\"lazy\" decoding=\"async\" class=\"aligncenter size-large wp-image-17694\" src=\"http:\/\/www.traba.org\/trabablog\/wp-content\/uploads\/2020\/04\/DE6D09B1-29D8-442D-B8ED-5AEF21D55799-1024x576.jpeg\" alt=\"\" width=\"700\" height=\"394\" srcset=\"http:\/\/traba.org\/trabablog\/wp-content\/uploads\/2020\/04\/DE6D09B1-29D8-442D-B8ED-5AEF21D55799-1024x576.jpeg 1024w, http:\/\/traba.org\/trabablog\/wp-content\/uploads\/2020\/04\/DE6D09B1-29D8-442D-B8ED-5AEF21D55799-300x169.jpeg 300w, http:\/\/traba.org\/trabablog\/wp-content\/uploads\/2020\/04\/DE6D09B1-29D8-442D-B8ED-5AEF21D55799-768x432.jpeg 768w, http:\/\/traba.org\/trabablog\/wp-content\/uploads\/2020\/04\/DE6D09B1-29D8-442D-B8ED-5AEF21D55799-460x259.jpeg 460w, http:\/\/traba.org\/trabablog\/wp-content\/uploads\/2020\/04\/DE6D09B1-29D8-442D-B8ED-5AEF21D55799-688x387.jpeg 688w\" sizes=\"auto, (max-width: 700px) 100vw, 700px\" \/> <img loading=\"lazy\" decoding=\"async\" class=\"aligncenter size-large wp-image-17695\" src=\"http:\/\/www.traba.org\/trabablog\/wp-content\/uploads\/2020\/04\/BD69B8D5-2CFD-4A3B-91EA-EFFB241BCE88-1024x576.jpeg\" alt=\"\" width=\"700\" height=\"394\" srcset=\"http:\/\/traba.org\/trabablog\/wp-content\/uploads\/2020\/04\/BD69B8D5-2CFD-4A3B-91EA-EFFB241BCE88-1024x576.jpeg 1024w, http:\/\/traba.org\/trabablog\/wp-content\/uploads\/2020\/04\/BD69B8D5-2CFD-4A3B-91EA-EFFB241BCE88-300x169.jpeg 300w, http:\/\/traba.org\/trabablog\/wp-content\/uploads\/2020\/04\/BD69B8D5-2CFD-4A3B-91EA-EFFB241BCE88-768x432.jpeg 768w, http:\/\/traba.org\/trabablog\/wp-content\/uploads\/2020\/04\/BD69B8D5-2CFD-4A3B-91EA-EFFB241BCE88-460x259.jpeg 460w, http:\/\/traba.org\/trabablog\/wp-content\/uploads\/2020\/04\/BD69B8D5-2CFD-4A3B-91EA-EFFB241BCE88-688x387.jpeg 688w\" sizes=\"auto, (max-width: 700px) 100vw, 700px\" \/><\/p>\n<p>Migdia un subebaja a Montjuic.<\/p>\n<p><img loading=\"lazy\" decoding=\"async\" class=\"aligncenter size-large wp-image-17696\" src=\"http:\/\/www.traba.org\/trabablog\/wp-content\/uploads\/2020\/04\/826672AF-6297-4EF2-B172-21471AF9FC22-1024x576.jpeg\" alt=\"\" width=\"700\" height=\"394\" srcset=\"http:\/\/traba.org\/trabablog\/wp-content\/uploads\/2020\/04\/826672AF-6297-4EF2-B172-21471AF9FC22-1024x576.jpeg 1024w, http:\/\/traba.org\/trabablog\/wp-content\/uploads\/2020\/04\/826672AF-6297-4EF2-B172-21471AF9FC22-300x169.jpeg 300w, http:\/\/traba.org\/trabablog\/wp-content\/uploads\/2020\/04\/826672AF-6297-4EF2-B172-21471AF9FC22-768x432.jpeg 768w, http:\/\/traba.org\/trabablog\/wp-content\/uploads\/2020\/04\/826672AF-6297-4EF2-B172-21471AF9FC22-460x259.jpeg 460w, http:\/\/traba.org\/trabablog\/wp-content\/uploads\/2020\/04\/826672AF-6297-4EF2-B172-21471AF9FC22-688x387.jpeg 688w\" sizes=\"auto, (max-width: 700px) 100vw, 700px\" \/><\/p>\n<p>I per la tarda, festa d&#8217;aniversari trimestral a la pla\u00e7a.<\/p>\n<p><img loading=\"lazy\" decoding=\"async\" class=\"aligncenter size-large wp-image-17697\" src=\"http:\/\/www.traba.org\/trabablog\/wp-content\/uploads\/2020\/04\/754D2957-154F-4B06-A172-D11E27254941-1024x576.jpeg\" alt=\"\" width=\"700\" height=\"394\" srcset=\"http:\/\/traba.org\/trabablog\/wp-content\/uploads\/2020\/04\/754D2957-154F-4B06-A172-D11E27254941-1024x576.jpeg 1024w, http:\/\/traba.org\/trabablog\/wp-content\/uploads\/2020\/04\/754D2957-154F-4B06-A172-D11E27254941-300x169.jpeg 300w, http:\/\/traba.org\/trabablog\/wp-content\/uploads\/2020\/04\/754D2957-154F-4B06-A172-D11E27254941-768x432.jpeg 768w, http:\/\/traba.org\/trabablog\/wp-content\/uploads\/2020\/04\/754D2957-154F-4B06-A172-D11E27254941-460x259.jpeg 460w, http:\/\/traba.org\/trabablog\/wp-content\/uploads\/2020\/04\/754D2957-154F-4B06-A172-D11E27254941-688x387.jpeg 688w\" sizes=\"auto, (max-width: 700px) 100vw, 700px\" \/> <img loading=\"lazy\" decoding=\"async\" class=\"aligncenter wp-image-17698 size-large\" src=\"http:\/\/www.traba.org\/trabablog\/wp-content\/uploads\/2020\/04\/8665ABDA-A9EB-4B4A-A999-344144FDEAF6-e1587908595261-576x1024.jpeg\" alt=\"\" width=\"576\" height=\"1024\" srcset=\"http:\/\/traba.org\/trabablog\/wp-content\/uploads\/2020\/04\/8665ABDA-A9EB-4B4A-A999-344144FDEAF6-e1587908595261-576x1024.jpeg 576w, http:\/\/traba.org\/trabablog\/wp-content\/uploads\/2020\/04\/8665ABDA-A9EB-4B4A-A999-344144FDEAF6-e1587908595261-169x300.jpeg 169w, http:\/\/traba.org\/trabablog\/wp-content\/uploads\/2020\/04\/8665ABDA-A9EB-4B4A-A999-344144FDEAF6-e1587908595261-768x1365.jpeg 768w, http:\/\/traba.org\/trabablog\/wp-content\/uploads\/2020\/04\/8665ABDA-A9EB-4B4A-A999-344144FDEAF6-e1587908595261-196x348.jpeg 196w, http:\/\/traba.org\/trabablog\/wp-content\/uploads\/2020\/04\/8665ABDA-A9EB-4B4A-A999-344144FDEAF6-e1587908595261-688x1223.jpeg 688w\" sizes=\"auto, (max-width: 576px) 100vw, 576px\" \/> <img loading=\"lazy\" decoding=\"async\" class=\"aligncenter wp-image-17699 size-large\" src=\"http:\/\/www.traba.org\/trabablog\/wp-content\/uploads\/2020\/04\/27144736-67E8-49E3-9911-8D6816BE148C-e1587908609430-576x1024.jpeg\" alt=\"\" width=\"576\" height=\"1024\" srcset=\"http:\/\/traba.org\/trabablog\/wp-content\/uploads\/2020\/04\/27144736-67E8-49E3-9911-8D6816BE148C-e1587908609430-576x1024.jpeg 576w, http:\/\/traba.org\/trabablog\/wp-content\/uploads\/2020\/04\/27144736-67E8-49E3-9911-8D6816BE148C-e1587908609430-169x300.jpeg 169w, http:\/\/traba.org\/trabablog\/wp-content\/uploads\/2020\/04\/27144736-67E8-49E3-9911-8D6816BE148C-e1587908609430-768x1365.jpeg 768w, http:\/\/traba.org\/trabablog\/wp-content\/uploads\/2020\/04\/27144736-67E8-49E3-9911-8D6816BE148C-e1587908609430-196x348.jpeg 196w, http:\/\/traba.org\/trabablog\/wp-content\/uploads\/2020\/04\/27144736-67E8-49E3-9911-8D6816BE148C-e1587908609430-688x1223.jpeg 688w\" sizes=\"auto, (max-width: 576px) 100vw, 576px\" \/><\/p>\n<p>Dissabte 29, el F\u00e8lix coneix els Ximpanz\u00e8s i tenen connexi\u00f3. Aix\u00f2 pel mat\u00ed.<\/p>\n<p><img loading=\"lazy\" decoding=\"async\" class=\"aligncenter wp-image-17700 size-large\" src=\"http:\/\/www.traba.org\/trabablog\/wp-content\/uploads\/2020\/04\/778540EC-2883-417A-9019-D74AB6DA7962-e1587908623355-576x1024.jpeg\" alt=\"\" width=\"576\" height=\"1024\" srcset=\"http:\/\/traba.org\/trabablog\/wp-content\/uploads\/2020\/04\/778540EC-2883-417A-9019-D74AB6DA7962-e1587908623355-576x1024.jpeg 576w, http:\/\/traba.org\/trabablog\/wp-content\/uploads\/2020\/04\/778540EC-2883-417A-9019-D74AB6DA7962-e1587908623355-169x300.jpeg 169w, http:\/\/traba.org\/trabablog\/wp-content\/uploads\/2020\/04\/778540EC-2883-417A-9019-D74AB6DA7962-e1587908623355-768x1365.jpeg 768w, http:\/\/traba.org\/trabablog\/wp-content\/uploads\/2020\/04\/778540EC-2883-417A-9019-D74AB6DA7962-e1587908623355-196x348.jpeg 196w, http:\/\/traba.org\/trabablog\/wp-content\/uploads\/2020\/04\/778540EC-2883-417A-9019-D74AB6DA7962-e1587908623355-688x1223.jpeg 688w\" sizes=\"auto, (max-width: 576px) 100vw, 576px\" \/><\/p>\n<div style=\"width: 952px;\" class=\"wp-video\"><video class=\"wp-video-shortcode\" id=\"video-17611-3\" width=\"952\" height=\"536\" preload=\"metadata\" controls=\"controls\"><source type=\"video\/mp4\" src=\"http:\/\/www.traba.org\/trabablog\/wp-content\/uploads\/2020\/04\/3B0BE0AA-58B8-4224-920D-82191665D6F5.mp4?_=3\" \/><a href=\"http:\/\/www.traba.org\/trabablog\/wp-content\/uploads\/2020\/04\/3B0BE0AA-58B8-4224-920D-82191665D6F5.mp4\">http:\/\/www.traba.org\/trabablog\/wp-content\/uploads\/2020\/04\/3B0BE0AA-58B8-4224-920D-82191665D6F5.mp4<\/a><\/video><\/div>\n<p><img loading=\"lazy\" decoding=\"async\" class=\"aligncenter wp-image-17702 size-large\" src=\"http:\/\/www.traba.org\/trabablog\/wp-content\/uploads\/2020\/04\/D83900FC-6400-4B59-8ACE-3DFF052A074D-e1587908674971-576x1024.jpeg\" alt=\"\" width=\"576\" height=\"1024\" srcset=\"http:\/\/traba.org\/trabablog\/wp-content\/uploads\/2020\/04\/D83900FC-6400-4B59-8ACE-3DFF052A074D-e1587908674971-576x1024.jpeg 576w, http:\/\/traba.org\/trabablog\/wp-content\/uploads\/2020\/04\/D83900FC-6400-4B59-8ACE-3DFF052A074D-e1587908674971-169x300.jpeg 169w, http:\/\/traba.org\/trabablog\/wp-content\/uploads\/2020\/04\/D83900FC-6400-4B59-8ACE-3DFF052A074D-e1587908674971-768x1365.jpeg 768w, http:\/\/traba.org\/trabablog\/wp-content\/uploads\/2020\/04\/D83900FC-6400-4B59-8ACE-3DFF052A074D-e1587908674971-196x348.jpeg 196w, http:\/\/traba.org\/trabablog\/wp-content\/uploads\/2020\/04\/D83900FC-6400-4B59-8ACE-3DFF052A074D-e1587908674971-688x1223.jpeg 688w\" sizes=\"auto, (max-width: 576px) 100vw, 576px\" \/><\/p>\n<p>I per la tarda, a Montjuic.<\/p>\n<p><img loading=\"lazy\" decoding=\"async\" class=\"aligncenter wp-image-17703 size-large\" src=\"http:\/\/www.traba.org\/trabablog\/wp-content\/uploads\/2020\/04\/F7DDB412-1600-42BF-8E67-A2AA7ED6BCCA-e1587908688397-576x1024.jpeg\" alt=\"\" width=\"576\" height=\"1024\" srcset=\"http:\/\/traba.org\/trabablog\/wp-content\/uploads\/2020\/04\/F7DDB412-1600-42BF-8E67-A2AA7ED6BCCA-e1587908688397-576x1024.jpeg 576w, http:\/\/traba.org\/trabablog\/wp-content\/uploads\/2020\/04\/F7DDB412-1600-42BF-8E67-A2AA7ED6BCCA-e1587908688397-169x300.jpeg 169w, http:\/\/traba.org\/trabablog\/wp-content\/uploads\/2020\/04\/F7DDB412-1600-42BF-8E67-A2AA7ED6BCCA-e1587908688397-768x1365.jpeg 768w, http:\/\/traba.org\/trabablog\/wp-content\/uploads\/2020\/04\/F7DDB412-1600-42BF-8E67-A2AA7ED6BCCA-e1587908688397-196x348.jpeg 196w, http:\/\/traba.org\/trabablog\/wp-content\/uploads\/2020\/04\/F7DDB412-1600-42BF-8E67-A2AA7ED6BCCA-e1587908688397-688x1223.jpeg 688w\" sizes=\"auto, (max-width: 576px) 100vw, 576px\" \/> <img loading=\"lazy\" decoding=\"async\" class=\"aligncenter size-large wp-image-17704\" src=\"http:\/\/www.traba.org\/trabablog\/wp-content\/uploads\/2020\/04\/926B37F7-1E25-4801-9D31-478FD62AE461-1024x576.jpeg\" alt=\"\" width=\"700\" height=\"394\" srcset=\"http:\/\/traba.org\/trabablog\/wp-content\/uploads\/2020\/04\/926B37F7-1E25-4801-9D31-478FD62AE461-1024x576.jpeg 1024w, http:\/\/traba.org\/trabablog\/wp-content\/uploads\/2020\/04\/926B37F7-1E25-4801-9D31-478FD62AE461-300x169.jpeg 300w, http:\/\/traba.org\/trabablog\/wp-content\/uploads\/2020\/04\/926B37F7-1E25-4801-9D31-478FD62AE461-768x432.jpeg 768w, http:\/\/traba.org\/trabablog\/wp-content\/uploads\/2020\/04\/926B37F7-1E25-4801-9D31-478FD62AE461-460x259.jpeg 460w, http:\/\/traba.org\/trabablog\/wp-content\/uploads\/2020\/04\/926B37F7-1E25-4801-9D31-478FD62AE461-688x387.jpeg 688w\" sizes=\"auto, (max-width: 700px) 100vw, 700px\" \/> <img loading=\"lazy\" decoding=\"async\" class=\"aligncenter wp-image-17705 size-large\" src=\"http:\/\/www.traba.org\/trabablog\/wp-content\/uploads\/2020\/04\/5241C053-F340-489A-A7DC-4088EBAFBE46-e1587908778519-768x1024.jpeg\" alt=\"\" width=\"700\" height=\"933\" srcset=\"http:\/\/traba.org\/trabablog\/wp-content\/uploads\/2020\/04\/5241C053-F340-489A-A7DC-4088EBAFBE46-e1587908778519-768x1024.jpeg 768w, http:\/\/traba.org\/trabablog\/wp-content\/uploads\/2020\/04\/5241C053-F340-489A-A7DC-4088EBAFBE46-e1587908778519-225x300.jpeg 225w, http:\/\/traba.org\/trabablog\/wp-content\/uploads\/2020\/04\/5241C053-F340-489A-A7DC-4088EBAFBE46-e1587908778519-261x348.jpeg 261w, http:\/\/traba.org\/trabablog\/wp-content\/uploads\/2020\/04\/5241C053-F340-489A-A7DC-4088EBAFBE46-e1587908778519-688x917.jpeg 688w, http:\/\/traba.org\/trabablog\/wp-content\/uploads\/2020\/04\/5241C053-F340-489A-A7DC-4088EBAFBE46-e1587908778519.jpeg 960w\" sizes=\"auto, (max-width: 700px) 100vw, 700px\" \/><\/p>\n<p>Aquest va ser el dia de les not\u00edcies de la Borsa i el coronavirus. Res a nivell sanitari (a les portades, s&#8217;ent\u00e9n).<\/p>\n<p>Ha estat divertit aix\u00f2 de repassar les not\u00edcies del coronavirus repassant les fotos de febrer. Potser tamb\u00e9 ho faig al mar\u00e7, si el temps lliure m&#8217;ho permet.<\/p>\n","protected":false},"excerpt":{"rendered":"<p>Sitges un altre cop. No \u00e9s que estem sempre a Sitges, \u00e9s que a Sitges fem m\u00e9s fotos. I ens ve a visitar m\u00e9s gent que a Barcelona. Mira que&#8230;<\/p>\n","protected":false},"author":5,"featured_media":17694,"comment_status":"open","ping_status":"open","sticky":false,"template":"","format":"standard","meta":{"_monsterinsights_skip_tracking":false,"_monsterinsights_sitenote_active":false,"_monsterinsights_sitenote_note":"","_monsterinsights_sitenote_category":0,"footnotes":""},"categories":[28],"tags":[162,161,122,45,109,42,89],"class_list":["post-17611","post","type-post","status-publish","format-standard","has-post-thumbnail","hentry","category-ordinary-days","tag-balsareny","tag-covid","tag-festes-populars","tag-menjar","tag-montjuic","tag-platja","tag-sitges"],"_links":{"self":[{"href":"http:\/\/traba.org\/trabablog\/index.php?rest_route=\/wp\/v2\/posts\/17611","targetHints":{"allow":["GET"]}}],"collection":[{"href":"http:\/\/traba.org\/trabablog\/index.php?rest_route=\/wp\/v2\/posts"}],"about":[{"href":"http:\/\/traba.org\/trabablog\/index.php?rest_route=\/wp\/v2\/types\/post"}],"author":[{"embeddable":true,"href":"http:\/\/traba.org\/trabablog\/index.php?rest_route=\/wp\/v2\/users\/5"}],"replies":[{"embeddable":true,"href":"http:\/\/traba.org\/trabablog\/index.php?rest_route=%2Fwp%2Fv2%2Fcomments&post=17611"}],"version-history":[{"count":2,"href":"http:\/\/traba.org\/trabablog\/index.php?rest_route=\/wp\/v2\/posts\/17611\/revisions"}],"predecessor-version":[{"id":17749,"href":"http:\/\/traba.org\/trabablog\/index.php?rest_route=\/wp\/v2\/posts\/17611\/revisions\/17749"}],"wp:featuredmedia":[{"embeddable":true,"href":"http:\/\/traba.org\/trabablog\/index.php?rest_route=\/wp\/v2\/media\/17694"}],"wp:attachment":[{"href":"http:\/\/traba.org\/trabablog\/index.php?rest_route=%2Fwp%2Fv2%2Fmedia&parent=17611"}],"wp:term":[{"taxonomy":"category","embeddable":true,"href":"http:\/\/traba.org\/trabablog\/index.php?rest_route=%2Fwp%2Fv2%2Fcategories&post=17611"},{"taxonomy":"post_tag","embeddable":true,"href":"http:\/\/traba.org\/trabablog\/index.php?rest_route=%2Fwp%2Fv2%2Ftags&post=17611"}],"curies":[{"name":"wp","href":"https:\/\/api.w.org\/{rel}","templated":true}]}}