{"id":17707,"date":"2020-04-27T17:40:41","date_gmt":"2020-04-27T15:40:41","guid":{"rendered":"http:\/\/www.traba.org\/trabablog\/?p=17707"},"modified":"2020-04-29T23:16:22","modified_gmt":"2020-04-29T21:16:22","slug":"2-setmanes-abans-del-confinament","status":"publish","type":"post","link":"http:\/\/traba.org\/trabablog\/?p=17707","title":{"rendered":"2 setmanes abans del confinament"},"content":{"rendered":"<p>Diumenge 1 de mar\u00e7. Comen\u00e7a a haver-hi transmissi\u00f3 comunit\u00e0ria (ara sabem que ja n&#8217;hi havia molt abans). El dia anterior, Perpiny\u00e0.<\/p>\n<p>Nosaltres a Montjuic.<\/p>\n<p><a href=\"http:\/\/www.traba.org\/trabablog\/wp-content\/uploads\/2020\/04\/4A99EA40-31BE-4FB6-B683-050BE1A782F5.mov\">El F\u00e8lix baixant per la tirulina (v\u00eddeo)<\/a><\/p>\n<p><a href=\"http:\/\/www.traba.org\/trabablog\/wp-content\/uploads\/2020\/04\/75DC6C56-213C-41CB-AA81-64DB8E457DF1.mov\">Ara el Francesc (v\u00eddeo)<\/a><\/p>\n<p><a href=\"http:\/\/www.traba.org\/trabablog\/wp-content\/uploads\/2020\/04\/3988782E-A200-4C90-8316-637E14E8CA26_2_0_a.mov\">I el Bruno (video)<\/a> <img loading=\"lazy\" decoding=\"async\" class=\"aligncenter size-large wp-image-17711\" src=\"http:\/\/www.traba.org\/trabablog\/wp-content\/uploads\/2020\/04\/613C141A-F7C7-4D85-A889-E5A4750FC988-1024x576.jpeg\" alt=\"\" width=\"700\" height=\"394\" srcset=\"http:\/\/traba.org\/trabablog\/wp-content\/uploads\/2020\/04\/613C141A-F7C7-4D85-A889-E5A4750FC988-1024x576.jpeg 1024w, http:\/\/traba.org\/trabablog\/wp-content\/uploads\/2020\/04\/613C141A-F7C7-4D85-A889-E5A4750FC988-300x169.jpeg 300w, http:\/\/traba.org\/trabablog\/wp-content\/uploads\/2020\/04\/613C141A-F7C7-4D85-A889-E5A4750FC988-768x432.jpeg 768w, http:\/\/traba.org\/trabablog\/wp-content\/uploads\/2020\/04\/613C141A-F7C7-4D85-A889-E5A4750FC988-460x259.jpeg 460w, http:\/\/traba.org\/trabablog\/wp-content\/uploads\/2020\/04\/613C141A-F7C7-4D85-A889-E5A4750FC988-688x387.jpeg 688w\" sizes=\"auto, (max-width: 700px) 100vw, 700px\" \/><\/p>\n<p>Picnic.<\/p>\n<p><img loading=\"lazy\" decoding=\"async\" class=\"aligncenter size-large wp-image-17712\" src=\"http:\/\/www.traba.org\/trabablog\/wp-content\/uploads\/2020\/04\/91C331A5-01DF-4A91-9DE4-468B7441D184-1024x576.jpeg\" alt=\"\" width=\"700\" height=\"394\" srcset=\"http:\/\/traba.org\/trabablog\/wp-content\/uploads\/2020\/04\/91C331A5-01DF-4A91-9DE4-468B7441D184-1024x576.jpeg 1024w, http:\/\/traba.org\/trabablog\/wp-content\/uploads\/2020\/04\/91C331A5-01DF-4A91-9DE4-468B7441D184-300x169.jpeg 300w, http:\/\/traba.org\/trabablog\/wp-content\/uploads\/2020\/04\/91C331A5-01DF-4A91-9DE4-468B7441D184-768x432.jpeg 768w, http:\/\/traba.org\/trabablog\/wp-content\/uploads\/2020\/04\/91C331A5-01DF-4A91-9DE4-468B7441D184-460x259.jpeg 460w, http:\/\/traba.org\/trabablog\/wp-content\/uploads\/2020\/04\/91C331A5-01DF-4A91-9DE4-468B7441D184-688x387.jpeg 688w\" sizes=\"auto, (max-width: 700px) 100vw, 700px\" \/> <img loading=\"lazy\" decoding=\"async\" class=\"aligncenter size-large wp-image-17713\" src=\"http:\/\/www.traba.org\/trabablog\/wp-content\/uploads\/2020\/04\/E03C10A6-A675-4880-8905-020C0C422600-1024x576.jpeg\" alt=\"\" width=\"700\" height=\"394\" srcset=\"http:\/\/traba.org\/trabablog\/wp-content\/uploads\/2020\/04\/E03C10A6-A675-4880-8905-020C0C422600-1024x576.jpeg 1024w, http:\/\/traba.org\/trabablog\/wp-content\/uploads\/2020\/04\/E03C10A6-A675-4880-8905-020C0C422600-300x169.jpeg 300w, http:\/\/traba.org\/trabablog\/wp-content\/uploads\/2020\/04\/E03C10A6-A675-4880-8905-020C0C422600-768x432.jpeg 768w, http:\/\/traba.org\/trabablog\/wp-content\/uploads\/2020\/04\/E03C10A6-A675-4880-8905-020C0C422600-460x259.jpeg 460w, http:\/\/traba.org\/trabablog\/wp-content\/uploads\/2020\/04\/E03C10A6-A675-4880-8905-020C0C422600-688x387.jpeg 688w\" sizes=\"auto, (max-width: 700px) 100vw, 700px\" \/><\/p>\n<p>Bikini.<\/p>\n<p><img loading=\"lazy\" decoding=\"async\" class=\"aligncenter wp-image-17714 size-large\" src=\"http:\/\/www.traba.org\/trabablog\/wp-content\/uploads\/2020\/04\/9112B8B7-8877-4CC2-8024-E915D0A4635B-e1587912031746-576x1024.jpeg\" alt=\"\" width=\"576\" height=\"1024\" srcset=\"http:\/\/traba.org\/trabablog\/wp-content\/uploads\/2020\/04\/9112B8B7-8877-4CC2-8024-E915D0A4635B-e1587912031746-576x1024.jpeg 576w, http:\/\/traba.org\/trabablog\/wp-content\/uploads\/2020\/04\/9112B8B7-8877-4CC2-8024-E915D0A4635B-e1587912031746-169x300.jpeg 169w, http:\/\/traba.org\/trabablog\/wp-content\/uploads\/2020\/04\/9112B8B7-8877-4CC2-8024-E915D0A4635B-e1587912031746-768x1365.jpeg 768w, http:\/\/traba.org\/trabablog\/wp-content\/uploads\/2020\/04\/9112B8B7-8877-4CC2-8024-E915D0A4635B-e1587912031746-196x348.jpeg 196w, http:\/\/traba.org\/trabablog\/wp-content\/uploads\/2020\/04\/9112B8B7-8877-4CC2-8024-E915D0A4635B-e1587912031746-688x1223.jpeg 688w\" sizes=\"auto, (max-width: 576px) 100vw, 576px\" \/><\/p>\n<p>I pizza de bacon.<\/p>\n<p><img loading=\"lazy\" decoding=\"async\" class=\"aligncenter size-large wp-image-17715\" src=\"http:\/\/www.traba.org\/trabablog\/wp-content\/uploads\/2020\/04\/B4E2CD29-64AA-4D79-975A-1973012F0244-1024x576.jpeg\" alt=\"\" width=\"700\" height=\"394\" srcset=\"http:\/\/traba.org\/trabablog\/wp-content\/uploads\/2020\/04\/B4E2CD29-64AA-4D79-975A-1973012F0244-1024x576.jpeg 1024w, http:\/\/traba.org\/trabablog\/wp-content\/uploads\/2020\/04\/B4E2CD29-64AA-4D79-975A-1973012F0244-300x169.jpeg 300w, http:\/\/traba.org\/trabablog\/wp-content\/uploads\/2020\/04\/B4E2CD29-64AA-4D79-975A-1973012F0244-768x432.jpeg 768w, http:\/\/traba.org\/trabablog\/wp-content\/uploads\/2020\/04\/B4E2CD29-64AA-4D79-975A-1973012F0244-460x259.jpeg 460w, http:\/\/traba.org\/trabablog\/wp-content\/uploads\/2020\/04\/B4E2CD29-64AA-4D79-975A-1973012F0244-688x387.jpeg 688w\" sizes=\"auto, (max-width: 700px) 100vw, 700px\" \/> <img loading=\"lazy\" decoding=\"async\" class=\"aligncenter size-large wp-image-17716\" src=\"http:\/\/www.traba.org\/trabablog\/wp-content\/uploads\/2020\/04\/71106D32-D7C5-422B-8EAA-68E51F66AEF0-1024x576.jpeg\" alt=\"\" width=\"700\" height=\"394\" srcset=\"http:\/\/traba.org\/trabablog\/wp-content\/uploads\/2020\/04\/71106D32-D7C5-422B-8EAA-68E51F66AEF0-1024x576.jpeg 1024w, http:\/\/traba.org\/trabablog\/wp-content\/uploads\/2020\/04\/71106D32-D7C5-422B-8EAA-68E51F66AEF0-300x169.jpeg 300w, http:\/\/traba.org\/trabablog\/wp-content\/uploads\/2020\/04\/71106D32-D7C5-422B-8EAA-68E51F66AEF0-768x432.jpeg 768w, http:\/\/traba.org\/trabablog\/wp-content\/uploads\/2020\/04\/71106D32-D7C5-422B-8EAA-68E51F66AEF0-460x259.jpeg 460w, http:\/\/traba.org\/trabablog\/wp-content\/uploads\/2020\/04\/71106D32-D7C5-422B-8EAA-68E51F66AEF0-688x387.jpeg 688w\" sizes=\"auto, (max-width: 700px) 100vw, 700px\" \/> <img loading=\"lazy\" decoding=\"async\" class=\"aligncenter size-large wp-image-17717\" src=\"http:\/\/www.traba.org\/trabablog\/wp-content\/uploads\/2020\/04\/F82AE256-C554-4E38-843A-D34B477082DD-1024x576.jpeg\" alt=\"\" width=\"700\" height=\"394\" srcset=\"http:\/\/traba.org\/trabablog\/wp-content\/uploads\/2020\/04\/F82AE256-C554-4E38-843A-D34B477082DD-1024x576.jpeg 1024w, http:\/\/traba.org\/trabablog\/wp-content\/uploads\/2020\/04\/F82AE256-C554-4E38-843A-D34B477082DD-300x169.jpeg 300w, http:\/\/traba.org\/trabablog\/wp-content\/uploads\/2020\/04\/F82AE256-C554-4E38-843A-D34B477082DD-768x432.jpeg 768w, http:\/\/traba.org\/trabablog\/wp-content\/uploads\/2020\/04\/F82AE256-C554-4E38-843A-D34B477082DD-460x259.jpeg 460w, http:\/\/traba.org\/trabablog\/wp-content\/uploads\/2020\/04\/F82AE256-C554-4E38-843A-D34B477082DD-688x387.jpeg 688w\" sizes=\"auto, (max-width: 700px) 100vw, 700px\" \/> <img loading=\"lazy\" decoding=\"async\" class=\"aligncenter size-large wp-image-17718\" src=\"http:\/\/www.traba.org\/trabablog\/wp-content\/uploads\/2020\/04\/A738A675-F5B1-4627-B882-BD82E0E40E03-1024x576.jpeg\" alt=\"\" width=\"700\" height=\"394\" srcset=\"http:\/\/traba.org\/trabablog\/wp-content\/uploads\/2020\/04\/A738A675-F5B1-4627-B882-BD82E0E40E03-1024x576.jpeg 1024w, http:\/\/traba.org\/trabablog\/wp-content\/uploads\/2020\/04\/A738A675-F5B1-4627-B882-BD82E0E40E03-300x169.jpeg 300w, http:\/\/traba.org\/trabablog\/wp-content\/uploads\/2020\/04\/A738A675-F5B1-4627-B882-BD82E0E40E03-768x432.jpeg 768w, http:\/\/traba.org\/trabablog\/wp-content\/uploads\/2020\/04\/A738A675-F5B1-4627-B882-BD82E0E40E03-460x259.jpeg 460w, http:\/\/traba.org\/trabablog\/wp-content\/uploads\/2020\/04\/A738A675-F5B1-4627-B882-BD82E0E40E03-688x387.jpeg 688w\" sizes=\"auto, (max-width: 700px) 100vw, 700px\" \/><\/p>\n<p>Ca\u00e7ant capgrossos.<\/p>\n<p><img loading=\"lazy\" decoding=\"async\" class=\"aligncenter size-large wp-image-17719\" src=\"http:\/\/www.traba.org\/trabablog\/wp-content\/uploads\/2020\/04\/297A4DBA-885F-47BE-BF8A-CE5DD3DD2E97-1024x576.jpeg\" alt=\"\" width=\"700\" height=\"394\" srcset=\"http:\/\/traba.org\/trabablog\/wp-content\/uploads\/2020\/04\/297A4DBA-885F-47BE-BF8A-CE5DD3DD2E97-1024x576.jpeg 1024w, http:\/\/traba.org\/trabablog\/wp-content\/uploads\/2020\/04\/297A4DBA-885F-47BE-BF8A-CE5DD3DD2E97-300x169.jpeg 300w, http:\/\/traba.org\/trabablog\/wp-content\/uploads\/2020\/04\/297A4DBA-885F-47BE-BF8A-CE5DD3DD2E97-768x432.jpeg 768w, http:\/\/traba.org\/trabablog\/wp-content\/uploads\/2020\/04\/297A4DBA-885F-47BE-BF8A-CE5DD3DD2E97-460x259.jpeg 460w, http:\/\/traba.org\/trabablog\/wp-content\/uploads\/2020\/04\/297A4DBA-885F-47BE-BF8A-CE5DD3DD2E97-688x387.jpeg 688w\" sizes=\"auto, (max-width: 700px) 100vw, 700px\" \/> <a href=\"http:\/\/www.traba.org\/trabablog\/wp-content\/uploads\/2020\/04\/43369BE3-AF5D-4D98-9E40-E23F4A150CDD.mov\">Bruno als tobogans (v\u00eddeo)<\/a><\/p>\n<p><a href=\"http:\/\/www.traba.org\/trabablog\/wp-content\/uploads\/2020\/04\/305A2C62-FF7A-4C0E-80C4-E78CB503246E.mov\">Lola als tobogans (v\u00eddeo)<\/a><\/p>\n<p>Al telef\u00e8ric, crec que el Bruno es va fer petit, nom\u00e9s 4 anys, oi? \ud83d\ude42<\/p>\n<p><img loading=\"lazy\" decoding=\"async\" class=\"aligncenter size-large wp-image-17722\" src=\"http:\/\/www.traba.org\/trabablog\/wp-content\/uploads\/2020\/04\/946EAF8D-2A27-46FA-BC9A-74A6F3C1AFFB-1024x768.jpeg\" alt=\"\" width=\"700\" height=\"525\" srcset=\"http:\/\/traba.org\/trabablog\/wp-content\/uploads\/2020\/04\/946EAF8D-2A27-46FA-BC9A-74A6F3C1AFFB-1024x768.jpeg 1024w, http:\/\/traba.org\/trabablog\/wp-content\/uploads\/2020\/04\/946EAF8D-2A27-46FA-BC9A-74A6F3C1AFFB-300x225.jpeg 300w, http:\/\/traba.org\/trabablog\/wp-content\/uploads\/2020\/04\/946EAF8D-2A27-46FA-BC9A-74A6F3C1AFFB-768x576.jpeg 768w, http:\/\/traba.org\/trabablog\/wp-content\/uploads\/2020\/04\/946EAF8D-2A27-46FA-BC9A-74A6F3C1AFFB-460x345.jpeg 460w, http:\/\/traba.org\/trabablog\/wp-content\/uploads\/2020\/04\/946EAF8D-2A27-46FA-BC9A-74A6F3C1AFFB-688x516.jpeg 688w\" sizes=\"auto, (max-width: 700px) 100vw, 700px\" \/> <img loading=\"lazy\" decoding=\"async\" class=\"aligncenter size-large wp-image-17723\" src=\"http:\/\/www.traba.org\/trabablog\/wp-content\/uploads\/2020\/04\/B9810973-EB44-48F8-8226-F4DAE61A7DF4-1024x576.jpeg\" alt=\"\" width=\"700\" height=\"394\" srcset=\"http:\/\/traba.org\/trabablog\/wp-content\/uploads\/2020\/04\/B9810973-EB44-48F8-8226-F4DAE61A7DF4-1024x576.jpeg 1024w, http:\/\/traba.org\/trabablog\/wp-content\/uploads\/2020\/04\/B9810973-EB44-48F8-8226-F4DAE61A7DF4-300x169.jpeg 300w, http:\/\/traba.org\/trabablog\/wp-content\/uploads\/2020\/04\/B9810973-EB44-48F8-8226-F4DAE61A7DF4-768x432.jpeg 768w, http:\/\/traba.org\/trabablog\/wp-content\/uploads\/2020\/04\/B9810973-EB44-48F8-8226-F4DAE61A7DF4-460x259.jpeg 460w, http:\/\/traba.org\/trabablog\/wp-content\/uploads\/2020\/04\/B9810973-EB44-48F8-8226-F4DAE61A7DF4-688x387.jpeg 688w\" sizes=\"auto, (max-width: 700px) 100vw, 700px\" \/><\/p>\n<p>Dilluns 2 de mar\u00e7. Preocupa la transmissi\u00f3 comunit\u00e0ria, 9 casos sense or\u00edgen. A Italia, 34 morts. A Torrej\u00f3n i a Vitoria, estan a punt de fer alguna cosa.<\/p>\n<p>Dimarts 3 de mar\u00e7. Comencen a intuir que ella COVID19 no \u00e9s com una grip i es plantegen tancar escoles a Torrej\u00f3n i Vitoria. El Pa\u00eds Basc busca metges perqu\u00e8 en t\u00e9 molts de baixa pendent de proves.<\/p>\n<p>Dimecres 4 de mar\u00e7. Es descobreix que el primer mort de coronavirus a Espanya va ser el 13 de febrer. Tanquen escoles i universitats a Italia. Es comen\u00e7a a parlar de partits sense p\u00fablic.<\/p>\n<p>Nosaltres dinem per primera vegada al Thonet, esperant repetir.<\/p>\n<p><img loading=\"lazy\" decoding=\"async\" class=\"aligncenter wp-image-17724 size-large\" src=\"http:\/\/www.traba.org\/trabablog\/wp-content\/uploads\/2020\/04\/ABDA2390-08AB-49AF-9F23-C5D5CB1E5EDF-e1587912112675-768x1024.jpeg\" alt=\"\" width=\"700\" height=\"933\" srcset=\"http:\/\/traba.org\/trabablog\/wp-content\/uploads\/2020\/04\/ABDA2390-08AB-49AF-9F23-C5D5CB1E5EDF-e1587912112675-768x1024.jpeg 768w, http:\/\/traba.org\/trabablog\/wp-content\/uploads\/2020\/04\/ABDA2390-08AB-49AF-9F23-C5D5CB1E5EDF-e1587912112675-225x300.jpeg 225w, http:\/\/traba.org\/trabablog\/wp-content\/uploads\/2020\/04\/ABDA2390-08AB-49AF-9F23-C5D5CB1E5EDF-e1587912112675-261x348.jpeg 261w, http:\/\/traba.org\/trabablog\/wp-content\/uploads\/2020\/04\/ABDA2390-08AB-49AF-9F23-C5D5CB1E5EDF-e1587912112675-688x917.jpeg 688w\" sizes=\"auto, (max-width: 700px) 100vw, 700px\" \/><\/p>\n<p>Per la tarda a SFN, a l&#8217;exposici\u00f3 dels Mussols.<\/p>\n<p><img loading=\"lazy\" decoding=\"async\" class=\"aligncenter wp-image-17725 size-large\" src=\"http:\/\/www.traba.org\/trabablog\/wp-content\/uploads\/2020\/04\/8E216ACE-EA04-48BF-AC53-9B52D4C2375C-e1587912127315-576x1024.jpeg\" alt=\"\" width=\"576\" height=\"1024\" srcset=\"http:\/\/traba.org\/trabablog\/wp-content\/uploads\/2020\/04\/8E216ACE-EA04-48BF-AC53-9B52D4C2375C-e1587912127315-576x1024.jpeg 576w, http:\/\/traba.org\/trabablog\/wp-content\/uploads\/2020\/04\/8E216ACE-EA04-48BF-AC53-9B52D4C2375C-e1587912127315-169x300.jpeg 169w, http:\/\/traba.org\/trabablog\/wp-content\/uploads\/2020\/04\/8E216ACE-EA04-48BF-AC53-9B52D4C2375C-e1587912127315-768x1365.jpeg 768w, http:\/\/traba.org\/trabablog\/wp-content\/uploads\/2020\/04\/8E216ACE-EA04-48BF-AC53-9B52D4C2375C-e1587912127315-196x348.jpeg 196w, http:\/\/traba.org\/trabablog\/wp-content\/uploads\/2020\/04\/8E216ACE-EA04-48BF-AC53-9B52D4C2375C-e1587912127315-688x1223.jpeg 688w\" sizes=\"auto, (max-width: 576px) 100vw, 576px\" \/> <img loading=\"lazy\" decoding=\"async\" class=\"aligncenter size-large wp-image-17726\" src=\"http:\/\/www.traba.org\/trabablog\/wp-content\/uploads\/2020\/04\/1B4F308D-41CD-4D30-9B9F-D8A01EBFE5FB-1024x576.jpeg\" alt=\"\" width=\"700\" height=\"394\" srcset=\"http:\/\/traba.org\/trabablog\/wp-content\/uploads\/2020\/04\/1B4F308D-41CD-4D30-9B9F-D8A01EBFE5FB-1024x576.jpeg 1024w, http:\/\/traba.org\/trabablog\/wp-content\/uploads\/2020\/04\/1B4F308D-41CD-4D30-9B9F-D8A01EBFE5FB-300x169.jpeg 300w, http:\/\/traba.org\/trabablog\/wp-content\/uploads\/2020\/04\/1B4F308D-41CD-4D30-9B9F-D8A01EBFE5FB-768x432.jpeg 768w, http:\/\/traba.org\/trabablog\/wp-content\/uploads\/2020\/04\/1B4F308D-41CD-4D30-9B9F-D8A01EBFE5FB-460x259.jpeg 460w, http:\/\/traba.org\/trabablog\/wp-content\/uploads\/2020\/04\/1B4F308D-41CD-4D30-9B9F-D8A01EBFE5FB-688x387.jpeg 688w\" sizes=\"auto, (max-width: 700px) 100vw, 700px\" \/><\/p>\n<p>I m\u00e9s tart, ens dividim. Uns a la piscina i els altres a Montjuic. Aquesta foto en t\u00e9 una d&#8217;igualeta de la Lola, per\u00f2 no l&#8217;he trobat. A veure si la troba el Francesc.<\/p>\n<p><img loading=\"lazy\" decoding=\"async\" class=\"aligncenter size-large wp-image-17727\" src=\"http:\/\/www.traba.org\/trabablog\/wp-content\/uploads\/2020\/04\/40ED950A-3BB7-4D16-A81F-B1FC7E53C3B3-1024x576.jpeg\" alt=\"\" width=\"700\" height=\"394\" srcset=\"http:\/\/traba.org\/trabablog\/wp-content\/uploads\/2020\/04\/40ED950A-3BB7-4D16-A81F-B1FC7E53C3B3-1024x576.jpeg 1024w, http:\/\/traba.org\/trabablog\/wp-content\/uploads\/2020\/04\/40ED950A-3BB7-4D16-A81F-B1FC7E53C3B3-300x169.jpeg 300w, http:\/\/traba.org\/trabablog\/wp-content\/uploads\/2020\/04\/40ED950A-3BB7-4D16-A81F-B1FC7E53C3B3-768x432.jpeg 768w, http:\/\/traba.org\/trabablog\/wp-content\/uploads\/2020\/04\/40ED950A-3BB7-4D16-A81F-B1FC7E53C3B3-460x259.jpeg 460w, http:\/\/traba.org\/trabablog\/wp-content\/uploads\/2020\/04\/40ED950A-3BB7-4D16-A81F-B1FC7E53C3B3-688x387.jpeg 688w\" sizes=\"auto, (max-width: 700px) 100vw, 700px\" \/> <img loading=\"lazy\" decoding=\"async\" class=\"aligncenter wp-image-17728 size-large\" src=\"http:\/\/www.traba.org\/trabablog\/wp-content\/uploads\/2020\/04\/535329B1-C379-4D90-B048-FB592B32F0DE-e1587912143628-576x1024.jpeg\" alt=\"\" width=\"576\" height=\"1024\" srcset=\"http:\/\/traba.org\/trabablog\/wp-content\/uploads\/2020\/04\/535329B1-C379-4D90-B048-FB592B32F0DE-e1587912143628-576x1024.jpeg 576w, http:\/\/traba.org\/trabablog\/wp-content\/uploads\/2020\/04\/535329B1-C379-4D90-B048-FB592B32F0DE-e1587912143628-169x300.jpeg 169w, http:\/\/traba.org\/trabablog\/wp-content\/uploads\/2020\/04\/535329B1-C379-4D90-B048-FB592B32F0DE-e1587912143628-768x1365.jpeg 768w, http:\/\/traba.org\/trabablog\/wp-content\/uploads\/2020\/04\/535329B1-C379-4D90-B048-FB592B32F0DE-e1587912143628-196x348.jpeg 196w, http:\/\/traba.org\/trabablog\/wp-content\/uploads\/2020\/04\/535329B1-C379-4D90-B048-FB592B32F0DE-e1587912143628-688x1223.jpeg 688w\" sizes=\"auto, (max-width: 576px) 100vw, 576px\" \/> <img loading=\"lazy\" decoding=\"async\" class=\"aligncenter wp-image-17729 size-large\" src=\"http:\/\/www.traba.org\/trabablog\/wp-content\/uploads\/2020\/04\/BDA68F62-8684-4BDF-A2F1-2C0276AE06AB-e1587912155981-576x1024.jpeg\" alt=\"\" width=\"576\" height=\"1024\" srcset=\"http:\/\/traba.org\/trabablog\/wp-content\/uploads\/2020\/04\/BDA68F62-8684-4BDF-A2F1-2C0276AE06AB-e1587912155981-576x1024.jpeg 576w, http:\/\/traba.org\/trabablog\/wp-content\/uploads\/2020\/04\/BDA68F62-8684-4BDF-A2F1-2C0276AE06AB-e1587912155981-169x300.jpeg 169w, http:\/\/traba.org\/trabablog\/wp-content\/uploads\/2020\/04\/BDA68F62-8684-4BDF-A2F1-2C0276AE06AB-e1587912155981-768x1365.jpeg 768w, http:\/\/traba.org\/trabablog\/wp-content\/uploads\/2020\/04\/BDA68F62-8684-4BDF-A2F1-2C0276AE06AB-e1587912155981-196x348.jpeg 196w, http:\/\/traba.org\/trabablog\/wp-content\/uploads\/2020\/04\/BDA68F62-8684-4BDF-A2F1-2C0276AE06AB-e1587912155981-688x1223.jpeg 688w, http:\/\/traba.org\/trabablog\/wp-content\/uploads\/2020\/04\/BDA68F62-8684-4BDF-A2F1-2C0276AE06AB-e1587912155981.jpeg 1836w\" sizes=\"auto, (max-width: 576px) 100vw, 576px\" \/> <img loading=\"lazy\" decoding=\"async\" class=\"aligncenter size-large wp-image-17730\" src=\"http:\/\/www.traba.org\/trabablog\/wp-content\/uploads\/2020\/04\/DAC0AE99-89F6-4FC9-B83A-3E2148C097E0-1024x576.jpeg\" alt=\"\" width=\"700\" height=\"394\" srcset=\"http:\/\/traba.org\/trabablog\/wp-content\/uploads\/2020\/04\/DAC0AE99-89F6-4FC9-B83A-3E2148C097E0-1024x576.jpeg 1024w, http:\/\/traba.org\/trabablog\/wp-content\/uploads\/2020\/04\/DAC0AE99-89F6-4FC9-B83A-3E2148C097E0-300x169.jpeg 300w, http:\/\/traba.org\/trabablog\/wp-content\/uploads\/2020\/04\/DAC0AE99-89F6-4FC9-B83A-3E2148C097E0-768x432.jpeg 768w, http:\/\/traba.org\/trabablog\/wp-content\/uploads\/2020\/04\/DAC0AE99-89F6-4FC9-B83A-3E2148C097E0-460x259.jpeg 460w, http:\/\/traba.org\/trabablog\/wp-content\/uploads\/2020\/04\/DAC0AE99-89F6-4FC9-B83A-3E2148C097E0-688x387.jpeg 688w\" sizes=\"auto, (max-width: 700px) 100vw, 700px\" \/> <img loading=\"lazy\" decoding=\"async\" class=\"aligncenter size-large wp-image-17731\" src=\"http:\/\/www.traba.org\/trabablog\/wp-content\/uploads\/2020\/04\/44A6A7B9-CA66-4895-A68B-C5CDFF7A7EC5-1024x576.jpeg\" alt=\"\" width=\"700\" height=\"394\" srcset=\"http:\/\/traba.org\/trabablog\/wp-content\/uploads\/2020\/04\/44A6A7B9-CA66-4895-A68B-C5CDFF7A7EC5-1024x576.jpeg 1024w, http:\/\/traba.org\/trabablog\/wp-content\/uploads\/2020\/04\/44A6A7B9-CA66-4895-A68B-C5CDFF7A7EC5-300x169.jpeg 300w, http:\/\/traba.org\/trabablog\/wp-content\/uploads\/2020\/04\/44A6A7B9-CA66-4895-A68B-C5CDFF7A7EC5-768x432.jpeg 768w, http:\/\/traba.org\/trabablog\/wp-content\/uploads\/2020\/04\/44A6A7B9-CA66-4895-A68B-C5CDFF7A7EC5-460x259.jpeg 460w, http:\/\/traba.org\/trabablog\/wp-content\/uploads\/2020\/04\/44A6A7B9-CA66-4895-A68B-C5CDFF7A7EC5-688x387.jpeg 688w\" sizes=\"auto, (max-width: 700px) 100vw, 700px\" \/><\/p>\n<p>Dijous 5 de mar\u00e7. Degoteig de not\u00edcies, res destacat.<\/p>\n<p>El Francesc segueix passejant.<\/p>\n<p><img loading=\"lazy\" decoding=\"async\" class=\"aligncenter wp-image-17732 size-large\" src=\"http:\/\/www.traba.org\/trabablog\/wp-content\/uploads\/2020\/04\/6DA09468-0DD1-4488-AED2-E887F8CFC380-e1587912176412-576x1024.jpeg\" alt=\"\" width=\"576\" height=\"1024\" srcset=\"http:\/\/traba.org\/trabablog\/wp-content\/uploads\/2020\/04\/6DA09468-0DD1-4488-AED2-E887F8CFC380-e1587912176412-576x1024.jpeg 576w, http:\/\/traba.org\/trabablog\/wp-content\/uploads\/2020\/04\/6DA09468-0DD1-4488-AED2-E887F8CFC380-e1587912176412-169x300.jpeg 169w, http:\/\/traba.org\/trabablog\/wp-content\/uploads\/2020\/04\/6DA09468-0DD1-4488-AED2-E887F8CFC380-e1587912176412-768x1365.jpeg 768w, http:\/\/traba.org\/trabablog\/wp-content\/uploads\/2020\/04\/6DA09468-0DD1-4488-AED2-E887F8CFC380-e1587912176412-196x348.jpeg 196w, http:\/\/traba.org\/trabablog\/wp-content\/uploads\/2020\/04\/6DA09468-0DD1-4488-AED2-E887F8CFC380-e1587912176412-688x1223.jpeg 688w\" sizes=\"auto, (max-width: 576px) 100vw, 576px\" \/><\/p>\n<p>Divendres 6 de mar\u00e7. Es descobreix el superspreader del funeral de Vitoria. A Madrid comen\u00e7a a aflorar el problema de les resid\u00e8ncies.<\/p>\n<p>El Francesc a Montjuic.<\/p>\n<p><img loading=\"lazy\" decoding=\"async\" class=\"aligncenter size-large wp-image-17733\" src=\"http:\/\/www.traba.org\/trabablog\/wp-content\/uploads\/2020\/04\/77E06659-628A-400C-B4E1-681E3D19251B-1024x576.jpeg\" alt=\"\" width=\"700\" height=\"394\" srcset=\"http:\/\/traba.org\/trabablog\/wp-content\/uploads\/2020\/04\/77E06659-628A-400C-B4E1-681E3D19251B-1024x576.jpeg 1024w, http:\/\/traba.org\/trabablog\/wp-content\/uploads\/2020\/04\/77E06659-628A-400C-B4E1-681E3D19251B-300x169.jpeg 300w, http:\/\/traba.org\/trabablog\/wp-content\/uploads\/2020\/04\/77E06659-628A-400C-B4E1-681E3D19251B-768x432.jpeg 768w, http:\/\/traba.org\/trabablog\/wp-content\/uploads\/2020\/04\/77E06659-628A-400C-B4E1-681E3D19251B-460x259.jpeg 460w, http:\/\/traba.org\/trabablog\/wp-content\/uploads\/2020\/04\/77E06659-628A-400C-B4E1-681E3D19251B-688x387.jpeg 688w\" sizes=\"auto, (max-width: 700px) 100vw, 700px\" \/><\/p>\n<p>Dissabte 7 de mar\u00e7. Es tanquen els centres de jubilats a Madrid. Es comen\u00e7a a pensar en confinar Haro.<\/p>\n<p>El F\u00e8lix fa 2 anys (per\u00f2 ho celebrem el diumenge). Avui, patinem.<\/p>\n<p><img loading=\"lazy\" decoding=\"async\" class=\"aligncenter wp-image-17734 size-large\" src=\"http:\/\/www.traba.org\/trabablog\/wp-content\/uploads\/2020\/04\/F4F756F5-0909-494A-B8E7-91D4E5C8421A-e1587912192182-768x1024.jpeg\" alt=\"\" width=\"700\" height=\"933\" srcset=\"http:\/\/traba.org\/trabablog\/wp-content\/uploads\/2020\/04\/F4F756F5-0909-494A-B8E7-91D4E5C8421A-e1587912192182-768x1024.jpeg 768w, http:\/\/traba.org\/trabablog\/wp-content\/uploads\/2020\/04\/F4F756F5-0909-494A-B8E7-91D4E5C8421A-e1587912192182-225x300.jpeg 225w, http:\/\/traba.org\/trabablog\/wp-content\/uploads\/2020\/04\/F4F756F5-0909-494A-B8E7-91D4E5C8421A-e1587912192182-261x348.jpeg 261w, http:\/\/traba.org\/trabablog\/wp-content\/uploads\/2020\/04\/F4F756F5-0909-494A-B8E7-91D4E5C8421A-e1587912192182-688x917.jpeg 688w\" sizes=\"auto, (max-width: 700px) 100vw, 700px\" \/> <img loading=\"lazy\" decoding=\"async\" class=\"aligncenter size-large wp-image-17735\" src=\"http:\/\/www.traba.org\/trabablog\/wp-content\/uploads\/2020\/04\/FA214663-2702-45A4-BBAA-62DE3B175032-1024x576.jpeg\" alt=\"\" width=\"700\" height=\"394\" srcset=\"http:\/\/traba.org\/trabablog\/wp-content\/uploads\/2020\/04\/FA214663-2702-45A4-BBAA-62DE3B175032-1024x576.jpeg 1024w, http:\/\/traba.org\/trabablog\/wp-content\/uploads\/2020\/04\/FA214663-2702-45A4-BBAA-62DE3B175032-300x169.jpeg 300w, http:\/\/traba.org\/trabablog\/wp-content\/uploads\/2020\/04\/FA214663-2702-45A4-BBAA-62DE3B175032-768x432.jpeg 768w, http:\/\/traba.org\/trabablog\/wp-content\/uploads\/2020\/04\/FA214663-2702-45A4-BBAA-62DE3B175032-460x259.jpeg 460w, http:\/\/traba.org\/trabablog\/wp-content\/uploads\/2020\/04\/FA214663-2702-45A4-BBAA-62DE3B175032-688x387.jpeg 688w\" sizes=\"auto, (max-width: 700px) 100vw, 700px\" \/> <img loading=\"lazy\" decoding=\"async\" class=\"aligncenter size-large wp-image-17736\" src=\"http:\/\/www.traba.org\/trabablog\/wp-content\/uploads\/2020\/04\/3516C405-3589-4DD8-9D0A-91483DFB7D5F-1024x576.jpeg\" alt=\"\" width=\"700\" height=\"394\" srcset=\"http:\/\/traba.org\/trabablog\/wp-content\/uploads\/2020\/04\/3516C405-3589-4DD8-9D0A-91483DFB7D5F-1024x576.jpeg 1024w, http:\/\/traba.org\/trabablog\/wp-content\/uploads\/2020\/04\/3516C405-3589-4DD8-9D0A-91483DFB7D5F-300x169.jpeg 300w, http:\/\/traba.org\/trabablog\/wp-content\/uploads\/2020\/04\/3516C405-3589-4DD8-9D0A-91483DFB7D5F-768x432.jpeg 768w, http:\/\/traba.org\/trabablog\/wp-content\/uploads\/2020\/04\/3516C405-3589-4DD8-9D0A-91483DFB7D5F-460x259.jpeg 460w, http:\/\/traba.org\/trabablog\/wp-content\/uploads\/2020\/04\/3516C405-3589-4DD8-9D0A-91483DFB7D5F-688x387.jpeg 688w\" sizes=\"auto, (max-width: 700px) 100vw, 700px\" \/> <img loading=\"lazy\" decoding=\"async\" class=\"aligncenter wp-image-17737 size-large\" src=\"http:\/\/www.traba.org\/trabablog\/wp-content\/uploads\/2020\/04\/23FD87DF-B003-4523-BCBF-5A471D74E3FE-e1587912207361-768x1024.jpeg\" alt=\"\" width=\"700\" height=\"933\" srcset=\"http:\/\/traba.org\/trabablog\/wp-content\/uploads\/2020\/04\/23FD87DF-B003-4523-BCBF-5A471D74E3FE-e1587912207361-768x1024.jpeg 768w, http:\/\/traba.org\/trabablog\/wp-content\/uploads\/2020\/04\/23FD87DF-B003-4523-BCBF-5A471D74E3FE-e1587912207361-225x300.jpeg 225w, http:\/\/traba.org\/trabablog\/wp-content\/uploads\/2020\/04\/23FD87DF-B003-4523-BCBF-5A471D74E3FE-e1587912207361-261x348.jpeg 261w, http:\/\/traba.org\/trabablog\/wp-content\/uploads\/2020\/04\/23FD87DF-B003-4523-BCBF-5A471D74E3FE-e1587912207361-688x917.jpeg 688w\" sizes=\"auto, (max-width: 700px) 100vw, 700px\" \/><\/p>\n<p>I per la tarda, a Via Laietana sense cotxes.<\/p>\n<p><img loading=\"lazy\" decoding=\"async\" class=\"aligncenter size-large wp-image-17738\" src=\"http:\/\/www.traba.org\/trabablog\/wp-content\/uploads\/2020\/04\/F053D87F-1B9C-4B5B-8D9D-E409239518F2-1024x576.jpeg\" alt=\"\" width=\"700\" height=\"394\" srcset=\"http:\/\/traba.org\/trabablog\/wp-content\/uploads\/2020\/04\/F053D87F-1B9C-4B5B-8D9D-E409239518F2-1024x576.jpeg 1024w, http:\/\/traba.org\/trabablog\/wp-content\/uploads\/2020\/04\/F053D87F-1B9C-4B5B-8D9D-E409239518F2-300x169.jpeg 300w, http:\/\/traba.org\/trabablog\/wp-content\/uploads\/2020\/04\/F053D87F-1B9C-4B5B-8D9D-E409239518F2-768x432.jpeg 768w, http:\/\/traba.org\/trabablog\/wp-content\/uploads\/2020\/04\/F053D87F-1B9C-4B5B-8D9D-E409239518F2-460x259.jpeg 460w, http:\/\/traba.org\/trabablog\/wp-content\/uploads\/2020\/04\/F053D87F-1B9C-4B5B-8D9D-E409239518F2-688x387.jpeg 688w\" sizes=\"auto, (max-width: 700px) 100vw, 700px\" \/> <img loading=\"lazy\" decoding=\"async\" class=\"aligncenter size-large wp-image-17739\" src=\"http:\/\/www.traba.org\/trabablog\/wp-content\/uploads\/2020\/04\/A02CFE10-EB98-43C1-83D4-F3D09DECA5AE-1024x576.jpeg\" alt=\"\" width=\"700\" height=\"394\" srcset=\"http:\/\/traba.org\/trabablog\/wp-content\/uploads\/2020\/04\/A02CFE10-EB98-43C1-83D4-F3D09DECA5AE-1024x576.jpeg 1024w, http:\/\/traba.org\/trabablog\/wp-content\/uploads\/2020\/04\/A02CFE10-EB98-43C1-83D4-F3D09DECA5AE-300x169.jpeg 300w, http:\/\/traba.org\/trabablog\/wp-content\/uploads\/2020\/04\/A02CFE10-EB98-43C1-83D4-F3D09DECA5AE-768x432.jpeg 768w, http:\/\/traba.org\/trabablog\/wp-content\/uploads\/2020\/04\/A02CFE10-EB98-43C1-83D4-F3D09DECA5AE-460x259.jpeg 460w, http:\/\/traba.org\/trabablog\/wp-content\/uploads\/2020\/04\/A02CFE10-EB98-43C1-83D4-F3D09DECA5AE-688x387.jpeg 688w\" sizes=\"auto, (max-width: 700px) 100vw, 700px\" \/> <img loading=\"lazy\" decoding=\"async\" class=\"aligncenter size-large wp-image-17740\" src=\"http:\/\/www.traba.org\/trabablog\/wp-content\/uploads\/2020\/04\/7C6F43CD-07D0-4896-9006-8FE16E7F0F3E-1024x768.jpeg\" alt=\"\" width=\"700\" height=\"525\" srcset=\"http:\/\/traba.org\/trabablog\/wp-content\/uploads\/2020\/04\/7C6F43CD-07D0-4896-9006-8FE16E7F0F3E-1024x768.jpeg 1024w, http:\/\/traba.org\/trabablog\/wp-content\/uploads\/2020\/04\/7C6F43CD-07D0-4896-9006-8FE16E7F0F3E-300x225.jpeg 300w, http:\/\/traba.org\/trabablog\/wp-content\/uploads\/2020\/04\/7C6F43CD-07D0-4896-9006-8FE16E7F0F3E-768x576.jpeg 768w, http:\/\/traba.org\/trabablog\/wp-content\/uploads\/2020\/04\/7C6F43CD-07D0-4896-9006-8FE16E7F0F3E-460x345.jpeg 460w, http:\/\/traba.org\/trabablog\/wp-content\/uploads\/2020\/04\/7C6F43CD-07D0-4896-9006-8FE16E7F0F3E-688x516.jpeg 688w\" sizes=\"auto, (max-width: 700px) 100vw, 700px\" \/> <img loading=\"lazy\" decoding=\"async\" class=\"aligncenter size-large wp-image-17741\" src=\"http:\/\/www.traba.org\/trabablog\/wp-content\/uploads\/2020\/04\/70169698-B192-4921-9D3F-C883F6DF8332-1024x768.jpeg\" alt=\"\" width=\"700\" height=\"525\" srcset=\"http:\/\/traba.org\/trabablog\/wp-content\/uploads\/2020\/04\/70169698-B192-4921-9D3F-C883F6DF8332-1024x768.jpeg 1024w, http:\/\/traba.org\/trabablog\/wp-content\/uploads\/2020\/04\/70169698-B192-4921-9D3F-C883F6DF8332-300x225.jpeg 300w, http:\/\/traba.org\/trabablog\/wp-content\/uploads\/2020\/04\/70169698-B192-4921-9D3F-C883F6DF8332-768x576.jpeg 768w, http:\/\/traba.org\/trabablog\/wp-content\/uploads\/2020\/04\/70169698-B192-4921-9D3F-C883F6DF8332-460x345.jpeg 460w, http:\/\/traba.org\/trabablog\/wp-content\/uploads\/2020\/04\/70169698-B192-4921-9D3F-C883F6DF8332-688x516.jpeg 688w\" sizes=\"auto, (max-width: 700px) 100vw, 700px\" \/><\/p>\n<p>Diumenge 8 de mar\u00e7. El dia de la dona. 120.000 persones a Madris i 50.000 a Barcelona.<\/p>\n<p>Barcelona obre els carrers a les persones, i nosaltres hi anem.<\/p>\n<p><img loading=\"lazy\" decoding=\"async\" class=\"aligncenter size-large wp-image-17742\" src=\"http:\/\/www.traba.org\/trabablog\/wp-content\/uploads\/2020\/04\/CE230B38-BC59-463E-8BBA-414499D79DEE-1024x576.jpeg\" alt=\"\" width=\"700\" height=\"394\" srcset=\"http:\/\/traba.org\/trabablog\/wp-content\/uploads\/2020\/04\/CE230B38-BC59-463E-8BBA-414499D79DEE-1024x576.jpeg 1024w, http:\/\/traba.org\/trabablog\/wp-content\/uploads\/2020\/04\/CE230B38-BC59-463E-8BBA-414499D79DEE-300x169.jpeg 300w, http:\/\/traba.org\/trabablog\/wp-content\/uploads\/2020\/04\/CE230B38-BC59-463E-8BBA-414499D79DEE-768x432.jpeg 768w, http:\/\/traba.org\/trabablog\/wp-content\/uploads\/2020\/04\/CE230B38-BC59-463E-8BBA-414499D79DEE-460x259.jpeg 460w, http:\/\/traba.org\/trabablog\/wp-content\/uploads\/2020\/04\/CE230B38-BC59-463E-8BBA-414499D79DEE-688x387.jpeg 688w\" sizes=\"auto, (max-width: 700px) 100vw, 700px\" \/> <img loading=\"lazy\" decoding=\"async\" class=\"aligncenter wp-image-17743 size-large\" src=\"http:\/\/www.traba.org\/trabablog\/wp-content\/uploads\/2020\/04\/F6D5714A-AF8B-43D4-8CE6-EADE0FE05488-e1587912225639-768x1024.jpeg\" alt=\"\" width=\"700\" height=\"933\" srcset=\"http:\/\/traba.org\/trabablog\/wp-content\/uploads\/2020\/04\/F6D5714A-AF8B-43D4-8CE6-EADE0FE05488-e1587912225639-768x1024.jpeg 768w, http:\/\/traba.org\/trabablog\/wp-content\/uploads\/2020\/04\/F6D5714A-AF8B-43D4-8CE6-EADE0FE05488-e1587912225639-225x300.jpeg 225w, http:\/\/traba.org\/trabablog\/wp-content\/uploads\/2020\/04\/F6D5714A-AF8B-43D4-8CE6-EADE0FE05488-e1587912225639-261x348.jpeg 261w, http:\/\/traba.org\/trabablog\/wp-content\/uploads\/2020\/04\/F6D5714A-AF8B-43D4-8CE6-EADE0FE05488-e1587912225639-688x917.jpeg 688w, http:\/\/traba.org\/trabablog\/wp-content\/uploads\/2020\/04\/F6D5714A-AF8B-43D4-8CE6-EADE0FE05488-e1587912225639.jpeg 960w\" sizes=\"auto, (max-width: 700px) 100vw, 700px\" \/> <img loading=\"lazy\" decoding=\"async\" class=\"aligncenter wp-image-17744 size-large\" src=\"http:\/\/www.traba.org\/trabablog\/wp-content\/uploads\/2020\/04\/5D8A619A-B7BD-4866-9C48-6B297604EFA9-e1587912237526-576x1024.jpeg\" alt=\"\" width=\"576\" height=\"1024\" srcset=\"http:\/\/traba.org\/trabablog\/wp-content\/uploads\/2020\/04\/5D8A619A-B7BD-4866-9C48-6B297604EFA9-e1587912237526-576x1024.jpeg 576w, http:\/\/traba.org\/trabablog\/wp-content\/uploads\/2020\/04\/5D8A619A-B7BD-4866-9C48-6B297604EFA9-e1587912237526-169x300.jpeg 169w, http:\/\/traba.org\/trabablog\/wp-content\/uploads\/2020\/04\/5D8A619A-B7BD-4866-9C48-6B297604EFA9-e1587912237526-768x1365.jpeg 768w, http:\/\/traba.org\/trabablog\/wp-content\/uploads\/2020\/04\/5D8A619A-B7BD-4866-9C48-6B297604EFA9-e1587912237526-196x348.jpeg 196w, http:\/\/traba.org\/trabablog\/wp-content\/uploads\/2020\/04\/5D8A619A-B7BD-4866-9C48-6B297604EFA9-e1587912237526-688x1223.jpeg 688w\" sizes=\"auto, (max-width: 576px) 100vw, 576px\" \/> <img loading=\"lazy\" decoding=\"async\" class=\"aligncenter wp-image-17745 size-large\" src=\"http:\/\/www.traba.org\/trabablog\/wp-content\/uploads\/2020\/04\/4B69BF09-CC97-465F-993B-F2BF2BC8178F-e1587912249954-576x1024.jpeg\" alt=\"\" width=\"576\" height=\"1024\" srcset=\"http:\/\/traba.org\/trabablog\/wp-content\/uploads\/2020\/04\/4B69BF09-CC97-465F-993B-F2BF2BC8178F-e1587912249954-576x1024.jpeg 576w, http:\/\/traba.org\/trabablog\/wp-content\/uploads\/2020\/04\/4B69BF09-CC97-465F-993B-F2BF2BC8178F-e1587912249954-169x300.jpeg 169w, http:\/\/traba.org\/trabablog\/wp-content\/uploads\/2020\/04\/4B69BF09-CC97-465F-993B-F2BF2BC8178F-e1587912249954-768x1365.jpeg 768w, http:\/\/traba.org\/trabablog\/wp-content\/uploads\/2020\/04\/4B69BF09-CC97-465F-993B-F2BF2BC8178F-e1587912249954-196x348.jpeg 196w, http:\/\/traba.org\/trabablog\/wp-content\/uploads\/2020\/04\/4B69BF09-CC97-465F-993B-F2BF2BC8178F-e1587912249954-688x1223.jpeg 688w\" sizes=\"auto, (max-width: 576px) 100vw, 576px\" \/> <img loading=\"lazy\" decoding=\"async\" class=\"aligncenter wp-image-17746 size-large\" src=\"http:\/\/www.traba.org\/trabablog\/wp-content\/uploads\/2020\/04\/A41DE9D4-198F-4E95-A9CB-E4447D44BD19-e1587912264800-768x1024.jpeg\" alt=\"\" width=\"700\" height=\"933\" srcset=\"http:\/\/traba.org\/trabablog\/wp-content\/uploads\/2020\/04\/A41DE9D4-198F-4E95-A9CB-E4447D44BD19-e1587912264800-768x1024.jpeg 768w, http:\/\/traba.org\/trabablog\/wp-content\/uploads\/2020\/04\/A41DE9D4-198F-4E95-A9CB-E4447D44BD19-e1587912264800-225x300.jpeg 225w, http:\/\/traba.org\/trabablog\/wp-content\/uploads\/2020\/04\/A41DE9D4-198F-4E95-A9CB-E4447D44BD19-e1587912264800-261x348.jpeg 261w, http:\/\/traba.org\/trabablog\/wp-content\/uploads\/2020\/04\/A41DE9D4-198F-4E95-A9CB-E4447D44BD19-e1587912264800-688x917.jpeg 688w\" sizes=\"auto, (max-width: 700px) 100vw, 700px\" \/><\/p>\n<p>I finalment, celebrem el cumple del F\u00e8lix. 2 anys!<\/p>\n<div style=\"width: 952px;\" class=\"wp-video\"><video class=\"wp-video-shortcode\" id=\"video-17707-1\" width=\"952\" height=\"536\" preload=\"metadata\" controls=\"controls\"><source type=\"video\/mp4\" src=\"http:\/\/www.traba.org\/trabablog\/wp-content\/uploads\/2020\/04\/957C59B2-3173-4EE6-8E70-854FA9DC9A81.mp4?_=1\" \/><a href=\"http:\/\/www.traba.org\/trabablog\/wp-content\/uploads\/2020\/04\/957C59B2-3173-4EE6-8E70-854FA9DC9A81.mp4\">http:\/\/www.traba.org\/trabablog\/wp-content\/uploads\/2020\/04\/957C59B2-3173-4EE6-8E70-854FA9DC9A81.mp4<\/a><\/video><\/div>\n","protected":false},"excerpt":{"rendered":"<p>Diumenge 1 de mar\u00e7. Comen\u00e7a a haver-hi transmissi\u00f3 comunit\u00e0ria (ara sabem que ja n&#8217;hi havia molt abans). El dia anterior, Perpiny\u00e0. Nosaltres a Montjuic. El F\u00e8lix baixant per la tirulina&#8230;<\/p>\n","protected":false},"author":5,"featured_media":17727,"comment_status":"open","ping_status":"open","sticky":false,"template":"","format":"standard","meta":{"_monsterinsights_skip_tracking":false,"_monsterinsights_sitenote_active":false,"_monsterinsights_sitenote_note":"","_monsterinsights_sitenote_category":0,"footnotes":""},"categories":[28],"tags":[],"class_list":["post-17707","post","type-post","status-publish","format-standard","has-post-thumbnail","hentry","category-ordinary-days"],"_links":{"self":[{"href":"http:\/\/traba.org\/trabablog\/index.php?rest_route=\/wp\/v2\/posts\/17707","targetHints":{"allow":["GET"]}}],"collection":[{"href":"http:\/\/traba.org\/trabablog\/index.php?rest_route=\/wp\/v2\/posts"}],"about":[{"href":"http:\/\/traba.org\/trabablog\/index.php?rest_route=\/wp\/v2\/types\/post"}],"author":[{"embeddable":true,"href":"http:\/\/traba.org\/trabablog\/index.php?rest_route=\/wp\/v2\/users\/5"}],"replies":[{"embeddable":true,"href":"http:\/\/traba.org\/trabablog\/index.php?rest_route=%2Fwp%2Fv2%2Fcomments&post=17707"}],"version-history":[{"count":3,"href":"http:\/\/traba.org\/trabablog\/index.php?rest_route=\/wp\/v2\/posts\/17707\/revisions"}],"predecessor-version":[{"id":17751,"href":"http:\/\/traba.org\/trabablog\/index.php?rest_route=\/wp\/v2\/posts\/17707\/revisions\/17751"}],"wp:featuredmedia":[{"embeddable":true,"href":"http:\/\/traba.org\/trabablog\/index.php?rest_route=\/wp\/v2\/media\/17727"}],"wp:attachment":[{"href":"http:\/\/traba.org\/trabablog\/index.php?rest_route=%2Fwp%2Fv2%2Fmedia&parent=17707"}],"wp:term":[{"taxonomy":"category","embeddable":true,"href":"http:\/\/traba.org\/trabablog\/index.php?rest_route=%2Fwp%2Fv2%2Fcategories&post=17707"},{"taxonomy":"post_tag","embeddable":true,"href":"http:\/\/traba.org\/trabablog\/index.php?rest_route=%2Fwp%2Fv2%2Ftags&post=17707"}],"curies":[{"name":"wp","href":"https:\/\/api.w.org\/{rel}","templated":true}]}}