{"id":17752,"date":"2020-05-03T14:26:05","date_gmt":"2020-05-03T12:26:05","guid":{"rendered":"http:\/\/www.traba.org\/trabablog\/?p=17752"},"modified":"2020-05-03T14:26:05","modified_gmt":"2020-05-03T12:26:05","slug":"pre-confinament","status":"publish","type":"post","link":"http:\/\/traba.org\/trabablog\/?p=17752","title":{"rendered":"Pre-confinament"},"content":{"rendered":"<p><strong>Dilluns 9 de mar\u00e7<\/strong>. Al parc de la Ciutadella, despr\u00e9s de la Carabassa. Avui, tancat, sembla que obriran dilluns.<\/p>\n<p>Als diaris: moren 7 persones en un dia\u00a0 Espanya. A dia d&#8217;avui, 25.264.<\/p>\n<p><img loading=\"lazy\" decoding=\"async\" class=\"aligncenter size-large wp-image-17753\" src=\"http:\/\/www.traba.org\/trabablog\/wp-content\/uploads\/2020\/04\/E1F3E88B-6F78-48B7-A2F4-E67E788002B4-1024x576.jpeg\" alt=\"\" width=\"700\" height=\"394\" srcset=\"http:\/\/traba.org\/trabablog\/wp-content\/uploads\/2020\/04\/E1F3E88B-6F78-48B7-A2F4-E67E788002B4-1024x576.jpeg 1024w, http:\/\/traba.org\/trabablog\/wp-content\/uploads\/2020\/04\/E1F3E88B-6F78-48B7-A2F4-E67E788002B4-300x169.jpeg 300w, http:\/\/traba.org\/trabablog\/wp-content\/uploads\/2020\/04\/E1F3E88B-6F78-48B7-A2F4-E67E788002B4-768x432.jpeg 768w, http:\/\/traba.org\/trabablog\/wp-content\/uploads\/2020\/04\/E1F3E88B-6F78-48B7-A2F4-E67E788002B4-460x259.jpeg 460w, http:\/\/traba.org\/trabablog\/wp-content\/uploads\/2020\/04\/E1F3E88B-6F78-48B7-A2F4-E67E788002B4-688x387.jpeg 688w\" sizes=\"auto, (max-width: 700px) 100vw, 700px\" \/><\/p>\n<p><strong>Dimarts 10 de mar\u00e7<\/strong>. repetim Ciutadella.<\/p>\n<p>Els diaris: a Madrid es tanquen escoles i universitats. Tota Italia confinada.<\/p>\n<p><img loading=\"lazy\" decoding=\"async\" class=\"aligncenter size-large wp-image-17754\" src=\"http:\/\/www.traba.org\/trabablog\/wp-content\/uploads\/2020\/04\/C2B912A0-E8E8-40EF-A521-7024A5567A3A-1024x576.jpeg\" alt=\"\" width=\"700\" height=\"394\" srcset=\"http:\/\/traba.org\/trabablog\/wp-content\/uploads\/2020\/04\/C2B912A0-E8E8-40EF-A521-7024A5567A3A-1024x576.jpeg 1024w, http:\/\/traba.org\/trabablog\/wp-content\/uploads\/2020\/04\/C2B912A0-E8E8-40EF-A521-7024A5567A3A-300x169.jpeg 300w, http:\/\/traba.org\/trabablog\/wp-content\/uploads\/2020\/04\/C2B912A0-E8E8-40EF-A521-7024A5567A3A-768x432.jpeg 768w, http:\/\/traba.org\/trabablog\/wp-content\/uploads\/2020\/04\/C2B912A0-E8E8-40EF-A521-7024A5567A3A-460x259.jpeg 460w, http:\/\/traba.org\/trabablog\/wp-content\/uploads\/2020\/04\/C2B912A0-E8E8-40EF-A521-7024A5567A3A-688x387.jpeg 688w\" sizes=\"auto, (max-width: 700px) 100vw, 700px\" \/> <img loading=\"lazy\" decoding=\"async\" class=\"aligncenter size-large wp-image-17755\" src=\"http:\/\/www.traba.org\/trabablog\/wp-content\/uploads\/2020\/04\/0B6AEC24-9C5F-499E-B7C0-290D32D748C1-1024x576.jpeg\" alt=\"\" width=\"700\" height=\"394\" srcset=\"http:\/\/traba.org\/trabablog\/wp-content\/uploads\/2020\/04\/0B6AEC24-9C5F-499E-B7C0-290D32D748C1-1024x576.jpeg 1024w, http:\/\/traba.org\/trabablog\/wp-content\/uploads\/2020\/04\/0B6AEC24-9C5F-499E-B7C0-290D32D748C1-300x169.jpeg 300w, http:\/\/traba.org\/trabablog\/wp-content\/uploads\/2020\/04\/0B6AEC24-9C5F-499E-B7C0-290D32D748C1-768x432.jpeg 768w, http:\/\/traba.org\/trabablog\/wp-content\/uploads\/2020\/04\/0B6AEC24-9C5F-499E-B7C0-290D32D748C1-460x259.jpeg 460w, http:\/\/traba.org\/trabablog\/wp-content\/uploads\/2020\/04\/0B6AEC24-9C5F-499E-B7C0-290D32D748C1-688x387.jpeg 688w\" sizes=\"auto, (max-width: 700px) 100vw, 700px\" \/><\/p>\n<p><strong>Dimecres 11 de mar\u00e7<\/strong>. Passeig per Monjuic del Francesc despr\u00e9s de la feina.<\/p>\n<p>Els diaris: s&#8217;aplacen les Falles. A Madrid comencen a veure que es quedaran sense llits a\u00a0 les UCI. A Madrid comencen les cues als supermercats, i es buiden les estanteries, sobretot de paper de WC. Al nostre s\u00faper mai ha faltat res b\u00e0sic.<\/p>\n<p><img loading=\"lazy\" decoding=\"async\" class=\"aligncenter size-large wp-image-17756\" src=\"http:\/\/www.traba.org\/trabablog\/wp-content\/uploads\/2020\/04\/72155381-63F1-4FB0-9453-D52072161A78-1024x576.jpeg\" alt=\"\" width=\"700\" height=\"394\" srcset=\"http:\/\/traba.org\/trabablog\/wp-content\/uploads\/2020\/04\/72155381-63F1-4FB0-9453-D52072161A78-1024x576.jpeg 1024w, http:\/\/traba.org\/trabablog\/wp-content\/uploads\/2020\/04\/72155381-63F1-4FB0-9453-D52072161A78-300x169.jpeg 300w, http:\/\/traba.org\/trabablog\/wp-content\/uploads\/2020\/04\/72155381-63F1-4FB0-9453-D52072161A78-768x432.jpeg 768w, http:\/\/traba.org\/trabablog\/wp-content\/uploads\/2020\/04\/72155381-63F1-4FB0-9453-D52072161A78-460x259.jpeg 460w, http:\/\/traba.org\/trabablog\/wp-content\/uploads\/2020\/04\/72155381-63F1-4FB0-9453-D52072161A78-688x387.jpeg 688w\" sizes=\"auto, (max-width: 700px) 100vw, 700px\" \/> <img loading=\"lazy\" decoding=\"async\" class=\"aligncenter size-large wp-image-17757\" src=\"http:\/\/www.traba.org\/trabablog\/wp-content\/uploads\/2020\/04\/6B96CC64-AED9-420B-BA19-F026738CA89F-1024x576.jpeg\" alt=\"\" width=\"700\" height=\"394\" srcset=\"http:\/\/traba.org\/trabablog\/wp-content\/uploads\/2020\/04\/6B96CC64-AED9-420B-BA19-F026738CA89F-1024x576.jpeg 1024w, http:\/\/traba.org\/trabablog\/wp-content\/uploads\/2020\/04\/6B96CC64-AED9-420B-BA19-F026738CA89F-300x169.jpeg 300w, http:\/\/traba.org\/trabablog\/wp-content\/uploads\/2020\/04\/6B96CC64-AED9-420B-BA19-F026738CA89F-768x432.jpeg 768w, http:\/\/traba.org\/trabablog\/wp-content\/uploads\/2020\/04\/6B96CC64-AED9-420B-BA19-F026738CA89F-460x259.jpeg 460w, http:\/\/traba.org\/trabablog\/wp-content\/uploads\/2020\/04\/6B96CC64-AED9-420B-BA19-F026738CA89F-688x387.jpeg 688w\" sizes=\"auto, (max-width: 700px) 100vw, 700px\" \/><\/p>\n<p>I per la tarda a la Ciutadella.<\/p>\n<p>Jo aquell dia vaig a ioga, per\u00f2 em compro la meva pr\u00f2pia esterilla.<\/p>\n<p><img loading=\"lazy\" decoding=\"async\" class=\"aligncenter wp-image-17758 size-large\" src=\"http:\/\/www.traba.org\/trabablog\/wp-content\/uploads\/2020\/04\/0FB5C3B8-C2B6-4133-8188-2FD34570FED3-e1588195872228-576x1024.jpeg\" alt=\"\" width=\"576\" height=\"1024\" srcset=\"http:\/\/traba.org\/trabablog\/wp-content\/uploads\/2020\/04\/0FB5C3B8-C2B6-4133-8188-2FD34570FED3-e1588195872228-576x1024.jpeg 576w, http:\/\/traba.org\/trabablog\/wp-content\/uploads\/2020\/04\/0FB5C3B8-C2B6-4133-8188-2FD34570FED3-e1588195872228-169x300.jpeg 169w, http:\/\/traba.org\/trabablog\/wp-content\/uploads\/2020\/04\/0FB5C3B8-C2B6-4133-8188-2FD34570FED3-e1588195872228-768x1365.jpeg 768w, http:\/\/traba.org\/trabablog\/wp-content\/uploads\/2020\/04\/0FB5C3B8-C2B6-4133-8188-2FD34570FED3-e1588195872228-196x348.jpeg 196w, http:\/\/traba.org\/trabablog\/wp-content\/uploads\/2020\/04\/0FB5C3B8-C2B6-4133-8188-2FD34570FED3-e1588195872228-688x1223.jpeg 688w\" sizes=\"auto, (max-width: 576px) 100vw, 576px\" \/><\/p>\n<p><strong>Dijous 12 de mar\u00e7<\/strong>. Ells a la Ciutadella, jo al dentista. El dentista ja portava mascareta, guants i pantalla. A l&#8217;entrar, et feien desinfectar les mans amb sol\u00b7luci\u00f3 hidroalco\u00f2lica. Ell, Itali\u00e0, enfadat amb el Govierno per no confinar ja. Jo dient que no hi havia transmissi\u00f3 comunit\u00e0ria, que tots els contactes estaven identificats&#8230; Per sort, nom\u00e9s va ser un empaste&#8230;<\/p>\n<p>Als diaris: comen\u00e7a Igualada amb el primer mort. La OMS declara la Pandemia. Irene Montero d\u00f3na positiu. Dem\u00e0 ja no hi ha cole.<\/p>\n<p><img loading=\"lazy\" decoding=\"async\" class=\"aligncenter size-large wp-image-17759\" src=\"http:\/\/www.traba.org\/trabablog\/wp-content\/uploads\/2020\/04\/5FDC57EB-55D4-4063-8B78-8CB60F9F589A-1024x576.jpeg\" alt=\"\" width=\"700\" height=\"394\" srcset=\"http:\/\/traba.org\/trabablog\/wp-content\/uploads\/2020\/04\/5FDC57EB-55D4-4063-8B78-8CB60F9F589A-1024x576.jpeg 1024w, http:\/\/traba.org\/trabablog\/wp-content\/uploads\/2020\/04\/5FDC57EB-55D4-4063-8B78-8CB60F9F589A-300x169.jpeg 300w, http:\/\/traba.org\/trabablog\/wp-content\/uploads\/2020\/04\/5FDC57EB-55D4-4063-8B78-8CB60F9F589A-768x432.jpeg 768w, http:\/\/traba.org\/trabablog\/wp-content\/uploads\/2020\/04\/5FDC57EB-55D4-4063-8B78-8CB60F9F589A-460x259.jpeg 460w, http:\/\/traba.org\/trabablog\/wp-content\/uploads\/2020\/04\/5FDC57EB-55D4-4063-8B78-8CB60F9F589A-688x387.jpeg 688w\" sizes=\"auto, (max-width: 700px) 100vw, 700px\" \/> <img loading=\"lazy\" decoding=\"async\" class=\"aligncenter wp-image-17760 size-large\" src=\"http:\/\/www.traba.org\/trabablog\/wp-content\/uploads\/2020\/04\/5AE20FF1-EE11-4F78-9E37-2C458AB64433-e1588195895555-576x1024.jpeg\" alt=\"\" width=\"576\" height=\"1024\" srcset=\"http:\/\/traba.org\/trabablog\/wp-content\/uploads\/2020\/04\/5AE20FF1-EE11-4F78-9E37-2C458AB64433-e1588195895555-576x1024.jpeg 576w, http:\/\/traba.org\/trabablog\/wp-content\/uploads\/2020\/04\/5AE20FF1-EE11-4F78-9E37-2C458AB64433-e1588195895555-169x300.jpeg 169w, http:\/\/traba.org\/trabablog\/wp-content\/uploads\/2020\/04\/5AE20FF1-EE11-4F78-9E37-2C458AB64433-e1588195895555-768x1365.jpeg 768w, http:\/\/traba.org\/trabablog\/wp-content\/uploads\/2020\/04\/5AE20FF1-EE11-4F78-9E37-2C458AB64433-e1588195895555-196x348.jpeg 196w, http:\/\/traba.org\/trabablog\/wp-content\/uploads\/2020\/04\/5AE20FF1-EE11-4F78-9E37-2C458AB64433-e1588195895555-688x1223.jpeg 688w\" sizes=\"auto, (max-width: 576px) 100vw, 576px\" \/> <img loading=\"lazy\" decoding=\"async\" class=\"aligncenter size-large wp-image-17761\" src=\"http:\/\/www.traba.org\/trabablog\/wp-content\/uploads\/2020\/04\/87061DE7-3E42-430C-A416-EC9BCA1C47A3-1024x576.jpeg\" alt=\"\" width=\"700\" height=\"394\" srcset=\"http:\/\/traba.org\/trabablog\/wp-content\/uploads\/2020\/04\/87061DE7-3E42-430C-A416-EC9BCA1C47A3-1024x576.jpeg 1024w, http:\/\/traba.org\/trabablog\/wp-content\/uploads\/2020\/04\/87061DE7-3E42-430C-A416-EC9BCA1C47A3-300x169.jpeg 300w, http:\/\/traba.org\/trabablog\/wp-content\/uploads\/2020\/04\/87061DE7-3E42-430C-A416-EC9BCA1C47A3-768x432.jpeg 768w, http:\/\/traba.org\/trabablog\/wp-content\/uploads\/2020\/04\/87061DE7-3E42-430C-A416-EC9BCA1C47A3-460x259.jpeg 460w, http:\/\/traba.org\/trabablog\/wp-content\/uploads\/2020\/04\/87061DE7-3E42-430C-A416-EC9BCA1C47A3-688x387.jpeg 688w\" sizes=\"auto, (max-width: 700px) 100vw, 700px\" \/><\/p>\n<p><strong>Divendres 13 de mar\u00e7<\/strong>. Avui ja no hi ha coles. Teletreball amb els 3 nens a casa.<\/p>\n<p>Als diaris: Es declara estat d&#8217;alarma. Igualada confinada amb 3 morts i 58 positius.<\/p>\n<p>Per la tarda ens dividim. El Bruno a casa del Claudi, el Francesc a passejar per la Ciutadella amb el F\u00e8lix i l&#8217;Aina es queda a dormir a casa.<\/p>\n<p><img loading=\"lazy\" decoding=\"async\" class=\"aligncenter size-large wp-image-17762\" src=\"http:\/\/www.traba.org\/trabablog\/wp-content\/uploads\/2020\/04\/BA9CC294-4D36-42AE-A532-3DFBADFA8997-1024x576.jpeg\" alt=\"\" width=\"700\" height=\"394\" srcset=\"http:\/\/traba.org\/trabablog\/wp-content\/uploads\/2020\/04\/BA9CC294-4D36-42AE-A532-3DFBADFA8997-1024x576.jpeg 1024w, http:\/\/traba.org\/trabablog\/wp-content\/uploads\/2020\/04\/BA9CC294-4D36-42AE-A532-3DFBADFA8997-300x169.jpeg 300w, http:\/\/traba.org\/trabablog\/wp-content\/uploads\/2020\/04\/BA9CC294-4D36-42AE-A532-3DFBADFA8997-768x432.jpeg 768w, http:\/\/traba.org\/trabablog\/wp-content\/uploads\/2020\/04\/BA9CC294-4D36-42AE-A532-3DFBADFA8997-460x259.jpeg 460w, http:\/\/traba.org\/trabablog\/wp-content\/uploads\/2020\/04\/BA9CC294-4D36-42AE-A532-3DFBADFA8997-688x387.jpeg 688w\" sizes=\"auto, (max-width: 700px) 100vw, 700px\" \/> <img loading=\"lazy\" decoding=\"async\" class=\"aligncenter wp-image-17763 size-large\" src=\"http:\/\/www.traba.org\/trabablog\/wp-content\/uploads\/2020\/04\/F5D5B83F-40CF-4F5F-8713-8AA25DA3A661-e1588195913917-576x1024.jpeg\" alt=\"\" width=\"576\" height=\"1024\" srcset=\"http:\/\/traba.org\/trabablog\/wp-content\/uploads\/2020\/04\/F5D5B83F-40CF-4F5F-8713-8AA25DA3A661-e1588195913917-576x1024.jpeg 576w, http:\/\/traba.org\/trabablog\/wp-content\/uploads\/2020\/04\/F5D5B83F-40CF-4F5F-8713-8AA25DA3A661-e1588195913917-169x300.jpeg 169w, http:\/\/traba.org\/trabablog\/wp-content\/uploads\/2020\/04\/F5D5B83F-40CF-4F5F-8713-8AA25DA3A661-e1588195913917-768x1365.jpeg 768w, http:\/\/traba.org\/trabablog\/wp-content\/uploads\/2020\/04\/F5D5B83F-40CF-4F5F-8713-8AA25DA3A661-e1588195913917-196x348.jpeg 196w, http:\/\/traba.org\/trabablog\/wp-content\/uploads\/2020\/04\/F5D5B83F-40CF-4F5F-8713-8AA25DA3A661-e1588195913917-688x1223.jpeg 688w\" sizes=\"auto, (max-width: 576px) 100vw, 576px\" \/> <img loading=\"lazy\" decoding=\"async\" class=\"aligncenter wp-image-17764 size-large\" src=\"http:\/\/www.traba.org\/trabablog\/wp-content\/uploads\/2020\/04\/76A49350-E291-4508-A934-B1916D751B28-e1588195933978-576x1024.jpeg\" alt=\"\" width=\"576\" height=\"1024\" srcset=\"http:\/\/traba.org\/trabablog\/wp-content\/uploads\/2020\/04\/76A49350-E291-4508-A934-B1916D751B28-e1588195933978-576x1024.jpeg 576w, http:\/\/traba.org\/trabablog\/wp-content\/uploads\/2020\/04\/76A49350-E291-4508-A934-B1916D751B28-e1588195933978-169x300.jpeg 169w, http:\/\/traba.org\/trabablog\/wp-content\/uploads\/2020\/04\/76A49350-E291-4508-A934-B1916D751B28-e1588195933978-768x1365.jpeg 768w, http:\/\/traba.org\/trabablog\/wp-content\/uploads\/2020\/04\/76A49350-E291-4508-A934-B1916D751B28-e1588195933978-196x348.jpeg 196w, http:\/\/traba.org\/trabablog\/wp-content\/uploads\/2020\/04\/76A49350-E291-4508-A934-B1916D751B28-e1588195933978-688x1223.jpeg 688w\" sizes=\"auto, (max-width: 576px) 100vw, 576px\" \/> <img loading=\"lazy\" decoding=\"async\" class=\"aligncenter size-large wp-image-17765\" src=\"http:\/\/www.traba.org\/trabablog\/wp-content\/uploads\/2020\/04\/7A437FCC-9016-42B4-A394-43A1D582C5B7-1024x576.jpeg\" alt=\"\" width=\"700\" height=\"394\" srcset=\"http:\/\/traba.org\/trabablog\/wp-content\/uploads\/2020\/04\/7A437FCC-9016-42B4-A394-43A1D582C5B7-1024x576.jpeg 1024w, http:\/\/traba.org\/trabablog\/wp-content\/uploads\/2020\/04\/7A437FCC-9016-42B4-A394-43A1D582C5B7-300x169.jpeg 300w, http:\/\/traba.org\/trabablog\/wp-content\/uploads\/2020\/04\/7A437FCC-9016-42B4-A394-43A1D582C5B7-768x432.jpeg 768w, http:\/\/traba.org\/trabablog\/wp-content\/uploads\/2020\/04\/7A437FCC-9016-42B4-A394-43A1D582C5B7-460x259.jpeg 460w, http:\/\/traba.org\/trabablog\/wp-content\/uploads\/2020\/04\/7A437FCC-9016-42B4-A394-43A1D582C5B7-688x387.jpeg 688w\" sizes=\"auto, (max-width: 700px) 100vw, 700px\" \/> <img loading=\"lazy\" decoding=\"async\" class=\"aligncenter size-large wp-image-17766\" src=\"http:\/\/www.traba.org\/trabablog\/wp-content\/uploads\/2020\/04\/ED1C20C7-7DD1-44F8-ABE4-0C9C60FA36EA-1024x576.jpeg\" alt=\"\" width=\"700\" height=\"394\" srcset=\"http:\/\/traba.org\/trabablog\/wp-content\/uploads\/2020\/04\/ED1C20C7-7DD1-44F8-ABE4-0C9C60FA36EA-1024x576.jpeg 1024w, http:\/\/traba.org\/trabablog\/wp-content\/uploads\/2020\/04\/ED1C20C7-7DD1-44F8-ABE4-0C9C60FA36EA-300x169.jpeg 300w, http:\/\/traba.org\/trabablog\/wp-content\/uploads\/2020\/04\/ED1C20C7-7DD1-44F8-ABE4-0C9C60FA36EA-768x432.jpeg 768w, http:\/\/traba.org\/trabablog\/wp-content\/uploads\/2020\/04\/ED1C20C7-7DD1-44F8-ABE4-0C9C60FA36EA-460x259.jpeg 460w, http:\/\/traba.org\/trabablog\/wp-content\/uploads\/2020\/04\/ED1C20C7-7DD1-44F8-ABE4-0C9C60FA36EA-688x387.jpeg 688w\" sizes=\"auto, (max-width: 700px) 100vw, 700px\" \/> <img loading=\"lazy\" decoding=\"async\" class=\"aligncenter size-large wp-image-17767\" src=\"http:\/\/www.traba.org\/trabablog\/wp-content\/uploads\/2020\/04\/5E5DAF5A-DBB7-45D2-826A-CEC3E0A5811F-1024x576.jpeg\" alt=\"\" width=\"700\" height=\"394\" srcset=\"http:\/\/traba.org\/trabablog\/wp-content\/uploads\/2020\/04\/5E5DAF5A-DBB7-45D2-826A-CEC3E0A5811F-1024x576.jpeg 1024w, http:\/\/traba.org\/trabablog\/wp-content\/uploads\/2020\/04\/5E5DAF5A-DBB7-45D2-826A-CEC3E0A5811F-300x169.jpeg 300w, http:\/\/traba.org\/trabablog\/wp-content\/uploads\/2020\/04\/5E5DAF5A-DBB7-45D2-826A-CEC3E0A5811F-768x432.jpeg 768w, http:\/\/traba.org\/trabablog\/wp-content\/uploads\/2020\/04\/5E5DAF5A-DBB7-45D2-826A-CEC3E0A5811F-460x259.jpeg 460w, http:\/\/traba.org\/trabablog\/wp-content\/uploads\/2020\/04\/5E5DAF5A-DBB7-45D2-826A-CEC3E0A5811F-688x387.jpeg 688w\" sizes=\"auto, (max-width: 700px) 100vw, 700px\" \/><\/p>\n<p><strong>Dissabte 14 de mar\u00e7<\/strong>. Vaig a passejar en bici amb el F\u00e8lix a la platja. No ho faig mai&#8230;<\/p>\n<p>Als diaris: a Catalunya es tanquen bars, restaurants i centres comercials.<\/p>\n<p><img loading=\"lazy\" decoding=\"async\" class=\"aligncenter size-large wp-image-17768\" src=\"http:\/\/www.traba.org\/trabablog\/wp-content\/uploads\/2020\/04\/1A48FAA9-4009-4A84-AC99-A6A5A8D50539-1024x768.jpeg\" alt=\"\" width=\"700\" height=\"525\" srcset=\"http:\/\/traba.org\/trabablog\/wp-content\/uploads\/2020\/04\/1A48FAA9-4009-4A84-AC99-A6A5A8D50539-1024x768.jpeg 1024w, http:\/\/traba.org\/trabablog\/wp-content\/uploads\/2020\/04\/1A48FAA9-4009-4A84-AC99-A6A5A8D50539-300x225.jpeg 300w, http:\/\/traba.org\/trabablog\/wp-content\/uploads\/2020\/04\/1A48FAA9-4009-4A84-AC99-A6A5A8D50539-768x576.jpeg 768w, http:\/\/traba.org\/trabablog\/wp-content\/uploads\/2020\/04\/1A48FAA9-4009-4A84-AC99-A6A5A8D50539-460x345.jpeg 460w, http:\/\/traba.org\/trabablog\/wp-content\/uploads\/2020\/04\/1A48FAA9-4009-4A84-AC99-A6A5A8D50539-688x516.jpeg 688w\" sizes=\"auto, (max-width: 700px) 100vw, 700px\" \/><\/p>\n<p>L&#8217;Aina i la Lola van derrotar el Coronavirus.<\/p>\n<p><img loading=\"lazy\" decoding=\"async\" class=\"aligncenter size-large wp-image-17769\" src=\"http:\/\/www.traba.org\/trabablog\/wp-content\/uploads\/2020\/04\/39093B95-B328-4BA3-9F5F-6834E5F5E351-1024x576.jpeg\" alt=\"\" width=\"700\" height=\"394\" srcset=\"http:\/\/traba.org\/trabablog\/wp-content\/uploads\/2020\/04\/39093B95-B328-4BA3-9F5F-6834E5F5E351-1024x576.jpeg 1024w, http:\/\/traba.org\/trabablog\/wp-content\/uploads\/2020\/04\/39093B95-B328-4BA3-9F5F-6834E5F5E351-300x169.jpeg 300w, http:\/\/traba.org\/trabablog\/wp-content\/uploads\/2020\/04\/39093B95-B328-4BA3-9F5F-6834E5F5E351-768x432.jpeg 768w, http:\/\/traba.org\/trabablog\/wp-content\/uploads\/2020\/04\/39093B95-B328-4BA3-9F5F-6834E5F5E351-460x259.jpeg 460w, http:\/\/traba.org\/trabablog\/wp-content\/uploads\/2020\/04\/39093B95-B328-4BA3-9F5F-6834E5F5E351-688x387.jpeg 688w\" sizes=\"auto, (max-width: 700px) 100vw, 700px\" \/><\/p>\n<p>\u00daltima tarda de llibertat. Ja no vam anar massa lluny.<\/p>\n<p><img loading=\"lazy\" decoding=\"async\" class=\"aligncenter size-large wp-image-17770\" src=\"http:\/\/www.traba.org\/trabablog\/wp-content\/uploads\/2020\/04\/19A4FC90-7087-49ED-A3C0-AA5D5665BBFB-1024x576.jpeg\" alt=\"\" width=\"700\" height=\"394\" srcset=\"http:\/\/traba.org\/trabablog\/wp-content\/uploads\/2020\/04\/19A4FC90-7087-49ED-A3C0-AA5D5665BBFB-1024x576.jpeg 1024w, http:\/\/traba.org\/trabablog\/wp-content\/uploads\/2020\/04\/19A4FC90-7087-49ED-A3C0-AA5D5665BBFB-300x169.jpeg 300w, http:\/\/traba.org\/trabablog\/wp-content\/uploads\/2020\/04\/19A4FC90-7087-49ED-A3C0-AA5D5665BBFB-768x432.jpeg 768w, http:\/\/traba.org\/trabablog\/wp-content\/uploads\/2020\/04\/19A4FC90-7087-49ED-A3C0-AA5D5665BBFB-460x259.jpeg 460w, http:\/\/traba.org\/trabablog\/wp-content\/uploads\/2020\/04\/19A4FC90-7087-49ED-A3C0-AA5D5665BBFB-688x387.jpeg 688w\" sizes=\"auto, (max-width: 700px) 100vw, 700px\" \/><\/p>\n<p><strong>Diumenge 15 de mar\u00e7<\/strong>. Ja estem confinats.<\/p>\n<p><img loading=\"lazy\" decoding=\"async\" class=\"aligncenter size-large wp-image-17771\" src=\"http:\/\/www.traba.org\/trabablog\/wp-content\/uploads\/2020\/04\/ED845770-E0C0-43DD-88E0-10B290DF8A6D-1024x768.jpeg\" alt=\"\" width=\"700\" height=\"525\" srcset=\"http:\/\/traba.org\/trabablog\/wp-content\/uploads\/2020\/04\/ED845770-E0C0-43DD-88E0-10B290DF8A6D-1024x768.jpeg 1024w, http:\/\/traba.org\/trabablog\/wp-content\/uploads\/2020\/04\/ED845770-E0C0-43DD-88E0-10B290DF8A6D-300x225.jpeg 300w, http:\/\/traba.org\/trabablog\/wp-content\/uploads\/2020\/04\/ED845770-E0C0-43DD-88E0-10B290DF8A6D-768x576.jpeg 768w, http:\/\/traba.org\/trabablog\/wp-content\/uploads\/2020\/04\/ED845770-E0C0-43DD-88E0-10B290DF8A6D-460x345.jpeg 460w, http:\/\/traba.org\/trabablog\/wp-content\/uploads\/2020\/04\/ED845770-E0C0-43DD-88E0-10B290DF8A6D-688x516.jpeg 688w\" sizes=\"auto, (max-width: 700px) 100vw, 700px\" \/><\/p>\n","protected":false},"excerpt":{"rendered":"<p>Dilluns 9 de mar\u00e7. Al parc de la Ciutadella, despr\u00e9s de la Carabassa. Avui, tancat, sembla que obriran dilluns. Als diaris: moren 7 persones en un dia\u00a0 Espanya. A dia&#8230;<\/p>\n","protected":false},"author":5,"featured_media":17771,"comment_status":"open","ping_status":"open","sticky":false,"template":"","format":"standard","meta":{"_monsterinsights_skip_tracking":false,"_monsterinsights_sitenote_active":false,"_monsterinsights_sitenote_note":"","_monsterinsights_sitenote_category":0,"footnotes":""},"categories":[28],"tags":[],"class_list":["post-17752","post","type-post","status-publish","format-standard","has-post-thumbnail","hentry","category-ordinary-days"],"_links":{"self":[{"href":"http:\/\/traba.org\/trabablog\/index.php?rest_route=\/wp\/v2\/posts\/17752","targetHints":{"allow":["GET"]}}],"collection":[{"href":"http:\/\/traba.org\/trabablog\/index.php?rest_route=\/wp\/v2\/posts"}],"about":[{"href":"http:\/\/traba.org\/trabablog\/index.php?rest_route=\/wp\/v2\/types\/post"}],"author":[{"embeddable":true,"href":"http:\/\/traba.org\/trabablog\/index.php?rest_route=\/wp\/v2\/users\/5"}],"replies":[{"embeddable":true,"href":"http:\/\/traba.org\/trabablog\/index.php?rest_route=%2Fwp%2Fv2%2Fcomments&post=17752"}],"version-history":[{"count":2,"href":"http:\/\/traba.org\/trabablog\/index.php?rest_route=\/wp\/v2\/posts\/17752\/revisions"}],"predecessor-version":[{"id":17775,"href":"http:\/\/traba.org\/trabablog\/index.php?rest_route=\/wp\/v2\/posts\/17752\/revisions\/17775"}],"wp:featuredmedia":[{"embeddable":true,"href":"http:\/\/traba.org\/trabablog\/index.php?rest_route=\/wp\/v2\/media\/17771"}],"wp:attachment":[{"href":"http:\/\/traba.org\/trabablog\/index.php?rest_route=%2Fwp%2Fv2%2Fmedia&parent=17752"}],"wp:term":[{"taxonomy":"category","embeddable":true,"href":"http:\/\/traba.org\/trabablog\/index.php?rest_route=%2Fwp%2Fv2%2Fcategories&post=17752"},{"taxonomy":"post_tag","embeddable":true,"href":"http:\/\/traba.org\/trabablog\/index.php?rest_route=%2Fwp%2Fv2%2Ftags&post=17752"}],"curies":[{"name":"wp","href":"https:\/\/api.w.org\/{rel}","templated":true}]}}