{"id":17822,"date":"2020-05-16T20:50:42","date_gmt":"2020-05-16T18:50:42","guid":{"rendered":"http:\/\/www.traba.org\/trabablog\/?p=17822"},"modified":"2020-05-16T20:50:42","modified_gmt":"2020-05-16T18:50:42","slug":"abril-distopic","status":"publish","type":"post","link":"http:\/\/traba.org\/trabablog\/?p=17822","title":{"rendered":"abril dist\u00f2pic"},"content":{"rendered":"<p>prenent una mica la vitamina D. sort del terrat, no hi hem pujat massa, per\u00f2 a vegades canviar d&#8217;aires anava b\u00e9.<\/p>\n<p><img loading=\"lazy\" decoding=\"async\" class=\"aligncenter size-large wp-image-17823\" src=\"http:\/\/www.traba.org\/trabablog\/wp-content\/uploads\/2020\/05\/0175527B-54D6-4224-B9B1-EC582EF72527-1024x576.jpeg\" alt=\"\" width=\"700\" height=\"394\" srcset=\"http:\/\/traba.org\/trabablog\/wp-content\/uploads\/2020\/05\/0175527B-54D6-4224-B9B1-EC582EF72527-1024x576.jpeg 1024w, http:\/\/traba.org\/trabablog\/wp-content\/uploads\/2020\/05\/0175527B-54D6-4224-B9B1-EC582EF72527-300x169.jpeg 300w, http:\/\/traba.org\/trabablog\/wp-content\/uploads\/2020\/05\/0175527B-54D6-4224-B9B1-EC582EF72527-768x432.jpeg 768w, http:\/\/traba.org\/trabablog\/wp-content\/uploads\/2020\/05\/0175527B-54D6-4224-B9B1-EC582EF72527-460x259.jpeg 460w, http:\/\/traba.org\/trabablog\/wp-content\/uploads\/2020\/05\/0175527B-54D6-4224-B9B1-EC582EF72527-688x387.jpeg 688w\" sizes=\"auto, (max-width: 700px) 100vw, 700px\" \/> pretending&#8230;<img loading=\"lazy\" decoding=\"async\" class=\"aligncenter wp-image-17824 size-large\" src=\"http:\/\/www.traba.org\/trabablog\/wp-content\/uploads\/2020\/05\/6DB534A8-2AEE-4FDF-BF96-A984607911C9-e1589652990265-576x1024.jpeg\" alt=\"\" width=\"576\" height=\"1024\" srcset=\"http:\/\/traba.org\/trabablog\/wp-content\/uploads\/2020\/05\/6DB534A8-2AEE-4FDF-BF96-A984607911C9-e1589652990265-576x1024.jpeg 576w, http:\/\/traba.org\/trabablog\/wp-content\/uploads\/2020\/05\/6DB534A8-2AEE-4FDF-BF96-A984607911C9-e1589652990265-169x300.jpeg 169w, http:\/\/traba.org\/trabablog\/wp-content\/uploads\/2020\/05\/6DB534A8-2AEE-4FDF-BF96-A984607911C9-e1589652990265-768x1365.jpeg 768w, http:\/\/traba.org\/trabablog\/wp-content\/uploads\/2020\/05\/6DB534A8-2AEE-4FDF-BF96-A984607911C9-e1589652990265-196x348.jpeg 196w, http:\/\/traba.org\/trabablog\/wp-content\/uploads\/2020\/05\/6DB534A8-2AEE-4FDF-BF96-A984607911C9-e1589652990265-688x1223.jpeg 688w\" sizes=\"auto, (max-width: 576px) 100vw, 576px\" \/><\/p>\n<p>la cua del supermercat.<\/p>\n<p><img loading=\"lazy\" decoding=\"async\" class=\"aligncenter size-large wp-image-17825\" src=\"http:\/\/www.traba.org\/trabablog\/wp-content\/uploads\/2020\/05\/95D8EFF5-AEC4-4E38-8E1E-6F279A75573E-1024x576.jpeg\" alt=\"\" width=\"700\" height=\"394\" srcset=\"http:\/\/traba.org\/trabablog\/wp-content\/uploads\/2020\/05\/95D8EFF5-AEC4-4E38-8E1E-6F279A75573E-1024x576.jpeg 1024w, http:\/\/traba.org\/trabablog\/wp-content\/uploads\/2020\/05\/95D8EFF5-AEC4-4E38-8E1E-6F279A75573E-300x169.jpeg 300w, http:\/\/traba.org\/trabablog\/wp-content\/uploads\/2020\/05\/95D8EFF5-AEC4-4E38-8E1E-6F279A75573E-768x432.jpeg 768w, http:\/\/traba.org\/trabablog\/wp-content\/uploads\/2020\/05\/95D8EFF5-AEC4-4E38-8E1E-6F279A75573E-460x259.jpeg 460w, http:\/\/traba.org\/trabablog\/wp-content\/uploads\/2020\/05\/95D8EFF5-AEC4-4E38-8E1E-6F279A75573E-688x387.jpeg 688w\" sizes=\"auto, (max-width: 700px) 100vw, 700px\" \/><\/p>\n<p>la lola jugant a PDM en partides online del Detectiu Papaya. ara ja ho ha deixat perqu\u00e8 ja no fa partides de PDM, crec que perqu\u00e8 est\u00e0 enfadat amb l&#8217;editorial de Nosolorol que va fer massa descompte per sant jordi.<\/p>\n<p><img loading=\"lazy\" decoding=\"async\" class=\"aligncenter size-large wp-image-17826\" src=\"http:\/\/www.traba.org\/trabablog\/wp-content\/uploads\/2020\/05\/ADB1FF8A-6DB7-4E65-BFC0-A168F2192236-1024x576.jpeg\" alt=\"\" width=\"700\" height=\"394\" srcset=\"http:\/\/traba.org\/trabablog\/wp-content\/uploads\/2020\/05\/ADB1FF8A-6DB7-4E65-BFC0-A168F2192236-1024x576.jpeg 1024w, http:\/\/traba.org\/trabablog\/wp-content\/uploads\/2020\/05\/ADB1FF8A-6DB7-4E65-BFC0-A168F2192236-300x169.jpeg 300w, http:\/\/traba.org\/trabablog\/wp-content\/uploads\/2020\/05\/ADB1FF8A-6DB7-4E65-BFC0-A168F2192236-768x432.jpeg 768w, http:\/\/traba.org\/trabablog\/wp-content\/uploads\/2020\/05\/ADB1FF8A-6DB7-4E65-BFC0-A168F2192236-460x259.jpeg 460w, http:\/\/traba.org\/trabablog\/wp-content\/uploads\/2020\/05\/ADB1FF8A-6DB7-4E65-BFC0-A168F2192236-688x387.jpeg 688w\" sizes=\"auto, (max-width: 700px) 100vw, 700px\" \/><\/p>\n<p>vistes del balc\u00f3. foto feta pel Bruno.<\/p>\n<p><img loading=\"lazy\" decoding=\"async\" class=\"aligncenter size-large wp-image-17827\" src=\"http:\/\/www.traba.org\/trabablog\/wp-content\/uploads\/2020\/05\/C89F8D89-398A-4896-A989-043FDD6CBA08-1024x768.jpeg\" alt=\"\" width=\"700\" height=\"525\" srcset=\"http:\/\/traba.org\/trabablog\/wp-content\/uploads\/2020\/05\/C89F8D89-398A-4896-A989-043FDD6CBA08-1024x768.jpeg 1024w, http:\/\/traba.org\/trabablog\/wp-content\/uploads\/2020\/05\/C89F8D89-398A-4896-A989-043FDD6CBA08-300x225.jpeg 300w, http:\/\/traba.org\/trabablog\/wp-content\/uploads\/2020\/05\/C89F8D89-398A-4896-A989-043FDD6CBA08-768x576.jpeg 768w, http:\/\/traba.org\/trabablog\/wp-content\/uploads\/2020\/05\/C89F8D89-398A-4896-A989-043FDD6CBA08-460x345.jpeg 460w, http:\/\/traba.org\/trabablog\/wp-content\/uploads\/2020\/05\/C89F8D89-398A-4896-A989-043FDD6CBA08-688x516.jpeg 688w, http:\/\/traba.org\/trabablog\/wp-content\/uploads\/2020\/05\/C89F8D89-398A-4896-A989-043FDD6CBA08.jpeg 1600w\" sizes=\"auto, (max-width: 700px) 100vw, 700px\" \/><\/p>\n<p>la Boqueria. i sembla que la majoria, si no estan obertes ara, ja no obriran m\u00e9s.<\/p>\n<p><img loading=\"lazy\" decoding=\"async\" class=\"aligncenter wp-image-17828 size-large\" src=\"http:\/\/www.traba.org\/trabablog\/wp-content\/uploads\/2020\/05\/E5053B3F-74D7-4DA6-9680-223D1C64B156-e1589636372521-576x1024.jpeg\" alt=\"\" width=\"576\" height=\"1024\" srcset=\"http:\/\/traba.org\/trabablog\/wp-content\/uploads\/2020\/05\/E5053B3F-74D7-4DA6-9680-223D1C64B156-e1589636372521-576x1024.jpeg 576w, http:\/\/traba.org\/trabablog\/wp-content\/uploads\/2020\/05\/E5053B3F-74D7-4DA6-9680-223D1C64B156-e1589636372521-169x300.jpeg 169w, http:\/\/traba.org\/trabablog\/wp-content\/uploads\/2020\/05\/E5053B3F-74D7-4DA6-9680-223D1C64B156-e1589636372521-768x1365.jpeg 768w, http:\/\/traba.org\/trabablog\/wp-content\/uploads\/2020\/05\/E5053B3F-74D7-4DA6-9680-223D1C64B156-e1589636372521-196x348.jpeg 196w, http:\/\/traba.org\/trabablog\/wp-content\/uploads\/2020\/05\/E5053B3F-74D7-4DA6-9680-223D1C64B156-e1589636372521-688x1223.jpeg 688w\" sizes=\"auto, (max-width: 576px) 100vw, 576px\" \/><\/p>\n<p>les rambles.<\/p>\n<p><img loading=\"lazy\" decoding=\"async\" class=\"aligncenter wp-image-17829 size-large\" src=\"http:\/\/www.traba.org\/trabablog\/wp-content\/uploads\/2020\/05\/3E4F84B9-EC42-4D76-AA97-8CE19C3CF886-e1589636399836-576x1024.jpeg\" alt=\"\" width=\"576\" height=\"1024\" srcset=\"http:\/\/traba.org\/trabablog\/wp-content\/uploads\/2020\/05\/3E4F84B9-EC42-4D76-AA97-8CE19C3CF886-e1589636399836-576x1024.jpeg 576w, http:\/\/traba.org\/trabablog\/wp-content\/uploads\/2020\/05\/3E4F84B9-EC42-4D76-AA97-8CE19C3CF886-e1589636399836-169x300.jpeg 169w, http:\/\/traba.org\/trabablog\/wp-content\/uploads\/2020\/05\/3E4F84B9-EC42-4D76-AA97-8CE19C3CF886-e1589636399836-768x1365.jpeg 768w, http:\/\/traba.org\/trabablog\/wp-content\/uploads\/2020\/05\/3E4F84B9-EC42-4D76-AA97-8CE19C3CF886-e1589636399836-196x348.jpeg 196w, http:\/\/traba.org\/trabablog\/wp-content\/uploads\/2020\/05\/3E4F84B9-EC42-4D76-AA97-8CE19C3CF886-e1589636399836-688x1223.jpeg 688w\" sizes=\"auto, (max-width: 576px) 100vw, 576px\" \/><\/p>\n<p>la rockera<\/p>\n<p><img loading=\"lazy\" decoding=\"async\" class=\"aligncenter wp-image-17830 size-large\" src=\"http:\/\/www.traba.org\/trabablog\/wp-content\/uploads\/2020\/05\/C659E9F0-F5CB-4BE3-9E16-C7AFAA416F70-e1589636413510-576x1024.jpeg\" alt=\"\" width=\"576\" height=\"1024\" srcset=\"http:\/\/traba.org\/trabablog\/wp-content\/uploads\/2020\/05\/C659E9F0-F5CB-4BE3-9E16-C7AFAA416F70-e1589636413510-576x1024.jpeg 576w, http:\/\/traba.org\/trabablog\/wp-content\/uploads\/2020\/05\/C659E9F0-F5CB-4BE3-9E16-C7AFAA416F70-e1589636413510-169x300.jpeg 169w, http:\/\/traba.org\/trabablog\/wp-content\/uploads\/2020\/05\/C659E9F0-F5CB-4BE3-9E16-C7AFAA416F70-e1589636413510-768x1365.jpeg 768w, http:\/\/traba.org\/trabablog\/wp-content\/uploads\/2020\/05\/C659E9F0-F5CB-4BE3-9E16-C7AFAA416F70-e1589636413510-196x348.jpeg 196w, http:\/\/traba.org\/trabablog\/wp-content\/uploads\/2020\/05\/C659E9F0-F5CB-4BE3-9E16-C7AFAA416F70-e1589636413510-688x1223.jpeg 688w\" sizes=\"auto, (max-width: 576px) 100vw, 576px\" \/><\/p>\n<p>papparazzi. hem reciclat la meva primera c\u00e0mera digital, la Canon Digital Ixus 330 i amb el canvi de piles va com nova.<\/p>\n<p><img loading=\"lazy\" decoding=\"async\" class=\"aligncenter size-large wp-image-17831\" src=\"http:\/\/www.traba.org\/trabablog\/wp-content\/uploads\/2020\/05\/1AAFCC0D-9655-4DF7-928F-173C5A05785A-1024x576.jpeg\" alt=\"\" width=\"700\" height=\"394\" srcset=\"http:\/\/traba.org\/trabablog\/wp-content\/uploads\/2020\/05\/1AAFCC0D-9655-4DF7-928F-173C5A05785A-1024x576.jpeg 1024w, http:\/\/traba.org\/trabablog\/wp-content\/uploads\/2020\/05\/1AAFCC0D-9655-4DF7-928F-173C5A05785A-300x169.jpeg 300w, http:\/\/traba.org\/trabablog\/wp-content\/uploads\/2020\/05\/1AAFCC0D-9655-4DF7-928F-173C5A05785A-768x432.jpeg 768w, http:\/\/traba.org\/trabablog\/wp-content\/uploads\/2020\/05\/1AAFCC0D-9655-4DF7-928F-173C5A05785A-460x259.jpeg 460w, http:\/\/traba.org\/trabablog\/wp-content\/uploads\/2020\/05\/1AAFCC0D-9655-4DF7-928F-173C5A05785A-688x387.jpeg 688w\" sizes=\"auto, (max-width: 700px) 100vw, 700px\" \/><\/p>\n<p>passant la tarda.<\/p>\n<p><img loading=\"lazy\" decoding=\"async\" class=\"aligncenter size-large wp-image-17832\" src=\"http:\/\/www.traba.org\/trabablog\/wp-content\/uploads\/2020\/05\/F73BCAB7-083C-44C2-A83A-E0BD37965231-1024x576.jpeg\" alt=\"\" width=\"700\" height=\"394\" srcset=\"http:\/\/traba.org\/trabablog\/wp-content\/uploads\/2020\/05\/F73BCAB7-083C-44C2-A83A-E0BD37965231-1024x576.jpeg 1024w, http:\/\/traba.org\/trabablog\/wp-content\/uploads\/2020\/05\/F73BCAB7-083C-44C2-A83A-E0BD37965231-300x169.jpeg 300w, http:\/\/traba.org\/trabablog\/wp-content\/uploads\/2020\/05\/F73BCAB7-083C-44C2-A83A-E0BD37965231-768x432.jpeg 768w, http:\/\/traba.org\/trabablog\/wp-content\/uploads\/2020\/05\/F73BCAB7-083C-44C2-A83A-E0BD37965231-460x259.jpeg 460w, http:\/\/traba.org\/trabablog\/wp-content\/uploads\/2020\/05\/F73BCAB7-083C-44C2-A83A-E0BD37965231-688x387.jpeg 688w\" sizes=\"auto, (max-width: 700px) 100vw, 700px\" \/> <img loading=\"lazy\" decoding=\"async\" class=\"aligncenter size-large wp-image-17833\" src=\"http:\/\/www.traba.org\/trabablog\/wp-content\/uploads\/2020\/05\/7CFA4553-FD83-49E5-B487-A3BDC8BB3626-1024x576.jpeg\" alt=\"\" width=\"700\" height=\"394\" srcset=\"http:\/\/traba.org\/trabablog\/wp-content\/uploads\/2020\/05\/7CFA4553-FD83-49E5-B487-A3BDC8BB3626-1024x576.jpeg 1024w, http:\/\/traba.org\/trabablog\/wp-content\/uploads\/2020\/05\/7CFA4553-FD83-49E5-B487-A3BDC8BB3626-300x169.jpeg 300w, http:\/\/traba.org\/trabablog\/wp-content\/uploads\/2020\/05\/7CFA4553-FD83-49E5-B487-A3BDC8BB3626-768x432.jpeg 768w, http:\/\/traba.org\/trabablog\/wp-content\/uploads\/2020\/05\/7CFA4553-FD83-49E5-B487-A3BDC8BB3626-460x259.jpeg 460w, http:\/\/traba.org\/trabablog\/wp-content\/uploads\/2020\/05\/7CFA4553-FD83-49E5-B487-A3BDC8BB3626-688x387.jpeg 688w\" sizes=\"auto, (max-width: 700px) 100vw, 700px\" \/><\/p>\n<p>berenant ar\u00e1ndanos.<\/p>\n<p><img loading=\"lazy\" decoding=\"async\" class=\"aligncenter wp-image-17834 size-large\" src=\"http:\/\/www.traba.org\/trabablog\/wp-content\/uploads\/2020\/05\/9C451DA0-9FA3-40CC-BBE3-388AD5C3C8FE-e1589636440273-576x1024.jpeg\" alt=\"\" width=\"576\" height=\"1024\" srcset=\"http:\/\/traba.org\/trabablog\/wp-content\/uploads\/2020\/05\/9C451DA0-9FA3-40CC-BBE3-388AD5C3C8FE-e1589636440273-576x1024.jpeg 576w, http:\/\/traba.org\/trabablog\/wp-content\/uploads\/2020\/05\/9C451DA0-9FA3-40CC-BBE3-388AD5C3C8FE-e1589636440273-169x300.jpeg 169w, http:\/\/traba.org\/trabablog\/wp-content\/uploads\/2020\/05\/9C451DA0-9FA3-40CC-BBE3-388AD5C3C8FE-e1589636440273-768x1365.jpeg 768w, http:\/\/traba.org\/trabablog\/wp-content\/uploads\/2020\/05\/9C451DA0-9FA3-40CC-BBE3-388AD5C3C8FE-e1589636440273-196x348.jpeg 196w, http:\/\/traba.org\/trabablog\/wp-content\/uploads\/2020\/05\/9C451DA0-9FA3-40CC-BBE3-388AD5C3C8FE-e1589636440273-688x1223.jpeg 688w\" sizes=\"auto, (max-width: 576px) 100vw, 576px\" \/><\/p>\n<p>amb les ulleres del bruno.<\/p>\n<p><img loading=\"lazy\" decoding=\"async\" class=\"aligncenter wp-image-17835 size-large\" src=\"http:\/\/www.traba.org\/trabablog\/wp-content\/uploads\/2020\/05\/3B39164E-8509-4DC2-8C37-C18FE088D2E2-e1589636453471-576x1024.jpeg\" alt=\"\" width=\"576\" height=\"1024\" srcset=\"http:\/\/traba.org\/trabablog\/wp-content\/uploads\/2020\/05\/3B39164E-8509-4DC2-8C37-C18FE088D2E2-e1589636453471-576x1024.jpeg 576w, http:\/\/traba.org\/trabablog\/wp-content\/uploads\/2020\/05\/3B39164E-8509-4DC2-8C37-C18FE088D2E2-e1589636453471-169x300.jpeg 169w, http:\/\/traba.org\/trabablog\/wp-content\/uploads\/2020\/05\/3B39164E-8509-4DC2-8C37-C18FE088D2E2-e1589636453471-768x1365.jpeg 768w, http:\/\/traba.org\/trabablog\/wp-content\/uploads\/2020\/05\/3B39164E-8509-4DC2-8C37-C18FE088D2E2-e1589636453471-196x348.jpeg 196w, http:\/\/traba.org\/trabablog\/wp-content\/uploads\/2020\/05\/3B39164E-8509-4DC2-8C37-C18FE088D2E2-e1589636453471-688x1223.jpeg 688w, http:\/\/traba.org\/trabablog\/wp-content\/uploads\/2020\/05\/3B39164E-8509-4DC2-8C37-C18FE088D2E2-e1589636453471.jpeg 1836w\" sizes=\"auto, (max-width: 576px) 100vw, 576px\" \/><\/p>\n<p>selfie del bruno.<\/p>\n<p><img loading=\"lazy\" decoding=\"async\" class=\"aligncenter size-large wp-image-17836\" src=\"http:\/\/www.traba.org\/trabablog\/wp-content\/uploads\/2020\/05\/29D39077-18DB-420C-9606-1120AE51B2AA-1024x768.jpeg\" alt=\"\" width=\"700\" height=\"525\" srcset=\"http:\/\/traba.org\/trabablog\/wp-content\/uploads\/2020\/05\/29D39077-18DB-420C-9606-1120AE51B2AA-1024x768.jpeg 1024w, http:\/\/traba.org\/trabablog\/wp-content\/uploads\/2020\/05\/29D39077-18DB-420C-9606-1120AE51B2AA-300x225.jpeg 300w, http:\/\/traba.org\/trabablog\/wp-content\/uploads\/2020\/05\/29D39077-18DB-420C-9606-1120AE51B2AA-768x576.jpeg 768w, http:\/\/traba.org\/trabablog\/wp-content\/uploads\/2020\/05\/29D39077-18DB-420C-9606-1120AE51B2AA-460x345.jpeg 460w, http:\/\/traba.org\/trabablog\/wp-content\/uploads\/2020\/05\/29D39077-18DB-420C-9606-1120AE51B2AA-688x516.jpeg 688w, http:\/\/traba.org\/trabablog\/wp-content\/uploads\/2020\/05\/29D39077-18DB-420C-9606-1120AE51B2AA.jpeg 1600w\" sizes=\"auto, (max-width: 700px) 100vw, 700px\" \/><\/p>\n<p>jugant al Dominion.<\/p>\n<p><img loading=\"lazy\" decoding=\"async\" class=\"aligncenter size-large wp-image-17837\" src=\"http:\/\/www.traba.org\/trabablog\/wp-content\/uploads\/2020\/05\/26A93169-14BD-46FF-8BCC-B7297772BA82-1024x576.jpeg\" alt=\"\" width=\"700\" height=\"394\" srcset=\"http:\/\/traba.org\/trabablog\/wp-content\/uploads\/2020\/05\/26A93169-14BD-46FF-8BCC-B7297772BA82-1024x576.jpeg 1024w, http:\/\/traba.org\/trabablog\/wp-content\/uploads\/2020\/05\/26A93169-14BD-46FF-8BCC-B7297772BA82-300x169.jpeg 300w, http:\/\/traba.org\/trabablog\/wp-content\/uploads\/2020\/05\/26A93169-14BD-46FF-8BCC-B7297772BA82-768x432.jpeg 768w, http:\/\/traba.org\/trabablog\/wp-content\/uploads\/2020\/05\/26A93169-14BD-46FF-8BCC-B7297772BA82-460x259.jpeg 460w, http:\/\/traba.org\/trabablog\/wp-content\/uploads\/2020\/05\/26A93169-14BD-46FF-8BCC-B7297772BA82-688x387.jpeg 688w\" sizes=\"auto, (max-width: 700px) 100vw, 700px\" \/><\/p>\n<p>regant les plantes.<\/p>\n<p><img loading=\"lazy\" decoding=\"async\" class=\"aligncenter wp-image-17838 size-large\" src=\"http:\/\/www.traba.org\/trabablog\/wp-content\/uploads\/2020\/05\/44881784-3BCC-48F1-95DC-152A194C0F79-e1589636467239-768x1024.jpeg\" alt=\"\" width=\"700\" height=\"933\" srcset=\"http:\/\/traba.org\/trabablog\/wp-content\/uploads\/2020\/05\/44881784-3BCC-48F1-95DC-152A194C0F79-e1589636467239-768x1024.jpeg 768w, http:\/\/traba.org\/trabablog\/wp-content\/uploads\/2020\/05\/44881784-3BCC-48F1-95DC-152A194C0F79-e1589636467239-225x300.jpeg 225w, http:\/\/traba.org\/trabablog\/wp-content\/uploads\/2020\/05\/44881784-3BCC-48F1-95DC-152A194C0F79-e1589636467239-261x348.jpeg 261w, http:\/\/traba.org\/trabablog\/wp-content\/uploads\/2020\/05\/44881784-3BCC-48F1-95DC-152A194C0F79-e1589636467239-688x917.jpeg 688w\" sizes=\"auto, (max-width: 700px) 100vw, 700px\" \/><\/p>\n<p>7 wonders duel.<\/p>\n<p><img loading=\"lazy\" decoding=\"async\" class=\"aligncenter size-large wp-image-17839\" src=\"http:\/\/www.traba.org\/trabablog\/wp-content\/uploads\/2020\/05\/81802352-CBF3-4CA8-8896-94ECAE6C63E0-1024x576.jpeg\" alt=\"\" width=\"700\" height=\"394\" srcset=\"http:\/\/traba.org\/trabablog\/wp-content\/uploads\/2020\/05\/81802352-CBF3-4CA8-8896-94ECAE6C63E0-1024x576.jpeg 1024w, http:\/\/traba.org\/trabablog\/wp-content\/uploads\/2020\/05\/81802352-CBF3-4CA8-8896-94ECAE6C63E0-300x169.jpeg 300w, http:\/\/traba.org\/trabablog\/wp-content\/uploads\/2020\/05\/81802352-CBF3-4CA8-8896-94ECAE6C63E0-768x432.jpeg 768w, http:\/\/traba.org\/trabablog\/wp-content\/uploads\/2020\/05\/81802352-CBF3-4CA8-8896-94ECAE6C63E0-460x259.jpeg 460w, http:\/\/traba.org\/trabablog\/wp-content\/uploads\/2020\/05\/81802352-CBF3-4CA8-8896-94ECAE6C63E0-688x387.jpeg 688w\" sizes=\"auto, (max-width: 700px) 100vw, 700px\" \/><\/p>\n<p>frankfurt&#8230; a vegades fem trampeta&#8230; mira que els hi agrada.<\/p>\n<p><img loading=\"lazy\" decoding=\"async\" class=\"aligncenter wp-image-17840 size-large\" src=\"http:\/\/www.traba.org\/trabablog\/wp-content\/uploads\/2020\/05\/FE5D2B10-6DF7-424A-96D0-62BE09FA886A-e1589636481254-576x1024.jpeg\" alt=\"\" width=\"576\" height=\"1024\" srcset=\"http:\/\/traba.org\/trabablog\/wp-content\/uploads\/2020\/05\/FE5D2B10-6DF7-424A-96D0-62BE09FA886A-e1589636481254-576x1024.jpeg 576w, http:\/\/traba.org\/trabablog\/wp-content\/uploads\/2020\/05\/FE5D2B10-6DF7-424A-96D0-62BE09FA886A-e1589636481254-169x300.jpeg 169w, http:\/\/traba.org\/trabablog\/wp-content\/uploads\/2020\/05\/FE5D2B10-6DF7-424A-96D0-62BE09FA886A-e1589636481254-768x1365.jpeg 768w, http:\/\/traba.org\/trabablog\/wp-content\/uploads\/2020\/05\/FE5D2B10-6DF7-424A-96D0-62BE09FA886A-e1589636481254-196x348.jpeg 196w, http:\/\/traba.org\/trabablog\/wp-content\/uploads\/2020\/05\/FE5D2B10-6DF7-424A-96D0-62BE09FA886A-e1589636481254-688x1223.jpeg 688w\" sizes=\"auto, (max-width: 576px) 100vw, 576px\" \/><\/p>\n<p>el sol del menjador de les 19 de la tarda.<\/p>\n<p><img loading=\"lazy\" decoding=\"async\" class=\"aligncenter size-large wp-image-17841\" src=\"http:\/\/www.traba.org\/trabablog\/wp-content\/uploads\/2020\/05\/AA392528-27CD-4FED-9C4C-2E2607573A24-1024x576.jpeg\" alt=\"\" width=\"700\" height=\"394\" srcset=\"http:\/\/traba.org\/trabablog\/wp-content\/uploads\/2020\/05\/AA392528-27CD-4FED-9C4C-2E2607573A24-1024x576.jpeg 1024w, http:\/\/traba.org\/trabablog\/wp-content\/uploads\/2020\/05\/AA392528-27CD-4FED-9C4C-2E2607573A24-300x169.jpeg 300w, http:\/\/traba.org\/trabablog\/wp-content\/uploads\/2020\/05\/AA392528-27CD-4FED-9C4C-2E2607573A24-768x432.jpeg 768w, http:\/\/traba.org\/trabablog\/wp-content\/uploads\/2020\/05\/AA392528-27CD-4FED-9C4C-2E2607573A24-460x259.jpeg 460w, http:\/\/traba.org\/trabablog\/wp-content\/uploads\/2020\/05\/AA392528-27CD-4FED-9C4C-2E2607573A24-688x387.jpeg 688w\" sizes=\"auto, (max-width: 700px) 100vw, 700px\" \/><\/p>\n<p>cosmic yoga for kids.<\/p>\n<p><img loading=\"lazy\" decoding=\"async\" class=\"aligncenter wp-image-17842 size-large\" src=\"http:\/\/www.traba.org\/trabablog\/wp-content\/uploads\/2020\/05\/726C7E5D-CD5E-454E-BF99-6A1845610203-e1589636495786-768x1024.jpeg\" alt=\"\" width=\"700\" height=\"933\" srcset=\"http:\/\/traba.org\/trabablog\/wp-content\/uploads\/2020\/05\/726C7E5D-CD5E-454E-BF99-6A1845610203-e1589636495786-768x1024.jpeg 768w, http:\/\/traba.org\/trabablog\/wp-content\/uploads\/2020\/05\/726C7E5D-CD5E-454E-BF99-6A1845610203-e1589636495786-225x300.jpeg 225w, http:\/\/traba.org\/trabablog\/wp-content\/uploads\/2020\/05\/726C7E5D-CD5E-454E-BF99-6A1845610203-e1589636495786-261x348.jpeg 261w, http:\/\/traba.org\/trabablog\/wp-content\/uploads\/2020\/05\/726C7E5D-CD5E-454E-BF99-6A1845610203-e1589636495786-688x917.jpeg 688w\" sizes=\"auto, (max-width: 700px) 100vw, 700px\" \/><\/p>\n<p>invents del f\u00e8lix<\/p>\n<p><img loading=\"lazy\" decoding=\"async\" class=\"aligncenter wp-image-17843 size-large\" src=\"http:\/\/www.traba.org\/trabablog\/wp-content\/uploads\/2020\/05\/DE175C9A-457B-4B7F-B0B2-C305562DD445-e1589636508522-576x1024.jpeg\" alt=\"\" width=\"576\" height=\"1024\" srcset=\"http:\/\/traba.org\/trabablog\/wp-content\/uploads\/2020\/05\/DE175C9A-457B-4B7F-B0B2-C305562DD445-e1589636508522-576x1024.jpeg 576w, http:\/\/traba.org\/trabablog\/wp-content\/uploads\/2020\/05\/DE175C9A-457B-4B7F-B0B2-C305562DD445-e1589636508522-169x300.jpeg 169w, http:\/\/traba.org\/trabablog\/wp-content\/uploads\/2020\/05\/DE175C9A-457B-4B7F-B0B2-C305562DD445-e1589636508522-768x1365.jpeg 768w, http:\/\/traba.org\/trabablog\/wp-content\/uploads\/2020\/05\/DE175C9A-457B-4B7F-B0B2-C305562DD445-e1589636508522-196x348.jpeg 196w, http:\/\/traba.org\/trabablog\/wp-content\/uploads\/2020\/05\/DE175C9A-457B-4B7F-B0B2-C305562DD445-e1589636508522-688x1223.jpeg 688w\" sizes=\"auto, (max-width: 576px) 100vw, 576px\" \/><\/p>\n<p>ja sap on s\u00f3n les joguines que li interessen.<\/p>\n<p><img loading=\"lazy\" decoding=\"async\" class=\"aligncenter wp-image-17844 size-large\" src=\"http:\/\/www.traba.org\/trabablog\/wp-content\/uploads\/2020\/05\/2875C0D2-F940-4B05-B62E-A1DC7C622F71-e1589636519185-768x1024.jpeg\" alt=\"\" width=\"700\" height=\"933\" srcset=\"http:\/\/traba.org\/trabablog\/wp-content\/uploads\/2020\/05\/2875C0D2-F940-4B05-B62E-A1DC7C622F71-e1589636519185-768x1024.jpeg 768w, http:\/\/traba.org\/trabablog\/wp-content\/uploads\/2020\/05\/2875C0D2-F940-4B05-B62E-A1DC7C622F71-e1589636519185-225x300.jpeg 225w, http:\/\/traba.org\/trabablog\/wp-content\/uploads\/2020\/05\/2875C0D2-F940-4B05-B62E-A1DC7C622F71-e1589636519185-261x348.jpeg 261w, http:\/\/traba.org\/trabablog\/wp-content\/uploads\/2020\/05\/2875C0D2-F940-4B05-B62E-A1DC7C622F71-e1589636519185-688x917.jpeg 688w\" sizes=\"auto, (max-width: 700px) 100vw, 700px\" \/><\/p>\n<p>past\u00eds.<\/p>\n<p><img loading=\"lazy\" decoding=\"async\" class=\"aligncenter size-large wp-image-17845\" src=\"http:\/\/www.traba.org\/trabablog\/wp-content\/uploads\/2020\/05\/C3DEB9C0-CFB8-43BA-904B-C47F47379A79-1024x768.jpeg\" alt=\"\" width=\"700\" height=\"525\" srcset=\"http:\/\/traba.org\/trabablog\/wp-content\/uploads\/2020\/05\/C3DEB9C0-CFB8-43BA-904B-C47F47379A79-1024x768.jpeg 1024w, http:\/\/traba.org\/trabablog\/wp-content\/uploads\/2020\/05\/C3DEB9C0-CFB8-43BA-904B-C47F47379A79-300x225.jpeg 300w, http:\/\/traba.org\/trabablog\/wp-content\/uploads\/2020\/05\/C3DEB9C0-CFB8-43BA-904B-C47F47379A79-768x576.jpeg 768w, http:\/\/traba.org\/trabablog\/wp-content\/uploads\/2020\/05\/C3DEB9C0-CFB8-43BA-904B-C47F47379A79-460x345.jpeg 460w, http:\/\/traba.org\/trabablog\/wp-content\/uploads\/2020\/05\/C3DEB9C0-CFB8-43BA-904B-C47F47379A79-688x516.jpeg 688w\" sizes=\"auto, (max-width: 700px) 100vw, 700px\" \/><\/p>\n<p>7 wonders duel.<\/p>\n<p><img loading=\"lazy\" decoding=\"async\" class=\"aligncenter size-large wp-image-17846\" src=\"http:\/\/www.traba.org\/trabablog\/wp-content\/uploads\/2020\/05\/1864B073-E3D0-4EA6-A9F1-1389A4809348-1024x576.jpeg\" alt=\"\" width=\"700\" height=\"394\" srcset=\"http:\/\/traba.org\/trabablog\/wp-content\/uploads\/2020\/05\/1864B073-E3D0-4EA6-A9F1-1389A4809348-1024x576.jpeg 1024w, http:\/\/traba.org\/trabablog\/wp-content\/uploads\/2020\/05\/1864B073-E3D0-4EA6-A9F1-1389A4809348-300x169.jpeg 300w, http:\/\/traba.org\/trabablog\/wp-content\/uploads\/2020\/05\/1864B073-E3D0-4EA6-A9F1-1389A4809348-768x432.jpeg 768w, http:\/\/traba.org\/trabablog\/wp-content\/uploads\/2020\/05\/1864B073-E3D0-4EA6-A9F1-1389A4809348-460x259.jpeg 460w, http:\/\/traba.org\/trabablog\/wp-content\/uploads\/2020\/05\/1864B073-E3D0-4EA6-A9F1-1389A4809348-688x387.jpeg 688w\" sizes=\"auto, (max-width: 700px) 100vw, 700px\" \/><\/p>\n<p>la mona<\/p>\n<p><img loading=\"lazy\" decoding=\"async\" class=\"aligncenter size-large wp-image-17847\" src=\"http:\/\/www.traba.org\/trabablog\/wp-content\/uploads\/2020\/05\/AF71B63A-85FD-49AD-ABBC-832165661C7E-1024x768.jpeg\" alt=\"\" width=\"700\" height=\"525\" srcset=\"http:\/\/traba.org\/trabablog\/wp-content\/uploads\/2020\/05\/AF71B63A-85FD-49AD-ABBC-832165661C7E-1024x768.jpeg 1024w, http:\/\/traba.org\/trabablog\/wp-content\/uploads\/2020\/05\/AF71B63A-85FD-49AD-ABBC-832165661C7E-300x225.jpeg 300w, http:\/\/traba.org\/trabablog\/wp-content\/uploads\/2020\/05\/AF71B63A-85FD-49AD-ABBC-832165661C7E-768x576.jpeg 768w, http:\/\/traba.org\/trabablog\/wp-content\/uploads\/2020\/05\/AF71B63A-85FD-49AD-ABBC-832165661C7E-460x345.jpeg 460w, http:\/\/traba.org\/trabablog\/wp-content\/uploads\/2020\/05\/AF71B63A-85FD-49AD-ABBC-832165661C7E-688x516.jpeg 688w, http:\/\/traba.org\/trabablog\/wp-content\/uploads\/2020\/05\/AF71B63A-85FD-49AD-ABBC-832165661C7E.jpeg 1600w\" sizes=\"auto, (max-width: 700px) 100vw, 700px\" \/><\/p>\n<p>jocs de balc\u00f3<\/p>\n<p><img loading=\"lazy\" decoding=\"async\" class=\"aligncenter size-large wp-image-17848\" src=\"http:\/\/www.traba.org\/trabablog\/wp-content\/uploads\/2020\/05\/9018A975-2BF1-4F52-9FB3-A0E0A73F9F19-1024x576.jpeg\" alt=\"\" width=\"700\" height=\"394\" srcset=\"http:\/\/traba.org\/trabablog\/wp-content\/uploads\/2020\/05\/9018A975-2BF1-4F52-9FB3-A0E0A73F9F19-1024x576.jpeg 1024w, http:\/\/traba.org\/trabablog\/wp-content\/uploads\/2020\/05\/9018A975-2BF1-4F52-9FB3-A0E0A73F9F19-300x169.jpeg 300w, http:\/\/traba.org\/trabablog\/wp-content\/uploads\/2020\/05\/9018A975-2BF1-4F52-9FB3-A0E0A73F9F19-768x432.jpeg 768w, http:\/\/traba.org\/trabablog\/wp-content\/uploads\/2020\/05\/9018A975-2BF1-4F52-9FB3-A0E0A73F9F19-460x259.jpeg 460w, http:\/\/traba.org\/trabablog\/wp-content\/uploads\/2020\/05\/9018A975-2BF1-4F52-9FB3-A0E0A73F9F19-688x387.jpeg 688w\" sizes=\"auto, (max-width: 700px) 100vw, 700px\" \/><\/p>\n<p>jocs de sof\u00e0<\/p>\n<p><img loading=\"lazy\" decoding=\"async\" class=\"aligncenter size-large wp-image-17849\" src=\"http:\/\/www.traba.org\/trabablog\/wp-content\/uploads\/2020\/05\/FDC2B99D-E125-4A9D-BE25-569D934FFC56-1024x576.jpeg\" alt=\"\" width=\"700\" height=\"394\" srcset=\"http:\/\/traba.org\/trabablog\/wp-content\/uploads\/2020\/05\/FDC2B99D-E125-4A9D-BE25-569D934FFC56-1024x576.jpeg 1024w, http:\/\/traba.org\/trabablog\/wp-content\/uploads\/2020\/05\/FDC2B99D-E125-4A9D-BE25-569D934FFC56-300x169.jpeg 300w, http:\/\/traba.org\/trabablog\/wp-content\/uploads\/2020\/05\/FDC2B99D-E125-4A9D-BE25-569D934FFC56-768x432.jpeg 768w, http:\/\/traba.org\/trabablog\/wp-content\/uploads\/2020\/05\/FDC2B99D-E125-4A9D-BE25-569D934FFC56-460x259.jpeg 460w, http:\/\/traba.org\/trabablog\/wp-content\/uploads\/2020\/05\/FDC2B99D-E125-4A9D-BE25-569D934FFC56-688x387.jpeg 688w\" sizes=\"auto, (max-width: 700px) 100vw, 700px\" \/> <a href=\"http:\/\/www.traba.org\/trabablog\/wp-content\/uploads\/2020\/05\/CEE1388A-0C2A-4521-B9FB-012ABCF72477.mov\">movent-se<\/a><\/p>\n<p>san juan<\/p>\n<p><img loading=\"lazy\" decoding=\"async\" class=\"aligncenter wp-image-17851 size-large\" src=\"http:\/\/www.traba.org\/trabablog\/wp-content\/uploads\/2020\/05\/D9AEBF08-FB2F-46B3-8B0F-FFB2992DE650-e1589636533416-576x1024.jpeg\" alt=\"\" width=\"576\" height=\"1024\" srcset=\"http:\/\/traba.org\/trabablog\/wp-content\/uploads\/2020\/05\/D9AEBF08-FB2F-46B3-8B0F-FFB2992DE650-e1589636533416-576x1024.jpeg 576w, http:\/\/traba.org\/trabablog\/wp-content\/uploads\/2020\/05\/D9AEBF08-FB2F-46B3-8B0F-FFB2992DE650-e1589636533416-169x300.jpeg 169w, http:\/\/traba.org\/trabablog\/wp-content\/uploads\/2020\/05\/D9AEBF08-FB2F-46B3-8B0F-FFB2992DE650-e1589636533416-768x1365.jpeg 768w, http:\/\/traba.org\/trabablog\/wp-content\/uploads\/2020\/05\/D9AEBF08-FB2F-46B3-8B0F-FFB2992DE650-e1589636533416-196x348.jpeg 196w, http:\/\/traba.org\/trabablog\/wp-content\/uploads\/2020\/05\/D9AEBF08-FB2F-46B3-8B0F-FFB2992DE650-e1589636533416-688x1223.jpeg 688w\" sizes=\"auto, (max-width: 576px) 100vw, 576px\" \/><\/p>\n<p>18 d&#8217;abril, still no one.<\/p>\n<p><img loading=\"lazy\" decoding=\"async\" class=\"aligncenter wp-image-17852 size-large\" src=\"http:\/\/www.traba.org\/trabablog\/wp-content\/uploads\/2020\/05\/A86652CF-E12E-4CC8-B3D8-90AEAF728D3B-e1589636546437-576x1024.jpeg\" alt=\"\" width=\"576\" height=\"1024\" srcset=\"http:\/\/traba.org\/trabablog\/wp-content\/uploads\/2020\/05\/A86652CF-E12E-4CC8-B3D8-90AEAF728D3B-e1589636546437-576x1024.jpeg 576w, http:\/\/traba.org\/trabablog\/wp-content\/uploads\/2020\/05\/A86652CF-E12E-4CC8-B3D8-90AEAF728D3B-e1589636546437-169x300.jpeg 169w, http:\/\/traba.org\/trabablog\/wp-content\/uploads\/2020\/05\/A86652CF-E12E-4CC8-B3D8-90AEAF728D3B-e1589636546437-768x1365.jpeg 768w, http:\/\/traba.org\/trabablog\/wp-content\/uploads\/2020\/05\/A86652CF-E12E-4CC8-B3D8-90AEAF728D3B-e1589636546437-196x348.jpeg 196w, http:\/\/traba.org\/trabablog\/wp-content\/uploads\/2020\/05\/A86652CF-E12E-4CC8-B3D8-90AEAF728D3B-e1589636546437-688x1223.jpeg 688w\" sizes=\"auto, (max-width: 576px) 100vw, 576px\" \/><\/p>\n<p>foto per autoretrat.<\/p>\n<p><img loading=\"lazy\" decoding=\"async\" class=\"aligncenter wp-image-17853 size-large\" src=\"http:\/\/www.traba.org\/trabablog\/wp-content\/uploads\/2020\/05\/91FCD8E6-C1FC-4357-A815-C39209D79134-e1589636559705-768x1024.jpeg\" alt=\"\" width=\"700\" height=\"933\" srcset=\"http:\/\/traba.org\/trabablog\/wp-content\/uploads\/2020\/05\/91FCD8E6-C1FC-4357-A815-C39209D79134-e1589636559705-768x1024.jpeg 768w, http:\/\/traba.org\/trabablog\/wp-content\/uploads\/2020\/05\/91FCD8E6-C1FC-4357-A815-C39209D79134-e1589636559705-225x300.jpeg 225w, http:\/\/traba.org\/trabablog\/wp-content\/uploads\/2020\/05\/91FCD8E6-C1FC-4357-A815-C39209D79134-e1589636559705-261x348.jpeg 261w, http:\/\/traba.org\/trabablog\/wp-content\/uploads\/2020\/05\/91FCD8E6-C1FC-4357-A815-C39209D79134-e1589636559705-688x917.jpeg 688w\" sizes=\"auto, (max-width: 700px) 100vw, 700px\" \/><\/p>\n<p>el bomber<\/p>\n<p><img loading=\"lazy\" decoding=\"async\" class=\"aligncenter wp-image-17854 size-large\" src=\"http:\/\/www.traba.org\/trabablog\/wp-content\/uploads\/2020\/05\/F656EF6C-9EDD-4A87-AF7C-614A82F4306C-e1589636573929-768x1024.jpeg\" alt=\"\" width=\"700\" height=\"933\" srcset=\"http:\/\/traba.org\/trabablog\/wp-content\/uploads\/2020\/05\/F656EF6C-9EDD-4A87-AF7C-614A82F4306C-e1589636573929-768x1024.jpeg 768w, http:\/\/traba.org\/trabablog\/wp-content\/uploads\/2020\/05\/F656EF6C-9EDD-4A87-AF7C-614A82F4306C-e1589636573929-225x300.jpeg 225w, http:\/\/traba.org\/trabablog\/wp-content\/uploads\/2020\/05\/F656EF6C-9EDD-4A87-AF7C-614A82F4306C-e1589636573929-261x348.jpeg 261w, http:\/\/traba.org\/trabablog\/wp-content\/uploads\/2020\/05\/F656EF6C-9EDD-4A87-AF7C-614A82F4306C-e1589636573929-688x917.jpeg 688w\" sizes=\"auto, (max-width: 700px) 100vw, 700px\" \/><\/p>\n<p>trampilla<\/p>\n<p><img loading=\"lazy\" decoding=\"async\" class=\"aligncenter size-large wp-image-17855\" src=\"http:\/\/www.traba.org\/trabablog\/wp-content\/uploads\/2020\/05\/65D724FE-39AE-4520-A022-1A2336517E82-1024x576.jpeg\" alt=\"\" width=\"700\" height=\"394\" srcset=\"http:\/\/traba.org\/trabablog\/wp-content\/uploads\/2020\/05\/65D724FE-39AE-4520-A022-1A2336517E82-1024x576.jpeg 1024w, http:\/\/traba.org\/trabablog\/wp-content\/uploads\/2020\/05\/65D724FE-39AE-4520-A022-1A2336517E82-300x169.jpeg 300w, http:\/\/traba.org\/trabablog\/wp-content\/uploads\/2020\/05\/65D724FE-39AE-4520-A022-1A2336517E82-768x432.jpeg 768w, http:\/\/traba.org\/trabablog\/wp-content\/uploads\/2020\/05\/65D724FE-39AE-4520-A022-1A2336517E82-460x259.jpeg 460w, http:\/\/traba.org\/trabablog\/wp-content\/uploads\/2020\/05\/65D724FE-39AE-4520-A022-1A2336517E82-688x387.jpeg 688w\" sizes=\"auto, (max-width: 700px) 100vw, 700px\" \/><\/p>\n<p>seguim jugant al lego batman. de les poques coses que juguen junts.<\/p>\n<p><img loading=\"lazy\" decoding=\"async\" class=\"aligncenter size-large wp-image-17856\" src=\"http:\/\/www.traba.org\/trabablog\/wp-content\/uploads\/2020\/05\/A63B3393-67BE-4894-A54C-5AB6C280D157-1024x768.jpeg\" alt=\"\" width=\"700\" height=\"525\" srcset=\"http:\/\/traba.org\/trabablog\/wp-content\/uploads\/2020\/05\/A63B3393-67BE-4894-A54C-5AB6C280D157-1024x768.jpeg 1024w, http:\/\/traba.org\/trabablog\/wp-content\/uploads\/2020\/05\/A63B3393-67BE-4894-A54C-5AB6C280D157-300x225.jpeg 300w, http:\/\/traba.org\/trabablog\/wp-content\/uploads\/2020\/05\/A63B3393-67BE-4894-A54C-5AB6C280D157-768x576.jpeg 768w, http:\/\/traba.org\/trabablog\/wp-content\/uploads\/2020\/05\/A63B3393-67BE-4894-A54C-5AB6C280D157-460x345.jpeg 460w, http:\/\/traba.org\/trabablog\/wp-content\/uploads\/2020\/05\/A63B3393-67BE-4894-A54C-5AB6C280D157-688x516.jpeg 688w\" sizes=\"auto, (max-width: 700px) 100vw, 700px\" \/><\/p>\n<p>plou<\/p>\n<p><img loading=\"lazy\" decoding=\"async\" class=\"aligncenter size-large wp-image-17857\" src=\"http:\/\/www.traba.org\/trabablog\/wp-content\/uploads\/2020\/05\/F32FF340-F9CD-40AF-B75C-23FFFC259620-1024x576.jpeg\" alt=\"\" width=\"700\" height=\"394\" srcset=\"http:\/\/traba.org\/trabablog\/wp-content\/uploads\/2020\/05\/F32FF340-F9CD-40AF-B75C-23FFFC259620-1024x576.jpeg 1024w, http:\/\/traba.org\/trabablog\/wp-content\/uploads\/2020\/05\/F32FF340-F9CD-40AF-B75C-23FFFC259620-300x169.jpeg 300w, http:\/\/traba.org\/trabablog\/wp-content\/uploads\/2020\/05\/F32FF340-F9CD-40AF-B75C-23FFFC259620-768x432.jpeg 768w, http:\/\/traba.org\/trabablog\/wp-content\/uploads\/2020\/05\/F32FF340-F9CD-40AF-B75C-23FFFC259620-460x259.jpeg 460w, http:\/\/traba.org\/trabablog\/wp-content\/uploads\/2020\/05\/F32FF340-F9CD-40AF-B75C-23FFFC259620-688x387.jpeg 688w\" sizes=\"auto, (max-width: 700px) 100vw, 700px\" \/><\/p>\n<p>el drac de sant jordi.<\/p>\n<p><img loading=\"lazy\" decoding=\"async\" class=\"aligncenter wp-image-17858 size-large\" src=\"http:\/\/www.traba.org\/trabablog\/wp-content\/uploads\/2020\/05\/7EE0B1BB-A260-42EF-9364-9C1856FD1466-e1589636588538-768x1024.jpeg\" alt=\"\" width=\"700\" height=\"933\" srcset=\"http:\/\/traba.org\/trabablog\/wp-content\/uploads\/2020\/05\/7EE0B1BB-A260-42EF-9364-9C1856FD1466-e1589636588538-768x1024.jpeg 768w, http:\/\/traba.org\/trabablog\/wp-content\/uploads\/2020\/05\/7EE0B1BB-A260-42EF-9364-9C1856FD1466-e1589636588538-225x300.jpeg 225w, http:\/\/traba.org\/trabablog\/wp-content\/uploads\/2020\/05\/7EE0B1BB-A260-42EF-9364-9C1856FD1466-e1589636588538-261x348.jpeg 261w, http:\/\/traba.org\/trabablog\/wp-content\/uploads\/2020\/05\/7EE0B1BB-A260-42EF-9364-9C1856FD1466-e1589636588538-688x917.jpeg 688w\" sizes=\"auto, (max-width: 700px) 100vw, 700px\" \/><\/p>\n<p>pandemic<\/p>\n<p><img loading=\"lazy\" decoding=\"async\" class=\"aligncenter size-large wp-image-17859\" src=\"http:\/\/www.traba.org\/trabablog\/wp-content\/uploads\/2020\/05\/56E83E73-B977-4D38-8173-7B5F79427593-1024x576.jpeg\" alt=\"\" width=\"700\" height=\"394\" srcset=\"http:\/\/traba.org\/trabablog\/wp-content\/uploads\/2020\/05\/56E83E73-B977-4D38-8173-7B5F79427593-1024x576.jpeg 1024w, http:\/\/traba.org\/trabablog\/wp-content\/uploads\/2020\/05\/56E83E73-B977-4D38-8173-7B5F79427593-300x169.jpeg 300w, http:\/\/traba.org\/trabablog\/wp-content\/uploads\/2020\/05\/56E83E73-B977-4D38-8173-7B5F79427593-768x432.jpeg 768w, http:\/\/traba.org\/trabablog\/wp-content\/uploads\/2020\/05\/56E83E73-B977-4D38-8173-7B5F79427593-460x259.jpeg 460w, http:\/\/traba.org\/trabablog\/wp-content\/uploads\/2020\/05\/56E83E73-B977-4D38-8173-7B5F79427593-688x387.jpeg 688w\" sizes=\"auto, (max-width: 700px) 100vw, 700px\" \/><\/p>\n<p>el bruno rockero<\/p>\n<p><img loading=\"lazy\" decoding=\"async\" class=\"aligncenter wp-image-17860 size-large\" src=\"http:\/\/www.traba.org\/trabablog\/wp-content\/uploads\/2020\/05\/7EFACFCD-D171-4F01-8D35-48799EBCBB30-e1589636604349-576x1024.jpeg\" alt=\"\" width=\"576\" height=\"1024\" srcset=\"http:\/\/traba.org\/trabablog\/wp-content\/uploads\/2020\/05\/7EFACFCD-D171-4F01-8D35-48799EBCBB30-e1589636604349-576x1024.jpeg 576w, http:\/\/traba.org\/trabablog\/wp-content\/uploads\/2020\/05\/7EFACFCD-D171-4F01-8D35-48799EBCBB30-e1589636604349-169x300.jpeg 169w, http:\/\/traba.org\/trabablog\/wp-content\/uploads\/2020\/05\/7EFACFCD-D171-4F01-8D35-48799EBCBB30-e1589636604349-768x1365.jpeg 768w, http:\/\/traba.org\/trabablog\/wp-content\/uploads\/2020\/05\/7EFACFCD-D171-4F01-8D35-48799EBCBB30-e1589636604349-196x348.jpeg 196w, http:\/\/traba.org\/trabablog\/wp-content\/uploads\/2020\/05\/7EFACFCD-D171-4F01-8D35-48799EBCBB30-e1589636604349-688x1223.jpeg 688w\" sizes=\"auto, (max-width: 576px) 100vw, 576px\" \/><\/p>\n<p>els deures de l&#8217;antic Egipte, el missatge de la lola per la classe.<\/p>\n<p><img loading=\"lazy\" decoding=\"async\" class=\"aligncenter size-large wp-image-17861\" src=\"http:\/\/www.traba.org\/trabablog\/wp-content\/uploads\/2020\/05\/E46383F3-8064-45BD-9F34-C4D181100D57-1024x576.jpeg\" alt=\"\" width=\"700\" height=\"394\" srcset=\"http:\/\/traba.org\/trabablog\/wp-content\/uploads\/2020\/05\/E46383F3-8064-45BD-9F34-C4D181100D57-1024x576.jpeg 1024w, http:\/\/traba.org\/trabablog\/wp-content\/uploads\/2020\/05\/E46383F3-8064-45BD-9F34-C4D181100D57-300x169.jpeg 300w, http:\/\/traba.org\/trabablog\/wp-content\/uploads\/2020\/05\/E46383F3-8064-45BD-9F34-C4D181100D57-768x432.jpeg 768w, http:\/\/traba.org\/trabablog\/wp-content\/uploads\/2020\/05\/E46383F3-8064-45BD-9F34-C4D181100D57-460x259.jpeg 460w, http:\/\/traba.org\/trabablog\/wp-content\/uploads\/2020\/05\/E46383F3-8064-45BD-9F34-C4D181100D57-688x387.jpeg 688w\" sizes=\"auto, (max-width: 700px) 100vw, 700px\" \/><\/p>\n<p>la caaaaalle&#8230; queden menys de 24h perqu\u00e8 els nens puguin sortir al carrer<\/p>\n<p><img loading=\"lazy\" decoding=\"async\" class=\"aligncenter wp-image-17862 size-large\" src=\"http:\/\/www.traba.org\/trabablog\/wp-content\/uploads\/2020\/05\/F0D506F8-D89A-445C-9ED2-E3BA67661EA7-e1589636619658-576x1024.jpeg\" alt=\"\" width=\"576\" height=\"1024\" srcset=\"http:\/\/traba.org\/trabablog\/wp-content\/uploads\/2020\/05\/F0D506F8-D89A-445C-9ED2-E3BA67661EA7-e1589636619658-576x1024.jpeg 576w, http:\/\/traba.org\/trabablog\/wp-content\/uploads\/2020\/05\/F0D506F8-D89A-445C-9ED2-E3BA67661EA7-e1589636619658-169x300.jpeg 169w, http:\/\/traba.org\/trabablog\/wp-content\/uploads\/2020\/05\/F0D506F8-D89A-445C-9ED2-E3BA67661EA7-e1589636619658-768x1365.jpeg 768w, http:\/\/traba.org\/trabablog\/wp-content\/uploads\/2020\/05\/F0D506F8-D89A-445C-9ED2-E3BA67661EA7-e1589636619658-196x348.jpeg 196w, http:\/\/traba.org\/trabablog\/wp-content\/uploads\/2020\/05\/F0D506F8-D89A-445C-9ED2-E3BA67661EA7-e1589636619658-688x1223.jpeg 688w\" sizes=\"auto, (max-width: 576px) 100vw, 576px\" \/><\/p>\n<p>a les 10 del mat\u00ed del 26 d&#8217;abril, els nens encara no hav\u00eden sortit al carrer. els nostres si.<\/p>\n<p><img loading=\"lazy\" decoding=\"async\" class=\"aligncenter wp-image-17863 size-large\" src=\"http:\/\/www.traba.org\/trabablog\/wp-content\/uploads\/2020\/05\/F2835ABA-A14A-442B-8282-7BF4FE0C6CC9-e1589636631860-576x1024.jpeg\" alt=\"\" width=\"576\" height=\"1024\" srcset=\"http:\/\/traba.org\/trabablog\/wp-content\/uploads\/2020\/05\/F2835ABA-A14A-442B-8282-7BF4FE0C6CC9-e1589636631860-576x1024.jpeg 576w, http:\/\/traba.org\/trabablog\/wp-content\/uploads\/2020\/05\/F2835ABA-A14A-442B-8282-7BF4FE0C6CC9-e1589636631860-169x300.jpeg 169w, http:\/\/traba.org\/trabablog\/wp-content\/uploads\/2020\/05\/F2835ABA-A14A-442B-8282-7BF4FE0C6CC9-e1589636631860-768x1365.jpeg 768w, http:\/\/traba.org\/trabablog\/wp-content\/uploads\/2020\/05\/F2835ABA-A14A-442B-8282-7BF4FE0C6CC9-e1589636631860-196x348.jpeg 196w, http:\/\/traba.org\/trabablog\/wp-content\/uploads\/2020\/05\/F2835ABA-A14A-442B-8282-7BF4FE0C6CC9-e1589636631860-688x1223.jpeg 688w\" sizes=\"auto, (max-width: 576px) 100vw, 576px\" \/> <img loading=\"lazy\" decoding=\"async\" class=\"aligncenter size-large wp-image-17864\" src=\"http:\/\/www.traba.org\/trabablog\/wp-content\/uploads\/2020\/05\/28750C41-C286-4552-9DDE-2CC867D77622-1024x576.jpeg\" alt=\"\" width=\"700\" height=\"394\" srcset=\"http:\/\/traba.org\/trabablog\/wp-content\/uploads\/2020\/05\/28750C41-C286-4552-9DDE-2CC867D77622-1024x576.jpeg 1024w, http:\/\/traba.org\/trabablog\/wp-content\/uploads\/2020\/05\/28750C41-C286-4552-9DDE-2CC867D77622-300x169.jpeg 300w, http:\/\/traba.org\/trabablog\/wp-content\/uploads\/2020\/05\/28750C41-C286-4552-9DDE-2CC867D77622-768x432.jpeg 768w, http:\/\/traba.org\/trabablog\/wp-content\/uploads\/2020\/05\/28750C41-C286-4552-9DDE-2CC867D77622-460x259.jpeg 460w, http:\/\/traba.org\/trabablog\/wp-content\/uploads\/2020\/05\/28750C41-C286-4552-9DDE-2CC867D77622-688x387.jpeg 688w\" sizes=\"auto, (max-width: 700px) 100vw, 700px\" \/><\/p>\n<p>la lola va voler anar a patinar.<\/p>\n<p><img loading=\"lazy\" decoding=\"async\" class=\"aligncenter wp-image-17865 size-large\" src=\"http:\/\/www.traba.org\/trabablog\/wp-content\/uploads\/2020\/05\/4D3A52E9-B1A6-4621-A33E-5F737DB1BEE6-e1589636643137-768x1024.jpeg\" alt=\"\" width=\"700\" height=\"933\" srcset=\"http:\/\/traba.org\/trabablog\/wp-content\/uploads\/2020\/05\/4D3A52E9-B1A6-4621-A33E-5F737DB1BEE6-e1589636643137-768x1024.jpeg 768w, http:\/\/traba.org\/trabablog\/wp-content\/uploads\/2020\/05\/4D3A52E9-B1A6-4621-A33E-5F737DB1BEE6-e1589636643137-225x300.jpeg 225w, http:\/\/traba.org\/trabablog\/wp-content\/uploads\/2020\/05\/4D3A52E9-B1A6-4621-A33E-5F737DB1BEE6-e1589636643137-261x348.jpeg 261w, http:\/\/traba.org\/trabablog\/wp-content\/uploads\/2020\/05\/4D3A52E9-B1A6-4621-A33E-5F737DB1BEE6-e1589636643137-688x917.jpeg 688w\" sizes=\"auto, (max-width: 700px) 100vw, 700px\" \/> <img loading=\"lazy\" decoding=\"async\" class=\"aligncenter size-large wp-image-17866\" src=\"http:\/\/www.traba.org\/trabablog\/wp-content\/uploads\/2020\/05\/DB23838D-0891-4B51-A15C-4A42B90CAE1F-1024x576.jpeg\" alt=\"\" width=\"700\" height=\"394\" srcset=\"http:\/\/traba.org\/trabablog\/wp-content\/uploads\/2020\/05\/DB23838D-0891-4B51-A15C-4A42B90CAE1F-1024x576.jpeg 1024w, http:\/\/traba.org\/trabablog\/wp-content\/uploads\/2020\/05\/DB23838D-0891-4B51-A15C-4A42B90CAE1F-300x169.jpeg 300w, http:\/\/traba.org\/trabablog\/wp-content\/uploads\/2020\/05\/DB23838D-0891-4B51-A15C-4A42B90CAE1F-768x432.jpeg 768w, http:\/\/traba.org\/trabablog\/wp-content\/uploads\/2020\/05\/DB23838D-0891-4B51-A15C-4A42B90CAE1F-460x259.jpeg 460w, http:\/\/traba.org\/trabablog\/wp-content\/uploads\/2020\/05\/DB23838D-0891-4B51-A15C-4A42B90CAE1F-688x387.jpeg 688w\" sizes=\"auto, (max-width: 700px) 100vw, 700px\" \/> <a href=\"http:\/\/www.traba.org\/trabablog\/wp-content\/uploads\/2020\/05\/C049B7B2-4BFE-46AE-86F7-EEB9E8B67C80.mov\">el Bruno en bicicleta<\/a><\/p>\n<p>i el F\u00e8lix amb el Francesc al passeig mar\u00edtim.<\/p>\n<p><img loading=\"lazy\" decoding=\"async\" class=\"aligncenter size-large wp-image-17868\" src=\"http:\/\/www.traba.org\/trabablog\/wp-content\/uploads\/2020\/05\/25A82EB3-FB7A-4C03-A1D1-172B0D86371A-1024x576.jpeg\" alt=\"\" width=\"700\" height=\"394\" srcset=\"http:\/\/traba.org\/trabablog\/wp-content\/uploads\/2020\/05\/25A82EB3-FB7A-4C03-A1D1-172B0D86371A-1024x576.jpeg 1024w, http:\/\/traba.org\/trabablog\/wp-content\/uploads\/2020\/05\/25A82EB3-FB7A-4C03-A1D1-172B0D86371A-300x169.jpeg 300w, http:\/\/traba.org\/trabablog\/wp-content\/uploads\/2020\/05\/25A82EB3-FB7A-4C03-A1D1-172B0D86371A-768x432.jpeg 768w, http:\/\/traba.org\/trabablog\/wp-content\/uploads\/2020\/05\/25A82EB3-FB7A-4C03-A1D1-172B0D86371A-460x259.jpeg 460w, http:\/\/traba.org\/trabablog\/wp-content\/uploads\/2020\/05\/25A82EB3-FB7A-4C03-A1D1-172B0D86371A-688x387.jpeg 688w\" sizes=\"auto, (max-width: 700px) 100vw, 700px\" \/> <img loading=\"lazy\" decoding=\"async\" class=\"aligncenter size-large wp-image-17869\" src=\"http:\/\/www.traba.org\/trabablog\/wp-content\/uploads\/2020\/05\/C21E3CA4-DF7D-4F45-AE04-B1812CA980DE-1024x576.jpeg\" alt=\"\" width=\"700\" height=\"394\" srcset=\"http:\/\/traba.org\/trabablog\/wp-content\/uploads\/2020\/05\/C21E3CA4-DF7D-4F45-AE04-B1812CA980DE-1024x576.jpeg 1024w, http:\/\/traba.org\/trabablog\/wp-content\/uploads\/2020\/05\/C21E3CA4-DF7D-4F45-AE04-B1812CA980DE-300x169.jpeg 300w, http:\/\/traba.org\/trabablog\/wp-content\/uploads\/2020\/05\/C21E3CA4-DF7D-4F45-AE04-B1812CA980DE-768x432.jpeg 768w, http:\/\/traba.org\/trabablog\/wp-content\/uploads\/2020\/05\/C21E3CA4-DF7D-4F45-AE04-B1812CA980DE-460x259.jpeg 460w, http:\/\/traba.org\/trabablog\/wp-content\/uploads\/2020\/05\/C21E3CA4-DF7D-4F45-AE04-B1812CA980DE-688x387.jpeg 688w\" sizes=\"auto, (max-width: 700px) 100vw, 700px\" \/> <img loading=\"lazy\" decoding=\"async\" class=\"aligncenter size-large wp-image-17870\" src=\"http:\/\/www.traba.org\/trabablog\/wp-content\/uploads\/2020\/05\/D69BA0D4-5695-4184-B187-7AB98FB33CDC-1024x576.jpeg\" alt=\"\" width=\"700\" height=\"394\" srcset=\"http:\/\/traba.org\/trabablog\/wp-content\/uploads\/2020\/05\/D69BA0D4-5695-4184-B187-7AB98FB33CDC-1024x576.jpeg 1024w, http:\/\/traba.org\/trabablog\/wp-content\/uploads\/2020\/05\/D69BA0D4-5695-4184-B187-7AB98FB33CDC-300x169.jpeg 300w, http:\/\/traba.org\/trabablog\/wp-content\/uploads\/2020\/05\/D69BA0D4-5695-4184-B187-7AB98FB33CDC-768x432.jpeg 768w, http:\/\/traba.org\/trabablog\/wp-content\/uploads\/2020\/05\/D69BA0D4-5695-4184-B187-7AB98FB33CDC-460x259.jpeg 460w, http:\/\/traba.org\/trabablog\/wp-content\/uploads\/2020\/05\/D69BA0D4-5695-4184-B187-7AB98FB33CDC-688x387.jpeg 688w\" sizes=\"auto, (max-width: 700px) 100vw, 700px\" \/><\/p>\n<p>11 del mat\u00ed, ning\u00fa. els que heu passat per aqu\u00ed, sabreu que aquesta imatge \u00e9s la fi del m\u00f3n total.<\/p>\n<p><img loading=\"lazy\" decoding=\"async\" class=\"aligncenter size-large wp-image-17871\" src=\"http:\/\/www.traba.org\/trabablog\/wp-content\/uploads\/2020\/05\/C507CDC7-61E8-4B7E-8B2D-F569327BEE6E-1024x576.jpeg\" alt=\"\" width=\"700\" height=\"394\" srcset=\"http:\/\/traba.org\/trabablog\/wp-content\/uploads\/2020\/05\/C507CDC7-61E8-4B7E-8B2D-F569327BEE6E-1024x576.jpeg 1024w, http:\/\/traba.org\/trabablog\/wp-content\/uploads\/2020\/05\/C507CDC7-61E8-4B7E-8B2D-F569327BEE6E-300x169.jpeg 300w, http:\/\/traba.org\/trabablog\/wp-content\/uploads\/2020\/05\/C507CDC7-61E8-4B7E-8B2D-F569327BEE6E-768x432.jpeg 768w, http:\/\/traba.org\/trabablog\/wp-content\/uploads\/2020\/05\/C507CDC7-61E8-4B7E-8B2D-F569327BEE6E-460x259.jpeg 460w, http:\/\/traba.org\/trabablog\/wp-content\/uploads\/2020\/05\/C507CDC7-61E8-4B7E-8B2D-F569327BEE6E-688x387.jpeg 688w\" sizes=\"auto, (max-width: 700px) 100vw, 700px\" \/><\/p>\n<p>les imatges de la platja plena de gent s\u00f3n d&#8217;aquest dia. ja us dic jo que per aqu\u00ed pel mat\u00ed no hi havia ning\u00fa.<\/p>\n<p><img loading=\"lazy\" decoding=\"async\" class=\"aligncenter wp-image-17876 size-large\" src=\"http:\/\/www.traba.org\/trabablog\/wp-content\/uploads\/2020\/05\/799E4236-314E-45E0-B522-CF5852AE3369-e1589636686138-576x1024.jpeg\" alt=\"\" width=\"576\" height=\"1024\" srcset=\"http:\/\/traba.org\/trabablog\/wp-content\/uploads\/2020\/05\/799E4236-314E-45E0-B522-CF5852AE3369-e1589636686138-576x1024.jpeg 576w, http:\/\/traba.org\/trabablog\/wp-content\/uploads\/2020\/05\/799E4236-314E-45E0-B522-CF5852AE3369-e1589636686138-169x300.jpeg 169w, http:\/\/traba.org\/trabablog\/wp-content\/uploads\/2020\/05\/799E4236-314E-45E0-B522-CF5852AE3369-e1589636686138-768x1365.jpeg 768w, http:\/\/traba.org\/trabablog\/wp-content\/uploads\/2020\/05\/799E4236-314E-45E0-B522-CF5852AE3369-e1589636686138-196x348.jpeg 196w, http:\/\/traba.org\/trabablog\/wp-content\/uploads\/2020\/05\/799E4236-314E-45E0-B522-CF5852AE3369-e1589636686138-688x1223.jpeg 688w\" sizes=\"auto, (max-width: 576px) 100vw, 576px\" \/><\/p>\n<p>aviny\u00f3.<\/p>\n<p><img loading=\"lazy\" decoding=\"async\" class=\"aligncenter wp-image-17877 size-large\" src=\"http:\/\/www.traba.org\/trabablog\/wp-content\/uploads\/2020\/05\/C0E9FE09-FAFD-4C46-8BFC-00255D2C6D46-e1589636715985-576x1024.jpeg\" alt=\"\" width=\"576\" height=\"1024\" srcset=\"http:\/\/traba.org\/trabablog\/wp-content\/uploads\/2020\/05\/C0E9FE09-FAFD-4C46-8BFC-00255D2C6D46-e1589636715985-576x1024.jpeg 576w, http:\/\/traba.org\/trabablog\/wp-content\/uploads\/2020\/05\/C0E9FE09-FAFD-4C46-8BFC-00255D2C6D46-e1589636715985-169x300.jpeg 169w, http:\/\/traba.org\/trabablog\/wp-content\/uploads\/2020\/05\/C0E9FE09-FAFD-4C46-8BFC-00255D2C6D46-e1589636715985-768x1365.jpeg 768w, http:\/\/traba.org\/trabablog\/wp-content\/uploads\/2020\/05\/C0E9FE09-FAFD-4C46-8BFC-00255D2C6D46-e1589636715985-196x348.jpeg 196w, http:\/\/traba.org\/trabablog\/wp-content\/uploads\/2020\/05\/C0E9FE09-FAFD-4C46-8BFC-00255D2C6D46-e1589636715985-688x1223.jpeg 688w\" sizes=\"auto, (max-width: 576px) 100vw, 576px\" \/><\/p>\n<p>el bruno i el seu lle\u00f3<\/p>\n<p><img loading=\"lazy\" decoding=\"async\" class=\"aligncenter size-large wp-image-17878\" src=\"http:\/\/www.traba.org\/trabablog\/wp-content\/uploads\/2020\/05\/49C0C56E-C283-4D49-A4B7-711E77473E84-1024x576.jpeg\" alt=\"\" width=\"700\" height=\"394\" srcset=\"http:\/\/traba.org\/trabablog\/wp-content\/uploads\/2020\/05\/49C0C56E-C283-4D49-A4B7-711E77473E84-1024x576.jpeg 1024w, http:\/\/traba.org\/trabablog\/wp-content\/uploads\/2020\/05\/49C0C56E-C283-4D49-A4B7-711E77473E84-300x169.jpeg 300w, http:\/\/traba.org\/trabablog\/wp-content\/uploads\/2020\/05\/49C0C56E-C283-4D49-A4B7-711E77473E84-768x432.jpeg 768w, http:\/\/traba.org\/trabablog\/wp-content\/uploads\/2020\/05\/49C0C56E-C283-4D49-A4B7-711E77473E84-460x259.jpeg 460w, http:\/\/traba.org\/trabablog\/wp-content\/uploads\/2020\/05\/49C0C56E-C283-4D49-A4B7-711E77473E84-688x387.jpeg 688w\" sizes=\"auto, (max-width: 700px) 100vw, 700px\" \/><\/p>\n<p>i al dia seg\u00fcent, seguim patinant.<\/p>\n<p><img loading=\"lazy\" decoding=\"async\" class=\"aligncenter wp-image-17879 size-large\" src=\"http:\/\/www.traba.org\/trabablog\/wp-content\/uploads\/2020\/05\/66E25C62-192B-45AE-A219-C2950ECF28F1-e1589636737118-576x1024.jpeg\" alt=\"\" width=\"576\" height=\"1024\" srcset=\"http:\/\/traba.org\/trabablog\/wp-content\/uploads\/2020\/05\/66E25C62-192B-45AE-A219-C2950ECF28F1-e1589636737118-576x1024.jpeg 576w, http:\/\/traba.org\/trabablog\/wp-content\/uploads\/2020\/05\/66E25C62-192B-45AE-A219-C2950ECF28F1-e1589636737118-169x300.jpeg 169w, http:\/\/traba.org\/trabablog\/wp-content\/uploads\/2020\/05\/66E25C62-192B-45AE-A219-C2950ECF28F1-e1589636737118-768x1365.jpeg 768w, http:\/\/traba.org\/trabablog\/wp-content\/uploads\/2020\/05\/66E25C62-192B-45AE-A219-C2950ECF28F1-e1589636737118-196x348.jpeg 196w, http:\/\/traba.org\/trabablog\/wp-content\/uploads\/2020\/05\/66E25C62-192B-45AE-A219-C2950ECF28F1-e1589636737118-688x1223.jpeg 688w\" sizes=\"auto, (max-width: 576px) 100vw, 576px\" \/><\/p>\n<p>avui amb el Francesc a la platja.<\/p>\n<p><img loading=\"lazy\" decoding=\"async\" class=\"aligncenter size-large wp-image-17883\" src=\"http:\/\/www.traba.org\/trabablog\/wp-content\/uploads\/2020\/05\/D20780F0-447F-473D-8870-102228CE4499-1024x576.jpeg\" alt=\"\" width=\"700\" height=\"394\" srcset=\"http:\/\/traba.org\/trabablog\/wp-content\/uploads\/2020\/05\/D20780F0-447F-473D-8870-102228CE4499-1024x576.jpeg 1024w, http:\/\/traba.org\/trabablog\/wp-content\/uploads\/2020\/05\/D20780F0-447F-473D-8870-102228CE4499-300x169.jpeg 300w, http:\/\/traba.org\/trabablog\/wp-content\/uploads\/2020\/05\/D20780F0-447F-473D-8870-102228CE4499-768x432.jpeg 768w, http:\/\/traba.org\/trabablog\/wp-content\/uploads\/2020\/05\/D20780F0-447F-473D-8870-102228CE4499-460x259.jpeg 460w, http:\/\/traba.org\/trabablog\/wp-content\/uploads\/2020\/05\/D20780F0-447F-473D-8870-102228CE4499-688x387.jpeg 688w\" sizes=\"auto, (max-width: 700px) 100vw, 700px\" \/><\/p>\n<div style=\"width: 952px;\" class=\"wp-video\"><video class=\"wp-video-shortcode\" id=\"video-17822-1\" width=\"952\" height=\"536\" preload=\"metadata\" controls=\"controls\"><source type=\"video\/mp4\" src=\"http:\/\/www.traba.org\/trabablog\/wp-content\/uploads\/2020\/05\/123DC7C5-097B-4C32-B8AA-6992587AF8C4.mp4?_=1\" \/><a href=\"http:\/\/www.traba.org\/trabablog\/wp-content\/uploads\/2020\/05\/123DC7C5-097B-4C32-B8AA-6992587AF8C4.mp4\">http:\/\/www.traba.org\/trabablog\/wp-content\/uploads\/2020\/05\/123DC7C5-097B-4C32-B8AA-6992587AF8C4.mp4<\/a><\/video><\/div>\n<p>sense cotxes dilluns per la tarda.<\/p>\n<p><img loading=\"lazy\" decoding=\"async\" class=\"aligncenter size-large wp-image-17886\" src=\"http:\/\/www.traba.org\/trabablog\/wp-content\/uploads\/2020\/05\/E351E61E-2366-4C70-B17B-104430F8A542-1024x576.jpeg\" alt=\"\" width=\"700\" height=\"394\" srcset=\"http:\/\/traba.org\/trabablog\/wp-content\/uploads\/2020\/05\/E351E61E-2366-4C70-B17B-104430F8A542-1024x576.jpeg 1024w, http:\/\/traba.org\/trabablog\/wp-content\/uploads\/2020\/05\/E351E61E-2366-4C70-B17B-104430F8A542-300x169.jpeg 300w, http:\/\/traba.org\/trabablog\/wp-content\/uploads\/2020\/05\/E351E61E-2366-4C70-B17B-104430F8A542-768x432.jpeg 768w, http:\/\/traba.org\/trabablog\/wp-content\/uploads\/2020\/05\/E351E61E-2366-4C70-B17B-104430F8A542-460x259.jpeg 460w, http:\/\/traba.org\/trabablog\/wp-content\/uploads\/2020\/05\/E351E61E-2366-4C70-B17B-104430F8A542-688x387.jpeg 688w\" sizes=\"auto, (max-width: 700px) 100vw, 700px\" \/> <img loading=\"lazy\" decoding=\"async\" class=\"aligncenter size-large wp-image-17887\" src=\"http:\/\/www.traba.org\/trabablog\/wp-content\/uploads\/2020\/05\/C30E6F2D-676A-424E-897B-97BE00A17DCD-1024x576.jpeg\" alt=\"\" width=\"700\" height=\"394\" srcset=\"http:\/\/traba.org\/trabablog\/wp-content\/uploads\/2020\/05\/C30E6F2D-676A-424E-897B-97BE00A17DCD-1024x576.jpeg 1024w, http:\/\/traba.org\/trabablog\/wp-content\/uploads\/2020\/05\/C30E6F2D-676A-424E-897B-97BE00A17DCD-300x169.jpeg 300w, http:\/\/traba.org\/trabablog\/wp-content\/uploads\/2020\/05\/C30E6F2D-676A-424E-897B-97BE00A17DCD-768x432.jpeg 768w, http:\/\/traba.org\/trabablog\/wp-content\/uploads\/2020\/05\/C30E6F2D-676A-424E-897B-97BE00A17DCD-460x259.jpeg 460w, http:\/\/traba.org\/trabablog\/wp-content\/uploads\/2020\/05\/C30E6F2D-676A-424E-897B-97BE00A17DCD-688x387.jpeg 688w\" sizes=\"auto, (max-width: 700px) 100vw, 700px\" \/><\/p>\n<p>avui en bici. el Bruno necessita una bici nova, els genolls li toquen a la cara casi.<\/p>\n<p><img loading=\"lazy\" decoding=\"async\" class=\"aligncenter wp-image-17889 size-large\" src=\"http:\/\/www.traba.org\/trabablog\/wp-content\/uploads\/2020\/05\/FCBF3557-417C-4BF7-9AA0-C08924B0ACCC-e1589636781870-576x1024.jpeg\" alt=\"\" width=\"576\" height=\"1024\" srcset=\"http:\/\/traba.org\/trabablog\/wp-content\/uploads\/2020\/05\/FCBF3557-417C-4BF7-9AA0-C08924B0ACCC-e1589636781870-576x1024.jpeg 576w, http:\/\/traba.org\/trabablog\/wp-content\/uploads\/2020\/05\/FCBF3557-417C-4BF7-9AA0-C08924B0ACCC-e1589636781870-169x300.jpeg 169w, http:\/\/traba.org\/trabablog\/wp-content\/uploads\/2020\/05\/FCBF3557-417C-4BF7-9AA0-C08924B0ACCC-e1589636781870-768x1365.jpeg 768w, http:\/\/traba.org\/trabablog\/wp-content\/uploads\/2020\/05\/FCBF3557-417C-4BF7-9AA0-C08924B0ACCC-e1589636781870-196x348.jpeg 196w, http:\/\/traba.org\/trabablog\/wp-content\/uploads\/2020\/05\/FCBF3557-417C-4BF7-9AA0-C08924B0ACCC-e1589636781870-688x1223.jpeg 688w\" sizes=\"auto, (max-width: 576px) 100vw, 576px\" \/><\/p>\n<p>la catedral \u00e9s nostra.<\/p>\n<p><img loading=\"lazy\" decoding=\"async\" class=\"aligncenter size-large wp-image-17891\" src=\"http:\/\/www.traba.org\/trabablog\/wp-content\/uploads\/2020\/05\/5E078A18-C196-4386-A4D7-38DD0CE12A6E-1024x576.jpeg\" alt=\"\" width=\"700\" height=\"394\" srcset=\"http:\/\/traba.org\/trabablog\/wp-content\/uploads\/2020\/05\/5E078A18-C196-4386-A4D7-38DD0CE12A6E-1024x576.jpeg 1024w, http:\/\/traba.org\/trabablog\/wp-content\/uploads\/2020\/05\/5E078A18-C196-4386-A4D7-38DD0CE12A6E-300x169.jpeg 300w, http:\/\/traba.org\/trabablog\/wp-content\/uploads\/2020\/05\/5E078A18-C196-4386-A4D7-38DD0CE12A6E-768x432.jpeg 768w, http:\/\/traba.org\/trabablog\/wp-content\/uploads\/2020\/05\/5E078A18-C196-4386-A4D7-38DD0CE12A6E-460x259.jpeg 460w, http:\/\/traba.org\/trabablog\/wp-content\/uploads\/2020\/05\/5E078A18-C196-4386-A4D7-38DD0CE12A6E-688x387.jpeg 688w\" sizes=\"auto, (max-width: 700px) 100vw, 700px\" \/> <img loading=\"lazy\" decoding=\"async\" class=\"aligncenter size-large wp-image-17892\" src=\"http:\/\/www.traba.org\/trabablog\/wp-content\/uploads\/2020\/05\/6835C4F6-7B61-49FE-A87D-C122EA232F91-1024x576.jpeg\" alt=\"\" width=\"700\" height=\"394\" srcset=\"http:\/\/traba.org\/trabablog\/wp-content\/uploads\/2020\/05\/6835C4F6-7B61-49FE-A87D-C122EA232F91-1024x576.jpeg 1024w, http:\/\/traba.org\/trabablog\/wp-content\/uploads\/2020\/05\/6835C4F6-7B61-49FE-A87D-C122EA232F91-300x169.jpeg 300w, http:\/\/traba.org\/trabablog\/wp-content\/uploads\/2020\/05\/6835C4F6-7B61-49FE-A87D-C122EA232F91-768x432.jpeg 768w, http:\/\/traba.org\/trabablog\/wp-content\/uploads\/2020\/05\/6835C4F6-7B61-49FE-A87D-C122EA232F91-460x259.jpeg 460w, http:\/\/traba.org\/trabablog\/wp-content\/uploads\/2020\/05\/6835C4F6-7B61-49FE-A87D-C122EA232F91-688x387.jpeg 688w\" sizes=\"auto, (max-width: 700px) 100vw, 700px\" \/><\/p>\n<p>saludant a l&#8217;Eul\u00e0lia des de la dist\u00e0ncia<\/p>\n<p><img loading=\"lazy\" decoding=\"async\" class=\"aligncenter wp-image-17893 size-large\" src=\"http:\/\/www.traba.org\/trabablog\/wp-content\/uploads\/2020\/05\/B470181C-8215-4BD8-9E54-6D7CB5B27652-e1589636806771-576x1024.jpeg\" alt=\"\" width=\"576\" height=\"1024\" srcset=\"http:\/\/traba.org\/trabablog\/wp-content\/uploads\/2020\/05\/B470181C-8215-4BD8-9E54-6D7CB5B27652-e1589636806771-576x1024.jpeg 576w, http:\/\/traba.org\/trabablog\/wp-content\/uploads\/2020\/05\/B470181C-8215-4BD8-9E54-6D7CB5B27652-e1589636806771-169x300.jpeg 169w, http:\/\/traba.org\/trabablog\/wp-content\/uploads\/2020\/05\/B470181C-8215-4BD8-9E54-6D7CB5B27652-e1589636806771-768x1365.jpeg 768w, http:\/\/traba.org\/trabablog\/wp-content\/uploads\/2020\/05\/B470181C-8215-4BD8-9E54-6D7CB5B27652-e1589636806771-196x348.jpeg 196w, http:\/\/traba.org\/trabablog\/wp-content\/uploads\/2020\/05\/B470181C-8215-4BD8-9E54-6D7CB5B27652-e1589636806771-688x1223.jpeg 688w\" sizes=\"auto, (max-width: 576px) 100vw, 576px\" \/> <img loading=\"lazy\" decoding=\"async\" class=\"aligncenter size-large wp-image-17894\" src=\"http:\/\/www.traba.org\/trabablog\/wp-content\/uploads\/2020\/05\/584F5A42-6F6F-473E-A715-6C9783E2E4D0-1024x576.jpeg\" alt=\"\" width=\"700\" height=\"394\" srcset=\"http:\/\/traba.org\/trabablog\/wp-content\/uploads\/2020\/05\/584F5A42-6F6F-473E-A715-6C9783E2E4D0-1024x576.jpeg 1024w, http:\/\/traba.org\/trabablog\/wp-content\/uploads\/2020\/05\/584F5A42-6F6F-473E-A715-6C9783E2E4D0-300x169.jpeg 300w, http:\/\/traba.org\/trabablog\/wp-content\/uploads\/2020\/05\/584F5A42-6F6F-473E-A715-6C9783E2E4D0-768x432.jpeg 768w, http:\/\/traba.org\/trabablog\/wp-content\/uploads\/2020\/05\/584F5A42-6F6F-473E-A715-6C9783E2E4D0-460x259.jpeg 460w, http:\/\/traba.org\/trabablog\/wp-content\/uploads\/2020\/05\/584F5A42-6F6F-473E-A715-6C9783E2E4D0-688x387.jpeg 688w\" sizes=\"auto, (max-width: 700px) 100vw, 700px\" \/> <img loading=\"lazy\" decoding=\"async\" class=\"aligncenter wp-image-17895 size-large\" src=\"http:\/\/www.traba.org\/trabablog\/wp-content\/uploads\/2020\/05\/FF62AEC8-4772-4C6C-B26D-71C12B05FC75-e1589636822457-576x1024.jpeg\" alt=\"\" width=\"576\" height=\"1024\" srcset=\"http:\/\/traba.org\/trabablog\/wp-content\/uploads\/2020\/05\/FF62AEC8-4772-4C6C-B26D-71C12B05FC75-e1589636822457-576x1024.jpeg 576w, http:\/\/traba.org\/trabablog\/wp-content\/uploads\/2020\/05\/FF62AEC8-4772-4C6C-B26D-71C12B05FC75-e1589636822457-169x300.jpeg 169w, http:\/\/traba.org\/trabablog\/wp-content\/uploads\/2020\/05\/FF62AEC8-4772-4C6C-B26D-71C12B05FC75-e1589636822457-768x1365.jpeg 768w, http:\/\/traba.org\/trabablog\/wp-content\/uploads\/2020\/05\/FF62AEC8-4772-4C6C-B26D-71C12B05FC75-e1589636822457-196x348.jpeg 196w, http:\/\/traba.org\/trabablog\/wp-content\/uploads\/2020\/05\/FF62AEC8-4772-4C6C-B26D-71C12B05FC75-e1589636822457-688x1223.jpeg 688w\" sizes=\"auto, (max-width: 576px) 100vw, 576px\" \/><\/p>\n<p>sant felip neri ja era nostra, per\u00f2 ara, nom\u00e9s nostra.<\/p>\n<p><img loading=\"lazy\" decoding=\"async\" class=\"aligncenter size-large wp-image-17896\" src=\"http:\/\/www.traba.org\/trabablog\/wp-content\/uploads\/2020\/05\/66519EF9-556B-4FD8-86A4-907FB6291BDB-1024x576.jpeg\" alt=\"\" width=\"700\" height=\"394\" srcset=\"http:\/\/traba.org\/trabablog\/wp-content\/uploads\/2020\/05\/66519EF9-556B-4FD8-86A4-907FB6291BDB-1024x576.jpeg 1024w, http:\/\/traba.org\/trabablog\/wp-content\/uploads\/2020\/05\/66519EF9-556B-4FD8-86A4-907FB6291BDB-300x169.jpeg 300w, http:\/\/traba.org\/trabablog\/wp-content\/uploads\/2020\/05\/66519EF9-556B-4FD8-86A4-907FB6291BDB-768x432.jpeg 768w, http:\/\/traba.org\/trabablog\/wp-content\/uploads\/2020\/05\/66519EF9-556B-4FD8-86A4-907FB6291BDB-460x259.jpeg 460w, http:\/\/traba.org\/trabablog\/wp-content\/uploads\/2020\/05\/66519EF9-556B-4FD8-86A4-907FB6291BDB-688x387.jpeg 688w\" sizes=\"auto, (max-width: 700px) 100vw, 700px\" \/> <img loading=\"lazy\" decoding=\"async\" class=\"aligncenter size-large wp-image-17897\" src=\"http:\/\/www.traba.org\/trabablog\/wp-content\/uploads\/2020\/05\/D5000314-F4D8-42F9-A059-4D8F9D5D0539-1024x576.jpeg\" alt=\"\" width=\"700\" height=\"394\" srcset=\"http:\/\/traba.org\/trabablog\/wp-content\/uploads\/2020\/05\/D5000314-F4D8-42F9-A059-4D8F9D5D0539-1024x576.jpeg 1024w, http:\/\/traba.org\/trabablog\/wp-content\/uploads\/2020\/05\/D5000314-F4D8-42F9-A059-4D8F9D5D0539-300x169.jpeg 300w, http:\/\/traba.org\/trabablog\/wp-content\/uploads\/2020\/05\/D5000314-F4D8-42F9-A059-4D8F9D5D0539-768x432.jpeg 768w, http:\/\/traba.org\/trabablog\/wp-content\/uploads\/2020\/05\/D5000314-F4D8-42F9-A059-4D8F9D5D0539-460x259.jpeg 460w, http:\/\/traba.org\/trabablog\/wp-content\/uploads\/2020\/05\/D5000314-F4D8-42F9-A059-4D8F9D5D0539-688x387.jpeg 688w\" sizes=\"auto, (max-width: 700px) 100vw, 700px\" \/><\/p>\n<p>i el bisbe<\/p>\n<p><img loading=\"lazy\" decoding=\"async\" class=\"aligncenter wp-image-17903 size-large\" src=\"http:\/\/www.traba.org\/trabablog\/wp-content\/uploads\/2020\/05\/504874BD-7CAC-4D22-90D4-2820C265CF27-e1589636875474-576x1024.jpeg\" alt=\"\" width=\"576\" height=\"1024\" srcset=\"http:\/\/traba.org\/trabablog\/wp-content\/uploads\/2020\/05\/504874BD-7CAC-4D22-90D4-2820C265CF27-e1589636875474-576x1024.jpeg 576w, http:\/\/traba.org\/trabablog\/wp-content\/uploads\/2020\/05\/504874BD-7CAC-4D22-90D4-2820C265CF27-e1589636875474-169x300.jpeg 169w, http:\/\/traba.org\/trabablog\/wp-content\/uploads\/2020\/05\/504874BD-7CAC-4D22-90D4-2820C265CF27-e1589636875474-768x1365.jpeg 768w, http:\/\/traba.org\/trabablog\/wp-content\/uploads\/2020\/05\/504874BD-7CAC-4D22-90D4-2820C265CF27-e1589636875474-196x348.jpeg 196w, http:\/\/traba.org\/trabablog\/wp-content\/uploads\/2020\/05\/504874BD-7CAC-4D22-90D4-2820C265CF27-e1589636875474-688x1223.jpeg 688w\" sizes=\"auto, (max-width: 576px) 100vw, 576px\" \/><\/p>\n<p>i el carrer pietat.<\/p>\n<p><img loading=\"lazy\" decoding=\"async\" class=\"aligncenter wp-image-17905 size-large\" src=\"http:\/\/www.traba.org\/trabablog\/wp-content\/uploads\/2020\/05\/0EB19B28-3543-407C-97BB-BB9FCCA5DA0F-e1589636895388-576x1024.jpeg\" alt=\"\" width=\"576\" height=\"1024\" srcset=\"http:\/\/traba.org\/trabablog\/wp-content\/uploads\/2020\/05\/0EB19B28-3543-407C-97BB-BB9FCCA5DA0F-e1589636895388-576x1024.jpeg 576w, http:\/\/traba.org\/trabablog\/wp-content\/uploads\/2020\/05\/0EB19B28-3543-407C-97BB-BB9FCCA5DA0F-e1589636895388-169x300.jpeg 169w, http:\/\/traba.org\/trabablog\/wp-content\/uploads\/2020\/05\/0EB19B28-3543-407C-97BB-BB9FCCA5DA0F-e1589636895388-768x1365.jpeg 768w, http:\/\/traba.org\/trabablog\/wp-content\/uploads\/2020\/05\/0EB19B28-3543-407C-97BB-BB9FCCA5DA0F-e1589636895388-196x348.jpeg 196w, http:\/\/traba.org\/trabablog\/wp-content\/uploads\/2020\/05\/0EB19B28-3543-407C-97BB-BB9FCCA5DA0F-e1589636895388-688x1223.jpeg 688w\" sizes=\"auto, (max-width: 576px) 100vw, 576px\" \/> <img loading=\"lazy\" decoding=\"async\" class=\"aligncenter size-large wp-image-17910\" src=\"http:\/\/www.traba.org\/trabablog\/wp-content\/uploads\/2020\/05\/4D16ECD8-C2AC-43AC-AD77-BEDE45795542-1024x576.jpeg\" alt=\"\" width=\"700\" height=\"394\" srcset=\"http:\/\/traba.org\/trabablog\/wp-content\/uploads\/2020\/05\/4D16ECD8-C2AC-43AC-AD77-BEDE45795542-1024x576.jpeg 1024w, http:\/\/traba.org\/trabablog\/wp-content\/uploads\/2020\/05\/4D16ECD8-C2AC-43AC-AD77-BEDE45795542-300x169.jpeg 300w, http:\/\/traba.org\/trabablog\/wp-content\/uploads\/2020\/05\/4D16ECD8-C2AC-43AC-AD77-BEDE45795542-768x432.jpeg 768w, http:\/\/traba.org\/trabablog\/wp-content\/uploads\/2020\/05\/4D16ECD8-C2AC-43AC-AD77-BEDE45795542-460x259.jpeg 460w, http:\/\/traba.org\/trabablog\/wp-content\/uploads\/2020\/05\/4D16ECD8-C2AC-43AC-AD77-BEDE45795542-688x387.jpeg 688w\" sizes=\"auto, (max-width: 700px) 100vw, 700px\" \/><\/p>\n<p>fent els deures de la Barcelona romana. mont t\u00e0ber, les columnes del centre excursionista evidentment tancades.<\/p>\n<p><img loading=\"lazy\" decoding=\"async\" class=\"aligncenter wp-image-17912 size-large\" src=\"http:\/\/www.traba.org\/trabablog\/wp-content\/uploads\/2020\/05\/C6404D7D-ADB5-4315-8F3E-A78CFCE2AC28-e1589636930184-576x1024.jpeg\" alt=\"\" width=\"576\" height=\"1024\" srcset=\"http:\/\/traba.org\/trabablog\/wp-content\/uploads\/2020\/05\/C6404D7D-ADB5-4315-8F3E-A78CFCE2AC28-e1589636930184-576x1024.jpeg 576w, http:\/\/traba.org\/trabablog\/wp-content\/uploads\/2020\/05\/C6404D7D-ADB5-4315-8F3E-A78CFCE2AC28-e1589636930184-169x300.jpeg 169w, http:\/\/traba.org\/trabablog\/wp-content\/uploads\/2020\/05\/C6404D7D-ADB5-4315-8F3E-A78CFCE2AC28-e1589636930184-768x1365.jpeg 768w, http:\/\/traba.org\/trabablog\/wp-content\/uploads\/2020\/05\/C6404D7D-ADB5-4315-8F3E-A78CFCE2AC28-e1589636930184-196x348.jpeg 196w, http:\/\/traba.org\/trabablog\/wp-content\/uploads\/2020\/05\/C6404D7D-ADB5-4315-8F3E-A78CFCE2AC28-e1589636930184-688x1223.jpeg 688w\" sizes=\"auto, (max-width: 576px) 100vw, 576px\" \/> <img loading=\"lazy\" decoding=\"async\" class=\"aligncenter wp-image-17914 size-large\" src=\"http:\/\/www.traba.org\/trabablog\/wp-content\/uploads\/2020\/05\/68DB0624-88AF-447A-AB54-E098831C4469-e1589636948583-576x1024.jpeg\" alt=\"\" width=\"576\" height=\"1024\" srcset=\"http:\/\/traba.org\/trabablog\/wp-content\/uploads\/2020\/05\/68DB0624-88AF-447A-AB54-E098831C4469-e1589636948583-576x1024.jpeg 576w, http:\/\/traba.org\/trabablog\/wp-content\/uploads\/2020\/05\/68DB0624-88AF-447A-AB54-E098831C4469-e1589636948583-169x300.jpeg 169w, http:\/\/traba.org\/trabablog\/wp-content\/uploads\/2020\/05\/68DB0624-88AF-447A-AB54-E098831C4469-e1589636948583-768x1365.jpeg 768w, http:\/\/traba.org\/trabablog\/wp-content\/uploads\/2020\/05\/68DB0624-88AF-447A-AB54-E098831C4469-e1589636948583-196x348.jpeg 196w, http:\/\/traba.org\/trabablog\/wp-content\/uploads\/2020\/05\/68DB0624-88AF-447A-AB54-E098831C4469-e1589636948583-688x1223.jpeg 688w\" sizes=\"auto, (max-width: 576px) 100vw, 576px\" \/><\/p>\n<p>l&#8217;entrada a Barcino, de la pla\u00e7a Nova<\/p>\n<p><img loading=\"lazy\" decoding=\"async\" class=\"aligncenter wp-image-17916 size-large\" src=\"http:\/\/www.traba.org\/trabablog\/wp-content\/uploads\/2020\/05\/C4EB612C-E219-41EF-BA10-5FC0E3E23381-e1589636966372-576x1024.jpeg\" alt=\"\" width=\"576\" height=\"1024\" srcset=\"http:\/\/traba.org\/trabablog\/wp-content\/uploads\/2020\/05\/C4EB612C-E219-41EF-BA10-5FC0E3E23381-e1589636966372-576x1024.jpeg 576w, http:\/\/traba.org\/trabablog\/wp-content\/uploads\/2020\/05\/C4EB612C-E219-41EF-BA10-5FC0E3E23381-e1589636966372-169x300.jpeg 169w, http:\/\/traba.org\/trabablog\/wp-content\/uploads\/2020\/05\/C4EB612C-E219-41EF-BA10-5FC0E3E23381-e1589636966372-768x1365.jpeg 768w, http:\/\/traba.org\/trabablog\/wp-content\/uploads\/2020\/05\/C4EB612C-E219-41EF-BA10-5FC0E3E23381-e1589636966372-196x348.jpeg 196w, http:\/\/traba.org\/trabablog\/wp-content\/uploads\/2020\/05\/C4EB612C-E219-41EF-BA10-5FC0E3E23381-e1589636966372-688x1223.jpeg 688w\" sizes=\"auto, (max-width: 576px) 100vw, 576px\" \/><\/p>\n<p>l&#8217;aqueducte de la pla\u00e7a del 9 de mar\u00e7<\/p>\n<p><img loading=\"lazy\" decoding=\"async\" class=\"aligncenter size-large wp-image-17918\" src=\"http:\/\/www.traba.org\/trabablog\/wp-content\/uploads\/2020\/05\/857D7298-F805-48A9-823C-B479B16C1900-1024x576.jpeg\" alt=\"\" width=\"700\" height=\"394\" srcset=\"http:\/\/traba.org\/trabablog\/wp-content\/uploads\/2020\/05\/857D7298-F805-48A9-823C-B479B16C1900-1024x576.jpeg 1024w, http:\/\/traba.org\/trabablog\/wp-content\/uploads\/2020\/05\/857D7298-F805-48A9-823C-B479B16C1900-300x169.jpeg 300w, http:\/\/traba.org\/trabablog\/wp-content\/uploads\/2020\/05\/857D7298-F805-48A9-823C-B479B16C1900-768x432.jpeg 768w, http:\/\/traba.org\/trabablog\/wp-content\/uploads\/2020\/05\/857D7298-F805-48A9-823C-B479B16C1900-460x259.jpeg 460w, http:\/\/traba.org\/trabablog\/wp-content\/uploads\/2020\/05\/857D7298-F805-48A9-823C-B479B16C1900-688x387.jpeg 688w\" sizes=\"auto, (max-width: 700px) 100vw, 700px\" \/><\/p>\n<p>les tombes a la pla\u00e7a de Madrid<\/p>\n<p><img loading=\"lazy\" decoding=\"async\" class=\"aligncenter size-large wp-image-17919\" src=\"http:\/\/www.traba.org\/trabablog\/wp-content\/uploads\/2020\/05\/365A6234-98C4-434E-9B8C-5B87C6DDA872-1024x576.jpeg\" alt=\"\" width=\"700\" height=\"394\" srcset=\"http:\/\/traba.org\/trabablog\/wp-content\/uploads\/2020\/05\/365A6234-98C4-434E-9B8C-5B87C6DDA872-1024x576.jpeg 1024w, http:\/\/traba.org\/trabablog\/wp-content\/uploads\/2020\/05\/365A6234-98C4-434E-9B8C-5B87C6DDA872-300x169.jpeg 300w, http:\/\/traba.org\/trabablog\/wp-content\/uploads\/2020\/05\/365A6234-98C4-434E-9B8C-5B87C6DDA872-768x432.jpeg 768w, http:\/\/traba.org\/trabablog\/wp-content\/uploads\/2020\/05\/365A6234-98C4-434E-9B8C-5B87C6DDA872-460x259.jpeg 460w, http:\/\/traba.org\/trabablog\/wp-content\/uploads\/2020\/05\/365A6234-98C4-434E-9B8C-5B87C6DDA872-688x387.jpeg 688w\" sizes=\"auto, (max-width: 700px) 100vw, 700px\" \/><\/p>\n<p>I fins aqu\u00ed els deures, perqu\u00e8 va apar\u00e8ixer el D\u00fasia \ud83d\ude42<\/p>\n","protected":false},"excerpt":{"rendered":"<p>prenent una mica la vitamina D. sort del terrat, no hi hem pujat massa, per\u00f2 a vegades canviar d&#8217;aires anava b\u00e9. pretending&#8230; la cua del supermercat. la lola jugant a&#8230;<\/p>\n","protected":false},"author":5,"featured_media":17890,"comment_status":"open","ping_status":"open","sticky":false,"template":"","format":"standard","meta":{"_monsterinsights_skip_tracking":false,"_monsterinsights_sitenote_active":false,"_monsterinsights_sitenote_note":"","_monsterinsights_sitenote_category":0,"footnotes":""},"categories":[28],"tags":[],"class_list":["post-17822","post","type-post","status-publish","format-standard","has-post-thumbnail","hentry","category-ordinary-days"],"_links":{"self":[{"href":"http:\/\/traba.org\/trabablog\/index.php?rest_route=\/wp\/v2\/posts\/17822","targetHints":{"allow":["GET"]}}],"collection":[{"href":"http:\/\/traba.org\/trabablog\/index.php?rest_route=\/wp\/v2\/posts"}],"about":[{"href":"http:\/\/traba.org\/trabablog\/index.php?rest_route=\/wp\/v2\/types\/post"}],"author":[{"embeddable":true,"href":"http:\/\/traba.org\/trabablog\/index.php?rest_route=\/wp\/v2\/users\/5"}],"replies":[{"embeddable":true,"href":"http:\/\/traba.org\/trabablog\/index.php?rest_route=%2Fwp%2Fv2%2Fcomments&post=17822"}],"version-history":[{"count":2,"href":"http:\/\/traba.org\/trabablog\/index.php?rest_route=\/wp\/v2\/posts\/17822\/revisions"}],"predecessor-version":[{"id":17923,"href":"http:\/\/traba.org\/trabablog\/index.php?rest_route=\/wp\/v2\/posts\/17822\/revisions\/17923"}],"wp:featuredmedia":[{"embeddable":true,"href":"http:\/\/traba.org\/trabablog\/index.php?rest_route=\/wp\/v2\/media\/17890"}],"wp:attachment":[{"href":"http:\/\/traba.org\/trabablog\/index.php?rest_route=%2Fwp%2Fv2%2Fmedia&parent=17822"}],"wp:term":[{"taxonomy":"category","embeddable":true,"href":"http:\/\/traba.org\/trabablog\/index.php?rest_route=%2Fwp%2Fv2%2Fcategories&post=17822"},{"taxonomy":"post_tag","embeddable":true,"href":"http:\/\/traba.org\/trabablog\/index.php?rest_route=%2Fwp%2Fv2%2Ftags&post=17822"}],"curies":[{"name":"wp","href":"https:\/\/api.w.org\/{rel}","templated":true}]}}