{"id":18014,"date":"2020-06-02T16:39:24","date_gmt":"2020-06-02T14:39:24","guid":{"rendered":"http:\/\/www.traba.org\/trabablog\/?p=18014"},"modified":"2020-06-02T16:39:24","modified_gmt":"2020-06-02T14:39:24","slug":"fase-1-setmana-1","status":"publish","type":"post","link":"http:\/\/traba.org\/trabablog\/?p=18014","title":{"rendered":"Fase 1, setmana 1"},"content":{"rendered":"<p>menjant crispetes&#8230; i patint, que \u00e9s sabut que les crispetes no es poden menjar fins els 3 anys. per\u00f2 bueno, ara ja \u00e9s tot un pro de les crispetes.<\/p>\n<p><img loading=\"lazy\" decoding=\"async\" class=\"aligncenter size-large wp-image-18015\" src=\"http:\/\/www.traba.org\/trabablog\/wp-content\/uploads\/2020\/06\/9991B11E-B819-4B78-8627-15A0545B6538-e1591106210537-576x1024.jpeg\" alt=\"\" width=\"576\" height=\"1024\" srcset=\"http:\/\/traba.org\/trabablog\/wp-content\/uploads\/2020\/06\/9991B11E-B819-4B78-8627-15A0545B6538-e1591106210537-576x1024.jpeg 576w, http:\/\/traba.org\/trabablog\/wp-content\/uploads\/2020\/06\/9991B11E-B819-4B78-8627-15A0545B6538-e1591106210537-169x300.jpeg 169w, http:\/\/traba.org\/trabablog\/wp-content\/uploads\/2020\/06\/9991B11E-B819-4B78-8627-15A0545B6538-e1591106210537-768x1365.jpeg 768w, http:\/\/traba.org\/trabablog\/wp-content\/uploads\/2020\/06\/9991B11E-B819-4B78-8627-15A0545B6538-e1591106210537-196x348.jpeg 196w, http:\/\/traba.org\/trabablog\/wp-content\/uploads\/2020\/06\/9991B11E-B819-4B78-8627-15A0545B6538-e1591106210537-688x1223.jpeg 688w\" sizes=\"auto, (max-width: 576px) 100vw, 576px\" \/><\/p>\n<p>el Bruno jagant als sims. no llegeix per\u00f2 sap perfectament qu\u00e8 diuen tots els cartells!<\/p>\n<p><img loading=\"lazy\" decoding=\"async\" class=\"aligncenter size-large wp-image-18016\" src=\"http:\/\/www.traba.org\/trabablog\/wp-content\/uploads\/2020\/06\/82C13BD2-018A-444D-B22F-CFFB16934B3B-1024x768.jpeg\" alt=\"\" width=\"700\" height=\"525\" srcset=\"http:\/\/traba.org\/trabablog\/wp-content\/uploads\/2020\/06\/82C13BD2-018A-444D-B22F-CFFB16934B3B-1024x768.jpeg 1024w, http:\/\/traba.org\/trabablog\/wp-content\/uploads\/2020\/06\/82C13BD2-018A-444D-B22F-CFFB16934B3B-300x225.jpeg 300w, http:\/\/traba.org\/trabablog\/wp-content\/uploads\/2020\/06\/82C13BD2-018A-444D-B22F-CFFB16934B3B-768x576.jpeg 768w, http:\/\/traba.org\/trabablog\/wp-content\/uploads\/2020\/06\/82C13BD2-018A-444D-B22F-CFFB16934B3B-460x345.jpeg 460w, http:\/\/traba.org\/trabablog\/wp-content\/uploads\/2020\/06\/82C13BD2-018A-444D-B22F-CFFB16934B3B-688x516.jpeg 688w\" sizes=\"auto, (max-width: 700px) 100vw, 700px\" \/><\/p>\n<p>primer dia de la fase 1, estrenem terrassa a la pla\u00e7a reial. realment crec que \u00e9s la primera vegada que prenc alguna cosa en una terrassa de la pla\u00e7a reial. el canarias, car. 3,8 una estrella.\u00a0<\/p>\n<p><img loading=\"lazy\" decoding=\"async\" class=\"aligncenter size-large wp-image-18017\" src=\"http:\/\/www.traba.org\/trabablog\/wp-content\/uploads\/2020\/06\/782741E6-3154-4473-8210-323E741F8ED8-1024x576.jpeg\" alt=\"\" width=\"700\" height=\"394\" srcset=\"http:\/\/traba.org\/trabablog\/wp-content\/uploads\/2020\/06\/782741E6-3154-4473-8210-323E741F8ED8-1024x576.jpeg 1024w, http:\/\/traba.org\/trabablog\/wp-content\/uploads\/2020\/06\/782741E6-3154-4473-8210-323E741F8ED8-300x169.jpeg 300w, http:\/\/traba.org\/trabablog\/wp-content\/uploads\/2020\/06\/782741E6-3154-4473-8210-323E741F8ED8-768x432.jpeg 768w, http:\/\/traba.org\/trabablog\/wp-content\/uploads\/2020\/06\/782741E6-3154-4473-8210-323E741F8ED8-460x259.jpeg 460w, http:\/\/traba.org\/trabablog\/wp-content\/uploads\/2020\/06\/782741E6-3154-4473-8210-323E741F8ED8-688x387.jpeg 688w\" sizes=\"auto, (max-width: 700px) 100vw, 700px\" \/> <img loading=\"lazy\" decoding=\"async\" class=\"aligncenter wp-image-18018 size-large\" src=\"http:\/\/www.traba.org\/trabablog\/wp-content\/uploads\/2020\/06\/4B772672-E9E8-4527-802B-BD0301CD5C1B-e1591106308955-576x1024.jpeg\" alt=\"\" width=\"576\" height=\"1024\" srcset=\"http:\/\/traba.org\/trabablog\/wp-content\/uploads\/2020\/06\/4B772672-E9E8-4527-802B-BD0301CD5C1B-e1591106308955-576x1024.jpeg 576w, http:\/\/traba.org\/trabablog\/wp-content\/uploads\/2020\/06\/4B772672-E9E8-4527-802B-BD0301CD5C1B-e1591106308955-169x300.jpeg 169w, http:\/\/traba.org\/trabablog\/wp-content\/uploads\/2020\/06\/4B772672-E9E8-4527-802B-BD0301CD5C1B-e1591106308955-768x1365.jpeg 768w, http:\/\/traba.org\/trabablog\/wp-content\/uploads\/2020\/06\/4B772672-E9E8-4527-802B-BD0301CD5C1B-e1591106308955-196x348.jpeg 196w, http:\/\/traba.org\/trabablog\/wp-content\/uploads\/2020\/06\/4B772672-E9E8-4527-802B-BD0301CD5C1B-e1591106308955-688x1223.jpeg 688w\" sizes=\"auto, (max-width: 576px) 100vw, 576px\" \/><\/p>\n<p>els nens jugant a l&#8217;altra punta de la pla\u00e7a.<\/p>\n<p><img loading=\"lazy\" decoding=\"async\" class=\"aligncenter size-large wp-image-18019\" src=\"http:\/\/www.traba.org\/trabablog\/wp-content\/uploads\/2020\/06\/AC25CCD3-846B-4F61-A77E-0E8E0CEE965D-1024x576.jpeg\" alt=\"\" width=\"700\" height=\"394\" srcset=\"http:\/\/traba.org\/trabablog\/wp-content\/uploads\/2020\/06\/AC25CCD3-846B-4F61-A77E-0E8E0CEE965D-1024x576.jpeg 1024w, http:\/\/traba.org\/trabablog\/wp-content\/uploads\/2020\/06\/AC25CCD3-846B-4F61-A77E-0E8E0CEE965D-300x169.jpeg 300w, http:\/\/traba.org\/trabablog\/wp-content\/uploads\/2020\/06\/AC25CCD3-846B-4F61-A77E-0E8E0CEE965D-768x432.jpeg 768w, http:\/\/traba.org\/trabablog\/wp-content\/uploads\/2020\/06\/AC25CCD3-846B-4F61-A77E-0E8E0CEE965D-460x259.jpeg 460w, http:\/\/traba.org\/trabablog\/wp-content\/uploads\/2020\/06\/AC25CCD3-846B-4F61-A77E-0E8E0CEE965D-688x387.jpeg 688w\" sizes=\"auto, (max-width: 700px) 100vw, 700px\" \/><\/p>\n<p>crec que aqu\u00ed\u00a0 el f\u00e8lix va confondre l&#8217;uli amb el bruno (que \u00faltimament no vol sortir de casa).\u00a0<\/p>\n<p><img loading=\"lazy\" decoding=\"async\" class=\"aligncenter size-large wp-image-18020\" src=\"http:\/\/www.traba.org\/trabablog\/wp-content\/uploads\/2020\/06\/2C3FAB69-1AA4-48BC-B4AD-84AF78220A35-1024x576.jpeg\" alt=\"\" width=\"700\" height=\"394\" srcset=\"http:\/\/traba.org\/trabablog\/wp-content\/uploads\/2020\/06\/2C3FAB69-1AA4-48BC-B4AD-84AF78220A35-1024x576.jpeg 1024w, http:\/\/traba.org\/trabablog\/wp-content\/uploads\/2020\/06\/2C3FAB69-1AA4-48BC-B4AD-84AF78220A35-300x169.jpeg 300w, http:\/\/traba.org\/trabablog\/wp-content\/uploads\/2020\/06\/2C3FAB69-1AA4-48BC-B4AD-84AF78220A35-768x432.jpeg 768w, http:\/\/traba.org\/trabablog\/wp-content\/uploads\/2020\/06\/2C3FAB69-1AA4-48BC-B4AD-84AF78220A35-460x259.jpeg 460w, http:\/\/traba.org\/trabablog\/wp-content\/uploads\/2020\/06\/2C3FAB69-1AA4-48BC-B4AD-84AF78220A35-688x387.jpeg 688w\" sizes=\"auto, (max-width: 700px) 100vw, 700px\" \/><\/p>\n<p>cadasc\u00fa a lo seu.<\/p>\n<p><img loading=\"lazy\" decoding=\"async\" class=\"aligncenter size-large wp-image-18021\" src=\"http:\/\/www.traba.org\/trabablog\/wp-content\/uploads\/2020\/06\/280ACB72-BF17-4BFC-81F2-727CC258EB1F-1024x576.jpeg\" alt=\"\" width=\"700\" height=\"394\" srcset=\"http:\/\/traba.org\/trabablog\/wp-content\/uploads\/2020\/06\/280ACB72-BF17-4BFC-81F2-727CC258EB1F-1024x576.jpeg 1024w, http:\/\/traba.org\/trabablog\/wp-content\/uploads\/2020\/06\/280ACB72-BF17-4BFC-81F2-727CC258EB1F-300x169.jpeg 300w, http:\/\/traba.org\/trabablog\/wp-content\/uploads\/2020\/06\/280ACB72-BF17-4BFC-81F2-727CC258EB1F-768x432.jpeg 768w, http:\/\/traba.org\/trabablog\/wp-content\/uploads\/2020\/06\/280ACB72-BF17-4BFC-81F2-727CC258EB1F-460x259.jpeg 460w, http:\/\/traba.org\/trabablog\/wp-content\/uploads\/2020\/06\/280ACB72-BF17-4BFC-81F2-727CC258EB1F-688x387.jpeg 688w\" sizes=\"auto, (max-width: 700px) 100vw, 700px\" \/><\/p>\n<p>inventos f\u00e8lix.<\/p>\n<p><img loading=\"lazy\" decoding=\"async\" class=\"aligncenter wp-image-18022 size-large\" src=\"http:\/\/www.traba.org\/trabablog\/wp-content\/uploads\/2020\/06\/6CC1ECBA-6519-46A9-B664-CA308E9D5408-e1591106327837-768x1024.jpeg\" alt=\"\" width=\"700\" height=\"933\" srcset=\"http:\/\/traba.org\/trabablog\/wp-content\/uploads\/2020\/06\/6CC1ECBA-6519-46A9-B664-CA308E9D5408-e1591106327837-768x1024.jpeg 768w, http:\/\/traba.org\/trabablog\/wp-content\/uploads\/2020\/06\/6CC1ECBA-6519-46A9-B664-CA308E9D5408-e1591106327837-225x300.jpeg 225w, http:\/\/traba.org\/trabablog\/wp-content\/uploads\/2020\/06\/6CC1ECBA-6519-46A9-B664-CA308E9D5408-e1591106327837-261x348.jpeg 261w, http:\/\/traba.org\/trabablog\/wp-content\/uploads\/2020\/06\/6CC1ECBA-6519-46A9-B664-CA308E9D5408-e1591106327837-688x917.jpeg 688w\" sizes=\"auto, (max-width: 700px) 100vw, 700px\" \/> <img loading=\"lazy\" decoding=\"async\" class=\"aligncenter wp-image-18023 size-large\" src=\"http:\/\/www.traba.org\/trabablog\/wp-content\/uploads\/2020\/06\/65956AB2-B9CE-4906-B60F-0F6A4B1E133A-e1591106345989-768x1024.jpeg\" alt=\"\" width=\"700\" height=\"933\" srcset=\"http:\/\/traba.org\/trabablog\/wp-content\/uploads\/2020\/06\/65956AB2-B9CE-4906-B60F-0F6A4B1E133A-e1591106345989-768x1024.jpeg 768w, http:\/\/traba.org\/trabablog\/wp-content\/uploads\/2020\/06\/65956AB2-B9CE-4906-B60F-0F6A4B1E133A-e1591106345989-225x300.jpeg 225w, http:\/\/traba.org\/trabablog\/wp-content\/uploads\/2020\/06\/65956AB2-B9CE-4906-B60F-0F6A4B1E133A-e1591106345989-261x348.jpeg 261w, http:\/\/traba.org\/trabablog\/wp-content\/uploads\/2020\/06\/65956AB2-B9CE-4906-B60F-0F6A4B1E133A-e1591106345989-688x917.jpeg 688w\" sizes=\"auto, (max-width: 700px) 100vw, 700px\" \/><\/p>\n<p>el Bruno amb la bicicleta nova, la vam comprar a <a href=\"https:\/\/www.elciclobcn.com\/es\/\">el ciclo<\/a>. encantat \ud83d\ude42 i a m\u00e9s la filla dels de la botiga anava amb el Bruno a la classe de la Carabassa!<\/p>\n<p><img loading=\"lazy\" decoding=\"async\" class=\"aligncenter wp-image-18024 size-large\" src=\"http:\/\/www.traba.org\/trabablog\/wp-content\/uploads\/2020\/06\/164C0FF7-73EF-480E-B227-6C5A605410E4-e1591106360684-768x1024.jpeg\" alt=\"\" width=\"700\" height=\"933\" srcset=\"http:\/\/traba.org\/trabablog\/wp-content\/uploads\/2020\/06\/164C0FF7-73EF-480E-B227-6C5A605410E4-e1591106360684-768x1024.jpeg 768w, http:\/\/traba.org\/trabablog\/wp-content\/uploads\/2020\/06\/164C0FF7-73EF-480E-B227-6C5A605410E4-e1591106360684-225x300.jpeg 225w, http:\/\/traba.org\/trabablog\/wp-content\/uploads\/2020\/06\/164C0FF7-73EF-480E-B227-6C5A605410E4-e1591106360684-261x348.jpeg 261w, http:\/\/traba.org\/trabablog\/wp-content\/uploads\/2020\/06\/164C0FF7-73EF-480E-B227-6C5A605410E4-e1591106360684-688x917.jpeg 688w\" sizes=\"auto, (max-width: 700px) 100vw, 700px\" \/><\/p>\n<p>tamb\u00e9 com a novetat es pot passejar per la platja.\u00a0<\/p>\n<p><img loading=\"lazy\" decoding=\"async\" class=\"aligncenter size-large wp-image-18025\" src=\"http:\/\/www.traba.org\/trabablog\/wp-content\/uploads\/2020\/06\/7F293CBA-DE5A-4180-BE86-DD8E8C8D2C4E-1024x576.jpeg\" alt=\"\" width=\"700\" height=\"394\" srcset=\"http:\/\/traba.org\/trabablog\/wp-content\/uploads\/2020\/06\/7F293CBA-DE5A-4180-BE86-DD8E8C8D2C4E-1024x576.jpeg 1024w, http:\/\/traba.org\/trabablog\/wp-content\/uploads\/2020\/06\/7F293CBA-DE5A-4180-BE86-DD8E8C8D2C4E-300x169.jpeg 300w, http:\/\/traba.org\/trabablog\/wp-content\/uploads\/2020\/06\/7F293CBA-DE5A-4180-BE86-DD8E8C8D2C4E-768x432.jpeg 768w, http:\/\/traba.org\/trabablog\/wp-content\/uploads\/2020\/06\/7F293CBA-DE5A-4180-BE86-DD8E8C8D2C4E-460x259.jpeg 460w, http:\/\/traba.org\/trabablog\/wp-content\/uploads\/2020\/06\/7F293CBA-DE5A-4180-BE86-DD8E8C8D2C4E-688x387.jpeg 688w\" sizes=\"auto, (max-width: 700px) 100vw, 700px\" \/> <img loading=\"lazy\" decoding=\"async\" class=\"aligncenter size-large wp-image-18026\" src=\"http:\/\/www.traba.org\/trabablog\/wp-content\/uploads\/2020\/06\/311115B8-2AED-46B8-97DF-C68B87F44082-1024x576.jpeg\" alt=\"\" width=\"700\" height=\"394\" srcset=\"http:\/\/traba.org\/trabablog\/wp-content\/uploads\/2020\/06\/311115B8-2AED-46B8-97DF-C68B87F44082-1024x576.jpeg 1024w, http:\/\/traba.org\/trabablog\/wp-content\/uploads\/2020\/06\/311115B8-2AED-46B8-97DF-C68B87F44082-300x169.jpeg 300w, http:\/\/traba.org\/trabablog\/wp-content\/uploads\/2020\/06\/311115B8-2AED-46B8-97DF-C68B87F44082-768x432.jpeg 768w, http:\/\/traba.org\/trabablog\/wp-content\/uploads\/2020\/06\/311115B8-2AED-46B8-97DF-C68B87F44082-460x259.jpeg 460w, http:\/\/traba.org\/trabablog\/wp-content\/uploads\/2020\/06\/311115B8-2AED-46B8-97DF-C68B87F44082-688x387.jpeg 688w\" sizes=\"auto, (max-width: 700px) 100vw, 700px\" \/> <img loading=\"lazy\" decoding=\"async\" class=\"aligncenter size-large wp-image-18027\" src=\"http:\/\/www.traba.org\/trabablog\/wp-content\/uploads\/2020\/06\/32EB7777-2CA7-4B7B-9D89-1C39ACBF1F78-1024x576.jpeg\" alt=\"\" width=\"700\" height=\"394\" srcset=\"http:\/\/traba.org\/trabablog\/wp-content\/uploads\/2020\/06\/32EB7777-2CA7-4B7B-9D89-1C39ACBF1F78-1024x576.jpeg 1024w, http:\/\/traba.org\/trabablog\/wp-content\/uploads\/2020\/06\/32EB7777-2CA7-4B7B-9D89-1C39ACBF1F78-300x169.jpeg 300w, http:\/\/traba.org\/trabablog\/wp-content\/uploads\/2020\/06\/32EB7777-2CA7-4B7B-9D89-1C39ACBF1F78-768x432.jpeg 768w, http:\/\/traba.org\/trabablog\/wp-content\/uploads\/2020\/06\/32EB7777-2CA7-4B7B-9D89-1C39ACBF1F78-460x259.jpeg 460w, http:\/\/traba.org\/trabablog\/wp-content\/uploads\/2020\/06\/32EB7777-2CA7-4B7B-9D89-1C39ACBF1F78-688x387.jpeg 688w\" sizes=\"auto, (max-width: 700px) 100vw, 700px\" \/><\/p>\n<p>que no nedar, per\u00f2 no van dir res per mullar-se els peus.\u00a0<\/p>\n<p><img loading=\"lazy\" decoding=\"async\" class=\"aligncenter size-large wp-image-18028\" src=\"http:\/\/www.traba.org\/trabablog\/wp-content\/uploads\/2020\/06\/EF6176D4-8CFA-462C-8537-C51B97FD3AC9-1024x576.jpeg\" alt=\"\" width=\"700\" height=\"394\" srcset=\"http:\/\/traba.org\/trabablog\/wp-content\/uploads\/2020\/06\/EF6176D4-8CFA-462C-8537-C51B97FD3AC9-1024x576.jpeg 1024w, http:\/\/traba.org\/trabablog\/wp-content\/uploads\/2020\/06\/EF6176D4-8CFA-462C-8537-C51B97FD3AC9-300x169.jpeg 300w, http:\/\/traba.org\/trabablog\/wp-content\/uploads\/2020\/06\/EF6176D4-8CFA-462C-8537-C51B97FD3AC9-768x432.jpeg 768w, http:\/\/traba.org\/trabablog\/wp-content\/uploads\/2020\/06\/EF6176D4-8CFA-462C-8537-C51B97FD3AC9-460x259.jpeg 460w, http:\/\/traba.org\/trabablog\/wp-content\/uploads\/2020\/06\/EF6176D4-8CFA-462C-8537-C51B97FD3AC9-688x387.jpeg 688w\" sizes=\"auto, (max-width: 700px) 100vw, 700px\" \/> <img loading=\"lazy\" decoding=\"async\" class=\"aligncenter size-large wp-image-18029\" src=\"http:\/\/www.traba.org\/trabablog\/wp-content\/uploads\/2020\/06\/31F86F3A-ADDC-4C32-A782-0D6E16F8AFD5-1024x576.jpeg\" alt=\"\" width=\"700\" height=\"394\" srcset=\"http:\/\/traba.org\/trabablog\/wp-content\/uploads\/2020\/06\/31F86F3A-ADDC-4C32-A782-0D6E16F8AFD5-1024x576.jpeg 1024w, http:\/\/traba.org\/trabablog\/wp-content\/uploads\/2020\/06\/31F86F3A-ADDC-4C32-A782-0D6E16F8AFD5-300x169.jpeg 300w, http:\/\/traba.org\/trabablog\/wp-content\/uploads\/2020\/06\/31F86F3A-ADDC-4C32-A782-0D6E16F8AFD5-768x432.jpeg 768w, http:\/\/traba.org\/trabablog\/wp-content\/uploads\/2020\/06\/31F86F3A-ADDC-4C32-A782-0D6E16F8AFD5-460x259.jpeg 460w, http:\/\/traba.org\/trabablog\/wp-content\/uploads\/2020\/06\/31F86F3A-ADDC-4C32-A782-0D6E16F8AFD5-688x387.jpeg 688w\" sizes=\"auto, (max-width: 700px) 100vw, 700px\" \/> <img loading=\"lazy\" decoding=\"async\" class=\"aligncenter wp-image-18030 size-large\" src=\"http:\/\/www.traba.org\/trabablog\/wp-content\/uploads\/2020\/06\/238D9EDF-5E19-4803-9170-0D69324691A6-e1591106377742-576x1024.jpeg\" alt=\"\" width=\"576\" height=\"1024\" srcset=\"http:\/\/traba.org\/trabablog\/wp-content\/uploads\/2020\/06\/238D9EDF-5E19-4803-9170-0D69324691A6-e1591106377742-576x1024.jpeg 576w, http:\/\/traba.org\/trabablog\/wp-content\/uploads\/2020\/06\/238D9EDF-5E19-4803-9170-0D69324691A6-e1591106377742-169x300.jpeg 169w, http:\/\/traba.org\/trabablog\/wp-content\/uploads\/2020\/06\/238D9EDF-5E19-4803-9170-0D69324691A6-e1591106377742-768x1365.jpeg 768w, http:\/\/traba.org\/trabablog\/wp-content\/uploads\/2020\/06\/238D9EDF-5E19-4803-9170-0D69324691A6-e1591106377742-196x348.jpeg 196w, http:\/\/traba.org\/trabablog\/wp-content\/uploads\/2020\/06\/238D9EDF-5E19-4803-9170-0D69324691A6-e1591106377742-688x1223.jpeg 688w\" sizes=\"auto, (max-width: 576px) 100vw, 576px\" \/> <img loading=\"lazy\" decoding=\"async\" class=\"aligncenter wp-image-18031 size-large\" src=\"http:\/\/www.traba.org\/trabablog\/wp-content\/uploads\/2020\/06\/610AEEB9-F2A7-4357-A05A-D2C01A2BA58B-e1591106414589-576x1024.jpeg\" alt=\"\" width=\"576\" height=\"1024\" srcset=\"http:\/\/traba.org\/trabablog\/wp-content\/uploads\/2020\/06\/610AEEB9-F2A7-4357-A05A-D2C01A2BA58B-e1591106414589-576x1024.jpeg 576w, http:\/\/traba.org\/trabablog\/wp-content\/uploads\/2020\/06\/610AEEB9-F2A7-4357-A05A-D2C01A2BA58B-e1591106414589-169x300.jpeg 169w, http:\/\/traba.org\/trabablog\/wp-content\/uploads\/2020\/06\/610AEEB9-F2A7-4357-A05A-D2C01A2BA58B-e1591106414589-768x1365.jpeg 768w, http:\/\/traba.org\/trabablog\/wp-content\/uploads\/2020\/06\/610AEEB9-F2A7-4357-A05A-D2C01A2BA58B-e1591106414589-196x348.jpeg 196w, http:\/\/traba.org\/trabablog\/wp-content\/uploads\/2020\/06\/610AEEB9-F2A7-4357-A05A-D2C01A2BA58B-e1591106414589-688x1223.jpeg 688w\" sizes=\"auto, (max-width: 576px) 100vw, 576px\" \/><\/p>\n<p>trobada casual amb els amics mentre els altres pares ten\u00eden reuni\u00f3 de l&#8217;AFA.<\/p>\n<p><img loading=\"lazy\" decoding=\"async\" class=\"aligncenter size-large wp-image-18032\" src=\"http:\/\/www.traba.org\/trabablog\/wp-content\/uploads\/2020\/06\/77BAF3C8-C5B5-43EA-B7CE-90C7CE251CFD-1024x576.jpeg\" alt=\"\" width=\"700\" height=\"394\" srcset=\"http:\/\/traba.org\/trabablog\/wp-content\/uploads\/2020\/06\/77BAF3C8-C5B5-43EA-B7CE-90C7CE251CFD-1024x576.jpeg 1024w, http:\/\/traba.org\/trabablog\/wp-content\/uploads\/2020\/06\/77BAF3C8-C5B5-43EA-B7CE-90C7CE251CFD-300x169.jpeg 300w, http:\/\/traba.org\/trabablog\/wp-content\/uploads\/2020\/06\/77BAF3C8-C5B5-43EA-B7CE-90C7CE251CFD-768x432.jpeg 768w, http:\/\/traba.org\/trabablog\/wp-content\/uploads\/2020\/06\/77BAF3C8-C5B5-43EA-B7CE-90C7CE251CFD-460x259.jpeg 460w, http:\/\/traba.org\/trabablog\/wp-content\/uploads\/2020\/06\/77BAF3C8-C5B5-43EA-B7CE-90C7CE251CFD-688x387.jpeg 688w\" sizes=\"auto, (max-width: 700px) 100vw, 700px\" \/><\/p>\n<p>i com que divendres va ser festa de l&#8217;escola, la lola es va quedar a dormir a urquinaona.\u00a0<\/p>\n<p><img loading=\"lazy\" decoding=\"async\" class=\"aligncenter size-large wp-image-18033\" src=\"http:\/\/www.traba.org\/trabablog\/wp-content\/uploads\/2020\/06\/ACBD1EDE-71BC-44F6-9739-72300812C0C0-1024x576.jpeg\" alt=\"\" width=\"700\" height=\"394\" srcset=\"http:\/\/traba.org\/trabablog\/wp-content\/uploads\/2020\/06\/ACBD1EDE-71BC-44F6-9739-72300812C0C0-1024x576.jpeg 1024w, http:\/\/traba.org\/trabablog\/wp-content\/uploads\/2020\/06\/ACBD1EDE-71BC-44F6-9739-72300812C0C0-300x169.jpeg 300w, http:\/\/traba.org\/trabablog\/wp-content\/uploads\/2020\/06\/ACBD1EDE-71BC-44F6-9739-72300812C0C0-768x432.jpeg 768w, http:\/\/traba.org\/trabablog\/wp-content\/uploads\/2020\/06\/ACBD1EDE-71BC-44F6-9739-72300812C0C0-460x259.jpeg 460w, http:\/\/traba.org\/trabablog\/wp-content\/uploads\/2020\/06\/ACBD1EDE-71BC-44F6-9739-72300812C0C0-688x387.jpeg 688w\" sizes=\"auto, (max-width: 700px) 100vw, 700px\" \/><\/p>\n<p>qui \u00e9s el de la foto?<\/p>\n<p><img loading=\"lazy\" decoding=\"async\" class=\"aligncenter wp-image-18034 size-large\" src=\"http:\/\/www.traba.org\/trabablog\/wp-content\/uploads\/2020\/06\/5660C470-2B14-4660-9D3E-FD430F68AE75-e1591106431964-576x1024.jpeg\" alt=\"\" width=\"576\" height=\"1024\" srcset=\"http:\/\/traba.org\/trabablog\/wp-content\/uploads\/2020\/06\/5660C470-2B14-4660-9D3E-FD430F68AE75-e1591106431964-576x1024.jpeg 576w, http:\/\/traba.org\/trabablog\/wp-content\/uploads\/2020\/06\/5660C470-2B14-4660-9D3E-FD430F68AE75-e1591106431964-169x300.jpeg 169w, http:\/\/traba.org\/trabablog\/wp-content\/uploads\/2020\/06\/5660C470-2B14-4660-9D3E-FD430F68AE75-e1591106431964-768x1365.jpeg 768w, http:\/\/traba.org\/trabablog\/wp-content\/uploads\/2020\/06\/5660C470-2B14-4660-9D3E-FD430F68AE75-e1591106431964-196x348.jpeg 196w, http:\/\/traba.org\/trabablog\/wp-content\/uploads\/2020\/06\/5660C470-2B14-4660-9D3E-FD430F68AE75-e1591106431964-688x1223.jpeg 688w\" sizes=\"auto, (max-width: 576px) 100vw, 576px\" \/><\/p>\n<p>i el bruno i jo, d&#8217;excursi\u00f3 en bicicleta.\u00a0<\/p>\n<p><img loading=\"lazy\" decoding=\"async\" class=\"aligncenter size-large wp-image-18035\" src=\"http:\/\/www.traba.org\/trabablog\/wp-content\/uploads\/2020\/06\/E036F0B3-2A39-4EE6-B322-EDA004BA607C-1024x576.jpeg\" alt=\"\" width=\"700\" height=\"394\" srcset=\"http:\/\/traba.org\/trabablog\/wp-content\/uploads\/2020\/06\/E036F0B3-2A39-4EE6-B322-EDA004BA607C-1024x576.jpeg 1024w, http:\/\/traba.org\/trabablog\/wp-content\/uploads\/2020\/06\/E036F0B3-2A39-4EE6-B322-EDA004BA607C-300x169.jpeg 300w, http:\/\/traba.org\/trabablog\/wp-content\/uploads\/2020\/06\/E036F0B3-2A39-4EE6-B322-EDA004BA607C-768x432.jpeg 768w, http:\/\/traba.org\/trabablog\/wp-content\/uploads\/2020\/06\/E036F0B3-2A39-4EE6-B322-EDA004BA607C-460x259.jpeg 460w, http:\/\/traba.org\/trabablog\/wp-content\/uploads\/2020\/06\/E036F0B3-2A39-4EE6-B322-EDA004BA607C-688x387.jpeg 688w\" sizes=\"auto, (max-width: 700px) 100vw, 700px\" \/><\/p>\n<p>el francesc tornant d&#8217;urquinaona. encara sobta no veure ni un turista.<\/p>\n<p><img loading=\"lazy\" decoding=\"async\" class=\"aligncenter size-large wp-image-18036\" src=\"http:\/\/www.traba.org\/trabablog\/wp-content\/uploads\/2020\/06\/B37E70DC-E646-47FC-9D2C-0000FDB90AE0-1024x576.jpeg\" alt=\"\" width=\"700\" height=\"394\" srcset=\"http:\/\/traba.org\/trabablog\/wp-content\/uploads\/2020\/06\/B37E70DC-E646-47FC-9D2C-0000FDB90AE0-1024x576.jpeg 1024w, http:\/\/traba.org\/trabablog\/wp-content\/uploads\/2020\/06\/B37E70DC-E646-47FC-9D2C-0000FDB90AE0-300x169.jpeg 300w, http:\/\/traba.org\/trabablog\/wp-content\/uploads\/2020\/06\/B37E70DC-E646-47FC-9D2C-0000FDB90AE0-768x432.jpeg 768w, http:\/\/traba.org\/trabablog\/wp-content\/uploads\/2020\/06\/B37E70DC-E646-47FC-9D2C-0000FDB90AE0-460x259.jpeg 460w, http:\/\/traba.org\/trabablog\/wp-content\/uploads\/2020\/06\/B37E70DC-E646-47FC-9D2C-0000FDB90AE0-688x387.jpeg 688w\" sizes=\"auto, (max-width: 700px) 100vw, 700px\" \/><\/p>\n<p>segons les \u00faltimes informacions sembla que aix\u00f2 \u00e9s l&#8217;ampliaci\u00f3 de cera de via laietana, tot i que jo ho vaig fer servir un dia de carril bici&#8230;<\/p>\n<p><img loading=\"lazy\" decoding=\"async\" class=\"aligncenter wp-image-18037 size-large\" src=\"http:\/\/www.traba.org\/trabablog\/wp-content\/uploads\/2020\/06\/0D55DB5D-FCC0-4238-811B-2EADEB149518-e1591106447331-576x1024.jpeg\" alt=\"\" width=\"576\" height=\"1024\" srcset=\"http:\/\/traba.org\/trabablog\/wp-content\/uploads\/2020\/06\/0D55DB5D-FCC0-4238-811B-2EADEB149518-e1591106447331-576x1024.jpeg 576w, http:\/\/traba.org\/trabablog\/wp-content\/uploads\/2020\/06\/0D55DB5D-FCC0-4238-811B-2EADEB149518-e1591106447331-169x300.jpeg 169w, http:\/\/traba.org\/trabablog\/wp-content\/uploads\/2020\/06\/0D55DB5D-FCC0-4238-811B-2EADEB149518-e1591106447331-768x1365.jpeg 768w, http:\/\/traba.org\/trabablog\/wp-content\/uploads\/2020\/06\/0D55DB5D-FCC0-4238-811B-2EADEB149518-e1591106447331-196x348.jpeg 196w, http:\/\/traba.org\/trabablog\/wp-content\/uploads\/2020\/06\/0D55DB5D-FCC0-4238-811B-2EADEB149518-e1591106447331-688x1223.jpeg 688w\" sizes=\"auto, (max-width: 576px) 100vw, 576px\" \/> <a href=\"http:\/\/www.traba.org\/trabablog\/wp-content\/uploads\/2020\/06\/B858C1B0-7DA3-4A03-85BF-7EFBEA75FCD4.mov\">un truc de m\u00e0gia del Bruno<\/a><\/p>\n<p>un dels racons preferits de tots els nens de la casa.\u00a0<\/p>\n<p><img loading=\"lazy\" decoding=\"async\" class=\"aligncenter size-large wp-image-18039\" src=\"http:\/\/www.traba.org\/trabablog\/wp-content\/uploads\/2020\/06\/8A89DAD8-3721-4E2C-B018-415B89F8E37E-1024x768.jpeg\" alt=\"\" width=\"700\" height=\"525\" srcset=\"http:\/\/traba.org\/trabablog\/wp-content\/uploads\/2020\/06\/8A89DAD8-3721-4E2C-B018-415B89F8E37E-1024x768.jpeg 1024w, http:\/\/traba.org\/trabablog\/wp-content\/uploads\/2020\/06\/8A89DAD8-3721-4E2C-B018-415B89F8E37E-300x225.jpeg 300w, http:\/\/traba.org\/trabablog\/wp-content\/uploads\/2020\/06\/8A89DAD8-3721-4E2C-B018-415B89F8E37E-768x576.jpeg 768w, http:\/\/traba.org\/trabablog\/wp-content\/uploads\/2020\/06\/8A89DAD8-3721-4E2C-B018-415B89F8E37E-460x345.jpeg 460w, http:\/\/traba.org\/trabablog\/wp-content\/uploads\/2020\/06\/8A89DAD8-3721-4E2C-B018-415B89F8E37E-688x516.jpeg 688w, http:\/\/traba.org\/trabablog\/wp-content\/uploads\/2020\/06\/8A89DAD8-3721-4E2C-B018-415B89F8E37E.jpeg 1600w\" sizes=\"auto, (max-width: 700px) 100vw, 700px\" \/><\/p>\n<p>foto del sol del Bruno. d&#8217;ara en endavant, les fotos amb * s\u00f3n del Bruno<\/p>\n<p><img loading=\"lazy\" decoding=\"async\" class=\"aligncenter wp-image-18040 size-large\" src=\"http:\/\/www.traba.org\/trabablog\/wp-content\/uploads\/2020\/06\/67B188D2-A561-4DE0-974E-2B6757111D8C-e1591106572381-768x1024.jpeg\" alt=\"\" width=\"700\" height=\"933\" srcset=\"http:\/\/traba.org\/trabablog\/wp-content\/uploads\/2020\/06\/67B188D2-A561-4DE0-974E-2B6757111D8C-e1591106572381-768x1024.jpeg 768w, http:\/\/traba.org\/trabablog\/wp-content\/uploads\/2020\/06\/67B188D2-A561-4DE0-974E-2B6757111D8C-e1591106572381-225x300.jpeg 225w, http:\/\/traba.org\/trabablog\/wp-content\/uploads\/2020\/06\/67B188D2-A561-4DE0-974E-2B6757111D8C-e1591106572381-261x348.jpeg 261w, http:\/\/traba.org\/trabablog\/wp-content\/uploads\/2020\/06\/67B188D2-A561-4DE0-974E-2B6757111D8C-e1591106572381-688x917.jpeg 688w, http:\/\/traba.org\/trabablog\/wp-content\/uploads\/2020\/06\/67B188D2-A561-4DE0-974E-2B6757111D8C-e1591106572381.jpeg 1200w\" sizes=\"auto, (max-width: 700px) 100vw, 700px\" \/><\/p>\n<p>*les plantes que ens van regalara al mercat de l&#8217;ajuntament. la lila se&#8217;ns va morir. la vermella ha sobreviscut al transplant.<\/p>\n<p><img loading=\"lazy\" decoding=\"async\" class=\"aligncenter size-large wp-image-18041\" src=\"http:\/\/www.traba.org\/trabablog\/wp-content\/uploads\/2020\/06\/A31063C6-EF7F-4F96-ACDA-C41E2D866C86-1024x768.jpeg\" alt=\"\" width=\"700\" height=\"525\" srcset=\"http:\/\/traba.org\/trabablog\/wp-content\/uploads\/2020\/06\/A31063C6-EF7F-4F96-ACDA-C41E2D866C86-1024x768.jpeg 1024w, http:\/\/traba.org\/trabablog\/wp-content\/uploads\/2020\/06\/A31063C6-EF7F-4F96-ACDA-C41E2D866C86-300x225.jpeg 300w, http:\/\/traba.org\/trabablog\/wp-content\/uploads\/2020\/06\/A31063C6-EF7F-4F96-ACDA-C41E2D866C86-768x576.jpeg 768w, http:\/\/traba.org\/trabablog\/wp-content\/uploads\/2020\/06\/A31063C6-EF7F-4F96-ACDA-C41E2D866C86-460x345.jpeg 460w, http:\/\/traba.org\/trabablog\/wp-content\/uploads\/2020\/06\/A31063C6-EF7F-4F96-ACDA-C41E2D866C86-688x516.jpeg 688w, http:\/\/traba.org\/trabablog\/wp-content\/uploads\/2020\/06\/A31063C6-EF7F-4F96-ACDA-C41E2D866C86.jpeg 1600w\" sizes=\"auto, (max-width: 700px) 100vw, 700px\" \/><\/p>\n<p>*una altra tarda a la pla\u00e7a reial.<\/p>\n<p><img loading=\"lazy\" decoding=\"async\" class=\"aligncenter size-large wp-image-18042\" src=\"http:\/\/www.traba.org\/trabablog\/wp-content\/uploads\/2020\/06\/20185DD3-53E2-4761-974A-DA8519600DAB-1024x768.jpeg\" alt=\"\" width=\"700\" height=\"525\" srcset=\"http:\/\/traba.org\/trabablog\/wp-content\/uploads\/2020\/06\/20185DD3-53E2-4761-974A-DA8519600DAB-1024x768.jpeg 1024w, http:\/\/traba.org\/trabablog\/wp-content\/uploads\/2020\/06\/20185DD3-53E2-4761-974A-DA8519600DAB-300x225.jpeg 300w, http:\/\/traba.org\/trabablog\/wp-content\/uploads\/2020\/06\/20185DD3-53E2-4761-974A-DA8519600DAB-768x576.jpeg 768w, http:\/\/traba.org\/trabablog\/wp-content\/uploads\/2020\/06\/20185DD3-53E2-4761-974A-DA8519600DAB-460x345.jpeg 460w, http:\/\/traba.org\/trabablog\/wp-content\/uploads\/2020\/06\/20185DD3-53E2-4761-974A-DA8519600DAB-688x516.jpeg 688w, http:\/\/traba.org\/trabablog\/wp-content\/uploads\/2020\/06\/20185DD3-53E2-4761-974A-DA8519600DAB.jpeg 1600w\" sizes=\"auto, (max-width: 700px) 100vw, 700px\" \/><\/p>\n<p>*selfie a la terrassa de l&#8217;Oca\u00f1a. millor que el Canarias.\u00a0<\/p>\n<p><img loading=\"lazy\" decoding=\"async\" class=\"aligncenter size-large wp-image-18043\" src=\"http:\/\/www.traba.org\/trabablog\/wp-content\/uploads\/2020\/06\/3C2C573A-5152-4D9D-AF08-ED9938243E8B-1024x768.jpeg\" alt=\"\" width=\"700\" height=\"525\" srcset=\"http:\/\/traba.org\/trabablog\/wp-content\/uploads\/2020\/06\/3C2C573A-5152-4D9D-AF08-ED9938243E8B-1024x768.jpeg 1024w, http:\/\/traba.org\/trabablog\/wp-content\/uploads\/2020\/06\/3C2C573A-5152-4D9D-AF08-ED9938243E8B-300x225.jpeg 300w, http:\/\/traba.org\/trabablog\/wp-content\/uploads\/2020\/06\/3C2C573A-5152-4D9D-AF08-ED9938243E8B-768x576.jpeg 768w, http:\/\/traba.org\/trabablog\/wp-content\/uploads\/2020\/06\/3C2C573A-5152-4D9D-AF08-ED9938243E8B-460x345.jpeg 460w, http:\/\/traba.org\/trabablog\/wp-content\/uploads\/2020\/06\/3C2C573A-5152-4D9D-AF08-ED9938243E8B-688x516.jpeg 688w, http:\/\/traba.org\/trabablog\/wp-content\/uploads\/2020\/06\/3C2C573A-5152-4D9D-AF08-ED9938243E8B.jpeg 1600w\" sizes=\"auto, (max-width: 700px) 100vw, 700px\" \/><\/p>\n<p>*el F\u00e8lix mirant el m\u00f2bil&#8230; al terra&#8230;<\/p>\n<p><img loading=\"lazy\" decoding=\"async\" class=\"aligncenter size-large wp-image-18044\" src=\"http:\/\/www.traba.org\/trabablog\/wp-content\/uploads\/2020\/06\/088CF6EE-A7F5-4C22-91BF-355A85FA3244-1024x768.jpeg\" alt=\"\" width=\"700\" height=\"525\" srcset=\"http:\/\/traba.org\/trabablog\/wp-content\/uploads\/2020\/06\/088CF6EE-A7F5-4C22-91BF-355A85FA3244-1024x768.jpeg 1024w, http:\/\/traba.org\/trabablog\/wp-content\/uploads\/2020\/06\/088CF6EE-A7F5-4C22-91BF-355A85FA3244-300x225.jpeg 300w, http:\/\/traba.org\/trabablog\/wp-content\/uploads\/2020\/06\/088CF6EE-A7F5-4C22-91BF-355A85FA3244-768x576.jpeg 768w, http:\/\/traba.org\/trabablog\/wp-content\/uploads\/2020\/06\/088CF6EE-A7F5-4C22-91BF-355A85FA3244-460x345.jpeg 460w, http:\/\/traba.org\/trabablog\/wp-content\/uploads\/2020\/06\/088CF6EE-A7F5-4C22-91BF-355A85FA3244-688x516.jpeg 688w, http:\/\/traba.org\/trabablog\/wp-content\/uploads\/2020\/06\/088CF6EE-A7F5-4C22-91BF-355A85FA3244.jpeg 1600w\" sizes=\"auto, (max-width: 700px) 100vw, 700px\" \/><\/p>\n<p>*la Lena.<\/p>\n<p><img loading=\"lazy\" decoding=\"async\" class=\"aligncenter size-large wp-image-18045\" src=\"http:\/\/www.traba.org\/trabablog\/wp-content\/uploads\/2020\/06\/BE76AF10-45DF-4CA8-AFA6-A17BDFD2B2BE-1024x768.jpeg\" alt=\"\" width=\"700\" height=\"525\" srcset=\"http:\/\/traba.org\/trabablog\/wp-content\/uploads\/2020\/06\/BE76AF10-45DF-4CA8-AFA6-A17BDFD2B2BE-1024x768.jpeg 1024w, http:\/\/traba.org\/trabablog\/wp-content\/uploads\/2020\/06\/BE76AF10-45DF-4CA8-AFA6-A17BDFD2B2BE-300x225.jpeg 300w, http:\/\/traba.org\/trabablog\/wp-content\/uploads\/2020\/06\/BE76AF10-45DF-4CA8-AFA6-A17BDFD2B2BE-768x576.jpeg 768w, http:\/\/traba.org\/trabablog\/wp-content\/uploads\/2020\/06\/BE76AF10-45DF-4CA8-AFA6-A17BDFD2B2BE-460x345.jpeg 460w, http:\/\/traba.org\/trabablog\/wp-content\/uploads\/2020\/06\/BE76AF10-45DF-4CA8-AFA6-A17BDFD2B2BE-688x516.jpeg 688w, http:\/\/traba.org\/trabablog\/wp-content\/uploads\/2020\/06\/BE76AF10-45DF-4CA8-AFA6-A17BDFD2B2BE.jpeg 1600w\" sizes=\"auto, (max-width: 700px) 100vw, 700px\" \/><\/p>\n\n\n<p><\/p>\n","protected":false},"excerpt":{"rendered":"<p>menjant crispetes&#8230; i patint, que \u00e9s sabut que les crispetes no es poden menjar fins els 3 anys. per\u00f2 bueno, ara ja \u00e9s tot un pro de les crispetes. el&#8230;<\/p>\n","protected":false},"author":5,"featured_media":18025,"comment_status":"open","ping_status":"open","sticky":false,"template":"","format":"standard","meta":{"_monsterinsights_skip_tracking":false,"_monsterinsights_sitenote_active":false,"_monsterinsights_sitenote_note":"","_monsterinsights_sitenote_category":0,"footnotes":""},"categories":[28],"tags":[],"class_list":["post-18014","post","type-post","status-publish","format-standard","has-post-thumbnail","hentry","category-ordinary-days"],"_links":{"self":[{"href":"http:\/\/traba.org\/trabablog\/index.php?rest_route=\/wp\/v2\/posts\/18014","targetHints":{"allow":["GET"]}}],"collection":[{"href":"http:\/\/traba.org\/trabablog\/index.php?rest_route=\/wp\/v2\/posts"}],"about":[{"href":"http:\/\/traba.org\/trabablog\/index.php?rest_route=\/wp\/v2\/types\/post"}],"author":[{"embeddable":true,"href":"http:\/\/traba.org\/trabablog\/index.php?rest_route=\/wp\/v2\/users\/5"}],"replies":[{"embeddable":true,"href":"http:\/\/traba.org\/trabablog\/index.php?rest_route=%2Fwp%2Fv2%2Fcomments&post=18014"}],"version-history":[{"count":1,"href":"http:\/\/traba.org\/trabablog\/index.php?rest_route=\/wp\/v2\/posts\/18014\/revisions"}],"predecessor-version":[{"id":18046,"href":"http:\/\/traba.org\/trabablog\/index.php?rest_route=\/wp\/v2\/posts\/18014\/revisions\/18046"}],"wp:featuredmedia":[{"embeddable":true,"href":"http:\/\/traba.org\/trabablog\/index.php?rest_route=\/wp\/v2\/media\/18025"}],"wp:attachment":[{"href":"http:\/\/traba.org\/trabablog\/index.php?rest_route=%2Fwp%2Fv2%2Fmedia&parent=18014"}],"wp:term":[{"taxonomy":"category","embeddable":true,"href":"http:\/\/traba.org\/trabablog\/index.php?rest_route=%2Fwp%2Fv2%2Fcategories&post=18014"},{"taxonomy":"post_tag","embeddable":true,"href":"http:\/\/traba.org\/trabablog\/index.php?rest_route=%2Fwp%2Fv2%2Ftags&post=18014"}],"curies":[{"name":"wp","href":"https:\/\/api.w.org\/{rel}","templated":true}]}}