{"id":18065,"date":"2020-06-16T16:28:28","date_gmt":"2020-06-16T14:28:28","guid":{"rendered":"http:\/\/www.traba.org\/trabablog\/?p=18065"},"modified":"2020-06-16T16:28:28","modified_gmt":"2020-06-16T14:28:28","slug":"comencem-la-fase-2","status":"publish","type":"post","link":"http:\/\/traba.org\/trabablog\/?p=18065","title":{"rendered":"comencem la fase 2"},"content":{"rendered":"<p>dilluns 8 de juny. el bruno comen\u00e7a el cole, la lola no. a parvulari s\u00f3n 8. prim\u00e0ria no \u00e9s obligatori que obrin. per\u00f2 tenim sort, altres coles no han obert ni per parvulari.<\/p>\n<p><img loading=\"lazy\" decoding=\"async\" class=\"aligncenter size-large wp-image-18066\" src=\"http:\/\/www.traba.org\/trabablog\/wp-content\/uploads\/2020\/06\/E90C67CD-290F-44E9-8F0A-35DABD6556AD-1024x768.jpeg\" alt=\"\" width=\"700\" height=\"525\" srcset=\"http:\/\/traba.org\/trabablog\/wp-content\/uploads\/2020\/06\/E90C67CD-290F-44E9-8F0A-35DABD6556AD-1024x768.jpeg 1024w, http:\/\/traba.org\/trabablog\/wp-content\/uploads\/2020\/06\/E90C67CD-290F-44E9-8F0A-35DABD6556AD-300x225.jpeg 300w, http:\/\/traba.org\/trabablog\/wp-content\/uploads\/2020\/06\/E90C67CD-290F-44E9-8F0A-35DABD6556AD-768x576.jpeg 768w, http:\/\/traba.org\/trabablog\/wp-content\/uploads\/2020\/06\/E90C67CD-290F-44E9-8F0A-35DABD6556AD-460x345.jpeg 460w, http:\/\/traba.org\/trabablog\/wp-content\/uploads\/2020\/06\/E90C67CD-290F-44E9-8F0A-35DABD6556AD-688x516.jpeg 688w\" sizes=\"auto, (max-width: 700px) 100vw, 700px\" \/><\/p>\n<p>per la tarda a la pla\u00e7a reial.<\/p>\n<p><img loading=\"lazy\" decoding=\"async\" class=\"aligncenter size-large wp-image-18067\" src=\"http:\/\/www.traba.org\/trabablog\/wp-content\/uploads\/2020\/06\/1E05E744-1F5C-4E15-A90C-BDB133CB9356-1024x576.jpeg\" alt=\"\" width=\"700\" height=\"394\" srcset=\"http:\/\/traba.org\/trabablog\/wp-content\/uploads\/2020\/06\/1E05E744-1F5C-4E15-A90C-BDB133CB9356-1024x576.jpeg 1024w, http:\/\/traba.org\/trabablog\/wp-content\/uploads\/2020\/06\/1E05E744-1F5C-4E15-A90C-BDB133CB9356-300x169.jpeg 300w, http:\/\/traba.org\/trabablog\/wp-content\/uploads\/2020\/06\/1E05E744-1F5C-4E15-A90C-BDB133CB9356-768x432.jpeg 768w, http:\/\/traba.org\/trabablog\/wp-content\/uploads\/2020\/06\/1E05E744-1F5C-4E15-A90C-BDB133CB9356-460x259.jpeg 460w, http:\/\/traba.org\/trabablog\/wp-content\/uploads\/2020\/06\/1E05E744-1F5C-4E15-A90C-BDB133CB9356-688x387.jpeg 688w\" sizes=\"auto, (max-width: 700px) 100vw, 700px\" \/><\/p>\n<p><img loading=\"lazy\" decoding=\"async\" class=\"aligncenter size-large wp-image-18068\" src=\"http:\/\/www.traba.org\/trabablog\/wp-content\/uploads\/2020\/06\/29AA06BE-5979-4872-BCC2-27279326209A-1024x576.jpeg\" alt=\"\" width=\"700\" height=\"394\" srcset=\"http:\/\/traba.org\/trabablog\/wp-content\/uploads\/2020\/06\/29AA06BE-5979-4872-BCC2-27279326209A-1024x576.jpeg 1024w, http:\/\/traba.org\/trabablog\/wp-content\/uploads\/2020\/06\/29AA06BE-5979-4872-BCC2-27279326209A-300x169.jpeg 300w, http:\/\/traba.org\/trabablog\/wp-content\/uploads\/2020\/06\/29AA06BE-5979-4872-BCC2-27279326209A-768x432.jpeg 768w, http:\/\/traba.org\/trabablog\/wp-content\/uploads\/2020\/06\/29AA06BE-5979-4872-BCC2-27279326209A-460x259.jpeg 460w, http:\/\/traba.org\/trabablog\/wp-content\/uploads\/2020\/06\/29AA06BE-5979-4872-BCC2-27279326209A-688x387.jpeg 688w\" sizes=\"auto, (max-width: 700px) 100vw, 700px\" \/> <img loading=\"lazy\" decoding=\"async\" class=\"aligncenter wp-image-18069 size-large\" src=\"http:\/\/www.traba.org\/trabablog\/wp-content\/uploads\/2020\/06\/F33C5AD0-06F7-4A5B-B024-511B0DCDB41B-e1592316740299-576x1024.jpeg\" alt=\"\" width=\"576\" height=\"1024\" srcset=\"http:\/\/traba.org\/trabablog\/wp-content\/uploads\/2020\/06\/F33C5AD0-06F7-4A5B-B024-511B0DCDB41B-e1592316740299-576x1024.jpeg 576w, http:\/\/traba.org\/trabablog\/wp-content\/uploads\/2020\/06\/F33C5AD0-06F7-4A5B-B024-511B0DCDB41B-e1592316740299-169x300.jpeg 169w, http:\/\/traba.org\/trabablog\/wp-content\/uploads\/2020\/06\/F33C5AD0-06F7-4A5B-B024-511B0DCDB41B-e1592316740299-768x1365.jpeg 768w, http:\/\/traba.org\/trabablog\/wp-content\/uploads\/2020\/06\/F33C5AD0-06F7-4A5B-B024-511B0DCDB41B-e1592316740299-196x348.jpeg 196w, http:\/\/traba.org\/trabablog\/wp-content\/uploads\/2020\/06\/F33C5AD0-06F7-4A5B-B024-511B0DCDB41B-e1592316740299-688x1223.jpeg 688w\" sizes=\"auto, (max-width: 576px) 100vw, 576px\" \/><\/p>\n<p>dimecres 10 de juny. el f\u00e8lix aix\u00f2 de les cintes com que no ho ent\u00e9n.<\/p>\n<p><img loading=\"lazy\" decoding=\"async\" class=\"aligncenter size-large wp-image-18070\" src=\"http:\/\/www.traba.org\/trabablog\/wp-content\/uploads\/2020\/06\/33E72C60-8CCA-4043-9D8B-4AABA4FC5AB9-1024x768.jpeg\" alt=\"\" width=\"700\" height=\"525\" srcset=\"http:\/\/traba.org\/trabablog\/wp-content\/uploads\/2020\/06\/33E72C60-8CCA-4043-9D8B-4AABA4FC5AB9-1024x768.jpeg 1024w, http:\/\/traba.org\/trabablog\/wp-content\/uploads\/2020\/06\/33E72C60-8CCA-4043-9D8B-4AABA4FC5AB9-300x225.jpeg 300w, http:\/\/traba.org\/trabablog\/wp-content\/uploads\/2020\/06\/33E72C60-8CCA-4043-9D8B-4AABA4FC5AB9-768x576.jpeg 768w, http:\/\/traba.org\/trabablog\/wp-content\/uploads\/2020\/06\/33E72C60-8CCA-4043-9D8B-4AABA4FC5AB9-460x345.jpeg 460w, http:\/\/traba.org\/trabablog\/wp-content\/uploads\/2020\/06\/33E72C60-8CCA-4043-9D8B-4AABA4FC5AB9-688x516.jpeg 688w\" sizes=\"auto, (max-width: 700px) 100vw, 700px\" \/><\/p>\n<p>aquesta setmana ha descobert la nutella.<\/p>\n<p><img loading=\"lazy\" decoding=\"async\" class=\"aligncenter wp-image-18071 size-large\" src=\"http:\/\/www.traba.org\/trabablog\/wp-content\/uploads\/2020\/06\/0286555D-EFF6-4E92-8C11-A4298018F4DB-e1592316821714-768x1024.jpeg\" alt=\"\" width=\"700\" height=\"933\" srcset=\"http:\/\/traba.org\/trabablog\/wp-content\/uploads\/2020\/06\/0286555D-EFF6-4E92-8C11-A4298018F4DB-e1592316821714-768x1024.jpeg 768w, http:\/\/traba.org\/trabablog\/wp-content\/uploads\/2020\/06\/0286555D-EFF6-4E92-8C11-A4298018F4DB-e1592316821714-225x300.jpeg 225w, http:\/\/traba.org\/trabablog\/wp-content\/uploads\/2020\/06\/0286555D-EFF6-4E92-8C11-A4298018F4DB-e1592316821714-261x348.jpeg 261w, http:\/\/traba.org\/trabablog\/wp-content\/uploads\/2020\/06\/0286555D-EFF6-4E92-8C11-A4298018F4DB-e1592316821714-688x917.jpeg 688w\" sizes=\"auto, (max-width: 700px) 100vw, 700px\" \/><\/p>\n<p>la lena es queda a dormir.<\/p>\n<p><img loading=\"lazy\" decoding=\"async\" class=\"aligncenter size-large wp-image-18072\" src=\"http:\/\/www.traba.org\/trabablog\/wp-content\/uploads\/2020\/06\/BF8DFF49-E8BB-4E3A-B20B-35DB5A11BE87-1024x576.jpeg\" alt=\"\" width=\"700\" height=\"394\" srcset=\"http:\/\/traba.org\/trabablog\/wp-content\/uploads\/2020\/06\/BF8DFF49-E8BB-4E3A-B20B-35DB5A11BE87-1024x576.jpeg 1024w, http:\/\/traba.org\/trabablog\/wp-content\/uploads\/2020\/06\/BF8DFF49-E8BB-4E3A-B20B-35DB5A11BE87-300x169.jpeg 300w, http:\/\/traba.org\/trabablog\/wp-content\/uploads\/2020\/06\/BF8DFF49-E8BB-4E3A-B20B-35DB5A11BE87-768x432.jpeg 768w, http:\/\/traba.org\/trabablog\/wp-content\/uploads\/2020\/06\/BF8DFF49-E8BB-4E3A-B20B-35DB5A11BE87-460x259.jpeg 460w, http:\/\/traba.org\/trabablog\/wp-content\/uploads\/2020\/06\/BF8DFF49-E8BB-4E3A-B20B-35DB5A11BE87-688x387.jpeg 688w\" sizes=\"auto, (max-width: 700px) 100vw, 700px\" \/><\/p>\n<p>dijous 11 de juny. dinar presencia al Norte!<\/p>\n<p><img loading=\"lazy\" decoding=\"async\" class=\"aligncenter size-large wp-image-18073\" src=\"http:\/\/www.traba.org\/trabablog\/wp-content\/uploads\/2020\/06\/E2F9B1D2-3CF8-423B-9A20-C0362CCF9395-1024x576.jpeg\" alt=\"\" width=\"700\" height=\"394\" srcset=\"http:\/\/traba.org\/trabablog\/wp-content\/uploads\/2020\/06\/E2F9B1D2-3CF8-423B-9A20-C0362CCF9395-1024x576.jpeg 1024w, http:\/\/traba.org\/trabablog\/wp-content\/uploads\/2020\/06\/E2F9B1D2-3CF8-423B-9A20-C0362CCF9395-300x169.jpeg 300w, http:\/\/traba.org\/trabablog\/wp-content\/uploads\/2020\/06\/E2F9B1D2-3CF8-423B-9A20-C0362CCF9395-768x432.jpeg 768w, http:\/\/traba.org\/trabablog\/wp-content\/uploads\/2020\/06\/E2F9B1D2-3CF8-423B-9A20-C0362CCF9395-460x259.jpeg 460w, http:\/\/traba.org\/trabablog\/wp-content\/uploads\/2020\/06\/E2F9B1D2-3CF8-423B-9A20-C0362CCF9395-688x387.jpeg 688w\" sizes=\"auto, (max-width: 700px) 100vw, 700px\" \/><\/p>\n<p>i per la tarda, ens veiem amb la Iris.<\/p>\n<p><img loading=\"lazy\" decoding=\"async\" class=\"aligncenter size-large wp-image-18074\" src=\"http:\/\/www.traba.org\/trabablog\/wp-content\/uploads\/2020\/06\/2BB8D782-454B-4F7C-ADC8-DDE490D684EF-1024x768.jpeg\" alt=\"\" width=\"700\" height=\"525\" srcset=\"http:\/\/traba.org\/trabablog\/wp-content\/uploads\/2020\/06\/2BB8D782-454B-4F7C-ADC8-DDE490D684EF-1024x768.jpeg 1024w, http:\/\/traba.org\/trabablog\/wp-content\/uploads\/2020\/06\/2BB8D782-454B-4F7C-ADC8-DDE490D684EF-300x225.jpeg 300w, http:\/\/traba.org\/trabablog\/wp-content\/uploads\/2020\/06\/2BB8D782-454B-4F7C-ADC8-DDE490D684EF-768x576.jpeg 768w, http:\/\/traba.org\/trabablog\/wp-content\/uploads\/2020\/06\/2BB8D782-454B-4F7C-ADC8-DDE490D684EF-460x345.jpeg 460w, http:\/\/traba.org\/trabablog\/wp-content\/uploads\/2020\/06\/2BB8D782-454B-4F7C-ADC8-DDE490D684EF-688x516.jpeg 688w\" sizes=\"auto, (max-width: 700px) 100vw, 700px\" \/><\/p>\n<p>divendres 12 de juny. carrers mullats.<\/p>\n<p><img loading=\"lazy\" decoding=\"async\" class=\"aligncenter wp-image-18075 size-large\" src=\"http:\/\/www.traba.org\/trabablog\/wp-content\/uploads\/2020\/06\/07C158E8-7F95-4CB1-927F-94373B23707B-e1592316944624-576x1024.jpeg\" alt=\"\" width=\"576\" height=\"1024\" srcset=\"http:\/\/traba.org\/trabablog\/wp-content\/uploads\/2020\/06\/07C158E8-7F95-4CB1-927F-94373B23707B-e1592316944624-576x1024.jpeg 576w, http:\/\/traba.org\/trabablog\/wp-content\/uploads\/2020\/06\/07C158E8-7F95-4CB1-927F-94373B23707B-e1592316944624-169x300.jpeg 169w, http:\/\/traba.org\/trabablog\/wp-content\/uploads\/2020\/06\/07C158E8-7F95-4CB1-927F-94373B23707B-e1592316944624-768x1365.jpeg 768w, http:\/\/traba.org\/trabablog\/wp-content\/uploads\/2020\/06\/07C158E8-7F95-4CB1-927F-94373B23707B-e1592316944624-196x348.jpeg 196w, http:\/\/traba.org\/trabablog\/wp-content\/uploads\/2020\/06\/07C158E8-7F95-4CB1-927F-94373B23707B-e1592316944624-688x1223.jpeg 688w\" sizes=\"auto, (max-width: 576px) 100vw, 576px\" \/><\/p>\n<p>un cl\u00e0ssic de SFN.<\/p>\n<p><img loading=\"lazy\" decoding=\"async\" class=\"aligncenter wp-image-18076 size-large\" src=\"http:\/\/www.traba.org\/trabablog\/wp-content\/uploads\/2020\/06\/6914048D-92B2-4D44-92E4-4B9FA0253603-e1592316971398-576x1024.jpeg\" alt=\"\" width=\"576\" height=\"1024\" srcset=\"http:\/\/traba.org\/trabablog\/wp-content\/uploads\/2020\/06\/6914048D-92B2-4D44-92E4-4B9FA0253603-e1592316971398-576x1024.jpeg 576w, http:\/\/traba.org\/trabablog\/wp-content\/uploads\/2020\/06\/6914048D-92B2-4D44-92E4-4B9FA0253603-e1592316971398-169x300.jpeg 169w, http:\/\/traba.org\/trabablog\/wp-content\/uploads\/2020\/06\/6914048D-92B2-4D44-92E4-4B9FA0253603-e1592316971398-768x1365.jpeg 768w, http:\/\/traba.org\/trabablog\/wp-content\/uploads\/2020\/06\/6914048D-92B2-4D44-92E4-4B9FA0253603-e1592316971398-196x348.jpeg 196w, http:\/\/traba.org\/trabablog\/wp-content\/uploads\/2020\/06\/6914048D-92B2-4D44-92E4-4B9FA0253603-e1592316971398-688x1223.jpeg 688w\" sizes=\"auto, (max-width: 576px) 100vw, 576px\" \/><\/p>\n<p>a la catedral.<\/p>\n<p><img loading=\"lazy\" decoding=\"async\" class=\"aligncenter size-large wp-image-18077\" src=\"http:\/\/www.traba.org\/trabablog\/wp-content\/uploads\/2020\/06\/1B05C062-3544-4378-B107-6C5F6CEBB5B6-1024x576.jpeg\" alt=\"\" width=\"700\" height=\"394\" srcset=\"http:\/\/traba.org\/trabablog\/wp-content\/uploads\/2020\/06\/1B05C062-3544-4378-B107-6C5F6CEBB5B6-1024x576.jpeg 1024w, http:\/\/traba.org\/trabablog\/wp-content\/uploads\/2020\/06\/1B05C062-3544-4378-B107-6C5F6CEBB5B6-300x169.jpeg 300w, http:\/\/traba.org\/trabablog\/wp-content\/uploads\/2020\/06\/1B05C062-3544-4378-B107-6C5F6CEBB5B6-768x432.jpeg 768w, http:\/\/traba.org\/trabablog\/wp-content\/uploads\/2020\/06\/1B05C062-3544-4378-B107-6C5F6CEBB5B6-460x259.jpeg 460w, http:\/\/traba.org\/trabablog\/wp-content\/uploads\/2020\/06\/1B05C062-3544-4378-B107-6C5F6CEBB5B6-688x387.jpeg 688w\" sizes=\"auto, (max-width: 700px) 100vw, 700px\" \/> <img loading=\"lazy\" decoding=\"async\" class=\"aligncenter size-large wp-image-18078\" src=\"http:\/\/www.traba.org\/trabablog\/wp-content\/uploads\/2020\/06\/5DD24C1E-98D5-464A-A5DE-AC1A7DBE3246-1024x576.jpeg\" alt=\"\" width=\"700\" height=\"394\" srcset=\"http:\/\/traba.org\/trabablog\/wp-content\/uploads\/2020\/06\/5DD24C1E-98D5-464A-A5DE-AC1A7DBE3246-1024x576.jpeg 1024w, http:\/\/traba.org\/trabablog\/wp-content\/uploads\/2020\/06\/5DD24C1E-98D5-464A-A5DE-AC1A7DBE3246-300x169.jpeg 300w, http:\/\/traba.org\/trabablog\/wp-content\/uploads\/2020\/06\/5DD24C1E-98D5-464A-A5DE-AC1A7DBE3246-768x432.jpeg 768w, http:\/\/traba.org\/trabablog\/wp-content\/uploads\/2020\/06\/5DD24C1E-98D5-464A-A5DE-AC1A7DBE3246-460x259.jpeg 460w, http:\/\/traba.org\/trabablog\/wp-content\/uploads\/2020\/06\/5DD24C1E-98D5-464A-A5DE-AC1A7DBE3246-688x387.jpeg 688w\" sizes=\"auto, (max-width: 700px) 100vw, 700px\" \/><\/p>\n<p>dissabte 13 de juny. corpus.<\/p>\n<p><img loading=\"lazy\" decoding=\"async\" class=\"aligncenter size-large wp-image-18079\" src=\"http:\/\/www.traba.org\/trabablog\/wp-content\/uploads\/2020\/06\/2B8A9F37-7719-4280-B3E9-02FD604C5BE7-1024x576.jpeg\" alt=\"\" width=\"700\" height=\"394\" srcset=\"http:\/\/traba.org\/trabablog\/wp-content\/uploads\/2020\/06\/2B8A9F37-7719-4280-B3E9-02FD604C5BE7-1024x576.jpeg 1024w, http:\/\/traba.org\/trabablog\/wp-content\/uploads\/2020\/06\/2B8A9F37-7719-4280-B3E9-02FD604C5BE7-300x169.jpeg 300w, http:\/\/traba.org\/trabablog\/wp-content\/uploads\/2020\/06\/2B8A9F37-7719-4280-B3E9-02FD604C5BE7-768x432.jpeg 768w, http:\/\/traba.org\/trabablog\/wp-content\/uploads\/2020\/06\/2B8A9F37-7719-4280-B3E9-02FD604C5BE7-460x259.jpeg 460w, http:\/\/traba.org\/trabablog\/wp-content\/uploads\/2020\/06\/2B8A9F37-7719-4280-B3E9-02FD604C5BE7-688x387.jpeg 688w\" sizes=\"auto, (max-width: 700px) 100vw, 700px\" \/><\/p>\n<p>un corpus diferent. amb poca gent i la que hi havia era de barcelona, aix\u00f2 si, amb mascareta.<\/p>\n<p><img loading=\"lazy\" decoding=\"async\" class=\"aligncenter wp-image-18080 size-large\" src=\"http:\/\/www.traba.org\/trabablog\/wp-content\/uploads\/2020\/06\/585517BD-BB00-4964-B2A3-106ED4DD396B-e1592317052681-576x1024.jpeg\" alt=\"\" width=\"576\" height=\"1024\" srcset=\"http:\/\/traba.org\/trabablog\/wp-content\/uploads\/2020\/06\/585517BD-BB00-4964-B2A3-106ED4DD396B-e1592317052681-576x1024.jpeg 576w, http:\/\/traba.org\/trabablog\/wp-content\/uploads\/2020\/06\/585517BD-BB00-4964-B2A3-106ED4DD396B-e1592317052681-169x300.jpeg 169w, http:\/\/traba.org\/trabablog\/wp-content\/uploads\/2020\/06\/585517BD-BB00-4964-B2A3-106ED4DD396B-e1592317052681-768x1365.jpeg 768w, http:\/\/traba.org\/trabablog\/wp-content\/uploads\/2020\/06\/585517BD-BB00-4964-B2A3-106ED4DD396B-e1592317052681-196x348.jpeg 196w, http:\/\/traba.org\/trabablog\/wp-content\/uploads\/2020\/06\/585517BD-BB00-4964-B2A3-106ED4DD396B-e1592317052681-688x1223.jpeg 688w\" sizes=\"auto, (max-width: 576px) 100vw, 576px\" \/> <img loading=\"lazy\" decoding=\"async\" class=\"aligncenter size-large wp-image-18081\" src=\"http:\/\/www.traba.org\/trabablog\/wp-content\/uploads\/2020\/06\/72A221AA-9BD8-4F78-B325-5E08CBC168FA-1024x576.jpeg\" alt=\"\" width=\"700\" height=\"394\" srcset=\"http:\/\/traba.org\/trabablog\/wp-content\/uploads\/2020\/06\/72A221AA-9BD8-4F78-B325-5E08CBC168FA-1024x576.jpeg 1024w, http:\/\/traba.org\/trabablog\/wp-content\/uploads\/2020\/06\/72A221AA-9BD8-4F78-B325-5E08CBC168FA-300x169.jpeg 300w, http:\/\/traba.org\/trabablog\/wp-content\/uploads\/2020\/06\/72A221AA-9BD8-4F78-B325-5E08CBC168FA-768x432.jpeg 768w, http:\/\/traba.org\/trabablog\/wp-content\/uploads\/2020\/06\/72A221AA-9BD8-4F78-B325-5E08CBC168FA-460x259.jpeg 460w, http:\/\/traba.org\/trabablog\/wp-content\/uploads\/2020\/06\/72A221AA-9BD8-4F78-B325-5E08CBC168FA-688x387.jpeg 688w\" sizes=\"auto, (max-width: 700px) 100vw, 700px\" \/><\/p>\n<p>i despr\u00e9s del mercat, a reocupar el mendiz\u00e1bal.<\/p>\n<p><img loading=\"lazy\" decoding=\"async\" class=\"aligncenter size-large wp-image-18082\" src=\"http:\/\/www.traba.org\/trabablog\/wp-content\/uploads\/2020\/06\/E9B65079-1616-4278-80E2-93D7076E19B6-1024x576.jpeg\" alt=\"\" width=\"700\" height=\"394\" srcset=\"http:\/\/traba.org\/trabablog\/wp-content\/uploads\/2020\/06\/E9B65079-1616-4278-80E2-93D7076E19B6-1024x576.jpeg 1024w, http:\/\/traba.org\/trabablog\/wp-content\/uploads\/2020\/06\/E9B65079-1616-4278-80E2-93D7076E19B6-300x169.jpeg 300w, http:\/\/traba.org\/trabablog\/wp-content\/uploads\/2020\/06\/E9B65079-1616-4278-80E2-93D7076E19B6-768x432.jpeg 768w, http:\/\/traba.org\/trabablog\/wp-content\/uploads\/2020\/06\/E9B65079-1616-4278-80E2-93D7076E19B6-460x259.jpeg 460w, http:\/\/traba.org\/trabablog\/wp-content\/uploads\/2020\/06\/E9B65079-1616-4278-80E2-93D7076E19B6-688x387.jpeg 688w\" sizes=\"auto, (max-width: 700px) 100vw, 700px\" \/><\/p>\n<p><img loading=\"lazy\" decoding=\"async\" class=\"aligncenter size-large wp-image-18083\" src=\"http:\/\/www.traba.org\/trabablog\/wp-content\/uploads\/2020\/06\/E07BB232-8669-4CB7-A7F3-032A244997CE-1024x576.jpeg\" alt=\"\" width=\"700\" height=\"394\" srcset=\"http:\/\/traba.org\/trabablog\/wp-content\/uploads\/2020\/06\/E07BB232-8669-4CB7-A7F3-032A244997CE-1024x576.jpeg 1024w, http:\/\/traba.org\/trabablog\/wp-content\/uploads\/2020\/06\/E07BB232-8669-4CB7-A7F3-032A244997CE-300x169.jpeg 300w, http:\/\/traba.org\/trabablog\/wp-content\/uploads\/2020\/06\/E07BB232-8669-4CB7-A7F3-032A244997CE-768x432.jpeg 768w, http:\/\/traba.org\/trabablog\/wp-content\/uploads\/2020\/06\/E07BB232-8669-4CB7-A7F3-032A244997CE-460x259.jpeg 460w, http:\/\/traba.org\/trabablog\/wp-content\/uploads\/2020\/06\/E07BB232-8669-4CB7-A7F3-032A244997CE-688x387.jpeg 688w\" sizes=\"auto, (max-width: 700px) 100vw, 700px\" \/> <img loading=\"lazy\" decoding=\"async\" class=\"aligncenter wp-image-18084 size-large\" src=\"http:\/\/www.traba.org\/trabablog\/wp-content\/uploads\/2020\/06\/B1818611-96F8-43C5-9768-D00B8619EE2C-e1592317114256-576x1024.jpeg\" alt=\"\" width=\"576\" height=\"1024\" srcset=\"http:\/\/traba.org\/trabablog\/wp-content\/uploads\/2020\/06\/B1818611-96F8-43C5-9768-D00B8619EE2C-e1592317114256-576x1024.jpeg 576w, http:\/\/traba.org\/trabablog\/wp-content\/uploads\/2020\/06\/B1818611-96F8-43C5-9768-D00B8619EE2C-e1592317114256-169x300.jpeg 169w, http:\/\/traba.org\/trabablog\/wp-content\/uploads\/2020\/06\/B1818611-96F8-43C5-9768-D00B8619EE2C-e1592317114256-768x1365.jpeg 768w, http:\/\/traba.org\/trabablog\/wp-content\/uploads\/2020\/06\/B1818611-96F8-43C5-9768-D00B8619EE2C-e1592317114256-196x348.jpeg 196w, http:\/\/traba.org\/trabablog\/wp-content\/uploads\/2020\/06\/B1818611-96F8-43C5-9768-D00B8619EE2C-e1592317114256-688x1223.jpeg 688w\" sizes=\"auto, (max-width: 576px) 100vw, 576px\" \/> <img loading=\"lazy\" decoding=\"async\" class=\"aligncenter size-large wp-image-18085\" src=\"http:\/\/www.traba.org\/trabablog\/wp-content\/uploads\/2020\/06\/97EA38A1-C428-45F6-BE77-E137C77BFD17-1024x576.jpeg\" alt=\"\" width=\"700\" height=\"394\" srcset=\"http:\/\/traba.org\/trabablog\/wp-content\/uploads\/2020\/06\/97EA38A1-C428-45F6-BE77-E137C77BFD17-1024x576.jpeg 1024w, http:\/\/traba.org\/trabablog\/wp-content\/uploads\/2020\/06\/97EA38A1-C428-45F6-BE77-E137C77BFD17-300x169.jpeg 300w, http:\/\/traba.org\/trabablog\/wp-content\/uploads\/2020\/06\/97EA38A1-C428-45F6-BE77-E137C77BFD17-768x432.jpeg 768w, http:\/\/traba.org\/trabablog\/wp-content\/uploads\/2020\/06\/97EA38A1-C428-45F6-BE77-E137C77BFD17-460x259.jpeg 460w, http:\/\/traba.org\/trabablog\/wp-content\/uploads\/2020\/06\/97EA38A1-C428-45F6-BE77-E137C77BFD17-688x387.jpeg 688w\" sizes=\"auto, (max-width: 700px) 100vw, 700px\" \/><\/p>\n<p>a les rambles hi ha gent. ara tots de barcelona.<\/p>\n<p><img loading=\"lazy\" decoding=\"async\" class=\"aligncenter size-large wp-image-18086\" src=\"http:\/\/www.traba.org\/trabablog\/wp-content\/uploads\/2020\/06\/847113C5-A706-4E75-9A5D-76EFE584968A-1024x576.jpeg\" alt=\"\" width=\"700\" height=\"394\" srcset=\"http:\/\/traba.org\/trabablog\/wp-content\/uploads\/2020\/06\/847113C5-A706-4E75-9A5D-76EFE584968A-1024x576.jpeg 1024w, http:\/\/traba.org\/trabablog\/wp-content\/uploads\/2020\/06\/847113C5-A706-4E75-9A5D-76EFE584968A-300x169.jpeg 300w, http:\/\/traba.org\/trabablog\/wp-content\/uploads\/2020\/06\/847113C5-A706-4E75-9A5D-76EFE584968A-768x432.jpeg 768w, http:\/\/traba.org\/trabablog\/wp-content\/uploads\/2020\/06\/847113C5-A706-4E75-9A5D-76EFE584968A-460x259.jpeg 460w, http:\/\/traba.org\/trabablog\/wp-content\/uploads\/2020\/06\/847113C5-A706-4E75-9A5D-76EFE584968A-688x387.jpeg 688w\" sizes=\"auto, (max-width: 700px) 100vw, 700px\" \/><\/p>\n<p>assegut a la closca.<\/p>\n<p><img loading=\"lazy\" decoding=\"async\" class=\"aligncenter size-large wp-image-18087\" src=\"http:\/\/www.traba.org\/trabablog\/wp-content\/uploads\/2020\/06\/C4903801-B4DC-4411-B8B7-D6109278C7C4-1024x576.jpeg\" alt=\"\" width=\"700\" height=\"394\" srcset=\"http:\/\/traba.org\/trabablog\/wp-content\/uploads\/2020\/06\/C4903801-B4DC-4411-B8B7-D6109278C7C4-1024x576.jpeg 1024w, http:\/\/traba.org\/trabablog\/wp-content\/uploads\/2020\/06\/C4903801-B4DC-4411-B8B7-D6109278C7C4-300x169.jpeg 300w, http:\/\/traba.org\/trabablog\/wp-content\/uploads\/2020\/06\/C4903801-B4DC-4411-B8B7-D6109278C7C4-768x432.jpeg 768w, http:\/\/traba.org\/trabablog\/wp-content\/uploads\/2020\/06\/C4903801-B4DC-4411-B8B7-D6109278C7C4-460x259.jpeg 460w, http:\/\/traba.org\/trabablog\/wp-content\/uploads\/2020\/06\/C4903801-B4DC-4411-B8B7-D6109278C7C4-688x387.jpeg 688w\" sizes=\"auto, (max-width: 700px) 100vw, 700px\" \/><\/p>\n<p>i per la tarda a la pla\u00e7a de la catedral, es nota que els de fora de ciutat vella, baixen a visitar-la despr\u00e9s d&#8217;anys d&#8217;evitar-la. molta gent, aix\u00f2 s\u00ed, m\u00e9s respectuosa i no van beguts.<\/p>\n<p><img loading=\"lazy\" decoding=\"async\" class=\"aligncenter size-large wp-image-18088\" src=\"http:\/\/www.traba.org\/trabablog\/wp-content\/uploads\/2020\/06\/E3ED67C7-E7E3-4A77-A2D5-6C8672E225DC-1024x576.jpeg\" alt=\"\" width=\"700\" height=\"394\" srcset=\"http:\/\/traba.org\/trabablog\/wp-content\/uploads\/2020\/06\/E3ED67C7-E7E3-4A77-A2D5-6C8672E225DC-1024x576.jpeg 1024w, http:\/\/traba.org\/trabablog\/wp-content\/uploads\/2020\/06\/E3ED67C7-E7E3-4A77-A2D5-6C8672E225DC-300x169.jpeg 300w, http:\/\/traba.org\/trabablog\/wp-content\/uploads\/2020\/06\/E3ED67C7-E7E3-4A77-A2D5-6C8672E225DC-768x432.jpeg 768w, http:\/\/traba.org\/trabablog\/wp-content\/uploads\/2020\/06\/E3ED67C7-E7E3-4A77-A2D5-6C8672E225DC-460x259.jpeg 460w, http:\/\/traba.org\/trabablog\/wp-content\/uploads\/2020\/06\/E3ED67C7-E7E3-4A77-A2D5-6C8672E225DC-688x387.jpeg 688w\" sizes=\"auto, (max-width: 700px) 100vw, 700px\" \/><\/p>\n<p>diumenge 14 de juny. sr don f\u00e9lix. nom\u00e9s arribar a la platja, s&#8217;asseu a la tumbona. despr\u00e9s vaig aconseguis baixar-lo a la sorra i despr\u00e9s no volia sortir de l&#8217;aigua.<\/p>\n<p><img loading=\"lazy\" decoding=\"async\" class=\"aligncenter wp-image-18089 size-large\" src=\"http:\/\/www.traba.org\/trabablog\/wp-content\/uploads\/2020\/06\/01CAEAA4-CF4A-4626-81C4-E154C336476C-e1592317271818-768x1024.jpeg\" alt=\"\" width=\"700\" height=\"933\" srcset=\"http:\/\/traba.org\/trabablog\/wp-content\/uploads\/2020\/06\/01CAEAA4-CF4A-4626-81C4-E154C336476C-e1592317271818-768x1024.jpeg 768w, http:\/\/traba.org\/trabablog\/wp-content\/uploads\/2020\/06\/01CAEAA4-CF4A-4626-81C4-E154C336476C-e1592317271818-225x300.jpeg 225w, http:\/\/traba.org\/trabablog\/wp-content\/uploads\/2020\/06\/01CAEAA4-CF4A-4626-81C4-E154C336476C-e1592317271818-261x348.jpeg 261w, http:\/\/traba.org\/trabablog\/wp-content\/uploads\/2020\/06\/01CAEAA4-CF4A-4626-81C4-E154C336476C-e1592317271818-688x917.jpeg 688w\" sizes=\"auto, (max-width: 700px) 100vw, 700px\" \/><\/p>\n<p>partida de rol al magissa: el se\u00f1or doblado de la torre doblada.<\/p>\n<p><img loading=\"lazy\" decoding=\"async\" class=\"aligncenter size-large wp-image-18090\" src=\"http:\/\/www.traba.org\/trabablog\/wp-content\/uploads\/2020\/06\/EEC8D006-023D-41B8-9150-B61483F6B353-1024x576.jpeg\" alt=\"\" width=\"700\" height=\"394\" srcset=\"http:\/\/traba.org\/trabablog\/wp-content\/uploads\/2020\/06\/EEC8D006-023D-41B8-9150-B61483F6B353-1024x576.jpeg 1024w, http:\/\/traba.org\/trabablog\/wp-content\/uploads\/2020\/06\/EEC8D006-023D-41B8-9150-B61483F6B353-300x169.jpeg 300w, http:\/\/traba.org\/trabablog\/wp-content\/uploads\/2020\/06\/EEC8D006-023D-41B8-9150-B61483F6B353-768x432.jpeg 768w, http:\/\/traba.org\/trabablog\/wp-content\/uploads\/2020\/06\/EEC8D006-023D-41B8-9150-B61483F6B353-460x259.jpeg 460w, http:\/\/traba.org\/trabablog\/wp-content\/uploads\/2020\/06\/EEC8D006-023D-41B8-9150-B61483F6B353-688x387.jpeg 688w\" sizes=\"auto, (max-width: 700px) 100vw, 700px\" \/> <img loading=\"lazy\" decoding=\"async\" class=\"aligncenter size-large wp-image-18091\" src=\"http:\/\/www.traba.org\/trabablog\/wp-content\/uploads\/2020\/06\/275901F9-6593-427F-8C5E-4E4BF13C2D04-1024x576.jpeg\" alt=\"\" width=\"700\" height=\"394\" srcset=\"http:\/\/traba.org\/trabablog\/wp-content\/uploads\/2020\/06\/275901F9-6593-427F-8C5E-4E4BF13C2D04-1024x576.jpeg 1024w, http:\/\/traba.org\/trabablog\/wp-content\/uploads\/2020\/06\/275901F9-6593-427F-8C5E-4E4BF13C2D04-300x169.jpeg 300w, http:\/\/traba.org\/trabablog\/wp-content\/uploads\/2020\/06\/275901F9-6593-427F-8C5E-4E4BF13C2D04-768x432.jpeg 768w, http:\/\/traba.org\/trabablog\/wp-content\/uploads\/2020\/06\/275901F9-6593-427F-8C5E-4E4BF13C2D04-460x259.jpeg 460w, http:\/\/traba.org\/trabablog\/wp-content\/uploads\/2020\/06\/275901F9-6593-427F-8C5E-4E4BF13C2D04-688x387.jpeg 688w\" sizes=\"auto, (max-width: 700px) 100vw, 700px\" \/><\/p>\n<p>i per la tarda d&#8217;excursi\u00f3sobre rodes<\/p>\n<p><img loading=\"lazy\" decoding=\"async\" class=\"aligncenter wp-image-18092 size-large\" src=\"http:\/\/www.traba.org\/trabablog\/wp-content\/uploads\/2020\/06\/ED0F1B96-87C1-4FD1-A1AE-CC7E3F4969A2-e1592317403434-576x1024.jpeg\" alt=\"\" width=\"576\" height=\"1024\" srcset=\"http:\/\/traba.org\/trabablog\/wp-content\/uploads\/2020\/06\/ED0F1B96-87C1-4FD1-A1AE-CC7E3F4969A2-e1592317403434-576x1024.jpeg 576w, http:\/\/traba.org\/trabablog\/wp-content\/uploads\/2020\/06\/ED0F1B96-87C1-4FD1-A1AE-CC7E3F4969A2-e1592317403434-169x300.jpeg 169w, http:\/\/traba.org\/trabablog\/wp-content\/uploads\/2020\/06\/ED0F1B96-87C1-4FD1-A1AE-CC7E3F4969A2-e1592317403434-768x1365.jpeg 768w, http:\/\/traba.org\/trabablog\/wp-content\/uploads\/2020\/06\/ED0F1B96-87C1-4FD1-A1AE-CC7E3F4969A2-e1592317403434-196x348.jpeg 196w, http:\/\/traba.org\/trabablog\/wp-content\/uploads\/2020\/06\/ED0F1B96-87C1-4FD1-A1AE-CC7E3F4969A2-e1592317403434-688x1223.jpeg 688w\" sizes=\"auto, (max-width: 576px) 100vw, 576px\" \/> <img loading=\"lazy\" decoding=\"async\" class=\"aligncenter size-large wp-image-18093\" src=\"http:\/\/www.traba.org\/trabablog\/wp-content\/uploads\/2020\/06\/5FDA80CB-1496-418F-B781-02C3112271FC-1024x576.jpeg\" alt=\"\" width=\"700\" height=\"394\" srcset=\"http:\/\/traba.org\/trabablog\/wp-content\/uploads\/2020\/06\/5FDA80CB-1496-418F-B781-02C3112271FC-1024x576.jpeg 1024w, http:\/\/traba.org\/trabablog\/wp-content\/uploads\/2020\/06\/5FDA80CB-1496-418F-B781-02C3112271FC-300x169.jpeg 300w, http:\/\/traba.org\/trabablog\/wp-content\/uploads\/2020\/06\/5FDA80CB-1496-418F-B781-02C3112271FC-768x432.jpeg 768w, http:\/\/traba.org\/trabablog\/wp-content\/uploads\/2020\/06\/5FDA80CB-1496-418F-B781-02C3112271FC-460x259.jpeg 460w, http:\/\/traba.org\/trabablog\/wp-content\/uploads\/2020\/06\/5FDA80CB-1496-418F-B781-02C3112271FC-688x387.jpeg 688w\" sizes=\"auto, (max-width: 700px) 100vw, 700px\" \/><\/p>\n<p>a l&#8217;espig\u00f3<\/p>\n<div style=\"width: 952px;\" class=\"wp-video\"><video class=\"wp-video-shortcode\" id=\"video-18065-1\" width=\"952\" height=\"536\" preload=\"metadata\" controls=\"controls\"><source type=\"video\/mp4\" src=\"http:\/\/www.traba.org\/trabablog\/wp-content\/uploads\/2020\/06\/8649CB5F-55CA-45A4-882F-63A50AB0ADCA.mp4?_=1\" \/><a href=\"http:\/\/www.traba.org\/trabablog\/wp-content\/uploads\/2020\/06\/8649CB5F-55CA-45A4-882F-63A50AB0ADCA.mp4\">http:\/\/www.traba.org\/trabablog\/wp-content\/uploads\/2020\/06\/8649CB5F-55CA-45A4-882F-63A50AB0ADCA.mp4<\/a><\/video><\/div>\n<p><img loading=\"lazy\" decoding=\"async\" class=\"aligncenter size-large wp-image-18095\" src=\"http:\/\/www.traba.org\/trabablog\/wp-content\/uploads\/2020\/06\/DE2EFA3D-B4D4-401E-A082-8E1FE6FA759F-1024x576.jpeg\" alt=\"\" width=\"700\" height=\"394\" srcset=\"http:\/\/traba.org\/trabablog\/wp-content\/uploads\/2020\/06\/DE2EFA3D-B4D4-401E-A082-8E1FE6FA759F-1024x576.jpeg 1024w, http:\/\/traba.org\/trabablog\/wp-content\/uploads\/2020\/06\/DE2EFA3D-B4D4-401E-A082-8E1FE6FA759F-300x169.jpeg 300w, http:\/\/traba.org\/trabablog\/wp-content\/uploads\/2020\/06\/DE2EFA3D-B4D4-401E-A082-8E1FE6FA759F-768x432.jpeg 768w, http:\/\/traba.org\/trabablog\/wp-content\/uploads\/2020\/06\/DE2EFA3D-B4D4-401E-A082-8E1FE6FA759F-460x259.jpeg 460w, http:\/\/traba.org\/trabablog\/wp-content\/uploads\/2020\/06\/DE2EFA3D-B4D4-401E-A082-8E1FE6FA759F-688x387.jpeg 688w\" sizes=\"auto, (max-width: 700px) 100vw, 700px\" \/> <img loading=\"lazy\" decoding=\"async\" class=\"aligncenter size-large wp-image-18096\" src=\"http:\/\/www.traba.org\/trabablog\/wp-content\/uploads\/2020\/06\/491EADF5-C947-40E6-AF80-DB2F6BBE2BAF-1024x576.jpeg\" alt=\"\" width=\"700\" height=\"394\" srcset=\"http:\/\/traba.org\/trabablog\/wp-content\/uploads\/2020\/06\/491EADF5-C947-40E6-AF80-DB2F6BBE2BAF-1024x576.jpeg 1024w, http:\/\/traba.org\/trabablog\/wp-content\/uploads\/2020\/06\/491EADF5-C947-40E6-AF80-DB2F6BBE2BAF-300x169.jpeg 300w, http:\/\/traba.org\/trabablog\/wp-content\/uploads\/2020\/06\/491EADF5-C947-40E6-AF80-DB2F6BBE2BAF-768x432.jpeg 768w, http:\/\/traba.org\/trabablog\/wp-content\/uploads\/2020\/06\/491EADF5-C947-40E6-AF80-DB2F6BBE2BAF-460x259.jpeg 460w, http:\/\/traba.org\/trabablog\/wp-content\/uploads\/2020\/06\/491EADF5-C947-40E6-AF80-DB2F6BBE2BAF-688x387.jpeg 688w\" sizes=\"auto, (max-width: 700px) 100vw, 700px\" \/> <img loading=\"lazy\" decoding=\"async\" class=\"aligncenter size-large wp-image-18097\" src=\"http:\/\/www.traba.org\/trabablog\/wp-content\/uploads\/2020\/06\/03637DA2-8B98-4A4E-AD65-6A94B2D7560C-1024x576.jpeg\" alt=\"\" width=\"700\" height=\"394\" srcset=\"http:\/\/traba.org\/trabablog\/wp-content\/uploads\/2020\/06\/03637DA2-8B98-4A4E-AD65-6A94B2D7560C-1024x576.jpeg 1024w, http:\/\/traba.org\/trabablog\/wp-content\/uploads\/2020\/06\/03637DA2-8B98-4A4E-AD65-6A94B2D7560C-300x169.jpeg 300w, http:\/\/traba.org\/trabablog\/wp-content\/uploads\/2020\/06\/03637DA2-8B98-4A4E-AD65-6A94B2D7560C-768x432.jpeg 768w, http:\/\/traba.org\/trabablog\/wp-content\/uploads\/2020\/06\/03637DA2-8B98-4A4E-AD65-6A94B2D7560C-460x259.jpeg 460w, http:\/\/traba.org\/trabablog\/wp-content\/uploads\/2020\/06\/03637DA2-8B98-4A4E-AD65-6A94B2D7560C-688x387.jpeg 688w\" sizes=\"auto, (max-width: 700px) 100vw, 700px\" \/> <img loading=\"lazy\" decoding=\"async\" class=\"aligncenter size-large wp-image-18098\" src=\"http:\/\/www.traba.org\/trabablog\/wp-content\/uploads\/2020\/06\/07F6F5F9-4E9D-4BE2-A8F6-1E99116462C1-1024x576.jpeg\" alt=\"\" width=\"700\" height=\"394\" srcset=\"http:\/\/traba.org\/trabablog\/wp-content\/uploads\/2020\/06\/07F6F5F9-4E9D-4BE2-A8F6-1E99116462C1-1024x576.jpeg 1024w, http:\/\/traba.org\/trabablog\/wp-content\/uploads\/2020\/06\/07F6F5F9-4E9D-4BE2-A8F6-1E99116462C1-300x169.jpeg 300w, http:\/\/traba.org\/trabablog\/wp-content\/uploads\/2020\/06\/07F6F5F9-4E9D-4BE2-A8F6-1E99116462C1-768x432.jpeg 768w, http:\/\/traba.org\/trabablog\/wp-content\/uploads\/2020\/06\/07F6F5F9-4E9D-4BE2-A8F6-1E99116462C1-460x259.jpeg 460w, http:\/\/traba.org\/trabablog\/wp-content\/uploads\/2020\/06\/07F6F5F9-4E9D-4BE2-A8F6-1E99116462C1-688x387.jpeg 688w\" sizes=\"auto, (max-width: 700px) 100vw, 700px\" \/> <img loading=\"lazy\" decoding=\"async\" class=\"aligncenter wp-image-18099 size-large\" src=\"http:\/\/www.traba.org\/trabablog\/wp-content\/uploads\/2020\/06\/F6FF7CF4-6FDD-4D5D-82A3-311839DCDC08-e1592317471620-576x1024.jpeg\" alt=\"\" width=\"576\" height=\"1024\" srcset=\"http:\/\/traba.org\/trabablog\/wp-content\/uploads\/2020\/06\/F6FF7CF4-6FDD-4D5D-82A3-311839DCDC08-e1592317471620-576x1024.jpeg 576w, http:\/\/traba.org\/trabablog\/wp-content\/uploads\/2020\/06\/F6FF7CF4-6FDD-4D5D-82A3-311839DCDC08-e1592317471620-169x300.jpeg 169w, http:\/\/traba.org\/trabablog\/wp-content\/uploads\/2020\/06\/F6FF7CF4-6FDD-4D5D-82A3-311839DCDC08-e1592317471620-768x1365.jpeg 768w, http:\/\/traba.org\/trabablog\/wp-content\/uploads\/2020\/06\/F6FF7CF4-6FDD-4D5D-82A3-311839DCDC08-e1592317471620-196x348.jpeg 196w, http:\/\/traba.org\/trabablog\/wp-content\/uploads\/2020\/06\/F6FF7CF4-6FDD-4D5D-82A3-311839DCDC08-e1592317471620-688x1223.jpeg 688w\" sizes=\"auto, (max-width: 576px) 100vw, 576px\" \/> <img loading=\"lazy\" decoding=\"async\" class=\"aligncenter wp-image-18100 size-large\" src=\"http:\/\/www.traba.org\/trabablog\/wp-content\/uploads\/2020\/06\/660105FD-1F82-446F-BC90-354A1969EF4B-e1592317495926-576x1024.jpeg\" alt=\"\" width=\"576\" height=\"1024\" srcset=\"http:\/\/traba.org\/trabablog\/wp-content\/uploads\/2020\/06\/660105FD-1F82-446F-BC90-354A1969EF4B-e1592317495926-576x1024.jpeg 576w, http:\/\/traba.org\/trabablog\/wp-content\/uploads\/2020\/06\/660105FD-1F82-446F-BC90-354A1969EF4B-e1592317495926-169x300.jpeg 169w, http:\/\/traba.org\/trabablog\/wp-content\/uploads\/2020\/06\/660105FD-1F82-446F-BC90-354A1969EF4B-e1592317495926-768x1365.jpeg 768w, http:\/\/traba.org\/trabablog\/wp-content\/uploads\/2020\/06\/660105FD-1F82-446F-BC90-354A1969EF4B-e1592317495926-196x348.jpeg 196w, http:\/\/traba.org\/trabablog\/wp-content\/uploads\/2020\/06\/660105FD-1F82-446F-BC90-354A1969EF4B-e1592317495926-688x1223.jpeg 688w\" sizes=\"auto, (max-width: 576px) 100vw, 576px\" \/><\/p>\n<p>parada al xiringuito per un geladet<\/p>\n<p><img loading=\"lazy\" decoding=\"async\" class=\"aligncenter wp-image-18101 size-large\" src=\"http:\/\/www.traba.org\/trabablog\/wp-content\/uploads\/2020\/06\/7D36410B-3903-44C1-9D7C-84CE82442A14-e1592317515407-576x1024.jpeg\" alt=\"\" width=\"576\" height=\"1024\" srcset=\"http:\/\/traba.org\/trabablog\/wp-content\/uploads\/2020\/06\/7D36410B-3903-44C1-9D7C-84CE82442A14-e1592317515407-576x1024.jpeg 576w, http:\/\/traba.org\/trabablog\/wp-content\/uploads\/2020\/06\/7D36410B-3903-44C1-9D7C-84CE82442A14-e1592317515407-169x300.jpeg 169w, http:\/\/traba.org\/trabablog\/wp-content\/uploads\/2020\/06\/7D36410B-3903-44C1-9D7C-84CE82442A14-e1592317515407-768x1365.jpeg 768w, http:\/\/traba.org\/trabablog\/wp-content\/uploads\/2020\/06\/7D36410B-3903-44C1-9D7C-84CE82442A14-e1592317515407-196x348.jpeg 196w, http:\/\/traba.org\/trabablog\/wp-content\/uploads\/2020\/06\/7D36410B-3903-44C1-9D7C-84CE82442A14-e1592317515407-688x1223.jpeg 688w\" sizes=\"auto, (max-width: 576px) 100vw, 576px\" \/> <img loading=\"lazy\" decoding=\"async\" class=\"aligncenter wp-image-18102 size-large\" src=\"http:\/\/www.traba.org\/trabablog\/wp-content\/uploads\/2020\/06\/B5507468-9418-42C9-BD23-59EF00953C5E-e1592317568302-576x1024.jpeg\" alt=\"\" width=\"576\" height=\"1024\" srcset=\"http:\/\/traba.org\/trabablog\/wp-content\/uploads\/2020\/06\/B5507468-9418-42C9-BD23-59EF00953C5E-e1592317568302-576x1024.jpeg 576w, http:\/\/traba.org\/trabablog\/wp-content\/uploads\/2020\/06\/B5507468-9418-42C9-BD23-59EF00953C5E-e1592317568302-169x300.jpeg 169w, http:\/\/traba.org\/trabablog\/wp-content\/uploads\/2020\/06\/B5507468-9418-42C9-BD23-59EF00953C5E-e1592317568302-768x1365.jpeg 768w, http:\/\/traba.org\/trabablog\/wp-content\/uploads\/2020\/06\/B5507468-9418-42C9-BD23-59EF00953C5E-e1592317568302-196x348.jpeg 196w, http:\/\/traba.org\/trabablog\/wp-content\/uploads\/2020\/06\/B5507468-9418-42C9-BD23-59EF00953C5E-e1592317568302-688x1223.jpeg 688w\" sizes=\"auto, (max-width: 576px) 100vw, 576px\" \/><\/p>\n<p>jugant amb la c\u00e0mara<\/p>\n<p><img loading=\"lazy\" decoding=\"async\" class=\"aligncenter wp-image-18103 size-large\" src=\"http:\/\/www.traba.org\/trabablog\/wp-content\/uploads\/2020\/06\/E54B590E-95A2-45B0-BF89-C0B3BF7BDDF5-e1592317580615-576x1024.jpeg\" alt=\"\" width=\"576\" height=\"1024\" srcset=\"http:\/\/traba.org\/trabablog\/wp-content\/uploads\/2020\/06\/E54B590E-95A2-45B0-BF89-C0B3BF7BDDF5-e1592317580615-576x1024.jpeg 576w, http:\/\/traba.org\/trabablog\/wp-content\/uploads\/2020\/06\/E54B590E-95A2-45B0-BF89-C0B3BF7BDDF5-e1592317580615-169x300.jpeg 169w, http:\/\/traba.org\/trabablog\/wp-content\/uploads\/2020\/06\/E54B590E-95A2-45B0-BF89-C0B3BF7BDDF5-e1592317580615-768x1365.jpeg 768w, http:\/\/traba.org\/trabablog\/wp-content\/uploads\/2020\/06\/E54B590E-95A2-45B0-BF89-C0B3BF7BDDF5-e1592317580615-196x348.jpeg 196w, http:\/\/traba.org\/trabablog\/wp-content\/uploads\/2020\/06\/E54B590E-95A2-45B0-BF89-C0B3BF7BDDF5-e1592317580615-688x1223.jpeg 688w, http:\/\/traba.org\/trabablog\/wp-content\/uploads\/2020\/06\/E54B590E-95A2-45B0-BF89-C0B3BF7BDDF5-e1592317580615.jpeg 1080w\" sizes=\"auto, (max-width: 576px) 100vw, 576px\" \/> <img loading=\"lazy\" decoding=\"async\" class=\"aligncenter wp-image-18104 size-large\" src=\"http:\/\/www.traba.org\/trabablog\/wp-content\/uploads\/2020\/06\/FF507FCD-BBD8-4411-95E9-998CF8BA14A7-e1592317603972-576x1024.jpeg\" alt=\"\" width=\"576\" height=\"1024\" srcset=\"http:\/\/traba.org\/trabablog\/wp-content\/uploads\/2020\/06\/FF507FCD-BBD8-4411-95E9-998CF8BA14A7-e1592317603972-576x1024.jpeg 576w, http:\/\/traba.org\/trabablog\/wp-content\/uploads\/2020\/06\/FF507FCD-BBD8-4411-95E9-998CF8BA14A7-e1592317603972-169x300.jpeg 169w, http:\/\/traba.org\/trabablog\/wp-content\/uploads\/2020\/06\/FF507FCD-BBD8-4411-95E9-998CF8BA14A7-e1592317603972-768x1365.jpeg 768w, http:\/\/traba.org\/trabablog\/wp-content\/uploads\/2020\/06\/FF507FCD-BBD8-4411-95E9-998CF8BA14A7-e1592317603972-196x348.jpeg 196w, http:\/\/traba.org\/trabablog\/wp-content\/uploads\/2020\/06\/FF507FCD-BBD8-4411-95E9-998CF8BA14A7-e1592317603972-688x1223.jpeg 688w, http:\/\/traba.org\/trabablog\/wp-content\/uploads\/2020\/06\/FF507FCD-BBD8-4411-95E9-998CF8BA14A7-e1592317603972.jpeg 1080w\" sizes=\"auto, (max-width: 576px) 100vw, 576px\" \/> <img loading=\"lazy\" decoding=\"async\" class=\"aligncenter wp-image-18105 size-large\" src=\"http:\/\/www.traba.org\/trabablog\/wp-content\/uploads\/2020\/06\/0696B09A-0235-446E-BE6C-368C2EF4693A-e1592317617295-576x1024.jpeg\" alt=\"\" width=\"576\" height=\"1024\" srcset=\"http:\/\/traba.org\/trabablog\/wp-content\/uploads\/2020\/06\/0696B09A-0235-446E-BE6C-368C2EF4693A-e1592317617295-576x1024.jpeg 576w, http:\/\/traba.org\/trabablog\/wp-content\/uploads\/2020\/06\/0696B09A-0235-446E-BE6C-368C2EF4693A-e1592317617295-169x300.jpeg 169w, http:\/\/traba.org\/trabablog\/wp-content\/uploads\/2020\/06\/0696B09A-0235-446E-BE6C-368C2EF4693A-e1592317617295-768x1365.jpeg 768w, http:\/\/traba.org\/trabablog\/wp-content\/uploads\/2020\/06\/0696B09A-0235-446E-BE6C-368C2EF4693A-e1592317617295-196x348.jpeg 196w, http:\/\/traba.org\/trabablog\/wp-content\/uploads\/2020\/06\/0696B09A-0235-446E-BE6C-368C2EF4693A-e1592317617295-688x1223.jpeg 688w, http:\/\/traba.org\/trabablog\/wp-content\/uploads\/2020\/06\/0696B09A-0235-446E-BE6C-368C2EF4693A-e1592317617295.jpeg 1080w\" sizes=\"auto, (max-width: 576px) 100vw, 576px\" \/><\/p>\n<p>ja de tornada<\/p>\n<div style=\"width: 952px;\" class=\"wp-video\"><video class=\"wp-video-shortcode\" id=\"video-18065-2\" width=\"952\" height=\"1692\" preload=\"metadata\" controls=\"controls\"><source type=\"video\/mp4\" src=\"http:\/\/www.traba.org\/trabablog\/wp-content\/uploads\/2020\/06\/8ACDD8F0-0714-4482-8195-2DD9DA2E0D55.mp4?_=2\" \/><a href=\"http:\/\/www.traba.org\/trabablog\/wp-content\/uploads\/2020\/06\/8ACDD8F0-0714-4482-8195-2DD9DA2E0D55.mp4\">http:\/\/www.traba.org\/trabablog\/wp-content\/uploads\/2020\/06\/8ACDD8F0-0714-4482-8195-2DD9DA2E0D55.mp4<\/a><\/video><\/div>\n<p><img loading=\"lazy\" decoding=\"async\" class=\"aligncenter wp-image-18107 size-large\" src=\"http:\/\/www.traba.org\/trabablog\/wp-content\/uploads\/2020\/06\/6899852A-B795-4ED4-8DD8-94F5C8871AF4-e1592317657135-576x1024.jpeg\" alt=\"\" width=\"576\" height=\"1024\" srcset=\"http:\/\/traba.org\/trabablog\/wp-content\/uploads\/2020\/06\/6899852A-B795-4ED4-8DD8-94F5C8871AF4-e1592317657135-576x1024.jpeg 576w, http:\/\/traba.org\/trabablog\/wp-content\/uploads\/2020\/06\/6899852A-B795-4ED4-8DD8-94F5C8871AF4-e1592317657135-169x300.jpeg 169w, http:\/\/traba.org\/trabablog\/wp-content\/uploads\/2020\/06\/6899852A-B795-4ED4-8DD8-94F5C8871AF4-e1592317657135-768x1365.jpeg 768w, http:\/\/traba.org\/trabablog\/wp-content\/uploads\/2020\/06\/6899852A-B795-4ED4-8DD8-94F5C8871AF4-e1592317657135-196x348.jpeg 196w, http:\/\/traba.org\/trabablog\/wp-content\/uploads\/2020\/06\/6899852A-B795-4ED4-8DD8-94F5C8871AF4-e1592317657135-688x1223.jpeg 688w\" sizes=\"auto, (max-width: 576px) 100vw, 576px\" \/><\/p>\n<p>i dilluns fase 3? pues no.<\/p>\n","protected":false},"excerpt":{"rendered":"<p>dilluns 8 de juny. el bruno comen\u00e7a el cole, la lola no. a parvulari s\u00f3n 8. prim\u00e0ria no \u00e9s obligatori que obrin. per\u00f2 tenim sort, altres coles no han obert&#8230;<\/p>\n","protected":false},"author":5,"featured_media":18076,"comment_status":"open","ping_status":"open","sticky":false,"template":"","format":"standard","meta":{"_monsterinsights_skip_tracking":false,"_monsterinsights_sitenote_active":false,"_monsterinsights_sitenote_note":"","_monsterinsights_sitenote_category":0,"footnotes":""},"categories":[28],"tags":[],"class_list":["post-18065","post","type-post","status-publish","format-standard","has-post-thumbnail","hentry","category-ordinary-days"],"_links":{"self":[{"href":"http:\/\/traba.org\/trabablog\/index.php?rest_route=\/wp\/v2\/posts\/18065","targetHints":{"allow":["GET"]}}],"collection":[{"href":"http:\/\/traba.org\/trabablog\/index.php?rest_route=\/wp\/v2\/posts"}],"about":[{"href":"http:\/\/traba.org\/trabablog\/index.php?rest_route=\/wp\/v2\/types\/post"}],"author":[{"embeddable":true,"href":"http:\/\/traba.org\/trabablog\/index.php?rest_route=\/wp\/v2\/users\/5"}],"replies":[{"embeddable":true,"href":"http:\/\/traba.org\/trabablog\/index.php?rest_route=%2Fwp%2Fv2%2Fcomments&post=18065"}],"version-history":[{"count":2,"href":"http:\/\/traba.org\/trabablog\/index.php?rest_route=\/wp\/v2\/posts\/18065\/revisions"}],"predecessor-version":[{"id":19628,"href":"http:\/\/traba.org\/trabablog\/index.php?rest_route=\/wp\/v2\/posts\/18065\/revisions\/19628"}],"wp:featuredmedia":[{"embeddable":true,"href":"http:\/\/traba.org\/trabablog\/index.php?rest_route=\/wp\/v2\/media\/18076"}],"wp:attachment":[{"href":"http:\/\/traba.org\/trabablog\/index.php?rest_route=%2Fwp%2Fv2%2Fmedia&parent=18065"}],"wp:term":[{"taxonomy":"category","embeddable":true,"href":"http:\/\/traba.org\/trabablog\/index.php?rest_route=%2Fwp%2Fv2%2Fcategories&post=18065"},{"taxonomy":"post_tag","embeddable":true,"href":"http:\/\/traba.org\/trabablog\/index.php?rest_route=%2Fwp%2Fv2%2Ftags&post=18065"}],"curies":[{"name":"wp","href":"https:\/\/api.w.org\/{rel}","templated":true}]}}