{"id":18663,"date":"2021-03-13T11:23:47","date_gmt":"2021-03-13T10:23:47","guid":{"rendered":"http:\/\/www.traba.org\/trabablog\/?p=18663"},"modified":"2021-03-21T10:48:14","modified_gmt":"2021-03-21T09:48:14","slug":"octubre-2020-comencem-la-tercera-onada","status":"publish","type":"post","link":"http:\/\/traba.org\/trabablog\/?p=18663","title":{"rendered":"Octubre 2020: comencem la segona onada"},"content":{"rendered":"<p><img loading=\"lazy\" decoding=\"async\" class=\"aligncenter size-full wp-image-18664\" src=\"http:\/\/www.traba.org\/trabablog\/wp-content\/uploads\/2021\/03\/image.png\" alt=\"\" width=\"1514\" height=\"1494\" \/><\/p>\n<p>Per sort els coles no tanquen.<\/p>\n<p><img loading=\"lazy\" decoding=\"async\" class=\"aligncenter size-full wp-image-18665\" src=\"http:\/\/www.traba.org\/trabablog\/wp-content\/uploads\/2021\/03\/47CB39B0-5BC6-4A82-8FE3-EC0ECC0899CA.jpeg\" alt=\"\" width=\"4032\" height=\"3024\" \/><\/p>\n<p>La casa acaba aix\u00ed, doncs multiplicat per 6 habitacions m\u00e9s.<\/p>\n<p><img loading=\"lazy\" decoding=\"async\" class=\"aligncenter size-large wp-image-18666\" src=\"http:\/\/www.traba.org\/trabablog\/wp-content\/uploads\/2021\/03\/F23BC4E5-D5D4-412B-BB2E-061D804F2BC3.jpeg\" alt=\"\" width=\"700\" height=\"525\" \/><\/p>\n<p>Tornem a jugar al Pandemic.<\/p>\n<p><img loading=\"lazy\" decoding=\"async\" class=\"aligncenter size-large wp-image-18667\" src=\"http:\/\/www.traba.org\/trabablog\/wp-content\/uploads\/2021\/03\/FD3F3B23-04D8-4B66-B22F-787814B33DC3.jpeg\" alt=\"\" width=\"700\" height=\"525\" \/><\/p>\n<p>Un dia a la pelu per aix\u00f2 no ens el pod\u00edem saltar.<\/p>\n<p><img loading=\"lazy\" decoding=\"async\" class=\"aligncenter wp-image-18668 size-full\" src=\"http:\/\/www.traba.org\/trabablog\/wp-content\/uploads\/2021\/03\/FF171BC0-E863-4E8A-ADD8-72A185A87276-e1616318490417.jpeg\" alt=\"\" width=\"3024\" height=\"4032\" \/><\/p>\n<p>L&#8217;any que ve a P3&#8230; si no passa res estrany amb els cures del Patronat.<\/p>\n<p><img loading=\"lazy\" decoding=\"async\" class=\"aligncenter wp-image-18669 size-full\" src=\"http:\/\/www.traba.org\/trabablog\/wp-content\/uploads\/2021\/03\/BF2E1736-8CAB-4862-BD13-D2B55751A98C-e1616320054796.jpeg\" alt=\"\" width=\"3456\" height=\"4608\" \/><\/p>\n<p>De tornada de la pelu, regal sorpresa.<\/p>\n<p><img loading=\"lazy\" decoding=\"async\" class=\"aligncenter wp-image-18670 size-full\" src=\"http:\/\/www.traba.org\/trabablog\/wp-content\/uploads\/2021\/03\/9B85896F-2DC4-4107-A78E-CBFE10DC54BC-e1616320073532.jpeg\" alt=\"\" width=\"3024\" height=\"4032\" \/><\/p>\n<p>La sortida de la guarde amb la Iris, Joel, Elena i Ale.<\/p>\n<p><img loading=\"lazy\" decoding=\"async\" class=\"aligncenter size-large wp-image-18671\" src=\"http:\/\/www.traba.org\/trabablog\/wp-content\/uploads\/2021\/03\/D2A56B95-3881-4942-8CB4-94C13907E16C.jpeg\" alt=\"\" width=\"700\" height=\"525\" \/><\/p>\n<p>Aquest si que va ser l&#8217;\u00faltim cap de setmana de Fonolleres de la temporada.<\/p>\n<p><img loading=\"lazy\" decoding=\"async\" class=\"aligncenter size-large wp-image-18672\" src=\"http:\/\/www.traba.org\/trabablog\/wp-content\/uploads\/2021\/03\/FD747F49-7472-4347-A700-DE6B89899E37.jpeg\" alt=\"\" width=\"700\" height=\"525\" \/><\/p>\n<p>Jugant amb les muntanyes de blat de moro.<\/p>\n<p><img loading=\"lazy\" decoding=\"async\" class=\"aligncenter size-large wp-image-18673\" src=\"http:\/\/www.traba.org\/trabablog\/wp-content\/uploads\/2021\/03\/9FD86F8B-9C91-452D-B7ED-68AE3E9383E8.jpeg\" alt=\"\" width=\"700\" height=\"700\" \/><\/p>\n<p>Vermutillo a l&#8217;aire lliure.<\/p>\n<p><img loading=\"lazy\" decoding=\"async\" class=\"aligncenter size-large wp-image-18674\" src=\"http:\/\/www.traba.org\/trabablog\/wp-content\/uploads\/2021\/03\/C06C7D4C-FE5E-4111-A2CA-A58BEAAA3122.jpeg\" alt=\"\" width=\"700\" height=\"525\" \/><\/p>\n<p>I ja a Barcelona, esmorzars de cullera de cap de setmana.<\/p>\n<p><img loading=\"lazy\" decoding=\"async\" class=\"aligncenter size-large wp-image-18675\" src=\"http:\/\/www.traba.org\/trabablog\/wp-content\/uploads\/2021\/03\/DBBDF237-A4E4-4298-94D8-DD035301BEA0.jpeg\" alt=\"\" width=\"700\" height=\"525\" \/> <img loading=\"lazy\" decoding=\"async\" class=\"aligncenter wp-image-18676 size-full\" src=\"http:\/\/www.traba.org\/trabablog\/wp-content\/uploads\/2021\/03\/26FD4931-31CD-4EC7-B54C-3FC74A225AC2-e1616320089880.jpeg\" alt=\"\" width=\"3456\" height=\"4608\" \/><\/p>\n<p>Indoor games.<\/p>\n<p><img loading=\"lazy\" decoding=\"async\" class=\"aligncenter size-large wp-image-18677\" src=\"http:\/\/www.traba.org\/trabablog\/wp-content\/uploads\/2021\/03\/3441BA46-9787-4019-96D4-4655AE17004B.jpeg\" alt=\"\" width=\"700\" height=\"525\" \/><\/p>\n","protected":false},"excerpt":{"rendered":"<p>Per sort els coles no tanquen. La casa acaba aix\u00ed, doncs multiplicat per 6 habitacions m\u00e9s. Tornem a jugar al Pandemic. Un dia a la pelu per aix\u00f2 no ens&#8230;<\/p>\n","protected":false},"author":5,"featured_media":18686,"comment_status":"open","ping_status":"open","sticky":false,"template":"","format":"standard","meta":{"_monsterinsights_skip_tracking":false,"_monsterinsights_sitenote_active":false,"_monsterinsights_sitenote_note":"","_monsterinsights_sitenote_category":0,"footnotes":""},"categories":[28],"tags":[],"class_list":["post-18663","post","type-post","status-publish","format-standard","has-post-thumbnail","hentry","category-ordinary-days"],"_links":{"self":[{"href":"http:\/\/traba.org\/trabablog\/index.php?rest_route=\/wp\/v2\/posts\/18663","targetHints":{"allow":["GET"]}}],"collection":[{"href":"http:\/\/traba.org\/trabablog\/index.php?rest_route=\/wp\/v2\/posts"}],"about":[{"href":"http:\/\/traba.org\/trabablog\/index.php?rest_route=\/wp\/v2\/types\/post"}],"author":[{"embeddable":true,"href":"http:\/\/traba.org\/trabablog\/index.php?rest_route=\/wp\/v2\/users\/5"}],"replies":[{"embeddable":true,"href":"http:\/\/traba.org\/trabablog\/index.php?rest_route=%2Fwp%2Fv2%2Fcomments&post=18663"}],"version-history":[{"count":7,"href":"http:\/\/traba.org\/trabablog\/index.php?rest_route=\/wp\/v2\/posts\/18663\/revisions"}],"predecessor-version":[{"id":18690,"href":"http:\/\/traba.org\/trabablog\/index.php?rest_route=\/wp\/v2\/posts\/18663\/revisions\/18690"}],"wp:featuredmedia":[{"embeddable":true,"href":"http:\/\/traba.org\/trabablog\/index.php?rest_route=\/wp\/v2\/media\/18686"}],"wp:attachment":[{"href":"http:\/\/traba.org\/trabablog\/index.php?rest_route=%2Fwp%2Fv2%2Fmedia&parent=18663"}],"wp:term":[{"taxonomy":"category","embeddable":true,"href":"http:\/\/traba.org\/trabablog\/index.php?rest_route=%2Fwp%2Fv2%2Fcategories&post=18663"},{"taxonomy":"post_tag","embeddable":true,"href":"http:\/\/traba.org\/trabablog\/index.php?rest_route=%2Fwp%2Fv2%2Ftags&post=18663"}],"curies":[{"name":"wp","href":"https:\/\/api.w.org\/{rel}","templated":true}]}}