{"id":18689,"date":"2021-03-21T11:07:56","date_gmt":"2021-03-21T10:07:56","guid":{"rendered":"http:\/\/www.traba.org\/trabablog\/?p=18689"},"modified":"2021-03-21T11:29:26","modified_gmt":"2021-03-21T10:29:26","slug":"novembre-2020-de-baixada","status":"publish","type":"post","link":"http:\/\/traba.org\/trabablog\/?p=18689","title":{"rendered":"Novembre 2020: de baixada"},"content":{"rendered":"<p><img loading=\"lazy\" decoding=\"async\" class=\"aligncenter size-large wp-image-18691\" src=\"http:\/\/www.traba.org\/trabablog\/wp-content\/uploads\/2021\/03\/covid11-e1616320268231-1024x1005.png\" alt=\"\" width=\"700\" height=\"687\" srcset=\"http:\/\/traba.org\/trabablog\/wp-content\/uploads\/2021\/03\/covid11-e1616320268231-1024x1005.png 1024w, http:\/\/traba.org\/trabablog\/wp-content\/uploads\/2021\/03\/covid11-e1616320268231-300x294.png 300w, http:\/\/traba.org\/trabablog\/wp-content\/uploads\/2021\/03\/covid11-e1616320268231-768x753.png 768w, http:\/\/traba.org\/trabablog\/wp-content\/uploads\/2021\/03\/covid11-e1616320268231-355x348.png 355w, http:\/\/traba.org\/trabablog\/wp-content\/uploads\/2021\/03\/covid11-e1616320268231-688x675.png 688w, http:\/\/traba.org\/trabablog\/wp-content\/uploads\/2021\/03\/covid11-e1616320268231.png 1533w\" sizes=\"auto, (max-width: 700px) 100vw, 700px\" \/><\/p>\n<p>Comen\u00e7a la baixada, per\u00f2 seguim en slow mode.<\/p>\n<p>Novembre a la platja de la Barceloneta&#8230;<\/p>\n<p><img loading=\"lazy\" decoding=\"async\" class=\"aligncenter wp-image-18692 size-large\" src=\"http:\/\/www.traba.org\/trabablog\/wp-content\/uploads\/2021\/03\/EAA44C96-3CBA-4AA5-A2D8-E5AE8627753A-e1616322266853-576x1024.jpeg\" alt=\"\" width=\"576\" height=\"1024\" srcset=\"http:\/\/traba.org\/trabablog\/wp-content\/uploads\/2021\/03\/EAA44C96-3CBA-4AA5-A2D8-E5AE8627753A-e1616322266853-576x1024.jpeg 576w, http:\/\/traba.org\/trabablog\/wp-content\/uploads\/2021\/03\/EAA44C96-3CBA-4AA5-A2D8-E5AE8627753A-e1616322266853-169x300.jpeg 169w, http:\/\/traba.org\/trabablog\/wp-content\/uploads\/2021\/03\/EAA44C96-3CBA-4AA5-A2D8-E5AE8627753A-e1616322266853-768x1365.jpeg 768w, http:\/\/traba.org\/trabablog\/wp-content\/uploads\/2021\/03\/EAA44C96-3CBA-4AA5-A2D8-E5AE8627753A-e1616322266853-196x348.jpeg 196w, http:\/\/traba.org\/trabablog\/wp-content\/uploads\/2021\/03\/EAA44C96-3CBA-4AA5-A2D8-E5AE8627753A-e1616322266853-688x1222.jpeg 688w\" sizes=\"auto, (max-width: 576px) 100vw, 576px\" \/><\/p>\n<p>Llegint&#8230;<\/p>\n<p><img loading=\"lazy\" decoding=\"async\" class=\"aligncenter size-large wp-image-18693\" src=\"http:\/\/www.traba.org\/trabablog\/wp-content\/uploads\/2021\/03\/6050F35D-3111-4016-A23D-CADF552A27EA-1024x768.jpeg\" alt=\"\" width=\"700\" height=\"525\" srcset=\"http:\/\/traba.org\/trabablog\/wp-content\/uploads\/2021\/03\/6050F35D-3111-4016-A23D-CADF552A27EA-1024x768.jpeg 1024w, http:\/\/traba.org\/trabablog\/wp-content\/uploads\/2021\/03\/6050F35D-3111-4016-A23D-CADF552A27EA-300x225.jpeg 300w, http:\/\/traba.org\/trabablog\/wp-content\/uploads\/2021\/03\/6050F35D-3111-4016-A23D-CADF552A27EA-768x576.jpeg 768w, http:\/\/traba.org\/trabablog\/wp-content\/uploads\/2021\/03\/6050F35D-3111-4016-A23D-CADF552A27EA-460x345.jpeg 460w, http:\/\/traba.org\/trabablog\/wp-content\/uploads\/2021\/03\/6050F35D-3111-4016-A23D-CADF552A27EA-688x516.jpeg 688w\" sizes=\"auto, (max-width: 700px) 100vw, 700px\" \/> <img loading=\"lazy\" decoding=\"async\" class=\"aligncenter size-large wp-image-18694\" src=\"http:\/\/www.traba.org\/trabablog\/wp-content\/uploads\/2021\/03\/9449CA9A-9E3D-4222-ABD3-B2494730A9D1-1024x768.jpeg\" alt=\"\" width=\"700\" height=\"525\" srcset=\"http:\/\/traba.org\/trabablog\/wp-content\/uploads\/2021\/03\/9449CA9A-9E3D-4222-ABD3-B2494730A9D1-1024x768.jpeg 1024w, http:\/\/traba.org\/trabablog\/wp-content\/uploads\/2021\/03\/9449CA9A-9E3D-4222-ABD3-B2494730A9D1-300x225.jpeg 300w, http:\/\/traba.org\/trabablog\/wp-content\/uploads\/2021\/03\/9449CA9A-9E3D-4222-ABD3-B2494730A9D1-768x576.jpeg 768w, http:\/\/traba.org\/trabablog\/wp-content\/uploads\/2021\/03\/9449CA9A-9E3D-4222-ABD3-B2494730A9D1-460x345.jpeg 460w, http:\/\/traba.org\/trabablog\/wp-content\/uploads\/2021\/03\/9449CA9A-9E3D-4222-ABD3-B2494730A9D1-688x516.jpeg 688w\" sizes=\"auto, (max-width: 700px) 100vw, 700px\" \/><\/p>\n<p>Fent puzles&#8230;<\/p>\n<p><img loading=\"lazy\" decoding=\"async\" class=\"aligncenter wp-image-18695 size-large\" src=\"http:\/\/www.traba.org\/trabablog\/wp-content\/uploads\/2021\/03\/9FBC1C84-2394-48A4-B927-43158B767770-e1616322307201-768x1024.jpeg\" alt=\"\" width=\"700\" height=\"933\" srcset=\"http:\/\/traba.org\/trabablog\/wp-content\/uploads\/2021\/03\/9FBC1C84-2394-48A4-B927-43158B767770-e1616322307201-768x1024.jpeg 768w, http:\/\/traba.org\/trabablog\/wp-content\/uploads\/2021\/03\/9FBC1C84-2394-48A4-B927-43158B767770-e1616322307201-225x300.jpeg 225w, http:\/\/traba.org\/trabablog\/wp-content\/uploads\/2021\/03\/9FBC1C84-2394-48A4-B927-43158B767770-e1616322307201-261x348.jpeg 261w, http:\/\/traba.org\/trabablog\/wp-content\/uploads\/2021\/03\/9FBC1C84-2394-48A4-B927-43158B767770-e1616322307201-688x917.jpeg 688w\" sizes=\"auto, (max-width: 700px) 100vw, 700px\" \/><\/p>\n<p>I despr\u00e9s de recollir els trastos a Fonolleres, vam anar a dinar a cala Estreta, un dilluns amb els 3 nens a lescola.<\/p>\n<p><img loading=\"lazy\" decoding=\"async\" class=\"aligncenter size-large wp-image-18696\" src=\"http:\/\/www.traba.org\/trabablog\/wp-content\/uploads\/2021\/03\/0BBD37A7-7324-4A39-BADE-454F2C906A6F-1024x768.jpeg\" alt=\"\" width=\"700\" height=\"525\" srcset=\"http:\/\/traba.org\/trabablog\/wp-content\/uploads\/2021\/03\/0BBD37A7-7324-4A39-BADE-454F2C906A6F-1024x768.jpeg 1024w, http:\/\/traba.org\/trabablog\/wp-content\/uploads\/2021\/03\/0BBD37A7-7324-4A39-BADE-454F2C906A6F-300x225.jpeg 300w, http:\/\/traba.org\/trabablog\/wp-content\/uploads\/2021\/03\/0BBD37A7-7324-4A39-BADE-454F2C906A6F-768x576.jpeg 768w, http:\/\/traba.org\/trabablog\/wp-content\/uploads\/2021\/03\/0BBD37A7-7324-4A39-BADE-454F2C906A6F-460x345.jpeg 460w, http:\/\/traba.org\/trabablog\/wp-content\/uploads\/2021\/03\/0BBD37A7-7324-4A39-BADE-454F2C906A6F-688x516.jpeg 688w\" sizes=\"auto, (max-width: 700px) 100vw, 700px\" \/> <img loading=\"lazy\" decoding=\"async\" class=\"aligncenter size-large wp-image-18697\" src=\"http:\/\/www.traba.org\/trabablog\/wp-content\/uploads\/2021\/03\/FDAA3B93-E7AF-4C2D-B261-51D67CA24500-1024x768.jpeg\" alt=\"\" width=\"700\" height=\"525\" srcset=\"http:\/\/traba.org\/trabablog\/wp-content\/uploads\/2021\/03\/FDAA3B93-E7AF-4C2D-B261-51D67CA24500-1024x768.jpeg 1024w, http:\/\/traba.org\/trabablog\/wp-content\/uploads\/2021\/03\/FDAA3B93-E7AF-4C2D-B261-51D67CA24500-300x225.jpeg 300w, http:\/\/traba.org\/trabablog\/wp-content\/uploads\/2021\/03\/FDAA3B93-E7AF-4C2D-B261-51D67CA24500-768x576.jpeg 768w, http:\/\/traba.org\/trabablog\/wp-content\/uploads\/2021\/03\/FDAA3B93-E7AF-4C2D-B261-51D67CA24500-460x345.jpeg 460w, http:\/\/traba.org\/trabablog\/wp-content\/uploads\/2021\/03\/FDAA3B93-E7AF-4C2D-B261-51D67CA24500-688x516.jpeg 688w\" sizes=\"auto, (max-width: 700px) 100vw, 700px\" \/> <img loading=\"lazy\" decoding=\"async\" class=\"aligncenter size-large wp-image-18698\" src=\"http:\/\/www.traba.org\/trabablog\/wp-content\/uploads\/2021\/03\/87FD11A3-3060-440F-A74B-8A10E7FCF027-1024x768.jpeg\" alt=\"\" width=\"700\" height=\"525\" srcset=\"http:\/\/traba.org\/trabablog\/wp-content\/uploads\/2021\/03\/87FD11A3-3060-440F-A74B-8A10E7FCF027-1024x768.jpeg 1024w, http:\/\/traba.org\/trabablog\/wp-content\/uploads\/2021\/03\/87FD11A3-3060-440F-A74B-8A10E7FCF027-300x225.jpeg 300w, http:\/\/traba.org\/trabablog\/wp-content\/uploads\/2021\/03\/87FD11A3-3060-440F-A74B-8A10E7FCF027-768x576.jpeg 768w, http:\/\/traba.org\/trabablog\/wp-content\/uploads\/2021\/03\/87FD11A3-3060-440F-A74B-8A10E7FCF027-460x345.jpeg 460w, http:\/\/traba.org\/trabablog\/wp-content\/uploads\/2021\/03\/87FD11A3-3060-440F-A74B-8A10E7FCF027-688x516.jpeg 688w\" sizes=\"auto, (max-width: 700px) 100vw, 700px\" \/> <img loading=\"lazy\" decoding=\"async\" class=\"aligncenter size-large wp-image-18699\" src=\"http:\/\/www.traba.org\/trabablog\/wp-content\/uploads\/2021\/03\/0059AFB4-D4BC-4305-BA54-5F3E5372F628-1024x768.jpeg\" alt=\"\" width=\"700\" height=\"525\" srcset=\"http:\/\/traba.org\/trabablog\/wp-content\/uploads\/2021\/03\/0059AFB4-D4BC-4305-BA54-5F3E5372F628-1024x768.jpeg 1024w, http:\/\/traba.org\/trabablog\/wp-content\/uploads\/2021\/03\/0059AFB4-D4BC-4305-BA54-5F3E5372F628-300x225.jpeg 300w, http:\/\/traba.org\/trabablog\/wp-content\/uploads\/2021\/03\/0059AFB4-D4BC-4305-BA54-5F3E5372F628-768x576.jpeg 768w, http:\/\/traba.org\/trabablog\/wp-content\/uploads\/2021\/03\/0059AFB4-D4BC-4305-BA54-5F3E5372F628-460x345.jpeg 460w, http:\/\/traba.org\/trabablog\/wp-content\/uploads\/2021\/03\/0059AFB4-D4BC-4305-BA54-5F3E5372F628-688x516.jpeg 688w\" sizes=\"auto, (max-width: 700px) 100vw, 700px\" \/> <img loading=\"lazy\" decoding=\"async\" class=\"aligncenter size-large wp-image-18700\" src=\"http:\/\/www.traba.org\/trabablog\/wp-content\/uploads\/2021\/03\/57F3FA1C-2487-4087-96AE-CBC80EEBA330-1024x768.jpeg\" alt=\"\" width=\"700\" height=\"525\" srcset=\"http:\/\/traba.org\/trabablog\/wp-content\/uploads\/2021\/03\/57F3FA1C-2487-4087-96AE-CBC80EEBA330-1024x768.jpeg 1024w, http:\/\/traba.org\/trabablog\/wp-content\/uploads\/2021\/03\/57F3FA1C-2487-4087-96AE-CBC80EEBA330-300x225.jpeg 300w, http:\/\/traba.org\/trabablog\/wp-content\/uploads\/2021\/03\/57F3FA1C-2487-4087-96AE-CBC80EEBA330-768x576.jpeg 768w, http:\/\/traba.org\/trabablog\/wp-content\/uploads\/2021\/03\/57F3FA1C-2487-4087-96AE-CBC80EEBA330-460x345.jpeg 460w, http:\/\/traba.org\/trabablog\/wp-content\/uploads\/2021\/03\/57F3FA1C-2487-4087-96AE-CBC80EEBA330-688x516.jpeg 688w\" sizes=\"auto, (max-width: 700px) 100vw, 700px\" \/> <img loading=\"lazy\" decoding=\"async\" class=\"aligncenter size-large wp-image-18701\" src=\"http:\/\/www.traba.org\/trabablog\/wp-content\/uploads\/2021\/03\/24EF0069-414A-4CF8-8E98-B1569EA94A0D-1024x768.jpeg\" alt=\"\" width=\"700\" height=\"525\" srcset=\"http:\/\/traba.org\/trabablog\/wp-content\/uploads\/2021\/03\/24EF0069-414A-4CF8-8E98-B1569EA94A0D-1024x768.jpeg 1024w, http:\/\/traba.org\/trabablog\/wp-content\/uploads\/2021\/03\/24EF0069-414A-4CF8-8E98-B1569EA94A0D-300x225.jpeg 300w, http:\/\/traba.org\/trabablog\/wp-content\/uploads\/2021\/03\/24EF0069-414A-4CF8-8E98-B1569EA94A0D-768x576.jpeg 768w, http:\/\/traba.org\/trabablog\/wp-content\/uploads\/2021\/03\/24EF0069-414A-4CF8-8E98-B1569EA94A0D-460x345.jpeg 460w, http:\/\/traba.org\/trabablog\/wp-content\/uploads\/2021\/03\/24EF0069-414A-4CF8-8E98-B1569EA94A0D-688x516.jpeg 688w\" sizes=\"auto, (max-width: 700px) 100vw, 700px\" \/> <img loading=\"lazy\" decoding=\"async\" class=\"aligncenter size-large wp-image-18702\" src=\"http:\/\/www.traba.org\/trabablog\/wp-content\/uploads\/2021\/03\/37D07F69-9E7C-4585-90F8-3D9A827FA6EC-1024x768.jpeg\" alt=\"\" width=\"700\" height=\"525\" srcset=\"http:\/\/traba.org\/trabablog\/wp-content\/uploads\/2021\/03\/37D07F69-9E7C-4585-90F8-3D9A827FA6EC-1024x768.jpeg 1024w, http:\/\/traba.org\/trabablog\/wp-content\/uploads\/2021\/03\/37D07F69-9E7C-4585-90F8-3D9A827FA6EC-300x225.jpeg 300w, http:\/\/traba.org\/trabablog\/wp-content\/uploads\/2021\/03\/37D07F69-9E7C-4585-90F8-3D9A827FA6EC-768x576.jpeg 768w, http:\/\/traba.org\/trabablog\/wp-content\/uploads\/2021\/03\/37D07F69-9E7C-4585-90F8-3D9A827FA6EC-460x345.jpeg 460w, http:\/\/traba.org\/trabablog\/wp-content\/uploads\/2021\/03\/37D07F69-9E7C-4585-90F8-3D9A827FA6EC-688x516.jpeg 688w\" sizes=\"auto, (max-width: 700px) 100vw, 700px\" \/><\/p>\n<p>un dia de pluja a les 7 del mat\u00ed<\/p>\n<p><img loading=\"lazy\" decoding=\"async\" class=\"aligncenter wp-image-18703 size-large\" src=\"http:\/\/www.traba.org\/trabablog\/wp-content\/uploads\/2021\/03\/121B493B-3021-4663-B67C-3ED53E786C99-e1616322343669-768x1024.jpeg\" alt=\"\" width=\"700\" height=\"933\" srcset=\"http:\/\/traba.org\/trabablog\/wp-content\/uploads\/2021\/03\/121B493B-3021-4663-B67C-3ED53E786C99-e1616322343669-768x1024.jpeg 768w, http:\/\/traba.org\/trabablog\/wp-content\/uploads\/2021\/03\/121B493B-3021-4663-B67C-3ED53E786C99-e1616322343669-225x300.jpeg 225w, http:\/\/traba.org\/trabablog\/wp-content\/uploads\/2021\/03\/121B493B-3021-4663-B67C-3ED53E786C99-e1616322343669-261x348.jpeg 261w, http:\/\/traba.org\/trabablog\/wp-content\/uploads\/2021\/03\/121B493B-3021-4663-B67C-3ED53E786C99-e1616322343669-688x917.jpeg 688w\" sizes=\"auto, (max-width: 700px) 100vw, 700px\" \/><\/p>\n<p>Seguim amb els jocs indoor<\/p>\n<p><img loading=\"lazy\" decoding=\"async\" class=\"aligncenter wp-image-18704 size-large\" src=\"http:\/\/www.traba.org\/trabablog\/wp-content\/uploads\/2021\/03\/1CA12B5B-A3A7-4D1E-B90A-D5E296601C8F-e1616322369752-768x1024.jpeg\" alt=\"\" width=\"700\" height=\"933\" srcset=\"http:\/\/traba.org\/trabablog\/wp-content\/uploads\/2021\/03\/1CA12B5B-A3A7-4D1E-B90A-D5E296601C8F-e1616322369752-768x1024.jpeg 768w, http:\/\/traba.org\/trabablog\/wp-content\/uploads\/2021\/03\/1CA12B5B-A3A7-4D1E-B90A-D5E296601C8F-e1616322369752-225x300.jpeg 225w, http:\/\/traba.org\/trabablog\/wp-content\/uploads\/2021\/03\/1CA12B5B-A3A7-4D1E-B90A-D5E296601C8F-e1616322369752-261x348.jpeg 261w, http:\/\/traba.org\/trabablog\/wp-content\/uploads\/2021\/03\/1CA12B5B-A3A7-4D1E-B90A-D5E296601C8F-e1616322369752-688x917.jpeg 688w\" sizes=\"auto, (max-width: 700px) 100vw, 700px\" \/><\/p>\n<p>I els dinars al terrat de casa<\/p>\n<p><img loading=\"lazy\" decoding=\"async\" class=\"aligncenter size-large wp-image-18705\" src=\"http:\/\/www.traba.org\/trabablog\/wp-content\/uploads\/2021\/03\/1598C4B4-4029-4F9F-AE48-B57E63ED7CAD-1024x768.jpeg\" alt=\"\" width=\"700\" height=\"525\" srcset=\"http:\/\/traba.org\/trabablog\/wp-content\/uploads\/2021\/03\/1598C4B4-4029-4F9F-AE48-B57E63ED7CAD-1024x768.jpeg 1024w, http:\/\/traba.org\/trabablog\/wp-content\/uploads\/2021\/03\/1598C4B4-4029-4F9F-AE48-B57E63ED7CAD-300x225.jpeg 300w, http:\/\/traba.org\/trabablog\/wp-content\/uploads\/2021\/03\/1598C4B4-4029-4F9F-AE48-B57E63ED7CAD-768x576.jpeg 768w, http:\/\/traba.org\/trabablog\/wp-content\/uploads\/2021\/03\/1598C4B4-4029-4F9F-AE48-B57E63ED7CAD-460x345.jpeg 460w, http:\/\/traba.org\/trabablog\/wp-content\/uploads\/2021\/03\/1598C4B4-4029-4F9F-AE48-B57E63ED7CAD-688x516.jpeg 688w\" sizes=\"auto, (max-width: 700px) 100vw, 700px\" \/> <img loading=\"lazy\" decoding=\"async\" class=\"aligncenter size-large wp-image-18706\" src=\"http:\/\/www.traba.org\/trabablog\/wp-content\/uploads\/2021\/03\/DCB23C01-A932-4F18-B942-5FE603334F10-1024x768.jpeg\" alt=\"\" width=\"700\" height=\"525\" srcset=\"http:\/\/traba.org\/trabablog\/wp-content\/uploads\/2021\/03\/DCB23C01-A932-4F18-B942-5FE603334F10-1024x768.jpeg 1024w, http:\/\/traba.org\/trabablog\/wp-content\/uploads\/2021\/03\/DCB23C01-A932-4F18-B942-5FE603334F10-300x225.jpeg 300w, http:\/\/traba.org\/trabablog\/wp-content\/uploads\/2021\/03\/DCB23C01-A932-4F18-B942-5FE603334F10-768x576.jpeg 768w, http:\/\/traba.org\/trabablog\/wp-content\/uploads\/2021\/03\/DCB23C01-A932-4F18-B942-5FE603334F10-460x345.jpeg 460w, http:\/\/traba.org\/trabablog\/wp-content\/uploads\/2021\/03\/DCB23C01-A932-4F18-B942-5FE603334F10-688x516.jpeg 688w\" sizes=\"auto, (max-width: 700px) 100vw, 700px\" \/><\/p>\n<p>Per sort l&#8217;escola funciona normalment.<\/p>\n<div style=\"width: 952px;\" class=\"wp-video\"><video class=\"wp-video-shortcode\" id=\"video-18689-1\" width=\"952\" height=\"536\" preload=\"metadata\" controls=\"controls\"><source type=\"video\/mp4\" src=\"http:\/\/www.traba.org\/trabablog\/wp-content\/uploads\/2021\/03\/FCB5D8B5-7B11-4726-BF51-E38B45062EF2.mp4?_=1\" \/><a href=\"http:\/\/www.traba.org\/trabablog\/wp-content\/uploads\/2021\/03\/FCB5D8B5-7B11-4726-BF51-E38B45062EF2.mp4\">http:\/\/www.traba.org\/trabablog\/wp-content\/uploads\/2021\/03\/FCB5D8B5-7B11-4726-BF51-E38B45062EF2.mp4<\/a><\/video><\/div>\n<p>La posta de sol a Sant Miquel.<\/p>\n<p><img loading=\"lazy\" decoding=\"async\" class=\"aligncenter size-large wp-image-18708\" src=\"http:\/\/www.traba.org\/trabablog\/wp-content\/uploads\/2021\/03\/7178AE41-1CF1-482E-B586-BC52424CD558-1024x768.jpeg\" alt=\"\" width=\"700\" height=\"525\" srcset=\"http:\/\/traba.org\/trabablog\/wp-content\/uploads\/2021\/03\/7178AE41-1CF1-482E-B586-BC52424CD558-1024x768.jpeg 1024w, http:\/\/traba.org\/trabablog\/wp-content\/uploads\/2021\/03\/7178AE41-1CF1-482E-B586-BC52424CD558-300x225.jpeg 300w, http:\/\/traba.org\/trabablog\/wp-content\/uploads\/2021\/03\/7178AE41-1CF1-482E-B586-BC52424CD558-768x576.jpeg 768w, http:\/\/traba.org\/trabablog\/wp-content\/uploads\/2021\/03\/7178AE41-1CF1-482E-B586-BC52424CD558-460x345.jpeg 460w, http:\/\/traba.org\/trabablog\/wp-content\/uploads\/2021\/03\/7178AE41-1CF1-482E-B586-BC52424CD558-688x516.jpeg 688w\" sizes=\"auto, (max-width: 700px) 100vw, 700px\" \/> <img loading=\"lazy\" decoding=\"async\" class=\"aligncenter size-large wp-image-18709\" src=\"http:\/\/www.traba.org\/trabablog\/wp-content\/uploads\/2021\/03\/E17A57AC-B2DC-403D-BB63-EF878C7A65AE-1024x768.jpeg\" alt=\"\" width=\"700\" height=\"525\" srcset=\"http:\/\/traba.org\/trabablog\/wp-content\/uploads\/2021\/03\/E17A57AC-B2DC-403D-BB63-EF878C7A65AE-1024x768.jpeg 1024w, http:\/\/traba.org\/trabablog\/wp-content\/uploads\/2021\/03\/E17A57AC-B2DC-403D-BB63-EF878C7A65AE-300x225.jpeg 300w, http:\/\/traba.org\/trabablog\/wp-content\/uploads\/2021\/03\/E17A57AC-B2DC-403D-BB63-EF878C7A65AE-768x576.jpeg 768w, http:\/\/traba.org\/trabablog\/wp-content\/uploads\/2021\/03\/E17A57AC-B2DC-403D-BB63-EF878C7A65AE-460x345.jpeg 460w, http:\/\/traba.org\/trabablog\/wp-content\/uploads\/2021\/03\/E17A57AC-B2DC-403D-BB63-EF878C7A65AE-688x516.jpeg 688w\" sizes=\"auto, (max-width: 700px) 100vw, 700px\" \/><\/p>\n<p>La caseta dels legos.<\/p>\n<p><img loading=\"lazy\" decoding=\"async\" class=\"aligncenter wp-image-18710 size-large\" src=\"http:\/\/www.traba.org\/trabablog\/wp-content\/uploads\/2021\/03\/D34E7D16-9900-4B39-8BCA-140717EACAC5-e1616322401856-768x1024.jpeg\" alt=\"\" width=\"700\" height=\"933\" srcset=\"http:\/\/traba.org\/trabablog\/wp-content\/uploads\/2021\/03\/D34E7D16-9900-4B39-8BCA-140717EACAC5-e1616322401856-768x1024.jpeg 768w, http:\/\/traba.org\/trabablog\/wp-content\/uploads\/2021\/03\/D34E7D16-9900-4B39-8BCA-140717EACAC5-e1616322401856-225x300.jpeg 225w, http:\/\/traba.org\/trabablog\/wp-content\/uploads\/2021\/03\/D34E7D16-9900-4B39-8BCA-140717EACAC5-e1616322401856-261x348.jpeg 261w, http:\/\/traba.org\/trabablog\/wp-content\/uploads\/2021\/03\/D34E7D16-9900-4B39-8BCA-140717EACAC5-e1616322401856-688x917.jpeg 688w\" sizes=\"auto, (max-width: 700px) 100vw, 700px\" \/><\/p>\n<p>Agricola<\/p>\n<p><img loading=\"lazy\" decoding=\"async\" class=\"aligncenter size-large wp-image-18711\" src=\"http:\/\/www.traba.org\/trabablog\/wp-content\/uploads\/2021\/03\/881A9DC1-84B2-4115-BFF5-4803BA0858D5-1024x768.jpeg\" alt=\"\" width=\"700\" height=\"525\" srcset=\"http:\/\/traba.org\/trabablog\/wp-content\/uploads\/2021\/03\/881A9DC1-84B2-4115-BFF5-4803BA0858D5-1024x768.jpeg 1024w, http:\/\/traba.org\/trabablog\/wp-content\/uploads\/2021\/03\/881A9DC1-84B2-4115-BFF5-4803BA0858D5-300x225.jpeg 300w, http:\/\/traba.org\/trabablog\/wp-content\/uploads\/2021\/03\/881A9DC1-84B2-4115-BFF5-4803BA0858D5-768x576.jpeg 768w, http:\/\/traba.org\/trabablog\/wp-content\/uploads\/2021\/03\/881A9DC1-84B2-4115-BFF5-4803BA0858D5-460x345.jpeg 460w, http:\/\/traba.org\/trabablog\/wp-content\/uploads\/2021\/03\/881A9DC1-84B2-4115-BFF5-4803BA0858D5-688x516.jpeg 688w\" sizes=\"auto, (max-width: 700px) 100vw, 700px\" \/><\/p>\n<p><img loading=\"lazy\" decoding=\"async\" class=\"aligncenter size-large wp-image-18712\" src=\"http:\/\/www.traba.org\/trabablog\/wp-content\/uploads\/2021\/03\/5AC312CD-B174-47B5-B0E1-E0EA0D9EDC1B-1024x768.jpeg\" alt=\"\" width=\"700\" height=\"525\" srcset=\"http:\/\/traba.org\/trabablog\/wp-content\/uploads\/2021\/03\/5AC312CD-B174-47B5-B0E1-E0EA0D9EDC1B-1024x768.jpeg 1024w, http:\/\/traba.org\/trabablog\/wp-content\/uploads\/2021\/03\/5AC312CD-B174-47B5-B0E1-E0EA0D9EDC1B-300x225.jpeg 300w, http:\/\/traba.org\/trabablog\/wp-content\/uploads\/2021\/03\/5AC312CD-B174-47B5-B0E1-E0EA0D9EDC1B-768x576.jpeg 768w, http:\/\/traba.org\/trabablog\/wp-content\/uploads\/2021\/03\/5AC312CD-B174-47B5-B0E1-E0EA0D9EDC1B-460x345.jpeg 460w, http:\/\/traba.org\/trabablog\/wp-content\/uploads\/2021\/03\/5AC312CD-B174-47B5-B0E1-E0EA0D9EDC1B-688x516.jpeg 688w\" sizes=\"auto, (max-width: 700px) 100vw, 700px\" \/><\/p>\n<p>Compartint<\/p>\n<p><img loading=\"lazy\" decoding=\"async\" class=\"aligncenter size-large wp-image-18713\" src=\"http:\/\/www.traba.org\/trabablog\/wp-content\/uploads\/2021\/03\/95C5AAFF-53FF-46ED-82B1-5E348EE50A4C-1024x768.jpeg\" alt=\"\" width=\"700\" height=\"525\" srcset=\"http:\/\/traba.org\/trabablog\/wp-content\/uploads\/2021\/03\/95C5AAFF-53FF-46ED-82B1-5E348EE50A4C-1024x768.jpeg 1024w, http:\/\/traba.org\/trabablog\/wp-content\/uploads\/2021\/03\/95C5AAFF-53FF-46ED-82B1-5E348EE50A4C-300x225.jpeg 300w, http:\/\/traba.org\/trabablog\/wp-content\/uploads\/2021\/03\/95C5AAFF-53FF-46ED-82B1-5E348EE50A4C-768x576.jpeg 768w, http:\/\/traba.org\/trabablog\/wp-content\/uploads\/2021\/03\/95C5AAFF-53FF-46ED-82B1-5E348EE50A4C-460x345.jpeg 460w, http:\/\/traba.org\/trabablog\/wp-content\/uploads\/2021\/03\/95C5AAFF-53FF-46ED-82B1-5E348EE50A4C-688x516.jpeg 688w\" sizes=\"auto, (max-width: 700px) 100vw, 700px\" \/><\/p>\n<p>Fent els deures. Hav\u00edem de contar contenidors de diferents tipus.<\/p>\n<p><img loading=\"lazy\" decoding=\"async\" class=\"aligncenter size-large wp-image-18714\" src=\"http:\/\/www.traba.org\/trabablog\/wp-content\/uploads\/2021\/03\/9157E5E0-1EA6-4B28-AF3E-65878BF3468E-1024x768.jpeg\" alt=\"\" width=\"700\" height=\"525\" srcset=\"http:\/\/traba.org\/trabablog\/wp-content\/uploads\/2021\/03\/9157E5E0-1EA6-4B28-AF3E-65878BF3468E-1024x768.jpeg 1024w, http:\/\/traba.org\/trabablog\/wp-content\/uploads\/2021\/03\/9157E5E0-1EA6-4B28-AF3E-65878BF3468E-300x225.jpeg 300w, http:\/\/traba.org\/trabablog\/wp-content\/uploads\/2021\/03\/9157E5E0-1EA6-4B28-AF3E-65878BF3468E-768x576.jpeg 768w, http:\/\/traba.org\/trabablog\/wp-content\/uploads\/2021\/03\/9157E5E0-1EA6-4B28-AF3E-65878BF3468E-460x345.jpeg 460w, http:\/\/traba.org\/trabablog\/wp-content\/uploads\/2021\/03\/9157E5E0-1EA6-4B28-AF3E-65878BF3468E-688x516.jpeg 688w\" sizes=\"auto, (max-width: 700px) 100vw, 700px\" \/> <img loading=\"lazy\" decoding=\"async\" class=\"aligncenter wp-image-18715 size-large\" src=\"http:\/\/www.traba.org\/trabablog\/wp-content\/uploads\/2021\/03\/DA64D45E-0FA4-4B29-9CDA-7FDC151A8CB9-e1616322431771-768x1024.jpeg\" alt=\"\" width=\"700\" height=\"933\" srcset=\"http:\/\/traba.org\/trabablog\/wp-content\/uploads\/2021\/03\/DA64D45E-0FA4-4B29-9CDA-7FDC151A8CB9-e1616322431771-768x1024.jpeg 768w, http:\/\/traba.org\/trabablog\/wp-content\/uploads\/2021\/03\/DA64D45E-0FA4-4B29-9CDA-7FDC151A8CB9-e1616322431771-225x300.jpeg 225w, http:\/\/traba.org\/trabablog\/wp-content\/uploads\/2021\/03\/DA64D45E-0FA4-4B29-9CDA-7FDC151A8CB9-e1616322431771-261x348.jpeg 261w, http:\/\/traba.org\/trabablog\/wp-content\/uploads\/2021\/03\/DA64D45E-0FA4-4B29-9CDA-7FDC151A8CB9-e1616322431771-688x917.jpeg 688w\" sizes=\"auto, (max-width: 700px) 100vw, 700px\" \/> <img loading=\"lazy\" decoding=\"async\" class=\"aligncenter wp-image-18716 size-large\" src=\"http:\/\/www.traba.org\/trabablog\/wp-content\/uploads\/2021\/03\/F9D6F667-3EEE-4938-9EAF-85BDDAE64635-e1616322462423-768x1024.jpeg\" alt=\"\" width=\"700\" height=\"933\" srcset=\"http:\/\/traba.org\/trabablog\/wp-content\/uploads\/2021\/03\/F9D6F667-3EEE-4938-9EAF-85BDDAE64635-e1616322462423-768x1024.jpeg 768w, http:\/\/traba.org\/trabablog\/wp-content\/uploads\/2021\/03\/F9D6F667-3EEE-4938-9EAF-85BDDAE64635-e1616322462423-225x300.jpeg 225w, http:\/\/traba.org\/trabablog\/wp-content\/uploads\/2021\/03\/F9D6F667-3EEE-4938-9EAF-85BDDAE64635-e1616322462423-261x348.jpeg 261w, http:\/\/traba.org\/trabablog\/wp-content\/uploads\/2021\/03\/F9D6F667-3EEE-4938-9EAF-85BDDAE64635-e1616322462423-688x917.jpeg 688w\" sizes=\"auto, (max-width: 700px) 100vw, 700px\" \/><\/p>\n<p>L&#8217;entrada de l&#8217;escola, amb mascareta.<\/p>\n<p><img loading=\"lazy\" decoding=\"async\" class=\"aligncenter size-large wp-image-18717\" src=\"http:\/\/www.traba.org\/trabablog\/wp-content\/uploads\/2021\/03\/703FA02C-02DE-42C6-880C-0D4AF8017AD9-1024x576.jpeg\" alt=\"\" width=\"700\" height=\"394\" srcset=\"http:\/\/traba.org\/trabablog\/wp-content\/uploads\/2021\/03\/703FA02C-02DE-42C6-880C-0D4AF8017AD9-1024x576.jpeg 1024w, http:\/\/traba.org\/trabablog\/wp-content\/uploads\/2021\/03\/703FA02C-02DE-42C6-880C-0D4AF8017AD9-300x169.jpeg 300w, http:\/\/traba.org\/trabablog\/wp-content\/uploads\/2021\/03\/703FA02C-02DE-42C6-880C-0D4AF8017AD9-768x432.jpeg 768w, http:\/\/traba.org\/trabablog\/wp-content\/uploads\/2021\/03\/703FA02C-02DE-42C6-880C-0D4AF8017AD9-460x259.jpeg 460w, http:\/\/traba.org\/trabablog\/wp-content\/uploads\/2021\/03\/703FA02C-02DE-42C6-880C-0D4AF8017AD9-688x387.jpeg 688w\" sizes=\"auto, (max-width: 700px) 100vw, 700px\" \/> <img loading=\"lazy\" decoding=\"async\" class=\"aligncenter size-large wp-image-18718\" src=\"http:\/\/www.traba.org\/trabablog\/wp-content\/uploads\/2021\/03\/BCFD0F48-9FAD-4752-8395-D809FB6BAB29-1024x576.jpeg\" alt=\"\" width=\"700\" height=\"394\" srcset=\"http:\/\/traba.org\/trabablog\/wp-content\/uploads\/2021\/03\/BCFD0F48-9FAD-4752-8395-D809FB6BAB29-1024x576.jpeg 1024w, http:\/\/traba.org\/trabablog\/wp-content\/uploads\/2021\/03\/BCFD0F48-9FAD-4752-8395-D809FB6BAB29-300x169.jpeg 300w, http:\/\/traba.org\/trabablog\/wp-content\/uploads\/2021\/03\/BCFD0F48-9FAD-4752-8395-D809FB6BAB29-768x432.jpeg 768w, http:\/\/traba.org\/trabablog\/wp-content\/uploads\/2021\/03\/BCFD0F48-9FAD-4752-8395-D809FB6BAB29-460x259.jpeg 460w, http:\/\/traba.org\/trabablog\/wp-content\/uploads\/2021\/03\/BCFD0F48-9FAD-4752-8395-D809FB6BAB29-688x387.jpeg 688w\" sizes=\"auto, (max-width: 700px) 100vw, 700px\" \/><\/p>\n<p>Dinar de dimecres: shunka i roda de premsa de la Consellera<\/p>\n<p><img loading=\"lazy\" decoding=\"async\" class=\"aligncenter size-large wp-image-18719\" src=\"http:\/\/www.traba.org\/trabablog\/wp-content\/uploads\/2021\/03\/0209D8D1-8F3F-4EA0-A9B5-97281017CD90-1024x576.jpeg\" alt=\"\" width=\"700\" height=\"394\" srcset=\"http:\/\/traba.org\/trabablog\/wp-content\/uploads\/2021\/03\/0209D8D1-8F3F-4EA0-A9B5-97281017CD90-1024x576.jpeg 1024w, http:\/\/traba.org\/trabablog\/wp-content\/uploads\/2021\/03\/0209D8D1-8F3F-4EA0-A9B5-97281017CD90-300x169.jpeg 300w, http:\/\/traba.org\/trabablog\/wp-content\/uploads\/2021\/03\/0209D8D1-8F3F-4EA0-A9B5-97281017CD90-768x432.jpeg 768w, http:\/\/traba.org\/trabablog\/wp-content\/uploads\/2021\/03\/0209D8D1-8F3F-4EA0-A9B5-97281017CD90-460x259.jpeg 460w, http:\/\/traba.org\/trabablog\/wp-content\/uploads\/2021\/03\/0209D8D1-8F3F-4EA0-A9B5-97281017CD90-688x387.jpeg 688w\" sizes=\"auto, (max-width: 700px) 100vw, 700px\" \/> <img loading=\"lazy\" decoding=\"async\" class=\"aligncenter size-large wp-image-18720\" src=\"http:\/\/www.traba.org\/trabablog\/wp-content\/uploads\/2021\/03\/50EB9ECE-647D-4A4B-B021-C77CBF4CA017-1024x576.jpeg\" alt=\"\" width=\"700\" height=\"394\" srcset=\"http:\/\/traba.org\/trabablog\/wp-content\/uploads\/2021\/03\/50EB9ECE-647D-4A4B-B021-C77CBF4CA017-1024x576.jpeg 1024w, http:\/\/traba.org\/trabablog\/wp-content\/uploads\/2021\/03\/50EB9ECE-647D-4A4B-B021-C77CBF4CA017-300x169.jpeg 300w, http:\/\/traba.org\/trabablog\/wp-content\/uploads\/2021\/03\/50EB9ECE-647D-4A4B-B021-C77CBF4CA017-768x432.jpeg 768w, http:\/\/traba.org\/trabablog\/wp-content\/uploads\/2021\/03\/50EB9ECE-647D-4A4B-B021-C77CBF4CA017-460x259.jpeg 460w, http:\/\/traba.org\/trabablog\/wp-content\/uploads\/2021\/03\/50EB9ECE-647D-4A4B-B021-C77CBF4CA017-688x387.jpeg 688w\" sizes=\"auto, (max-width: 700px) 100vw, 700px\" \/><\/p>\n<p>Preparant el Nadal<\/p>\n<p><img loading=\"lazy\" decoding=\"async\" class=\"aligncenter wp-image-18721 size-large\" src=\"http:\/\/www.traba.org\/trabablog\/wp-content\/uploads\/2021\/03\/210D0A06-16BA-405F-BE6C-596E14CBA11F-e1616322490409-768x1024.jpeg\" alt=\"\" width=\"700\" height=\"933\" srcset=\"http:\/\/traba.org\/trabablog\/wp-content\/uploads\/2021\/03\/210D0A06-16BA-405F-BE6C-596E14CBA11F-e1616322490409-768x1024.jpeg 768w, http:\/\/traba.org\/trabablog\/wp-content\/uploads\/2021\/03\/210D0A06-16BA-405F-BE6C-596E14CBA11F-e1616322490409-225x300.jpeg 225w, http:\/\/traba.org\/trabablog\/wp-content\/uploads\/2021\/03\/210D0A06-16BA-405F-BE6C-596E14CBA11F-e1616322490409-261x348.jpeg 261w, http:\/\/traba.org\/trabablog\/wp-content\/uploads\/2021\/03\/210D0A06-16BA-405F-BE6C-596E14CBA11F-e1616322490409-688x917.jpeg 688w\" sizes=\"auto, (max-width: 700px) 100vw, 700px\" \/> <img loading=\"lazy\" decoding=\"async\" class=\"aligncenter wp-image-18722 size-large\" src=\"http:\/\/www.traba.org\/trabablog\/wp-content\/uploads\/2021\/03\/A3F85803-D6D4-4117-91FC-268F1A0F7F74-e1616322507970-768x1024.jpeg\" alt=\"\" width=\"700\" height=\"933\" srcset=\"http:\/\/traba.org\/trabablog\/wp-content\/uploads\/2021\/03\/A3F85803-D6D4-4117-91FC-268F1A0F7F74-e1616322507970-768x1024.jpeg 768w, http:\/\/traba.org\/trabablog\/wp-content\/uploads\/2021\/03\/A3F85803-D6D4-4117-91FC-268F1A0F7F74-e1616322507970-225x300.jpeg 225w, http:\/\/traba.org\/trabablog\/wp-content\/uploads\/2021\/03\/A3F85803-D6D4-4117-91FC-268F1A0F7F74-e1616322507970-261x348.jpeg 261w, http:\/\/traba.org\/trabablog\/wp-content\/uploads\/2021\/03\/A3F85803-D6D4-4117-91FC-268F1A0F7F74-e1616322507970-688x917.jpeg 688w\" sizes=\"auto, (max-width: 700px) 100vw, 700px\" \/><\/p>\n<p>La tradici\u00f3 dels diumenges: Sacha i rams de flors<\/p>\n<p><img loading=\"lazy\" decoding=\"async\" class=\"aligncenter wp-image-18723 size-large\" src=\"http:\/\/www.traba.org\/trabablog\/wp-content\/uploads\/2021\/03\/31A98492-7149-4D5E-B4F5-6F9BC9A01A2F-e1616322528978-576x1024.jpeg\" alt=\"\" width=\"576\" height=\"1024\" srcset=\"http:\/\/traba.org\/trabablog\/wp-content\/uploads\/2021\/03\/31A98492-7149-4D5E-B4F5-6F9BC9A01A2F-e1616322528978-576x1024.jpeg 576w, http:\/\/traba.org\/trabablog\/wp-content\/uploads\/2021\/03\/31A98492-7149-4D5E-B4F5-6F9BC9A01A2F-e1616322528978-169x300.jpeg 169w, http:\/\/traba.org\/trabablog\/wp-content\/uploads\/2021\/03\/31A98492-7149-4D5E-B4F5-6F9BC9A01A2F-e1616322528978-768x1365.jpeg 768w, http:\/\/traba.org\/trabablog\/wp-content\/uploads\/2021\/03\/31A98492-7149-4D5E-B4F5-6F9BC9A01A2F-e1616322528978-196x348.jpeg 196w, http:\/\/traba.org\/trabablog\/wp-content\/uploads\/2021\/03\/31A98492-7149-4D5E-B4F5-6F9BC9A01A2F-e1616322528978-688x1223.jpeg 688w\" sizes=\"auto, (max-width: 576px) 100vw, 576px\" \/> <img loading=\"lazy\" decoding=\"async\" class=\"aligncenter wp-image-18724 size-large\" src=\"http:\/\/www.traba.org\/trabablog\/wp-content\/uploads\/2021\/03\/E15DC422-8A71-49F8-BF6A-3073E36B5CD8-e1616322546224-576x1024.jpeg\" alt=\"\" width=\"576\" height=\"1024\" srcset=\"http:\/\/traba.org\/trabablog\/wp-content\/uploads\/2021\/03\/E15DC422-8A71-49F8-BF6A-3073E36B5CD8-e1616322546224-576x1024.jpeg 576w, http:\/\/traba.org\/trabablog\/wp-content\/uploads\/2021\/03\/E15DC422-8A71-49F8-BF6A-3073E36B5CD8-e1616322546224-169x300.jpeg 169w, http:\/\/traba.org\/trabablog\/wp-content\/uploads\/2021\/03\/E15DC422-8A71-49F8-BF6A-3073E36B5CD8-e1616322546224-768x1365.jpeg 768w, http:\/\/traba.org\/trabablog\/wp-content\/uploads\/2021\/03\/E15DC422-8A71-49F8-BF6A-3073E36B5CD8-e1616322546224-196x348.jpeg 196w, http:\/\/traba.org\/trabablog\/wp-content\/uploads\/2021\/03\/E15DC422-8A71-49F8-BF6A-3073E36B5CD8-e1616322546224-688x1223.jpeg 688w\" sizes=\"auto, (max-width: 576px) 100vw, 576px\" \/><\/p>\n<p>Mirant Laban i Labolina<\/p>\n<div style=\"width: 952px;\" class=\"wp-video\"><video class=\"wp-video-shortcode\" id=\"video-18689-2\" width=\"952\" height=\"536\" preload=\"metadata\" controls=\"controls\"><source type=\"video\/mp4\" src=\"http:\/\/www.traba.org\/trabablog\/wp-content\/uploads\/2021\/03\/315750B6-7433-403A-A9B1-36BF49181080.mp4?_=2\" \/><a href=\"http:\/\/www.traba.org\/trabablog\/wp-content\/uploads\/2021\/03\/315750B6-7433-403A-A9B1-36BF49181080.mp4\">http:\/\/www.traba.org\/trabablog\/wp-content\/uploads\/2021\/03\/315750B6-7433-403A-A9B1-36BF49181080.mp4<\/a><\/video><\/div>\n","protected":false},"excerpt":{"rendered":"<p>Comen\u00e7a la baixada, per\u00f2 seguim en slow mode. Novembre a la platja de la Barceloneta&#8230; Llegint&#8230; Fent puzles&#8230; I despr\u00e9s de recollir els trastos a Fonolleres, vam anar a dinar&#8230;<\/p>\n","protected":false},"author":5,"featured_media":18702,"comment_status":"open","ping_status":"open","sticky":false,"template":"","format":"standard","meta":{"_monsterinsights_skip_tracking":false,"_monsterinsights_sitenote_active":false,"_monsterinsights_sitenote_note":"","_monsterinsights_sitenote_category":0,"footnotes":""},"categories":[28],"tags":[],"class_list":["post-18689","post","type-post","status-publish","format-standard","has-post-thumbnail","hentry","category-ordinary-days"],"_links":{"self":[{"href":"http:\/\/traba.org\/trabablog\/index.php?rest_route=\/wp\/v2\/posts\/18689","targetHints":{"allow":["GET"]}}],"collection":[{"href":"http:\/\/traba.org\/trabablog\/index.php?rest_route=\/wp\/v2\/posts"}],"about":[{"href":"http:\/\/traba.org\/trabablog\/index.php?rest_route=\/wp\/v2\/types\/post"}],"author":[{"embeddable":true,"href":"http:\/\/traba.org\/trabablog\/index.php?rest_route=\/wp\/v2\/users\/5"}],"replies":[{"embeddable":true,"href":"http:\/\/traba.org\/trabablog\/index.php?rest_route=%2Fwp%2Fv2%2Fcomments&post=18689"}],"version-history":[{"count":3,"href":"http:\/\/traba.org\/trabablog\/index.php?rest_route=\/wp\/v2\/posts\/18689\/revisions"}],"predecessor-version":[{"id":18728,"href":"http:\/\/traba.org\/trabablog\/index.php?rest_route=\/wp\/v2\/posts\/18689\/revisions\/18728"}],"wp:featuredmedia":[{"embeddable":true,"href":"http:\/\/traba.org\/trabablog\/index.php?rest_route=\/wp\/v2\/media\/18702"}],"wp:attachment":[{"href":"http:\/\/traba.org\/trabablog\/index.php?rest_route=%2Fwp%2Fv2%2Fmedia&parent=18689"}],"wp:term":[{"taxonomy":"category","embeddable":true,"href":"http:\/\/traba.org\/trabablog\/index.php?rest_route=%2Fwp%2Fv2%2Fcategories&post=18689"},{"taxonomy":"post_tag","embeddable":true,"href":"http:\/\/traba.org\/trabablog\/index.php?rest_route=%2Fwp%2Fv2%2Ftags&post=18689"}],"curies":[{"name":"wp","href":"https:\/\/api.w.org\/{rel}","templated":true}]}}