{"id":19388,"date":"2022-03-16T22:34:35","date_gmt":"2022-03-16T21:34:35","guid":{"rendered":"http:\/\/www.traba.org\/trabablog\/?p=19388"},"modified":"2022-03-20T16:37:14","modified_gmt":"2022-03-20T15:37:14","slug":"eeeeh-macarella-uuuh","status":"publish","type":"post","link":"http:\/\/traba.org\/trabablog\/?p=19388","title":{"rendered":"Eeeeh Macarella, uuuh!"},"content":{"rendered":"<p>Avui toca excursi\u00f3, per dir-ho d&#8217;alguna forma, de <a href=\"https:\/\/es.wikiloc.com\/rutas-a-pie\/cala-galdana-macarella-galdana-97686296\">cala Galdana a Macarell<\/a>a (i tornar).<\/p>\n<p>Hem arribat a Cala Galdana, i nom\u00e9s aparcar ens hem trobat aquests \u00e0necs. Es veu que ahir els van donar de menjar i avui han tornat.<\/p>\n<p><img loading=\"lazy\" decoding=\"async\" class=\"aligncenter size-large wp-image-19390\" src=\"http:\/\/www.traba.org\/trabablog\/wp-content\/uploads\/2022\/03\/1-3-768x1024.jpeg\" alt=\"\" width=\"700\" height=\"933\" srcset=\"http:\/\/traba.org\/trabablog\/wp-content\/uploads\/2022\/03\/1-3-768x1024.jpeg 768w, http:\/\/traba.org\/trabablog\/wp-content\/uploads\/2022\/03\/1-3-225x300.jpeg 225w, http:\/\/traba.org\/trabablog\/wp-content\/uploads\/2022\/03\/1-3-1152x1536.jpeg 1152w, http:\/\/traba.org\/trabablog\/wp-content\/uploads\/2022\/03\/1-3-1536x2048.jpeg 1536w, http:\/\/traba.org\/trabablog\/wp-content\/uploads\/2022\/03\/1-3-261x348.jpeg 261w, http:\/\/traba.org\/trabablog\/wp-content\/uploads\/2022\/03\/1-3-688x917.jpeg 688w, http:\/\/traba.org\/trabablog\/wp-content\/uploads\/2022\/03\/1-3-scaled.jpeg 1920w\" sizes=\"auto, (max-width: 700px) 100vw, 700px\" \/><\/p>\n<p>Comencem l&#8217;excursi\u00f3 pel cam\u00ed de cavalls.<br \/>\n<img loading=\"lazy\" decoding=\"async\" class=\"aligncenter size-large wp-image-19391\" src=\"http:\/\/www.traba.org\/trabablog\/wp-content\/uploads\/2022\/03\/2-3-1024x576.jpeg\" alt=\"\" width=\"700\" height=\"394\" srcset=\"http:\/\/traba.org\/trabablog\/wp-content\/uploads\/2022\/03\/2-3-1024x576.jpeg 1024w, http:\/\/traba.org\/trabablog\/wp-content\/uploads\/2022\/03\/2-3-300x169.jpeg 300w, http:\/\/traba.org\/trabablog\/wp-content\/uploads\/2022\/03\/2-3-768x432.jpeg 768w, http:\/\/traba.org\/trabablog\/wp-content\/uploads\/2022\/03\/2-3-1536x864.jpeg 1536w, http:\/\/traba.org\/trabablog\/wp-content\/uploads\/2022\/03\/2-3-2048x1152.jpeg 2048w, http:\/\/traba.org\/trabablog\/wp-content\/uploads\/2022\/03\/2-3-460x259.jpeg 460w, http:\/\/traba.org\/trabablog\/wp-content\/uploads\/2022\/03\/2-3-688x387.jpeg 688w\" sizes=\"auto, (max-width: 700px) 100vw, 700px\" \/><\/p>\n<p>La primera caiguda del dia.<\/p>\n<p><img loading=\"lazy\" decoding=\"async\" class=\"aligncenter size-large wp-image-19392\" src=\"http:\/\/www.traba.org\/trabablog\/wp-content\/uploads\/2022\/03\/3-3-768x1024.jpeg\" alt=\"\" width=\"700\" height=\"933\" srcset=\"http:\/\/traba.org\/trabablog\/wp-content\/uploads\/2022\/03\/3-3-768x1024.jpeg 768w, http:\/\/traba.org\/trabablog\/wp-content\/uploads\/2022\/03\/3-3-225x300.jpeg 225w, http:\/\/traba.org\/trabablog\/wp-content\/uploads\/2022\/03\/3-3-1152x1536.jpeg 1152w, http:\/\/traba.org\/trabablog\/wp-content\/uploads\/2022\/03\/3-3-1536x2048.jpeg 1536w, http:\/\/traba.org\/trabablog\/wp-content\/uploads\/2022\/03\/3-3-261x348.jpeg 261w, http:\/\/traba.org\/trabablog\/wp-content\/uploads\/2022\/03\/3-3-688x917.jpeg 688w, http:\/\/traba.org\/trabablog\/wp-content\/uploads\/2022\/03\/3-3-scaled.jpeg 1920w\" sizes=\"auto, (max-width: 700px) 100vw, 700px\" \/><\/p>\n<p>Primer mirador.<\/p>\n<p><img loading=\"lazy\" decoding=\"async\" class=\"aligncenter size-large wp-image-19393\" src=\"http:\/\/www.traba.org\/trabablog\/wp-content\/uploads\/2022\/03\/4-3-1024x576.jpeg\" alt=\"\" width=\"700\" height=\"394\" srcset=\"http:\/\/traba.org\/trabablog\/wp-content\/uploads\/2022\/03\/4-3-1024x576.jpeg 1024w, http:\/\/traba.org\/trabablog\/wp-content\/uploads\/2022\/03\/4-3-300x169.jpeg 300w, http:\/\/traba.org\/trabablog\/wp-content\/uploads\/2022\/03\/4-3-768x432.jpeg 768w, http:\/\/traba.org\/trabablog\/wp-content\/uploads\/2022\/03\/4-3-1536x864.jpeg 1536w, http:\/\/traba.org\/trabablog\/wp-content\/uploads\/2022\/03\/4-3-2048x1152.jpeg 2048w, http:\/\/traba.org\/trabablog\/wp-content\/uploads\/2022\/03\/4-3-460x259.jpeg 460w, http:\/\/traba.org\/trabablog\/wp-content\/uploads\/2022\/03\/4-3-688x387.jpeg 688w\" sizes=\"auto, (max-width: 700px) 100vw, 700px\" \/><\/p>\n<p>Primera selfie del dia.<\/p>\n<p><img loading=\"lazy\" decoding=\"async\" class=\"aligncenter size-large wp-image-19394\" src=\"http:\/\/www.traba.org\/trabablog\/wp-content\/uploads\/2022\/03\/5-3-1024x768.jpeg\" alt=\"\" width=\"700\" height=\"525\" srcset=\"http:\/\/traba.org\/trabablog\/wp-content\/uploads\/2022\/03\/5-3-1024x768.jpeg 1024w, http:\/\/traba.org\/trabablog\/wp-content\/uploads\/2022\/03\/5-3-300x225.jpeg 300w, http:\/\/traba.org\/trabablog\/wp-content\/uploads\/2022\/03\/5-3-768x576.jpeg 768w, http:\/\/traba.org\/trabablog\/wp-content\/uploads\/2022\/03\/5-3-1536x1152.jpeg 1536w, http:\/\/traba.org\/trabablog\/wp-content\/uploads\/2022\/03\/5-3-2048x1536.jpeg 2048w, http:\/\/traba.org\/trabablog\/wp-content\/uploads\/2022\/03\/5-3-460x345.jpeg 460w, http:\/\/traba.org\/trabablog\/wp-content\/uploads\/2022\/03\/5-3-688x516.jpeg 688w\" sizes=\"auto, (max-width: 700px) 100vw, 700px\" \/> <img loading=\"lazy\" decoding=\"async\" class=\"aligncenter size-large wp-image-19395\" src=\"http:\/\/www.traba.org\/trabablog\/wp-content\/uploads\/2022\/03\/6-3-1024x576.jpeg\" alt=\"\" width=\"700\" height=\"394\" srcset=\"http:\/\/traba.org\/trabablog\/wp-content\/uploads\/2022\/03\/6-3-1024x576.jpeg 1024w, http:\/\/traba.org\/trabablog\/wp-content\/uploads\/2022\/03\/6-3-300x169.jpeg 300w, http:\/\/traba.org\/trabablog\/wp-content\/uploads\/2022\/03\/6-3-768x432.jpeg 768w, http:\/\/traba.org\/trabablog\/wp-content\/uploads\/2022\/03\/6-3-1536x864.jpeg 1536w, http:\/\/traba.org\/trabablog\/wp-content\/uploads\/2022\/03\/6-3-2048x1152.jpeg 2048w, http:\/\/traba.org\/trabablog\/wp-content\/uploads\/2022\/03\/6-3-460x259.jpeg 460w, http:\/\/traba.org\/trabablog\/wp-content\/uploads\/2022\/03\/6-3-688x387.jpeg 688w\" sizes=\"auto, (max-width: 700px) 100vw, 700px\" \/> <img loading=\"lazy\" decoding=\"async\" class=\"aligncenter size-large wp-image-19396\" src=\"http:\/\/www.traba.org\/trabablog\/wp-content\/uploads\/2022\/03\/7-3-1024x576.jpeg\" alt=\"\" width=\"700\" height=\"394\" srcset=\"http:\/\/traba.org\/trabablog\/wp-content\/uploads\/2022\/03\/7-3-1024x576.jpeg 1024w, http:\/\/traba.org\/trabablog\/wp-content\/uploads\/2022\/03\/7-3-300x169.jpeg 300w, http:\/\/traba.org\/trabablog\/wp-content\/uploads\/2022\/03\/7-3-768x432.jpeg 768w, http:\/\/traba.org\/trabablog\/wp-content\/uploads\/2022\/03\/7-3-1536x864.jpeg 1536w, http:\/\/traba.org\/trabablog\/wp-content\/uploads\/2022\/03\/7-3-2048x1152.jpeg 2048w, http:\/\/traba.org\/trabablog\/wp-content\/uploads\/2022\/03\/7-3-460x259.jpeg 460w, http:\/\/traba.org\/trabablog\/wp-content\/uploads\/2022\/03\/7-3-688x387.jpeg 688w\" sizes=\"auto, (max-width: 700px) 100vw, 700px\" \/><\/p>\n<p>Segon mirador. Al fons, Macarelleta.<\/p>\n<p><img loading=\"lazy\" decoding=\"async\" class=\"aligncenter size-large wp-image-19397\" src=\"http:\/\/www.traba.org\/trabablog\/wp-content\/uploads\/2022\/03\/8-3-1024x576.jpeg\" alt=\"\" width=\"700\" height=\"394\" srcset=\"http:\/\/traba.org\/trabablog\/wp-content\/uploads\/2022\/03\/8-3-1024x576.jpeg 1024w, http:\/\/traba.org\/trabablog\/wp-content\/uploads\/2022\/03\/8-3-300x169.jpeg 300w, http:\/\/traba.org\/trabablog\/wp-content\/uploads\/2022\/03\/8-3-768x432.jpeg 768w, http:\/\/traba.org\/trabablog\/wp-content\/uploads\/2022\/03\/8-3-1536x864.jpeg 1536w, http:\/\/traba.org\/trabablog\/wp-content\/uploads\/2022\/03\/8-3-2048x1152.jpeg 2048w, http:\/\/traba.org\/trabablog\/wp-content\/uploads\/2022\/03\/8-3-460x259.jpeg 460w, http:\/\/traba.org\/trabablog\/wp-content\/uploads\/2022\/03\/8-3-688x387.jpeg 688w\" sizes=\"auto, (max-width: 700px) 100vw, 700px\" \/><\/p>\n<p>Anava passant gent, per\u00f2 majorit\u00e0riament hem estat sols.<\/p>\n<p><img loading=\"lazy\" decoding=\"async\" class=\"aligncenter size-large wp-image-19398\" src=\"http:\/\/www.traba.org\/trabablog\/wp-content\/uploads\/2022\/03\/9-3-1024x576.jpeg\" alt=\"\" width=\"700\" height=\"394\" srcset=\"http:\/\/traba.org\/trabablog\/wp-content\/uploads\/2022\/03\/9-3-1024x576.jpeg 1024w, http:\/\/traba.org\/trabablog\/wp-content\/uploads\/2022\/03\/9-3-300x169.jpeg 300w, http:\/\/traba.org\/trabablog\/wp-content\/uploads\/2022\/03\/9-3-768x432.jpeg 768w, http:\/\/traba.org\/trabablog\/wp-content\/uploads\/2022\/03\/9-3-1536x864.jpeg 1536w, http:\/\/traba.org\/trabablog\/wp-content\/uploads\/2022\/03\/9-3-2048x1152.jpeg 2048w, http:\/\/traba.org\/trabablog\/wp-content\/uploads\/2022\/03\/9-3-460x259.jpeg 460w, http:\/\/traba.org\/trabablog\/wp-content\/uploads\/2022\/03\/9-3-688x387.jpeg 688w\" sizes=\"auto, (max-width: 700px) 100vw, 700px\" \/> <img loading=\"lazy\" decoding=\"async\" class=\"aligncenter size-large wp-image-19399\" src=\"http:\/\/www.traba.org\/trabablog\/wp-content\/uploads\/2022\/03\/10-3-1024x576.jpeg\" alt=\"\" width=\"700\" height=\"394\" srcset=\"http:\/\/traba.org\/trabablog\/wp-content\/uploads\/2022\/03\/10-3-1024x576.jpeg 1024w, http:\/\/traba.org\/trabablog\/wp-content\/uploads\/2022\/03\/10-3-300x169.jpeg 300w, http:\/\/traba.org\/trabablog\/wp-content\/uploads\/2022\/03\/10-3-768x432.jpeg 768w, http:\/\/traba.org\/trabablog\/wp-content\/uploads\/2022\/03\/10-3-1536x864.jpeg 1536w, http:\/\/traba.org\/trabablog\/wp-content\/uploads\/2022\/03\/10-3-2048x1152.jpeg 2048w, http:\/\/traba.org\/trabablog\/wp-content\/uploads\/2022\/03\/10-3-460x259.jpeg 460w, http:\/\/traba.org\/trabablog\/wp-content\/uploads\/2022\/03\/10-3-688x387.jpeg 688w\" sizes=\"auto, (max-width: 700px) 100vw, 700px\" \/><\/p>\n<p>La distracci\u00f3 d&#8217;avui, la cometa.<\/p>\n<p><img loading=\"lazy\" decoding=\"async\" class=\"aligncenter size-large wp-image-19400\" src=\"http:\/\/www.traba.org\/trabablog\/wp-content\/uploads\/2022\/03\/11-3-1024x576.jpeg\" alt=\"\" width=\"700\" height=\"394\" srcset=\"http:\/\/traba.org\/trabablog\/wp-content\/uploads\/2022\/03\/11-3-1024x576.jpeg 1024w, http:\/\/traba.org\/trabablog\/wp-content\/uploads\/2022\/03\/11-3-300x169.jpeg 300w, http:\/\/traba.org\/trabablog\/wp-content\/uploads\/2022\/03\/11-3-768x432.jpeg 768w, http:\/\/traba.org\/trabablog\/wp-content\/uploads\/2022\/03\/11-3-1536x864.jpeg 1536w, http:\/\/traba.org\/trabablog\/wp-content\/uploads\/2022\/03\/11-3-2048x1152.jpeg 2048w, http:\/\/traba.org\/trabablog\/wp-content\/uploads\/2022\/03\/11-3-460x259.jpeg 460w, http:\/\/traba.org\/trabablog\/wp-content\/uploads\/2022\/03\/11-3-688x387.jpeg 688w\" sizes=\"auto, (max-width: 700px) 100vw, 700px\" \/> <img loading=\"lazy\" decoding=\"async\" class=\"aligncenter size-large wp-image-19401\" src=\"http:\/\/www.traba.org\/trabablog\/wp-content\/uploads\/2022\/03\/12-3-1024x576.jpeg\" alt=\"\" width=\"700\" height=\"394\" srcset=\"http:\/\/traba.org\/trabablog\/wp-content\/uploads\/2022\/03\/12-3-1024x576.jpeg 1024w, http:\/\/traba.org\/trabablog\/wp-content\/uploads\/2022\/03\/12-3-300x169.jpeg 300w, http:\/\/traba.org\/trabablog\/wp-content\/uploads\/2022\/03\/12-3-768x432.jpeg 768w, http:\/\/traba.org\/trabablog\/wp-content\/uploads\/2022\/03\/12-3-1536x864.jpeg 1536w, http:\/\/traba.org\/trabablog\/wp-content\/uploads\/2022\/03\/12-3-2048x1152.jpeg 2048w, http:\/\/traba.org\/trabablog\/wp-content\/uploads\/2022\/03\/12-3-460x259.jpeg 460w, http:\/\/traba.org\/trabablog\/wp-content\/uploads\/2022\/03\/12-3-688x387.jpeg 688w\" sizes=\"auto, (max-width: 700px) 100vw, 700px\" \/> <img loading=\"lazy\" decoding=\"async\" class=\"aligncenter size-large wp-image-19402\" src=\"http:\/\/www.traba.org\/trabablog\/wp-content\/uploads\/2022\/03\/13-2-1024x576.jpeg\" alt=\"\" width=\"700\" height=\"394\" srcset=\"http:\/\/traba.org\/trabablog\/wp-content\/uploads\/2022\/03\/13-2-1024x576.jpeg 1024w, http:\/\/traba.org\/trabablog\/wp-content\/uploads\/2022\/03\/13-2-300x169.jpeg 300w, http:\/\/traba.org\/trabablog\/wp-content\/uploads\/2022\/03\/13-2-768x432.jpeg 768w, http:\/\/traba.org\/trabablog\/wp-content\/uploads\/2022\/03\/13-2-1536x864.jpeg 1536w, http:\/\/traba.org\/trabablog\/wp-content\/uploads\/2022\/03\/13-2-2048x1152.jpeg 2048w, http:\/\/traba.org\/trabablog\/wp-content\/uploads\/2022\/03\/13-2-460x259.jpeg 460w, http:\/\/traba.org\/trabablog\/wp-content\/uploads\/2022\/03\/13-2-688x387.jpeg 688w\" sizes=\"auto, (max-width: 700px) 100vw, 700px\" \/> <img loading=\"lazy\" decoding=\"async\" class=\"aligncenter size-large wp-image-19403\" src=\"http:\/\/www.traba.org\/trabablog\/wp-content\/uploads\/2022\/03\/14-1-1024x576.jpeg\" alt=\"\" width=\"700\" height=\"394\" srcset=\"http:\/\/traba.org\/trabablog\/wp-content\/uploads\/2022\/03\/14-1-1024x576.jpeg 1024w, http:\/\/traba.org\/trabablog\/wp-content\/uploads\/2022\/03\/14-1-300x169.jpeg 300w, http:\/\/traba.org\/trabablog\/wp-content\/uploads\/2022\/03\/14-1-768x432.jpeg 768w, http:\/\/traba.org\/trabablog\/wp-content\/uploads\/2022\/03\/14-1-1536x864.jpeg 1536w, http:\/\/traba.org\/trabablog\/wp-content\/uploads\/2022\/03\/14-1-2048x1152.jpeg 2048w, http:\/\/traba.org\/trabablog\/wp-content\/uploads\/2022\/03\/14-1-460x259.jpeg 460w, http:\/\/traba.org\/trabablog\/wp-content\/uploads\/2022\/03\/14-1-688x387.jpeg 688w\" sizes=\"auto, (max-width: 700px) 100vw, 700px\" \/><\/p>\n<p>La Lola cap per avall, ja es trova b\u00e9. Feia dies que no la v\u00e8iem cap per avall.<\/p>\n<p><img loading=\"lazy\" decoding=\"async\" class=\"aligncenter size-large wp-image-19404\" src=\"http:\/\/www.traba.org\/trabablog\/wp-content\/uploads\/2022\/03\/15-1-576x1024.jpeg\" alt=\"\" width=\"576\" height=\"1024\" srcset=\"http:\/\/traba.org\/trabablog\/wp-content\/uploads\/2022\/03\/15-1-576x1024.jpeg 576w, http:\/\/traba.org\/trabablog\/wp-content\/uploads\/2022\/03\/15-1-169x300.jpeg 169w, http:\/\/traba.org\/trabablog\/wp-content\/uploads\/2022\/03\/15-1-768x1365.jpeg 768w, http:\/\/traba.org\/trabablog\/wp-content\/uploads\/2022\/03\/15-1-864x1536.jpeg 864w, http:\/\/traba.org\/trabablog\/wp-content\/uploads\/2022\/03\/15-1-1152x2048.jpeg 1152w, http:\/\/traba.org\/trabablog\/wp-content\/uploads\/2022\/03\/15-1-196x348.jpeg 196w, http:\/\/traba.org\/trabablog\/wp-content\/uploads\/2022\/03\/15-1-688x1223.jpeg 688w, http:\/\/traba.org\/trabablog\/wp-content\/uploads\/2022\/03\/15-1-scaled.jpeg 1440w\" sizes=\"auto, (max-width: 576px) 100vw, 576px\" \/> <img loading=\"lazy\" decoding=\"async\" class=\"aligncenter size-large wp-image-19405\" src=\"http:\/\/www.traba.org\/trabablog\/wp-content\/uploads\/2022\/03\/16-1-1024x576.jpeg\" alt=\"\" width=\"700\" height=\"394\" srcset=\"http:\/\/traba.org\/trabablog\/wp-content\/uploads\/2022\/03\/16-1-1024x576.jpeg 1024w, http:\/\/traba.org\/trabablog\/wp-content\/uploads\/2022\/03\/16-1-300x169.jpeg 300w, http:\/\/traba.org\/trabablog\/wp-content\/uploads\/2022\/03\/16-1-768x432.jpeg 768w, http:\/\/traba.org\/trabablog\/wp-content\/uploads\/2022\/03\/16-1-1536x864.jpeg 1536w, http:\/\/traba.org\/trabablog\/wp-content\/uploads\/2022\/03\/16-1-2048x1152.jpeg 2048w, http:\/\/traba.org\/trabablog\/wp-content\/uploads\/2022\/03\/16-1-460x259.jpeg 460w, http:\/\/traba.org\/trabablog\/wp-content\/uploads\/2022\/03\/16-1-688x387.jpeg 688w\" sizes=\"auto, (max-width: 700px) 100vw, 700px\" \/><\/p>\n<p>I fins i tot durant una estona ha sortit el sol!<\/p>\n<p><img loading=\"lazy\" decoding=\"async\" class=\"aligncenter size-large wp-image-19406\" src=\"http:\/\/www.traba.org\/trabablog\/wp-content\/uploads\/2022\/03\/17-1-1024x576.jpeg\" alt=\"\" width=\"700\" height=\"394\" srcset=\"http:\/\/traba.org\/trabablog\/wp-content\/uploads\/2022\/03\/17-1-1024x576.jpeg 1024w, http:\/\/traba.org\/trabablog\/wp-content\/uploads\/2022\/03\/17-1-300x169.jpeg 300w, http:\/\/traba.org\/trabablog\/wp-content\/uploads\/2022\/03\/17-1-768x432.jpeg 768w, http:\/\/traba.org\/trabablog\/wp-content\/uploads\/2022\/03\/17-1-1536x864.jpeg 1536w, http:\/\/traba.org\/trabablog\/wp-content\/uploads\/2022\/03\/17-1-2048x1152.jpeg 2048w, http:\/\/traba.org\/trabablog\/wp-content\/uploads\/2022\/03\/17-1-460x259.jpeg 460w, http:\/\/traba.org\/trabablog\/wp-content\/uploads\/2022\/03\/17-1-688x387.jpeg 688w\" sizes=\"auto, (max-width: 700px) 100vw, 700px\" \/> <img loading=\"lazy\" decoding=\"async\" class=\"aligncenter size-large wp-image-19407\" src=\"http:\/\/www.traba.org\/trabablog\/wp-content\/uploads\/2022\/03\/18-1-1024x576.jpeg\" alt=\"\" width=\"700\" height=\"394\" srcset=\"http:\/\/traba.org\/trabablog\/wp-content\/uploads\/2022\/03\/18-1-1024x576.jpeg 1024w, http:\/\/traba.org\/trabablog\/wp-content\/uploads\/2022\/03\/18-1-300x169.jpeg 300w, http:\/\/traba.org\/trabablog\/wp-content\/uploads\/2022\/03\/18-1-768x432.jpeg 768w, http:\/\/traba.org\/trabablog\/wp-content\/uploads\/2022\/03\/18-1-1536x864.jpeg 1536w, http:\/\/traba.org\/trabablog\/wp-content\/uploads\/2022\/03\/18-1-2048x1152.jpeg 2048w, http:\/\/traba.org\/trabablog\/wp-content\/uploads\/2022\/03\/18-1-460x259.jpeg 460w, http:\/\/traba.org\/trabablog\/wp-content\/uploads\/2022\/03\/18-1-688x387.jpeg 688w\" sizes=\"auto, (max-width: 700px) 100vw, 700px\" \/> <img loading=\"lazy\" decoding=\"async\" class=\"aligncenter size-large wp-image-19408\" src=\"http:\/\/www.traba.org\/trabablog\/wp-content\/uploads\/2022\/03\/19-1-1024x576.jpeg\" alt=\"\" width=\"700\" height=\"394\" srcset=\"http:\/\/traba.org\/trabablog\/wp-content\/uploads\/2022\/03\/19-1-1024x576.jpeg 1024w, http:\/\/traba.org\/trabablog\/wp-content\/uploads\/2022\/03\/19-1-300x169.jpeg 300w, http:\/\/traba.org\/trabablog\/wp-content\/uploads\/2022\/03\/19-1-768x432.jpeg 768w, http:\/\/traba.org\/trabablog\/wp-content\/uploads\/2022\/03\/19-1-1536x864.jpeg 1536w, http:\/\/traba.org\/trabablog\/wp-content\/uploads\/2022\/03\/19-1-2048x1152.jpeg 2048w, http:\/\/traba.org\/trabablog\/wp-content\/uploads\/2022\/03\/19-1-460x259.jpeg 460w, http:\/\/traba.org\/trabablog\/wp-content\/uploads\/2022\/03\/19-1-688x387.jpeg 688w\" sizes=\"auto, (max-width: 700px) 100vw, 700px\" \/> <img loading=\"lazy\" decoding=\"async\" class=\"aligncenter size-large wp-image-19409\" src=\"http:\/\/www.traba.org\/trabablog\/wp-content\/uploads\/2022\/03\/20-1-1024x768.jpeg\" alt=\"\" width=\"700\" height=\"525\" srcset=\"http:\/\/traba.org\/trabablog\/wp-content\/uploads\/2022\/03\/20-1-1024x768.jpeg 1024w, http:\/\/traba.org\/trabablog\/wp-content\/uploads\/2022\/03\/20-1-300x225.jpeg 300w, http:\/\/traba.org\/trabablog\/wp-content\/uploads\/2022\/03\/20-1-768x576.jpeg 768w, http:\/\/traba.org\/trabablog\/wp-content\/uploads\/2022\/03\/20-1-1536x1152.jpeg 1536w, http:\/\/traba.org\/trabablog\/wp-content\/uploads\/2022\/03\/20-1-2048x1536.jpeg 2048w, http:\/\/traba.org\/trabablog\/wp-content\/uploads\/2022\/03\/20-1-460x345.jpeg 460w, http:\/\/traba.org\/trabablog\/wp-content\/uploads\/2022\/03\/20-1-688x516.jpeg 688w\" sizes=\"auto, (max-width: 700px) 100vw, 700px\" \/> <img loading=\"lazy\" decoding=\"async\" class=\"aligncenter size-large wp-image-19410\" src=\"http:\/\/www.traba.org\/trabablog\/wp-content\/uploads\/2022\/03\/21-1-1024x576.jpeg\" alt=\"\" width=\"700\" height=\"394\" srcset=\"http:\/\/traba.org\/trabablog\/wp-content\/uploads\/2022\/03\/21-1-1024x576.jpeg 1024w, http:\/\/traba.org\/trabablog\/wp-content\/uploads\/2022\/03\/21-1-300x169.jpeg 300w, http:\/\/traba.org\/trabablog\/wp-content\/uploads\/2022\/03\/21-1-768x432.jpeg 768w, http:\/\/traba.org\/trabablog\/wp-content\/uploads\/2022\/03\/21-1-1536x864.jpeg 1536w, http:\/\/traba.org\/trabablog\/wp-content\/uploads\/2022\/03\/21-1-2048x1152.jpeg 2048w, http:\/\/traba.org\/trabablog\/wp-content\/uploads\/2022\/03\/21-1-460x259.jpeg 460w, http:\/\/traba.org\/trabablog\/wp-content\/uploads\/2022\/03\/21-1-688x387.jpeg 688w\" sizes=\"auto, (max-width: 700px) 100vw, 700px\" \/><\/p>\n<p>El cam\u00ed de tornada amb dues distraccions. Passes amb la pilota de futbol americ\u00e0.<\/p>\n<p><img loading=\"lazy\" decoding=\"async\" class=\"aligncenter size-large wp-image-19411\" src=\"http:\/\/www.traba.org\/trabablog\/wp-content\/uploads\/2022\/03\/22-1-1024x576.jpeg\" alt=\"\" width=\"700\" height=\"394\" srcset=\"http:\/\/traba.org\/trabablog\/wp-content\/uploads\/2022\/03\/22-1-1024x576.jpeg 1024w, http:\/\/traba.org\/trabablog\/wp-content\/uploads\/2022\/03\/22-1-300x169.jpeg 300w, http:\/\/traba.org\/trabablog\/wp-content\/uploads\/2022\/03\/22-1-768x432.jpeg 768w, http:\/\/traba.org\/trabablog\/wp-content\/uploads\/2022\/03\/22-1-1536x864.jpeg 1536w, http:\/\/traba.org\/trabablog\/wp-content\/uploads\/2022\/03\/22-1-2048x1152.jpeg 2048w, http:\/\/traba.org\/trabablog\/wp-content\/uploads\/2022\/03\/22-1-460x259.jpeg 460w, http:\/\/traba.org\/trabablog\/wp-content\/uploads\/2022\/03\/22-1-688x387.jpeg 688w\" sizes=\"auto, (max-width: 700px) 100vw, 700px\" \/><\/p>\n<p>I posar pedretes als postes del cam\u00ed de cavalls.<\/p>\n<p><img loading=\"lazy\" decoding=\"async\" class=\"aligncenter size-large wp-image-19412\" src=\"http:\/\/www.traba.org\/trabablog\/wp-content\/uploads\/2022\/03\/23-1-768x1024.jpeg\" alt=\"\" width=\"700\" height=\"933\" srcset=\"http:\/\/traba.org\/trabablog\/wp-content\/uploads\/2022\/03\/23-1-768x1024.jpeg 768w, http:\/\/traba.org\/trabablog\/wp-content\/uploads\/2022\/03\/23-1-225x300.jpeg 225w, http:\/\/traba.org\/trabablog\/wp-content\/uploads\/2022\/03\/23-1-1152x1536.jpeg 1152w, http:\/\/traba.org\/trabablog\/wp-content\/uploads\/2022\/03\/23-1-1536x2048.jpeg 1536w, http:\/\/traba.org\/trabablog\/wp-content\/uploads\/2022\/03\/23-1-261x348.jpeg 261w, http:\/\/traba.org\/trabablog\/wp-content\/uploads\/2022\/03\/23-1-688x917.jpeg 688w, http:\/\/traba.org\/trabablog\/wp-content\/uploads\/2022\/03\/23-1-scaled.jpeg 1920w\" sizes=\"auto, (max-width: 700px) 100vw, 700px\" \/><\/p>\n<p>Segona selfie completa del dia.<\/p>\n<p><img loading=\"lazy\" decoding=\"async\" class=\"aligncenter size-large wp-image-19413\" src=\"http:\/\/www.traba.org\/trabablog\/wp-content\/uploads\/2022\/03\/24-1-1024x768.jpeg\" alt=\"\" width=\"700\" height=\"525\" srcset=\"http:\/\/traba.org\/trabablog\/wp-content\/uploads\/2022\/03\/24-1-1024x768.jpeg 1024w, http:\/\/traba.org\/trabablog\/wp-content\/uploads\/2022\/03\/24-1-300x225.jpeg 300w, http:\/\/traba.org\/trabablog\/wp-content\/uploads\/2022\/03\/24-1-768x576.jpeg 768w, http:\/\/traba.org\/trabablog\/wp-content\/uploads\/2022\/03\/24-1-1536x1152.jpeg 1536w, http:\/\/traba.org\/trabablog\/wp-content\/uploads\/2022\/03\/24-1-2048x1536.jpeg 2048w, http:\/\/traba.org\/trabablog\/wp-content\/uploads\/2022\/03\/24-1-460x345.jpeg 460w, http:\/\/traba.org\/trabablog\/wp-content\/uploads\/2022\/03\/24-1-688x516.jpeg 688w\" sizes=\"auto, (max-width: 700px) 100vw, 700px\" \/><\/p>\n<p>Sobra l&#8217;hotel, diu la Lola.<\/p>\n<p><img loading=\"lazy\" decoding=\"async\" class=\"aligncenter size-large wp-image-19414\" src=\"http:\/\/www.traba.org\/trabablog\/wp-content\/uploads\/2022\/03\/25-1-1024x576.jpeg\" alt=\"\" width=\"700\" height=\"394\" srcset=\"http:\/\/traba.org\/trabablog\/wp-content\/uploads\/2022\/03\/25-1-1024x576.jpeg 1024w, http:\/\/traba.org\/trabablog\/wp-content\/uploads\/2022\/03\/25-1-300x169.jpeg 300w, http:\/\/traba.org\/trabablog\/wp-content\/uploads\/2022\/03\/25-1-768x432.jpeg 768w, http:\/\/traba.org\/trabablog\/wp-content\/uploads\/2022\/03\/25-1-1536x864.jpeg 1536w, http:\/\/traba.org\/trabablog\/wp-content\/uploads\/2022\/03\/25-1-2048x1152.jpeg 2048w, http:\/\/traba.org\/trabablog\/wp-content\/uploads\/2022\/03\/25-1-460x259.jpeg 460w, http:\/\/traba.org\/trabablog\/wp-content\/uploads\/2022\/03\/25-1-688x387.jpeg 688w\" sizes=\"auto, (max-width: 700px) 100vw, 700px\" \/><\/p>\n<p>Entre la calima aquesta i que tot estava tancat i buit, avui si que realment semblava apocalipsis zombie.<\/p>\n<p><img loading=\"lazy\" decoding=\"async\" class=\"aligncenter size-large wp-image-19389\" src=\"http:\/\/www.traba.org\/trabablog\/wp-content\/uploads\/2022\/03\/26-1-1024x576.jpeg\" alt=\"\" width=\"700\" height=\"394\" srcset=\"http:\/\/traba.org\/trabablog\/wp-content\/uploads\/2022\/03\/26-1-1024x576.jpeg 1024w, http:\/\/traba.org\/trabablog\/wp-content\/uploads\/2022\/03\/26-1-300x169.jpeg 300w, http:\/\/traba.org\/trabablog\/wp-content\/uploads\/2022\/03\/26-1-768x432.jpeg 768w, http:\/\/traba.org\/trabablog\/wp-content\/uploads\/2022\/03\/26-1-1536x864.jpeg 1536w, http:\/\/traba.org\/trabablog\/wp-content\/uploads\/2022\/03\/26-1-2048x1152.jpeg 2048w, http:\/\/traba.org\/trabablog\/wp-content\/uploads\/2022\/03\/26-1-460x259.jpeg 460w, http:\/\/traba.org\/trabablog\/wp-content\/uploads\/2022\/03\/26-1-688x387.jpeg 688w\" sizes=\"auto, (max-width: 700px) 100vw, 700px\" \/><\/p>\n","protected":false},"excerpt":{"rendered":"<p>Avui toca excursi\u00f3, per dir-ho d&#8217;alguna forma, de cala Galdana a Macarella (i tornar). Hem arribat a Cala Galdana, i nom\u00e9s aparcar ens hem trobat aquests \u00e0necs. Es veu que&#8230;<\/p>\n","protected":false},"author":5,"featured_media":19397,"comment_status":"open","ping_status":"open","sticky":false,"template":"","format":"standard","meta":{"_monsterinsights_skip_tracking":false,"_monsterinsights_sitenote_active":false,"_monsterinsights_sitenote_note":"","_monsterinsights_sitenote_category":0,"footnotes":""},"categories":[167],"tags":[41,39,42],"class_list":["post-19388","post","type-post","status-publish","format-standard","has-post-thumbnail","hentry","category-menorca-2022","tag-mar","tag-menorca","tag-platja"],"_links":{"self":[{"href":"http:\/\/traba.org\/trabablog\/index.php?rest_route=\/wp\/v2\/posts\/19388","targetHints":{"allow":["GET"]}}],"collection":[{"href":"http:\/\/traba.org\/trabablog\/index.php?rest_route=\/wp\/v2\/posts"}],"about":[{"href":"http:\/\/traba.org\/trabablog\/index.php?rest_route=\/wp\/v2\/types\/post"}],"author":[{"embeddable":true,"href":"http:\/\/traba.org\/trabablog\/index.php?rest_route=\/wp\/v2\/users\/5"}],"replies":[{"embeddable":true,"href":"http:\/\/traba.org\/trabablog\/index.php?rest_route=%2Fwp%2Fv2%2Fcomments&post=19388"}],"version-history":[{"count":1,"href":"http:\/\/traba.org\/trabablog\/index.php?rest_route=\/wp\/v2\/posts\/19388\/revisions"}],"predecessor-version":[{"id":19415,"href":"http:\/\/traba.org\/trabablog\/index.php?rest_route=\/wp\/v2\/posts\/19388\/revisions\/19415"}],"wp:featuredmedia":[{"embeddable":true,"href":"http:\/\/traba.org\/trabablog\/index.php?rest_route=\/wp\/v2\/media\/19397"}],"wp:attachment":[{"href":"http:\/\/traba.org\/trabablog\/index.php?rest_route=%2Fwp%2Fv2%2Fmedia&parent=19388"}],"wp:term":[{"taxonomy":"category","embeddable":true,"href":"http:\/\/traba.org\/trabablog\/index.php?rest_route=%2Fwp%2Fv2%2Fcategories&post=19388"},{"taxonomy":"post_tag","embeddable":true,"href":"http:\/\/traba.org\/trabablog\/index.php?rest_route=%2Fwp%2Fv2%2Ftags&post=19388"}],"curies":[{"name":"wp","href":"https:\/\/api.w.org\/{rel}","templated":true}]}}