{"id":19570,"date":"2022-04-24T23:13:59","date_gmt":"2022-04-24T21:13:59","guid":{"rendered":"http:\/\/www.traba.org\/trabablog\/?p=19570"},"modified":"2022-04-24T23:15:21","modified_gmt":"2022-04-24T21:15:21","slug":"setembre-2022","status":"publish","type":"post","link":"http:\/\/traba.org\/trabablog\/?p=19570","title":{"rendered":"Setembre 2021"},"content":{"rendered":"<p><img loading=\"lazy\" decoding=\"async\" class=\"aligncenter size-large wp-image-19571\" src=\"http:\/\/www.traba.org\/trabablog\/wp-content\/uploads\/2022\/04\/1-1-576x1024.jpeg\" alt=\"\" width=\"576\" height=\"1024\" srcset=\"http:\/\/traba.org\/trabablog\/wp-content\/uploads\/2022\/04\/1-1-576x1024.jpeg 576w, http:\/\/traba.org\/trabablog\/wp-content\/uploads\/2022\/04\/1-1-169x300.jpeg 169w, http:\/\/traba.org\/trabablog\/wp-content\/uploads\/2022\/04\/1-1-196x348.jpeg 196w, http:\/\/traba.org\/trabablog\/wp-content\/uploads\/2022\/04\/1-1-688x1223.jpeg 688w, http:\/\/traba.org\/trabablog\/wp-content\/uploads\/2022\/04\/1-1.jpeg 720w\" sizes=\"auto, (max-width: 576px) 100vw, 576px\" \/><\/p>\n<p>ups<\/p>\n<p><img loading=\"lazy\" decoding=\"async\" class=\"aligncenter size-large wp-image-19572\" src=\"http:\/\/www.traba.org\/trabablog\/wp-content\/uploads\/2022\/04\/2-1-576x1024.jpeg\" alt=\"\" width=\"576\" height=\"1024\" srcset=\"http:\/\/traba.org\/trabablog\/wp-content\/uploads\/2022\/04\/2-1-576x1024.jpeg 576w, http:\/\/traba.org\/trabablog\/wp-content\/uploads\/2022\/04\/2-1-169x300.jpeg 169w, http:\/\/traba.org\/trabablog\/wp-content\/uploads\/2022\/04\/2-1-196x348.jpeg 196w, http:\/\/traba.org\/trabablog\/wp-content\/uploads\/2022\/04\/2-1-688x1223.jpeg 688w, http:\/\/traba.org\/trabablog\/wp-content\/uploads\/2022\/04\/2-1.jpeg 720w\" sizes=\"auto, (max-width: 576px) 100vw, 576px\" \/><\/p>\n<p>com els \u00faltims anys, acabem l&#8217;estiu a Fonolleres<\/p>\n<p><img loading=\"lazy\" decoding=\"async\" class=\"aligncenter size-large wp-image-19573\" src=\"http:\/\/www.traba.org\/trabablog\/wp-content\/uploads\/2022\/04\/3-1-1024x576.jpeg\" alt=\"\" width=\"700\" height=\"394\" srcset=\"http:\/\/traba.org\/trabablog\/wp-content\/uploads\/2022\/04\/3-1-1024x576.jpeg 1024w, http:\/\/traba.org\/trabablog\/wp-content\/uploads\/2022\/04\/3-1-300x169.jpeg 300w, http:\/\/traba.org\/trabablog\/wp-content\/uploads\/2022\/04\/3-1-768x432.jpeg 768w, http:\/\/traba.org\/trabablog\/wp-content\/uploads\/2022\/04\/3-1-460x259.jpeg 460w, http:\/\/traba.org\/trabablog\/wp-content\/uploads\/2022\/04\/3-1-688x387.jpeg 688w, http:\/\/traba.org\/trabablog\/wp-content\/uploads\/2022\/04\/3-1.jpeg 1280w\" sizes=\"auto, (max-width: 700px) 100vw, 700px\" \/> <img loading=\"lazy\" decoding=\"async\" class=\"aligncenter size-large wp-image-19574\" src=\"http:\/\/www.traba.org\/trabablog\/wp-content\/uploads\/2022\/04\/4-1-1024x576.jpeg\" alt=\"\" width=\"700\" height=\"394\" srcset=\"http:\/\/traba.org\/trabablog\/wp-content\/uploads\/2022\/04\/4-1-1024x576.jpeg 1024w, http:\/\/traba.org\/trabablog\/wp-content\/uploads\/2022\/04\/4-1-300x169.jpeg 300w, http:\/\/traba.org\/trabablog\/wp-content\/uploads\/2022\/04\/4-1-768x432.jpeg 768w, http:\/\/traba.org\/trabablog\/wp-content\/uploads\/2022\/04\/4-1-460x259.jpeg 460w, http:\/\/traba.org\/trabablog\/wp-content\/uploads\/2022\/04\/4-1-688x387.jpeg 688w, http:\/\/traba.org\/trabablog\/wp-content\/uploads\/2022\/04\/4-1.jpeg 1280w\" sizes=\"auto, (max-width: 700px) 100vw, 700px\" \/> <img loading=\"lazy\" decoding=\"async\" class=\"aligncenter size-large wp-image-19575\" src=\"http:\/\/www.traba.org\/trabablog\/wp-content\/uploads\/2022\/04\/5-1-1024x768.jpeg\" alt=\"\" width=\"700\" height=\"525\" srcset=\"http:\/\/traba.org\/trabablog\/wp-content\/uploads\/2022\/04\/5-1-1024x768.jpeg 1024w, http:\/\/traba.org\/trabablog\/wp-content\/uploads\/2022\/04\/5-1-300x225.jpeg 300w, http:\/\/traba.org\/trabablog\/wp-content\/uploads\/2022\/04\/5-1-768x576.jpeg 768w, http:\/\/traba.org\/trabablog\/wp-content\/uploads\/2022\/04\/5-1-460x345.jpeg 460w, http:\/\/traba.org\/trabablog\/wp-content\/uploads\/2022\/04\/5-1-688x516.jpeg 688w, http:\/\/traba.org\/trabablog\/wp-content\/uploads\/2022\/04\/5-1.jpeg 1280w\" sizes=\"auto, (max-width: 700px) 100vw, 700px\" \/> <img loading=\"lazy\" decoding=\"async\" class=\"aligncenter size-large wp-image-19576\" src=\"http:\/\/www.traba.org\/trabablog\/wp-content\/uploads\/2022\/04\/6-1-576x1024.jpeg\" alt=\"\" width=\"576\" height=\"1024\" srcset=\"http:\/\/traba.org\/trabablog\/wp-content\/uploads\/2022\/04\/6-1-576x1024.jpeg 576w, http:\/\/traba.org\/trabablog\/wp-content\/uploads\/2022\/04\/6-1-169x300.jpeg 169w, http:\/\/traba.org\/trabablog\/wp-content\/uploads\/2022\/04\/6-1-196x348.jpeg 196w, http:\/\/traba.org\/trabablog\/wp-content\/uploads\/2022\/04\/6-1-688x1223.jpeg 688w, http:\/\/traba.org\/trabablog\/wp-content\/uploads\/2022\/04\/6-1.jpeg 720w\" sizes=\"auto, (max-width: 576px) 100vw, 576px\" \/><\/p>\n<p>fotos que va trobar la meva germana a casa ma mare. aquesta era la meva ves\u00e0via, Rosalia, i jo.<\/p>\n<p><img loading=\"lazy\" decoding=\"async\" class=\"aligncenter size-large wp-image-19577\" src=\"http:\/\/www.traba.org\/trabablog\/wp-content\/uploads\/2022\/04\/7-1-1024x576.jpeg\" alt=\"\" width=\"700\" height=\"394\" srcset=\"http:\/\/traba.org\/trabablog\/wp-content\/uploads\/2022\/04\/7-1-1024x576.jpeg 1024w, http:\/\/traba.org\/trabablog\/wp-content\/uploads\/2022\/04\/7-1-300x169.jpeg 300w, http:\/\/traba.org\/trabablog\/wp-content\/uploads\/2022\/04\/7-1-768x432.jpeg 768w, http:\/\/traba.org\/trabablog\/wp-content\/uploads\/2022\/04\/7-1-460x259.jpeg 460w, http:\/\/traba.org\/trabablog\/wp-content\/uploads\/2022\/04\/7-1-688x387.jpeg 688w, http:\/\/traba.org\/trabablog\/wp-content\/uploads\/2022\/04\/7-1.jpeg 1280w\" sizes=\"auto, (max-width: 700px) 100vw, 700px\" \/><\/p>\n<p>la tieta Maria, jo i la Cristina a l&#8217;Ametlla<\/p>\n<p><img loading=\"lazy\" decoding=\"async\" class=\"aligncenter size-large wp-image-19578\" src=\"http:\/\/www.traba.org\/trabablog\/wp-content\/uploads\/2022\/04\/8-1-576x1024.jpeg\" alt=\"\" width=\"576\" height=\"1024\" srcset=\"http:\/\/traba.org\/trabablog\/wp-content\/uploads\/2022\/04\/8-1-576x1024.jpeg 576w, http:\/\/traba.org\/trabablog\/wp-content\/uploads\/2022\/04\/8-1-169x300.jpeg 169w, http:\/\/traba.org\/trabablog\/wp-content\/uploads\/2022\/04\/8-1-196x348.jpeg 196w, http:\/\/traba.org\/trabablog\/wp-content\/uploads\/2022\/04\/8-1-688x1223.jpeg 688w, http:\/\/traba.org\/trabablog\/wp-content\/uploads\/2022\/04\/8-1.jpeg 720w\" sizes=\"auto, (max-width: 576px) 100vw, 576px\" \/><\/p>\n<p>els meus pares i jo, no sabria dir on.<\/p>\n<p><img loading=\"lazy\" decoding=\"async\" class=\"aligncenter size-large wp-image-19579\" src=\"http:\/\/www.traba.org\/trabablog\/wp-content\/uploads\/2022\/04\/9-1-1024x576.jpeg\" alt=\"\" width=\"700\" height=\"394\" srcset=\"http:\/\/traba.org\/trabablog\/wp-content\/uploads\/2022\/04\/9-1-1024x576.jpeg 1024w, http:\/\/traba.org\/trabablog\/wp-content\/uploads\/2022\/04\/9-1-300x169.jpeg 300w, http:\/\/traba.org\/trabablog\/wp-content\/uploads\/2022\/04\/9-1-768x432.jpeg 768w, http:\/\/traba.org\/trabablog\/wp-content\/uploads\/2022\/04\/9-1-460x259.jpeg 460w, http:\/\/traba.org\/trabablog\/wp-content\/uploads\/2022\/04\/9-1-688x387.jpeg 688w, http:\/\/traba.org\/trabablog\/wp-content\/uploads\/2022\/04\/9-1.jpeg 1280w\" sizes=\"auto, (max-width: 700px) 100vw, 700px\" \/><\/p>\n<p>jo i la Cristina a l&#8217;Ametlla<\/p>\n<p><img loading=\"lazy\" decoding=\"async\" class=\"aligncenter size-large wp-image-19580\" src=\"http:\/\/www.traba.org\/trabablog\/wp-content\/uploads\/2022\/04\/10-1-576x1024.jpeg\" alt=\"\" width=\"576\" height=\"1024\" srcset=\"http:\/\/traba.org\/trabablog\/wp-content\/uploads\/2022\/04\/10-1-576x1024.jpeg 576w, http:\/\/traba.org\/trabablog\/wp-content\/uploads\/2022\/04\/10-1-169x300.jpeg 169w, http:\/\/traba.org\/trabablog\/wp-content\/uploads\/2022\/04\/10-1-196x348.jpeg 196w, http:\/\/traba.org\/trabablog\/wp-content\/uploads\/2022\/04\/10-1-688x1223.jpeg 688w, http:\/\/traba.org\/trabablog\/wp-content\/uploads\/2022\/04\/10-1.jpeg 720w\" sizes=\"auto, (max-width: 576px) 100vw, 576px\" \/><\/p>\n<p>una excursi\u00f3 que vam fer amb la Lola i el Bruno<\/p>\n<p><img loading=\"lazy\" decoding=\"async\" class=\"aligncenter size-large wp-image-19581\" src=\"http:\/\/www.traba.org\/trabablog\/wp-content\/uploads\/2022\/04\/11-1-1024x768.jpeg\" alt=\"\" width=\"700\" height=\"525\" srcset=\"http:\/\/traba.org\/trabablog\/wp-content\/uploads\/2022\/04\/11-1-1024x768.jpeg 1024w, http:\/\/traba.org\/trabablog\/wp-content\/uploads\/2022\/04\/11-1-300x225.jpeg 300w, http:\/\/traba.org\/trabablog\/wp-content\/uploads\/2022\/04\/11-1-768x576.jpeg 768w, http:\/\/traba.org\/trabablog\/wp-content\/uploads\/2022\/04\/11-1-460x345.jpeg 460w, http:\/\/traba.org\/trabablog\/wp-content\/uploads\/2022\/04\/11-1-688x516.jpeg 688w, http:\/\/traba.org\/trabablog\/wp-content\/uploads\/2022\/04\/11-1.jpeg 1280w\" sizes=\"auto, (max-width: 700px) 100vw, 700px\" \/><\/p>\n<p>intentant salvar una papallona<\/p>\n<p><img loading=\"lazy\" decoding=\"async\" class=\"aligncenter size-large wp-image-19582\" src=\"http:\/\/www.traba.org\/trabablog\/wp-content\/uploads\/2022\/04\/12-1-1024x768.jpeg\" alt=\"\" width=\"700\" height=\"525\" srcset=\"http:\/\/traba.org\/trabablog\/wp-content\/uploads\/2022\/04\/12-1-1024x768.jpeg 1024w, http:\/\/traba.org\/trabablog\/wp-content\/uploads\/2022\/04\/12-1-300x225.jpeg 300w, http:\/\/traba.org\/trabablog\/wp-content\/uploads\/2022\/04\/12-1-768x576.jpeg 768w, http:\/\/traba.org\/trabablog\/wp-content\/uploads\/2022\/04\/12-1-460x345.jpeg 460w, http:\/\/traba.org\/trabablog\/wp-content\/uploads\/2022\/04\/12-1-688x516.jpeg 688w, http:\/\/traba.org\/trabablog\/wp-content\/uploads\/2022\/04\/12-1.jpeg 1280w\" sizes=\"auto, (max-width: 700px) 100vw, 700px\" \/> <img loading=\"lazy\" decoding=\"async\" class=\"aligncenter size-large wp-image-19583\" src=\"http:\/\/www.traba.org\/trabablog\/wp-content\/uploads\/2022\/04\/13-1-1024x576.jpeg\" alt=\"\" width=\"700\" height=\"394\" srcset=\"http:\/\/traba.org\/trabablog\/wp-content\/uploads\/2022\/04\/13-1-1024x576.jpeg 1024w, http:\/\/traba.org\/trabablog\/wp-content\/uploads\/2022\/04\/13-1-300x169.jpeg 300w, http:\/\/traba.org\/trabablog\/wp-content\/uploads\/2022\/04\/13-1-768x432.jpeg 768w, http:\/\/traba.org\/trabablog\/wp-content\/uploads\/2022\/04\/13-1-460x259.jpeg 460w, http:\/\/traba.org\/trabablog\/wp-content\/uploads\/2022\/04\/13-1-688x387.jpeg 688w, http:\/\/traba.org\/trabablog\/wp-content\/uploads\/2022\/04\/13-1.jpeg 1280w\" sizes=\"auto, (max-width: 700px) 100vw, 700px\" \/><\/p>\n<p>primer dia d&#8217;escola, primer dia de p3 del F\u00e8lix<\/p>\n<p><img loading=\"lazy\" decoding=\"async\" class=\"aligncenter size-large wp-image-19584\" src=\"http:\/\/www.traba.org\/trabablog\/wp-content\/uploads\/2022\/04\/14-1-1024x576.jpeg\" alt=\"\" width=\"700\" height=\"394\" srcset=\"http:\/\/traba.org\/trabablog\/wp-content\/uploads\/2022\/04\/14-1-1024x576.jpeg 1024w, http:\/\/traba.org\/trabablog\/wp-content\/uploads\/2022\/04\/14-1-300x169.jpeg 300w, http:\/\/traba.org\/trabablog\/wp-content\/uploads\/2022\/04\/14-1-768x432.jpeg 768w, http:\/\/traba.org\/trabablog\/wp-content\/uploads\/2022\/04\/14-1-460x259.jpeg 460w, http:\/\/traba.org\/trabablog\/wp-content\/uploads\/2022\/04\/14-1-688x387.jpeg 688w, http:\/\/traba.org\/trabablog\/wp-content\/uploads\/2022\/04\/14-1.jpeg 1280w\" sizes=\"auto, (max-width: 700px) 100vw, 700px\" \/> <img loading=\"lazy\" decoding=\"async\" class=\"aligncenter size-large wp-image-19585\" src=\"http:\/\/www.traba.org\/trabablog\/wp-content\/uploads\/2022\/04\/15-1-1024x576.jpeg\" alt=\"\" width=\"700\" height=\"394\" srcset=\"http:\/\/traba.org\/trabablog\/wp-content\/uploads\/2022\/04\/15-1-1024x576.jpeg 1024w, http:\/\/traba.org\/trabablog\/wp-content\/uploads\/2022\/04\/15-1-300x169.jpeg 300w, http:\/\/traba.org\/trabablog\/wp-content\/uploads\/2022\/04\/15-1-768x432.jpeg 768w, http:\/\/traba.org\/trabablog\/wp-content\/uploads\/2022\/04\/15-1-460x259.jpeg 460w, http:\/\/traba.org\/trabablog\/wp-content\/uploads\/2022\/04\/15-1-688x387.jpeg 688w, http:\/\/traba.org\/trabablog\/wp-content\/uploads\/2022\/04\/15-1.jpeg 1280w\" sizes=\"auto, (max-width: 700px) 100vw, 700px\" \/><\/p>\n<p>Acabant de muntar el cotxe despr\u00e9s que el netegessin i ens tragu\u00e9ssin totes les cadiretes.<\/p>\n<p><img loading=\"lazy\" decoding=\"async\" class=\"aligncenter size-large wp-image-19586\" src=\"http:\/\/www.traba.org\/trabablog\/wp-content\/uploads\/2022\/04\/16-1-1024x576.jpeg\" alt=\"\" width=\"700\" height=\"394\" srcset=\"http:\/\/traba.org\/trabablog\/wp-content\/uploads\/2022\/04\/16-1-1024x576.jpeg 1024w, http:\/\/traba.org\/trabablog\/wp-content\/uploads\/2022\/04\/16-1-300x169.jpeg 300w, http:\/\/traba.org\/trabablog\/wp-content\/uploads\/2022\/04\/16-1-768x432.jpeg 768w, http:\/\/traba.org\/trabablog\/wp-content\/uploads\/2022\/04\/16-1-460x259.jpeg 460w, http:\/\/traba.org\/trabablog\/wp-content\/uploads\/2022\/04\/16-1-688x387.jpeg 688w, http:\/\/traba.org\/trabablog\/wp-content\/uploads\/2022\/04\/16-1.jpeg 1280w\" sizes=\"auto, (max-width: 700px) 100vw, 700px\" \/> <img loading=\"lazy\" decoding=\"async\" class=\"aligncenter size-large wp-image-19587\" src=\"http:\/\/www.traba.org\/trabablog\/wp-content\/uploads\/2022\/04\/17-1-1024x768.jpeg\" alt=\"\" width=\"700\" height=\"525\" srcset=\"http:\/\/traba.org\/trabablog\/wp-content\/uploads\/2022\/04\/17-1-1024x768.jpeg 1024w, http:\/\/traba.org\/trabablog\/wp-content\/uploads\/2022\/04\/17-1-300x225.jpeg 300w, http:\/\/traba.org\/trabablog\/wp-content\/uploads\/2022\/04\/17-1-768x576.jpeg 768w, http:\/\/traba.org\/trabablog\/wp-content\/uploads\/2022\/04\/17-1-460x345.jpeg 460w, http:\/\/traba.org\/trabablog\/wp-content\/uploads\/2022\/04\/17-1-688x516.jpeg 688w, http:\/\/traba.org\/trabablog\/wp-content\/uploads\/2022\/04\/17-1.jpeg 1280w\" sizes=\"auto, (max-width: 700px) 100vw, 700px\" \/> <img loading=\"lazy\" decoding=\"async\" class=\"aligncenter size-large wp-image-19588\" src=\"http:\/\/www.traba.org\/trabablog\/wp-content\/uploads\/2022\/04\/18-1-1024x768.jpeg\" alt=\"\" width=\"700\" height=\"525\" srcset=\"http:\/\/traba.org\/trabablog\/wp-content\/uploads\/2022\/04\/18-1-1024x768.jpeg 1024w, http:\/\/traba.org\/trabablog\/wp-content\/uploads\/2022\/04\/18-1-300x225.jpeg 300w, http:\/\/traba.org\/trabablog\/wp-content\/uploads\/2022\/04\/18-1-768x576.jpeg 768w, http:\/\/traba.org\/trabablog\/wp-content\/uploads\/2022\/04\/18-1-460x345.jpeg 460w, http:\/\/traba.org\/trabablog\/wp-content\/uploads\/2022\/04\/18-1-688x516.jpeg 688w, http:\/\/traba.org\/trabablog\/wp-content\/uploads\/2022\/04\/18-1.jpeg 1280w\" sizes=\"auto, (max-width: 700px) 100vw, 700px\" \/><\/p>\n<p>una altra foto antiga, aquesta no fa tant, per\u00f2 no est\u00e0 mal. viatge per It\u00e0lia.<\/p>\n<p><img loading=\"lazy\" decoding=\"async\" class=\"aligncenter size-large wp-image-19589\" src=\"http:\/\/www.traba.org\/trabablog\/wp-content\/uploads\/2022\/04\/19-1-1024x768.jpeg\" alt=\"\" width=\"700\" height=\"525\" srcset=\"http:\/\/traba.org\/trabablog\/wp-content\/uploads\/2022\/04\/19-1-1024x768.jpeg 1024w, http:\/\/traba.org\/trabablog\/wp-content\/uploads\/2022\/04\/19-1-300x225.jpeg 300w, http:\/\/traba.org\/trabablog\/wp-content\/uploads\/2022\/04\/19-1-768x576.jpeg 768w, http:\/\/traba.org\/trabablog\/wp-content\/uploads\/2022\/04\/19-1-460x345.jpeg 460w, http:\/\/traba.org\/trabablog\/wp-content\/uploads\/2022\/04\/19-1-688x516.jpeg 688w, http:\/\/traba.org\/trabablog\/wp-content\/uploads\/2022\/04\/19-1.jpeg 1280w\" sizes=\"auto, (max-width: 700px) 100vw, 700px\" \/><\/p>\n<p>amb mascareta \ud83d\ude41<\/p>\n<p><img loading=\"lazy\" decoding=\"async\" class=\"aligncenter size-large wp-image-19590\" src=\"http:\/\/www.traba.org\/trabablog\/wp-content\/uploads\/2022\/04\/20-1-576x1024.jpeg\" alt=\"\" width=\"576\" height=\"1024\" srcset=\"http:\/\/traba.org\/trabablog\/wp-content\/uploads\/2022\/04\/20-1-576x1024.jpeg 576w, http:\/\/traba.org\/trabablog\/wp-content\/uploads\/2022\/04\/20-1-169x300.jpeg 169w, http:\/\/traba.org\/trabablog\/wp-content\/uploads\/2022\/04\/20-1-196x348.jpeg 196w, http:\/\/traba.org\/trabablog\/wp-content\/uploads\/2022\/04\/20-1-688x1223.jpeg 688w, http:\/\/traba.org\/trabablog\/wp-content\/uploads\/2022\/04\/20-1.jpeg 720w\" sizes=\"auto, (max-width: 576px) 100vw, 576px\" \/><\/p>\n<p>jugant amb l&#8217;Antx\u00f3n<\/p>\n<p><img loading=\"lazy\" decoding=\"async\" class=\"aligncenter size-large wp-image-19591\" src=\"http:\/\/www.traba.org\/trabablog\/wp-content\/uploads\/2022\/04\/21-1-1024x576.jpeg\" alt=\"\" width=\"700\" height=\"394\" srcset=\"http:\/\/traba.org\/trabablog\/wp-content\/uploads\/2022\/04\/21-1-1024x576.jpeg 1024w, http:\/\/traba.org\/trabablog\/wp-content\/uploads\/2022\/04\/21-1-300x169.jpeg 300w, http:\/\/traba.org\/trabablog\/wp-content\/uploads\/2022\/04\/21-1-768x432.jpeg 768w, http:\/\/traba.org\/trabablog\/wp-content\/uploads\/2022\/04\/21-1-460x259.jpeg 460w, http:\/\/traba.org\/trabablog\/wp-content\/uploads\/2022\/04\/21-1-688x387.jpeg 688w, http:\/\/traba.org\/trabablog\/wp-content\/uploads\/2022\/04\/21-1.jpeg 1280w\" sizes=\"auto, (max-width: 700px) 100vw, 700px\" \/><\/p>\n<p>a Emp\u00faries amb el Xavi<\/p>\n<p><img loading=\"lazy\" decoding=\"async\" class=\"aligncenter size-large wp-image-19592\" src=\"http:\/\/www.traba.org\/trabablog\/wp-content\/uploads\/2022\/04\/22-1-1024x768.jpeg\" alt=\"\" width=\"700\" height=\"525\" srcset=\"http:\/\/traba.org\/trabablog\/wp-content\/uploads\/2022\/04\/22-1-1024x768.jpeg 1024w, http:\/\/traba.org\/trabablog\/wp-content\/uploads\/2022\/04\/22-1-300x225.jpeg 300w, http:\/\/traba.org\/trabablog\/wp-content\/uploads\/2022\/04\/22-1-768x576.jpeg 768w, http:\/\/traba.org\/trabablog\/wp-content\/uploads\/2022\/04\/22-1-460x345.jpeg 460w, http:\/\/traba.org\/trabablog\/wp-content\/uploads\/2022\/04\/22-1-688x516.jpeg 688w, http:\/\/traba.org\/trabablog\/wp-content\/uploads\/2022\/04\/22-1.jpeg 1280w\" sizes=\"auto, (max-width: 700px) 100vw, 700px\" \/> <img loading=\"lazy\" decoding=\"async\" class=\"aligncenter size-large wp-image-19593\" src=\"http:\/\/www.traba.org\/trabablog\/wp-content\/uploads\/2022\/04\/23-1-766x1024.jpeg\" alt=\"\" width=\"700\" height=\"936\" srcset=\"http:\/\/traba.org\/trabablog\/wp-content\/uploads\/2022\/04\/23-1-766x1024.jpeg 766w, http:\/\/traba.org\/trabablog\/wp-content\/uploads\/2022\/04\/23-1-225x300.jpeg 225w, http:\/\/traba.org\/trabablog\/wp-content\/uploads\/2022\/04\/23-1-768x1026.jpeg 768w, http:\/\/traba.org\/trabablog\/wp-content\/uploads\/2022\/04\/23-1-260x348.jpeg 260w, http:\/\/traba.org\/trabablog\/wp-content\/uploads\/2022\/04\/23-1-688x919.jpeg 688w, http:\/\/traba.org\/trabablog\/wp-content\/uploads\/2022\/04\/23-1.jpeg 958w\" sizes=\"auto, (max-width: 700px) 100vw, 700px\" \/> <img loading=\"lazy\" decoding=\"async\" class=\"aligncenter size-large wp-image-19594\" src=\"http:\/\/www.traba.org\/trabablog\/wp-content\/uploads\/2022\/04\/24-1-766x1024.jpeg\" alt=\"\" width=\"700\" height=\"936\" srcset=\"http:\/\/traba.org\/trabablog\/wp-content\/uploads\/2022\/04\/24-1-766x1024.jpeg 766w, http:\/\/traba.org\/trabablog\/wp-content\/uploads\/2022\/04\/24-1-225x300.jpeg 225w, http:\/\/traba.org\/trabablog\/wp-content\/uploads\/2022\/04\/24-1-768x1026.jpeg 768w, http:\/\/traba.org\/trabablog\/wp-content\/uploads\/2022\/04\/24-1-260x348.jpeg 260w, http:\/\/traba.org\/trabablog\/wp-content\/uploads\/2022\/04\/24-1-688x919.jpeg 688w, http:\/\/traba.org\/trabablog\/wp-content\/uploads\/2022\/04\/24-1.jpeg 958w\" sizes=\"auto, (max-width: 700px) 100vw, 700px\" \/> <img loading=\"lazy\" decoding=\"async\" class=\"aligncenter size-large wp-image-19595\" src=\"http:\/\/www.traba.org\/trabablog\/wp-content\/uploads\/2022\/04\/25-1-1024x473.jpeg\" alt=\"\" width=\"700\" height=\"323\" srcset=\"http:\/\/traba.org\/trabablog\/wp-content\/uploads\/2022\/04\/25-1-1024x473.jpeg 1024w, http:\/\/traba.org\/trabablog\/wp-content\/uploads\/2022\/04\/25-1-300x139.jpeg 300w, http:\/\/traba.org\/trabablog\/wp-content\/uploads\/2022\/04\/25-1-768x355.jpeg 768w, http:\/\/traba.org\/trabablog\/wp-content\/uploads\/2022\/04\/25-1-460x212.jpeg 460w, http:\/\/traba.org\/trabablog\/wp-content\/uploads\/2022\/04\/25-1-688x318.jpeg 688w, http:\/\/traba.org\/trabablog\/wp-content\/uploads\/2022\/04\/25-1.jpeg 1280w\" sizes=\"auto, (max-width: 700px) 100vw, 700px\" \/> <img loading=\"lazy\" decoding=\"async\" class=\"aligncenter size-large wp-image-19596\" src=\"http:\/\/www.traba.org\/trabablog\/wp-content\/uploads\/2022\/04\/26-1-473x1024.jpeg\" alt=\"\" width=\"473\" height=\"1024\" srcset=\"http:\/\/traba.org\/trabablog\/wp-content\/uploads\/2022\/04\/26-1-473x1024.jpeg 473w, http:\/\/traba.org\/trabablog\/wp-content\/uploads\/2022\/04\/26-1-139x300.jpeg 139w, http:\/\/traba.org\/trabablog\/wp-content\/uploads\/2022\/04\/26-1-161x348.jpeg 161w, http:\/\/traba.org\/trabablog\/wp-content\/uploads\/2022\/04\/26-1.jpeg 591w\" sizes=\"auto, (max-width: 473px) 100vw, 473px\" \/><\/p>\n","protected":false},"excerpt":{"rendered":"<p>ups com els \u00faltims anys, acabem l&#8217;estiu a Fonolleres fotos que va trobar la meva germana a casa ma mare. aquesta era la meva ves\u00e0via, Rosalia, i jo. la tieta&#8230;<\/p>\n","protected":false},"author":5,"featured_media":19595,"comment_status":"open","ping_status":"open","sticky":false,"template":"","format":"standard","meta":{"_monsterinsights_skip_tracking":false,"_monsterinsights_sitenote_active":false,"_monsterinsights_sitenote_note":"","_monsterinsights_sitenote_category":0,"footnotes":""},"categories":[28],"tags":[],"class_list":["post-19570","post","type-post","status-publish","format-standard","has-post-thumbnail","hentry","category-ordinary-days"],"_links":{"self":[{"href":"http:\/\/traba.org\/trabablog\/index.php?rest_route=\/wp\/v2\/posts\/19570","targetHints":{"allow":["GET"]}}],"collection":[{"href":"http:\/\/traba.org\/trabablog\/index.php?rest_route=\/wp\/v2\/posts"}],"about":[{"href":"http:\/\/traba.org\/trabablog\/index.php?rest_route=\/wp\/v2\/types\/post"}],"author":[{"embeddable":true,"href":"http:\/\/traba.org\/trabablog\/index.php?rest_route=\/wp\/v2\/users\/5"}],"replies":[{"embeddable":true,"href":"http:\/\/traba.org\/trabablog\/index.php?rest_route=%2Fwp%2Fv2%2Fcomments&post=19570"}],"version-history":[{"count":2,"href":"http:\/\/traba.org\/trabablog\/index.php?rest_route=\/wp\/v2\/posts\/19570\/revisions"}],"predecessor-version":[{"id":19598,"href":"http:\/\/traba.org\/trabablog\/index.php?rest_route=\/wp\/v2\/posts\/19570\/revisions\/19598"}],"wp:featuredmedia":[{"embeddable":true,"href":"http:\/\/traba.org\/trabablog\/index.php?rest_route=\/wp\/v2\/media\/19595"}],"wp:attachment":[{"href":"http:\/\/traba.org\/trabablog\/index.php?rest_route=%2Fwp%2Fv2%2Fmedia&parent=19570"}],"wp:term":[{"taxonomy":"category","embeddable":true,"href":"http:\/\/traba.org\/trabablog\/index.php?rest_route=%2Fwp%2Fv2%2Fcategories&post=19570"},{"taxonomy":"post_tag","embeddable":true,"href":"http:\/\/traba.org\/trabablog\/index.php?rest_route=%2Fwp%2Fv2%2Ftags&post=19570"}],"curies":[{"name":"wp","href":"https:\/\/api.w.org\/{rel}","templated":true}]}}