{"id":19600,"date":"2022-05-09T17:45:11","date_gmt":"2022-05-09T15:45:11","guid":{"rendered":"http:\/\/www.traba.org\/trabablog\/?p=19600"},"modified":"2022-05-09T17:45:11","modified_gmt":"2022-05-09T15:45:11","slug":"octubre-2021","status":"publish","type":"post","link":"http:\/\/traba.org\/trabablog\/?p=19600","title":{"rendered":"Octubre 2021"},"content":{"rendered":"<p>el meu segon <a href=\"https:\/\/www.ravelry.com\/projects\/owora\/ranunculus-2\">Ranunculus<\/a> \ud83d\ude42<\/p>\n<p><img loading=\"lazy\" decoding=\"async\" class=\"aligncenter size-large wp-image-19601\" src=\"http:\/\/www.traba.org\/trabablog\/wp-content\/uploads\/2022\/05\/1-1024x768.jpeg\" alt=\"\" width=\"700\" height=\"525\" srcset=\"http:\/\/traba.org\/trabablog\/wp-content\/uploads\/2022\/05\/1-1024x768.jpeg 1024w, http:\/\/traba.org\/trabablog\/wp-content\/uploads\/2022\/05\/1-300x225.jpeg 300w, http:\/\/traba.org\/trabablog\/wp-content\/uploads\/2022\/05\/1-768x576.jpeg 768w, http:\/\/traba.org\/trabablog\/wp-content\/uploads\/2022\/05\/1-460x345.jpeg 460w, http:\/\/traba.org\/trabablog\/wp-content\/uploads\/2022\/05\/1-688x516.jpeg 688w, http:\/\/traba.org\/trabablog\/wp-content\/uploads\/2022\/05\/1.jpeg 1280w\" sizes=\"auto, (max-width: 700px) 100vw, 700px\" \/> <img loading=\"lazy\" decoding=\"async\" class=\"aligncenter size-large wp-image-19602\" src=\"http:\/\/www.traba.org\/trabablog\/wp-content\/uploads\/2022\/05\/2-768x1024.jpeg\" alt=\"\" width=\"700\" height=\"933\" srcset=\"http:\/\/traba.org\/trabablog\/wp-content\/uploads\/2022\/05\/2-768x1024.jpeg 768w, http:\/\/traba.org\/trabablog\/wp-content\/uploads\/2022\/05\/2-225x300.jpeg 225w, http:\/\/traba.org\/trabablog\/wp-content\/uploads\/2022\/05\/2-261x348.jpeg 261w, http:\/\/traba.org\/trabablog\/wp-content\/uploads\/2022\/05\/2-688x917.jpeg 688w, http:\/\/traba.org\/trabablog\/wp-content\/uploads\/2022\/05\/2.jpeg 960w\" sizes=\"auto, (max-width: 700px) 100vw, 700px\" \/><\/p>\n<p>sopant al Condal, boquerons<\/p>\n<p><img loading=\"lazy\" decoding=\"async\" class=\"aligncenter size-large wp-image-19603\" src=\"http:\/\/www.traba.org\/trabablog\/wp-content\/uploads\/2022\/05\/3-576x1024.jpeg\" alt=\"\" width=\"576\" height=\"1024\" srcset=\"http:\/\/traba.org\/trabablog\/wp-content\/uploads\/2022\/05\/3-576x1024.jpeg 576w, http:\/\/traba.org\/trabablog\/wp-content\/uploads\/2022\/05\/3-169x300.jpeg 169w, http:\/\/traba.org\/trabablog\/wp-content\/uploads\/2022\/05\/3-196x348.jpeg 196w, http:\/\/traba.org\/trabablog\/wp-content\/uploads\/2022\/05\/3-688x1223.jpeg 688w, http:\/\/traba.org\/trabablog\/wp-content\/uploads\/2022\/05\/3.jpeg 720w\" sizes=\"auto, (max-width: 576px) 100vw, 576px\" \/><\/p>\n<p>al congr\u00e9s de Mallorca, escoltant al Sim\u00f3n<\/p>\n<p><img loading=\"lazy\" decoding=\"async\" class=\"aligncenter size-large wp-image-19604\" src=\"http:\/\/www.traba.org\/trabablog\/wp-content\/uploads\/2022\/05\/4-1024x768.jpeg\" alt=\"\" width=\"700\" height=\"525\" srcset=\"http:\/\/traba.org\/trabablog\/wp-content\/uploads\/2022\/05\/4-1024x768.jpeg 1024w, http:\/\/traba.org\/trabablog\/wp-content\/uploads\/2022\/05\/4-300x225.jpeg 300w, http:\/\/traba.org\/trabablog\/wp-content\/uploads\/2022\/05\/4-768x576.jpeg 768w, http:\/\/traba.org\/trabablog\/wp-content\/uploads\/2022\/05\/4-460x345.jpeg 460w, http:\/\/traba.org\/trabablog\/wp-content\/uploads\/2022\/05\/4-688x516.jpeg 688w, http:\/\/traba.org\/trabablog\/wp-content\/uploads\/2022\/05\/4.jpeg 1280w\" sizes=\"auto, (max-width: 700px) 100vw, 700px\" \/><\/p>\n<p>al Bruno li cau una dent a les col\u00f2nies<\/p>\n<p><img loading=\"lazy\" decoding=\"async\" class=\"aligncenter size-large wp-image-19605\" src=\"http:\/\/www.traba.org\/trabablog\/wp-content\/uploads\/2022\/05\/5-576x1024.jpeg\" alt=\"\" width=\"576\" height=\"1024\" srcset=\"http:\/\/traba.org\/trabablog\/wp-content\/uploads\/2022\/05\/5-576x1024.jpeg 576w, http:\/\/traba.org\/trabablog\/wp-content\/uploads\/2022\/05\/5-169x300.jpeg 169w, http:\/\/traba.org\/trabablog\/wp-content\/uploads\/2022\/05\/5-196x348.jpeg 196w, http:\/\/traba.org\/trabablog\/wp-content\/uploads\/2022\/05\/5-688x1223.jpeg 688w, http:\/\/traba.org\/trabablog\/wp-content\/uploads\/2022\/05\/5.jpeg 720w\" sizes=\"auto, (max-width: 576px) 100vw, 576px\" \/><\/p>\n<p>passejant de nit a Mallorca<\/p>\n<p><img loading=\"lazy\" decoding=\"async\" class=\"aligncenter size-large wp-image-19606\" src=\"http:\/\/www.traba.org\/trabablog\/wp-content\/uploads\/2022\/05\/6-1024x768.jpeg\" alt=\"\" width=\"700\" height=\"525\" srcset=\"http:\/\/traba.org\/trabablog\/wp-content\/uploads\/2022\/05\/6-1024x768.jpeg 1024w, http:\/\/traba.org\/trabablog\/wp-content\/uploads\/2022\/05\/6-300x225.jpeg 300w, http:\/\/traba.org\/trabablog\/wp-content\/uploads\/2022\/05\/6-768x576.jpeg 768w, http:\/\/traba.org\/trabablog\/wp-content\/uploads\/2022\/05\/6-460x345.jpeg 460w, http:\/\/traba.org\/trabablog\/wp-content\/uploads\/2022\/05\/6-688x516.jpeg 688w, http:\/\/traba.org\/trabablog\/wp-content\/uploads\/2022\/05\/6.jpeg 1280w\" sizes=\"auto, (max-width: 700px) 100vw, 700px\" \/><\/p>\n<p>banyet d&#8217;octubre a Llafranc<\/p>\n<p><img loading=\"lazy\" decoding=\"async\" class=\"aligncenter size-large wp-image-19607\" src=\"http:\/\/www.traba.org\/trabablog\/wp-content\/uploads\/2022\/05\/7-1024x768.jpeg\" alt=\"\" width=\"700\" height=\"525\" srcset=\"http:\/\/traba.org\/trabablog\/wp-content\/uploads\/2022\/05\/7-1024x768.jpeg 1024w, http:\/\/traba.org\/trabablog\/wp-content\/uploads\/2022\/05\/7-300x225.jpeg 300w, http:\/\/traba.org\/trabablog\/wp-content\/uploads\/2022\/05\/7-768x576.jpeg 768w, http:\/\/traba.org\/trabablog\/wp-content\/uploads\/2022\/05\/7-460x345.jpeg 460w, http:\/\/traba.org\/trabablog\/wp-content\/uploads\/2022\/05\/7-688x516.jpeg 688w, http:\/\/traba.org\/trabablog\/wp-content\/uploads\/2022\/05\/7.jpeg 1280w\" sizes=\"auto, (max-width: 700px) 100vw, 700px\" \/><\/p>\n<p>escriptori nou. va ser una bona decisi\u00f3! la lola t\u00e9 molts deures a quart!<\/p>\n<p><img loading=\"lazy\" decoding=\"async\" class=\"aligncenter size-large wp-image-19608\" src=\"http:\/\/www.traba.org\/trabablog\/wp-content\/uploads\/2022\/05\/8-1024x576.jpeg\" alt=\"\" width=\"700\" height=\"394\" srcset=\"http:\/\/traba.org\/trabablog\/wp-content\/uploads\/2022\/05\/8-1024x576.jpeg 1024w, http:\/\/traba.org\/trabablog\/wp-content\/uploads\/2022\/05\/8-300x169.jpeg 300w, http:\/\/traba.org\/trabablog\/wp-content\/uploads\/2022\/05\/8-768x432.jpeg 768w, http:\/\/traba.org\/trabablog\/wp-content\/uploads\/2022\/05\/8-460x259.jpeg 460w, http:\/\/traba.org\/trabablog\/wp-content\/uploads\/2022\/05\/8-688x387.jpeg 688w, http:\/\/traba.org\/trabablog\/wp-content\/uploads\/2022\/05\/8.jpeg 1280w\" sizes=\"auto, (max-width: 700px) 100vw, 700px\" \/><\/p>\n<p>jugant al pandemic<\/p>\n<p><img loading=\"lazy\" decoding=\"async\" class=\"aligncenter size-large wp-image-19609\" src=\"http:\/\/www.traba.org\/trabablog\/wp-content\/uploads\/2022\/05\/9-1024x576.jpeg\" alt=\"\" width=\"700\" height=\"394\" srcset=\"http:\/\/traba.org\/trabablog\/wp-content\/uploads\/2022\/05\/9-1024x576.jpeg 1024w, http:\/\/traba.org\/trabablog\/wp-content\/uploads\/2022\/05\/9-300x169.jpeg 300w, http:\/\/traba.org\/trabablog\/wp-content\/uploads\/2022\/05\/9-768x432.jpeg 768w, http:\/\/traba.org\/trabablog\/wp-content\/uploads\/2022\/05\/9-460x259.jpeg 460w, http:\/\/traba.org\/trabablog\/wp-content\/uploads\/2022\/05\/9-688x387.jpeg 688w, http:\/\/traba.org\/trabablog\/wp-content\/uploads\/2022\/05\/9.jpeg 1280w\" sizes=\"auto, (max-width: 700px) 100vw, 700px\" \/><\/p>\n<p>dinant un dimecres qualsevol al koku del born<\/p>\n<p><img loading=\"lazy\" decoding=\"async\" class=\"aligncenter size-large wp-image-19610\" src=\"http:\/\/www.traba.org\/trabablog\/wp-content\/uploads\/2022\/05\/10-768x1024.jpeg\" alt=\"\" width=\"700\" height=\"933\" srcset=\"http:\/\/traba.org\/trabablog\/wp-content\/uploads\/2022\/05\/10-768x1024.jpeg 768w, http:\/\/traba.org\/trabablog\/wp-content\/uploads\/2022\/05\/10-225x300.jpeg 225w, http:\/\/traba.org\/trabablog\/wp-content\/uploads\/2022\/05\/10-261x348.jpeg 261w, http:\/\/traba.org\/trabablog\/wp-content\/uploads\/2022\/05\/10-688x917.jpeg 688w, http:\/\/traba.org\/trabablog\/wp-content\/uploads\/2022\/05\/10.jpeg 960w\" sizes=\"auto, (max-width: 700px) 100vw, 700px\" \/><\/p>\n<p>primer tall en una perruqueria del F\u00e8lix, a la Lolo<\/p>\n<p><img loading=\"lazy\" decoding=\"async\" class=\"aligncenter size-large wp-image-19611\" src=\"http:\/\/www.traba.org\/trabablog\/wp-content\/uploads\/2022\/05\/11-770x1024.jpeg\" alt=\"\" width=\"700\" height=\"931\" srcset=\"http:\/\/traba.org\/trabablog\/wp-content\/uploads\/2022\/05\/11-770x1024.jpeg 770w, http:\/\/traba.org\/trabablog\/wp-content\/uploads\/2022\/05\/11-225x300.jpeg 225w, http:\/\/traba.org\/trabablog\/wp-content\/uploads\/2022\/05\/11-768x1022.jpeg 768w, http:\/\/traba.org\/trabablog\/wp-content\/uploads\/2022\/05\/11-262x348.jpeg 262w, http:\/\/traba.org\/trabablog\/wp-content\/uploads\/2022\/05\/11-688x915.jpeg 688w, http:\/\/traba.org\/trabablog\/wp-content\/uploads\/2022\/05\/11.jpeg 962w\" sizes=\"auto, (max-width: 700px) 100vw, 700px\" \/><\/p>\n<p>el Bruno tamb\u00e9 t\u00e9 deures<\/p>\n<p><img loading=\"lazy\" decoding=\"async\" class=\"aligncenter size-large wp-image-19612\" src=\"http:\/\/www.traba.org\/trabablog\/wp-content\/uploads\/2022\/05\/12-576x1024.jpeg\" alt=\"\" width=\"576\" height=\"1024\" srcset=\"http:\/\/traba.org\/trabablog\/wp-content\/uploads\/2022\/05\/12-576x1024.jpeg 576w, http:\/\/traba.org\/trabablog\/wp-content\/uploads\/2022\/05\/12-169x300.jpeg 169w, http:\/\/traba.org\/trabablog\/wp-content\/uploads\/2022\/05\/12-196x348.jpeg 196w, http:\/\/traba.org\/trabablog\/wp-content\/uploads\/2022\/05\/12-688x1223.jpeg 688w, http:\/\/traba.org\/trabablog\/wp-content\/uploads\/2022\/05\/12.jpeg 720w\" sizes=\"auto, (max-width: 576px) 100vw, 576px\" \/><\/p>\n<p>celebrant el cumpleanys de la Lila<\/p>\n<p><img loading=\"lazy\" decoding=\"async\" class=\"aligncenter size-large wp-image-19613\" src=\"http:\/\/www.traba.org\/trabablog\/wp-content\/uploads\/2022\/05\/13.jpeg\" alt=\"\" width=\"700\" height=\"933\" srcset=\"http:\/\/traba.org\/trabablog\/wp-content\/uploads\/2022\/05\/13.jpeg 768w, http:\/\/traba.org\/trabablog\/wp-content\/uploads\/2022\/05\/13-225x300.jpeg 225w, http:\/\/traba.org\/trabablog\/wp-content\/uploads\/2022\/05\/13-261x348.jpeg 261w, http:\/\/traba.org\/trabablog\/wp-content\/uploads\/2022\/05\/13-688x917.jpeg 688w\" sizes=\"auto, (max-width: 700px) 100vw, 700px\" \/> <img loading=\"lazy\" decoding=\"async\" class=\"aligncenter size-large wp-image-19614\" src=\"http:\/\/www.traba.org\/trabablog\/wp-content\/uploads\/2022\/05\/14-1024x768.jpeg\" alt=\"\" width=\"700\" height=\"525\" srcset=\"http:\/\/traba.org\/trabablog\/wp-content\/uploads\/2022\/05\/14-1024x768.jpeg 1024w, http:\/\/traba.org\/trabablog\/wp-content\/uploads\/2022\/05\/14-300x225.jpeg 300w, http:\/\/traba.org\/trabablog\/wp-content\/uploads\/2022\/05\/14-768x576.jpeg 768w, http:\/\/traba.org\/trabablog\/wp-content\/uploads\/2022\/05\/14-460x345.jpeg 460w, http:\/\/traba.org\/trabablog\/wp-content\/uploads\/2022\/05\/14-688x516.jpeg 688w, http:\/\/traba.org\/trabablog\/wp-content\/uploads\/2022\/05\/14.jpeg 1280w\" sizes=\"auto, (max-width: 700px) 100vw, 700px\" \/><\/p>\n<p>les Lales i la Yassamine<\/p>\n<p><img loading=\"lazy\" decoding=\"async\" class=\"aligncenter size-large wp-image-19615\" src=\"http:\/\/www.traba.org\/trabablog\/wp-content\/uploads\/2022\/05\/15-1024x768.jpeg\" alt=\"\" width=\"700\" height=\"525\" srcset=\"http:\/\/traba.org\/trabablog\/wp-content\/uploads\/2022\/05\/15-1024x768.jpeg 1024w, http:\/\/traba.org\/trabablog\/wp-content\/uploads\/2022\/05\/15-300x225.jpeg 300w, http:\/\/traba.org\/trabablog\/wp-content\/uploads\/2022\/05\/15-768x576.jpeg 768w, http:\/\/traba.org\/trabablog\/wp-content\/uploads\/2022\/05\/15-460x345.jpeg 460w, http:\/\/traba.org\/trabablog\/wp-content\/uploads\/2022\/05\/15-688x516.jpeg 688w, http:\/\/traba.org\/trabablog\/wp-content\/uploads\/2022\/05\/15.jpeg 1280w\" sizes=\"auto, (max-width: 700px) 100vw, 700px\" \/><\/p>\n<p>passejant per sant felip neri un diumenge<\/p>\n<p><img loading=\"lazy\" decoding=\"async\" class=\"aligncenter size-large wp-image-19617\" src=\"http:\/\/www.traba.org\/trabablog\/wp-content\/uploads\/2022\/05\/17-1024x768.jpeg\" alt=\"\" width=\"700\" height=\"525\" srcset=\"http:\/\/traba.org\/trabablog\/wp-content\/uploads\/2022\/05\/17-1024x768.jpeg 1024w, http:\/\/traba.org\/trabablog\/wp-content\/uploads\/2022\/05\/17-300x225.jpeg 300w, http:\/\/traba.org\/trabablog\/wp-content\/uploads\/2022\/05\/17-768x576.jpeg 768w, http:\/\/traba.org\/trabablog\/wp-content\/uploads\/2022\/05\/17-460x345.jpeg 460w, http:\/\/traba.org\/trabablog\/wp-content\/uploads\/2022\/05\/17-688x516.jpeg 688w, http:\/\/traba.org\/trabablog\/wp-content\/uploads\/2022\/05\/17.jpeg 1280w\" sizes=\"auto, (max-width: 700px) 100vw, 700px\" \/><\/p>\n<p>anant a buscar a la lola al circ<\/p>\n<p><img loading=\"lazy\" decoding=\"async\" class=\"aligncenter size-large wp-image-19618\" src=\"http:\/\/www.traba.org\/trabablog\/wp-content\/uploads\/2022\/05\/18-768x1024.jpeg\" alt=\"\" width=\"700\" height=\"933\" srcset=\"http:\/\/traba.org\/trabablog\/wp-content\/uploads\/2022\/05\/18-768x1024.jpeg 768w, http:\/\/traba.org\/trabablog\/wp-content\/uploads\/2022\/05\/18-225x300.jpeg 225w, http:\/\/traba.org\/trabablog\/wp-content\/uploads\/2022\/05\/18-261x348.jpeg 261w, http:\/\/traba.org\/trabablog\/wp-content\/uploads\/2022\/05\/18-688x917.jpeg 688w, http:\/\/traba.org\/trabablog\/wp-content\/uploads\/2022\/05\/18.jpeg 960w\" sizes=\"auto, (max-width: 700px) 100vw, 700px\" \/><\/p>\n<p>berenant a viader amb l&#8217;eul\u00e0lia<\/p>\n<p><img loading=\"lazy\" decoding=\"async\" class=\"aligncenter size-large wp-image-19619\" src=\"http:\/\/www.traba.org\/trabablog\/wp-content\/uploads\/2022\/05\/19-1024x768.jpeg\" alt=\"\" width=\"700\" height=\"525\" srcset=\"http:\/\/traba.org\/trabablog\/wp-content\/uploads\/2022\/05\/19-1024x768.jpeg 1024w, http:\/\/traba.org\/trabablog\/wp-content\/uploads\/2022\/05\/19-300x225.jpeg 300w, http:\/\/traba.org\/trabablog\/wp-content\/uploads\/2022\/05\/19-768x576.jpeg 768w, http:\/\/traba.org\/trabablog\/wp-content\/uploads\/2022\/05\/19-460x345.jpeg 460w, http:\/\/traba.org\/trabablog\/wp-content\/uploads\/2022\/05\/19-688x516.jpeg 688w, http:\/\/traba.org\/trabablog\/wp-content\/uploads\/2022\/05\/19.jpeg 1280w\" sizes=\"auto, (max-width: 700px) 100vw, 700px\" \/><\/p>\n<p>portant l&#8217;hipop\u00f2tam a la classe de P3<\/p>\n<p><img loading=\"lazy\" decoding=\"async\" class=\"aligncenter size-large wp-image-19620\" src=\"http:\/\/www.traba.org\/trabablog\/wp-content\/uploads\/2022\/05\/20.jpeg\" alt=\"\" width=\"700\" height=\"933\" srcset=\"http:\/\/traba.org\/trabablog\/wp-content\/uploads\/2022\/05\/20.jpeg 768w, http:\/\/traba.org\/trabablog\/wp-content\/uploads\/2022\/05\/20-225x300.jpeg 225w, http:\/\/traba.org\/trabablog\/wp-content\/uploads\/2022\/05\/20-261x348.jpeg 261w, http:\/\/traba.org\/trabablog\/wp-content\/uploads\/2022\/05\/20-688x917.jpeg 688w\" sizes=\"auto, (max-width: 700px) 100vw, 700px\" \/><\/p>\n<p>vermut a fonolleres<\/p>\n<p><img loading=\"lazy\" decoding=\"async\" class=\"aligncenter size-large wp-image-19621\" src=\"http:\/\/www.traba.org\/trabablog\/wp-content\/uploads\/2022\/05\/21-1024x576.jpeg\" alt=\"\" width=\"700\" height=\"394\" srcset=\"http:\/\/traba.org\/trabablog\/wp-content\/uploads\/2022\/05\/21-1024x576.jpeg 1024w, http:\/\/traba.org\/trabablog\/wp-content\/uploads\/2022\/05\/21-300x169.jpeg 300w, http:\/\/traba.org\/trabablog\/wp-content\/uploads\/2022\/05\/21-768x432.jpeg 768w, http:\/\/traba.org\/trabablog\/wp-content\/uploads\/2022\/05\/21-460x259.jpeg 460w, http:\/\/traba.org\/trabablog\/wp-content\/uploads\/2022\/05\/21-688x387.jpeg 688w, http:\/\/traba.org\/trabablog\/wp-content\/uploads\/2022\/05\/21.jpeg 1280w\" sizes=\"auto, (max-width: 700px) 100vw, 700px\" \/><\/p>\n<p>l&#8217;<a href=\"https:\/\/www.ravelry.com\/projects\/owora\/storm-shawl\">storm shawl<\/a>, regalat posteriorment a la cristina F. V.<\/p>\n<p><img loading=\"lazy\" decoding=\"async\" class=\"aligncenter size-large wp-image-19622\" src=\"http:\/\/www.traba.org\/trabablog\/wp-content\/uploads\/2022\/05\/22-1024x768.jpeg\" alt=\"\" width=\"700\" height=\"525\" srcset=\"http:\/\/traba.org\/trabablog\/wp-content\/uploads\/2022\/05\/22-1024x768.jpeg 1024w, http:\/\/traba.org\/trabablog\/wp-content\/uploads\/2022\/05\/22-300x225.jpeg 300w, http:\/\/traba.org\/trabablog\/wp-content\/uploads\/2022\/05\/22-768x576.jpeg 768w, http:\/\/traba.org\/trabablog\/wp-content\/uploads\/2022\/05\/22-460x345.jpeg 460w, http:\/\/traba.org\/trabablog\/wp-content\/uploads\/2022\/05\/22-688x516.jpeg 688w, http:\/\/traba.org\/trabablog\/wp-content\/uploads\/2022\/05\/22.jpeg 1280w\" sizes=\"auto, (max-width: 700px) 100vw, 700px\" \/><\/p>\n<p>\u00faltim dia de la temporada de fonolleres<\/p>\n<p><img loading=\"lazy\" decoding=\"async\" class=\"aligncenter size-large wp-image-19623\" src=\"http:\/\/www.traba.org\/trabablog\/wp-content\/uploads\/2022\/05\/23-576x1024.jpeg\" alt=\"\" width=\"576\" height=\"1024\" srcset=\"http:\/\/traba.org\/trabablog\/wp-content\/uploads\/2022\/05\/23-576x1024.jpeg 576w, http:\/\/traba.org\/trabablog\/wp-content\/uploads\/2022\/05\/23-169x300.jpeg 169w, http:\/\/traba.org\/trabablog\/wp-content\/uploads\/2022\/05\/23-196x348.jpeg 196w, http:\/\/traba.org\/trabablog\/wp-content\/uploads\/2022\/05\/23-688x1223.jpeg 688w, http:\/\/traba.org\/trabablog\/wp-content\/uploads\/2022\/05\/23.jpeg 720w\" sizes=\"auto, (max-width: 576px) 100vw, 576px\" \/><\/p>\n<p>nit de halloween a casa del Matteo<\/p>\n<p><img loading=\"lazy\" decoding=\"async\" class=\"aligncenter size-large wp-image-19624\" src=\"http:\/\/www.traba.org\/trabablog\/wp-content\/uploads\/2022\/05\/24-576x1024.jpeg\" alt=\"\" width=\"576\" height=\"1024\" srcset=\"http:\/\/traba.org\/trabablog\/wp-content\/uploads\/2022\/05\/24-576x1024.jpeg 576w, http:\/\/traba.org\/trabablog\/wp-content\/uploads\/2022\/05\/24-169x300.jpeg 169w, http:\/\/traba.org\/trabablog\/wp-content\/uploads\/2022\/05\/24-196x348.jpeg 196w, http:\/\/traba.org\/trabablog\/wp-content\/uploads\/2022\/05\/24-688x1223.jpeg 688w, http:\/\/traba.org\/trabablog\/wp-content\/uploads\/2022\/05\/24.jpeg 720w\" sizes=\"auto, (max-width: 576px) 100vw, 576px\" \/><\/p>\n","protected":false},"excerpt":{"rendered":"<p>el meu segon Ranunculus \ud83d\ude42 sopant al Condal, boquerons al congr\u00e9s de Mallorca, escoltant al Sim\u00f3n al Bruno li cau una dent a les col\u00f2nies passejant de nit a Mallorca&#8230;<\/p>\n","protected":false},"author":5,"featured_media":19618,"comment_status":"open","ping_status":"open","sticky":false,"template":"","format":"standard","meta":{"_monsterinsights_skip_tracking":false,"_monsterinsights_sitenote_active":false,"_monsterinsights_sitenote_note":"","_monsterinsights_sitenote_category":0,"footnotes":""},"categories":[28],"tags":[],"class_list":["post-19600","post","type-post","status-publish","format-standard","has-post-thumbnail","hentry","category-ordinary-days"],"_links":{"self":[{"href":"http:\/\/traba.org\/trabablog\/index.php?rest_route=\/wp\/v2\/posts\/19600","targetHints":{"allow":["GET"]}}],"collection":[{"href":"http:\/\/traba.org\/trabablog\/index.php?rest_route=\/wp\/v2\/posts"}],"about":[{"href":"http:\/\/traba.org\/trabablog\/index.php?rest_route=\/wp\/v2\/types\/post"}],"author":[{"embeddable":true,"href":"http:\/\/traba.org\/trabablog\/index.php?rest_route=\/wp\/v2\/users\/5"}],"replies":[{"embeddable":true,"href":"http:\/\/traba.org\/trabablog\/index.php?rest_route=%2Fwp%2Fv2%2Fcomments&post=19600"}],"version-history":[{"count":2,"href":"http:\/\/traba.org\/trabablog\/index.php?rest_route=\/wp\/v2\/posts\/19600\/revisions"}],"predecessor-version":[{"id":19626,"href":"http:\/\/traba.org\/trabablog\/index.php?rest_route=\/wp\/v2\/posts\/19600\/revisions\/19626"}],"wp:featuredmedia":[{"embeddable":true,"href":"http:\/\/traba.org\/trabablog\/index.php?rest_route=\/wp\/v2\/media\/19618"}],"wp:attachment":[{"href":"http:\/\/traba.org\/trabablog\/index.php?rest_route=%2Fwp%2Fv2%2Fmedia&parent=19600"}],"wp:term":[{"taxonomy":"category","embeddable":true,"href":"http:\/\/traba.org\/trabablog\/index.php?rest_route=%2Fwp%2Fv2%2Fcategories&post=19600"},{"taxonomy":"post_tag","embeddable":true,"href":"http:\/\/traba.org\/trabablog\/index.php?rest_route=%2Fwp%2Fv2%2Ftags&post=19600"}],"curies":[{"name":"wp","href":"https:\/\/api.w.org\/{rel}","templated":true}]}}