{"id":19671,"date":"2022-08-09T14:47:41","date_gmt":"2022-08-09T12:47:41","guid":{"rendered":"http:\/\/www.traba.org\/trabablog\/?p=19671"},"modified":"2022-08-09T14:47:41","modified_gmt":"2022-08-09T12:47:41","slug":"desembre-2021","status":"publish","type":"post","link":"http:\/\/traba.org\/trabablog\/?p=19671","title":{"rendered":"Desembre 2021"},"content":{"rendered":"\n<figure class=\"wp-block-gallery has-nested-images columns-1 is-cropped wp-block-gallery-1 is-layout-flex wp-block-gallery-is-layout-flex\">\n<figure class=\"wp-block-image size-large\"><a href=\"http:\/\/www.traba.org\/trabablog\/wp-content\/uploads\/2022\/08\/1-1.jpeg\"><img loading=\"lazy\" decoding=\"async\" width=\"576\" height=\"1024\" data-id=\"19672\" src=\"http:\/\/www.traba.org\/trabablog\/wp-content\/uploads\/2022\/08\/1-1-576x1024.jpeg\" alt=\"\" class=\"wp-image-19672\" srcset=\"http:\/\/traba.org\/trabablog\/wp-content\/uploads\/2022\/08\/1-1-576x1024.jpeg 576w, http:\/\/traba.org\/trabablog\/wp-content\/uploads\/2022\/08\/1-1-169x300.jpeg 169w, http:\/\/traba.org\/trabablog\/wp-content\/uploads\/2022\/08\/1-1.jpeg 720w\" sizes=\"auto, (max-width: 576px) 100vw, 576px\" \/><\/a><figcaption>fent els deures<\/figcaption><\/figure>\n\n\n\n<figure class=\"wp-block-image size-large\"><a href=\"http:\/\/www.traba.org\/trabablog\/wp-content\/uploads\/2022\/08\/2-1.jpeg\"><img loading=\"lazy\" decoding=\"async\" width=\"576\" height=\"1024\" data-id=\"19673\" src=\"http:\/\/www.traba.org\/trabablog\/wp-content\/uploads\/2022\/08\/2-1-576x1024.jpeg\" alt=\"\" class=\"wp-image-19673\" srcset=\"http:\/\/traba.org\/trabablog\/wp-content\/uploads\/2022\/08\/2-1-576x1024.jpeg 576w, http:\/\/traba.org\/trabablog\/wp-content\/uploads\/2022\/08\/2-1-169x300.jpeg 169w, http:\/\/traba.org\/trabablog\/wp-content\/uploads\/2022\/08\/2-1.jpeg 720w\" sizes=\"auto, (max-width: 576px) 100vw, 576px\" \/><\/a><figcaption>l&#8217;esguin\u00e7 de la lola<\/figcaption><\/figure>\n\n\n\n<figure class=\"wp-block-image size-large\"><a href=\"http:\/\/www.traba.org\/trabablog\/wp-content\/uploads\/2022\/08\/3-1.jpeg\"><img loading=\"lazy\" decoding=\"async\" width=\"1024\" height=\"768\" data-id=\"19676\" src=\"http:\/\/www.traba.org\/trabablog\/wp-content\/uploads\/2022\/08\/3-1-1024x768.jpeg\" alt=\"\" class=\"wp-image-19676\" srcset=\"http:\/\/traba.org\/trabablog\/wp-content\/uploads\/2022\/08\/3-1-1024x768.jpeg 1024w, http:\/\/traba.org\/trabablog\/wp-content\/uploads\/2022\/08\/3-1-300x225.jpeg 300w, http:\/\/traba.org\/trabablog\/wp-content\/uploads\/2022\/08\/3-1-768x576.jpeg 768w, http:\/\/traba.org\/trabablog\/wp-content\/uploads\/2022\/08\/3-1.jpeg 1280w\" sizes=\"auto, (max-width: 1024px) 100vw, 1024px\" \/><\/a><figcaption>era el cumple del mart\u00ed per\u00f2 estava confinat, aixi que li van anar a cantar &#8216;aniversari feli\u00e7&#8217; sota del seu balc\u00f3<\/figcaption><\/figure>\n\n\n\n<figure class=\"wp-block-image size-large\"><a href=\"http:\/\/www.traba.org\/trabablog\/wp-content\/uploads\/2022\/08\/4-1.jpeg\"><img loading=\"lazy\" decoding=\"async\" width=\"768\" height=\"1024\" data-id=\"19674\" src=\"http:\/\/www.traba.org\/trabablog\/wp-content\/uploads\/2022\/08\/4-1-768x1024.jpeg\" alt=\"\" class=\"wp-image-19674\" srcset=\"http:\/\/traba.org\/trabablog\/wp-content\/uploads\/2022\/08\/4-1-768x1024.jpeg 768w, http:\/\/traba.org\/trabablog\/wp-content\/uploads\/2022\/08\/4-1-225x300.jpeg 225w, http:\/\/traba.org\/trabablog\/wp-content\/uploads\/2022\/08\/4-1.jpeg 960w\" sizes=\"auto, (max-width: 768px) 100vw, 768px\" \/><\/a><figcaption>posant l&#8217;estrella <\/figcaption><\/figure>\n\n\n\n<figure class=\"wp-block-image size-large\"><a href=\"http:\/\/www.traba.org\/trabablog\/wp-content\/uploads\/2022\/08\/5-1.jpeg\"><img loading=\"lazy\" decoding=\"async\" width=\"1024\" height=\"768\" data-id=\"19675\" src=\"http:\/\/www.traba.org\/trabablog\/wp-content\/uploads\/2022\/08\/5-1-1024x768.jpeg\" alt=\"\" class=\"wp-image-19675\" srcset=\"http:\/\/traba.org\/trabablog\/wp-content\/uploads\/2022\/08\/5-1-1024x768.jpeg 1024w, http:\/\/traba.org\/trabablog\/wp-content\/uploads\/2022\/08\/5-1-300x225.jpeg 300w, http:\/\/traba.org\/trabablog\/wp-content\/uploads\/2022\/08\/5-1-768x576.jpeg 768w, http:\/\/traba.org\/trabablog\/wp-content\/uploads\/2022\/08\/5-1.jpeg 1280w\" sizes=\"auto, (max-width: 1024px) 100vw, 1024px\" \/><\/a><figcaption>mirant una peli<\/figcaption><\/figure>\n\n\n\n<figure class=\"wp-block-image size-large\"><a href=\"http:\/\/www.traba.org\/trabablog\/wp-content\/uploads\/2022\/08\/6-1.jpeg\"><img loading=\"lazy\" decoding=\"async\" width=\"1024\" height=\"576\" data-id=\"19677\" src=\"http:\/\/www.traba.org\/trabablog\/wp-content\/uploads\/2022\/08\/6-1-1024x576.jpeg\" alt=\"\" class=\"wp-image-19677\" srcset=\"http:\/\/traba.org\/trabablog\/wp-content\/uploads\/2022\/08\/6-1-1024x576.jpeg 1024w, http:\/\/traba.org\/trabablog\/wp-content\/uploads\/2022\/08\/6-1-300x169.jpeg 300w, http:\/\/traba.org\/trabablog\/wp-content\/uploads\/2022\/08\/6-1-768x432.jpeg 768w, http:\/\/traba.org\/trabablog\/wp-content\/uploads\/2022\/08\/6-1.jpeg 1280w\" sizes=\"auto, (max-width: 1024px) 100vw, 1024px\" \/><\/a><figcaption>sushi time<\/figcaption><\/figure>\n\n\n\n<figure class=\"wp-block-image size-large\"><a href=\"http:\/\/www.traba.org\/trabablog\/wp-content\/uploads\/2022\/08\/7-1.jpeg\"><img loading=\"lazy\" decoding=\"async\" width=\"1024\" height=\"576\" data-id=\"19678\" src=\"http:\/\/www.traba.org\/trabablog\/wp-content\/uploads\/2022\/08\/7-1-1024x576.jpeg\" alt=\"\" class=\"wp-image-19678\" srcset=\"http:\/\/traba.org\/trabablog\/wp-content\/uploads\/2022\/08\/7-1-1024x576.jpeg 1024w, http:\/\/traba.org\/trabablog\/wp-content\/uploads\/2022\/08\/7-1-300x169.jpeg 300w, http:\/\/traba.org\/trabablog\/wp-content\/uploads\/2022\/08\/7-1-768x432.jpeg 768w, http:\/\/traba.org\/trabablog\/wp-content\/uploads\/2022\/08\/7-1.jpeg 1280w\" sizes=\"auto, (max-width: 1024px) 100vw, 1024px\" \/><\/a><figcaption>magisa, la aventura del rei transparente<\/figcaption><\/figure>\n\n\n\n<figure class=\"wp-block-image size-large\"><a href=\"http:\/\/www.traba.org\/trabablog\/wp-content\/uploads\/2022\/08\/8-1.jpeg\"><img loading=\"lazy\" decoding=\"async\" width=\"1024\" height=\"576\" data-id=\"19679\" src=\"http:\/\/www.traba.org\/trabablog\/wp-content\/uploads\/2022\/08\/8-1-1024x576.jpeg\" alt=\"\" class=\"wp-image-19679\" srcset=\"http:\/\/traba.org\/trabablog\/wp-content\/uploads\/2022\/08\/8-1-1024x576.jpeg 1024w, http:\/\/traba.org\/trabablog\/wp-content\/uploads\/2022\/08\/8-1-300x169.jpeg 300w, http:\/\/traba.org\/trabablog\/wp-content\/uploads\/2022\/08\/8-1-768x432.jpeg 768w, http:\/\/traba.org\/trabablog\/wp-content\/uploads\/2022\/08\/8-1.jpeg 1280w\" sizes=\"auto, (max-width: 1024px) 100vw, 1024px\" \/><\/a><\/figure>\n\n\n\n<figure class=\"wp-block-image size-large\"><a href=\"http:\/\/www.traba.org\/trabablog\/wp-content\/uploads\/2022\/08\/9-1.jpeg\"><img loading=\"lazy\" decoding=\"async\" width=\"1024\" height=\"576\" data-id=\"19680\" src=\"http:\/\/www.traba.org\/trabablog\/wp-content\/uploads\/2022\/08\/9-1-1024x576.jpeg\" alt=\"\" class=\"wp-image-19680\" srcset=\"http:\/\/traba.org\/trabablog\/wp-content\/uploads\/2022\/08\/9-1-1024x576.jpeg 1024w, http:\/\/traba.org\/trabablog\/wp-content\/uploads\/2022\/08\/9-1-300x169.jpeg 300w, http:\/\/traba.org\/trabablog\/wp-content\/uploads\/2022\/08\/9-1-768x432.jpeg 768w, http:\/\/traba.org\/trabablog\/wp-content\/uploads\/2022\/08\/9-1.jpeg 1280w\" sizes=\"auto, (max-width: 1024px) 100vw, 1024px\" \/><\/a><\/figure>\n\n\n\n<figure class=\"wp-block-image size-large\"><a href=\"http:\/\/www.traba.org\/trabablog\/wp-content\/uploads\/2022\/08\/10-1.jpeg\"><img loading=\"lazy\" decoding=\"async\" width=\"768\" height=\"1024\" data-id=\"19681\" src=\"http:\/\/www.traba.org\/trabablog\/wp-content\/uploads\/2022\/08\/10-1-768x1024.jpeg\" alt=\"\" class=\"wp-image-19681\" srcset=\"http:\/\/traba.org\/trabablog\/wp-content\/uploads\/2022\/08\/10-1-768x1024.jpeg 768w, http:\/\/traba.org\/trabablog\/wp-content\/uploads\/2022\/08\/10-1-225x300.jpeg 225w, http:\/\/traba.org\/trabablog\/wp-content\/uploads\/2022\/08\/10-1.jpeg 960w\" sizes=\"auto, (max-width: 768px) 100vw, 768px\" \/><\/a><figcaption>ramen al koku<\/figcaption><\/figure>\n\n\n\n<figure class=\"wp-block-image size-large\"><a href=\"http:\/\/www.traba.org\/trabablog\/wp-content\/uploads\/2022\/08\/11-1.jpeg\"><img loading=\"lazy\" decoding=\"async\" width=\"1024\" height=\"1024\" data-id=\"19682\" src=\"http:\/\/www.traba.org\/trabablog\/wp-content\/uploads\/2022\/08\/11-1-1024x1024.jpeg\" alt=\"\" class=\"wp-image-19682\" srcset=\"http:\/\/traba.org\/trabablog\/wp-content\/uploads\/2022\/08\/11-1-1024x1024.jpeg 1024w, http:\/\/traba.org\/trabablog\/wp-content\/uploads\/2022\/08\/11-1-300x300.jpeg 300w, http:\/\/traba.org\/trabablog\/wp-content\/uploads\/2022\/08\/11-1-150x150.jpeg 150w, http:\/\/traba.org\/trabablog\/wp-content\/uploads\/2022\/08\/11-1-768x768.jpeg 768w, http:\/\/traba.org\/trabablog\/wp-content\/uploads\/2022\/08\/11-1-610x610.jpeg 610w, http:\/\/traba.org\/trabablog\/wp-content\/uploads\/2022\/08\/11-1.jpeg 1280w\" sizes=\"auto, (max-width: 1024px) 100vw, 1024px\" \/><\/a><figcaption>light as a feather, de mimosa caf\u00e9 lanar <\/figcaption><\/figure>\n\n\n\n<figure class=\"wp-block-image size-large\"><a href=\"http:\/\/www.traba.org\/trabablog\/wp-content\/uploads\/2022\/08\/12-1.jpeg\"><img loading=\"lazy\" decoding=\"async\" width=\"1024\" height=\"768\" data-id=\"19683\" src=\"http:\/\/www.traba.org\/trabablog\/wp-content\/uploads\/2022\/08\/12-1-1024x768.jpeg\" alt=\"\" class=\"wp-image-19683\" srcset=\"http:\/\/traba.org\/trabablog\/wp-content\/uploads\/2022\/08\/12-1-1024x768.jpeg 1024w, http:\/\/traba.org\/trabablog\/wp-content\/uploads\/2022\/08\/12-1-300x225.jpeg 300w, http:\/\/traba.org\/trabablog\/wp-content\/uploads\/2022\/08\/12-1-768x576.jpeg 768w, http:\/\/traba.org\/trabablog\/wp-content\/uploads\/2022\/08\/12-1.jpeg 1280w\" sizes=\"auto, (max-width: 1024px) 100vw, 1024px\" \/><\/a><figcaption>el caos<\/figcaption><\/figure>\n\n\n\n<figure class=\"wp-block-image size-large\"><a href=\"http:\/\/www.traba.org\/trabablog\/wp-content\/uploads\/2022\/08\/13-1.jpeg\"><img loading=\"lazy\" decoding=\"async\" width=\"1024\" height=\"576\" data-id=\"19685\" src=\"http:\/\/www.traba.org\/trabablog\/wp-content\/uploads\/2022\/08\/13-1-1024x576.jpeg\" alt=\"\" class=\"wp-image-19685\" srcset=\"http:\/\/traba.org\/trabablog\/wp-content\/uploads\/2022\/08\/13-1-1024x576.jpeg 1024w, http:\/\/traba.org\/trabablog\/wp-content\/uploads\/2022\/08\/13-1-300x169.jpeg 300w, http:\/\/traba.org\/trabablog\/wp-content\/uploads\/2022\/08\/13-1-768x432.jpeg 768w, http:\/\/traba.org\/trabablog\/wp-content\/uploads\/2022\/08\/13-1.jpeg 1280w\" sizes=\"auto, (max-width: 1024px) 100vw, 1024px\" \/><\/a><figcaption>miramar<\/figcaption><\/figure>\n\n\n\n<figure class=\"wp-block-image size-large\"><a href=\"http:\/\/www.traba.org\/trabablog\/wp-content\/uploads\/2022\/08\/14-1.jpeg\"><img loading=\"lazy\" decoding=\"async\" width=\"576\" height=\"1024\" data-id=\"19684\" src=\"http:\/\/www.traba.org\/trabablog\/wp-content\/uploads\/2022\/08\/14-1-576x1024.jpeg\" alt=\"\" class=\"wp-image-19684\" srcset=\"http:\/\/traba.org\/trabablog\/wp-content\/uploads\/2022\/08\/14-1-576x1024.jpeg 576w, http:\/\/traba.org\/trabablog\/wp-content\/uploads\/2022\/08\/14-1-169x300.jpeg 169w, http:\/\/traba.org\/trabablog\/wp-content\/uploads\/2022\/08\/14-1.jpeg 720w\" sizes=\"auto, (max-width: 576px) 100vw, 576px\" \/><\/a><figcaption>el funicular<\/figcaption><\/figure>\n\n\n\n<figure class=\"wp-block-image size-large\"><a href=\"http:\/\/www.traba.org\/trabablog\/wp-content\/uploads\/2022\/08\/15-1.jpeg\"><img loading=\"lazy\" decoding=\"async\" width=\"1024\" height=\"576\" data-id=\"19686\" src=\"http:\/\/www.traba.org\/trabablog\/wp-content\/uploads\/2022\/08\/15-1-1024x576.jpeg\" alt=\"\" class=\"wp-image-19686\" srcset=\"http:\/\/traba.org\/trabablog\/wp-content\/uploads\/2022\/08\/15-1-1024x576.jpeg 1024w, http:\/\/traba.org\/trabablog\/wp-content\/uploads\/2022\/08\/15-1-300x169.jpeg 300w, http:\/\/traba.org\/trabablog\/wp-content\/uploads\/2022\/08\/15-1-768x432.jpeg 768w, http:\/\/traba.org\/trabablog\/wp-content\/uploads\/2022\/08\/15-1.jpeg 1280w\" sizes=\"auto, (max-width: 1024px) 100vw, 1024px\" \/><\/a><\/figure>\n\n\n\n<figure class=\"wp-block-image size-large\"><a href=\"http:\/\/www.traba.org\/trabablog\/wp-content\/uploads\/2022\/08\/16.jpeg\"><img loading=\"lazy\" decoding=\"async\" width=\"576\" height=\"1024\" data-id=\"19687\" src=\"http:\/\/www.traba.org\/trabablog\/wp-content\/uploads\/2022\/08\/16-576x1024.jpeg\" alt=\"\" class=\"wp-image-19687\" srcset=\"http:\/\/traba.org\/trabablog\/wp-content\/uploads\/2022\/08\/16-576x1024.jpeg 576w, http:\/\/traba.org\/trabablog\/wp-content\/uploads\/2022\/08\/16-169x300.jpeg 169w, http:\/\/traba.org\/trabablog\/wp-content\/uploads\/2022\/08\/16.jpeg 720w\" sizes=\"auto, (max-width: 576px) 100vw, 576px\" \/><\/a><figcaption>patatas fritas con jam\u00f3n<\/figcaption><\/figure>\n\n\n\n<figure class=\"wp-block-image size-large\"><a href=\"http:\/\/www.traba.org\/trabablog\/wp-content\/uploads\/2022\/08\/17-1.jpeg\"><img loading=\"lazy\" decoding=\"async\" width=\"1024\" height=\"768\" data-id=\"19688\" src=\"http:\/\/www.traba.org\/trabablog\/wp-content\/uploads\/2022\/08\/17-1-1024x768.jpeg\" alt=\"\" class=\"wp-image-19688\" srcset=\"http:\/\/traba.org\/trabablog\/wp-content\/uploads\/2022\/08\/17-1-1024x768.jpeg 1024w, http:\/\/traba.org\/trabablog\/wp-content\/uploads\/2022\/08\/17-1-300x225.jpeg 300w, http:\/\/traba.org\/trabablog\/wp-content\/uploads\/2022\/08\/17-1-768x576.jpeg 768w, http:\/\/traba.org\/trabablog\/wp-content\/uploads\/2022\/08\/17-1.jpeg 1280w\" sizes=\"auto, (max-width: 1024px) 100vw, 1024px\" \/><\/a><figcaption>aqu\u00ed no es podia seure als bancs, no perqu\u00e8 estessin recent pintats, sin\u00f3 pel covid&#8230;<\/figcaption><\/figure>\n\n\n\n<figure class=\"wp-block-image size-large\"><a href=\"http:\/\/www.traba.org\/trabablog\/wp-content\/uploads\/2022\/08\/18-1.jpeg\"><img loading=\"lazy\" decoding=\"async\" width=\"768\" height=\"1024\" data-id=\"19689\" src=\"http:\/\/www.traba.org\/trabablog\/wp-content\/uploads\/2022\/08\/18-1-768x1024.jpeg\" alt=\"\" class=\"wp-image-19689\" srcset=\"http:\/\/traba.org\/trabablog\/wp-content\/uploads\/2022\/08\/18-1-768x1024.jpeg 768w, http:\/\/traba.org\/trabablog\/wp-content\/uploads\/2022\/08\/18-1-225x300.jpeg 225w, http:\/\/traba.org\/trabablog\/wp-content\/uploads\/2022\/08\/18-1.jpeg 960w\" sizes=\"auto, (max-width: 768px) 100vw, 768px\" \/><\/a><figcaption>no s\u00e9 realment qu\u00e8 \u00e9s per\u00f2 \u00e9s monada \ud83d\ude42<\/figcaption><\/figure>\n\n\n\n<figure class=\"wp-block-image size-large\"><a href=\"http:\/\/www.traba.org\/trabablog\/wp-content\/uploads\/2022\/08\/19-1.jpeg\"><img loading=\"lazy\" decoding=\"async\" width=\"1024\" height=\"768\" data-id=\"19691\" src=\"http:\/\/www.traba.org\/trabablog\/wp-content\/uploads\/2022\/08\/19-1-1024x768.jpeg\" alt=\"\" class=\"wp-image-19691\" srcset=\"http:\/\/traba.org\/trabablog\/wp-content\/uploads\/2022\/08\/19-1-1024x768.jpeg 1024w, http:\/\/traba.org\/trabablog\/wp-content\/uploads\/2022\/08\/19-1-300x225.jpeg 300w, http:\/\/traba.org\/trabablog\/wp-content\/uploads\/2022\/08\/19-1-768x576.jpeg 768w, http:\/\/traba.org\/trabablog\/wp-content\/uploads\/2022\/08\/19-1.jpeg 1280w\" sizes=\"auto, (max-width: 1024px) 100vw, 1024px\" \/><\/a><figcaption>megadinar a pizza paco<\/figcaption><\/figure>\n\n\n\n<figure class=\"wp-block-image size-large\"><a href=\"http:\/\/www.traba.org\/trabablog\/wp-content\/uploads\/2022\/08\/20-1.jpeg\"><img loading=\"lazy\" decoding=\"async\" width=\"1024\" height=\"768\" data-id=\"19690\" src=\"http:\/\/www.traba.org\/trabablog\/wp-content\/uploads\/2022\/08\/20-1-1024x768.jpeg\" alt=\"\" class=\"wp-image-19690\" srcset=\"http:\/\/traba.org\/trabablog\/wp-content\/uploads\/2022\/08\/20-1-1024x768.jpeg 1024w, http:\/\/traba.org\/trabablog\/wp-content\/uploads\/2022\/08\/20-1-300x225.jpeg 300w, http:\/\/traba.org\/trabablog\/wp-content\/uploads\/2022\/08\/20-1-768x576.jpeg 768w, http:\/\/traba.org\/trabablog\/wp-content\/uploads\/2022\/08\/20-1.jpeg 1280w\" sizes=\"auto, (max-width: 1024px) 100vw, 1024px\" \/><\/a><figcaption>tampons<\/figcaption><\/figure>\n\n\n\n<figure class=\"wp-block-image size-large\"><a href=\"http:\/\/www.traba.org\/trabablog\/wp-content\/uploads\/2022\/08\/21-1.jpeg\"><img loading=\"lazy\" decoding=\"async\" width=\"768\" height=\"1024\" data-id=\"19692\" src=\"http:\/\/www.traba.org\/trabablog\/wp-content\/uploads\/2022\/08\/21-1-768x1024.jpeg\" alt=\"\" class=\"wp-image-19692\" srcset=\"http:\/\/traba.org\/trabablog\/wp-content\/uploads\/2022\/08\/21-1-768x1024.jpeg 768w, http:\/\/traba.org\/trabablog\/wp-content\/uploads\/2022\/08\/21-1-225x300.jpeg 225w, http:\/\/traba.org\/trabablog\/wp-content\/uploads\/2022\/08\/21-1.jpeg 960w\" sizes=\"auto, (max-width: 768px) 100vw, 768px\" \/><\/a><figcaption>lego i SFN<\/figcaption><\/figure>\n\n\n\n<figure class=\"wp-block-image size-large\"><a href=\"http:\/\/www.traba.org\/trabablog\/wp-content\/uploads\/2022\/08\/22-1.jpeg\"><img loading=\"lazy\" decoding=\"async\" width=\"1024\" height=\"576\" data-id=\"19693\" src=\"http:\/\/www.traba.org\/trabablog\/wp-content\/uploads\/2022\/08\/22-1-1024x576.jpeg\" alt=\"\" class=\"wp-image-19693\" srcset=\"http:\/\/traba.org\/trabablog\/wp-content\/uploads\/2022\/08\/22-1-1024x576.jpeg 1024w, http:\/\/traba.org\/trabablog\/wp-content\/uploads\/2022\/08\/22-1-300x169.jpeg 300w, http:\/\/traba.org\/trabablog\/wp-content\/uploads\/2022\/08\/22-1-768x432.jpeg 768w, http:\/\/traba.org\/trabablog\/wp-content\/uploads\/2022\/08\/22-1.jpeg 1280w\" sizes=\"auto, (max-width: 1024px) 100vw, 1024px\" \/><\/a><\/figure>\n\n\n\n<figure class=\"wp-block-image size-large\"><a href=\"http:\/\/www.traba.org\/trabablog\/wp-content\/uploads\/2022\/08\/23-1.jpeg\"><img loading=\"lazy\" decoding=\"async\" width=\"1024\" height=\"768\" data-id=\"19694\" src=\"http:\/\/www.traba.org\/trabablog\/wp-content\/uploads\/2022\/08\/23-1-1024x768.jpeg\" alt=\"\" class=\"wp-image-19694\" srcset=\"http:\/\/traba.org\/trabablog\/wp-content\/uploads\/2022\/08\/23-1-1024x768.jpeg 1024w, http:\/\/traba.org\/trabablog\/wp-content\/uploads\/2022\/08\/23-1-300x225.jpeg 300w, http:\/\/traba.org\/trabablog\/wp-content\/uploads\/2022\/08\/23-1-768x576.jpeg 768w, http:\/\/traba.org\/trabablog\/wp-content\/uploads\/2022\/08\/23-1.jpeg 1280w\" sizes=\"auto, (max-width: 1024px) 100vw, 1024px\" \/><\/a><figcaption>el ti\u00f3<\/figcaption><\/figure>\n\n\n\n<figure class=\"wp-block-image size-large\"><a href=\"http:\/\/www.traba.org\/trabablog\/wp-content\/uploads\/2022\/08\/24-1.jpeg\"><img loading=\"lazy\" decoding=\"async\" width=\"1024\" height=\"576\" data-id=\"19695\" src=\"http:\/\/www.traba.org\/trabablog\/wp-content\/uploads\/2022\/08\/24-1-1024x576.jpeg\" alt=\"\" class=\"wp-image-19695\" srcset=\"http:\/\/traba.org\/trabablog\/wp-content\/uploads\/2022\/08\/24-1-1024x576.jpeg 1024w, http:\/\/traba.org\/trabablog\/wp-content\/uploads\/2022\/08\/24-1-300x169.jpeg 300w, http:\/\/traba.org\/trabablog\/wp-content\/uploads\/2022\/08\/24-1-768x432.jpeg 768w, http:\/\/traba.org\/trabablog\/wp-content\/uploads\/2022\/08\/24-1.jpeg 1280w\" sizes=\"auto, (max-width: 1024px) 100vw, 1024px\" \/><\/a><figcaption>de visita amb l&#8217;eul\u00e0lia<\/figcaption><\/figure>\n\n\n\n<figure class=\"wp-block-image size-large\"><a href=\"http:\/\/www.traba.org\/trabablog\/wp-content\/uploads\/2022\/08\/25-1.jpeg\"><img loading=\"lazy\" decoding=\"async\" width=\"1024\" height=\"768\" data-id=\"19697\" src=\"http:\/\/www.traba.org\/trabablog\/wp-content\/uploads\/2022\/08\/25-1.jpeg\" alt=\"\" class=\"wp-image-19697\" srcset=\"http:\/\/traba.org\/trabablog\/wp-content\/uploads\/2022\/08\/25-1.jpeg 1024w, http:\/\/traba.org\/trabablog\/wp-content\/uploads\/2022\/08\/25-1-300x225.jpeg 300w, http:\/\/traba.org\/trabablog\/wp-content\/uploads\/2022\/08\/25-1-768x576.jpeg 768w\" sizes=\"auto, (max-width: 1024px) 100vw, 1024px\" \/><\/a><figcaption>visites <\/figcaption><\/figure>\n\n\n\n<figure class=\"wp-block-image size-large\"><a href=\"http:\/\/www.traba.org\/trabablog\/wp-content\/uploads\/2022\/08\/26-1.jpeg\"><img loading=\"lazy\" decoding=\"async\" width=\"1024\" height=\"576\" data-id=\"19696\" src=\"http:\/\/www.traba.org\/trabablog\/wp-content\/uploads\/2022\/08\/26-1-1024x576.jpeg\" alt=\"\" class=\"wp-image-19696\" srcset=\"http:\/\/traba.org\/trabablog\/wp-content\/uploads\/2022\/08\/26-1-1024x576.jpeg 1024w, http:\/\/traba.org\/trabablog\/wp-content\/uploads\/2022\/08\/26-1-300x169.jpeg 300w, http:\/\/traba.org\/trabablog\/wp-content\/uploads\/2022\/08\/26-1-768x432.jpeg 768w, http:\/\/traba.org\/trabablog\/wp-content\/uploads\/2022\/08\/26-1.jpeg 1280w\" sizes=\"auto, (max-width: 1024px) 100vw, 1024px\" \/><\/a><figcaption>un dels regals del ti\u00f3<\/figcaption><\/figure>\n\n\n\n<figure class=\"wp-block-image size-large\"><a href=\"http:\/\/www.traba.org\/trabablog\/wp-content\/uploads\/2022\/08\/27-1.jpeg\"><img loading=\"lazy\" decoding=\"async\" width=\"1024\" height=\"576\" data-id=\"19698\" src=\"http:\/\/www.traba.org\/trabablog\/wp-content\/uploads\/2022\/08\/27-1-1024x576.jpeg\" alt=\"\" class=\"wp-image-19698\" srcset=\"http:\/\/traba.org\/trabablog\/wp-content\/uploads\/2022\/08\/27-1-1024x576.jpeg 1024w, http:\/\/traba.org\/trabablog\/wp-content\/uploads\/2022\/08\/27-1-300x169.jpeg 300w, http:\/\/traba.org\/trabablog\/wp-content\/uploads\/2022\/08\/27-1-768x432.jpeg 768w, http:\/\/traba.org\/trabablog\/wp-content\/uploads\/2022\/08\/27-1.jpeg 1280w\" sizes=\"auto, (max-width: 1024px) 100vw, 1024px\" \/><\/a><figcaption>tot preparat pel dinar de nadal<\/figcaption><\/figure>\n\n\n\n<figure class=\"wp-block-image size-large\"><a href=\"http:\/\/www.traba.org\/trabablog\/wp-content\/uploads\/2022\/08\/28.jpeg\"><img loading=\"lazy\" decoding=\"async\" width=\"768\" height=\"1024\" data-id=\"19699\" src=\"http:\/\/www.traba.org\/trabablog\/wp-content\/uploads\/2022\/08\/28-768x1024.jpeg\" alt=\"\" class=\"wp-image-19699\" srcset=\"http:\/\/traba.org\/trabablog\/wp-content\/uploads\/2022\/08\/28-768x1024.jpeg 768w, http:\/\/traba.org\/trabablog\/wp-content\/uploads\/2022\/08\/28-225x300.jpeg 225w, http:\/\/traba.org\/trabablog\/wp-content\/uploads\/2022\/08\/28.jpeg 960w\" sizes=\"auto, (max-width: 768px) 100vw, 768px\" \/><\/a><figcaption>dinar de sant esteve, a la tagliattella<\/figcaption><\/figure>\n\n\n\n<figure class=\"wp-block-image size-large\"><a href=\"http:\/\/www.traba.org\/trabablog\/wp-content\/uploads\/2022\/08\/29.jpeg\"><img loading=\"lazy\" decoding=\"async\" width=\"768\" height=\"1024\" data-id=\"19700\" src=\"http:\/\/www.traba.org\/trabablog\/wp-content\/uploads\/2022\/08\/29-768x1024.jpeg\" alt=\"\" class=\"wp-image-19700\" srcset=\"http:\/\/traba.org\/trabablog\/wp-content\/uploads\/2022\/08\/29-768x1024.jpeg 768w, http:\/\/traba.org\/trabablog\/wp-content\/uploads\/2022\/08\/29-225x300.jpeg 225w, http:\/\/traba.org\/trabablog\/wp-content\/uploads\/2022\/08\/29.jpeg 960w\" sizes=\"auto, (max-width: 768px) 100vw, 768px\" \/><\/a><figcaption>un regal del xavi vintage<\/figcaption><\/figure>\n\n\n\n<figure class=\"wp-block-image size-large\"><a href=\"http:\/\/www.traba.org\/trabablog\/wp-content\/uploads\/2022\/08\/30.jpeg\"><img loading=\"lazy\" decoding=\"async\" width=\"1024\" height=\"576\" data-id=\"19701\" src=\"http:\/\/www.traba.org\/trabablog\/wp-content\/uploads\/2022\/08\/30-1024x576.jpeg\" alt=\"\" class=\"wp-image-19701\" srcset=\"http:\/\/traba.org\/trabablog\/wp-content\/uploads\/2022\/08\/30-1024x576.jpeg 1024w, http:\/\/traba.org\/trabablog\/wp-content\/uploads\/2022\/08\/30-300x169.jpeg 300w, http:\/\/traba.org\/trabablog\/wp-content\/uploads\/2022\/08\/30-768x432.jpeg 768w, http:\/\/traba.org\/trabablog\/wp-content\/uploads\/2022\/08\/30.jpeg 1280w\" sizes=\"auto, (max-width: 1024px) 100vw, 1024px\" \/><\/a><figcaption>i sitges!<\/figcaption><\/figure>\n\n\n\n<figure class=\"wp-block-image size-large\"><a href=\"http:\/\/www.traba.org\/trabablog\/wp-content\/uploads\/2022\/08\/31-1.jpeg\"><img loading=\"lazy\" decoding=\"async\" width=\"1024\" height=\"768\" data-id=\"19708\" src=\"http:\/\/www.traba.org\/trabablog\/wp-content\/uploads\/2022\/08\/31-1-1024x768.jpeg\" alt=\"\" class=\"wp-image-19708\" srcset=\"http:\/\/traba.org\/trabablog\/wp-content\/uploads\/2022\/08\/31-1-1024x768.jpeg 1024w, http:\/\/traba.org\/trabablog\/wp-content\/uploads\/2022\/08\/31-1-300x225.jpeg 300w, http:\/\/traba.org\/trabablog\/wp-content\/uploads\/2022\/08\/31-1-768x576.jpeg 768w, http:\/\/traba.org\/trabablog\/wp-content\/uploads\/2022\/08\/31-1.jpeg 1280w\" sizes=\"auto, (max-width: 1024px) 100vw, 1024px\" \/><\/a><figcaption>un dels invents del casal de nadal de creaci\u00e8ncia<\/figcaption><\/figure>\n\n\n\n<figure class=\"wp-block-image size-large\"><a href=\"http:\/\/www.traba.org\/trabablog\/wp-content\/uploads\/2022\/08\/32-1.jpeg\"><img loading=\"lazy\" decoding=\"async\" width=\"1024\" height=\"1024\" data-id=\"19709\" src=\"http:\/\/www.traba.org\/trabablog\/wp-content\/uploads\/2022\/08\/32-1-1024x1024.jpeg\" alt=\"\" class=\"wp-image-19709\" srcset=\"http:\/\/traba.org\/trabablog\/wp-content\/uploads\/2022\/08\/32-1-1024x1024.jpeg 1024w, http:\/\/traba.org\/trabablog\/wp-content\/uploads\/2022\/08\/32-1-300x300.jpeg 300w, http:\/\/traba.org\/trabablog\/wp-content\/uploads\/2022\/08\/32-1-150x150.jpeg 150w, http:\/\/traba.org\/trabablog\/wp-content\/uploads\/2022\/08\/32-1-768x768.jpeg 768w, http:\/\/traba.org\/trabablog\/wp-content\/uploads\/2022\/08\/32-1-610x610.jpeg 610w, http:\/\/traba.org\/trabablog\/wp-content\/uploads\/2022\/08\/32-1.jpeg 1280w\" sizes=\"auto, (max-width: 1024px) 100vw, 1024px\" \/><\/a><figcaption>rainbow sweater de Jennifer Steingass, amb els colors de SFN<\/figcaption><\/figure>\n\n\n\n<figure class=\"wp-block-image size-large\"><a href=\"http:\/\/www.traba.org\/trabablog\/wp-content\/uploads\/2022\/08\/33-1.jpeg\"><img loading=\"lazy\" decoding=\"async\" width=\"1024\" height=\"576\" data-id=\"19710\" src=\"http:\/\/www.traba.org\/trabablog\/wp-content\/uploads\/2022\/08\/33-1-1024x576.jpeg\" alt=\"\" class=\"wp-image-19710\" srcset=\"http:\/\/traba.org\/trabablog\/wp-content\/uploads\/2022\/08\/33-1-1024x576.jpeg 1024w, http:\/\/traba.org\/trabablog\/wp-content\/uploads\/2022\/08\/33-1-300x169.jpeg 300w, http:\/\/traba.org\/trabablog\/wp-content\/uploads\/2022\/08\/33-1-768x432.jpeg 768w, http:\/\/traba.org\/trabablog\/wp-content\/uploads\/2022\/08\/33-1.jpeg 1280w\" sizes=\"auto, (max-width: 1024px) 100vw, 1024px\" \/><\/a><\/figure>\n\n\n\n<figure class=\"wp-block-image size-large\"><a href=\"http:\/\/www.traba.org\/trabablog\/wp-content\/uploads\/2022\/08\/34-1.jpeg\"><img loading=\"lazy\" decoding=\"async\" width=\"1024\" height=\"576\" data-id=\"19711\" src=\"http:\/\/www.traba.org\/trabablog\/wp-content\/uploads\/2022\/08\/34-1-1024x576.jpeg\" alt=\"\" class=\"wp-image-19711\" srcset=\"http:\/\/traba.org\/trabablog\/wp-content\/uploads\/2022\/08\/34-1-1024x576.jpeg 1024w, http:\/\/traba.org\/trabablog\/wp-content\/uploads\/2022\/08\/34-1-300x169.jpeg 300w, http:\/\/traba.org\/trabablog\/wp-content\/uploads\/2022\/08\/34-1-768x432.jpeg 768w, http:\/\/traba.org\/trabablog\/wp-content\/uploads\/2022\/08\/34-1.jpeg 1280w\" sizes=\"auto, (max-width: 1024px) 100vw, 1024px\" \/><\/a><figcaption>desembres a la platja de sitges, ja \u00e9s tradici\u00f3<\/figcaption><\/figure>\n\n\n\n<figure class=\"wp-block-image size-large\"><a href=\"http:\/\/www.traba.org\/trabablog\/wp-content\/uploads\/2022\/08\/35.jpeg\"><img loading=\"lazy\" decoding=\"async\" width=\"576\" height=\"1024\" data-id=\"19712\" src=\"http:\/\/www.traba.org\/trabablog\/wp-content\/uploads\/2022\/08\/35-576x1024.jpeg\" alt=\"\" class=\"wp-image-19712\" srcset=\"http:\/\/traba.org\/trabablog\/wp-content\/uploads\/2022\/08\/35-576x1024.jpeg 576w, http:\/\/traba.org\/trabablog\/wp-content\/uploads\/2022\/08\/35-169x300.jpeg 169w, http:\/\/traba.org\/trabablog\/wp-content\/uploads\/2022\/08\/35.jpeg 720w\" sizes=\"auto, (max-width: 576px) 100vw, 576px\" \/><\/a><\/figure>\n\n\n\n<figure class=\"wp-block-image size-large\"><a href=\"http:\/\/www.traba.org\/trabablog\/wp-content\/uploads\/2022\/08\/36.jpeg\"><img loading=\"lazy\" decoding=\"async\" width=\"576\" height=\"1024\" data-id=\"19713\" src=\"http:\/\/www.traba.org\/trabablog\/wp-content\/uploads\/2022\/08\/36-576x1024.jpeg\" alt=\"\" class=\"wp-image-19713\" srcset=\"http:\/\/traba.org\/trabablog\/wp-content\/uploads\/2022\/08\/36-576x1024.jpeg 576w, http:\/\/traba.org\/trabablog\/wp-content\/uploads\/2022\/08\/36-169x300.jpeg 169w, http:\/\/traba.org\/trabablog\/wp-content\/uploads\/2022\/08\/36.jpeg 720w\" sizes=\"auto, (max-width: 576px) 100vw, 576px\" \/><\/a><figcaption>fotos de la posta de sol<\/figcaption><\/figure>\n\n\n\n<figure class=\"wp-block-image size-large\"><a href=\"http:\/\/www.traba.org\/trabablog\/wp-content\/uploads\/2022\/08\/37.jpeg\"><img loading=\"lazy\" decoding=\"async\" width=\"576\" height=\"1024\" data-id=\"19714\" src=\"http:\/\/www.traba.org\/trabablog\/wp-content\/uploads\/2022\/08\/37-576x1024.jpeg\" alt=\"\" class=\"wp-image-19714\" srcset=\"http:\/\/traba.org\/trabablog\/wp-content\/uploads\/2022\/08\/37-576x1024.jpeg 576w, http:\/\/traba.org\/trabablog\/wp-content\/uploads\/2022\/08\/37-169x300.jpeg 169w, http:\/\/traba.org\/trabablog\/wp-content\/uploads\/2022\/08\/37.jpeg 720w\" sizes=\"auto, (max-width: 576px) 100vw, 576px\" \/><\/a><\/figure>\n\n\n\n<figure class=\"wp-block-image size-large\"><a href=\"http:\/\/www.traba.org\/trabablog\/wp-content\/uploads\/2022\/08\/38.jpeg\"><img loading=\"lazy\" decoding=\"async\" width=\"1024\" height=\"576\" data-id=\"19715\" src=\"http:\/\/www.traba.org\/trabablog\/wp-content\/uploads\/2022\/08\/38-1024x576.jpeg\" alt=\"\" class=\"wp-image-19715\" srcset=\"http:\/\/traba.org\/trabablog\/wp-content\/uploads\/2022\/08\/38-1024x576.jpeg 1024w, http:\/\/traba.org\/trabablog\/wp-content\/uploads\/2022\/08\/38-300x169.jpeg 300w, http:\/\/traba.org\/trabablog\/wp-content\/uploads\/2022\/08\/38-768x432.jpeg 768w, http:\/\/traba.org\/trabablog\/wp-content\/uploads\/2022\/08\/38.jpeg 1280w\" sizes=\"auto, (max-width: 1024px) 100vw, 1024px\" \/><\/a><\/figure>\n\n\n\n<figure class=\"wp-block-image size-large\"><a href=\"http:\/\/www.traba.org\/trabablog\/wp-content\/uploads\/2022\/08\/39.jpeg\"><img loading=\"lazy\" decoding=\"async\" width=\"1024\" height=\"576\" data-id=\"19716\" src=\"http:\/\/www.traba.org\/trabablog\/wp-content\/uploads\/2022\/08\/39-1024x576.jpeg\" alt=\"\" class=\"wp-image-19716\" srcset=\"http:\/\/traba.org\/trabablog\/wp-content\/uploads\/2022\/08\/39-1024x576.jpeg 1024w, http:\/\/traba.org\/trabablog\/wp-content\/uploads\/2022\/08\/39-300x169.jpeg 300w, http:\/\/traba.org\/trabablog\/wp-content\/uploads\/2022\/08\/39-768x432.jpeg 768w, http:\/\/traba.org\/trabablog\/wp-content\/uploads\/2022\/08\/39.jpeg 1280w\" sizes=\"auto, (max-width: 1024px) 100vw, 1024px\" \/><\/a><\/figure>\n\n\n\n<figure class=\"wp-block-image size-large\"><a href=\"http:\/\/www.traba.org\/trabablog\/wp-content\/uploads\/2022\/08\/40.jpeg\"><img loading=\"lazy\" decoding=\"async\" width=\"1024\" height=\"576\" data-id=\"19717\" src=\"http:\/\/www.traba.org\/trabablog\/wp-content\/uploads\/2022\/08\/40-1024x576.jpeg\" alt=\"\" class=\"wp-image-19717\" srcset=\"http:\/\/traba.org\/trabablog\/wp-content\/uploads\/2022\/08\/40-1024x576.jpeg 1024w, http:\/\/traba.org\/trabablog\/wp-content\/uploads\/2022\/08\/40-300x169.jpeg 300w, http:\/\/traba.org\/trabablog\/wp-content\/uploads\/2022\/08\/40-768x432.jpeg 768w, http:\/\/traba.org\/trabablog\/wp-content\/uploads\/2022\/08\/40.jpeg 1280w\" sizes=\"auto, (max-width: 1024px) 100vw, 1024px\" \/><\/a><\/figure>\n\n\n\n<figure class=\"wp-block-image size-large\"><a href=\"http:\/\/www.traba.org\/trabablog\/wp-content\/uploads\/2022\/08\/41.jpeg\"><img loading=\"lazy\" decoding=\"async\" width=\"1024\" height=\"768\" data-id=\"19718\" src=\"http:\/\/www.traba.org\/trabablog\/wp-content\/uploads\/2022\/08\/41-1024x768.jpeg\" alt=\"\" class=\"wp-image-19718\" srcset=\"http:\/\/traba.org\/trabablog\/wp-content\/uploads\/2022\/08\/41-1024x768.jpeg 1024w, http:\/\/traba.org\/trabablog\/wp-content\/uploads\/2022\/08\/41-300x225.jpeg 300w, http:\/\/traba.org\/trabablog\/wp-content\/uploads\/2022\/08\/41-768x576.jpeg 768w, http:\/\/traba.org\/trabablog\/wp-content\/uploads\/2022\/08\/41.jpeg 1280w\" sizes=\"auto, (max-width: 1024px) 100vw, 1024px\" \/><\/a><\/figure>\n\n\n\n<figure class=\"wp-block-image size-large\"><a href=\"http:\/\/www.traba.org\/trabablog\/wp-content\/uploads\/2022\/08\/42.jpeg\"><img loading=\"lazy\" decoding=\"async\" width=\"1024\" height=\"576\" data-id=\"19719\" src=\"http:\/\/www.traba.org\/trabablog\/wp-content\/uploads\/2022\/08\/42-1024x576.jpeg\" alt=\"\" class=\"wp-image-19719\" srcset=\"http:\/\/traba.org\/trabablog\/wp-content\/uploads\/2022\/08\/42-1024x576.jpeg 1024w, http:\/\/traba.org\/trabablog\/wp-content\/uploads\/2022\/08\/42-300x169.jpeg 300w, http:\/\/traba.org\/trabablog\/wp-content\/uploads\/2022\/08\/42-768x432.jpeg 768w, http:\/\/traba.org\/trabablog\/wp-content\/uploads\/2022\/08\/42.jpeg 1280w\" sizes=\"auto, (max-width: 1024px) 100vw, 1024px\" \/><\/a><\/figure>\n\n\n\n<figure class=\"wp-block-image size-large\"><a href=\"http:\/\/www.traba.org\/trabablog\/wp-content\/uploads\/2022\/08\/43.jpeg\"><img loading=\"lazy\" decoding=\"async\" width=\"1024\" height=\"768\" data-id=\"19706\" src=\"http:\/\/www.traba.org\/trabablog\/wp-content\/uploads\/2022\/08\/43-1024x768.jpeg\" alt=\"\" class=\"wp-image-19706\" srcset=\"http:\/\/traba.org\/trabablog\/wp-content\/uploads\/2022\/08\/43-1024x768.jpeg 1024w, http:\/\/traba.org\/trabablog\/wp-content\/uploads\/2022\/08\/43-300x225.jpeg 300w, http:\/\/traba.org\/trabablog\/wp-content\/uploads\/2022\/08\/43-768x576.jpeg 768w, http:\/\/traba.org\/trabablog\/wp-content\/uploads\/2022\/08\/43.jpeg 1280w\" sizes=\"auto, (max-width: 1024px) 100vw, 1024px\" \/><\/a><figcaption>tot preparat per les campanades<\/figcaption><\/figure>\n<\/figure>\n","protected":false},"excerpt":{"rendered":"","protected":false},"author":5,"featured_media":19717,"comment_status":"open","ping_status":"open","sticky":false,"template":"","format":"standard","meta":{"_monsterinsights_skip_tracking":false,"_monsterinsights_sitenote_active":false,"_monsterinsights_sitenote_note":"","_monsterinsights_sitenote_category":0,"footnotes":""},"categories":[28],"tags":[62,114,149,165,100,172,41,45,109,23,42,119,89],"class_list":["post-19671","post","type-post","status-publish","format-standard","has-post-thumbnail","hentry","category-ordinary-days","tag-barcelona","tag-bruno","tag-felix","tag-handmade-knitwear","tag-lola","tag-magissa","tag-mar","tag-menjar","tag-montjuic","tag-nadal","tag-platja","tag-sfn","tag-sitges"],"_links":{"self":[{"href":"http:\/\/traba.org\/trabablog\/index.php?rest_route=\/wp\/v2\/posts\/19671","targetHints":{"allow":["GET"]}}],"collection":[{"href":"http:\/\/traba.org\/trabablog\/index.php?rest_route=\/wp\/v2\/posts"}],"about":[{"href":"http:\/\/traba.org\/trabablog\/index.php?rest_route=\/wp\/v2\/types\/post"}],"author":[{"embeddable":true,"href":"http:\/\/traba.org\/trabablog\/index.php?rest_route=\/wp\/v2\/users\/5"}],"replies":[{"embeddable":true,"href":"http:\/\/traba.org\/trabablog\/index.php?rest_route=%2Fwp%2Fv2%2Fcomments&post=19671"}],"version-history":[{"count":2,"href":"http:\/\/traba.org\/trabablog\/index.php?rest_route=\/wp\/v2\/posts\/19671\/revisions"}],"predecessor-version":[{"id":19720,"href":"http:\/\/traba.org\/trabablog\/index.php?rest_route=\/wp\/v2\/posts\/19671\/revisions\/19720"}],"wp:featuredmedia":[{"embeddable":true,"href":"http:\/\/traba.org\/trabablog\/index.php?rest_route=\/wp\/v2\/media\/19717"}],"wp:attachment":[{"href":"http:\/\/traba.org\/trabablog\/index.php?rest_route=%2Fwp%2Fv2%2Fmedia&parent=19671"}],"wp:term":[{"taxonomy":"category","embeddable":true,"href":"http:\/\/traba.org\/trabablog\/index.php?rest_route=%2Fwp%2Fv2%2Fcategories&post=19671"},{"taxonomy":"post_tag","embeddable":true,"href":"http:\/\/traba.org\/trabablog\/index.php?rest_route=%2Fwp%2Fv2%2Ftags&post=19671"}],"curies":[{"name":"wp","href":"https:\/\/api.w.org\/{rel}","templated":true}]}}