{"id":19895,"date":"2022-09-11T12:41:01","date_gmt":"2022-09-11T10:41:01","guid":{"rendered":"http:\/\/www.traba.org\/trabablog\/?p=19895"},"modified":"2022-09-11T12:41:01","modified_gmt":"2022-09-11T10:41:01","slug":"excepte-si-parlem-daquest-sud-i-v","status":"publish","type":"post","link":"http:\/\/traba.org\/trabablog\/?p=19895","title":{"rendered":"excepte si parlem d&#8217;aquest sud (i V)"},"content":{"rendered":"\n<p>Deixem per l&#8217;\u00faltim post algunes de les millors cales de Menorca, en la nostra humil opini\u00f3. Es tracta de Trebal\u00fager, Fustam i Escorxada, totes 3 inaccessibles en cotxe. A la primera s&#8217;hi arriba des de Cala Mitjana i a les altres dues des de Binigaus, les dues <a rel=\"noreferrer noopener\" href=\"http:\/\/www.traba.org\/trabablog\/?p=19891\" target=\"_blank\">platges aparcables<\/a>. Tamb\u00e9 hi ha l&#8217;opci\u00f3 de fer l&#8217;excursi\u00f3 completa entre Mitjana i Binigaus, com <a rel=\"noreferrer noopener\" href=\"http:\/\/www.traba.org\/trabablog\/?p=3784\" target=\"_blank\">ens vam \u00abinventar\u00bb amb l&#8217;Edu i l&#8217;Ermen<\/a> ja fa 12 anys (glups) i hem repetit tamb\u00e9 <a href=\"http:\/\/www.traba.org\/trabablog\/?p=6402\">altres vegades<\/a>.<\/p>\n\n\n\n<p>Amb els nens encara no l&#8217;hav\u00edem fet, i aquest cop ens vam animar els dos grans i jo. La Mireia i el F\u00e8lix ens van deixar al parking de Cala Mitjana cap a les 12:30 amb el cel ennuvolat i incl\u00fas alguna gota, i ens vam tornar a trobar tots a Binigaus cap a les 19 amb un sol de justicia, menys energia i m\u00e9s butllofes (la Lola) per\u00f2 ben contents. Realment els hi va encantar.<\/p>\n\n\n\n<p>Cala Mitjana estava buida pel mal temps, res a veure amb <a rel=\"noreferrer noopener\" href=\"http:\/\/www.traba.org\/trabablog\/?p=19891\" target=\"_blank\">un dia de sol<\/a>. Per algun motiu misteri\u00f3s aquest any no soc tan clar guanyador indiscutible del LPPA (Less Photogenic People Award).<\/p>\n\n\n\n<figure class=\"wp-block-gallery has-nested-images columns-default is-cropped wp-block-gallery-1 is-layout-flex wp-block-gallery-is-layout-flex\">\n<figure class=\"wp-block-image size-large\"><a href=\"http:\/\/www.traba.org\/trabablog\/wp-content\/uploads\/2022\/09\/1-5.jpeg\"><img loading=\"lazy\" decoding=\"async\" width=\"1280\" height=\"960\" data-id=\"20137\" src=\"http:\/\/www.traba.org\/trabablog\/wp-content\/uploads\/2022\/09\/1-5.jpeg\" alt=\"\" class=\"wp-image-20137\" srcset=\"http:\/\/traba.org\/trabablog\/wp-content\/uploads\/2022\/09\/1-5.jpeg 1280w, http:\/\/traba.org\/trabablog\/wp-content\/uploads\/2022\/09\/1-5-300x225.jpeg 300w, http:\/\/traba.org\/trabablog\/wp-content\/uploads\/2022\/09\/1-5-1024x768.jpeg 1024w, http:\/\/traba.org\/trabablog\/wp-content\/uploads\/2022\/09\/1-5-768x576.jpeg 768w\" sizes=\"auto, (max-width: 1280px) 100vw, 1280px\" \/><\/a><\/figure>\n\n\n\n<figure class=\"wp-block-image size-large\"><a href=\"http:\/\/www.traba.org\/trabablog\/wp-content\/uploads\/2022\/09\/2-5.jpeg\"><img loading=\"lazy\" decoding=\"async\" width=\"1280\" height=\"962\" data-id=\"20138\" src=\"http:\/\/www.traba.org\/trabablog\/wp-content\/uploads\/2022\/09\/2-5.jpeg\" alt=\"\" class=\"wp-image-20138\" srcset=\"http:\/\/traba.org\/trabablog\/wp-content\/uploads\/2022\/09\/2-5.jpeg 1280w, http:\/\/traba.org\/trabablog\/wp-content\/uploads\/2022\/09\/2-5-300x225.jpeg 300w, http:\/\/traba.org\/trabablog\/wp-content\/uploads\/2022\/09\/2-5-1024x770.jpeg 1024w, http:\/\/traba.org\/trabablog\/wp-content\/uploads\/2022\/09\/2-5-768x577.jpeg 768w\" sizes=\"auto, (max-width: 1280px) 100vw, 1280px\" \/><\/a><\/figure>\n<\/figure>\n\n\n\n<p>Petit fail: ens vam ficar pel cam\u00ed de cavalls enlloc de pel cam\u00ed de la costa. Coses de fer-se el xulo i dir que no vols wikiloc. Per si l&#8217;excursi\u00f3 no era prou llarga, li afegim mitja horeta m\u00e9s de volta.<\/p>\n\n\n\n<figure class=\"wp-block-image size-large\"><a href=\"http:\/\/www.traba.org\/trabablog\/wp-content\/uploads\/2022\/09\/3-5.jpeg\"><img loading=\"lazy\" decoding=\"async\" width=\"768\" height=\"1024\" src=\"http:\/\/www.traba.org\/trabablog\/wp-content\/uploads\/2022\/09\/3-5-768x1024.jpeg\" alt=\"\" class=\"wp-image-20139\" srcset=\"http:\/\/traba.org\/trabablog\/wp-content\/uploads\/2022\/09\/3-5-768x1024.jpeg 768w, http:\/\/traba.org\/trabablog\/wp-content\/uploads\/2022\/09\/3-5-225x300.jpeg 225w, http:\/\/traba.org\/trabablog\/wp-content\/uploads\/2022\/09\/3-5.jpeg 960w\" sizes=\"auto, (max-width: 768px) 100vw, 768px\" \/><\/a><\/figure>\n\n\n\n<p>Ara s\u00ed, pel cam\u00ed de costa de Mitjana a Trebal\u00fager, que \u00e9s molt f\u00e0cil i va protegit del sol.<\/p>\n\n\n\n<figure class=\"wp-block-gallery has-nested-images columns-default is-cropped wp-block-gallery-2 is-layout-flex wp-block-gallery-is-layout-flex\">\n<figure class=\"wp-block-image size-large\"><a href=\"http:\/\/www.traba.org\/trabablog\/wp-content\/uploads\/2022\/09\/4-5.jpeg\"><img loading=\"lazy\" decoding=\"async\" width=\"1280\" height=\"960\" data-id=\"20140\" src=\"http:\/\/www.traba.org\/trabablog\/wp-content\/uploads\/2022\/09\/4-5.jpeg\" alt=\"\" class=\"wp-image-20140\" srcset=\"http:\/\/traba.org\/trabablog\/wp-content\/uploads\/2022\/09\/4-5.jpeg 1280w, http:\/\/traba.org\/trabablog\/wp-content\/uploads\/2022\/09\/4-5-300x225.jpeg 300w, http:\/\/traba.org\/trabablog\/wp-content\/uploads\/2022\/09\/4-5-1024x768.jpeg 1024w, http:\/\/traba.org\/trabablog\/wp-content\/uploads\/2022\/09\/4-5-768x576.jpeg 768w\" sizes=\"auto, (max-width: 1280px) 100vw, 1280px\" \/><\/a><\/figure>\n\n\n\n<figure class=\"wp-block-image size-large\"><a href=\"http:\/\/www.traba.org\/trabablog\/wp-content\/uploads\/2022\/09\/5-5.jpeg\"><img loading=\"lazy\" decoding=\"async\" width=\"1280\" height=\"960\" data-id=\"20141\" src=\"http:\/\/www.traba.org\/trabablog\/wp-content\/uploads\/2022\/09\/5-5.jpeg\" alt=\"\" class=\"wp-image-20141\" srcset=\"http:\/\/traba.org\/trabablog\/wp-content\/uploads\/2022\/09\/5-5.jpeg 1280w, http:\/\/traba.org\/trabablog\/wp-content\/uploads\/2022\/09\/5-5-300x225.jpeg 300w, http:\/\/traba.org\/trabablog\/wp-content\/uploads\/2022\/09\/5-5-1024x768.jpeg 1024w, http:\/\/traba.org\/trabablog\/wp-content\/uploads\/2022\/09\/5-5-768x576.jpeg 768w\" sizes=\"auto, (max-width: 1280px) 100vw, 1280px\" \/><\/a><\/figure>\n\n\n\n<figure class=\"wp-block-image size-large\"><a href=\"http:\/\/www.traba.org\/trabablog\/wp-content\/uploads\/2022\/09\/6-5.jpeg\"><img loading=\"lazy\" decoding=\"async\" width=\"1280\" height=\"960\" data-id=\"20142\" src=\"http:\/\/www.traba.org\/trabablog\/wp-content\/uploads\/2022\/09\/6-5.jpeg\" alt=\"\" class=\"wp-image-20142\" srcset=\"http:\/\/traba.org\/trabablog\/wp-content\/uploads\/2022\/09\/6-5.jpeg 1280w, http:\/\/traba.org\/trabablog\/wp-content\/uploads\/2022\/09\/6-5-300x225.jpeg 300w, http:\/\/traba.org\/trabablog\/wp-content\/uploads\/2022\/09\/6-5-1024x768.jpeg 1024w, http:\/\/traba.org\/trabablog\/wp-content\/uploads\/2022\/09\/6-5-768x576.jpeg 768w\" sizes=\"auto, (max-width: 1280px) 100vw, 1280px\" \/><\/a><\/figure>\n\n\n\n<figure class=\"wp-block-image size-large\"><a href=\"http:\/\/www.traba.org\/trabablog\/wp-content\/uploads\/2022\/09\/7-5.jpeg\"><img loading=\"lazy\" decoding=\"async\" width=\"1280\" height=\"960\" data-id=\"20143\" src=\"http:\/\/www.traba.org\/trabablog\/wp-content\/uploads\/2022\/09\/7-5.jpeg\" alt=\"\" class=\"wp-image-20143\" srcset=\"http:\/\/traba.org\/trabablog\/wp-content\/uploads\/2022\/09\/7-5.jpeg 1280w, http:\/\/traba.org\/trabablog\/wp-content\/uploads\/2022\/09\/7-5-300x225.jpeg 300w, http:\/\/traba.org\/trabablog\/wp-content\/uploads\/2022\/09\/7-5-1024x768.jpeg 1024w, http:\/\/traba.org\/trabablog\/wp-content\/uploads\/2022\/09\/7-5-768x576.jpeg 768w\" sizes=\"auto, (max-width: 1280px) 100vw, 1280px\" \/><\/a><\/figure>\n<\/figure>\n\n\n\n<p>Arribant a Trebal\u00fager.<\/p>\n\n\n\n<figure class=\"wp-block-gallery has-nested-images columns-default is-cropped wp-block-gallery-3 is-layout-flex wp-block-gallery-is-layout-flex\">\n<figure class=\"wp-block-image size-large\"><a href=\"http:\/\/www.traba.org\/trabablog\/wp-content\/uploads\/2022\/09\/8-5.jpeg\"><img loading=\"lazy\" decoding=\"async\" width=\"960\" height=\"1280\" data-id=\"20144\" src=\"http:\/\/www.traba.org\/trabablog\/wp-content\/uploads\/2022\/09\/8-5.jpeg\" alt=\"\" class=\"wp-image-20144\" srcset=\"http:\/\/traba.org\/trabablog\/wp-content\/uploads\/2022\/09\/8-5.jpeg 960w, http:\/\/traba.org\/trabablog\/wp-content\/uploads\/2022\/09\/8-5-225x300.jpeg 225w, http:\/\/traba.org\/trabablog\/wp-content\/uploads\/2022\/09\/8-5-768x1024.jpeg 768w\" sizes=\"auto, (max-width: 960px) 100vw, 960px\" \/><\/a><\/figure>\n\n\n\n<figure class=\"wp-block-image size-large\"><a href=\"http:\/\/www.traba.org\/trabablog\/wp-content\/uploads\/2022\/09\/9-5.jpeg\"><img loading=\"lazy\" decoding=\"async\" width=\"1280\" height=\"960\" data-id=\"20145\" src=\"http:\/\/www.traba.org\/trabablog\/wp-content\/uploads\/2022\/09\/9-5.jpeg\" alt=\"\" class=\"wp-image-20145\" srcset=\"http:\/\/traba.org\/trabablog\/wp-content\/uploads\/2022\/09\/9-5.jpeg 1280w, http:\/\/traba.org\/trabablog\/wp-content\/uploads\/2022\/09\/9-5-300x225.jpeg 300w, http:\/\/traba.org\/trabablog\/wp-content\/uploads\/2022\/09\/9-5-1024x768.jpeg 1024w, http:\/\/traba.org\/trabablog\/wp-content\/uploads\/2022\/09\/9-5-768x576.jpeg 768w\" sizes=\"auto, (max-width: 1280px) 100vw, 1280px\" \/><\/a><\/figure>\n\n\n\n<figure class=\"wp-block-image size-large\"><a href=\"http:\/\/www.traba.org\/trabablog\/wp-content\/uploads\/2022\/09\/10-5.jpeg\"><img loading=\"lazy\" decoding=\"async\" width=\"1280\" height=\"960\" data-id=\"20146\" src=\"http:\/\/www.traba.org\/trabablog\/wp-content\/uploads\/2022\/09\/10-5.jpeg\" alt=\"\" class=\"wp-image-20146\" srcset=\"http:\/\/traba.org\/trabablog\/wp-content\/uploads\/2022\/09\/10-5.jpeg 1280w, http:\/\/traba.org\/trabablog\/wp-content\/uploads\/2022\/09\/10-5-300x225.jpeg 300w, http:\/\/traba.org\/trabablog\/wp-content\/uploads\/2022\/09\/10-5-1024x768.jpeg 1024w, http:\/\/traba.org\/trabablog\/wp-content\/uploads\/2022\/09\/10-5-768x576.jpeg 768w\" sizes=\"auto, (max-width: 1280px) 100vw, 1280px\" \/><\/a><\/figure>\n\n\n\n<figure class=\"wp-block-image size-large\"><a href=\"http:\/\/www.traba.org\/trabablog\/wp-content\/uploads\/2022\/09\/11-5.jpeg\"><img loading=\"lazy\" decoding=\"async\" width=\"1280\" height=\"960\" data-id=\"20147\" src=\"http:\/\/www.traba.org\/trabablog\/wp-content\/uploads\/2022\/09\/11-5.jpeg\" alt=\"\" class=\"wp-image-20147\" srcset=\"http:\/\/traba.org\/trabablog\/wp-content\/uploads\/2022\/09\/11-5.jpeg 1280w, http:\/\/traba.org\/trabablog\/wp-content\/uploads\/2022\/09\/11-5-300x225.jpeg 300w, http:\/\/traba.org\/trabablog\/wp-content\/uploads\/2022\/09\/11-5-1024x768.jpeg 1024w, http:\/\/traba.org\/trabablog\/wp-content\/uploads\/2022\/09\/11-5-768x576.jpeg 768w\" sizes=\"auto, (max-width: 1280px) 100vw, 1280px\" \/><\/a><\/figure>\n\n\n\n<figure class=\"wp-block-image size-large\"><a href=\"http:\/\/www.traba.org\/trabablog\/wp-content\/uploads\/2022\/09\/12-5.jpeg\"><img loading=\"lazy\" decoding=\"async\" width=\"1280\" height=\"962\" data-id=\"20148\" src=\"http:\/\/www.traba.org\/trabablog\/wp-content\/uploads\/2022\/09\/12-5.jpeg\" alt=\"\" class=\"wp-image-20148\" srcset=\"http:\/\/traba.org\/trabablog\/wp-content\/uploads\/2022\/09\/12-5.jpeg 1280w, http:\/\/traba.org\/trabablog\/wp-content\/uploads\/2022\/09\/12-5-300x225.jpeg 300w, http:\/\/traba.org\/trabablog\/wp-content\/uploads\/2022\/09\/12-5-1024x770.jpeg 1024w, http:\/\/traba.org\/trabablog\/wp-content\/uploads\/2022\/09\/12-5-768x577.jpeg 768w\" sizes=\"auto, (max-width: 1280px) 100vw, 1280px\" \/><\/a><\/figure>\n<\/figure>\n\n\n\n<p>Que estava molt maca i molt buida, no s\u00e9 si pels n\u00favols o perqu\u00e8 la gent no vol caminar. En tot cas espectacular, i sense l&#8217;arribada massiva de banyistes en \u00abcreuer\u00bb des de Galdana que hav\u00edem patit altres vegades (vam veure arribar el barco quan ja marx\u00e0vem). L&#8217;aigua era una bassa d&#8217;oli transparent.<\/p>\n\n\n\n<figure class=\"wp-block-gallery has-nested-images columns-default is-cropped wp-block-gallery-4 is-layout-flex wp-block-gallery-is-layout-flex\">\n<figure class=\"wp-block-image size-large\"><a href=\"http:\/\/www.traba.org\/trabablog\/wp-content\/uploads\/2022\/09\/13-4.jpeg\"><img loading=\"lazy\" decoding=\"async\" width=\"960\" height=\"1280\" data-id=\"20149\" src=\"http:\/\/www.traba.org\/trabablog\/wp-content\/uploads\/2022\/09\/13-4.jpeg\" alt=\"\" class=\"wp-image-20149\" srcset=\"http:\/\/traba.org\/trabablog\/wp-content\/uploads\/2022\/09\/13-4.jpeg 960w, http:\/\/traba.org\/trabablog\/wp-content\/uploads\/2022\/09\/13-4-225x300.jpeg 225w, http:\/\/traba.org\/trabablog\/wp-content\/uploads\/2022\/09\/13-4-768x1024.jpeg 768w\" sizes=\"auto, (max-width: 960px) 100vw, 960px\" \/><\/a><\/figure>\n\n\n\n<figure class=\"wp-block-image size-large\"><a href=\"http:\/\/www.traba.org\/trabablog\/wp-content\/uploads\/2022\/09\/14-4.jpeg\"><img loading=\"lazy\" decoding=\"async\" width=\"1280\" height=\"960\" data-id=\"20150\" src=\"http:\/\/www.traba.org\/trabablog\/wp-content\/uploads\/2022\/09\/14-4.jpeg\" alt=\"\" class=\"wp-image-20150\" srcset=\"http:\/\/traba.org\/trabablog\/wp-content\/uploads\/2022\/09\/14-4.jpeg 1280w, http:\/\/traba.org\/trabablog\/wp-content\/uploads\/2022\/09\/14-4-300x225.jpeg 300w, http:\/\/traba.org\/trabablog\/wp-content\/uploads\/2022\/09\/14-4-1024x768.jpeg 1024w, http:\/\/traba.org\/trabablog\/wp-content\/uploads\/2022\/09\/14-4-768x576.jpeg 768w\" sizes=\"auto, (max-width: 1280px) 100vw, 1280px\" \/><\/a><\/figure>\n\n\n\n<figure class=\"wp-block-image size-large\"><a href=\"http:\/\/www.traba.org\/trabablog\/wp-content\/uploads\/2022\/09\/15-5.jpeg\"><img loading=\"lazy\" decoding=\"async\" width=\"1280\" height=\"962\" data-id=\"20151\" src=\"http:\/\/www.traba.org\/trabablog\/wp-content\/uploads\/2022\/09\/15-5.jpeg\" alt=\"\" class=\"wp-image-20151\" srcset=\"http:\/\/traba.org\/trabablog\/wp-content\/uploads\/2022\/09\/15-5.jpeg 1280w, http:\/\/traba.org\/trabablog\/wp-content\/uploads\/2022\/09\/15-5-300x225.jpeg 300w, http:\/\/traba.org\/trabablog\/wp-content\/uploads\/2022\/09\/15-5-1024x770.jpeg 1024w, http:\/\/traba.org\/trabablog\/wp-content\/uploads\/2022\/09\/15-5-768x577.jpeg 768w\" sizes=\"auto, (max-width: 1280px) 100vw, 1280px\" \/><\/a><\/figure>\n\n\n\n<figure class=\"wp-block-image size-large\"><a href=\"http:\/\/www.traba.org\/trabablog\/wp-content\/uploads\/2022\/09\/16-5.jpeg\"><img loading=\"lazy\" decoding=\"async\" width=\"1280\" height=\"960\" data-id=\"20152\" src=\"http:\/\/www.traba.org\/trabablog\/wp-content\/uploads\/2022\/09\/16-5.jpeg\" alt=\"\" class=\"wp-image-20152\" srcset=\"http:\/\/traba.org\/trabablog\/wp-content\/uploads\/2022\/09\/16-5.jpeg 1280w, http:\/\/traba.org\/trabablog\/wp-content\/uploads\/2022\/09\/16-5-300x225.jpeg 300w, http:\/\/traba.org\/trabablog\/wp-content\/uploads\/2022\/09\/16-5-1024x768.jpeg 1024w, http:\/\/traba.org\/trabablog\/wp-content\/uploads\/2022\/09\/16-5-768x576.jpeg 768w\" sizes=\"auto, (max-width: 1280px) 100vw, 1280px\" \/><\/a><\/figure>\n\n\n\n<figure class=\"wp-block-image size-large\"><a href=\"http:\/\/www.traba.org\/trabablog\/wp-content\/uploads\/2022\/09\/17-5.jpeg\"><img loading=\"lazy\" decoding=\"async\" width=\"1280\" height=\"960\" data-id=\"20153\" src=\"http:\/\/www.traba.org\/trabablog\/wp-content\/uploads\/2022\/09\/17-5.jpeg\" alt=\"\" class=\"wp-image-20153\" srcset=\"http:\/\/traba.org\/trabablog\/wp-content\/uploads\/2022\/09\/17-5.jpeg 1280w, http:\/\/traba.org\/trabablog\/wp-content\/uploads\/2022\/09\/17-5-300x225.jpeg 300w, http:\/\/traba.org\/trabablog\/wp-content\/uploads\/2022\/09\/17-5-1024x768.jpeg 1024w, http:\/\/traba.org\/trabablog\/wp-content\/uploads\/2022\/09\/17-5-768x576.jpeg 768w\" sizes=\"auto, (max-width: 1280px) 100vw, 1280px\" \/><\/a><\/figure>\n<\/figure>\n\n\n\n<p>Despr\u00e9s toca caminar fins a Fustam, en un tros de cam\u00ed m\u00e9s pesat i exposat, i a sobre comen\u00e7ava a sortir el sol de tant en tant. Per\u00f2 ho vam portar molt b\u00e9.<\/p>\n\n\n\n<figure class=\"wp-block-gallery has-nested-images columns-default is-cropped wp-block-gallery-5 is-layout-flex wp-block-gallery-is-layout-flex\">\n<figure class=\"wp-block-image size-large\"><a href=\"http:\/\/www.traba.org\/trabablog\/wp-content\/uploads\/2022\/09\/18-5.jpeg\"><img loading=\"lazy\" decoding=\"async\" width=\"1280\" height=\"960\" data-id=\"20154\" src=\"http:\/\/www.traba.org\/trabablog\/wp-content\/uploads\/2022\/09\/18-5.jpeg\" alt=\"\" class=\"wp-image-20154\" srcset=\"http:\/\/traba.org\/trabablog\/wp-content\/uploads\/2022\/09\/18-5.jpeg 1280w, http:\/\/traba.org\/trabablog\/wp-content\/uploads\/2022\/09\/18-5-300x225.jpeg 300w, http:\/\/traba.org\/trabablog\/wp-content\/uploads\/2022\/09\/18-5-1024x768.jpeg 1024w, http:\/\/traba.org\/trabablog\/wp-content\/uploads\/2022\/09\/18-5-768x576.jpeg 768w\" sizes=\"auto, (max-width: 1280px) 100vw, 1280px\" \/><\/a><\/figure>\n\n\n\n<figure class=\"wp-block-image size-large\"><a href=\"http:\/\/www.traba.org\/trabablog\/wp-content\/uploads\/2022\/09\/19-5.jpeg\"><img loading=\"lazy\" decoding=\"async\" width=\"1280\" height=\"960\" data-id=\"20155\" src=\"http:\/\/www.traba.org\/trabablog\/wp-content\/uploads\/2022\/09\/19-5.jpeg\" alt=\"\" class=\"wp-image-20155\" srcset=\"http:\/\/traba.org\/trabablog\/wp-content\/uploads\/2022\/09\/19-5.jpeg 1280w, http:\/\/traba.org\/trabablog\/wp-content\/uploads\/2022\/09\/19-5-300x225.jpeg 300w, http:\/\/traba.org\/trabablog\/wp-content\/uploads\/2022\/09\/19-5-1024x768.jpeg 1024w, http:\/\/traba.org\/trabablog\/wp-content\/uploads\/2022\/09\/19-5-768x576.jpeg 768w\" sizes=\"auto, (max-width: 1280px) 100vw, 1280px\" \/><\/a><\/figure>\n\n\n\n<figure class=\"wp-block-image size-large\"><a href=\"http:\/\/www.traba.org\/trabablog\/wp-content\/uploads\/2022\/09\/20-5.jpeg\"><img loading=\"lazy\" decoding=\"async\" width=\"1280\" height=\"960\" data-id=\"20156\" src=\"http:\/\/www.traba.org\/trabablog\/wp-content\/uploads\/2022\/09\/20-5.jpeg\" alt=\"\" class=\"wp-image-20156\" srcset=\"http:\/\/traba.org\/trabablog\/wp-content\/uploads\/2022\/09\/20-5.jpeg 1280w, http:\/\/traba.org\/trabablog\/wp-content\/uploads\/2022\/09\/20-5-300x225.jpeg 300w, http:\/\/traba.org\/trabablog\/wp-content\/uploads\/2022\/09\/20-5-1024x768.jpeg 1024w, http:\/\/traba.org\/trabablog\/wp-content\/uploads\/2022\/09\/20-5-768x576.jpeg 768w\" sizes=\"auto, (max-width: 1280px) 100vw, 1280px\" \/><\/a><\/figure>\n\n\n\n<figure class=\"wp-block-image size-large\"><a href=\"http:\/\/www.traba.org\/trabablog\/wp-content\/uploads\/2022\/09\/21-4.jpeg\"><img loading=\"lazy\" decoding=\"async\" width=\"1280\" height=\"960\" data-id=\"20157\" src=\"http:\/\/www.traba.org\/trabablog\/wp-content\/uploads\/2022\/09\/21-4.jpeg\" alt=\"\" class=\"wp-image-20157\" srcset=\"http:\/\/traba.org\/trabablog\/wp-content\/uploads\/2022\/09\/21-4.jpeg 1280w, http:\/\/traba.org\/trabablog\/wp-content\/uploads\/2022\/09\/21-4-300x225.jpeg 300w, http:\/\/traba.org\/trabablog\/wp-content\/uploads\/2022\/09\/21-4-1024x768.jpeg 1024w, http:\/\/traba.org\/trabablog\/wp-content\/uploads\/2022\/09\/21-4-768x576.jpeg 768w\" sizes=\"auto, (max-width: 1280px) 100vw, 1280px\" \/><\/a><\/figure>\n\n\n\n<figure class=\"wp-block-image size-large\"><a href=\"http:\/\/www.traba.org\/trabablog\/wp-content\/uploads\/2022\/09\/22-5.jpeg\"><img loading=\"lazy\" decoding=\"async\" width=\"1280\" height=\"960\" data-id=\"20158\" src=\"http:\/\/www.traba.org\/trabablog\/wp-content\/uploads\/2022\/09\/22-5.jpeg\" alt=\"\" class=\"wp-image-20158\" srcset=\"http:\/\/traba.org\/trabablog\/wp-content\/uploads\/2022\/09\/22-5.jpeg 1280w, http:\/\/traba.org\/trabablog\/wp-content\/uploads\/2022\/09\/22-5-300x225.jpeg 300w, http:\/\/traba.org\/trabablog\/wp-content\/uploads\/2022\/09\/22-5-1024x768.jpeg 1024w, http:\/\/traba.org\/trabablog\/wp-content\/uploads\/2022\/09\/22-5-768x576.jpeg 768w\" sizes=\"auto, (max-width: 1280px) 100vw, 1280px\" \/><\/a><\/figure>\n\n\n\n<figure class=\"wp-block-image size-large\"><a href=\"http:\/\/www.traba.org\/trabablog\/wp-content\/uploads\/2022\/09\/23-4.jpeg\"><img loading=\"lazy\" decoding=\"async\" width=\"960\" height=\"1280\" data-id=\"20159\" src=\"http:\/\/www.traba.org\/trabablog\/wp-content\/uploads\/2022\/09\/23-4.jpeg\" alt=\"\" class=\"wp-image-20159\" srcset=\"http:\/\/traba.org\/trabablog\/wp-content\/uploads\/2022\/09\/23-4.jpeg 960w, http:\/\/traba.org\/trabablog\/wp-content\/uploads\/2022\/09\/23-4-225x300.jpeg 225w, http:\/\/traba.org\/trabablog\/wp-content\/uploads\/2022\/09\/23-4-768x1024.jpeg 768w\" sizes=\"auto, (max-width: 960px) 100vw, 960px\" \/><\/a><\/figure>\n\n\n\n<figure class=\"wp-block-image size-large\"><a href=\"http:\/\/www.traba.org\/trabablog\/wp-content\/uploads\/2022\/09\/24-5.jpeg\"><img loading=\"lazy\" decoding=\"async\" width=\"1280\" height=\"960\" data-id=\"20160\" src=\"http:\/\/www.traba.org\/trabablog\/wp-content\/uploads\/2022\/09\/24-5.jpeg\" alt=\"\" class=\"wp-image-20160\" srcset=\"http:\/\/traba.org\/trabablog\/wp-content\/uploads\/2022\/09\/24-5.jpeg 1280w, http:\/\/traba.org\/trabablog\/wp-content\/uploads\/2022\/09\/24-5-300x225.jpeg 300w, http:\/\/traba.org\/trabablog\/wp-content\/uploads\/2022\/09\/24-5-1024x768.jpeg 1024w, http:\/\/traba.org\/trabablog\/wp-content\/uploads\/2022\/09\/24-5-768x576.jpeg 768w\" sizes=\"auto, (max-width: 1280px) 100vw, 1280px\" \/><\/a><\/figure>\n\n\n\n<figure class=\"wp-block-image size-large\"><a href=\"http:\/\/www.traba.org\/trabablog\/wp-content\/uploads\/2022\/09\/25-4.jpeg\"><img loading=\"lazy\" decoding=\"async\" width=\"1280\" height=\"960\" data-id=\"20161\" src=\"http:\/\/www.traba.org\/trabablog\/wp-content\/uploads\/2022\/09\/25-4.jpeg\" alt=\"\" class=\"wp-image-20161\" srcset=\"http:\/\/traba.org\/trabablog\/wp-content\/uploads\/2022\/09\/25-4.jpeg 1280w, http:\/\/traba.org\/trabablog\/wp-content\/uploads\/2022\/09\/25-4-300x225.jpeg 300w, http:\/\/traba.org\/trabablog\/wp-content\/uploads\/2022\/09\/25-4-1024x768.jpeg 1024w, http:\/\/traba.org\/trabablog\/wp-content\/uploads\/2022\/09\/25-4-768x576.jpeg 768w\" sizes=\"auto, (max-width: 1280px) 100vw, 1280px\" \/><\/a><\/figure>\n<\/figure>\n\n\n\n<p>L&#8217;arribada a Fustam \u00e9s incre\u00efble.<\/p>\n\n\n\n<figure class=\"wp-block-image size-large\"><a href=\"http:\/\/www.traba.org\/trabablog\/wp-content\/uploads\/2022\/09\/26-5.jpeg\"><img loading=\"lazy\" decoding=\"async\" width=\"1024\" height=\"768\" src=\"http:\/\/www.traba.org\/trabablog\/wp-content\/uploads\/2022\/09\/26-5-1024x768.jpeg\" alt=\"\" class=\"wp-image-20162\" srcset=\"http:\/\/traba.org\/trabablog\/wp-content\/uploads\/2022\/09\/26-5-1024x768.jpeg 1024w, http:\/\/traba.org\/trabablog\/wp-content\/uploads\/2022\/09\/26-5-300x225.jpeg 300w, http:\/\/traba.org\/trabablog\/wp-content\/uploads\/2022\/09\/26-5-768x576.jpeg 768w, http:\/\/traba.org\/trabablog\/wp-content\/uploads\/2022\/09\/26-5.jpeg 1280w\" sizes=\"auto, (max-width: 1024px) 100vw, 1024px\" \/><\/a><\/figure>\n\n\n\n<p>I la platja tamb\u00e9, transparent i molt en calma.<\/p>\n\n\n\n<figure class=\"wp-block-gallery has-nested-images columns-default is-cropped wp-block-gallery-6 is-layout-flex wp-block-gallery-is-layout-flex\">\n<figure class=\"wp-block-image size-large\"><a href=\"http:\/\/www.traba.org\/trabablog\/wp-content\/uploads\/2022\/09\/27-4.jpeg\"><img loading=\"lazy\" decoding=\"async\" width=\"1280\" height=\"960\" data-id=\"20163\" src=\"http:\/\/www.traba.org\/trabablog\/wp-content\/uploads\/2022\/09\/27-4.jpeg\" alt=\"\" class=\"wp-image-20163\" srcset=\"http:\/\/traba.org\/trabablog\/wp-content\/uploads\/2022\/09\/27-4.jpeg 1280w, http:\/\/traba.org\/trabablog\/wp-content\/uploads\/2022\/09\/27-4-300x225.jpeg 300w, http:\/\/traba.org\/trabablog\/wp-content\/uploads\/2022\/09\/27-4-1024x768.jpeg 1024w, http:\/\/traba.org\/trabablog\/wp-content\/uploads\/2022\/09\/27-4-768x576.jpeg 768w\" sizes=\"auto, (max-width: 1280px) 100vw, 1280px\" \/><\/a><\/figure>\n\n\n\n<figure class=\"wp-block-image size-large\"><a href=\"http:\/\/www.traba.org\/trabablog\/wp-content\/uploads\/2022\/09\/28-4.jpeg\"><img loading=\"lazy\" decoding=\"async\" width=\"1280\" height=\"960\" data-id=\"20164\" src=\"http:\/\/www.traba.org\/trabablog\/wp-content\/uploads\/2022\/09\/28-4.jpeg\" alt=\"\" class=\"wp-image-20164\" srcset=\"http:\/\/traba.org\/trabablog\/wp-content\/uploads\/2022\/09\/28-4.jpeg 1280w, http:\/\/traba.org\/trabablog\/wp-content\/uploads\/2022\/09\/28-4-300x225.jpeg 300w, http:\/\/traba.org\/trabablog\/wp-content\/uploads\/2022\/09\/28-4-1024x768.jpeg 1024w, http:\/\/traba.org\/trabablog\/wp-content\/uploads\/2022\/09\/28-4-768x576.jpeg 768w\" sizes=\"auto, (max-width: 1280px) 100vw, 1280px\" \/><\/a><\/figure>\n\n\n\n<figure class=\"wp-block-image size-large\"><a href=\"http:\/\/www.traba.org\/trabablog\/wp-content\/uploads\/2022\/09\/29-3.jpeg\"><img loading=\"lazy\" decoding=\"async\" width=\"1280\" height=\"960\" data-id=\"20165\" src=\"http:\/\/www.traba.org\/trabablog\/wp-content\/uploads\/2022\/09\/29-3.jpeg\" alt=\"\" class=\"wp-image-20165\" srcset=\"http:\/\/traba.org\/trabablog\/wp-content\/uploads\/2022\/09\/29-3.jpeg 1280w, http:\/\/traba.org\/trabablog\/wp-content\/uploads\/2022\/09\/29-3-300x225.jpeg 300w, http:\/\/traba.org\/trabablog\/wp-content\/uploads\/2022\/09\/29-3-1024x768.jpeg 1024w, http:\/\/traba.org\/trabablog\/wp-content\/uploads\/2022\/09\/29-3-768x576.jpeg 768w\" sizes=\"auto, (max-width: 1280px) 100vw, 1280px\" \/><\/a><\/figure>\n\n\n\n<figure class=\"wp-block-image size-large\"><a href=\"http:\/\/www.traba.org\/trabablog\/wp-content\/uploads\/2022\/09\/30-3.jpeg\"><img loading=\"lazy\" decoding=\"async\" width=\"1280\" height=\"962\" data-id=\"20166\" src=\"http:\/\/www.traba.org\/trabablog\/wp-content\/uploads\/2022\/09\/30-3.jpeg\" alt=\"\" class=\"wp-image-20166\" srcset=\"http:\/\/traba.org\/trabablog\/wp-content\/uploads\/2022\/09\/30-3.jpeg 1280w, http:\/\/traba.org\/trabablog\/wp-content\/uploads\/2022\/09\/30-3-300x225.jpeg 300w, http:\/\/traba.org\/trabablog\/wp-content\/uploads\/2022\/09\/30-3-1024x770.jpeg 1024w, http:\/\/traba.org\/trabablog\/wp-content\/uploads\/2022\/09\/30-3-768x577.jpeg 768w\" sizes=\"auto, (max-width: 1280px) 100vw, 1280px\" \/><\/a><\/figure>\n<\/figure>\n\n\n\n<p>En 10 o 15 minuts m\u00e9s ja s&#8217;arriba a Escorxada, aqu\u00ed el mar es movia una mica m\u00e9s per\u00f2 tamb\u00e9 molt xula i transparent.<\/p>\n\n\n\n<figure class=\"wp-block-gallery has-nested-images columns-default is-cropped wp-block-gallery-7 is-layout-flex wp-block-gallery-is-layout-flex\">\n<figure class=\"wp-block-image size-large\"><a href=\"http:\/\/www.traba.org\/trabablog\/wp-content\/uploads\/2022\/09\/31-4.jpeg\"><img loading=\"lazy\" decoding=\"async\" width=\"1280\" height=\"960\" data-id=\"20167\" src=\"http:\/\/www.traba.org\/trabablog\/wp-content\/uploads\/2022\/09\/31-4.jpeg\" alt=\"\" class=\"wp-image-20167\" srcset=\"http:\/\/traba.org\/trabablog\/wp-content\/uploads\/2022\/09\/31-4.jpeg 1280w, http:\/\/traba.org\/trabablog\/wp-content\/uploads\/2022\/09\/31-4-300x225.jpeg 300w, http:\/\/traba.org\/trabablog\/wp-content\/uploads\/2022\/09\/31-4-1024x768.jpeg 1024w, http:\/\/traba.org\/trabablog\/wp-content\/uploads\/2022\/09\/31-4-768x576.jpeg 768w\" sizes=\"auto, (max-width: 1280px) 100vw, 1280px\" \/><\/a><\/figure>\n\n\n\n<figure class=\"wp-block-image size-large\"><a href=\"http:\/\/www.traba.org\/trabablog\/wp-content\/uploads\/2022\/09\/32-4.jpeg\"><img loading=\"lazy\" decoding=\"async\" width=\"1280\" height=\"960\" data-id=\"20168\" src=\"http:\/\/www.traba.org\/trabablog\/wp-content\/uploads\/2022\/09\/32-4.jpeg\" alt=\"\" class=\"wp-image-20168\" srcset=\"http:\/\/traba.org\/trabablog\/wp-content\/uploads\/2022\/09\/32-4.jpeg 1280w, http:\/\/traba.org\/trabablog\/wp-content\/uploads\/2022\/09\/32-4-300x225.jpeg 300w, http:\/\/traba.org\/trabablog\/wp-content\/uploads\/2022\/09\/32-4-1024x768.jpeg 1024w, http:\/\/traba.org\/trabablog\/wp-content\/uploads\/2022\/09\/32-4-768x576.jpeg 768w\" sizes=\"auto, (max-width: 1280px) 100vw, 1280px\" \/><\/a><\/figure>\n\n\n\n<figure class=\"wp-block-image size-large\"><a href=\"http:\/\/www.traba.org\/trabablog\/wp-content\/uploads\/2022\/09\/33-4.jpeg\"><img loading=\"lazy\" decoding=\"async\" width=\"1280\" height=\"962\" data-id=\"20169\" src=\"http:\/\/www.traba.org\/trabablog\/wp-content\/uploads\/2022\/09\/33-4.jpeg\" alt=\"\" class=\"wp-image-20169\" srcset=\"http:\/\/traba.org\/trabablog\/wp-content\/uploads\/2022\/09\/33-4.jpeg 1280w, http:\/\/traba.org\/trabablog\/wp-content\/uploads\/2022\/09\/33-4-300x225.jpeg 300w, http:\/\/traba.org\/trabablog\/wp-content\/uploads\/2022\/09\/33-4-1024x770.jpeg 1024w, http:\/\/traba.org\/trabablog\/wp-content\/uploads\/2022\/09\/33-4-768x577.jpeg 768w\" sizes=\"auto, (max-width: 1280px) 100vw, 1280px\" \/><\/a><\/figure>\n\n\n\n<figure class=\"wp-block-image size-large\"><a href=\"http:\/\/www.traba.org\/trabablog\/wp-content\/uploads\/2022\/09\/34-4.jpeg\"><img loading=\"lazy\" decoding=\"async\" width=\"1280\" height=\"960\" data-id=\"20170\" src=\"http:\/\/www.traba.org\/trabablog\/wp-content\/uploads\/2022\/09\/34-4.jpeg\" alt=\"\" class=\"wp-image-20170\" srcset=\"http:\/\/traba.org\/trabablog\/wp-content\/uploads\/2022\/09\/34-4.jpeg 1280w, http:\/\/traba.org\/trabablog\/wp-content\/uploads\/2022\/09\/34-4-300x225.jpeg 300w, http:\/\/traba.org\/trabablog\/wp-content\/uploads\/2022\/09\/34-4-1024x768.jpeg 1024w, http:\/\/traba.org\/trabablog\/wp-content\/uploads\/2022\/09\/34-4-768x576.jpeg 768w\" sizes=\"auto, (max-width: 1280px) 100vw, 1280px\" \/><\/a><\/figure>\n\n\n\n<figure class=\"wp-block-image size-large\"><a href=\"http:\/\/www.traba.org\/trabablog\/wp-content\/uploads\/2022\/09\/35-3.jpeg\"><img loading=\"lazy\" decoding=\"async\" width=\"1280\" height=\"960\" data-id=\"20171\" src=\"http:\/\/www.traba.org\/trabablog\/wp-content\/uploads\/2022\/09\/35-3.jpeg\" alt=\"\" class=\"wp-image-20171\" srcset=\"http:\/\/traba.org\/trabablog\/wp-content\/uploads\/2022\/09\/35-3.jpeg 1280w, http:\/\/traba.org\/trabablog\/wp-content\/uploads\/2022\/09\/35-3-300x225.jpeg 300w, http:\/\/traba.org\/trabablog\/wp-content\/uploads\/2022\/09\/35-3-1024x768.jpeg 1024w, http:\/\/traba.org\/trabablog\/wp-content\/uploads\/2022\/09\/35-3-768x576.jpeg 768w\" sizes=\"auto, (max-width: 1280px) 100vw, 1280px\" \/><\/a><\/figure>\n\n\n\n<figure class=\"wp-block-image size-large\"><a href=\"http:\/\/www.traba.org\/trabablog\/wp-content\/uploads\/2022\/09\/36-3.jpeg\"><img loading=\"lazy\" decoding=\"async\" width=\"1280\" height=\"962\" data-id=\"20172\" src=\"http:\/\/www.traba.org\/trabablog\/wp-content\/uploads\/2022\/09\/36-3.jpeg\" alt=\"\" class=\"wp-image-20172\" srcset=\"http:\/\/traba.org\/trabablog\/wp-content\/uploads\/2022\/09\/36-3.jpeg 1280w, http:\/\/traba.org\/trabablog\/wp-content\/uploads\/2022\/09\/36-3-300x225.jpeg 300w, http:\/\/traba.org\/trabablog\/wp-content\/uploads\/2022\/09\/36-3-1024x770.jpeg 1024w, http:\/\/traba.org\/trabablog\/wp-content\/uploads\/2022\/09\/36-3-768x577.jpeg 768w\" sizes=\"auto, (max-width: 1280px) 100vw, 1280px\" \/><\/a><\/figure>\n\n\n\n<figure class=\"wp-block-image size-large\"><a href=\"http:\/\/www.traba.org\/trabablog\/wp-content\/uploads\/2022\/09\/37-3.jpeg\"><img loading=\"lazy\" decoding=\"async\" width=\"1280\" height=\"960\" data-id=\"20173\" src=\"http:\/\/www.traba.org\/trabablog\/wp-content\/uploads\/2022\/09\/37-3.jpeg\" alt=\"\" class=\"wp-image-20173\" srcset=\"http:\/\/traba.org\/trabablog\/wp-content\/uploads\/2022\/09\/37-3.jpeg 1280w, http:\/\/traba.org\/trabablog\/wp-content\/uploads\/2022\/09\/37-3-300x225.jpeg 300w, http:\/\/traba.org\/trabablog\/wp-content\/uploads\/2022\/09\/37-3-1024x768.jpeg 1024w, http:\/\/traba.org\/trabablog\/wp-content\/uploads\/2022\/09\/37-3-768x576.jpeg 768w\" sizes=\"auto, (max-width: 1280px) 100vw, 1280px\" \/><\/a><\/figure>\n\n\n\n<figure class=\"wp-block-image size-large\"><a href=\"http:\/\/www.traba.org\/trabablog\/wp-content\/uploads\/2022\/09\/38-3.jpeg\"><img loading=\"lazy\" decoding=\"async\" width=\"1280\" height=\"960\" data-id=\"20174\" src=\"http:\/\/www.traba.org\/trabablog\/wp-content\/uploads\/2022\/09\/38-3.jpeg\" alt=\"\" class=\"wp-image-20174\" srcset=\"http:\/\/traba.org\/trabablog\/wp-content\/uploads\/2022\/09\/38-3.jpeg 1280w, http:\/\/traba.org\/trabablog\/wp-content\/uploads\/2022\/09\/38-3-300x225.jpeg 300w, http:\/\/traba.org\/trabablog\/wp-content\/uploads\/2022\/09\/38-3-1024x768.jpeg 1024w, http:\/\/traba.org\/trabablog\/wp-content\/uploads\/2022\/09\/38-3-768x576.jpeg 768w\" sizes=\"auto, (max-width: 1280px) 100vw, 1280px\" \/><\/a><\/figure>\n<\/figure>\n\n\n\n<p>I faltava el pitjor tros per arribar a Binigaus, que sempre es fa molt llarg. Ja no hi havia n\u00favols, feia calor i la Lola no aguantava m\u00e9s amb les butllofes pobra. En canvi el Bruno va arribar fresc com una rosa despr\u00e9s de m\u00e9s de 10km.<\/p>\n\n\n\n<figure class=\"wp-block-gallery has-nested-images columns-default is-cropped wp-block-gallery-8 is-layout-flex wp-block-gallery-is-layout-flex\">\n<figure class=\"wp-block-image size-large\"><a href=\"http:\/\/www.traba.org\/trabablog\/wp-content\/uploads\/2022\/09\/39-3.jpeg\"><img loading=\"lazy\" decoding=\"async\" width=\"1280\" height=\"960\" data-id=\"20175\" src=\"http:\/\/www.traba.org\/trabablog\/wp-content\/uploads\/2022\/09\/39-3.jpeg\" alt=\"\" class=\"wp-image-20175\" srcset=\"http:\/\/traba.org\/trabablog\/wp-content\/uploads\/2022\/09\/39-3.jpeg 1280w, http:\/\/traba.org\/trabablog\/wp-content\/uploads\/2022\/09\/39-3-300x225.jpeg 300w, http:\/\/traba.org\/trabablog\/wp-content\/uploads\/2022\/09\/39-3-1024x768.jpeg 1024w, http:\/\/traba.org\/trabablog\/wp-content\/uploads\/2022\/09\/39-3-768x576.jpeg 768w\" sizes=\"auto, (max-width: 1280px) 100vw, 1280px\" \/><\/a><\/figure>\n\n\n\n<figure class=\"wp-block-image size-large\"><a href=\"http:\/\/www.traba.org\/trabablog\/wp-content\/uploads\/2022\/09\/40-3.jpeg\"><img loading=\"lazy\" decoding=\"async\" width=\"960\" height=\"1280\" data-id=\"20176\" src=\"http:\/\/www.traba.org\/trabablog\/wp-content\/uploads\/2022\/09\/40-3.jpeg\" alt=\"\" class=\"wp-image-20176\" srcset=\"http:\/\/traba.org\/trabablog\/wp-content\/uploads\/2022\/09\/40-3.jpeg 960w, http:\/\/traba.org\/trabablog\/wp-content\/uploads\/2022\/09\/40-3-225x300.jpeg 225w, http:\/\/traba.org\/trabablog\/wp-content\/uploads\/2022\/09\/40-3-768x1024.jpeg 768w\" sizes=\"auto, (max-width: 960px) 100vw, 960px\" \/><\/a><\/figure>\n\n\n\n<figure class=\"wp-block-image size-large\"><a href=\"http:\/\/www.traba.org\/trabablog\/wp-content\/uploads\/2022\/09\/41-3.jpeg\"><img loading=\"lazy\" decoding=\"async\" width=\"1280\" height=\"960\" data-id=\"20177\" src=\"http:\/\/www.traba.org\/trabablog\/wp-content\/uploads\/2022\/09\/41-3.jpeg\" alt=\"\" class=\"wp-image-20177\" srcset=\"http:\/\/traba.org\/trabablog\/wp-content\/uploads\/2022\/09\/41-3.jpeg 1280w, http:\/\/traba.org\/trabablog\/wp-content\/uploads\/2022\/09\/41-3-300x225.jpeg 300w, http:\/\/traba.org\/trabablog\/wp-content\/uploads\/2022\/09\/41-3-1024x768.jpeg 1024w, http:\/\/traba.org\/trabablog\/wp-content\/uploads\/2022\/09\/41-3-768x576.jpeg 768w\" sizes=\"auto, (max-width: 1280px) 100vw, 1280px\" \/><\/a><\/figure>\n\n\n\n<figure class=\"wp-block-image size-large\"><a href=\"http:\/\/www.traba.org\/trabablog\/wp-content\/uploads\/2022\/09\/42-3.jpeg\"><img loading=\"lazy\" decoding=\"async\" width=\"1280\" height=\"960\" data-id=\"20178\" src=\"http:\/\/www.traba.org\/trabablog\/wp-content\/uploads\/2022\/09\/42-3.jpeg\" alt=\"\" class=\"wp-image-20178\" srcset=\"http:\/\/traba.org\/trabablog\/wp-content\/uploads\/2022\/09\/42-3.jpeg 1280w, http:\/\/traba.org\/trabablog\/wp-content\/uploads\/2022\/09\/42-3-300x225.jpeg 300w, http:\/\/traba.org\/trabablog\/wp-content\/uploads\/2022\/09\/42-3-1024x768.jpeg 1024w, http:\/\/traba.org\/trabablog\/wp-content\/uploads\/2022\/09\/42-3-768x576.jpeg 768w\" sizes=\"auto, (max-width: 1280px) 100vw, 1280px\" \/><\/a><\/figure>\n\n\n\n<figure class=\"wp-block-image size-large\"><a href=\"http:\/\/www.traba.org\/trabablog\/wp-content\/uploads\/2022\/09\/43-2.jpeg\"><img loading=\"lazy\" decoding=\"async\" width=\"1280\" height=\"960\" data-id=\"20179\" src=\"http:\/\/www.traba.org\/trabablog\/wp-content\/uploads\/2022\/09\/43-2.jpeg\" alt=\"\" class=\"wp-image-20179\" srcset=\"http:\/\/traba.org\/trabablog\/wp-content\/uploads\/2022\/09\/43-2.jpeg 1280w, http:\/\/traba.org\/trabablog\/wp-content\/uploads\/2022\/09\/43-2-300x225.jpeg 300w, http:\/\/traba.org\/trabablog\/wp-content\/uploads\/2022\/09\/43-2-1024x768.jpeg 1024w, http:\/\/traba.org\/trabablog\/wp-content\/uploads\/2022\/09\/43-2-768x576.jpeg 768w\" sizes=\"auto, (max-width: 1280px) 100vw, 1280px\" \/><\/a><\/figure>\n\n\n\n<figure class=\"wp-block-image size-large\"><a href=\"http:\/\/www.traba.org\/trabablog\/wp-content\/uploads\/2022\/09\/44-2.jpeg\"><img loading=\"lazy\" decoding=\"async\" width=\"1280\" height=\"960\" data-id=\"20180\" src=\"http:\/\/www.traba.org\/trabablog\/wp-content\/uploads\/2022\/09\/44-2.jpeg\" alt=\"\" class=\"wp-image-20180\" srcset=\"http:\/\/traba.org\/trabablog\/wp-content\/uploads\/2022\/09\/44-2.jpeg 1280w, http:\/\/traba.org\/trabablog\/wp-content\/uploads\/2022\/09\/44-2-300x225.jpeg 300w, http:\/\/traba.org\/trabablog\/wp-content\/uploads\/2022\/09\/44-2-1024x768.jpeg 1024w, http:\/\/traba.org\/trabablog\/wp-content\/uploads\/2022\/09\/44-2-768x576.jpeg 768w\" sizes=\"auto, (max-width: 1280px) 100vw, 1280px\" \/><\/a><\/figure>\n\n\n\n<figure class=\"wp-block-image size-large\"><a href=\"http:\/\/www.traba.org\/trabablog\/wp-content\/uploads\/2022\/09\/45-1.jpeg\"><img loading=\"lazy\" decoding=\"async\" width=\"1280\" height=\"960\" data-id=\"20181\" src=\"http:\/\/www.traba.org\/trabablog\/wp-content\/uploads\/2022\/09\/45-1.jpeg\" alt=\"\" class=\"wp-image-20181\" srcset=\"http:\/\/traba.org\/trabablog\/wp-content\/uploads\/2022\/09\/45-1.jpeg 1280w, http:\/\/traba.org\/trabablog\/wp-content\/uploads\/2022\/09\/45-1-300x225.jpeg 300w, http:\/\/traba.org\/trabablog\/wp-content\/uploads\/2022\/09\/45-1-1024x768.jpeg 1024w, http:\/\/traba.org\/trabablog\/wp-content\/uploads\/2022\/09\/45-1-768x576.jpeg 768w\" sizes=\"auto, (max-width: 1280px) 100vw, 1280px\" \/><\/a><\/figure>\n\n\n\n<figure class=\"wp-block-image size-large\"><a href=\"http:\/\/www.traba.org\/trabablog\/wp-content\/uploads\/2022\/09\/46.jpeg\"><img loading=\"lazy\" decoding=\"async\" width=\"1280\" height=\"960\" data-id=\"20182\" src=\"http:\/\/www.traba.org\/trabablog\/wp-content\/uploads\/2022\/09\/46.jpeg\" alt=\"\" class=\"wp-image-20182\" srcset=\"http:\/\/traba.org\/trabablog\/wp-content\/uploads\/2022\/09\/46.jpeg 1280w, http:\/\/traba.org\/trabablog\/wp-content\/uploads\/2022\/09\/46-300x225.jpeg 300w, http:\/\/traba.org\/trabablog\/wp-content\/uploads\/2022\/09\/46-1024x768.jpeg 1024w, http:\/\/traba.org\/trabablog\/wp-content\/uploads\/2022\/09\/46-768x576.jpeg 768w\" sizes=\"auto, (max-width: 1280px) 100vw, 1280px\" \/><\/a><\/figure>\n\n\n\n<figure class=\"wp-block-image size-large\"><a href=\"http:\/\/www.traba.org\/trabablog\/wp-content\/uploads\/2022\/09\/47.jpeg\"><img loading=\"lazy\" decoding=\"async\" width=\"1280\" height=\"960\" data-id=\"20183\" src=\"http:\/\/www.traba.org\/trabablog\/wp-content\/uploads\/2022\/09\/47.jpeg\" alt=\"\" class=\"wp-image-20183\" srcset=\"http:\/\/traba.org\/trabablog\/wp-content\/uploads\/2022\/09\/47.jpeg 1280w, http:\/\/traba.org\/trabablog\/wp-content\/uploads\/2022\/09\/47-300x225.jpeg 300w, http:\/\/traba.org\/trabablog\/wp-content\/uploads\/2022\/09\/47-1024x768.jpeg 1024w, http:\/\/traba.org\/trabablog\/wp-content\/uploads\/2022\/09\/47-768x576.jpeg 768w\" sizes=\"auto, (max-width: 1280px) 100vw, 1280px\" \/><\/a><\/figure>\n<\/figure>\n\n\n\n<p>Per compensar, bany tots junts a Binigaus i sopar al xiringuito de Sant Tom\u00e0s.<\/p>\n\n\n\n<figure class=\"wp-block-gallery has-nested-images columns-default is-cropped wp-block-gallery-9 is-layout-flex wp-block-gallery-is-layout-flex\">\n<figure class=\"wp-block-image size-large\"><a href=\"http:\/\/www.traba.org\/trabablog\/wp-content\/uploads\/2022\/09\/48.jpeg\"><img loading=\"lazy\" decoding=\"async\" width=\"1280\" height=\"960\" data-id=\"20184\" src=\"http:\/\/www.traba.org\/trabablog\/wp-content\/uploads\/2022\/09\/48.jpeg\" alt=\"\" class=\"wp-image-20184\" srcset=\"http:\/\/traba.org\/trabablog\/wp-content\/uploads\/2022\/09\/48.jpeg 1280w, http:\/\/traba.org\/trabablog\/wp-content\/uploads\/2022\/09\/48-300x225.jpeg 300w, http:\/\/traba.org\/trabablog\/wp-content\/uploads\/2022\/09\/48-1024x768.jpeg 1024w, http:\/\/traba.org\/trabablog\/wp-content\/uploads\/2022\/09\/48-768x576.jpeg 768w\" sizes=\"auto, (max-width: 1280px) 100vw, 1280px\" \/><\/a><\/figure>\n<\/figure>\n\n\n\n<p>Per ordre de prefer\u00e8ncia, els nens diuen Escorxada-Trebal\u00fager-Fustam i jo diria Fustam-Trebal\u00fager-Escorxada. Sigui com sigui, totes 3 estaven espectaculars aquell dia, i sent agost no hi havia pr\u00e0cticament ning\u00fa. La veritat \u00e9s que no recordava les platges tan maques ni el cam\u00ed tan cansat, el meu cervell havia fet una mitjana \ud83d\ude09<\/p>\n","protected":false},"excerpt":{"rendered":"<p>Deixem per l&#8217;\u00faltim post algunes de les millors cales de Menorca, en la nostra humil opini\u00f3. Es tracta de Trebal\u00fager, Fustam i Escorxada, totes 3 inaccessibles en cotxe. A la&#8230;<\/p>\n","protected":false},"author":2,"featured_media":20147,"comment_status":"open","ping_status":"open","sticky":false,"template":"","format":"standard","meta":{"_monsterinsights_skip_tracking":false,"_monsterinsights_sitenote_active":false,"_monsterinsights_sitenote_note":"","_monsterinsights_sitenote_category":0,"footnotes":""},"categories":[175,167,4],"tags":[],"class_list":["post-19895","post","type-post","status-publish","format-standard","has-post-thumbnail","hentry","category-caracol-2022","category-menorca-2022","category-vacances"],"_links":{"self":[{"href":"http:\/\/traba.org\/trabablog\/index.php?rest_route=\/wp\/v2\/posts\/19895","targetHints":{"allow":["GET"]}}],"collection":[{"href":"http:\/\/traba.org\/trabablog\/index.php?rest_route=\/wp\/v2\/posts"}],"about":[{"href":"http:\/\/traba.org\/trabablog\/index.php?rest_route=\/wp\/v2\/types\/post"}],"author":[{"embeddable":true,"href":"http:\/\/traba.org\/trabablog\/index.php?rest_route=\/wp\/v2\/users\/2"}],"replies":[{"embeddable":true,"href":"http:\/\/traba.org\/trabablog\/index.php?rest_route=%2Fwp%2Fv2%2Fcomments&post=19895"}],"version-history":[{"count":11,"href":"http:\/\/traba.org\/trabablog\/index.php?rest_route=\/wp\/v2\/posts\/19895\/revisions"}],"predecessor-version":[{"id":20188,"href":"http:\/\/traba.org\/trabablog\/index.php?rest_route=\/wp\/v2\/posts\/19895\/revisions\/20188"}],"wp:featuredmedia":[{"embeddable":true,"href":"http:\/\/traba.org\/trabablog\/index.php?rest_route=\/wp\/v2\/media\/20147"}],"wp:attachment":[{"href":"http:\/\/traba.org\/trabablog\/index.php?rest_route=%2Fwp%2Fv2%2Fmedia&parent=19895"}],"wp:term":[{"taxonomy":"category","embeddable":true,"href":"http:\/\/traba.org\/trabablog\/index.php?rest_route=%2Fwp%2Fv2%2Fcategories&post=19895"},{"taxonomy":"post_tag","embeddable":true,"href":"http:\/\/traba.org\/trabablog\/index.php?rest_route=%2Fwp%2Fv2%2Ftags&post=19895"}],"curies":[{"name":"wp","href":"https:\/\/api.w.org\/{rel}","templated":true}]}}