{"id":20494,"date":"2023-01-29T13:11:44","date_gmt":"2023-01-29T12:11:44","guid":{"rendered":"http:\/\/www.traba.org\/trabablog\/?p=20494"},"modified":"2023-01-29T13:11:44","modified_gmt":"2023-01-29T12:11:44","slug":"juny-22","status":"publish","type":"post","link":"http:\/\/traba.org\/trabablog\/?p=20494","title":{"rendered":"Juny 22"},"content":{"rendered":"<p>Compis del F\u00e8lix<\/p>\n<p><img loading=\"lazy\" decoding=\"async\" class=\"aligncenter size-large wp-image-20495\" src=\"http:\/\/www.traba.org\/trabablog\/wp-content\/uploads\/2023\/01\/1-1-1024x768.jpeg\" alt=\"\" width=\"952\" height=\"714\" srcset=\"http:\/\/traba.org\/trabablog\/wp-content\/uploads\/2023\/01\/1-1-1024x768.jpeg 1024w, http:\/\/traba.org\/trabablog\/wp-content\/uploads\/2023\/01\/1-1-300x225.jpeg 300w, http:\/\/traba.org\/trabablog\/wp-content\/uploads\/2023\/01\/1-1-768x576.jpeg 768w, http:\/\/traba.org\/trabablog\/wp-content\/uploads\/2023\/01\/1-1.jpeg 1280w\" sizes=\"auto, (max-width: 952px) 100vw, 952px\" \/><\/p>\n<p>A la pla\u00e7a de la Merc\u00e8<\/p>\n<p><img loading=\"lazy\" decoding=\"async\" class=\"aligncenter size-large wp-image-20496\" src=\"http:\/\/www.traba.org\/trabablog\/wp-content\/uploads\/2023\/01\/2-1-576x1024.jpeg\" alt=\"\" width=\"576\" height=\"1024\" srcset=\"http:\/\/traba.org\/trabablog\/wp-content\/uploads\/2023\/01\/2-1-576x1024.jpeg 576w, http:\/\/traba.org\/trabablog\/wp-content\/uploads\/2023\/01\/2-1-169x300.jpeg 169w, http:\/\/traba.org\/trabablog\/wp-content\/uploads\/2023\/01\/2-1.jpeg 720w\" sizes=\"auto, (max-width: 576px) 100vw, 576px\" \/><\/p>\n<p>Al CNAB, que ja fa molta calor<\/p>\n<p><img loading=\"lazy\" decoding=\"async\" class=\"aligncenter size-large wp-image-20497\" src=\"http:\/\/www.traba.org\/trabablog\/wp-content\/uploads\/2023\/01\/3-1-1024x576.jpeg\" alt=\"\" width=\"952\" height=\"536\" srcset=\"http:\/\/traba.org\/trabablog\/wp-content\/uploads\/2023\/01\/3-1-1024x576.jpeg 1024w, http:\/\/traba.org\/trabablog\/wp-content\/uploads\/2023\/01\/3-1-300x169.jpeg 300w, http:\/\/traba.org\/trabablog\/wp-content\/uploads\/2023\/01\/3-1-768x432.jpeg 768w, http:\/\/traba.org\/trabablog\/wp-content\/uploads\/2023\/01\/3-1.jpeg 1280w\" sizes=\"auto, (max-width: 952px) 100vw, 952px\" \/><\/p>\n<p>Al Tibidabo<\/p>\n<p><img loading=\"lazy\" decoding=\"async\" class=\"aligncenter size-large wp-image-20498\" src=\"http:\/\/www.traba.org\/trabablog\/wp-content\/uploads\/2023\/01\/4-1-1024x576.jpeg\" alt=\"\" width=\"952\" height=\"536\" srcset=\"http:\/\/traba.org\/trabablog\/wp-content\/uploads\/2023\/01\/4-1-1024x576.jpeg 1024w, http:\/\/traba.org\/trabablog\/wp-content\/uploads\/2023\/01\/4-1-300x169.jpeg 300w, http:\/\/traba.org\/trabablog\/wp-content\/uploads\/2023\/01\/4-1-768x432.jpeg 768w, http:\/\/traba.org\/trabablog\/wp-content\/uploads\/2023\/01\/4-1.jpeg 1280w\" sizes=\"auto, (max-width: 952px) 100vw, 952px\" \/><\/p>\n<p>Tornant de b\u00e0squet<\/p>\n<p><img loading=\"lazy\" decoding=\"async\" class=\"aligncenter size-large wp-image-20499\" src=\"http:\/\/www.traba.org\/trabablog\/wp-content\/uploads\/2023\/01\/5-1-1024x768.jpeg\" alt=\"\" width=\"952\" height=\"714\" srcset=\"http:\/\/traba.org\/trabablog\/wp-content\/uploads\/2023\/01\/5-1-1024x768.jpeg 1024w, http:\/\/traba.org\/trabablog\/wp-content\/uploads\/2023\/01\/5-1-300x225.jpeg 300w, http:\/\/traba.org\/trabablog\/wp-content\/uploads\/2023\/01\/5-1-768x576.jpeg 768w, http:\/\/traba.org\/trabablog\/wp-content\/uploads\/2023\/01\/5-1.jpeg 1280w\" sizes=\"auto, (max-width: 952px) 100vw, 952px\" \/><\/p>\n<p>Al Joventut<\/p>\n<p><img loading=\"lazy\" decoding=\"async\" class=\"aligncenter size-large wp-image-20500\" src=\"http:\/\/www.traba.org\/trabablog\/wp-content\/uploads\/2023\/01\/6-1-1024x768.jpeg\" alt=\"\" width=\"952\" height=\"714\" srcset=\"http:\/\/traba.org\/trabablog\/wp-content\/uploads\/2023\/01\/6-1-1024x768.jpeg 1024w, http:\/\/traba.org\/trabablog\/wp-content\/uploads\/2023\/01\/6-1-300x225.jpeg 300w, http:\/\/traba.org\/trabablog\/wp-content\/uploads\/2023\/01\/6-1-768x576.jpeg 768w, http:\/\/traba.org\/trabablog\/wp-content\/uploads\/2023\/01\/6-1.jpeg 1280w\" sizes=\"auto, (max-width: 952px) 100vw, 952px\" \/><\/p>\n<p>Anant a la piscina<\/p>\n<p><img loading=\"lazy\" decoding=\"async\" class=\"aligncenter size-large wp-image-20501\" src=\"http:\/\/www.traba.org\/trabablog\/wp-content\/uploads\/2023\/01\/7-1-1024x576.jpeg\" alt=\"\" width=\"952\" height=\"536\" srcset=\"http:\/\/traba.org\/trabablog\/wp-content\/uploads\/2023\/01\/7-1-1024x576.jpeg 1024w, http:\/\/traba.org\/trabablog\/wp-content\/uploads\/2023\/01\/7-1-300x169.jpeg 300w, http:\/\/traba.org\/trabablog\/wp-content\/uploads\/2023\/01\/7-1-768x432.jpeg 768w, http:\/\/traba.org\/trabablog\/wp-content\/uploads\/2023\/01\/7-1.jpeg 1280w\" sizes=\"auto, (max-width: 952px) 100vw, 952px\" \/><\/p>\n<p>Festa Holi al Pati Llimona<\/p>\n<p><img loading=\"lazy\" decoding=\"async\" class=\"aligncenter size-large wp-image-20502\" src=\"http:\/\/www.traba.org\/trabablog\/wp-content\/uploads\/2023\/01\/8-1-768x1024.jpeg\" alt=\"\" width=\"768\" height=\"1024\" srcset=\"http:\/\/traba.org\/trabablog\/wp-content\/uploads\/2023\/01\/8-1-768x1024.jpeg 768w, http:\/\/traba.org\/trabablog\/wp-content\/uploads\/2023\/01\/8-1-225x300.jpeg 225w, http:\/\/traba.org\/trabablog\/wp-content\/uploads\/2023\/01\/8-1.jpeg 960w\" sizes=\"auto, (max-width: 768px) 100vw, 768px\" \/><\/p>\n<p>L&#8217;ou com balla<\/p>\n<p><img loading=\"lazy\" decoding=\"async\" class=\"aligncenter size-large wp-image-20503\" src=\"http:\/\/www.traba.org\/trabablog\/wp-content\/uploads\/2023\/01\/9-1-1024x576.jpeg\" alt=\"\" width=\"952\" height=\"536\" srcset=\"http:\/\/traba.org\/trabablog\/wp-content\/uploads\/2023\/01\/9-1-1024x576.jpeg 1024w, http:\/\/traba.org\/trabablog\/wp-content\/uploads\/2023\/01\/9-1-300x169.jpeg 300w, http:\/\/traba.org\/trabablog\/wp-content\/uploads\/2023\/01\/9-1-768x432.jpeg 768w, http:\/\/traba.org\/trabablog\/wp-content\/uploads\/2023\/01\/9-1.jpeg 1280w\" sizes=\"auto, (max-width: 952px) 100vw, 952px\" \/><\/p>\n<p>Cap a la festa Holi 2<\/p>\n<p><img loading=\"lazy\" decoding=\"async\" class=\"aligncenter size-large wp-image-20504\" src=\"http:\/\/www.traba.org\/trabablog\/wp-content\/uploads\/2023\/01\/10-1-768x1024.jpeg\" alt=\"\" width=\"768\" height=\"1024\" srcset=\"http:\/\/traba.org\/trabablog\/wp-content\/uploads\/2023\/01\/10-1-768x1024.jpeg 768w, http:\/\/traba.org\/trabablog\/wp-content\/uploads\/2023\/01\/10-1-225x300.jpeg 225w, http:\/\/traba.org\/trabablog\/wp-content\/uploads\/2023\/01\/10-1.jpeg 960w\" sizes=\"auto, (max-width: 768px) 100vw, 768px\" \/> <img loading=\"lazy\" decoding=\"async\" class=\"aligncenter size-large wp-image-20505\" src=\"http:\/\/www.traba.org\/trabablog\/wp-content\/uploads\/2023\/01\/11-1-576x1024.jpeg\" alt=\"\" width=\"576\" height=\"1024\" srcset=\"http:\/\/traba.org\/trabablog\/wp-content\/uploads\/2023\/01\/11-1-576x1024.jpeg 576w, http:\/\/traba.org\/trabablog\/wp-content\/uploads\/2023\/01\/11-1-169x300.jpeg 169w, http:\/\/traba.org\/trabablog\/wp-content\/uploads\/2023\/01\/11-1.jpeg 720w\" sizes=\"auto, (max-width: 576px) 100vw, 576px\" \/><\/p>\n<p>Festa de pares de l&#8217;Escola<\/p>\n<p><img loading=\"lazy\" decoding=\"async\" class=\"aligncenter size-large wp-image-20506\" src=\"http:\/\/www.traba.org\/trabablog\/wp-content\/uploads\/2023\/01\/12-1-1024x576.jpeg\" alt=\"\" width=\"952\" height=\"536\" srcset=\"http:\/\/traba.org\/trabablog\/wp-content\/uploads\/2023\/01\/12-1-1024x576.jpeg 1024w, http:\/\/traba.org\/trabablog\/wp-content\/uploads\/2023\/01\/12-1-300x169.jpeg 300w, http:\/\/traba.org\/trabablog\/wp-content\/uploads\/2023\/01\/12-1-768x432.jpeg 768w, http:\/\/traba.org\/trabablog\/wp-content\/uploads\/2023\/01\/12-1.jpeg 1280w\" sizes=\"auto, (max-width: 952px) 100vw, 952px\" \/><\/p>\n<p>I nit al Pati Llimona<\/p>\n<p><img loading=\"lazy\" decoding=\"async\" class=\"aligncenter size-large wp-image-20507\" src=\"http:\/\/www.traba.org\/trabablog\/wp-content\/uploads\/2023\/01\/13-1-576x1024.jpeg\" alt=\"\" width=\"576\" height=\"1024\" srcset=\"http:\/\/traba.org\/trabablog\/wp-content\/uploads\/2023\/01\/13-1-576x1024.jpeg 576w, http:\/\/traba.org\/trabablog\/wp-content\/uploads\/2023\/01\/13-1-169x300.jpeg 169w, http:\/\/traba.org\/trabablog\/wp-content\/uploads\/2023\/01\/13-1.jpeg 720w\" sizes=\"auto, (max-width: 576px) 100vw, 576px\" \/><\/p>\n<p>Volley a Bogatell<\/p>\n<p><img loading=\"lazy\" decoding=\"async\" class=\"aligncenter size-large wp-image-20508\" src=\"http:\/\/www.traba.org\/trabablog\/wp-content\/uploads\/2023\/01\/14-1-1024x576.jpeg\" alt=\"\" width=\"952\" height=\"536\" srcset=\"http:\/\/traba.org\/trabablog\/wp-content\/uploads\/2023\/01\/14-1-1024x576.jpeg 1024w, http:\/\/traba.org\/trabablog\/wp-content\/uploads\/2023\/01\/14-1-300x169.jpeg 300w, http:\/\/traba.org\/trabablog\/wp-content\/uploads\/2023\/01\/14-1-768x432.jpeg 768w, http:\/\/traba.org\/trabablog\/wp-content\/uploads\/2023\/01\/14-1.jpeg 1280w\" sizes=\"auto, (max-width: 952px) 100vw, 952px\" \/> <img loading=\"lazy\" decoding=\"async\" class=\"aligncenter size-large wp-image-20509\" src=\"http:\/\/www.traba.org\/trabablog\/wp-content\/uploads\/2023\/01\/15-1-1024x576.jpeg\" alt=\"\" width=\"952\" height=\"536\" srcset=\"http:\/\/traba.org\/trabablog\/wp-content\/uploads\/2023\/01\/15-1-1024x576.jpeg 1024w, http:\/\/traba.org\/trabablog\/wp-content\/uploads\/2023\/01\/15-1-300x169.jpeg 300w, http:\/\/traba.org\/trabablog\/wp-content\/uploads\/2023\/01\/15-1-768x432.jpeg 768w, http:\/\/traba.org\/trabablog\/wp-content\/uploads\/2023\/01\/15-1.jpeg 1280w\" sizes=\"auto, (max-width: 952px) 100vw, 952px\" \/> <img loading=\"lazy\" decoding=\"async\" class=\"aligncenter size-large wp-image-20510\" src=\"http:\/\/www.traba.org\/trabablog\/wp-content\/uploads\/2023\/01\/16-1-1024x576.jpeg\" alt=\"\" width=\"952\" height=\"536\" srcset=\"http:\/\/traba.org\/trabablog\/wp-content\/uploads\/2023\/01\/16-1-1024x576.jpeg 1024w, http:\/\/traba.org\/trabablog\/wp-content\/uploads\/2023\/01\/16-1-300x169.jpeg 300w, http:\/\/traba.org\/trabablog\/wp-content\/uploads\/2023\/01\/16-1-768x432.jpeg 768w, http:\/\/traba.org\/trabablog\/wp-content\/uploads\/2023\/01\/16-1.jpeg 1280w\" sizes=\"auto, (max-width: 952px) 100vw, 952px\" \/><\/p>\n<p>Corrent<\/p>\n<p><img loading=\"lazy\" decoding=\"async\" class=\"aligncenter size-large wp-image-20511\" src=\"http:\/\/www.traba.org\/trabablog\/wp-content\/uploads\/2023\/01\/17-1-1024x576.jpeg\" alt=\"\" width=\"952\" height=\"536\" srcset=\"http:\/\/traba.org\/trabablog\/wp-content\/uploads\/2023\/01\/17-1-1024x576.jpeg 1024w, http:\/\/traba.org\/trabablog\/wp-content\/uploads\/2023\/01\/17-1-300x169.jpeg 300w, http:\/\/traba.org\/trabablog\/wp-content\/uploads\/2023\/01\/17-1-768x432.jpeg 768w, http:\/\/traba.org\/trabablog\/wp-content\/uploads\/2023\/01\/17-1.jpeg 1280w\" sizes=\"auto, (max-width: 952px) 100vw, 952px\" \/><\/p>\n<p>Pizza time<\/p>\n<p><img loading=\"lazy\" decoding=\"async\" class=\"aligncenter size-large wp-image-20512\" src=\"http:\/\/www.traba.org\/trabablog\/wp-content\/uploads\/2023\/01\/18-1-1024x576.jpeg\" alt=\"\" width=\"952\" height=\"536\" srcset=\"http:\/\/traba.org\/trabablog\/wp-content\/uploads\/2023\/01\/18-1-1024x576.jpeg 1024w, http:\/\/traba.org\/trabablog\/wp-content\/uploads\/2023\/01\/18-1-300x169.jpeg 300w, http:\/\/traba.org\/trabablog\/wp-content\/uploads\/2023\/01\/18-1-768x432.jpeg 768w, http:\/\/traba.org\/trabablog\/wp-content\/uploads\/2023\/01\/18-1.jpeg 1280w\" sizes=\"auto, (max-width: 952px) 100vw, 952px\" \/><\/p>\n<p>A la feina dels pares<\/p>\n<p><img loading=\"lazy\" decoding=\"async\" class=\"aligncenter size-large wp-image-20513\" src=\"http:\/\/www.traba.org\/trabablog\/wp-content\/uploads\/2023\/01\/19-1-1024x768.jpeg\" alt=\"\" width=\"952\" height=\"714\" srcset=\"http:\/\/traba.org\/trabablog\/wp-content\/uploads\/2023\/01\/19-1-1024x768.jpeg 1024w, http:\/\/traba.org\/trabablog\/wp-content\/uploads\/2023\/01\/19-1-300x225.jpeg 300w, http:\/\/traba.org\/trabablog\/wp-content\/uploads\/2023\/01\/19-1-768x576.jpeg 768w, http:\/\/traba.org\/trabablog\/wp-content\/uploads\/2023\/01\/19-1.jpeg 1280w\" sizes=\"auto, (max-width: 952px) 100vw, 952px\" \/><\/p>\n<p>Jugant a casa amb convidats<\/p>\n<p><img loading=\"lazy\" decoding=\"async\" class=\"aligncenter size-large wp-image-20514\" src=\"http:\/\/www.traba.org\/trabablog\/wp-content\/uploads\/2023\/01\/20-1-1024x576.jpeg\" alt=\"\" width=\"952\" height=\"536\" srcset=\"http:\/\/traba.org\/trabablog\/wp-content\/uploads\/2023\/01\/20-1-1024x576.jpeg 1024w, http:\/\/traba.org\/trabablog\/wp-content\/uploads\/2023\/01\/20-1-300x169.jpeg 300w, http:\/\/traba.org\/trabablog\/wp-content\/uploads\/2023\/01\/20-1-768x432.jpeg 768w, http:\/\/traba.org\/trabablog\/wp-content\/uploads\/2023\/01\/20-1.jpeg 1280w\" sizes=\"auto, (max-width: 952px) 100vw, 952px\" \/><\/p>\n<p>Sant Joan a Fonolleres<\/p>\n<p><img loading=\"lazy\" decoding=\"async\" class=\"aligncenter size-large wp-image-20515\" src=\"http:\/\/www.traba.org\/trabablog\/wp-content\/uploads\/2023\/01\/21-1-768x1024.jpeg\" alt=\"\" width=\"768\" height=\"1024\" srcset=\"http:\/\/traba.org\/trabablog\/wp-content\/uploads\/2023\/01\/21-1-768x1024.jpeg 768w, http:\/\/traba.org\/trabablog\/wp-content\/uploads\/2023\/01\/21-1-225x300.jpeg 225w, http:\/\/traba.org\/trabablog\/wp-content\/uploads\/2023\/01\/21-1.jpeg 960w\" sizes=\"auto, (max-width: 768px) 100vw, 768px\" \/> <img loading=\"lazy\" decoding=\"async\" class=\"aligncenter size-large wp-image-20516\" src=\"http:\/\/www.traba.org\/trabablog\/wp-content\/uploads\/2023\/01\/22-1-1024x768.jpeg\" alt=\"\" width=\"952\" height=\"714\" srcset=\"http:\/\/traba.org\/trabablog\/wp-content\/uploads\/2023\/01\/22-1-1024x768.jpeg 1024w, http:\/\/traba.org\/trabablog\/wp-content\/uploads\/2023\/01\/22-1-300x225.jpeg 300w, http:\/\/traba.org\/trabablog\/wp-content\/uploads\/2023\/01\/22-1-768x576.jpeg 768w, http:\/\/traba.org\/trabablog\/wp-content\/uploads\/2023\/01\/22-1.jpeg 1280w\" sizes=\"auto, (max-width: 952px) 100vw, 952px\" \/><\/p>\n<p>Palafrugell<\/p>\n<p><img loading=\"lazy\" decoding=\"async\" class=\"aligncenter size-large wp-image-20517\" src=\"http:\/\/www.traba.org\/trabablog\/wp-content\/uploads\/2023\/01\/23-1-1024x576.jpeg\" alt=\"\" width=\"952\" height=\"536\" srcset=\"http:\/\/traba.org\/trabablog\/wp-content\/uploads\/2023\/01\/23-1-1024x576.jpeg 1024w, http:\/\/traba.org\/trabablog\/wp-content\/uploads\/2023\/01\/23-1-300x169.jpeg 300w, http:\/\/traba.org\/trabablog\/wp-content\/uploads\/2023\/01\/23-1-768x432.jpeg 768w, http:\/\/traba.org\/trabablog\/wp-content\/uploads\/2023\/01\/23-1.jpeg 1280w\" sizes=\"auto, (max-width: 952px) 100vw, 952px\" \/> <img loading=\"lazy\" decoding=\"async\" class=\"aligncenter size-large wp-image-20518\" src=\"http:\/\/www.traba.org\/trabablog\/wp-content\/uploads\/2023\/01\/24-1024x576.jpeg\" alt=\"\" width=\"952\" height=\"536\" srcset=\"http:\/\/traba.org\/trabablog\/wp-content\/uploads\/2023\/01\/24-1024x576.jpeg 1024w, http:\/\/traba.org\/trabablog\/wp-content\/uploads\/2023\/01\/24-300x169.jpeg 300w, http:\/\/traba.org\/trabablog\/wp-content\/uploads\/2023\/01\/24-768x432.jpeg 768w, http:\/\/traba.org\/trabablog\/wp-content\/uploads\/2023\/01\/24.jpeg 1280w\" sizes=\"auto, (max-width: 952px) 100vw, 952px\" \/> <img loading=\"lazy\" decoding=\"async\" class=\"aligncenter size-large wp-image-20519\" src=\"http:\/\/www.traba.org\/trabablog\/wp-content\/uploads\/2023\/01\/25-1-576x1024.jpeg\" alt=\"\" width=\"576\" height=\"1024\" srcset=\"http:\/\/traba.org\/trabablog\/wp-content\/uploads\/2023\/01\/25-1-576x1024.jpeg 576w, http:\/\/traba.org\/trabablog\/wp-content\/uploads\/2023\/01\/25-1-169x300.jpeg 169w, http:\/\/traba.org\/trabablog\/wp-content\/uploads\/2023\/01\/25-1.jpeg 720w\" sizes=\"auto, (max-width: 576px) 100vw, 576px\" \/> <img loading=\"lazy\" decoding=\"async\" class=\"aligncenter size-large wp-image-20520\" src=\"http:\/\/www.traba.org\/trabablog\/wp-content\/uploads\/2023\/01\/26-576x1024.jpeg\" alt=\"\" width=\"576\" height=\"1024\" srcset=\"http:\/\/traba.org\/trabablog\/wp-content\/uploads\/2023\/01\/26-576x1024.jpeg 576w, http:\/\/traba.org\/trabablog\/wp-content\/uploads\/2023\/01\/26-169x300.jpeg 169w, http:\/\/traba.org\/trabablog\/wp-content\/uploads\/2023\/01\/26.jpeg 720w\" sizes=\"auto, (max-width: 576px) 100vw, 576px\" \/> <img loading=\"lazy\" decoding=\"async\" class=\"aligncenter size-large wp-image-20521\" src=\"http:\/\/www.traba.org\/trabablog\/wp-content\/uploads\/2023\/01\/27-1024x576.jpeg\" alt=\"\" width=\"952\" height=\"536\" srcset=\"http:\/\/traba.org\/trabablog\/wp-content\/uploads\/2023\/01\/27-1024x576.jpeg 1024w, http:\/\/traba.org\/trabablog\/wp-content\/uploads\/2023\/01\/27-300x169.jpeg 300w, http:\/\/traba.org\/trabablog\/wp-content\/uploads\/2023\/01\/27-768x432.jpeg 768w, http:\/\/traba.org\/trabablog\/wp-content\/uploads\/2023\/01\/27.jpeg 1280w\" sizes=\"auto, (max-width: 952px) 100vw, 952px\" \/> <img loading=\"lazy\" decoding=\"async\" class=\"aligncenter size-large wp-image-20522\" src=\"http:\/\/www.traba.org\/trabablog\/wp-content\/uploads\/2023\/01\/28-576x1024.jpeg\" alt=\"\" width=\"576\" height=\"1024\" srcset=\"http:\/\/traba.org\/trabablog\/wp-content\/uploads\/2023\/01\/28-576x1024.jpeg 576w, http:\/\/traba.org\/trabablog\/wp-content\/uploads\/2023\/01\/28-169x300.jpeg 169w, http:\/\/traba.org\/trabablog\/wp-content\/uploads\/2023\/01\/28.jpeg 720w\" sizes=\"auto, (max-width: 576px) 100vw, 576px\" \/><\/p>\n<p>Aquadiver, el primer de la temporada<\/p>\n<p><img loading=\"lazy\" decoding=\"async\" class=\"aligncenter size-large wp-image-20523\" src=\"http:\/\/www.traba.org\/trabablog\/wp-content\/uploads\/2023\/01\/29-1024x576.jpeg\" alt=\"\" width=\"952\" height=\"536\" srcset=\"http:\/\/traba.org\/trabablog\/wp-content\/uploads\/2023\/01\/29-1024x576.jpeg 1024w, http:\/\/traba.org\/trabablog\/wp-content\/uploads\/2023\/01\/29-300x169.jpeg 300w, http:\/\/traba.org\/trabablog\/wp-content\/uploads\/2023\/01\/29-768x432.jpeg 768w, http:\/\/traba.org\/trabablog\/wp-content\/uploads\/2023\/01\/29.jpeg 1280w\" sizes=\"auto, (max-width: 952px) 100vw, 952px\" \/> <img loading=\"lazy\" decoding=\"async\" class=\"aligncenter size-large wp-image-20524\" src=\"http:\/\/www.traba.org\/trabablog\/wp-content\/uploads\/2023\/01\/30-1024x770.jpeg\" alt=\"\" width=\"952\" height=\"716\" srcset=\"http:\/\/traba.org\/trabablog\/wp-content\/uploads\/2023\/01\/30-1024x770.jpeg 1024w, http:\/\/traba.org\/trabablog\/wp-content\/uploads\/2023\/01\/30-300x225.jpeg 300w, http:\/\/traba.org\/trabablog\/wp-content\/uploads\/2023\/01\/30-768x577.jpeg 768w, http:\/\/traba.org\/trabablog\/wp-content\/uploads\/2023\/01\/30.jpeg 1280w\" sizes=\"auto, (max-width: 952px) 100vw, 952px\" \/><\/p>\n","protected":false},"excerpt":{"rendered":"<p>Compis del F\u00e8lix A la pla\u00e7a de la Merc\u00e8 Al CNAB, que ja fa molta calor Al Tibidabo Tornant de b\u00e0squet Al Joventut Anant a la piscina Festa Holi al&#8230;<\/p>\n","protected":false},"author":5,"featured_media":20521,"comment_status":"open","ping_status":"open","sticky":false,"template":"","format":"standard","meta":{"_monsterinsights_skip_tracking":false,"_monsterinsights_sitenote_active":false,"_monsterinsights_sitenote_note":"","_monsterinsights_sitenote_category":0,"footnotes":""},"categories":[28],"tags":[],"class_list":["post-20494","post","type-post","status-publish","format-standard","has-post-thumbnail","hentry","category-ordinary-days"],"_links":{"self":[{"href":"http:\/\/traba.org\/trabablog\/index.php?rest_route=\/wp\/v2\/posts\/20494","targetHints":{"allow":["GET"]}}],"collection":[{"href":"http:\/\/traba.org\/trabablog\/index.php?rest_route=\/wp\/v2\/posts"}],"about":[{"href":"http:\/\/traba.org\/trabablog\/index.php?rest_route=\/wp\/v2\/types\/post"}],"author":[{"embeddable":true,"href":"http:\/\/traba.org\/trabablog\/index.php?rest_route=\/wp\/v2\/users\/5"}],"replies":[{"embeddable":true,"href":"http:\/\/traba.org\/trabablog\/index.php?rest_route=%2Fwp%2Fv2%2Fcomments&post=20494"}],"version-history":[{"count":1,"href":"http:\/\/traba.org\/trabablog\/index.php?rest_route=\/wp\/v2\/posts\/20494\/revisions"}],"predecessor-version":[{"id":20525,"href":"http:\/\/traba.org\/trabablog\/index.php?rest_route=\/wp\/v2\/posts\/20494\/revisions\/20525"}],"wp:featuredmedia":[{"embeddable":true,"href":"http:\/\/traba.org\/trabablog\/index.php?rest_route=\/wp\/v2\/media\/20521"}],"wp:attachment":[{"href":"http:\/\/traba.org\/trabablog\/index.php?rest_route=%2Fwp%2Fv2%2Fmedia&parent=20494"}],"wp:term":[{"taxonomy":"category","embeddable":true,"href":"http:\/\/traba.org\/trabablog\/index.php?rest_route=%2Fwp%2Fv2%2Fcategories&post=20494"},{"taxonomy":"post_tag","embeddable":true,"href":"http:\/\/traba.org\/trabablog\/index.php?rest_route=%2Fwp%2Fv2%2Ftags&post=20494"}],"curies":[{"name":"wp","href":"https:\/\/api.w.org\/{rel}","templated":true}]}}