{"id":20608,"date":"2023-07-03T23:51:48","date_gmt":"2023-07-03T21:51:48","guid":{"rendered":"http:\/\/www.traba.org\/trabablog\/?p=20608"},"modified":"2023-07-03T23:51:48","modified_gmt":"2023-07-03T21:51:48","slug":"queda-inaugurado-pues-este-verano","status":"publish","type":"post","link":"http:\/\/traba.org\/trabablog\/?p=20608","title":{"rendered":"queda inaugurado pues este verano"},"content":{"rendered":"\n<p>Com ja \u00e9s tradici\u00f3, hem passat l&#8217;\u00faltima setmana de juny a Fonolleres. Degut a la nostra pol\u00edtica de desintoxicaci\u00f3 de m\u00f2bil, aquesta vegada hi ha poques fotos.<\/p>\n\n\n\n<p>A <strong>Can Planas<\/strong> una mica el de sempre: petards, piscina, pelotazos i basket. La novetat \u00e9s que hem estrenat la GoPro cortesia del Reis Mags.<\/p>\n\n\n\n<figure class=\"wp-block-video\"><video height=\"360\" style=\"aspect-ratio: 640 \/ 360;\" width=\"640\" controls src=\"http:\/\/www.traba.org\/trabablog\/wp-content\/uploads\/2023\/07\/3.mov\"><\/video><\/figure>\n\n\n\n<figure class=\"wp-block-video\"><video height=\"360\" style=\"aspect-ratio: 640 \/ 360;\" width=\"640\" controls src=\"http:\/\/www.traba.org\/trabablog\/wp-content\/uploads\/2023\/07\/1.mov\"><\/video><\/figure>\n\n\n\n<figure class=\"wp-block-video\"><video height=\"360\" style=\"aspect-ratio: 640 \/ 360;\" width=\"640\" controls src=\"http:\/\/www.traba.org\/trabablog\/wp-content\/uploads\/2023\/07\/2.mov\"><\/video><\/figure>\n\n\n\n<p>I que hem descobert la vena art\u00edstica de la Dra.Fabregas.<\/p>\n\n\n\n<figure class=\"wp-block-image size-large\"><a href=\"http:\/\/www.traba.org\/trabablog\/wp-content\/uploads\/2023\/07\/63.jpeg\"><img loading=\"lazy\" decoding=\"async\" width=\"768\" height=\"1024\" src=\"http:\/\/www.traba.org\/trabablog\/wp-content\/uploads\/2023\/07\/63-768x1024.jpeg\" alt=\"\" class=\"wp-image-20679\" srcset=\"http:\/\/traba.org\/trabablog\/wp-content\/uploads\/2023\/07\/63-768x1024.jpeg 768w, http:\/\/traba.org\/trabablog\/wp-content\/uploads\/2023\/07\/63-225x300.jpeg 225w, http:\/\/traba.org\/trabablog\/wp-content\/uploads\/2023\/07\/63.jpeg 960w\" sizes=\"auto, (max-width: 768px) 100vw, 768px\" \/><\/a><\/figure>\n\n\n\n<figure class=\"wp-block-image size-large\"><a href=\"http:\/\/www.traba.org\/trabablog\/wp-content\/uploads\/2023\/07\/65.jpeg\"><img loading=\"lazy\" decoding=\"async\" width=\"1024\" height=\"768\" src=\"http:\/\/www.traba.org\/trabablog\/wp-content\/uploads\/2023\/07\/65-1024x768.jpeg\" alt=\"\" class=\"wp-image-20681\" srcset=\"http:\/\/traba.org\/trabablog\/wp-content\/uploads\/2023\/07\/65-1024x768.jpeg 1024w, http:\/\/traba.org\/trabablog\/wp-content\/uploads\/2023\/07\/65-300x225.jpeg 300w, http:\/\/traba.org\/trabablog\/wp-content\/uploads\/2023\/07\/65-768x576.jpeg 768w, http:\/\/traba.org\/trabablog\/wp-content\/uploads\/2023\/07\/65.jpeg 1280w\" sizes=\"auto, (max-width: 1024px) 100vw, 1024px\" \/><\/a><\/figure>\n\n\n\n<p>I re-descobert els seus dots per la brasa.<\/p>\n\n\n\n<figure class=\"wp-block-image size-large\"><a href=\"http:\/\/www.traba.org\/trabablog\/wp-content\/uploads\/2023\/07\/27.jpeg\"><img loading=\"lazy\" decoding=\"async\" width=\"768\" height=\"1024\" src=\"http:\/\/www.traba.org\/trabablog\/wp-content\/uploads\/2023\/07\/27-768x1024.jpeg\" alt=\"\" class=\"wp-image-20643\" srcset=\"http:\/\/traba.org\/trabablog\/wp-content\/uploads\/2023\/07\/27-768x1024.jpeg 768w, http:\/\/traba.org\/trabablog\/wp-content\/uploads\/2023\/07\/27-225x300.jpeg 225w, http:\/\/traba.org\/trabablog\/wp-content\/uploads\/2023\/07\/27.jpeg 960w\" sizes=\"auto, (max-width: 768px) 100vw, 768px\" \/><\/a><\/figure>\n\n\n\n<figure class=\"wp-block-image size-large\"><a href=\"http:\/\/www.traba.org\/trabablog\/wp-content\/uploads\/2023\/07\/28.jpeg\"><img loading=\"lazy\" decoding=\"async\" width=\"768\" height=\"1024\" src=\"http:\/\/www.traba.org\/trabablog\/wp-content\/uploads\/2023\/07\/28-768x1024.jpeg\" alt=\"\" class=\"wp-image-20644\" srcset=\"http:\/\/traba.org\/trabablog\/wp-content\/uploads\/2023\/07\/28-768x1024.jpeg 768w, http:\/\/traba.org\/trabablog\/wp-content\/uploads\/2023\/07\/28-225x300.jpeg 225w, http:\/\/traba.org\/trabablog\/wp-content\/uploads\/2023\/07\/28.jpeg 960w\" sizes=\"auto, (max-width: 768px) 100vw, 768px\" \/><\/a><\/figure>\n\n\n\n<p>Ara s\u00ed que diria que ja complim del tot la can\u00e7\u00f3.<\/p>\n\n\n\n<p><em>De nuevo al chiringuito<br \/>Un ba\u00f1ito<br \/>Helado de pistacho<br \/>Y partida al futbol\u00edn<br \/>Lanzamos unos frisbees<br \/>Jugamos a las cartas<br \/>Y acabamos cenando<br \/>Sardinas y ensalada<\/em><\/p>\n\n\n\n<figure class=\"wp-block-embed is-type-video is-provider-youtube wp-block-embed-youtube wp-embed-aspect-16-9 wp-has-aspect-ratio\"><div class=\"wp-block-embed__wrapper\">\n<iframe loading=\"lazy\" title=\"Facto delaf\u00e9 y las flores azules - Enero en la playa (Letra)\" width=\"952\" height=\"536\" src=\"https:\/\/www.youtube.com\/embed\/GJlbabqmgCE?feature=oembed\" frameborder=\"0\" allow=\"accelerometer; autoplay; clipboard-write; encrypted-media; gyroscope; picture-in-picture; web-share\" allowfullscreen><\/iframe>\n<\/div><\/figure>\n\n\n\n<p>Els nens, contents.<\/p>\n\n\n\n<figure class=\"wp-block-image size-large\"><a href=\"http:\/\/www.traba.org\/trabablog\/wp-content\/uploads\/2023\/07\/64.jpeg\"><img loading=\"lazy\" decoding=\"async\" width=\"1024\" height=\"768\" src=\"http:\/\/www.traba.org\/trabablog\/wp-content\/uploads\/2023\/07\/64-1024x768.jpeg\" alt=\"\" class=\"wp-image-20680\" srcset=\"http:\/\/traba.org\/trabablog\/wp-content\/uploads\/2023\/07\/64-1024x768.jpeg 1024w, http:\/\/traba.org\/trabablog\/wp-content\/uploads\/2023\/07\/64-300x225.jpeg 300w, http:\/\/traba.org\/trabablog\/wp-content\/uploads\/2023\/07\/64-768x576.jpeg 768w, http:\/\/traba.org\/trabablog\/wp-content\/uploads\/2023\/07\/64.jpeg 1280w\" sizes=\"auto, (max-width: 1024px) 100vw, 1024px\" \/><\/a><\/figure>\n\n\n\n<p>Hem aprofitat per fer un rep\u00e0s de la geografia costera del Baix Empord\u00e0, amb el pla habitual de piscina al mat\u00ed i platja a la tarda\/nit. Jo que sempre havia defensat l&#8217;ambient decadent de finals d&#8217;estiu, haig de recon\u00e8ixer que aquests dies de juny on tot comen\u00e7a i la llum mai s&#8217;acaba estan molt b\u00e9. Tot est\u00e0 per fer i tot \u00e9s possible \ud83d\ude42<\/p>\n\n\n\n<p>De sud a nord, comen\u00e7ant per <strong>Castell-Platja d&#8217;Aro<\/strong>, on nom\u00e9s anem a l&#8217;Aquadiver (algun any haurem de tornar a l&#8217;intercanvi de Santa Cristina, que ho tenen idealitzat).<\/p>\n\n\n\n<figure class=\"wp-block-video\"><video height=\"360\" style=\"aspect-ratio: 640 \/ 360;\" width=\"640\" controls src=\"http:\/\/www.traba.org\/trabablog\/wp-content\/uploads\/2023\/07\/26.mov\"><\/video><\/figure>\n\n\n\n<p>Seguim a <strong>Palam\u00f3s<\/strong>, on aparentment hi ha moltes platges per\u00f2 nosaltres sempre anem a Es Castell, que es caracteritza per ser prou bonica i sobretot per tenir el xiringuito m\u00e9s car que coneixem. I aix\u00f2 \u00e9s molt dir perqu\u00e8 l&#8217;Empord\u00e0 \u00e9s l&#8217;epicentre dels xiringuitos cars.<\/p>\n\n\n\n<figure class=\"wp-block-image size-large\"><a href=\"http:\/\/www.traba.org\/trabablog\/wp-content\/uploads\/2023\/07\/8.jpeg\"><img loading=\"lazy\" decoding=\"async\" width=\"1280\" height=\"960\" src=\"http:\/\/www.traba.org\/trabablog\/wp-content\/uploads\/2023\/07\/8-1024x768.jpeg\" alt=\"\" class=\"wp-image-20624\" srcset=\"http:\/\/traba.org\/trabablog\/wp-content\/uploads\/2023\/07\/8-1024x768.jpeg 1024w, http:\/\/traba.org\/trabablog\/wp-content\/uploads\/2023\/07\/8-300x225.jpeg 300w, http:\/\/traba.org\/trabablog\/wp-content\/uploads\/2023\/07\/8-768x576.jpeg 768w, http:\/\/traba.org\/trabablog\/wp-content\/uploads\/2023\/07\/8.jpeg 1280w\" sizes=\"auto, (max-width: 1280px) 100vw, 1280px\" \/><\/a><\/figure>\n\n\n\n<figure class=\"wp-block-video\"><video height=\"360\" style=\"aspect-ratio: 640 \/ 360;\" width=\"640\" controls src=\"http:\/\/www.traba.org\/trabablog\/wp-content\/uploads\/2023\/07\/9.mov\"><\/video><\/figure>\n\n\n\n<p>I aprofitant un migdia que no feia sol, excursi\u00f3 cap al nord, per la zona natural protegida de Castell-Cap Roig.<\/p>\n\n\n\n<figure class=\"wp-block-gallery has-nested-images columns-default is-cropped wp-block-gallery-1 is-layout-flex wp-block-gallery-is-layout-flex\">\n<figure class=\"wp-block-image size-large\"><a href=\"http:\/\/www.traba.org\/trabablog\/wp-content\/uploads\/2023\/07\/37.jpeg\"><img loading=\"lazy\" decoding=\"async\" width=\"768\" height=\"1024\" data-id=\"20653\" src=\"http:\/\/www.traba.org\/trabablog\/wp-content\/uploads\/2023\/07\/37-768x1024.jpeg\" alt=\"\" class=\"wp-image-20653\" srcset=\"http:\/\/traba.org\/trabablog\/wp-content\/uploads\/2023\/07\/37-768x1024.jpeg 768w, http:\/\/traba.org\/trabablog\/wp-content\/uploads\/2023\/07\/37-225x300.jpeg 225w, http:\/\/traba.org\/trabablog\/wp-content\/uploads\/2023\/07\/37.jpeg 960w\" sizes=\"auto, (max-width: 768px) 100vw, 768px\" \/><\/a><\/figure>\n\n\n\n<figure class=\"wp-block-image size-large\"><a href=\"http:\/\/www.traba.org\/trabablog\/wp-content\/uploads\/2023\/07\/38.jpeg\"><img loading=\"lazy\" decoding=\"async\" width=\"1024\" height=\"768\" data-id=\"20654\" src=\"http:\/\/www.traba.org\/trabablog\/wp-content\/uploads\/2023\/07\/38-1024x768.jpeg\" alt=\"\" class=\"wp-image-20654\" srcset=\"http:\/\/traba.org\/trabablog\/wp-content\/uploads\/2023\/07\/38-1024x768.jpeg 1024w, http:\/\/traba.org\/trabablog\/wp-content\/uploads\/2023\/07\/38-300x225.jpeg 300w, http:\/\/traba.org\/trabablog\/wp-content\/uploads\/2023\/07\/38-768x576.jpeg 768w, http:\/\/traba.org\/trabablog\/wp-content\/uploads\/2023\/07\/38.jpeg 1280w\" sizes=\"auto, (max-width: 1024px) 100vw, 1024px\" \/><\/a><\/figure>\n\n\n\n<figure class=\"wp-block-image size-large\"><a href=\"http:\/\/www.traba.org\/trabablog\/wp-content\/uploads\/2023\/07\/39.jpeg\"><img loading=\"lazy\" decoding=\"async\" width=\"768\" height=\"1024\" data-id=\"20655\" src=\"http:\/\/www.traba.org\/trabablog\/wp-content\/uploads\/2023\/07\/39-768x1024.jpeg\" alt=\"\" class=\"wp-image-20655\" srcset=\"http:\/\/traba.org\/trabablog\/wp-content\/uploads\/2023\/07\/39-768x1024.jpeg 768w, http:\/\/traba.org\/trabablog\/wp-content\/uploads\/2023\/07\/39-225x300.jpeg 225w, http:\/\/traba.org\/trabablog\/wp-content\/uploads\/2023\/07\/39.jpeg 960w\" sizes=\"auto, (max-width: 768px) 100vw, 768px\" \/><\/a><\/figure>\n\n\n\n<figure class=\"wp-block-image size-large\"><a href=\"http:\/\/www.traba.org\/trabablog\/wp-content\/uploads\/2023\/07\/40.jpeg\"><img loading=\"lazy\" decoding=\"async\" width=\"768\" height=\"1024\" data-id=\"20656\" src=\"http:\/\/www.traba.org\/trabablog\/wp-content\/uploads\/2023\/07\/40-768x1024.jpeg\" alt=\"\" class=\"wp-image-20656\" srcset=\"http:\/\/traba.org\/trabablog\/wp-content\/uploads\/2023\/07\/40-768x1024.jpeg 768w, http:\/\/traba.org\/trabablog\/wp-content\/uploads\/2023\/07\/40-225x300.jpeg 225w, http:\/\/traba.org\/trabablog\/wp-content\/uploads\/2023\/07\/40.jpeg 960w\" sizes=\"auto, (max-width: 768px) 100vw, 768px\" \/><\/a><\/figure>\n\n\n\n<figure class=\"wp-block-image size-large\"><a href=\"http:\/\/www.traba.org\/trabablog\/wp-content\/uploads\/2023\/07\/41.jpeg\"><img loading=\"lazy\" decoding=\"async\" width=\"768\" height=\"1024\" data-id=\"20657\" src=\"http:\/\/www.traba.org\/trabablog\/wp-content\/uploads\/2023\/07\/41-768x1024.jpeg\" alt=\"\" class=\"wp-image-20657\" srcset=\"http:\/\/traba.org\/trabablog\/wp-content\/uploads\/2023\/07\/41-768x1024.jpeg 768w, http:\/\/traba.org\/trabablog\/wp-content\/uploads\/2023\/07\/41-225x300.jpeg 225w, http:\/\/traba.org\/trabablog\/wp-content\/uploads\/2023\/07\/41.jpeg 960w\" sizes=\"auto, (max-width: 768px) 100vw, 768px\" \/><\/a><\/figure>\n<\/figure>\n\n\n\n<p>Aqu\u00ed la casa on clarament es van inspirar els ZOO per escriure la que ha sigut la can\u00e7\u00f3 del viatge \ud83d\ude09<\/p>\n\n\n\n<figure class=\"wp-block-image size-large\"><a href=\"http:\/\/www.traba.org\/trabablog\/wp-content\/uploads\/2023\/07\/42.jpeg\"><img loading=\"lazy\" decoding=\"async\" width=\"1024\" height=\"768\" src=\"http:\/\/www.traba.org\/trabablog\/wp-content\/uploads\/2023\/07\/42-1024x768.jpeg\" alt=\"\" class=\"wp-image-20658\" srcset=\"http:\/\/traba.org\/trabablog\/wp-content\/uploads\/2023\/07\/42-1024x768.jpeg 1024w, http:\/\/traba.org\/trabablog\/wp-content\/uploads\/2023\/07\/42-300x225.jpeg 300w, http:\/\/traba.org\/trabablog\/wp-content\/uploads\/2023\/07\/42-768x576.jpeg 768w, http:\/\/traba.org\/trabablog\/wp-content\/uploads\/2023\/07\/42.jpeg 1280w\" sizes=\"auto, (max-width: 1024px) 100vw, 1024px\" \/><\/a><\/figure>\n\n\n\n<p><em>Dins el jard\u00ed una piscina<br \/>Una piscina gegant<br \/>D&#8217;aigua salada i jacuzzi<br \/>Per\u00f2 ning\u00fa ho ha notat que<\/em><\/p>\n\n\n\n<p><em>Un tobogan, li falta un tobogan<br \/>Que vaja alg\u00fa i li&#8217;l pose, que est\u00e0 passant-ho mal<br \/>Un tobogan, li falta un tobogan<br \/>Al pobre home, diners no donen la felicitat<\/em><\/p>\n\n\n\n<figure class=\"wp-block-embed is-type-video is-provider-youtube wp-block-embed-youtube wp-embed-aspect-16-9 wp-has-aspect-ratio\"><div class=\"wp-block-embed__wrapper\">\n<iframe loading=\"lazy\" title=\"ZOO - TOBOGAN (Llepolies, 2021)\" width=\"952\" height=\"536\" src=\"https:\/\/www.youtube.com\/embed\/Es4u6GrV7hw?feature=oembed\" frameborder=\"0\" allow=\"accelerometer; autoplay; clipboard-write; encrypted-media; gyroscope; picture-in-picture; web-share\" allowfullscreen><\/iframe>\n<\/div><\/figure>\n\n\n\n<p>I una mica m\u00e9s enll\u00e0 s&#8217;arriba a Cala Canyers, on vam passar unes hores de m\u00e0xima tranquil\u00b7litat en sol\u00b7litud. Aix\u00f2 s\u00ed que d\u00f3na la felicitat.<\/p>\n\n\n\n<figure class=\"wp-block-gallery has-nested-images columns-1 is-cropped wp-block-gallery-2 is-layout-flex wp-block-gallery-is-layout-flex\">\n<figure class=\"wp-block-image size-large\"><a href=\"http:\/\/www.traba.org\/trabablog\/wp-content\/uploads\/2023\/07\/43.jpeg\"><img loading=\"lazy\" decoding=\"async\" width=\"1024\" height=\"768\" data-id=\"20659\" src=\"http:\/\/www.traba.org\/trabablog\/wp-content\/uploads\/2023\/07\/43-1024x768.jpeg\" alt=\"\" class=\"wp-image-20659\" srcset=\"http:\/\/traba.org\/trabablog\/wp-content\/uploads\/2023\/07\/43-1024x768.jpeg 1024w, http:\/\/traba.org\/trabablog\/wp-content\/uploads\/2023\/07\/43-300x225.jpeg 300w, http:\/\/traba.org\/trabablog\/wp-content\/uploads\/2023\/07\/43-768x576.jpeg 768w, http:\/\/traba.org\/trabablog\/wp-content\/uploads\/2023\/07\/43.jpeg 1280w\" sizes=\"auto, (max-width: 1024px) 100vw, 1024px\" \/><\/a><\/figure>\n\n\n\n<figure class=\"wp-block-image size-large\"><a href=\"http:\/\/www.traba.org\/trabablog\/wp-content\/uploads\/2023\/07\/45.jpeg\"><img loading=\"lazy\" decoding=\"async\" width=\"768\" height=\"1024\" data-id=\"20661\" src=\"http:\/\/www.traba.org\/trabablog\/wp-content\/uploads\/2023\/07\/45-768x1024.jpeg\" alt=\"\" class=\"wp-image-20661\" srcset=\"http:\/\/traba.org\/trabablog\/wp-content\/uploads\/2023\/07\/45-768x1024.jpeg 768w, http:\/\/traba.org\/trabablog\/wp-content\/uploads\/2023\/07\/45-225x300.jpeg 225w, http:\/\/traba.org\/trabablog\/wp-content\/uploads\/2023\/07\/45.jpeg 960w\" sizes=\"auto, (max-width: 768px) 100vw, 768px\" \/><\/a><\/figure>\n\n\n\n<figure class=\"wp-block-image size-large\"><a href=\"http:\/\/www.traba.org\/trabablog\/wp-content\/uploads\/2023\/07\/46.jpeg\"><img loading=\"lazy\" decoding=\"async\" width=\"768\" height=\"1024\" data-id=\"20662\" src=\"http:\/\/www.traba.org\/trabablog\/wp-content\/uploads\/2023\/07\/46-768x1024.jpeg\" alt=\"\" class=\"wp-image-20662\" srcset=\"http:\/\/traba.org\/trabablog\/wp-content\/uploads\/2023\/07\/46-768x1024.jpeg 768w, http:\/\/traba.org\/trabablog\/wp-content\/uploads\/2023\/07\/46-225x300.jpeg 225w, http:\/\/traba.org\/trabablog\/wp-content\/uploads\/2023\/07\/46.jpeg 960w\" sizes=\"auto, (max-width: 768px) 100vw, 768px\" \/><\/a><\/figure>\n\n\n\n<figure class=\"wp-block-image size-large\"><a href=\"http:\/\/www.traba.org\/trabablog\/wp-content\/uploads\/2023\/07\/47.jpeg\"><img loading=\"lazy\" decoding=\"async\" width=\"1024\" height=\"768\" data-id=\"20663\" src=\"http:\/\/www.traba.org\/trabablog\/wp-content\/uploads\/2023\/07\/47-1024x768.jpeg\" alt=\"\" class=\"wp-image-20663\" srcset=\"http:\/\/traba.org\/trabablog\/wp-content\/uploads\/2023\/07\/47-1024x768.jpeg 1024w, http:\/\/traba.org\/trabablog\/wp-content\/uploads\/2023\/07\/47-300x225.jpeg 300w, http:\/\/traba.org\/trabablog\/wp-content\/uploads\/2023\/07\/47-768x576.jpeg 768w, http:\/\/traba.org\/trabablog\/wp-content\/uploads\/2023\/07\/47.jpeg 1280w\" sizes=\"auto, (max-width: 1024px) 100vw, 1024px\" \/><\/a><\/figure>\n\n\n\n<figure class=\"wp-block-image size-large\"><a href=\"http:\/\/www.traba.org\/trabablog\/wp-content\/uploads\/2023\/07\/57.jpeg\"><img loading=\"lazy\" decoding=\"async\" width=\"1024\" height=\"768\" data-id=\"20673\" src=\"http:\/\/www.traba.org\/trabablog\/wp-content\/uploads\/2023\/07\/57-1024x768.jpeg\" alt=\"\" class=\"wp-image-20673\" srcset=\"http:\/\/traba.org\/trabablog\/wp-content\/uploads\/2023\/07\/57-1024x768.jpeg 1024w, http:\/\/traba.org\/trabablog\/wp-content\/uploads\/2023\/07\/57-300x225.jpeg 300w, http:\/\/traba.org\/trabablog\/wp-content\/uploads\/2023\/07\/57-768x576.jpeg 768w, http:\/\/traba.org\/trabablog\/wp-content\/uploads\/2023\/07\/57.jpeg 1280w\" sizes=\"auto, (max-width: 1024px) 100vw, 1024px\" \/><\/a><\/figure>\n\n\n\n<figure class=\"wp-block-image size-large\"><a href=\"http:\/\/www.traba.org\/trabablog\/wp-content\/uploads\/2023\/07\/58.jpeg\"><img loading=\"lazy\" decoding=\"async\" width=\"1024\" height=\"768\" data-id=\"20674\" src=\"http:\/\/www.traba.org\/trabablog\/wp-content\/uploads\/2023\/07\/58-1024x768.jpeg\" alt=\"\" class=\"wp-image-20674\" srcset=\"http:\/\/traba.org\/trabablog\/wp-content\/uploads\/2023\/07\/58-1024x768.jpeg 1024w, http:\/\/traba.org\/trabablog\/wp-content\/uploads\/2023\/07\/58-300x225.jpeg 300w, http:\/\/traba.org\/trabablog\/wp-content\/uploads\/2023\/07\/58-768x576.jpeg 768w, http:\/\/traba.org\/trabablog\/wp-content\/uploads\/2023\/07\/58.jpeg 1280w\" sizes=\"auto, (max-width: 1024px) 100vw, 1024px\" \/><\/a><\/figure>\n<\/figure>\n\n\n\n<p>Bany, peixets i peixots.<\/p>\n\n\n\n<figure class=\"wp-block-gallery has-nested-images columns-default is-cropped wp-block-gallery-3 is-layout-flex wp-block-gallery-is-layout-flex\">\n<figure class=\"wp-block-image size-large\"><a href=\"http:\/\/www.traba.org\/trabablog\/wp-content\/uploads\/2023\/07\/48.jpeg\"><img loading=\"lazy\" decoding=\"async\" width=\"1024\" height=\"896\" data-id=\"20664\" src=\"http:\/\/www.traba.org\/trabablog\/wp-content\/uploads\/2023\/07\/48-1024x896.jpeg\" alt=\"\" class=\"wp-image-20664\" srcset=\"http:\/\/traba.org\/trabablog\/wp-content\/uploads\/2023\/07\/48-1024x896.jpeg 1024w, http:\/\/traba.org\/trabablog\/wp-content\/uploads\/2023\/07\/48-300x263.jpeg 300w, http:\/\/traba.org\/trabablog\/wp-content\/uploads\/2023\/07\/48-768x672.jpeg 768w, http:\/\/traba.org\/trabablog\/wp-content\/uploads\/2023\/07\/48.jpeg 1280w\" sizes=\"auto, (max-width: 1024px) 100vw, 1024px\" \/><\/a><\/figure>\n\n\n\n<figure class=\"wp-block-image size-large\"><a href=\"http:\/\/www.traba.org\/trabablog\/wp-content\/uploads\/2023\/07\/49.jpeg\"><img loading=\"lazy\" decoding=\"async\" width=\"1024\" height=\"896\" data-id=\"20665\" src=\"http:\/\/www.traba.org\/trabablog\/wp-content\/uploads\/2023\/07\/49-1024x896.jpeg\" alt=\"\" class=\"wp-image-20665\" srcset=\"http:\/\/traba.org\/trabablog\/wp-content\/uploads\/2023\/07\/49-1024x896.jpeg 1024w, http:\/\/traba.org\/trabablog\/wp-content\/uploads\/2023\/07\/49-300x263.jpeg 300w, http:\/\/traba.org\/trabablog\/wp-content\/uploads\/2023\/07\/49-768x672.jpeg 768w, http:\/\/traba.org\/trabablog\/wp-content\/uploads\/2023\/07\/49.jpeg 1280w\" sizes=\"auto, (max-width: 1024px) 100vw, 1024px\" \/><\/a><\/figure>\n\n\n\n<figure class=\"wp-block-image size-large\"><a href=\"http:\/\/www.traba.org\/trabablog\/wp-content\/uploads\/2023\/07\/52.jpeg\"><img loading=\"lazy\" decoding=\"async\" width=\"1024\" height=\"896\" data-id=\"20668\" src=\"http:\/\/www.traba.org\/trabablog\/wp-content\/uploads\/2023\/07\/52-1024x896.jpeg\" alt=\"\" class=\"wp-image-20668\" srcset=\"http:\/\/traba.org\/trabablog\/wp-content\/uploads\/2023\/07\/52-1024x896.jpeg 1024w, http:\/\/traba.org\/trabablog\/wp-content\/uploads\/2023\/07\/52-300x263.jpeg 300w, http:\/\/traba.org\/trabablog\/wp-content\/uploads\/2023\/07\/52-768x672.jpeg 768w, http:\/\/traba.org\/trabablog\/wp-content\/uploads\/2023\/07\/52.jpeg 1280w\" sizes=\"auto, (max-width: 1024px) 100vw, 1024px\" \/><\/a><\/figure>\n\n\n\n<figure class=\"wp-block-image size-large\"><a href=\"http:\/\/www.traba.org\/trabablog\/wp-content\/uploads\/2023\/07\/53.jpeg\"><img loading=\"lazy\" decoding=\"async\" width=\"1024\" height=\"896\" data-id=\"20669\" src=\"http:\/\/www.traba.org\/trabablog\/wp-content\/uploads\/2023\/07\/53-1024x896.jpeg\" alt=\"\" class=\"wp-image-20669\" srcset=\"http:\/\/traba.org\/trabablog\/wp-content\/uploads\/2023\/07\/53-1024x896.jpeg 1024w, http:\/\/traba.org\/trabablog\/wp-content\/uploads\/2023\/07\/53-300x263.jpeg 300w, http:\/\/traba.org\/trabablog\/wp-content\/uploads\/2023\/07\/53-768x672.jpeg 768w, http:\/\/traba.org\/trabablog\/wp-content\/uploads\/2023\/07\/53.jpeg 1280w\" sizes=\"auto, (max-width: 1024px) 100vw, 1024px\" \/><\/a><\/figure>\n<\/figure>\n\n\n\n<p>Grooming.<\/p>\n\n\n\n<figure class=\"wp-block-gallery has-nested-images columns-default is-cropped wp-block-gallery-4 is-layout-flex wp-block-gallery-is-layout-flex\">\n<figure class=\"wp-block-image size-large\"><a href=\"http:\/\/www.traba.org\/trabablog\/wp-content\/uploads\/2023\/07\/50.jpeg\"><img loading=\"lazy\" decoding=\"async\" width=\"1024\" height=\"768\" data-id=\"20666\" src=\"http:\/\/www.traba.org\/trabablog\/wp-content\/uploads\/2023\/07\/50-1024x768.jpeg\" alt=\"\" class=\"wp-image-20666\" srcset=\"http:\/\/traba.org\/trabablog\/wp-content\/uploads\/2023\/07\/50-1024x768.jpeg 1024w, http:\/\/traba.org\/trabablog\/wp-content\/uploads\/2023\/07\/50-300x225.jpeg 300w, http:\/\/traba.org\/trabablog\/wp-content\/uploads\/2023\/07\/50-768x576.jpeg 768w, http:\/\/traba.org\/trabablog\/wp-content\/uploads\/2023\/07\/50.jpeg 1280w\" sizes=\"auto, (max-width: 1024px) 100vw, 1024px\" \/><\/a><\/figure>\n<\/figure>\n\n\n\n<p>Club de lectura i club de joc.<\/p>\n\n\n\n<figure class=\"wp-block-gallery has-nested-images columns-default is-cropped wp-block-gallery-5 is-layout-flex wp-block-gallery-is-layout-flex\">\n<figure class=\"wp-block-image size-large\"><a href=\"http:\/\/www.traba.org\/trabablog\/wp-content\/uploads\/2023\/07\/56.jpeg\"><img loading=\"lazy\" decoding=\"async\" width=\"1024\" height=\"768\" data-id=\"20672\" src=\"http:\/\/www.traba.org\/trabablog\/wp-content\/uploads\/2023\/07\/56-1024x768.jpeg\" alt=\"\" class=\"wp-image-20672\" srcset=\"http:\/\/traba.org\/trabablog\/wp-content\/uploads\/2023\/07\/56-1024x768.jpeg 1024w, http:\/\/traba.org\/trabablog\/wp-content\/uploads\/2023\/07\/56-300x225.jpeg 300w, http:\/\/traba.org\/trabablog\/wp-content\/uploads\/2023\/07\/56-768x576.jpeg 768w, http:\/\/traba.org\/trabablog\/wp-content\/uploads\/2023\/07\/56.jpeg 1280w\" sizes=\"auto, (max-width: 1024px) 100vw, 1024px\" \/><\/a><\/figure>\n\n\n\n<figure class=\"wp-block-image size-large\"><a href=\"http:\/\/www.traba.org\/trabablog\/wp-content\/uploads\/2023\/07\/51.jpeg\"><img loading=\"lazy\" decoding=\"async\" width=\"1024\" height=\"768\" data-id=\"20667\" src=\"http:\/\/www.traba.org\/trabablog\/wp-content\/uploads\/2023\/07\/51-1024x768.jpeg\" alt=\"\" class=\"wp-image-20667\" srcset=\"http:\/\/traba.org\/trabablog\/wp-content\/uploads\/2023\/07\/51-1024x768.jpeg 1024w, http:\/\/traba.org\/trabablog\/wp-content\/uploads\/2023\/07\/51-300x225.jpeg 300w, http:\/\/traba.org\/trabablog\/wp-content\/uploads\/2023\/07\/51-768x576.jpeg 768w, http:\/\/traba.org\/trabablog\/wp-content\/uploads\/2023\/07\/51.jpeg 1280w\" sizes=\"auto, (max-width: 1024px) 100vw, 1024px\" \/><\/a><\/figure>\n<\/figure>\n\n\n\n<p>Passat de pescadors.<\/p>\n\n\n\n<figure class=\"wp-block-gallery has-nested-images columns-default is-cropped wp-block-gallery-6 is-layout-flex wp-block-gallery-is-layout-flex\">\n<figure class=\"wp-block-image size-large\"><a href=\"http:\/\/www.traba.org\/trabablog\/wp-content\/uploads\/2023\/07\/54.jpeg\"><img loading=\"lazy\" decoding=\"async\" width=\"768\" height=\"1024\" data-id=\"20670\" src=\"http:\/\/www.traba.org\/trabablog\/wp-content\/uploads\/2023\/07\/54-768x1024.jpeg\" alt=\"\" class=\"wp-image-20670\" srcset=\"http:\/\/traba.org\/trabablog\/wp-content\/uploads\/2023\/07\/54-768x1024.jpeg 768w, http:\/\/traba.org\/trabablog\/wp-content\/uploads\/2023\/07\/54-225x300.jpeg 225w, http:\/\/traba.org\/trabablog\/wp-content\/uploads\/2023\/07\/54.jpeg 960w\" sizes=\"auto, (max-width: 768px) 100vw, 768px\" \/><\/a><\/figure>\n\n\n\n<figure class=\"wp-block-image size-large\"><a href=\"http:\/\/www.traba.org\/trabablog\/wp-content\/uploads\/2023\/07\/55.jpeg\"><img loading=\"lazy\" decoding=\"async\" width=\"1024\" height=\"768\" data-id=\"20671\" src=\"http:\/\/www.traba.org\/trabablog\/wp-content\/uploads\/2023\/07\/55-1024x768.jpeg\" alt=\"\" class=\"wp-image-20671\" srcset=\"http:\/\/traba.org\/trabablog\/wp-content\/uploads\/2023\/07\/55-1024x768.jpeg 1024w, http:\/\/traba.org\/trabablog\/wp-content\/uploads\/2023\/07\/55-300x225.jpeg 300w, http:\/\/traba.org\/trabablog\/wp-content\/uploads\/2023\/07\/55-768x576.jpeg 768w, http:\/\/traba.org\/trabablog\/wp-content\/uploads\/2023\/07\/55.jpeg 1280w\" sizes=\"auto, (max-width: 1024px) 100vw, 1024px\" \/><\/a><\/figure>\n<\/figure>\n\n\n\n<p>Seguint cap al nord hi ha Cala Corbs, que ja fa temps que trobem tancada.<\/p>\n\n\n\n<figure class=\"wp-block-gallery has-nested-images columns-1 is-cropped wp-block-gallery-7 is-layout-flex wp-block-gallery-is-layout-flex\">\n<figure class=\"wp-block-image size-large\"><a href=\"http:\/\/www.traba.org\/trabablog\/wp-content\/uploads\/2023\/07\/59.jpeg\"><img loading=\"lazy\" decoding=\"async\" width=\"1024\" height=\"768\" data-id=\"20675\" src=\"http:\/\/www.traba.org\/trabablog\/wp-content\/uploads\/2023\/07\/59-1024x768.jpeg\" alt=\"\" class=\"wp-image-20675\" srcset=\"http:\/\/traba.org\/trabablog\/wp-content\/uploads\/2023\/07\/59-1024x768.jpeg 1024w, http:\/\/traba.org\/trabablog\/wp-content\/uploads\/2023\/07\/59-300x225.jpeg 300w, http:\/\/traba.org\/trabablog\/wp-content\/uploads\/2023\/07\/59-768x576.jpeg 768w, http:\/\/traba.org\/trabablog\/wp-content\/uploads\/2023\/07\/59.jpeg 1280w\" sizes=\"auto, (max-width: 1024px) 100vw, 1024px\" \/><\/a><\/figure>\n\n\n\n<figure class=\"wp-block-image size-large\"><a href=\"http:\/\/www.traba.org\/trabablog\/wp-content\/uploads\/2023\/07\/44.jpeg\"><img loading=\"lazy\" decoding=\"async\" width=\"768\" height=\"1024\" data-id=\"20660\" src=\"http:\/\/www.traba.org\/trabablog\/wp-content\/uploads\/2023\/07\/44-768x1024.jpeg\" alt=\"\" class=\"wp-image-20660\" srcset=\"http:\/\/traba.org\/trabablog\/wp-content\/uploads\/2023\/07\/44-768x1024.jpeg 768w, http:\/\/traba.org\/trabablog\/wp-content\/uploads\/2023\/07\/44-225x300.jpeg 225w, http:\/\/traba.org\/trabablog\/wp-content\/uploads\/2023\/07\/44.jpeg 960w\" sizes=\"auto, (max-width: 768px) 100vw, 768px\" \/><\/a><\/figure>\n<\/figure>\n\n\n\n<p>I m\u00e9s enll\u00e0 Cala Estreta, on sol\u00edem anar. No ens hi vam quedar per\u00f2 hi havia poca gent.<\/p>\n\n\n\n<figure class=\"wp-block-gallery has-nested-images columns-1 is-cropped wp-block-gallery-8 is-layout-flex wp-block-gallery-is-layout-flex\">\n<figure class=\"wp-block-image size-large\"><a href=\"http:\/\/www.traba.org\/trabablog\/wp-content\/uploads\/2023\/07\/60.jpeg\"><img loading=\"lazy\" decoding=\"async\" width=\"1024\" height=\"768\" data-id=\"20676\" src=\"http:\/\/www.traba.org\/trabablog\/wp-content\/uploads\/2023\/07\/60-1024x768.jpeg\" alt=\"\" class=\"wp-image-20676\" srcset=\"http:\/\/traba.org\/trabablog\/wp-content\/uploads\/2023\/07\/60-1024x768.jpeg 1024w, http:\/\/traba.org\/trabablog\/wp-content\/uploads\/2023\/07\/60-300x225.jpeg 300w, http:\/\/traba.org\/trabablog\/wp-content\/uploads\/2023\/07\/60-768x576.jpeg 768w, http:\/\/traba.org\/trabablog\/wp-content\/uploads\/2023\/07\/60.jpeg 1280w\" sizes=\"auto, (max-width: 1024px) 100vw, 1024px\" \/><\/a><\/figure>\n\n\n\n<figure class=\"wp-block-image size-large\"><a href=\"http:\/\/www.traba.org\/trabablog\/wp-content\/uploads\/2023\/07\/61.jpeg\"><img loading=\"lazy\" decoding=\"async\" width=\"1024\" height=\"768\" data-id=\"20677\" src=\"http:\/\/www.traba.org\/trabablog\/wp-content\/uploads\/2023\/07\/61-1024x768.jpeg\" alt=\"\" class=\"wp-image-20677\" srcset=\"http:\/\/traba.org\/trabablog\/wp-content\/uploads\/2023\/07\/61-1024x768.jpeg 1024w, http:\/\/traba.org\/trabablog\/wp-content\/uploads\/2023\/07\/61-300x225.jpeg 300w, http:\/\/traba.org\/trabablog\/wp-content\/uploads\/2023\/07\/61-768x576.jpeg 768w, http:\/\/traba.org\/trabablog\/wp-content\/uploads\/2023\/07\/61.jpeg 1280w\" sizes=\"auto, (max-width: 1024px) 100vw, 1024px\" \/><\/a><\/figure>\n\n\n\n<figure class=\"wp-block-image size-large\"><a href=\"http:\/\/www.traba.org\/trabablog\/wp-content\/uploads\/2023\/07\/62.jpeg\"><img loading=\"lazy\" decoding=\"async\" width=\"1024\" height=\"768\" data-id=\"20678\" src=\"http:\/\/www.traba.org\/trabablog\/wp-content\/uploads\/2023\/07\/62-1024x768.jpeg\" alt=\"\" class=\"wp-image-20678\" srcset=\"http:\/\/traba.org\/trabablog\/wp-content\/uploads\/2023\/07\/62-1024x768.jpeg 1024w, http:\/\/traba.org\/trabablog\/wp-content\/uploads\/2023\/07\/62-300x225.jpeg 300w, http:\/\/traba.org\/trabablog\/wp-content\/uploads\/2023\/07\/62-768x576.jpeg 768w, http:\/\/traba.org\/trabablog\/wp-content\/uploads\/2023\/07\/62.jpeg 1280w\" sizes=\"auto, (max-width: 1024px) 100vw, 1024px\" \/><\/a><\/figure>\n<\/figure>\n\n\n\n<p>Despr\u00e9s de Palam\u00f3s hi ha <strong>Palafrugell<\/strong>, que la fam\u00edlia deia all\u00f2 de \u00abun senyor de La Bisbal i un home de Palafrugell\u00bb. Ara que no em senten, jo em quedo amb Josep Pla i les platges \ud83d\ude42 La primera \u00e9s Calella, on la Mireia i la la Lola van fer una excursi\u00f3 des d&#8217;El Golfet, una platja verge on s&#8217;arriba en cotxe i que est\u00e0 molt b\u00e9 (en realitat est\u00e0 a 3km de Cala Estreta creuant Cap Roig, algun dia ho haurem de fer). Nom\u00e9s van fer una foto del cam\u00ed.<\/p>\n\n\n\n<figure class=\"wp-block-image size-large\"><a href=\"http:\/\/www.traba.org\/trabablog\/wp-content\/uploads\/2023\/07\/12.jpeg\"><img loading=\"lazy\" decoding=\"async\" width=\"1024\" height=\"768\" src=\"http:\/\/www.traba.org\/trabablog\/wp-content\/uploads\/2023\/07\/12-1024x768.jpeg\" alt=\"\" class=\"wp-image-20628\" srcset=\"http:\/\/traba.org\/trabablog\/wp-content\/uploads\/2023\/07\/12-1024x768.jpeg 1024w, http:\/\/traba.org\/trabablog\/wp-content\/uploads\/2023\/07\/12-300x225.jpeg 300w, http:\/\/traba.org\/trabablog\/wp-content\/uploads\/2023\/07\/12-768x576.jpeg 768w, http:\/\/traba.org\/trabablog\/wp-content\/uploads\/2023\/07\/12.jpeg 1280w\" sizes=\"auto, (max-width: 1024px) 100vw, 1024px\" \/><\/a><\/figure>\n\n\n\n<p>Mentre nosaltres les esper\u00e0vem fent una volta per Calella i un banyet a Port Bo.<\/p>\n\n\n\n<figure class=\"wp-block-gallery has-nested-images columns-1 is-cropped wp-block-gallery-9 is-layout-flex wp-block-gallery-is-layout-flex\">\n<figure class=\"wp-block-image size-large\"><a href=\"http:\/\/www.traba.org\/trabablog\/wp-content\/uploads\/2023\/07\/10.jpeg\"><img loading=\"lazy\" decoding=\"async\" width=\"1024\" height=\"768\" data-id=\"20626\" src=\"http:\/\/www.traba.org\/trabablog\/wp-content\/uploads\/2023\/07\/10-1024x768.jpeg\" alt=\"\" class=\"wp-image-20626\" srcset=\"http:\/\/traba.org\/trabablog\/wp-content\/uploads\/2023\/07\/10-1024x768.jpeg 1024w, http:\/\/traba.org\/trabablog\/wp-content\/uploads\/2023\/07\/10-300x225.jpeg 300w, http:\/\/traba.org\/trabablog\/wp-content\/uploads\/2023\/07\/10-768x576.jpeg 768w, http:\/\/traba.org\/trabablog\/wp-content\/uploads\/2023\/07\/10.jpeg 1280w\" sizes=\"auto, (max-width: 1024px) 100vw, 1024px\" \/><\/a><\/figure>\n\n\n\n<figure class=\"wp-block-image size-large\"><a href=\"http:\/\/www.traba.org\/trabablog\/wp-content\/uploads\/2023\/07\/11.jpeg\"><img loading=\"lazy\" decoding=\"async\" width=\"768\" height=\"1024\" data-id=\"20627\" src=\"http:\/\/www.traba.org\/trabablog\/wp-content\/uploads\/2023\/07\/11-768x1024.jpeg\" alt=\"\" class=\"wp-image-20627\" srcset=\"http:\/\/traba.org\/trabablog\/wp-content\/uploads\/2023\/07\/11-768x1024.jpeg 768w, http:\/\/traba.org\/trabablog\/wp-content\/uploads\/2023\/07\/11-225x300.jpeg 225w, http:\/\/traba.org\/trabablog\/wp-content\/uploads\/2023\/07\/11.jpeg 960w\" sizes=\"auto, (max-width: 768px) 100vw, 768px\" \/><\/a><\/figure>\n\n\n\n<figure class=\"wp-block-image size-large\"><a href=\"http:\/\/www.traba.org\/trabablog\/wp-content\/uploads\/2023\/07\/13.jpeg\"><img loading=\"lazy\" decoding=\"async\" width=\"1024\" height=\"768\" data-id=\"20629\" src=\"http:\/\/www.traba.org\/trabablog\/wp-content\/uploads\/2023\/07\/13-1024x768.jpeg\" alt=\"\" class=\"wp-image-20629\" srcset=\"http:\/\/traba.org\/trabablog\/wp-content\/uploads\/2023\/07\/13-1024x768.jpeg 1024w, http:\/\/traba.org\/trabablog\/wp-content\/uploads\/2023\/07\/13-300x225.jpeg 300w, http:\/\/traba.org\/trabablog\/wp-content\/uploads\/2023\/07\/13-768x576.jpeg 768w, http:\/\/traba.org\/trabablog\/wp-content\/uploads\/2023\/07\/13.jpeg 1280w\" sizes=\"auto, (max-width: 1024px) 100vw, 1024px\" \/><\/a><\/figure>\n\n\n\n<figure class=\"wp-block-image size-large\"><a href=\"http:\/\/www.traba.org\/trabablog\/wp-content\/uploads\/2023\/07\/14.jpeg\"><img loading=\"lazy\" decoding=\"async\" width=\"1024\" height=\"768\" data-id=\"20630\" src=\"http:\/\/www.traba.org\/trabablog\/wp-content\/uploads\/2023\/07\/14-1024x768.jpeg\" alt=\"\" class=\"wp-image-20630\" srcset=\"http:\/\/traba.org\/trabablog\/wp-content\/uploads\/2023\/07\/14-1024x768.jpeg 1024w, http:\/\/traba.org\/trabablog\/wp-content\/uploads\/2023\/07\/14-300x225.jpeg 300w, http:\/\/traba.org\/trabablog\/wp-content\/uploads\/2023\/07\/14-768x576.jpeg 768w, http:\/\/traba.org\/trabablog\/wp-content\/uploads\/2023\/07\/14.jpeg 1280w\" sizes=\"auto, (max-width: 1024px) 100vw, 1024px\" \/><\/a><\/figure>\n<\/figure>\n\n\n\n<p>Ja tots junts.<\/p>\n\n\n\n<figure class=\"wp-block-gallery has-nested-images columns-default is-cropped wp-block-gallery-10 is-layout-flex wp-block-gallery-is-layout-flex\">\n<figure class=\"wp-block-image size-large\"><a href=\"http:\/\/www.traba.org\/trabablog\/wp-content\/uploads\/2023\/07\/15.jpeg\"><img loading=\"lazy\" decoding=\"async\" width=\"1024\" height=\"768\" data-id=\"20631\" src=\"http:\/\/www.traba.org\/trabablog\/wp-content\/uploads\/2023\/07\/15-1024x768.jpeg\" alt=\"\" class=\"wp-image-20631\" srcset=\"http:\/\/traba.org\/trabablog\/wp-content\/uploads\/2023\/07\/15-1024x768.jpeg 1024w, http:\/\/traba.org\/trabablog\/wp-content\/uploads\/2023\/07\/15-300x225.jpeg 300w, http:\/\/traba.org\/trabablog\/wp-content\/uploads\/2023\/07\/15-768x576.jpeg 768w, http:\/\/traba.org\/trabablog\/wp-content\/uploads\/2023\/07\/15.jpeg 1280w\" sizes=\"auto, (max-width: 1024px) 100vw, 1024px\" \/><\/a><\/figure>\n\n\n\n<figure class=\"wp-block-image size-large\"><a href=\"http:\/\/www.traba.org\/trabablog\/wp-content\/uploads\/2023\/07\/16.jpeg\"><img loading=\"lazy\" decoding=\"async\" width=\"1024\" height=\"1024\" data-id=\"20632\" src=\"http:\/\/www.traba.org\/trabablog\/wp-content\/uploads\/2023\/07\/16-1024x1024.jpeg\" alt=\"\" class=\"wp-image-20632\" srcset=\"http:\/\/traba.org\/trabablog\/wp-content\/uploads\/2023\/07\/16-1024x1024.jpeg 1024w, http:\/\/traba.org\/trabablog\/wp-content\/uploads\/2023\/07\/16-300x300.jpeg 300w, http:\/\/traba.org\/trabablog\/wp-content\/uploads\/2023\/07\/16-150x150.jpeg 150w, http:\/\/traba.org\/trabablog\/wp-content\/uploads\/2023\/07\/16-768x768.jpeg 768w, http:\/\/traba.org\/trabablog\/wp-content\/uploads\/2023\/07\/16-610x610.jpeg 610w, http:\/\/traba.org\/trabablog\/wp-content\/uploads\/2023\/07\/16.jpeg 1280w\" sizes=\"auto, (max-width: 1024px) 100vw, 1024px\" \/><\/a><\/figure>\n<\/figure>\n\n\n\n<p>Sopar a les afores.<\/p>\n\n\n\n<figure class=\"wp-block-gallery has-nested-images columns-1 is-cropped wp-block-gallery-11 is-layout-flex wp-block-gallery-is-layout-flex\">\n<figure class=\"wp-block-image size-large\"><a href=\"http:\/\/www.traba.org\/trabablog\/wp-content\/uploads\/2023\/07\/17.jpeg\"><img loading=\"lazy\" decoding=\"async\" width=\"1024\" height=\"768\" data-id=\"20633\" src=\"http:\/\/www.traba.org\/trabablog\/wp-content\/uploads\/2023\/07\/17-1024x768.jpeg\" alt=\"\" class=\"wp-image-20633\" srcset=\"http:\/\/traba.org\/trabablog\/wp-content\/uploads\/2023\/07\/17-1024x768.jpeg 1024w, http:\/\/traba.org\/trabablog\/wp-content\/uploads\/2023\/07\/17-300x225.jpeg 300w, http:\/\/traba.org\/trabablog\/wp-content\/uploads\/2023\/07\/17-768x576.jpeg 768w, http:\/\/traba.org\/trabablog\/wp-content\/uploads\/2023\/07\/17.jpeg 1280w\" sizes=\"auto, (max-width: 1024px) 100vw, 1024px\" \/><\/a><\/figure>\n\n\n\n<figure class=\"wp-block-image size-large\"><a href=\"http:\/\/www.traba.org\/trabablog\/wp-content\/uploads\/2023\/07\/18.jpeg\"><img loading=\"lazy\" decoding=\"async\" width=\"1024\" height=\"768\" data-id=\"20634\" src=\"http:\/\/www.traba.org\/trabablog\/wp-content\/uploads\/2023\/07\/18-1024x768.jpeg\" alt=\"\" class=\"wp-image-20634\" srcset=\"http:\/\/traba.org\/trabablog\/wp-content\/uploads\/2023\/07\/18-1024x768.jpeg 1024w, http:\/\/traba.org\/trabablog\/wp-content\/uploads\/2023\/07\/18-300x225.jpeg 300w, http:\/\/traba.org\/trabablog\/wp-content\/uploads\/2023\/07\/18-768x576.jpeg 768w, http:\/\/traba.org\/trabablog\/wp-content\/uploads\/2023\/07\/18.jpeg 1280w\" sizes=\"auto, (max-width: 1024px) 100vw, 1024px\" \/><\/a><\/figure>\n\n\n\n<figure class=\"wp-block-image size-large\"><a href=\"http:\/\/www.traba.org\/trabablog\/wp-content\/uploads\/2023\/07\/19.jpeg\"><img loading=\"lazy\" decoding=\"async\" width=\"768\" height=\"1024\" data-id=\"20635\" src=\"http:\/\/www.traba.org\/trabablog\/wp-content\/uploads\/2023\/07\/19-768x1024.jpeg\" alt=\"\" class=\"wp-image-20635\" srcset=\"http:\/\/traba.org\/trabablog\/wp-content\/uploads\/2023\/07\/19-768x1024.jpeg 768w, http:\/\/traba.org\/trabablog\/wp-content\/uploads\/2023\/07\/19-225x300.jpeg 225w, http:\/\/traba.org\/trabablog\/wp-content\/uploads\/2023\/07\/19.jpeg 960w\" sizes=\"auto, (max-width: 768px) 100vw, 768px\" \/><\/a><\/figure>\n\n\n\n<figure class=\"wp-block-image size-large\"><a href=\"http:\/\/www.traba.org\/trabablog\/wp-content\/uploads\/2023\/07\/20.jpeg\"><img loading=\"lazy\" decoding=\"async\" width=\"768\" height=\"1024\" data-id=\"20636\" src=\"http:\/\/www.traba.org\/trabablog\/wp-content\/uploads\/2023\/07\/20-768x1024.jpeg\" alt=\"\" class=\"wp-image-20636\" srcset=\"http:\/\/traba.org\/trabablog\/wp-content\/uploads\/2023\/07\/20-768x1024.jpeg 768w, http:\/\/traba.org\/trabablog\/wp-content\/uploads\/2023\/07\/20-225x300.jpeg 225w, http:\/\/traba.org\/trabablog\/wp-content\/uploads\/2023\/07\/20.jpeg 960w\" sizes=\"auto, (max-width: 768px) 100vw, 768px\" \/><\/a><\/figure>\n\n\n\n<figure class=\"wp-block-image size-large\"><a href=\"http:\/\/www.traba.org\/trabablog\/wp-content\/uploads\/2023\/07\/21.jpeg\"><img loading=\"lazy\" decoding=\"async\" width=\"1024\" height=\"768\" data-id=\"20637\" src=\"http:\/\/www.traba.org\/trabablog\/wp-content\/uploads\/2023\/07\/21-1024x768.jpeg\" alt=\"\" class=\"wp-image-20637\" srcset=\"http:\/\/traba.org\/trabablog\/wp-content\/uploads\/2023\/07\/21-1024x768.jpeg 1024w, http:\/\/traba.org\/trabablog\/wp-content\/uploads\/2023\/07\/21-300x225.jpeg 300w, http:\/\/traba.org\/trabablog\/wp-content\/uploads\/2023\/07\/21-768x576.jpeg 768w, http:\/\/traba.org\/trabablog\/wp-content\/uploads\/2023\/07\/21.jpeg 1280w\" sizes=\"auto, (max-width: 1024px) 100vw, 1024px\" \/><\/a><\/figure>\n\n\n\n<figure class=\"wp-block-image size-large\"><a href=\"http:\/\/www.traba.org\/trabablog\/wp-content\/uploads\/2023\/07\/22.jpeg\"><img loading=\"lazy\" decoding=\"async\" width=\"1024\" height=\"768\" data-id=\"20638\" src=\"http:\/\/www.traba.org\/trabablog\/wp-content\/uploads\/2023\/07\/22-1024x768.jpeg\" alt=\"\" class=\"wp-image-20638\" srcset=\"http:\/\/traba.org\/trabablog\/wp-content\/uploads\/2023\/07\/22-1024x768.jpeg 1024w, http:\/\/traba.org\/trabablog\/wp-content\/uploads\/2023\/07\/22-300x225.jpeg 300w, http:\/\/traba.org\/trabablog\/wp-content\/uploads\/2023\/07\/22-768x576.jpeg 768w, http:\/\/traba.org\/trabablog\/wp-content\/uploads\/2023\/07\/22.jpeg 1280w\" sizes=\"auto, (max-width: 1024px) 100vw, 1024px\" \/><\/a><\/figure>\n<\/figure>\n\n\n\n<p>I foto robada de bany nocturn.<\/p>\n\n\n\n<figure class=\"wp-block-gallery has-nested-images columns-1 wp-block-gallery-12 is-layout-flex wp-block-gallery-is-layout-flex\">\n<figure class=\"wp-block-image size-large\"><a href=\"http:\/\/www.traba.org\/trabablog\/wp-content\/uploads\/2023\/07\/24.jpeg\"><img loading=\"lazy\" decoding=\"async\" width=\"1024\" height=\"768\" data-id=\"20640\" src=\"http:\/\/www.traba.org\/trabablog\/wp-content\/uploads\/2023\/07\/24-1024x768.jpeg\" alt=\"\" class=\"wp-image-20640\" srcset=\"http:\/\/traba.org\/trabablog\/wp-content\/uploads\/2023\/07\/24-1024x768.jpeg 1024w, http:\/\/traba.org\/trabablog\/wp-content\/uploads\/2023\/07\/24-300x225.jpeg 300w, http:\/\/traba.org\/trabablog\/wp-content\/uploads\/2023\/07\/24-768x576.jpeg 768w, http:\/\/traba.org\/trabablog\/wp-content\/uploads\/2023\/07\/24.jpeg 1280w\" sizes=\"auto, (max-width: 1024px) 100vw, 1024px\" \/><\/a><\/figure>\n\n\n\n<figure class=\"wp-block-image size-large\"><a href=\"http:\/\/www.traba.org\/trabablog\/wp-content\/uploads\/2023\/07\/23.jpeg\"><img loading=\"lazy\" decoding=\"async\" width=\"768\" height=\"1024\" data-id=\"20639\" src=\"http:\/\/www.traba.org\/trabablog\/wp-content\/uploads\/2023\/07\/23-768x1024.jpeg\" alt=\"\" class=\"wp-image-20639\" srcset=\"http:\/\/traba.org\/trabablog\/wp-content\/uploads\/2023\/07\/23-768x1024.jpeg 768w, http:\/\/traba.org\/trabablog\/wp-content\/uploads\/2023\/07\/23-225x300.jpeg 225w, http:\/\/traba.org\/trabablog\/wp-content\/uploads\/2023\/07\/23.jpeg 960w\" sizes=\"auto, (max-width: 768px) 100vw, 768px\" \/><\/a><\/figure>\n<\/figure>\n\n\n\n<p>Despr\u00e9s de Calella hi ha Llafranc, lloc tradicional de bany dels meus pares. Peixets.<\/p>\n\n\n\n<figure class=\"wp-block-image size-large\"><a href=\"http:\/\/www.traba.org\/trabablog\/wp-content\/uploads\/2023\/07\/6.jpeg\"><img loading=\"lazy\" decoding=\"async\" width=\"1024\" height=\"768\" src=\"http:\/\/www.traba.org\/trabablog\/wp-content\/uploads\/2023\/07\/6-1024x768.jpeg\" alt=\"\" class=\"wp-image-20622\" srcset=\"http:\/\/traba.org\/trabablog\/wp-content\/uploads\/2023\/07\/6-1024x768.jpeg 1024w, http:\/\/traba.org\/trabablog\/wp-content\/uploads\/2023\/07\/6-300x225.jpeg 300w, http:\/\/traba.org\/trabablog\/wp-content\/uploads\/2023\/07\/6-768x576.jpeg 768w, http:\/\/traba.org\/trabablog\/wp-content\/uploads\/2023\/07\/6.jpeg 1280w\" sizes=\"auto, (max-width: 1024px) 100vw, 1024px\" \/><\/a><\/figure>\n\n\n\n<figure class=\"wp-block-video\"><video height=\"360\" style=\"aspect-ratio: 640 \/ 360;\" width=\"640\" controls src=\"http:\/\/www.traba.org\/trabablog\/wp-content\/uploads\/2023\/07\/5.mov\"><\/video><\/figure>\n\n\n\n<p>I despr\u00e9s de sopar, una mica de NFL.<\/p>\n\n\n\n<figure class=\"wp-block-image size-large\"><a href=\"http:\/\/www.traba.org\/trabablog\/wp-content\/uploads\/2023\/07\/7.jpeg\"><img loading=\"lazy\" decoding=\"async\" width=\"1024\" height=\"768\" src=\"http:\/\/www.traba.org\/trabablog\/wp-content\/uploads\/2023\/07\/7-1024x768.jpeg\" alt=\"\" class=\"wp-image-20623\" srcset=\"http:\/\/traba.org\/trabablog\/wp-content\/uploads\/2023\/07\/7-1024x768.jpeg 1024w, http:\/\/traba.org\/trabablog\/wp-content\/uploads\/2023\/07\/7-300x225.jpeg 300w, http:\/\/traba.org\/trabablog\/wp-content\/uploads\/2023\/07\/7-768x576.jpeg 768w, http:\/\/traba.org\/trabablog\/wp-content\/uploads\/2023\/07\/7.jpeg 1280w\" sizes=\"auto, (max-width: 1024px) 100vw, 1024px\" \/><\/a><\/figure>\n\n\n\n<p>I m\u00e9s enll\u00e0 Tamariu, on diria que no he estat mai i l&#8217;\u00fanic que s\u00e9 \u00e9s que hi ha un c\u00e0mping on van robar a l&#8217;Anna i el Poly quan jo era petit i estava justament a Llafranc amb els meus pares.<\/p>\n\n\n\n<p>Seguint cap al nord hi ha <strong>Begur <\/strong>(mai recordo si an\u00e0vem a Aiguafreda o Aiguablava, ho haureu de buscar al blog) i <strong>Pals <\/strong>(sol\u00edem anar a Illa Roja), per\u00f2 aquest cop no hem anat a cap dels dos. <\/p>\n\n\n\n<p>M\u00e9s amunt ja hi ha <strong>Torroella<\/strong>, on hav\u00edem anat alguna vegada a la Gola del Ter i sempre hem dit de tornar-hi. En canvi l&#8217;Estartit mai ens ha cridat massa, potser hem tingut mala sort per\u00f2 sempre ens hi ha fet vent i no solem anar-hi. Ara acabo de descobrir, per\u00f2, que Cala Montg\u00f3 pertany a Torroella, jo sempre havia pensat que ja era de l&#8217;Escala. Algun dia hem de fer l&#8217;excursi\u00f3 de Cala Montg\u00f3 a l&#8217;Estartit, que n&#8217;hav\u00edem fet un tros amb <a href=\"http:\/\/www.traba.org\/trabablog\/?p=9100\">la Lola molt petita<\/a> i era xulo. Queda pendent.<\/p>\n\n\n\n<figure class=\"wp-block-image size-full\"><a href=\"http:\/\/www.traba.org\/trabablog\/wp-content\/uploads\/2023\/07\/image.png\"><img loading=\"lazy\" decoding=\"async\" width=\"800\" height=\"600\" src=\"http:\/\/www.traba.org\/trabablog\/wp-content\/uploads\/2023\/07\/image.png\" alt=\"\" class=\"wp-image-20609\" srcset=\"http:\/\/traba.org\/trabablog\/wp-content\/uploads\/2023\/07\/image.png 800w, http:\/\/traba.org\/trabablog\/wp-content\/uploads\/2023\/07\/image-300x225.png 300w, http:\/\/traba.org\/trabablog\/wp-content\/uploads\/2023\/07\/image-768x576.png 768w\" sizes=\"auto, (max-width: 800px) 100vw, 800px\" \/><\/a><\/figure>\n\n\n\n<p>Despr\u00e9s d&#8217;aix\u00f2 ja passem a l&#8217;Alt Empord\u00e0. Sempre hem sigut molt d&#8217;<strong>Emp\u00faries<\/strong>, aquest any hi hem anat un parell de cops (ll\u00e0stima de llei de costes que ha fet enderrocar el nostre xiringuito preferit). El primer dia amb la Rita, amb sopar incl\u00f2s al jard\u00ed de casa seva.<\/p>\n\n\n\n<figure class=\"wp-block-image size-large\"><a href=\"http:\/\/www.traba.org\/trabablog\/wp-content\/uploads\/2023\/07\/4.jpeg\"><img loading=\"lazy\" decoding=\"async\" width=\"1024\" height=\"576\" src=\"http:\/\/www.traba.org\/trabablog\/wp-content\/uploads\/2023\/07\/4-1024x576.jpeg\" alt=\"\" class=\"wp-image-20620\" srcset=\"http:\/\/traba.org\/trabablog\/wp-content\/uploads\/2023\/07\/4-1024x576.jpeg 1024w, http:\/\/traba.org\/trabablog\/wp-content\/uploads\/2023\/07\/4-300x169.jpeg 300w, http:\/\/traba.org\/trabablog\/wp-content\/uploads\/2023\/07\/4-768x432.jpeg 768w, http:\/\/traba.org\/trabablog\/wp-content\/uploads\/2023\/07\/4.jpeg 1280w\" sizes=\"auto, (max-width: 1024px) 100vw, 1024px\" \/><\/a><\/figure>\n\n\n\n<p>I l&#8217;altre a recollir les ulleres que ens hi hav\u00edem deixat.<\/p>\n\n\n\n<figure class=\"wp-block-image size-large\"><a href=\"http:\/\/www.traba.org\/trabablog\/wp-content\/uploads\/2023\/07\/29.jpeg\"><img loading=\"lazy\" decoding=\"async\" width=\"1024\" height=\"768\" src=\"http:\/\/www.traba.org\/trabablog\/wp-content\/uploads\/2023\/07\/29-1024x768.jpeg\" alt=\"\" class=\"wp-image-20645\" srcset=\"http:\/\/traba.org\/trabablog\/wp-content\/uploads\/2023\/07\/29-1024x768.jpeg 1024w, http:\/\/traba.org\/trabablog\/wp-content\/uploads\/2023\/07\/29-300x225.jpeg 300w, http:\/\/traba.org\/trabablog\/wp-content\/uploads\/2023\/07\/29-768x576.jpeg 768w, http:\/\/traba.org\/trabablog\/wp-content\/uploads\/2023\/07\/29.jpeg 1280w\" sizes=\"auto, (max-width: 1024px) 100vw, 1024px\" \/><\/a><\/figure>\n\n\n\n<p>I a passejar fins l&#8217;Escala.<\/p>\n\n\n\n<figure class=\"wp-block-gallery has-nested-images columns-default is-cropped wp-block-gallery-13 is-layout-flex wp-block-gallery-is-layout-flex\">\n<figure class=\"wp-block-image size-large\"><a href=\"http:\/\/www.traba.org\/trabablog\/wp-content\/uploads\/2023\/07\/30.jpeg\"><img loading=\"lazy\" decoding=\"async\" width=\"1024\" height=\"768\" data-id=\"20646\" src=\"http:\/\/www.traba.org\/trabablog\/wp-content\/uploads\/2023\/07\/30-1024x768.jpeg\" alt=\"\" class=\"wp-image-20646\" srcset=\"http:\/\/traba.org\/trabablog\/wp-content\/uploads\/2023\/07\/30-1024x768.jpeg 1024w, http:\/\/traba.org\/trabablog\/wp-content\/uploads\/2023\/07\/30-300x225.jpeg 300w, http:\/\/traba.org\/trabablog\/wp-content\/uploads\/2023\/07\/30-768x576.jpeg 768w, http:\/\/traba.org\/trabablog\/wp-content\/uploads\/2023\/07\/30.jpeg 1280w\" sizes=\"auto, (max-width: 1024px) 100vw, 1024px\" \/><\/a><\/figure>\n\n\n\n<figure class=\"wp-block-image size-large\"><a href=\"http:\/\/www.traba.org\/trabablog\/wp-content\/uploads\/2023\/07\/31.jpeg\"><img loading=\"lazy\" decoding=\"async\" width=\"768\" height=\"1024\" data-id=\"20647\" src=\"http:\/\/www.traba.org\/trabablog\/wp-content\/uploads\/2023\/07\/31-768x1024.jpeg\" alt=\"\" class=\"wp-image-20647\" srcset=\"http:\/\/traba.org\/trabablog\/wp-content\/uploads\/2023\/07\/31-768x1024.jpeg 768w, http:\/\/traba.org\/trabablog\/wp-content\/uploads\/2023\/07\/31-225x300.jpeg 225w, http:\/\/traba.org\/trabablog\/wp-content\/uploads\/2023\/07\/31.jpeg 960w\" sizes=\"auto, (max-width: 768px) 100vw, 768px\" \/><\/a><\/figure>\n<\/figure>\n\n\n\n<p>Els xiquets que juguen.<\/p>\n\n\n\n<figure class=\"wp-block-gallery has-nested-images columns-1 is-cropped wp-block-gallery-14 is-layout-flex wp-block-gallery-is-layout-flex\">\n<figure class=\"wp-block-image size-large\"><a href=\"http:\/\/www.traba.org\/trabablog\/wp-content\/uploads\/2023\/07\/32.jpeg\"><img loading=\"lazy\" decoding=\"async\" width=\"768\" height=\"1024\" data-id=\"20648\" src=\"http:\/\/www.traba.org\/trabablog\/wp-content\/uploads\/2023\/07\/32-768x1024.jpeg\" alt=\"\" class=\"wp-image-20648\" srcset=\"http:\/\/traba.org\/trabablog\/wp-content\/uploads\/2023\/07\/32-768x1024.jpeg 768w, http:\/\/traba.org\/trabablog\/wp-content\/uploads\/2023\/07\/32-225x300.jpeg 225w, http:\/\/traba.org\/trabablog\/wp-content\/uploads\/2023\/07\/32.jpeg 960w\" sizes=\"auto, (max-width: 768px) 100vw, 768px\" \/><\/a><\/figure>\n\n\n\n<figure class=\"wp-block-image size-large\"><a href=\"http:\/\/www.traba.org\/trabablog\/wp-content\/uploads\/2023\/07\/33.jpeg\"><img loading=\"lazy\" decoding=\"async\" width=\"1024\" height=\"768\" data-id=\"20649\" src=\"http:\/\/www.traba.org\/trabablog\/wp-content\/uploads\/2023\/07\/33-1024x768.jpeg\" alt=\"\" class=\"wp-image-20649\" srcset=\"http:\/\/traba.org\/trabablog\/wp-content\/uploads\/2023\/07\/33-1024x768.jpeg 1024w, http:\/\/traba.org\/trabablog\/wp-content\/uploads\/2023\/07\/33-300x225.jpeg 300w, http:\/\/traba.org\/trabablog\/wp-content\/uploads\/2023\/07\/33-768x576.jpeg 768w, http:\/\/traba.org\/trabablog\/wp-content\/uploads\/2023\/07\/33.jpeg 1280w\" sizes=\"auto, (max-width: 1024px) 100vw, 1024px\" \/><\/a><\/figure>\n<\/figure>\n\n\n\n<p>El F\u00e8lix en la seva activitat preferida a les platges: visitar altres fam\u00edlies \ud83d\ude09 S&#8217;hi pot passar tota la tarda, de fet ell diu que va a la platja per con\u00e8ixer amics.<\/p>\n\n\n\n<figure class=\"wp-block-image size-large\"><a href=\"http:\/\/www.traba.org\/trabablog\/wp-content\/uploads\/2023\/07\/34.jpeg\"><img loading=\"lazy\" decoding=\"async\" width=\"1024\" height=\"768\" src=\"http:\/\/www.traba.org\/trabablog\/wp-content\/uploads\/2023\/07\/34-1024x768.jpeg\" alt=\"\" class=\"wp-image-20650\" srcset=\"http:\/\/traba.org\/trabablog\/wp-content\/uploads\/2023\/07\/34-1024x768.jpeg 1024w, http:\/\/traba.org\/trabablog\/wp-content\/uploads\/2023\/07\/34-300x225.jpeg 300w, http:\/\/traba.org\/trabablog\/wp-content\/uploads\/2023\/07\/34-768x576.jpeg 768w, http:\/\/traba.org\/trabablog\/wp-content\/uploads\/2023\/07\/34.jpeg 1280w\" sizes=\"auto, (max-width: 1024px) 100vw, 1024px\" \/><\/a><\/figure>\n\n\n\n<p>I ja de tornada cap a Emp\u00faries.<\/p>\n\n\n\n<figure class=\"wp-block-gallery has-nested-images columns-1 is-cropped wp-block-gallery-15 is-layout-flex wp-block-gallery-is-layout-flex\">\n<figure class=\"wp-block-image size-large\"><a href=\"http:\/\/www.traba.org\/trabablog\/wp-content\/uploads\/2023\/07\/35.jpeg\"><img loading=\"lazy\" decoding=\"async\" width=\"768\" height=\"1024\" data-id=\"20651\" src=\"http:\/\/www.traba.org\/trabablog\/wp-content\/uploads\/2023\/07\/35-768x1024.jpeg\" alt=\"\" class=\"wp-image-20651\" srcset=\"http:\/\/traba.org\/trabablog\/wp-content\/uploads\/2023\/07\/35-768x1024.jpeg 768w, http:\/\/traba.org\/trabablog\/wp-content\/uploads\/2023\/07\/35-225x300.jpeg 225w, http:\/\/traba.org\/trabablog\/wp-content\/uploads\/2023\/07\/35.jpeg 960w\" sizes=\"auto, (max-width: 768px) 100vw, 768px\" \/><\/a><\/figure>\n\n\n\n<figure class=\"wp-block-image size-large\"><a href=\"http:\/\/www.traba.org\/trabablog\/wp-content\/uploads\/2023\/07\/36.jpeg\"><img loading=\"lazy\" decoding=\"async\" width=\"1024\" height=\"768\" data-id=\"20652\" src=\"http:\/\/www.traba.org\/trabablog\/wp-content\/uploads\/2023\/07\/36-1024x768.jpeg\" alt=\"\" class=\"wp-image-20652\" srcset=\"http:\/\/traba.org\/trabablog\/wp-content\/uploads\/2023\/07\/36-1024x768.jpeg 1024w, http:\/\/traba.org\/trabablog\/wp-content\/uploads\/2023\/07\/36-300x225.jpeg 300w, http:\/\/traba.org\/trabablog\/wp-content\/uploads\/2023\/07\/36-768x576.jpeg 768w, http:\/\/traba.org\/trabablog\/wp-content\/uploads\/2023\/07\/36.jpeg 1280w\" sizes=\"auto, (max-width: 1024px) 100vw, 1024px\" \/><\/a><\/figure>\n<\/figure>\n\n\n\n<p>Si finalment heretem el lloguer de la Rita, ens dedicarem a explorar qu\u00e8 hi ha nord enll\u00e0, a les terres inh\u00f2spites de l&#8217;Alt Empord\u00e0.<\/p>\n","protected":false},"excerpt":{"rendered":"<p>Com ja \u00e9s tradici\u00f3, hem passat l&#8217;\u00faltima setmana de juny a Fonolleres. Degut a la nostra pol\u00edtica de desintoxicaci\u00f3 de m\u00f2bil, aquesta vegada hi ha poques fotos. A Can Planas&#8230;<\/p>\n","protected":false},"author":2,"featured_media":20659,"comment_status":"open","ping_status":"open","sticky":false,"template":"","format":"standard","meta":{"_monsterinsights_skip_tracking":false,"_monsterinsights_sitenote_active":false,"_monsterinsights_sitenote_note":"","_monsterinsights_sitenote_category":0,"footnotes":""},"categories":[28,4],"tags":[],"class_list":["post-20608","post","type-post","status-publish","format-standard","has-post-thumbnail","hentry","category-ordinary-days","category-vacances"],"_links":{"self":[{"href":"http:\/\/traba.org\/trabablog\/index.php?rest_route=\/wp\/v2\/posts\/20608","targetHints":{"allow":["GET"]}}],"collection":[{"href":"http:\/\/traba.org\/trabablog\/index.php?rest_route=\/wp\/v2\/posts"}],"about":[{"href":"http:\/\/traba.org\/trabablog\/index.php?rest_route=\/wp\/v2\/types\/post"}],"author":[{"embeddable":true,"href":"http:\/\/traba.org\/trabablog\/index.php?rest_route=\/wp\/v2\/users\/2"}],"replies":[{"embeddable":true,"href":"http:\/\/traba.org\/trabablog\/index.php?rest_route=%2Fwp%2Fv2%2Fcomments&post=20608"}],"version-history":[{"count":16,"href":"http:\/\/traba.org\/trabablog\/index.php?rest_route=\/wp\/v2\/posts\/20608\/revisions"}],"predecessor-version":[{"id":20695,"href":"http:\/\/traba.org\/trabablog\/index.php?rest_route=\/wp\/v2\/posts\/20608\/revisions\/20695"}],"wp:featuredmedia":[{"embeddable":true,"href":"http:\/\/traba.org\/trabablog\/index.php?rest_route=\/wp\/v2\/media\/20659"}],"wp:attachment":[{"href":"http:\/\/traba.org\/trabablog\/index.php?rest_route=%2Fwp%2Fv2%2Fmedia&parent=20608"}],"wp:term":[{"taxonomy":"category","embeddable":true,"href":"http:\/\/traba.org\/trabablog\/index.php?rest_route=%2Fwp%2Fv2%2Fcategories&post=20608"},{"taxonomy":"post_tag","embeddable":true,"href":"http:\/\/traba.org\/trabablog\/index.php?rest_route=%2Fwp%2Fv2%2Ftags&post=20608"}],"curies":[{"name":"wp","href":"https:\/\/api.w.org\/{rel}","templated":true}]}}