{"id":20697,"date":"2023-07-22T12:54:31","date_gmt":"2023-07-22T10:54:31","guid":{"rendered":"http:\/\/www.traba.org\/trabablog\/?p=20697"},"modified":"2023-07-22T20:51:34","modified_gmt":"2023-07-22T18:51:34","slug":"qualsevol-nit-pot-sortir-el-sol","status":"publish","type":"post","link":"http:\/\/traba.org\/trabablog\/?p=20697","title":{"rendered":"qualsevol nit pot sortir el sol"},"content":{"rendered":"\n<p>Doncs 5 anys i una pand\u00e8mia despr\u00e9s ja tornem a ser a Isl\u00e0ndia fugint de la calor! Comencem amb un intercanvi de 10 dies a Reykjavik.<\/p>\n\n\n\n<figure class=\"wp-block-image size-large\"><a href=\"http:\/\/www.traba.org\/trabablog\/wp-content\/uploads\/2023\/07\/PXL_20230713_172056625.jpeg\"><img loading=\"lazy\" decoding=\"async\" width=\"1024\" height=\"768\" src=\"http:\/\/www.traba.org\/trabablog\/wp-content\/uploads\/2023\/07\/PXL_20230713_172056625-1024x768.jpeg\" alt=\"\" class=\"wp-image-20729\" srcset=\"http:\/\/traba.org\/trabablog\/wp-content\/uploads\/2023\/07\/PXL_20230713_172056625-1024x768.jpeg 1024w, http:\/\/traba.org\/trabablog\/wp-content\/uploads\/2023\/07\/PXL_20230713_172056625-300x225.jpeg 300w, http:\/\/traba.org\/trabablog\/wp-content\/uploads\/2023\/07\/PXL_20230713_172056625-768x576.jpeg 768w, http:\/\/traba.org\/trabablog\/wp-content\/uploads\/2023\/07\/PXL_20230713_172056625-1536x1152.jpeg 1536w, http:\/\/traba.org\/trabablog\/wp-content\/uploads\/2023\/07\/PXL_20230713_172056625-2048x1536.jpeg 2048w\" sizes=\"auto, (max-width: 1024px) 100vw, 1024px\" \/><\/a><\/figure>\n\n\n\n<p>Amb jard\u00ed i tot.<\/p>\n\n\n\n<figure class=\"wp-block-image size-large\"><a href=\"http:\/\/www.traba.org\/trabablog\/wp-content\/uploads\/2023\/07\/PXL_20230716_184301548.jpeg\"><img loading=\"lazy\" decoding=\"async\" width=\"1024\" height=\"768\" src=\"http:\/\/www.traba.org\/trabablog\/wp-content\/uploads\/2023\/07\/PXL_20230716_184301548-1024x768.jpeg\" alt=\"\" class=\"wp-image-20730\" srcset=\"http:\/\/traba.org\/trabablog\/wp-content\/uploads\/2023\/07\/PXL_20230716_184301548-1024x768.jpeg 1024w, http:\/\/traba.org\/trabablog\/wp-content\/uploads\/2023\/07\/PXL_20230716_184301548-300x225.jpeg 300w, http:\/\/traba.org\/trabablog\/wp-content\/uploads\/2023\/07\/PXL_20230716_184301548-768x576.jpeg 768w, http:\/\/traba.org\/trabablog\/wp-content\/uploads\/2023\/07\/PXL_20230716_184301548-1536x1152.jpeg 1536w, http:\/\/traba.org\/trabablog\/wp-content\/uploads\/2023\/07\/PXL_20230716_184301548-2048x1536.jpeg 2048w\" sizes=\"auto, (max-width: 1024px) 100vw, 1024px\" \/><\/a><\/figure>\n\n\n\n<p>Quan vam arribar el sol es ponia cap a les 23:30 i sortia a les 3:30, per\u00f2 entremig no es fa gens de nit sin\u00f3 m\u00e9s aviat com un capvespre llarg. Mai hav\u00edem vingut tan prop de Sant Joan i la veritat que \u00e9s xulo. No hem ni enc\u00e8s les llums de casa!<\/p>\n\n\n\n<figure class=\"wp-block-image size-large\"><a href=\"http:\/\/www.traba.org\/trabablog\/wp-content\/uploads\/2023\/07\/PXL_20230715_231139624.jpeg\"><img loading=\"lazy\" decoding=\"async\" width=\"1024\" height=\"768\" src=\"http:\/\/www.traba.org\/trabablog\/wp-content\/uploads\/2023\/07\/PXL_20230715_231139624-1024x768.jpeg\" alt=\"\" class=\"wp-image-20731\" srcset=\"http:\/\/traba.org\/trabablog\/wp-content\/uploads\/2023\/07\/PXL_20230715_231139624-1024x768.jpeg 1024w, http:\/\/traba.org\/trabablog\/wp-content\/uploads\/2023\/07\/PXL_20230715_231139624-300x225.jpeg 300w, http:\/\/traba.org\/trabablog\/wp-content\/uploads\/2023\/07\/PXL_20230715_231139624-768x576.jpeg 768w, http:\/\/traba.org\/trabablog\/wp-content\/uploads\/2023\/07\/PXL_20230715_231139624-1536x1152.jpeg 1536w, http:\/\/traba.org\/trabablog\/wp-content\/uploads\/2023\/07\/PXL_20230715_231139624-2048x1536.jpeg 2048w\" sizes=\"auto, (max-width: 1024px) 100vw, 1024px\" \/><\/a><\/figure>\n\n\n\n<p>Aquest cop hem llogat cotxe, i estem a les afores per poder aparcar f\u00e0cil i entrar i sortir de la ciutat sense problemes.<\/p>\n\n\n\n<figure class=\"wp-block-image size-full\"><a href=\"http:\/\/www.traba.org\/trabablog\/wp-content\/uploads\/2023\/07\/PXL_20230717_101718935.jpeg\"><img loading=\"lazy\" decoding=\"async\" width=\"1920\" height=\"2560\" src=\"http:\/\/www.traba.org\/trabablog\/wp-content\/uploads\/2023\/07\/PXL_20230717_101718935.jpeg\" alt=\"\" class=\"wp-image-20733\"\/><\/a><\/figure>\n\n\n\n<p>Aqu\u00ed tot est\u00e0 preparat per anar en cotxe i la Mireia no ha patit massa. Cada dia amunt i avall: parcs, piscines, excursions&#8230;. i el Kronan nostre de cada dia (molt millor que el Bonus!).<\/p>\n\n\n\n<p>Una curiositat de les cases islandeses \u00e9s que no tenen calentador perqu\u00e8 l&#8217;aigua calenta arriba directament per una canyeria independent des de fonts subterr\u00e0nies calentes. Aix\u00f2 fa que tingui una olor caracter\u00edstica a ous bullits pel sulfur que cont\u00e9. Serveix per la calefacci\u00f3 i per la dutxa, per\u00f2 per cuinar \u00e9s millor usar la freda (que per cert, est\u00e0 bon\u00edssima).<\/p>\n\n\n\n<figure class=\"wp-block-image size-large\"><a href=\"http:\/\/www.traba.org\/trabablog\/wp-content\/uploads\/2023\/07\/PXL_20230717_211109581.jpeg\"><img loading=\"lazy\" decoding=\"async\" width=\"768\" height=\"1024\" src=\"http:\/\/www.traba.org\/trabablog\/wp-content\/uploads\/2023\/07\/PXL_20230717_211109581-768x1024.jpeg\" alt=\"\" class=\"wp-image-20734\" srcset=\"http:\/\/traba.org\/trabablog\/wp-content\/uploads\/2023\/07\/PXL_20230717_211109581-768x1024.jpeg 768w, http:\/\/traba.org\/trabablog\/wp-content\/uploads\/2023\/07\/PXL_20230717_211109581-225x300.jpeg 225w, http:\/\/traba.org\/trabablog\/wp-content\/uploads\/2023\/07\/PXL_20230717_211109581-1152x1536.jpeg 1152w, http:\/\/traba.org\/trabablog\/wp-content\/uploads\/2023\/07\/PXL_20230717_211109581-1536x2048.jpeg 1536w, http:\/\/traba.org\/trabablog\/wp-content\/uploads\/2023\/07\/PXL_20230717_211109581.jpeg 1920w\" sizes=\"auto, (max-width: 768px) 100vw, 768px\" \/><\/a><\/figure>\n\n\n\n<p>Crec a m\u00e9s que l&#8217;aigua \u00e9s gratu\u00efta, i l&#8217;electricitat \u00e9s rid\u00edculament barata i quasi completament de fonts renovables (hidroel\u00e8ctrica o geotermal); crida molt l&#8217;atenci\u00f3 per exemple el n\u00famero de cotxes el\u00e8ctrics, aqu\u00ed deu sortir molt a compte. Aix\u00f2 a Espanya seria  comunisme radical.<\/p>\n\n\n\n<figure class=\"wp-block-image size-large\"><a href=\"http:\/\/www.traba.org\/trabablog\/wp-content\/uploads\/2023\/07\/PXL_20230719_212914088.MP_.jpg\"><img loading=\"lazy\" decoding=\"async\" width=\"768\" height=\"1024\" src=\"http:\/\/www.traba.org\/trabablog\/wp-content\/uploads\/2023\/07\/PXL_20230719_212914088.MP_-768x1024.jpg\" alt=\"\" class=\"wp-image-20735\" srcset=\"http:\/\/traba.org\/trabablog\/wp-content\/uploads\/2023\/07\/PXL_20230719_212914088.MP_-768x1024.jpg 768w, http:\/\/traba.org\/trabablog\/wp-content\/uploads\/2023\/07\/PXL_20230719_212914088.MP_-225x300.jpg 225w, http:\/\/traba.org\/trabablog\/wp-content\/uploads\/2023\/07\/PXL_20230719_212914088.MP_-1152x1536.jpg 1152w, http:\/\/traba.org\/trabablog\/wp-content\/uploads\/2023\/07\/PXL_20230719_212914088.MP_-1536x2048.jpg 1536w, http:\/\/traba.org\/trabablog\/wp-content\/uploads\/2023\/07\/PXL_20230719_212914088.MP_.jpg 1920w\" sizes=\"auto, (max-width: 768px) 100vw, 768px\" \/><\/a><\/figure>\n\n\n\n<p>A 3 minuts de casa hi ha una escola amb tot de camps de futbol i basquet per matar les estones mortes. Est\u00e0 molt b\u00e9 perqu\u00e8 els dos grans poden anar-hi sols, es veu que un dia van golejar (humiliar segons la Lola) a unes pobres nenes islandeses.<\/p>\n\n\n\n<figure class=\"wp-block-image size-large\"><a href=\"http:\/\/www.traba.org\/trabablog\/wp-content\/uploads\/2023\/07\/1.jpeg\"><img loading=\"lazy\" decoding=\"async\" width=\"1024\" height=\"1024\" src=\"http:\/\/www.traba.org\/trabablog\/wp-content\/uploads\/2023\/07\/1-1024x1024.jpeg\" alt=\"\" class=\"wp-image-20736\" srcset=\"http:\/\/traba.org\/trabablog\/wp-content\/uploads\/2023\/07\/1-1024x1024.jpeg 1024w, http:\/\/traba.org\/trabablog\/wp-content\/uploads\/2023\/07\/1-300x300.jpeg 300w, http:\/\/traba.org\/trabablog\/wp-content\/uploads\/2023\/07\/1-150x150.jpeg 150w, http:\/\/traba.org\/trabablog\/wp-content\/uploads\/2023\/07\/1-768x768.jpeg 768w, http:\/\/traba.org\/trabablog\/wp-content\/uploads\/2023\/07\/1-610x610.jpeg 610w, http:\/\/traba.org\/trabablog\/wp-content\/uploads\/2023\/07\/1.jpeg 1280w\" sizes=\"auto, (max-width: 1024px) 100vw, 1024px\" \/><\/a><\/figure>\n\n\n\n<figure class=\"wp-block-image size-full\"><a href=\"http:\/\/www.traba.org\/trabablog\/wp-content\/uploads\/2023\/07\/2.jpeg\"><img loading=\"lazy\" decoding=\"async\" width=\"1280\" height=\"1280\" src=\"http:\/\/www.traba.org\/trabablog\/wp-content\/uploads\/2023\/07\/2.jpeg\" alt=\"\" class=\"wp-image-20737\"\/><\/a><\/figure>\n\n\n\n<figure class=\"wp-block-image size-full\"><a href=\"http:\/\/www.traba.org\/trabablog\/wp-content\/uploads\/2023\/07\/PXL_20230715_185702521.MP_.jpg\"><img loading=\"lazy\" decoding=\"async\" width=\"1920\" height=\"2560\" src=\"http:\/\/www.traba.org\/trabablog\/wp-content\/uploads\/2023\/07\/PXL_20230715_185702521.MP_.jpg\" alt=\"\" class=\"wp-image-20738\"\/><\/a><\/figure>\n\n\n\n<p>El temps de moment molt b\u00e9, temperatura agradable (entre 12 i 18 segons el dia) i de moment sense pluja, cosa estranya perqu\u00e8 aqu\u00ed plou m\u00e9s de 200 dies a l&#8217;any (em temo que quan anem al nord ja recuperarem). Nom\u00e9s un parell de dies va fer vent (el gran problema d&#8217;Isl\u00e0ndia) i incl\u00fas hem tingut uns quants dies de solazo. Tinc la calva cremada!<\/p>\n\n\n\n<p>I pels mapes islandesos sembla que estiguem en plena onada de calor, per\u00f2 mireu l&#8217;escala \ud83d\ude09 Igual han activat el seu POCS i tot.<\/p>\n\n\n\n<figure class=\"wp-block-image size-full\"><a href=\"http:\/\/www.traba.org\/trabablog\/wp-content\/uploads\/2023\/07\/Screenshot_20230718-100131-1.png\"><img loading=\"lazy\" decoding=\"async\" width=\"1080\" height=\"816\" src=\"http:\/\/www.traba.org\/trabablog\/wp-content\/uploads\/2023\/07\/Screenshot_20230718-100131-1.png\" alt=\"\" class=\"wp-image-20740\"\/><\/a><\/figure>\n\n\n\n<p>La ciutat b\u00e9, com sempre. Ja estan acabant de construir tota la zona entre l&#8217;Harpa i el port, que <a href=\"http:\/\/www.traba.org\/trabablog\/?p=15735\">fa 5 anys era un sot enorme<\/a>.<\/p>\n\n\n\n<figure class=\"wp-block-image size-large\"><a href=\"http:\/\/www.traba.org\/trabablog\/wp-content\/uploads\/2023\/07\/PXL_20230718_120836426.jpeg\"><img loading=\"lazy\" decoding=\"async\" width=\"1024\" height=\"768\" src=\"http:\/\/www.traba.org\/trabablog\/wp-content\/uploads\/2023\/07\/PXL_20230718_120836426-1024x768.jpeg\" alt=\"\" class=\"wp-image-20741\" srcset=\"http:\/\/traba.org\/trabablog\/wp-content\/uploads\/2023\/07\/PXL_20230718_120836426-1024x768.jpeg 1024w, http:\/\/traba.org\/trabablog\/wp-content\/uploads\/2023\/07\/PXL_20230718_120836426-300x225.jpeg 300w, http:\/\/traba.org\/trabablog\/wp-content\/uploads\/2023\/07\/PXL_20230718_120836426-768x576.jpeg 768w, http:\/\/traba.org\/trabablog\/wp-content\/uploads\/2023\/07\/PXL_20230718_120836426-1536x1152.jpeg 1536w, http:\/\/traba.org\/trabablog\/wp-content\/uploads\/2023\/07\/PXL_20230718_120836426-2048x1536.jpeg 2048w\" sizes=\"auto, (max-width: 1024px) 100vw, 1024px\" \/><\/a><\/figure>\n\n\n\n<figure class=\"wp-block-image size-full\"><a href=\"http:\/\/www.traba.org\/trabablog\/wp-content\/uploads\/2023\/07\/PXL_20230718_122145886.jpeg\"><img loading=\"lazy\" decoding=\"async\" width=\"2560\" height=\"1920\" src=\"http:\/\/www.traba.org\/trabablog\/wp-content\/uploads\/2023\/07\/PXL_20230718_122145886.jpeg\" alt=\"\" class=\"wp-image-20742\"\/><\/a><\/figure>\n\n\n\n<p>La zona de Laugavegur i Sk\u00f3lav\u00f6r\u00f0ust\u00edgur cada cop m\u00e9s turistitzada, per\u00f2 a la que t&#8217;apartes dos carrers ja no hi ha ni una \u00e0nima.<\/p>\n\n\n\n<figure class=\"wp-block-image size-full\"><a href=\"http:\/\/www.traba.org\/trabablog\/wp-content\/uploads\/2023\/07\/PXL_20230718_144807817.jpeg\"><img loading=\"lazy\" decoding=\"async\" width=\"2560\" height=\"1920\" src=\"http:\/\/www.traba.org\/trabablog\/wp-content\/uploads\/2023\/07\/PXL_20230718_144807817.jpeg\" alt=\"\" class=\"wp-image-20743\"\/><\/a><\/figure>\n\n\n\n<p>I encara existeixen tan la botiga de llanes de la Mireia, on ha fet provisi\u00f3 per fer un jersei island\u00e8s.<\/p>\n\n\n\n<figure class=\"wp-block-image size-full\"><a href=\"http:\/\/www.traba.org\/trabablog\/wp-content\/uploads\/2023\/07\/PXL_20230718_142548916.jpeg\"><img loading=\"lazy\" decoding=\"async\" width=\"2560\" height=\"1920\" src=\"http:\/\/www.traba.org\/trabablog\/wp-content\/uploads\/2023\/07\/PXL_20230718_142548916.jpeg\" alt=\"\" class=\"wp-image-20744\"\/><\/a><\/figure>\n\n\n\n<p>Com la panaderia que els agradava als de l&#8217;intercanvi de fa 5 anys.<\/p>\n\n\n\n<figure class=\"wp-block-image size-large\"><a href=\"http:\/\/www.traba.org\/trabablog\/wp-content\/uploads\/2023\/07\/PXL_20230718_145432708.MP_.jpg\"><img loading=\"lazy\" decoding=\"async\" width=\"1024\" height=\"768\" src=\"http:\/\/www.traba.org\/trabablog\/wp-content\/uploads\/2023\/07\/PXL_20230718_145432708.MP_-1024x768.jpg\" alt=\"\" class=\"wp-image-20745\" srcset=\"http:\/\/traba.org\/trabablog\/wp-content\/uploads\/2023\/07\/PXL_20230718_145432708.MP_-1024x768.jpg 1024w, http:\/\/traba.org\/trabablog\/wp-content\/uploads\/2023\/07\/PXL_20230718_145432708.MP_-300x225.jpg 300w, http:\/\/traba.org\/trabablog\/wp-content\/uploads\/2023\/07\/PXL_20230718_145432708.MP_-768x576.jpg 768w, http:\/\/traba.org\/trabablog\/wp-content\/uploads\/2023\/07\/PXL_20230718_145432708.MP_-1536x1152.jpg 1536w, http:\/\/traba.org\/trabablog\/wp-content\/uploads\/2023\/07\/PXL_20230718_145432708.MP_-2048x1536.jpg 2048w\" sizes=\"auto, (max-width: 1024px) 100vw, 1024px\" \/><\/a><\/figure>\n\n\n\n<p>Que per cert vam passar per casa seva \ud83d\ude42<\/p>\n\n\n\n<figure class=\"wp-block-image size-large\"><a href=\"http:\/\/www.traba.org\/trabablog\/wp-content\/uploads\/2023\/07\/PXL_20230718_152052028.jpeg\"><img loading=\"lazy\" decoding=\"async\" width=\"768\" height=\"1024\" src=\"http:\/\/www.traba.org\/trabablog\/wp-content\/uploads\/2023\/07\/PXL_20230718_152052028-768x1024.jpeg\" alt=\"\" class=\"wp-image-20746\" srcset=\"http:\/\/traba.org\/trabablog\/wp-content\/uploads\/2023\/07\/PXL_20230718_152052028-768x1024.jpeg 768w, http:\/\/traba.org\/trabablog\/wp-content\/uploads\/2023\/07\/PXL_20230718_152052028-225x300.jpeg 225w, http:\/\/traba.org\/trabablog\/wp-content\/uploads\/2023\/07\/PXL_20230718_152052028-1152x1536.jpeg 1152w, http:\/\/traba.org\/trabablog\/wp-content\/uploads\/2023\/07\/PXL_20230718_152052028-1536x2048.jpeg 1536w, http:\/\/traba.org\/trabablog\/wp-content\/uploads\/2023\/07\/PXL_20230718_152052028.jpeg 1920w\" sizes=\"auto, (max-width: 768px) 100vw, 768px\" \/><\/a><\/figure>\n\n\n\n<figure class=\"wp-block-video\"><video height=\"360\" style=\"aspect-ratio: 640 \/ 360;\" width=\"640\" controls src=\"http:\/\/www.traba.org\/trabablog\/wp-content\/uploads\/2023\/07\/1-7.mov\"><\/video><\/figure>\n\n\n\n<p>En propers posts, les cosetes que hem anat fent aquests dies!<\/p>\n","protected":false},"excerpt":{"rendered":"<p>Doncs 5 anys i una pand\u00e8mia despr\u00e9s ja tornem a ser a Isl\u00e0ndia fugint de la calor! Comencem amb un intercanvi de 10 dies a Reykjavik. Amb jard\u00ed i tot&#8230;.<\/p>\n","protected":false},"author":2,"featured_media":20738,"comment_status":"open","ping_status":"open","sticky":false,"template":"","format":"standard","meta":{"_monsterinsights_skip_tracking":false,"_monsterinsights_sitenote_active":false,"_monsterinsights_sitenote_note":"","_monsterinsights_sitenote_category":0,"footnotes":""},"categories":[182],"tags":[],"class_list":["post-20697","post","type-post","status-publish","format-standard","has-post-thumbnail","hentry","category-icefire23"],"_links":{"self":[{"href":"http:\/\/traba.org\/trabablog\/index.php?rest_route=\/wp\/v2\/posts\/20697","targetHints":{"allow":["GET"]}}],"collection":[{"href":"http:\/\/traba.org\/trabablog\/index.php?rest_route=\/wp\/v2\/posts"}],"about":[{"href":"http:\/\/traba.org\/trabablog\/index.php?rest_route=\/wp\/v2\/types\/post"}],"author":[{"embeddable":true,"href":"http:\/\/traba.org\/trabablog\/index.php?rest_route=\/wp\/v2\/users\/2"}],"replies":[{"embeddable":true,"href":"http:\/\/traba.org\/trabablog\/index.php?rest_route=%2Fwp%2Fv2%2Fcomments&post=20697"}],"version-history":[{"count":11,"href":"http:\/\/traba.org\/trabablog\/index.php?rest_route=\/wp\/v2\/posts\/20697\/revisions"}],"predecessor-version":[{"id":20852,"href":"http:\/\/traba.org\/trabablog\/index.php?rest_route=\/wp\/v2\/posts\/20697\/revisions\/20852"}],"wp:featuredmedia":[{"embeddable":true,"href":"http:\/\/traba.org\/trabablog\/index.php?rest_route=\/wp\/v2\/media\/20738"}],"wp:attachment":[{"href":"http:\/\/traba.org\/trabablog\/index.php?rest_route=%2Fwp%2Fv2%2Fmedia&parent=20697"}],"wp:term":[{"taxonomy":"category","embeddable":true,"href":"http:\/\/traba.org\/trabablog\/index.php?rest_route=%2Fwp%2Fv2%2Fcategories&post=20697"},{"taxonomy":"post_tag","embeddable":true,"href":"http:\/\/traba.org\/trabablog\/index.php?rest_route=%2Fwp%2Fv2%2Ftags&post=20697"}],"curies":[{"name":"wp","href":"https:\/\/api.w.org\/{rel}","templated":true}]}}