{"id":20710,"date":"2023-07-23T14:52:21","date_gmt":"2023-07-23T12:52:21","guid":{"rendered":"http:\/\/www.traba.org\/trabablog\/?p=20710"},"modified":"2023-08-04T16:59:55","modified_gmt":"2023-08-04T14:59:55","slug":"un-simple-planeta-relleno-de-piedras-y-lava-y-de-fuego-y-arena","status":"publish","type":"post","link":"http:\/\/traba.org\/trabablog\/?p=20710","title":{"rendered":"un simple planeta relleno de piedras y lava y de fuego y arena"},"content":{"rendered":"\n<p>Isl\u00e0ndia t\u00e9 uns 130 volcans que de tant en tant es posen d&#8217;actualitat perqu\u00e8 entren en erupci\u00f3. Potser el m\u00e9s fam\u00f3s va ser Eyjafjallaj\u00f6kull, que el 2010 va obligar a tancar l&#8217;espai aeri europeu. Quan vam venir el 2011 <a href=\"http:\/\/www.traba.org\/trabablog\/?p=5491\">encara hi havia cendra<\/a>.<\/p>\n\n\n\n<p>Just abans de venir, la familia d&#8217;intercanvi ens va advertir que estaven tenint molt terratr\u00e8mols i que aix\u00f2 volia dir que s&#8217;acostava una erupci\u00f3 volc\u00e0nica. Aix\u00ed vaig descobrir (ignor\u00e0ncia meva) que hi ha terratr\u00e8mols tect\u00f2nics (per moviment de plaques) i terratr\u00e8mols volc\u00e0nics (per erupicions properes). I efectivament, 3 dies abans de venir va entrar en erupci\u00f3 el volc\u00e0 Fagradalsfjall, al costat de Reykjavik, com ja havia fet tamb\u00e9 durant uns mesos el 2021 i unes setmanes el 2022.<\/p>\n\n\n\n<p>I clar, si tens un volc\u00e0 actiu a 50km de casa no pots deixar d&#8217;anar-lo a veure. No? Com que eren 20km caminanant m&#8217;hi vaig apuntar jo sol en una excursi\u00f3 organitzada, ojo a la pinta.<\/p>\n\n\n\n<figure class=\"wp-block-image size-large\"><a href=\"http:\/\/www.traba.org\/trabablog\/wp-content\/uploads\/2023\/07\/PXL_20230719_132701122.MP_.jpg\"><img loading=\"lazy\" decoding=\"async\" width=\"768\" height=\"1024\" src=\"http:\/\/www.traba.org\/trabablog\/wp-content\/uploads\/2023\/07\/PXL_20230719_132701122.MP_-768x1024.jpg\" alt=\"\" class=\"wp-image-20790\" srcset=\"http:\/\/traba.org\/trabablog\/wp-content\/uploads\/2023\/07\/PXL_20230719_132701122.MP_-768x1024.jpg 768w, http:\/\/traba.org\/trabablog\/wp-content\/uploads\/2023\/07\/PXL_20230719_132701122.MP_-225x300.jpg 225w, http:\/\/traba.org\/trabablog\/wp-content\/uploads\/2023\/07\/PXL_20230719_132701122.MP_-1152x1536.jpg 1152w, http:\/\/traba.org\/trabablog\/wp-content\/uploads\/2023\/07\/PXL_20230719_132701122.MP_-1536x2048.jpg 1536w, http:\/\/traba.org\/trabablog\/wp-content\/uploads\/2023\/07\/PXL_20230719_132701122.MP_.jpg 1920w\" sizes=\"auto, (max-width: 768px) 100vw, 768px\" \/><\/a><\/figure>\n\n\n\n<p>En realitat el cam\u00ed era totalment pla i amb temps i una canya el podr\u00edem haver fet tots.<\/p>\n\n\n\n<figure class=\"wp-block-gallery has-nested-images columns-default is-cropped wp-block-gallery-1 is-layout-flex wp-block-gallery-is-layout-flex\">\n<figure class=\"wp-block-image size-large\"><a href=\"http:\/\/www.traba.org\/trabablog\/wp-content\/uploads\/2023\/07\/PXL_20230719_132831631.jpg\"><img loading=\"lazy\" decoding=\"async\" width=\"1024\" height=\"768\" data-id=\"20791\" src=\"http:\/\/www.traba.org\/trabablog\/wp-content\/uploads\/2023\/07\/PXL_20230719_132831631-1024x768.jpg\" alt=\"\" class=\"wp-image-20791\" srcset=\"http:\/\/traba.org\/trabablog\/wp-content\/uploads\/2023\/07\/PXL_20230719_132831631-1024x768.jpg 1024w, http:\/\/traba.org\/trabablog\/wp-content\/uploads\/2023\/07\/PXL_20230719_132831631-300x225.jpg 300w, http:\/\/traba.org\/trabablog\/wp-content\/uploads\/2023\/07\/PXL_20230719_132831631-768x576.jpg 768w, http:\/\/traba.org\/trabablog\/wp-content\/uploads\/2023\/07\/PXL_20230719_132831631-1536x1152.jpg 1536w, http:\/\/traba.org\/trabablog\/wp-content\/uploads\/2023\/07\/PXL_20230719_132831631-2048x1536.jpg 2048w\" sizes=\"auto, (max-width: 1024px) 100vw, 1024px\" \/><\/a><\/figure>\n\n\n\n<figure class=\"wp-block-image size-large\"><a href=\"http:\/\/www.traba.org\/trabablog\/wp-content\/uploads\/2023\/07\/PXL_20230719_133428892.jpg\"><img loading=\"lazy\" decoding=\"async\" width=\"1024\" height=\"768\" data-id=\"20792\" src=\"http:\/\/www.traba.org\/trabablog\/wp-content\/uploads\/2023\/07\/PXL_20230719_133428892-1024x768.jpg\" alt=\"\" class=\"wp-image-20792\" srcset=\"http:\/\/traba.org\/trabablog\/wp-content\/uploads\/2023\/07\/PXL_20230719_133428892-1024x768.jpg 1024w, http:\/\/traba.org\/trabablog\/wp-content\/uploads\/2023\/07\/PXL_20230719_133428892-300x225.jpg 300w, http:\/\/traba.org\/trabablog\/wp-content\/uploads\/2023\/07\/PXL_20230719_133428892-768x576.jpg 768w, http:\/\/traba.org\/trabablog\/wp-content\/uploads\/2023\/07\/PXL_20230719_133428892-1536x1152.jpg 1536w, http:\/\/traba.org\/trabablog\/wp-content\/uploads\/2023\/07\/PXL_20230719_133428892-2048x1536.jpg 2048w\" sizes=\"auto, (max-width: 1024px) 100vw, 1024px\" \/><\/a><\/figure>\n<\/figure>\n\n\n\n<p>I un cop all\u00e0 et deixen arribar fins al costat del riu de lava, que \u00e9s prou espectacular. Mireu com encara treu fum.<\/p>\n\n\n\n<figure class=\"wp-block-gallery has-nested-images columns-1 is-cropped wp-block-gallery-2 is-layout-flex wp-block-gallery-is-layout-flex\">\n<figure class=\"wp-block-image size-large\"><a href=\"http:\/\/www.traba.org\/trabablog\/wp-content\/uploads\/2023\/07\/PXL_20230719_143733560.jpg\"><img loading=\"lazy\" decoding=\"async\" width=\"1024\" height=\"768\" data-id=\"20783\" src=\"http:\/\/www.traba.org\/trabablog\/wp-content\/uploads\/2023\/07\/PXL_20230719_143733560-1024x768.jpg\" alt=\"\" class=\"wp-image-20783\" srcset=\"http:\/\/traba.org\/trabablog\/wp-content\/uploads\/2023\/07\/PXL_20230719_143733560-1024x768.jpg 1024w, http:\/\/traba.org\/trabablog\/wp-content\/uploads\/2023\/07\/PXL_20230719_143733560-300x225.jpg 300w, http:\/\/traba.org\/trabablog\/wp-content\/uploads\/2023\/07\/PXL_20230719_143733560-768x576.jpg 768w, http:\/\/traba.org\/trabablog\/wp-content\/uploads\/2023\/07\/PXL_20230719_143733560-1536x1152.jpg 1536w, http:\/\/traba.org\/trabablog\/wp-content\/uploads\/2023\/07\/PXL_20230719_143733560-2048x1536.jpg 2048w\" sizes=\"auto, (max-width: 1024px) 100vw, 1024px\" \/><\/a><\/figure>\n\n\n\n<figure class=\"wp-block-image size-large\"><a href=\"http:\/\/www.traba.org\/trabablog\/wp-content\/uploads\/2023\/07\/PXL_20230719_144624222.jpg\"><img loading=\"lazy\" decoding=\"async\" width=\"1024\" height=\"768\" data-id=\"20784\" src=\"http:\/\/www.traba.org\/trabablog\/wp-content\/uploads\/2023\/07\/PXL_20230719_144624222-1024x768.jpg\" alt=\"\" class=\"wp-image-20784\" srcset=\"http:\/\/traba.org\/trabablog\/wp-content\/uploads\/2023\/07\/PXL_20230719_144624222-1024x768.jpg 1024w, http:\/\/traba.org\/trabablog\/wp-content\/uploads\/2023\/07\/PXL_20230719_144624222-300x225.jpg 300w, http:\/\/traba.org\/trabablog\/wp-content\/uploads\/2023\/07\/PXL_20230719_144624222-768x576.jpg 768w, http:\/\/traba.org\/trabablog\/wp-content\/uploads\/2023\/07\/PXL_20230719_144624222-1536x1152.jpg 1536w, http:\/\/traba.org\/trabablog\/wp-content\/uploads\/2023\/07\/PXL_20230719_144624222-2048x1536.jpg 2048w\" sizes=\"auto, (max-width: 1024px) 100vw, 1024px\" \/><\/a><\/figure>\n\n\n\n<figure class=\"wp-block-image size-large\"><a href=\"http:\/\/www.traba.org\/trabablog\/wp-content\/uploads\/2023\/07\/PXL_20230719_141925976.jpg\"><img loading=\"lazy\" decoding=\"async\" width=\"1024\" height=\"768\" data-id=\"20782\" src=\"http:\/\/www.traba.org\/trabablog\/wp-content\/uploads\/2023\/07\/PXL_20230719_141925976-1024x768.jpg\" alt=\"\" class=\"wp-image-20782\" srcset=\"http:\/\/traba.org\/trabablog\/wp-content\/uploads\/2023\/07\/PXL_20230719_141925976-1024x768.jpg 1024w, http:\/\/traba.org\/trabablog\/wp-content\/uploads\/2023\/07\/PXL_20230719_141925976-300x225.jpg 300w, http:\/\/traba.org\/trabablog\/wp-content\/uploads\/2023\/07\/PXL_20230719_141925976-768x576.jpg 768w, http:\/\/traba.org\/trabablog\/wp-content\/uploads\/2023\/07\/PXL_20230719_141925976-1536x1152.jpg 1536w, http:\/\/traba.org\/trabablog\/wp-content\/uploads\/2023\/07\/PXL_20230719_141925976-2048x1536.jpg 2048w\" sizes=\"auto, (max-width: 1024px) 100vw, 1024px\" \/><\/a><\/figure>\n<\/figure>\n\n\n\n<p>Tot aix\u00f2 estava  en format l\u00edquid i sota terra fa nom\u00e9s uns dies. I pel que ens van explicar, sota les roques ja mig solidificades hi pot haver lava l\u00edquida. Si trepitges, ad\u00e9u. I era for\u00e7a alt, compareu amb el treballador que passa.<\/p>\n\n\n\n<figure class=\"wp-block-video\"><video height=\"1080\" style=\"aspect-ratio: 1920 \/ 1080;\" width=\"1920\" controls src=\"http:\/\/www.traba.org\/trabablog\/wp-content\/uploads\/2023\/07\/PXL_20230719_141852814.TS_.mp4\"><\/video><\/figure>\n\n\n\n<p>Per\u00f2 hav\u00edem vingut a veure una erupci\u00f3, no un riu de lava \ud83d\ude09 I amb l&#8217;ajuda d&#8217;uns prism\u00e0tics comprats l&#8217;\u00faltim dia a Barcelona (per Amazon), es podia veure b\u00e9 tot i estar una mica lluny. Visca la tecnologia del passat! Video va, si us hi fixeu a l&#8217;esquerra baixen rius de lava, i a la dreta es veuen diverses erupcions.<\/p>\n\n\n\n<figure class=\"wp-block-video\"><video height=\"1080\" style=\"aspect-ratio: 1920 \/ 1080;\" width=\"1920\" controls src=\"http:\/\/www.traba.org\/trabablog\/wp-content\/uploads\/2023\/07\/PXL_20230719_145329108.TS_.mp4\"><\/video><\/figure>\n\n\n\n<p>Ll\u00e0stima que feia molt sol, jo crec que amb menys llum es veuria millor. Per\u00f2 deu ni do, impressionava bastant i amb els prims\u00e0tics es veia amb molta definici\u00f3 com saltava la lava.<\/p>\n\n\n\n<p>Ja de tornada, fotos de camps de lava antics. De fet mitja Isl\u00e0ndia \u00e9s aix\u00ed, grans extensions de roques volc\u00e0niques cobertes per una mena de molsa.<\/p>\n\n\n\n<figure class=\"wp-block-gallery has-nested-images columns-default is-cropped wp-block-gallery-3 is-layout-flex wp-block-gallery-is-layout-flex\">\n<figure class=\"wp-block-image size-large\"><a href=\"http:\/\/www.traba.org\/trabablog\/wp-content\/uploads\/2023\/07\/PXL_20230719_160044566.jpg\"><img loading=\"lazy\" decoding=\"async\" width=\"1024\" height=\"768\" data-id=\"20788\" src=\"http:\/\/www.traba.org\/trabablog\/wp-content\/uploads\/2023\/07\/PXL_20230719_160044566-1024x768.jpg\" alt=\"\" class=\"wp-image-20788\" srcset=\"http:\/\/traba.org\/trabablog\/wp-content\/uploads\/2023\/07\/PXL_20230719_160044566-1024x768.jpg 1024w, http:\/\/traba.org\/trabablog\/wp-content\/uploads\/2023\/07\/PXL_20230719_160044566-300x225.jpg 300w, http:\/\/traba.org\/trabablog\/wp-content\/uploads\/2023\/07\/PXL_20230719_160044566-768x576.jpg 768w, http:\/\/traba.org\/trabablog\/wp-content\/uploads\/2023\/07\/PXL_20230719_160044566-1536x1152.jpg 1536w, http:\/\/traba.org\/trabablog\/wp-content\/uploads\/2023\/07\/PXL_20230719_160044566-2048x1536.jpg 2048w\" sizes=\"auto, (max-width: 1024px) 100vw, 1024px\" \/><\/a><\/figure>\n\n\n\n<figure class=\"wp-block-image size-large\"><a href=\"http:\/\/www.traba.org\/trabablog\/wp-content\/uploads\/2023\/07\/PXL_20230719_152454638.jpg\"><img loading=\"lazy\" decoding=\"async\" width=\"1024\" height=\"768\" data-id=\"20787\" src=\"http:\/\/www.traba.org\/trabablog\/wp-content\/uploads\/2023\/07\/PXL_20230719_152454638-1024x768.jpg\" alt=\"\" class=\"wp-image-20787\" srcset=\"http:\/\/traba.org\/trabablog\/wp-content\/uploads\/2023\/07\/PXL_20230719_152454638-1024x768.jpg 1024w, http:\/\/traba.org\/trabablog\/wp-content\/uploads\/2023\/07\/PXL_20230719_152454638-300x225.jpg 300w, http:\/\/traba.org\/trabablog\/wp-content\/uploads\/2023\/07\/PXL_20230719_152454638-768x576.jpg 768w, http:\/\/traba.org\/trabablog\/wp-content\/uploads\/2023\/07\/PXL_20230719_152454638-1536x1152.jpg 1536w, http:\/\/traba.org\/trabablog\/wp-content\/uploads\/2023\/07\/PXL_20230719_152454638-2048x1536.jpg 2048w\" sizes=\"auto, (max-width: 1024px) 100vw, 1024px\" \/><\/a><\/figure>\n<\/figure>\n\n\n\n<p>I l&#8217;arribada al parking, que deu ni do la gent que hi havia i encara falten els autobusos. Per\u00f2 vaja, un cop all\u00e0 no era massa massificat i estava tot molt organitzat. \u00c9s sorprenent que pocs dies despr\u00e9s d&#8217;una erupci\u00f3 ja tinguis un cam\u00ed obert, amb tot senyalitzat i lavabos i tot.<\/p>\n\n\n\n<figure class=\"wp-block-image size-large\"><a href=\"http:\/\/www.traba.org\/trabablog\/wp-content\/uploads\/2023\/07\/PXL_20230719_162634203.MP_.jpg\"><img loading=\"lazy\" decoding=\"async\" width=\"1024\" height=\"768\" src=\"http:\/\/www.traba.org\/trabablog\/wp-content\/uploads\/2023\/07\/PXL_20230719_162634203.MP_-1024x768.jpg\" alt=\"\" class=\"wp-image-20789\" srcset=\"http:\/\/traba.org\/trabablog\/wp-content\/uploads\/2023\/07\/PXL_20230719_162634203.MP_-1024x768.jpg 1024w, http:\/\/traba.org\/trabablog\/wp-content\/uploads\/2023\/07\/PXL_20230719_162634203.MP_-300x225.jpg 300w, http:\/\/traba.org\/trabablog\/wp-content\/uploads\/2023\/07\/PXL_20230719_162634203.MP_-768x576.jpg 768w, http:\/\/traba.org\/trabablog\/wp-content\/uploads\/2023\/07\/PXL_20230719_162634203.MP_-1536x1152.jpg 1536w, http:\/\/traba.org\/trabablog\/wp-content\/uploads\/2023\/07\/PXL_20230719_162634203.MP_-2048x1536.jpg 2048w\" sizes=\"auto, (max-width: 1024px) 100vw, 1024px\" \/><\/a><\/figure>\n\n\n\n<p>La tornada en bus va ser una mica surrealista perqu\u00e8 ens vam deixar un pobre noi i no se&#8217;n van adonar fins que ja port\u00e0vem 20 minuts de cam\u00ed. Tot i que ens havien contat i quadrava, resulta que una dona es va colar al nostre bus quan en realitat era d&#8217;una altra excursi\u00f3, i encara intentava discutir que ella podia tornar en el bus que volgu\u00e9s. Mira que van preguntar si tots ten\u00edem el mateix ve\u00ed de seient que a l&#8217;anada i tots vam contestar alegrament que s\u00ed. Ai la teoria del formatge dels errors!<\/p>\n","protected":false},"excerpt":{"rendered":"<p>Isl\u00e0ndia t\u00e9 uns 130 volcans que de tant en tant es posen d&#8217;actualitat perqu\u00e8 entren en erupci\u00f3. Potser el m\u00e9s fam\u00f3s va ser Eyjafjallaj\u00f6kull, que el 2010 va obligar a&#8230;<\/p>\n","protected":false},"author":2,"featured_media":20782,"comment_status":"open","ping_status":"open","sticky":false,"template":"","format":"standard","meta":{"_monsterinsights_skip_tracking":false,"_monsterinsights_sitenote_active":false,"_monsterinsights_sitenote_note":"","_monsterinsights_sitenote_category":0,"footnotes":""},"categories":[182],"tags":[],"class_list":["post-20710","post","type-post","status-publish","format-standard","has-post-thumbnail","hentry","category-icefire23"],"_links":{"self":[{"href":"http:\/\/traba.org\/trabablog\/index.php?rest_route=\/wp\/v2\/posts\/20710","targetHints":{"allow":["GET"]}}],"collection":[{"href":"http:\/\/traba.org\/trabablog\/index.php?rest_route=\/wp\/v2\/posts"}],"about":[{"href":"http:\/\/traba.org\/trabablog\/index.php?rest_route=\/wp\/v2\/types\/post"}],"author":[{"embeddable":true,"href":"http:\/\/traba.org\/trabablog\/index.php?rest_route=\/wp\/v2\/users\/2"}],"replies":[{"embeddable":true,"href":"http:\/\/traba.org\/trabablog\/index.php?rest_route=%2Fwp%2Fv2%2Fcomments&post=20710"}],"version-history":[{"count":6,"href":"http:\/\/traba.org\/trabablog\/index.php?rest_route=\/wp\/v2\/posts\/20710\/revisions"}],"predecessor-version":[{"id":21129,"href":"http:\/\/traba.org\/trabablog\/index.php?rest_route=\/wp\/v2\/posts\/20710\/revisions\/21129"}],"wp:featuredmedia":[{"embeddable":true,"href":"http:\/\/traba.org\/trabablog\/index.php?rest_route=\/wp\/v2\/media\/20782"}],"wp:attachment":[{"href":"http:\/\/traba.org\/trabablog\/index.php?rest_route=%2Fwp%2Fv2%2Fmedia&parent=20710"}],"wp:term":[{"taxonomy":"category","embeddable":true,"href":"http:\/\/traba.org\/trabablog\/index.php?rest_route=%2Fwp%2Fv2%2Fcategories&post=20710"},{"taxonomy":"post_tag","embeddable":true,"href":"http:\/\/traba.org\/trabablog\/index.php?rest_route=%2Fwp%2Fv2%2Ftags&post=20710"}],"curies":[{"name":"wp","href":"https:\/\/api.w.org\/{rel}","templated":true}]}}