{"id":20858,"date":"2023-07-24T01:06:54","date_gmt":"2023-07-23T23:06:54","guid":{"rendered":"http:\/\/www.traba.org\/trabablog\/?p=20858"},"modified":"2023-07-28T01:03:29","modified_gmt":"2023-07-27T23:03:29","slug":"al-nord-del-nord","status":"publish","type":"post","link":"http:\/\/traba.org\/trabablog\/?p=20858","title":{"rendered":"al nord del nord"},"content":{"rendered":"\n<p>Avui dia de trasllat de Reykjavik al cul del m\u00f3n.<\/p>\n\n\n\n<p>I a un ter\u00e7 de cam\u00ed, una de les millors gasolineres on mai hem estat: <a rel=\"noreferrer noopener\" href=\"https:\/\/www.google.com\/maps\/place\/Orkan,+Hre%C3%B0avatnssk%C3%A1la,+311+Borgarnes,+Isl%C3%A0ndia\/data=!4m2!3m1!1s0x48d22a2d94b9cae5:0x8337303e95ca8a97?utm_source=mstt_1&amp;entry=gps&amp;lucs=47068615&amp;g_ep=CAESCTExLjg4LjMwMxgAIMi8ByoINDcwNjg2MTVCAkVT\" target=\"_blank\">Orkan<\/a>. Llocs amb personalitat que et trobes per casualitat.<\/p>\n\n\n\n<figure class=\"wp-block-image size-full\"><a href=\"http:\/\/www.traba.org\/trabablog\/wp-content\/uploads\/2023\/07\/1-6.jpeg\"><img loading=\"lazy\" decoding=\"async\" width=\"960\" height=\"1280\" src=\"http:\/\/www.traba.org\/trabablog\/wp-content\/uploads\/2023\/07\/1-6.jpeg\" alt=\"\" class=\"wp-image-20877\"\/><\/a><\/figure>\n\n\n\n<p>Solucions imaginatives al binarisme.<\/p>\n\n\n<div class=\"wp-block-image\">\n<figure class=\"aligncenter\"><img loading=\"lazy\" decoding=\"async\" width=\"1024\" height=\"768\" src=\"http:\/\/www.traba.org\/trabablog\/wp-content\/uploads\/2023\/07\/2-2-1024x768.jpeg\" alt=\"\" class=\"wp-image-20866\" srcset=\"http:\/\/traba.org\/trabablog\/wp-content\/uploads\/2023\/07\/2-2-1024x768.jpeg 1024w, http:\/\/traba.org\/trabablog\/wp-content\/uploads\/2023\/07\/2-2-300x225.jpeg 300w, http:\/\/traba.org\/trabablog\/wp-content\/uploads\/2023\/07\/2-2-768x576.jpeg 768w, http:\/\/traba.org\/trabablog\/wp-content\/uploads\/2023\/07\/2-2.jpeg 1280w\" sizes=\"auto, (max-width: 1024px) 100vw, 1024px\" \/><\/figure>\n<\/div>\n\n\n<p>I m\u00e9s tard volta a la pen\u00ednsula de Vatnsnes. Parada r\u00e0pida a Hvammstangi. <\/p>\n\n\n\n<figure class=\"wp-block-image size-large\"><a href=\"http:\/\/www.traba.org\/trabablog\/wp-content\/uploads\/2023\/07\/IMG_6553-scaled.jpg\"><img loading=\"lazy\" decoding=\"async\" width=\"1024\" height=\"1024\" src=\"http:\/\/www.traba.org\/trabablog\/wp-content\/uploads\/2023\/07\/IMG_6553-1024x1024.jpg\" alt=\"\" class=\"wp-image-20885\" srcset=\"http:\/\/traba.org\/trabablog\/wp-content\/uploads\/2023\/07\/IMG_6553-1024x1024.jpg 1024w, http:\/\/traba.org\/trabablog\/wp-content\/uploads\/2023\/07\/IMG_6553-300x300.jpg 300w, http:\/\/traba.org\/trabablog\/wp-content\/uploads\/2023\/07\/IMG_6553-150x150.jpg 150w, http:\/\/traba.org\/trabablog\/wp-content\/uploads\/2023\/07\/IMG_6553-768x768.jpg 768w, http:\/\/traba.org\/trabablog\/wp-content\/uploads\/2023\/07\/IMG_6553-1536x1536.jpg 1536w, http:\/\/traba.org\/trabablog\/wp-content\/uploads\/2023\/07\/IMG_6553-2048x2048.jpg 2048w, http:\/\/traba.org\/trabablog\/wp-content\/uploads\/2023\/07\/IMG_6553-610x610.jpg 610w\" sizes=\"auto, (max-width: 1024px) 100vw, 1024px\" \/><\/a><\/figure>\n\n\n\n<p>Segona parada: Illugasta\u00f0ir. La cosa va de foques.<\/p>\n\n\n\n<figure class=\"wp-block-image size-full\"><a href=\"http:\/\/www.traba.org\/trabablog\/wp-content\/uploads\/2023\/07\/3-1.jpeg\"><img loading=\"lazy\" decoding=\"async\" width=\"960\" height=\"1280\" src=\"http:\/\/www.traba.org\/trabablog\/wp-content\/uploads\/2023\/07\/3-1.jpeg\" alt=\"\" class=\"wp-image-20867\"\/><\/a><\/figure>\n\n\n\n<p>El cam\u00ed ben pla. Tot el dia hi ha hagut boira, suposo que perqu\u00e8 no feia gens de vent. Els abrics m\u00e9s pel plugim que pel fred, que no en feia gens.<\/p>\n\n\n<div class=\"wp-block-image\">\n<figure class=\"aligncenter\"><img loading=\"lazy\" decoding=\"async\" width=\"768\" height=\"1024\" src=\"http:\/\/www.traba.org\/trabablog\/wp-content\/uploads\/2023\/07\/4-2-768x1024.jpeg\" alt=\"\" class=\"wp-image-20868\" srcset=\"http:\/\/traba.org\/trabablog\/wp-content\/uploads\/2023\/07\/4-2-768x1024.jpeg 768w, http:\/\/traba.org\/trabablog\/wp-content\/uploads\/2023\/07\/4-2-225x300.jpeg 225w, http:\/\/traba.org\/trabablog\/wp-content\/uploads\/2023\/07\/4-2.jpeg 960w\" sizes=\"auto, (max-width: 768px) 100vw, 768px\" \/><\/figure>\n<\/div>\n\n\n<p>Moltes dents de lle\u00f3.<\/p>\n\n\n\n<figure class=\"wp-block-image size-large\"><a href=\"http:\/\/www.traba.org\/trabablog\/wp-content\/uploads\/2023\/07\/IMG_6554-scaled.jpg\"><img loading=\"lazy\" decoding=\"async\" width=\"1024\" height=\"1024\" src=\"http:\/\/www.traba.org\/trabablog\/wp-content\/uploads\/2023\/07\/IMG_6554-1024x1024.jpg\" alt=\"\" class=\"wp-image-20886\" srcset=\"http:\/\/traba.org\/trabablog\/wp-content\/uploads\/2023\/07\/IMG_6554-1024x1024.jpg 1024w, http:\/\/traba.org\/trabablog\/wp-content\/uploads\/2023\/07\/IMG_6554-300x300.jpg 300w, http:\/\/traba.org\/trabablog\/wp-content\/uploads\/2023\/07\/IMG_6554-150x150.jpg 150w, http:\/\/traba.org\/trabablog\/wp-content\/uploads\/2023\/07\/IMG_6554-768x768.jpg 768w, http:\/\/traba.org\/trabablog\/wp-content\/uploads\/2023\/07\/IMG_6554-1536x1536.jpg 1536w, http:\/\/traba.org\/trabablog\/wp-content\/uploads\/2023\/07\/IMG_6554-2048x2048.jpg 2048w, http:\/\/traba.org\/trabablog\/wp-content\/uploads\/2023\/07\/IMG_6554-610x610.jpg 610w\" sizes=\"auto, (max-width: 1024px) 100vw, 1024px\" \/><\/a><\/figure>\n\n\n\n<p>En qualsevol dels seus dos estats.<\/p>\n\n\n\n<figure class=\"wp-block-image size-full\"><a href=\"http:\/\/www.traba.org\/trabablog\/wp-content\/uploads\/2023\/07\/IMG_6557.jpg\"><img decoding=\"async\" src=\"http:\/\/www.traba.org\/trabablog\/wp-content\/uploads\/2023\/07\/IMG_6557.jpg\" alt=\"\" class=\"wp-image-20887\"\/><\/a><\/figure>\n\n\n\n<p>Les foques fotografiades amb l&#8217;innovador m\u00e8tode del Francesc. El mar estava pla com una galeta.<\/p>\n\n\n<div class=\"wp-block-image\">\n<figure class=\"aligncenter\"><img loading=\"lazy\" decoding=\"async\" width=\"768\" height=\"1024\" src=\"http:\/\/www.traba.org\/trabablog\/wp-content\/uploads\/2023\/07\/5-1-768x1024.jpeg\" alt=\"\" class=\"wp-image-20869\" srcset=\"http:\/\/traba.org\/trabablog\/wp-content\/uploads\/2023\/07\/5-1-768x1024.jpeg 768w, http:\/\/traba.org\/trabablog\/wp-content\/uploads\/2023\/07\/5-1-225x300.jpeg 225w, http:\/\/traba.org\/trabablog\/wp-content\/uploads\/2023\/07\/5-1.jpeg 960w\" sizes=\"auto, (max-width: 768px) 100vw, 768px\" \/><\/figure>\n<\/div>\n\n\n<p>Recordeu portar prism\u00e0tics.<\/p>\n\n\n<div class=\"wp-block-image\">\n<figure class=\"aligncenter\"><img loading=\"lazy\" decoding=\"async\" width=\"768\" height=\"1024\" src=\"http:\/\/www.traba.org\/trabablog\/wp-content\/uploads\/2023\/07\/7-1-768x1024.jpeg\" alt=\"\" class=\"wp-image-20871\" srcset=\"http:\/\/traba.org\/trabablog\/wp-content\/uploads\/2023\/07\/7-1-768x1024.jpeg 768w, http:\/\/traba.org\/trabablog\/wp-content\/uploads\/2023\/07\/7-1-225x300.jpeg 225w, http:\/\/traba.org\/trabablog\/wp-content\/uploads\/2023\/07\/7-1.jpeg 960w\" sizes=\"auto, (max-width: 768px) 100vw, 768px\" \/><\/figure>\n<\/div>\n\n\n<figure class=\"wp-block-image size-full\"><a href=\"http:\/\/www.traba.org\/trabablog\/wp-content\/uploads\/2023\/07\/6-1.jpeg\"><img loading=\"lazy\" decoding=\"async\" width=\"1280\" height=\"960\" src=\"http:\/\/www.traba.org\/trabablog\/wp-content\/uploads\/2023\/07\/6-1.jpeg\" alt=\"\" class=\"wp-image-20870\"\/><\/a><\/figure>\n\n\n\n<p>\u00daltima parada, Hv\u00edtserkur, una roca en forma de drac bevent aigua del mar. La boira el fa m\u00e9s misteri\u00f3s, i el reflex en el mar pla tamb\u00e9.<\/p>\n\n\n<div class=\"wp-block-image\">\n<figure class=\"aligncenter\"><img loading=\"lazy\" decoding=\"async\" width=\"1024\" height=\"768\" src=\"http:\/\/www.traba.org\/trabablog\/wp-content\/uploads\/2023\/07\/8-1-1024x768.jpeg\" alt=\"\" class=\"wp-image-20872\" srcset=\"http:\/\/traba.org\/trabablog\/wp-content\/uploads\/2023\/07\/8-1-1024x768.jpeg 1024w, http:\/\/traba.org\/trabablog\/wp-content\/uploads\/2023\/07\/8-1-300x225.jpeg 300w, http:\/\/traba.org\/trabablog\/wp-content\/uploads\/2023\/07\/8-1-768x576.jpeg 768w, http:\/\/traba.org\/trabablog\/wp-content\/uploads\/2023\/07\/8-1.jpeg 1280w\" sizes=\"auto, (max-width: 1024px) 100vw, 1024px\" \/><\/figure>\n<\/div>\n\n<div class=\"wp-block-image\">\n<figure class=\"aligncenter\"><img loading=\"lazy\" decoding=\"async\" width=\"1024\" height=\"768\" src=\"http:\/\/www.traba.org\/trabablog\/wp-content\/uploads\/2023\/07\/9-1024x768.jpeg\" alt=\"\" class=\"wp-image-20873\" srcset=\"http:\/\/traba.org\/trabablog\/wp-content\/uploads\/2023\/07\/9-1024x768.jpeg 1024w, http:\/\/traba.org\/trabablog\/wp-content\/uploads\/2023\/07\/9-300x225.jpeg 300w, http:\/\/traba.org\/trabablog\/wp-content\/uploads\/2023\/07\/9-768x576.jpeg 768w, http:\/\/traba.org\/trabablog\/wp-content\/uploads\/2023\/07\/9.jpeg 1280w\" sizes=\"auto, (max-width: 1024px) 100vw, 1024px\" \/><\/figure>\n<\/div>\n\n\n<p>Minuts abans que la cosa es compliqu\u00e9s.<\/p>\n\n\n\n<figure class=\"wp-block-image size-large\"><a href=\"http:\/\/www.traba.org\/trabablog\/wp-content\/uploads\/2023\/07\/IMG_6562-scaled.jpg\"><img loading=\"lazy\" decoding=\"async\" width=\"768\" height=\"1024\" src=\"http:\/\/www.traba.org\/trabablog\/wp-content\/uploads\/2023\/07\/IMG_6562-768x1024.jpg\" alt=\"\" class=\"wp-image-20888\" srcset=\"http:\/\/traba.org\/trabablog\/wp-content\/uploads\/2023\/07\/IMG_6562-768x1024.jpg 768w, http:\/\/traba.org\/trabablog\/wp-content\/uploads\/2023\/07\/IMG_6562-225x300.jpg 225w, http:\/\/traba.org\/trabablog\/wp-content\/uploads\/2023\/07\/IMG_6562-1152x1536.jpg 1152w, http:\/\/traba.org\/trabablog\/wp-content\/uploads\/2023\/07\/IMG_6562-1536x2048.jpg 1536w, http:\/\/traba.org\/trabablog\/wp-content\/uploads\/2023\/07\/IMG_6562-scaled.jpg 1920w\" sizes=\"auto, (max-width: 768px) 100vw, 768px\" \/><\/a><\/figure>\n\n\n\n<p>I perqu\u00e8 no es barallin, acabem fent trampes de copiloto. B\u00e9 trampes no sabem&#8230; per\u00f2 tampoc ho hem mirat.<\/p>\n\n\n<div class=\"wp-block-image\">\n<figure class=\"aligncenter\"><img loading=\"lazy\" decoding=\"async\" width=\"768\" height=\"1024\" src=\"http:\/\/www.traba.org\/trabablog\/wp-content\/uploads\/2023\/07\/10-1-768x1024.jpeg\" alt=\"\" class=\"wp-image-20874\" srcset=\"http:\/\/traba.org\/trabablog\/wp-content\/uploads\/2023\/07\/10-1-768x1024.jpeg 768w, http:\/\/traba.org\/trabablog\/wp-content\/uploads\/2023\/07\/10-1-225x300.jpeg 225w, http:\/\/traba.org\/trabablog\/wp-content\/uploads\/2023\/07\/10-1.jpeg 960w\" sizes=\"auto, (max-width: 768px) 100vw, 768px\" \/><\/figure>\n<\/div>\n\n\n<p>I ja a l&#8217;AirBNB de Sau\u00f0\u00e1rkr\u00f3kur, en una granja amb bones vistes. La boira no deixa veure l&#8217;oce\u00e0, per\u00f2 si la cabra.<\/p>\n\n\n<div class=\"wp-block-image\">\n<figure class=\"aligncenter\"><img loading=\"lazy\" decoding=\"async\" width=\"1024\" height=\"768\" src=\"http:\/\/www.traba.org\/trabablog\/wp-content\/uploads\/2023\/07\/11-1-1024x768.jpeg\" alt=\"\" class=\"wp-image-20875\" srcset=\"http:\/\/traba.org\/trabablog\/wp-content\/uploads\/2023\/07\/11-1-1024x768.jpeg 1024w, http:\/\/traba.org\/trabablog\/wp-content\/uploads\/2023\/07\/11-1-300x225.jpeg 300w, http:\/\/traba.org\/trabablog\/wp-content\/uploads\/2023\/07\/11-1-768x576.jpeg 768w, http:\/\/traba.org\/trabablog\/wp-content\/uploads\/2023\/07\/11-1.jpeg 1280w\" sizes=\"auto, (max-width: 1024px) 100vw, 1024px\" \/><\/figure>\n<\/div>\n\n\n<p>I l&#8217;altre, que avui no ha fer prou la cabra i li sobra energia. Jugava a San Ferm\u00edn.<\/p>\n\n\n<div class=\"wp-block-image\">\n<figure class=\"aligncenter\"><img loading=\"lazy\" decoding=\"async\" width=\"768\" height=\"1024\" src=\"http:\/\/www.traba.org\/trabablog\/wp-content\/uploads\/2023\/07\/12-1-768x1024.jpeg\" alt=\"\" class=\"wp-image-20876\" srcset=\"http:\/\/traba.org\/trabablog\/wp-content\/uploads\/2023\/07\/12-1-768x1024.jpeg 768w, http:\/\/traba.org\/trabablog\/wp-content\/uploads\/2023\/07\/12-1-225x300.jpeg 225w, http:\/\/traba.org\/trabablog\/wp-content\/uploads\/2023\/07\/12-1.jpeg 960w\" sizes=\"auto, (max-width: 768px) 100vw, 768px\" \/><\/figure>\n<\/div>\n\n\n<p>Aqu\u00ed moltes granges tenen una caseta per hostes, el 2011 ja ho hav\u00edem mirat. El moment surrealista del dia \u00e9s quan hem sortit del cotxe i ens ha rebut una noia parlant en catal\u00e0. Resulta que \u00e9s una estudiant d&#8217;Empuriabrava que est\u00e0 fent d&#8217;au pair.<\/p>\n","protected":false},"excerpt":{"rendered":"<p>Avui dia de trasllat de Reykjavik al cul del m\u00f3n. I a un ter\u00e7 de cam\u00ed, una de les millors gasolineres on mai hem estat: Orkan. Llocs amb personalitat que&#8230;<\/p>\n","protected":false},"author":5,"featured_media":20873,"comment_status":"open","ping_status":"open","sticky":false,"template":"","format":"standard","meta":{"_monsterinsights_skip_tracking":false,"_monsterinsights_sitenote_active":false,"_monsterinsights_sitenote_note":"","_monsterinsights_sitenote_category":0,"footnotes":""},"categories":[182],"tags":[],"class_list":["post-20858","post","type-post","status-publish","format-standard","has-post-thumbnail","hentry","category-icefire23"],"_links":{"self":[{"href":"http:\/\/traba.org\/trabablog\/index.php?rest_route=\/wp\/v2\/posts\/20858","targetHints":{"allow":["GET"]}}],"collection":[{"href":"http:\/\/traba.org\/trabablog\/index.php?rest_route=\/wp\/v2\/posts"}],"about":[{"href":"http:\/\/traba.org\/trabablog\/index.php?rest_route=\/wp\/v2\/types\/post"}],"author":[{"embeddable":true,"href":"http:\/\/traba.org\/trabablog\/index.php?rest_route=\/wp\/v2\/users\/5"}],"replies":[{"embeddable":true,"href":"http:\/\/traba.org\/trabablog\/index.php?rest_route=%2Fwp%2Fv2%2Fcomments&post=20858"}],"version-history":[{"count":7,"href":"http:\/\/traba.org\/trabablog\/index.php?rest_route=\/wp\/v2\/posts\/20858\/revisions"}],"predecessor-version":[{"id":20999,"href":"http:\/\/traba.org\/trabablog\/index.php?rest_route=\/wp\/v2\/posts\/20858\/revisions\/20999"}],"wp:featuredmedia":[{"embeddable":true,"href":"http:\/\/traba.org\/trabablog\/index.php?rest_route=\/wp\/v2\/media\/20873"}],"wp:attachment":[{"href":"http:\/\/traba.org\/trabablog\/index.php?rest_route=%2Fwp%2Fv2%2Fmedia&parent=20858"}],"wp:term":[{"taxonomy":"category","embeddable":true,"href":"http:\/\/traba.org\/trabablog\/index.php?rest_route=%2Fwp%2Fv2%2Fcategories&post=20858"},{"taxonomy":"post_tag","embeddable":true,"href":"http:\/\/traba.org\/trabablog\/index.php?rest_route=%2Fwp%2Fv2%2Ftags&post=20858"}],"curies":[{"name":"wp","href":"https:\/\/api.w.org\/{rel}","templated":true}]}}