{"id":20893,"date":"2023-07-25T01:29:45","date_gmt":"2023-07-24T23:29:45","guid":{"rendered":"http:\/\/www.traba.org\/trabablog\/?p=20893"},"modified":"2023-07-25T01:38:26","modified_gmt":"2023-07-24T23:38:26","slug":"en-remull","status":"publish","type":"post","link":"http:\/\/traba.org\/trabablog\/?p=20893","title":{"rendered":"en remull"},"content":{"rendered":"<p>la granja on estem, Steinn es diu.&nbsp;<\/p>\n\n\n<figure class=\"wp-block-image size-large\"><a href=\"http:\/\/www.traba.org\/trabablog\/wp-content\/uploads\/2023\/07\/PXL_20230724_090518704.jpg\"><img loading=\"lazy\" decoding=\"async\" width=\"1024\" height=\"768\" src=\"http:\/\/www.traba.org\/trabablog\/wp-content\/uploads\/2023\/07\/PXL_20230724_090518704-1024x768.jpg\" alt=\"\" class=\"wp-image-20902\" srcset=\"http:\/\/traba.org\/trabablog\/wp-content\/uploads\/2023\/07\/PXL_20230724_090518704-1024x768.jpg 1024w, http:\/\/traba.org\/trabablog\/wp-content\/uploads\/2023\/07\/PXL_20230724_090518704-300x225.jpg 300w, http:\/\/traba.org\/trabablog\/wp-content\/uploads\/2023\/07\/PXL_20230724_090518704-768x576.jpg 768w, http:\/\/traba.org\/trabablog\/wp-content\/uploads\/2023\/07\/PXL_20230724_090518704-1536x1152.jpg 1536w, http:\/\/traba.org\/trabablog\/wp-content\/uploads\/2023\/07\/PXL_20230724_090518704-2048x1536.jpg 2048w\" sizes=\"auto, (max-width: 1024px) 100vw, 1024px\" \/><\/a><\/figure>\n\n\n\n<p>Col\u00b7leccionen una mica de tot, especialment tipus de vehicles. Com una ambul\u00e0ncia.<\/p>\n\n\n\n<figure class=\"wp-block-image size-large\"><a href=\"http:\/\/www.traba.org\/trabablog\/wp-content\/uploads\/2023\/07\/PXL_20230724_090835037.jpg\"><img loading=\"lazy\" decoding=\"async\" width=\"1024\" height=\"768\" src=\"http:\/\/www.traba.org\/trabablog\/wp-content\/uploads\/2023\/07\/PXL_20230724_090835037-1024x768.jpg\" alt=\"\" class=\"wp-image-20903\" srcset=\"http:\/\/traba.org\/trabablog\/wp-content\/uploads\/2023\/07\/PXL_20230724_090835037-1024x768.jpg 1024w, http:\/\/traba.org\/trabablog\/wp-content\/uploads\/2023\/07\/PXL_20230724_090835037-300x225.jpg 300w, http:\/\/traba.org\/trabablog\/wp-content\/uploads\/2023\/07\/PXL_20230724_090835037-768x576.jpg 768w, http:\/\/traba.org\/trabablog\/wp-content\/uploads\/2023\/07\/PXL_20230724_090835037-1536x1152.jpg 1536w, http:\/\/traba.org\/trabablog\/wp-content\/uploads\/2023\/07\/PXL_20230724_090835037-2048x1536.jpg 2048w\" sizes=\"auto, (max-width: 1024px) 100vw, 1024px\" \/><\/a><\/figure>\n\n\n\n<p>Oun cotxe de bombers.<\/p>\n\n\n\n<figure class=\"wp-block-image size-large\"><a href=\"http:\/\/www.traba.org\/trabablog\/wp-content\/uploads\/2023\/07\/PXL_20230724_091038589.jpg\"><img loading=\"lazy\" decoding=\"async\" width=\"1024\" height=\"768\" src=\"http:\/\/www.traba.org\/trabablog\/wp-content\/uploads\/2023\/07\/PXL_20230724_091038589-1024x768.jpg\" alt=\"\" class=\"wp-image-20904\" srcset=\"http:\/\/traba.org\/trabablog\/wp-content\/uploads\/2023\/07\/PXL_20230724_091038589-1024x768.jpg 1024w, http:\/\/traba.org\/trabablog\/wp-content\/uploads\/2023\/07\/PXL_20230724_091038589-300x225.jpg 300w, http:\/\/traba.org\/trabablog\/wp-content\/uploads\/2023\/07\/PXL_20230724_091038589-768x576.jpg 768w, http:\/\/traba.org\/trabablog\/wp-content\/uploads\/2023\/07\/PXL_20230724_091038589-1536x1152.jpg 1536w, http:\/\/traba.org\/trabablog\/wp-content\/uploads\/2023\/07\/PXL_20230724_091038589-2048x1536.jpg 2048w\" sizes=\"auto, (max-width: 1024px) 100vw, 1024px\" \/><\/a><\/figure>\n\n\n\n<p>I a les 12 del migdia aconseguim marxar. La boira ens acompanya, per\u00f2 no fa fred (12-14) ni vent.<\/p>\n\n\n\n<figure class=\"wp-block-image size-large\"><a href=\"http:\/\/www.traba.org\/trabablog\/wp-content\/uploads\/2023\/07\/PXL_20230724_114139125.jpg\"><img loading=\"lazy\" decoding=\"async\" width=\"1024\" height=\"768\" src=\"http:\/\/www.traba.org\/trabablog\/wp-content\/uploads\/2023\/07\/PXL_20230724_114139125-1024x768.jpg\" alt=\"\" class=\"wp-image-20905\" srcset=\"http:\/\/traba.org\/trabablog\/wp-content\/uploads\/2023\/07\/PXL_20230724_114139125-1024x768.jpg 1024w, http:\/\/traba.org\/trabablog\/wp-content\/uploads\/2023\/07\/PXL_20230724_114139125-300x225.jpg 300w, http:\/\/traba.org\/trabablog\/wp-content\/uploads\/2023\/07\/PXL_20230724_114139125-768x576.jpg 768w, http:\/\/traba.org\/trabablog\/wp-content\/uploads\/2023\/07\/PXL_20230724_114139125-1536x1152.jpg 1536w, http:\/\/traba.org\/trabablog\/wp-content\/uploads\/2023\/07\/PXL_20230724_114139125-2048x1536.jpg 2048w\" sizes=\"auto, (max-width: 1024px) 100vw, 1024px\" \/><\/a><\/figure>\n\n\n\n<p>Primera parada, a Fosslaug, un mud puddle a m\u00e9s de 40 graus. El cam\u00ed com sempre pelat i pla.<\/p>\n\n\n\n<figure class=\"wp-block-image size-large\"><a href=\"http:\/\/www.traba.org\/trabablog\/wp-content\/uploads\/2023\/07\/PXL_20230724_125552086.jpg\"><img loading=\"lazy\" decoding=\"async\" width=\"1024\" height=\"768\" src=\"http:\/\/www.traba.org\/trabablog\/wp-content\/uploads\/2023\/07\/PXL_20230724_125552086-1024x768.jpg\" alt=\"\" class=\"wp-image-20906\" srcset=\"http:\/\/traba.org\/trabablog\/wp-content\/uploads\/2023\/07\/PXL_20230724_125552086-1024x768.jpg 1024w, http:\/\/traba.org\/trabablog\/wp-content\/uploads\/2023\/07\/PXL_20230724_125552086-300x225.jpg 300w, http:\/\/traba.org\/trabablog\/wp-content\/uploads\/2023\/07\/PXL_20230724_125552086-768x576.jpg 768w, http:\/\/traba.org\/trabablog\/wp-content\/uploads\/2023\/07\/PXL_20230724_125552086-1536x1152.jpg 1536w, http:\/\/traba.org\/trabablog\/wp-content\/uploads\/2023\/07\/PXL_20230724_125552086-2048x1536.jpg 2048w\" sizes=\"auto, (max-width: 1024px) 100vw, 1024px\" \/><\/a><\/figure>\n\n\n\n<figure class=\"wp-block-image size-large\"><a href=\"http:\/\/www.traba.org\/trabablog\/wp-content\/uploads\/2023\/07\/PXL_20230724_125801222.jpg\"><img loading=\"lazy\" decoding=\"async\" width=\"1024\" height=\"768\" src=\"http:\/\/www.traba.org\/trabablog\/wp-content\/uploads\/2023\/07\/PXL_20230724_125801222-1024x768.jpg\" alt=\"\" class=\"wp-image-20907\" srcset=\"http:\/\/traba.org\/trabablog\/wp-content\/uploads\/2023\/07\/PXL_20230724_125801222-1024x768.jpg 1024w, http:\/\/traba.org\/trabablog\/wp-content\/uploads\/2023\/07\/PXL_20230724_125801222-300x225.jpg 300w, http:\/\/traba.org\/trabablog\/wp-content\/uploads\/2023\/07\/PXL_20230724_125801222-768x576.jpg 768w, http:\/\/traba.org\/trabablog\/wp-content\/uploads\/2023\/07\/PXL_20230724_125801222-1536x1152.jpg 1536w, http:\/\/traba.org\/trabablog\/wp-content\/uploads\/2023\/07\/PXL_20230724_125801222-2048x1536.jpg 2048w\" sizes=\"auto, (max-width: 1024px) 100vw, 1024px\" \/><\/a><\/figure>\n\n\n\n<p>Paradeta per fer un geocach\u00e9.<\/p>\n\n\n\n<figure class=\"wp-block-image size-large\"><a href=\"http:\/\/www.traba.org\/trabablog\/wp-content\/uploads\/2023\/07\/IMG_6576-scaled.jpg\"><img loading=\"lazy\" decoding=\"async\" width=\"768\" height=\"1024\" src=\"http:\/\/www.traba.org\/trabablog\/wp-content\/uploads\/2023\/07\/IMG_6576-768x1024.jpg\" alt=\"\" class=\"wp-image-20898\" srcset=\"http:\/\/traba.org\/trabablog\/wp-content\/uploads\/2023\/07\/IMG_6576-768x1024.jpg 768w, http:\/\/traba.org\/trabablog\/wp-content\/uploads\/2023\/07\/IMG_6576-225x300.jpg 225w, http:\/\/traba.org\/trabablog\/wp-content\/uploads\/2023\/07\/IMG_6576-1152x1536.jpg 1152w, http:\/\/traba.org\/trabablog\/wp-content\/uploads\/2023\/07\/IMG_6576-1536x2048.jpg 1536w, http:\/\/traba.org\/trabablog\/wp-content\/uploads\/2023\/07\/IMG_6576-scaled.jpg 1920w\" sizes=\"auto, (max-width: 768px) 100vw, 768px\" \/><\/a><\/figure>\n\n\n\n<p>I per fi (no \u00e9s que haguem caminat molt), la poza d&#8217;aigua calenta. El riu del costat \u00e9s fred.<\/p>\n\n\n\n<figure class=\"wp-block-image size-full\"><a href=\"http:\/\/www.traba.org\/trabablog\/wp-content\/uploads\/2023\/07\/IMG_6578.jpg\"><img decoding=\"async\" src=\"http:\/\/www.traba.org\/trabablog\/wp-content\/uploads\/2023\/07\/IMG_6578.jpg\" alt=\"\" class=\"wp-image-20899\"\/><\/a><\/figure>\n\n\n\n<figure class=\"wp-block-image size-large\"><a href=\"http:\/\/www.traba.org\/trabablog\/wp-content\/uploads\/2023\/07\/GOPR0486-scaled.jpeg\"><img loading=\"lazy\" decoding=\"async\" width=\"1024\" height=\"896\" src=\"http:\/\/www.traba.org\/trabablog\/wp-content\/uploads\/2023\/07\/GOPR0486-1024x896.jpeg\" alt=\"\" class=\"wp-image-20895\" srcset=\"http:\/\/traba.org\/trabablog\/wp-content\/uploads\/2023\/07\/GOPR0486-1024x896.jpeg 1024w, http:\/\/traba.org\/trabablog\/wp-content\/uploads\/2023\/07\/GOPR0486-300x263.jpeg 300w, http:\/\/traba.org\/trabablog\/wp-content\/uploads\/2023\/07\/GOPR0486-768x672.jpeg 768w, http:\/\/traba.org\/trabablog\/wp-content\/uploads\/2023\/07\/GOPR0486-1536x1344.jpeg 1536w, http:\/\/traba.org\/trabablog\/wp-content\/uploads\/2023\/07\/GOPR0486-2048x1792.jpeg 2048w\" sizes=\"auto, (max-width: 1024px) 100vw, 1024px\" \/><\/a><\/figure>\n\n\n\n<p>Amb vistes.<\/p>\n\n\n\n<figure class=\"wp-block-video\"><video height=\"1080\" style=\"aspect-ratio: 1920 \/ 1080;\" width=\"1920\" controls src=\"http:\/\/www.traba.org\/trabablog\/wp-content\/uploads\/2023\/07\/GX010498.mp4\"><\/video><\/figure>\n\n\n\n<p>La zona per on entra l&#8217;aigua estava bullint (algun turista despistat, no com nosaltres, ha posat el peu dins l&#8217;aigua burbujeante).<\/p>\n\n\n\n<figure class=\"wp-block-video\"><video height=\"1080\" style=\"aspect-ratio: 1920 \/ 1080;\" width=\"1920\" controls src=\"http:\/\/www.traba.org\/trabablog\/wp-content\/uploads\/2023\/07\/1.mp4\"><\/video><\/figure>\n\n\n\n<p>I la cascada del costat.<\/p>\n\n\n\n<figure class=\"wp-block-video\"><video height=\"1080\" style=\"aspect-ratio: 1920 \/ 1080;\" width=\"1920\" controls src=\"http:\/\/www.traba.org\/trabablog\/wp-content\/uploads\/2023\/07\/PXL_20230724_144652767.TS_.mp4\"><\/video><\/figure>\n\n\n\n<figure class=\"wp-block-image size-large\"><a href=\"http:\/\/www.traba.org\/trabablog\/wp-content\/uploads\/2023\/07\/PXL_20230724_144804387.jpg\"><img loading=\"lazy\" decoding=\"async\" width=\"1024\" height=\"768\" src=\"http:\/\/www.traba.org\/trabablog\/wp-content\/uploads\/2023\/07\/PXL_20230724_144804387-1024x768.jpg\" alt=\"\" class=\"wp-image-20910\" srcset=\"http:\/\/traba.org\/trabablog\/wp-content\/uploads\/2023\/07\/PXL_20230724_144804387-1024x768.jpg 1024w, http:\/\/traba.org\/trabablog\/wp-content\/uploads\/2023\/07\/PXL_20230724_144804387-300x225.jpg 300w, http:\/\/traba.org\/trabablog\/wp-content\/uploads\/2023\/07\/PXL_20230724_144804387-768x576.jpg 768w, http:\/\/traba.org\/trabablog\/wp-content\/uploads\/2023\/07\/PXL_20230724_144804387-1536x1152.jpg 1536w, http:\/\/traba.org\/trabablog\/wp-content\/uploads\/2023\/07\/PXL_20230724_144804387-2048x1536.jpg 2048w\" sizes=\"auto, (max-width: 1024px) 100vw, 1024px\" \/><\/a><\/figure>\n\n\n\n<figure class=\"wp-block-image size-large\"><a href=\"http:\/\/www.traba.org\/trabablog\/wp-content\/uploads\/2023\/07\/PXL_20230724_145624632.MP_.jpg\"><img loading=\"lazy\" decoding=\"async\" width=\"768\" height=\"1024\" src=\"http:\/\/www.traba.org\/trabablog\/wp-content\/uploads\/2023\/07\/PXL_20230724_145624632.MP_-768x1024.jpg\" alt=\"\" class=\"wp-image-20911\" srcset=\"http:\/\/traba.org\/trabablog\/wp-content\/uploads\/2023\/07\/PXL_20230724_145624632.MP_-768x1024.jpg 768w, http:\/\/traba.org\/trabablog\/wp-content\/uploads\/2023\/07\/PXL_20230724_145624632.MP_-225x300.jpg 225w, http:\/\/traba.org\/trabablog\/wp-content\/uploads\/2023\/07\/PXL_20230724_145624632.MP_-1152x1536.jpg 1152w, http:\/\/traba.org\/trabablog\/wp-content\/uploads\/2023\/07\/PXL_20230724_145624632.MP_-1536x2048.jpg 1536w, http:\/\/traba.org\/trabablog\/wp-content\/uploads\/2023\/07\/PXL_20230724_145624632.MP_.jpg 1920w\" sizes=\"auto, (max-width: 768px) 100vw, 768px\" \/><\/a><\/figure>\n\n\n\n<p>35 minuts de cotxe i a Hofs\u00f3s a veure les columnes de basalt. Primer, per\u00f2, parada a la piscina Sundlaug. Una infinity pool calentita a 31 i una altra a 38. Com sempre, un parell d&#8217;hores a remull. Aquestes no s\u00f3n fotos meves, s\u00f3n d&#8217;ells, que no es poden fer fotos a les piscines.<\/p>\n\n\n\n<figure class=\"wp-block-image size-full\"><a href=\"http:\/\/www.traba.org\/trabablog\/wp-content\/uploads\/2023\/07\/image-6.png\"><img loading=\"lazy\" decoding=\"async\" width=\"1024\" height=\"731\" src=\"http:\/\/www.traba.org\/trabablog\/wp-content\/uploads\/2023\/07\/image-6.png\" alt=\"\" class=\"wp-image-20927\"\/><\/a><\/figure>\n\n\n\n<p> I despr\u00e9s si, a veure les <a href=\"https:\/\/ca.wikipedia.org\/wiki\/Columnes_bas%C3%A0ltiques\">columnes de basalt<\/a>, que es formen en erupcions volc\u00e0niques. N&#8217;hi ha moltes per Isl\u00e0ndia i d&#8217;aqu\u00ed els v\u00e9 el tema del hex\u00e0gons. <\/p>\n\n\n\n<figure class=\"wp-block-video\"><video height=\"1080\" style=\"aspect-ratio: 1920 \/ 1080;\" width=\"1920\" controls src=\"http:\/\/www.traba.org\/trabablog\/wp-content\/uploads\/2023\/07\/PXL_20230724_183945511.TS_.mp4\"><\/video><\/figure>\n\n\n\n<figure class=\"wp-block-image size-full\"><a href=\"http:\/\/www.traba.org\/trabablog\/wp-content\/uploads\/2023\/07\/PXL_20230724_184028966.jpg\"><img loading=\"lazy\" decoding=\"async\" width=\"1920\" height=\"2560\" src=\"http:\/\/www.traba.org\/trabablog\/wp-content\/uploads\/2023\/07\/PXL_20230724_184028966.jpg\" alt=\"\" class=\"wp-image-20913\"\/><\/a><\/figure>\n\n\n\n<figure class=\"wp-block-image size-large\"><a href=\"http:\/\/www.traba.org\/trabablog\/wp-content\/uploads\/2023\/07\/PXL_20230724_184300715.MP_.jpg\"><img loading=\"lazy\" decoding=\"async\" width=\"768\" height=\"1024\" src=\"http:\/\/www.traba.org\/trabablog\/wp-content\/uploads\/2023\/07\/PXL_20230724_184300715.MP_-768x1024.jpg\" alt=\"\" class=\"wp-image-20914\" srcset=\"http:\/\/traba.org\/trabablog\/wp-content\/uploads\/2023\/07\/PXL_20230724_184300715.MP_-768x1024.jpg 768w, http:\/\/traba.org\/trabablog\/wp-content\/uploads\/2023\/07\/PXL_20230724_184300715.MP_-225x300.jpg 225w, http:\/\/traba.org\/trabablog\/wp-content\/uploads\/2023\/07\/PXL_20230724_184300715.MP_-1152x1536.jpg 1152w, http:\/\/traba.org\/trabablog\/wp-content\/uploads\/2023\/07\/PXL_20230724_184300715.MP_-1536x2048.jpg 1536w, http:\/\/traba.org\/trabablog\/wp-content\/uploads\/2023\/07\/PXL_20230724_184300715.MP_.jpg 1920w\" sizes=\"auto, (max-width: 768px) 100vw, 768px\" \/><\/a><\/figure>\n\n\n\n<figure class=\"wp-block-image size-full\"><a href=\"http:\/\/www.traba.org\/trabablog\/wp-content\/uploads\/2023\/07\/PXL_20230724_184322093.jpg\"><img loading=\"lazy\" decoding=\"async\" width=\"2560\" height=\"1920\" src=\"http:\/\/www.traba.org\/trabablog\/wp-content\/uploads\/2023\/07\/PXL_20230724_184322093.jpg\" alt=\"\" class=\"wp-image-20915\"\/><\/a><\/figure>\n\n\n\n<figure class=\"wp-block-image size-full\"><a href=\"http:\/\/www.traba.org\/trabablog\/wp-content\/uploads\/2023\/07\/PXL_20230724_184727245.jpg\"><img decoding=\"async\" src=\"http:\/\/www.traba.org\/trabablog\/wp-content\/uploads\/2023\/07\/PXL_20230724_184727245.jpg\" alt=\"\" class=\"wp-image-20917\"\/><\/a><\/figure>\n\n\n\n<p>I com que ens feia mandra fer el sopar, hem buscat a google i ens ha sortit Retro Math\u00fas i all\u00e0 que hem anat. Hem sopat prou b\u00e9, el Bruno ha pogut menjar la seva chicken burguer i no s\u00e9 quina potinga que s&#8217;ha agafat.<\/p>\n\n\n\n<figure class=\"wp-block-video\"><video height=\"1080\" style=\"aspect-ratio: 1920 \/ 1080;\" width=\"1920\" controls src=\"http:\/\/www.traba.org\/trabablog\/wp-content\/uploads\/2023\/07\/PXL_20230724_195329538.TS_.mp4\"><\/video><\/figure>\n\n\n\n<p>I de postres, 3 pastissos de xocolata.<\/p>\n\n\n\n<figure class=\"wp-block-image size-large\"><a href=\"http:\/\/www.traba.org\/trabablog\/wp-content\/uploads\/2023\/07\/PXL_20230724_195525477.jpg\"><img loading=\"lazy\" decoding=\"async\" width=\"768\" height=\"1024\" src=\"http:\/\/www.traba.org\/trabablog\/wp-content\/uploads\/2023\/07\/PXL_20230724_195525477-768x1024.jpg\" alt=\"\" class=\"wp-image-20919\" srcset=\"http:\/\/traba.org\/trabablog\/wp-content\/uploads\/2023\/07\/PXL_20230724_195525477-768x1024.jpg 768w, http:\/\/traba.org\/trabablog\/wp-content\/uploads\/2023\/07\/PXL_20230724_195525477-225x300.jpg 225w, http:\/\/traba.org\/trabablog\/wp-content\/uploads\/2023\/07\/PXL_20230724_195525477-1152x1536.jpg 1152w, http:\/\/traba.org\/trabablog\/wp-content\/uploads\/2023\/07\/PXL_20230724_195525477-1536x2048.jpg 1536w, http:\/\/traba.org\/trabablog\/wp-content\/uploads\/2023\/07\/PXL_20230724_195525477.jpg 1920w\" sizes=\"auto, (max-width: 768px) 100vw, 768px\" \/><\/a><\/figure>\n\n\n\n<p>Que no n&#8217;ha quedat ni una engruna. Chocolate party que ha dit el cambrer, ben amables.<\/p>\n\n\n\n<figure class=\"wp-block-image size-large\"><a href=\"http:\/\/www.traba.org\/trabablog\/wp-content\/uploads\/2023\/07\/PXL_20230724_200154288.jpg\"><img loading=\"lazy\" decoding=\"async\" width=\"768\" height=\"1024\" src=\"http:\/\/www.traba.org\/trabablog\/wp-content\/uploads\/2023\/07\/PXL_20230724_200154288-768x1024.jpg\" alt=\"\" class=\"wp-image-20920\" srcset=\"http:\/\/traba.org\/trabablog\/wp-content\/uploads\/2023\/07\/PXL_20230724_200154288-768x1024.jpg 768w, http:\/\/traba.org\/trabablog\/wp-content\/uploads\/2023\/07\/PXL_20230724_200154288-225x300.jpg 225w, http:\/\/traba.org\/trabablog\/wp-content\/uploads\/2023\/07\/PXL_20230724_200154288-1152x1536.jpg 1152w, http:\/\/traba.org\/trabablog\/wp-content\/uploads\/2023\/07\/PXL_20230724_200154288-1536x2048.jpg 1536w, http:\/\/traba.org\/trabablog\/wp-content\/uploads\/2023\/07\/PXL_20230724_200154288.jpg 1920w\" sizes=\"auto, (max-width: 768px) 100vw, 768px\" \/><\/a><\/figure>\n\n\n\n<p>I per fer-ho baixar, una passejada per la platja.<\/p>\n\n\n\n<figure class=\"wp-block-image size-large\"><a href=\"http:\/\/www.traba.org\/trabablog\/wp-content\/uploads\/2023\/07\/IMG_6588-scaled.jpg\"><img loading=\"lazy\" decoding=\"async\" width=\"1024\" height=\"768\" src=\"http:\/\/www.traba.org\/trabablog\/wp-content\/uploads\/2023\/07\/IMG_6588-1024x768.jpg\" alt=\"\" class=\"wp-image-20900\" srcset=\"http:\/\/traba.org\/trabablog\/wp-content\/uploads\/2023\/07\/IMG_6588-1024x768.jpg 1024w, http:\/\/traba.org\/trabablog\/wp-content\/uploads\/2023\/07\/IMG_6588-300x225.jpg 300w, http:\/\/traba.org\/trabablog\/wp-content\/uploads\/2023\/07\/IMG_6588-768x576.jpg 768w, http:\/\/traba.org\/trabablog\/wp-content\/uploads\/2023\/07\/IMG_6588-1536x1152.jpg 1536w, http:\/\/traba.org\/trabablog\/wp-content\/uploads\/2023\/07\/IMG_6588-2048x1536.jpg 2048w\" sizes=\"auto, (max-width: 1024px) 100vw, 1024px\" \/><\/a><\/figure>\n\n\n\n<figure class=\"wp-block-image size-full\"><a href=\"http:\/\/www.traba.org\/trabablog\/wp-content\/uploads\/2023\/07\/PXL_20230724_201049086.jpg\"><img loading=\"lazy\" decoding=\"async\" width=\"2560\" height=\"1920\" src=\"http:\/\/www.traba.org\/trabablog\/wp-content\/uploads\/2023\/07\/PXL_20230724_201049086.jpg\" alt=\"\" class=\"wp-image-20921\"\/><\/a><\/figure>\n\n\n\n<figure class=\"wp-block-video\"><video height=\"720\" style=\"aspect-ratio: 1280 \/ 720;\" width=\"1280\" controls src=\"http:\/\/www.traba.org\/trabablog\/wp-content\/uploads\/2023\/07\/IMG_6589.mov\"><\/video><\/figure>\n\n\n\n<p>I meduses \u00bf\u00e0rtiques?<\/p>\n\n\n\n<figure class=\"wp-block-image size-full\"><a href=\"http:\/\/www.traba.org\/trabablog\/wp-content\/uploads\/2023\/07\/PXL_20230724_201812333.jpg\"><img loading=\"lazy\" decoding=\"async\" width=\"2560\" height=\"1920\" src=\"http:\/\/www.traba.org\/trabablog\/wp-content\/uploads\/2023\/07\/PXL_20230724_201812333.jpg\" alt=\"\" class=\"wp-image-20922\"\/><\/a><\/figure>\n\n\n\n<p>Vistes, est\u00e0 b\u00e9 aquest poble i hi ha poca gent.<\/p>\n\n\n\n<figure class=\"wp-block-gallery has-nested-images columns-default is-cropped wp-block-gallery-1 is-layout-flex wp-block-gallery-is-layout-flex\">\n<figure class=\"wp-block-image size-large\"><a href=\"http:\/\/www.traba.org\/trabablog\/wp-content\/uploads\/2023\/07\/PXL_20230724_202715811.jpg\"><img loading=\"lazy\" decoding=\"async\" width=\"1024\" height=\"768\" data-id=\"20925\" src=\"http:\/\/www.traba.org\/trabablog\/wp-content\/uploads\/2023\/07\/PXL_20230724_202715811-1024x768.jpg\" alt=\"\" class=\"wp-image-20925\" srcset=\"http:\/\/traba.org\/trabablog\/wp-content\/uploads\/2023\/07\/PXL_20230724_202715811-1024x768.jpg 1024w, http:\/\/traba.org\/trabablog\/wp-content\/uploads\/2023\/07\/PXL_20230724_202715811-300x225.jpg 300w, http:\/\/traba.org\/trabablog\/wp-content\/uploads\/2023\/07\/PXL_20230724_202715811-768x576.jpg 768w, http:\/\/traba.org\/trabablog\/wp-content\/uploads\/2023\/07\/PXL_20230724_202715811-1536x1152.jpg 1536w, http:\/\/traba.org\/trabablog\/wp-content\/uploads\/2023\/07\/PXL_20230724_202715811-2048x1536.jpg 2048w\" sizes=\"auto, (max-width: 1024px) 100vw, 1024px\" \/><\/a><\/figure>\n\n\n\n<figure class=\"wp-block-image size-large\"><a href=\"http:\/\/www.traba.org\/trabablog\/wp-content\/uploads\/2023\/07\/PXL_20230724_201933790.jpg\"><img loading=\"lazy\" decoding=\"async\" width=\"2560\" height=\"1920\" data-id=\"20923\" src=\"http:\/\/www.traba.org\/trabablog\/wp-content\/uploads\/2023\/07\/PXL_20230724_201933790.jpg\" alt=\"\" class=\"wp-image-20923\"\/><\/a><\/figure>\n\n\n\n<figure class=\"wp-block-image size-large\"><a href=\"http:\/\/www.traba.org\/trabablog\/wp-content\/uploads\/2023\/07\/PXL_20230724_201955766.jpg\"><img loading=\"lazy\" decoding=\"async\" width=\"2560\" height=\"1920\" data-id=\"20924\" src=\"http:\/\/www.traba.org\/trabablog\/wp-content\/uploads\/2023\/07\/PXL_20230724_201955766.jpg\" alt=\"\" class=\"wp-image-20924\"\/><\/a><\/figure>\n<\/figure>\n\n\n\n<p>I ja arribant a la granja.<\/p>\n\n\n\n<figure class=\"wp-block-video\"><video height=\"1080\" style=\"aspect-ratio: 1920 \/ 1080;\" width=\"1920\" controls src=\"http:\/\/www.traba.org\/trabablog\/wp-content\/uploads\/2023\/07\/PXL_20230724_210849866.TS_.mp4\"><\/video><\/figure>\n","protected":false},"excerpt":{"rendered":"<p>la granja on estem, Steinn es diu.&nbsp; Col\u00b7leccionen una mica de tot, especialment tipus de vehicles. Com una ambul\u00e0ncia. Oun cotxe de bombers. I a les 12 del migdia aconseguim&#8230;<\/p>\n","protected":false},"author":5,"featured_media":20899,"comment_status":"open","ping_status":"open","sticky":false,"template":"","format":"standard","meta":{"_monsterinsights_skip_tracking":false,"_monsterinsights_sitenote_active":false,"_monsterinsights_sitenote_note":"","_monsterinsights_sitenote_category":0,"footnotes":""},"categories":[182],"tags":[],"class_list":["post-20893","post","type-post","status-publish","format-standard","has-post-thumbnail","hentry","category-icefire23"],"_links":{"self":[{"href":"http:\/\/traba.org\/trabablog\/index.php?rest_route=\/wp\/v2\/posts\/20893","targetHints":{"allow":["GET"]}}],"collection":[{"href":"http:\/\/traba.org\/trabablog\/index.php?rest_route=\/wp\/v2\/posts"}],"about":[{"href":"http:\/\/traba.org\/trabablog\/index.php?rest_route=\/wp\/v2\/types\/post"}],"author":[{"embeddable":true,"href":"http:\/\/traba.org\/trabablog\/index.php?rest_route=\/wp\/v2\/users\/5"}],"replies":[{"embeddable":true,"href":"http:\/\/traba.org\/trabablog\/index.php?rest_route=%2Fwp%2Fv2%2Fcomments&post=20893"}],"version-history":[{"count":5,"href":"http:\/\/traba.org\/trabablog\/index.php?rest_route=\/wp\/v2\/posts\/20893\/revisions"}],"predecessor-version":[{"id":20932,"href":"http:\/\/traba.org\/trabablog\/index.php?rest_route=\/wp\/v2\/posts\/20893\/revisions\/20932"}],"wp:featuredmedia":[{"embeddable":true,"href":"http:\/\/traba.org\/trabablog\/index.php?rest_route=\/wp\/v2\/media\/20899"}],"wp:attachment":[{"href":"http:\/\/traba.org\/trabablog\/index.php?rest_route=%2Fwp%2Fv2%2Fmedia&parent=20893"}],"wp:term":[{"taxonomy":"category","embeddable":true,"href":"http:\/\/traba.org\/trabablog\/index.php?rest_route=%2Fwp%2Fv2%2Fcategories&post=20893"},{"taxonomy":"post_tag","embeddable":true,"href":"http:\/\/traba.org\/trabablog\/index.php?rest_route=%2Fwp%2Fv2%2Ftags&post=20893"}],"curies":[{"name":"wp","href":"https:\/\/api.w.org\/{rel}","templated":true}]}}