{"id":21075,"date":"2023-08-03T22:50:13","date_gmt":"2023-08-03T20:50:13","guid":{"rendered":"http:\/\/www.traba.org\/trabablog\/?p=21075"},"modified":"2023-08-04T10:59:52","modified_gmt":"2023-08-04T08:59:52","slug":"reino-catarata","status":"publish","type":"post","link":"http:\/\/traba.org\/trabablog\/?p=21075","title":{"rendered":"reino catarata"},"content":{"rendered":"\n<p>Dilluns 31 va ser dia de trasllat f\u00edsic i mental, des del nord amb casa i cotxe cap al sud en caravana. Per tot el que podia passar, va sortir prou b\u00e9.<\/p>\n\n\n\n<p>Just despr\u00e9s d&#8217;agafar la caravana, camps de lava a la pen\u00ednsjla de Keflavik.<\/p>\n\n\n\n<figure class=\"wp-block-image size-large\"><a href=\"http:\/\/www.traba.org\/trabablog\/wp-content\/uploads\/2023\/08\/image.png\"><img loading=\"lazy\" decoding=\"async\" width=\"1024\" height=\"768\" src=\"http:\/\/www.traba.org\/trabablog\/wp-content\/uploads\/2023\/08\/image-1024x768.png\" alt=\"\" class=\"wp-image-21076\" srcset=\"http:\/\/traba.org\/trabablog\/wp-content\/uploads\/2023\/08\/image-1024x768.png 1024w, http:\/\/traba.org\/trabablog\/wp-content\/uploads\/2023\/08\/image-300x225.png 300w, http:\/\/traba.org\/trabablog\/wp-content\/uploads\/2023\/08\/image-768x576.png 768w, http:\/\/traba.org\/trabablog\/wp-content\/uploads\/2023\/08\/image-1536x1152.png 1536w, http:\/\/traba.org\/trabablog\/wp-content\/uploads\/2023\/08\/image-2048x1536.png 2048w\" sizes=\"auto, (max-width: 1024px) 100vw, 1024px\" \/><\/a><\/figure>\n\n\n\n<p>Vam dormir al camping de Grindavik (apretadets), prop d&#8217;on vam recollir la caravana i on l&#8217;endem\u00e0 vam haver de tornar perqu\u00e8 ens arreglessin la nevera. I despr\u00e9s, cap al reino catarata! Primera parada: Seljalandsfoss. Baixant de la caravana amb estil.<\/p>\n\n\n\n<figure class=\"wp-block-image size-large\"><a href=\"http:\/\/www.traba.org\/trabablog\/wp-content\/uploads\/2023\/08\/image-1.png\"><img loading=\"lazy\" decoding=\"async\" width=\"1024\" height=\"768\" src=\"http:\/\/www.traba.org\/trabablog\/wp-content\/uploads\/2023\/08\/image-1-1024x768.png\" alt=\"\" class=\"wp-image-21077\" srcset=\"http:\/\/traba.org\/trabablog\/wp-content\/uploads\/2023\/08\/image-1-1024x768.png 1024w, http:\/\/traba.org\/trabablog\/wp-content\/uploads\/2023\/08\/image-1-300x225.png 300w, http:\/\/traba.org\/trabablog\/wp-content\/uploads\/2023\/08\/image-1-768x576.png 768w, http:\/\/traba.org\/trabablog\/wp-content\/uploads\/2023\/08\/image-1-1536x1152.png 1536w, http:\/\/traba.org\/trabablog\/wp-content\/uploads\/2023\/08\/image-1-2048x1536.png 2048w\" sizes=\"auto, (max-width: 1024px) 100vw, 1024px\" \/><\/a><\/figure>\n\n\n\n<p>Hi havia una gentada de por aix\u00ed que vam anar a la catarata (suposadament) secund\u00e0ria, <strong>Glj\u00fafrab\u00fai<\/strong>, que va resultar ser millor que la prim\u00e0ria. Est\u00e0 dins d&#8217;un can\u00f3 molt estret al que has d&#8217;entrar per la vora del riu per sobre de pedres. Al sortir van aplaudir al F\u00e8lix i tot.<\/p>\n\n\n\n<figure class=\"wp-block-image size-large\"><a href=\"http:\/\/www.traba.org\/trabablog\/wp-content\/uploads\/2023\/08\/image-2.png\"><img loading=\"lazy\" decoding=\"async\" width=\"768\" height=\"1024\" src=\"http:\/\/www.traba.org\/trabablog\/wp-content\/uploads\/2023\/08\/image-2-768x1024.png\" alt=\"\" class=\"wp-image-21078\" srcset=\"http:\/\/traba.org\/trabablog\/wp-content\/uploads\/2023\/08\/image-2-768x1024.png 768w, http:\/\/traba.org\/trabablog\/wp-content\/uploads\/2023\/08\/image-2-225x300.png 225w, http:\/\/traba.org\/trabablog\/wp-content\/uploads\/2023\/08\/image-2-1152x1536.png 1152w, http:\/\/traba.org\/trabablog\/wp-content\/uploads\/2023\/08\/image-2.png 1362w\" sizes=\"auto, (max-width: 768px) 100vw, 768px\" \/><\/a><\/figure>\n\n\n\n<figure class=\"wp-block-image size-large\"><a href=\"http:\/\/www.traba.org\/trabablog\/wp-content\/uploads\/2023\/08\/image-3.png\"><img loading=\"lazy\" decoding=\"async\" width=\"768\" height=\"1024\" src=\"http:\/\/www.traba.org\/trabablog\/wp-content\/uploads\/2023\/08\/image-3-768x1024.png\" alt=\"\" class=\"wp-image-21079\" srcset=\"http:\/\/traba.org\/trabablog\/wp-content\/uploads\/2023\/08\/image-3-768x1024.png 768w, http:\/\/traba.org\/trabablog\/wp-content\/uploads\/2023\/08\/image-3-225x300.png 225w, http:\/\/traba.org\/trabablog\/wp-content\/uploads\/2023\/08\/image-3-1152x1536.png 1152w, http:\/\/traba.org\/trabablog\/wp-content\/uploads\/2023\/08\/image-3.png 1362w\" sizes=\"auto, (max-width: 768px) 100vw, 768px\" \/><\/a><\/figure>\n\n\n\n<figure class=\"wp-block-image size-large\"><a href=\"http:\/\/www.traba.org\/trabablog\/wp-content\/uploads\/2023\/08\/image-4.png\"><img loading=\"lazy\" decoding=\"async\" width=\"768\" height=\"1024\" src=\"http:\/\/www.traba.org\/trabablog\/wp-content\/uploads\/2023\/08\/image-4-768x1024.png\" alt=\"\" class=\"wp-image-21080\" srcset=\"http:\/\/traba.org\/trabablog\/wp-content\/uploads\/2023\/08\/image-4-768x1024.png 768w, http:\/\/traba.org\/trabablog\/wp-content\/uploads\/2023\/08\/image-4-225x300.png 225w, http:\/\/traba.org\/trabablog\/wp-content\/uploads\/2023\/08\/image-4-1152x1536.png 1152w, http:\/\/traba.org\/trabablog\/wp-content\/uploads\/2023\/08\/image-4.png 1362w\" sizes=\"auto, (max-width: 768px) 100vw, 768px\" \/><\/a><\/figure>\n\n\n\n<figure class=\"wp-block-image size-large\"><a href=\"http:\/\/www.traba.org\/trabablog\/wp-content\/uploads\/2023\/08\/image-5.png\"><img loading=\"lazy\" decoding=\"async\" width=\"768\" height=\"1024\" src=\"http:\/\/www.traba.org\/trabablog\/wp-content\/uploads\/2023\/08\/image-5-768x1024.png\" alt=\"\" class=\"wp-image-21081\" srcset=\"http:\/\/traba.org\/trabablog\/wp-content\/uploads\/2023\/08\/image-5-768x1024.png 768w, http:\/\/traba.org\/trabablog\/wp-content\/uploads\/2023\/08\/image-5-225x300.png 225w, http:\/\/traba.org\/trabablog\/wp-content\/uploads\/2023\/08\/image-5-1152x1536.png 1152w, http:\/\/traba.org\/trabablog\/wp-content\/uploads\/2023\/08\/image-5.png 1362w\" sizes=\"auto, (max-width: 768px) 100vw, 768px\" \/><\/a><\/figure>\n\n\n\n<p>I despr\u00e9s, quan van haver marxat tots els autocars, vam poder visitar <strong>Seljalandsfoss<\/strong>, molt m\u00e9s oberta i que t\u00e9 la gr\u00e0cia que hi pots donar la volta.<\/p>\n\n\n\n<figure class=\"wp-block-image size-large\"><a href=\"http:\/\/www.traba.org\/trabablog\/wp-content\/uploads\/2023\/08\/image-6.png\"><img loading=\"lazy\" decoding=\"async\" width=\"768\" height=\"1024\" src=\"http:\/\/www.traba.org\/trabablog\/wp-content\/uploads\/2023\/08\/image-6-768x1024.png\" alt=\"\" class=\"wp-image-21082\" srcset=\"http:\/\/traba.org\/trabablog\/wp-content\/uploads\/2023\/08\/image-6-768x1024.png 768w, http:\/\/traba.org\/trabablog\/wp-content\/uploads\/2023\/08\/image-6-225x300.png 225w, http:\/\/traba.org\/trabablog\/wp-content\/uploads\/2023\/08\/image-6-1152x1536.png 1152w, http:\/\/traba.org\/trabablog\/wp-content\/uploads\/2023\/08\/image-6.png 1362w\" sizes=\"auto, (max-width: 768px) 100vw, 768px\" \/><\/a><\/figure>\n\n\n\n<figure class=\"wp-block-image size-large\"><a href=\"http:\/\/www.traba.org\/trabablog\/wp-content\/uploads\/2023\/08\/image-7.png\"><img loading=\"lazy\" decoding=\"async\" width=\"768\" height=\"1024\" src=\"http:\/\/www.traba.org\/trabablog\/wp-content\/uploads\/2023\/08\/image-7-768x1024.png\" alt=\"\" class=\"wp-image-21083\" srcset=\"http:\/\/traba.org\/trabablog\/wp-content\/uploads\/2023\/08\/image-7-768x1024.png 768w, http:\/\/traba.org\/trabablog\/wp-content\/uploads\/2023\/08\/image-7-225x300.png 225w, http:\/\/traba.org\/trabablog\/wp-content\/uploads\/2023\/08\/image-7-1152x1536.png 1152w, http:\/\/traba.org\/trabablog\/wp-content\/uploads\/2023\/08\/image-7.png 1362w\" sizes=\"auto, (max-width: 768px) 100vw, 768px\" \/><\/a><\/figure>\n\n\n\n<figure class=\"wp-block-video\"><video height=\"1080\" style=\"aspect-ratio: 1920 \/ 1080;\" width=\"1920\" controls src=\"http:\/\/www.traba.org\/trabablog\/wp-content\/uploads\/2023\/08\/GX010543.mp4\"><\/video><\/figure>\n\n\n\n<p>Uns quilometres m\u00e9s enll\u00e0 la segona i \u00faltima parada: <strong>Sk\u00f3gafoss<\/strong>. Aqu\u00ed l&#8217;aparcament es converteix en camping a la nit, hi vam dormir la mar de b\u00e9. La t\u00edpica visita a la cascada abans d&#8217;anar a dormir i sense ning\u00fa (no volgueu saber la gentada que hi ha de dia).<\/p>\n\n\n\n<figure class=\"wp-block-image size-full\"><a href=\"http:\/\/www.traba.org\/trabablog\/wp-content\/uploads\/2023\/08\/image-8.png\"><img loading=\"lazy\" decoding=\"async\" width=\"1022\" height=\"1816\" src=\"http:\/\/www.traba.org\/trabablog\/wp-content\/uploads\/2023\/08\/image-8.png\" alt=\"\" class=\"wp-image-21084\"\/><\/a><\/figure>\n\n\n\n<p>I pujar unes 451-468 escales. La mesura va ser variable entre observadors.<\/p>\n\n\n\n<figure class=\"wp-block-video\"><video height=\"1080\" style=\"aspect-ratio: 1920 \/ 1080;\" width=\"1920\" controls src=\"http:\/\/www.traba.org\/trabablog\/wp-content\/uploads\/2023\/08\/GX010569.mp4\"><\/video><\/figure>\n\n\n\n<figure class=\"wp-block-image size-large\"><a href=\"http:\/\/www.traba.org\/trabablog\/wp-content\/uploads\/2023\/08\/image-9.png\"><img loading=\"lazy\" decoding=\"async\" width=\"768\" height=\"1024\" src=\"http:\/\/www.traba.org\/trabablog\/wp-content\/uploads\/2023\/08\/image-9-768x1024.png\" alt=\"\" class=\"wp-image-21085\" srcset=\"http:\/\/traba.org\/trabablog\/wp-content\/uploads\/2023\/08\/image-9-768x1024.png 768w, http:\/\/traba.org\/trabablog\/wp-content\/uploads\/2023\/08\/image-9-225x300.png 225w, http:\/\/traba.org\/trabablog\/wp-content\/uploads\/2023\/08\/image-9-1152x1536.png 1152w, http:\/\/traba.org\/trabablog\/wp-content\/uploads\/2023\/08\/image-9.png 1362w\" sizes=\"auto, (max-width: 768px) 100vw, 768px\" \/><\/a><\/figure>\n\n\n\n<p>Fins el mirador.<\/p>\n\n\n\n<figure class=\"wp-block-image size-full\"><a href=\"http:\/\/www.traba.org\/trabablog\/wp-content\/uploads\/2023\/08\/image-10.png\"><img loading=\"lazy\" decoding=\"async\" width=\"1362\" height=\"1816\" src=\"http:\/\/www.traba.org\/trabablog\/wp-content\/uploads\/2023\/08\/image-10.png\" alt=\"\" class=\"wp-image-21086\"\/><\/a><\/figure>\n\n\n\n<figure class=\"wp-block-video\"><video height=\"1080\" style=\"aspect-ratio: 1920 \/ 1080;\" width=\"1920\" controls src=\"http:\/\/www.traba.org\/trabablog\/wp-content\/uploads\/2023\/08\/GX010575.mp4\"><\/video><\/figure>\n\n\n\n<p>Esmorzant dimecres al costat del riu amb temps primaveral.<\/p>\n\n\n\n<figure class=\"wp-block-image size-full\"><a href=\"http:\/\/www.traba.org\/trabablog\/wp-content\/uploads\/2023\/08\/image-12.png\"><img loading=\"lazy\" decoding=\"async\" width=\"2422\" height=\"1816\" src=\"http:\/\/www.traba.org\/trabablog\/wp-content\/uploads\/2023\/08\/image-12.png\" alt=\"\" class=\"wp-image-21088\"\/><\/a><\/figure>\n\n\n\n<p>I despr\u00e9s excursi\u00f3 a peu cap a <strong>Kvernufoss<\/strong> (per si comenceu a veure un patr\u00f3, -foss vol dia catarata).<\/p>\n\n\n\n<figure class=\"wp-block-image size-large\"><a href=\"http:\/\/www.traba.org\/trabablog\/wp-content\/uploads\/2023\/08\/image-11.png\"><img loading=\"lazy\" decoding=\"async\" width=\"1024\" height=\"768\" src=\"http:\/\/www.traba.org\/trabablog\/wp-content\/uploads\/2023\/08\/image-11-1024x768.png\" alt=\"\" class=\"wp-image-21089\" srcset=\"http:\/\/traba.org\/trabablog\/wp-content\/uploads\/2023\/08\/image-11-1024x768.png 1024w, http:\/\/traba.org\/trabablog\/wp-content\/uploads\/2023\/08\/image-11-300x225.png 300w, http:\/\/traba.org\/trabablog\/wp-content\/uploads\/2023\/08\/image-11-768x576.png 768w, http:\/\/traba.org\/trabablog\/wp-content\/uploads\/2023\/08\/image-11-1536x1152.png 1536w, http:\/\/traba.org\/trabablog\/wp-content\/uploads\/2023\/08\/image-11-2048x1536.png 2048w\" sizes=\"auto, (max-width: 1024px) 100vw, 1024px\" \/><\/a><\/figure>\n\n\n\n<figure class=\"wp-block-image size-large\"><a href=\"http:\/\/www.traba.org\/trabablog\/wp-content\/uploads\/2023\/08\/image-13.png\"><img loading=\"lazy\" decoding=\"async\" width=\"1024\" height=\"768\" src=\"http:\/\/www.traba.org\/trabablog\/wp-content\/uploads\/2023\/08\/image-13-1024x768.png\" alt=\"\" class=\"wp-image-21090\" srcset=\"http:\/\/traba.org\/trabablog\/wp-content\/uploads\/2023\/08\/image-13-1024x768.png 1024w, http:\/\/traba.org\/trabablog\/wp-content\/uploads\/2023\/08\/image-13-300x225.png 300w, http:\/\/traba.org\/trabablog\/wp-content\/uploads\/2023\/08\/image-13-768x576.png 768w, http:\/\/traba.org\/trabablog\/wp-content\/uploads\/2023\/08\/image-13-1536x1152.png 1536w, http:\/\/traba.org\/trabablog\/wp-content\/uploads\/2023\/08\/image-13-2048x1536.png 2048w\" sizes=\"auto, (max-width: 1024px) 100vw, 1024px\" \/><\/a><\/figure>\n\n\n\n<figure class=\"wp-block-image size-full\"><a href=\"http:\/\/www.traba.org\/trabablog\/wp-content\/uploads\/2023\/08\/image-14.png\"><img loading=\"lazy\" decoding=\"async\" width=\"2422\" height=\"1816\" src=\"http:\/\/www.traba.org\/trabablog\/wp-content\/uploads\/2023\/08\/image-14.png\" alt=\"\" class=\"wp-image-21091\"\/><\/a><\/figure>\n\n\n\n<figure class=\"wp-block-image size-full\"><a href=\"http:\/\/www.traba.org\/trabablog\/wp-content\/uploads\/2023\/08\/image-15.png\"><img loading=\"lazy\" decoding=\"async\" width=\"1362\" height=\"1816\" src=\"http:\/\/www.traba.org\/trabablog\/wp-content\/uploads\/2023\/08\/image-15.png\" alt=\"\" class=\"wp-image-21092\"\/><\/a><\/figure>\n\n\n\n<p>Aquesta era espectacular i no hi havia ni una \u00e0nima. Bentornats a la Isl\u00e0ndia de 2011, simplement s&#8217;ha d&#8217;anar a la segona corona. Tamb\u00e9 s&#8217;hi pot anar darrera.<\/p>\n\n\n\n<figure class=\"wp-block-image size-large\"><a href=\"http:\/\/www.traba.org\/trabablog\/wp-content\/uploads\/2023\/08\/image-16.png\"><img loading=\"lazy\" decoding=\"async\" width=\"768\" height=\"1024\" src=\"http:\/\/www.traba.org\/trabablog\/wp-content\/uploads\/2023\/08\/image-16-768x1024.png\" alt=\"\" class=\"wp-image-21093\" srcset=\"http:\/\/traba.org\/trabablog\/wp-content\/uploads\/2023\/08\/image-16-768x1024.png 768w, http:\/\/traba.org\/trabablog\/wp-content\/uploads\/2023\/08\/image-16-225x300.png 225w, http:\/\/traba.org\/trabablog\/wp-content\/uploads\/2023\/08\/image-16-1152x1536.png 1152w, http:\/\/traba.org\/trabablog\/wp-content\/uploads\/2023\/08\/image-16.png 1362w\" sizes=\"auto, (max-width: 768px) 100vw, 768px\" \/><\/a><\/figure>\n\n\n\n<figure class=\"wp-block-image size-large\"><a href=\"http:\/\/www.traba.org\/trabablog\/wp-content\/uploads\/2023\/08\/image-17.png\"><img loading=\"lazy\" decoding=\"async\" width=\"768\" height=\"1024\" src=\"http:\/\/www.traba.org\/trabablog\/wp-content\/uploads\/2023\/08\/image-17-768x1024.png\" alt=\"\" class=\"wp-image-21094\" srcset=\"http:\/\/traba.org\/trabablog\/wp-content\/uploads\/2023\/08\/image-17-768x1024.png 768w, http:\/\/traba.org\/trabablog\/wp-content\/uploads\/2023\/08\/image-17-225x300.png 225w, http:\/\/traba.org\/trabablog\/wp-content\/uploads\/2023\/08\/image-17-1152x1536.png 1152w, http:\/\/traba.org\/trabablog\/wp-content\/uploads\/2023\/08\/image-17.png 1362w\" sizes=\"auto, (max-width: 768px) 100vw, 768px\" \/><\/a><\/figure>\n\n\n\n<figure class=\"wp-block-image size-full\"><a href=\"http:\/\/www.traba.org\/trabablog\/wp-content\/uploads\/2023\/08\/image-18.png\"><img loading=\"lazy\" decoding=\"async\" width=\"2422\" height=\"1816\" src=\"http:\/\/www.traba.org\/trabablog\/wp-content\/uploads\/2023\/08\/image-18.png\" alt=\"\" class=\"wp-image-21095\"\/><\/a><\/figure>\n\n\n\n<p>Vam descobrir per qu\u00e8 servien aquestes escales: marquen el lloc per on creuar les valles dels camps.<\/p>\n\n\n\n<figure class=\"wp-block-image size-large\"><a href=\"http:\/\/www.traba.org\/trabablog\/wp-content\/uploads\/2023\/08\/image-19.png\"><img loading=\"lazy\" decoding=\"async\" width=\"768\" height=\"1024\" src=\"http:\/\/www.traba.org\/trabablog\/wp-content\/uploads\/2023\/08\/image-19-768x1024.png\" alt=\"\" class=\"wp-image-21096\" srcset=\"http:\/\/traba.org\/trabablog\/wp-content\/uploads\/2023\/08\/image-19-768x1024.png 768w, http:\/\/traba.org\/trabablog\/wp-content\/uploads\/2023\/08\/image-19-225x300.png 225w, http:\/\/traba.org\/trabablog\/wp-content\/uploads\/2023\/08\/image-19-1152x1536.png 1152w, http:\/\/traba.org\/trabablog\/wp-content\/uploads\/2023\/08\/image-19.png 1362w\" sizes=\"auto, (max-width: 768px) 100vw, 768px\" \/><\/a><\/figure>\n\n\n\n<p>Dinar al costat del riu abans de deixar el reino catarata. Aqu\u00ed dos corbs gegants que es volien menjar les nostres cadires!<\/p>\n\n\n\n<figure class=\"wp-block-image size-full\"><a href=\"http:\/\/www.traba.org\/trabablog\/wp-content\/uploads\/2023\/08\/image-20.png\"><img loading=\"lazy\" decoding=\"async\" width=\"2422\" height=\"1816\" src=\"http:\/\/www.traba.org\/trabablog\/wp-content\/uploads\/2023\/08\/image-20.png\" alt=\"\" class=\"wp-image-21097\"\/><\/a><\/figure>\n","protected":false},"excerpt":{"rendered":"<p>Dilluns 31 va ser dia de trasllat f\u00edsic i mental, des del nord amb casa i cotxe cap al sud en caravana. Per tot el que podia passar, va sortir&#8230;<\/p>\n","protected":false},"author":5,"featured_media":21091,"comment_status":"open","ping_status":"open","sticky":false,"template":"","format":"standard","meta":{"_monsterinsights_skip_tracking":false,"_monsterinsights_sitenote_active":false,"_monsterinsights_sitenote_note":"","_monsterinsights_sitenote_category":0,"footnotes":""},"categories":[182],"tags":[],"class_list":["post-21075","post","type-post","status-publish","format-standard","has-post-thumbnail","hentry","category-icefire23"],"_links":{"self":[{"href":"http:\/\/traba.org\/trabablog\/index.php?rest_route=\/wp\/v2\/posts\/21075","targetHints":{"allow":["GET"]}}],"collection":[{"href":"http:\/\/traba.org\/trabablog\/index.php?rest_route=\/wp\/v2\/posts"}],"about":[{"href":"http:\/\/traba.org\/trabablog\/index.php?rest_route=\/wp\/v2\/types\/post"}],"author":[{"embeddable":true,"href":"http:\/\/traba.org\/trabablog\/index.php?rest_route=\/wp\/v2\/users\/5"}],"replies":[{"embeddable":true,"href":"http:\/\/traba.org\/trabablog\/index.php?rest_route=%2Fwp%2Fv2%2Fcomments&post=21075"}],"version-history":[{"count":7,"href":"http:\/\/traba.org\/trabablog\/index.php?rest_route=\/wp\/v2\/posts\/21075\/revisions"}],"predecessor-version":[{"id":21109,"href":"http:\/\/traba.org\/trabablog\/index.php?rest_route=\/wp\/v2\/posts\/21075\/revisions\/21109"}],"wp:featuredmedia":[{"embeddable":true,"href":"http:\/\/traba.org\/trabablog\/index.php?rest_route=\/wp\/v2\/media\/21091"}],"wp:attachment":[{"href":"http:\/\/traba.org\/trabablog\/index.php?rest_route=%2Fwp%2Fv2%2Fmedia&parent=21075"}],"wp:term":[{"taxonomy":"category","embeddable":true,"href":"http:\/\/traba.org\/trabablog\/index.php?rest_route=%2Fwp%2Fv2%2Fcategories&post=21075"},{"taxonomy":"post_tag","embeddable":true,"href":"http:\/\/traba.org\/trabablog\/index.php?rest_route=%2Fwp%2Fv2%2Ftags&post=21075"}],"curies":[{"name":"wp","href":"https:\/\/api.w.org\/{rel}","templated":true}]}}